{"id":2886,"date":"2014-04-24T08:00:00","date_gmt":"2014-04-24T08:00:00","guid":{"rendered":"https:\/\/www.ufmg.br\/dti\/cecom\/?p=1026"},"modified":"2014-04-24T08:00:00","modified_gmt":"2014-04-24T08:00:00","slug":"sistematico-edicao-1603-24042014","status":"publish","type":"post","link":"https:\/\/www.ufmg.br\/dti\/2014\/04\/24\/sistematico-edicao-1603-24042014\/","title":{"rendered":"Sistem\u00e1tico: Edi\u00e7\u00e3o 1603 &#8211; 24\/04\/2014"},"content":{"rendered":"<ul>\n<li><a href=\"\/dti\/#noticias\">Not\u00edcias<\/a>\n<div class='submenuSistematico'>\n<ul>\n<li><a href=\"\/dti\/#anoticias1\" id=\"1\"><span class=\"titulo\">DRC      SUBSTITUI ROTEADOR DA UNIDADE ADMINISTRATIVA II<\/span><\/a><\/li>\n<li><a href=\"\/dti\/#anoticias2\" id=\"2\"><span class=\"titulo\">CECOM      RECEBE NOVA CONTROLADORA PARA REDE SEM FIO<\/span><\/a><\/li>\n<li><a href=\"\/dti\/#anoticias2\" id=\"2\"><span class=\"titulo\"><span class=\"titulo\">ANALISTA      DE TI DA DIS PARTICIPAM DE TREINAMENTO ORACLE<\/span><\/span><\/a><\/li>\n<li><a href=\"\/dti\/#anoticias3\" id=\"3\"><span class=\"titulo\">ANALISTA      DE TI DO CECOM PARTICIPA DE REUNI&Atilde;O EM BRAS&Iacute;LIA<\/span><\/a><\/li>\n<\/ul>\n<\/div>\n<\/li>\n<li><a href=\"\/dti\/#informativo\">Informativo<\/a>\n<div class='submenuSistematico'>\n<ul>\n<li><a href=\"\/dti\/#ainformativo2\" id=\"2\"><span class=\"titulo\">ESTAT&Iacute;STICAS      DE ACESSO DO SERVI&Ccedil;O PROXY HTTP<\/span><\/a><\/li>\n<li><a href=\"\/dti\/#ainformativo2\" id=\"2\"><span class=\"titulo\">DICAS      DE SITES INTERESSANTES<\/span><\/a><\/li>\n<li><a href=\"\/dti\/#ainformativo4\" id=\"4\"><span class=\"titulo\">H\u00e1 20 anos&#8230;<\/span><\/a><\/li>\n<\/ul>\n<\/div>\n<\/li>\n<li><a href=\"\/dti\/#eventos\">Eventos<\/a>\n<div class='submenuSistematico'>\n<ul>\n<li><a href=\"\/dti\/#aeventos1\" id=\"1\"><span class=\"titulo\">SOCIAIS<\/span><\/a><\/li>\n<li><a href=\"\/dti\/#aeventos3\" id=\"3\"><span class=\"titulo\">MEM&Oacute;RIA      FOTOGR&Aacute;FICA DO CECOM<\/span><\/a><\/li>\n<\/ul>\n<\/div>\n<\/li>\n<\/ul>\n<ul class='pdfSist'>\n<li><a href=\"https:\/\/www.ufmg.br\/dti\/wp-content\/uploads\/Sistematico_PDF\/Sist09_2014-A4.pdf\"><img loading=\"lazy\" decoding=\"async\" src=\"https:\/\/www.ufmg.br\/dti\/wp-content\/uploads\/Sistematico_PDF\/mini_pdf.gif\" width=\"44\" height=\"53\" border=\"0\"> Vers\u00e3o em PDF<\/a><\/li>\n<\/ul>\n<p> <a name='noticias'><\/a><\/p>\n<h4>Not\u00edcias<\/h4>\n<div class=\"centro-sistematico\">  <!-- noticias --> <a><\/a> <\/p>\n<p>   <\/p>\n<table width=\"556\" border=\"0\" cellpadding=\"0\" cellspacing=\"0\">\n<tr>\n<td width=\"12\" height=\"258\" align=\"LEFT\" valign=\"TOP\"><\/td>\n<td width=\"544\" align=\"LEFT\" valign=\"TOP\">\n<p align=\"justify\"><a name=\"anoticias1\" id=\"1\"><span class=\"titulo\">DRC      SUBSTITUI ROTEADOR DA UNIDADE ADMINISTRATIVA II<\/span><\/a> <\/p>\n<p>     <span class=\"texto\">No dia 14 de abril, a DRC substituiu o rotedor instalado      na Unidade Adminis-trativa II. O equipamento antigo, modelo AT9816-GB,      fabricado pela Allied Telesyn, instalado em 2007, foi trocado por um      modelo Summit X-460, fabricado pela empresa Extreme.<\/p>\n<p>     At&eacute; o final de 2014, toda a infraestrutura de roteamento da rede      UFMG dever&aacute; ser atualizada e os circuitos de dados dos n&oacute;s      centrais da teia de fibras &oacute;ticas ter&aacute; a velocidade migrada      de 1 Gbps para 10 Gbps.<\/p>\n<p>     O roteador instalado na UA2 atende &agrave; Fundep, Fump, Hospital Risoleta      Tolentino Neves, DAST &#8211; Departamento de Aten&ccedil;&atilde;o &agrave;      Sa&uacute;de do Trabalhado, ao Laborat&oacute;rio de Novas M&iacute;dias,      parte da Inova e comiss&otilde;es ligadas &agrave; Administra&ccedil;&atilde;o      Central.<br \/>     <\/span><br \/>     <a href=\"\/dti\/#topo\"><img loading=\"lazy\" decoding=\"async\" src=\"https:\/\/www.ufmg.br\/dti\/wp-content\/uploads\/imgs\/tudo_topo.gif\" width=\"35\" height=\"11\" alt=\"\" border=\"0\" hspace=\"0\" vspace=\"0\" align=\"right\"><br \/>     <\/a><\/p>\n<\/td>\n<\/tr>\n<tr>\n<td height=\"261\" align=\"LEFT\" valign=\"TOP\"><\/td>\n<td align=\"LEFT\" valign=\"TOP\">\n<p><a name=\"anoticias2\" id=\"2\"><span class=\"titulo\">CECOM      RECEBE NOVA CONTROLADORA PARA REDE SEM FIO<\/span><\/a><\/p>\n<p align=\"justify\"><span class=\"texto\"><font face=\"2\">O      CECOM recebeu ,no dia 08 de abril, um &#8220;wireless switch&#8221;,      ou uma nova controladora para a rede sem fio da UFMG.<\/p>\n<p>     O equipamento, id&ecirc;ntico aos j&aacute; instalados, est&aacute;      sendo utilizado para testes de migra&ccedil;&atilde;o de vers&atilde;o      dos equipamentos da rede. Os testes visam descobrir se os equipamentos      da rede atual poder&atilde;o ser gradualmente migrados para a nova vers&atilde;o      ou se este servi&ccedil;o dever&aacute; ser feito manualmente.<\/p>\n<p>     A atualiza&ccedil;&atilde;o da vers&atilde;o dos equipamentos &eacute;      necess&aacute;ria para diminuir a vulnerabilidade do sistema &agrave;      falhas de seguran&ccedil;a e aumentar a compatibilidade entre os equipamentos      e as vers&otilde;es mais recentes do Microsoft Windows.<\/font><\/span><\/p>\n<p align=\"justify\"><span class=\"texto\"><font face=\"2\">      <\/font><\/span> <a href=\"\/dti\/#topo\"><img loading=\"lazy\" decoding=\"async\" src=\"https:\/\/www.ufmg.br\/dti\/wp-content\/uploads\/imgs\/tudo_topo.gif\" width=\"35\" height=\"11\" alt=\"\" border=\"0\" hspace=\"0\" vspace=\"0\" align=\"right\"><br \/>     <\/a><\/p>\n<\/td>\n<\/tr>\n<tr>\n<td height=\"206\" align=\"LEFT\" valign=\"TOP\"><\/td>\n<td align=\"LEFT\" valign=\"TOP\">\n<p><a name=\"anoticias2\" id=\"2\"><span class=\"titulo\"><span class=\"titulo\">ANALISTA      DE TI DA DIS PARTICIPAM DE TREINAMENTO ORACLE<\/span><\/span><\/a><\/p>\n<p align=\"justify\"><span class=\"texto\"> <\/span><span class=\"texto\">No      per&iacute;odo de 05 a 09 de maio, os analistas de TI Pedro Henrique      Begalli Rezende e Wallison Fabiano de Ara&uacute;jo, da DIS &#8211; Divis&atilde;o      de Infraestrutura de Servi&ccedil;os, estar&atilde;o participando do      treinamento Oracle Database 11g: Administration Workshop II Ed2 .<\/p>\n<p>     O curso da Oracle, oferecido pela Casa de Software, em per&iacute;odo      integral, possibilitar&aacute; atualizar o conhecimento dos integrantes      da equipe da DIS e aumentar&aacute; o n&uacute;mero de funcion&aacute;rios      com capacidade para manter o ambiente, melhorando a disponibilidade      da equipe, por exemplo em per&iacute;odos de f&eacute;rias.<\/span><\/p>\n<p align=\"center\"><em><font face=\"1\"><img loading=\"lazy\" decoding=\"async\" src=\"https:\/\/www.ufmg.br\/dti\/wp-content\/uploads\/fotos\/Ano%202014\/Abril\/24-04-2014\/wallison.jpg\" width=\"343\" height=\"350\"><br \/>     Wallison Ara&uacute;jo<\/font><\/em><\/p>\n<p align=\"center\"><font face=\"2\"><img loading=\"lazy\" decoding=\"async\" src=\"https:\/\/www.ufmg.br\/dti\/wp-content\/uploads\/fotos\/Ano%202014\/Abril\/24-04-2014\/PedroBegalli_2.jpg\" width=\"276\" height=\"350\"><br \/>     <em><font face=\"1\">Pedro Begalli<\/font><\/em><\/font><\/p>\n<p align=\"center\"><span class=\"texto\"><font face=\"2\"><\/p>\n<p>     <\/font><\/span> <a href=\"\/dti\/#topo\"><img loading=\"lazy\" decoding=\"async\" src=\"https:\/\/www.ufmg.br\/dti\/wp-content\/uploads\/imgs\/tudo_topo.gif\" width=\"35\" height=\"11\" alt=\"\" border=\"0\" hspace=\"0\" vspace=\"0\" align=\"right\"><br \/>     <\/a><\/p>\n<\/td>\n<\/tr>\n<tr>\n<td height=\"293\" align=\"LEFT\" valign=\"TOP\"><\/td>\n<td align=\"LEFT\" valign=\"TOP\">\n<p><a name=\"anoticias3\" id=\"3\"><span class=\"titulo\">ANALISTA      DE TI DO CECOM PARTICIPA DE REUNI&Atilde;O EM BRAS&Iacute;LIA<\/span><\/a><\/p>\n<p align=\"justify\"><span class=\"texto\"> A Analista de TI do CECOM, Denise      Cristina de Assis Moreira, estar&aacute; no dia 28 de abril, em Bras&iacute;lia\/DF,      participando de reuni&atilde;o de treinamento para ades&atilde;o a 2&ordf;      edi&ccedil;&atilde;o do Sistema de Sele&ccedil;&atilde;o Unificada &#8211;      Sisu, referente ao segundo semestre de 2014. A reuni&atilde;o &eacute;      promovida pela Diretoria de Pol&iacute;ticas e Programas de Gradua&ccedil;&atilde;o      &#8211; (DIPES\/SESu\/MEC).<\/p>\n<p>     Al&eacute;m de Denise, estar&aacute; tamb&eacute;m participando da reuni&atilde;o      Sirlene Bustamante Matos Camisassa, Vice-Diretora do DRCA &#8211; Departamento      de Registro e Controle Acad&ecirc;mico da UFMG.<\/p>\n<p>     A reuni&atilde;o ser&aacute; realizada no Minist&eacute;rio da Educa&ccedil;&atilde;o,      na Esplanada dos Minist&eacute;rios. O objetivo dessa reuni&atilde;o      &eacute; preparar os servidores que estar&atilde;o &agrave; frente da      opera&ccedil;&atilde;o do Sisu em suas respectivas institui&ccedil;&otilde;es      e que possam, se a IES julgar necess&aacute;rio, multiplicar o treinamento      com os demais servidores envolvidos.<\/span><\/p>\n<p align=\"center\"><span class=\"texto\"><font face=\"2\"><img loading=\"lazy\" decoding=\"async\" src=\"https:\/\/www.ufmg.br\/dti\/wp-content\/uploads\/fotos\/Ano%202014\/Abril\/24-04-2014\/IMG_00002678.jpg\" width=\"308\" height=\"397\"><br \/>     <em><font face=\"1\">Denise Cristina<\/font><\/em> <\/font><\/p>\n<p>     <\/span><a href=\"\/dti\/#topo\"><img loading=\"lazy\" decoding=\"async\" src=\"https:\/\/www.ufmg.br\/dti\/wp-content\/uploads\/imgs\/tudo_topo.gif\" width=\"35\" height=\"11\" alt=\"\" border=\"0\" hspace=\"0\" vspace=\"0\" align=\"right\"><br \/>     <\/a><\/p>\n<\/td>\n<\/tr>\n<p>  <!-- #BeginEditable \"materias\" --> <!-- #EndEditable -->  <\/table>\n<\/p><\/div>\n<p><a name='informativo'><\/a><\/p>\n<h4>Informativo<\/h4>\n<div class=\"centro-sistematico\">  <!-- noticias --> <a><\/a>  <\/p>\n<table border=\"0\" cellspacing=\"0\" cellpadding=\"0\">\n<tr>\n<td><\/td>\n<td><\/td>\n<\/tr>\n<p>  <!-- #BeginEditable \"materias\" --> <!-- #EndEditable -->  <\/table>\n<p> <!-- fim noticias --> <!-- tabela ha 20 anos --> <\/p>\n<table border=\"0\" cellpadding=\"0\" cellspacing=\"0\" bgcolor=\"#FFFFFF\">\n<tr>\n<td height=\"281\" align=\"LEFT\" valign=\"TOP\"><\/td>\n<td align=\"LEFT\" valign=\"TOP\">&nbsp;<\/td>\n<td align=\"LEFT\" valign=\"TOP\">\n<p align=\"left\"><span class=\"texto\"><a name=\"ainformativo2\" id=\"2\"><span class=\"titulo\">ESTAT&Iacute;STICAS      DE ACESSO DO SERVI&Ccedil;O PROXY HTTP<\/span><\/a><\/span><\/p>\n<p align=\"justify\"><span class=\"texto\">Destinado a diminuir o tr&aacute;fego      de navega&ccedil;&atilde;o na RNP e acelerar o acesso de m&aacute;quinas      internas e sites externos, a UFMG conta com o servi&ccedil;o de proxy      HTTP, implantado em abril\/2006.<\/p>\n<p>     Todos os meses, O Sistem&aacute;tico tem publicado as estat&iacute;sticas      de acesso a esse servi&ccedil;o.<br \/>     At&eacute; o dia 31 de mar&ccedil;o de 2014, foram registrados 14.763      usu&aacute;rios diferentes acessando o sistema desde a sua implanta&ccedil;&atilde;o.      O gr&aacute;fico abaixo mostra o total de registros mensais.<br \/>     Para quem est&aacute; fora da Rede UFMG (por exemplo, acessando a Internet      de casa), o proxy permite o acesso a sites n&atilde;o p&uacute;blicos.<\/p>\n<p>     A queda acentuada no uso do Proxy teve in&iacute;cio com a ado&ccedil;&atilde;o      do acesso direto com a autentica&ccedil;&atilde;o via comunidade CAFe.<\/span><\/p>\n<p align=\"center\"><span class=\"texto\"><img loading=\"lazy\" decoding=\"async\" src=\"https:\/\/www.ufmg.br\/dti\/wp-content\/uploads\/fotos\/Ano%202014\/Abril\/24-04-2014\/Proxy_mar%E7o2014.png\" width=\"499\" height=\"245\"><\/p>\n<p>     <\/span><\/p>\n<\/td>\n<\/tr>\n<tr>\n<td height=\"540\" align=\"LEFT\" valign=\"TOP\"><\/td>\n<td align=\"LEFT\" valign=\"TOP\">&nbsp;<\/td>\n<td align=\"LEFT\" valign=\"TOP\">\n<p align=\"left\"><span class=\"texto\"><a name=\"ainformativo2\" id=\"2\"><span class=\"titulo\">DICAS      DE SITES INTERESSANTES<\/span><\/a><\/span><\/p>\n<p align=\"justify\"><span class=\"texto\">Adyrus, o ca&ccedil;ador de sites,      enviou as seguintes dicas:<\/p>\n<p>     &#8211; Descubra o significado da express&atilde;o &#8220;O Bonde da Horta&#8221;,      muito usado nas comunidades do Rio de Janeiro. <a href=\"http:\/\/globotv.globo.com\/rede-globo\/globo-rural\/t\/edicoes\/v\/hortas-em-favelas-do-rj-mudam-a-rotina-e-trazem-animo-aos-moradores\/2929493\/\">Clique<\/a>.<\/p>\n<p>     &#8211; Para conhecer o Bonde da Horta em Belo Horizonte, <a href=\"http:\/\/globotv.globo.com\/rede-globo\/globo-rural\/t\/edicoes\/v\/planejamento-de-horta-vira-negocio-em-belo-horizonte\/2936725\/\">clique<\/a>.<\/p>\n<p>     &#8211; Depois de mais de 15 anos de investiga&ccedil;&atilde;o, pesquisadores      brasileiros, sediados em Sergipe, conseguiram desenvolver um software      capaz de auxiliar o aprendizado de portugu&ecirc;s e matem&aacute;tica      de alunos do ensino fundamental que apresentam transtornos de aprendizagem.      <a href=\"http:\/\/webaula.com.br\/index.php\/pt\/acontece\/noticias\/3026-software-usa-neurociencia-para-melhorar-aprendizado?__akacao=1664658&amp;__akcnt=5f6d8b36&amp;__akvkey=b3ca&amp;utm_source=akna&amp;utm_medium=email&amp;utm_campaign=20131030%2B-%2BNewsletter\">Veja<\/a>.<\/p>\n<p>     &#8211; O Programa Empreendedorismo e Gest&atilde;o de Neg&oacute;cios tem      por objetivo contribuir para a melhoria da gest&atilde;o da propriedade      rural, cooperando para a gera&ccedil;&atilde;o de renda e melhorar a      qualidade de vida das fam&iacute;lias rurais, visando o fortalecimento      do agroneg&oacute;cio brasileiro. <a href=\"http:\/\/eadsenar.canaldoprodutor.com.br\/cursos\">Saiba      mais<\/a>.<\/p>\n<p>     &#8211; Dica de Eug&ecirc;nio Pacelli Pereira de Souza, da DAC\/CECOM: &#8220;Programar      vai abrir seus horizontes. Criar apps para celular, desenvolver jogos,      construir websites e movimentar rob&ocirc;s. Tudo isso envolve programa&ccedil;&atilde;o      e criatividade. O Ano do C&oacute;digo &eacute; uma iniciativa para      aproximar a programa&ccedil;&atilde;o aos interessados por tecnologia      e que mostrar&aacute; que voc&ecirc; tamb&eacute;m pode programar. Apesar      de ser um processo cont&iacute;nuo e de precisar praticar bastante,      a primeira barreira do aprendizado ser&aacute; quebrada aqui, com o      nosso conte&uacute;do e com a ajuda de parceiros&#8221; N&atilde;o deixe      de visitar o <a href=\"http:\/\/www.anodocodigo.org.br\/ano_do_codigo\">endere&ccedil;o<\/a>.<\/p>\n<p>     &#8211; Dica do Carlos Roberto Alves Rodrigues, da DAS\/CECOM: Observar o c&eacute;u      em busca de p&aacute;ssaros se tornou uma atividade extremamente prazerosa      para gente do mundo inteiro, que se rende a horas de caminhadas, olhar      para o alto, fala suspensa, c&acirc;meras e lentes. <a href=\"http:\/\/revistaecologico.com.br\/materia.php?id=78&amp;secao=1246&amp;mat=1373\">Saiba      mais<\/a>.<\/p>\n<p>     <\/span><span class=\"texto\"><\/span><span class=\"texto\"><br \/>     <\/span>    <\/p>\n<\/td>\n<\/tr>\n<tr bgcolor=\"#FFFFFF\" class=\"cinza\">\n<td height=\"320\"><img loading=\"lazy\" decoding=\"async\" src=\"https:\/\/www.ufmg.br\/dti\/wp-content\/uploads\/imgs\/tudo_pixel.gif\" width=\"1\" height=\"1\" alt=\"\" border=\"0\"><\/td>\n<td align=\"LEFT\" valign=\"TOP\">&nbsp;<\/td>\n<td align=\"LEFT\" valign=\"TOP\"><!-- #BeginEditable \"ha%2020%20anos\" -->     <\/p>\n<div align=\"justify\">\n<p><a name=\"ainformativo4\" id=\"4\"><span class=\"titulo\">H\u00e1 20 anos&#8230;<\/span><\/a><\/p>\n<p>      <span class=\"texto\"> O Sistem&aacute;tico Ano XVIII, no 14, de 28\/04\/1994,       publicou not&iacute;cias sobre posse do novo Vice-Reitor Jacyntho       Jos&eacute; Lins Brand&atilde;o, 42o ENANUNI, palestra do CECOM no       42o ENANUNI, visita do pessoal da Universidade Federal Flumi-nense,       Bate Papo T&eacute;cnico, entre outras, al&eacute;m do artigo t&eacute;cnico       &#8220;Processamento Coopera-tivo &#8211; Um Passo rumo ao Presente&#8221;,       de autoria de Jo&atilde;o Carlos Lages. A not&iacute;cia que se destacou       foi: <\/span><\/p>\n<p align=\"justify\"><span class=\"texto\"><strong>PROJETO SESu-COINF<\/strong><\/p>\n<p>      <font face=\"1\">At&eacute; a pr&oacute;xima segunda-feira, dia 02 de       maio, a UFMG estar&aacute; enviando ao MEC, especificamente &agrave;       Secretearia de Educa&ccedil;&atilde;o Superior (SESu) &#8211; Comiss&atilde;o       de Assessoramento &agrave; Informatiza&ccedil;&atilde;o Universit&aacute;ria,       projeto para solicita&ccedil;&atilde;o de recursos a serem utilizados       na amplia&ccedil;&atilde;o da informatiza&ccedil;&atilde;o na Universidade.<br \/>      O projeto ser&aacute; composto de 5 partes, a saber: 1a &#8211; Gradua&ccedil;&atilde;o;       2a &#8211; Bibliotecas; 3a &#8211; Rede UFMG; 4a &#8211; Redes Administrativas das Unidades;       5a &#8211; Rede Reitoria<br \/>      A diretoria do Centro de Computa&ccedil;&atilde;o ficou respons&aacute;vel       pela elabora&ccedil;&atilde;o dos &iacute;tens 4 e 5 do projeto. O       item 3 ficou a cargo do LCC; o item 2 foi elaborado pela Biblioteca       Universit&aacute;ria, ficando a Proplan respons&aacute;vel pela consolida&ccedil;&atilde;o       das partes e pelo item 1. Neste trabalho, a Proplan contou com a participa&ccedil;&atilde;o       da analista Aleixina Maria Lopes Andal&eacute;cio, Diretora da DSA.<\/p>\n<p>      <\/font><\/span><span class=\"texto\"><\/span><span class=\"texto\"><\/span><\/p>\n<\/p><\/div>\n<p>    <!-- #EndEditable --><\/td>\n<\/tr>\n<tr>\n<td width=\"12\" align=\"LEFT\" valign=\"TOP\">&nbsp;<\/td>\n<td align=\"LEFT\" valign=\"TOP\">&nbsp;<\/td>\n<td align=\"LEFT\" valign=\"TOP\">\n<p align=\"left\"><span class=\"texto\"> <\/span>    <\/p>\n<\/td>\n<\/tr>\n<p>  <!-- #BeginEditable \"materias\" --> <!-- #EndEditable -->  <\/table>\n<p> <!-- fim tabela ha 20 anos --><\/div>\n<p><a name='eventos'><\/a><\/p>\n<h4>Eventos<\/h4>\n<div class=\"centro-sistematico\">  <!-- noticias --> <\/p>\n<table border=\"0\" cellpadding=\"0\" cellspacing=\"0\">\n<tr>\n<td align=\"LEFT\" valign=\"TOP\">&nbsp;<\/td>\n<td align=\"LEFT\" valign=\"TOP\">&nbsp;<\/td>\n<\/tr>\n<p>  <!-- #BeginEditable \"materias\" --> <!-- #EndEditable -->  <\/table>\n<table border=\"0\" cellpadding=\"0\" cellspacing=\"0\">\n<tr>\n<td height=\"140\" align=\"LEFT\" valign=\"TOP\"><\/td>\n<td align=\"LEFT\" valign=\"TOP\">&nbsp;<\/td>\n<td align=\"LEFT\" valign=\"TOP\">&nbsp;<\/td>\n<td align=\"LEFT\" valign=\"TOP\">\n<p><a name=\"aeventos1\" id=\"1\"><span class=\"titulo\">SOCIAIS<\/span><\/a><\/p>\n<p align=\"justify\" class=\"texto\"><strong>ANIVERS&Aacute;RIOS:<\/strong>      <em>&#8220;O Sistem&aacute;tico&#8221; envia os parab&eacute;ns para      os ex-ceconianos Beatriz Josephina Perrela e Paulo C&eacute;sar Cortez      J&uacute;nior, no dia 25; Cleto Boechat V&eacute;o e T&acirc;nia Cristina      Teixeira, no dia 26; Filipe Jos&eacute; Le&atilde;o C&ocirc;rrea, Maria      M&iacute;riam Arruda e Wilca Maria Luzilene Souza e Silva, no dia 28.      <\/em><\/p>\n<p align=\"justify\" class=\"texto\"><span class=\"texto\"><br \/>     <\/span><\/p>\n<\/td>\n<\/tr>\n<tr>\n<td height=\"1984\" align=\"LEFT\" valign=\"TOP\"><\/td>\n<td align=\"LEFT\" valign=\"TOP\">&nbsp;<\/td>\n<td align=\"LEFT\" valign=\"TOP\">&nbsp;<\/td>\n<td align=\"LEFT\" valign=\"TOP\">\n<p><a name=\"aeventos3\" id=\"3\"><span class=\"titulo\">MEM&Oacute;RIA      FOTOGR&Aacute;FICA DO CECOM<\/span><\/a><\/p>\n<p align=\"justify\" class=\"texto\">O Sistem&aacute;tico publica mais um      lote de fotos da comemora&ccedil;&atilde;o dos anivers&aacute;rios do      primeiro trimestre do ano dos funcion&aacute;rios do CECOM e do LCC.      O evento foi realizado no dia 27\/03\/2014, no Espa&ccedil;o de Conviv&ecirc;ncia      do CECOM no 8o andar da Reitoria. As fotos s&atilde;o de autoria da      Lel&eacute; e da Vicentina.<\/p>\n<p align=\"center\" class=\"texto\"><img loading=\"lazy\" decoding=\"async\" src=\"https:\/\/www.ufmg.br\/dti\/wp-content\/uploads\/fotos\/Ano%202014\/Abril\/24-04-2014\/20140327_161045.jpg\" width=\"500\" height=\"434\"><br \/>     <em><font face=\"1\">Uma vis&atilde;o do local do evento<\/font><\/em><\/p>\n<p align=\"center\" class=\"texto\"><em><font face=\"1\"><img loading=\"lazy\" decoding=\"async\" src=\"https:\/\/www.ufmg.br\/dti\/wp-content\/uploads\/fotos\/Ano%202014\/Abril\/24-04-2014\/20140327_161418.jpg\" width=\"500\" height=\"375\"><\/font><\/em>      <br \/>     <em><font face=\"1\">Felipe e Jacqueline<\/font><\/em><\/p>\n<p align=\"center\" class=\"texto\"><em><font face=\"1\"><img loading=\"lazy\" decoding=\"async\" src=\"https:\/\/www.ufmg.br\/dti\/wp-content\/uploads\/fotos\/Ano%202014\/Abril\/24-04-2014\/IMG_00002553.jpg\" width=\"500\" height=\"270\"><\/font><\/em>      <br \/>     <em><font face=\"1\">Thiago Moreira, Bruno, Walison, Zeferino e Gessy<\/font><\/em><\/p>\n<p align=\"center\" class=\"texto\"><em><font face=\"1\"><img loading=\"lazy\" decoding=\"async\" src=\"https:\/\/www.ufmg.br\/dti\/wp-content\/uploads\/fotos\/Ano%202014\/Abril\/24-04-2014\/20140327_164820.jpg\" width=\"500\" height=\"390\"><br \/>     Joseane, J&eacute;ssica, Raquel, M&aacute;rcio Bunte, Walison, &Eacute;rica      e Lucas<\/font><\/em><\/p>\n<p align=\"center\" class=\"texto\"><em><font face=\"1\"><img decoding=\"async\" src=\"https:\/\/www.ufmg.br\/dti\/wp-content\/uploads\/fotos\/Ano%202014\/Abril\/24-04-2014\/IMG_00002641.jpg\" height=\"308\"><br \/>     Vicentina, organizadora do evento, B&aacute;rbara e Marcelo<\/font><\/em>     <\/p>\n<p align=\"center\" class=\"texto\"><em><strong><font face=\"1\">      <\/font><\/strong><\/em><span class=\"texto\">      <\/span><\/p>\n<\/td>\n<\/tr>\n<p>  <!-- #BeginEditable \"materias\" --> <!-- #EndEditable -->  <\/table>\n<\/p><\/div>\n","protected":false},"excerpt":{"rendered":"<p>Not\u00edcias DRC SUBSTITUI ROTEADOR DA UNIDADE ADMINISTRATIVA II CECOM RECEBE NOVA CONTROLADORA PARA REDE SEM FIO ANALISTA DE TI DA DIS PARTICIPAM DE TREINAMENTO ORACLE ANALISTA DE TI DO CECOM PARTICIPA DE REUNI&Atilde;O EM BRAS&Iacute;LIA Informativo ESTAT&Iacute;STICAS DE ACESSO DO SERVI&Ccedil;O PROXY HTTP DICAS DE SITES INTERESSANTES H\u00e1 20 anos&#8230; Eventos SOCIAIS MEM&Oacute;RIA FOTOGR&Aacute;FICA DO &#8230; <a title=\"Sistem\u00e1tico: Edi\u00e7\u00e3o 1603 &#8211; 24\/04\/2014\" class=\"read-more\" href=\"https:\/\/www.ufmg.br\/dti\/2014\/04\/24\/sistematico-edicao-1603-24042014\/\" aria-label=\"Read more about Sistem\u00e1tico: Edi\u00e7\u00e3o 1603 &#8211; 24\/04\/2014\">Ler mais<\/a><\/p>\n","protected":false},"author":3,"featured_media":0,"comment_status":"open","ping_status":"open","sticky":false,"template":"","format":"standard","meta":{"inline_featured_image":false,"footnotes":""},"categories":[13],"tags":[],"coauthors":[79],"class_list":["post-2886","post","type-post","status-publish","format-standard","hentry","category-sistematico"],"_links":{"self":[{"href":"https:\/\/www.ufmg.br\/dti\/wp-json\/wp\/v2\/posts\/2886","targetHints":{"allow":["GET"]}}],"collection":[{"href":"https:\/\/www.ufmg.br\/dti\/wp-json\/wp\/v2\/posts"}],"about":[{"href":"https:\/\/www.ufmg.br\/dti\/wp-json\/wp\/v2\/types\/post"}],"author":[{"embeddable":true,"href":"https:\/\/www.ufmg.br\/dti\/wp-json\/wp\/v2\/users\/3"}],"replies":[{"embeddable":true,"href":"https:\/\/www.ufmg.br\/dti\/wp-json\/wp\/v2\/comments?post=2886"}],"version-history":[{"count":0,"href":"https:\/\/www.ufmg.br\/dti\/wp-json\/wp\/v2\/posts\/2886\/revisions"}],"wp:attachment":[{"href":"https:\/\/www.ufmg.br\/dti\/wp-json\/wp\/v2\/media?parent=2886"}],"wp:term":[{"taxonomy":"category","embeddable":true,"href":"https:\/\/www.ufmg.br\/dti\/wp-json\/wp\/v2\/categories?post=2886"},{"taxonomy":"post_tag","embeddable":true,"href":"https:\/\/www.ufmg.br\/dti\/wp-json\/wp\/v2\/tags?post=2886"},{"taxonomy":"author","embeddable":true,"href":"https:\/\/www.ufmg.br\/dti\/wp-json\/wp\/v2\/coauthors?post=2886"}],"curies":[{"name":"wp","href":"https:\/\/api.w.org\/{rel}","templated":true}]}}