{"id":2896,"date":"2013-09-12T08:00:00","date_gmt":"2013-09-12T08:00:00","guid":{"rendered":"https:\/\/www.ufmg.br\/dti\/cecom\/?p=1044"},"modified":"2013-09-12T08:00:00","modified_gmt":"2013-09-12T08:00:00","slug":"sistematico-edicao-1585-12092013","status":"publish","type":"post","link":"https:\/\/www.ufmg.br\/dti\/2013\/09\/12\/sistematico-edicao-1585-12092013\/","title":{"rendered":"Sistem\u00e1tico: Edi\u00e7\u00e3o 1585 &#8211; 12\/09\/2013"},"content":{"rendered":"<ul>\n<li><a href=\"\/dti\/#noticias\">Not\u00edcias<\/a>\n<div class='submenuSistematico'>\n<ul>\n<li><a href=\"\/dti\/#anoticias1\" id=\"1\"><span class=\"titulo\"><span class=\"titulo\">COMUNIDADE      DA UFMG TEM ACESSO INTEGRAL &Agrave; REDE DUROAM<\/span><\/span><\/a><\/li>\n<li><a href=\"\/dti\/#anoticias2\" id=\"2\"><span class=\"titulo\"><span class=\"titulo\">DRC      COMEMORA EXPANS&Atilde;O DA REDE SEM FIO<\/span><\/span><\/a><\/li>\n<li><a href=\"\/dti\/#anoticias3\" id=\"3\"><span class=\"titulo\">ESTAT&Iacute;STICAS      DE ACESSO DO SERVI&Ccedil;O PROXY HTTP<\/span><\/a><\/li>\n<\/ul>\n<\/div>\n<\/li>\n<li><a href=\"\/dti\/#informativo\">Informativo<\/a>\n<div class='submenuSistematico'>\n<ul>\n<li><a href=\"\/dti\/#ainformativo1\" id=\"1\"><span class=\"titulo\">DICAS      DE SITES INTERESSANTES<\/span><\/a><\/li>\n<li><a href=\"\/dti\/#ainformativo2\" id=\"2\"><span class=\"titulo\">ABERTAS      INSCRI&Ccedil;&Otilde;ES PARA CURSO GRATUITO DE INTRODU&Ccedil;&Atilde;O      &Agrave; REDE SEM FIO A SER MINISTRADO NA UFMG<\/span><\/a><\/li>\n<li><a href=\"\/dti\/#ainformativo3\" id=\"3\"><span class=\"titulo\">MUSEU      DE HIST&Oacute;RIA NATURAL E JARDIM BOT&Acirc;NICO DA UFMG PROMOVE LUA      CHEIA NO MUSEU<\/span><\/a><\/li>\n<li><a href=\"\/dti\/#ainformativo4\" id=\"4\"><span class=\"titulo\">H\u00e1 20 anos&#8230;<\/span><\/a><\/li>\n<\/ul>\n<\/div>\n<\/li>\n<li><a href=\"\/dti\/#eventos\">Eventos<\/a>\n<div class='submenuSistematico'>\n<ul>\n<li><a href=\"\/dti\/#aeventos1\" id=\"1\"><span class=\"titulo\">SOCIAIS<\/span><\/a><\/li>\n<li><a href=\"\/dti\/#aeventos2\" id=\"2\"><span class=\"titulo\">COMEMORA&Ccedil;&Atilde;O      DOS ANIVERS&Aacute;RIOS DO 3&ordm; TRIMESTRE<\/span><\/a><\/li>\n<li><a href=\"\/dti\/#aeventos3\" id=\"3\"><span class=\"titulo\">MEM&Oacute;RIA      FOTOGR&Aacute;FICA DO CECOM<\/span><\/a><\/li>\n<\/ul>\n<\/div>\n<\/li>\n<\/ul>\n<ul class='pdfSist'>\n<li><a href=\"https:\/\/www.ufmg.br\/dti\/wp-content\/uploads\/Sistematico_PDF\/Sist22_2013-A4.pdf\"><img loading=\"lazy\" decoding=\"async\" src=\"https:\/\/www.ufmg.br\/dti\/wp-content\/uploads\/Sistematico_PDF\/mini_pdf.gif\" width=\"30\" height=\"53\" border=\"0\"> Vers\u00e3o em PDF<\/a><\/li>\n<\/ul>\n<p> <a name='noticias'><\/a><\/p>\n<h4>Not\u00edcias<\/h4>\n<div class=\"centro-sistematico\">  <!-- noticias --> <a><\/a>   <\/p>\n<table border=\"0\" cellpadding=\"0\" cellspacing=\"0\">\n<tr>\n<td height=\"510\" align=\"LEFT\" valign=\"TOP\"><\/td>\n<td align=\"LEFT\" valign=\"TOP\">\n<p><a name=\"anoticias1\" id=\"1\"><span class=\"titulo\"><span class=\"titulo\">COMUNIDADE      DA UFMG TEM ACESSO INTEGRAL &Agrave; REDE DUROAM<\/span><\/span><\/a><\/p>\n<p align=\"justify\"><span class=\"texto\"> O s&iacute;tio eduroam.br define      o eduroam (education roaming) como &#8220;um servi&ccedil;o de acesso      sem fio seguro, desenvolvido para a comunidade internacional de educa&ccedil;&atilde;o      e pesquisa. A iniciativa permite que os estudantes, os pesquisadores      e as equipes das institui&ccedil;&otilde;es participantes obtenham conectividade      &agrave; Internet, atrav&eacute;s de conex&atilde;o sem fio (wi-fi),      dentro de seus campi e em qualquer localidade que ofere&ccedil;a essa      facilidade como provedora de servi&ccedil;o.<br \/>     Lan&ccedil;ada no Brasil em 2012, a iniciativa internacional j&aacute;      re&uacute;ne institui&ccedil;&otilde;es de aproximadamente 60 pa&iacute;ses,      unindo diversos usu&aacute;rios na troca de experi&ecirc;ncias e conhecimento.      Al&eacute;m da seguran&ccedil;a, o eduroam tem como benef&iacute;cios      a sua integra&ccedil;&atilde;o &agrave; Comunidade Acad&ecirc;mica Federada      (CAFe), a mobilidade e a facilidade de uso.<\/p>\n<p>     O acesso seguro e sem fio &agrave; Internet &eacute; realizado sem a      necessidade de m&uacute;ltiplos logins e senhas. Ap&oacute;s efetuar      o cadastro na base do servi&ccedil;o, seguido da configura&ccedil;&atilde;o      do computador do usu&aacute;rio para conex&atilde;o com a rede, &eacute;      poss&iacute;vel acessar a web em qualquer provedor de servi&ccedil;o      do mundo.&#8221;<\/p>\n<p>     A UFMG participou da segunda fase de testes do projeto e no dia 01 de      julho, foi conectada &agrave; vers&atilde;o final do projeto. Naquele      momento os usu&aacute;rios de outras institui&ccedil;&otilde;es podiam      usar a rede dentro da UFMG, mas usu&aacute;rios da UFMG n&atilde;o conseguiam      utilizar o servi&ccedil;o em outras institui&ccedil;&otilde;es. Esta      situa&ccedil;&atilde;o foi resolvida e a UFMG agora &eacute;, oficialmente,      institui&ccedil;&atilde;o cliente do projeto no Brasil e, em consequ&ecirc;ncia,      em institui&ccedil;&otilde;es de ensino e pesquisa distribu&iacute;das      por todo o mundo.<\/p>\n<p>     As instru&ccedil;&otilde;es para acesso &agrave; rede eduroam s&atilde;o      definidas pela institui&ccedil;&atilde;o de origem do usu&aacute;rio.      Na UFMG, os passos necess&aacute;rios s&atilde;o similares aos definidos      para acesso &agrave; rede UFMG, mas a identifica&ccedil;&atilde;o do      usu&aacute;rio deve ser feita com o acr&eacute;scimo do dom&iacute;nio      ufmg.br, na forma &#8220;login-minha-ufmg@ufmg.br&#8221;.<br \/>     <\/span><br \/>     <a href=\"\/dti\/#topo\"><img loading=\"lazy\" decoding=\"async\" src=\"https:\/\/www.ufmg.br\/dti\/wp-content\/uploads\/imgs\/tudo_topo.gif\" width=\"35\" height=\"11\" alt=\"\" border=\"0\" hspace=\"0\" vspace=\"0\" align=\"right\"><br \/>     <\/a>    <\/p>\n<\/td>\n<\/tr>\n<tr>\n<td height=\"334\" align=\"LEFT\" valign=\"TOP\"><\/td>\n<td align=\"LEFT\" valign=\"TOP\">\n<p><a name=\"anoticias2\" id=\"2\"><span class=\"titulo\"><span class=\"titulo\">DRC      COMEMORA EXPANS&Atilde;O DA REDE SEM FIO<\/span><\/span><\/a><\/p>\n<p align=\"justify\"><span class=\"texto\"> <\/span><span class=\"texto\">No      dia 15 de mar&ccedil;o de 2012, a equipe da Divis&atilde;o de Redes      de Comunica&ccedil;&atilde;o do CECOM realizou um encontro com os administradores      de rede envolvidos com a instala&ccedil;&atilde;o da rede sem fio na      UFMG. Na ocasi&atilde;o, foram apresentadas as formas de acesso &agrave;      rede: atrav&eacute;s da conta do &#8220;MinhaUFMG&#8221;, atrav&eacute;s      do projeto &#8220;eduoram&#8221;, que utiliza contas das institui&ccedil;&otilde;es      de ensino e pesquisa participantes, e atrav&eacute;s de cadastro de      convidados, sistema que o CECOM j&aacute; disponibilizou para a comunidade.<\/p>\n<p>     Naquele momento, a DRC j&aacute; havia configurado e distribu&iacute;do      516 APs (Access Points), sendo que 316 j&aacute; estavam instalados      e ativos e mais de 3.000 equipamentos clientes se conectavam &agrave;      rede diariamente.<\/p>\n<p>     No &uacute;ltimo dia 05 de setembro, 18 meses depois, o n&uacute;mero      de equipamentos configurados e distribu&iacute;dos subiu para 679 e      os Pontos de Acesso instalados s&atilde;o 492. O crescimento mais expressivo,      entretanto, &eacute; no n&uacute;mero de equipamentos usu&aacute;rios      da rede, que em alguns dias supera 13.500. <br \/>     <\/span><br \/>     <a href=\"\/dti\/#topo\"><img loading=\"lazy\" decoding=\"async\" src=\"https:\/\/www.ufmg.br\/dti\/wp-content\/uploads\/imgs\/tudo_topo.gif\" width=\"35\" height=\"11\" alt=\"\" border=\"0\" hspace=\"0\" vspace=\"0\" align=\"right\"><br \/>     <\/a>    <\/p>\n<\/td>\n<\/tr>\n<tr>\n<td height=\"478\" align=\"LEFT\" valign=\"TOP\"><\/td>\n<td align=\"LEFT\" valign=\"TOP\">\n<p><a name=\"anoticias3\" id=\"3\"><span class=\"titulo\">ESTAT&Iacute;STICAS      DE ACESSO DO SERVI&Ccedil;O PROXY HTTP<\/span><\/a><\/p>\n<p align=\"justify\"><span class=\"texto\">ODestinado a diminuir o tr&aacute;fego      de navega&ccedil;&atilde;o na RNP e acelerar o acesso de m&aacute;quinas      internas e sites externos, a UFMG conta com o servi&ccedil;o de proxy      HTTP, implantado em abril\/2006. Todos os meses, O Sistem&aacute;tico      tem publicado as estat&iacute;sticas de acesso a esse servi&ccedil;o.<\/p>\n<p>     At&eacute; o dia 31 de agosto de 2013, foram registrados 14.355 usu&aacute;rios      diferentes acessando o sistema desde a sua implanta&ccedil;&atilde;o.      O gr&aacute;fico abaixo mostra o total de registros mensais.<\/p>\n<p>     Para quem est&aacute; fora da Rede UFMG (por exemplo, acessando a Internet      de casa), o proxy permite o acesso a sites n&atilde;o p&uacute;blicos,      como os apontados pelo Portal CAPES.<\/p>\n<p>     A queda acentuada no uso do Proxy teve in&iacute;cio com a ado&ccedil;&atilde;o      do acesso direto com a autentica&ccedil;&atilde;o via comunidade CAFe.<\/span><\/p>\n<p align=\"center\"> <img loading=\"lazy\" decoding=\"async\" src=\"https:\/\/www.ufmg.br\/dti\/wp-content\/uploads\/fotos\/Ano%202013\/Setembro\/12-09-2013\/Proxy_Set2013.jpg\" width=\"500\" height=\"344\"><\/p>\n<p align=\"justify\">\n<\/td>\n<\/tr>\n<p>  <!-- #BeginEditable \"materias\" --> <!-- #EndEditable -->  <\/table>\n<table border=\"0\" cellpadding=\"0\" cellspacing=\"0\">\n<tr>\n<td align=\"LEFT\" valign=\"TOP\"><\/td>\n<td align=\"LEFT\" valign=\"TOP\">&nbsp;<\/td>\n<\/tr>\n<p>  <!-- #BeginEditable \"materias\" --> <!-- #EndEditable -->  <\/table>\n<\/div>\n<p><a name='informativo'><\/a><\/p>\n<h4>Informativo<\/h4>\n<div class=\"centro-sistematico\">  <!-- noticias --> <a><\/a>  <\/p>\n<table border=\"0\" cellspacing=\"0\" cellpadding=\"0\">\n<tr>\n<td><\/td>\n<td><\/td>\n<\/tr>\n<p>  <!-- #BeginEditable \"materias\" --> <!-- #EndEditable -->  <\/table>\n<p> <!-- fim noticias --> <!-- tabela ha 20 anos --> <\/p>\n<table border=\"0\" cellpadding=\"0\" cellspacing=\"0\" bgcolor=\"#FFFFFF\">\n<tr>\n<td height=\"559\" align=\"LEFT\" valign=\"TOP\"><\/td>\n<td align=\"LEFT\" valign=\"TOP\">\n<p align=\"left\"><span class=\"texto\"><a name=\"ainformativo1\" id=\"1\"><span class=\"titulo\">DICAS      DE SITES INTERESSANTES<\/span><\/a><\/span><\/p>\n<p align=\"justify\"><span class=\"texto\"> <\/span><span class=\"texto\">Adyrus,      o ca&ccedil;ador de sites, enviou as seguintes dicas:<\/p>\n<p>     &#8211; ONU lan&ccedil;a plataforma digital exclusiva para os jovens. O plano      de trabalho do enviado das Na&ccedil;&otilde;es Unidas Secret&aacute;rio      de generais da Juventude responde a Agenda de A&ccedil;&atilde;o do      Secret&aacute;rio-Geral da ONU em cinco anos, e &eacute; guiado pelo      Programa Mundial de A&ccedil;&atilde;o para a Juventude . Ele descreve      quatro &aacute;reas priorit&aacute;rias; Participa&ccedil;&atilde;o,      Advocacia, Parcerias e harmoniza&ccedil;&atilde;o. <a href=\"http:\/\/www.un.org\/youthenvoy\/\">Saiba      mais<\/a>. (Site em Ingl&ecirc;s e Franc&ecirc;s)<\/p>\n<p>     &#8211; Office 365 para organiza&ccedil;&otilde;es sem fins lucrativos. O      Office 365 agora est&aacute; dispon&iacute;vel como doa&ccedil;&atilde;o      para organiza&ccedil;&otilde;es sem fins lucrativos qualificadas. <a href=\"http:\/\/office.microsoft.com\/pt-br\/non-profit\/office-365-for-nonprofits-FX104085114.aspx\">Veja      no endere&ccedil;o<\/a>.<\/p>\n<p>     &#8211; Curso Gratuito de TI: Embora as PMEs sejam definidas pela ind&uacute;stria      de TI como um setor comedido e cauteloso no que se refere aos investimentos      em tecnologia, a crise financeira global gerou um cen&aacute;rio em      que essas companhias come&ccedil;am a enxergar oportunidades apoiadas      na TI para a manuten&ccedil;&atilde;o do neg&oacute;cio e o uso de solu&ccedil;&otilde;es      que reduzam os custos. <a href=\"http:\/\/www.nextgenerationcenter.com\/detalle-curso\/Infraestrutura_de_TI_para_PMEs.aspx?PageID=1\">Clique<\/a>.<\/p>\n<p>     &#8211; Monte um circuito eletr&ocirc;nico com clips de papel. Para isto,      <a href=\"http:\/\/www.instructables.com\/id\/Build-a-Simple-Circuit-from-a-Pizza-Box-No-Solder\/\">visite      o site<\/a><\/span><span class=\"texto\">.<\/p>\n<p>     &#8211; Compras Governamentais Gratuito: o curso &eacute; destinado a fornecedores,      empres&aacute;rios de micro e pequenos neg&oacute;cios, empreendedores,      representantes comerciais, contadores, representantes de entidades de      classe, cooperados, associados e pessoas que possuem interesse em fornecer      produtos e servi&ccedil;os para a administra&ccedil;&atilde;o p&uacute;blica      federal, estadual, distrital ou municipal. <a href=\"http:\/\/www.ead.sebrae.com.br\/sou-um-microempreendedor-individual\/cg-compras-governamentais\/\">Saiba      mais no endere&ccedil;o<\/a>.<\/p>\n<p>     &#8211; Uma boa ideia. Pe&ccedil;as de computadores viram naves espaciais.      <a href=\"http:\/\/www.etsy.com\/shop\/shankalonian?section_id=10367274\">Veja      como isto pode acontecer<\/a>.<\/p>\n<p>     &#8211; Explore as Fotos do site Flickr no <a href=\"http:\/\/www.flickr.com\/explore\">endere&ccedil;o<\/a>.<\/span><\/p>\n<p align=\"center\"><span class=\"texto\"> <\/span><span class=\"texto\"> <\/span><span class=\"texto\"><\/span><span class=\"texto\"><br \/>     <\/span>    <\/p>\n<\/td>\n<\/tr>\n<tr>\n<td height=\"415\" align=\"LEFT\" valign=\"TOP\"><\/td>\n<td align=\"LEFT\" valign=\"TOP\">\n<p align=\"left\"><span class=\"texto\"><a name=\"ainformativo2\" id=\"2\"><span class=\"titulo\">ABERTAS      INSCRI&Ccedil;&Otilde;ES PARA CURSO GRATUITO DE INTRODU&Ccedil;&Atilde;O      &Agrave; REDE SEM FIO A SER MINISTRADO NA UFMG<\/span><\/a><\/span><\/p>\n<p align=\"justify\"><span class=\"texto\"> <\/span><span class=\"texto\">Est&atilde;o      abertas at&eacute; o dia 21 de setembro as inscri&ccedil;&otilde;es      para o curso gratuito de Introdu&ccedil;&atilde;o &agrave; Rede Wireless      &#8211; M&oacute;dulo 1, realizado pelo Instituto de Inova&ccedil;&atilde;o      Social e Diversidade Cultural (Insod), com apoio da UFMG. Ministrado      pelo professor Heber Alessandro, da IBM, o curso ir&aacute; constar      de dois encontros presenciais no audit&oacute;rio do Centro Cultural      UFMG (avenida Santos Dumont, 174, Centro de Belo Horizonte), aos s&aacute;bados,      das 9h &agrave;s 13h, nos dias 28 de setembro e 5 de outubro, totalizando      uma carga-hor&aacute;ria de 8 horas\/aula. <\/p>\n<p>     Para a realiza&ccedil;&atilde;o das atividades pr&aacute;ticas do curso,      aberto a toda a comunidade, n&atilde;o &eacute; necess&aacute;rio conhecimento      pr&eacute;vio sobre tecnologia da informa&ccedil;&atilde;o, mas ser&aacute;      necess&aacute;rio que cada aluno leve seu pr&oacute;prio notebook nos      dois encontros. <\/p>\n<p>     As vagas, limitadas, ser&atilde;o preenchidas por ordem de inscri&ccedil;&otilde;es,      a serem efetuadas por meio dos endere&ccedil;os eletr&ocirc;nicos www.insod.org      ou http:\/\/instituto.insod. org\/index.php\/cursos. Ser&atilde;o emitidos      certificados de conclus&atilde;o para os alunos presentes em hor&aacute;rio      integral nos dois dias do curso. <\/p>\n<p>     Outras informa&ccedil;&otilde;es pelo e-mail contato@insod.org ou pelo      telefone (31) 3347-4001.<\/p>\n<p>     (<em>Fonte: Cedecom &#8211; Assessoria de Imprensa &#8211; 11\/09\/2013<\/em>)<br \/>     <\/span><span class=\"texto\"><br \/>     <\/span><span class=\"texto\"><\/span><span class=\"texto\"><br \/>     <\/span>    <\/p>\n<\/td>\n<\/tr>\n<tr>\n<td height=\"489\" align=\"LEFT\" valign=\"TOP\"><\/td>\n<td align=\"LEFT\" valign=\"TOP\">\n<p align=\"left\"><span class=\"texto\"><a name=\"ainformativo3\" id=\"3\"><span class=\"titulo\">MUSEU      DE HIST&Oacute;RIA NATURAL E JARDIM BOT&Acirc;NICO DA UFMG PROMOVE LUA      CHEIA NO MUSEU<\/span><\/a><\/span><\/p>\n<p align=\"justify\"><span class=\"texto\">O Museu de Hist&oacute;ria Natural      e Jardim Bot&acirc;nico da UFMG realiza neste m&ecirc;s a &uacute;ltima      edi&ccedil;&atilde;o do Lua Cheia no Museu, que acontece sempre &agrave;s      sextas-feiras e s&aacute;bados de lua cheia, nos meses de abril a setembro,      no hor&aacute;rio das 19h30 &agrave;s 22h30. As pr&oacute;ximas atividades      acontecer&atilde;o nos dias 20 e 21 de setembro. <\/p>\n<p>     A iniciativa tem como objetivo ampliar o leque de atividades ambientais      e educativas oferecidas pelo Museu e proporcionar uma atividade cultural      diferenciada, que contemple as dimens&otilde;es do lazer e do conhecimento      em um espa&ccedil;o &uacute;nico, pouco comum em &aacute;reas densamente      povoadas e urbanizadas. A visita inclui atividades culturais e a aprecia&ccedil;&atilde;o      cient&iacute;fica de diversos aspectos ambientais durante a caminhada      de aproximadamente tr&ecirc;s quil&ocirc;metros pelas trilhas tem&aacute;ticas      do Museu. <\/p>\n<p>     As inscri&ccedil;&otilde;es podem ser efetuadas no site www.mhnjb.ufmg.br\/luacheianomuseu.      A taxa &eacute; de R$ 10 para crian&ccedil;as de seis a 12 anos e de      R$ 20 para pessoas com mais de 12 anos de idade.<\/p>\n<p>     Situado em uma &aacute;rea de 600.000 m&sup2;, o Museu de Historia Natural      e Jardim Bot&acirc;nico da UFMG &eacute; um importante espa&ccedil;o      de preserva&ccedil;&atilde;o da biodiversidade em Belo Horizonte, uma      vez que abriga v&aacute;rias esp&eacute;cies da fauna e flora brasileiras.      Animais silvestres, &aacute;rvores antigas, esp&eacute;cies raras da      flora e da fauna comp&otilde;em esse ambiente florestal que, no per&iacute;odo      noturno, apresenta uma din&acirc;mica diferenciada, pouco conhecida      do p&uacute;blico em geral. (Assessoria de Comunica&ccedil;&atilde;o      MHNJB)<\/p>\n<p>     (<em>Fonte: Cedecom &#8211; Assessoria de Imprensa- 11\/09\/2013<\/em>)<\/p>\n<p>     <\/span>    <\/p>\n<\/td>\n<\/tr>\n<tr>\n<td align=\"LEFT\" valign=\"TOP\"><\/td>\n<td align=\"LEFT\" valign=\"TOP\">&nbsp;<\/td>\n<\/tr>\n<tr bgcolor=\"#FFFFFF\" class=\"cinza\">\n<td height=\"275\"><img loading=\"lazy\" decoding=\"async\" src=\"https:\/\/www.ufmg.br\/dti\/wp-content\/uploads\/imgs\/tudo_pixel.gif\" width=\"1\" height=\"1\" alt=\"\" border=\"0\"><\/td>\n<td align=\"LEFT\" valign=\"TOP\"><!-- #BeginEditable \"ha%2020%20anos\" -->     <\/p>\n<div align=\"justify\">\n<p><a name=\"ainformativo4\" id=\"4\"><span class=\"titulo\">H\u00e1 20 anos&#8230;<\/span><\/a><\/p>\n<p>      <span class=\"texto\"> O Sistem&aacute;tico Ano XVII, no 29, de 16\/09\/1993,       publicou not&iacute;cias sobre formul&aacute;rio de solicita&ccedil;&atilde;o       de servi&ccedil;o da DAA, curso sobre Qualidade Total, Campanha contra       a Fome na UFMG, software UFMG\/SUPERVISOR, estat&iacute;sticas do CECOM       em agosto de 1993, paradas do Sistema A10, entre outras. A not&iacute;cia       que se destacou:<\/p>\n<p>      <strong>PROJETO DE MELHORIA DA QUALIDADE DO CECOM<\/strong> <\/p>\n<p>      <font face=\"1\">Ap&oacute;s o recebimento do Projeto de Melhoria da       Qualidade do CECOM &#8211; Resultados do Primeiro Ano, a Reitora da UFMG,       professora Vanessa Guimar&atilde;es Pinto, enviou um cart&atilde;o       ao Diretor do Centro de Computa&ccedil;&atilde;o, Eduardo Henrique       Lima, dizendo o seguinte:<br \/>      &#8220;Agrade&ccedil;o o envio da sinopse do Projeto de Melhoria da       Qualidade implantado nesse Setor, e envio cumprimentos extensivos       &agrave; equipe do CECOM pelos resultados positivos j&aacute; alcan&ccedil;ados&#8221;.<\/font><\/span><\/p>\n<\/p><\/div>\n<div align=\"justify\">\n<p><span class=\"texto\"><\/span><\/p>\n<\/p><\/div>\n<p>    <!-- #EndEditable --><\/td>\n<\/tr>\n<tr>\n<td width=\"12\" align=\"LEFT\" valign=\"TOP\">&nbsp;<\/td>\n<td align=\"LEFT\" valign=\"TOP\">\n<p align=\"left\"><span class=\"texto\"> <\/span>    <\/p>\n<\/td>\n<\/tr>\n<p>  <!-- #BeginEditable \"materias\" --> <!-- #EndEditable -->  <\/table>\n<p> <!-- fim tabela ha 20 anos --><\/div>\n<p><a name='eventos'><\/a><\/p>\n<h4>Eventos<\/h4>\n<div class=\"centro-sistematico\">  <!-- noticias --> <\/p>\n<table border=\"0\" cellpadding=\"0\" cellspacing=\"0\">\n<tr>\n<td align=\"LEFT\" valign=\"TOP\">&nbsp;<\/td>\n<td align=\"LEFT\" valign=\"TOP\">&nbsp;<\/td>\n<\/tr>\n<p>  <!-- #BeginEditable \"materias\" --> <!-- #EndEditable -->  <\/table>\n<table border=\"0\" cellspacing=\"0\" cellpadding=\"0\">\n<tr>\n<td><\/td>\n<td><\/td>\n<\/tr>\n<tr>\n<td height=\"154\" align=\"LEFT\" valign=\"TOP\"><\/td>\n<td align=\"LEFT\" valign=\"TOP\">\n<p><a name=\"aeventos1\" id=\"1\"><span class=\"titulo\">SOCIAIS<\/span><\/a><\/p>\n<p align=\"justify\" class=\"texto\"><strong>ANIVERS&Aacute;RIOS:<em> <\/em><\/strong><em>&#8220;O      Sistem&aacute;tico&#8221; envia os parab&eacute;ns para os ex-ceconianos:      Maria L&uacute;cia Adorno, no dia 12; Aldemar Lopes de Souza, Diego      Amadeu Duarte de Morais Santana e Arnaldo Jos&eacute; de Oliveira, no      dia 13; Haroldo Can&ccedil;ado Rolfs, no dia 17; Luiz Henrique Loureiro      dos Santos, Carla Oliveira Bechelane e Ricardo Yokoyama, no dia 18;      &Ecirc;nio Fernando Vilela e Andr&eacute; Luiz Cioffi, no dia 19.<br \/>     <\/em><strong><br \/>     CAMPEONATO DE FUTSAL:<\/strong><em> No pr&oacute;ximo s&aacute;bado,      dia 14, o CECOM entra em quadra jogando contra o time do Universidad.      Todos do CECOM desejam um bom jogo para os atletas, esperando aquele      resultado que levar&aacute; o time para a fase de Quartas de Final.<\/p>\n<p>     At&eacute; o momento n&atilde;o foi poss&iacute;vel registrar o time      em campo por falta de fot&oacute;grafo. Mas, no Pinga Fogo no 1.174,      de 30\/08\/2013, foi publicada uma foto da partida do CECOM com a Assufemg.      A Reda&ccedil;&atilde;o do Sistem&aacute;tico agradece a palavra de      incentivo ao time da casa, considerado um time forte.<\/em><\/p>\n<p align=\"justify\" class=\"texto\"><span class=\"texto\"><\/p>\n<p>     <\/span><\/p>\n<\/td>\n<\/tr>\n<tr>\n<td height=\"137\" align=\"LEFT\" valign=\"TOP\"><\/td>\n<td align=\"LEFT\" valign=\"TOP\">\n<p><a name=\"aeventos2\" id=\"2\"><span class=\"titulo\">COMEMORA&Ccedil;&Atilde;O      DOS ANIVERS&Aacute;RIOS DO 3&ordm; TRIMESTRE<\/span><\/a><\/p>\n<p align=\"justify\" class=\"texto\">A comemora&ccedil;&atilde;o dos anivers&aacute;rios      do terceiro trimestre do ano ser&aacute; realizada no dia 03 de outubro.      Os aniversariantes dos meses de julho, agosto e setembro ser&atilde;o      consultados pela Vicentina e dever&atilde;o confirmar o mais r&aacute;pido      poss&iacute;vel a sua participa&ccedil;&atilde;o na festa.<\/p>\n<p align=\"justify\" class=\"texto\"><span class=\"texto\"><\/p>\n<p>     <\/span><\/p>\n<\/td>\n<\/tr>\n<tr>\n<td height=\"169\" align=\"LEFT\" valign=\"TOP\"><\/td>\n<td align=\"LEFT\" valign=\"TOP\">\n<p><a name=\"aeventos3\" id=\"3\"><span class=\"titulo\">MEM&Oacute;RIA      FOTOGR&Aacute;FICA DO CECOM<\/span><\/a><\/p>\n<p align=\"justify\" class=\"texto\"> No dia 05 de setembro, foi realizado,      na Escola de Engenharia, o encontro da equipe t&eacute;cnica da Diretoria      de Tecnologia da Informa&ccedil;&atilde;o com os t&eacute;cnicos de      TI das unidades administrativas e acad&ecirc;micas da UFMG, com a presen&ccedil;a      de 74 t&eacute;cnicos.<\/p>\n<p>     As fotos desta semana registram as palestras e a participa&ccedil;&atilde;o      da equipe da DTI no encontro e s&atilde;o de autoria de Di&ecirc;go      Jess&eacute;.<\/p>\n<p align=\"center\" class=\"texto\"> <em><strong><font face=\"1\"><span class=\"texto\"><strong><font face=\"2\"><span class=\"texto\"><font face=\"1\"><em><img loading=\"lazy\" decoding=\"async\" src=\"https:\/\/www.ufmg.br\/dti\/wp-content\/uploads\/fotos\/Ano%202013\/Setembro\/12-09-2013\/EncontroTI_UFMG_2.jpg\" width=\"500\" height=\"340\"><br \/>     Os participantes do encontro<\/em><\/font><\/span><\/font><\/strong><\/span><\/font><\/strong><\/em><\/p>\n<p align=\"center\" class=\"texto\"><img loading=\"lazy\" decoding=\"async\" src=\"https:\/\/www.ufmg.br\/dti\/wp-content\/uploads\/fotos\/Ano%202013\/Setembro\/12-09-2013\/EncontroTI_UFMG_5.jpg\" width=\"500\" height=\"346\"><br \/>     <em><strong><font face=\"1\"><span class=\"texto\"><strong><font face=\"2\"><span class=\"texto\"><font face=\"1\"><em>A      apresenta&ccedil;&atilde;o do Prof. Clarindo P&aacute;dua, Diretor de      TI <\/em><\/font><\/span><\/font><\/strong><\/span><\/font><\/strong><\/em><\/p>\n<p align=\"center\" class=\"texto\"><img loading=\"lazy\" decoding=\"async\" src=\"https:\/\/www.ufmg.br\/dti\/wp-content\/uploads\/fotos\/Ano%202013\/Setembro\/12-09-2013\/EncontroTI_UFMG_4.jpg\" width=\"500\" height=\"461\"><br \/>     <span class=\"texto\"><strong><font face=\"2\"><span class=\"texto\"><font face=\"1\"><em>Carlos      Alfeu, Diretor do CECOM<\/em><\/font><\/span><\/font><\/strong><\/span><\/p>\n<p align=\"center\" class=\"texto\"><img loading=\"lazy\" decoding=\"async\" src=\"https:\/\/www.ufmg.br\/dti\/wp-content\/uploads\/fotos\/Ano%202013\/Setembro\/12-09-2013\/EncontroTI_UFMG_6.jpg\" width=\"500\" height=\"422\"><br \/>     <span class=\"texto\"><strong><font face=\"2\"><span class=\"texto\"><font face=\"1\"><em>A      palestra de David Eust&aacute;quio, da DRC<\/em><\/font><\/span><\/font><\/strong><\/span><\/p>\n<p align=\"justify\" class=\"texto\"><span class=\"texto\">      <\/span><\/p>\n<\/td>\n<\/tr>\n<p>  <!-- #BeginEditable \"materias\" --> <!-- #EndEditable -->  <\/table>\n<p> <!-- fim noticias --> <\/p>\n<table border=\"0\" cellpadding=\"0\" cellspacing=\"0\">\n<tr>\n<td width=\"276\" align=\"LEFT\" valign=\"TOP\">&nbsp;<\/td>\n<td width=\"274\" align=\"LEFT\" valign=\"TOP\">&nbsp;<\/td>\n<\/tr>\n<p>  <!-- #BeginEditable \"materias\" --> <!-- #EndEditable -->  <\/table>\n<\/div>\n","protected":false},"excerpt":{"rendered":"<p>Not\u00edcias COMUNIDADE DA UFMG TEM ACESSO INTEGRAL &Agrave; REDE DUROAM DRC COMEMORA EXPANS&Atilde;O DA REDE SEM FIO ESTAT&Iacute;STICAS DE ACESSO DO SERVI&Ccedil;O PROXY HTTP Informativo DICAS DE SITES INTERESSANTES ABERTAS INSCRI&Ccedil;&Otilde;ES PARA CURSO GRATUITO DE INTRODU&Ccedil;&Atilde;O &Agrave; REDE SEM FIO A SER MINISTRADO NA UFMG MUSEU DE HIST&Oacute;RIA NATURAL E JARDIM BOT&Acirc;NICO DA UFMG PROMOVE &#8230; <a title=\"Sistem\u00e1tico: Edi\u00e7\u00e3o 1585 &#8211; 12\/09\/2013\" class=\"read-more\" href=\"https:\/\/www.ufmg.br\/dti\/2013\/09\/12\/sistematico-edicao-1585-12092013\/\" aria-label=\"Read more about Sistem\u00e1tico: Edi\u00e7\u00e3o 1585 &#8211; 12\/09\/2013\">Ler mais<\/a><\/p>\n","protected":false},"author":3,"featured_media":0,"comment_status":"open","ping_status":"open","sticky":false,"template":"","format":"standard","meta":{"inline_featured_image":false,"footnotes":""},"categories":[13],"tags":[],"coauthors":[79],"class_list":["post-2896","post","type-post","status-publish","format-standard","hentry","category-sistematico"],"_links":{"self":[{"href":"https:\/\/www.ufmg.br\/dti\/wp-json\/wp\/v2\/posts\/2896","targetHints":{"allow":["GET"]}}],"collection":[{"href":"https:\/\/www.ufmg.br\/dti\/wp-json\/wp\/v2\/posts"}],"about":[{"href":"https:\/\/www.ufmg.br\/dti\/wp-json\/wp\/v2\/types\/post"}],"author":[{"embeddable":true,"href":"https:\/\/www.ufmg.br\/dti\/wp-json\/wp\/v2\/users\/3"}],"replies":[{"embeddable":true,"href":"https:\/\/www.ufmg.br\/dti\/wp-json\/wp\/v2\/comments?post=2896"}],"version-history":[{"count":0,"href":"https:\/\/www.ufmg.br\/dti\/wp-json\/wp\/v2\/posts\/2896\/revisions"}],"wp:attachment":[{"href":"https:\/\/www.ufmg.br\/dti\/wp-json\/wp\/v2\/media?parent=2896"}],"wp:term":[{"taxonomy":"category","embeddable":true,"href":"https:\/\/www.ufmg.br\/dti\/wp-json\/wp\/v2\/categories?post=2896"},{"taxonomy":"post_tag","embeddable":true,"href":"https:\/\/www.ufmg.br\/dti\/wp-json\/wp\/v2\/tags?post=2896"},{"taxonomy":"author","embeddable":true,"href":"https:\/\/www.ufmg.br\/dti\/wp-json\/wp\/v2\/coauthors?post=2896"}],"curies":[{"name":"wp","href":"https:\/\/api.w.org\/{rel}","templated":true}]}}