{"id":2898,"date":"2013-08-29T08:00:00","date_gmt":"2013-08-29T08:00:00","guid":{"rendered":"https:\/\/www.ufmg.br\/dti\/cecom\/?p=1046"},"modified":"2013-08-29T08:00:00","modified_gmt":"2013-08-29T08:00:00","slug":"sistematico-edicao-1583-29082013","status":"publish","type":"post","link":"https:\/\/www.ufmg.br\/dti\/2013\/08\/29\/sistematico-edicao-1583-29082013\/","title":{"rendered":"Sistem\u00e1tico: Edi\u00e7\u00e3o 1583 &#8211; 29\/08\/2013"},"content":{"rendered":"<ul>\n<li><a href=\"\/dti\/#noticias\">Not\u00edcias<\/a>\n<div class='submenuSistematico'>\n<ul>\n<li><a href=\"\/dti\/#anoticias1\" id=\"1\"><span class=\"titulo\"><span class=\"titulo\">DTI      REALIZA ENCONTRO AMPLIADO<\/span><\/span><\/a><\/li>\n<li><a href=\"\/dti\/#anoticias2\" id=\"2\"><span class=\"titulo\"><span class=\"titulo\">CECOM      E LCC PARTICIPAM DE F&Oacute;RUM DA RNP<\/span><\/span><\/a><\/li>\n<li><a href=\"\/dti\/#anoticias3\" id=\"3\"><span class=\"titulo\">NOVO      MENOR DA CRUZ VERMELHA<\/span><\/a><\/li>\n<li><a href=\"\/dti\/#anoticias4\" id=\"4\"><span class=\"titulo\">SA&Iacute;DA      DE ESTAGI&Aacute;RIO<\/span><\/a><\/li>\n<\/ul>\n<\/div>\n<\/li>\n<li><a href=\"\/dti\/#informativo\">Informativo<\/a>\n<div class='submenuSistematico'>\n<ul>\n<li><a href=\"\/dti\/#ainformativo1\" id=\"1\"><span class=\"titulo\">ESTAT&Iacute;STICAS      DE ACESSO DO SERVI&Ccedil;O PROXY HTTP<\/span><\/a><\/li>\n<li><a href=\"\/dti\/#ainformativo2\" id=\"2\"><span class=\"titulo\">ESTAT&Iacute;STICAS      DE SISTEMA ANTI-SPAM DE JULHO\/2013<\/span><\/a><\/li>\n<li><a href=\"\/dti\/#ainformativo3\" id=\"3\"><span class=\"titulo\">DICAS      DE SITES INTERESSANTES<\/span><\/a><\/li>\n<li><a href=\"\/dti\/#ainformativo4\" id=\"4\"><span class=\"titulo\">UFMG      ABRE INSCRI&Ccedil;&Otilde;ES PARA PROVAS ESPEC&Iacute;FICAS DO VESTIBULAR      2014<\/span><\/a><\/li>\n<li><a href=\"\/dti\/#ainformativo5\" id=\"5\"><span class=\"titulo\">FUMP      RECEBE DOA&Ccedil;&Otilde;ES PARA CAMPANHA DO LIVRO CIRCULANTE<\/span><\/a><\/li>\n<li><a href=\"\/dti\/#ainformativo6\" id=\"6\"><span class=\"titulo\">H\u00e1 20 anos&#8230;<\/span><\/a><\/li>\n<\/ul>\n<\/div>\n<\/li>\n<li><a href=\"\/dti\/#eventos\">Eventos<\/a>\n<div class='submenuSistematico'>\n<ul>\n<li><a href=\"\/dti\/#aeventos1\" id=\"1\"><span class=\"titulo\">SOCIAIS<\/span><\/a><\/li>\n<li><a href=\"\/dti\/#aeventos2\" id=\"2\"><span class=\"titulo\">MEM&Oacute;RIA      FOTOGR&Aacute;FICA DO CECOM<\/span><\/a><\/li>\n<\/ul>\n<\/div>\n<\/li>\n<\/ul>\n<ul class='pdfSist'>\n<li><a href=\"https:\/\/www.ufmg.br\/dti\/wp-content\/uploads\/Sistematico_PDF\/Sist20_2013-A4.pdf\"><img loading=\"lazy\" decoding=\"async\" src=\"https:\/\/www.ufmg.br\/dti\/wp-content\/uploads\/Sistematico_PDF\/mini_pdf.gif\" width=\"30\" height=\"53\" border=\"0\"> Vers\u00e3o em PDF<\/a><\/li>\n<\/ul>\n<p> <a name='noticias'><\/a><\/p>\n<h4>Not\u00edcias<\/h4>\n<div class=\"centro-sistematico\">  <!-- noticias --> <a><\/a>   <\/p>\n<table border=\"0\" cellpadding=\"0\" cellspacing=\"0\">\n<tr>\n<td height=\"299\" align=\"LEFT\" valign=\"TOP\"><\/td>\n<td align=\"LEFT\" valign=\"TOP\">\n<p><a name=\"anoticias1\" id=\"1\"><span class=\"titulo\"><span class=\"titulo\">DTI      REALIZA ENCONTRO AMPLIADO<\/span><\/span><\/a><\/p>\n<p align=\"justify\"><span class=\"texto\"> A Diretoria de Tecnologia da Informa&ccedil;&atilde;o      &#8211; DTI &#8211; vai realizar um encontro de sua equipe t&eacute;cnica com os      t&eacute;cnicos de TI das unidades administrativas e acad&ecirc;micas      da UFMG. O encontro ser&aacute; na pr&oacute;xima quinta-feira, dia      05\/09, das 14h &agrave;s 17h, na sala de semin&aacute;rios 1010, da      Escola de Engenharia da UFMG.<\/p>\n<p>     O objetivo deste encontro &eacute; divulgar a&ccedil;&otilde;es e projetos;      integrar equipes; disseminar conhecimento. <\/p>\n<p>     Neste primeiro encontro ser&atilde;o abordados os seguintes temas:<\/p>\n<p>     1 &#8211; Helpdesk Unificado;<br \/>     2 &#8211; Atualiza&ccedil;&atilde;o dos equipamentos de rede;<br \/>     3 &#8211; Servi&ccedil;os VOIP e rede sem fio;<br \/>     4 &#8211; Rede GIGA e REDECOMEP.<br \/>     5 &#8211; Treinamento e intera&ccedil;&atilde;o com a DTI.<\/p>\n<p>     Est&atilde;o sendo esperados cerca de 60 t&eacute;cnicos das diversas      unidades da UFMG.<\/span><\/p>\n<p>     <a href=\"\/dti\/#topo\"><img loading=\"lazy\" decoding=\"async\" src=\"https:\/\/www.ufmg.br\/dti\/wp-content\/uploads\/imgs\/tudo_topo.gif\" width=\"35\" height=\"11\" alt=\"\" border=\"0\" hspace=\"0\" vspace=\"0\" align=\"right\"><br \/>     <\/a>    <\/p>\n<\/td>\n<\/tr>\n<tr>\n<td height=\"209\" align=\"LEFT\" valign=\"TOP\"><\/td>\n<td align=\"LEFT\" valign=\"TOP\">\n<p><a name=\"anoticias2\" id=\"2\"><span class=\"titulo\"><span class=\"titulo\">CECOM      E LCC PARTICIPAM DE F&Oacute;RUM DA RNP<\/span><\/span><\/a><\/p>\n<p align=\"justify\"><span class=\"texto\"> <\/span><span class=\"texto\">A Rede      Nacional de Ensino e Pesquisa (RNP) est&aacute; realizando, de 27 a      29 de agosto, em Bras&iacute;lia, o II F&oacute;rum RNP, encontro que      promove um amplo debate sobre o uso e a gest&atilde;o das tecnologias      da informa&ccedil;&atilde;o e comunica&ccedil;&atilde;o (TICs).<\/p>\n<p>     A edi&ccedil;&atilde;o deste ano tem como foco as comunidades de artes,      humanidades e cultura digital. Alguns dos temas s&atilde;o o impacto      das redes sociais nas institui&ccedil;&otilde;es, a digitaliza&ccedil;&atilde;o      e a preserva&ccedil;&atilde;o de acervos, e as tecnologias de super      alta resolu&ccedil;&atilde;o (4k e 8k) para transmiss&otilde;es em longa      dist&acirc;ncia. Segundo a organiza&ccedil;&atilde;o do evento, como      na edi&ccedil;&atilde;o anterior, as apresenta&ccedil;&otilde;es e debates      foram organizados em trilhas paralelas ao longo dos tr&ecirc;s dias      de evento.<\/p>\n<p>     Participando do evento, representando a DTI, est&atilde;o em Bras&iacute;lia      o Prof. M&aacute;rcio Luiz Bunte de Carvalho, Diretor do LCC; Soraya      Jardim Neves Alves Ferreira, do LCC; e Emerson Henrique Kfuri Pereira,      do CECOM.<\/span><\/p>\n<p>     <a href=\"\/dti\/#topo\"><img loading=\"lazy\" decoding=\"async\" src=\"https:\/\/www.ufmg.br\/dti\/wp-content\/uploads\/imgs\/tudo_topo.gif\" width=\"35\" height=\"11\" alt=\"\" border=\"0\" hspace=\"0\" vspace=\"0\" align=\"right\"><br \/>     <\/a>    <\/p>\n<\/td>\n<\/tr>\n<tr>\n<td height=\"478\" align=\"LEFT\" valign=\"TOP\"><\/td>\n<td align=\"LEFT\" valign=\"TOP\">\n<p><a name=\"anoticias3\" id=\"3\"><span class=\"titulo\">NOVO      MENOR DA CRUZ VERMELHA<\/span><\/a><\/p>\n<p align=\"justify\"><span class=\"texto\">O CECOM recebeu no dia 02 de agosto,      atrav&eacute;s do Conv&ecirc;nio UFMG\/Cruz Vermelha, o menor Maur&iacute;cio      de Souza.<\/p>\n<p>     Maur&iacute;cio foi lotado na Divis&atilde;o de Apoio Administrativo,      onde se encontra prestando servi&ccedil;os como Cont&iacute;nuo.<\/span><\/p>\n<p align=\"center\"><em><img loading=\"lazy\" decoding=\"async\" src=\"https:\/\/www.ufmg.br\/dti\/wp-content\/uploads\/fotos\/Ano%202013\/Agosto\/29-08-2013\/Entrada_Cruz_2013-02.jpg\" width=\"400\" height=\"275\"><\/em>      <br \/>     <em><strong><font face=\"1\"><span class=\"texto\"><strong><font face=\"2\"><span class=\"texto\"><font face=\"1\"><em>Maur&iacute;cio      de Souza<\/em><\/font><\/span><\/font><\/strong><\/span><\/font><\/strong><\/em><\/p>\n<p align=\"justify\">\n<\/td>\n<\/tr>\n<tr>\n<td height=\"482\" align=\"LEFT\" valign=\"TOP\"><\/td>\n<td align=\"LEFT\" valign=\"TOP\">\n<p><a name=\"anoticias4\" id=\"4\"><span class=\"titulo\">SA&Iacute;DA      DE ESTAGI&Aacute;RIO<\/span><\/a><\/p>\n<p align=\"justify\"><span class=\"texto\">O estagi&aacute;rio Andr&eacute;      Roberto Nery de Oliveira pediu demiss&atilde;o do quadro do CECOM no      &uacute;ltimo dia 27.<\/p>\n<p>     Andr&eacute; Roberto entrou para o CECOM em julho deste ano, lotado      na DAC &#8211; Divis&atilde;o de Atendimento e Consultoria, onde permaneceu      at&eacute; a sua sa&iacute;da.<\/span><\/p>\n<p align=\"center\"><img loading=\"lazy\" decoding=\"async\" src=\"https:\/\/www.ufmg.br\/dti\/wp-content\/uploads\/fotos\/Ano%202013\/Agosto\/29-08-2013\/Saida_Andre_DAC.jpg\" width=\"297\" height=\"272\"><br \/>     <em><strong><font face=\"1\"><span class=\"texto\"><strong><font face=\"2\"><span class=\"texto\"><font face=\"1\"><em>Andr&eacute;      Roberto <\/em><\/font><\/span><\/font><\/strong><\/span><\/font><\/strong><\/em><\/p>\n<p align=\"justify\">\n<\/td>\n<\/tr>\n<p>  <!-- #BeginEditable \"materias\" --> <!-- #EndEditable -->  <\/table>\n<table border=\"0\" cellpadding=\"0\" cellspacing=\"0\">\n<tr>\n<td align=\"LEFT\" valign=\"TOP\"><\/td>\n<td align=\"LEFT\" valign=\"TOP\">&nbsp;<\/td>\n<\/tr>\n<p>  <!-- #BeginEditable \"materias\" --> <!-- #EndEditable -->  <\/table>\n<\/div>\n<p><a name='informativo'><\/a><\/p>\n<h4>Informativo<\/h4>\n<div class=\"centro-sistematico\">  <!-- noticias --> <a><\/a>  <\/p>\n<table border=\"0\" cellspacing=\"0\" cellpadding=\"0\">\n<tr>\n<td><\/td>\n<td><\/td>\n<\/tr>\n<p>  <!-- #BeginEditable \"materias\" --> <!-- #EndEditable -->  <\/table>\n<p> <!-- fim noticias --> <!-- tabela ha 20 anos --> <\/p>\n<table border=\"0\" cellpadding=\"0\" cellspacing=\"0\" bgcolor=\"#FFFFFF\">\n<tr>\n<td height=\"626\" align=\"LEFT\" valign=\"TOP\"><\/td>\n<td align=\"LEFT\" valign=\"TOP\">\n<p align=\"left\"><span class=\"texto\"><a name=\"ainformativo1\" id=\"1\"><span class=\"titulo\">ESTAT&Iacute;STICAS      DE ACESSO DO SERVI&Ccedil;O PROXY HTTP<\/span><\/a><\/span><\/p>\n<p align=\"justify\"><span class=\"texto\"> <\/span><span class=\"texto\">Destinado      a diminuir o tr&aacute;fego de navega&ccedil;&atilde;o na RNP e acelerar      o acesso de m&aacute;quinas internas e sites externos, a UFMG conta      com o servi&ccedil;o de proxy HTTP, implantado em abril\/2006. Todos      os meses, O Sistem&aacute;tico tem publicado as estat&iacute;sticas      de acesso a esse servi&ccedil;o.<\/p>\n<p>     At&eacute; o dia 31 de julho de 2013, foram registrados 14.292 usu&aacute;rios      diferentes acessando o sistema desde a sua implanta&ccedil;&atilde;o.      O gr&aacute;fico abaixo mostra o total de registros mensais.<\/p>\n<p>     Para quem est&aacute; fora da Rede UFMG (por exemplo, acessando a Internet      de casa), o proxy permite o acesso a sites n&atilde;o p&uacute;blicos,      como os apontados pelo Portal CAPES.<\/p>\n<p>     A queda acentuada no uso do Proxy teve in&iacute;cio com a ado&ccedil;&atilde;o      do acesso direto com a autentica&ccedil;&atilde;o via comunidade CAFe.<\/span><\/p>\n<p align=\"center\"><span class=\"texto\"><img loading=\"lazy\" decoding=\"async\" src=\"https:\/\/www.ufmg.br\/dti\/wp-content\/uploads\/fotos\/Ano%202013\/Agosto\/29-08-2013\/Proxy-jul13.jpg\" width=\"500\" height=\"316\"><br \/>     <\/span><span class=\"texto\"><br \/>     <\/span><span class=\"texto\"><\/span><span class=\"texto\"><br \/>     <\/span>    <\/p>\n<\/td>\n<\/tr>\n<tr>\n<td height=\"118\" align=\"LEFT\" valign=\"TOP\"><\/td>\n<td align=\"LEFT\" valign=\"TOP\">\n<p align=\"left\"><span class=\"texto\"><a name=\"ainformativo2\" id=\"2\"><span class=\"titulo\">ESTAT&Iacute;STICAS      DE SISTEMA ANTI-SPAM DE JULHO\/2013<\/span><\/a><\/span><\/p>\n<p align=\"justify\"><span class=\"texto\"> <\/span><span class=\"texto\">Desde      o m&ecirc;s de abril\/2004, o site do CECOM passou a publicar texto explicativo      e gr&aacute;fico com o total de mensagens analisadas, para que possa      conhecer mais claramente o volume de mensagens que chega &agrave; UFMG,      como elas s&atilde;o classificadas e as a&ccedil;&otilde;es tomadas.      Essas informa&ccedil;&otilde;es est&atilde;o dispon&iacute;veis em http:\/\/www.cecom.      ufmg.br\/se_redes.shtml.<\/p>\n<p>     No gr&aacute;fico e nas tabelas seguintes, as mensagens s&atilde;o classificadas      como rejeitadas ou aceitas. Se aceitas, seu conte&uacute;do &eacute;      analisado para se checar se s&atilde;o <strong><em>v&aacute;lidas<\/em><\/strong>,      <strong><em>spam<\/em><\/strong> ou cont&ecirc;m <strong><em>v&iacute;rus<\/em><\/strong>.<\/p>\n<p>     No m&ecirc;s de julho\/2013, os n&uacute;meros totais analisados pelo      sistema foram os seguintes: <\/span><\/p>\n<table width=\"100%\" border=\"1\">\n<tr>\n<td width=\"14%\">\n<div align=\"center\"><strong><font face=\"2\">V&aacute;lidas<\/font><\/strong><\/div>\n<\/td>\n<td width=\"12%\">\n<div align=\"center\"><strong><font face=\"2\">V&iacute;rus<\/font><\/strong><\/div>\n<\/td>\n<td width=\"13%\">\n<div align=\"center\"><strong><font face=\"2\">Spam<\/font><\/strong><\/div>\n<\/td>\n<td width=\"18%\">\n<div align=\"center\"><strong><font face=\"2\">Total         aceitas <\/font><\/strong><\/div>\n<\/td>\n<td width=\"19%\">\n<div align=\"center\"><strong><font face=\"2\">Rejeitadas<\/font><\/strong><\/div>\n<\/td>\n<td width=\"24%\">\n<div align=\"center\"><strong><font face=\"2\">Total         Geral <\/font><\/strong><\/div>\n<\/td>\n<\/tr>\n<tr>\n<td>\n<div align=\"center\"><font face=\"1.5\">553.250<\/font><\/div>\n<\/td>\n<td>\n<div align=\"center\"><font face=\"1.5\">120<\/font><\/div>\n<\/td>\n<td>\n<div align=\"center\"><font face=\"1.5\">421.028<\/font><\/div>\n<\/td>\n<td>\n<div align=\"center\"><font face=\"1.5\">974.398<\/font><\/div>\n<\/td>\n<td>\n<div align=\"center\"><font face=\"1.5\">11.309.403<\/font><\/div>\n<\/td>\n<td>\n<div align=\"center\"><font face=\"1.5\">12.283.801<\/font><\/div>\n<\/td>\n<\/tr>\n<\/table>\n<p align=\"justify\"><span class=\"texto\"> As m&eacute;dias di&aacute;rias      durante o m&ecirc;s de julho foram as seguintes: <\/span><\/p>\n<table width=\"100%\" border=\"1\">\n<tr>\n<td width=\"14%\">\n<div align=\"center\"><strong><font face=\"2\">V&aacute;lidas<\/font><\/strong><\/div>\n<\/td>\n<td width=\"12%\">\n<div align=\"center\"><strong><font face=\"2\">V&iacute;rus<\/font><\/strong><\/div>\n<\/td>\n<td width=\"13%\">\n<div align=\"center\"><strong><font face=\"2\">Spam<\/font><\/strong><\/div>\n<\/td>\n<td width=\"18%\">\n<div align=\"center\"><strong><font face=\"2\">Total         aceitas <\/font><\/strong><\/div>\n<\/td>\n<td width=\"19%\">\n<div align=\"center\"><strong><font face=\"2\">Rejeitadas<\/font><\/strong><\/div>\n<\/td>\n<td width=\"24%\">\n<div align=\"center\"><strong><font face=\"2\">Total         Geral <\/font><\/strong><\/div>\n<\/td>\n<\/tr>\n<tr>\n<td>\n<div align=\"center\"><font face=\"1.5\">17.847<\/font><\/div>\n<\/td>\n<td>\n<div align=\"center\"><font face=\"1.5\">4<\/font><\/div>\n<\/td>\n<td>\n<div align=\"center\"><font face=\"1.5\">13.582<\/font><\/div>\n<\/td>\n<td>\n<div align=\"center\"><font face=\"1.5\">31.432<\/font><\/div>\n<\/td>\n<td>\n<div align=\"center\"><font face=\"1.5\">364.819<\/font><\/div>\n<\/td>\n<td>\n<div align=\"center\"><font face=\"1.5\">396.252<\/font><\/div>\n<\/td>\n<\/tr>\n<\/table>\n<p align=\"center\"><span class=\"texto\"><img loading=\"lazy\" decoding=\"async\" src=\"https:\/\/www.ufmg.br\/dti\/wp-content\/uploads\/fotos\/Ano%202013\/Agosto\/29-08-2013\/estat_virus_julho2013.jpg\" width=\"500\" height=\"419\"><br \/>     <\/span><span class=\"texto\"><br \/>     <\/span><span class=\"texto\"><\/span><span class=\"texto\"><br \/>     <\/span>    <\/p>\n<\/td>\n<\/tr>\n<tr>\n<td height=\"118\" align=\"LEFT\" valign=\"TOP\"><\/td>\n<td align=\"LEFT\" valign=\"TOP\">\n<p align=\"left\"><span class=\"texto\"><a name=\"ainformativo3\" id=\"3\"><span class=\"titulo\">DICAS      DE SITES INTERESSANTES<\/span><\/a><\/span><\/p>\n<p align=\"justify\"><span class=\"texto\"> <\/span><span class=\"texto\">Adyrus,      o ca&ccedil;ador de sites, enviou as seguintes dicas:<\/p>\n<p>     &#8211; Jogo para o navegador Google Chrome pelo seu telefone e computador      juntos num jogo cl&aacute;ssico. O &#8220;Roll It&#8221; &eacute; um      novo experimento para o navegador Chrome. Pegue seu telefone, segure      firme, e role uma bola para a direita ou para a esquerda em seu computador.      <a href=\"http:\/\/chrome.com\/campaigns\/rollit\">Clique<\/a>.<\/p>\n<p>     &#8211; Baby&amp;me: o aplicativo Android gratuito transforma adultos da foto      em crian&ccedil;as. <a href=\"https:\/\/play.google.%20com\/store\/apps\/details?id=com.evian%20babyandmereloaded.%20android&amp;hl=pt_BR\">Veja      no endere&ccedil;o<\/a>.<\/p>\n<p>     &#8211; Elixir 2 &eacute; uma aplica&ccedil;&atilde;o de sistema de informa&ccedil;&atilde;o      com widgets altamente configur&aacute;vel. Exibe informa&ccedil;&otilde;es      sobre hardware: bateria, armazenamento interno \/ externo, CPU, mem&oacute;ria,      telefonia, WiFi, Bluetooth, NFC, localiza&ccedil;&atilde;o, visualiza&ccedil;&atilde;o,      &aacute;udio, modo avi&atilde;o, m&aacute;quina fotogr&aacute;fica,      c&acirc;mera de v&iacute;deo, dispositivos de entrada, usb. Mostra informa&ccedil;&otilde;es      de software: a sincroniza&ccedil;&atilde;o, acessibilidade, constru&ccedil;&atilde;o,      sistema operacional, configura&ccedil;&otilde;es, configura&ccedil;&atilde;o,      &aacute;rea de transfer&ecirc;ncia, drm, vari&aacute;veis de ambiente,      caracter&iacute;sticas, java, os efeitos da m&iacute;dia e outros. <a href=\"https:\/\/play.google.com\/store\/apps\/details?id=com.bartat.android.elixir%20&amp;hl=en\">Visite      o endere&ccedil;o<\/a>.<\/p>\n<p>     Dicas do Eugenio Pacelli Pereira de Souza, da DAC:<\/p>\n<p>     &#8211; Gostaria de saber se existe alguma forma&ccedil;&atilde;o oferecida      pelo governo para os jovens empreendedores. Uma esp&eacute;cie de Pronatec      para o empreendedorismo? Se sim, como me candidatar? <a href=\"http:\/\/pronatecempreendedor.sebrae.%20com.br\/\">Clique<\/a>      para saber a resposta.<\/p>\n<p>     &#8211; Como bom educador, voc&ecirc; deve estar se perguntando: &#8220;ora,      em sua ess&ecirc;ncia, por acaso existe educa&ccedil;&atilde;o que n&atilde;o      seja transformadora, que n&atilde;o potencialize mudan&ccedil;as, que      n&atilde;o seja&#8230; empreendedora?&#8221; Sim, como todos os que militam      na Educa&ccedil;&atilde;o sabemos, infelizmente ainda existe uma pr&aacute;tica      que privilegia a transmiss&atilde;o est&aacute;tica e acr&iacute;tica      de dados e informa&ccedil;&otilde;es, sem estimular reflex&otilde;es      nem t&atilde;o pouco a aplica&ccedil;&atilde;o dos saberes na forma      de a&ccedil;&otilde;es positivamente transformadoras. <a href=\"http:\/\/pronatecempreendedor.sebrae.com.br\/customizacoes\/Apresentacao\/_doc\/caderno_apresentacao%20_pronatec.pdf\">Veja<\/a>.<\/p>\n<p>     &#8211; Dificuldade em ler frases simples, se atrapalha com os sons ou significados      das palavras? Em turmas numerosas, muitos professores talvez n&atilde;o      consigam identificar que situa&ccedil;&otilde;es como essas podem ser      muito mais do que um mero desnivelamento entre alunos, mas algumas das      caracter&iacute;sticas da dislexia. <a href=\"http:\/\/porvir.org\/porfazer\/curso-gratuito-ajuda-docente-lidar-dislexia\/20130723\">Saiba      mais no endere&ccedil;o<\/a>.<br \/>     <\/span><span class=\"texto\"><br \/>     <\/span><span class=\"texto\"><\/span><span class=\"texto\"><br \/>     <\/span>    <\/p>\n<\/td>\n<\/tr>\n<tr>\n<td height=\"468\" align=\"LEFT\" valign=\"TOP\"><\/td>\n<td align=\"LEFT\" valign=\"TOP\">\n<p align=\"left\"><span class=\"texto\"><a name=\"ainformativo4\" id=\"4\"><span class=\"titulo\">UFMG      ABRE INSCRI&Ccedil;&Otilde;ES PARA PROVAS ESPEC&Iacute;FICAS DO VESTIBULAR      2014<\/span><\/a><\/span><\/p>\n<p align=\"justify\"><span class=\"texto\">Somente candidatos aos cursos de      Artes Visuais, Cinema de Anima&ccedil;&atilde;o e Artes Digitais, Conserva&ccedil;&atilde;o      e Restaura&ccedil;&atilde;o de Bens M&oacute;veis, Dan&ccedil;a, Design,      Design de Moda, M&uacute;sica e Teatro dever&atilde;o se inscrever para      as provas de habilidades da segunda etapa do Vestibular UFMG 2014 at&eacute;      19 de setembro de 2013. As provas ser&atilde;o aplicadas de 13 a 15      de janeiro de 2014.<\/p>\n<p>     Com ades&atilde;o da UFMG ao Sistema de Sele&ccedil;&atilde;o Unificada      (Sisu), do Minist&eacute;rio da Educa&ccedil;&atilde;o, os candidatos      &agrave;s vagas de gradua&ccedil;&atilde;o presencial, inclusive remanescentes      de transfer&ecirc;ncia e obten&ccedil;&atilde;o de novo t&iacute;tulo,      ser&atilde;o selecionados em uma &uacute;nica etapa, exclusivamente      com base nos resultados do Enem 2013. J&aacute; os candidatos aos cursos      listados acima dever&atilde;o fazer o Enem e tamb&eacute;m as provas      de habilidades. <\/p>\n<p>     As inscri&ccedil;&otilde;es ao Concurso Vestibular 2014 (Habilidades)      da UFMG ser&atilde;o feitas exclusivamente pela internet no endere&ccedil;o      www.ufmg.br\/copeve. Realizada a inscri&ccedil;&atilde;o, cuja taxa &eacute;      de R$ 110, 00, o candidato dever&aacute; se manter atento &agrave;s      atualiza&ccedil;&otilde;es divulgadas na p&aacute;gina da Copeve, bem      como a quaisquer outros editais que venham ser publicados pela UFMG      antes da realiza&ccedil;&atilde;o do Concurso. <\/p>\n<p>     Mais informa&ccedil;&otilde;es nos editais que tamb&eacute;m est&atilde;o      dispon&iacute;veis no endere&ccedil;o www.ufmg.br\/copeve , ou telefone      (31) 3409-4408. <\/p>\n<p>     (http:\/\/web.cpv.ufmg.br\/Arquivos\/2013\/Edital_Vestibular_2014_ HABILIDADES.pdf)<\/p>\n<p>     <em>(Fonte: Cedecom &#8211; Assessoria de Imprensa &#8211; 27\/08\/2013<\/em>)<\/span><span class=\"texto\"><\/p>\n<p>     <\/span>    <\/p>\n<\/td>\n<\/tr>\n<tr>\n<td height=\"441\" align=\"LEFT\" valign=\"TOP\"><\/td>\n<td align=\"LEFT\" valign=\"TOP\">\n<p align=\"left\"><span class=\"texto\"><a name=\"ainformativo5\" id=\"5\"><span class=\"titulo\">FUMP      RECEBE DOA&Ccedil;&Otilde;ES PARA CAMPANHA DO LIVRO CIRCULANTE<\/span><\/a><\/span><\/p>\n<p align=\"justify\"><span class=\"texto\">Com o objetivo de estimular o h&aacute;bito      de leitura no ambiente acad&ecirc;mico, a Funda&ccedil;&atilde;o Universit&aacute;ria      Mendes Pimentel (Fump) retorma a Campanha Livro Circulante. O projeto      j&aacute; disponibilizou, nos campi da UFMG, centenas de t&iacute;tulos      liter&aacute;rios que est&atilde;o sendo compartilhados por estudantes      e servidores da Universidade. <\/p>\n<p>     Agora a campanha inicia uma nova etapa de arrecada&ccedil;&atilde;o.      Quem quiser aderir ao projeto pode doar os livros na sede da Fump (Av.      Ant&ocirc;nio Abrah&atilde;o Caram, 610, sala 601), na unidade da Institui&ccedil;&atilde;o      no campus Pampulha (ao lado do Restaurante Universit&aacute;rio Setorial      II) e tamb&eacute;m na Coordenadoria Montes Claros, que fica no Instituto      de Ci&ecirc;ncias Agr&aacute;rias (ICA). Os exemplares ser&atilde;o      catalogados e disponibilizados nos campi da UFMG.<\/p>\n<p>     A pessoa que encontra um livro identificado com a marca da campanha      se torna propriet&aacute;ria dele por alguns dias. Por&eacute;m, depois      de l&ecirc;-lo, deve faz&ecirc;-lo circular no meio acad&ecirc;mico      para que outros tenham acesso &agrave;quela obra. <\/p>\n<p>     Caso voc&ecirc; tenha livros que n&atilde;o queira reler, coloque-os      nesta corrente e fa&ccedil;a-os chegar &agrave;s m&atilde;os de outros      leitores. Incentive a circula&ccedil;&atilde;o de livros! <\/p>\n<p>     Mais informa&ccedil;&otilde;es no link:http:\/\/ww2.fump.ufmg.br\/conteudo.aspx?pagina      =169 <\/p>\n<p>     (<em>Fonte: Assessoria de Comunica&ccedil;&atilde;o Social (ACS) Funda&ccedil;&atilde;o      Universit&aacute;ria Mendes Pimentel (Fump) &#8211; 21\/08\/2013<\/em>)<\/p>\n<p>     <\/span>    <\/p>\n<\/td>\n<\/tr>\n<tr>\n<td align=\"LEFT\" valign=\"TOP\"><\/td>\n<td align=\"LEFT\" valign=\"TOP\">&nbsp;<\/td>\n<\/tr>\n<tr bgcolor=\"#FFFFFF\" class=\"cinza\">\n<td height=\"137\"><img loading=\"lazy\" decoding=\"async\" src=\"https:\/\/www.ufmg.br\/dti\/wp-content\/uploads\/imgs\/tudo_pixel.gif\" width=\"1\" height=\"1\" alt=\"\" border=\"0\"><\/td>\n<td align=\"LEFT\" valign=\"TOP\"><!-- #BeginEditable \"ha%2020%20anos\" -->     <\/p>\n<div align=\"justify\">\n<p><a name=\"ainformativo6\" id=\"6\"><span class=\"titulo\">H\u00e1 20 anos&#8230;<\/span><\/a><\/p>\n<p>      <span class=\"texto\"> O Sistem&aacute;tico Ano XVII, no 27, de 26\/08\/1993,       publicou not&iacute;cias sobre Projeto de Melhoria da Qualidade do       CECOM, treinamento no uso do Hermes, curso de Ingl&ecirc;s Instrumental,       reuni&atilde;o de diretores de CPDs das IFES, reuni&atilde;o mensal       com a MSA, entre outras.<\/span><\/p>\n<\/p><\/div>\n<div align=\"justify\">\n<p><span class=\"texto\"><\/span><\/p>\n<\/p><\/div>\n<p>    <!-- #EndEditable --><\/td>\n<\/tr>\n<tr>\n<td width=\"12\" align=\"LEFT\" valign=\"TOP\">&nbsp;<\/td>\n<td align=\"LEFT\" valign=\"TOP\">\n<p align=\"left\"><span class=\"texto\"> <\/span>    <\/p>\n<\/td>\n<\/tr>\n<p>  <!-- #BeginEditable \"materias\" --> <!-- #EndEditable -->  <\/table>\n<p> <!-- fim tabela ha 20 anos --><\/div>\n<p><a name='eventos'><\/a><\/p>\n<h4>Eventos<\/h4>\n<div class=\"centro-sistematico\">  <!-- noticias --> <\/p>\n<table border=\"0\" cellpadding=\"0\" cellspacing=\"0\">\n<tr>\n<td align=\"LEFT\" valign=\"TOP\">&nbsp;<\/td>\n<td align=\"LEFT\" valign=\"TOP\">&nbsp;<\/td>\n<\/tr>\n<p>  <!-- #BeginEditable \"materias\" --> <!-- #EndEditable -->  <\/table>\n<table border=\"0\" cellspacing=\"0\" cellpadding=\"0\">\n<tr>\n<td><\/td>\n<td><\/td>\n<\/tr>\n<tr>\n<td height=\"154\" align=\"LEFT\" valign=\"TOP\"><\/td>\n<td align=\"LEFT\" valign=\"TOP\">\n<p><a name=\"aeventos1\" id=\"1\"><span class=\"titulo\">SOCIAIS<\/span><\/a><\/p>\n<p align=\"justify\" class=\"texto\"><strong>ANIVERS&Aacute;RIOS:<em> <\/em><\/strong><em>&#8220;O      Sistem&aacute;tico&#8221; envia os parab&eacute;ns atrasados para B&aacute;rbara      Soares de Souza, no dia 22; e Gustavo Aur&eacute;lio dos Santos Diniz,      no dia 28. Os parab&eacute;ns, em dia, para: Renato Adriano Pires Domingos,      no dia 31; Edir Cabral de Lacerda Ferreira e Leandro Damasceno Pio,      no dia 02 de setembro; Jos&eacute; Eug&ecirc;nio de Assis Gon&ccedil;alves,      no dia 04; Guilherme Viegas de Faria, no dia 05; e para os ex-ceconianos:      Francimara Teixeira Garcia, no dia 29; Andr&eacute; Maur&iacute;cio      Lopes da Gama Cerqueira e M&eacute;rcia Aparecida Lemos, no dia 31;      Ana Carolina Borges de Andrade, Eliz&acirc;ngela Souza Prado e Roberto      Simone Maciel J&uacute;nior, no dia 1o de setembro; Fabr&iacute;cio      Duarte Nogueira. no dia 02; Cl&aacute;udia Machado Valente, no dia 03;      Leandro Souza Costa, V&acirc;nia M&aacute;rcia Paiva Pacheco e Glaura      da Concei&ccedil;&atilde;o Franco, no dia 04; Laertes Junqueira e Ac&aacute;cio      Ant&ocirc;nio Vieira Monteiro, no dia 05.<\/em><\/p>\n<p align=\"justify\" class=\"texto\"><span class=\"texto\"><\/p>\n<p>     <\/span><\/p>\n<\/td>\n<\/tr>\n<tr>\n<td height=\"169\" align=\"LEFT\" valign=\"TOP\"><\/td>\n<td align=\"LEFT\" valign=\"TOP\">\n<p><a name=\"aeventos2\" id=\"2\"><span class=\"titulo\">MEM&Oacute;RIA      FOTOGR&Aacute;FICA DO CECOM<\/span><\/a><\/p>\n<p align=\"justify\" class=\"texto\"> No dia 13 de agosto de 2013, os futuros      papais ceconianos Emerson Henrique Kfuri Pereira e Euler Xavier de Oliveira      realizaram um Ch&aacute; de Fraldas na Sala de Conviv&ecirc;ncia do      8o andar. O evento, organizado pela Vicentina, contou com a presen&ccedil;a      de muitos ceconianos que se prontificaram em trazer as fraldas para      Miguel (do Emerson) e Isabelle (do Euler). As fotos s&atilde;o de autoria      da Vicentina. <\/p>\n<p align=\"center\" class=\"texto\"><img loading=\"lazy\" decoding=\"async\" src=\"https:\/\/www.ufmg.br\/dti\/wp-content\/uploads\/fotos\/Ano%202013\/Agosto\/29-08-2013\/ChaFraldas_Emerson_Euler.jpg\" width=\"500\" height=\"320\">      <em><strong><font face=\"1\"><span class=\"texto\"><strong><font face=\"2\"><span class=\"texto\"><font face=\"1\"><em><br \/>     O casal Emerson e Carol e Euler<\/em><\/font><\/span><\/font><\/strong><\/span><\/font><\/strong><\/em><\/p>\n<p align=\"center\" class=\"texto\"><img loading=\"lazy\" decoding=\"async\" src=\"https:\/\/www.ufmg.br\/dti\/wp-content\/uploads\/fotos\/Ano%202013\/Agosto\/29-08-2013\/ChaFraldas_Emerson_Euler_-_Balcao.jpg\" width=\"500\" height=\"325\"><br \/>     <em><strong><font face=\"1\"><span class=\"texto\"><strong><font face=\"2\"><span class=\"texto\"><font face=\"1\"><em>Thiago      Diniz, Carlos Roberto, Emerson e Carol<\/em><\/font><\/span><\/font><\/strong><\/span><\/font><\/strong><\/em><\/p>\n<p align=\"center\" class=\"texto\"><img loading=\"lazy\" decoding=\"async\" src=\"https:\/\/www.ufmg.br\/dti\/wp-content\/uploads\/fotos\/Ano%202013\/Agosto\/29-08-2013\/ChaFraldas_Emerson_Euler_-_GeralFundo.jpg\" width=\"500\" height=\"281\"><br \/>     <span class=\"texto\"><strong><font face=\"2\"><span class=\"texto\"><font face=\"1\"><em>Bianca,      Frota, Jos&eacute; Eug&ecirc;nio, Eug&ecirc;nio, Max, Rafael Rocha,      Diego, Euler e Matheus<\/em><\/font><\/span><\/font><\/strong><\/span><\/p>\n<p align=\"center\" class=\"texto\"><img loading=\"lazy\" decoding=\"async\" src=\"https:\/\/www.ufmg.br\/dti\/wp-content\/uploads\/fotos\/Ano%202013\/Agosto\/29-08-2013\/ChaFraldas_Emerson_Euler_-_MesaFrente.jpg\" width=\"500\" height=\"328\"><br \/>     <span class=\"texto\"><strong><font face=\"2\"><span class=\"texto\"><font face=\"1\"><em>Eust&aacute;quio,      Denise, Diego, Le&atilde;o e Raimundo<\/p>\n<p>     <img loading=\"lazy\" decoding=\"async\" src=\"https:\/\/www.ufmg.br\/dti\/wp-content\/uploads\/fotos\/Ano%202013\/Agosto\/29-08-2013\/ChaFraldas_Emerson_Euler_-_MesaFundo.jpg\" width=\"500\" height=\"291\">      <br \/>     <span class=\"texto\"><strong><font face=\"2\"><span class=\"texto\"><font face=\"1\"><em>A<\/em><\/font><\/span><\/font><\/strong><\/span>      mesa com os salgados<\/em><\/font><\/span><\/font><\/strong><\/span><\/p>\n<p align=\"justify\" class=\"texto\"><span class=\"texto\"><\/p>\n<p>     <\/span><\/p>\n<\/td>\n<\/tr>\n<p>  <!-- #BeginEditable \"materias\" --> <!-- #EndEditable -->  <\/table>\n<p> <!-- fim noticias --> <\/p>\n<table border=\"0\" cellpadding=\"0\" cellspacing=\"0\">\n<tr>\n<td width=\"276\" align=\"LEFT\" valign=\"TOP\">&nbsp;<\/td>\n<td width=\"274\" align=\"LEFT\" valign=\"TOP\">&nbsp;<\/td>\n<\/tr>\n<p>  <!-- #BeginEditable \"materias\" --> <!-- #EndEditable -->  <\/table>\n<\/div>\n","protected":false},"excerpt":{"rendered":"<p>Not\u00edcias DTI REALIZA ENCONTRO AMPLIADO CECOM E LCC PARTICIPAM DE F&Oacute;RUM DA RNP NOVO MENOR DA CRUZ VERMELHA SA&Iacute;DA DE ESTAGI&Aacute;RIO Informativo ESTAT&Iacute;STICAS DE ACESSO DO SERVI&Ccedil;O PROXY HTTP ESTAT&Iacute;STICAS DE SISTEMA ANTI-SPAM DE JULHO\/2013 DICAS DE SITES INTERESSANTES UFMG ABRE INSCRI&Ccedil;&Otilde;ES PARA PROVAS ESPEC&Iacute;FICAS DO VESTIBULAR 2014 FUMP RECEBE DOA&Ccedil;&Otilde;ES PARA CAMPANHA DO LIVRO &#8230; <a title=\"Sistem\u00e1tico: Edi\u00e7\u00e3o 1583 &#8211; 29\/08\/2013\" class=\"read-more\" href=\"https:\/\/www.ufmg.br\/dti\/2013\/08\/29\/sistematico-edicao-1583-29082013\/\" aria-label=\"Read more about Sistem\u00e1tico: Edi\u00e7\u00e3o 1583 &#8211; 29\/08\/2013\">Ler mais<\/a><\/p>\n","protected":false},"author":3,"featured_media":0,"comment_status":"open","ping_status":"open","sticky":false,"template":"","format":"standard","meta":{"inline_featured_image":false,"footnotes":""},"categories":[13],"tags":[],"coauthors":[79],"class_list":["post-2898","post","type-post","status-publish","format-standard","hentry","category-sistematico"],"_links":{"self":[{"href":"https:\/\/www.ufmg.br\/dti\/wp-json\/wp\/v2\/posts\/2898","targetHints":{"allow":["GET"]}}],"collection":[{"href":"https:\/\/www.ufmg.br\/dti\/wp-json\/wp\/v2\/posts"}],"about":[{"href":"https:\/\/www.ufmg.br\/dti\/wp-json\/wp\/v2\/types\/post"}],"author":[{"embeddable":true,"href":"https:\/\/www.ufmg.br\/dti\/wp-json\/wp\/v2\/users\/3"}],"replies":[{"embeddable":true,"href":"https:\/\/www.ufmg.br\/dti\/wp-json\/wp\/v2\/comments?post=2898"}],"version-history":[{"count":0,"href":"https:\/\/www.ufmg.br\/dti\/wp-json\/wp\/v2\/posts\/2898\/revisions"}],"wp:attachment":[{"href":"https:\/\/www.ufmg.br\/dti\/wp-json\/wp\/v2\/media?parent=2898"}],"wp:term":[{"taxonomy":"category","embeddable":true,"href":"https:\/\/www.ufmg.br\/dti\/wp-json\/wp\/v2\/categories?post=2898"},{"taxonomy":"post_tag","embeddable":true,"href":"https:\/\/www.ufmg.br\/dti\/wp-json\/wp\/v2\/tags?post=2898"},{"taxonomy":"author","embeddable":true,"href":"https:\/\/www.ufmg.br\/dti\/wp-json\/wp\/v2\/coauthors?post=2898"}],"curies":[{"name":"wp","href":"https:\/\/api.w.org\/{rel}","templated":true}]}}