{"id":2901,"date":"2013-07-04T08:00:00","date_gmt":"2013-07-04T08:00:00","guid":{"rendered":"https:\/\/www.ufmg.br\/dti\/cecom\/?p=1050"},"modified":"2013-07-04T08:00:00","modified_gmt":"2013-07-04T08:00:00","slug":"sistematico-edicao-1579-04072013","status":"publish","type":"post","link":"https:\/\/www.ufmg.br\/dti\/2013\/07\/04\/sistematico-edicao-1579-04072013\/","title":{"rendered":"Sistem\u00e1tico: Edi\u00e7\u00e3o 1579 &#8211; 04\/07\/2013"},"content":{"rendered":"<ul>\n<li><a href=\"\/dti\/#noticias\">Not\u00edcias<\/a>\n<div class='submenuSistematico'>\n<ul>\n<li><a href=\"\/dti\/#anoticias1\" id=\"1\"><span class=\"titulo\"><span class=\"titulo\">DRC      INSTALA NOVO SERVIDOR ANTISPAM<\/span><\/span><\/a><\/li>\n<li><a href=\"\/dti\/#anoticias2\" id=\"2\"><span class=\"titulo\"><span class=\"titulo\">UFMG      VOLTA &Agrave; REDE EDUROAM<\/span><\/span><\/a><\/li>\n<li><a href=\"\/dti\/#anoticias3\" id=\"3\"><span class=\"titulo\">FUNCION&Aacute;RIO      DO CECOM PARTICIPA DE TREINAMENTO NA RNP<\/span><\/a><\/li>\n<li><a href=\"\/dti\/#anoticias4\" id=\"4\"><span class=\"titulo\">NOVO      ESTAGI&Aacute;RIO DO CECOM<\/span><\/a><\/li>\n<\/ul>\n<\/div>\n<\/li>\n<li><a href=\"\/dti\/#informativo\">Informativo<\/a>\n<div class='submenuSistematico'>\n<ul>\n<li><a href=\"\/dti\/#ainformativo1\" id=\"1\"><span class=\"titulo\">ESTAT&Iacute;STICAS      DE SISTEMA ANTI-SPAM DE JUNHO\/2013<\/span><\/a><\/li>\n<li><a href=\"\/dti\/#ainformativo2\" id=\"2\"><span class=\"titulo\">DICAS      DE SITES INTERESSANTES<\/span><\/a><\/li>\n<li><a href=\"\/dti\/#ainformativo3\" id=\"3\"><span class=\"titulo\">BRASILEIROS      S&Atilde;O OS PROFISSIONAIS MAIS ESTRESSADOS DO MUNDO<\/span><\/a><\/li>\n<li><a href=\"\/dti\/#ainformativo4\" id=\"4\"><span class=\"titulo\">UFMG      JOVEM ABRE COM TRABALHOS SOBRE &Aacute;GUA<\/span><\/a><\/li>\n<li><a href=\"\/dti\/#ainformativo5\" id=\"5\"><span class=\"titulo\">&Ocirc;NIBUS      INTERNO CIRCULA COM HOR&Aacute;RIO DE F&Eacute;RIAS<\/span><\/a><\/li>\n<li><a href=\"\/dti\/#ainformativo6\" id=\"6\"><span class=\"titulo\">H\u00e1 20 anos&#8230;<\/span><\/a><\/li>\n<\/ul>\n<\/div>\n<\/li>\n<li><a href=\"\/dti\/#eventos\">Eventos<\/a>\n<div class='submenuSistematico'>\n<ul>\n<li><a href=\"\/dti\/#aeventos1\" id=\"1\"><span class=\"titulo\">COMEMORA&Ccedil;&Atilde;O      DOS ANIVERS&Aacute;RIOS DO TRIMESTRE<\/span><\/a><\/li>\n<li><a href=\"\/dti\/#aeventos2\" id=\"2\"><span class=\"titulo\">SOCIAIS<\/span><\/a><\/li>\n<li><a href=\"\/dti\/#aeventos3\" id=\"3\"><span class=\"titulo\">MEM&Oacute;RIA      FOTOGR&Aacute;FICA DO CECOM<\/span><\/a><\/li>\n<\/ul>\n<\/div>\n<\/li>\n<\/ul>\n<ul class='pdfSist'>\n<li><a href=\"https:\/\/www.ufmg.br\/dti\/wp-content\/uploads\/Sistematico_PDF\/Sist16_2013-A4.pdf\"><img loading=\"lazy\" decoding=\"async\" src=\"https:\/\/www.ufmg.br\/dti\/wp-content\/uploads\/Sistematico_PDF\/mini_pdf.gif\" width=\"30\" height=\"53\" border=\"0\"> Vers\u00e3o em PDF<\/a><\/li>\n<\/ul>\n<p> <a name='noticias'><\/a><\/p>\n<h4>Not\u00edcias<\/h4>\n<div class=\"centro-sistematico\">  <!-- noticias --> <a><\/a>   <\/p>\n<table border=\"0\" cellpadding=\"0\" cellspacing=\"0\">\n<tr>\n<td height=\"241\" align=\"LEFT\" valign=\"TOP\"><\/td>\n<td align=\"LEFT\" valign=\"TOP\">\n<p><a name=\"anoticias1\" id=\"1\"><span class=\"titulo\"><span class=\"titulo\">DRC      INSTALA NOVO SERVIDOR ANTISPAM<\/span><\/span><\/a><\/p>\n<p align=\"justify\"><span class=\"texto\"> No dia 19 de junho, a Divis&atilde;o      de Redes de Comunica&ccedil;&atilde;o do CECOM &#8211; DRC &#8211; ativou um novo      servidor antispam para atender a UFMG. Este novo servidor se soma a      outros dois e visa agilizar a entrega de mensagens externas para a comunidade      da UFMG.<\/p>\n<p>     O servi&ccedil;o antispam trata as mensagens que chegam e, de acordo      com par&acirc;metros pr&eacute;-definidos, rejeita, aceita ou coloca      as correspond&ecirc;ncias em quarentena. Todos os dias os usu&aacute;rios      que foram afetados pelo servi&ccedil;o recebem a rela&ccedil;&atilde;o      das mensagens colocadas em quarentena e t&ecirc;m a op&ccedil;&atilde;o      de liber&aacute;-las da fila de SPAM. As mensagens com v&iacute;rus      s&atilde;o rejeitadas automaticamente.<\/span><\/p>\n<p>     <a href=\"\/dti\/#topo\"><img loading=\"lazy\" decoding=\"async\" src=\"https:\/\/www.ufmg.br\/dti\/wp-content\/uploads\/imgs\/tudo_topo.gif\" width=\"35\" height=\"11\" alt=\"\" border=\"0\" hspace=\"0\" vspace=\"0\" align=\"right\"><br \/>     <\/a>    <\/p>\n<\/td>\n<\/tr>\n<tr>\n<td height=\"289\" align=\"LEFT\" valign=\"TOP\"><\/td>\n<td align=\"LEFT\" valign=\"TOP\">\n<p><a name=\"anoticias2\" id=\"2\"><span class=\"titulo\"><span class=\"titulo\">UFMG      VOLTA &Agrave; REDE EDUROAM<\/span><\/span><\/a><\/p>\n<p align=\"justify\"><span class=\"texto\"> <\/span><span class=\"texto\">Nesta      segunda-feira, dia 01 de julho, a Divis&atilde;o de Redes de Comunica&ccedil;&atilde;o      do CECOM &#8211; DRC &#8211; fez as configura&ccedil;&otilde;es necess&aacute;rias      para permitir que usu&aacute;rios de outras institui&ccedil;&otilde;es,      que fazem parte do projeto eduroam-br, possam se autenticar e utilizar      os recursos da rede sem fio da UFMG.<\/p>\n<p>     A UFMG fez parte da segunda fase de testes do projeto mas ainda n&atilde;o      havia aderido ao servi&ccedil;o oferecido pela RNP. A RNP e a DRC est&atilde;o      trabalhando agora para identificar porque os usu&aacute;rios da UFMG      em outras institui&ccedil;&otilde;es n&atilde;o est&atilde;o conseguindo      realizar o processo inverso, ou seja, porque a autentica&ccedil;&atilde;o      destes usu&aacute;rios n&atilde;o est&aacute; sendo completado pela      UFMG. As instru&ccedil;&otilde;es para acesso &agrave; rede eduroam      para usu&aacute;rios da UFMG s&atilde;o similares &agrave;s de acesso      &agrave; rede UFMG, mas a identifica&ccedil;&atilde;o do usu&aacute;rio      deve ser feita com o acr&eacute;scimo do dom&iacute;nio ufmg.br, na      forma &#8220;login-minha-ufmg@ufmg.br&#8221;.<\/span><\/p>\n<p>     <a href=\"\/dti\/#topo\"><img loading=\"lazy\" decoding=\"async\" src=\"https:\/\/www.ufmg.br\/dti\/wp-content\/uploads\/imgs\/tudo_topo.gif\" width=\"35\" height=\"11\" alt=\"\" border=\"0\" hspace=\"0\" vspace=\"0\" align=\"right\"><br \/>     <\/a>    <\/p>\n<\/td>\n<\/tr>\n<tr>\n<td height=\"289\" align=\"LEFT\" valign=\"TOP\"><\/td>\n<td align=\"LEFT\" valign=\"TOP\">\n<p><a name=\"anoticias3\" id=\"3\"><span class=\"titulo\">FUNCION&Aacute;RIO      DO CECOM PARTICIPA DE TREINAMENTO NA RNP<\/span><\/a><\/p>\n<p align=\"justify\"><span class=\"texto\">O funcion&aacute;rio da Divis&atilde;o      e Apoio Administrativo (DAA) Renato Adriano Pires Domingos estar&aacute;,      no per&iacute;odo de 15 a 19 de julho, participando do curso Planejamento      e Contrata&ccedil;&atilde;o de Servi&ccedil;os de TI, em Bras&iacute;lia\/DF.<\/p>\n<p>     O curso ser&aacute; promovido pela Escola Superior de Redes da RNP &#8211;      Rede Nacional de Ensino e Pesquisa. <\/span><\/p>\n<p align=\"center\"><img loading=\"lazy\" decoding=\"async\" src=\"https:\/\/www.ufmg.br\/dti\/wp-content\/uploads\/fotos\/Ano%202013\/Julho\/04-07-2013\/Viagem_RenatoAdriano_Bras%EDlia_06-2013.jpg\" width=\"370\" height=\"358\"><br \/>     <em><strong><font face=\"1\"><span class=\"texto\"><strong><font face=\"2\"><span class=\"texto\"><font face=\"1\"><em>Renato      Adriano <\/em><\/font><\/span><\/font><\/strong><\/span><\/font><\/strong><\/em>     <\/p>\n<p align=\"justify\">\n<\/td>\n<\/tr>\n<tr>\n<td height=\"289\" align=\"LEFT\" valign=\"TOP\"><\/td>\n<td align=\"LEFT\" valign=\"TOP\">\n<p><a name=\"anoticias4\" id=\"4\"><span class=\"titulo\">NOVO      ESTAGI&Aacute;RIO DO CECOM<\/span><\/a><\/p>\n<p align=\"justify\"><span class=\"texto\">O CECOM est&aacute; contando com      um novo estagi&aacute;rio em seu quadro. Trata-se de Mateus Felipe Miquel&atilde;o      Lopes da Silva, aluno do curso de Sistemas da Informa&ccedil;&atilde;o.<\/p>\n<p>     Mateus iniciou o est&aacute;gio no dia 1o de julho, lotado na DIS &#8211;      Divis&atilde;o de Infraestrura e Servi&ccedil;os, onde j&aacute; est&aacute;      com atividades de recriar os ambientes de produ&ccedil;&atilde;o do      Centro de Computa&ccedil;&atilde;o, detalhando etapas para confec&ccedil;&atilde;o      de documenta&ccedil;&atilde;o t&eacute;cnica sobre este ambiente. <\/span><\/p>\n<p align=\"center\"><img loading=\"lazy\" decoding=\"async\" src=\"https:\/\/www.ufmg.br\/dti\/wp-content\/uploads\/fotos\/Ano%202013\/Julho\/04-07-2013\/Estag_DIS_2.jpg\" width=\"369\" height=\"370\"><br \/>     <em><strong><font face=\"1\"><span class=\"texto\"><strong><font face=\"2\"><span class=\"texto\"><font face=\"1\"><em>Mateus      Lopes <\/em><\/font><\/span><\/font><\/strong><\/span><\/font><\/strong><\/em>     <\/p>\n<p align=\"justify\">\n<\/td>\n<\/tr>\n<p>  <!-- #BeginEditable \"materias\" --> <!-- #EndEditable -->  <\/table>\n<table border=\"0\" cellpadding=\"0\" cellspacing=\"0\">\n<tr>\n<td align=\"LEFT\" valign=\"TOP\"><\/td>\n<td align=\"LEFT\" valign=\"TOP\">&nbsp;<\/td>\n<\/tr>\n<p>  <!-- #BeginEditable \"materias\" --> <!-- #EndEditable -->  <\/table>\n<\/div>\n<p><a name='informativo'><\/a><\/p>\n<h4>Informativo<\/h4>\n<div class=\"centro-sistematico\">  <!-- noticias --> <a><\/a>  <\/p>\n<table border=\"0\" cellspacing=\"0\" cellpadding=\"0\">\n<tr>\n<td><\/td>\n<td><\/td>\n<\/tr>\n<p>  <!-- #BeginEditable \"materias\" --> <!-- #EndEditable -->  <\/table>\n<p> <!-- fim noticias --> <!-- tabela ha 20 anos --> <\/p>\n<table border=\"0\" cellpadding=\"0\" cellspacing=\"0\" bgcolor=\"#FFFFFF\">\n<tr>\n<td height=\"111\" align=\"LEFT\" valign=\"TOP\"><\/td>\n<td align=\"LEFT\" valign=\"TOP\">\n<p align=\"left\"><span class=\"texto\"><a name=\"ainformativo1\" id=\"1\"><span class=\"titulo\">ESTAT&Iacute;STICAS      DE SISTEMA ANTI-SPAM DE JUNHO\/2013<\/span><\/a><\/span><\/p>\n<p align=\"justify\"><span class=\"texto\"> <\/span><span class=\"texto\">Desde      o m&ecirc;s de abril\/2004, o site do CECOM passou a publicar texto explicativo      e gr&aacute;fico com o total de mensagens analisadas, para que possa      conhecer mais claramente o volume de mensagens que chega &agrave; UFMG,      como elas s&atilde;o classificadas e as a&ccedil;&otilde;es tomadas.      Essas informa&ccedil;&otilde;es est&atilde;o dispon&iacute;veis em http:\/\/www.cecom.      ufmg.br\/se_redes.shtml.<\/p>\n<p>     No gr&aacute;fico e nas tabelas seguintes, as mensagens s&atilde;o classificadas      como rejeitadas ou aceitas. Se aceitas, seu conte&uacute;do &eacute;      analisado para se checar se s&atilde;o <em><strong>v&aacute;lidas<\/strong><\/em>,      <em> <strong>spam<\/strong><\/em> ou cont&ecirc;m <em><strong>v&iacute;rus<\/strong><\/em>.      <\/span><\/p>\n<p align=\"justify\"><span class=\"texto\">No m&ecirc;s de junho\/2013, os      n&uacute;meros totais analisados pelo sistema foram os seguintes: <\/span><\/p>\n<table width=\"100%\" border=\"1\">\n<tr>\n<td width=\"14%\">\n<div align=\"center\"><strong><font face=\"2\">V&aacute;lidas<\/font><\/strong><\/div>\n<\/td>\n<td width=\"12%\">\n<div align=\"center\"><strong><font face=\"2\">V&iacute;rus<\/font><\/strong><\/div>\n<\/td>\n<td width=\"13%\">\n<div align=\"center\"><strong><font face=\"2\">Spam<\/font><\/strong><\/div>\n<\/td>\n<td width=\"18%\">\n<div align=\"center\"><strong><font face=\"2\">Total         aceitas <\/font><\/strong><\/div>\n<\/td>\n<td width=\"19%\">\n<div align=\"center\"><strong><font face=\"2\">Rejeitadas<\/font><\/strong><\/div>\n<\/td>\n<td width=\"24%\">\n<div align=\"center\"><strong><font face=\"2\">Total         Geral <\/font><\/strong><\/div>\n<\/td>\n<\/tr>\n<tr>\n<td>\n<div align=\"center\"><font face=\"1.5\">1.467.213<\/font><\/div>\n<\/td>\n<td>\n<div align=\"center\"><font face=\"1.5\">87<\/font><\/div>\n<\/td>\n<td>\n<div align=\"center\"><font face=\"1.5\">825.098<\/font><\/div>\n<\/td>\n<td>\n<div align=\"center\"><font face=\"1.5\">2.292.398<\/font><\/div>\n<\/td>\n<td>\n<div align=\"center\"><font face=\"1.5\">18.427.932<\/font><\/div>\n<\/td>\n<td>\n<div align=\"center\"><font face=\"1.5\">20.720.330<\/font><\/div>\n<\/td>\n<\/tr>\n<\/table>\n<p align=\"justify\"><span class=\"texto\"> As m&eacute;dias di&aacute;rias      durante o m&ecirc;s de junho foram as seguintes:<\/span><\/p>\n<table width=\"100%\" border=\"1\">\n<tr>\n<td width=\"14%\">\n<div align=\"center\"><strong><font face=\"2\">V&aacute;lidas<\/font><\/strong><\/div>\n<\/td>\n<td width=\"12%\">\n<div align=\"center\"><strong><font face=\"2\">V&iacute;rus<\/font><\/strong><\/div>\n<\/td>\n<td width=\"13%\">\n<div align=\"center\"><strong><font face=\"2\">Spam<\/font><\/strong><\/div>\n<\/td>\n<td width=\"18%\">\n<div align=\"center\"><strong><font face=\"2\">Total         aceitas <\/font><\/strong><\/div>\n<\/td>\n<td width=\"19%\">\n<div align=\"center\"><strong><font face=\"2\">Rejeitadas<\/font><\/strong><\/div>\n<\/td>\n<td width=\"24%\">\n<div align=\"center\"><strong><font face=\"2\">Total         Geral <\/font><\/strong><\/div>\n<\/td>\n<\/tr>\n<tr>\n<td>\n<div align=\"center\"><font face=\"1.5\">48.907<\/font><\/div>\n<\/td>\n<td>\n<div align=\"center\"><font face=\"1.5\">3<\/font><\/div>\n<\/td>\n<td>\n<div align=\"center\"><font face=\"1.5\">27.503<\/font><\/div>\n<\/td>\n<td>\n<div align=\"center\"><font face=\"1.5\">76.413<\/font><\/div>\n<\/td>\n<td>\n<div align=\"center\"><font face=\"1.5\">614.264<\/font><\/div>\n<\/td>\n<td>\n<div align=\"center\"><font face=\"1.5\">690.678<\/font><\/div>\n<\/td>\n<\/tr>\n<\/table>\n<p align=\"center\"><span class=\"texto\"><img loading=\"lazy\" decoding=\"async\" src=\"https:\/\/www.ufmg.br\/dti\/wp-content\/uploads\/fotos\/Ano%202013\/Julho\/04-07-2013\/estat_virus_jun13.JPG\" width=\"500\" height=\"406\"><br \/>     <\/span><span class=\"texto\"><br \/>     <\/span><span class=\"texto\"><\/span><span class=\"texto\"><br \/>     <\/span>    <\/p>\n<\/td>\n<\/tr>\n<tr>\n<td height=\"111\" align=\"LEFT\" valign=\"TOP\"><\/td>\n<td align=\"LEFT\" valign=\"TOP\">\n<p align=\"left\"><span class=\"texto\"><a name=\"ainformativo2\" id=\"2\"><span class=\"titulo\">DICAS      DE SITES INTERESSANTES<\/span><\/a><\/span><\/p>\n<p align=\"justify\"><span class=\"texto\"> <\/span><span class=\"texto\">Adyrus,      o ca&ccedil;ador de sites, enviou as segintes dicas:<\/p>\n<p>     &#8211; Volume 2 &eacute; controle avan&ccedil;ado de volume do Windows, um      substituto completo para o controle de volume padr&atilde;o do Windows.      Ele permite que voc&ecirc; altere facilmente o seu volume de som ou      silenciar o som, usando atalhos de teclado de sua escolha, ou movendo      o cursor do mouse para uma borda da tela. Ele suporta v&aacute;rias      l&iacute;nguas. <a href=\"http:\/\/irzyxa.deviantart.com\/art\/Volume-Sqr-advanced-Windows-volume-control-277384266\">Clique<\/a>.<\/p>\n<p>     &#8211; Tablestest &eacute; um site onde pode aprender e treinar Tabuada.      S&atilde;o v&aacute;rios n&iacute;veis e voc&ecirc; acumula pontos se      responde corretamente e pontos extras se responde rapidamente. Esta      &eacute; uma vers&atilde;o beta e novas op&ccedil;&otilde;es estar&atilde;o      online em breve. <a href=\"http:\/\/tablestest.com\/pt\">Veja<\/a>.<\/p>\n<p>     &#8211; Precisa de um leitor de PDF para abrir arquivos de forma r&aacute;pida      e f&aacute;cil, sem ter que instalar um software de + &#8211; 100 MB? PDF      Genius &eacute; apenas o que voc&ecirc; precisa! &Eacute; leve (apenas      5 MB), instala em segundos e abre seus arquivos mais r&aacute;pido do      que o Adobe! &Eacute; cereja em cima do bolo, e &eacute; completamente      gr&aacute;tis! <a href=\"http:\/\/geniuspdf.com\/\">Download<\/a>.<\/p>\n<p>     &#8211; Mercosul Digital re&uacute;ne em livro os estudos e diagn&oacute;sticos      sobre Com&eacute;rcio Eletr&ocirc;nico no Mercosul. Um projeto que nasceu      com o objetivo de reduzir as assimetrias legais e tecnol&oacute;gicas      e promover pol&iacute;ticas e estrat&eacute;gias comuns na &aacute;rea      da Sociedade da Informa&ccedil;&atilde;o. Saiba mais no <a href=\"http:\/\/www.mercosuldigital.org\/\">endere&ccedil;o<\/a>.<\/p>\n<p>     &#8211; Edi&ccedil;&atilde;o de fotos e efeitos para as pessoas comuns usu&aacute;rias      do navegador Chrome. BeFunky Photo Editor permite que pessoas comuns      criem fotografias facilmente e tenham resultados de suas imagens digitais      sem a necessidade de qualquer conhecimento t&eacute;cnico. <a href=\"https:\/\/chrome.google.com\/webstore\/detail\/befunky-photo-editor\/apfkepiiddolifkgjmfdgpnipgnfejab\">Veja<\/a>.<\/p>\n<p>     &#8211; O Sal&aacute;rio BR &eacute; a Pesquisa Salarial Nacional, com vagas      de emprego e curr&iacute;culos para consultar. &Eacute; ideal para orientar      suas contrata&ccedil;&otilde;es ou pretens&atilde;o salarial. O app      foi desenvolvido para iPhone e iPad. <a href=\"https:\/\/itunes.apple.com\/br\/app\/salario-br\/id446892553?mt=8\">Download<\/a>.<\/p>\n<p>     &#8211; ABC Puzzles: dois quebra-cabe&ccedil;as gratuitos em um &uacute;nico      download. Veja no <a href=\"http:\/\/pcworld.uol.com.br\/downloads\/2010\/01\/13\/abc-puzzles-dois-quebra-cabecas-em-um-unico-download-e-sem-pagar-nada\/\">endere&ccedil;o<\/a>.<br \/>     <\/span><span class=\"texto\"><br \/>     <\/span><span class=\"texto\"><\/span><span class=\"texto\"><br \/>     <\/span>    <\/p>\n<\/td>\n<\/tr>\n<tr>\n<td height=\"779\" align=\"LEFT\" valign=\"TOP\"><\/td>\n<td align=\"LEFT\" valign=\"TOP\">\n<p align=\"left\"><span class=\"texto\"><a name=\"ainformativo3\" id=\"3\"><span class=\"titulo\">BRASILEIROS      S&Atilde;O OS PROFISSIONAIS MAIS ESTRESSADOS DO MUNDO<\/span><\/a><\/span><\/p>\n<table width=\"100%\" border=\"1\" bgcolor=\"#CCCCCC\">\n<tr>\n<td width=\"14%\">\n<div align=\"justify\"><font face=\"2\"><em>No         endere&ccedil;o <strong>http:\/\/br.financas.yahoo.com\/noticias\/brasileiros-s%C3%A3o-profissionai<br \/>        s-estressados-mundo-151600380.html<\/strong> foi publicada, no         dia 27\/06\/2013, a not&iacute;cia Brasileiros s&atilde;o os profissionais         mais estressados do mundo, transcrita a seguir. A colabora&ccedil;&atilde;o         &eacute; de Di&ecirc;go Jess&eacute; de Pinho Tom&aacute;z, da         DAC &#8211; Divis&atilde;o de Atendimento e Consultoria.<\/em><\/font><\/div>\n<\/td>\n<\/tr>\n<\/table>\n<p align=\"justify\"><span class=\"texto\">Uma pesquisa feita pela empresa      de recrutamento Robert Half revelou que os brasileiros s&atilde;o os      profissionais mais estressados do mundo. Mais de 40% dos trabalhadores      sofrem frequentemente de estresse e ansiedade em seu emprego, enquanto      a m&eacute;dia mundial ficou em 11%.<\/p>\n<p>     O estudo entrevistou 1.775 diretores de Recursos Humanos de 12 pa&iacute;ses,      sendo 100 do Brasil. Se contabilizar os diretores de RH que trabalham      com profissionais que sofrem estresse e ansiedade &agrave;s vezes, o      &iacute;ndice brasileiro sobe para 94%. Apenas 2% n&atilde;o se sentem      estressados e 4% sente os sintomas poucas vezes.<\/p>\n<p>     O Chile aparece em segundo lugar, com 33% dos entrevistados que afirmaram      trabalhar com funcion&aacute;rios estressados. J&aacute; na outra ponta      da lista, est&aacute; a Fran&ccedil;a, onde apenas 2% dos diretores      de RH disseram trabalhar com profissionais muito estressados.<\/span><\/p>\n<div align=\"center\">\n<table width=\"53%\" border=\"1\" bgcolor=\"#CCCCCC\">\n<tr>\n<td height=\"28\" colspan=\"2\">\n<div align=\"center\"><strong><font face=\"2\">          Profissionais mais estressados<\/font><\/strong><\/div>\n<\/td>\n<\/tr>\n<tr>\n<td width=\"39%\"><strong><font face=\"2\">Pa&iacute;ses<\/font><\/strong><\/td>\n<td width=\"61%\"><strong><font face=\"2\">Profissionais         estressados <\/font><\/strong><\/td>\n<\/tr>\n<tr>\n<td><font face=\"1\">Brasil<\/font><\/td>\n<td>\n<div align=\"center\"><font face=\"1\">42%<\/font><\/div>\n<\/td>\n<\/tr>\n<tr>\n<td><font face=\"1\">Chile<\/font><\/td>\n<td>\n<div align=\"center\"><font face=\"1\">33%<\/font><\/div>\n<\/td>\n<\/tr>\n<tr>\n<td><font face=\"1\">Austr&aacute;lia<\/font><\/td>\n<td>\n<div align=\"center\"><font face=\"1\">20%<\/font><\/div>\n<\/td>\n<\/tr>\n<tr>\n<td><font face=\"1\">It&aacute;lia<\/font><\/td>\n<td>\n<div align=\"center\"><font face=\"1\">16%<\/font><\/div>\n<\/td>\n<\/tr>\n<tr>\n<td><font face=\"1\">Cingapura<\/font><\/td>\n<td>\n<div align=\"center\"><font face=\"1\">13%<\/font><\/div>\n<\/td>\n<\/tr>\n<tr>\n<td><font face=\"1\">Hong Kong<\/font><\/td>\n<td>\n<div align=\"center\"><font face=\"1\">12%<\/font><\/div>\n<\/td>\n<\/tr>\n<tr>\n<td><font face=\"1\">Emirados         &Aacute;rabes<\/font><\/td>\n<td>\n<div align=\"center\"><font face=\"1\">9%<\/font><\/div>\n<\/td>\n<\/tr>\n<tr>\n<td><font face=\"1\">Reino Unido<\/font><\/td>\n<td>\n<div align=\"center\"><font face=\"1\">8%<\/font><\/div>\n<\/td>\n<\/tr>\n<tr>\n<td><font face=\"1\">B&eacute;lgica<\/font><\/td>\n<td>\n<div align=\"center\"><font face=\"1\">5%<\/font><\/div>\n<\/td>\n<\/tr>\n<tr>\n<td height=\"23\"><font face=\"1\">Alemanha<\/font><\/td>\n<td>\n<div align=\"center\"><font face=\"1\">4%<\/font><\/div>\n<\/td>\n<\/tr>\n<tr>\n<td height=\"23\"><font face=\"1\">Holanda<\/font><\/td>\n<td>\n<div align=\"center\"><font face=\"1\">3%<\/font><\/div>\n<\/td>\n<\/tr>\n<tr>\n<td height=\"23\"><font face=\"1\">Fran&ccedil;a<\/font><\/td>\n<td>\n<div align=\"center\"><font face=\"1\">2%<\/font><\/div>\n<\/td>\n<\/tr>\n<\/table><\/div>\n<p align=\"justify\"><span class=\"texto\"><strong>Causas do estresse<\/strong>      &#8211; Quando questionados sobre os fatores que contribuem para o estresse      e ansiedade dos colaboradores, o excesso de carga de trabalho foi a      causa mais apontada pelos diretores brasileiros (52%), seguido pela      falta de reconhecimento (44%) e press&otilde;es econ&ocirc;micas (38%).<br \/>     J&aacute; em rela&ccedil;&atilde;o &agrave;s iniciativas que podem ser      implantadas pelas companhias para driblar esse problema nos funcion&aacute;rios,      60% responderam que apostam no trabalho em equipe e 51% acreditam na      reestrutura&ccedil;&atilde;o das fun&ccedil;&otilde;es de trabalho e      tarefas.<\/p>\n<p>     <\/span><span class=\"texto\"><\/span><span class=\"texto\">      <br \/>     <\/span>    <\/p>\n<\/td>\n<\/tr>\n<tr>\n<td height=\"610\" align=\"LEFT\" valign=\"TOP\"><\/td>\n<td align=\"LEFT\" valign=\"TOP\">\n<p align=\"left\"><span class=\"texto\"><a name=\"ainformativo4\" id=\"4\"><span class=\"titulo\">UFMG      JOVEM ABRE COM TRABALHOS SOBRE &Aacute;GUA<\/span><\/a><\/span><\/p>\n<p align=\"justify\"><span class=\"texto\">Exposi&ccedil;&otilde;es, trabalhos      cient&iacute;ficos, apresenta&ccedil;&otilde;es culturais e uma oficina      de produ&ccedil;&atilde;o de TV para estimular o interesse pela ci&ecirc;ncia      de alunos e professores do ensino b&aacute;sico, marcam a 14&deg; edi&ccedil;&atilde;o      da UFMG Jovem, aberta nesta quarta-feira, dia 3, na Pra&ccedil;a de      Servi&ccedil;os, no campus Pampulha. <\/p>\n<p>     Aberto &agrave; visita&ccedil;&atilde;o de professores e alunos de todas      as institui&ccedil;&otilde;es de ensino, o evento continua nos dias      4 e 5, das 8h &agrave;s 17h.<\/p>\n<p>     &#8220;Utilizando maquetes, apresenta&ccedil;&otilde;es orais e interativas,      os estudantes t&ecirc;m a chance de expor sua produ&ccedil;&atilde;o      cient&iacute;fica&#8221;, explica a professora Silvania Sousa do Nascimento,      coordenadora do evento. <\/p>\n<p>     Este ano, os 50 trabalhos escolhidos e os quatro expositores convidados      abordam o Ano Internacional de Coopera&ccedil;&atilde;o pela &Aacute;gua,      atendendo &agrave; chamada da Assembleia Geral das Na&ccedil;&otilde;es      Unidas. <\/p>\n<p>     As escolas premiadas receber&atilde;o bolsas de inicia&ccedil;&atilde;o      cient&iacute;fica para os estudantes, oferecidas pelo Conselho Nacional      de Desenvolvimento Cient&iacute;fico e Tecnol&oacute;gico (CNPq), parceiro      do projeto.<br \/>     <\/span><span class=\"texto\"><br \/>     Organizada pela Diretoria de Divulga&ccedil;&atilde;o Cient&iacute;fica      (DDC), da Pr&oacute;-reitoria de Extens&atilde;o da UFMG, a feira acontece      desde 1999 e pretende ser uma ponte para o interc&acirc;mbio cient&iacute;fico      e cultural entre as escolas de educa&ccedil;&atilde;o b&aacute;sica.      <\/p>\n<p>     O evento tamb&eacute;m conta este ano com a parceria da Copasa, que      comemora, no dia 5 de julho, cinco d&eacute;cadas de atua&ccedil;&atilde;o      no estado. <\/p>\n<p>     Al&eacute;m da apresenta&ccedil;&atilde;o dos trabalhos cient&iacute;ficos      haver&aacute; programa&ccedil;&atilde;o cultural nos tr&ecirc;s dias      do evento. &#8230;<\/p>\n<p>     <\/span><span class=\"texto\"> (Com Assessoria de Imprensa da UFMG) <br \/>     (<em>Fonte: https:\/\/www.ufmg.br\/online\/arquivos\/028958.shtml &#8211; 03\/07\/2013<\/em>)<br \/>     <\/span><span class=\"texto\"><br \/>     <\/span><span class=\"texto\"><\/span><span class=\"texto\"><br \/>     <\/span>    <\/p>\n<\/td>\n<\/tr>\n<tr>\n<td height=\"271\" align=\"LEFT\" valign=\"TOP\"><\/td>\n<td align=\"LEFT\" valign=\"TOP\">\n<p align=\"left\"><span class=\"texto\"><a name=\"ainformativo5\" id=\"5\"><span class=\"titulo\">&Ocirc;NIBUS      INTERNO CIRCULA COM HOR&Aacute;RIO DE F&Eacute;RIAS<\/span><\/a><\/span><\/p>\n<p align=\"justify\"><span class=\"texto\">Conforme o calend&aacute;rio escolar,      no per&iacute;odo de 08 de julho de 2013 a 02 de agosto de 2013, o Circular      Interno &#8211; Campus Pampulha, estar&aacute; atendendo &agrave; comunidade      universit&aacute;ria de acordo com o quadro de hor&aacute;rios de f&eacute;rias.      O itiner&aacute;rio e os hor&aacute;rios correspondentes &agrave;s linhas      Linhas B e D f&eacute;rias, podem ser consultados no site da UFMG, no      endere&ccedil;o http:\/\/www.ufmg.br\/servicos\/onibus.shtml.<br \/>     <\/span><span class=\"texto\"><br \/>     O retorno ao hor&aacute;rio normal ocorrer&aacute; a partir do dia 05      de agosto de 2013.<\/p>\n<p>     D&uacute;vidas, sugest&otilde;es ou reclama&ccedil;&otilde;es poder&atilde;o      ser encaminhadas &agrave; Divis&atilde;o de Transportes do Departamento      de Log&iacute;stica de Suprimentos e de Servi&ccedil;os Operacionais      &#8211; DLO, atrav&eacute;s dos ramais 4601 e 4606 ou para o e-mail: sfrota@dsg.ufmg.br.<\/p>\n<p>     <\/span><span class=\"texto\"><\/span><span class=\"texto\"><br \/>     <\/span>    <\/p>\n<\/td>\n<\/tr>\n<tr>\n<td align=\"LEFT\" valign=\"TOP\"><\/td>\n<td align=\"LEFT\" valign=\"TOP\">&nbsp;<\/td>\n<\/tr>\n<tr class=\"cinza\">\n<td height=\"282\"><img loading=\"lazy\" decoding=\"async\" src=\"https:\/\/www.ufmg.br\/dti\/wp-content\/uploads\/imgs\/tudo_pixel.gif\" width=\"1\" height=\"1\" alt=\"\" border=\"0\"><\/td>\n<td align=\"LEFT\" valign=\"TOP\"><!-- #BeginEditable \"ha%2020%20anos\" -->     <\/p>\n<div align=\"justify\">\n<p><a name=\"ainformativo6\" id=\"6\"><span class=\"titulo\">H\u00e1 20 anos&#8230;<\/span><\/a><\/p>\n<p>      <span class=\"texto\"> O Sistem&aacute;tico Ano XVII, n&ordm; 20, de       08\/07\/1993, publicou not&iacute;cias sobre reuni&atilde;o da Comiss&atilde;o       de Padr&otilde;es T&eacute;cnicas, apoio &agrave; elei&ccedil;&atilde;o       para Reitor, falta de &aacute;rea em disco, desativa&ccedil;&atilde;o       da Rede Local 2.2, estat&iacute;sticas do CECOM, curso de Ingl&ecirc;s       Instrumental, entre outras. A not&iacute;cia que se destacou foi:<\/span><\/p>\n<p><span class=\"texto\"><strong>GUIA DE MATR&Iacute;CULA A LASER<\/p>\n<p>      <\/strong><font face=\"1\">Este semestre, o CECOM estar&aacute; introduzindo       melhoria na rotina de emiss&atilde;o de guias de recolhimento de matr&iacute;cula       dos alunos da gradua&ccedil;&atilde;o.<br \/>      A partir de agora, as guias passar&atilde;o a ser impressas a laser,       o que permitir&aacute; uma redu&ccedil;&atilde;o nos custos de aquisi&ccedil;&atilde;o,       estocagem e impress&atilde;o das guias que, anteriormente, eram impressas       em formul&aacute;rio cont&iacute;nuo especial.<br \/>      Futuramente, a expectativa &eacute; de que outras melhorias sejam       poss&iacute;veis, como o envio da guia diretamente &agrave; resid&ecirc;ncia       do aluno, incluindo uma sugest&atilde;o de matr&iacute;cula.<\/font><\/span><\/p>\n<\/p><\/div>\n<div align=\"justify\">\n<p><span class=\"texto\"><\/span><\/p>\n<\/p><\/div>\n<p>    <!-- #EndEditable --><\/td>\n<\/tr>\n<tr>\n<td width=\"12\" align=\"LEFT\" valign=\"TOP\">&nbsp;<\/td>\n<td align=\"LEFT\" valign=\"TOP\">\n<p align=\"left\"><span class=\"texto\"><br \/>     <\/span>    <\/p>\n<\/td>\n<\/tr>\n<p>  <!-- #BeginEditable \"materias\" --> <!-- #EndEditable -->  <\/table>\n<p> <!-- fim tabela ha 20 anos --><\/div>\n<p><a name='eventos'><\/a><\/p>\n<h4>Eventos<\/h4>\n<div class=\"centro-sistematico\">  <!-- noticias --> <\/p>\n<table border=\"0\" cellpadding=\"0\" cellspacing=\"0\">\n<tr>\n<td align=\"LEFT\" valign=\"TOP\">&nbsp;<\/td>\n<td align=\"LEFT\" valign=\"TOP\">&nbsp;<\/td>\n<\/tr>\n<p>  <!-- #BeginEditable \"materias\" --> <!-- #EndEditable -->  <\/table>\n<table border=\"0\" cellspacing=\"0\" cellpadding=\"0\">\n<tr>\n<td><\/td>\n<td><\/td>\n<\/tr>\n<tr>\n<td height=\"169\" align=\"LEFT\" valign=\"TOP\"><\/td>\n<td align=\"LEFT\" valign=\"TOP\">\n<p><a name=\"aeventos1\" id=\"1\"><span class=\"titulo\">COMEMORA&Ccedil;&Atilde;O      DOS ANIVERS&Aacute;RIOS DO TRIMESTRE<\/span><\/a><\/p>\n<p align=\"justify\" class=\"texto\">A comemora&ccedil;&atilde;o dos anivers&aacute;rios      dos ceconianos do segundo trimestre (abril\/maio\/junho) ser&aacute; realizada      no dia 10 de julho, quarta-feira da pr&oacute;xima semana.<\/p>\n<p>     A festa tem como tema as festas juninas e o card&aacute;pio est&aacute;      montado com caldos, canjica, pipoca e bolo.<\/p>\n<p>     A comemora&ccedil;&atilde;o est&aacute; marcada para as 16h, na Sala      de Conviv&ecirc;ncia do 8o andar, e est&aacute; sob a coordena&ccedil;&atilde;o      de Vicentina Maria Queiroz.<\/p>\n<p>     Os aniversariantes s&atilde;o: Eug&ecirc;nio, Denise, Beto, Nilson,      Carol, Lucas, Rubens, Cristina Queiroz, Rafael Almeida (Abril); Jo&atilde;o      Carlos, David, Bianca, L&iacute;gia (Maio); Ant&ocirc;nio Carlos, Gerson,      Cristina Andrade, Wilton, O Sistem&aacute;tico, Carlos Roberto e Pedro      Begalli (Junho).<\/p>\n<p align=\"justify\" class=\"texto\"><span class=\"texto\"><\/p>\n<p>     <\/span><\/p>\n<\/td>\n<\/tr>\n<tr>\n<td height=\"169\" align=\"LEFT\" valign=\"TOP\"><\/td>\n<td align=\"LEFT\" valign=\"TOP\">\n<p><a name=\"aeventos2\" id=\"2\"><span class=\"titulo\">SOCIAIS<\/span><\/a><\/p>\n<p align=\"justify\" class=\"texto\"><strong>ANIVERS&Aacute;RIOS:<em> <\/em><\/strong><em>&#8220;O      Sistem&aacute;tico&#8221; envia os parab&eacute;ns para: Euler Xavier      de Oliveira, no dia 07; Diego Brand&atilde;o Santos, no dia 08; Elza      Maria Guedes Rozinholi, no dia 10; e para os ex-ceconianos: V&acirc;nia      Maria de Menezes, no dia 05; Geraldo dos Reis, no dia 06; Ana L&uacute;cia      Ribeiro Diniz e Carlos Gon&ccedil;alves da Cruz, no dia 07; Dante Grapi&uacute;na      de Almeida, no dia 08; Bernadete Marques Gontijo Oliveira e Maria Manuela      Martins Tavares Reyes, no dia 09.<\/em><\/p>\n<p align=\"justify\" class=\"texto\"><span class=\"texto\"><\/p>\n<p>     <\/span><\/p>\n<\/td>\n<\/tr>\n<tr>\n<td height=\"169\" align=\"LEFT\" valign=\"TOP\"><\/td>\n<td align=\"LEFT\" valign=\"TOP\">\n<p><a name=\"aeventos3\" id=\"3\"><span class=\"titulo\">MEM&Oacute;RIA      FOTOGR&Aacute;FICA DO CECOM<\/span><\/a><\/p>\n<p align=\"justify\" class=\"texto\"> Mais um lote de fotos da despedida de      Adyr Rodrigues Nascimento, ocorrida no dia 24 de junho, na Sala de Conviv&ecirc;ncia      do 8o andar. Adyr se aposentou no dia 20\/06\/2013. As fotos s&atilde;o      de autoria de Lel&eacute; e Di&ecirc;go Jess&eacute;.<\/p>\n<p align=\"center\" class=\"texto\">     <em><strong><font face=\"1\"><span class=\"texto\"><strong><font face=\"2\"><span class=\"texto\"><font face=\"1\"><em><img loading=\"lazy\" decoding=\"async\" src=\"https:\/\/www.ufmg.br\/dti\/wp-content\/uploads\/fotos\/Ano%202013\/Julho\/04-07-2013\/Adyr_Eliz.jpg\" width=\"500\" height=\"360\"><br \/>     Adyr, Takeda, Wallison e Eliz<\/em><\/font><\/span><\/font><\/strong><\/span><\/font><\/strong><\/em><\/p>\n<p align=\"center\" class=\"texto\"><img loading=\"lazy\" decoding=\"async\" src=\"https:\/\/www.ufmg.br\/dti\/wp-content\/uploads\/fotos\/Ano%202013\/Julho\/04-07-2013\/Adyr_Marcia.jpg\" width=\"415\" height=\"382\"><br \/>     <em><strong><font face=\"1\"><span class=\"texto\"><strong><font face=\"2\"><span class=\"texto\"><font face=\"1\"><em>Adyr      e M&aacute;rcia Lemos<\/em><\/font><\/span><\/font><\/strong><\/span><\/font><\/strong><\/em><\/p>\n<p align=\"center\" class=\"texto\"><img loading=\"lazy\" decoding=\"async\" src=\"https:\/\/www.ufmg.br\/dti\/wp-content\/uploads\/fotos\/Ano%202013\/Julho\/04-07-2013\/Adyr_Takeda_Leao.jpg\" width=\"500\" height=\"440\"><br \/>     <span class=\"texto\"><strong><font face=\"2\"><span class=\"texto\"><font face=\"1\"><em>Takeda,      Adyr e Le&atilde;o<\/em><\/font><\/span><\/font><\/strong><\/span><\/p>\n<p align=\"center\" class=\"texto\"><img loading=\"lazy\" decoding=\"async\" src=\"https:\/\/www.ufmg.br\/dti\/wp-content\/uploads\/fotos\/Ano%202013\/Julho\/04-07-2013\/Geral1.jpg\" width=\"500\" height=\"454\"><br \/>     <span class=\"texto\"><strong><font face=\"2\"><span class=\"texto\"><font face=\"1\"><em>Josemar      e Eust&aacute;quio. Ao fundo: Raimundo e Pedro Begalli<\/em><\/font><\/span><\/font><\/strong><\/span><\/p>\n<p align=\"center\" class=\"texto\"><em><strong><font face=\"1\"><img loading=\"lazy\" decoding=\"async\" src=\"https:\/\/www.ufmg.br\/dti\/wp-content\/uploads\/fotos\/Ano%202013\/Julho\/04-07-2013\/Mesa.jpg\" width=\"375\" height=\"500\"><br \/>     <span class=\"texto\"><strong><font face=\"2\"><span class=\"texto\"><font face=\"1\"><em>David,      Matheus, Adyr, V&iacute;tor e Takeda<\/em><\/font><\/span><\/font><\/strong><\/span><\/font><\/strong><\/em><\/p>\n<p align=\"center\" class=\"texto\"><img loading=\"lazy\" decoding=\"async\" src=\"https:\/\/www.ufmg.br\/dti\/wp-content\/uploads\/fotos\/Ano%202013\/Julho\/04-07-2013\/Geral_Mesa_6.jpg\" width=\"500\" height=\"483\"><br \/>     <em><strong><font face=\"1\"><span class=\"texto\"><strong><font face=\"2\"><span class=\"texto\"><font face=\"1\"><em>Cristina      Andrade, Edir, Thiago Moreira, Gustavo, Luiz Cl&aacute;udio e F&aacute;bio<\/em><\/font><\/span><\/font><\/strong><\/span><\/font><\/strong><\/em><\/p>\n<p align=\"justify\" class=\"texto\"><span class=\"texto\"><\/p>\n<p>     <\/span><\/p>\n<\/td>\n<\/tr>\n<p>  <!-- #BeginEditable \"materias\" --> <!-- #EndEditable -->  <\/table>\n<p> <!-- fim noticias --> <\/p>\n<table border=\"0\" cellpadding=\"0\" cellspacing=\"0\">\n<tr>\n<td width=\"276\" align=\"LEFT\" valign=\"TOP\">&nbsp;<\/td>\n<td width=\"274\" align=\"LEFT\" valign=\"TOP\">&nbsp;<\/td>\n<\/tr>\n<p>  <!-- #BeginEditable \"materias\" --> <!-- #EndEditable -->  <\/table>\n<\/div>\n","protected":false},"excerpt":{"rendered":"<p>Not\u00edcias DRC INSTALA NOVO SERVIDOR ANTISPAM UFMG VOLTA &Agrave; REDE EDUROAM FUNCION&Aacute;RIO DO CECOM PARTICIPA DE TREINAMENTO NA RNP NOVO ESTAGI&Aacute;RIO DO CECOM Informativo ESTAT&Iacute;STICAS DE SISTEMA ANTI-SPAM DE JUNHO\/2013 DICAS DE SITES INTERESSANTES BRASILEIROS S&Atilde;O OS PROFISSIONAIS MAIS ESTRESSADOS DO MUNDO UFMG JOVEM ABRE COM TRABALHOS SOBRE &Aacute;GUA &Ocirc;NIBUS INTERNO CIRCULA COM HOR&Aacute;RIO DE &#8230; <a title=\"Sistem\u00e1tico: Edi\u00e7\u00e3o 1579 &#8211; 04\/07\/2013\" class=\"read-more\" href=\"https:\/\/www.ufmg.br\/dti\/2013\/07\/04\/sistematico-edicao-1579-04072013\/\" aria-label=\"Read more about Sistem\u00e1tico: Edi\u00e7\u00e3o 1579 &#8211; 04\/07\/2013\">Ler mais<\/a><\/p>\n","protected":false},"author":3,"featured_media":0,"comment_status":"open","ping_status":"open","sticky":false,"template":"","format":"standard","meta":{"inline_featured_image":false,"footnotes":""},"categories":[13],"tags":[],"coauthors":[79],"class_list":["post-2901","post","type-post","status-publish","format-standard","hentry","category-sistematico"],"_links":{"self":[{"href":"https:\/\/www.ufmg.br\/dti\/wp-json\/wp\/v2\/posts\/2901","targetHints":{"allow":["GET"]}}],"collection":[{"href":"https:\/\/www.ufmg.br\/dti\/wp-json\/wp\/v2\/posts"}],"about":[{"href":"https:\/\/www.ufmg.br\/dti\/wp-json\/wp\/v2\/types\/post"}],"author":[{"embeddable":true,"href":"https:\/\/www.ufmg.br\/dti\/wp-json\/wp\/v2\/users\/3"}],"replies":[{"embeddable":true,"href":"https:\/\/www.ufmg.br\/dti\/wp-json\/wp\/v2\/comments?post=2901"}],"version-history":[{"count":0,"href":"https:\/\/www.ufmg.br\/dti\/wp-json\/wp\/v2\/posts\/2901\/revisions"}],"wp:attachment":[{"href":"https:\/\/www.ufmg.br\/dti\/wp-json\/wp\/v2\/media?parent=2901"}],"wp:term":[{"taxonomy":"category","embeddable":true,"href":"https:\/\/www.ufmg.br\/dti\/wp-json\/wp\/v2\/categories?post=2901"},{"taxonomy":"post_tag","embeddable":true,"href":"https:\/\/www.ufmg.br\/dti\/wp-json\/wp\/v2\/tags?post=2901"},{"taxonomy":"author","embeddable":true,"href":"https:\/\/www.ufmg.br\/dti\/wp-json\/wp\/v2\/coauthors?post=2901"}],"curies":[{"name":"wp","href":"https:\/\/api.w.org\/{rel}","templated":true}]}}