{"id":2903,"date":"2013-06-20T08:00:00","date_gmt":"2013-06-20T08:00:00","guid":{"rendered":"https:\/\/www.ufmg.br\/dti\/cecom\/?p=1052"},"modified":"2013-06-20T08:00:00","modified_gmt":"2013-06-20T08:00:00","slug":"sistematico-edicao-1577-20062013","status":"publish","type":"post","link":"https:\/\/www.ufmg.br\/dti\/2013\/06\/20\/sistematico-edicao-1577-20062013\/","title":{"rendered":"Sistem\u00e1tico: Edi\u00e7\u00e3o 1577 &#8211; 20\/06\/2013"},"content":{"rendered":"<ul>\n<li><a href=\"\/dti\/#noticias\">Not\u00edcias<\/a>\n<div class='submenuSistematico'>\n<ul>\n<li><a href=\"\/dti\/#anoticias1\" id=\"1\"><span class=\"titulo\"><span class=\"titulo\">REGISTRO      E MATR&Iacute;CULA DE CALOUROS DO SEGUNDO SEMESTRE VAI AT&Eacute; 21      DE JUNHO<\/span><\/span><\/a><\/li>\n<li><a href=\"\/dti\/#anoticias2\" id=\"2\"><span class=\"titulo\">FUNCION&Aacute;RIO      DA DAA PARTICIPA DE CURSO DA ENAP<\/span><\/a><\/li>\n<\/ul>\n<\/div>\n<\/li>\n<li><a href=\"\/dti\/#informativo\">Informativo<\/a>\n<div class='submenuSistematico'>\n<ul>\n<li><a href=\"\/dti\/#ainformativo1\" id=\"1\"><span class=\"titulo\">DICAS      DE SITES INTERESSANTES<\/span><\/a><\/li>\n<li><a href=\"\/dti\/#ainformativo2\" id=\"2\"><span class=\"titulo\">MEC      PLANEJA CRIAR UNIVERSIDADE FEDERAL A LONGA DIST&Acirc;NCIA<\/span><\/a><\/li>\n<li><a href=\"\/dti\/#ainformativo3\" id=\"3\"><span class=\"titulo\">PRORH      INICIA MOBILIZA&Ccedil;&Atilde;O PARA O CAMPEONATO DE FUTEBOL DE 2013<\/span><\/a><\/li>\n<li><a href=\"\/dti\/#ainformativo4\" id=\"4\"><span class=\"titulo\">H\u00e1 20 anos&#8230;<\/span><\/a><\/li>\n<\/ul>\n<\/div>\n<\/li>\n<li><a href=\"\/dti\/#eventos\">Eventos<\/a>\n<div class='submenuSistematico'>\n<ul>\n<li><a href=\"\/dti\/#aeventos1\" id=\"1\"><span class=\"titulo\">COMEMORA&Ccedil;&Atilde;O      DOS ANIVERS&Aacute;RIOS DO TRIMESTRE SER&Aacute; EM JULHO<\/span><\/a><\/li>\n<li><a href=\"\/dti\/#aeventos2\" id=\"2\"><span class=\"titulo\">SOCIAIS<\/span><\/a><\/li>\n<li><a href=\"\/dti\/#aeventos3\" id=\"3\"><span class=\"titulo\">MEM&Oacute;RIA      FOTOGR&Aacute;FICA DO CECOM<\/span><\/a><\/li>\n<\/ul>\n<\/div>\n<\/li>\n<\/ul>\n<ul class='pdfSist'>\n<li><a href=\"https:\/\/www.ufmg.br\/dti\/wp-content\/uploads\/Sistematico_PDF\/Sist14_2013-A4.pdf\"><img loading=\"lazy\" decoding=\"async\" src=\"https:\/\/www.ufmg.br\/dti\/wp-content\/uploads\/Sistematico_PDF\/mini_pdf.gif\" width=\"30\" height=\"53\" border=\"0\"> Vers\u00e3o em PDF<\/a><\/li>\n<\/ul>\n<p> <a name='noticias'><\/a><\/p>\n<h4>Not\u00edcias<\/h4>\n<div class=\"centro-sistematico\">  <!-- noticias --> <a><\/a>  <\/p>\n<table border=\"0\" cellpadding=\"0\" cellspacing=\"0\">\n<tr>\n<td height=\"899\" align=\"LEFT\" valign=\"TOP\"><\/td>\n<td align=\"LEFT\" valign=\"TOP\">\n<p><a name=\"anoticias1\" id=\"1\"><span class=\"titulo\"><span class=\"titulo\">REGISTRO      E MATR&Iacute;CULA DE CALOUROS DO SEGUNDO SEMESTRE VAI AT&Eacute; 21      DE JUNHO<\/span><\/span><\/a><\/p>\n<p align=\"justify\"><span class=\"texto\"> Os candidatos classificados para      os cursos de gradua&ccedil;&atilde;o da UFMG, com entrada no segundo      semestre letivo deste ano, est&atilde;o fazendo o registro acad&ecirc;mico      e a matr&iacute;cula desde a segunda-feira, dia 18. Esses procedimentos      s&atilde;o feitos no Departamento de Registro e Controle Acad&ecirc;mico,      localizado na Unidade Administrativa III, no campus Pampulha.<\/p>\n<p>     A escala de atendimentos, em ordem alfab&eacute;tica, est&aacute; dispon&iacute;vel      no endere&ccedil;o eletr&ocirc;nico https:\/\/www2.ufmg.br\/drca\/drca\/Home\/Graduacao\/Processos-Seletivos\/Vestibular\/Escalas-de-Atendimentos-2a-Entrada.<\/p>\n<p>     Para realizar registro e matr&iacute;cula, os aprovados devem apresentar      original e c&oacute;pia dos documentos que constam da instru&ccedil;&atilde;o      publicada na p&aacute;gina do DRCA em https:\/\/www2.ufmg.br\/drca\/drca\/Home\/Graduacao\/Processos-Seletivos\/Vestibular\/Instrucoes-sobre-Registro-Academico-e-Matricula-em-Atividades-Academicas-2a-Entrada.<\/p>\n<p>     O hor&aacute;rio de atendimento dos calouros est&aacute; sendo de 9h      &agrave;s 12h e de 13h &agrave;s 16h, at&eacute; esta sexta-feira, dia      21\/06.<\/p>\n<p>     As atividades est&atilde;o sob a coordena&ccedil;&atilde;o da Diretora      do DRCA, Daniele Cl&aacute;udia Mata Fagundes Z&aacute;rate, que conta      com 85 pessoas, entre funcion&aacute;rios e estagi&aacute;rios do DRCA,      CECOM, LCC, FUMP, COPEVE e Vigil&acirc;ncia.<\/p>\n<p>     Para viabilizar a realiza&ccedil;&atilde;o do registro, o CECOM e o      DRCA providenciaram a loca&ccedil;&atilde;o de 22 notebooks e 8 impressoras      a laser, al&eacute;m das instala&ccedil;&otilde;es el&eacute;trica e      de rede.<\/p>\n<p>     O funcion&aacute;rio Eug&ecirc;nio Pacelli Pereira de Souza e o estagi&aacute;rio      Di&ecirc;go Jess&eacute; de Pinho Tom&aacute;z, ambos do CECOM, adequaram      as configura&ccedil;&otilde;es de software para facilitar o acesso ao      Sistema do Registro Acad&ecirc;mico.<\/span><\/p>\n<p align=\"center\"><em><strong><font face=\"1\"><span class=\"texto\"><strong><font face=\"2\"><span class=\"texto\"><font face=\"1\"><em><img loading=\"lazy\" decoding=\"async\" src=\"https:\/\/www.ufmg.br\/dti\/wp-content\/uploads\/fotos\/Ano%202013\/Junho\/20-06-2013\/Preparacao_RegistroAcademico_2013-2_01.jpg\" width=\"500\" height=\"327\">      <br \/>     Eug&ecirc;nio configurando os equipamentos<\/em><\/font><\/span><\/font><\/strong><\/span><\/font><\/strong><\/em><\/p>\n<p>     <a href=\"\/dti\/#topo\"><img loading=\"lazy\" decoding=\"async\" src=\"https:\/\/www.ufmg.br\/dti\/wp-content\/uploads\/imgs\/tudo_topo.gif\" width=\"35\" height=\"11\" alt=\"\" border=\"0\" hspace=\"0\" vspace=\"0\" align=\"right\"><br \/>     <\/a>    <\/p>\n<\/td>\n<\/tr>\n<tr>\n<td height=\"693\" align=\"LEFT\" valign=\"TOP\"><\/td>\n<td align=\"LEFT\" valign=\"TOP\">\n<p><a name=\"anoticias2\" id=\"2\"><span class=\"titulo\">FUNCION&Aacute;RIO      DA DAA PARTICIPA DE CURSO DA ENAP<\/span><\/a><\/p>\n<p align=\"justify\"><span class=\"texto\">O funcion&aacute;rio Renato Adriano      Pires Domingos, da Divis&atilde;o de Apoio Administrativo, estar&aacute;      participando, no dia 21 de junho, do Semin&aacute;rio Aspectos Controversos      em Licita&ccedil;&otilde;es &#8211; &ecirc;nfase em elabora&ccedil;&atilde;o      de forma&ccedil;&atilde;o de custos, em Bras&iacute;lia\/DF. O semin&aacute;rio,      oferecido pela Escola Nacional de Administra&ccedil;&atilde;o P&uacute;blica      (ENAP), faz parte da celebra&ccedil;&atilde;o dos 20 anos da Lei no      8.666\/1993, que instituiu normas para licita&ccedil;&otilde;es e contratos      da Administra&ccedil;&atilde;o P&uacute;blica.<br \/>     O objetivo do semin&aacute;rio &eacute; debater os elementos formadores      dos custos envolvidos em licita&ccedil;&otilde;es, com foco em licita&ccedil;&otilde;es,      com foco em casos pr&aacute;ticos e na jurisprud&ecirc;ncia do tribunal      de Contas da Uni&atilde;o (TCU); apresentar quest&otilde;es controversas      sobre licita&ccedil;&otilde;es; capacitar gestores para enfrentar situa&ccedil;&otilde;es      controvertidas na aplica&ccedil;&atilde;o da Legisla&ccedil;&atilde;o;      e esclarecer aspectos jur&iacute;dicos relevantes &agrave; tomadda de      decis&atilde;o com seguran&ccedil;a e &agrave; correta execu&ccedil;&atilde;o      das atividades relacionadas aos pontos examinados.<br \/>     Renato Adriano &eacute; pregoeiro do CECOM.<\/span><\/p>\n<p align=\"center\"><img loading=\"lazy\" decoding=\"async\" src=\"https:\/\/www.ufmg.br\/dti\/wp-content\/uploads\/fotos\/Ano%202013\/Junho\/20-06-2013\/Viagem_RenatoAdriano_Bras%EDlia_06-2013.jpg\" width=\"370\" height=\"358\"><br \/>     <em><strong><font face=\"1\"><span class=\"texto\"><strong><font face=\"2\"><span class=\"texto\"><font face=\"1\"><em>Renato      Adriano <\/em><\/font><\/span><\/font><\/strong><\/span><\/font><\/strong><\/em><\/p>\n<p align=\"center\">\n<\/td>\n<\/tr>\n<p>  <!-- #BeginEditable \"materias\" --> <!-- #EndEditable -->  <\/table>\n<table border=\"0\" cellpadding=\"0\" cellspacing=\"0\">\n<tr>\n<td align=\"LEFT\" valign=\"TOP\"><\/td>\n<td align=\"LEFT\" valign=\"TOP\">&nbsp;<\/td>\n<\/tr>\n<p>  <!-- #BeginEditable \"materias\" --> <!-- #EndEditable -->  <\/table>\n<\/p><\/div>\n<p><a name='informativo'><\/a><\/p>\n<h4>Informativo<\/h4>\n<div class=\"centro-sistematico\">  <!-- noticias --> <a><\/a>  <\/p>\n<table border=\"0\" cellspacing=\"0\" cellpadding=\"0\">\n<tr>\n<td><\/td>\n<td><\/td>\n<\/tr>\n<p>  <!-- #BeginEditable \"materias\" --> <!-- #EndEditable -->  <\/table>\n<p> <!-- fim noticias --> <!-- tabela ha 20 anos --> <\/p>\n<table border=\"0\" cellpadding=\"0\" cellspacing=\"0\" bgcolor=\"#FFFFFF\">\n<tr>\n<td height=\"527\" align=\"LEFT\" valign=\"TOP\"><\/td>\n<td align=\"LEFT\" valign=\"TOP\">\n<p align=\"left\"><span class=\"texto\"><a name=\"ainformativo1\" id=\"1\"><span class=\"titulo\">DICAS      DE SITES INTERESSANTES<\/span><\/a><\/span><\/p>\n<p align=\"justify\"><span class=\"texto\"> Adyrus, o ca&ccedil;ador de sites,      enviou as seguintes dicas:<\/p>\n<p>     &#8211; Portal do eSocial &#8211; M&oacute;dulo do Empregador Dom&eacute;stico &#8211;      O eSocial &eacute; um projeto do governo federal que vai unificar o      envio de informa&ccedil;&otilde;es pelo empregador em rela&ccedil;&atilde;o      aos seus empregados. Esta vers&atilde;o do portal eSocial &eacute; de      uso opcional e atende apenas o empregador dom&eacute;stico para registro      de informa&ccedil;&otilde;es referentes &agrave;s compet&ecirc;ncias      a partir do m&ecirc;s de junho de 2013 (06\/2013), com recolhimentos      em julho de 2013 (07\/2013). <a href=\"http:\/\/www.esocial.gov.br\/\">Leia      mais<\/a>.<\/p>\n<p>     &#8211; Museu Virtual da FioCruz &#8211; Museu de Patologia: <a href=\"http:\/\/museuda%20patologia.ioc.fiocruz.br\/\">Conhe&ccedil;a<\/a>.<\/p>\n<p>     &#8211; Explore os rem&eacute;dios mais consumidos do mundo. O gr&aacute;fico      interativo mostra os 10 medicamentos mais comprados nos 30 pa&iacute;ses      que mais vendem f&aacute;rmacos no mundo. <a href=\"http:\/\/revistagalileu.globo.com\/Revista\/Common\/1,,EMI338549-17805,00.html\">Clique<\/a>.<\/p>\n<p>     &#8211; Copa das Confedera&ccedil;&otilde;es da FIFA Brasil 2013. Saiba tudo      visitando o <a href=\"http:\/\/pt.fifa.com\/confederationscup\/index.html\">endere&ccedil;o<\/a>.<\/p>\n<p>     &#8211; A FlightAware fornece informa&ccedil;&atilde;o de v&ocirc;os em tempo      real, informa&ccedil;&atilde;o sobre aeroportos, mapas meteorol&oacute;gicos,      planos de v&ocirc;o e cartas de navega&ccedil;&atilde;o, bem como not&iacute;cias      sobre avia&ccedil;&atilde;o e fotos a mais de dois milh&otilde;es de      usu&aacute;rios por m&ecirc;s. A FlightAware alimenta tamb&eacute;m      software de gest&atilde;o operacional e de despacho, telas de informa&ccedil;&atilde;o      de v&ocirc;os nos aeroportos (FIDS) e fornece informa&ccedil;&otilde;es      &agrave;s aeronaves e aos operadores dos aeroportos. Em &Aacute;rabe,      Alem&atilde;o, Ingl&ecirc;s (Brit&acirc;nico), Ingl&ecirc;s (Americano),      Espanhol e Portugu&ecirc;s. <a href=\"http:\/\/pt.flightaware.com\/\">Veja<\/a>.<\/p>\n<p>     &#8211; Facilmente remova o fundo de suas fotos para criar m&aacute;scaras,      recortes ou caminhos de recorte, tudo feito on-line instantaneamente      no seu navegador.&nbsp;V&aacute; at&eacute; o <a href=\"http:\/\/clippingmagic.com\/\">endere&ccedil;o<\/a>.<\/p>\n<p>     A prima do Adyr, Eliane Almeida Salustiano, do Rio de Janeiro, enviou      esta dica:<\/p>\n<p>     &#8211; Como ajudar seu c&ocirc;njuge a vencer o v&iacute;cio das drogas ou      &aacute;lcool. Saiba como no <a href=\"http:\/\/familia.com.br\/como-ajudar-seu-cocircnjuge-a-vencer-o-viacutecio-das-drogas-ou-aacutelcool\">endere&ccedil;o<\/a>      .<\/span><\/p>\n<p align=\"justify\"><span class=\"texto\"><br \/>     <\/span><span class=\"texto\"><\/span><span class=\"texto\"><br \/>     <\/span>    <\/p>\n<\/td>\n<\/tr>\n<tr>\n<td height=\"527\" align=\"LEFT\" valign=\"TOP\"><\/td>\n<td align=\"LEFT\" valign=\"TOP\">\n<p align=\"left\"><span class=\"texto\"><a name=\"ainformativo2\" id=\"2\"><span class=\"titulo\">MEC      PLANEJA CRIAR UNIVERSIDADE FEDERAL A LONGA DIST&Acirc;NCIA<\/span><\/a><\/span><\/p>\n<table width=\"100%\" border=\"1\" bgcolor=\"#CCCCCC\">\n<tr>\n<td width=\"14%\">\n<div align=\"justify\"><font face=\"2\">No         endere&ccedil;o <em><strong>http:\/\/noticias.terra.com.br\/educacao\/mec-planeja-criar-universidade-federal-a-distancia,2b51f1cf0875f310VgnVCM3000009acceb0aRCRD.html<\/strong><\/em>,         foi publicada, no dia 18\/06\/2013, a not&iacute;cia <strong>Nova         institui&ccedil;&atilde;o absorveria Universidade Aberta do Brasil         para aumentar oferta de cursos j&aacute; no pr&oacute;ximo Sisu<\/strong>,         transcrita a seguir. A colabora&ccedil;&atilde;o &eacute; de Eug&ecirc;nio         Pacelli Pereira de Souza, da DAC.<\/font><\/div>\n<\/td>\n<\/tr>\n<\/table>\n<p align=\"justify\"><span class=\"texto\">O ministro da Educa&ccedil;&atilde;o,      Alo&iacute;zio Mercadante, anunciou nesta segunda-feira, ap&oacute;s      a divulga&ccedil;&atilde;o do balan&ccedil;o das inscri&ccedil;&otilde;es      do Sistema de Sele&ccedil;&atilde;o Unificada (Sisu), a inten&ccedil;&atilde;o      de criar uma universidade federal de educa&ccedil;&atilde;o a dist&acirc;ncia      para atender &agrave; demanda por vagas no ensino superior. Segundo      o MEC, o projeto de lei nesse sentido deve ser encaminhado ao Congresso      em julho para tramitar, possivelmente, em agosto.<\/p>\n<p>     &#8220;Temos participa&ccedil;&atilde;o relativamente pequena de estudantes      do ensino superior no ensino a dist&acirc;ncia. Temos em torno de 15%,      n&atilde;o chega a isso. Os pa&iacute;ses da OCDE t&ecirc;m metade das      vagas em ensino a distancia. Isso &eacute; uma modalidade que deve crescer.      O MEC est&aacute; trabalhando intensamente para lan&ccedil;armos uma      universidade federal de educa&ccedil;&atilde;o a dist&acirc;ncia para      poder aumentar a capacidade de atender essa rede&#8221;.<\/p>\n<p>     A ideia &eacute; que a nova institui&ccedil;&atilde;o incorpore a atual      Universidade Aberta do Brasil (UAB), ampliando a oferta de cursos de      gradua&ccedil;&atilde;o oferecidos. De acordo com o ministro, a UAB      possui hoje aproximadamente 240 mil alunos. &#8220;Vamos absorver a      UAB nesta universidade federal a dist&acirc;ncia. &Eacute; a &uacute;nica      resposta poss&iacute;vel para atender essa demanda&#8221;, declarou.      &#8220;Essa &eacute; a prioridade do MEC. Vamos trabalhar fortemente      para montar estrutura para come&ccedil;ar a ofertar vagas j&aacute;      no pr&oacute;ximo Sisu&#8221;.<\/p>\n<p>     A Universidade Aberta do Brasil atende hoje exclusivamente a professores      da rede p&uacute;blica para cursos de licenciatura e administra&ccedil;&atilde;o.      &#8220;Vamos ampliar para todos os demais cursos que forem compat&iacute;veis      com educa&ccedil;&atilde;o a distancia. Cada curso de cada universidade      poder&aacute; ser ofertado na universidade federal de educa&ccedil;&atilde;o      a distancia. Por exemplo, engenharia da UFRGS pode ser ofertado tamb&eacute;m      como curso a dist&acirc;ncia, mas tem que ter polo presencial, ter certificado.      Na UAB, as vagas que n&atilde;o forem preenchidas pelos professores      da rede p&uacute;blica, vamos abrir aos demais interessados&#8221;,      completou o ministro.<\/span><\/p>\n<p align=\"justify\"><span class=\"texto\"><br \/>     <\/span><span class=\"texto\"><\/span><span class=\"texto\"><br \/>     <\/span>    <\/p>\n<\/td>\n<\/tr>\n<tr>\n<td height=\"264\" align=\"LEFT\" valign=\"TOP\"><\/td>\n<td align=\"LEFT\" valign=\"TOP\">\n<p align=\"left\"><span class=\"texto\"><a name=\"ainformativo3\" id=\"3\"><span class=\"titulo\">PRORH      INICIA MOBILIZA&Ccedil;&Atilde;O PARA O CAMPEONATO DE FUTEBOL DE 2013<\/span><\/a><\/span><\/p>\n<p align=\"justify\"><span class=\"texto\"> Esta semana, Kildrei Neri, da      ProRH, convidou, por e-mail, participantes do Campeonato de Futebol      da Semana do Servidor do ano passado para a <em>Pelada do Servidor<\/em>,      marcada para o dia 29 de junho, a partir das 8h, no Campo da Faculdade      de Educa&ccedil;&atilde;o.<\/p>\n<p>     Essa &eacute; uma pr&eacute;via para divulga&ccedil;&atilde;o do Campeonato      de Futebol da Semana do Servidor 2013, que ser&aacute; realizado em      agosto, setembro e outubro. As inscri&ccedil;&otilde;es para a Pelada      ser&atilde;o aceitas at&eacute; o dia 25\/06. Ela se destina aos servidores      interessados no campeonato deste ano.<br \/>     <\/span><span class=\"texto\"><br \/>     No CECOM, os <em>atletas<\/em> podem procurar Wallison.<\/span><\/p>\n<p align=\"justify\"><span class=\"texto\"><br \/>     <\/span><span class=\"texto\"><\/span><span class=\"texto\"><br \/>     <\/span>    <\/p>\n<\/td>\n<\/tr>\n<tr>\n<td align=\"LEFT\" valign=\"TOP\"><\/td>\n<td align=\"LEFT\" valign=\"TOP\">&nbsp;<\/td>\n<\/tr>\n<tr class=\"cinza\">\n<td height=\"302\"><img loading=\"lazy\" decoding=\"async\" src=\"https:\/\/www.ufmg.br\/dti\/wp-content\/uploads\/imgs\/tudo_pixel.gif\" width=\"1\" height=\"1\" alt=\"\" border=\"0\"><\/td>\n<td align=\"LEFT\" valign=\"TOP\"><!-- #BeginEditable \"ha%2020%20anos\" -->     <\/p>\n<div align=\"justify\">\n<p><a name=\"ainformativo4\" id=\"4\"><span class=\"titulo\">H\u00e1 20 anos&#8230;<\/span><\/a><\/p>\n<p>      <span class=\"texto\"> O Sistem&aacute;tico Ano XVII, n&ordm; 18, de       24\/06\/1993, publicou not&iacute;cias sobre reuni&atilde;o para discuss&atilde;o       dos rumos da informatiza&ccedil;&atilde;o na UFMG, reforma do 8o andar,       palestra sobre Access, participa&ccedil;&atilde;o de Renato Righi       no curso de Teleprocessamento B&aacute;sico, entre outras. A not&iacute;cia       que se destacou foi: <\/span><\/p>\n<p><span class=\"texto\"><strong>NOVOS EQUIPAMENTOS<\/p>\n<p>      <\/strong><font face=\"1\">Dentro do processo de atualiza&ccedil;&atilde;o       do parque computacional do Centro de Computa&ccedil;&atilde;o, chegaram       ontem, dia 23, ao CECOM, 10 (dez) micros 486 SX de 25 MHz, que foram       distribu&iacute;dos pela DAA segundo crit&eacute;rios definidos em       reuni&atilde;o de Diretoria da seguinte forma: 01 para VDG, 04 para       a DSA, 04 para a DSF, 01 para a DST.<br \/>      Estes equipamentos, al&eacute;m da evolu&ccedil;&atilde;o tecnol&oacute;gica       com rela&ccedil;&atilde;o aos equipamentos atuais, t&ecirc;m por objetivo       aproximar as &aacute;reas de desenvolvimento do CECOM dos recursos       do ambiente Windows e permitir&atilde;o a amplia&ccedil;&atilde;o       futura da rede Novell, que est&aacute; sendo instalada pela DST.<br \/>      A instala&ccedil;&atilde;o desses equipamentos permitir&aacute; tamb&eacute;m       que sejam feitos alguns remanejamentos internos de micros, possibilitando       que a DCP e a DAA tamb&eacute;m sejam melhor equipadas para o cumprimento       de suas atividades.<\/font><\/span><\/p>\n<\/p><\/div>\n<div align=\"justify\">\n<p><span class=\"texto\"><\/span><\/p>\n<\/p><\/div>\n<p>    <!-- #EndEditable --><\/td>\n<\/tr>\n<tr>\n<td width=\"12\" align=\"LEFT\" valign=\"TOP\">&nbsp;<\/td>\n<td align=\"LEFT\" valign=\"TOP\">\n<p align=\"left\"><span class=\"texto\"><br \/>     <\/span>    <\/p>\n<\/td>\n<\/tr>\n<p>  <!-- #BeginEditable \"materias\" --> <!-- #EndEditable -->  <\/table>\n<p> <!-- fim tabela ha 20 anos --><\/div>\n<p><a name='eventos'><\/a><\/p>\n<h4>Eventos<\/h4>\n<div class=\"centro-sistematico\">  <!-- noticias --> <\/p>\n<table border=\"0\" cellpadding=\"0\" cellspacing=\"0\">\n<tr>\n<td align=\"LEFT\" valign=\"TOP\">&nbsp;<\/td>\n<td align=\"LEFT\" valign=\"TOP\">&nbsp;<\/td>\n<\/tr>\n<p>  <!-- #BeginEditable \"materias\" --> <!-- #EndEditable -->  <\/table>\n<table border=\"0\" cellspacing=\"0\" cellpadding=\"0\">\n<tr>\n<td><\/td>\n<td><\/td>\n<\/tr>\n<tr>\n<td height=\"153\" align=\"LEFT\" valign=\"TOP\"><\/td>\n<td align=\"LEFT\" valign=\"TOP\">\n<p><a name=\"aeventos1\" id=\"1\"><span class=\"titulo\">COMEMORA&Ccedil;&Atilde;O      DOS ANIVERS&Aacute;RIOS DO TRIMESTRE SER&Aacute; EM JULHO<\/span><\/a><\/p>\n<p align=\"justify\" class=\"texto\">Conforme publicado em O Sistem&aacute;tico      de 13\/06\/2013, a comemora&ccedil;&atilde;o dos anivers&aacute;rios dos      ceconianos do segundo trimestre (abril\/maio\/junho), foi adiada devido      ao aperto no calend&aacute;rio de junho com os dias de jogos no Mineir&atilde;o,      f&eacute;rias e viagens para treinamentos de alguns funcion&aacute;rios.<\/p>\n<p>     A nova data foi fixada para 10 de julho e os aniversariantes continuam      se manifestando quanto &agrave; participa&ccedil;&atilde;o. Faltam ainda      muitos para darem a resposta para a Vicentina, respons&aacute;vel pela      organiza&ccedil;&atilde;o do evento.<\/p>\n<p>     A festa ter&aacute; como tema as festas juninas e o card&aacute;pio      ser&aacute; feito com caldos, canjica e doces.<\/p>\n<p align=\"justify\" class=\"texto\"><span class=\"texto\"><\/p>\n<p>     <\/span><\/p>\n<\/td>\n<\/tr>\n<tr>\n<td height=\"217\" align=\"LEFT\" valign=\"TOP\"><\/td>\n<td align=\"LEFT\" valign=\"TOP\">\n<p><a name=\"aeventos2\" id=\"2\"><span class=\"titulo\">SOCIAIS<\/span><\/a><\/p>\n<p align=\"justify\" class=\"texto\"><strong>ANIVERS&Aacute;RIOS:<em> <\/em><\/strong><em>&#8220;O      Sistem&aacute;tico&#8221; envia os parab&eacute;ns para os ex-ceconianos:      Vicente Joel Prates Cordeiro Valadares, no dia 20; M&iacute;lvia Batista      de Miranda, no dia 21; Celso de Souza Lima, Marcos Aur&eacute;lio Nunes      de Morais e Ros&acirc;ngela Martins de Matos, no dia 22; Maria Tereza      Gon&ccedil;alves Diniz, no dia 23; Jos&eacute; Jo&atilde;o Teixeira      e Eliane das Gra&ccedil;as Alves Cavalcanti, no dia 24; Dilma Trivelli      Pimenta Sandrin, no dia 25; Ruana Keith da Cunha Lopes, Ambr&oacute;sio      Alves Moreira Santos, &Acirc;ngela Lage Ribeiro e Jos&eacute; Eduardo      Valle Santos, no dia 26; Bruno Vieira dos Santos e Juliano Dantas Santos,      no dia 27.<\/em><\/p>\n<p align=\"justify\" class=\"texto\"><span class=\"texto\"><\/p>\n<p>     <\/span><\/p>\n<\/td>\n<\/tr>\n<tr>\n<td height=\"169\" align=\"LEFT\" valign=\"TOP\"><\/td>\n<td align=\"LEFT\" valign=\"TOP\">\n<p><a name=\"aeventos3\" id=\"3\"><span class=\"titulo\">MEM&Oacute;RIA      FOTOGR&Aacute;FICA DO CECOM<\/span><\/a><\/p>\n<p align=\"justify\" class=\"texto\"> Os trabalhos de substitui&ccedil;&atilde;o      do ar condicionado, instalado no subsolo do pr&eacute;dio da Reitoria,      na &aacute;rea da Divis&atilde;o de Controle do Processamento do CECOM,      tiveram in&iacute;cio no m&ecirc;s de abril pelo DEMAI. No final de      maio, o sistema antigo foi substitu&iacute;do por duas novas m&aacute;quinas,      doadas pela Faculdade de Medicina. As fotos desta semana mostram as      m&aacute;quinas em seu novo local no subsolo e s&atilde;o de autoria      de Di&ecirc;go Jess&eacute;.<\/p>\n<p align=\"center\" class=\"texto\">     <em><strong><font face=\"1\"><span class=\"texto\"><strong><font face=\"2\"><span class=\"texto\"><font face=\"1\"><em><img loading=\"lazy\" decoding=\"async\" src=\"https:\/\/www.ufmg.br\/dti\/wp-content\/uploads\/fotos\/Ano%202013\/Junho\/20-06-2013\/CasaMaquinas_Subsolo_1.jpg\" width=\"375\" height=\"500\"><br \/>     M&aacute;quina nova<\/em><\/font><\/span><\/font><\/strong><\/span><\/font><\/strong><\/em><\/p>\n<p align=\"center\" class=\"texto\"><img loading=\"lazy\" decoding=\"async\" src=\"https:\/\/www.ufmg.br\/dti\/wp-content\/uploads\/fotos\/Ano%202013\/Junho\/20-06-2013\/CasaMaquinas_Subsolo_3.jpg\" width=\"375\" height=\"500\"><br \/>     <em><strong><font face=\"1\"><span class=\"texto\"><strong><font face=\"2\"><span class=\"texto\"><font face=\"1\"><em>M&aacute;quina      nova<\/em><\/font><\/span><\/font><\/strong><\/span><\/font><\/strong><\/em><\/p>\n<p align=\"center\" class=\"texto\"><img loading=\"lazy\" decoding=\"async\" src=\"https:\/\/www.ufmg.br\/dti\/wp-content\/uploads\/fotos\/Ano%202013\/Junho\/20-06-2013\/CasaMaquinas_ArCondicionadoSubsolo_Painel.jpg\" width=\"500\" height=\"281\"><br \/>     <span class=\"texto\"><strong><font face=\"2\"><span class=\"texto\"><font face=\"1\"><em>O      painel de controle<\/em><\/font><\/span><\/font><\/strong><\/span><\/p>\n<p align=\"center\" class=\"texto\"><img loading=\"lazy\" decoding=\"async\" src=\"https:\/\/www.ufmg.br\/dti\/wp-content\/uploads\/fotos\/Ano%202013\/Junho\/20-06-2013\/CasaMaquinas_Subsolo_2.jpg\" width=\"375\" height=\"500\"><br \/>     <span class=\"texto\"><strong><font face=\"2\"><span class=\"texto\"><font face=\"1\"><em>M&aacute;quina      do sistema antigo<\/em><\/font><\/span><\/font><\/strong><\/span><\/p>\n<p align=\"justify\" class=\"texto\"><span class=\"texto\"><\/p>\n<p>     <\/span><\/p>\n<\/td>\n<\/tr>\n<p>  <!-- #BeginEditable \"materias\" --> <!-- #EndEditable -->  <\/table>\n<p> <!-- fim noticias --> <\/p>\n<table border=\"0\" cellpadding=\"0\" cellspacing=\"0\">\n<tr>\n<td width=\"276\" align=\"LEFT\" valign=\"TOP\">&nbsp;<\/td>\n<td width=\"274\" align=\"LEFT\" valign=\"TOP\">&nbsp;<\/td>\n<\/tr>\n<p>  <!-- #BeginEditable \"materias\" --> <!-- #EndEditable -->  <\/table>\n<\/div>\n","protected":false},"excerpt":{"rendered":"<p>Not\u00edcias REGISTRO E MATR&Iacute;CULA DE CALOUROS DO SEGUNDO SEMESTRE VAI AT&Eacute; 21 DE JUNHO FUNCION&Aacute;RIO DA DAA PARTICIPA DE CURSO DA ENAP Informativo DICAS DE SITES INTERESSANTES MEC PLANEJA CRIAR UNIVERSIDADE FEDERAL A LONGA DIST&Acirc;NCIA PRORH INICIA MOBILIZA&Ccedil;&Atilde;O PARA O CAMPEONATO DE FUTEBOL DE 2013 H\u00e1 20 anos&#8230; Eventos COMEMORA&Ccedil;&Atilde;O DOS ANIVERS&Aacute;RIOS DO TRIMESTRE SER&Aacute; &#8230; <a title=\"Sistem\u00e1tico: Edi\u00e7\u00e3o 1577 &#8211; 20\/06\/2013\" class=\"read-more\" href=\"https:\/\/www.ufmg.br\/dti\/2013\/06\/20\/sistematico-edicao-1577-20062013\/\" aria-label=\"Read more about Sistem\u00e1tico: Edi\u00e7\u00e3o 1577 &#8211; 20\/06\/2013\">Ler mais<\/a><\/p>\n","protected":false},"author":3,"featured_media":0,"comment_status":"open","ping_status":"open","sticky":false,"template":"","format":"standard","meta":{"inline_featured_image":false,"footnotes":""},"categories":[13],"tags":[],"coauthors":[79],"class_list":["post-2903","post","type-post","status-publish","format-standard","hentry","category-sistematico"],"_links":{"self":[{"href":"https:\/\/www.ufmg.br\/dti\/wp-json\/wp\/v2\/posts\/2903","targetHints":{"allow":["GET"]}}],"collection":[{"href":"https:\/\/www.ufmg.br\/dti\/wp-json\/wp\/v2\/posts"}],"about":[{"href":"https:\/\/www.ufmg.br\/dti\/wp-json\/wp\/v2\/types\/post"}],"author":[{"embeddable":true,"href":"https:\/\/www.ufmg.br\/dti\/wp-json\/wp\/v2\/users\/3"}],"replies":[{"embeddable":true,"href":"https:\/\/www.ufmg.br\/dti\/wp-json\/wp\/v2\/comments?post=2903"}],"version-history":[{"count":0,"href":"https:\/\/www.ufmg.br\/dti\/wp-json\/wp\/v2\/posts\/2903\/revisions"}],"wp:attachment":[{"href":"https:\/\/www.ufmg.br\/dti\/wp-json\/wp\/v2\/media?parent=2903"}],"wp:term":[{"taxonomy":"category","embeddable":true,"href":"https:\/\/www.ufmg.br\/dti\/wp-json\/wp\/v2\/categories?post=2903"},{"taxonomy":"post_tag","embeddable":true,"href":"https:\/\/www.ufmg.br\/dti\/wp-json\/wp\/v2\/tags?post=2903"},{"taxonomy":"author","embeddable":true,"href":"https:\/\/www.ufmg.br\/dti\/wp-json\/wp\/v2\/coauthors?post=2903"}],"curies":[{"name":"wp","href":"https:\/\/api.w.org\/{rel}","templated":true}]}}