{"id":2905,"date":"2013-06-06T08:00:00","date_gmt":"2013-06-06T08:00:00","guid":{"rendered":"https:\/\/www.ufmg.br\/dti\/cecom\/?p=1054"},"modified":"2013-06-06T08:00:00","modified_gmt":"2013-06-06T08:00:00","slug":"sistematico-edicao-1575-06062013","status":"publish","type":"post","link":"https:\/\/www.ufmg.br\/dti\/2013\/06\/06\/sistematico-edicao-1575-06062013\/","title":{"rendered":"Sistem\u00e1tico: Edi\u00e7\u00e3o 1575 &#8211; 06\/06\/2013"},"content":{"rendered":"<ul>\n<li><a href=\"\/dti\/#noticias\">Not\u00edcias<\/a>\n<div class='submenuSistematico'>\n<ul>\n<li><a href=\"\/dti\/#anoticias1\" id=\"1\"><span class=\"titulo\"><span class=\"titulo\">DTI      PARTICIPA DO VII WTICIFES NA PARA&Iacute;BA<\/span><\/span><\/a><\/li>\n<li><a href=\"\/dti\/#anoticias2\" id=\"2\"><span class=\"titulo\">CECOM      COLOCA GOVERNAN&Ccedil;A E PROCESSOS EM EVID&Ecirc;NCIA<\/span><\/a><\/li>\n<li><a href=\"\/dti\/#anoticias3\" id=\"3\"><span class=\"titulo\">FUNCION&Aacute;RIOS      DO CECOM E LCC PARTICIPAM DE CURSO DA PLANSIS<\/span><\/a><\/li>\n<li><a href=\"\/dti\/#anoticias4\" id=\"4\"><span class=\"titulo\">NOVO      ESTAGI&Aacute;RIO DO CECOM<\/span><\/a><\/li>\n<\/ul>\n<\/div>\n<\/li>\n<li><a href=\"\/dti\/#informativo\">Informativo<\/a>\n<div class='submenuSistematico'>\n<ul>\n<li><a href=\"\/dti\/#ainformativo1\" id=\"1\"><span class=\"titulo\">ESTAT&Iacute;STICAS      DE ACESSO DO SERVI&Ccedil;O PROXY HTTP<\/span><\/a><\/li>\n<li><a href=\"\/dti\/#ainformativo2\" id=\"2\"><span class=\"titulo\">DICAS      DE SITES INTERESSANTES<\/span><\/a><\/li>\n<li><a href=\"\/dti\/#ainformativo3\" id=\"3\"><span class=\"titulo\">ATIVIDADES      DA UNIVERSIDADE SER&Atilde;O SUSPENSAS NOS DIAS DE JOGOS DA COPA DAS      CONFEDERA&Ccedil;&Otilde;ES <\/span><\/a><\/li>\n<li><a href=\"\/dti\/#ainformativo4\" id=\"4\"><span class=\"titulo\">COMPRA      DE TABLETS DEVE SUPERAR A DE COMPUTADORES EM 2015<\/span><\/a><\/li>\n<li><a href=\"\/dti\/#ainformativo5\" id=\"5\"><span class=\"titulo\">UFMG      LAN&Ccedil;A CAT&Aacute;LOGO SOBRE SEUS EVENTOS INTERNACIONAIS DE 2013<\/span><\/a><\/li>\n<li><a href=\"\/dti\/#ainformativo6\" id=\"6\"><span class=\"titulo\">H\u00e1 20 anos&#8230;<\/span><\/a><\/li>\n<\/ul>\n<\/div>\n<\/li>\n<li><a href=\"\/dti\/#eventos\">Eventos<\/a>\n<div class='submenuSistematico'>\n<ul>\n<li><a href=\"\/dti\/#aeventos1\" id=\"1\"><span class=\"titulo\">SOCIAIS<\/span><\/a><\/li>\n<li><a href=\"\/dti\/#aeventos2\" id=\"2\"><span class=\"titulo\">COMEMORA&Ccedil;&Atilde;O      DOS ANIVERS&Aacute;RIOS DO 2&ordm; TRIMESTRE<\/span><\/a><\/li>\n<li><a href=\"\/dti\/#aeventos3\" id=\"3\"><span class=\"titulo\">MEM&Oacute;RIA      FOTOGR&Aacute;FICA DO CECOM<\/span><\/a><\/li>\n<\/ul>\n<\/div>\n<\/li>\n<\/ul>\n<ul class='pdfSist'>\n<li><a href=\"https:\/\/www.ufmg.br\/dti\/wp-content\/uploads\/Sistematico_PDF\/Sist12_2013-A4.pdf\"><img loading=\"lazy\" decoding=\"async\" src=\"https:\/\/www.ufmg.br\/dti\/wp-content\/uploads\/Sistematico_PDF\/mini_pdf.gif\" width=\"30\" height=\"53\" border=\"0\"> Vers\u00e3o em PDF<\/a><\/li>\n<\/ul>\n<p> <a name='noticias'><\/a><\/p>\n<h4>Not\u00edcias<\/h4>\n<div class=\"centro-sistematico\">  <!-- noticias --> <a><\/a>  <\/p>\n<table border=\"0\" cellpadding=\"0\" cellspacing=\"0\">\n<tr>\n<td height=\"637\" align=\"LEFT\" valign=\"TOP\"><\/td>\n<td align=\"LEFT\" valign=\"TOP\">\n<p><a name=\"anoticias1\" id=\"1\"><span class=\"titulo\"><span class=\"titulo\">DTI      PARTICIPA DO VII WTICIFES NA PARA&Iacute;BA<\/span><\/span><\/a><\/p>\n<p align=\"justify\"><span class=\"texto\"> No per&iacute;odo de 27 a 29 de      maio, foi realizado em Jo&atilde;o Pessoa\/Para&iacute;ba, o VII WTICIFES      &#8211; Workshop de Tecnologia da Informa&ccedil;&atilde;o e Comunica&ccedil;&atilde;o      das Institui&ccedil;&otilde;es Federais de Ensino Superior do Brasil.<\/p>\n<p>     Com o tema &#8220;TIC sem fronteiras&#8221;, o encontro levantou quest&otilde;es      comuns &agrave; realidade dos profissionais de TI das IFES promovendo      o debate e a troca de conhecimento e informa&ccedil;&otilde;es do setor.      Foram discutidos t&oacute;picos como: Gest&atilde;o de TIC; Solu&ccedil;&otilde;es      para o ensino, pesquisa, extens&atilde;o e gest&atilde;o universit&aacute;ria;      Sistemas de Informa&ccedil;&otilde;es; e Infraestrutura e Suporte.<\/p>\n<p>     O Workshop de Tecnologia da Informa&ccedil;&atilde;o foi promovido pelo      Col&eacute;gio de Gestores de TIC das IFES visando incentivar a troca      interinstitucional de experi&ecirc;ncias e solu&ccedil;&otilde;es para      a efetiva&ccedil;&atilde;o da TIC como um instrumento de avan&ccedil;o      de todas as IFES.<\/p>\n<p>     Entre os dirigentes de TI presentes ao evento, estava o Prof. Clarindo      Isa&iacute;as Pereira da Silva e P&aacute;dua, Diretor de TI da UFMG.<\/p>\n<p>     O Prof. Clarindo P&aacute;dua ressaltou a import&acirc;ncia do evento      para a troca de experi&ecirc;ncia em temas de interesses das IFES e      para contatos com colegas de outras universidades. Tamb&eacute;m comentou      que um tema recorrente no evento foi a movimenta&ccedil;&atilde;o das      IFES para a Governan&ccedil;a de TI, que trata de uma maior integra&ccedil;&atilde;o      entre os interesses estrat&eacute;gicos de neg&oacute;cio das institui&ccedil;&otilde;es      e a &aacute;rea de TI. <\/span><\/p>\n<p align=\"center\"><em><strong><font face=\"1\"><span class=\"texto\"><strong><font face=\"2\"><span class=\"texto\"><font face=\"1\"><em><img loading=\"lazy\" decoding=\"async\" src=\"https:\/\/www.ufmg.br\/dti\/wp-content\/uploads\/fotos\/Ano%202013\/Junho\/06-06-13\/Prof._Clarindo.jpg\" width=\"255\" height=\"400\">      <br \/>     Prof. Clarindo<\/em><\/font><\/span><\/font><\/strong><\/span><\/font><\/strong><\/em><\/p>\n<\/td>\n<\/tr>\n<tr>\n<td height=\"1267\" align=\"LEFT\" valign=\"TOP\"><\/td>\n<td align=\"LEFT\" valign=\"TOP\">\n<p><a name=\"anoticias2\" id=\"2\"><span class=\"titulo\">CECOM      COLOCA GOVERNAN&Ccedil;A E PROCESSOS EM EVID&Ecirc;NCIA<\/span><\/a><\/p>\n<p align=\"justify\"><span class=\"texto\">O CECOM tem procurado investir      para evoluir em aspectos relacionados &agrave; governan&ccedil;a de      TI. Nessa busca, o mapeamento de seus processos de trabalho, que passar&atilde;o      a ser implantados de forma padronizada, tem papel fundamental.<\/p>\n<p>     Para avan&ccedil;ar nessa &aacute;rea, a equipe do CECOM passou a contar,      desde o in&iacute;cio deste m&ecirc;s de junho, com o Analista de Tecnologia      da Informa&ccedil;&atilde;o Alberto Rubens Beckler, que atuar&aacute;      como Gerente de Processos, vinculado inicialmente &agrave; DAS (Divis&atilde;o      de Aplicativos e Sistemas), j&aacute; que o objetivo principal, neste      momento, &eacute; a organiza&ccedil;&atilde;o dos processos da &aacute;rea      de desenvolvimento. Alberto, mais conhecido por todos como Rubinho,      integrava at&eacute; o m&ecirc;s passado a equipe de desenvolvimento      do SiGA, novo sistema acad&ecirc;mico da gradua&ccedil;&atilde;o.<br \/>     Esse trabalho de mapeamento de processos ser&aacute;, posteriormente,      levado &agrave;s demais &aacute;reas do CECOM.<br \/>     <\/span><span class=\"texto\"><br \/>     Ainda dentro dessa vis&atilde;o de reorganiza&ccedil;&atilde;o e melhoria      dos processos de TI, o Analista Ronaldo Ara&uacute;jo Costa passa a      tratar de quest&otilde;es relacionadas &agrave; governan&ccedil;a. Atualmente,      Ronaldo est&aacute; em etapa de estudo inicial do tema, compilando artigos,      leis, normas e a bibliografia utilizada pela Escola Superior de Redes      da RNP &#8211; Rede Nacional de Ensino e Pesquisa. Ele far&aacute; cursos      para iniciar sua capacita&ccedil;&atilde;o e, desde a &uacute;ltima      semana, j&aacute; est&aacute; participando das reuni&otilde;es, executivas      e de planejamento estrat&eacute;gico, promovidas pela DTI.<\/span><\/p>\n<p align=\"center\"><img loading=\"lazy\" decoding=\"async\" src=\"https:\/\/www.ufmg.br\/dti\/wp-content\/uploads\/fotos\/Ano%202013\/Junho\/06-06-13\/Entrada_AlbertoRubensBeckler.jpg\" width=\"362\" height=\"400\"><br \/>     <em><strong><font face=\"1\"><span class=\"texto\"><strong><font face=\"2\"><span class=\"texto\"><font face=\"1\"><em>Alberto      Rubens<\/em><\/font><\/span><\/font><\/strong><\/span><\/font><\/strong><\/em><\/p>\n<p align=\"center\"><em><strong><font face=\"1\"><img loading=\"lazy\" decoding=\"async\" src=\"https:\/\/www.ufmg.br\/dti\/wp-content\/uploads\/fotos\/Ano%202013\/Junho\/06-06-13\/Ronaldo400px_062013.jpg\" width=\"382\" height=\"400\"><br \/>     <span class=\"texto\"><strong><font face=\"2\"><span class=\"texto\"><font face=\"1\"><em>Ronaldo      Costa <\/em><\/font><\/span><\/font><\/strong><\/span> <\/font><\/strong><\/em><\/p>\n<p align=\"center\"><span class=\"texto\"><a href=\"\/dti\/#topo\"> <img loading=\"lazy\" decoding=\"async\" src=\"https:\/\/www.ufmg.br\/dti\/wp-content\/uploads\/imgs\/tudo_topo.gif\" width=\"35\" height=\"11\" alt=\"\" border=\"0\" hspace=\"0\" vspace=\"0\" align=\"right\"><\/a><\/span><span class=\"texto\"><br \/>     <\/span><\/p>\n<\/td>\n<\/tr>\n<tr>\n<td height=\"409\" align=\"LEFT\" valign=\"TOP\"><\/td>\n<td align=\"LEFT\" valign=\"TOP\">\n<p><a name=\"anoticias3\" id=\"3\"><span class=\"titulo\">FUNCION&Aacute;RIOS      DO CECOM E LCC PARTICIPAM DE CURSO DA PLANSIS<\/span><\/a><\/p>\n<p align=\"justify\"><span class=\"texto\"> Esta semana, de 04 a 07 de junho,      dois funcion&aacute;rios do CECOM e dois funcion&aacute;rios do LCC      est&atilde;o participando do curso Lotus Domino Designer, oferecido      pela empresa Plansis. Os funcion&aacute;rios s&atilde;o: Eug&ecirc;nio      Pacelli Pereira de Souza, F&aacute;bio Luiz de Morais, ambos do CECOM;      Karina Flaviana Ribeiro e Walison Dias da Silva, estes do LCC.O instrutor      est&aacute; sendo K&ecirc;nio Carvalho e o curso mostra como criar e      modificar aplica&ccedil;&otilde;es de banco e dados usando o IBM Lotus      Domino 8.5.1.<\/span><\/p>\n<p align=\"center\"><img loading=\"lazy\" decoding=\"async\" src=\"https:\/\/www.ufmg.br\/dti\/wp-content\/uploads\/fotos\/Ano%202013\/Junho\/06-06-13\/Eugenio_Fabio.jpg\" width=\"500\" height=\"303\"><br \/>     <em><strong><font face=\"1\"><span class=\"texto\"><strong><font face=\"2\"><span class=\"texto\"><font face=\"1\"><em>F&aacute;bio      e Eug&ecirc;nio<\/em><\/font><\/span><\/font><\/strong><\/span><\/font><\/strong><\/em>     <\/p>\n<p align=\"center\"><span class=\"texto\"><\/span><span class=\"texto\"><br \/>     <\/span><\/p>\n<\/td>\n<\/tr>\n<tr>\n<td height=\"409\" align=\"LEFT\" valign=\"TOP\"><\/td>\n<td align=\"LEFT\" valign=\"TOP\">\n<p><a name=\"anoticias4\" id=\"4\"><span class=\"titulo\">NOVO      ESTAGI&Aacute;RIO DO CECOM<\/span><\/a><\/p>\n<p align=\"justify\"><span class=\"texto\"> O CECOM est&aacute; contando com      mais um estagi&aacute;rio em seu quadro. Trata-se de Cl&aacute;udio      Manuel da Costa Silva, aluno do curso de Sistemas da Informa&ccedil;&atilde;o      da UFMG.<\/p>\n<p>     Cl&aacute;udio Manuel est&aacute; lotado na DRC &#8211; Divis&atilde;o de      Redes de Comunica&ccedil;&atilde;o, onde iniciou o est&aacute;gio no      &uacute;ltimo dia 03.<\/span><\/p>\n<p align=\"center\"><img loading=\"lazy\" decoding=\"async\" src=\"https:\/\/www.ufmg.br\/dti\/wp-content\/uploads\/fotos\/Ano%202013\/Junho\/06-06-13\/Entrada_Claudio_Drc.jpg\" width=\"385\" height=\"400\"><br \/>     <em><strong><font face=\"1\"><span class=\"texto\"><strong><font face=\"2\"><span class=\"texto\"><font face=\"1\"><em>Cl&aacute;udio      Manuel<\/em><\/font><\/span><\/font><\/strong><\/span><\/font><\/strong><\/em>     <\/p>\n<p align=\"center\"><span class=\"texto\"><\/span><span class=\"texto\"><br \/>     <\/span><\/p>\n<\/td>\n<\/tr>\n<p>  <!-- #BeginEditable \"materias\" --> <!-- #EndEditable -->  <\/table>\n<table border=\"0\" cellpadding=\"0\" cellspacing=\"0\">\n<tr>\n<td align=\"LEFT\" valign=\"TOP\"><\/td>\n<td align=\"LEFT\" valign=\"TOP\">&nbsp;<\/td>\n<\/tr>\n<p>  <!-- #BeginEditable \"materias\" --> <!-- #EndEditable -->  <\/table>\n<\/p><\/div>\n<p><a name='informativo'><\/a><\/p>\n<h4>Informativo<\/h4>\n<div class=\"centro-sistematico\">  <!-- noticias --> <a><\/a>  <\/p>\n<table border=\"0\" cellspacing=\"0\" cellpadding=\"0\">\n<tr>\n<td><\/td>\n<td><\/td>\n<\/tr>\n<p>  <!-- #BeginEditable \"materias\" --> <!-- #EndEditable -->  <\/table>\n<p> <!-- fim noticias --> <!-- tabela ha 20 anos --> <\/p>\n<table border=\"0\" cellpadding=\"0\" cellspacing=\"0\" bgcolor=\"#FFFFFF\">\n<tr>\n<td height=\"303\" align=\"LEFT\" valign=\"TOP\"><\/td>\n<td align=\"LEFT\" valign=\"TOP\">\n<p align=\"left\"><span class=\"texto\"><a name=\"ainformativo1\" id=\"1\"><span class=\"titulo\">ESTAT&Iacute;STICAS      DE ACESSO DO SERVI&Ccedil;O PROXY HTTP<\/span><\/a><\/span><\/p>\n<p align=\"justify\"><span class=\"texto\">Destinado a diminuir o tr&aacute;fego      de navega&ccedil;&atilde;o na RNP e acelerar o acesso de m&aacute;quinas      internas e sites externos, a UFMG conta com o servi&ccedil;o de proxy      HTTP, implantado em abril\/2006. Todos os meses, O Sistem&aacute;tico      tem publicado as estat&iacute;sticas de acesso a esse servi&ccedil;o.<\/p>\n<p>     At&eacute; o dia 31 de maio de 2013, foram registrados 14.231 usu&aacute;rios      diferentes acessando o sistema desde a sua implanta&ccedil;&atilde;o.      O gr&aacute;fico abaixo mostra o total de registros mensais.<br \/>     Para quem est&aacute; fora da Rede UFMG (por exemplo, acessando a Internet      de casa), o proxy permite o acesso a sites n&atilde;o p&uacute;blicos,      como os apontados pelo Portal CAPES.<\/p>\n<p>     A queda acentuada no uso do Proxy teve in&iacute;cio com a ado&ccedil;&atilde;o      do acesso direto com a autentica&ccedil;&atilde;o via comunidade CAFe.<\/span><\/p>\n<p align=\"center\"><img loading=\"lazy\" decoding=\"async\" src=\"https:\/\/www.ufmg.br\/dti\/wp-content\/uploads\/fotos\/Ano%202013\/Junho\/06-06-13\/Proxy_Mai-2013.JPG\" width=\"500\" height=\"306\"><\/p>\n<p align=\"justify\"><span class=\"texto\"><\/span><span class=\"texto\"><br \/>     <\/span>    <\/p>\n<\/td>\n<\/tr>\n<tr>\n<td height=\"620\" align=\"LEFT\" valign=\"TOP\"><\/td>\n<td align=\"LEFT\" valign=\"TOP\">\n<p align=\"left\"><span class=\"texto\"><a name=\"ainformativo2\" id=\"2\"><span class=\"titulo\">DICAS      DE SITES INTERESSANTES<\/span><\/a><\/span><\/p>\n<p align=\"justify\"><span class=\"texto\">Adyrus, o ca&ccedil;ador de sites,      enviou as seguintes dicas:<\/p>\n<p>     &#8211; Cursos Abertos, on-line e gratuitos do Hospital Albert Einstein. <a href=\"http:\/\/www.einstein.br\/Ensino\/cursos-abertos\/Paginas\/cursos-abertos.aspx#tab_cursos\">Saiba      mais no endere&ccedil;o<\/a>.<\/p>\n<p>     &#8211; Conhe&ccedil;a a Favela da Rocinha atrav&eacute;s da Web. <a href=\"http:\/\/faveladarocinha.com\/site\/index.php\">Clique<\/a>.<\/p>\n<p>     &#8211; O C&oacute;digo Brasileiro de Telecomunica&ccedil;&otilde;es completa      50 anos. A lei que regulamenta o funcionamento das r&aacute;dios e televis&otilde;es      no pa&iacute;s &eacute; de outro tempo, de outro Brasil. Em 50 anos      muita coisa mudou. Superamos uma ditadura e restabelecemos a democracia.      Atravessamos uma revolu&ccedil;&atilde;o tecnol&oacute;gica e assistimos      a um per&iacute;odo de mudan&ccedil;as sociais, pol&iacute;ticas e econ&ocirc;micas      que t&ecirc;m permitido redu&ccedil;&atilde;o de desigualdades e inclus&atilde;o.      <a href=\"http:\/\/www.paraexpressaraliberdade.org.br\/\">Veja no endere&ccedil;o<\/a>.<\/p>\n<p>     &#8211; Internet Comunica&ccedil;&atilde;o em Rede. Aprenda mais sobre a rede.      <a href=\"https:\/\/www.sites.google.com\/site\/internetemrede\/\">Leia<\/a>.<\/p>\n<p>     &#8211; Censo de dados aberto. O censo apresenta os resultados, juntamente      com outros fatos em todo o planeta. <a href=\"http:\/\/census.okfn.org\/\">Clique<\/a>.      (Site em Ingl&ecirc;s)<\/p>\n<p>     -WikiAves, um site de conte&uacute;do interativo, direcionado &agrave;      comunidade brasileira de observadores de aves, com o objetivo de apoiar,      divulgar e promover a atividade de observa&ccedil;&atilde;o de aves,      fornecendo gratuitamente ferramentas avan&ccedil;adas para controle      de fotos, sons, textos, identifica&ccedil;&atilde;o de esp&eacute;cies,      comunica&ccedil;&atilde;o entre observadores, entre outras. Navegue,      participe e descubra como funciona o WikiAves no <a href=\"http:\/\/www.wikiaves.com.br\/\">endere&ccedil;o<\/a>.<\/p>\n<p>     &#8211; Veja a foto do Carlos Roberto Rodrigues, da DAS, usando uma SONY DSC-HX200V,      publicada no WikiAves. <a href=\"http:\/\/www.wikiaves.com.br\/967157\">Confira<\/a>.<\/p>\n<p>     &#8211; Dica de Cl&eacute;ia Cavalcanti: Oficina de Culin&aacute;ria Saud&aacute;vel.      No card&aacute;pio da alimenta&ccedil;&atilde;o equilibrada, n&atilde;o      &eacute; preciso tomar atitudes dr&aacute;sticas e viver &agrave; custa      de proibi&ccedil;&otilde;es. O importante &eacute; fazer com que a hora      das refei&ccedil;&otilde;es seja de bem-estar. Por isso, reserve esse      tempo para ser feliz e pare de se preocupar em contar calorias. Ali&aacute;s,      fique&nbsp;sabendo que na nutri&ccedil;&atilde;o moderna existem estrat&eacute;gias      muito mais eficazes para garantir a boa forma e manter a obesidade longe,      bem longe. <a href=\"http:\/\/saude.abril.com.br\/emagrece-brasil\/cartilha.pdf\">Saiba      mais<\/a>.<\/span><span class=\"texto\"><\/p>\n<p>     <\/span><span class=\"texto\"><\/span><span class=\"texto\"><br \/>     <\/span>    <\/p>\n<\/td>\n<\/tr>\n<tr>\n<td height=\"447\" align=\"LEFT\" valign=\"TOP\"><\/td>\n<td align=\"LEFT\" valign=\"TOP\">\n<p align=\"left\"><span class=\"texto\"><a name=\"ainformativo3\" id=\"3\"><span class=\"titulo\">ATIVIDADES      DA UNIVERSIDADE SER&Atilde;O SUSPENSAS NOS DIAS DE JOGOS DA COPA DAS      CONFEDERA&Ccedil;&Otilde;ES <\/span><\/a><\/span><\/p>\n<p align=\"justify\"><span class=\"texto\">As atividades acad&ecirc;micas      e administrativas da UFMG ser&atilde;o suspensas nos dias 17, 22 e 26      de junho, datas em que o est&aacute;dio Mineir&atilde;o, na Pampulha,      receber&aacute; jogos pela Copa das Confedera&ccedil;&otilde;es, competi&ccedil;&atilde;o      organizada pela Fifa.<\/p>\n<p>     A decis&atilde;o foi tomada pelo reitor Cl&eacute;lio Campolina e comunicada      a pr&oacute;-reitores, diretores de unidades acad&ecirc;micas e &oacute;rg&atilde;os      administrativos por meio de of&iacute;cio circular expedido no dia 23      de maio. <\/p>\n<p>     No documento, o reitor informa que o acesso ao campus Pampulha s&oacute;      ser&aacute; permitido &#8220;com pr&eacute;via autoriza&ccedil;&atilde;o      da Pr&oacute;-reitoria de Administra&ccedil;&atilde;o (PRA)&#8221;.      Os nomes de professores, servidores e estudantes que precisarem entrar      no campus nesses dias dever&atilde;o ser informados at&eacute; esta      quinta-feira, 6, pelo endere&ccedil;o info@pra.ufmg.br.<\/p>\n<p>     De acordo com entendimentos entre os governos federal, estadual e municipal      com as universidades federais, as institui&ccedil;&otilde;es localizadas      nas cidades-sedes da Copa das Confedera&ccedil;&otilde;es colaborar&atilde;o      com a realiza&ccedil;&atilde;o do evento. Por isso, estacionamentos      e ruas do campus Pampulha ser&atilde;o utilizados para circula&ccedil;&atilde;o      e estacionamento apenas por carros credenciados pela UFMG (PRA) e pela      Fifa. O estacionamento da Reitoria estar&aacute; reservado para as pessoas      credenciadas.<\/p>\n<p>     (<em>Fonte: https:\/\/www.ufmg.br\/online\/arquivos\/028620.shtml &#8211; 06\/06\/2013<\/em>)<\/span><\/p>\n<p align=\"justify\"><span class=\"texto\"><\/span><span class=\"texto\"><br \/>     <\/span>    <\/p>\n<\/td>\n<\/tr>\n<tr>\n<td height=\"544\" align=\"LEFT\" valign=\"TOP\"><\/td>\n<td align=\"LEFT\" valign=\"TOP\">\n<p align=\"left\"><span class=\"texto\"><a name=\"ainformativo4\" id=\"4\"><span class=\"titulo\">COMPRA      DE TABLETS DEVE SUPERAR A DE COMPUTADORES EM 2015<\/span><\/a><\/span><\/p>\n<table width=\"100%\" border=\"1\">\n<tr>\n<td bgcolor=\"#999999\">\n<div align=\"justify\">\n<p><span class=\"texto\"><em>Foi publicada, no dia 03\/06\/2013, a          not&iacute;cia transcrita abaixo Compra de tablets deve superar          a de computadores em 2015, no endere&ccedil;o <strong>http:\/\/br.financas.yahoo.com\/noticias\/compra-tablets-deve-superar-computadores-154700103.html<\/strong>.<\/em><\/span><span class=\"texto\"><em>A          colabora&ccedil;&atilde;o &eacute; de Eug&ecirc;nio Pacelli          Pereira de Souza, da DAC.<\/em><\/span><\/p>\n<\/p><\/div>\n<\/td>\n<\/tr>\n<\/table>\n<p align=\"justify\"><span class=\"texto\">A venda de tablets em 2015 deve      superar a de todos os computadores comercia-lizados no per&iacute;odo,      segundo previs&atilde;o da IDC (International Data Corporation). Por&eacute;m,      a empresa acredita que os computadores ainda ter&atilde;o um papel importante      para os usu&aacute;rios corporativos.<\/p>\n<p>     J&aacute; em 2013, a comercializa&ccedil;&atilde;o dos dispositivos      m&oacute;veis deve crescer 58,7%, em rela&ccedil;&atilde;o ao ano passado,      e atingir 229,3 milh&otilde;es de unidades contra 144,5 milh&otilde;es      em 2012. Al&eacute;m disso, a venda dos tablets dever&aacute; ultrapassar      a dos notebooks ainda este ano. &#8220;Para muitos consumidores, o tablet      &eacute; uma solu&ccedil;&atilde;o simples e elegante para os casos      em que eram usados os computadores&#8221;, afirma o gerente de mobilidade      da IDC, Ryan Reith.<\/p>\n<p>     <strong>Pre&ccedil;os<\/strong> &#8211; De acordo com a pesquisa, o pre&ccedil;o      m&eacute;dio de venda dos tablets deve cair 10,8% em 2013, um valor      em torno de US$ 381; enquanto o valor dos PCs &eacute; quase o dobro,      US$ 635. O IDC espera que com os pre&ccedil;os dos tablets caindo ainda      mais, ser&aacute; poss&iacute;vel que as empresas ofere&ccedil;am uma      experi&ecirc;ncia de computa&ccedil;&atilde;o vi&aacute;vel nas m&atilde;os      de mais pessoas.<\/p>\n<p>     Al&eacute;m de pre&ccedil;os mais baixos, outra grande mudan&ccedil;a      no mercado de tablets ocorreu em torno dos tamanhos de tela. A primeira      gera&ccedil;&atilde;o do iPad, da Apple, que possu&iacute;a um display      de 9.7 polegadas, foi entendida como o ponto ideal para tablets. Isto      at&eacute; os tablets baseados em Android, de 7 polegadas, come&ccedil;arem      a ganhar for&ccedil;a no mercado. Em resposta, a Apple lan&ccedil;ou      o mini iPad em 2012.<\/span><\/p>\n<p align=\"justify\"><span class=\"texto\"><\/span><span class=\"texto\"><br \/>     <\/span>    <\/p>\n<\/td>\n<\/tr>\n<tr>\n<td height=\"303\" align=\"LEFT\" valign=\"TOP\"><\/td>\n<td align=\"LEFT\" valign=\"TOP\">\n<p align=\"left\"><span class=\"texto\"><a name=\"ainformativo5\" id=\"5\"><span class=\"titulo\">UFMG      LAN&Ccedil;A CAT&Aacute;LOGO SOBRE SEUS EVENTOS INTERNACIONAIS DE 2013<\/span><\/a><\/span><\/p>\n<p align=\"justify\"><span class=\"texto\">A UFMG acaba de editar cat&aacute;logo      especial sobre os principais eventos internacionais a serem abrigados      e promovidos pela institui&ccedil;&atilde;o entre junho e novembro deste      ano. A publica&ccedil;&atilde;o, de 24 p&aacute;ginas, tamb&eacute;m      apresenta balan&ccedil;o do processo de internacionaliza&ccedil;&atilde;o,      que vem sendo intensificado nos &uacute;ltimos anos.<\/p>\n<p>     O cat&aacute;logo lista 16 eventos internacionais que acontecem na UFMG      at&eacute; o final de novembro, envolvendo pesquisadores, estudantes,      profissionais e artistas de todos os continentes e dos mais diversos      campos da ci&ecirc;ncia e da cultura.<\/p>\n<p>     As atividades ocorrer&atilde;o no campus Pampulha, em outras depend&ecirc;ncias      da Universidade em Belo Horizonte e abranger&atilde;o, ainda, as cidades      hist&oacute;ricas mineiras de Ouro Preto, Mariana, Sabar&aacute; e Tiradentes.      &#8230;<\/p>\n<p>     (<em>Fonte: https:\/\/www.ufmg.br\/online\/arquivos\/028634.shtml06\/06\/2013<\/em>)<\/span><\/p>\n<p align=\"justify\"><span class=\"texto\"><\/span><span class=\"texto\"><br \/>     <\/span>    <\/p>\n<\/td>\n<\/tr>\n<tr>\n<td align=\"LEFT\" valign=\"TOP\"><\/td>\n<td align=\"LEFT\" valign=\"TOP\">&nbsp;<\/td>\n<\/tr>\n<tr class=\"cinza\">\n<td height=\"183\"><img loading=\"lazy\" decoding=\"async\" src=\"https:\/\/www.ufmg.br\/dti\/wp-content\/uploads\/imgs\/tudo_pixel.gif\" width=\"1\" height=\"1\" alt=\"\" border=\"0\"><\/td>\n<td align=\"LEFT\" valign=\"TOP\"><!-- #BeginEditable \"ha%2020%20anos\" -->     <\/p>\n<div align=\"justify\">\n<p><a name=\"ainformativo6\" id=\"6\"><span class=\"titulo\">H\u00e1 20 anos&#8230;<\/span><\/a><\/p>\n<p>      <span class=\"texto\"> H&aacute; 20 anos, O Sistem&aacute;tico n&atilde;o       circulou, retornando em 17 de julho de 1993. Consultando as p&aacute;ginas       de O Sistem&aacute;tico para descobrir o ocorrido, foi encontrada       uma not&iacute;cia de que a Redatora do jornal estava participando       do Curso Qualidade Total. na Escola de Engenharia, no per&iacute;odo       de 17 a 21 de maio\/1993, juntamente com: Benjamin Pinto Neto, Efig&ecirc;nio       Vieira Ata&iacute;de e Regina Helena Moura Brandi.<\/span><\/p>\n<\/p><\/div>\n<div align=\"justify\">\n<p><span class=\"texto\"><\/span><\/p>\n<\/p><\/div>\n<p>    <!-- #EndEditable --><\/td>\n<\/tr>\n<tr>\n<td width=\"12\" align=\"LEFT\" valign=\"TOP\">&nbsp;<\/td>\n<td align=\"LEFT\" valign=\"TOP\">\n<p align=\"left\"><span class=\"texto\"><br \/>     <\/span>    <\/p>\n<\/td>\n<\/tr>\n<p>  <!-- #BeginEditable \"materias\" --> <!-- #EndEditable -->  <\/table>\n<p> <!-- fim tabela ha 20 anos --><\/div>\n<p><a name='eventos'><\/a><\/p>\n<h4>Eventos<\/h4>\n<div class=\"centro-sistematico\">  <!-- noticias --> <\/p>\n<table border=\"0\" cellpadding=\"0\" cellspacing=\"0\">\n<tr>\n<td align=\"LEFT\" valign=\"TOP\">&nbsp;<\/td>\n<td align=\"LEFT\" valign=\"TOP\">&nbsp;<\/td>\n<\/tr>\n<p>  <!-- #BeginEditable \"materias\" --> <!-- #EndEditable -->  <\/table>\n<table border=\"0\" cellspacing=\"0\" cellpadding=\"0\">\n<tr>\n<td><\/td>\n<td><\/td>\n<\/tr>\n<tr>\n<td height=\"169\" align=\"LEFT\" valign=\"TOP\"><\/td>\n<td align=\"LEFT\" valign=\"TOP\">\n<p><a name=\"aeventos1\" id=\"1\"><span class=\"titulo\">SOCIAIS<\/span><\/a><\/p>\n<p align=\"justify\" class=\"texto\"><strong>ANIVERS&Aacute;RIOS:<em> <\/em><\/strong><em>Como      O Sistem&aacute;tico n&atilde;o foi editado na semana passada, os parab&eacute;ns      atrasados para Diogo Freitas Duarte Magalh&atilde;es, no dia 31 de maio;      Ant&ocirc;nio Carlos Soares e Gerson Edson Machado de Sousa, no dia      1&ordm; de junho; Tereza Cristina Andrade Oliveira, no dia 03; e para      os ex-ceconianos: Alcy Penido de Souza, no dia 31\/05; Cant&iacute;dio      Lelis Pereira e Cleuza Maria Bento, no dia 02; Maria Aparecida da Silva,      Paulo C&eacute;sar Marciano de Oliveira e Regina C&eacute;lia Teixeira      P&aacute;dua, no dia 03; Mar&iacute;lia Pereira Martins e Nath&aacute;lia      Pereira Rocha, no dia 05. Os parab&eacute;ns, em dia, para: Wilton Campos,      no dia 09; e para os ex-ceconianos: Rainer Brockerloff e Rosana de Melo      Faria, no dia 06; Nat&aacute;lia Cristina Martins, no dia 07; Rodrigo      Wenceslau Torres e Maria Tereza de Melo Carvalho, no dia 08; S&igrave;lvio      Eduardo de Castilho Lages, no dia 09; Marco Ant&ocirc;nio Vasconcelos,      no dia 10; Al&eacute;xia Loreiro Ara&uacute;jo, L&iacute;sia Rocio de      Abreu e Ricardo Mascarenhas Paix&atilde;o Filho, no dia 12; Ant&ocirc;nio      Carlos Cortez e Silva e Ign&ecirc;s Amorim de Almeida, no dia 13.<br \/>     <\/em><\/p>\n<p align=\"justify\" class=\"texto\"><span class=\"texto\"><\/p>\n<p>     <\/span><\/p>\n<\/td>\n<\/tr>\n<tr>\n<td height=\"169\" align=\"LEFT\" valign=\"TOP\"><\/td>\n<td align=\"LEFT\" valign=\"TOP\">\n<p><a name=\"aeventos2\" id=\"2\"><span class=\"titulo\">COMEMORA&Ccedil;&Atilde;O      DOS ANIVERS&Aacute;RIOS DO 2&ordm; TRIMESTRE<\/span><\/a><\/p>\n<p align=\"justify\" class=\"texto\">Foi marcada para o dia 27 de junho, a      comemora&ccedil;&atilde;o dos anivers&aacute;rios dos meses de abril,      maio e junho.<\/p>\n<p>     A festa ter&aacute; como tema as festas juninas e o card&aacute;pio      ser&aacute; feito com caldos, canjica e doces.<\/p>\n<p>     Os aniversariantes est&atilde;o sendo consultados quanto &agrave; participa&ccedil;&atilde;o      na festa e alguns j&aacute; se manifestaram. A DAA solicita urg&ecirc;ncia      na resposta para conseguir organizar tudo como nas edi&ccedil;&otilde;es      anteriores.<\/p>\n<p>     Os aniversariantes s&atilde;o: Eug&ecirc;nio, Denise, Beto, Nilson,      Carol, Lucas, Rubens, Cristina Queiroz, Rafael Almeida (Abril); Jo&atilde;o      Carlos, David, Bianca, L&iacute;gia (Maio); Ant&ocirc;nio Carlos, Gerson,      Cristina Andrade, Wilton, O Sistem&aacute;tico, Carlos Roberto e Pedro      Begalli (Junho).    <\/p>\n<p align=\"justify\" class=\"texto\"><span class=\"texto\"><\/p>\n<p>     <\/span><\/p>\n<\/td>\n<\/tr>\n<tr>\n<td height=\"169\" align=\"LEFT\" valign=\"TOP\"><\/td>\n<td align=\"LEFT\" valign=\"TOP\">\n<p><a name=\"aeventos3\" id=\"3\"><span class=\"titulo\">MEM&Oacute;RIA      FOTOGR&Aacute;FICA DO CECOM<\/span><\/a><\/p>\n<p align=\"justify\" class=\"texto\"> Para lembrar a primeira festa do ano      em comemora&ccedil;&atilde;o aos anivers&aacute;rios dos ceconianos,      O Sistem&aacute;tico publica fotos da festa ocorrida no dia 20 de mar&ccedil;o      de 2013, correspondente aos meses de janeiro, fevereiro e mar&ccedil;o.      As fotos s&atilde;o de autoria de Lel&eacute;, Guilherme Viegas e Di&ecirc;go      Jess&eacute;.<\/p>\n<p align=\"center\" class=\"texto\">     <em><strong><font face=\"1\"><span class=\"texto\"><strong><font face=\"2\"><span class=\"texto\"><font face=\"1\"><em><img loading=\"lazy\" decoding=\"async\" src=\"https:\/\/www.ufmg.br\/dti\/wp-content\/uploads\/fotos\/Ano%202013\/Junho\/06-06-13\/1%AA_Trimestrais_2013_-_ArrumacaoDaMesa.jpg\" width=\"500\" height=\"404\"><br \/>     Vicentina e Selma organizando a mesa<\/em><\/font><\/span><\/font><\/strong><\/span><\/font><\/strong><\/em><\/p>\n<p align=\"center\" class=\"texto\"><img loading=\"lazy\" decoding=\"async\" src=\"https:\/\/www.ufmg.br\/dti\/wp-content\/uploads\/fotos\/Ano%202013\/Junho\/06-06-13\/1%AA_Trimestrais_2013_-_Josemar_Diva_CarlosRoberto_Hugo.jpg\" width=\"500\" height=\"391\">      <br \/>     <span class=\"texto\"><strong><font face=\"2\"><span class=\"texto\"><font face=\"1\"><em>Josemar,      Diva, Carlos Roberto e Hugo<\/em><\/font><\/span><\/font><\/strong><\/span>     <\/p>\n<p align=\"center\" class=\"texto\"><img loading=\"lazy\" decoding=\"async\" src=\"https:\/\/www.ufmg.br\/dti\/wp-content\/uploads\/fotos\/Ano%202013\/Junho\/06-06-13\/1%AA_Trimestrais_2013_-_RenatoAdriano_GuilhermeViegas.jpg\" width=\"500\" height=\"330\"><br \/>     <span class=\"texto\"><strong><font face=\"2\"><span class=\"texto\"><font face=\"1\"><em>Renato      Adriano e Guilherme Viegas<\/em><\/font><\/span><\/font><\/strong><\/span><\/p>\n<p align=\"center\" class=\"texto\"><img loading=\"lazy\" decoding=\"async\" src=\"https:\/\/www.ufmg.br\/dti\/wp-content\/uploads\/fotos\/Ano%202013\/Junho\/06-06-13\/1%AA_Trimestrais_2013_-_Johnny_Trupesso.jpg\" width=\"500\" height=\"343\"><br \/>     <span class=\"texto\"><strong><font face=\"2\"><span class=\"texto\"><font face=\"1\"><em>Jo&atilde;o      Carlos e seu filho Pedro (de costas), Vitor e Rafael Almeida<\/em><\/font><\/span><\/font><\/strong><\/span>     <\/p>\n<p align=\"center\" class=\"texto\"><img loading=\"lazy\" decoding=\"async\" src=\"https:\/\/www.ufmg.br\/dti\/wp-content\/uploads\/fotos\/Ano%202013\/Junho\/06-06-13\/1%AA_Trimestrais_2013_-_OndeEstaORestoDoPessoal.jpg\" width=\"500\" height=\"248\"><br \/>     <span class=\"texto\"><strong><font face=\"2\"><span class=\"texto\"><font face=\"1\"><em>Como      &eacute; dif&iacute;cil bater a foto oficial dos aniversariantes! Na      foto est&atilde;o: Lina, Gustavo Henrique,<br \/>     Rafael Rocha, Max, Carlos Alfeu, Ma&iacute;ra, F&aacute;bio, Eliz, M&aacute;rio,      Maria Helena e Lel&eacute;<\/em><\/font><\/span><\/font><\/strong><\/span>     <\/p>\n<p align=\"justify\" class=\"texto\"><span class=\"texto\"><\/p>\n<p>     <\/span><\/p>\n<\/td>\n<\/tr>\n<p>  <!-- #BeginEditable \"materias\" --> <!-- #EndEditable -->  <\/table>\n<p> <!-- fim noticias --> <\/p>\n<table border=\"0\" cellpadding=\"0\" cellspacing=\"0\">\n<tr>\n<td width=\"276\" align=\"LEFT\" valign=\"TOP\">&nbsp;<\/td>\n<td width=\"274\" align=\"LEFT\" valign=\"TOP\">&nbsp;<\/td>\n<\/tr>\n<p>  <!-- #BeginEditable \"materias\" --> <!-- #EndEditable -->  <\/table>\n<\/div>\n","protected":false},"excerpt":{"rendered":"<p>Not\u00edcias DTI PARTICIPA DO VII WTICIFES NA PARA&Iacute;BA CECOM COLOCA GOVERNAN&Ccedil;A E PROCESSOS EM EVID&Ecirc;NCIA FUNCION&Aacute;RIOS DO CECOM E LCC PARTICIPAM DE CURSO DA PLANSIS NOVO ESTAGI&Aacute;RIO DO CECOM Informativo ESTAT&Iacute;STICAS DE ACESSO DO SERVI&Ccedil;O PROXY HTTP DICAS DE SITES INTERESSANTES ATIVIDADES DA UNIVERSIDADE SER&Atilde;O SUSPENSAS NOS DIAS DE JOGOS DA COPA DAS CONFEDERA&Ccedil;&Otilde;ES COMPRA &#8230; <a title=\"Sistem\u00e1tico: Edi\u00e7\u00e3o 1575 &#8211; 06\/06\/2013\" class=\"read-more\" href=\"https:\/\/www.ufmg.br\/dti\/2013\/06\/06\/sistematico-edicao-1575-06062013\/\" aria-label=\"Read more about Sistem\u00e1tico: Edi\u00e7\u00e3o 1575 &#8211; 06\/06\/2013\">Ler mais<\/a><\/p>\n","protected":false},"author":3,"featured_media":0,"comment_status":"open","ping_status":"open","sticky":false,"template":"","format":"standard","meta":{"inline_featured_image":false,"footnotes":""},"categories":[13],"tags":[],"coauthors":[79],"class_list":["post-2905","post","type-post","status-publish","format-standard","hentry","category-sistematico"],"_links":{"self":[{"href":"https:\/\/www.ufmg.br\/dti\/wp-json\/wp\/v2\/posts\/2905","targetHints":{"allow":["GET"]}}],"collection":[{"href":"https:\/\/www.ufmg.br\/dti\/wp-json\/wp\/v2\/posts"}],"about":[{"href":"https:\/\/www.ufmg.br\/dti\/wp-json\/wp\/v2\/types\/post"}],"author":[{"embeddable":true,"href":"https:\/\/www.ufmg.br\/dti\/wp-json\/wp\/v2\/users\/3"}],"replies":[{"embeddable":true,"href":"https:\/\/www.ufmg.br\/dti\/wp-json\/wp\/v2\/comments?post=2905"}],"version-history":[{"count":0,"href":"https:\/\/www.ufmg.br\/dti\/wp-json\/wp\/v2\/posts\/2905\/revisions"}],"wp:attachment":[{"href":"https:\/\/www.ufmg.br\/dti\/wp-json\/wp\/v2\/media?parent=2905"}],"wp:term":[{"taxonomy":"category","embeddable":true,"href":"https:\/\/www.ufmg.br\/dti\/wp-json\/wp\/v2\/categories?post=2905"},{"taxonomy":"post_tag","embeddable":true,"href":"https:\/\/www.ufmg.br\/dti\/wp-json\/wp\/v2\/tags?post=2905"},{"taxonomy":"author","embeddable":true,"href":"https:\/\/www.ufmg.br\/dti\/wp-json\/wp\/v2\/coauthors?post=2905"}],"curies":[{"name":"wp","href":"https:\/\/api.w.org\/{rel}","templated":true}]}}