{"id":2909,"date":"2013-03-07T08:00:00","date_gmt":"2013-03-07T08:00:00","guid":{"rendered":"https:\/\/www.ufmg.br\/dti\/cecom\/?p=1064"},"modified":"2013-03-07T08:00:00","modified_gmt":"2013-03-07T08:00:00","slug":"sistematico-edicao-1565-07032013","status":"publish","type":"post","link":"https:\/\/www.ufmg.br\/dti\/2013\/03\/07\/sistematico-edicao-1565-07032013\/","title":{"rendered":"Sistem\u00e1tico: Edi\u00e7\u00e3o 1565 &#8211; 07\/03\/2013"},"content":{"rendered":"<ul>\n<li><a href=\"\/dti\/#noticias\">Not\u00edcias<\/a>\n<div class='submenuSistematico'>\n<ul>\n<li><a href=\"\/dti\/#anoticias1\" id=\"1\"><span class=\"titulo\"><span class=\"titulo\">DRC      INICIA SUBSTITUI&Ccedil;&Atilde;O DE EQUIPAMENTOS DA INFRAESTRUTURA      CENTRAL DA REDE UFMG<\/span><\/span><\/a><\/li>\n<li><a href=\"\/dti\/#anoticias2\" id=\"2\"><span class=\"titulo\">CECOM      PROMOVE PREG&Atilde;O ELETR&Ocirc;NICO <\/span><\/a><\/li>\n<li><a href=\"\/dti\/#anoticias3\" id=\"3\"><span class=\"titulo\">REITORIA      DIVULGA CALEND&Aacute;RIO DE IMPLANTA&Ccedil;&Atilde;O DO PONTO ELETR&Ocirc;NICO<\/span><\/a><\/li>\n<li><a href=\"\/dti\/#anoticias4\" id=\"4\"><span class=\"titulo\">ROG&Eacute;RIO      PINHEIRO AGORA EST&Aacute; NO CP<\/span><\/a><\/li>\n<\/ul>\n<\/div>\n<\/li>\n<li><a href=\"\/dti\/#informativo\">Informativo<\/a>\n<div class='submenuSistematico'>\n<ul>\n<li><a href=\"\/dti\/#ainformativo1\" id=\"1\"><span class=\"titulo\">ESTAT&Iacute;STICAS      DE ACESSO DO SERVI&Ccedil;O PROXY HTTP<\/span><\/a><\/li>\n<li><a href=\"\/dti\/#ainformativo2\" id=\"2\"><span class=\"titulo\">DICAS      DE SITES INTERESSANTES<\/span><\/a><\/li>\n<li><a href=\"\/dti\/#ainformativo3\" id=\"3\"><span class=\"titulo\">ASSUFEMG      ABRE INSCRI&Ccedil;&Otilde;ES PARA EXPOSITORES EM FEIRA DE ARTESANATO      NO CAMPUS PAMPULHA<\/span><\/a><\/li>\n<li><a href=\"\/dti\/#ainformativo4\" id=\"4\"><span class=\"titulo\">5&ordf;      FEIRA UNIVERSIT&Aacute;RIA DO LIVRO DA UFMG<\/span><\/a><\/li>\n<li><a href=\"\/dti\/#ainformativo5\" id=\"5\"><span class=\"titulo\">DIA      INTERNACIONAL DA MULHER &#8211; 8 DE MAR&Ccedil;O<\/span><\/a><\/li>\n<li><a href=\"\/dti\/#ainformativo6\" id=\"6\"><img loading=\"lazy\" decoding=\"async\" src=\"https:\/\/www.ufmg.br\/dti\/wp-content\/uploads\/imgs\/tudo_pixel.gif\" width=\"8\" height=\"9\" alt=\"\" border=\"0\"><span class=\"titulo\">H\u00e1       20 anos&#8230;<\/span><\/a><\/li>\n<\/ul>\n<\/div>\n<\/li>\n<li><a href=\"\/dti\/#eventos\">Eventos<\/a>\n<div class='submenuSistematico'>\n<ul>\n<li><a href=\"\/dti\/#aeventos1\" id=\"1\"><span class=\"titulo\">COMEMORA&Ccedil;&Atilde;O      DOS ANIVERS&Aacute;RIOS DO TRIMESTRE<\/span><\/a><\/li>\n<li><a href=\"\/dti\/#aeventos2\" id=\"2\"><span class=\"titulo\">SOCIAIS<\/span><\/a><\/li>\n<li><a href=\"\/dti\/#aeventos3\" id=\"3\"><span class=\"titulo\">MEM&Oacute;RIA      FOTOGR&Aacute;FICA DO CECOM<\/span><\/a><\/li>\n<\/ul>\n<\/div>\n<\/li>\n<\/ul>\n<ul class='pdfSist'>\n<li><a href=\"https:\/\/www.ufmg.br\/dti\/wp-content\/uploads\/Sistematico_PDF\/Sist02_2013-A4.pdf\"><img loading=\"lazy\" decoding=\"async\" src=\"https:\/\/www.ufmg.br\/dti\/wp-content\/uploads\/Sistematico_PDF\/mini_pdf.gif\" width=\"30\" height=\"53\" border=\"0\"> Vers\u00e3o em PDF<\/a><\/li>\n<\/ul>\n<p> <a name='noticias'><\/a><\/p>\n<h4>Not\u00edcias<\/h4>\n<div class=\"centro-sistematico\">  <!-- noticias --> <a><\/a>  <\/p>\n<table border=\"0\" cellpadding=\"0\" cellspacing=\"0\">\n<tr>\n<td height=\"395\" align=\"LEFT\" valign=\"TOP\"><\/td>\n<td align=\"LEFT\" valign=\"TOP\">\n<p><a name=\"anoticias1\" id=\"1\"><span class=\"titulo\"><span class=\"titulo\">DRC      INICIA SUBSTITUI&Ccedil;&Atilde;O DE EQUIPAMENTOS DA INFRAESTRUTURA      CENTRAL DA REDE UFMG<\/span><\/span><\/a><\/p>\n<p><span class=\"texto\"> A DRC realizou nesta quinta-feira a migra&ccedil;&atilde;o      das redes do Restaurante Setorial I e do Centro Esportivo Universit&aacute;rio      para o roteador que atende ao ICB &#8211; Instituto de Ci&ecirc;ncias Biol&oacute;gicas.<\/p>\n<p>     Com esta migra&ccedil;&atilde;o o roteador da infraestrutura central      da RedeUFMG instalado no ICB, modelo Extreme Apine 3804, que temporariamente      estava atendendo a estas redes, est&aacute; pronto para ser substitu&iacute;do      por um equipamento rec&eacute;m-adquirido, mais moderno e potente e      capaz de transferir dados a at&eacute; 10 Gbps, dez vezes mais r&aacute;pido      que a velocidade atual, modelo Extreme Summit X-670. Esta substui&ccedil;&atilde;o      far&aacute; com que o ICB volte a exercer todas as fun&ccedil;&otilde;es      definidas na concep&ccedil;&atilde;o da topologia atual da rede, em      2004: efetuar a interliga&ccedil;&atilde;o de todos os roteadores da      infraestrutura central da Rede UFMG e centralizar o tr&aacute;fego interno.<\/p>\n<p>     Com isto, o seu par, instalado no ICEx, ser&aacute; liberado desta fun&ccedil;&atilde;o      e passar&aacute; a concentrar, em situa&ccedil;&otilde;es normais, apenas      o tr&aacute;fego de entrada e sa&iacute;da da UFMG. Em caso de falha      no ICEx, a comunica&ccedil;&atilde;o interna &agrave; UFMG dever&aacute;      se manter sem problemas. Em caso de falha no ICB, o roteador instalado      no ICEx assumir&aacute; as tarefas de centraliza&ccedil;&atilde;o do      tr&aacute;fego interno e externo.<\/span><\/p>\n<p>    <\/p>\n<\/td>\n<\/tr>\n<tr>\n<td height=\"345\" align=\"LEFT\" valign=\"TOP\"><\/td>\n<td align=\"LEFT\" valign=\"TOP\">\n<p><a name=\"anoticias2\" id=\"2\"><span class=\"titulo\">CECOM      PROMOVE PREG&Atilde;O ELETR&Ocirc;NICO <\/span><\/a><\/p>\n<p><span class=\"texto\"> O CECOM promoveu, no dia 27\/02, preg&atilde;o      eletr&ocirc;nico para contrata&ccedil;&atilde;o de servi&ccedil;o telef&ocirc;nico      local, LDN (Longa Dist&acirc;ncia Nacional), LDI (Longa Dist&acirc;ncia      Internacional) e liga&ccedil;&otilde;es para celular.<\/p>\n<p>     Esses servi&ccedil;os v&atilde;o atender &agrave;s Centrais Telef&ocirc;nicas      de Belo Horizonte e Montes Claros.<\/p>\n<p>     Para os servi&ccedil;os local, LDN e LDI foi vencedora da licita&ccedil;&atilde;o      a empresa Telemar Norte Leste (Oi). Para os servi&ccedil;os de liga&ccedil;&otilde;es      para celular a vencedora foi a empresa Embratel.<\/p>\n<p>     Os contratos est&atilde;o em fase de assinatura e os servi&ccedil;os      com as novas operadoras ser&atilde;o habilitados em breve. Os valores      para os novos servi&ccedil;os ser&atilde;o divulgados no site do CECOM.<\/p>\n<p>     Participaram da licita&ccedil;&atilde;o: Renato Adriano Pires Domingos,      como Pregoeiro; M&aacute;rcia Regina Lemos e Fernando Frota Machado      de Morais, como equipe de apoio.<\/span><\/p>\n<p align=\"center\"><img loading=\"lazy\" decoding=\"async\" src=\"https:\/\/www.ufmg.br\/dti\/wp-content\/uploads\/fotos\/Ano%202013\/Mar%E7o\/07-03-2013\/Preg%E3o_27-02-2013_(Renato_e_M%E1rcia).jpg\" width=\"500\" height=\"329\"><br \/>     <em><span class=\"texto\"><strong><font face=\"2\"><span class=\"texto\"><font face=\"1\"><em>M&aacute;rcia      Lemos e Renato Adriano<\/em><\/font><\/span><\/font><\/strong><\/span><\/em>     <\/p>\n<p align=\"center\"><span class=\"texto\"><a href=\"\/dti\/#topo\"> <img loading=\"lazy\" decoding=\"async\" src=\"https:\/\/www.ufmg.br\/dti\/wp-content\/uploads\/imgs\/tudo_topo.gif\" width=\"35\" height=\"11\" alt=\"\" border=\"0\" hspace=\"0\" vspace=\"0\" align=\"right\"><\/a><\/span><span class=\"texto\"><br \/>     <\/span><\/p>\n<\/td>\n<\/tr>\n<tr>\n<td height=\"252\" align=\"LEFT\" valign=\"TOP\"><\/td>\n<td align=\"LEFT\" valign=\"TOP\">\n<p><a name=\"anoticias3\" id=\"3\"><span class=\"titulo\">REITORIA      DIVULGA CALEND&Aacute;RIO DE IMPLANTA&Ccedil;&Atilde;O DO PONTO ELETR&Ocirc;NICO<\/span><\/a><\/p>\n<p align=\"left\"><span class=\"texto\">Em comunicado divulgado &agrave; comunidade      acad&ecirc;mica, a Reitoria informa que &#8220;o controle e aferi&ccedil;&atilde;o      do cumprimento da jornada de trabalho dos servidores t&eacute;cnicos      e administrativos em educa&ccedil;&atilde;o em exerc&iacute;cio na UFMG      entrar&atilde;o em opera&ccedil;&atilde;o a partir do dia 8 de abril      de 2013&#8221;. <\/p>\n<p>     Leia no endere&ccedil;o https:\/\/www.ufmg.br\/online\/arquivos\/anexos\/Comunicado_Ponto_Eletroni<br \/>     co.pdf o documento completo, que explica os procedimentos e cronograma      de implanta&ccedil;&atilde;o do ponto eletr&ocirc;nico.<\/p>\n<p>     <em>(Fonte: https:\/\/www.ufmg.br\/online\/arquivos\/027527.shtml &#8211; 6\/3\/2013)<\/em><\/span><span class=\"texto\">      <\/span><\/p>\n<p>    <span class=\"texto\">     <\/p>\n<p><em><a href=\"\/dti\/#topo\"><\/a><\/em><\/p>\n<p>    <\/span><\/td>\n<\/tr>\n<tr>\n<td height=\"468\" align=\"LEFT\" valign=\"TOP\"><\/td>\n<td align=\"LEFT\" valign=\"TOP\">\n<p><a name=\"anoticias4\" id=\"4\"><span class=\"titulo\">ROG&Eacute;RIO      PINHEIRO AGORA EST&Aacute; NO CP<\/span><\/a><\/p>\n<p><span class=\"texto\">O Analista de Tecnologia da Informa&ccedil;&atilde;o,      Rog&eacute;rio Soares Pinheiro, solicitou a sua remo&ccedil;&atilde;o      do CECOM, sendo lotado no Centro Pedag&oacute;gico no dia 04 de fevereiro      de 2013.<\/p>\n<p>     Rog&eacute;rio Pinheiro entrou para a UFMG em novembro de 1981, lotado      na antiga Prefeitura da UFMG como Auxiliar T&eacute;cnico de Engenharia.      Em agosto de 1984 foi removido para o CECOM, como Programador. Em 1986      passou para o cargo de Analista de Sistemas. Atuou nas divis&otilde;es      de Sistemas, de Tecnologia e, por &uacute;ltimo, na Divis&atilde;o de      Aplicativos e Sistemas.<\/span>    <\/p>\n<p align=\"center\"><img loading=\"lazy\" decoding=\"async\" src=\"https:\/\/www.ufmg.br\/dti\/wp-content\/uploads\/fotos\/Ano%202013\/Mar%E7o\/07-03-2013\/rogerio.jpg\" width=\"189\" height=\"256\"><br \/>     <span class=\"texto\"><strong><font face=\"2\"><span class=\"texto\"><font face=\"1\"><em>Rog&eacute;rio      Pinheiro<\/em><\/font><\/span><\/font><\/strong><\/span> <span class=\"texto\">      <\/span><\/p>\n<p>    <span class=\"texto\">     <\/p>\n<p>    <\/span><\/td>\n<\/tr>\n<tr>\n<td height=\"19\" align=\"LEFT\" valign=\"TOP\">&nbsp;<\/td>\n<td align=\"LEFT\" valign=\"TOP\">&nbsp;<\/td>\n<\/tr>\n<p>  <!-- #BeginEditable \"materias\" --> <!-- #EndEditable -->  <\/table>\n<table border=\"0\" cellpadding=\"0\" cellspacing=\"0\">\n<tr>\n<td align=\"LEFT\" valign=\"TOP\"><\/td>\n<td align=\"LEFT\" valign=\"TOP\">&nbsp;<\/td>\n<\/tr>\n<p>  <!-- #BeginEditable \"materias\" --> <!-- #EndEditable -->  <\/table>\n<\/p><\/div>\n<p><a name='informativo'><\/a><\/p>\n<h4>Informativo<\/h4>\n<div class=\"centro-sistematico\">  <!-- noticias --> <a><\/a>  <\/p>\n<table border=\"0\" cellspacing=\"0\" cellpadding=\"0\">\n<tr>\n<td><\/td>\n<td><\/td>\n<\/tr>\n<p>  <!-- #BeginEditable \"materias\" --> <!-- #EndEditable -->  <\/table>\n<p> <!-- fim noticias --> <!-- tabela ha 20 anos --> <\/p>\n<table border=\"0\" cellpadding=\"0\" cellspacing=\"0\" bgcolor=\"#FFFFFF\">\n<tr>\n<td height=\"271\" align=\"LEFT\" valign=\"TOP\"><\/td>\n<td align=\"LEFT\" valign=\"TOP\">\n<p align=\"left\"><span class=\"texto\"><a name=\"ainformativo1\" id=\"1\"><span class=\"titulo\">ESTAT&Iacute;STICAS      DE ACESSO DO SERVI&Ccedil;O PROXY HTTP<\/span><\/a><\/span><\/p>\n<p align=\"justify\"><span class=\"texto\">Destinado a diminuir o tr&aacute;fego      de navega&ccedil;&atilde;o na RNP e acelerar o acesso de m&aacute;quinas      internas e sites externos, a UFMG conta com o servi&ccedil;o de proxy      HTTP, implantado em abril\/2006. Todos os meses, O Sistem&aacute;tico      tem publicado as estat&iacute;sticas de acesso a esse servi&ccedil;o.<\/p>\n<p>     At&eacute; o dia 28 de fevereiro\/2013, foram registrados 14.070 usu&aacute;rios      diferentes acessando o sistema desde a sua implanta&ccedil;&atilde;o.      O gr&aacute;fico abaixo mostra o total de registros mensais.<\/p>\n<p>     Para quem est&aacute; fora da Rede UFMG (por exemplo, acessando a Internet      de casa), o proxy permite o acesso a sites n&atilde;o p&uacute;blicos,      como os apontados pelo Portal CAPES.<\/p>\n<p>     A queda acentuada no uso do Proxy teve in&iacute;cio com a ado&ccedil;&atilde;o      do acesso direto com a autentica&ccedil;&atilde;o via comunidade CAFe.<\/span><\/p>\n<p align=\"center\"><img loading=\"lazy\" decoding=\"async\" src=\"https:\/\/www.ufmg.br\/dti\/wp-content\/uploads\/fotos\/Ano%202013\/Mar%E7o\/07-03-2013\/proxy_fev2013.JPG\" width=\"500\" height=\"308\"><\/p>\n<p align=\"center\"><span class=\"texto\"><\/span><span class=\"texto\"><br \/>     <\/span>    <\/p>\n<\/td>\n<\/tr>\n<tr>\n<td height=\"354\" align=\"LEFT\" valign=\"TOP\"><\/td>\n<td align=\"LEFT\" valign=\"TOP\">\n<p align=\"left\"><span class=\"texto\"><a name=\"ainformativo2\" id=\"2\"><span class=\"titulo\">DICAS      DE SITES INTERESSANTES<\/span><\/a><\/span><\/p>\n<p align=\"justify\"><span class=\"texto\">Adyrus, o ca&ccedil;ador de sites,      enviou as seguintes dicas:<\/p>\n<p>     &#8211; Descubra os v&iacute;deos mais vistos no <a href=\"http:\/\/www.youtube.com\/maisvistos\">YouTube<\/a>.<\/p>\n<p>     &#8211; O Departamento de Tr&acirc;nsito de Minas Gerais, por meio da Divis&atilde;o      de Habilita&ccedil;&atilde;o e Controle do Condutor (DHCC), disponibilizou,      no site do &Oacute;rg&atilde;o Executivo de Tr&acirc;nsito, links de      acesso para cursos &agrave; dist&acirc;ncia de reciclagem de condutor      infrator e especializa&ccedil;&atilde;o para mototaxistas e motofretistas.      <a href=\"https:\/\/www.detran.mg.gov.br\/sobre-o-detran\/comunicados\/noticias\/272-detran-mg-disponibiliza-links-de-acesso-a-cursos-on-line-de-reciclagem-e-especializacao-a-condutores\">Saiba      mais<\/a>.<\/p>\n<p>     &#8211; Site que procura gifs animados. <a href=\"http:\/\/giphy.com\/\">Visite<\/a>.<\/p>\n<p>     &#8211; Quer baixar livros gratuitamente? <a href=\"http:\/\/www.livroslabcom.ubi.pt\/index.php\">V&aacute;      at&eacute; o endere&ccedil;o<\/a>.<\/p>\n<p>     &#8211; A Pra&ccedil;a do Conhecimento &eacute; uma grande oportunidade de      formar os cibercidad&atilde;os de hoje e amanh&atilde;, por ser uma      &aacute;rea especial para ligar o usu&aacute;rio n&atilde;o s&oacute;      ao mundo da tecnologia, mas tamb&eacute;m aos seus direitos como cidad&atilde;o.      <a href=\"http:\/\/www.pracadoconhecimento.org.br\/#\/homepage\">Leia mais<\/a>.<\/p>\n<p>     &#8211; O PetPista &eacute; a primeira empresa 100% brasileira especializada      no resgate, estreitamento e promo&ccedil;&atilde;o da rela&ccedil;&atilde;o      entre as pessoas e seus animais de estima&ccedil;&atilde;o, nossos eternos      Amig&otilde;es. <a href=\"http:\/\/www.petpista.com.br\/\">N&atilde;o deixe      de visitar o endere&ccedil;o<\/a>.<\/p>\n<p>     &#8211; Khan Academy em Portugu&ecirc;s. A Khan Academy &eacute; uma organiza&ccedil;&atilde;o      n&atilde;o governamental com uma miss&atilde;o: tem como objetivo contribuir      para a melhoria da educa&ccedil;&atilde;o por meio de video aulas dispon&iacute;veis      para todos, em qualquer lugar. Al&eacute;m dos v&iacute;deos listados      abaixo, h&aacute; v&iacute;deos originais no site principal da Khan      Academy traduzidos ou legendados para o Portugu&ecirc;s.&nbsp; <a href=\"https:\/\/pt.khanacademy.org\/\">Confira<\/a>.<\/span><\/p>\n<p align=\"center\"><span class=\"texto\"><\/span><span class=\"texto\"><br \/>     <\/span>    <\/p>\n<\/td>\n<\/tr>\n<tr>\n<td height=\"428\" align=\"LEFT\" valign=\"TOP\"><\/td>\n<td align=\"LEFT\" valign=\"TOP\">\n<p align=\"left\"><span class=\"texto\"><a name=\"ainformativo3\" id=\"3\"><span class=\"titulo\">ASSUFEMG      ABRE INSCRI&Ccedil;&Otilde;ES PARA EXPOSITORES EM FEIRA DE ARTESANATO      NO CAMPUS PAMPULHA<\/span><\/a><\/span><\/p>\n<p align=\"left\"><span class=\"texto\">Entre os dias 8 e 12 de abril, a XIX      Feira de Artesanato da Associa&ccedil;&atilde;o dos Servidores da UFMG      (Assufemg) vai expor e vender bijuterias, cal&ccedil;ados, bolsas, roupas,      perfumes, quadros, objetos de decora&ccedil;&atilde;o, artigos infantis      e tecelagem, na Pra&ccedil;a de Servi&ccedil;os do campus Pampulha da      UFMG.<\/p>\n<p>     Artes&atilde;os associados ou n&atilde;o &agrave; entidade interessados      em participar da mostra pela primeira vez devem entregar dois exemplares      de seus trabalhos nos dias 12 e 13 de mar&ccedil;o, das 10h &agrave;s      13h, na sede da Assufemg. Os produtos devem estar identificados com      nome, endere&ccedil;o e telefone, para serem avaliados pela comiss&atilde;o      de organiza&ccedil;&atilde;o da feira. As inscri&ccedil;&otilde;es definitivas      com o pagamento ser&atilde;o realizadas nos dias 15 e 18 de mar&ccedil;o,      para associados, e no dia 21 para n&atilde;o s&oacute;cios, sempre a      partir das 10h. <\/p>\n<p>     A feira integra a 28&ordf; edi&ccedil;&atilde;o do festival Rosas de      Abril, que realiza apresenta&ccedil;&otilde;es musicais, art&iacute;sticas,      culturais e esportivas em comemora&ccedil;&atilde;o ao anivers&aacute;rio      da Assufemg. Bianual, a feira ter&aacute; outra edi&ccedil;&atilde;o      no segundo semestre.<\/p>\n<p>     Durante o evento n&atilde;o ser&aacute; permitida a venda de produtos      industrializados, nem de alimentos ou bebidas. Mais informa&ccedil;&otilde;es      pelo telefone (31) 3439-8120.<\/p>\n<p>     <em>(Fonte: https:\/\/www.ufmg.br\/online\/arquivos\/027539.shtml &#8211; 7\/3\/2013)<\/em><\/span><\/p>\n<p align=\"justify\"><span class=\"texto\"><\/span><span class=\"texto\"><\/p>\n<p>     <\/span> <\/p>\n<\/td>\n<\/tr>\n<tr>\n<td height=\"580\" align=\"LEFT\" valign=\"TOP\"><\/td>\n<td align=\"LEFT\" valign=\"TOP\">\n<p align=\"left\"><span class=\"texto\"><a name=\"ainformativo4\" id=\"4\"><span class=\"titulo\">5&ordf;      FEIRA UNIVERSIT&Aacute;RIA DO LIVRO DA UFMG<\/span><\/a><\/span><\/p>\n<p align=\"center\"><img loading=\"lazy\" decoding=\"async\" src=\"https:\/\/www.ufmg.br\/dti\/wp-content\/uploads\/fotos\/Ano%202013\/Mar%E7o\/07-03-2013\/5a_Feira_Livro_UFMG.jpg\" width=\"495\" height=\"500\"><\/p>\n<p align=\"justify\"><span class=\"texto\"><\/span><span class=\"texto\"><\/p>\n<p>     <\/span> <\/p>\n<\/td>\n<\/tr>\n<tr>\n<td height=\"159\" align=\"LEFT\" valign=\"TOP\"><\/td>\n<td align=\"LEFT\" valign=\"TOP\">\n<p align=\"left\"><span class=\"texto\"><a name=\"ainformativo5\" id=\"5\"><span class=\"titulo\">DIA      INTERNACIONAL DA MULHER &#8211; 8 DE MAR&Ccedil;O<\/span><\/a><\/span><\/p>\n<table width=\"100%\" border=\"2\" bgcolor=\"#CCCCCC\">\n<tr>\n<td>\n<div align=\"center\"><span class=\"texto\"> <strong>OS PARAB&Eacute;NS         PARA TODAS AS MULHERES CECONIANAS PELO SEU DIA!<\/strong><\/span><\/div>\n<\/td>\n<\/tr>\n<\/table>\n<p align=\"justify\"><span class=\"texto\"><\/span><span class=\"texto\"><\/p>\n<p>     <\/span> <\/p>\n<\/td>\n<\/tr>\n<tr>\n<td align=\"LEFT\" valign=\"TOP\"><\/td>\n<td align=\"LEFT\" valign=\"TOP\">&nbsp;<\/td>\n<\/tr>\n<tr class=\"cinza\">\n<td height=\"257\"><img loading=\"lazy\" decoding=\"async\" src=\"https:\/\/www.ufmg.br\/dti\/wp-content\/uploads\/imgs\/tudo_pixel.gif\" width=\"1\" height=\"1\" alt=\"\" border=\"0\"><\/td>\n<td align=\"LEFT\" valign=\"TOP\"><!-- #BeginEditable \"ha%2020%20anos\" -->     <\/p>\n<div align=\"justify\">\n<p><a name=\"ainformativo6\" id=\"6\"><img loading=\"lazy\" decoding=\"async\" src=\"https:\/\/www.ufmg.br\/dti\/wp-content\/uploads\/imgs\/tudo_pixel.gif\" width=\"8\" height=\"9\" alt=\"\" border=\"0\"><span class=\"titulo\">H\u00e1       20 anos&#8230;<\/span><\/a><\/p>\n<p>      <span class=\"texto\"> O Sistem&aacute;tico Ano XVII, no 07, de 04\/03\/1993,       publicou not&iacute;cias sobre Semin&aacute;rio de TQC para a PRA,       seguran&ccedil;a de acesso ao sistema, compra de equipamento, reuni&atilde;o       geral do CECOM, estat&iacute;sticas do CECOM em fevereiro\/93. comemora&ccedil;&atilde;o       dos anivers&aacute;rios do m&ecirc;s, entre outras. A not&iacute;cia       que se destacou foi: <br \/>      <strong><br \/>      <\/strong> <\/span><span class=\"texto\"><strong>NOVO SISTEMA FREQU&Ecirc;NCIA<\/p>\n<p>      <\/strong><font face=\"1\"> Est&aacute; sendo desenvolvido, pela DSA,       o novo Sistema de Frequ&ecirc;ncia do CECOM.<br \/>      Esse sistema ser&aacute; composto por 5 m&oacute;dulos, sendo:<br \/>      1. Tabelas; <br \/>      2. Controle de Pessoal; <br \/>      3. Lan&ccedil;amento de Afastamento; <br \/>      4. Lan&ccedil;amento de Ponto; <br \/>      5. Contabilidade de Cr&eacute;ditos<br \/>      O m&oacute;dulo 1 j&aacute; est&aacute; pronto e o 2 est&aacute; sendo       terminado A implanta&ccedil;&atilde;o do sistema est&aacute; prevista       para abril\/93.<br \/>      O Sistema Frequ&ecirc;ncia est&aacute; sendo desenvolvido em linguagem       Cobol 4.5, para rodar em rede e a ideia &eacute; que as pessoas v&atilde;so       poder consult&aacute;-lo a qualquer momento.<\/font><\/span><\/p>\n<\/p><\/div>\n<div align=\"justify\">\n<p><span class=\"texto\"><\/span><\/p>\n<\/p><\/div>\n<p>    <!-- #EndEditable --><\/td>\n<\/tr>\n<tr>\n<td width=\"12\" align=\"LEFT\" valign=\"TOP\">&nbsp;<\/td>\n<td align=\"LEFT\" valign=\"TOP\">\n<p align=\"left\"><span class=\"texto\"><br \/>     <\/span>    <\/p>\n<\/td>\n<\/tr>\n<p>  <!-- #BeginEditable \"materias\" --> <!-- #EndEditable -->  <\/table>\n<p> <!-- fim tabela ha 20 anos --><\/div>\n<p><a name='eventos'><\/a><\/p>\n<h4>Eventos<\/h4>\n<div class=\"centro-sistematico\">  <!-- noticias --> <\/p>\n<table border=\"0\" cellpadding=\"0\" cellspacing=\"0\">\n<tr>\n<td align=\"LEFT\" valign=\"TOP\">&nbsp;<\/td>\n<td align=\"LEFT\" valign=\"TOP\">&nbsp;<\/td>\n<\/tr>\n<p>  <!-- #BeginEditable \"materias\" --> <!-- #EndEditable -->  <\/table>\n<table border=\"0\" cellspacing=\"0\" cellpadding=\"0\">\n<tr>\n<td><\/td>\n<td><\/td>\n<\/tr>\n<tr>\n<td height=\"271\" align=\"LEFT\" valign=\"TOP\"><\/td>\n<td align=\"LEFT\" valign=\"TOP\">\n<p><a name=\"aeventos1\" id=\"1\"><span class=\"titulo\">COMEMORA&Ccedil;&Atilde;O      DOS ANIVERS&Aacute;RIOS DO TRIMESTRE<\/span><\/a><\/p>\n<p align=\"justify\" class=\"texto\"><span class=\"texto\">A comemora&ccedil;&atilde;o      dos anivers&aacute;rios do primeiro trimestre do ano est&aacute; marcada      para o dia 21 de mar&ccedil;o, a partir das 16h, no Espa&ccedil;o de      Conviv&ecirc;ncia do 8&ordm; andar.<\/p>\n<p>     A respons&aacute;vel pelo evento, Vicentina Queiroz, j&aacute; acionou      os aniversariantes para confirmarem a participa&ccedil;&atilde;o na      festa e contribu&iacute;rem com o valor divulgado no e-mail.<\/p>\n<p>     A comemora&ccedil;&atilde;o dos anivers&aacute;rios dos ceconianos se      tornou uma festa de encontros, uma vez que alguns ex-ceconianos n&atilde;o      deixam de comparecer e participar. &Eacute; uma tradi&ccedil;&atilde;o      que j&aacute; vem h&aacute; 20 anos!<\/p>\n<p>     Aguardem o dia 21 de mar&ccedil;o!<\/span><\/p>\n<p align=\"justify\" class=\"texto\"><span class=\"texto\"><\/span><\/p>\n<\/td>\n<\/tr>\n<tr>\n<td height=\"152\" align=\"LEFT\" valign=\"TOP\"><\/td>\n<td align=\"LEFT\" valign=\"TOP\">\n<p><a name=\"aeventos2\" id=\"2\"><span class=\"titulo\">SOCIAIS<\/span><\/a><\/p>\n<p align=\"justify\" class=\"texto\"><strong>ANIVERS&Aacute;RIOS:<em> <\/em><\/strong><em>&#8220;O      Sistem&aacute;tico&#8221; envia os parab&eacute;ns para Marcos Ant&ocirc;nio      Silvestre, no dia 09. Os parab&eacute;ns para os ex-ceconianos: S&ocirc;nia      Nair Ferreira Guerra, no dia 08; Jos&eacute; Efig&ecirc;nio de Oliveira      (Alem&atilde;o), no dia 11; Daniele Maria Miranda e Jane Pires Camargos      Lemos, no dia 13; e Gl&aacute;ucia Maria Fantoni, no dia 14.<\/em><\/p>\n<p align=\"justify\" class=\"texto\"><span class=\"texto\"><\/span><\/p>\n<\/td>\n<\/tr>\n<tr>\n<td height=\"802\" align=\"LEFT\" valign=\"TOP\"><\/td>\n<td align=\"LEFT\" valign=\"TOP\">\n<p><a name=\"aeventos3\" id=\"3\"><span class=\"titulo\">MEM&Oacute;RIA      FOTOGR&Aacute;FICA DO CECOM<\/span><\/a><\/p>\n<p align=\"justify\" class=\"texto\"><span class=\"texto\">Durante a semana      de 18 a 22 de fevereiro de 2013 foi realizado o Registro Acad&ecirc;mico      dos calouros da UFMG 2013 &#8211; primeira entrada, no pr&eacute;dio da Unidade      Administrativa III, nas depend&ecirc;ncias da Copeve. Aproveitando o      momento, Eug&ecirc;nio Pacelli Pereira de Souza, da DAC, tirou diversas      fotos e repassou para O Sistem&aacute;tico.<\/span><\/p>\n<p align=\"center\" class=\"texto\"><img loading=\"lazy\" decoding=\"async\" src=\"https:\/\/www.ufmg.br\/dti\/wp-content\/uploads\/fotos\/Ano%202013\/Mar%E7o\/07-03-2013\/Registro_1.jpg\" width=\"500\" height=\"273\"><br \/>     <span class=\"texto\"><strong><font face=\"2\"><span class=\"texto\"><font face=\"1\"><em><br \/>     Os trabalhos do Registro Ac<\/em><\/font><\/span><\/font><\/strong><\/span><span class=\"texto\"><strong><font face=\"2\"><span class=\"texto\"><font face=\"1\"><em>ad&ecirc;mico<\/em><\/font><\/span><\/font><\/strong><\/span><\/p>\n<p align=\"center\" class=\"texto\"><em><strong><font face=\"1\"><img loading=\"lazy\" decoding=\"async\" src=\"https:\/\/www.ufmg.br\/dti\/wp-content\/uploads\/fotos\/Ano%202013\/Mar%E7o\/07-03-2013\/Registro_2013-1.jpg\" width=\"500\" height=\"313\"><br \/>     <\/font><\/strong><\/em><\/p>\n<p align=\"justify\" class=\"texto\"><span class=\"texto\"><\/span><\/p>\n<\/td>\n<\/tr>\n<p>  <!-- #BeginEditable \"materias\" --> <!-- #EndEditable -->  <\/table>\n<p> <!-- fim noticias --> <\/p>\n<table border=\"0\" cellpadding=\"0\" cellspacing=\"0\">\n<tr>\n<td align=\"LEFT\" valign=\"TOP\">&nbsp;<\/td>\n<td align=\"LEFT\" valign=\"TOP\">&nbsp;<\/td>\n<\/tr>\n<p>  <!-- #BeginEditable \"materias\" --> <!-- #EndEditable -->  <\/table>\n<\/div>\n","protected":false},"excerpt":{"rendered":"<p>Not\u00edcias DRC INICIA SUBSTITUI&Ccedil;&Atilde;O DE EQUIPAMENTOS DA INFRAESTRUTURA CENTRAL DA REDE UFMG CECOM PROMOVE PREG&Atilde;O ELETR&Ocirc;NICO REITORIA DIVULGA CALEND&Aacute;RIO DE IMPLANTA&Ccedil;&Atilde;O DO PONTO ELETR&Ocirc;NICO ROG&Eacute;RIO PINHEIRO AGORA EST&Aacute; NO CP Informativo ESTAT&Iacute;STICAS DE ACESSO DO SERVI&Ccedil;O PROXY HTTP DICAS DE SITES INTERESSANTES ASSUFEMG ABRE INSCRI&Ccedil;&Otilde;ES PARA EXPOSITORES EM FEIRA DE ARTESANATO NO CAMPUS PAMPULHA 5&ordf; &#8230; <a title=\"Sistem\u00e1tico: Edi\u00e7\u00e3o 1565 &#8211; 07\/03\/2013\" class=\"read-more\" href=\"https:\/\/www.ufmg.br\/dti\/2013\/03\/07\/sistematico-edicao-1565-07032013\/\" aria-label=\"Read more about Sistem\u00e1tico: Edi\u00e7\u00e3o 1565 &#8211; 07\/03\/2013\">Ler mais<\/a><\/p>\n","protected":false},"author":3,"featured_media":0,"comment_status":"open","ping_status":"open","sticky":false,"template":"","format":"standard","meta":{"inline_featured_image":false,"footnotes":""},"categories":[13],"tags":[],"coauthors":[79],"class_list":["post-2909","post","type-post","status-publish","format-standard","hentry","category-sistematico"],"_links":{"self":[{"href":"https:\/\/www.ufmg.br\/dti\/wp-json\/wp\/v2\/posts\/2909","targetHints":{"allow":["GET"]}}],"collection":[{"href":"https:\/\/www.ufmg.br\/dti\/wp-json\/wp\/v2\/posts"}],"about":[{"href":"https:\/\/www.ufmg.br\/dti\/wp-json\/wp\/v2\/types\/post"}],"author":[{"embeddable":true,"href":"https:\/\/www.ufmg.br\/dti\/wp-json\/wp\/v2\/users\/3"}],"replies":[{"embeddable":true,"href":"https:\/\/www.ufmg.br\/dti\/wp-json\/wp\/v2\/comments?post=2909"}],"version-history":[{"count":0,"href":"https:\/\/www.ufmg.br\/dti\/wp-json\/wp\/v2\/posts\/2909\/revisions"}],"wp:attachment":[{"href":"https:\/\/www.ufmg.br\/dti\/wp-json\/wp\/v2\/media?parent=2909"}],"wp:term":[{"taxonomy":"category","embeddable":true,"href":"https:\/\/www.ufmg.br\/dti\/wp-json\/wp\/v2\/categories?post=2909"},{"taxonomy":"post_tag","embeddable":true,"href":"https:\/\/www.ufmg.br\/dti\/wp-json\/wp\/v2\/tags?post=2909"},{"taxonomy":"author","embeddable":true,"href":"https:\/\/www.ufmg.br\/dti\/wp-json\/wp\/v2\/coauthors?post=2909"}],"curies":[{"name":"wp","href":"https:\/\/api.w.org\/{rel}","templated":true}]}}