{"id":2919,"date":"2012-04-12T08:00:00","date_gmt":"2012-04-12T08:00:00","guid":{"rendered":"https:\/\/www.ufmg.br\/dti\/cecom\/?p=1080"},"modified":"2012-04-12T08:00:00","modified_gmt":"2012-04-12T08:00:00","slug":"sistematico-edicao-1549-12042012","status":"publish","type":"post","link":"https:\/\/www.ufmg.br\/dti\/2012\/04\/12\/sistematico-edicao-1549-12042012\/","title":{"rendered":"Sistem\u00e1tico: Edi\u00e7\u00e3o 1549 &#8211; 12\/04\/2012"},"content":{"rendered":"<ul>\n<li><a href=\"\/dti\/#noticias\">Not\u00edcias<\/a>\n<div class='submenuSistematico'>\n<ul>\n<li><a href=\"\/dti\/#anoticias1\" id=\"1\"><span class=\"titulo\"><span class=\"titulo\">REESTRUTURA&Ccedil;&Atilde;O     INTERNA DO CECOM CRIAR&Aacute; NOVAS &Aacute;REAS<\/span><\/span><\/a><\/li>\n<li><a href=\"\/dti\/#anoticias2\" id=\"2\"><span class=\"titulo\">NOVA      TURMA DO CECOM PARTICIPA DE CURSO NA PLANSIS<\/span><\/a><\/li>\n<li><a href=\"\/dti\/#anoticias3\" id=\"3\"><span class=\"titulo\">CECOM      D&Aacute; CONTINUIDADE AO PROCESSO DE DESFAZIMENTO DE BENS<\/span><\/a><\/li>\n<li><a href=\"\/dti\/#anoticias4\" id=\"4\"><span class=\"titulo\">PUBLICADA      APOSENTADORIA DE GILDETE<\/span><\/a><\/li>\n<li><a href=\"\/dti\/#anoticias5\" id=\"5\"><span class=\"titulo\">SA&Iacute;DA      DE MENOR DA CRUZ VERMELHA<\/span><\/a><\/li>\n<li><a href=\"\/dti\/#anoticias6\" id=\"6\"><span class=\"titulo\">NOVO      MENOR DA CRUZ VERMELHA DO CECOM<\/span><\/a><\/li>\n<\/ul>\n<\/div>\n<\/li>\n<li><a href=\"\/dti\/#informativo\">Informativo<\/a>\n<div class='submenuSistematico'>\n<ul>\n<li><a href=\"\/dti\/#ainformativo1\" id=\"1\"><span class=\"titulo\">ESTAT&Iacute;STICAS      DE ACESSO DO SERVI&Ccedil;O PROXY HTTP<\/span><\/a><\/li>\n<li><a href=\"\/dti\/#ainformativo2\" id=\"2\"><span class=\"titulo\">DICAS      DE SITES INTERESSANTES<\/span><\/a><\/li>\n<li><a href=\"\/dti\/#ainformativo3\" id=\"3\"><span class=\"titulo\">AG&Ecirc;NCIA      DOS CORREIOS NA PRA&Ccedil;A DE SERVI&Ccedil;OS ENCERRA ATIVIDADES<\/span><\/a><\/li>\n<li><a href=\"\/dti\/#ainformativo4\" id=\"4\"><span class=\"titulo\">FUMP      ESCLARECE SOBRE FILAS NOS RESTAURANTES UNIVERSIT&Aacute;RIOS<\/span><\/a><\/li>\n<li><a href=\"\/dti\/#ainformativo4\" id=\"4\"><img loading=\"lazy\" decoding=\"async\" src=\"https:\/\/www.ufmg.br\/dti\/wp-content\/uploads\/imgs\/tudo_pixel.gif\" width=\"8\" height=\"9\" alt=\"\" border=\"0\"><br \/>      <span class=\"titulo\">H\u00e1 20 anos&#8230;<\/span><\/a><\/li>\n<\/ul>\n<\/div>\n<\/li>\n<li><a href=\"\/dti\/#eventos\">Eventos<\/a>\n<div class='submenuSistematico'>\n<ul>\n<li><a href=\"\/dti\/#aeventos1\" id=\"1\"><span class=\"titulo\">SOCIAIS<\/span><\/a><\/li>\n<li><a href=\"\/dti\/#aeventos2\" id=\"2\"><span class=\"titulo\">MEM&Oacute;RIA      FOTOGR&Aacute;FICA DO CECOM<\/span><\/a><\/li>\n<\/ul>\n<\/div>\n<\/li>\n<\/ul>\n<ul class='pdfSist'>\n<li><a href=\"https:\/\/www.ufmg.br\/dti\/wp-content\/uploads\/Sistematico_PDF\/Sist10_2012-A4.pdf\"><img loading=\"lazy\" decoding=\"async\" src=\"https:\/\/www.ufmg.br\/dti\/wp-content\/uploads\/Sistematico_PDF\/mini_pdf.gif\" width=\"30\" height=\"53\" border=\"0\"> Vers\u00e3o em PDF<\/a><\/li>\n<\/ul>\n<p> <a name='noticias'><\/a><\/p>\n<h4>Not\u00edcias<\/h4>\n<div class=\"centro-sistematico\">  <!-- noticias --> <a><\/a>  <\/p>\n<table border=\"0\" cellspacing=\"0\" cellpadding=\"0\">\n<tr>\n<td><\/td>\n<td><\/td>\n<\/tr>\n<tr>\n<td height=\"223\" align=\"LEFT\" valign=\"TOP\"><\/td>\n<td align=\"LEFT\" valign=\"TOP\"> <a name=\"anoticias1\" id=\"1\"><span class=\"titulo\"><span class=\"titulo\">REESTRUTURA&Ccedil;&Atilde;O     INTERNA DO CECOM CRIAR&Aacute; NOVAS &Aacute;REAS<\/span><\/span><\/a> <\/p>\n<p align=\"justify\"><span class=\"texto\">      <\/span><span class=\"texto\"> <\/span><span class=\"texto\">Na quarta-feira      da semana passada, dia 4 de abril, o diretor do CECOM, Carlos Alfeu      Furtado da Fonseca, apresentou &agrave;s equipes da DAC &#8211; Divis&atilde;o      de Atendimento e Consultoria e DRC &#8211; Divis&atilde;o de Redes de Comunica&ccedil;&atilde;o,      o resultado dos trabalhos do grupo t&eacute;cnico criado em fevereiro      deste ano e que analisou necessidades de mudan&ccedil;a no organograma      do CECOM e a consequen-te mudan&ccedil;a na distribui&ccedil;&atilde;o      de atribui&ccedil;&otilde;es e responsabilidades destas equipes internas.<\/p>\n<p>     Durante a apresenta&ccedil;&atilde;o, Carlos Alfeu destacou que, na      &aacute;rea de TI, as necessidades de mudan&ccedil;a classicamente ocorrem      em fun&ccedil;&atilde;o dos avan&ccedil;os tecnol&oacute;gicos, das      a&ccedil;&otilde;es provocadas por atores externos &agrave; institui&ccedil;&atilde;o      ou, ainda, pelas demandas apresentadas pelos usu&aacute;rios.<\/p>\n<p>     No caso atual, as principais raz&otilde;es que afetam o cen&aacute;rio      de atua&ccedil;&atilde;o do CECOM e motivam as mudan&ccedil;as s&atilde;o      as seguintes:<\/p>\n<p>     &#8211; a necessidade de prover servi&ccedil;os, novos ou n&atilde;o, de maior      qualidade ou abrang&ecirc;ncia &agrave; comunidade universit&aacute;ria;<br \/>     &#8211; a obrigatoriedade de seguir normas e padr&otilde;es de mercado, que      tem sido induzidos pelos &oacute;rg&atilde;os reguladores, tais como      TCU e CGU;<br \/>     &#8211; a absor&ccedil;&atilde;o de atividades administrativas que antes vinham      sendo executadas pelo LCC &#8211; Laborat&oacute;rio de Computa&ccedil;&atilde;o      Cient&iacute;fica.<\/p>\n<p>     Quanto &agrave; primeira raz&atilde;o, existiam diversas ideias em evolu&ccedil;&atilde;o      no CECOM, que vinham sendo trocadas entre membros da equipe, e precisavam      gerar resultados pr&aacute;ticos. A segunda raz&atilde;o tem sido foco      constante das &uacute;ltimas e v&aacute;rias auditorias que tem sido      feitas na universidade, principalmente nos &uacute;ltimos dois anos.      Por fim, a terceira raz&atilde;o, causada por decis&atilde;o recente      da administra&ccedil;&atilde;o e baseada em trabalho de Comit&ecirc;      espec&iacute;fico, criado em agosto de 2011 para analisar e transformar      a estrutura de organograma da DTI &#8211; Diretoria de Tecnologia da Informa&ccedil;&atilde;o      est&aacute; resgatando o papel de atua&ccedil;&atilde;o do LCC, voltado      ao apoio do Ensino, da Pesquisa e da Extens&atilde;o, e migrando para      o CECOM atividades administrativas at&eacute; ent&atilde;o feitas pelo      Laborat&oacute;rio. O portal <em>minhaUFMG<\/em> est&aacute; sob a responsabilidade      do CECOM desde o final de outubro de 2011. Atualmente, est&aacute; em      curso a migra&ccedil;&atilde;o do Correio, que deve ser conclu&iacute;da      ainda neste semestre.<\/p>\n<p>     Para viabilizar uma an&aacute;lise adequada das transforma&ccedil;&otilde;es      internas ao CECOM, foi criado um grupo constitu&iacute;do pelas seguintes      pessoas:<\/p>\n<p>     &#8211; Diretoria: Carlos Alfeu;<br \/>     &#8211; DRC: Fernando Frota e Paulo Lessa;<br \/>     &#8211; DAC: Ant&ocirc;nio Eust&aacute;quio, M&aacute;rcio Viana e Emerson      Kfury.<br \/>     &#8211; LCC: Daniel Avelino e Paulo Henrique. <\/p>\n<p>     Este grupo elaborou a proposta de reestrutura&ccedil;&atilde;o, que      foi aprovada pelo Prof. Luciano de Errico, diretor da DTI.<\/p>\n<p>     Nesta proposta as atribui&ccedil;&otilde;es hoje concentradas na DAC      e na DRC foram redistribu&iacute;das em 4 (&aacute;reas):<\/p>\n<p>     &#8211; Redes;<br \/>     &#8211; Atendimento;<br \/>     &#8211; Infraestrutura e<br \/>     &#8211; Seguran&ccedil;a.<\/p>\n<p>     A &aacute;rea de Redes continuar&aacute; a ser representada pela DRC,      que n&atilde;o muda de nome, passa a ser respons&aacute;vel pelas redes      administrativas e deixa de ser respons&aacute;vel por servi&ccedil;os      de sa&iacute;da e entrada de mensagens.<\/p>\n<p>     A &aacute;rea de Atendimento cresce de import&acirc;ncia, passando gradualmente      a unificar os diversos servi&ccedil;os de atendimento aos usu&aacute;rios      providos pela DTI, no CECOM e no LCC, e buscando novos padr&otilde;es      de qualidade na implanta&ccedil;&atilde;o e atendimento de sistemas      e servi&ccedil;os. Ela conservar&aacute; o nome e a sigla da atual DAC.<\/p>\n<p>     A &aacute;rea de Infraestrutura tamb&eacute;m estar&aacute; mais destacada      e cuidar&aacute; dos servidores e seus softwares b&aacute;sicos, necess&aacute;rios      para o provimento de servi&ccedil;os e sistemas do CECOM. Ela n&atilde;o      cuidar&aacute; mais das redes administrativas, que estar&atilde;o sob      os cuidados da DRC, nem das atividades de microinform&aacute;tica, que      estar&atilde;o na DAC. Com o novo pr&eacute;dio da DTI, previsto para      futuro breve, esta divis&atilde;o gradativamente ser&aacute; tamb&eacute;m      respons&aacute;vel por prover infraestrutura para os projetos cuja gest&atilde;o      permanecer&aacute; no LCC. Seu nome de batismo ser&aacute; Divis&atilde;o      de Infraestrutura de Servi&ccedil;os e atender&aacute; pela sigla DIS.<\/p>\n<p>     A &aacute;rea de Seguran&ccedil;a ser&aacute; a que trar&aacute; maiores      novidades. Por suas caracter&iacute;sticas e pelo que tem sido estabelecido      pelos atuais padr&otilde;es de mercado, ser&aacute; a que demorar&aacute;      mais tempo para ser implantada como Divis&atilde;o. Inicialmente, ela      surgir&aacute; com pessoas indicadas pelas tr&ecirc;s &aacute;reas citadas,      al&eacute;m da &aacute;rea de desenvolvimento, representada no CECOM      pela DAS. Ela concentrar&aacute; e construir&aacute; novas normas, voltadas      a pol&iacute;ticas e padr&otilde;es de seguran&ccedil;a, an&aacute;lise      de riscos, tratamento de incidentes etc. Entretanto, seu nome j&aacute;      est&aacute; definido, ser&aacute; a DSI &#8211; Divis&atilde;o de Seguran&ccedil;a      da Informa&ccedil;&atilde;o.<\/p>\n<p>     Ap&oacute;s a apresenta&ccedil;&atilde;o, as mudan&ccedil;as ser&atilde;o      implantadas de forma gradativa. Ser&atilde;o realizadas atividades para      sua formaliza&ccedil;&atilde;o, ser&atilde;o providenciadas as realoca&ccedil;&otilde;es      de pessoas nas equipes, ser&atilde;o recebidos novos colegas transferidos      da equipe do LCC e ser&atilde;o definidos os novos diretores para as      &aacute;reas de Infraestrutura e Seguran&ccedil;a, j&aacute; que a diretoria      da DRC continuar&aacute; com o analista Fernando Frota e que a diretoria      da DAC continuar&aacute; com o analista Ant&ocirc;nio Eust&aacute;quio.<\/p>\n<p>     Na an&aacute;lise do diretor Carlos Alfeu os maiores desafios ser&atilde;o      implantar novos padr&otilde;es de governan&ccedil;a em TI e suprir as      car&ecirc;ncias de recursos humanos, geradas em fun&ccedil;&atilde;o      do crescimento das atribui&ccedil;&otilde;es do Centro de Computa&ccedil;&atilde;o.<\/p>\n<p>     Ao longo das pr&oacute;ximas semanas outras novidades ocorrer&atilde;o      e ser&atilde;o divulgadas, inclusive aqui em O Sistem&aacute;tico.<\/span><\/p>\n<p align=\"center\"><img loading=\"lazy\" decoding=\"async\" src=\"https:\/\/www.ufmg.br\/dti\/wp-content\/uploads\/fotos\/12_04_2012\/Reestrutura%E7%E3o%20CECOM\/2012-04-04_15-40-34_878.jpg\" width=\"500\" height=\"256\"><br \/>     <span class=\"texto\"><strong><font face=\"2\"><span class=\"texto\"><font face=\"1\"><em>A      apresenta&ccedil;&atilde;o de Carlos Alfeu<\/em><\/font><\/span><\/font><\/strong><\/span>     <\/p>\n<div align=\"center\">\n<p>     <\/p>\n<\/p><\/div>\n<\/td>\n<\/tr>\n<tr>\n<td height=\"217\" align=\"LEFT\" valign=\"TOP\"><\/td>\n<td align=\"LEFT\" valign=\"TOP\">\n<p><a name=\"anoticias2\" id=\"2\"><span class=\"titulo\">NOVA      TURMA DO CECOM PARTICIPA DE CURSO NA PLANSIS<\/span><\/a><\/p>\n<p align=\"justify\"><span class=\"texto\">Dando continuidade a pol&iacute;tica      de capacita&ccedil;&atilde;o dos analistas de tecnologia da informa&ccedil;&atilde;o      da Diretoria de Tecnologia da Informa&ccedil;&atilde;o (DTI), os servidores      do CECOM e do LCC est&atilde;o participando de mais um treinamento oficial      da IBM: <em>IBM Lotus Domino 8.5 System Administration Bootcamp<\/em>.      Neste curso s&atilde;o apresentados os conceitos b&aacute;sicos e avan&ccedil;ados      necess&aacute;rios para a execu&ccedil;&atilde;o das tarefas de administra&ccedil;&atilde;o      do servi&ccedil;o de correio eletr&ocirc;nico utilizando a vers&atilde;o      8.5 do Lotus Domino.<\/p>\n<p>     A primeira turma, de 26 a 30 de mar&ccedil;o, contou com a presen&ccedil;a      dos analistas: Emerson Henrique Kfuri Pereira e M&aacute;rcio da Costa      Viana, pelo CECOM e Daniel Angelo Avelino e Paulo Henrique de Ara&uacute;jo      Abreu, pelo LCC.<\/p>\n<p>     Esta semana, foi a vez da segunda turma, de 09 a 13 de abril, com a      participa&ccedil;&atilde;o de: Ant&ocirc;nio Eust&aacute;quio Rodrigues,      F&aacute;bio Luiz de Morais, Wallison Fabiano de Ara&uacute;jo, pelo      CECOM, e Karina Flaviana Ribeiro, pelo LCC.<\/p>\n<p>     O treinamento &eacute; oferecido pela Plansis Planejamento e Sistemas      Ltda., em suas instala&ccedil;&otilde;es, na cidade de Nova Lima.<\/span><\/p>\n<p align=\"center\"><img loading=\"lazy\" decoding=\"async\" src=\"https:\/\/www.ufmg.br\/dti\/wp-content\/uploads\/fotos\/12_04_2012\/Avulsas\/3d%200025.jpg\" width=\"201\" height=\"252\"><br \/>     <span class=\"texto\"><strong><font face=\"2\"><span class=\"texto\"><font face=\"1\"><em>Ant&ocirc;nio      Eust&aacute;quio<\/em><\/font><\/span><\/font><\/strong><\/span> <\/p>\n<p align=\"center\"><img loading=\"lazy\" decoding=\"async\" src=\"https:\/\/www.ufmg.br\/dti\/wp-content\/uploads\/fotos\/12_04_2012\/Avulsas\/walison.JPG\" width=\"201\" height=\"253\"><br \/>     <span class=\"texto\"><strong><font face=\"2\"><span class=\"texto\"><font face=\"1\"><em>F&aacute;bio      Morais e Wallison Fabiano<\/em><\/font><\/span><\/font><\/strong><\/span>     <\/p>\n<p>    <span class=\"texto\">     <\/p>\n<p>    <\/span><\/td>\n<\/tr>\n<tr>\n<td height=\"265\" align=\"LEFT\" valign=\"TOP\"><\/td>\n<td align=\"LEFT\" valign=\"TOP\">\n<p><a name=\"anoticias3\" id=\"3\"><span class=\"titulo\">CECOM      D&Aacute; CONTINUIDADE AO PROCESSO DE DESFAZIMENTO DE BENS<\/span><\/a><\/p>\n<p align=\"justify\"><span class=\"texto\">Dando continuidade ao processo      de desfazimento de bens, a Comiss&atilde;o do CECOM realizou sua primeira      reuni&atilde;o no dia 03 de abril, iniciando assim, os trabalhos.<\/p>\n<p>     Todos os rspons&aacute;veis por locais de guarda ser&atilde;o contactados      por um dos membros da comiss&atilde;o para verificar se existem nos      ambientes sob a sua responsabilidade bens que poder&atilde;o ser aproveitados      em outros locais do CECOM, doados para outras unidades da UFMG, ou que      ser&atilde;o objeto de doa&ccedil;&atilde;o para entidades sem fins      lucrativos, conforme prev&ecirc; a lei.<\/p>\n<p>     A pr&oacute;xima reuni&atilde;o da Comiss&atilde;o de Desfazimento est&aacute;      marcada para o dia 17 de abril, &agrave;s 10h, na Sala de Reuni&otilde;es      do CECOM.<\/span><\/p>\n<p>    <span class=\"texto\">     <\/p>\n<p>    <\/span><\/td>\n<\/tr>\n<tr>\n<td height=\"265\" align=\"LEFT\" valign=\"TOP\"><\/td>\n<td align=\"LEFT\" valign=\"TOP\">\n<p><a name=\"anoticias4\" id=\"4\"><span class=\"titulo\">PUBLICADA      APOSENTADORIA DE GILDETE<\/span><\/a><\/p>\n<p align=\"justify\"><span class=\"texto\">Foi publicada, no dia 04 de abril      de 2012, a portaria no 1.738, de 02\/04\/2012, que aposenta o servidor      Gildete de Jesus, da Divis&atilde;o de Redes de Comunica&ccedil;&atilde;o      do Centro de Computa&ccedil;&atilde;o.<\/p>\n<p>     O T&eacute;cnico em Telefonia Gildete de Jesus entrou para a UFMG em      1978, na antiga Prefeitura da Universidade, onde exerceu fun&ccedil;&otilde;es      na &aacute;rea de servi&ccedil;os gerais e na &aacute;rea administrativa.      Pouco mais de 1 ano depois, foi para o hospital das Cl&iacute;nicas,      como instalador e reparador de aparelhos telef&ocirc;nicos. Ap&oacute;s      12 anos no HC, veio para o Campus da Pampulha trabalhar na Telefonia      que, na &eacute;poca, pertencia ao DPFO. Em 2000, o CECOM assumiu a      &aacute;rea de Telefonia da UFMG e Gildete, junto com toda a equipe,      passou a fazer parte da DRC &#8211; Divis&atilde;o de Redes de Comunica&ccedil;&atilde;o,      at&eacute; a sua aposentadoria.<\/span><\/p>\n<p align=\"center\"><img loading=\"lazy\" decoding=\"async\" src=\"https:\/\/www.ufmg.br\/dti\/wp-content\/uploads\/fotos\/12_04_2012\/Avulsas\/C%F3pia%20de%20SDC11039.JPG\" width=\"155\" height=\"177\"><br \/>     <span class=\"texto\"><strong><font face=\"2\"><span class=\"texto\"><font face=\"1\"><em>Gildete<\/em><\/font><\/span><\/font><\/strong><\/span>     <\/p>\n<p>    <span class=\"texto\">     <\/p>\n<p>    <\/span><\/td>\n<\/tr>\n<tr>\n<td height=\"265\" align=\"LEFT\" valign=\"TOP\"><\/td>\n<td align=\"LEFT\" valign=\"TOP\">\n<p><a name=\"anoticias5\" id=\"5\"><span class=\"titulo\">SA&Iacute;DA      DE MENOR DA CRUZ VERMELHA<\/span><\/a><\/p>\n<p align=\"justify\"><span class=\"texto\">O menor do Conv&ecirc;nio UFMG\/Cruz      Vermelha, Leonardo Barroso de Ara&uacute;jo, lotado no CECOM, completou      18 anos no dia 10\/04. Como ocorre com todos, ao completar 18 anos, os      menores s&atilde;o desligados do conv&ecirc;nio.<\/p>\n<p>     Leonardo entrou para o CECOM em novembro de 2010, lotado na Divis&atilde;o      de Apoio Administrativo (DAA), onde prestou servi&ccedil;os como cont&iacute;nuo.<\/span><\/p>\n<p align=\"center\"><img loading=\"lazy\" decoding=\"async\" src=\"https:\/\/www.ufmg.br\/dti\/wp-content\/uploads\/fotos\/12_04_2012\/Avulsas\/LEO1.jpg\" width=\"154\" height=\"333\"><br \/>     <span class=\"texto\"><strong><font face=\"2\"><span class=\"texto\"><font face=\"1\"><em>Leornardo      Barroso<\/em><\/font><\/span><\/font><\/strong><\/span> <\/p>\n<p>    <span class=\"texto\">     <\/p>\n<p>    <\/span><\/td>\n<\/tr>\n<tr>\n<td height=\"265\" align=\"LEFT\" valign=\"TOP\"><\/td>\n<td align=\"LEFT\" valign=\"TOP\">\n<p><a name=\"anoticias6\" id=\"6\"><span class=\"titulo\">NOVO      MENOR DA CRUZ VERMELHA DO CECOM<\/span><\/a><\/p>\n<p align=\"justify\"><span class=\"texto\">Com a sa&iacute;da de Leonardo      Barroso de Ara&uacute;jo, o Conv&ecirc;nio UFMG\/Cruz Vermelha contratou,      a partir do 11\/04, o menor Michael Fernandes Diniz Moreira.<\/p>\n<p>     Michael est&aacute; lotado na Divis&atilde;o de Apoio Administrativo      (DAA), onde est&aacute; prestando servi&ccedil;os como cont&iacute;nuo.<\/span><\/p>\n<p align=\"center\"><img loading=\"lazy\" decoding=\"async\" src=\"https:\/\/www.ufmg.br\/dti\/wp-content\/uploads\/fotos\/12_04_2012\/Avulsas\/C%F3pia%20de%20SDC12593.JPG\" width=\"350\" height=\"337\"><br \/>     <span class=\"texto\"><strong><font face=\"2\"><span class=\"texto\"><font face=\"1\"><em>Michael      Moreira<\/em><\/font><\/span><\/font><\/strong><\/span> <\/p>\n<p>    <span class=\"texto\">     <\/p>\n<p>    <\/span><\/td>\n<\/tr>\n<p>  <!-- #BeginEditable \"materias\" --> <!-- #EndEditable -->  <\/table>\n<table border=\"0\" cellpadding=\"0\" cellspacing=\"0\">\n<tr>\n<td align=\"LEFT\" valign=\"TOP\"><\/td>\n<td align=\"LEFT\" valign=\"TOP\">&nbsp;<\/td>\n<\/tr>\n<p>  <!-- #BeginEditable \"materias\" --> <!-- #EndEditable -->  <\/table>\n<\/p><\/div>\n<p><a name='informativo'><\/a><\/p>\n<h4>Informativo<\/h4>\n<div class=\"centro-sistematico\">  <!-- noticias --> <a><\/a>  <\/p>\n<table border=\"0\" cellspacing=\"0\" cellpadding=\"0\">\n<tr>\n<td><\/td>\n<td><\/td>\n<\/tr>\n<p>  <!-- #BeginEditable \"materias\" --> <!-- #EndEditable -->  <\/table>\n<p> <!-- fim noticias --> <!-- tabela ha 20 anos --> <\/p>\n<table border=\"0\" cellpadding=\"0\" cellspacing=\"0\" bgcolor=\"#FFFFFF\">\n<tr>\n<td height=\"641\" align=\"LEFT\" valign=\"TOP\"><\/td>\n<td align=\"LEFT\" valign=\"TOP\">\n<p align=\"left\"><span class=\"texto\"><a name=\"ainformativo1\" id=\"1\"><span class=\"titulo\">ESTAT&Iacute;STICAS      DE ACESSO DO SERVI&Ccedil;O PROXY HTTP<\/span><\/a><\/span><\/p>\n<p align=\"justify\"><span class=\"texto\">Destinado a diminuir o tr&aacute;fego      de navega&ccedil;&atilde;o na RNP e acelerar o acesso de m&aacute;quinas      internas a sites externos, a UFMG conta com o servi&ccedil;o de proxy      HTTP, implantado em abril\/2006. Todos os meses, O Sistem&aacute;tico      tem publicado as estat&iacute;sticas de acesso a esse servi&ccedil;o.<\/p>\n<p>     At&eacute; o dia 31 de mar&ccedil;o\/2012, foram registrados 13.349 usu&aacute;rios      diferentes acessando o sistema desde a sua implanta&ccedil;&atilde;o.      O gr&aacute;fico abaixo mostra o total de registros mensais.<\/p>\n<p>     Para quem est&aacute; fora da Rede UFMG (por exemplo, acessando a Internet      de casa), o proxy permite o acesso a sites n&atilde;o p&uacute;blicos,      como os apontados pelo Portal CAPES.<\/p>\n<p>     A queda acentuada no uso do Proxy teve in&iacute;cio com a ado&ccedil;&atilde;o      do acesso direto com a autentica&ccedil;&atilde;o via comunidade CAFe.<\/span><\/p>\n<p align=\"center\"><img loading=\"lazy\" decoding=\"async\" src=\"https:\/\/www.ufmg.br\/dti\/wp-content\/uploads\/fotos\/12_04_2012\/imagem.jpg\" width=\"500\" height=\"346\"><\/p>\n<p align=\"center\"><span class=\"texto\"><\/span><span class=\"texto\"><br \/>     <\/span>    <\/p>\n<\/td>\n<\/tr>\n<tr>\n<td height=\"580\" align=\"LEFT\" valign=\"TOP\"><\/td>\n<td align=\"LEFT\" valign=\"TOP\">\n<p align=\"left\"><span class=\"texto\"><a name=\"ainformativo2\" id=\"2\"><span class=\"titulo\">DICAS      DE SITES INTERESSANTES<\/span><\/a><\/span><\/p>\n<p align=\"justify\"><span class=\"texto\">Adyrus, o ca&ccedil;ador de sites,      enviou as seguintes dicas:<\/p>\n<p>     &#8211; <a href=\"http:\/\/www.%20flickr.com\/photos\/nasacommons\">Veja<\/a> as      imagens em alta resolu&ccedil;&atilde;o da Nasa no flickr.<\/p>\n<p>     &#8211; Blog do ebook hom&ocirc;nimo, produzido colaborativa e voluntariamente      por pesquisadores e profissionais da &aacute;rea. O ebook &eacute; gratuito      e traz textos curtos que abordam temas transversais ao universo das      redes de relacionamento, com o objetivo de estimular o debate e o compartilhamento      de boas pr&aacute;ticas. <a href=\"http:\/\/para%20entenderasmidiassociais.blogspot.com.br\/\">Saiba      mais.<\/a><\/p>\n<p>     &#8211; Revision3 &eacute; a principal rede de televis&atilde;o para a gera&ccedil;&atilde;o      internet. S&atilde;o criados e produzidos todos os programas comunit&aacute;rios      originais com epis&oacute;dicos dirigidos assistidos por uma base de      f&atilde;s. <a href=\"http:\/\/revision3.com\/\">Clique aqui<\/a>. (Site em      Ingl&ecirc;s)<\/p>\n<p>     &#8211; Saiba tudo sobre o mundo dos games e as reclama&ccedil;&otilde;es      feitas por usu&aacute;rios dos jogos. Conte&uacute;do incompar&aacute;vel,      incluindo uma amostra dos jogos e coment&aacute;rios ao vivo de eventos      de cobertura, com qualidade de cinema, v&iacute;deos, entrevistas exclusivas,      guias de estrat&eacute;gia, programas originais e muito mais. <a href=\"http:\/\/www.game%20spot.com\/\">Leia      mais<\/a>. Para reclama&ccedil;&otilde;es, <a href=\"http:\/\/www.gamespot.com\/features\/which-publishers-have-the-most-customer-complaints-6367495\/\">clique      aqui<\/a>.<\/p>\n<p>     &#8211; Est&atilde;o abertas as chamadas de trabalho, com reuni&otilde;es      preparat&oacute;rias, para mais uma etapa do Festival Latino Americano      de instala&ccedil;&atilde;o de Software Livre: o Flisol Guarulhos e      Alto Tiet&ecirc; 2012. O evento ser&aacute; realizado no dia 28 de Abril      de 2012, das 8 h &agrave;s 17 h, no Adamastor, e ser&aacute; realizado      por iniciativa do Movimento Software Livre e pela Prefeitura de Guarulhos,      com outros apoiadores p&uacute;blicos e privados. N&atilde;o deixe de      visitar o <a href=\"http:\/\/softwarelivre.%20org\/flisol-guarulhos\">endere&ccedil;o<\/a>.<\/p>\n<p>     &#8211; SugarSync &eacute; uma ferramenta que voc&ecirc; pode usar para, automaticamente,      fazer backup e sincronizar seus arquivos entre computadores. Voc&ecirc;      pode editar um documento de trabalho no seu PC Windows, depois descobrir      que o documento aparece em seu Mac em casa, usando a sincroniza&ccedil;&atilde;o      autom&aacute;tica atrav&eacute;s da Internet. Se voc&ecirc; estiver      na estrada e desligar sua m&aacute;quina de trabalho, voc&ecirc; pode      entrar em sua conta SugarSync, acessar os arquivos e documentos que      voc&ecirc; tenha sincronizado com sua conta e fa&ccedil;a o download      para o seu laptop. <a href=\"http:\/\/www.v3.co.uk\/v3-uk\/download-review\/2166188\/sugarsync-android-351?wt.mc_ev=click\">Veja<\/a>.<\/span><\/p>\n<p align=\"justify\"><span class=\"texto\"><\/span><span class=\"texto\"><br \/>     <\/span> <\/p>\n<\/td>\n<\/tr>\n<tr>\n<td height=\"207\" align=\"LEFT\" valign=\"TOP\"><\/td>\n<td align=\"LEFT\" valign=\"TOP\">\n<p align=\"left\"><span class=\"texto\"><a name=\"ainformativo3\" id=\"3\"><span class=\"titulo\">AG&Ecirc;NCIA      DOS CORREIOS NA PRA&Ccedil;A DE SERVI&Ccedil;OS ENCERRA ATIVIDADES<\/span><\/a><\/span><\/p>\n<p align=\"justify\"><span class=\"texto\">A ag&ecirc;ncia franqueada dos      Correios na Pra&ccedil;a de Servi&ccedil;os do campus Pampulha (ACF      Pampulha) encerrou, no dia 22 de ma&ccedil;o, suas atividades, por for&ccedil;a      de rescis&atilde;o contratual com a Empresa Brasileira de Correios e      Tel&eacute;grafos (ECT). <\/p>\n<p>     A administra&ccedil;&atilde;o central da UFMG est&aacute; negociando      junto &agrave; ECT a abertura de uma ag&ecirc;ncia pr&oacute;pria na      Pra&ccedil;a de Servi&ccedil;os.<\/p>\n<p>     J&aacute; os servi&ccedil;os administrativos &#8211; recolhimento de correspond&ecirc;ncias      a serem postadas e troca de malotes &#8211; para unidades e &oacute;rg&atilde;os      continuar&atilde;o sendo executados pelos empregados da antiga franquia.      <\/p>\n<p>     Outras informa&ccedil;&otilde;es pelos telefones 3409.4664\/4369 ou pelo      e-mail corresponde@dsg.ufmg.br.<br \/>     <em>(Fonte: https:\/\/www.ufmg.br\/online\/arquivos\/023131.shtml &#8211; 22\/03\/2012)<\/em><\/span><\/p>\n<p align=\"justify\"><span class=\"texto\"><\/span><span class=\"texto\"><br \/>     <\/span> <\/p>\n<\/td>\n<\/tr>\n<tr>\n<td height=\"207\" align=\"LEFT\" valign=\"TOP\"><\/td>\n<td align=\"LEFT\" valign=\"TOP\">\n<p align=\"left\"><span class=\"texto\"><a name=\"ainformativo4\" id=\"4\"><span class=\"titulo\">FUMP      ESCLARECE SOBRE FILAS NOS RESTAURANTES UNIVERSIT&Aacute;RIOS<\/span><\/a><\/span><\/p>\n<p align=\"justify\"><span class=\"texto\">A implanta&ccedil;&atilde;o do      novo sistema de acesso aos restaurantes universit&aacute;rios (RUs)      da UFMG, nesta segunda-feira, 9, provocou filas maiores do que as habituais      para entrada nos estabelecimentos. Em comunicado oficial, a Fump esclareceu      que o problema ocorreu devido ao tempo natural de aprendizado dos operadores      de caixa e a usu&aacute;rios que ainda n&atilde;o providenciaram a documenta&ccedil;&atilde;o      exigida. A Fump prev&ecirc; que em poucos dias o tempo de espera seja      reduzido.<br \/>     <em>(Fonte: http:\/\/www.ufmg.br\/online\/arquivos\/023364.shtml &#8211; 10\/04\/2012).<\/em><br \/>     <\/span><\/p>\n<p align=\"justify\"><span class=\"texto\"><\/span><\/p>\n<p align=\"justify\"><span class=\"texto\"><br \/>     <\/span> <\/p>\n<\/td>\n<\/tr>\n<tr class=\"cinza\">\n<td height=\"273\"><img loading=\"lazy\" decoding=\"async\" src=\"https:\/\/www.ufmg.br\/dti\/wp-content\/uploads\/imgs\/tudo_pixel.gif\" width=\"1\" height=\"1\" alt=\"\" border=\"0\"><\/td>\n<td align=\"LEFT\" valign=\"TOP\"><!-- #BeginEditable \"ha%2020%20anos\" -->     <\/p>\n<div align=\"justify\">\n<p><a name=\"ainformativo4\" id=\"4\"><img loading=\"lazy\" decoding=\"async\" src=\"https:\/\/www.ufmg.br\/dti\/wp-content\/uploads\/imgs\/tudo_pixel.gif\" width=\"8\" height=\"9\" alt=\"\" border=\"0\"><br \/>      <span class=\"titulo\">H\u00e1 20 anos&#8230;<\/span><\/a><\/p>\n<p>      <span class=\"texto\">O Sistem&aacute;tico Ano XVI, no 12, de 09\/04\/1992,       publicou not&iacute;cias sobre dualiza&ccedil;&atilde;o do Sistema       A10, palestra da Itautec, I Encontro Unisys\/Embratel, Concurso P&uacute;blico       da UFMG, paradas do A10, entre outras. A not&iacute;cia que se destacou       foi:<br \/>      <strong><br \/>      MATR&Iacute;CULA ON-LINE<\/strong> <br \/>      <font face=\"1\">Concluindo a implanta&ccedil;&atilde;o da matr&iacute;cula       on-line nas unidades da UFMG, desta vez o ICEx estar&aacute; realizando       sua matr&iacute;cula atrav&eacute;s do Sistema EGM &#8211; Ensino\/Gradua&ccedil;&atilde;o\/Matr&iacute;cula.<br \/>      Devido ao significativo n&uacute;mero de transa&ccedil;&otilde;es       operadas neste per&iacute;odo, de 10 a 15 de abril, a matr&iacute;cula       ter&aacute; um acompanhamento especial, tendo prioridade maior que       os demais servi&ccedil;os processados nestas datas.<br \/>      Na verdade, o que se far&aacute; &eacute; puramente uma an&aacute;lise       do desempenho do Sistema EGM no usu&aacute;rio, garantindo um bom       tempo de resposta no ICEx.<br \/>      Esta an&aacute;lise e acompanhamento estar&aacute; a cargo da DST,       que gerenciar&aacute; o A10 durante as atividades de matr&iacute;cula.s.       &#8230;.<\/font><\/span><\/p>\n<\/p><\/div>\n<div align=\"justify\">\n<p><span class=\"texto\"><\/span><\/p>\n<\/p><\/div>\n<p>    <!-- #EndEditable --><\/td>\n<\/tr>\n<tr>\n<td width=\"12\" align=\"LEFT\" valign=\"TOP\"><\/td>\n<td width=\"538\" align=\"LEFT\" valign=\"TOP\">&nbsp;<\/td>\n<\/tr>\n<p>  <!-- #BeginEditable \"materias\" --> <!-- #EndEditable -->  <\/table>\n<p> <!-- fim tabela ha 20 anos --><\/div>\n<p><a name='eventos'><\/a><\/p>\n<h4>Eventos<\/h4>\n<div class=\"centro-sistematico\">  <!-- noticias --> <\/p>\n<table border=\"0\" cellpadding=\"0\" cellspacing=\"0\">\n<tr>\n<td align=\"LEFT\" valign=\"TOP\">&nbsp;<\/td>\n<td align=\"LEFT\" valign=\"TOP\">&nbsp;<\/td>\n<\/tr>\n<p>  <!-- #BeginEditable \"materias\" --> <!-- #EndEditable -->  <\/table>\n<table border=\"0\" cellspacing=\"0\" cellpadding=\"0\">\n<tr>\n<td><\/td>\n<td><\/td>\n<\/tr>\n<tr>\n<td height=\"203\" align=\"LEFT\" valign=\"TOP\"><\/td>\n<td align=\"LEFT\" valign=\"TOP\">\n<p><a name=\"aeventos1\" id=\"1\"><span class=\"titulo\">SOCIAIS<\/span><\/a><\/p>\n<p align=\"justify\" class=\"texto\"><strong>ANIVERS&Aacute;RIOS:<em> <\/em><\/strong><em>Como      O Sistem&aacute;tico n&atilde;o circulou na semana passada, nesta edi&ccedil;&atilde;o      s&atilde;o enviados os parab&eacute;ns atrasados para Denise Cristina      de Assis Moreira, no dia 08; Nilson Jos&eacute; Marinho Vale, Dioberto      C&eacute;sar dos Reis e Leonardo Barroso Ara&uacute;jo, no dia 10; Carolina      Santos Alves, no dia 11; e para os ex-ceconianos: prof. Wilson de P&aacute;dua      Paula Filho e Werner Streitwieser, no dia 05; Eduardo Jaime Quir&oacute;s      Batres e Miriam L&uacute;cia dos Santos Jorge, no dia 07; prof. Paulo      Fernando Seixas, Ben&iacute;cio Alves de Souza (LCC) e Nair Vieira Sales,      no dia 10; Caroline Mitsuko Rocha Kinoshita, no dia 11. Os parab&eacute;ns,      em dia, para: Rubens Crispim da Silva, no dia 19; e para os ex-ceconianos:      Andr&eacute; de Paula Dias Couto, no dia 12; Aline Serr&atilde;o de      Filipo, no dia 14; e Marcelo Bassoli Campos, no dia 16.<\/em><\/p>\n<p align=\"justify\" class=\"texto\"><span class=\"texto\"><\/span><\/p>\n<\/td>\n<\/tr>\n<tr>\n<td height=\"142\" align=\"LEFT\" valign=\"TOP\"><\/td>\n<td align=\"LEFT\" valign=\"TOP\">\n<p align=\"justify\"><a name=\"aeventos2\" id=\"2\"><span class=\"titulo\">MEM&Oacute;RIA      FOTOGR&Aacute;FICA DO CECOM<\/span><\/a> <\/p>\n<p>     <span class=\"texto\">As fotos desta semana mostram a festinha surpresa      de anivers&aacute;rio e despedida, preparada pela DAA, para Leonardo      Barroso de Ara&uacute;jo, no dia 10\/04\/2010. As fotos s&atilde;o de      autoria de Vicentina Maria Queiroz.<\/span><\/p>\n<p align=\"center\"><span class=\"texto\"><br \/>     <img loading=\"lazy\" decoding=\"async\" src=\"https:\/\/www.ufmg.br\/dti\/wp-content\/uploads\/fotos\/12_04_2012\/Despedida%20Leo\/P10-04-12_15.23.JPG\" width=\"500\" height=\"375\">      <br \/>     <strong><font face=\"2\"><span class=\"texto\"><font face=\"1\"><em>O      bolo com a vela improvisada de 18 anos<\/em><\/font><\/span><\/font><\/strong><\/p>\n<p>     <img loading=\"lazy\" decoding=\"async\" src=\"https:\/\/www.ufmg.br\/dti\/wp-content\/uploads\/fotos\/12_04_2012\/Despedida%20Leo\/P10-04-12_15.28%5B01%5D.JPG\" width=\"500\" height=\"282\">      <br \/>     <strong><font face=\"2\"><span class=\"texto\"><font face=\"1\"><em>A      surpresa do Leo com todos cantando Parab&eacute;ns pr&aacute; voc&ecirc;<\/em><\/font><\/span><\/font><\/strong><\/p>\n<p>     <\/span><span class=\"texto\"><img loading=\"lazy\" decoding=\"async\" src=\"https:\/\/www.ufmg.br\/dti\/wp-content\/uploads\/fotos\/12_04_2012\/Despedida%20Leo\/P10-04-12_15.28%5B03%5D.JPG\" width=\"500\" height=\"315\"><\/span><span class=\"texto\">      <br \/>     <strong><font face=\"2\"><span class=\"texto\"><font face=\"1\"><em>Vamos      apagar a vela?<\/em><\/font><\/span><\/font><\/strong><\/p>\n<p>     <img loading=\"lazy\" decoding=\"async\" src=\"https:\/\/www.ufmg.br\/dti\/wp-content\/uploads\/fotos\/12_04_2012\/Despedida%20Leo\/P10-04-12_15.33%5B01%5D.JPG\" width=\"500\" height=\"313\">      <br \/>     <strong><font face=\"2\"><span class=\"texto\"><font face=\"1\"><em>Desta      vez, a M&aacute;rcia cortou o bolo<\/em><\/font><\/span><\/font><\/strong><\/p>\n<p>     <\/span><\/p>\n<p align=\"center\" class=\"texto\"><span class=\"texto\"><br \/>     <\/span><\/p>\n<\/td>\n<\/tr>\n<p>  <!-- #BeginEditable \"materias\" --> <!-- #EndEditable -->  <\/table>\n<p> <!-- fim noticias --> <\/p>\n<table border=\"0\" cellpadding=\"0\" cellspacing=\"0\">\n<tr>\n<td align=\"LEFT\" valign=\"TOP\">&nbsp;<\/td>\n<td align=\"LEFT\" valign=\"TOP\">&nbsp;<\/td>\n<\/tr>\n<p>  <!-- #BeginEditable \"materias\" --> <!-- #EndEditable -->  <\/table>\n<\/div>\n","protected":false},"excerpt":{"rendered":"<p>Not\u00edcias REESTRUTURA&Ccedil;&Atilde;O INTERNA DO CECOM CRIAR&Aacute; NOVAS &Aacute;REAS NOVA TURMA DO CECOM PARTICIPA DE CURSO NA PLANSIS CECOM D&Aacute; CONTINUIDADE AO PROCESSO DE DESFAZIMENTO DE BENS PUBLICADA APOSENTADORIA DE GILDETE SA&Iacute;DA DE MENOR DA CRUZ VERMELHA NOVO MENOR DA CRUZ VERMELHA DO CECOM Informativo ESTAT&Iacute;STICAS DE ACESSO DO SERVI&Ccedil;O PROXY HTTP DICAS DE SITES INTERESSANTES &#8230; <a title=\"Sistem\u00e1tico: Edi\u00e7\u00e3o 1549 &#8211; 12\/04\/2012\" class=\"read-more\" href=\"https:\/\/www.ufmg.br\/dti\/2012\/04\/12\/sistematico-edicao-1549-12042012\/\" aria-label=\"Read more about Sistem\u00e1tico: Edi\u00e7\u00e3o 1549 &#8211; 12\/04\/2012\">Ler mais<\/a><\/p>\n","protected":false},"author":3,"featured_media":0,"comment_status":"open","ping_status":"open","sticky":false,"template":"","format":"standard","meta":{"inline_featured_image":false,"footnotes":""},"categories":[13],"tags":[],"coauthors":[79],"class_list":["post-2919","post","type-post","status-publish","format-standard","hentry","category-sistematico"],"_links":{"self":[{"href":"https:\/\/www.ufmg.br\/dti\/wp-json\/wp\/v2\/posts\/2919","targetHints":{"allow":["GET"]}}],"collection":[{"href":"https:\/\/www.ufmg.br\/dti\/wp-json\/wp\/v2\/posts"}],"about":[{"href":"https:\/\/www.ufmg.br\/dti\/wp-json\/wp\/v2\/types\/post"}],"author":[{"embeddable":true,"href":"https:\/\/www.ufmg.br\/dti\/wp-json\/wp\/v2\/users\/3"}],"replies":[{"embeddable":true,"href":"https:\/\/www.ufmg.br\/dti\/wp-json\/wp\/v2\/comments?post=2919"}],"version-history":[{"count":0,"href":"https:\/\/www.ufmg.br\/dti\/wp-json\/wp\/v2\/posts\/2919\/revisions"}],"wp:attachment":[{"href":"https:\/\/www.ufmg.br\/dti\/wp-json\/wp\/v2\/media?parent=2919"}],"wp:term":[{"taxonomy":"category","embeddable":true,"href":"https:\/\/www.ufmg.br\/dti\/wp-json\/wp\/v2\/categories?post=2919"},{"taxonomy":"post_tag","embeddable":true,"href":"https:\/\/www.ufmg.br\/dti\/wp-json\/wp\/v2\/tags?post=2919"},{"taxonomy":"author","embeddable":true,"href":"https:\/\/www.ufmg.br\/dti\/wp-json\/wp\/v2\/coauthors?post=2919"}],"curies":[{"name":"wp","href":"https:\/\/api.w.org\/{rel}","templated":true}]}}