{"id":2930,"date":"2011-12-01T08:00:00","date_gmt":"2011-12-01T08:00:00","guid":{"rendered":"https:\/\/www.ufmg.br\/dti\/cecom\/?p=1091"},"modified":"2011-12-01T08:00:00","modified_gmt":"2011-12-01T08:00:00","slug":"sistematico-edicao-1538-01122011","status":"publish","type":"post","link":"https:\/\/www.ufmg.br\/dti\/2011\/12\/01\/sistematico-edicao-1538-01122011\/","title":{"rendered":"Sistem\u00e1tico: Edi\u00e7\u00e3o 1538 &#8211; 01\/12\/2011"},"content":{"rendered":"<ul>\n<li><a href=\"\/dti\/#noticias\">Not\u00edcias<\/a>\n<div class='submenuSistematico'>\n<ul>\n<li><a href=\"\/dti\/#anoticias1\" id=\"1\"><span class=\"titulo\"><a href=\"\/dti\/Sist\/si_noticias_1522.shtml\">DIRETORES     DE TI FAR&Atilde;O NOVO M&Oacute;DULO DO CURSO DE GOVERNAN&Ccedil;A<\/a><\/li>\n<li><a href=\"\/dti\/#anoticias2\" id=\"2\"><span class=\"titulo\">UFMG      MELHORA ACESSO &Agrave; INTERNET NA CASA DA GL&Oacute;RIA<\/span><\/a><\/li>\n<li><a href=\"\/dti\/#anoticias3\" id=\"3\"><span class=\"titulo\">REVEZAMENTO      DE FUNCION&Aacute;RIOS<\/span><\/a><\/li>\n<li><a href=\"\/dti\/#anoticias4\" id=\"4\"><span class=\"titulo\">CECOM      SE PREPARA PARA AS FESTAS DE FINAL DE ANO<\/span><\/a><\/li>\n<\/ul>\n<\/div>\n<\/li>\n<li><a href=\"\/dti\/#informativo\">Informativo<\/a>\n<div class='submenuSistematico'>\n<ul>\n<li><a href=\"\/dti\/#ainformativo1\" id=\"1\"><span class=\"titulo\">DICAS      DE SITES INTERESSANTES<\/span><\/a><\/li>\n<li><a href=\"\/dti\/#ainformativo2\" id=\"2\"><span class=\"titulo\">UFMG      ALTERA DATAS DE MATR&Iacute;CULA DOS ALUNOS VETERANOS DE GRADUA&Ccedil;&Atilde;O<\/span><\/a><\/li>\n<li><a href=\"\/dti\/#ainformativo3\" id=\"3\"><span class=\"titulo\">CONSERVAT&Oacute;RIO      UFMG PROMOVE CONCERTO DE NATAL<\/span><\/a><\/li>\n<li><a href=\"\/dti\/#ainformativo4\" id=\"4\"><span class=\"titulo\">FEIRA      DE ARTESANATO PROSSEGUE AT&Eacute; O DIA 9 NA PRA&Ccedil;A DE SERVI&Ccedil;O<\/span><\/a><\/li>\n<li><a href=\"\/dti\/#ainformativo5\" id=\"5\"><span class=\"titulo\">SAST      TER&Aacute; HOR&Aacute;RIO DIFERENCIADO EM DEZEMBRO E JANEIRO<\/span><\/a><\/li>\n<li><a href=\"\/dti\/#ainformativo6\" id=\"6\"><img loading=\"lazy\" decoding=\"async\" src=\"https:\/\/www.ufmg.br\/dti\/wp-content\/uploads\/imgs\/tudo_pixel.gif\" width=\"1\" height=\"8\" alt=\"\" border=\"0\"><br \/>      <span class=\"titulo\">H\u00e1 20 anos&#8230;<\/span><\/a><\/li>\n<\/ul>\n<\/div>\n<\/li>\n<li><a href=\"\/dti\/#eventos\">Eventos<\/a>\n<div class='submenuSistematico'>\n<ul>\n<li><a href=\"\/dti\/#aeventos1\" id=\"1\"><span class=\"titulo\">FESTA      DE NATAL DO CECOM<\/span><\/a><\/li>\n<li><a href=\"\/dti\/#aeventos2\" id=\"2\"><span class=\"titulo\">SOCIAIS<\/span><\/a><\/li>\n<li><a href=\"\/dti\/#aeventos3\" id=\"3\"><span class=\"titulo\">MEM&Oacute;RIA      FOTOGR&Aacute;FICA DO CECOM<\/span><\/a><\/li>\n<\/ul>\n<\/div>\n<\/li>\n<\/ul>\n<ul class='pdfSist'>\n<li><a href=\"https:\/\/www.ufmg.br\/dti\/wp-content\/uploads\/Sistematico_PDF\/Sist42_2011-A4.pdf\"><img loading=\"lazy\" decoding=\"async\" src=\"https:\/\/www.ufmg.br\/dti\/wp-content\/uploads\/Sistematico_PDF\/mini_pdf.gif\" width=\"30\" height=\"53\" border=\"0\"> Vers\u00e3o em PDF<\/a><\/li>\n<\/ul>\n<p> <a name='noticias'><\/a><\/p>\n<h4>Not\u00edcias<\/h4>\n<div class=\"centro-sistematico\">  <!-- noticias --> <a><\/a>  <\/p>\n<table border=\"0\" cellspacing=\"0\" cellpadding=\"0\">\n<tr>\n<td><\/td>\n<td><\/td>\n<\/tr>\n<tr>\n<td align=\"LEFT\" valign=\"TOP\"><\/td>\n<td align=\"LEFT\" valign=\"TOP\"> <a name=\"anoticias1\" id=\"1\"><span class=\"titulo\"><a href=\"\/dti\/Sist\/si_noticias_1522.shtml\">DIRETORES     DE TI FAR&Atilde;O NOVO M&Oacute;DULO DO CURSO DE GOVERNAN&Ccedil;A<\/a><\/span><\/a>     <\/p>\n<p align=\"justify\"><span class=\"texto\"> <\/span><span class=\"texto\"> Nos      &uacute;ltimos anos, por a&ccedil;&otilde;es promovidas pelo Minist&eacute;rio      do Planejamento e orienta&ccedil;&otilde;es dadas pelo Tribunal de Contas,      os &oacute;rg&atilde;os p&uacute;blicos est&atilde;o sendo estimulados      a avan&ccedil;ar em pol&iacute;ticas, normas e a&ccedil;&otilde;es que      promovam a Governan&ccedil;a em Tecnologia da Informa&ccedil;&atilde;o.<br \/>     O objetivo da Governan&ccedil;a em TI &eacute; assegurar que as a&ccedil;&otilde;es      de TI estejam alinhadas com o neg&oacute;cio das organiza&ccedil;&otilde;es      e que seu desempenho possa ser avaliado, seus recursos possam ser bem      investidos e seus riscos operacionais possam ser mitigados.<br \/>     Para que estejam capacitados a viabilizar o planejamento, a concep&ccedil;&atilde;o,      a estrutura&ccedil;&atilde;o e a implanta&ccedil;&atilde;o de pol&iacute;ticas,      normas, t&eacute;cnicas e a&ccedil;&otilde;es que promovam e viabilizem      melhorias na gest&atilde;o das TICs na universidade, com base em boas      pr&aacute;ticas de governan&ccedil;a, os diretores da DTI &#8211; Diretoria      de Tecnologia da Informa&ccedil;&atilde;o, e do CECOM &#8211; Centro de Computa&ccedil;&atilde;o,      participar&atilde;o de novo m&oacute;dulo do programa de treinamento      estruturado pela RNP &#8211; Rede Nacional de Ensino e Pesquisa.<br \/>     O segundo m&oacute;dulo deste treinamento ser&aacute; ministrado em      Jo&atilde;o Pessoa, nas instala&ccedil;&otilde;es da UFPB e &eacute;      denominado &#8220;Geren-ciamento de Projetos de TI&#8221;. Ele acontecer&aacute;      nos pr&oacute;ximos dias 05 a 07 de dezembro e dele estar&atilde;o participando      Prof. Luciano de Errico e Carlos Alfeu Furtado da Fonseca.<br \/>     O primeiro m&oacute;dulo foi ministrado em Porto Alegre, de 26 e 27      de setembro, nas instala&ccedil;&otilde;es da UFRGS, denominado &#8220;Fundamentos      de Governan&ccedil;a de TI&#8221;. Estiveram participando o Prof. Luciano      de Errico, Carlos Alfeu Furtado da Fonseca e Prof. M&aacute;rcio Luiz      Bunte de Carvalho.<br \/>     Outros m&oacute;dulos est&atilde;o previstos e ser&atilde;o realizados      ao longo dos pr&oacute;ximos meses, em outras sedes. Eles cobrir&atilde;o      assuntos rela-cionados a:<br \/>     &#8211; Planejamento e Gest&atilde;o Estrat&eacute;gica.<br \/>     &#8211; Governan&ccedil;a.<br \/>     &#8211; Gerenciamento de Servi&ccedil;os.<br \/>     &#8211; Itil.<br \/>     &#8211; Gest&atilde;o de Seguran&ccedil;a da Informa&ccedil;&atilde;o.<br \/>     &#8211; Gest&atilde;o de Riscos<br \/>     <\/span><\/p>\n<p align=\"center\"><img loading=\"lazy\" decoding=\"async\" src=\"https:\/\/www.ufmg.br\/dti\/wp-content\/uploads\/fotos\/01_12_2011\/luciano.JPG\" width=\"239\" height=\"350\"><br \/>     <span class=\"texto\"><font face=\"1\"><em>Prof.      Luciano de Errico<\/em><\/font><\/span> <\/p>\n<p align=\"center\"><img loading=\"lazy\" decoding=\"async\" src=\"https:\/\/www.ufmg.br\/dti\/wp-content\/uploads\/fotos\/01_12_2011\/SDC11645.jpg\" width=\"239\" height=\"350\"><br \/>     <span class=\"texto\"><font face=\"1\"><em>Carlos      Alfeu<\/em><\/font><\/span> <\/p>\n<p align=\"justify\">    <\/p>\n<\/td>\n<\/tr>\n<tr>\n<td align=\"LEFT\" valign=\"TOP\"><\/td>\n<td align=\"LEFT\" valign=\"TOP\">\n<p><a name=\"anoticias2\" id=\"2\"><span class=\"titulo\">UFMG      MELHORA ACESSO &Agrave; INTERNET NA CASA DA GL&Oacute;RIA<\/span><\/a><\/p>\n<p align=\"left\"><span class=\"texto\">O Instituto Casa da Gl&oacute;ria,      em Diamantina, onde funciona o Centro de Geologia Eschwege, do IGC,      foi incorporada ao patrim&ocirc;nio da UFMG em 1979. Nos 10 anos anteriores,      funcionava no local o Instituto Eschwege, fundado por pesquisadores      alem&atilde;es. No local s&atilde;o ministrados cursos da &aacute;rea      de geologia e sua infraestrutura &eacute; cedida para grupos de pesquisa      de todo o Brasil que realizam trabalhos na Serra do Espinha&ccedil;o.      O local tamb&eacute;m &eacute; utilizado como uma das bases do Festival      de Inverno, organizado pela UFMG.<br \/>     <\/span><\/p>\n<p align=\"center\"><img loading=\"lazy\" decoding=\"async\" src=\"https:\/\/www.ufmg.br\/dti\/wp-content\/uploads\/fotos\/01_12_2011\/743160269-G.jpg\" width=\"480\" height=\"308\"><br \/>     <span class=\"texto\"><font face=\"1\"><em>Instituto      Casa da Gl&oacute;ria<\/em><\/font><\/span> <\/p>\n<p>    <span class=\"texto\">     <\/p>\n<p>    <\/span><\/td>\n<\/tr>\n<tr>\n<td align=\"LEFT\" valign=\"TOP\"><\/td>\n<td align=\"LEFT\" valign=\"TOP\">\n<p><a name=\"anoticias3\" id=\"3\"><span class=\"titulo\">REVEZAMENTO      DE FUNCION&Aacute;RIOS<\/span><\/a><\/p>\n<table width=\"100%\" border=\"1\">\n<tr>\n<td bgcolor=\"#CCCCCC\"><span class=\"texto\">A ProRH emitiu o seguinte        comunicado sobre revezamento no dia 09 de dezembro:<br \/>       &#8220;Conforme acordado pelo Conselho dos Diretores, reunido em        3 de dezembro de 2004, dever&aacute; ser mantido funcionamento administrativo        b&aacute;sico em todos os setores da Universidade, no dia 9 de dezembro        de 2011, sexta-feira, mediante rod&iacute;zio dos funcion&aacute;rios.&#8221;<\/span><span class=\"texto\">        <\/span><\/td>\n<\/tr>\n<\/table>\n<p><span class=\"texto\"> <\/span><\/p>\n<p>    <span class=\"texto\">     <\/p>\n<p>    <\/p>\n<p>    <\/span><\/td>\n<\/tr>\n<tr>\n<td align=\"LEFT\" valign=\"TOP\"><\/td>\n<td align=\"LEFT\" valign=\"TOP\">\n<p><a name=\"anoticias4\" id=\"4\"><span class=\"titulo\">CECOM      SE PREPARA PARA AS FESTAS DE FINAL DE ANO<\/span><\/a><\/p>\n<p><span class=\"texto\">Na segunda-feira, dia 28, o CECOM amanheceu decorado      para o m&ecirc;s de dezembro. Foi com surpresa que todos os funcion&aacute;rios      entraram no 8o andar e se depararam com o pres&eacute;pio e a &aacute;rvore      de Natal estilizada.<br \/>     Desta vez, a Reda&ccedil;&atilde;o de O Sistem&aacute;tico contou com      a preciosa colabora&ccedil;&atilde;o de Tat&aacute; e Esquerra, todos      da fam&iacute;lia Cortezzi. Foi uma decora&ccedil;&atilde;o a 6 m&atilde;os,      com especial aten&ccedil;&atilde;o &agrave; Esquerra.<br \/>     A decora&ccedil;&atilde;o do 8o andar &eacute; sempre um presente para      todos do CECOM. <\/span><\/p>\n<p align=\"center\"><img loading=\"lazy\" decoding=\"async\" src=\"https:\/\/www.ufmg.br\/dti\/wp-content\/uploads\/fotos\/01_12_2011\/natal_2011\/SDC12348.JPG\" width=\"500\" height=\"375\"><\/p>\n<p align=\"center\"><img loading=\"lazy\" decoding=\"async\" src=\"https:\/\/www.ufmg.br\/dti\/wp-content\/uploads\/fotos\/01_12_2011\/natal_2011\/SDC12388.JPG\" width=\"500\" height=\"370\"><\/p>\n<p align=\"center\"><img loading=\"lazy\" decoding=\"async\" src=\"https:\/\/www.ufmg.br\/dti\/wp-content\/uploads\/fotos\/01_12_2011\/natal_2011\/SDC12370.JPG\" width=\"265\" height=\"459\"><\/p>\n<p align=\"center\"><img loading=\"lazy\" decoding=\"async\" src=\"https:\/\/www.ufmg.br\/dti\/wp-content\/uploads\/fotos\/01_12_2011\/natal_2011\/SDC12362.JPG\" width=\"500\" height=\"375\"><\/p>\n<p><span class=\"texto\"> <\/span><\/p>\n<p>    <span class=\"texto\">    <\/p>\n<p>    <\/span><\/td>\n<\/tr>\n<p>  <!-- #BeginEditable \"materias\" --> <!-- #EndEditable -->  <\/table>\n<table border=\"0\" cellpadding=\"0\" cellspacing=\"0\">\n<tr>\n<td align=\"LEFT\" valign=\"TOP\"><\/td>\n<td align=\"LEFT\" valign=\"TOP\">&nbsp;<\/td>\n<\/tr>\n<p>  <!-- #BeginEditable \"materias\" --> <!-- #EndEditable -->  <\/table>\n<\/div>\n<p><a name='informativo'><\/a><\/p>\n<h4>Informativo<\/h4>\n<div class=\"centro-sistematico\">  <!-- noticias --> <a><\/a>  <\/p>\n<table border=\"0\" cellspacing=\"0\" cellpadding=\"0\">\n<tr>\n<td><\/td>\n<td><\/td>\n<\/tr>\n<p>  <!-- #BeginEditable \"materias\" --> <!-- #EndEditable -->  <\/table>\n<p> <!-- fim noticias --> <!-- tabela ha 20 anos --> <\/p>\n<table border=\"0\" cellpadding=\"0\" cellspacing=\"0\" bgcolor=\"#FFFFFF\">\n<tr>\n<td align=\"LEFT\" valign=\"TOP\"><\/td>\n<td align=\"LEFT\" valign=\"TOP\">\n<p align=\"left\"><span class=\"texto\"><a name=\"ainformativo1\" id=\"1\"><span class=\"titulo\">DICAS      DE SITES INTERESSANTES<\/span><\/a><\/span><\/p>\n<p align=\"justify\"><span class=\"texto\">Adyrus, o ca&ccedil;ador de sites,      enviou as seguintes dicas:<\/p>\n<p>     &#8211; A psor&iacute;ase &eacute; uma doen&ccedil;a imuneinflamat&oacute;ria      cr&ocirc;nica da pele que afeta aproximadamente 3% da popula&ccedil;&atilde;o      mundial. &Eacute; bastante frequente entre homens e mulheres, principalmente      na faixa et&aacute;ria entre 20 e 40 anos, podendo tamb&eacute;m ser      diagnosticada em outras fases da vida. <a href=\"http:\/\/www.diamundialdapsoriase.com.br\/.\">Saiba      mais<\/a>.<\/p>\n<p>     &#8211; Portadores de psor&iacute;ase sofrem com o preconceito. Veja reportagem      no <a href=\"http:\/\/www.em.com.br\">site<\/a> sobre psor&iacute;ase, com      uma funcion&aacute;ria da UFMG. <a href=\"http:\/\/www.em.com.br\/app\/noticia\/tecnologia\/2011\/11\/30\/interna_tecnologia,264836\/portadores-de-psoriase-sofrem-com-o-preconceito.shtml\">Leia      mais<\/a>.<\/p>\n<p>     &#8211; GenChemLab &eacute; uma aplica&ccedil;&atilde;o baseada em OpenGL      para simular v&aacute;rios exerc&iacute;cios comuns de qu&iacute;mica      geral, e &eacute; usado por alunos para preparar uma experi&ecirc;ncia      de laborat&oacute;rio real. Tamb&eacute;m poder&aacute; ser usado nos      casos em que facilidades de laborat&oacute;rio n&atilde;o s&atilde;o      acess&iacute;veis. (Unix e Windows). <a href=\"http:\/\/genchemlab.sourceforge.net\/\">Download<\/a>.<\/p>\n<p>     &#8211; Se voc&ecirc; gosta de m&uacute;sica, o site Listen Before You Buy      (Ou&ccedil;a Antes de Comprar, tradu&ccedil;&atilde;o livre), tem todos      as can&ccedil;&otilde;es para voc&ecirc; n&atilde;o cair numa furada.      <a href=\"http:\/\/www.listenbeforeyoubuy.net\/\">Clique<\/a>.<\/p>\n<p>     &#8211; Fotografia de alta velocidade da gota de &aacute;gua por Heinz Maier.      Ele &eacute; um grande exemplo de que, com a tecnologia de hoje, voc&ecirc;      n&atilde;o precisa anos de experi&ecirc;ncia necess&aacute;ria para      come&ccedil;ar a fazer boas fotos. <a href=\"http:\/\/www.demilked.com\/high-speed-water-drop-photography-heinz-maier\/\">Veja<\/a>.<\/p>\n<p>     &#8211; Para quem &eacute; usu&aacute;rio do Sistema Android, acesse o Market      Android e fa&ccedil;a download. Pago e de Gra&ccedil;a! V&aacute; at&eacute;      o <a href=\"https:\/\/market.android.com\/\">link<\/a>.<\/p>\n<p>     &#8211; Cante com seu &iacute;dolo instalando APP para iPad, iPhone e iPod      touch. Cante com cora&ccedil;&atilde;o as m&uacute;sicas de sucesso      da TV e R&aacute;dio. Um pouco de magia ajuda-o a fazer um som fant&aacute;stico.      Karaoke Glee agora &eacute; livre para todos os gostos! A emo&ccedil;&atilde;o      come&ccedil;a quando voc&ecirc; come&ccedil;a a cantar com este app.<a href=\"http:\/\/glee.smule.com\/\">      Download<\/a>.<\/p>\n<p>     -C&acirc;ncer de pele &eacute; tema de v&iacute;deo lan&ccedil;ado pela      UFRJ. O v&iacute;deo de anima&ccedil;&atilde;o &#8220;Mem&oacute;-rias      de minhas pintas tristes&#8221;, que visa conscientizar o p&uacute;blico      sobre os perigos da exposi&ccedil;&atilde;o solar sem prote&ccedil;&atilde;o,      acaba de ser lan&ccedil;ado no Youtube. <a href=\"http:\/\/www.youtube.com\/watch?v=dhOD1r%20PhGkY&amp;feature=feedu\">Assista<\/a>.<br \/>     <\/span><\/p>\n<p align=\"center\"><span class=\"texto\"><\/span><span class=\"texto\"><br \/>     <\/span>    <\/p>\n<\/td>\n<\/tr>\n<tr>\n<td align=\"LEFT\" valign=\"TOP\"><\/td>\n<td align=\"LEFT\" valign=\"TOP\">\n<p align=\"left\"><span class=\"texto\"><a name=\"ainformativo2\" id=\"2\"><span class=\"titulo\">UFMG      ALTERA DATAS DE MATR&Iacute;CULA DOS ALUNOS VETERANOS DE GRADUA&Ccedil;&Atilde;O<\/span><\/a><\/span><\/p>\n<p align=\"justify\"><span class=\"texto\">CAs datas de matr&iacute;cula dos      alunos veteranos dos cursos de gradua&ccedil;&atilde;o da UFMG foram      alteradas. Inscri&ccedil;&otilde;es para matr&iacute;cula no primeiro      semestre letivo de 2012 e preenchimento de question&aacute;rios de avalia&ccedil;&atilde;o      de disciplinas, que acontecem via internet, marcados anteriormente para      entre 28 de novembro e 17 de dezembro mudaram para o per&iacute;odo      de 5 a 16 de dezembro de 2011. <br \/>     Outras datas tamb&eacute;m sofreram altera&ccedil;&atilde;o. A verifica&ccedil;&atilde;o      do resultado do requerimento de matr&iacute;cula online ser&aacute;      realizada no dia 23 de dezembro. Nos dias 27 e 28 do mesmo m&ecirc;s      dever&aacute; ser feita a solicita&ccedil;&atilde;o de matr&iacute;cula      em novas disciplinas, tamb&eacute;m via internet, para o primeiro semestre      de 2012. O acerto presencial de matr&iacute;cula de alunos veteranos      de gradua&ccedil;&atilde;o ser&aacute; feito nos colegiados dos cursos      e foi mantido para os dias 30 e 31 de janeiro de 2012.<br \/>     A solicita&ccedil;&atilde;o de matr&iacute;cula em disciplinas eletivas      e em forma&ccedil;&atilde;o complementar, via internet, ser&aacute;      realizado nos dias 6 e 7 de fevereiro de 2012. A verifica&ccedil;&atilde;o      do resultado dessas matr&iacute;culas ser&aacute; feita, tamb&eacute;m      pela internet, no dia 13 do mesmo m&ecirc;s.<br \/>     As mudan&ccedil;as foram aprovadas pelo Conselho de Ensino, Pesquisa      e Extens&atilde;o (Cepe), em reuni&atilde;o realizada no dia 22\/11.<br \/>     <em>(Fonte: http:\/\/www.ufmg.br\/online\/arquivos\/021840.shtml &#8211; 23\/11\/2011)<\/em><br \/>     <em> <\/em> <\/span><\/p>\n<p align=\"center\"><span class=\"texto\"><\/span><span class=\"texto\"><br \/>     <\/span>    <\/p>\n<\/td>\n<\/tr>\n<tr>\n<td align=\"LEFT\" valign=\"TOP\"><\/td>\n<td align=\"LEFT\" valign=\"TOP\">\n<p align=\"left\"><span class=\"texto\"><a name=\"ainformativo3\" id=\"3\"><span class=\"titulo\">CONSERVAT&Oacute;RIO      UFMG PROMOVE CONCERTO DE NATAL<\/span><\/a><\/span><\/p>\n<p align=\"justify\"><span class=\"texto\">Durante o m&ecirc;s de dezembro      o Conservat&oacute;rio UFMG d&aacute; uma pausa em sua programa&ccedil;&atilde;o      que acontece ao longo do ano e privilegia o tradicional Concerto de      Natal, que este ano acontecer&aacute; no dia 19. Mas, para deixar o      in&iacute;cio do m&ecirc;s bem aquecido, o samba ter&aacute; seu dia      comemorado. Amanh&atilde;, 2 de dezembro, o Conservat&oacute;rio UFMG      realizar&aacute; show do Capim Seco com participa&ccedil;&atilde;o especial      de S&eacute;rgio Perer&ecirc;.<br \/>     O show est&aacute; marcado para as 20h, no Conservat&oacute;rio UFMG,      Av. Afonso Pena 1534, Centro.<br \/>     Ingressos: R$12 e R$ 6.<br \/>     Mais informa&ccedil;&otilde;es pelo telefone (31) 3409 8300.<br \/>     <em>(Fonte: Assessoria de Imprensa Cedecom\/UFMG &#8211; 01\/12\/2011)<\/em><\/p>\n<p>     <em> <\/em> <\/span><\/p>\n<p align=\"center\"><span class=\"texto\"><\/span><span class=\"texto\"><br \/>     <\/span>    <\/p>\n<\/td>\n<\/tr>\n<tr>\n<td align=\"LEFT\" valign=\"TOP\"><\/td>\n<td align=\"LEFT\" valign=\"TOP\">\n<p align=\"left\"><span class=\"texto\"><a name=\"ainformativo4\" id=\"4\"><span class=\"titulo\">FEIRA      DE ARTESANATO PROSSEGUE AT&Eacute; O DIA 9 NA PRA&Ccedil;A DE SERVI&Ccedil;O<\/span><\/a><\/span><\/p>\n<p align=\"justify\"><span class=\"texto\">O Mercado das Pulgas, feira de      artesanato promovida pela Organiza&ccedil;&atilde;o dos Aposentados      e Pensionistas (OAP) da UFMG, prossegue at&eacute; o dia 9 de dezembro,      das 9h &agrave;s 17h, na Pra&ccedil;a de Servi&ccedil;os.<br \/>     O evento apresenta estandes com artigos de artesanato, roupas, bolsas,      cal&ccedil;ados, brinquedos, livros, pap&eacute;is de carta, jornais      antigos, quadros e v&aacute;rios outros utens&iacute;lios dom&eacute;sticos.<br \/>     A Feira foi criada em 2001. Tradicionalmente organizada duas vezes ao      ano, no campus da UFMG, ela j&aacute; est&aacute; em sua vig&eacute;sima      segunda edi&ccedil;&atilde;o. Seus expositores s&atilde;o professores,      t&eacute;cnicos e pensionistas associados &agrave; OAP, que j&aacute;      chegam a mais de 2.400 associados, ou pessoas indicadas por eles.<br \/>     Outras informa&ccedil;&otilde;es pelo telefone (31) 3409-4505.<br \/>     <em>(Fonte: http:\/\/www.ufmg.br\/online\/arquivos\/021939.shtml &#8211; 1\/12\/2011)<\/em><\/p>\n<p>     <em> <\/em> <\/span><\/p>\n<p align=\"center\"><span class=\"texto\"><\/span><span class=\"texto\"><br \/>     <\/span>    <\/p>\n<\/td>\n<\/tr>\n<tr>\n<td align=\"LEFT\" valign=\"TOP\"><\/td>\n<td align=\"LEFT\" valign=\"TOP\">\n<p align=\"left\"><span class=\"texto\"><a name=\"ainformativo5\" id=\"5\"><span class=\"titulo\">SAST      TER&Aacute; HOR&Aacute;RIO DIFERENCIADO EM DEZEMBRO E JANEIRO<\/span><\/a><\/span><\/p>\n<p align=\"justify\"><span class=\"texto\">O hor&aacute;rio de funcionamento      do SAST N&uacute;cleos Sa&uacute;de e Pampulha, no per&iacute;odo de      19 a 30\/12\/2011 ser&aacute; de 07h &agrave;s 18h.<br \/>     Durante o m&ecirc;s de janeiro\/2012 o hor&aacute;rio de funcionamento      de ambos os n&uacute;cleos ser&aacute; de 07h &agrave;s 18h.<\/p>\n<p>     <em> <\/em> <\/span><\/p>\n<p align=\"center\"><span class=\"texto\"><\/span><span class=\"texto\"><br \/>     <\/span>    <\/p>\n<\/td>\n<\/tr>\n<tr class=\"cinza\">\n<td><img loading=\"lazy\" decoding=\"async\" src=\"https:\/\/www.ufmg.br\/dti\/wp-content\/uploads\/imgs\/tudo_pixel.gif\" width=\"1\" height=\"1\" alt=\"\" border=\"0\"><\/td>\n<td align=\"LEFT\" valign=\"TOP\"><!-- #BeginEditable \"ha%2020%20anos\" -->     <\/p>\n<div align=\"justify\">\n<p><a name=\"ainformativo6\" id=\"6\"><img loading=\"lazy\" decoding=\"async\" src=\"https:\/\/www.ufmg.br\/dti\/wp-content\/uploads\/imgs\/tudo_pixel.gif\" width=\"1\" height=\"8\" alt=\"\" border=\"0\"><br \/>      <span class=\"titulo\">H\u00e1 20 anos&#8230;<\/span><\/a><\/p>\n<p>      <span class=\"texto\">O Sistem&aacute;tico Ano XV, no 34, de 05\/12\/1991,       publicou not&iacute;cias sobre Vestibular da UFMG, I Encontro de Administradores       de Material e Patrim&ocirc;nio, plant&atilde;o aos s&aacute;bados,       mudan&ccedil;as das caixas postais do Hermes, recordes da rede, entre       outras. <\/span><span class=\"texto\"><strong><\/p>\n<p>      <\/strong><strong>XXXVII ENANUNI<br \/>      <\/strong><font face=\"1\"> Estiveram participando do XXXVII Encontro       Nacional de Usu&aacute;rios Unisys, em Santos\/SP, os analistas Carlos       Alfeu Furtado da Fonseca, Gilmar Lima Guimar&atilde;es e Fernando       Frota Machado de Morais. O encontro foi realizado no per&iacute;odo       de 24 a 28 de novembro. No dia 29, foi realizado o Encontro de Usu&aacute;rios       SADS.<br \/>      Com a participa&ccedil;&atilde;o de 3 pessoas, foi poss&iacute;vel       comparecer a um maior n&uacute;mero de reuni&otilde;es, grupos de       debate e palestras. Todas as informa&ccedil;&otilde;es interessantes       colhidas no encontro, est&atilde;o sendo agrupadas por Carlos Alfeu       e, posteriormente, ser&aacute; divulgado a todos um relat&oacute;rio       sobre a participa&ccedil;&atilde;o no encontro. &#8230;<\/font><\/span><\/p>\n<p><span class=\"texto\"><strong><br \/>      <\/strong><strong>NOVO FUNCION&Aacute;RIO DO CECOM<br \/>      <\/strong><font face=\"1\"> M&aacute;rcio da Costa Viana &eacute; funcion&aacute;rio       do Centro de Computa&ccedil;&atilde;o desde o dia 28 de novembro.       Ele &eacute; T&eacute;cnico em Eletr&ocirc;nica e est&aacute; lotado       na Divis&atilde;o de Suporte T&eacute;cnico, onde j&aacute; iniciou       os trabalhos junto &agrave; &aacute;rea de Hardware.<\/font><\/span><\/p>\n<\/p><\/div>\n<div align=\"justify\">\n<p><span class=\"texto\"><\/span><\/p>\n<\/p><\/div>\n<p>    <!-- #EndEditable --><br \/> <img loading=\"lazy\" decoding=\"async\" src=\"https:\/\/www.ufmg.br\/dti\/wp-content\/uploads\/imgs\/tudo_pixel.gif\" width=\"1\" height=\"8\" alt=\"\" border=\"0\"><\/td>\n<\/tr>\n<tr>\n<td width=\"12\" align=\"LEFT\" valign=\"TOP\"><\/td>\n<td width=\"538\" align=\"LEFT\" valign=\"TOP\">&nbsp;<\/td>\n<\/tr>\n<p>  <!-- #BeginEditable \"materias\" --> <!-- #EndEditable -->  <\/table>\n<p> <!-- fim tabela ha 20 anos --><\/div>\n<p><a name='eventos'><\/a><\/p>\n<h4>Eventos<\/h4>\n<div class=\"centro-sistematico\">  <!-- noticias --> <\/p>\n<table border=\"0\" cellpadding=\"0\" cellspacing=\"0\">\n<tr>\n<td align=\"LEFT\" valign=\"TOP\">&nbsp;<\/td>\n<td align=\"LEFT\" valign=\"TOP\">&nbsp;<\/td>\n<\/tr>\n<p>  <!-- #BeginEditable \"materias\" --> <!-- #EndEditable -->  <\/table>\n<table border=\"0\" cellspacing=\"0\" cellpadding=\"0\">\n<tr>\n<td><\/td>\n<td><\/td>\n<\/tr>\n<tr>\n<td align=\"LEFT\" valign=\"TOP\"><\/td>\n<td align=\"LEFT\" valign=\"TOP\">\n<p><a name=\"aeventos1\" id=\"1\"><span class=\"titulo\">FESTA      DE NATAL DO CECOM<\/span><\/a><\/p>\n<p align=\"justify\" class=\"texto\">Conforme anunciado no Sistem&aacute;tico      da semana passada, j&aacute; se encontram em andamento os preparativos      para a Festa de Natal dos funcion&aacute;rios do CECOM. A festa est&aacute;      marcada para o dia 15 de dezembro, a partir das 12h, no Clubinho.<br \/>     A lista de ades&atilde;o est&aacute; sendo passada entre os funcion&aacute;rios,      que est&atilde;o sendo comunicados sobre os valores a serem pagos e      a contribui&ccedil;&atilde;o para a confec&ccedil;&atilde;o das cestas      de guloseimas, sorteadas no dia da festa. As contribui&ccedil;&otilde;es      devem ser entregues na sala 8038 e cada item tem direito a um n&uacute;mero      no sorteio.<br \/>     A Reda&ccedil;&atilde;o de O Sistem&aacute;tico espera uma grande participa&ccedil;&atilde;o      de todos!    <\/p>\n<p align=\"justify\" class=\"texto\"> <span class=\"texto\"><\/span><\/p>\n<p align=\"justify\">&nbsp; <\/p>\n<p>    <span class=\"texto\"><\/span><\/td>\n<\/tr>\n<tr>\n<td align=\"LEFT\" valign=\"TOP\"><\/td>\n<td align=\"LEFT\" valign=\"TOP\">\n<p><a name=\"aeventos2\" id=\"2\"><span class=\"titulo\">SOCIAIS<\/span><\/a><\/p>\n<p align=\"justify\" class=\"texto\"><strong>ANIVERS&Aacute;RIOS:<em> <\/em><\/strong><em>&quot;O      Sistem&aacute;tico&#8221; envia os parab&eacute;ns para os ex-ceconianos:      prof. Ivan Moura Campos, no dia 1o de dezembro; Orlando Laboissi&egrave;re      e Regina Ant&ocirc;nia Diniz Siqueira, no dia 02; Juarez Mendes Campos,      no dia 03; Luiz Gomes Temponi, no dia 04; Ivan de Oliveira Ara&uacute;jo,      no dia 06; e Nat&aacute;lia Costa Guilheimelli Avelar e Marco Ant&ocirc;nio      de Oliveira, no dia 08.<\/em><\/p>\n<p align=\"justify\" class=\"texto\"><span class=\"texto\"><\/span><\/p>\n<p align=\"justify\">&nbsp; <\/p>\n<p>    <span class=\"texto\"><\/span><\/td>\n<\/tr>\n<tr>\n<td align=\"LEFT\" valign=\"TOP\"><\/td>\n<td align=\"LEFT\" valign=\"TOP\">\n<p><a name=\"aeventos3\" id=\"3\"><span class=\"titulo\">MEM&Oacute;RIA      FOTOGR&Aacute;FICA DO CECOM<\/span><\/a><\/p>\n<p>     <span class=\"texto\"><font face=\"2\">Eug&ecirc;nio Pacelli Pereira de      Souza, da DAC, recebeu de seus alunos do curso de Inform&aacute;tica      S&ecirc;nior da AFAMED (Associa&ccedil;&atilde;o dos T&eacute;cnicos      e Administrativos Aposentados do Campus Sa&uacute;de), v&aacute;rias      fotos da &uacute;ltima aula do treinamento.<br \/>     O curso teve in&iacute;cio em junho deste ano e foi encerrado no dia      30 de novembro\/2011. As aulas foram realizadas &agrave;s quartas e quintas-feiras,      no hor&aacute;rio de 8h &agrave;s 10h, no Laborat&oacute;rio de Inform&aacute;tica      do 6o andar da Faculdade de Medicina.<br \/>     As fotos s&atilde;o de autoria de Maria das Gra&ccedil;as Ara&uacute;jo,      participante do treinamento.<\/font><\/span><\/p>\n<p align=\"center\"><span class=\"texto\"><em><br \/>     <img loading=\"lazy\" decoding=\"async\" src=\"https:\/\/www.ufmg.br\/dti\/wp-content\/uploads\/fotos\/01_12_2011\/fotos_afamed\/DSC01415.JPG\" width=\"500\" height=\"375\"><br \/>     <\/em><\/span><\/p>\n<p align=\"center\"><em><img loading=\"lazy\" decoding=\"async\" src=\"https:\/\/www.ufmg.br\/dti\/wp-content\/uploads\/fotos\/01_12_2011\/fotos_afamed\/DSC01416.JPG\" width=\"500\" height=\"375\"><br \/>     <\/em><\/p>\n<p align=\"center\"><em><font face=\"1\"><em><font face=\"1\"><em><img loading=\"lazy\" decoding=\"async\" src=\"https:\/\/www.ufmg.br\/dti\/wp-content\/uploads\/fotos\/01_12_2011\/fotos_afamed\/DSC01417.JPG\" width=\"500\" height=\"375\"><\/em><\/font><br \/>     <\/em><\/font><\/em><\/p>\n<p align=\"center\"><em><img loading=\"lazy\" decoding=\"async\" src=\"https:\/\/www.ufmg.br\/dti\/wp-content\/uploads\/fotos\/01_12_2011\/fotos_afamed\/DSC01431.JPG\" width=\"500\" height=\"375\"><br \/>     <\/em><\/p>\n<p align=\"center\"><img loading=\"lazy\" decoding=\"async\" src=\"https:\/\/www.ufmg.br\/dti\/wp-content\/uploads\/fotos\/01_12_2011\/fotos_afamed\/DSC01428.JPG\" width=\"500\" height=\"375\"><\/p>\n<p align=\"center\">&nbsp;<\/p>\n<p align=\"center\"><span class=\"texto\"><em><font face=\"1\"><br \/>     <\/font><\/em><\/span><\/p>\n<p align=\"center\"><span class=\"texto\"><em><font face=\"1\"><\/p>\n<p>     <\/font><\/em><\/span>     <\/p>\n<p align=\"center\">&nbsp; <\/p>\n<p align=\"center\">\n<p align=\"center\"><em><font face=\"1\"><br \/>     <\/font><\/em><\/p>\n<p align=\"center\"><em><font face=\"1\"><br \/>     <\/font><\/em><\/p>\n<p align=\"center\"><em><\/em><\/p>\n<p align=\"justify\"><span class=\"texto\"><a href=\"\/dti\/#topo\"><br \/>     <img loading=\"lazy\" decoding=\"async\" src=\"https:\/\/www.ufmg.br\/dti\/wp-content\/uploads\/imgs\/tudo_topo.gif\" width=\"35\" height=\"11\" alt=\"\" border=\"0\" hspace=\"0\" vspace=\"0\" align=\"right\"><\/a><\/span><\/p>\n<\/td>\n<\/tr>\n<p>  <!-- #BeginEditable \"materias\" --> <!-- #EndEditable -->  <\/table>\n<p> <!-- fim noticias --> <\/p>\n<table border=\"0\" cellpadding=\"0\" cellspacing=\"0\">\n<tr>\n<td align=\"LEFT\" valign=\"TOP\">&nbsp;<\/td>\n<td align=\"LEFT\" valign=\"TOP\">&nbsp;<\/td>\n<\/tr>\n<p>  <!-- #BeginEditable \"materias\" --> <!-- #EndEditable -->  <\/table>\n<\/div>\n","protected":false},"excerpt":{"rendered":"<p>Not\u00edcias DIRETORES DE TI FAR&Atilde;O NOVO M&Oacute;DULO DO CURSO DE GOVERNAN&Ccedil;A UFMG MELHORA ACESSO &Agrave; INTERNET NA CASA DA GL&Oacute;RIA REVEZAMENTO DE FUNCION&Aacute;RIOS CECOM SE PREPARA PARA AS FESTAS DE FINAL DE ANO Informativo DICAS DE SITES INTERESSANTES UFMG ALTERA DATAS DE MATR&Iacute;CULA DOS ALUNOS VETERANOS DE GRADUA&Ccedil;&Atilde;O CONSERVAT&Oacute;RIO UFMG PROMOVE CONCERTO DE NATAL FEIRA &#8230; <a title=\"Sistem\u00e1tico: Edi\u00e7\u00e3o 1538 &#8211; 01\/12\/2011\" class=\"read-more\" href=\"https:\/\/www.ufmg.br\/dti\/2011\/12\/01\/sistematico-edicao-1538-01122011\/\" aria-label=\"Read more about Sistem\u00e1tico: Edi\u00e7\u00e3o 1538 &#8211; 01\/12\/2011\">Ler mais<\/a><\/p>\n","protected":false},"author":3,"featured_media":0,"comment_status":"open","ping_status":"open","sticky":false,"template":"","format":"standard","meta":{"inline_featured_image":false,"footnotes":""},"categories":[13],"tags":[],"coauthors":[79],"class_list":["post-2930","post","type-post","status-publish","format-standard","hentry","category-sistematico"],"_links":{"self":[{"href":"https:\/\/www.ufmg.br\/dti\/wp-json\/wp\/v2\/posts\/2930","targetHints":{"allow":["GET"]}}],"collection":[{"href":"https:\/\/www.ufmg.br\/dti\/wp-json\/wp\/v2\/posts"}],"about":[{"href":"https:\/\/www.ufmg.br\/dti\/wp-json\/wp\/v2\/types\/post"}],"author":[{"embeddable":true,"href":"https:\/\/www.ufmg.br\/dti\/wp-json\/wp\/v2\/users\/3"}],"replies":[{"embeddable":true,"href":"https:\/\/www.ufmg.br\/dti\/wp-json\/wp\/v2\/comments?post=2930"}],"version-history":[{"count":0,"href":"https:\/\/www.ufmg.br\/dti\/wp-json\/wp\/v2\/posts\/2930\/revisions"}],"wp:attachment":[{"href":"https:\/\/www.ufmg.br\/dti\/wp-json\/wp\/v2\/media?parent=2930"}],"wp:term":[{"taxonomy":"category","embeddable":true,"href":"https:\/\/www.ufmg.br\/dti\/wp-json\/wp\/v2\/categories?post=2930"},{"taxonomy":"post_tag","embeddable":true,"href":"https:\/\/www.ufmg.br\/dti\/wp-json\/wp\/v2\/tags?post=2930"},{"taxonomy":"author","embeddable":true,"href":"https:\/\/www.ufmg.br\/dti\/wp-json\/wp\/v2\/coauthors?post=2930"}],"curies":[{"name":"wp","href":"https:\/\/api.w.org\/{rel}","templated":true}]}}