{"id":2941,"date":"2011-08-25T08:00:00","date_gmt":"2011-08-25T08:00:00","guid":{"rendered":"https:\/\/www.ufmg.br\/dti\/cecom\/?p=1103"},"modified":"2011-08-25T08:00:00","modified_gmt":"2011-08-25T08:00:00","slug":"sistematico-edicao-1526-25082011","status":"publish","type":"post","link":"https:\/\/www.ufmg.br\/dti\/2011\/08\/25\/sistematico-edicao-1526-25082011\/","title":{"rendered":"Sistem\u00e1tico: Edi\u00e7\u00e3o 1526 &#8211; 25\/08\/2011"},"content":{"rendered":"<ul>\n<li><a href=\"\/dti\/#noticias\">Not\u00edcias<\/a>\n<div class='submenuSistematico'>\n<ul>\n<li><a href=\"\/dti\/#anoticias1\" id=\"1\"><span class=\"titulo\"><a href=\"\/dti\/Sist\/si_noticias_1522.shtml\">REDE     SEM FIO DA UFMG COME&Ccedil;A A FUNCIONAR NA FACE E MEDICINA<\/a><\/li>\n<li><a href=\"\/dti\/#anoticias2\" id=\"2\"><span class=\"titulo\">CECOM      DIVULGA VENCEDOR DE PREG&Atilde;O ELETR&Ocirc;NICO<\/span><\/a><\/li>\n<li><a href=\"\/dti\/#anoticias3\" id=\"3\"><span class=\"titulo\">CECOM      PROMOVE ENCONTRO COM NOVOS AGENTES DE INFORM&Aacute;TICA E ESTAGI&Aacute;RIOS      DA REDE ADMINISTRATIVA DA UFMG<\/span><\/a><\/li>\n<li><a href=\"\/dti\/#anoticias4\" id=\"4\"><span class=\"titulo\">TREINAMENTO      EM LINUX ENCERRA MAIS UM M&Oacute;DULO<\/span><\/a><\/li>\n<li><a href=\"\/dti\/#anoticias5\" id=\"5\"><span class=\"titulo\">NOVO      ESTAGI&Aacute;RIO DO CECOM<\/span><\/a><\/li>\n<\/ul>\n<\/div>\n<\/li>\n<li><a href=\"\/dti\/#informativo\">Informativo<\/a>\n<div class='submenuSistematico'>\n<ul>\n<li><a href=\"\/dti\/#ainformativo2\" id=\"2\"><span class=\"titulo\">DICAS      DE SITES INTERESSANTES<\/span><\/a><\/li>\n<li><a href=\"\/dti\/#ainformativo2\" id=\"2\"><span class=\"titulo\">UFMG      RECEBE INSCRI&Ccedil;&Otilde;ES PARA VESTIBULAR 2012<\/span><\/a><\/li>\n<li><a href=\"\/dti\/#ainformativo3\" id=\"3\"><span class=\"titulo\">PROMO&Ccedil;&Atilde;O      VOLTA &Agrave;S AULAS UFMG CONTINUA NAS LIVRARIAS DA UFMG<\/span><\/a><\/li>\n<li><a href=\"\/dti\/#ainformativo4\" id=\"4\"><span class=\"titulo\">BOCADOS      DE GENTILEZA PROMOVE CICLO DE PALESTRAS<\/span><\/a><\/li>\n<li><a href=\"\/dti\/#ainformativo5\" id=\"5\"><img loading=\"lazy\" decoding=\"async\" src=\"https:\/\/www.ufmg.br\/dti\/wp-content\/uploads\/imgs\/tudo_pixel.gif\" width=\"1\" height=\"8\" alt=\"\" border=\"0\"><br \/>      <span class=\"titulo\">H\u00e1 20 anos&#8230;<\/span><\/a><\/li>\n<\/ul>\n<\/div>\n<\/li>\n<li><a href=\"\/dti\/#eventos\">Eventos<\/a>\n<div class='submenuSistematico'>\n<ul>\n<li><a href=\"\/dti\/#aeventos1\" id=\"1\"><span class=\"titulo\">SOCIAIS<\/span><\/a><\/li>\n<li><a href=\"\/dti\/#aeventos2\" id=\"2\"><span class=\"titulo\">MEM&Oacute;RIA      FOTOGR&Aacute;FICA DO CECOM<\/span><\/a><\/li>\n<\/ul>\n<\/div>\n<\/li>\n<\/ul>\n<ul class='pdfSist'>\n<li><a href=\"https:\/\/www.ufmg.br\/dti\/wp-content\/uploads\/Sistematico_PDF\/Sist30_2011-A4.pdf\"><img loading=\"lazy\" decoding=\"async\" src=\"https:\/\/www.ufmg.br\/dti\/wp-content\/uploads\/Sistematico_PDF\/mini_pdf.gif\" width=\"30\" height=\"53\" border=\"0\"> Vers\u00e3o em PDF<\/a><\/li>\n<\/ul>\n<p> <a name='noticias'><\/a><\/p>\n<h4>Not\u00edcias<\/h4>\n<div class=\"centro-sistematico\">  <!-- noticias --> <a><\/a>  <\/p>\n<table border=\"0\" cellspacing=\"0\" cellpadding=\"0\">\n<tr>\n<td><\/td>\n<td><\/td>\n<\/tr>\n<tr>\n<td align=\"LEFT\" valign=\"TOP\"><\/td>\n<td align=\"LEFT\" valign=\"TOP\"> <a name=\"anoticias1\" id=\"1\"><span class=\"titulo\"><a href=\"\/dti\/Sist\/si_noticias_1522.shtml\">REDE     SEM FIO DA UFMG COME&Ccedil;A A FUNCIONAR NA FACE E MEDICINA<\/a><\/span><\/a>     <\/p>\n<p align=\"justify\"><span class=\"texto\"> <\/span><span class=\"texto\"> No      in&iacute;cio da semana a DRC &#8211; Divis&atilde;o de Redes de Comunica&ccedil;&atilde;o      &#8211; entregou &agrave; Faculdade de Medicina, &agrave; Faculdade de Ci&ecirc;ncias      Econ&ocirc;micas e ao Conservat&oacute;rio os APs &#8211; Pontos de Acesso      para montagem da rede sem fio.<br \/>     <\/span><span class=\"texto\"> Nas escolas as equipes locais de rede<\/span><span class=\"texto\">      j&aacute; come&ccedil;aram a instalar os equipamentos, sendo que a equipe      da Faculdade de Medicina tamb&eacute;m assumiu a responsabilidade pela      montagem da rede na Biblioteca do Campus Sa&uacute;de. Na Faculdade      de Ci&ecirc;ncias Econ&ocirc;micas, a &aacute;rea da biblioteca deve      receber os equipamentos at&eacute; esta sexta-feira. Com isto, os espa&ccedil;os      das bibliotecas da Escola de Engenharia, Faculdade de Ci&ecirc;ncias      Econ&ocirc;micas e Campus Sa&uacute;de estar&atilde;o preparados para      fornecer acesso &agrave; rede sem fio da UFMG.<br \/>     No Conservat&oacute;rio um Ponto de Acesso est&aacute; funcionando no      espa&ccedil;o das salas de aulas e, um segundo, deve ser instalado pela      equipe local para atender &agrave; &aacute;rea administrativa e Livraria.<br \/>     Na Biblioteca Universit&aacute;ria, a instala&ccedil;&atilde;o dos equipamentos      depende ainda de passagem de cabos e prepara&ccedil;&atilde;o dos locais      que receber&atilde;o os Pontos de Acesso, servi&ccedil;o que est&aacute;      sendo executado pelo DEMAI.<br \/>     At&eacute; o final da pr&oacute;xima semana, dever&atilde;o ser configurados      os equipamentos para instala&ccedil;&atilde;o<br \/>     na Escola de Ci&ecirc;ncia da Informa&ccedil;&atilde;o, Instituto de      Geo-Ci&ecirc;ncias, Laborat&oacute;rio de Computa&ccedil;&atilde;o Cient&iacute;fica      e Instituto de Ci&ecirc;ncias Exatas.<br \/>     Como sempre tem sido ressaltado, os APs fazem a ponte entre a Rede UFMG      j&aacute; existente, que funciona sobre cabos de fibra &oacute;tica      e par met&aacute;lico, e os equipamentos clientes que possuem capacidade      de acesso a redes wireless, como notebooks, tablets e celulares. Os      APs utilizados na UFMG n&atilde;o funcionam em outras redes, j&aacute;      que sua configura&ccedil;&atilde;o &eacute; feita atrav&eacute;s de      um equipamento central. Al&eacute;m disto, a alimenta&ccedil;&atilde;o      el&eacute;trica<br \/>     dos equipamentos &eacute; feita atrav&eacute;s do cabo de rede.<br \/>     O acesso &agrave; rede sem fio da UFMG exige autentica&ccedil;&atilde;o,      atrav&eacute;s da conta do minhaUFMG. A equipe de Tecnologia da Informa&ccedil;&atilde;o      da Escola de Engenharia est&aacute; preparando uma p&aacute;gina com      instru&ccedil;&otilde;es detalhadas do processo, que pode ser acessada      em http:\/\/www.eng.ufmg.br\/sti\/rsf.<\/span><\/p>\n<p align=\"justify\"><em> <\/em>     <\/p>\n<\/td>\n<\/tr>\n<tr>\n<td align=\"LEFT\" valign=\"TOP\"><\/td>\n<td align=\"LEFT\" valign=\"TOP\">\n<p><a name=\"anoticias2\" id=\"2\"><span class=\"titulo\">CECOM      DIVULGA VENCEDOR DE PREG&Atilde;O ELETR&Ocirc;NICO<\/span><\/a><\/p>\n<p align=\"left\"><span class=\"texto\">O CECOM promoveu, no &uacute;ltimo      dia 18, um preg&atilde;o eletr&ocirc;nico para contrata&ccedil;&atilde;o      de servi&ccedil;os de manuten&ccedil;&atilde;o das Centrais Telef&ocirc;nicas      da UFMG. Seis empresas apresentaram propostas e, ap&oacute;s a fase      de lances e exame da proposta e documenta&ccedil;&atilde;o apresentada,<br \/>     foi vencedora a empresa Control, de Bras&iacute;lia, que substituir&aacute;      a Damovo, atual mantenedora dos equipamentos.<br \/>     Por raz&otilde;es hist&oacute;ricas, que envolvem a pol&iacute;tica      industrial do pa&iacute;s e a reserva de mercado ara produtos de inform&aacute;tica,      os equipamentos da UFMG, desenvolvidos pela Ericsson, se tornaram Matec      e, posteriormente, voltaram a ser Ericsson. Atualmente, os produtos      t&ecirc;m a marca Aastra, empresa que adquiriu a divis&atilde;o da Ericsson      voltada para a produ&ccedil;&atilde;o de entrais telef&ocirc;nicas de      uso privado.<br \/>     Durante parte deste tempo, a Damovo foi detentora da exclusividade de      manuten&ccedil;&atilde;o dos equipamentos em Minas Gerais. A perda da      exclusividade gerou a oportunidade para que v&aacute;rias empresas menores      disputassem o mercado e se tornassem competitivas, possibilitando a      disputa que ocorreu no processo com a consequente queda nos pre&ccedil;os.<\/span><span class=\"texto\">      <\/span><\/p>\n<p>    <span class=\"texto\">     <\/p>\n<p>    <\/span><\/td>\n<\/tr>\n<tr>\n<td align=\"LEFT\" valign=\"TOP\"><\/td>\n<td align=\"LEFT\" valign=\"TOP\">\n<p><a name=\"anoticias3\" id=\"3\"><span class=\"titulo\">CECOM      PROMOVE ENCONTRO COM NOVOS AGENTES DE INFORM&Aacute;TICA E ESTAGI&Aacute;RIOS      DA REDE ADMINISTRATIVA DA UFMG<\/span><\/a><\/p>\n<p align=\"left\"><span class=\"texto\">NDando continuidade ao programa de      capacita&ccedil;&atilde;o dos novos estagi&aacute;rios ou agentes de      inform&aacute;tica da Rede Administrativa, o CECOM promover&aacute;      cinco encontros para apresenta&ccedil;&atilde;o da estrutura administrativa      da UFMG e das rotinas utilizadas na manuten&ccedil;&atilde;o<br \/>     dos softwares de suas esta&ccedil;&otilde;es de trabalho.<br \/>     Os encontros ser&atilde;o realizados na sala de aula 2 do CECOM, localizada      no subsolo do pr&eacute;dio da Reitoria.<br \/>     As datas e conte&uacute;do program&aacute;tico dos encontros s&atilde;o      os seguintes:<br \/>     1o Encontro: Dia 06\/09\/2011- ter&ccedil;a-feira &#8211; Hor&aacute;rio: 13h30      &agrave;s 16h30<br \/>     &#8211; Defini&ccedil;&atilde;o de arquivo, pasta;<br \/>     &#8211; Arquivo PDF, arquivo compactado;<br \/>     &#8211; Rede Novell: Come&ccedil;o acessar a rede e usar as suas unidades      virtuais;<br \/>     Obs.: O participante dever&aacute; se conectar &agrave; Rede Novell      para desenvolver as tarefas deste encontro. Se necess&aacute;rio, providenciar      antes o cadastro na Rede Novell.<br \/>     2o Encontro: Dia 08\/09\/2011 &#8211; quinta-feira &#8211; Hor&aacute;rio: 13h00 &agrave;s      16h00<br \/>     A partir do computador formato:<br \/>     &#8211; Conex&atilde;o com a rede novell;<br \/>     &#8211; Instala&ccedil;&atilde;o padr&atilde;o dos softwares utilizados na      rede administrativa<br \/>     3o encontro: Dia 13\/09\/2011- ter&ccedil;a-feira &#8211; Hor&aacute;rio: 13h30      &agrave;s 16h30<br \/>     &#8211; Instala&ccedil;&atilde;o do cliente Lotus Notes 6.5;<br \/>     &#8211; Configura&ccedil;&atilde;o do Lotus Notes para acessar uma caixa postal      institucional\/pessoal;<br \/>     &#8211; No&ccedil;&otilde;es do acesso da caixa postal pessoal atrav&eacute;s      do portal minhaUFMG<br \/>     4o encontro: Dia 16\/9\/2011 &#8211; sexta-feira &#8211; Hor&aacute;rio: 13h30 &agrave;s      16h30<br \/>     &#8211; Curso b&aacute;sico sobre o acesso e manu-seio das mensagens de uma      caixa postal atrav&eacute;s<br \/>     do cliente Lotus Notes;<br \/>     5o encontro: Dia 19\/9\/2011- segunda-feira &#8211; Hor&aacute;rio: 13h30 &agrave;s      16h30<br \/>     &#8211; Encerramento da atividade iniciada no 4o encontro.<br \/>     A coordena&ccedil;&atilde;o dos encontros est&aacute; sob a responsabilidade      de Eug&ecirc;nio Pacelli Pereira de Souza, da Divis&atilde;o de Atendimento      e Consultoria (DAC), e estar&atilde;o participando: Adalthon de Paula      Souza (CECOM), Cleiton M&aacute;rcio Assis Santos (Prograd), Demerval      Lobao Veras (BU), Eug&ecirc;nio Godinho Ferreira (Imprensa), Jo&atilde;o      Alves de Carvalho (BU),Lu&iacute;s Henrique Mesquita Silveira Cunha      (IEAT), Marco Aur&eacute;lio Zeferino (DAP), Pollyana Faria Moraes (Prograd),      S&eacute;rgio Giudicelli (Prograd), Thiago Brand&atilde;o Vilar (CECOM)      e Vander Camargos<br \/>     Pinto Costa (ProRH).<\/span><\/p>\n<p>    <span class=\"texto\">     <\/p>\n<p>    <\/span><\/td>\n<\/tr>\n<tr>\n<td align=\"LEFT\" valign=\"TOP\"><\/td>\n<td align=\"LEFT\" valign=\"TOP\">\n<p><a name=\"anoticias4\" id=\"4\"><span class=\"titulo\">TREINAMENTO      EM LINUX ENCERRA MAIS UM M&Oacute;DULO<\/span><\/a><\/p>\n<p align=\"left\"><span class=\"texto\"> Ser&aacute; encerrado amanh&atilde;,      dia 26, o m&oacute;dulo LPI 201 do treinamento GNU\/Linux LPI &#8211; 1 e 2,      iniciado em abril\/2011, para capacita&ccedil;&atilde;o dos Analistas      de Tecnologia da Informa&ccedil;&atilde;o.<br \/>     O curso que tem como base conte&uacute;do similar dado por empresas      do mercado, est&aacute; sendo realizado nas depend&ecirc;ncias do CECOM      e &eacute; ministrado pelo servidor Emerson Henrique Kfuri Pereira,      da Divis&atilde;o de Atendimento e Consultoria. O curso foi estruturado      com quatro m&oacute;dulos, totalizando carga hor&aacute;ria de 192 horas.      Este ser&aacute; o terceiro m&oacute;dulo encerrado.<br \/>     Para o CECOM, o objetivo do curso &eacute; consolidar os conhecimentos      Linux das equipes da DAC e DRC, bem como servir de piloto para montagem      de um projeto de curso de capacita&ccedil;&atilde;o para os novos Analilstas      de TI rec&eacute;m contratados e gerentes de rede das Unidades Administrativas      e Acad&ecirc;micas da UFMG.<br \/>     O &uacute;ltimo m&oacute;dulo, LPI -202, ser&aacute; aplicado no per&iacute;odo      de 8 a 23 de setembro pr&oacute;ximo.<br \/>     Est&atilde;o participando do treinamento os servidores: David Eust&aacute;quio      da Silva, Gustavo Aur&eacute;lio dos Santos Diniz, Paulo Couto Lessa      (Divis&atilde;o de Redes de Comunica&ccedil;&atilde;o), F&aacute;bio      Luiz de Morais, M&aacute;rcio da Costa Viana e Wallison Fabiano de Ara&uacute;jo      (Divis&atilde;o de Atendimento e Consultoria), al&eacute;m da gerente      de rede da Escola de Veterin&aacute;ria, Flaviana R&eacute;gis de Oliveira.<\/span><\/p>\n<p align=\"center\"><img loading=\"lazy\" decoding=\"async\" src=\"https:\/\/www.ufmg.br\/dti\/wp-content\/uploads\/fotos\/25_08_2011\/2011-07-05%2009.25.35.jpg\" width=\"500\" height=\"375\"><\/p>\n<p align=\"center\"><img loading=\"lazy\" decoding=\"async\" src=\"https:\/\/www.ufmg.br\/dti\/wp-content\/uploads\/fotos\/25_08_2011\/2011-07-05%2009.27.02.jpg\" width=\"500\" height=\"375\"><\/p>\n<p align=\"left\">&nbsp;<\/p>\n<p>    <span class=\"texto\">     <\/p>\n<p>    <\/span><\/td>\n<\/tr>\n<p>  <!-- #BeginEditable \"materias\" --> <!-- #EndEditable -->  <\/table>\n<table border=\"0\" cellpadding=\"0\" cellspacing=\"0\">\n<tr>\n<td align=\"LEFT\" valign=\"TOP\"><\/td>\n<td align=\"LEFT\" valign=\"TOP\">\n<p><a name=\"anoticias5\" id=\"5\"><span class=\"titulo\">NOVO      ESTAGI&Aacute;RIO DO CECOM<\/span><\/a><\/p>\n<p align=\"left\"><span class=\"texto\">O CECOM est&aacute; contando com mais      um estagi&aacute;rio em seu quadro. Trata-se de Thiago Brand&atilde;o      Vilar, admitido no dia 22 &uacute;ltimo.<br \/>     Thiago Brand&atilde;o &eacute; aluno do curso de Sistemas de Informa&ccedil;&atilde;o      e foi lotado na Divis&atilde;o de Atendimento e Consultoria (DAC), onde      vai prestar servi&ccedil;os de atendimento aos usu&aacute;rios da Rede      Administrativa. <\/span><\/p>\n<p align=\"center\"><img loading=\"lazy\" decoding=\"async\" src=\"https:\/\/www.ufmg.br\/dti\/wp-content\/uploads\/fotos\/25_08_2011\/SDC12159y.jpg\" width=\"293\" height=\"500\"><br \/>     <span class=\"texto\"><em><font face=\"1\"> Thiago Brand&atilde;o<\/font><\/em><\/span>     <\/p>\n<p>    <span class=\"texto\">     <\/p>\n<p>    <\/span><\/td>\n<\/tr>\n<tr>\n<td align=\"LEFT\" valign=\"TOP\"><\/td>\n<td align=\"LEFT\" valign=\"TOP\">&nbsp;<\/td>\n<\/tr>\n<p>  <!-- #BeginEditable \"materias\" --> <!-- #EndEditable -->  <\/table>\n<\/div>\n<p><a name='informativo'><\/a><\/p>\n<h4>Informativo<\/h4>\n<div class=\"centro-sistematico\">  <!-- noticias --> <a><\/a>  <\/p>\n<table border=\"0\" cellspacing=\"0\" cellpadding=\"0\">\n<tr>\n<td><\/td>\n<td><\/td>\n<\/tr>\n<p>  <!-- #BeginEditable \"materias\" --> <!-- #EndEditable -->  <\/table>\n<p> <!-- fim noticias --> <!-- tabela ha 20 anos --> <\/p>\n<table border=\"0\" cellpadding=\"0\" cellspacing=\"0\" bgcolor=\"#FFFFFF\">\n<tr>\n<td align=\"LEFT\" valign=\"TOP\"><\/td>\n<td align=\"LEFT\" valign=\"TOP\">\n<p align=\"left\"><span class=\"texto\"><a name=\"ainformativo2\" id=\"2\"><span class=\"titulo\">DICAS      DE SITES INTERESSANTES<\/span><\/a><\/span><\/p>\n<p align=\"justify\"><span class=\"texto\">Adyrus, o ca&ccedil;ador de sites,      enviou as seguintes dicas:<br \/>     &#8211; Caso queira comprar uma m&aacute;quina fotogr&aacute;fica digital      e n&atilde;o sabe qual escolher, o site dppreview d&aacute; as dicas.      Veja em http:\/\/www.dpreview.com\/. (Site em Ingl&ecirc;s)&nbsp;<br \/>     &#8211; Fique por dentro dos v&iacute;deos mais assistidos no momento, &uacute;ltimas      postagens e compartilhe com a rede social.&nbsp;<a href=\"http:\/\/videoinbox.com\/#oMdseB-eZMmYNh6F2OSWfg\/AAAA9w\">Clique<\/a>.<\/p>\n<p>     &#8211; Boas inven&ccedil;&otilde;es e algumas ideias loucas. Visite o <a href=\"http:\/\/nedhardy.com\/2011\/03\/10\/34-cleverly-designed-inventions\/\">endere&ccedil;o<\/a>.<\/p>\n<p>     &#8211; Manual de edi&ccedil;&atilde;o do Criador para YouTube.&nbsp;O youtube.com      fornece aos criadores um novo recurso que compila dicas importantes,      melhores pr&aacute;ticas e estrat&eacute;gias.&nbsp;<a href=\"http:\/\/www.youtube.com\/creators\/playbook.htm\">Saiba      mais<\/a>.<\/p>\n<p>     &#8211; Sabe aquele romance que voc&ecirc; escreveu e n&atilde;o saiu da gaveta?      Sua colet&acirc;nea de poesias? Sua tese de p&oacute;s-gradua&ccedil;&atilde;o?      A boa not&iacute;cia: seu livro vai ser publicado. E a not&iacute;cia      melhor ainda: voc&ecirc; n&atilde;o vai precisar gastar um centavo.&nbsp;<a href=\"http:\/\/perse.doneit.com.br\/default.aspx\">Leia      mais<\/a>.<\/p>\n<p>     &#8211; Dica de Cl&aacute;udia Oliveira, da Pr&oacute;-Reitoria de Extens&atilde;o      da UFMG: Donald no Pa&iacute;s da Matem&aacute;gica &eacute; para as      crian&ccedil;as se interessarem pelos estudos.&nbsp;<br \/>     Donald no Pa&iacute;s da Matem&aacute;gica <a href=\"http:\/\/www.youtube.com\/watch?v=%20fP1RafNyJU4\">Parte      1<\/a>:<br \/>     Donald no Pa&iacute;s da Matem&aacute;gica<a href=\"http:\/\/www.youtube.com\/watch?v=%20kFMMtBEPZmE\">      Parte 2<\/a>: <br \/>     Donald no Pa&iacute;s da Matem&aacute;gica<a href=\"http:\/\/www.youtube.com\/watch?v=%20Rfl171q00zU\">      Parte 3<\/a>:<\/p>\n<p>     &#8211; Dica do Eug&ecirc;nio Pacelli, da DAC: Wi-Fi Liberator &eacute; uma      ferramenta de c&oacute;digo-aberto para notebooks que habilita seus      usu&aacute;rios a liberarem redes sem fio pagas, criando, assim, um      ponto gratuito para que qualquer um possa se conectar &agrave; internet.      Essa ferramenta prop&otilde;e desafiar corpora&ccedil;&otilde;es existentes      e redes sem fios privadas e bloqueadas, a fim de encorajar a prolifera&ccedil;&atilde;o      de redes gratuitas e a conectividade ao redor do planeta. Wi-Fi Liberator      examina criticamente as tens&otilde;es entre provedores que tentam lucrar      com os custos cada vez mais baixos associados &agrave; instala&ccedil;&atilde;o      de uma rede p&uacute;blica e os usu&aacute;rios casuais que, simplesmente,      querem ver a internet ser transformada em outra &#8220;utilidade p&uacute;blica&#8221;,      tornando-se t&atilde;o ub&iacute;qua e gratuita como o ar que respiramos.      Miramos as redes sem fio pagas, em aeroportos, terminais p&uacute;blicos,      hot&eacute;is, cyber caf&eacute;s e outros pontos p&uacute;blicos de      espera. A distribui&ccedil;&atilde;o de C&oacute;digo Aberto visa alcan&ccedil;ar      taxas de uso e penetra&ccedil;&atilde;o elevadas. Para mais detalhes      v&aacute; <a href=\"http:\/\/www.piseagrama.org\/artigo\/151\/wi-fi-liberator-toolkit\/\">aqui<\/a>.<\/span><\/p>\n<p align=\"center\"><span class=\"texto\"><\/span><span class=\"texto\"><br \/>     <\/span>    <\/p>\n<\/td>\n<\/tr>\n<tr>\n<td align=\"LEFT\" valign=\"TOP\"><\/td>\n<td align=\"LEFT\" valign=\"TOP\">\n<p align=\"left\"><span class=\"texto\"><a name=\"ainformativo2\" id=\"2\"><span class=\"titulo\">UFMG      RECEBE INSCRI&Ccedil;&Otilde;ES PARA VESTIBULAR 2012<\/span><\/a><\/span><\/p>\n<p>    <span class=\"texto\">A UFMG recebe at&eacute; 9 de setembro as inscri&ccedil;&otilde;es     para o Vestibular 2012. O edital est&aacute; dispon&iacute;vel na p&aacute;gina     da Comiss&atilde;o Permanente do Vestibular www.ufmg.br\/copeve. No valor     de R$ 95, as inscri&ccedil;&otilde;es devem ser feitas somente pela internet.     <br \/>    O Vestibular UFMG 2012 tem 6.670 vagas em 76 cursos. Ser&aacute; considerada     apenas a pontua&ccedil;&atilde;o obtida no Exame Nacional de Ensino M&eacute;dio     (Enem) deste ano, cujas provas acontecem dias 22 e 23 de outubro, de acordo     com o MEC. A segunda etapa do Vestibular UFMG 2012 ser&aacute; realizada     de 3 a 10 de janeiro de 2012. <br \/>    S&oacute; poder&aacute; concorrer ao Vestibular da UFMG o candidato que     se inscreveu no Enem. Segundo a pr&oacute;-reitora de Gradua&ccedil;&atilde;o,     Ant&ocirc;nia Vit&oacute;ria Aranha, o processo seletivo deste ano apresenta     diferen&ccedil;as em rela&ccedil;&atilde;o ao anterior e, por isso, o     uso da nota do Enem apenas deste ano ser&aacute; necess&aacute;rio para     &#8220;equalizar, da melhor forma poss&iacute;vel, a situa&ccedil;&atilde;o     de todos os candidatos&#8221;. <br \/>    Uma das diferen&ccedil;as do processo seletivo de 2012 &eacute; a contabiliza&ccedil;&atilde;o     da nota obtida na reda&ccedil;&atilde;o do Enem na pontua&ccedil;&atilde;o     da segunda etapa e n&atilde;o mais na primeira, como aconteceu no processo     seletivo do ano passado. Em 2011, a prova de reda&ccedil;&atilde;o, aplicada     pelo exame nacional, compunha a nota final da primeira etapa e equivalia     a 8% do total de 40%. <br \/>    No Vestibular UFMG 2012, os 16 pontos da prova de reda&ccedil;&atilde;o     ser&atilde;o contabilizados na segunda etapa, e somados aos 80 das provas     espec&iacute;ficas. Segundo a pr&oacute;-reitora, essa mudan&ccedil;a     ocorreu porque o Conselho de Ensino, Pesquisa e Extens&atilde;o da UFMG     (Cepe) concluiu que &#8220;o perfil discursivo da prova de reda&ccedil;&atilde;o     a torna mais adequada para ser considerada junto com as avalia&ccedil;&otilde;es     da segunda etapa, que tamb&eacute;m s&atilde;o discursivas&#8221;. <br \/>    Outro fator que contribuiu para essa altera&ccedil;&atilde;o foi a necessidade     de agilizar a realiza&ccedil;&atilde;o das provas de segunda etapa. &#8220;Do     ponto de vista do Enem, a corre&ccedil;&atilde;o da reda&ccedil;&atilde;o     &eacute; a que demanda mais tempo, impactando a entrega do resultado.     Por isso, incluir a nota da reda&ccedil;&atilde;o do Enem na segunda etapa     acelera o nosso processo de sele&ccedil;&atilde;o&#8221;, destacou. <br \/>    Portugu&ecirc;s &#8211; Sobre uma das mudan&ccedil;as no Vestibular UFMG 2012,     que consiste na aplica&ccedil;&atilde;o de uma nova prova de portugu&ecirc;s     &#8211; L&iacute;ngua Portuguesa e Literatura Brasileira A &#8211; a 44 dos 75 cursos     de gradua&ccedil;&atilde;o, a pr&oacute;-reitora esclareceu que a decis&atilde;o     foi tomada tendo em vista a mensura&ccedil;&atilde;o da capacidade de     interpreta&ccedil;&atilde;o e de produ&ccedil;&atilde;o de textos dos     alunos, al&eacute;m de manuten&ccedil;&atilde;o da qualidade dos alunos     que ingressam na universidade. &#8220;A demanda partiu de diversos colegiados     e &oacute;rg&atilde;os colegiados da pr&oacute;pria universidade, como     a C&acirc;mara de Gradua&ccedil;&atilde;o, que julgaram que &eacute; necess&aacute;rio     aprimorar as habilidades dos alunos que ingressam na universidade&#8221;,     destaca. <br \/>    Segundo a pr&oacute;-reitora, o portugu&ecirc;s &eacute; de extrema import&acirc;ncia,     pois o dom&iacute;nio desse conhecimento permeia todas as &aacute;reas     do saber. &#8220;Um dos colegiados que solicitou a prova de Portugu&ecirc;s     e Literatura foi, por exemplo, o de Matem&aacute;tica por entender que     &agrave;s vezes o aluno tem o racioc&iacute;nio matem&aacute;tico, mas     n&atilde;o tem capacidade de interpretar o que est&aacute; sendo colocado     para ele&#8221;, explica. <br \/>    Livros &#8211; Para os candidatos dos 44 cursos que far&atilde;o prova Portuguesa     e Literatura Brasileira n&atilde;o ser&aacute; exigida a leitura dos livros     indicados para o concurso. A mudan&ccedil;a est&aacute; contida no edital     dos programas das provas, aprovado pelo Conselho de Ensino e Extens&atilde;o     (Cepe). O edital define tamb&eacute;m que a prova de L&iacute;ngua Portuguesa     e Literatura Brasileira B ser&aacute; aplicada aos alunos dos cursos de     Letras, Comunica&ccedil;&atilde;o, Teatro e Dan&ccedil;a, que dever&atilde;o     ler os livros Espumas flutuantes, de Castro Alves; Dom Casmurro, de Machado     de Assis; Joias de fam&iacute;lia, de Zulmira Ribeiro Tavares; e Inf&acirc;ncia;     de Graciliano Ramos. A obra Mar Absoluto, de Cec&iacute;lia Meireles,     foi exclu&iacute;da da lista, por estar esgotada.<br \/>    Outra altera&ccedil;&atilde;o do edital &eacute; espec&iacute;fica para     os alunos do curso de Gest&atilde;o de Servi&ccedil;os de Sa&uacute;de     que, al&eacute;m da prova de Hist&oacute;ria, far&atilde;o as de Matem&aacute;tica     A e L&iacute;ngua Portuguesa e Literatura Brasileira A. <br \/>    O edital dos programas das provas est&aacute; dispon&iacute;vel na p&aacute;gina     da Copeve, no endere&ccedil;o www.ufmg.br\/copeve.<br \/>    Informa&ccedil;&otilde;es sobre os cursos da UFMG est&atilde;o no site     da Mostra das Profiss&otilde;es http:\/\/www2.ufmg.br\/mostradasprofissoes\/.<br \/>    <em>(Fonte: Assessoria de Imprensa Cedecom\/UFMG &#8211; 23\/08\/2011)<\/em><\/span>     <\/p>\n<p align=\"left\"><span class=\"texto\"><\/span><span class=\"texto\"><br \/>     <\/span>    <\/p>\n<\/td>\n<\/tr>\n<tr>\n<td align=\"LEFT\" valign=\"TOP\"><\/td>\n<td align=\"LEFT\" valign=\"TOP\">\n<p align=\"left\"><span class=\"texto\"><a name=\"ainformativo3\" id=\"3\"><span class=\"titulo\">PROMO&Ccedil;&Atilde;O      VOLTA &Agrave;S AULAS UFMG CONTINUA NAS LIVRARIAS DA UFMG<\/span><\/a><\/span><\/p>\n<p>    <span class=\"texto\">A As livrarias UFMG oferecem descontos especiais at&eacute;     31 de agosto, quando acontece a Promo&ccedil;&atilde;o Volta &agrave;s     Aulas em todas as unidades da rede, que inclui as cidades de Belo Horizonte,     Montes Claros e Ouro Preto. Os descontos s&atilde;o a partir de 30% para     livros de editoras universit&aacute;rias e de no m&iacute;nimo 5% em livros     das demais editoras.<br \/>    Livraria Campus Pampulha: Av. Ant&ocirc;nio Carlos, 6.627 &#8211; Funcionamento:     de 2&ordf; a 6&ordf; feira, das 9h &agrave;s 19h (31) 3409-4561\/3409-4642<br \/>    Livraria Conservat&oacute;rio UFMG: Rua Guajajaras, 100 &#8211; Centro &#8211; Funcionamento:     de 2&ordf; a 6&ordf; feira, das 11h &agrave;s 18h &#8211; (31) 3409-8346<br \/>    Livraria Ouro Preto &#8211; Casa de Gonzaga: Rua Cl&aacute;udio Manoel, 61 &#8211;     Centro &#8211; Funcionamento: de 2&ordf; a 6&ordf; feira, das 9h &agrave;s 18h,     s&aacute;bados, das 9h &agrave;s 14h &#8211; (31) 3551-1109<br \/>    Livraria Montes Claros: Rua Vi&uacute;va Coronel Francisco Ribeiro, 40     &#8211; Centro &#8211; Funcionamento: de 2&ordf; a 6&ordf; feira, das 9h &agrave;s     18h &#8211; s&aacute;bados, das 9h &agrave;s 13h &#8211; (38) 3221-6580<br \/>    <em>(Fonte: Assessoria de Imprensa Cedecom\/UFMG &#8211; 23\/08\/2011)<\/em><br \/>    <\/span>     <\/p>\n<p align=\"left\"><span class=\"texto\"><\/span><span class=\"texto\"><br \/>     <\/span>    <\/p>\n<\/td>\n<\/tr>\n<tr>\n<td align=\"LEFT\" valign=\"TOP\"><\/td>\n<td align=\"LEFT\" valign=\"TOP\">\n<p align=\"left\"><span class=\"texto\"><a name=\"ainformativo4\" id=\"4\"><span class=\"titulo\">BOCADOS      DE GENTILEZA PROMOVE CICLO DE PALESTRAS<\/span><\/a><\/span><\/p>\n<div align=\"center\"><img loading=\"lazy\" decoding=\"async\" src=\"https:\/\/www.ufmg.br\/dti\/wp-content\/uploads\/fotos\/25_08_2011\/1DA47208.jpg\" width=\"500\" height=\"484\">     <\/div>\n<p align=\"left\"><span class=\"texto\"><\/span><span class=\"texto\"><br \/>     <\/span>    <\/p>\n<\/td>\n<\/tr>\n<tr>\n<td width=\"13\" align=\"LEFT\" valign=\"TOP\"><\/td>\n<td width=\"537\" align=\"LEFT\" valign=\"TOP\">&nbsp;<\/td>\n<\/tr>\n<p>  <!-- #BeginEditable \"materias\" --> <!-- #EndEditable -->  <\/table>\n<table border=\"0\" cellspacing=\"0\" cellpadding=\"0\" class=\"cinza\">\n<tr>\n<td><img loading=\"lazy\" decoding=\"async\" src=\"https:\/\/www.ufmg.br\/dti\/wp-content\/uploads\/imgs\/tudo_pixel.gif\" width=\"1\" height=\"1\" alt=\"\" border=\"0\"><\/td>\n<td><img loading=\"lazy\" decoding=\"async\" src=\"https:\/\/www.ufmg.br\/dti\/wp-content\/uploads\/imgs\/tudo_pixel.gif\" width=\"19\" height=\"1\" alt=\"\" border=\"0\"><\/td>\n<td><img loading=\"lazy\" decoding=\"async\" src=\"https:\/\/www.ufmg.br\/dti\/wp-content\/uploads\/imgs\/tudo_pixel.gif\" width=\"510\" height=\"1\" alt=\"\" border=\"0\"><\/td>\n<td><img loading=\"lazy\" decoding=\"async\" src=\"https:\/\/www.ufmg.br\/dti\/wp-content\/uploads\/imgs\/tudo_pixel.gif\" width=\"19\" height=\"1\" alt=\"\" border=\"0\"><\/td>\n<td><img loading=\"lazy\" decoding=\"async\" src=\"https:\/\/www.ufmg.br\/dti\/wp-content\/uploads\/imgs\/tudo_pixel.gif\" width=\"1\" height=\"1\" alt=\"\" border=\"0\"><\/td>\n<\/tr>\n<tr>\n<td class=\"vermelho\" colspan=\"5\"><img loading=\"lazy\" decoding=\"async\" src=\"https:\/\/www.ufmg.br\/dti\/wp-content\/uploads\/imgs\/tudo_pixel.gif\" width=\"1\" height=\"1\" alt=\"\" border=\"0\"><\/td>\n<\/tr>\n<tr>\n<td class=\"vermelho\"><img loading=\"lazy\" decoding=\"async\" src=\"https:\/\/www.ufmg.br\/dti\/wp-content\/uploads\/imgs\/tudo_pixel.gif\" width=\"1\" height=\"1\" alt=\"\" border=\"0\"><\/td>\n<td><img loading=\"lazy\" decoding=\"async\" src=\"https:\/\/www.ufmg.br\/dti\/wp-content\/uploads\/imgs\/tudo_pixel.gif\" width=\"1\" height=\"1\" alt=\"\" border=\"0\"><\/td>\n<td align=\"LEFT\" valign=\"TOP\"><!-- #BeginEditable \"ha%2020%20anos\" -->     <\/p>\n<div align=\"justify\">\n<p><a name=\"ainformativo5\" id=\"5\"><img loading=\"lazy\" decoding=\"async\" src=\"https:\/\/www.ufmg.br\/dti\/wp-content\/uploads\/imgs\/tudo_pixel.gif\" width=\"1\" height=\"8\" alt=\"\" border=\"0\"><br \/>      <span class=\"titulo\">H\u00e1 20 anos&#8230;<\/span><\/a><\/p>\n<p>      <span class=\"texto\">H&aacute; 20 anos, O Sistem&aacute;tico n&atilde;o       circulou devido &agrave; greve dos funcion&aacute;rios da UFMG. O       jornal voltou a ser publicado no in&iacute;cio do m&ecirc;s de setembro       de 1991.<\/span><span class=\"texto\"><strong><br \/>      <\/strong><\/span><\/p>\n<\/p><\/div>\n<div align=\"justify\">\n<p><span class=\"texto\"><\/span><\/p>\n<\/p><\/div>\n<p>    <!-- #EndEditable --><br \/> <img loading=\"lazy\" decoding=\"async\" src=\"https:\/\/www.ufmg.br\/dti\/wp-content\/uploads\/imgs\/tudo_pixel.gif\" width=\"1\" height=\"8\" alt=\"\" border=\"0\"><\/td>\n<td><img loading=\"lazy\" decoding=\"async\" src=\"https:\/\/www.ufmg.br\/dti\/wp-content\/uploads\/imgs\/tudo_pixel.gif\" width=\"1\" height=\"1\" alt=\"\" border=\"0\"><\/td>\n<td class=\"vermelho\"><img loading=\"lazy\" decoding=\"async\" src=\"https:\/\/www.ufmg.br\/dti\/wp-content\/uploads\/imgs\/tudo_pixel.gif\" width=\"1\" height=\"1\" alt=\"\" border=\"0\"><\/td>\n<\/tr>\n<tr>\n<td class=\"vermelho\" colspan=\"5\"><img loading=\"lazy\" decoding=\"async\" src=\"https:\/\/www.ufmg.br\/dti\/wp-content\/uploads\/imgs\/tudo_pixel.gif\" width=\"1\" height=\"1\" alt=\"\" border=\"0\"><\/td>\n<\/tr>\n<\/table>\n<p> <!-- fim tabela ha 20 anos --><\/div>\n<p><a name='eventos'><\/a><\/p>\n<h4>Eventos<\/h4>\n<div class=\"centro-sistematico\">  <!-- noticias --> <\/p>\n<table border=\"0\" cellpadding=\"0\" cellspacing=\"0\">\n<tr>\n<td align=\"LEFT\" valign=\"TOP\">&nbsp;<\/td>\n<td align=\"LEFT\" valign=\"TOP\">&nbsp;<\/td>\n<\/tr>\n<p>  <!-- #BeginEditable \"materias\" --> <!-- #EndEditable -->  <\/table>\n<table border=\"0\" cellspacing=\"0\" cellpadding=\"0\">\n<tr>\n<td><\/td>\n<td><\/td>\n<\/tr>\n<tr>\n<td align=\"LEFT\" valign=\"TOP\"><\/td>\n<td align=\"LEFT\" valign=\"TOP\">\n<p><a name=\"aeventos1\" id=\"1\"><span class=\"titulo\">SOCIAIS<\/span><\/a><\/p>\n<p align=\"justify\" class=\"texto\"><strong>ANIVERS&Aacute;RIOS:<em> <\/em><\/strong><em>&#8220;O      Sistem&aacute;tico&#8221; envia os parab&eacute;ns para Gustavo Aur&eacute;lio      dos Santos Diniz, amanh&atilde;, dia 26; Maria Beatriz de Souza Pereira      Prado, no dia 28; e Ana Carolina Borges de Andrade, no dia 1o de setembro.      Os parab&eacute;ns para os ex-ceconianos: Yolanda Vieira de Castro,      no dia 25; prof. N&iacute;vio Ziviani, no dia 27; Francimara Teixeira      Garcia, no dia 29; Andr&eacute; Maur&iacute;cio Lopes da Gama Cerqueira      e M&eacute;rcia Aparecida Lemos, no dia 31; Eliz&acirc;ngela de Souza      Prado e Roberto Simone Maciel J&uacute;nior, no dia 1o de setembro.<\/em><\/p>\n<p align=\"justify\" class=\"texto\"><span class=\"texto\"><\/span><\/p>\n<p align=\"justify\">&nbsp; <\/p>\n<p>    <span class=\"texto\"><\/span><\/td>\n<\/tr>\n<tr>\n<td align=\"LEFT\" valign=\"TOP\"><\/td>\n<td align=\"LEFT\" valign=\"TOP\">\n<p><a name=\"aeventos2\" id=\"2\"><span class=\"titulo\">MEM&Oacute;RIA      FOTOGR&Aacute;FICA DO CECOM<\/span><\/a><\/p>\n<p>     <span class=\"texto\"><font face=\"2\">O Sistem&aacute;tico publica mais      fotos encontradas no ba&uacute; da Reda&ccedil;&atilde;o. S&atilde;o      fotos do dia a dia na DAA &#8211; Divis&atilde;o de Apoio Administrativo,      nos anos de 1994 e 1995. Uma coincid&ecirc;ncia: Ronaldo estava sempre      presente na hora das fotos. Elas foram tiradas utilizando o autom&aacute;tico      da m&aacute;quina da Lel&eacute;.<\/font><\/span><\/p>\n<p align=\"center\"><img loading=\"lazy\" decoding=\"async\" src=\"https:\/\/www.ufmg.br\/dti\/wp-content\/uploads\/fotos\/25_08_2011\/outubro_1994.jpg\" width=\"500\" height=\"329\"><br \/>     <span class=\"texto\"><em><font face=\"1\">Outubro de 1994: Ronaldo, M&aacute;rcia      Lemos, Lel&eacute; e Br&aacute;ulio. Ao fundo: B&aacute;rbara<\/font><\/em><\/span>     <\/p>\n<p align=\"center\"> <img loading=\"lazy\" decoding=\"async\" src=\"https:\/\/www.ufmg.br\/dti\/wp-content\/uploads\/fotos\/25_08_2011\/mar%E7o_1995.jpg\" width=\"500\" height=\"329\"><br \/>     <span class=\"texto\"><em><font face=\"1\">Mar&ccedil;o de 1995: Tim&eacute;,      Beth, Ronaldo, M&aacute;rcia Lemos e Lel&eacute;<\/font><\/em><\/span><\/p>\n<p align=\"justify\"><span class=\"texto\"><a href=\"\/dti\/#topo\"><br \/>     <img loading=\"lazy\" decoding=\"async\" src=\"https:\/\/www.ufmg.br\/dti\/wp-content\/uploads\/imgs\/tudo_topo.gif\" width=\"35\" height=\"11\" alt=\"\" border=\"0\" hspace=\"0\" vspace=\"0\" align=\"right\"><\/a><\/span><\/p>\n<\/td>\n<\/tr>\n<p>  <!-- #BeginEditable \"materias\" --> <!-- #EndEditable -->  <\/table>\n<p> <!-- fim noticias --> <\/p>\n<table border=\"0\" cellpadding=\"0\" cellspacing=\"0\">\n<tr>\n<td align=\"LEFT\" valign=\"TOP\">&nbsp;<\/td>\n<td align=\"LEFT\" valign=\"TOP\">&nbsp;<\/td>\n<\/tr>\n<p>  <!-- #BeginEditable \"materias\" --> <!-- #EndEditable -->  <\/table>\n<\/div>\n","protected":false},"excerpt":{"rendered":"<p>Not\u00edcias REDE SEM FIO DA UFMG COME&Ccedil;A A FUNCIONAR NA FACE E MEDICINA CECOM DIVULGA VENCEDOR DE PREG&Atilde;O ELETR&Ocirc;NICO CECOM PROMOVE ENCONTRO COM NOVOS AGENTES DE INFORM&Aacute;TICA E ESTAGI&Aacute;RIOS DA REDE ADMINISTRATIVA DA UFMG TREINAMENTO EM LINUX ENCERRA MAIS UM M&Oacute;DULO NOVO ESTAGI&Aacute;RIO DO CECOM Informativo DICAS DE SITES INTERESSANTES UFMG RECEBE INSCRI&Ccedil;&Otilde;ES PARA VESTIBULAR &#8230; <a title=\"Sistem\u00e1tico: Edi\u00e7\u00e3o 1526 &#8211; 25\/08\/2011\" class=\"read-more\" href=\"https:\/\/www.ufmg.br\/dti\/2011\/08\/25\/sistematico-edicao-1526-25082011\/\" aria-label=\"Read more about Sistem\u00e1tico: Edi\u00e7\u00e3o 1526 &#8211; 25\/08\/2011\">Ler mais<\/a><\/p>\n","protected":false},"author":3,"featured_media":0,"comment_status":"open","ping_status":"open","sticky":false,"template":"","format":"standard","meta":{"inline_featured_image":false,"footnotes":""},"categories":[13],"tags":[],"coauthors":[79],"class_list":["post-2941","post","type-post","status-publish","format-standard","hentry","category-sistematico"],"_links":{"self":[{"href":"https:\/\/www.ufmg.br\/dti\/wp-json\/wp\/v2\/posts\/2941","targetHints":{"allow":["GET"]}}],"collection":[{"href":"https:\/\/www.ufmg.br\/dti\/wp-json\/wp\/v2\/posts"}],"about":[{"href":"https:\/\/www.ufmg.br\/dti\/wp-json\/wp\/v2\/types\/post"}],"author":[{"embeddable":true,"href":"https:\/\/www.ufmg.br\/dti\/wp-json\/wp\/v2\/users\/3"}],"replies":[{"embeddable":true,"href":"https:\/\/www.ufmg.br\/dti\/wp-json\/wp\/v2\/comments?post=2941"}],"version-history":[{"count":0,"href":"https:\/\/www.ufmg.br\/dti\/wp-json\/wp\/v2\/posts\/2941\/revisions"}],"wp:attachment":[{"href":"https:\/\/www.ufmg.br\/dti\/wp-json\/wp\/v2\/media?parent=2941"}],"wp:term":[{"taxonomy":"category","embeddable":true,"href":"https:\/\/www.ufmg.br\/dti\/wp-json\/wp\/v2\/categories?post=2941"},{"taxonomy":"post_tag","embeddable":true,"href":"https:\/\/www.ufmg.br\/dti\/wp-json\/wp\/v2\/tags?post=2941"},{"taxonomy":"author","embeddable":true,"href":"https:\/\/www.ufmg.br\/dti\/wp-json\/wp\/v2\/coauthors?post=2941"}],"curies":[{"name":"wp","href":"https:\/\/api.w.org\/{rel}","templated":true}]}}