{"id":2948,"date":"2011-07-07T08:00:00","date_gmt":"2011-07-07T08:00:00","guid":{"rendered":"https:\/\/www.ufmg.br\/dti\/cecom\/?p=1110"},"modified":"2011-07-07T08:00:00","modified_gmt":"2011-07-07T08:00:00","slug":"sistematico-edicao-1519-07072011","status":"publish","type":"post","link":"https:\/\/www.ufmg.br\/dti\/2011\/07\/07\/sistematico-edicao-1519-07072011\/","title":{"rendered":"Sistem\u00e1tico: Edi\u00e7\u00e3o 1519 &#8211; 07\/07\/2011"},"content":{"rendered":"<ul>\n<li><a href=\"\/dti\/#noticias\">Not\u00edcias<\/a>\n<div class='submenuSistematico'>\n<ul>\n<li><a href=\"\/dti\/#anoticias1\" id=\"1\"><span class=\"titulo\">CECOM     INVESTE EM TREINAMENTO NO LINUX<\/span><\/a><\/li>\n<li><a href=\"\/dti\/#anoticias2\" id=\"2\"><span class=\"titulo\">ESTAT&Iacute;STICAS      DE ACESSO DO SERVI&Ccedil;O PROXY HTTP<\/span><\/a><\/li>\n<\/ul>\n<\/div>\n<\/li>\n<li><a href=\"\/dti\/#informativo\">Informativo<\/a>\n<div class='submenuSistematico'>\n<ul>\n<li><a href=\"\/dti\/#ainformativo1\" id=\"1\"><span class=\"titulo\">ESTAT&Iacute;STICAS      DE SISTEMA ANTI-SPAM DE JUNHO\/2011<\/span><\/a><\/li>\n<li><a href=\"\/dti\/#ainformativo2\" id=\"2\"><span class=\"titulo\">DICAS      DE SITES INTERESSANTES<\/span><\/a><\/li>\n<li><a href=\"\/dti\/#ainformativo3\" id=\"3\"><span class=\"titulo\">UFMG      LIBERA LISTA DE EXCEDENTES CONVOCADOS DO VESTIBULAR 2011<\/span><\/a><\/li>\n<li><a href=\"\/dti\/#ainformativo4\" id=\"4\"><span class=\"titulo\">43&ordm;      FESTIVAL DE INVERNO DA UFMG<\/span><\/a><\/li>\n<li><a href=\"\/dti\/#ainformativo5\" id=\"5\"><img loading=\"lazy\" decoding=\"async\" src=\"https:\/\/www.ufmg.br\/dti\/wp-content\/uploads\/imgs\/tudo_pixel.gif\" width=\"1\" height=\"8\" alt=\"\" border=\"0\"><br \/>      <span class=\"titulo\">H\u00e1 20 anos&#8230;<\/span><\/a><\/li>\n<\/ul>\n<\/div>\n<\/li>\n<li><a href=\"\/dti\/#eventos\">Eventos<\/a>\n<div class='submenuSistematico'>\n<ul>\n<li><a href=\"\/dti\/#aeventos1\" id=\"1\"><span class=\"titulo\">ARRAI&Aacute;      DO BYTE COXA<\/span><\/a><\/li>\n<li><a href=\"\/dti\/#aeventos2\" id=\"2\"><span class=\"titulo\">SOCIAIS<\/span><\/a><\/li>\n<li><a href=\"\/dti\/#aeventos3\" id=\"3\"><span class=\"titulo\">MEM&Oacute;RIA      FOTOGR&Aacute;FICA DO CECOM<\/span><\/a><\/li>\n<\/ul>\n<\/div>\n<\/li>\n<\/ul>\n<ul class='pdfSist'>\n<li><a href=\"https:\/\/www.ufmg.br\/dti\/wp-content\/uploads\/Sistematico_PDF\/Sist23_2011-A4.pdf\"><img loading=\"lazy\" decoding=\"async\" src=\"https:\/\/www.ufmg.br\/dti\/wp-content\/uploads\/Sistematico_PDF\/mini_pdf.gif\" width=\"30\" height=\"53\" border=\"0\"> Vers\u00e3o em PDF<\/a><\/li>\n<\/ul>\n<p> <a name='noticias'><\/a><\/p>\n<h4>Not\u00edcias<\/h4>\n<div class=\"centro-sistematico\">  <!-- noticias --> <a><\/a>  <\/p>\n<table border=\"0\" cellspacing=\"0\" cellpadding=\"0\">\n<tr>\n<td><\/td>\n<td><\/td>\n<\/tr>\n<tr>\n<td align=\"LEFT\" valign=\"TOP\"><\/td>\n<td align=\"LEFT\" valign=\"TOP\"> <a name=\"anoticias1\" id=\"1\"><span class=\"titulo\">CECOM     INVESTE EM TREINAMENTO NO LINUX<\/span><\/a> <\/p>\n<p align=\"justify\"><span class=\"texto\">      <\/span><span class=\"texto\">Dando continuidade a pol&iacute;tica de capacita&ccedil;&atilde;o      dos analistas de tecnologia da informa&ccedil;&atilde;o do CECOM, os      servidores David Eust&aacute;quio da Silva, Gustavo Aur&eacute;lio dos      Santos Diniz, Paulo Couto Lessa (Divis&atilde;o de Redes de Comunica&ccedil;&atilde;o),      F&aacute;bio Luiz de Morais, M&aacute;rcio da Costa Viana e Wallison      Fabiano de Ara&uacute;jo (Divis&atilde;o de Atendimento e Consultoria)      est&atilde;o, desde 4 de julho, participando do m&oacute;dulo de treinamento      GNU\/Linux LPI-1 &#8211; 102. Esse treinamento conta, ainda, com a participa&ccedil;&atilde;o      da gerente de rede da Escola de Veterin&aacute;ria Flaviana R&eacute;gis      de Oliveira.<br \/>     O curso tem como base conte&uacute;do similar dado por empresas do mercado,      est&aacute; sendo realizado nas depend&ecirc;ncias do CECOM e &eacute;      ministrado pelo servidor da Divis&atilde;o de Atendimento e Consultoria,      Emerson Henrique Kfuri Pereira. Ele ser&aacute; estruturado com outros      m&oacute;dulos totalizando carga hor&aacute;ria de 192 horas.<br \/>     Para o CECOM o objetivo do curso &eacute; consolidar os conhecimentos      Linux das equipes da DAC e DRC, bem como servir de piloto para montagem      de um projeto de curso de capacita&ccedil;&atilde;o para os novos Analistas      de TI rec&eacute;m contratados e gerentes de rede das Unidades Administrativas      e Acad&ecirc;micas da UFMG.<\/span> <\/p>\n<p align=\"center\"><img loading=\"lazy\" decoding=\"async\" src=\"https:\/\/www.ufmg.br\/dti\/wp-content\/uploads\/fotos\/07_07_11\/2011-07-05%2009.27.02.jpg\" width=\"450\" height=\"338\"><\/p>\n<p align=\"justify\"><em><br \/>     <\/em> <\/p>\n<p>    <span class=\"texto\"><\/span><\/td>\n<\/tr>\n<tr>\n<td align=\"LEFT\" valign=\"TOP\"><\/td>\n<td align=\"LEFT\" valign=\"TOP\">\n<p><a name=\"anoticias2\" id=\"2\"><span class=\"titulo\">ESTAT&Iacute;STICAS      DE ACESSO DO SERVI&Ccedil;O PROXY HTTP<\/span><\/a><\/p>\n<p align=\"left\"><span class=\"texto\">Destinado a diminuir o tr&aacute;fego      de navega&ccedil;&atilde;o na RNP e acelerar o acesso de m&aacute;quinas      internas a sites externos, a UFMG conta com o servi&ccedil;o de proxy      HTTP, implantado em abril\/2006. Todos os meses, O Sistem&aacute;tico      tem publicado as estat&iacute;sticas de acesso a esse servi&ccedil;o.<br \/>     At&eacute; o dia 30 de junho\/2011, foram registrados 12.961 usu&aacute;rios      diferentes acessando o sistema desde a sua implanta&ccedil;&atilde;o.      O gr&aacute;fico ao lado mostra o total de registros mensais.<br \/>     Para quem est&aacute; fora da Rede UFMG (por exemplo, acessando a Internet      de casa), o proxy permite o acesso a sites n&atilde;o p&uacute;blicos,      como os apontados pelo Portal CAPES. O uso do proxy da UFMG por computadores      externos s&oacute; &eacute; permitido por meio de autentica&ccedil;&atilde;o,      j&aacute; que somente pessoas que fa&ccedil;am parte da comunidade universit&aacute;ria      podem usar este servi&ccedil;o. Para isso, &eacute; necess&aacute;rio      que os usu&aacute;rios tenham cadastro no minhaUFMG. As instru&ccedil;&otilde;es      necess&aacute;rias para uso do proxy est&atilde;o dispon&iacute;veis      no menu &#8220;Servi&ccedil;os&#8221;, op&ccedil;&atilde;o Intranet      e Extranet, no site do CECOM em http:\/\/www.cecom. ufmg.br, ou diretamente      no endere&ccedil;o proxy.<\/span><\/p>\n<p align=\"left\"><span class=\"texto\"><img loading=\"lazy\" decoding=\"async\" src=\"https:\/\/www.ufmg.br\/dti\/wp-content\/uploads\/fotos\/07_07_11\/proxy_jun11.JPG\" width=\"500\" height=\"339\"><br \/>     .<\/span><\/p>\n<p>    <span class=\"texto\">     <\/p>\n<p>    <\/span><\/td>\n<\/tr>\n<p>  <!-- #BeginEditable \"materias\" --> <!-- #EndEditable -->  <\/table>\n<p> <!-- fim noticias --><\/div>\n<p><a name='informativo'><\/a><\/p>\n<h4>Informativo<\/h4>\n<div class=\"centro-sistematico\">  <!-- noticias --> <a><\/a>  <\/p>\n<table border=\"0\" cellspacing=\"0\" cellpadding=\"0\">\n<tr>\n<td><\/td>\n<td><\/td>\n<\/tr>\n<p>  <!-- #BeginEditable \"materias\" --> <!-- #EndEditable -->  <\/table>\n<p> <!-- fim noticias --> <!-- tabela ha 20 anos --> <\/p>\n<table border=\"0\" cellpadding=\"0\" cellspacing=\"0\" bgcolor=\"#FFFFFF\">\n<tr>\n<td align=\"LEFT\" valign=\"TOP\"><\/td>\n<td align=\"LEFT\" valign=\"TOP\">\n<p align=\"left\"><span class=\"texto\"><a name=\"ainformativo1\" id=\"1\"><span class=\"titulo\">ESTAT&Iacute;STICAS      DE SISTEMA ANTI-SPAM DE JUNHO\/2011<\/span><\/a><\/span><\/p>\n<p align=\"justify\"><span class=\"texto\">Desde o m&ecirc;s de abril\/2004,      o site do CECOM passou a publicar texto explicativo e gr&aacute;fico      com o total de mensagens analisadas, para que se possa conhecer mais      claramente o volume de mensagens que chega &agrave; UFMG, como elas      s&atilde;o classificadas e as a&ccedil;&otilde;es tomadas. Essas informa&ccedil;&otilde;es      est&atilde;o dispon&iacute;veis em servi\u00e7os de rede.<br \/>     No gr&aacute;fico e nas tabelas seguintes, as mensagens s&atilde;o classificadas      como rejeitadas ou aceitas. Se aceitas, seu conte&uacute;do &eacute;      analisado para se checar se s&atilde;o v&aacute;lidas, spam ou cont&ecirc;m      v&iacute;rus.<br \/>     .<br \/>     No m&ecirc;s de junho\/2011, os n&uacute;meros totais analisados pelo      sistema foram os seguintes: <\/span><\/p>\n<table width=\"100%\" border=\"1\">\n<tr>\n<td width=\"14%\">\n<div align=\"center\"><strong><font face=\"2\">V&aacute;lidas<\/font><\/strong><\/div>\n<\/td>\n<td width=\"12%\">\n<div align=\"center\"><strong><font face=\"2\">V&iacute;rus<\/font><\/strong><\/div>\n<\/td>\n<td width=\"13%\">\n<div align=\"center\"><strong><font face=\"2\">Spam<\/font><\/strong><\/div>\n<\/td>\n<td width=\"18%\">\n<div align=\"center\"><strong><font face=\"2\">Total         aceitas <\/font><\/strong><\/div>\n<\/td>\n<td width=\"19%\">\n<div align=\"center\"><strong><font face=\"2\">Rejeitadas<\/font><\/strong><\/div>\n<\/td>\n<td width=\"24%\">\n<div align=\"center\"><strong><font face=\"2\">Total         Geral <\/font><\/strong><\/div>\n<\/td>\n<\/tr>\n<tr>\n<td>\n<div align=\"center\"><font face=\"1.5\">1.514.737<\/font><\/div>\n<\/td>\n<td>\n<div align=\"center\"><font face=\"1.5\">923<\/font><\/div>\n<\/td>\n<td>\n<div align=\"center\"><font face=\"1.5\">506.975<\/font><\/div>\n<\/td>\n<td>\n<div align=\"center\"><font face=\"1.5\">2.022.635<\/font><\/div>\n<\/td>\n<td>\n<div align=\"center\"><font face=\"1.5\">10.531.521<\/font><\/div>\n<\/td>\n<td>\n<div align=\"center\"><font face=\"1.5\">12.554.156<\/font><\/div>\n<\/td>\n<\/tr>\n<\/table>\n<p align=\"justify\"><span class=\"texto\">As m&eacute;dias di&aacute;rias      durante o m&ecirc;s de maio foram as seguintes:<\/span><span class=\"texto\">      <\/span><\/p>\n<table width=\"100%\" border=\"1\">\n<tr>\n<td width=\"14%\">\n<div align=\"center\"><strong><font face=\"2\">V&aacute;lidas<\/font><\/strong><\/div>\n<\/td>\n<td width=\"12%\">\n<div align=\"center\"><strong><font face=\"2\">V&iacute;rus<\/font><\/strong><\/div>\n<\/td>\n<td width=\"13%\">\n<div align=\"center\"><strong><font face=\"2\">Spam<\/font><\/strong><\/div>\n<\/td>\n<td width=\"18%\">\n<div align=\"center\"><strong><font face=\"2\">Total         aceitas <\/font><\/strong><\/div>\n<\/td>\n<td width=\"19%\">\n<div align=\"center\"><strong><font face=\"2\">Rejeitadas<\/font><\/strong><\/div>\n<\/td>\n<td width=\"24%\">\n<div align=\"center\"><strong><font face=\"2\">Total         Geral <\/font><\/strong><\/div>\n<\/td>\n<\/tr>\n<tr>\n<td>\n<div align=\"center\"><font face=\"1.5\">50.491<\/font><\/div>\n<\/td>\n<td>\n<div align=\"center\"><font face=\"1.5\">31<\/font><\/div>\n<\/td>\n<td>\n<div align=\"center\"><font face=\"1.5\">16.899<\/font><\/div>\n<\/td>\n<td>\n<div align=\"center\"><font face=\"1.5\">67.421<\/font><\/div>\n<\/td>\n<td>\n<div align=\"center\"><font face=\"1.5\">351.051<\/font><\/div>\n<\/td>\n<td>\n<div align=\"center\"><font face=\"1.5\">418.472<\/font><\/div>\n<\/td>\n<\/tr>\n<\/table>\n<p align=\"justify\"><span class=\"texto\"> <\/span><\/p>\n<p align=\"center\"><img loading=\"lazy\" decoding=\"async\" src=\"https:\/\/www.ufmg.br\/dti\/wp-content\/uploads\/fotos\/07_07_11\/est-virus_jun11.JPG\" width=\"480\" height=\"378\"><\/p>\n<p align=\"center\"><span class=\"texto\"><br \/>     <\/span><\/p>\n<p align=\"center\"><span class=\"texto\"><\/span><span class=\"texto\"><br \/>     <\/span>    <\/p>\n<\/td>\n<\/tr>\n<tr>\n<td align=\"LEFT\" valign=\"TOP\"><\/td>\n<td align=\"LEFT\" valign=\"TOP\">\n<p align=\"left\"><span class=\"texto\"><a name=\"ainformativo2\" id=\"2\"><span class=\"titulo\">DICAS      DE SITES INTERESSANTES<\/span><\/a><\/span><\/p>\n<p align=\"justify\"><span class=\"texto\">Adyrus, o ca&ccedil;ador de sites,      enviou as seguintes dicas:<\/p>\n<p>     &#8211; O Cinema Brasileiro em cartaz no youtube.com. Confira a cobertura      dos principais festivais, curtas e longas. Fique de olho nos lan&ccedil;amentos.      No <a href=\"http:\/\/www.youtube.com\/cinema?gl=BR&amp;user=%20cinemayt\">endere&ccedil;o<\/a>.<\/p>\n<p>     &#8211; Leia e-books gr&aacute;tis em Ingl&ecirc;s e Espanhol, no site 24symbols,      <a href=\"http:\/\/www.24symbols.com\/\">aqui<\/a>. Fa&ccedil;a leitura On      line. Se tiver conta no FaceBook &eacute; s&oacute; fazer o login.<\/p>\n<p>     &#8211; Chegou o festival de cinema e audiovisual que faltava! &Eacute; o      MovieFlex, o festival de cinema criado para receber toda a produ&ccedil;&atilde;o      que &eacute; postada na web ou n&atilde;o encontra visibilidade. Por      isso, o MovieFlex permite todo tipo de formato, de tempo, de forma de      capta&ccedil;&atilde;o de imagens ou de g&ecirc;nero e abre as portas      para as produ&ccedil;&otilde;es feitas digitalmente por pequenos equipamentos      que, nos dias de hoje, est&atilde;o cada vez mais dispon&iacute;veis      para qualquer pessoa. <a href=\"http:\/\/www.festivalmovieflex.com.br\/\">Saiba      mais<\/a>.<\/p>\n<p>     &#8211; Os 50 an&uacute;ncios mais criativos para salvar o planeta. V&aacute;      at&eacute; o <a href=\"http:\/\/www.coletivoverde.com.br\/50-anuncios-para-salvar-o-planeta\/\">endere&ccedil;o<\/a>.<\/p>\n<p>     &#8211; Se voc&ecirc; procura emprego ou uma oportunidade de trocar, visite      o <a href=\"http:\/\/www.trabalhando.com\/\">endere&ccedil;o<\/a> e veja as      oportunidades em todo o Brasil.<\/p>\n<p>     &#8211; Dica do Eug&ecirc;nio Pacelli Pereira de Souza, da DAC: Uma dica pra      l&aacute; de especial &eacute; substituir a sacola pl&aacute;stica para      lixo por saquinhos de lixo feitos de jornal. Quer saber como? <a href=\"http:\/\/www.coletivoverde.com.br\/saquinhos-feito-de-jornal\/\">Veja<\/a>.<\/span><\/p>\n<p align=\"center\"><span class=\"texto\"><\/span><span class=\"texto\"><br \/>     <\/span>    <\/p>\n<\/td>\n<\/tr>\n<tr>\n<td align=\"LEFT\" valign=\"TOP\"><\/td>\n<td align=\"LEFT\" valign=\"TOP\">\n<p align=\"left\"><span class=\"texto\"><a name=\"ainformativo3\" id=\"3\"><span class=\"titulo\">UFMG      LIBERA LISTA DE EXCEDENTES CONVOCADOS DO VESTIBULAR 2011<\/span><\/a><\/span><\/p>\n<p align=\"left\"><span class=\"texto\">O Departamento de Registro e Controle      Acad&ecirc;mico (DRCA) da UFMG disponibilizou, em seu site (http:\/\/www.ufmg.br\/drca\/),      a lista de candidatos excedentes do Vestibular UFMG 2011, convocados      para ocuparem vagas nos cursos de gradua&ccedil;&atilde;o da UFMG, com      entrada no segundo semestre letivo deste ano. A lista &eacute; composta      por 618 nomes.<br \/>     De acordo com a diretora do DRCA, Ana L&uacute;cia Diniz, os candidatos      devem ficar atentos aos documentos necess&aacute;rios para a realiza&ccedil;&atilde;o      do registro acad&ecirc;mico e da matr&iacute;cula, bem como &agrave;      divulga&ccedil;&atilde;o, durante o m&ecirc;s de julho, das datas, locais      e demais informa&ccedil;&otilde;es para tais procedimentos. &#8220;Ainda      n&atilde;o temos um calend&aacute;rio de atendimento aos alunos convocados,      porque a greve dos servidores t&eacute;cnicos e administrativos afetou      a rotina do DRCA&#8221;, explica.<br \/>     Documentos &#8211; Os candidatos aprovados devem apresentar, no dia do registro      acad&ecirc;mico, o original e uma c&oacute;pia dos seguintes documentos:      certificado de conclus&atilde;o do ensino m&eacute;dio; hist&oacute;rico      escolar do ensino m&eacute;dio; hist&oacute;rico escolar do ensino fundamental      para os candidatos que utilizaram o programa de b&ocirc;nus; carteira      de identidade; t&iacute;tulo de eleitor; CPF; certificado militar, quando      for o caso; e declara&ccedil;&atilde;o de que n&atilde;o ocupa vaga      em curso de gradua&ccedil;&atilde;o, em outra institui&ccedil;&atilde;o      p&uacute;blica de ensino superior brasileira (modelo dispon&iacute;vel      no endere&ccedil;o www.ufmg.br\/drca). Tamb&eacute;m &eacute; preciso      apresentar dois retratos 3&#215;4, recentes, isto &eacute;, tirados h&aacute;      menos de um ano, e escrever o nome e o curso do candidato no verso das      fotos.<br \/>     No caso da conclus&atilde;o do ensino m&eacute;dio no exterior, n&atilde;o      &eacute; necess&aacute;ria a apresenta&ccedil;&atilde;o do certificado      de conclus&atilde;o do ensino m&eacute;dio e do hist&oacute;rico escolar.      Os candidatos nessa situa&ccedil;&atilde;o dever&atilde;o apresentar,      em substitui&ccedil;&atilde;o a esses documentos, o parecer de equival&ecirc;ncia      de estudos emitido pela Secretaria de Estado da Educa&ccedil;&atilde;o.<br \/>     <em>(Fonte: Ag&ecirc;ncia de not&iacute;cias da UFMG &#8211; Assessoria de      Imprensa Cedecom\/UFMG &#8211; 06\/07\/2011)<\/em><\/span><\/p>\n<p align=\"center\"><span class=\"texto\"><\/span><span class=\"texto\"><br \/>     <\/span>    <\/p>\n<\/td>\n<\/tr>\n<tr>\n<td align=\"LEFT\" valign=\"TOP\"><\/td>\n<td align=\"LEFT\" valign=\"TOP\">\n<p align=\"left\"><span class=\"texto\"><a name=\"ainformativo4\" id=\"4\"><span class=\"titulo\">43&ordm;      FESTIVAL DE INVERNO DA UFMG<\/span><\/a><\/span><\/p>\n<p align=\"center\">     <span class=\"texto\"> <img loading=\"lazy\" decoding=\"async\" src=\"https:\/\/www.ufmg.br\/dti\/wp-content\/uploads\/fotos\/07_07_11\/fest-inverno_11.JPG\" width=\"332\" height=\"500\">      <\/span><\/p>\n<p align=\"center\"><span class=\"texto\"><\/span><span class=\"texto\"><br \/>     <\/span>    <\/p>\n<\/td>\n<\/tr>\n<tr>\n<td width=\"12\" align=\"LEFT\" valign=\"TOP\"><\/td>\n<td width=\"538\" align=\"LEFT\" valign=\"TOP\">&nbsp;<\/td>\n<\/tr>\n<p>  <!-- #BeginEditable \"materias\" --> <!-- #EndEditable -->  <\/table>\n<table border=\"0\" cellspacing=\"0\" cellpadding=\"0\" class=\"cinza\">\n<tr>\n<td><img loading=\"lazy\" decoding=\"async\" src=\"https:\/\/www.ufmg.br\/dti\/wp-content\/uploads\/imgs\/tudo_pixel.gif\" width=\"1\" height=\"1\" alt=\"\" border=\"0\"><\/td>\n<td><img loading=\"lazy\" decoding=\"async\" src=\"https:\/\/www.ufmg.br\/dti\/wp-content\/uploads\/imgs\/tudo_pixel.gif\" width=\"19\" height=\"1\" alt=\"\" border=\"0\"><\/td>\n<td><img loading=\"lazy\" decoding=\"async\" src=\"https:\/\/www.ufmg.br\/dti\/wp-content\/uploads\/imgs\/tudo_pixel.gif\" width=\"510\" height=\"1\" alt=\"\" border=\"0\"><\/td>\n<td><img loading=\"lazy\" decoding=\"async\" src=\"https:\/\/www.ufmg.br\/dti\/wp-content\/uploads\/imgs\/tudo_pixel.gif\" width=\"19\" height=\"1\" alt=\"\" border=\"0\"><\/td>\n<td><img loading=\"lazy\" decoding=\"async\" src=\"https:\/\/www.ufmg.br\/dti\/wp-content\/uploads\/imgs\/tudo_pixel.gif\" width=\"1\" height=\"1\" alt=\"\" border=\"0\"><\/td>\n<\/tr>\n<tr>\n<td class=\"vermelho\" colspan=\"5\"><img loading=\"lazy\" decoding=\"async\" src=\"https:\/\/www.ufmg.br\/dti\/wp-content\/uploads\/imgs\/tudo_pixel.gif\" width=\"1\" height=\"1\" alt=\"\" border=\"0\"><\/td>\n<\/tr>\n<tr>\n<td class=\"vermelho\"><img loading=\"lazy\" decoding=\"async\" src=\"https:\/\/www.ufmg.br\/dti\/wp-content\/uploads\/imgs\/tudo_pixel.gif\" width=\"1\" height=\"1\" alt=\"\" border=\"0\"><\/td>\n<td><img loading=\"lazy\" decoding=\"async\" src=\"https:\/\/www.ufmg.br\/dti\/wp-content\/uploads\/imgs\/tudo_pixel.gif\" width=\"1\" height=\"1\" alt=\"\" border=\"0\"><\/td>\n<td align=\"LEFT\" valign=\"TOP\"><!-- #BeginEditable \"ha%2020%20anos\" -->     <\/p>\n<div align=\"justify\">\n<p><a name=\"ainformativo5\" id=\"5\"><img loading=\"lazy\" decoding=\"async\" src=\"https:\/\/www.ufmg.br\/dti\/wp-content\/uploads\/imgs\/tudo_pixel.gif\" width=\"1\" height=\"8\" alt=\"\" border=\"0\"><br \/>      <span class=\"titulo\">H\u00e1 20 anos&#8230;<\/span><\/a><\/p>\n<p>      <span class=\"texto\">H&aacute; 20 anos, O Sistem&aacute;tico n&atilde;o       circulou devido &agrave; greve dos funcion&aacute;rios da UFMG. O       jornal voltou a ser publicado no in&iacute;cio do m&ecirc;s de setembro       de 1991.<\/span><span class=\"texto\"><strong><br \/>      <\/strong><\/span><\/p>\n<\/p><\/div>\n<div align=\"justify\">\n<p><span class=\"texto\"><\/span><\/p>\n<\/p><\/div>\n<p>    <!-- #EndEditable --><br \/> <img loading=\"lazy\" decoding=\"async\" src=\"https:\/\/www.ufmg.br\/dti\/wp-content\/uploads\/imgs\/tudo_pixel.gif\" width=\"1\" height=\"8\" alt=\"\" border=\"0\"><\/td>\n<td><img loading=\"lazy\" decoding=\"async\" src=\"https:\/\/www.ufmg.br\/dti\/wp-content\/uploads\/imgs\/tudo_pixel.gif\" width=\"1\" height=\"1\" alt=\"\" border=\"0\"><\/td>\n<td class=\"vermelho\"><img loading=\"lazy\" decoding=\"async\" src=\"https:\/\/www.ufmg.br\/dti\/wp-content\/uploads\/imgs\/tudo_pixel.gif\" width=\"1\" height=\"1\" alt=\"\" border=\"0\"><\/td>\n<\/tr>\n<tr>\n<td class=\"vermelho\" colspan=\"5\"><img loading=\"lazy\" decoding=\"async\" src=\"https:\/\/www.ufmg.br\/dti\/wp-content\/uploads\/imgs\/tudo_pixel.gif\" width=\"1\" height=\"1\" alt=\"\" border=\"0\"><\/td>\n<\/tr>\n<\/table>\n<p> <!-- fim tabela ha 20 anos --><\/div>\n<p><a name='eventos'><\/a><\/p>\n<h4>Eventos<\/h4>\n<div class=\"centro-sistematico\">  <!-- noticias --> <\/p>\n<table border=\"0\" cellpadding=\"0\" cellspacing=\"0\">\n<tr>\n<td align=\"LEFT\" valign=\"TOP\"><\/td>\n<td align=\"LEFT\" valign=\"TOP\">\n<p><a name=\"aeventos1\" id=\"1\"><span class=\"titulo\">ARRAI&Aacute;      DO BYTE COXA<\/span><\/a><\/p>\n<p align=\"justify\" class=\"texto\">Ser&aacute; realizada amanh&atilde;,      dia 08 de julho, a Festa Julina do CECOM, a partir das 18h, no Clubinho,      localizado na Enseada das Gar&ccedil;as, regi&atilde;o da Pampulha.<br \/>     O Sistem&aacute;tico deseja uma boa festa caipira para todos e espera      que os participantes levem um chap&eacute;u de palha e se preparem para      dan&ccedil;ar a quadrilha!<\/p>\n<p align=\"justify\" class=\"texto\"><span class=\"texto\"><\/span><\/p>\n<p align=\"justify\">&nbsp; <\/p>\n<p>    <span class=\"texto\"><\/span><\/td>\n<\/tr>\n<p>  <!-- #BeginEditable \"materias\" --> <!-- #EndEditable -->  <\/table>\n<table border=\"0\" cellspacing=\"0\" cellpadding=\"0\">\n<tr>\n<td><\/td>\n<td><\/td>\n<\/tr>\n<tr>\n<td align=\"LEFT\" valign=\"TOP\"><\/td>\n<td align=\"LEFT\" valign=\"TOP\">\n<p><a name=\"aeventos2\" id=\"2\"><span class=\"titulo\">SOCIAIS<\/span><\/a><\/p>\n<p align=\"justify\" class=\"texto\"><strong>ANIVERS&Aacute;RIOS: <\/strong><em>&#8220;O      Sistem&aacute;tico&#8221; envia os parab&eacute;ns para Euler Xavier      de Oliveira, hoje, dia 07; Diego Brand&atilde;o Santos, no dia 08; Elza      Maria Guedes Rozinholi, no dia 10; e Paulo Couto Lessa, no dia 12. Os      parab&eacute;ns para os ex-ceconianos: Geraldo dos Reis, que foi no      dia 06; Ana L&uacute;cia Ribeiro Diniz (DRCA) e Carlos Gon&ccedil;alves      da Cruz (Cor&oacute;), no dia 07; Dante Grapi&uacute;na de Almeida,      no dia 08; Bernadeth Marques Gontijo Oliveira e Maria Manuela Martins      Tavares Reyes, no dia 09; Carlos Alberto Ribeiro Silva, no dia 13; e      Alfredo Ventura dos Anjos, no dia 14.<\/em><\/p>\n<p align=\"justify\" class=\"texto\"><strong>CALOURA: <\/strong><em>Na lista      de excedentes convocados no Vestibular 2011 encontra-se o nome de Carolina      Santos Alves, recepcionista do CECOM. Ela foi chamada para o Curso de      Gest&atilde;o P&uacute;blica. O Sistem&aacute;tico envia as felicita&ccedil;&otilde;es      &agrave; nova aluna da UFMG.<\/em><\/p>\n<p align=\"justify\" class=\"texto\"><span class=\"texto\"><\/span><\/p>\n<p align=\"justify\">&nbsp; <\/p>\n<p>    <span class=\"texto\"><\/span><\/td>\n<\/tr>\n<tr>\n<td align=\"LEFT\" valign=\"TOP\"><\/td>\n<td align=\"LEFT\" valign=\"TOP\">\n<p><a name=\"aeventos3\" id=\"3\"><span class=\"titulo\">MEM&Oacute;RIA      FOTOGR&Aacute;FICA DO CECOM<\/span><\/a><\/p>\n<p>     <span class=\"texto\"><font face=\"2\">Nada como lembrar de festas juninas      realizadas pelo CECOM no s&eacute;culo passado! As fotos desta semana      foram tiradas durante a realiza&ccedil;&atilde;o do Arrai&aacute; do      Byte Coxa, a tradicional Festa Junina do CECOM, no dia 04 de julho de      1997.<br \/>     A festa teve lugar na &aacute;rea central do pr&eacute;dio da Imprensa      da UFMG, com direito a jogos, como pescaria e argolas. <br \/>     A m&aacute;quina fotogr&aacute;fica pertence &agrave; Lel&eacute;, mas      v&aacute;rios participantes foram autores de algumas fotos.<\/font><\/span><\/p>\n<p align=\"center\"><img loading=\"lazy\" decoding=\"async\" src=\"https:\/\/www.ufmg.br\/dti\/wp-content\/uploads\/fotos\/07_07_11\/festa-junina_1997-01.JPG\" width=\"342\" height=\"500\"><br \/>     <span class=\"texto\"><em><font face=\"1\">O cumpadre e as cumadres: Lel&eacute;,      Rubens e Xina<\/font><\/em><\/span> <\/p>\n<p align=\"center\"> <img loading=\"lazy\" decoding=\"async\" src=\"https:\/\/www.ufmg.br\/dti\/wp-content\/uploads\/fotos\/07_07_11\/festa-junina_1997-05.JPG\" width=\"321\" height=\"500\"><br \/>     <span class=\"texto\"><em><font face=\"1\">V&iacute;tor, Lords e Carlos      Alfeu<\/font><\/em><\/span> <\/p>\n<p align=\"center\"><span class=\"texto\"><img loading=\"lazy\" decoding=\"async\" src=\"https:\/\/www.ufmg.br\/dti\/wp-content\/uploads\/fotos\/07_07_11\/festa-junina_1997-04.JPG\" width=\"500\" height=\"332\"><br \/>     <em><font face=\"1\">Carlos Roberto, Clarice e Alda<\/font><\/em> <\/span><\/p>\n<p align=\"center\"><img loading=\"lazy\" decoding=\"async\" src=\"https:\/\/www.ufmg.br\/dti\/wp-content\/uploads\/fotos\/07_07_11\/festa-junina_1997-02.JPG\" width=\"500\" height=\"323\"><br \/>     <span class=\"texto\"><em><font face=\"1\">Carlos Roberto, Vicentina e B&aacute;rbara<\/font><\/em><\/span>     <\/p>\n<p align=\"center\"><img loading=\"lazy\" decoding=\"async\" src=\"https:\/\/www.ufmg.br\/dti\/wp-content\/uploads\/fotos\/07_07_11\/festa-junina_1997-03.JPG\" width=\"500\" height=\"335\"><br \/>     <span class=\"texto\"><em><font face=\"1\">Tudo pronto para a pescaria!<\/font><\/em><\/span>     <\/p>\n<p align=\"justify\"><span class=\"texto\"><a href=\"\/dti\/#topo\"><br \/>     <img loading=\"lazy\" decoding=\"async\" src=\"https:\/\/www.ufmg.br\/dti\/wp-content\/uploads\/imgs\/tudo_topo.gif\" width=\"35\" height=\"11\" alt=\"\" border=\"0\" hspace=\"0\" vspace=\"0\" align=\"right\"><\/a><\/span><\/p>\n<\/td>\n<\/tr>\n<p>  <!-- #BeginEditable \"materias\" --> <!-- #EndEditable -->  <\/table>\n<p> <!-- fim noticias --> <\/p>\n<table border=\"0\" cellpadding=\"0\" cellspacing=\"0\">\n<tr>\n<td align=\"LEFT\" valign=\"TOP\">&nbsp;<\/td>\n<td align=\"LEFT\" valign=\"TOP\">&nbsp;<\/td>\n<\/tr>\n<p>  <!-- #BeginEditable \"materias\" --> <!-- #EndEditable -->  <\/table>\n<\/div>\n","protected":false},"excerpt":{"rendered":"<p>Not\u00edcias CECOM INVESTE EM TREINAMENTO NO LINUX ESTAT&Iacute;STICAS DE ACESSO DO SERVI&Ccedil;O PROXY HTTP Informativo ESTAT&Iacute;STICAS DE SISTEMA ANTI-SPAM DE JUNHO\/2011 DICAS DE SITES INTERESSANTES UFMG LIBERA LISTA DE EXCEDENTES CONVOCADOS DO VESTIBULAR 2011 43&ordm; FESTIVAL DE INVERNO DA UFMG H\u00e1 20 anos&#8230; Eventos ARRAI&Aacute; DO BYTE COXA SOCIAIS MEM&Oacute;RIA FOTOGR&Aacute;FICA DO CECOM Vers\u00e3o em &#8230; <a title=\"Sistem\u00e1tico: Edi\u00e7\u00e3o 1519 &#8211; 07\/07\/2011\" class=\"read-more\" href=\"https:\/\/www.ufmg.br\/dti\/2011\/07\/07\/sistematico-edicao-1519-07072011\/\" aria-label=\"Read more about Sistem\u00e1tico: Edi\u00e7\u00e3o 1519 &#8211; 07\/07\/2011\">Ler mais<\/a><\/p>\n","protected":false},"author":3,"featured_media":0,"comment_status":"open","ping_status":"open","sticky":false,"template":"","format":"standard","meta":{"inline_featured_image":false,"footnotes":""},"categories":[13],"tags":[],"coauthors":[79],"class_list":["post-2948","post","type-post","status-publish","format-standard","hentry","category-sistematico"],"_links":{"self":[{"href":"https:\/\/www.ufmg.br\/dti\/wp-json\/wp\/v2\/posts\/2948","targetHints":{"allow":["GET"]}}],"collection":[{"href":"https:\/\/www.ufmg.br\/dti\/wp-json\/wp\/v2\/posts"}],"about":[{"href":"https:\/\/www.ufmg.br\/dti\/wp-json\/wp\/v2\/types\/post"}],"author":[{"embeddable":true,"href":"https:\/\/www.ufmg.br\/dti\/wp-json\/wp\/v2\/users\/3"}],"replies":[{"embeddable":true,"href":"https:\/\/www.ufmg.br\/dti\/wp-json\/wp\/v2\/comments?post=2948"}],"version-history":[{"count":0,"href":"https:\/\/www.ufmg.br\/dti\/wp-json\/wp\/v2\/posts\/2948\/revisions"}],"wp:attachment":[{"href":"https:\/\/www.ufmg.br\/dti\/wp-json\/wp\/v2\/media?parent=2948"}],"wp:term":[{"taxonomy":"category","embeddable":true,"href":"https:\/\/www.ufmg.br\/dti\/wp-json\/wp\/v2\/categories?post=2948"},{"taxonomy":"post_tag","embeddable":true,"href":"https:\/\/www.ufmg.br\/dti\/wp-json\/wp\/v2\/tags?post=2948"},{"taxonomy":"author","embeddable":true,"href":"https:\/\/www.ufmg.br\/dti\/wp-json\/wp\/v2\/coauthors?post=2948"}],"curies":[{"name":"wp","href":"https:\/\/api.w.org\/{rel}","templated":true}]}}