{"id":2950,"date":"2011-06-16T08:00:00","date_gmt":"2011-06-16T08:00:00","guid":{"rendered":"https:\/\/www.ufmg.br\/dti\/cecom\/?p=1112"},"modified":"2011-06-16T08:00:00","modified_gmt":"2011-06-16T08:00:00","slug":"sistematico-edicao-1517-16062011","status":"publish","type":"post","link":"https:\/\/www.ufmg.br\/dti\/2011\/06\/16\/sistematico-edicao-1517-16062011\/","title":{"rendered":"Sistem\u00e1tico: Edi\u00e7\u00e3o 1517 &#8211; 16\/06\/2011"},"content":{"rendered":"<ul>\n<li><a href=\"\/dti\/#noticias\">Not\u00edcias<\/a>\n<div class='submenuSistematico'>\n<ul>\n<li><a href=\"\/dti\/#anoticias1\" id=\"1\"><span class=\"titulo\">CECOM     ENCERRA FASE DE TESTES DA REDE SEM FIO<\/span><\/a><\/li>\n<li><a href=\"\/dti\/#anoticias2\" id=\"2\"><span class=\"titulo\">DIRETOR      DA DTI PARTICIPA DE EVENTO DO TCU<\/span><\/a><\/li>\n<li><a href=\"\/dti\/#anoticias3\" id=\"3\"><span class=\"titulo\">REGISTRO      ACAD&Ecirc;MICO PARA APROVADOS DO VESTIBULAR 2011 VAI AT&Eacute; 17      DE JUNHO<\/span><\/a><\/li>\n<li><a href=\"\/dti\/#anoticias4\" id=\"4\"><span class=\"titulo\">O      SISTEM&Aacute;TICO COMPLETA 34 ANOS<\/span><\/a><\/li>\n<\/ul>\n<\/div>\n<\/li>\n<li><a href=\"\/dti\/#informativo\">Informativo<\/a>\n<div class='submenuSistematico'>\n<ul>\n<li><a href=\"\/dti\/#ainformativo1\" id=\"1\"><span class=\"titulo\">DICAS      DE SITES INTERESSANTES<\/span><\/a><\/li>\n<li><a href=\"\/dti\/#ainformativo2\" id=\"2\"><span class=\"titulo\">INSCRI&Ccedil;&Otilde;ES      PARA OFICINAS COM SELE&Ccedil;&Atilde;O PARA O 43&ordm; FESTIVAL DE      INVERNO TERMINAM NESTA SEXTA-FEIRA<\/span><\/a><\/li>\n<li><a href=\"\/dti\/#ainformativo3\" id=\"3\"><span class=\"titulo\">GREVE      SUSPENDE CIRCULA&Ccedil;&Atilde;O DO BOLETIM E REDUZ NOTICI&Aacute;RIO      DO PORTAL DA UFMG<\/span><\/a><\/li>\n<li><a href=\"\/dti\/#ainformativo4\" id=\"4\"><span class=\"titulo\">EDI&Ccedil;&Atilde;O      DA PR&Oacute;XIMA SEMANA<\/span><\/a><\/li>\n<li><a href=\"\/dti\/#ainformativo5\" id=\"5\"><img loading=\"lazy\" decoding=\"async\" src=\"https:\/\/www.ufmg.br\/dti\/wp-content\/uploads\/imgs\/tudo_pixel.gif\" width=\"1\" height=\"8\" alt=\"\" border=\"0\"><br \/>      <span class=\"titulo\">H\u00e1 20 anos&#8230;<\/span><\/a><\/li>\n<\/ul>\n<\/div>\n<\/li>\n<li><a href=\"\/dti\/#eventos\">Eventos<\/a>\n<div class='submenuSistematico'>\n<ul>\n<li><a href=\"\/dti\/#aeventos1\" id=\"1\"><span class=\"titulo\">SOCIAIS<\/span><\/a><\/li>\n<li><a href=\"\/dti\/#aeventos2\" id=\"2\"><span class=\"titulo\">MEM&Oacute;RIA      FOTOGR&Aacute;FICA DO CECOM<\/span><\/a><\/li>\n<\/ul>\n<\/div>\n<\/li>\n<\/ul>\n<ul class='pdfSist'>\n<li><a href=\"https:\/\/www.ufmg.br\/dti\/wp-content\/uploads\/Sistematico_PDF\/Sist21_2011-A4.pdf\"><img loading=\"lazy\" decoding=\"async\" src=\"https:\/\/www.ufmg.br\/dti\/wp-content\/uploads\/Sistematico_PDF\/mini_pdf.gif\" width=\"30\" height=\"53\" border=\"0\"> Vers\u00e3o em PDF<\/a><\/li>\n<\/ul>\n<p> <a name='noticias'><\/a><\/p>\n<h4>Not\u00edcias<\/h4>\n<div class=\"centro-sistematico\">  <!-- noticias --> <a><\/a>  <\/p>\n<table border=\"0\" cellspacing=\"0\" cellpadding=\"0\">\n<tr>\n<td><\/td>\n<td><\/td>\n<\/tr>\n<tr>\n<td align=\"LEFT\" valign=\"TOP\"><\/td>\n<td align=\"LEFT\" valign=\"TOP\"> <a name=\"anoticias1\" id=\"1\"><span class=\"titulo\">CECOM     ENCERRA FASE DE TESTES DA REDE SEM FIO<\/span><\/a> <\/p>\n<p align=\"justify\"><span class=\"texto\">      Na &uacute;ltima semana, a DRC &#8211; Divis&atilde;o de Redes de Comunica&ccedil;&atilde;o      do CECOM &#8211; resolveu as &uacute;ltimas pend&ecirc;ncias relativas &agrave;      configura&ccedil;&atilde;o b&aacute;sica dos equipamentos da rede sem      fio da UFMG. Os testes envolveram a configura&ccedil;&atilde;o de equipamentos      instalados dentro e fora da universidade, estes &uacute;ltimos simulando      o ambiente encontrado em eventos externos que contam com a participa&ccedil;&atilde;o      da UFMG.<br \/>     Nesta quarta-feira, dia 15, chegaram ao CECOM Daniel Ulba dos Santos,      Supervisor de Projetos Wireless da Agora Telecom, empresa que venceu      a licita&ccedil;&atilde;o, e Luiz Fernando de Oliveira, Engenheiro de      Solu&ccedil;&otilde;es Wireless da Motorola Solutions, fabricante dos      equipamentos. Em reuni&otilde;es com David Eust&aacute;quio da Silva      e Fernando Frota Machado de Morais foram abordados detalhes sobre montagem      de redes para atendimento a visitantes e eventos (hot spots), uso das      ferramentas de detec&ccedil;&atilde;o de abusos, bloqueio de equipamentos      de usu&aacute;rios e configura&ccedil;&atilde;o avan&ccedil;ada de par&acirc;metros      utilizados na rede sem fio. Al&eacute;m das informa&ccedil;&otilde;es      t&eacute;cnicas, tamb&eacute;m foram repassados v&aacute;-rios documentos      que descrevem em detalhes diversos aspectos da programa&ccedil;&atilde;o      dos equipamentos e vers&otilde;es atualizadas dos softwares utilizados.<br \/>     Esta visita marca o final da fase de testes dos equipamentos em laborat&oacute;rio,      que deveria ter acontecido no dia 29 de maio passado.<br \/>     At&eacute; o pr&oacute;ximo dia 22, de acordo com o cronograma apresentado      &agrave;s escolas e administradores de rede, o CECOM dever&aacute; definir      a topologia final da rede sem fio e instalar de maneira definitva os      equipamentos de ger&ecirc;ncia. Al&eacute;m disto, na pr&oacute;xima      semana come&ccedil;ar&atilde;o a ser entregues &agrave;s unidades os      equipamentos destinados &agrave; realiza&ccedil;&atilde;o de testes      para determina&ccedil;&atilde;o da localiza&ccedil;&atilde;o dos Pontos      de Acesso (Access Points) nos pr&eacute;dios acad&ecirc;micos<\/span><span class=\"texto\">.<\/span>     <\/p>\n<p align=\"center\"><em><img loading=\"lazy\" decoding=\"async\" src=\"https:\/\/www.ufmg.br\/dti\/wp-content\/uploads\/fotos\/16_06_2011\/Reuniao_RedeSem%20Fio_150611.jpg\" width=\"500\" height=\"375\">      <span class=\"texto\"><em><font face=\"1\">Daniel, Frota, Luiz, David<\/font><\/em><\/span>      <br \/>     <\/em> <\/p>\n<p>    <span class=\"texto\"><\/span><\/td>\n<\/tr>\n<tr>\n<td align=\"LEFT\" valign=\"TOP\"><\/td>\n<td align=\"LEFT\" valign=\"TOP\">\n<p><a name=\"anoticias2\" id=\"2\"><span class=\"titulo\">DIRETOR      DA DTI PARTICIPA DE EVENTO DO TCU<\/span><\/a><\/p>\n<p align=\"left\"><span class=\"texto\">Est&aacute; sendo realizado hoje,      dia 16, em Bras&iacute;lia\/DF, pelo TCU &#8211; Tribunal de Contas da Uni&atilde;o,      o evento &#8220;Papel da Alta Administra&ccedil;&atilde;o na Governan&ccedil;a      de TI&#8221;. O encontro visa apresentar o cen&aacute;rio de governan&ccedil;a      de Tecnologia da Informa&ccedil;&atilde;o na Administra&ccedil;&atilde;o      P&uacute;blica Federal, cuja melhoria depende da participa&ccedil;&atilde;o      direta da alta administra&ccedil;&atilde;o.<br \/>     Representando a UFMG est&aacute; participando do evento o professor      Luciano de Errico, Diretor de Tecnologia da Informa&ccedil;&atilde;o      da UFMG.<\/span><span class=\"texto\"><br \/>     <\/span><\/p>\n<p>    <span class=\"texto\">     <\/p>\n<p>    <\/span><\/td>\n<\/tr>\n<tr>\n<td align=\"LEFT\" valign=\"TOP\"><\/td>\n<td align=\"LEFT\" valign=\"TOP\">\n<p><a name=\"anoticias3\" id=\"3\"><span class=\"titulo\">REGISTRO      ACAD&Ecirc;MICO PARA APROVADOS DO VESTIBULAR 2011 VAI AT&Eacute; 17      DE JUNHO<\/span><\/a><\/p>\n<p align=\"left\"><span class=\"texto\">Pela segunda vez, o Departamento de      Registro e Controle Acad&ecirc;mico (DRCA) est&aacute; recepcionando      os candidatos aprovados para 1&ordf; e 2&ordf; entrada no Vestibular      em datas diferenciadas. Em mar&ccedil;o deste ano foram recepcio-nados      3.823 candidatos aprovados para a 1&ordf; entrada no Vestibular da UFMG      de 2011. No per&iacute;odo de 13 a 17 de junho de 2011, os 2.491 candidatos      restantes, aprovados para 2&ordf; entrada, fazem seu registro acad&ecirc;mico.<br \/>     Desde 2003, o registro acad&ecirc;mico e a matr&iacute;cula dos calouros      s&atilde;o realizados de forma centralizada, evitando o deslocamento      dos calouros para as unidades acad&ecirc;micas.<br \/>     O Registro Acad&ecirc;mico &eacute; realizado no Audit&oacute;rio da      Comiss&atilde;o Permanente de Vestibular (COPEVE), situado no pr&eacute;dio      da Unidade Administrativa III da UFMG, no Campus da Pampulha, onde funciona      o DRCA, e conta com 22 computadores e 5 impressoras a laser. <br \/>     A escala de atendimento aos diversos cursos, distribuindo-os ao longo      da semana por dias e hor&aacute;rios espec&iacute;ficos, prev&ecirc;      a m&eacute;dia de registro de 500 calouros por dia e pode ser consultada      no endere&ccedil;o http:\/\/www.ufmg.br\/drca\/escala_atendimento_regmat_2011.htm.      Desde 2005, o DRCA disponibiliza o sistema que permite ao calouro preencher      previamente a ficha de registro acad&ecirc;mico facilitando assim todo      o processo. O preenchimento desta ficha de registro &eacute; feito exclusivamente      pela internet. A ficha de registro acad&ecirc;mico dever&aacute; ser      preenchida no endere&ccedil;o https:\/\/sistemas. ufmg.br\/formulariocalouro\/,      utilizando-se o n&uacute;mero de inscri&ccedil;&atilde;o e a senha usados      no Concurso Vestibular.<br \/>     Todo o trabalho de recep&ccedil;&atilde;o aos calouros est&aacute; sendo      organizado por Roberto de Siqueira, sob a coordena&ccedil;&atilde;o      de Ana L&uacute;cia Ribeiro Diniz, do DRCA, e conta ainda com a colabora&ccedil;&atilde;o      do CECOM, da COPEVE, da FUMP e do LCC. Pelo CECOM, diversas pessoas      est&atilde;o envolvidas em tarefas relacionadas &agrave; prepara&ccedil;&atilde;o      do registro acad&ecirc;mico. Mais especificamente as equipes da DAS      e da DAC. Esta &uacute;ltima oferece suporte t&eacute;cnico de acordo      com escala de plant&atilde;o. O LCC est&aacute; entregando aos calouros      que confirmarem o seu registro um kit necess&aacute;rio para obter o      seu login e senha de acesso ao Portal minhaUFMG. O kit &eacute; composto      de um cart&atilde;o pl&aacute;stico personalizado que ter&aacute; impresso      os n&uacute;meros NIP, acompanhado de um folder explicativo dos servi&ccedil;os      que s&atilde;o disponibilizados pela DTI. No Portal, os alunos ter&atilde;o      &agrave; sua disposi&ccedil;&atilde;o servi&ccedil;os como e-mail, di&aacute;rio      eletr&ocirc;nico, um espa&ccedil;o espec&iacute;fico para cada uma das      disciplinas em que estiver matriculado, acesso &agrave;s informa&ccedil;&otilde;es      do seu registro acad&ecirc;mico, dentre outros.<br \/>     .<\/span><\/p>\n<p align=\"center\"><span class=\"texto\"><img loading=\"lazy\" decoding=\"async\" src=\"https:\/\/www.ufmg.br\/dti\/wp-content\/uploads\/fotos\/16_06_2011\/Registro_02-2011_01.jpg\" width=\"450\" height=\"338\"><br \/>     <em><span class=\"texto\"><em><font face=\"1\">A recep&ccedil;&atilde;o      aos calouros<\/font><\/em><\/span><\/em> <\/span><\/p>\n<p align=\"center\"><img loading=\"lazy\" decoding=\"async\" src=\"https:\/\/www.ufmg.br\/dti\/wp-content\/uploads\/fotos\/16_06_2011\/Registro_02-2011_02.jpg\" width=\"450\" height=\"338\"><\/p>\n<p align=\"center\"><span class=\"texto\"><img loading=\"lazy\" decoding=\"async\" src=\"https:\/\/www.ufmg.br\/dti\/wp-content\/uploads\/fotos\/16_06_2011\/Registro_02-2011_03.jpg\" width=\"450\" height=\"338\"><br \/>     <\/span><\/p>\n<p>    <span class=\"texto\">     <\/p>\n<p>    <\/span><\/td>\n<\/tr>\n<tr>\n<td align=\"LEFT\" valign=\"TOP\"><\/td>\n<td align=\"LEFT\" valign=\"TOP\">\n<p><a name=\"anoticias4\" id=\"4\"><span class=\"titulo\">O      SISTEM&Aacute;TICO COMPLETA 34 ANOS<\/span><\/a><\/p>\n<p align=\"left\"><span class=\"texto\">Hoje, dia 16 de junho de 2011, O Sistem&aacute;tico      completa 34 anos de exist&ecirc;ncia. Mais uma vela no bolo e, novamente,      os agradecimentos a todos os seus leitores ceconianos, ex-ceconianos      e n&atilde;o ceconianos por todo o trabalho apresentado ao longo destes      anos.<br \/>     Este ano, O Sistem&aacute;tico chegou &agrave; marca de 1500 edi&ccedil;&otilde;es      e, agora, muitos perguntam: &#8220;- Ser&aacute; que vai chegar &agrave;      edi&ccedil;&atilde;o 2000?&#8221;<br \/>     Isto n&atilde;o se pode prever, mas uma coisa &eacute; certa. Ele continuar&aacute;      a relatar os feitos do Centro de Computa&ccedil;&atilde;o e de sua equipe      com a mesma alegria que o impulsionou at&eacute; agora.<br \/>     Feliz Anivers&aacute;rio para O Sistem&aacute;tico e tamb&eacute;m para      todos que o incentivaram e torceram pela sua perman&ecirc;ncia no CECOM.      <\/span><\/p>\n<p align=\"center\"><img loading=\"lazy\" decoding=\"async\" src=\"https:\/\/www.ufmg.br\/dti\/wp-content\/uploads\/fotos\/16_06_2011\/sist.JPG\" width=\"208\" height=\"262\"><br \/>     <span class=\"texto\"><em><span class=\"texto\"><em><font face=\"1\">Cria&ccedil;&atilde;o      de Luiz Carlos Campos<\/font><\/em><\/span><\/em><\/span>     <\/p>\n<p align=\"left\"><span class=\"texto\"><br \/>     .<\/span><span class=\"texto\"><br \/>     .<\/span><\/p>\n<p>    <span class=\"texto\">     <\/p>\n<p>    <\/span><\/td>\n<\/tr>\n<p>  <!-- #BeginEditable \"materias\" --> <!-- #EndEditable -->  <\/table>\n<p> <!-- fim noticias --><\/div>\n<p><a name='informativo'><\/a><\/p>\n<h4>Informativo<\/h4>\n<div class=\"centro-sistematico\">  <!-- noticias --> <a><\/a>  <\/p>\n<table border=\"0\" cellspacing=\"0\" cellpadding=\"0\">\n<tr>\n<td><\/td>\n<td><\/td>\n<\/tr>\n<p>  <!-- #BeginEditable \"materias\" --> <!-- #EndEditable -->  <\/table>\n<p> <!-- fim noticias --> <!-- tabela ha 20 anos --> <\/p>\n<table border=\"0\" cellpadding=\"0\" cellspacing=\"0\" bgcolor=\"#FFFFFF\">\n<tr>\n<td align=\"LEFT\" valign=\"TOP\"><\/td>\n<td align=\"LEFT\" valign=\"TOP\">\n<p align=\"left\"><span class=\"texto\"><a name=\"ainformativo1\" id=\"1\"><span class=\"titulo\">DICAS      DE SITES INTERESSANTES<\/span><\/a><\/span><\/p>\n<p align=\"justify\"><span class=\"texto\">Adyrus, o ca&ccedil;ador de sites,      enviou as seguintes dicas:<\/p>\n<p>     SoundCloud &eacute; uma plataforma que coloca o som no cora&ccedil;&atilde;o      das comunidades, sites e at&eacute; mesmo aplicativos. Assista conversas,      conex&otilde;es e experi&ecirc;ncias sociais com o seu som no <a href=\"http:\/\/soundcloud.com\">endere&ccedil;o<\/a>.(Site      em Ingl&ecirc;s)<\/p>\n<p>     &#8211; O Festival de Bras&iacute;lia do Cinema Brasileiro chega a 2011 totalmente      reformulado e pronto para recuperar o posto de um dos mais importantes      do pa&iacute;s. As inscri&ccedil;&otilde;es j&aacute; est&atilde;o abertas      e podem ser feitas no site do Festival <a href=\"http:\/\/www.festbrasilia.com.br\/2011\/\">aqui<\/a>.<\/p>\n<p>     &#8211; Coloque sua empresa no mundo. Parceria Google e Sebrae. Quer saber      como? Ent&atilde;o, <a href=\"http:\/\/www.conecte%20seunegocio.com.br\/\">saiba      mais<\/a>.<\/p>\n<p>     &#8211; A Escola de Televis&atilde;o oferece cursos On Line para capacitar      profissionais para TV. A escola de televis&atilde;o est&aacute; em sintonia      com a sociedade e o mercado audiovisual eletr&ocirc;nico. <a href=\"http:\/\/www.escoladetelevisao.com.br\/livro\/index.php\">Visite<\/a>.<\/p>\n<p>     &#8211; O governador Tarso Genro lan&ccedil;ou oficialmente o Gabinete Digital      no dia 24 de maio. Cerca de 200 pessoas compareceram ao evento. Entre      elas, alguns blogueiros e tuiteiros, como o jornalista Paulo Henrique      Amorim, do site Conversa Afiada, que desejou sorte ao governador. &#8220;Espero      ardentemente que esse Gabinete Digital seja um &#8220;tormento&#8217;      para o senhor&#8221;, no sentido de estabecer uma comunica&ccedil;&atilde;o      direta com o cidad&atilde;o, podendo ouvir as mais diversas opini&otilde;es.      <a href=\"http:\/\/www.gabdigital.rs.%20gov.br\/especial.php?pagina=audiencia&amp;%20cod_conteudo=344\">Leia      mais<\/a>.<\/p>\n<p>     Fa&ccedil;a <a href=\"http:\/\/www.gamersfirst.com\/age-gate\/\">download<\/a>      dos jogos ou jogue On Line: <br \/>     &#8211; <a href=\"http:\/\/www.play4free.com\/homeb\">Play4<\/a><br \/>     &#8211; <a href=\"http:\/\/ava.ijji.com\/\">Ava<\/a><br \/>     &#8211; <a href=\"http:\/\/www.teagames.com\/\">Tea Games<\/a><\/p>\n<p>     Dica do Edgar, da DRC: <br \/>     &#8211; Um curso de IPv6 de linguagem f&aacute;cil e entendimento simples      se encontra no <a href=\"http:\/\/curso.ipv6.br\/elearning\/\">endere&ccedil;o<\/a>.<\/span><\/p>\n<p align=\"center\"><span class=\"texto\"><\/span><span class=\"texto\"><br \/>     <\/span>    <\/p>\n<\/td>\n<\/tr>\n<tr>\n<td align=\"LEFT\" valign=\"TOP\"><\/td>\n<td align=\"LEFT\" valign=\"TOP\">\n<p align=\"left\"><span class=\"texto\"><a name=\"ainformativo2\" id=\"2\"><span class=\"titulo\">INSCRI&Ccedil;&Otilde;ES      PARA OFICINAS COM SELE&Ccedil;&Atilde;O PARA O 43&ordm; FESTIVAL DE      INVERNO TERMINAM NESTA SEXTA-FEIRA<\/span><\/a><\/span><\/p>\n<p align=\"justify\"><span class=\"texto\">ATerminam nesta sexta-feira, dia      17 de junho, as inscri&ccedil;&otilde;es para as oficinas com sele&ccedil;&atilde;o      do 43&ordm; Festival de Inverno da UFMG, que acontece de 8 de julho      a 7 de agosto nas cidades de Tiradentes, Cataguases, Diamantina, Belo      Horizonte e Brumadinho. O registro pode ser feito no <a href=\"\/dti\/www.cursoseeventos.ufmg.br\">site<\/a>.      As oficinas com inscri&ccedil;&atilde;o ser&atilde;o realizadas durante      o m&oacute;dulo II (Cataguases &#8211; 14 a 24 de julho) e III (Diamantina      &#8211; 17 a 29 de julho) e t&ecirc;m custo de R$ 40 para adultos e R$ 20      para crian&ccedil;as de at&eacute; 12 anos. <br \/>     O resultado ser&aacute; divulgado no site e nos postos de atendimento      da Fundep &agrave;s 15h do dia 22 de junho. Ap&oacute;s a libera&ccedil;&atilde;o      da lista de aprovados, a matr&iacute;cula dever&aacute; ser efetuada      entre 27 de junho e 8 de julho e o valor das taxas varia de acordo com      o m&oacute;dulo. <br \/>     As oficinas que n&atilde;o necessitam de processo seletivo receber&atilde;o      matr&iacute;culas do dia 27 de junho a 13 de julho. <br \/>     A programa&ccedil;&atilde;o completa e outras informa&ccedil;&otilde;es      sobre o 43&ordm; Festival de Inverno da UFMG est&atilde;o dispon&iacute;veis      no <a href=\"\/dti\/www.ufmg.br\/festival\">site<\/a>. <br \/>     <em>(Fonte: Assessoria de Imprensa Cedecom\/UFMG &#8211; 14\/06\/2011)<\/em><\/span><\/p>\n<p align=\"center\"><span class=\"texto\"><\/span><span class=\"texto\"><br \/>     <\/span>    <\/p>\n<\/td>\n<\/tr>\n<tr>\n<td align=\"LEFT\" valign=\"TOP\"><\/td>\n<td align=\"LEFT\" valign=\"TOP\">\n<p align=\"left\"><span class=\"texto\"><a name=\"ainformativo3\" id=\"3\"><span class=\"titulo\">GREVE      SUSPENDE CIRCULA&Ccedil;&Atilde;O DO BOLETIM E REDUZ NOTICI&Aacute;RIO      DO PORTAL DA UFMG<\/span><\/a><\/span><\/p>\n<p align=\"left\"><span class=\"texto\">O Boletim da UFMG n&atilde;o circular&aacute;      durante a greve dos servidores t&eacute;cnicos e administrativos em      educa&ccedil;&atilde;o, deflagrada na &uacute;ltima quinta-feira, dia      9. A paralisa&ccedil;&atilde;o, inclusive, comprometeu a distribui&ccedil;&atilde;o      da &uacute;ltima edi&ccedil;&atilde;o, que pode ser lida em <a href=\"http:\/\/www.ufmg.br\/boletim\/bol1742\/\">aqui<\/a>,      na vers&atilde;o on-line. Durante o movimento, o notici&aacute;rio do      Portal da UFMG ser&aacute; mantido com conte&uacute;do reduzido.<br \/>     <em>(Fonte: http:\/\/www.ufmg.br\/online\/arquivos\/019728.shtml &#8211; 15\/06\/2011)<\/em><\/span><\/p>\n<p align=\"center\"><span class=\"texto\"><\/span><span class=\"texto\"><br \/>     <\/span>    <\/p>\n<\/td>\n<\/tr>\n<tr>\n<td align=\"LEFT\" valign=\"TOP\"><\/td>\n<td align=\"LEFT\" valign=\"TOP\">\n<p align=\"left\"><span class=\"texto\"><a name=\"ainformativo4\" id=\"4\"><span class=\"titulo\">EDI&Ccedil;&Atilde;O      DA PR&Oacute;XIMA SEMANA<\/span><\/a><\/span><\/p>\n<p align=\"justify\"><span class=\"texto\">Devido ao feriado de Corpus Christi,      no dia 23 de junho, quinta-feira da pr&oacute;xima semana, O Sistem&aacute;tico      n&atilde;o ser&aacute; publicado. Ele retorna no dia 30 de junho.<\/span><\/p>\n<p align=\"center\"><span class=\"texto\"><\/span><span class=\"texto\"><br \/>     <\/span>    <\/p>\n<\/td>\n<\/tr>\n<tr>\n<td width=\"12\" align=\"LEFT\" valign=\"TOP\"><\/td>\n<td width=\"538\" align=\"LEFT\" valign=\"TOP\">&nbsp;<\/td>\n<\/tr>\n<p>  <!-- #BeginEditable \"materias\" --> <!-- #EndEditable -->  <\/table>\n<table border=\"0\" cellspacing=\"0\" cellpadding=\"0\" class=\"cinza\">\n<tr>\n<td><img loading=\"lazy\" decoding=\"async\" src=\"https:\/\/www.ufmg.br\/dti\/wp-content\/uploads\/imgs\/tudo_pixel.gif\" width=\"1\" height=\"1\" alt=\"\" border=\"0\"><\/td>\n<td><img loading=\"lazy\" decoding=\"async\" src=\"https:\/\/www.ufmg.br\/dti\/wp-content\/uploads\/imgs\/tudo_pixel.gif\" width=\"19\" height=\"1\" alt=\"\" border=\"0\"><\/td>\n<td><img loading=\"lazy\" decoding=\"async\" src=\"https:\/\/www.ufmg.br\/dti\/wp-content\/uploads\/imgs\/tudo_pixel.gif\" width=\"510\" height=\"1\" alt=\"\" border=\"0\"><\/td>\n<td><img loading=\"lazy\" decoding=\"async\" src=\"https:\/\/www.ufmg.br\/dti\/wp-content\/uploads\/imgs\/tudo_pixel.gif\" width=\"19\" height=\"1\" alt=\"\" border=\"0\"><\/td>\n<td><img loading=\"lazy\" decoding=\"async\" src=\"https:\/\/www.ufmg.br\/dti\/wp-content\/uploads\/imgs\/tudo_pixel.gif\" width=\"1\" height=\"1\" alt=\"\" border=\"0\"><\/td>\n<\/tr>\n<tr>\n<td class=\"vermelho\" colspan=\"5\"><img loading=\"lazy\" decoding=\"async\" src=\"https:\/\/www.ufmg.br\/dti\/wp-content\/uploads\/imgs\/tudo_pixel.gif\" width=\"1\" height=\"1\" alt=\"\" border=\"0\"><\/td>\n<\/tr>\n<tr>\n<td class=\"vermelho\"><img loading=\"lazy\" decoding=\"async\" src=\"https:\/\/www.ufmg.br\/dti\/wp-content\/uploads\/imgs\/tudo_pixel.gif\" width=\"1\" height=\"1\" alt=\"\" border=\"0\"><\/td>\n<td><img loading=\"lazy\" decoding=\"async\" src=\"https:\/\/www.ufmg.br\/dti\/wp-content\/uploads\/imgs\/tudo_pixel.gif\" width=\"1\" height=\"1\" alt=\"\" border=\"0\"><\/td>\n<td align=\"LEFT\" valign=\"TOP\"><!-- #BeginEditable \"ha%2020%20anos\" -->     <\/p>\n<div align=\"justify\">\n<p><a name=\"ainformativo5\" id=\"5\"><img loading=\"lazy\" decoding=\"async\" src=\"https:\/\/www.ufmg.br\/dti\/wp-content\/uploads\/imgs\/tudo_pixel.gif\" width=\"1\" height=\"8\" alt=\"\" border=\"0\"><br \/>      <span class=\"titulo\">H\u00e1 20 anos&#8230;<\/span><\/a><\/p>\n<p>      <span class=\"texto\">H&aacute; 20 anos, O Sistem&aacute;tico n&atilde;o       circulou devido &agrave; greve dos funcion&aacute;rios da UFMG. O       jornal somente voltou a ser publicado no in&iacute;cio do m&ecirc;s       de setembro de 1991.<\/span><span class=\"texto\"><strong><br \/>      <\/strong><\/span><\/p>\n<\/p><\/div>\n<div align=\"justify\"><\/div>\n<p>    <!-- #EndEditable --><br \/> <img loading=\"lazy\" decoding=\"async\" src=\"https:\/\/www.ufmg.br\/dti\/wp-content\/uploads\/imgs\/tudo_pixel.gif\" width=\"1\" height=\"8\" alt=\"\" border=\"0\"><\/td>\n<td><img loading=\"lazy\" decoding=\"async\" src=\"https:\/\/www.ufmg.br\/dti\/wp-content\/uploads\/imgs\/tudo_pixel.gif\" width=\"1\" height=\"1\" alt=\"\" border=\"0\"><\/td>\n<td class=\"vermelho\"><img loading=\"lazy\" decoding=\"async\" src=\"https:\/\/www.ufmg.br\/dti\/wp-content\/uploads\/imgs\/tudo_pixel.gif\" width=\"1\" height=\"1\" alt=\"\" border=\"0\"><\/td>\n<\/tr>\n<tr>\n<td class=\"vermelho\" colspan=\"5\"><img loading=\"lazy\" decoding=\"async\" src=\"https:\/\/www.ufmg.br\/dti\/wp-content\/uploads\/imgs\/tudo_pixel.gif\" width=\"1\" height=\"1\" alt=\"\" border=\"0\"><\/td>\n<\/tr>\n<\/table>\n<p> <!-- fim tabela ha 20 anos --><\/div>\n<p><a name='eventos'><\/a><\/p>\n<h4>Eventos<\/h4>\n<div class=\"centro-sistematico\">  <!-- noticias --> <\/p>\n<table border=\"0\" cellspacing=\"0\" cellpadding=\"0\">\n<tr>\n<td><\/td>\n<td><\/td>\n<\/tr>\n<tr>\n<td align=\"LEFT\" valign=\"TOP\"><\/td>\n<td align=\"LEFT\" valign=\"TOP\">\n<p><a name=\"aeventos1\" id=\"1\"><span class=\"titulo\">SOCIAIS<\/span><\/a><\/p>\n<p align=\"justify\" class=\"texto\"><strong>ANIVERS&Aacute;RIOS: <\/strong><em>&#8220;O      Sistem&aacute;tico&#8221; envia os parab&eacute;ns para: Ruana Keith      da Cunha Lopes, no dia 26; Carlos Roberto Alves Rodrigues. no dia 28;      e Pedro Henrique Begalli Rezende, no dia 29. Os parab&eacute;ns para      os ex-ceconianos: Ant&ocirc;nio Pedro Lima Santos, Luciana Martins da      Silva e Rui C&eacute;sar Andrade Pinho, no dia 16; Fernando Iran Fonseca      de Souza e Carlos Farina, no dia 17; Maria Aparecida Faria (Nina) e      S&iacute;lvio Nascimento de Abreu Bueno, no dia 18; Vicente Joel Prates      Cordeiro Valadares, no dia 20; M&iacute;lvia Batista de Miranda, no      dia 21; Marcos Aur&eacute;lio Nunes de Morais, Ros&acirc;ngela Martins      de Matos e Celso de Souza Lima, no dia 22; Maria Tereza Gon&ccedil;alves      Diniz, no dia 23; Jos&eacute; Jo&atilde;o Teixeira, no dia 24; Dilma      Trivelli Pimenta Sandrin, no dia 25; &Acirc;ngela Lage Ribeiro, Jos&eacute;      Eduardo Valle Santos e Ambr&oacute;sio Alves Moreira Filho, no dia 26;      Juliano Dantas Santos e Bruno Vieira dos Santos, no dia 27; Vicente      Tadeu Lopes Buono, no dia 28; e Rafael Viegas de Carvalho, no dia 30.<\/em><\/p>\n<p align=\"justify\" class=\"texto\"><span class=\"texto\"><\/span><\/p>\n<p align=\"justify\">&nbsp; <\/p>\n<p>    <span class=\"texto\"><\/span><\/td>\n<\/tr>\n<tr>\n<td align=\"LEFT\" valign=\"TOP\"><\/td>\n<td align=\"LEFT\" valign=\"TOP\">\n<p><a name=\"aeventos2\" id=\"2\"><span class=\"titulo\">MEM&Oacute;RIA      FOTOGR&Aacute;FICA DO CECOM<\/span><\/a><\/p>\n<p>     <span class=\"texto\"><font face=\"2\">As fotos desta semana foram tiradas      durante a realiza&ccedil;&atilde;o do Vestibular 2000 da UFMG, quando      v&aacute;rios ceconianos fizeram parte da Equipe de Informa&ccedil;&otilde;es      da Coordenadoria de Servi&ccedil;os. Foi um servi&ccedil;o muito interessante      e todos que trabalharam gostaram batante de ajudar candidatos e familiares      naquela correria que aprontavam para localizar os pr&eacute;dios no      Campus da Pampulha. As fotos s&atilde;o de autoria de Renato Righi e      do autom&aacute;tico da m&aacute;quina. <\/font><\/span><\/p>\n<p align=\"center\"><img loading=\"lazy\" decoding=\"async\" src=\"https:\/\/www.ufmg.br\/dti\/wp-content\/uploads\/fotos\/16_06_2011\/Vestibular_2000-1.jpg\" width=\"450\" height=\"291\"><br \/>     <em><span class=\"texto\"><em><font face=\"1\">Lel&eacute; e Wilson, do      3o andar<\/font><\/em><\/span><\/em><\/p>\n<p align=\"center\"> <img loading=\"lazy\" decoding=\"async\" src=\"https:\/\/www.ufmg.br\/dti\/wp-content\/uploads\/fotos\/16_06_2011\/Vestibular_2000-2.jpg\" width=\"450\" height=\"290\"><br \/>     <em><span class=\"texto\"><em><font face=\"1\">Rubens (em p&eacute;), Beth,      Tim&eacute;, Lel&eacute;, Vicentina e Alda<\/font><\/em><\/span><\/em> <\/p>\n<p align=\"center\"><span class=\"texto\"><img loading=\"lazy\" decoding=\"async\" src=\"https:\/\/www.ufmg.br\/dti\/wp-content\/uploads\/fotos\/16_06_2011\/Vestibular_2000-3.jpg\" width=\"450\" height=\"286\"><br \/>     <em><span class=\"texto\"><em><font face=\"1\">Sentados: Lel&eacute;, Rubens      e Vicentina. Em p&eacute;: Beth, Alda e Tim&eacute;<\/font><\/em><\/span><\/em>      <br \/>     <\/span><\/p>\n<p align=\"justify\">&nbsp;<\/p>\n<\/td>\n<\/tr>\n<p>  <!-- #BeginEditable \"materias\" --> <!-- #EndEditable -->  <\/table>\n<p> <!-- fim noticias --> <\/p>\n<table border=\"0\" cellpadding=\"0\" cellspacing=\"0\">\n<tr>\n<td align=\"LEFT\" valign=\"TOP\">&nbsp;<\/td>\n<td align=\"LEFT\" valign=\"TOP\">&nbsp;<\/td>\n<\/tr>\n<p>  <!-- #BeginEditable \"materias\" --> <!-- #EndEditable -->  <\/table>\n<\/div>\n","protected":false},"excerpt":{"rendered":"<p>Not\u00edcias CECOM ENCERRA FASE DE TESTES DA REDE SEM FIO DIRETOR DA DTI PARTICIPA DE EVENTO DO TCU REGISTRO ACAD&Ecirc;MICO PARA APROVADOS DO VESTIBULAR 2011 VAI AT&Eacute; 17 DE JUNHO O SISTEM&Aacute;TICO COMPLETA 34 ANOS Informativo DICAS DE SITES INTERESSANTES INSCRI&Ccedil;&Otilde;ES PARA OFICINAS COM SELE&Ccedil;&Atilde;O PARA O 43&ordm; FESTIVAL DE INVERNO TERMINAM NESTA SEXTA-FEIRA GREVE &#8230; <a title=\"Sistem\u00e1tico: Edi\u00e7\u00e3o 1517 &#8211; 16\/06\/2011\" class=\"read-more\" href=\"https:\/\/www.ufmg.br\/dti\/2011\/06\/16\/sistematico-edicao-1517-16062011\/\" aria-label=\"Read more about Sistem\u00e1tico: Edi\u00e7\u00e3o 1517 &#8211; 16\/06\/2011\">Ler mais<\/a><\/p>\n","protected":false},"author":3,"featured_media":0,"comment_status":"open","ping_status":"open","sticky":false,"template":"","format":"standard","meta":{"inline_featured_image":false,"footnotes":""},"categories":[13],"tags":[],"coauthors":[79],"class_list":["post-2950","post","type-post","status-publish","format-standard","hentry","category-sistematico"],"_links":{"self":[{"href":"https:\/\/www.ufmg.br\/dti\/wp-json\/wp\/v2\/posts\/2950","targetHints":{"allow":["GET"]}}],"collection":[{"href":"https:\/\/www.ufmg.br\/dti\/wp-json\/wp\/v2\/posts"}],"about":[{"href":"https:\/\/www.ufmg.br\/dti\/wp-json\/wp\/v2\/types\/post"}],"author":[{"embeddable":true,"href":"https:\/\/www.ufmg.br\/dti\/wp-json\/wp\/v2\/users\/3"}],"replies":[{"embeddable":true,"href":"https:\/\/www.ufmg.br\/dti\/wp-json\/wp\/v2\/comments?post=2950"}],"version-history":[{"count":0,"href":"https:\/\/www.ufmg.br\/dti\/wp-json\/wp\/v2\/posts\/2950\/revisions"}],"wp:attachment":[{"href":"https:\/\/www.ufmg.br\/dti\/wp-json\/wp\/v2\/media?parent=2950"}],"wp:term":[{"taxonomy":"category","embeddable":true,"href":"https:\/\/www.ufmg.br\/dti\/wp-json\/wp\/v2\/categories?post=2950"},{"taxonomy":"post_tag","embeddable":true,"href":"https:\/\/www.ufmg.br\/dti\/wp-json\/wp\/v2\/tags?post=2950"},{"taxonomy":"author","embeddable":true,"href":"https:\/\/www.ufmg.br\/dti\/wp-json\/wp\/v2\/coauthors?post=2950"}],"curies":[{"name":"wp","href":"https:\/\/api.w.org\/{rel}","templated":true}]}}