{"id":2954,"date":"2011-05-19T08:00:00","date_gmt":"2011-05-19T08:00:00","guid":{"rendered":"https:\/\/www.ufmg.br\/dti\/cecom\/?p=1116"},"modified":"2011-05-19T08:00:00","modified_gmt":"2011-05-19T08:00:00","slug":"sistematico-edicao-1513-19052011","status":"publish","type":"post","link":"https:\/\/www.ufmg.br\/dti\/2011\/05\/19\/sistematico-edicao-1513-19052011\/","title":{"rendered":"Sistem\u00e1tico: Edi\u00e7\u00e3o 1513 &#8211; 19\/05\/2011"},"content":{"rendered":"<ul>\n<li><a href=\"\/dti\/#noticias\">Not\u00edcias<\/a>\n<div class='submenuSistematico'>\n<ul>\n<li><a href=\"\/dti\/#anoticias1\" id=\"1\"><span class=\"titulo\">MANUTEN&Ccedil;&Atilde;O     EL&Eacute;TRICA E PANES CAUSAM PARADAS E LENTID&Atilde;O NA REDE UFMG<\/span><\/a><\/li>\n<li><a href=\"\/dti\/#anoticias2\" id=\"2\"><span class=\"titulo\">REITORIA      PROGRAMA DESLIGAMENTO DA REDE EL&Eacute;TRICA<\/span><\/a><\/li>\n<li><a href=\"\/dti\/#anoticias3\" id=\"3\"><span class=\"titulo\">CECOM      CONTA COM NOVO ANALISTA<\/span><\/a><\/li>\n<li><a href=\"\/dti\/#anoticias4\" id=\"4\"><span class=\"titulo\">MOSTRA      DAS PROFISS&Otilde;ES VIRTUAL EST&Aacute; NO AR<\/span><\/a><\/li>\n<\/ul>\n<\/div>\n<\/li>\n<li><a href=\"\/dti\/#informativo\">Informativo<\/a>\n<div class='submenuSistematico'>\n<ul>\n<li><a href=\"\/dti\/#ainformativo1\" id=\"1\"><span class=\"titulo\">DICAS      DE SITES INTERESSANTES<\/span><\/a><\/li>\n<li><a href=\"\/dti\/#ainformativo2\" id=\"2\"><span class=\"titulo\">LINHAS      DE &Ocirc;NIBUS DO CAMPUS PAMPULHA S&Atilde;O ALTERADAS<\/span><\/a><\/li>\n<li><a href=\"\/dti\/#ainformativo3\" id=\"3\"><img loading=\"lazy\" decoding=\"async\" src=\"https:\/\/www.ufmg.br\/dti\/wp-content\/uploads\/imgs\/tudo_pixel.gif\" width=\"1\" height=\"8\" alt=\"\" border=\"0\"><br \/>      <span class=\"titulo\">H\u00e1 20 anos&#8230;<\/span><\/a><\/li>\n<\/ul>\n<\/div>\n<\/li>\n<li><a href=\"\/dti\/#eventos\">Eventos<\/a>\n<div class='submenuSistematico'>\n<ul>\n<li><a href=\"\/dti\/#aeventos1\" id=\"1\"><span class=\"titulo\">SOCIAIS<\/span><\/a><\/li>\n<li><a href=\"\/dti\/#aeventos2\" id=\"2\"><span class=\"titulo\">MEM&Oacute;RIA      FOTOGR&Aacute;FICA DO CECOM<\/span><\/a><\/li>\n<\/ul>\n<\/div>\n<\/li>\n<\/ul>\n<ul class='pdfSist'>\n<li><a href=\"https:\/\/www.ufmg.br\/dti\/wp-content\/uploads\/Sistematico_PDF\/Sist17_2011-A4.pdf\"><img loading=\"lazy\" decoding=\"async\" src=\"https:\/\/www.ufmg.br\/dti\/wp-content\/uploads\/Sistematico_PDF\/mini_pdf.gif\" width=\"30\" height=\"53\" border=\"0\"> Vers\u00e3o em PDF<\/a><\/li>\n<\/ul>\n<p> <a name='noticias'><\/a><\/p>\n<h4>Not\u00edcias<\/h4>\n<div class=\"centro-sistematico\">  <!-- noticias --> <a><\/a>  <\/p>\n<table border=\"0\" cellspacing=\"0\" cellpadding=\"0\">\n<tr>\n<td><\/td>\n<td><\/td>\n<\/tr>\n<tr>\n<td align=\"LEFT\" valign=\"TOP\"><\/td>\n<td align=\"LEFT\" valign=\"TOP\"> <a name=\"anoticias1\" id=\"1\"><span class=\"titulo\">MANUTEN&Ccedil;&Atilde;O     EL&Eacute;TRICA E PANES CAUSAM PARADAS E LENTID&Atilde;O NA REDE UFMG<\/span><\/a>     <\/p>\n<p align=\"justify\"><span class=\"texto\"> No      &uacute;ltimo s&aacute;bado, dia 14 de maio, uma manuten&ccedil;&atilde;o      el&eacute;trica no ICB causou a paralisa&ccedil;&atilde;o de parte da      Rede UFMG entre as 8h e 12h. Foram afetadas as redes do Centro de Microscopia,      ICB, UA2, UA3, FACE, Escola de Engenharia e Reitoria, o que causou a      paralisa&ccedil;&atilde;o dos sistemas administrativos da universidade.      Ap&oacute;s este hor&aacute;rio, a situa&ccedil;&atilde;o n&atilde;o      se normalizou devido a uma falha em um no-break, que n&atilde;o se religou      quando a energia el&eacute;trica foi restabelecida. A DRC foi acionada      e retirou o no-break do circuito, restabelecendo a rede aproximadamente      &agrave;s 15h.<br \/>     Outras interrup&ccedil;&otilde;es no acesso &agrave; internet ocorreram      ao longo da semana passada, causadas por desligamentos inexplic&aacute;veis      do equipamento que liga a UFMG ao POP-MG, provedor de internet da universidade.      No final da tarde de segunda-feira, dia 16, em torno das 17h, este equipamento      desligou-se definitivamente e a DRC, juntamente com o POP-MG, implantou      uma solu&ccedil;&atilde;o de contorno, que permitiu a normaliza&ccedil;&atilde;o      do acesso &agrave; internet &agrave;s 18h45.<br \/>     Ao longo do ano, este &eacute; o quarto equipamento da infraestrutura      central da Rede UFMG que apresenta falha e tem de ser desativado. Esta      situa&ccedil;&atilde;o prejudicou o acesso aos servidores de arquivo      da Administra&ccedil;&atilde;o da universidade e a consulta ao sistema      de Bibliotecas. Embora os equipamentos tenham sido substitu&iacute;dos      por outros mais modernos e de maior capacidade, o desempenho da rede      da Administra&ccedil;&atilde;o Central n&atilde;o chegou a um padr&atilde;o      aceit&aacute;vel. Esta situa&ccedil;&atilde;o est&aacute; sendo monitorada      e analisada. A aquisi&ccedil;&atilde;o de novos equipamentos, que j&aacute;      constavam da previs&atilde;o or&ccedil;ament&aacute;ria para 2011, est&aacute;      sendo providenciada.<\/span><span class=\"texto\"> <\/span><\/p>\n<p>    <span class=\"texto\">    <\/p>\n<p>    <\/span><\/td>\n<\/tr>\n<tr>\n<td align=\"LEFT\" valign=\"TOP\"><\/td>\n<td align=\"LEFT\" valign=\"TOP\">\n<p><a name=\"anoticias2\" id=\"2\"><span class=\"titulo\">REITORIA      PROGRAMA DESLIGAMENTO DA REDE EL&Eacute;TRICA<\/span><\/a><\/p>\n<p align=\"left\"><span class=\"texto\">Est&aacute; programado pelo DEMAI,      para o pr&oacute;ximo domingo, dia 22, desligamento da energia el&eacute;trica      na Reitoria, para que seja efetuada uma manuten&ccedil;&atilde;o corretiva.      O desligamento est&aacute; marcado para as 8h com religamento previsto      para as 12h.<br \/>     Devido a isto, estar&atilde;o fora do ar os sistemas e portais administrativos,      inclusive a p&aacute;gina da BU, a consulta ao sistema de bibliotecas      (Pergamum) e o acesso ao proxy, al&eacute;m das redes dos seguintes      locais: Biblioteca Universit&aacute;ria\/CAC\/CEDECOM\/Editora; Reitoria;      Unidade Administrativa 2 (Sast, Fundep); Unidade Administrativa 3 (DAP,      DRH, IEAT, DRCA); Imprensa; FACE e Escola de Engenharia.<br \/>     Para o acesso ao portal CAPES, existe o acesso direto descrito em proxy,      e que dever&aacute; ser, inclusive, a &uacute;nica forma de acesso em      futuro pr&oacute;ximo, j&aacute; que a CAPES manifestou a inten&ccedil;&atilde;o      de desativar a libera&ccedil;&atilde;o autom&aacute;tica para as redes      das universidades.<\/span><span class=\"texto\"><br \/>     .<\/span><\/p>\n<p>    <span class=\"texto\">     <\/p>\n<p>    <\/span><\/td>\n<\/tr>\n<tr>\n<td align=\"LEFT\" valign=\"TOP\"><\/td>\n<td align=\"LEFT\" valign=\"TOP\">\n<p><a name=\"anoticias3\" id=\"3\"><span class=\"titulo\">CECOM      CONTA COM NOVO ANALISTA<\/span><\/a><\/p>\n<p align=\"left\"><span class=\"texto\">Desde o dia 02\/05\/2011, a equipe de      projeto do Sistema Acad&ecirc;mico est&aacute; contando com mais um      analista. Trata-se de Gustavo Henrique Lopes Machado, Analista de Tecnologia      da Informa&ccedil;&atilde;o, que j&aacute; iniciou seus trabalhos junto      &agrave; equipe da DAS &#8211; Divis&atilde;o de Aplicativos e Sistemas.<br \/>     Gustavo Machado &eacute; graduado em Ci&ecirc;ncia da Computa&ccedil;&atilde;o      pela UFMG e trabalhou na empresa Squadra Tecnologia de 2009 at&eacute;      a sua sa&iacute;da para a UFMG.<\/span><\/p>\n<p align=\"center\"><img loading=\"lazy\" decoding=\"async\" src=\"https:\/\/www.ufmg.br\/dti\/wp-content\/uploads\/fotos\/19_05_2011\/SDC12006.JPG\" width=\"450\" height=\"338\"><span class=\"texto\"><br \/>     <em><span class=\"texto\"><em><font face=\"1\">Gustavo Machado<\/font><\/em><\/span><\/em>      <br \/>     .<\/span><\/p>\n<p align=\"left\">&nbsp;<\/p>\n<p>    <span class=\"texto\">     <\/p>\n<p>    <\/span><\/td>\n<\/tr>\n<tr>\n<td align=\"LEFT\" valign=\"TOP\"><\/td>\n<td align=\"LEFT\" valign=\"TOP\">\n<p><a name=\"anoticias4\" id=\"4\"><span class=\"titulo\">MOSTRA      DAS PROFISS&Otilde;ES VIRTUAL EST&Aacute; NO AR<\/span><\/a><\/p>\n<p><span class=\"texto\">A UFMG p&ocirc;s no ar a Mostra das Profiss&otilde;es      em formato virtual. O portal (http:\/\/www.ufmg.br\/mostradasprofissoes)      tem ambiente para acesso &agrave;s redes sociais, textos, v&iacute;deos      e podcasts sobre cada um dos 75 cursos de gradua&ccedil;&atilde;o oferecidos      pela UFMG.<br \/>     Em lugar das palestras e exposi&ccedil;&otilde;es presenciais, que duravam      cerca de tr&ecirc;s dias nas edi&ccedil;&otilde;es anteriores do evento,      os alunos ter&atilde;o pelo menos quatro meses para visitar o ambiente      de cada curso e encaminhar d&uacute;vidas que ser&atilde;o respondidas      pelos respectivos colegiados. <br \/>     A p&aacute;gina ser&aacute; constru&iacute;da em etapas, com a colabora&ccedil;&atilde;o      de estudantes da UFMG &#8211; que podem enviar depoimentos sobre seus cursos      at&eacute; o dia 27 de maio para o email mostradas profissoes@cedecom.ufmg.br      &#8211; e por pessoas da comunidade externa. <br \/>     Segundo os organizadores da Mostra, o site ser&aacute; permanentemente      alimentado com dados de interesse dos usu&aacute;rios, para que estes      o visitem com frequ&ecirc;ncia e o divulguem entre amigos. No dia 8      de junho, por exemplo, ser&atilde;o publicados os v&iacute;deos sobre      os cursos e f&oacute;runs de discuss&atilde;o. <br \/>     &#8220;Realizado virtualmente, o evento passa a atender candidatos de      todo o pa&iacute;s que concorrem ao vestibular da UFMG por meio do Exame      Nacional do Ensino M&eacute;dio (Enem)&#8221;, explica a pr&oacute;-reitora      de Gradua&ccedil;&atilde;o, Ant&ocirc;nia Vit&oacute;ria Aranha. Segundo      ela, a forma presencial tornou-se restritiva pelo crescente n&uacute;mero      de participantes, sobretudo com as obras vi&aacute;rias em torno do      campus Pampulha, o que levou &agrave; ado&ccedil;&atilde;o de instrumentos      mais interativos e abertos. <br \/>     Ela lembra que em 2010 a mostra presencial recebeu cerca de 70 mil visitantes,      de diversos munic&iacute;pios mineiros e at&eacute; de outros estados.      &#8220;Agora a longa viagem at&eacute; Belo Horizonte pode ser substitu&iacute;da      por acessos peri&oacute;dicos aos itens de maior interesse do site&#8221;,      sugere a pr&oacute;-reitora.<br \/>     Quiz &#8211; No novo site da Mostra, as informa&ccedil;&otilde;es &#8211; em m&uacute;ltiplos      formatos &#8211; podem ser acessadas por &aacute;rea de conhecimento ou por      curso, em ordem alfab&eacute;tica. No espa&ccedil;o reservado para cada      curso, breve texto de abertura informa a unidade acad&ecirc;mica da      Universidade em que &eacute; oferecido, a modalidade (bacharelado ou      licenciatura), turno, n&uacute;mero de vagas por turno e semestre e      a dura&ccedil;&atilde;o. Na galeria de fotos, h&aacute; imagens da UFMG      e espec&iacute;ficas dos cursos e laborat&oacute;rios. <br \/>     O internauta pode acessar tamb&eacute;m um quiz, jogo que pretende tornar      o site mais interativo e divertido. &#8220;A inten&ccedil;&atilde;o      &eacute; que o usu&aacute;rio sinta vontade de navegar pelo site mesmo      quando a sua necessidade de informa&ccedil;&atilde;o j&aacute; tenha      sido suprida&#8221;, conta a Rela&ccedil;&otilde;es P&uacute;blicas      Ana Paula Vieira, da equipe de organiza&ccedil;&atilde;o da Mostra.      <br \/>     Ela explica que o jogo apresenta perguntas curiosas sobre cada curso      e o resultado informa ao usu&aacute;rio o quanto ele sabe sobre a &aacute;rea      pretendida. &#8220;De acordo com a pontua&ccedil;&atilde;o, o jogador      percebe se j&aacute; &eacute; expert no seu curso, e basta apenas prestar      vestibular, ou se n&atilde;o est&aacute; devidamente informado e precisa      navegar mais no site&#8221;, informa Ana Paula, ao lembrar que a p&aacute;gina      foi concebida com o intuito de levar os pr&oacute;prios usu&aacute;rios      a divulgar a Mostra virtual, o que multiplicaria o n&uacute;mero de      acessos.<br \/>     Criada em 2004 com o objetivo de orientar futuros universit&aacute;rios      em suas escolhas profissionais, a Mostra das Profiss&otilde;es teve      um n&uacute;mero crescente em cada uma de suas edi&ccedil;&otilde;es.<br \/>     <em>(Fonte: http:\/\/www.ufmg.br\/online\/arquivos\/019243.shtml &#8211; 17\/05\/2011)<\/em><br \/>     .<\/span><span class=\"texto\"> <\/span><\/p>\n<p>    <span class=\"texto\">     <\/p>\n<\/p>\n<p>    <\/span><\/td>\n<\/tr>\n<p>  <!-- #BeginEditable \"materias\" --> <!-- #EndEditable -->  <\/table>\n<p> <!-- fim noticias --><\/div>\n<p><a name='informativo'><\/a><\/p>\n<h4>Informativo<\/h4>\n<div class=\"centro-sistematico\">  <!-- noticias --> <a><\/a>  <\/p>\n<table border=\"0\" cellspacing=\"0\" cellpadding=\"0\">\n<tr>\n<td><\/td>\n<td><\/td>\n<\/tr>\n<p>  <!-- #BeginEditable \"materias\" --> <!-- #EndEditable -->  <\/table>\n<p> <!-- fim noticias --> <!-- tabela ha 20 anos --> <\/p>\n<table border=\"0\" cellpadding=\"0\" cellspacing=\"0\" bgcolor=\"#FFFFFF\">\n<tr>\n<td align=\"LEFT\" valign=\"TOP\"><\/td>\n<td align=\"LEFT\" valign=\"TOP\">\n<p align=\"left\"><span class=\"texto\"><a name=\"ainformativo1\" id=\"1\"><span class=\"titulo\">DICAS      DE SITES INTERESSANTES<\/span><\/a><\/span><\/p>\n<p align=\"justify\"><span class=\"texto\">Adyrus, o ca&ccedil;ador de sites,      enviou as seguintes dicas:<\/p>\n<p>     &#8211; Um novo servi&ccedil;o on-line chamado MovieClips est&aacute; no ar.      O MovieClips permite que cin&eacute;filos procurem em uma cole&ccedil;&atilde;o      de mais de 12.000 clipes os seus filmes favoritos.&nbsp;A parceria &eacute;      com: 20th Century Fox, Metro-Goldwyn-Mayer Studios Inc., Paramount Pictures,      Sony Pictures Entertainment, Universal Studios e Warner Brothers.&nbsp;<a href=\"http:\/\/movieclips.com\/\">Assista<\/a>      aos filmes<\/span><span class=\"texto\">.<\/p>\n<p>     &#8211; Os profissionais de TI agora t&ecirc;m um canal exclusivo. Saiba mais      no <a href=\"http:\/\/itvision.tv\/home\/index\">endere&ccedil;o<\/a>.<\/p>\n<p>     &#8211; O que aconteceu no dia em que voc&ecirc; nasceu? <a href=\"http:\/\/whathappenedinmybirthyear.com\/\">Veja<\/a>.      (Site em Ingl&ecirc;s)<\/p>\n<p>     &#8211; Vivemos em um mundo que parece menor a cada dia. Como nos acostumamos      com cobertura de not&iacute;cias e eventos que se desenrolam ao redor      do mundo, &eacute; f&aacute;cil esquecer o pre&ccedil;o que por vezes      &eacute; paga para a obten&ccedil;&atilde;o da qualidade, relat&oacute;rios      precisos sobre mat&eacute;rias importantes, particularmente em &aacute;reas      de conflito ou em casos de repress&atilde;o do governo de os meios de      comunica&ccedil;&atilde;o. Com isso em mente, hoje, o Newseum , em Washington,      DC, o Google e o YouTube est&atilde;o juntos o lan&ccedil;amento do      Memorial Jornalistas canal no YouTube para lembrar os jornalistas que      morreram no ano passado, enquanto relatavam not&iacute;cias pelo mundo.      Visite o<a href=\"http:\/\/www.youtube.com\/journalistsmemorial\"> endere&ccedil;o<\/a>.<\/p>\n<p>     &#8211; Jogos e mais jogos para seu divertimento. Veja em http:\/\/www.games      forthebrain.com\/portuguese\/.<br \/>     &#8211; Confira a lista Top 100 do youtube.com? M&uacute;sicas e mais m&uacute;sicas      para todos os gostos. <a href=\"http:\/\/www.youtube.com\/music\">Ou&ccedil;a<\/a>.<\/p>\n<p>     &#8211; O virou.gr &eacute; um encurtador de URLs com uma funcionalidade a      mais: al&eacute;m de diminuir seus links, ele tamb&eacute;m ajuda a      diminuir a fome. Para ajudar, voc&ecirc; n&atilde;o precisa ter conta      em banco e nem preencher nada. &Eacute; s&oacute; encurtar qualquer      URL que a m&aacute;gica acontece: cada caractere vira 1g de alimento      que o Carrefour vai doar para a Cruz Vermelha Brasileira, a institui&ccedil;&atilde;o      beneficiada pelo projeto. E o bom &eacute; que voc&ecirc; ajuda sem      ter custo nenhum. Bem r&aacute;pido e simples, n&atilde;o &eacute;?      Ent&atilde;o encurte, doe e divulgue o <a href=\"http:\/\/virou.gr\/home\">endere&ccedil;o<\/a>.<\/p>\n<p>     &#8211; Dica do Eug&ecirc;nio Pacelli Pereira de Souza, da DAC: Hoje, a internet      n&atilde;o &eacute; t&atilde;o segura quanto voc&ecirc; imagina. Mas      n&oacute;s acreditamos que ela pode ser bem aproveitada, se tomarmos      certos cuidados. Com base nessa promessa, n&oacute;s criamos um site      que re&uacute;ne um grande volume de informa&ccedil;&otilde;es &uacute;teis      sobre seguran&ccedil;a na internet.<a href=\"http:\/\/www.navegueprotegido.com.br\/Default.aspx\">      Veja<\/a>.<\/span><\/p>\n<p align=\"center\"><span class=\"texto\"><\/span><span class=\"texto\"><br \/>     <\/span>    <\/p>\n<\/td>\n<\/tr>\n<tr>\n<td align=\"LEFT\" valign=\"TOP\"><\/td>\n<td align=\"LEFT\" valign=\"TOP\">\n<p align=\"left\"><span class=\"texto\"><a name=\"ainformativo2\" id=\"2\"><span class=\"titulo\">LINHAS      DE &Ocirc;NIBUS DO CAMPUS PAMPULHA S&Atilde;O ALTERADAS<\/span><\/a><\/span><\/p>\n<p align=\"justify\"><span class=\"texto\">A A linha A de &ocirc;nibus internos      do campus Pampulha teve seu itiner&aacute;rio alterado na &uacute;ltima      segunda-feira, dia 16. Os itiner&aacute;rios e hor&aacute;rios das linhas      est&atilde;o dispon&iacute;veis no endere&ccedil;o www.ufmg.br\/servi&ccedil;os\/onibus.      shtml.<br \/>     Outra mudan&ccedil;a no servi&ccedil;o foi a cria&ccedil;&atilde;o da      linha B f&eacute;rias, que assim como a antiga linha D f&eacute;rias      circular&aacute; nos per&iacute;odos de recesso acad&ecirc;mico. Segundo      informa&ccedil;&otilde;es da Divis&atilde;o de Transportes do Departamento      de Log&iacute;stica de Suprimentos e de Servi&ccedil;os Operacionais      da UFMG, a nova linha tem hor&aacute;rios e itiner&aacute;rios diferentes      da linha B convencional.<br \/>     O setor informa que as mudan&ccedil;as t&ecirc;m por objetivo melhorar      o atendimento &agrave; comunidade universit&aacute;ria.<br \/>     <em>(Fonte: http:\/\/www.ufmg.br\/online\/arquivos\/019241.shtml &#8211; 13\/05\/2011)<\/em><br \/>     <\/span><\/p>\n<p align=\"center\"><span class=\"texto\"><\/span><span class=\"texto\"><br \/>     <\/span>    <\/p>\n<\/td>\n<\/tr>\n<tr>\n<td width=\"12\" align=\"LEFT\" valign=\"TOP\"><\/td>\n<td width=\"538\" align=\"LEFT\" valign=\"TOP\">&nbsp;<\/td>\n<\/tr>\n<p>  <!-- #BeginEditable \"materias\" --> <!-- #EndEditable -->  <\/table>\n<table border=\"0\" cellspacing=\"0\" cellpadding=\"0\" class=\"cinza\">\n<tr>\n<td><img loading=\"lazy\" decoding=\"async\" src=\"https:\/\/www.ufmg.br\/dti\/wp-content\/uploads\/imgs\/tudo_pixel.gif\" width=\"1\" height=\"1\" alt=\"\" border=\"0\"><\/td>\n<td><img loading=\"lazy\" decoding=\"async\" src=\"https:\/\/www.ufmg.br\/dti\/wp-content\/uploads\/imgs\/tudo_pixel.gif\" width=\"19\" height=\"1\" alt=\"\" border=\"0\"><\/td>\n<td><img loading=\"lazy\" decoding=\"async\" src=\"https:\/\/www.ufmg.br\/dti\/wp-content\/uploads\/imgs\/tudo_pixel.gif\" width=\"510\" height=\"1\" alt=\"\" border=\"0\"><\/td>\n<td><img loading=\"lazy\" decoding=\"async\" src=\"https:\/\/www.ufmg.br\/dti\/wp-content\/uploads\/imgs\/tudo_pixel.gif\" width=\"19\" height=\"1\" alt=\"\" border=\"0\"><\/td>\n<td><img loading=\"lazy\" decoding=\"async\" src=\"https:\/\/www.ufmg.br\/dti\/wp-content\/uploads\/imgs\/tudo_pixel.gif\" width=\"1\" height=\"1\" alt=\"\" border=\"0\"><\/td>\n<\/tr>\n<tr>\n<td class=\"vermelho\" colspan=\"5\"><img loading=\"lazy\" decoding=\"async\" src=\"https:\/\/www.ufmg.br\/dti\/wp-content\/uploads\/imgs\/tudo_pixel.gif\" width=\"1\" height=\"1\" alt=\"\" border=\"0\"><\/td>\n<\/tr>\n<tr>\n<td class=\"vermelho\"><img loading=\"lazy\" decoding=\"async\" src=\"https:\/\/www.ufmg.br\/dti\/wp-content\/uploads\/imgs\/tudo_pixel.gif\" width=\"1\" height=\"1\" alt=\"\" border=\"0\"><\/td>\n<td><img loading=\"lazy\" decoding=\"async\" src=\"https:\/\/www.ufmg.br\/dti\/wp-content\/uploads\/imgs\/tudo_pixel.gif\" width=\"1\" height=\"1\" alt=\"\" border=\"0\"><\/td>\n<td align=\"LEFT\" valign=\"TOP\"><!-- #BeginEditable \"ha%2020%20anos\" -->     <\/p>\n<div align=\"justify\">\n<p><a name=\"ainformativo3\" id=\"3\"><img loading=\"lazy\" decoding=\"async\" src=\"https:\/\/www.ufmg.br\/dti\/wp-content\/uploads\/imgs\/tudo_pixel.gif\" width=\"1\" height=\"8\" alt=\"\" border=\"0\"><br \/>      <span class=\"titulo\">H\u00e1 20 anos&#8230;<\/span><\/a><\/p>\n<p>      <span class=\"texto\">O Sistem&aacute;tico Ano XV, no 17, de 16\/05\/1991,       publicou not&iacute;cias sobre Comiss&atilde;o de Administra&ccedil;&atilde;o       de Dados, treinamento na MSA, treinamento do Hermes, recordes da rede,       entre outras. A not&iacute;cia que se destacou foi:<\/span><span class=\"texto\"><strong><\/p>\n<p>      36o ENANUNI<br \/>      <\/strong><font face=\"1\"> J&aacute; foi confirmada a realiza&ccedil;&atilde;o       do 36o Encontro Nacional dos Usu&aacute;rios Unisys. Este encontro       ser&aacute; realizado na cidade do Rio de Janeiro, no per&iacute;odo       de 09 a 14 de junho.<br \/>      O CECOM estar&aacute; mais uma vez presente. Foram enviadas 2 propostas       de palestras &agrave; ANUNI &#8211; Associa&ccedil;&atilde;o Nacional de       Usu&aacute;rios Unisys, para sele&ccedil;&atilde;o e apresenta&ccedil;&atilde;o       no encontro. Uma delas foi selecionada, o que garantir&aacute; isen&ccedil;&atilde;o       da taxa de inscri&ccedil;&atilde;o. A palestra selecionada tratar&aacute;       do tema &#8220;Cultura de Inform&aacute;tica: formas de dissemina&ccedil;&atilde;o       junto ao usu&aacute;rio&#8221;, de Carlos Alfeu Furtado da Fonseca.<\/font><\/span><span class=\"texto\"><font face=\"1\">       <\/font><\/span><\/p>\n<\/p><\/div>\n<div align=\"justify\">\n<p><span class=\"texto\"><\/span><\/p>\n<\/p><\/div>\n<p>    <!-- #EndEditable --><br \/> <img loading=\"lazy\" decoding=\"async\" src=\"https:\/\/www.ufmg.br\/dti\/wp-content\/uploads\/imgs\/tudo_pixel.gif\" width=\"1\" height=\"8\" alt=\"\" border=\"0\"><\/td>\n<td><img loading=\"lazy\" decoding=\"async\" src=\"https:\/\/www.ufmg.br\/dti\/wp-content\/uploads\/imgs\/tudo_pixel.gif\" width=\"1\" height=\"1\" alt=\"\" border=\"0\"><\/td>\n<td class=\"vermelho\"><img loading=\"lazy\" decoding=\"async\" src=\"https:\/\/www.ufmg.br\/dti\/wp-content\/uploads\/imgs\/tudo_pixel.gif\" width=\"1\" height=\"1\" alt=\"\" border=\"0\"><\/td>\n<\/tr>\n<tr>\n<td class=\"vermelho\" colspan=\"5\"><img loading=\"lazy\" decoding=\"async\" src=\"https:\/\/www.ufmg.br\/dti\/wp-content\/uploads\/imgs\/tudo_pixel.gif\" width=\"1\" height=\"1\" alt=\"\" border=\"0\"><\/td>\n<\/tr>\n<\/table>\n<p> <!-- fim tabela ha 20 anos --><\/div>\n<p><a name='eventos'><\/a><\/p>\n<h4>Eventos<\/h4>\n<div class=\"centro-sistematico\">  <!-- noticias --> <\/p>\n<table border=\"0\" cellspacing=\"0\" cellpadding=\"0\">\n<tr>\n<td><\/td>\n<td><\/td>\n<\/tr>\n<tr>\n<td align=\"LEFT\" valign=\"TOP\"><\/td>\n<td align=\"LEFT\" valign=\"TOP\">\n<p><a name=\"aeventos1\" id=\"1\"><span class=\"titulo\">SOCIAIS<\/span><\/a><\/p>\n<p align=\"justify\" class=\"texto\"><strong>ANIVERS&Aacute;RIOS: <\/strong><em>&#8220;O      Sistem&aacute;tico&#8221; envia os parab&eacute;ns para os ex-ceconianos:      prof. Roberto da Silva Bigonha (DCC) e Eduardo Costa e Silva, no dia      19; Wang Kui Ying, no dia 22; Jonas Fernandes Campos, no dia 23; Osvaldo      S&eacute;rgio Farhat de Carvalho e Lu&iacute;s Fernando Terenzi, no      dia 25; e Adeise Lucas Pereira, no dia 26.<\/em><em> <\/em><\/p>\n<p align=\"justify\" class=\"texto\"><span class=\"texto\"><\/span><\/p>\n<p align=\"justify\">&nbsp; <\/p>\n<p>    <span class=\"texto\"><\/span><\/td>\n<\/tr>\n<tr>\n<td align=\"LEFT\" valign=\"TOP\"><\/td>\n<td align=\"LEFT\" valign=\"TOP\">\n<p><a name=\"aeventos2\" id=\"2\"><span class=\"titulo\">MEM&Oacute;RIA      FOTOGR&Aacute;FICA DO CECOM<\/span><\/a><\/p>\n<p>     <span class=\"texto\"><font face=\"2\">O Sistem&aacute;tico publica mais      um lote de fotos do churrasco de despedida de Rubens Crispim da Silva,      que estava saindo de licen&ccedil;a com viagem para os Estados Unidos.      O churrasco foi realizado em janeiro de 2000, na casa de H&eacute;lio      Teixeira da Costa, no Bairro Ouro Preto. As fotos s&atilde;o de autoria      de v&aacute;rios participantes do churrasco.<\/font><\/span> <\/p>\n<p align=\"center\"><img loading=\"lazy\" decoding=\"async\" src=\"https:\/\/www.ufmg.br\/dti\/wp-content\/uploads\/fotos\/19_05_2011\/despedida_rubinho-05.jpg\" width=\"450\" height=\"292\"><br \/>     <em><span class=\"texto\"><em><font face=\"1\">&Agrave; frente: Ana L&uacute;cia      Diniz, M&aacute;rio e Le&atilde;o. Atr&aacute;s: Jo&atilde;o Carlos,      Adriana Melo, Rosa, Bessa e Rubens<\/font><\/em><\/span><\/em><\/p>\n<p align=\"center\"> <img loading=\"lazy\" decoding=\"async\" src=\"https:\/\/www.ufmg.br\/dti\/wp-content\/uploads\/fotos\/19_05_2011\/despedida_rubinho_20001.jpg\" width=\"450\" height=\"292\"><br \/>     <em><span class=\"texto\"><em><font face=\"1\">C&eacute;sar, Rubens, Jo&atilde;o      Carlos e Eliz&acirc;ngela<\/font><\/em><\/span><\/em> <\/p>\n<p align=\"center\"> <img loading=\"lazy\" decoding=\"async\" src=\"https:\/\/www.ufmg.br\/dti\/wp-content\/uploads\/fotos\/19_05_2011\/despedida_rubinho_20002.jpg\" width=\"450\" height=\"291\"><br \/>     <em><span class=\"texto\"><em><font face=\"1\">Carlos Alfeu, Rubens e Adeise<\/font><\/em><\/span><\/em>     <\/p>\n<p align=\"center\"> <img loading=\"lazy\" decoding=\"async\" src=\"https:\/\/www.ufmg.br\/dti\/wp-content\/uploads\/fotos\/19_05_2011\/despedida_rubinho_20004.jpg\" width=\"450\" height=\"291\"><br \/>     <em><span class=\"texto\"><em><font face=\"1\">Daniel Borges, Gerson, Rubens,      Paulo C&eacute;sar, Rosaura, Camila, Vicentina e Ronaldo<\/font><\/em><\/span><\/em>     <\/p>\n<p align=\"center\"><img loading=\"lazy\" decoding=\"async\" src=\"https:\/\/www.ufmg.br\/dti\/wp-content\/uploads\/fotos\/19_05_2011\/despedida_rubinho_20003.jpg\" width=\"301\" height=\"450\">      <br \/>     <em><span class=\"texto\"><em><font face=\"1\">Bessa, Xina e M&aacute;rio<\/font><\/em><\/span><\/em><\/p>\n<p align=\"center\">&nbsp;<\/p>\n<p align=\"center\"><span class=\"texto\"><\/span><\/p>\n<p align=\"justify\">&nbsp;<\/p>\n<\/td>\n<\/tr>\n<p>  <!-- #BeginEditable \"materias\" --> <!-- #EndEditable -->  <\/table>\n<p> <!-- fim noticias --> <\/p>\n<table border=\"0\" cellpadding=\"0\" cellspacing=\"0\">\n<tr>\n<td align=\"LEFT\" valign=\"TOP\">&nbsp;<\/td>\n<td align=\"LEFT\" valign=\"TOP\">&nbsp;<\/td>\n<\/tr>\n<p>  <!-- #BeginEditable \"materias\" --> <!-- #EndEditable -->  <\/table>\n<\/div>\n","protected":false},"excerpt":{"rendered":"<p>Not\u00edcias MANUTEN&Ccedil;&Atilde;O EL&Eacute;TRICA E PANES CAUSAM PARADAS E LENTID&Atilde;O NA REDE UFMG REITORIA PROGRAMA DESLIGAMENTO DA REDE EL&Eacute;TRICA CECOM CONTA COM NOVO ANALISTA MOSTRA DAS PROFISS&Otilde;ES VIRTUAL EST&Aacute; NO AR Informativo DICAS DE SITES INTERESSANTES LINHAS DE &Ocirc;NIBUS DO CAMPUS PAMPULHA S&Atilde;O ALTERADAS H\u00e1 20 anos&#8230; Eventos SOCIAIS MEM&Oacute;RIA FOTOGR&Aacute;FICA DO CECOM Vers\u00e3o em PDF &#8230; <a title=\"Sistem\u00e1tico: Edi\u00e7\u00e3o 1513 &#8211; 19\/05\/2011\" class=\"read-more\" href=\"https:\/\/www.ufmg.br\/dti\/2011\/05\/19\/sistematico-edicao-1513-19052011\/\" aria-label=\"Read more about Sistem\u00e1tico: Edi\u00e7\u00e3o 1513 &#8211; 19\/05\/2011\">Ler mais<\/a><\/p>\n","protected":false},"author":3,"featured_media":0,"comment_status":"open","ping_status":"open","sticky":false,"template":"","format":"standard","meta":{"inline_featured_image":false,"footnotes":""},"categories":[13],"tags":[],"coauthors":[79],"class_list":["post-2954","post","type-post","status-publish","format-standard","hentry","category-sistematico"],"_links":{"self":[{"href":"https:\/\/www.ufmg.br\/dti\/wp-json\/wp\/v2\/posts\/2954","targetHints":{"allow":["GET"]}}],"collection":[{"href":"https:\/\/www.ufmg.br\/dti\/wp-json\/wp\/v2\/posts"}],"about":[{"href":"https:\/\/www.ufmg.br\/dti\/wp-json\/wp\/v2\/types\/post"}],"author":[{"embeddable":true,"href":"https:\/\/www.ufmg.br\/dti\/wp-json\/wp\/v2\/users\/3"}],"replies":[{"embeddable":true,"href":"https:\/\/www.ufmg.br\/dti\/wp-json\/wp\/v2\/comments?post=2954"}],"version-history":[{"count":0,"href":"https:\/\/www.ufmg.br\/dti\/wp-json\/wp\/v2\/posts\/2954\/revisions"}],"wp:attachment":[{"href":"https:\/\/www.ufmg.br\/dti\/wp-json\/wp\/v2\/media?parent=2954"}],"wp:term":[{"taxonomy":"category","embeddable":true,"href":"https:\/\/www.ufmg.br\/dti\/wp-json\/wp\/v2\/categories?post=2954"},{"taxonomy":"post_tag","embeddable":true,"href":"https:\/\/www.ufmg.br\/dti\/wp-json\/wp\/v2\/tags?post=2954"},{"taxonomy":"author","embeddable":true,"href":"https:\/\/www.ufmg.br\/dti\/wp-json\/wp\/v2\/coauthors?post=2954"}],"curies":[{"name":"wp","href":"https:\/\/api.w.org\/{rel}","templated":true}]}}