{"id":2961,"date":"2011-03-17T08:00:00","date_gmt":"2011-03-17T08:00:00","guid":{"rendered":"https:\/\/www.ufmg.br\/dti\/cecom\/?p=1124"},"modified":"2011-03-17T08:00:00","modified_gmt":"2011-03-17T08:00:00","slug":"sistematico-edicao-1505-17032011","status":"publish","type":"post","link":"https:\/\/www.ufmg.br\/dti\/2011\/03\/17\/sistematico-edicao-1505-17032011\/","title":{"rendered":"Sistem\u00e1tico: Edi\u00e7\u00e3o 1505 &#8211; 17\/03\/2011"},"content":{"rendered":"<ul>\n<li><a href=\"\/dti\/#noticias\">Not\u00edcias<\/a>\n<div class='submenuSistematico'>\n<ul>\n<li><a href=\"\/dti\/#anoticias1\" id=\"1\"><span class=\"titulo\">IMPLANTADA     VERS&Atilde;O 3.0 DO DI&Aacute;RIO DE CLASSE<\/span><\/a><\/li>\n<li><a href=\"\/dti\/#anoticias2\" id=\"2\"><span class=\"titulo\">UFMG      INICIA UTILIZA&Ccedil;&Acirc;O DE IPv6<\/span><\/a><\/li>\n<li><a href=\"\/dti\/#anoticias2\" id=\"2\"><span class=\"titulo\">PRA      E DLO PROMOVEM CURSO SOBRE COMPRAS <br \/>     PARA DIRIGENTES DA UFMG<\/span><\/a><\/li>\n<\/ul>\n<\/div>\n<\/li>\n<li><a href=\"\/dti\/#informativo\">Informativo<\/a>\n<div class='submenuSistematico'>\n<ul>\n<li><a href=\"\/dti\/#ainformativo1\" id=\"1\"><span class=\"titulo\">DICAS      DE SITES INTERESSANTES<\/span><\/a><\/li>\n<li><a href=\"\/dti\/#ainformativo2\" id=\"2\"><span class=\"titulo\">SAI      LISTAS DE CONVOCADOS PARA PREENCHIMENTO DE VAGAS NESTE SEMESTRE<\/span><\/a><\/li>\n<li><a href=\"\/dti\/#ainformativo3\" id=\"3\"><img loading=\"lazy\" decoding=\"async\" src=\"https:\/\/www.ufmg.br\/dti\/wp-content\/uploads\/imgs\/tudo_pixel.gif\" width=\"1\" height=\"8\" alt=\"\" border=\"0\"><br \/>      <span class=\"titulo\">H\u00e1 20 anos&#8230;<\/span><\/a><\/li>\n<\/ul>\n<\/div>\n<\/li>\n<li><a href=\"\/dti\/#eventos\">Eventos<\/a>\n<div class='submenuSistematico'>\n<ul>\n<li><a href=\"\/dti\/#aeventos1\" id=\"1\"><span class=\"titulo\">SOCIAIS<\/span><\/a><\/li>\n<li><a href=\"\/dti\/#aeventos2\" id=\"2\"><span class=\"titulo\">MEM&Oacute;RIA      FOTOGR&Aacute;FICA DO CECOM<\/span><\/a><\/li>\n<\/ul>\n<\/div>\n<\/li>\n<\/ul>\n<ul class='pdfSist'>\n<li><a href=\"https:\/\/www.ufmg.br\/dti\/wp-content\/uploads\/Sistematico_PDF\/Sist09_2011-A4.pdf\"><img loading=\"lazy\" decoding=\"async\" src=\"https:\/\/www.ufmg.br\/dti\/wp-content\/uploads\/Sistematico_PDF\/mini_pdf.gif\" width=\"30\" height=\"30\" border=\"0\"> Vers\u00e3o em PDF<\/a><\/li>\n<\/ul>\n<p> <a name='noticias'><\/a><\/p>\n<h4>Not\u00edcias<\/h4>\n<div class=\"centro-sistematico\">  <!-- noticias --> <a><\/a>  <\/p>\n<table border=\"0\" cellspacing=\"0\" cellpadding=\"0\">\n<tr>\n<td><\/td>\n<td><\/td>\n<\/tr>\n<tr>\n<td align=\"LEFT\" valign=\"TOP\"><\/td>\n<td align=\"LEFT\" valign=\"TOP\"> <a name=\"anoticias1\" id=\"1\"><span class=\"titulo\">IMPLANTADA     VERS&Atilde;O 3.0 DO DI&Aacute;RIO DE CLASSE<\/span><\/a>     <\/p>\n<p align=\"justify\"><span class=\"texto\">      A nova vers&atilde;o do Di&aacute;rio de Classe Eletr&ocirc;nico entrou      em produ&ccedil;&atilde;o nesta quarta-feira, dia 16. Em agosto de 2010,      foi montada uma comiss&atilde;o de usu&aacute;rios com a participa&ccedil;&atilde;o      da Prograd, PRPG, DRCA e Help-Desk para tratar das funcionalidades que      seriam acrescentadas nesta nova vers&atilde;o do Di&aacute;rio. <br \/>     As principais altera&ccedil;&otilde;es implemen-tadas no sistema foram      no sentido de melhorar a usabilidade e conduzir melhor as tarefas dos      professores e colegiados, facilitando a utiliza&ccedil;&atilde;o do      sistema. Entre as novas funcionalidades da nova vers&atilde;o est&atilde;o:<br \/>     &#8211; Exibir mensagem para o professor, no cabe&ccedil;alho, informando,      a partir de 15 dias antes, o fim do prazo para fechamento do Di&aacute;rio      (Gradua&ccedil;&atilde;o e P&oacute;s);<br \/>     &#8211; Enviar e-mail autom&aacute;tico para todos os professores que ainda      n&atilde;o fecharam o di&aacute;rio 7 dias e depois 2 dias antes do      prazo final para fechamento do di&aacute;rio;<br \/>     &#8211; Desabilitar no lan&ccedil;amento de frequ&ecirc;ncia e nota, todos      os alunos que estiverem na situa&ccedil;&atilde;o Trancado, Cancelado,      Exclu&iacute;do;<br \/>     &#8211; Atualizar o Relat&oacute;rio Cumulativo de Notas;<br \/>     &#8211; Permitir acesso ao material das turmas de per&iacute;odos letivos      anteriores para consulta (mat&eacute;ria lecionada e notas dos alunos).<br \/>     A equipe da DAS (Divis&atilde;o de Aplicativos e Sistemas) envolvida      no desenvolvimento da vers&atilde;o 3.0 do Di&aacute;rio de Classe Eletr&ocirc;nico      &eacute; composta por Diogo Freitas Duarte Magalhaes, Pedro Henrique      Begalli Rezende e Thiago Tadeu Rodrigues Moreira.<br \/>     . <\/span><\/p>\n<p>    <span class=\"texto\">     <\/p>\n<p>    <\/span><\/td>\n<\/tr>\n<tr>\n<td align=\"LEFT\" valign=\"TOP\"><\/td>\n<td align=\"LEFT\" valign=\"TOP\">\n<p><a name=\"anoticias2\" id=\"2\"><span class=\"titulo\">UFMG      INICIA UTILIZA&Ccedil;&Acirc;O DE IPv6<\/span><\/a> <\/p>\n<p><span class=\"texto\">Os &uacute;ltimos lotes de endere&ccedil;os de      internet no modelo IPv4, que ainda estavam dispon&iacute;veis para aloca&ccedil;&atilde;o,      foram entregues pela IANA, ag&ecirc;ncia que controla a distribui&ccedil;&atilde;o      de IPs, no dia 03 de fevereiro. O formato IPv4 permite a cria&ccedil;&atilde;o      de quatro bilh&otilde;es de endere&ccedil;os e ser&aacute; gradualmente      substitu&iacute;do pelo formato IPv6, que forma at&eacute; 340 decilh&otilde;es      de combina&ccedil;&otilde;es. Os endere&ccedil;os IP s&atilde;o utilizados      para identificar sistemas ligados &agrave; internet e os dois formatos      dever&atilde;o coexistir por at&eacute; 20 anos, sendo que um computador      conectado &agrave; internet pode ter endere&ccedil;os nos dois formatos      simultaneamente.<br \/>     O Brasil tem uma reserva de endere&ccedil;os IPv4 que deve ser suficiente      para atender &agrave; demanda at&eacute; o in&iacute;cio de 2012. No      Pa&iacute;s, a distribui&ccedil;&atilde;o de endere&ccedil;os IP &eacute;      feita pelo N&uacute;cleo de Informa&ccedil;&atilde;o e Coordena&ccedil;&atilde;o      do Ponto BR (NIC.br). <br \/>     A UFMG j&aacute; recebeu um lote de endere&ccedil;os do padr&atilde;o      IPv6 e o CECOM alocou faixas para as diversas escolas e &oacute;rg&atilde;os.      O Departamento de Ci&ecirc;ncia da Computa&ccedil;&atilde;o &#8211; DCC\/ICEx      , que j&aacute; efetuava testes com o protocolo, j&aacute; est&aacute;      com alguns computadores configurados na rede IPv6 da UFMG. A utiliza&ccedil;&atilde;o      do novo padr&atilde;o em larga escala demandar&aacute; a troca dos roteadores,      equipamentos que comp&otilde;em a infraestrutura principal da Rede UFMG      e s&atilde;o respons&aacute;veis pela interliga&ccedil;&atilde;o das      redes dos diversos pr&eacute;dios.<br \/>     .<br \/>     .<\/span><\/p>\n<p>    <span class=\"texto\">     <\/p>\n<p>    <\/span><\/td>\n<\/tr>\n<tr>\n<td align=\"LEFT\" valign=\"TOP\"><\/td>\n<td align=\"LEFT\" valign=\"TOP\">\n<p><a name=\"anoticias2\" id=\"2\"><span class=\"titulo\">PRA      E DLO PROMOVEM CURSO SOBRE COMPRAS <br \/>     PARA DIRIGENTES DA UFMG<\/span><\/a> <\/p>\n<p><span class=\"texto\">A Pr&oacute;-Reitoria de Administra&ccedil;&atilde;o,      por meio do DLO &#8211; Departamento de Log&iacute;stica de Suprimentos e      de Servi&ccedil;os Gerais, promoveu nos dias 15 e 16 de mar&ccedil;o,      no Audit&oacute;rio da Copeve, o curso &#8220;No&ccedil;&otilde;es gerais      sobre compras para Dirigentes da UFMG&#8221;, destinado a proporcionar      uma forma&ccedil;&atilde;o b&aacute;sica sobre as modalidades de aquisi&ccedil;&atilde;o      e os procedimentos a serem adotados quando da solicita&ccedil;&atilde;o\/realiza&ccedil;&atilde;o      de processos de compras de materiais e servi&ccedil;os.<br \/>     O curso esteve sob a coordena&ccedil;&atilde;o de Altair Dam&aacute;sio      Dias, Assessor T&eacute;cnico em Licita&ccedil;&otilde;es, e Margarete      M. Parreiras, Diretora da Divis&atilde;o de Compras do DLO. Participaram      do curso cerca de 40 pessoas, entre diretores e gestores, tanto das      unidades acad&ecirc;micas quanto das unidades administrativas da UFMG.      Entre elas, prof. Luciano de Errico, Diretor de Tecnologia da Informa&ccedil;&atilde;o,      e M&aacute;rcia Regina Lemos, Vice-diretora do CECOM.<br \/>     Segundo o DLO, esse mesmo curso ser&aacute; oferecido posteriormente      para os respons&aacute;veis pelos setores de Compras das unidades, ainda      em data a ser definida.<br \/>     .<\/span><\/p>\n<p align=\"center\"><span class=\"texto\"><img loading=\"lazy\" decoding=\"async\" src=\"https:\/\/www.ufmg.br\/dti\/wp-content\/uploads\/fotos\/17-03-11\/evento_DLO.JPG\" width=\"500\" height=\"375\"><br \/>     <em><span class=\"texto\"><em><font face=\"1\">A apresenta&ccedil;&atilde;o      de Altair Dam&aacute;sio Dias<\/font><\/em><\/span><\/em> <br \/>     .<\/span><span class=\"texto\"> <\/span><\/p>\n<p>    <span class=\"texto\">     <\/p>\n<\/p>\n<p>    <\/span><\/td>\n<\/tr>\n<p>  <!-- #BeginEditable \"materias\" --> <!-- #EndEditable -->  <\/table>\n<p> <!-- fim noticias --><\/div>\n<p><a name='informativo'><\/a><\/p>\n<h4>Informativo<\/h4>\n<div class=\"centro-sistematico\">  <!-- noticias --> <a><\/a>  <\/p>\n<table border=\"0\" cellspacing=\"0\" cellpadding=\"0\">\n<tr>\n<td><\/td>\n<td><\/td>\n<\/tr>\n<p>  <!-- #BeginEditable \"materias\" --> <!-- #EndEditable -->  <\/table>\n<p> <!-- fim noticias --> <!-- tabela ha 20 anos --> <\/p>\n<table border=\"0\" cellpadding=\"0\" cellspacing=\"0\" bgcolor=\"#FFFFFF\">\n<tr>\n<td align=\"LEFT\" valign=\"TOP\"><\/td>\n<td align=\"LEFT\" valign=\"TOP\">\n<p align=\"justify\"><span class=\"texto\"><a name=\"ainformativo1\" id=\"1\"><span class=\"titulo\">DICAS      DE SITES INTERESSANTES<\/span><\/a><\/span><\/p>\n<p align=\"justify\"><span class=\"texto\">Adyrus, o ca&ccedil;ador de sites,      enviou as seguintes dicas:<\/p>\n<p>     &#8211; A dengue &eacute; um dos principais problemas de sa&uacute;de p&uacute;blica      no mundo. A Organiza&ccedil;&atilde;o Mundial da Sa&uacute;de (OMS)      estima que entre 50 a 100 milh&otilde;es de pessoas se infectem anualmente,      em mais de 100 pa&iacute;ses, de todos os continentes, exceto a Europa.      Cerca de 550 mil doentes necessitam de hospitaliza&ccedil;&atilde;o      e 20 mil morrem em consequ&ecirc;ncia da dengue. Saiba mais no Observat&oacute;rio      da Dengue, servi&ccedil;o on-line que a UFMG lan&ccedil;ou nesta quarta-feira,      durante o F&oacute;rum Mineiro de Inova&ccedil;&atilde;o no <a href=\"http:\/\/www.observatorio.inweb.org.br\/dengue\/destaques\/\">endere&ccedil;o<\/a>.<\/p>\n<p>     &#8211; Depois do sucesso na primeira edi&ccedil;&atilde;o, o projeto Passaporte      SporTV est&aacute; de volta agora em 2011! Se voc&ecirc; &eacute; rec&eacute;m      formado em jornalismo e um apaixonado por esportes, esta &eacute; a      sua grande chance de participar como correspondente internacional da      cobertura de grandes eventos esportivos no ano que vem! <a href=\"http:\/\/sportv.globo.com\/passaporte\">Leia      mais<\/a>.<\/p>\n<p>     &#8211; Fa&ccedil;a suas perguntas para Lady Gaga direto do youtube.com. <a href=\"http:\/\/www.youtube.com\/ladygaga\">Confira<\/a>.<\/p>\n<p>     &#8211; Neste <a href=\"http:\/\/bemquerermulher.webnode.com\">site<\/a>, voc&ecirc;      vai conhecer a Campanha Bem Querer <br \/>     Mulher, a campanha nacional de mobiliza&ccedil;&atilde;o da sociedade      pela redu&ccedil;&atilde;o da viol&ecirc;ncia contra a mulher no Brasil.      Fa&ccedil;a parte desse movimento, divulgue e contribua. Como empresa,      indiv&iacute;duo, governo ou sociedade civil, cada um tem o seu papel      nesse grande desafio.<\/p>\n<p>     &#8211; Numa decis&atilde;o hist&oacute;rica, a Assembleia Geral da ONU votou      por unanimidade em 2 de julho de 2010, em Nova York, pela cria&ccedil;&atilde;o      de uma nova entidade para acelerar o progresso e o atendimento das demandas      das mulheres e meninas em todo o mundo. <a href=\"http:\/\/www.unifem.org.br\">Clique<\/a>.<\/p>\n<p>     &#8211; The Pet&acute;s Universe, a rede social do seu melhor amigo! Uma campanha      iniciada pelo Facebook na semana passada tem o objetivo de enviar c&atilde;es      farejadores para o Jap&atilde;o para auxiliar na busca por desaparecidos.      O tempo &eacute; fator cr&iacute;tico neste momento e cada um de n&oacute;s      pode ajudar. <a href=\"http:\/\/www.thepetsuniverse.com\/\">Confira<\/a>.      <br \/>     .<\/span><\/p>\n<p align=\"center\"><span class=\"texto\"><\/span><span class=\"texto\"><br \/>     <\/span>    <\/p>\n<\/td>\n<\/tr>\n<tr>\n<td align=\"LEFT\" valign=\"TOP\"><\/td>\n<td align=\"LEFT\" valign=\"TOP\">\n<p align=\"justify\"><span class=\"texto\"><a name=\"ainformativo2\" id=\"2\"><span class=\"titulo\">SAI      LISTAS DE CONVOCADOS PARA PREENCHIMENTO DE VAGAS NESTE SEMESTRE<\/span><\/a><\/span><\/p>\n<div align=\"left\"><span class=\"texto\">Est&atilde;o dispon&iacute;veis      para consulta no site do Departamento de Registro e Controle Acad&ecirc;mico      (DRCA) a convoca&ccedil;&atilde;o de candidatos classificados para mudar      da segunda para a primeira entrada no Vestibular UFMG 2011; e a lista      de aprovados em segunda chamada para cursos de entrada &uacute;nica.      <br \/>     O candidato convocado dever&aacute; preencher o formul&aacute;rio de      cadastro para registro acad&ecirc;mico, tamb&eacute;m dispon&iacute;vel      no site do DRCA. Para acessar a ficha de cadastro, basta utilizar o      n&uacute;mero de inscri&ccedil;&atilde;o e a senha utilizados no Vestibular      2011. <br \/>     Posteriormente, no dia definido na escala de atendimento para seu curso,      os candidatos classificados nos cursos oferecidos em Belo Horizonte      dever&atilde;o comparecer ao DRCA (pr&eacute;dio da Unidade Administrativa      III, no campus Pampulha) e os de Montes Claros ao Instituto de Ci&ecirc;ncias      Agr&aacute;rias (avenida Universit&aacute;ria, 1.000), munidos da documenta&ccedil;&atilde;o      exigida, para confirmar o registro acad&ecirc;mico e a matr&iacute;cula.      &#8230;<br \/>     <em>(Fonte: http:\/\/www.ufmg.br\/online\/arquivos\/018572.shtml &#8211; 17\/03\/2011)<\/em><\/span><\/div>\n<div align=\"center\"><span class=\"texto\"> <\/span><\/div>\n<p align=\"center\"><span class=\"texto\"><\/span><span class=\"texto\"><br \/>     <\/span>    <\/p>\n<\/td>\n<\/tr>\n<tr>\n<td width=\"12\" align=\"LEFT\" valign=\"TOP\"><\/td>\n<td width=\"538\" align=\"LEFT\" valign=\"TOP\">&nbsp;<\/td>\n<\/tr>\n<p>  <!-- #BeginEditable \"materias\" --> <!-- #EndEditable -->  <\/table>\n<table border=\"0\" cellspacing=\"0\" cellpadding=\"0\" class=\"cinza\">\n<tr>\n<td><img loading=\"lazy\" decoding=\"async\" src=\"https:\/\/www.ufmg.br\/dti\/wp-content\/uploads\/imgs\/tudo_pixel.gif\" width=\"1\" height=\"1\" alt=\"\" border=\"0\"><\/td>\n<td><img loading=\"lazy\" decoding=\"async\" src=\"https:\/\/www.ufmg.br\/dti\/wp-content\/uploads\/imgs\/tudo_pixel.gif\" width=\"19\" height=\"1\" alt=\"\" border=\"0\"><\/td>\n<td><img loading=\"lazy\" decoding=\"async\" src=\"https:\/\/www.ufmg.br\/dti\/wp-content\/uploads\/imgs\/tudo_pixel.gif\" width=\"510\" height=\"1\" alt=\"\" border=\"0\"><\/td>\n<td><img loading=\"lazy\" decoding=\"async\" src=\"https:\/\/www.ufmg.br\/dti\/wp-content\/uploads\/imgs\/tudo_pixel.gif\" width=\"19\" height=\"1\" alt=\"\" border=\"0\"><\/td>\n<td><img loading=\"lazy\" decoding=\"async\" src=\"https:\/\/www.ufmg.br\/dti\/wp-content\/uploads\/imgs\/tudo_pixel.gif\" width=\"1\" height=\"1\" alt=\"\" border=\"0\"><\/td>\n<\/tr>\n<tr>\n<td class=\"vermelho\" colspan=\"5\"><img loading=\"lazy\" decoding=\"async\" src=\"https:\/\/www.ufmg.br\/dti\/wp-content\/uploads\/imgs\/tudo_pixel.gif\" width=\"1\" height=\"1\" alt=\"\" border=\"0\"><\/td>\n<\/tr>\n<tr>\n<td class=\"vermelho\"><img loading=\"lazy\" decoding=\"async\" src=\"https:\/\/www.ufmg.br\/dti\/wp-content\/uploads\/imgs\/tudo_pixel.gif\" width=\"1\" height=\"1\" alt=\"\" border=\"0\"><\/td>\n<td><img loading=\"lazy\" decoding=\"async\" src=\"https:\/\/www.ufmg.br\/dti\/wp-content\/uploads\/imgs\/tudo_pixel.gif\" width=\"1\" height=\"1\" alt=\"\" border=\"0\"><\/td>\n<td align=\"LEFT\" valign=\"TOP\"><!-- #BeginEditable \"ha%2020%20anos\" -->     <\/p>\n<div align=\"justify\">\n<p><a name=\"ainformativo3\" id=\"3\"><img loading=\"lazy\" decoding=\"async\" src=\"https:\/\/www.ufmg.br\/dti\/wp-content\/uploads\/imgs\/tudo_pixel.gif\" width=\"1\" height=\"8\" alt=\"\" border=\"0\"><br \/>      <span class=\"titulo\">H\u00e1 20 anos&#8230;<\/span><\/a><\/p>\n<p>      <span class=\"texto\">O Sistem&aacute;tico Ano XV, no 09, de 14\/03\/1991,       publicou not&iacute;cias sobre visita &agrave; CSI Inform&aacute;tica,       apresenta&ccedil;&atilde;o da palestra AAP, planejamento de projetos,       paradas do Sistema A10, entre outras. A not&iacute;cia que se destacou       foi:<\/span><span class=\"texto\"><strong><\/p>\n<p>      <\/strong><strong>VIAGEM &Agrave; BRAS&Iacute;LIA<br \/>      <\/strong><font face=\"1\"> Os analistas da Divis&atilde;o de Sistemas       Funcionais do CECOM, Jo&atilde;o Carlos Lages e M&aacute;rio Magalh&atilde;es       Lara, juntamente com dois funcion&aacute;rios da &aacute;rea de Recursos       Humanos do Depto. de Pessoal, estiveram, de 11 a 13 de mar&ccedil;o,       em Bras&iacute;lia, com o objetivo de conhecer o funcionamento do       Sistema SIAPE.<br \/>      Para isto, nos dois primeiros dias, visitaram a Secretaria de Administra&ccedil;&atilde;o       Federal &#8211; SAF, &oacute;rg&atilde;o respons&aacute;vel pela ger&ecirc;ncia       do sistema. Tiveram tamb&eacute;m a oportunidade de conhecer a parte       operacional do sistema, visitando o pr&oacute;prio Depto. de Pessoal       da SAF, o Minist&eacute;rio da Sa&uacute;de e a Secretaria de Desenvolvimento       Regional.<br \/>      No dia 13, os funcion&aacute;rios da UFMG visitaram o MEC, onde assistiram       &agrave; uma demonstra&ccedil;&atilde;o do extrator de dados do SIAFI,       devido &agrave; sua semelhan&ccedil;a com o poss&iacute;vel extrator       do SIAPE. <\/font><\/span><\/p>\n<\/p><\/div>\n<div align=\"justify\">\n<p><span class=\"texto\"><\/span><\/p>\n<\/p><\/div>\n<p>    <!-- #EndEditable --><br \/> <img loading=\"lazy\" decoding=\"async\" src=\"https:\/\/www.ufmg.br\/dti\/wp-content\/uploads\/imgs\/tudo_pixel.gif\" width=\"1\" height=\"8\" alt=\"\" border=\"0\"><\/td>\n<td><img loading=\"lazy\" decoding=\"async\" src=\"https:\/\/www.ufmg.br\/dti\/wp-content\/uploads\/imgs\/tudo_pixel.gif\" width=\"1\" height=\"1\" alt=\"\" border=\"0\"><\/td>\n<td class=\"vermelho\"><img loading=\"lazy\" decoding=\"async\" src=\"https:\/\/www.ufmg.br\/dti\/wp-content\/uploads\/imgs\/tudo_pixel.gif\" width=\"1\" height=\"1\" alt=\"\" border=\"0\"><\/td>\n<\/tr>\n<tr>\n<td class=\"vermelho\" colspan=\"5\"><img loading=\"lazy\" decoding=\"async\" src=\"https:\/\/www.ufmg.br\/dti\/wp-content\/uploads\/imgs\/tudo_pixel.gif\" width=\"1\" height=\"1\" alt=\"\" border=\"0\"><\/td>\n<\/tr>\n<\/table>\n<p> <!-- fim tabela ha 20 anos --><\/div>\n<p><a name='eventos'><\/a><\/p>\n<h4>Eventos<\/h4>\n<div class=\"centro-sistematico\">  <!-- noticias --> <\/p>\n<table border=\"0\" cellspacing=\"0\" cellpadding=\"0\">\n<tr>\n<td><\/td>\n<td><\/td>\n<\/tr>\n<tr>\n<td align=\"LEFT\" valign=\"TOP\"><\/td>\n<td align=\"LEFT\" valign=\"TOP\">\n<p><a name=\"aeventos1\" id=\"1\"><span class=\"titulo\">SOCIAIS<\/span><\/a><\/p>\n<p align=\"justify\" class=\"texto\"><strong>ANIVERS&Aacute;RIOS: <\/strong><em>&#8220;O      Sistem&aacute;tico&#8221; envia os parab&eacute;ns para Michele Marie      Ribeiro Perp&eacute;tuo, no dia 18; Maximiliano Luiz Souza Guimar&atilde;es,      no dia 19; M&aacute;rio Magalh&atilde;es Lara e Emerson Henrique Kfuri      Pereira, no dia 22. Os parab&eacute;ns atrasados para os ex-ceconianos:      Jos&eacute; Efig&ecirc;nio de Oliveira (Alm&atilde;o), no dia 11; Daniele      Maria Miranda e Jane Pires Camargos Lemos, no dia 13; Gl&aacute;ucia      Maria Fantoni, no dia 14; Messias Emanoel Chaves, M&ocirc;nica Ata&iacute;de      Silva e Roberto M&aacute;rcio Ferreira de Souza, no dia 16. Os parab&eacute;ns,      em dia, para: Odiolon Gon&ccedil;alves de Castro, no dia 17; Rodrigo      Torres Assump&ccedil;&atilde;o, no dia 18; Rafael Alves de Souza, no      dia 19; Maria Luciene Diniz Ferreira, Samuel de Freitas e Gladson de      Oliveira, no dia 20; William Andal&eacute;cio, Robson Nogueira Barreto      e R&ocirc;mulo Vieira de Faria, no dia 24.<\/em><\/p>\n<p align=\"justify\" class=\"texto\"><strong>DESPEDIDA:<\/strong><em> Na despedida      do CECOM, os ex-estagi&aacute;rios Daniel Alves de Ara&uacute;jo Martins      e Thomas Rodrigues Thorun enviaram os seguintes e-mails para a Reda&ccedil;&atilde;o:      <\/p>\n<p>     &#8220;A todos, Saio com &oacute;timas lembran&ccedil;as, pois foi um      prazer ser estagi&aacute;rio do CECOM. Agrade&ccedil;o muito pela oportunidade      e pelo crescimento profissional que tive nesses 2 anos aqui. Desejo      bastante sucesso na constru&ccedil;&atilde;o do futuro da informatiza&ccedil;&atilde;o      da UFMG. Abra&ccedil;os e bom trabalho!&#8221; Daniel Martins<\/p>\n<p>     &#8220;Ap&oacute;s ter encerrado mais esta etapa, com o fim do meu per&iacute;odo      de est&aacute;gio, gostaria de declarar que muito do CECOM permanecer&aacute;      em minha vida, como o crescimento pessoal e profissional, o conhecimento      e as amizades que aqui fiz, muitas delas que levarei para a vida toda.      Espero ter deixado um pouco de mim com cada um aqui. Obrigado a todos.&#8221;      Thomas Thorun<\/em><em><br \/>     <\/em><\/p>\n<p align=\"justify\" class=\"texto\"><span class=\"texto\"><\/span><\/p>\n<p align=\"justify\">&nbsp; <\/p>\n<p>    <span class=\"texto\"><\/span><\/td>\n<\/tr>\n<tr>\n<td align=\"LEFT\" valign=\"TOP\"><\/td>\n<td align=\"LEFT\" valign=\"TOP\">\n<p><a name=\"aeventos2\" id=\"2\"><span class=\"titulo\">MEM&Oacute;RIA      FOTOGR&Aacute;FICA DO CECOM<\/span><\/a><\/p>\n<p>     <span class=\"texto\"><font face=\"2\">No dia 02 de mar&ccedil;o de 2011,      a Divis&atilde;o de Redes de Comunica&ccedil;&atilde;o do CECOM apresentou      o Projeto da Rede Sem fio da UFMG para a comunidade universit&aacute;ria,      na Sala de Semin&aacute;rios 1010, da Escola de Engenharia. As fotos      s&atilde;o de autoria de Caroline Mitsuko.<\/font><\/span> <\/p>\n<p align=\"center\"><img loading=\"lazy\" decoding=\"async\" src=\"https:\/\/www.ufmg.br\/dti\/wp-content\/uploads\/fotos\/17-03-11\/SDC11872.JPG\" width=\"500\" height=\"375\"><br \/>     <em><span class=\"texto\"><em><font face=\"1\">Prof. Luciano de Errico,      Diretor de TI, fez a abertura do evento<\/font><\/em><\/span><\/em> <\/p>\n<p>     <img loading=\"lazy\" decoding=\"async\" src=\"https:\/\/www.ufmg.br\/dti\/wp-content\/uploads\/fotos\/17-03-11\/SDC11889.JPG\" width=\"375\" height=\"500\">      <br \/>     <em><span class=\"texto\"><em><font face=\"1\">A apresenta&ccedil;&atilde;o      de David Eust&aacute;quio<\/p>\n<p>     <img loading=\"lazy\" decoding=\"async\" src=\"https:\/\/www.ufmg.br\/dti\/wp-content\/uploads\/fotos\/17-03-11\/SDC11877.JPG\" width=\"500\" height=\"375\"><br \/>     <\/font><\/em><\/span><\/em><em><span class=\"texto\"><em><font face=\"1\">Os      participantes do evento<\/font><\/em><\/span><\/em><\/p>\n<p align=\"center\"><em><span class=\"texto\"><em><font face=\"1\"><img loading=\"lazy\" decoding=\"async\" src=\"https:\/\/www.ufmg.br\/dti\/wp-content\/uploads\/fotos\/17-03-11\/SDC11928.JPG\" width=\"375\" height=\"500\"><br \/>     Carlos Alfeu, Diretor do CECOM, e Prof. Luciano, Diretor de TI<\/font><\/em><\/span><\/em><\/p>\n<p align=\"center\"><em><span class=\"texto\"><em><font face=\"1\"><img loading=\"lazy\" decoding=\"async\" src=\"https:\/\/www.ufmg.br\/dti\/wp-content\/uploads\/fotos\/17-03-11\/SDC11900.JPG\" width=\"500\" height=\"375\"><br \/>     <\/font><font face=\"1\">Fernando Frota respondendo &agrave;s perguntas<\/font><\/em><\/span><\/em><\/p>\n<p align=\"center\"><em><span class=\"texto\"><em><font face=\"1\"><img loading=\"lazy\" decoding=\"async\" src=\"https:\/\/www.ufmg.br\/dti\/wp-content\/uploads\/fotos\/17-03-11\/SDC11941.JPG\" width=\"500\" height=\"375\"><br \/>     Paulo Lessa respondendo &agrave;s perguntas<\/font><\/em><\/span><\/em><\/p>\n<p align=\"center\">&nbsp;<\/p>\n<p align=\"justify\" class=\"texto\"><span class=\"texto\"><\/span><\/p>\n<p align=\"justify\">&nbsp;<\/p>\n<\/td>\n<\/tr>\n<p>  <!-- #BeginEditable \"materias\" --> <!-- #EndEditable -->  <\/table>\n<p> <!-- fim noticias --> <\/p>\n<table border=\"0\" cellpadding=\"0\" cellspacing=\"0\">\n<tr>\n<td align=\"LEFT\" valign=\"TOP\">&nbsp;<\/td>\n<td align=\"LEFT\" valign=\"TOP\">&nbsp;<\/td>\n<\/tr>\n<p>  <!-- #BeginEditable \"materias\" --> <!-- #EndEditable -->  <\/table>\n<\/div>\n","protected":false},"excerpt":{"rendered":"<p>Not\u00edcias IMPLANTADA VERS&Atilde;O 3.0 DO DI&Aacute;RIO DE CLASSE UFMG INICIA UTILIZA&Ccedil;&Acirc;O DE IPv6 PRA E DLO PROMOVEM CURSO SOBRE COMPRAS PARA DIRIGENTES DA UFMG Informativo DICAS DE SITES INTERESSANTES SAI LISTAS DE CONVOCADOS PARA PREENCHIMENTO DE VAGAS NESTE SEMESTRE H\u00e1 20 anos&#8230; Eventos SOCIAIS MEM&Oacute;RIA FOTOGR&Aacute;FICA DO CECOM Vers\u00e3o em PDF Not\u00edcias IMPLANTADA VERS&Atilde;O 3.0 &#8230; <a title=\"Sistem\u00e1tico: Edi\u00e7\u00e3o 1505 &#8211; 17\/03\/2011\" class=\"read-more\" href=\"https:\/\/www.ufmg.br\/dti\/2011\/03\/17\/sistematico-edicao-1505-17032011\/\" aria-label=\"Read more about Sistem\u00e1tico: Edi\u00e7\u00e3o 1505 &#8211; 17\/03\/2011\">Ler mais<\/a><\/p>\n","protected":false},"author":3,"featured_media":0,"comment_status":"open","ping_status":"open","sticky":false,"template":"","format":"standard","meta":{"inline_featured_image":false,"footnotes":""},"categories":[13],"tags":[],"coauthors":[79],"class_list":["post-2961","post","type-post","status-publish","format-standard","hentry","category-sistematico"],"_links":{"self":[{"href":"https:\/\/www.ufmg.br\/dti\/wp-json\/wp\/v2\/posts\/2961","targetHints":{"allow":["GET"]}}],"collection":[{"href":"https:\/\/www.ufmg.br\/dti\/wp-json\/wp\/v2\/posts"}],"about":[{"href":"https:\/\/www.ufmg.br\/dti\/wp-json\/wp\/v2\/types\/post"}],"author":[{"embeddable":true,"href":"https:\/\/www.ufmg.br\/dti\/wp-json\/wp\/v2\/users\/3"}],"replies":[{"embeddable":true,"href":"https:\/\/www.ufmg.br\/dti\/wp-json\/wp\/v2\/comments?post=2961"}],"version-history":[{"count":0,"href":"https:\/\/www.ufmg.br\/dti\/wp-json\/wp\/v2\/posts\/2961\/revisions"}],"wp:attachment":[{"href":"https:\/\/www.ufmg.br\/dti\/wp-json\/wp\/v2\/media?parent=2961"}],"wp:term":[{"taxonomy":"category","embeddable":true,"href":"https:\/\/www.ufmg.br\/dti\/wp-json\/wp\/v2\/categories?post=2961"},{"taxonomy":"post_tag","embeddable":true,"href":"https:\/\/www.ufmg.br\/dti\/wp-json\/wp\/v2\/tags?post=2961"},{"taxonomy":"author","embeddable":true,"href":"https:\/\/www.ufmg.br\/dti\/wp-json\/wp\/v2\/coauthors?post=2961"}],"curies":[{"name":"wp","href":"https:\/\/api.w.org\/{rel}","templated":true}]}}