{"id":2979,"date":"2010-07-29T08:00:00","date_gmt":"2010-07-29T08:00:00","guid":{"rendered":"https:\/\/www.ufmg.br\/dti\/cecom\/?p=1149"},"modified":"2010-07-29T08:00:00","modified_gmt":"2010-07-29T08:00:00","slug":"sistematico-edicao-1479-29072010","status":"publish","type":"post","link":"https:\/\/www.ufmg.br\/dti\/2010\/07\/29\/sistematico-edicao-1479-29072010\/","title":{"rendered":"Sistem\u00e1tico: Edi\u00e7\u00e3o 1479 &#8211; 29\/07\/2010"},"content":{"rendered":"<ul>\n<li><a href=\"\/dti\/#noticias\">Not\u00edcias<\/a>\n<div class='submenuSistematico'>\n<ul>\n<li><a href=\"\/dti\/#anoticias1\" id=\"1\"><span class=\"titulo\">ENCERRADO     PROCESSO DE MATR&Iacute;CULA ONLINE DA P&Oacute;S-GRADUA&Ccedil;&Atilde;O<\/span><\/a><\/li>\n<li><a href=\"\/dti\/#anoticias2\"><span class=\"titulo\">UFMG PREPARA     RECEP&Ccedil;&Atilde;O DE CALOUROS<\/span><\/a><\/li>\n<\/ul>\n<\/div>\n<\/li>\n<li><a href=\"\/dti\/#informativo\">Informativo<\/a>\n<div class='submenuSistematico'>\n<ul>\n<li><a href=\"\/dti\/#ainformativo1\" id=\"1\"><span class=\"titulo\">DICAS      DE SITES INTERESSANTES<\/span><\/a><\/li>\n<li><a href=\"\/dti\/#ainformativo2\" id=\"2\"><span class=\"titulo\">RESTAURANTES      DA PRA&Ccedil;A DE SERVI&Ccedil;OS REABREM DIA 2 DE AGOSTO<\/span><\/a><\/li>\n<li><a href=\"\/dti\/#ainformativo3\" id=\"3\"><span class=\"titulo\">MUSEU      DE HIST&Oacute;RIA NATURAL OFERECE PROGRAMA&Ccedil;&Atilde;O DE F&Eacute;RIAS      <\/span><\/a><\/li>\n<li><a href=\"\/dti\/#ainformativo4\" id=\"4\"><img loading=\"lazy\" decoding=\"async\" src=\"https:\/\/www.ufmg.br\/dti\/wp-content\/uploads\/imgs\/tudo_pixel.gif\" width=\"1\" height=\"8\" alt=\"\" border=\"0\"><br \/>      <span class=\"titulo\">H\u00e1 20 anos&#8230;<\/span><\/a><\/li>\n<\/ul>\n<\/div>\n<\/li>\n<li><a href=\"\/dti\/#eventos\">Eventos<\/a>\n<div class='submenuSistematico'>\n<ul>\n<li><a href=\"\/dti\/#aeventos1\" id=\"1\"><span class=\"titulo\">SOCIAIS<\/span><\/a><\/li>\n<\/ul>\n<\/div>\n<\/li>\n<\/ul>\n<ul class='pdfSist'>\n<li><a href=\"https:\/\/www.ufmg.br\/dti\/wp-content\/uploads\/Sistematico_PDF\/Sist25_2010-A4.pdf\"><img loading=\"lazy\" decoding=\"async\" src=\"https:\/\/www.ufmg.br\/dti\/wp-content\/uploads\/Sistematico_PDF\/mini_pdf.gif\" width=\"30\" height=\"30\" border=\"0\"> Vers\u00e3o em PDF<\/a><\/li>\n<\/ul>\n<p> <a name='noticias'><\/a><\/p>\n<h4>Not\u00edcias<\/h4>\n<div class=\"centro-sistematico\">  <!-- noticias --> <a><\/a>  <\/p>\n<table border=\"0\" cellspacing=\"0\" cellpadding=\"0\">\n<tr>\n<td><\/td>\n<td><\/td>\n<\/tr>\n<p>  <!-- #BeginEditable \"materias\" -->   <\/p>\n<tr>\n<td height=\"1140\" align=\"LEFT\" valign=\"TOP\"><\/td>\n<td align=\"LEFT\" valign=\"TOP\"> <a name=\"anoticias1\" id=\"1\"><span class=\"titulo\">ENCERRADO     PROCESSO DE MATR&Iacute;CULA ONLINE DA P&Oacute;S-GRADUA&Ccedil;&Atilde;O<\/span><\/a>     <\/p>\n<p align=\"justify\"><span class=\"texto\">O per&iacute;odo de matr&iacute;cula      online da P&oacute;s-gradua&ccedil;&atilde;o foi encerrado na segunda-feira,      dia 26 de julho. A utiliza&ccedil;&atilde;o do sistema online alcan&ccedil;ou      um n&uacute;mero expressivo de alunos: 5.741 alunos, que correspondem      a 88,84% do total (6.462 alunos). Esta foi a segunda utiliza&ccedil;&atilde;o      do sistema por todos os cursos ap&oacute;s o piloto realizado no segundo      semestre de 2009 que contou com a participa&ccedil;&atilde;o de 2 programas      de P&oacute;s-gradua&ccedil;&atilde;o.<\/p>\n<p>     Al&eacute;m da possibilidade de solicitar a matr&iacute;cula em disciplinas      eletivas, o sistema de matr&iacute;cula vem sendo aperfei&ccedil;oado      a cada semestre. Foram inclu&iacute;dos mais relat&oacute;rios administrativos      que exibem as turmas formadas antes da efetiva&ccedil;&atilde;o, matr&iacute;culas      efetivadas, entre outros. A vers&atilde;o do sistema para a matr&iacute;cula      do segundo semestre de 2010 contou ainda com bloqueio autom&aacute;tico      baseado no calend&aacute;rio geral de matr&iacute;cula. O per&iacute;odo      determinado para matr&iacute;cula da P&oacute;s-gradua&ccedil;&atilde;o      foi de 30 de junho a 26 de julho. Dentro desse per&iacute;odo os programas      de P&oacute;s-gradua&ccedil;&atilde;o configuraram suas datas livremente.      O bloqueio desse per&iacute;odo foi feito automaticamente e, mesmo havendo      a possibilidade de extens&atilde;o do prazo, neste semestre n&atilde;o      foi necess&aacute;rio.<\/p>\n<p>     Outra novidade foi o bloqueio do lan&ccedil;amento de matr&iacute;cula      diretamente no Sistema Acad&ecirc;mico pelas Secretarias, o que obrigou      as unidades, alunos e orientadores a utilizarem o sistema online. Ap&oacute;s      o t&eacute;rmino da utiliza&ccedil;&atilde;o do sistema de matr&iacute;cula,      o sistema Acad&ecirc;mico foi desbloqueado no dia 27 de julho para acertos.      A grande altera&ccedil;&atilde;o no processo aconteceu na oferta de      turmas. Os programas, ao lan&ccedil;arem a oferta de turmas, poderiam      distribuir vagas para outros cursos (desde que a atividade fizesse parte      do curso selecionado) e, dessa maneira, a turma ficava dispon&iacute;vel      para os alunos do curso selecionado para que os mesmos pudessem solicitar      matr&iacute;cula na turma. Os cursos tiveram a liberdade para efetivar      as matr&iacute;culas dos alunos nessas turmas (mesmo n&atilde;o sendo      o ofertante), respeitando o limite de vagas disponibilizado pelo programa      ofertante.<\/p>\n<p>     Os n&uacute;meros finais deste ano foram bem satisfat&oacute;rios. O      quadro abaixo ilustra o resultado final do processo de matr&iacute;cula      online da P&oacute;s:<\/span><\/p>\n<div align=\"center\">\n<table width=\"84%\" border=\"5\">\n<tr>\n<td width=\"39%\" height=\"23\">&nbsp;<\/td>\n<td width=\"61%\">\n<div align=\"center\"><font face=\"1\"><strong>2010\/2<\/strong><\/font><\/div>\n<\/td>\n<\/tr>\n<\/table>\n<table width=\"84%\" border=\"5\">\n<tr>\n<td width=\"43%\"><font face=\"1\"><strong>SITUA&Ccedil;&Atilde;O         DAS PROPOSTAS<\/strong><\/font><\/td>\n<td width=\"13%\"><font face=\"1\"><strong>QUANTIDADE<\/strong><\/font><\/td>\n<td width=\"14%\"><font face=\"1\"><strong>PERCENTUAL         RELATIVO(%) <\/strong><\/font><\/td>\n<td width=\"30%\"><font face=\"1\"><strong>PERCENTUAL         TOTAL(%)<\/strong><\/font><\/td>\n<\/tr>\n<tr>\n<td><font face=\"1\">Salva<\/font><\/td>\n<td>\n<div align=\"center\"><font face=\"1\">17<\/font>         <\/div>\n<\/td>\n<td>\n<div align=\"center\"><font face=\"1\">0,3<\/font><\/div>\n<\/td>\n<td>\n<div align=\"center\"><font face=\"1\">0,26<\/font><\/div>\n<\/td>\n<\/tr>\n<tr>\n<td><font face=\"1\">Aguardando         1&ordf; an&aacute;lise do Orientador<\/font><\/td>\n<td>\n<div align=\"center\"><font face=\"1\">413<\/font><\/div>\n<\/td>\n<td>\n<div align=\"center\"><font face=\"1\">7,19<\/font><\/div>\n<\/td>\n<td>\n<div align=\"center\"><font face=\"1\">6,39<\/font><\/div>\n<\/td>\n<\/tr>\n<tr>\n<td height=\"16\">\n<p><font face=\"1\">Aguardando          corre&ccedil;&otilde;es do Aluno (sem sugest&otilde;es)<\/font><\/p>\n<\/td>\n<td>\n<div align=\"center\"><font face=\"1\">27<\/font><\/div>\n<\/td>\n<td>\n<div align=\"center\"><font face=\"1\">0,47<\/font><\/div>\n<\/td>\n<td>\n<p align=\"center\"><font face=\"1\">0,47<\/font><\/p>\n<\/td>\n<\/tr>\n<tr>\n<td><font face=\"1\">Aguardando         corre&ccedil;&otilde;es do Aluno (com sugest&otilde;es)<\/font><\/td>\n<td>\n<div align=\"center\"><font face=\"1\">14<\/font><\/div>\n<\/td>\n<td>\n<div align=\"center\"><font face=\"1\">0,24<\/font><\/div>\n<\/td>\n<td>\n<div align=\"center\"><font face=\"1\">0,22<\/font><\/div>\n<\/td>\n<\/tr>\n<tr>\n<td><font face=\"1\">Aguardando         2&ordf; an&aacute;lise do Orientador<\/font><\/td>\n<td>\n<div align=\"center\"><font face=\"1\">29<\/font><\/div>\n<\/td>\n<td>\n<div align=\"center\"><font face=\"1\">0,51<\/font><\/div>\n<\/td>\n<td>\n<div align=\"center\"><font face=\"1\">0,45<\/font><\/div>\n<\/td>\n<\/tr>\n<tr>\n<td><font face=\"1\">Aprovada         pelo Orientador com eletivas pendentes<\/font><\/td>\n<td>\n<div align=\"center\"><font face=\"1\">127<\/font><\/div>\n<\/td>\n<td>\n<div align=\"center\"><font face=\"1\">2,21<\/font><\/div>\n<\/td>\n<td>\n<div align=\"center\"><font face=\"1\">1,97<\/font><\/div>\n<\/td>\n<\/tr>\n<tr>\n<td><font face=\"1\">Aprovada<\/font><\/td>\n<td>\n<div align=\"center\"><font face=\"1\">5.114<\/font><\/div>\n<\/td>\n<td>\n<div align=\"center\"><font face=\"1\">89,08<\/font><\/div>\n<\/td>\n<td>\n<div align=\"center\"><font face=\"1\">79,14<\/font><\/div>\n<\/td>\n<\/tr>\n<tr>\n<td><font face=\"1\">TOTAL DA         PROPOSTAS<\/font><\/td>\n<td>\n<div align=\"center\"><font face=\"1\">5.741<\/font><\/div>\n<\/td>\n<td>\n<div align=\"center\"><font face=\"1\">100<\/font><\/div>\n<\/td>\n<td>\n<div align=\"center\"><font face=\"1\">88,84<\/font><\/div>\n<\/td>\n<\/tr>\n<tr>\n<td><font face=\"1\">PROPOSTAS         N&Atilde;O ENVIADAS <\/font><\/td>\n<td>\n<div align=\"center\"><font face=\"1\">721<\/font><\/div>\n<\/td>\n<td>\n<div align=\"center\"><\/div>\n<\/td>\n<td>\n<div align=\"center\"><font face=\"1\">11,16<\/font><\/div>\n<\/td>\n<\/tr>\n<tr>\n<td height=\"23\"><font face=\"1\">TOTAL         DE ALUNOS <\/font><\/td>\n<td>\n<div align=\"center\"><font face=\"1\">6.462<\/font><\/div>\n<\/td>\n<td>\n<div align=\"center\"><\/div>\n<\/td>\n<td>&nbsp;<\/td>\n<\/tr>\n<\/table><\/div>\n<p align=\"justify\"><span class=\"texto\">Entre as 721 propostas n&atilde;o      enviadas, deve-se considerar que alguns alunos que ainda est&atilde;o      com situa&ccedil;&atilde;o normal no sistema s&atilde;o concluintes      e realmente n&atilde;o necessitariam efetuar proposta de matr&iacute;cula.      Al&eacute;m desses, h&aacute; ainda os alunos ingressantes. Muitos foram      inclu&iacute;dos no sistema ap&oacute;s o per&iacute;odo de matr&iacute;cula      determinado pelo seu curso, portanto, as suas matr&iacute;culas ser&atilde;o      efetivadas diretamente no sistema Acad&ecirc;mico. Feitas essas considera&ccedil;&otilde;es,      em estimativa feita pela equipe da PRPG, o percentual de propostas n&atilde;o      enviadas cairia de 11,16% para cerca de 3%, o que configura aproximadamente      97% de propostas enviadas pelo sistema de Matr&iacute;cula Online.<\/p>\n<p>     Para esta vers&atilde;o do sistema, foi montada uma comiss&atilde;o      formada por membros da PRPG (Z&eacute;lia Pires da Silveira e Maria      Dolores Diniz), DRCA (Ana L&uacute;cia Ribeiro Diniz, Leusl&eacute;ia      Ferreira Dias e Bruno Cola Greggio), Help-desk (Z&eacute;lia Maria Oliveira      Falc&atilde;o de Almeida e Andr&eacute;a Nunes Gaspar) e CECOM (Diogo      Magalhaes e Pedro Begalli). A equipe de desenvolvimento do CECOM foi      formada por Diogo Freitas Duarte Magalh&atilde;es, Pedro Henrique Begalli      Resende, Leandro Damasceno Pio e Euler Xavier de Oliveira.<\/span><\/p>\n<p align=\"justify\"><span class=\"texto\"> <\/span><\/p>\n<p>    <span class=\"texto\">     <\/p>\n<p align=\"justify\">\n<p>    <\/span><\/td>\n<\/tr>\n<tr>\n<td align=\"LEFT\" valign=\"TOP\"><\/td>\n<td align=\"LEFT\" valign=\"TOP\"> <a name=\"anoticias2\"><span class=\"titulo\">UFMG PREPARA     RECEP&Ccedil;&Atilde;O DE CALOUROS<\/span><\/a> <\/p>\n<p align=\"justify\"><span class=\"texto\">      A Semana de Recep&ccedil;&atilde;o de Calouros do segundo semestre est&aacute;      agendada para o per&iacute;odo de 2 a 4 de agosto. Os novos estudantes      ser&atilde;o recebidos na UFMG e participar&atilde;o de atividades que      t&ecirc;m como objetivo apresentar a institui&ccedil;&atilde;o e prepar&aacute;-los      para o in&iacute;cio da vida universit&aacute;ria.<br \/>     <\/span><span class=\"texto\"><br \/>     A programa&ccedil;&atilde;o dos dias 2 e 3 de agosto, comum a todos      os cursos, acontecer&aacute; nos audit&oacute;rios da Faculdade de Ci&ecirc;ncias      Econ&ocirc;micas, do Instituto de Ci&ecirc;ncias Biol&oacute;gicas e      da Reitoria. No dia 4 de agosto, os calouros ser&atilde;o recepcionados      por seus pr&oacute;prios departamentos.<\/span><span class=\"texto\"><\/p>\n<p>     A abertura da recep&ccedil;&atilde;o aos calouros, no dia 2 de agosto,      contar&aacute; com a presen&ccedil;a do reitor, prof. Cl&eacute;lio      Campolina, e da vice-reitora, profa. Rocksane de Carvalho Norton. Em      seguida, a profa. Ant&ocirc;nia Vit&oacute;ria Soares Aranha, pr&oacute;-reitora      de Gradua&ccedil;&atilde;o, far&aacute; a sauda&ccedil;&atilde;o aos      estudantes. Nesse dia, os alunos poder&atilde;o conhecer mais sobre      as atividades da Diretoria para Assuntos Estudantis e as Pol&iacute;ticas      Institucionais de Apoio ao Estudante e acompanhar palestras proferidas      pelos professores Jo&atilde;o Gabriel Marques Fonseca, m&eacute;dico,      m&uacute;sico e doutor em Medicina pela UFMG, que falar&aacute;, na      parte da manh&atilde;, sobre o tema Cuidar-se para produzir e Juarez      Tarc&iacute;sio Dayrell, soci&oacute;logo e doutor em Educa&ccedil;&atilde;o      pela USP, que falar&aacute;, na parte da noite, sobre o tema Universidade      e juventude.<\/p>\n<p>     No segundo dia, 3 de agosto, os alunos ter&atilde;o a apresenta&ccedil;&atilde;o      do painel Vida acad&ecirc;mica na gradua&ccedil;&atilde;o: conex&otilde;es      entre ensino, pesquisa e extens&atilde;o, com a participa&ccedil;&atilde;o      dos pr&oacute;-reitores de Gradua&ccedil;&atilde;o, de P&oacute;s-Gradua&ccedil;&atilde;o,      de Pesquisa e de Extens&atilde;o. Tamb&eacute;m ser&atilde;o apresentados      os programas de mobilidade estudantil e interc&acirc;mbio internacional,      al&eacute;m de informa&ccedil;&otilde;es sobre est&aacute;-gios e bolsas      da Gradua&ccedil;&atilde;o. Completando a programa&ccedil;&atilde;o      do dia ser&atilde;o apresentadas aos calouros as atividades desenvolvidas      pela Ouvidoria da Universidade e pelo Diret&oacute;rio Central dos Estudantes.      No final, haver&aacute; apresenta&ccedil;&atilde;o art&iacute;stica      de dan&ccedil;a indiana.<\/p>\n<p>     No terceiro dia, 4 de agosto, os alunos ter&atilde;o programa&ccedil;&atilde;o      espec&iacute;fica por curso, em hor&aacute;rios definidos na programa&ccedil;&atilde;o      deste dia. (Com Assessoria da Prograd)<\/p>\n<p>     (Fonte: Ag&ecirc;ncia de Not&iacute;cias da UFMG &#8211; Assessoria de Imprensa      Cedecom\/UFMG &#8211; 26\/07\/2010) <\/span><\/p>\n<p>    <span class=\"texto\">     <\/p>\n<p>    <\/span><\/td>\n<\/tr>\n<p>  <!-- #EndEditable -->  <\/table>\n<p> <!-- fim noticias --><\/div>\n<p><a name='informativo'><\/a><\/p>\n<h4>Informativo<\/h4>\n<div class=\"centro-sistematico\">  <!-- noticias --> <a><\/a>  <\/p>\n<table border=\"0\" cellspacing=\"0\" cellpadding=\"0\">\n<tr>\n<td><\/td>\n<td><\/td>\n<\/tr>\n<p>  <!-- #BeginEditable \"materias\" --> <!-- #EndEditable -->  <\/table>\n<p> <!-- fim noticias --> <!-- tabela ha 20 anos --> <\/p>\n<table border=\"0\" cellpadding=\"0\" cellspacing=\"0\" bgcolor=\"#FFFFFF\">\n<tr>\n<td width=\"12\" height=\"559\" align=\"LEFT\" valign=\"TOP\"><\/td>\n<td width=\"538\" align=\"LEFT\" valign=\"TOP\">\n<p align=\"justify\"><span class=\"texto\"><a name=\"ainformativo1\" id=\"1\"><span class=\"titulo\">DICAS      DE SITES INTERESSANTES<\/span><\/a><\/span><\/p>\n<p align=\"justify\" class=\"texto\">     Adyrus, o ca&ccedil;ador de sites, enviou as seguintes dicas:<\/p>\n<p>     &#8211; O que a BP Oil poderia comprar com o que gastou com o vazamento no      Golfo do M&eacute;xico? Saiba clicando <a href=\"http:\/\/metiredesteocio.com\/curiosidades\/o-que-a-bp-oil-poderia-comprar-com-o-que-gastou-com-o-vazamento-no-golfo-do-mexico\/?utm_source=feedburner&amp;utm_medium=feed%20&amp;utm_campaign=Feed:%2Bmetiredesteocio%2B%20(Me%2BTire%2BDeste%2B%C3%93cio!!!)\">aqui<\/a>.      <\/p>\n<p>     &#8211; M&uacute;sicos da Broadway criticam substitui&ccedil;&atilde;o de      instrumentos por m&aacute;quinas. Veja <a href=\"http:\/\/www.divirta-se.uai.com.br\/html\/sessao_11\/2010\/07\/28\/ficha_teatro\/id_sessao=11&amp;id_noticia=26681\/ficha_teatro.shtml\">aqui<\/a>.<\/p>\n<p>     &#8211; Visitas Virtuais Tridimensionais ao Vaticano:<br \/>     <a href=\"http:\/\/www.vatican.va\/various\/cappelle\/sistina_vr\/index.html\">http:\/\/www.vatican.va\/various\/cappelle\/sistina_vr\/index.html<\/a><br \/>     <a href=\"http:\/\/www.vatican.va\/various\/basiliche\/san_pietro\/vr_tour\/index-en.html\">http:\/\/www.vatican.va\/various\/basiliche\/san_pietro\/vr_tour\/index-en.html<\/a><br \/>     <a href=\"http:\/\/www.vatican.va\/various\/basiliche\/san_paolo\/vr_tour\/index-it.html\">http:\/\/www.vatican.va\/various\/basiliche\/san_paolo\/vr_tour\/index-it.html<\/a><br \/>     <a href=\"http:\/\/www.vatican.va\/various\/basiliche\/san_giovanni\/vr_tour\/Media\/VR\/Lateran_Nave1\/index.html\">http:\/\/www.vatican.va\/various\/basiliche\/san_giovanni\/vr_tour\/Media\/VR\/Lateran_Nave1\/index.html<\/a><\/p>\n<p>     &#8211; GVT e CDI lan&ccedil;am terceira edi&ccedil;&atilde;o do Guia para      o Uso Respons&aacute;vel da Internet. O endere&ccedil;o &eacute; <a href=\"http:\/\/www.internetresponsavel.%20com.br\/criancas\">http:\/\/www.internetresponsavel.      com.br\/criancas<\/a>.<\/p>\n<p>     &#8211; Se vai viajar para Portugal ou mora l&aacute;, n&atilde;o perca o      Festival Praia de Mira no m&ecirc;s de Agosto. Veja as datas e quem      estar&aacute; por l&aacute; em <a href=\"http:\/\/www.festivalpraiademira.com\">http:\/\/www.festivalpraiademira.com<\/a>.<\/p>\n<p>     &#8211; WikiLeaks liberou hoje mais de 75.000 relat&oacute;rios secretos militares      E.U.A. que cobriam a guerra no Afeganist&atilde;o. &Eacute; um comp&ecirc;ndio      extraordin&aacute;rio secreto de mais de 91 mil relat&oacute;rios que      cobrem a guerra no Afeganist&atilde;o 2004-2010. Os relat&oacute;rios      descrevem a maioria das mortais a&ccedil;&otilde;es militares envolvendo      os militares dos Estados Unidos. Elas incluem o n&uacute;mero de pessoas      indicadas para serem mortas, feridas ou detidas durante cada a&ccedil;&atilde;o,      em conjunto com a localiza&ccedil;&atilde;o geogr&aacute;fica exata      de cada evento, as unidades militares envolvidas e grandes sistemas      de armas usadas. <a href=\"\/dti\/%20\/\/wardiary.wikileaks.org\/\">Veja<\/a>.<\/p>\n<p>     &#8211; No blog do Edu tem l&oacute;gica, matem&aacute;tica, f&iacute;sica      e conhecimento sem mist&eacute;rio. O endere&ccedil;o &eacute; <a href=\"http:\/\/eduviana1.blogspot.com\/\">http:\/\/eduviana1.blogspot.com\/<\/a>.<\/p>\n<p align=\"center\"><span class=\"texto\"><\/span><span class=\"texto\"><br \/>     <\/span>    <\/p>\n<\/td>\n<\/tr>\n<tr>\n<td align=\"LEFT\" valign=\"TOP\"><\/td>\n<td align=\"LEFT\" valign=\"TOP\">\n<p align=\"justify\"><span class=\"texto\"><a name=\"ainformativo2\" id=\"2\"><span class=\"titulo\">RESTAURANTES      DA PRA&Ccedil;A DE SERVI&Ccedil;OS REABREM DIA 2 DE AGOSTO<\/span><\/a><\/span><\/p>\n<p align=\"justify\"><span class=\"texto\"><br \/>     Os restaurantes e a cantina da Pra&ccedil;a de Servi&ccedil;os voltam      a funcionar na pr&oacute;xima segunda-feira, 2 de agosto. Os estabelecimentos      foram fechados no per&iacute;odo de julho para realiza&ccedil;&atilde;o      de obra de manuten&ccedil;&atilde;o, mas a conclus&atilde;o n&atilde;o      ocorreu no prazo previsto, devido ao estado f&iacute;sico das instala&ccedil;&otilde;es.<\/p>\n<p>     A empresa Cook Empreendimentos em Alimenta&ccedil;&atilde;o Coletiva      Ltda. assume o espa&ccedil;o, ap&oacute;s vencer a &uacute;ltima licita&ccedil;&atilde;o.      O contrato &eacute; de um ano, com possibilidade de renova&ccedil;&atilde;o      por outros quatro.<\/p>\n<p>     A empresa praticar&aacute; o pre&ccedil;o de R$ 18,90 por quilo no restaurante      da Pra&ccedil;a (t&eacute;rreo) e de R$ 25,90 no restaurante do mezanino.<\/p>\n<p>     (Fonte: http:\/\/www.ufmg.br\/online\/arquivos\/016219.shtml &#8211; 29\/07\/2010)<\/p>\n<p>     <\/span><\/p>\n<p align=\"center\"><span class=\"texto\"><\/span><span class=\"texto\"><br \/>     <\/span>    <\/p>\n<\/td>\n<\/tr>\n<tr>\n<td align=\"LEFT\" valign=\"TOP\"><\/td>\n<td align=\"LEFT\" valign=\"TOP\">\n<p align=\"justify\"><span class=\"texto\"><a name=\"ainformativo3\" id=\"3\"><span class=\"titulo\">MUSEU      DE HIST&Oacute;RIA NATURAL OFERECE PROGRAMA&Ccedil;&Atilde;O DE F&Eacute;RIAS      <\/span><\/a><\/span><\/p>\n<p align=\"justify\"><span class=\"texto\"><br \/>     At&eacute; 8 de agosto, o Museu de Hist&oacute;ria Natural e Jardim      Bot&acirc;nico da UFMG realiza uma s&eacute;rie de atividades especiais.      A programa&ccedil;&atilde;o de f&eacute;rias, aberta de ter&ccedil;a-feira      a sexta-feira e nos finais de semana, inclui caminhada monitorada nas      trilhas, exposi&ccedil;&otilde;es permanentes e oficinas.<\/p>\n<p>     Os visitantes podem participar de caminhada monitorada nas trilhas dos      600 mil metros quadrados de &aacute;rea verde do Museu ou de um Enduro      a p&eacute;, esp&eacute;cie de gincana na qual os participantes procuram      por pistas informativas sobre a fauna e flora da nossa mata. <\/p>\n<p>     Al&eacute;m disso, duas oficinas estar&atilde;o &agrave; disposi&ccedil;&atilde;o      do p&uacute;blico: a de pigmentos e a de escava&ccedil;&atilde;o arqueol&oacute;gica.      Na primeira, frutas, folhas e terra ser&atilde;o materiais usados para      produzir tintas naturais, enquanto na oficina de escava&ccedil;&atilde;o      ser&aacute; simulado o trabalho de campo da arqueologia em uma r&eacute;plica      de s&iacute;tio, com todas as etapas de busca e retirada de vest&iacute;gios      de tempos passados. <\/p>\n<p>     Durante a semana, as exposi&ccedil;&otilde;es permanentes estar&atilde;o      abertas das 9h &agrave;s 17h, entretando n&atilde;o haver&aacute; apresenta&ccedil;&atilde;o      c&ecirc;nica do Pres&eacute;pio do Pipiripau.<\/p>\n<p>     J&aacute; nos fins de semana, o Museu conta com visitas monitoradas      &agrave;s exposi&ccedil;&otilde;es, caminhada pela mata, visita ao Centro      de Refer&ecirc;ncia Cartogr&aacute;fica (acervo de documentos cartogr&aacute;ficos      e outras iconografias sobre o territ&oacute;rio de Minas Gerais e do      Brasil) e apresenta&ccedil;&otilde;es do Pres&eacute;pio do Pipiripau.      A programa&ccedil;&atilde;o para os s&aacute;bados e domingos tamb&eacute;m      prev&ecirc; oficinas de Pigmentos e Papel Reciclado, que ocorrem em      dois hor&aacute;rios.<\/p>\n<p>     A programa&ccedil;&atilde;o completa com os hor&aacute;-rios &eacute;      a seguinte:<\/p>\n<p>     Ter&ccedil;as-feiras:<br \/>     10h &#8211; Caminhada monitorada na mata<br \/>     10h30 &#8211; Oficina de Pigmentos<br \/>     14h30 &#8211; Caminhada monitorada na mata<br \/>     15h &#8211; Oficina de Pigmentos<br \/>     Quartas-feiras:<br \/>     10h &#8211; Enduro<br \/>     10h30 &#8211; Oficina de Pigmentos<br \/>     14h30 &#8211; Caminhada monitorada na mata<br \/>     15h &#8211; Oficina de Escava&ccedil;&atilde;o Arqueol&oacute;gica<br \/>     Quintas-feiras:<br \/>     10h &#8211; Enduro<br \/>     10h30 &#8211; Oficina de Pigmentos<br \/>     14h30 &#8211; Caminhada monitorada na mata<br \/>     15h00 &#8211; Oficina de Pigmentos<br \/>     16h &#8211; Oficina de Escava&ccedil;&atilde;o Arqueol&oacute;gica<br \/>     Sextas-feiras:<br \/>     10h &#8211; Enduro<br \/>     10h30 &#8211; Oficina de Pigmentos<br \/>     14h30 &#8211; Caminhada monitorada na mata<br \/>     15h &#8211; Oficina de Pigmentos<br \/>     16h &#8211; Oficina de Escava&ccedil;&atilde;o Arqueol&oacute;gica<br \/>     S&aacute;bados e domingos:<br \/>     10h &agrave;s 17h &#8211; Visita &agrave;s exposi&ccedil;&otilde;es da mineralogia,      arqueologia, paleontologia, f&iacute;sica divertida e espa&ccedil;o      de plantas medicinais<br \/>     10h &agrave;s 12h e 14h &agrave;s 16h &#8211; Oficinas de pigmentos, de papel      reciclado e jogo da mem&oacute;ria do Museu<br \/>     10h30 e 14h30 &#8211; Caminhada pela mata. Inscri&ccedil;&otilde;es na varanda      do Pres&eacute;pio. Dura&ccedil;&atilde;o m&eacute;dia da caminhada:      uma hora <br \/>     10h30 &#8211; 12h30 &#8211; 15h30 &#8211; 16h30 &#8211; Exposi&ccedil;&atilde;o Morcegos: verdades      e mitos<br \/>     11h &agrave;s 13h e 14h &agrave;s 16h &#8211; Visita ao Centro de refer&ecirc;ncia      em cartografia hist&oacute;rica (Palacinho)<br \/>     11h e 15h &#8211; Sess&otilde;es extras: 12h e 17h &#8211; Apresenta&ccedil;&atilde;o      do pres&eacute;pio do Pipiripau<br \/>     11h30 &#8211; 13h &#8211; 14h30 &#8211; 16h &#8211; Experi&ecirc;ncias no Espa&ccedil;o Qu&iacute;mica      na Cabe&ccedil;a<br \/>     12h e 14h &#8211; Visitas tem&aacute;ticas: fauna e flora do Museu (Local:      Exposi&ccedil;&atilde;o dos Morcegos)<\/p>\n<p>     A entrada custa R$ 4,00 (menores de cinco anos e maiores de 60 anos      n&atilde;o pagam)<br \/>     O Museu de Hist&oacute;ria Natural e Jardim Bot&acirc;nico fica &agrave;      Rua Gustavo da Silveira, 1.035, Santa In&ecirc;s, pr&oacute;ximo &agrave;      esta&ccedil;&atilde;o Santa In&ecirc;s. Mais informa&ccedil;&otilde;es      podem ser obtidas pelo telefone (31) 3409-7607 ou no site do Museu.<\/p>\n<p>     (Com Assessoria de Imprensa do MHNJB)<br \/>     (Fonte: http:\/\/www.ufmg.br\/online\/arquivos\/016251.shtml &#8211; 28\/07\/2010)<\/p>\n<p>     <\/span><\/p>\n<p align=\"center\"><span class=\"texto\"><\/span><span class=\"texto\"><br \/>     <\/span>    <\/p>\n<\/td>\n<\/tr>\n<p>  <!-- #BeginEditable \"materias\" --> <!-- #EndEditable -->  <\/table>\n<table border=\"0\" cellpadding=\"0\" cellspacing=\"0\">\n<tr>\n<td align=\"LEFT\" valign=\"TOP\">&nbsp;<\/td>\n<td align=\"LEFT\" valign=\"TOP\">&nbsp;<\/td>\n<\/tr>\n<p>  <!-- #BeginEditable \"materias\" --> <!-- #EndEditable -->  <\/table>\n<table border=\"0\" cellspacing=\"0\" cellpadding=\"0\" class=\"cinza\">\n<tr>\n<td><img loading=\"lazy\" decoding=\"async\" src=\"https:\/\/www.ufmg.br\/dti\/wp-content\/uploads\/imgs\/tudo_pixel.gif\" width=\"1\" height=\"1\" alt=\"\" border=\"0\"><\/td>\n<td><img loading=\"lazy\" decoding=\"async\" src=\"https:\/\/www.ufmg.br\/dti\/wp-content\/uploads\/imgs\/tudo_pixel.gif\" width=\"19\" height=\"1\" alt=\"\" border=\"0\"><\/td>\n<td><img loading=\"lazy\" decoding=\"async\" src=\"https:\/\/www.ufmg.br\/dti\/wp-content\/uploads\/imgs\/tudo_pixel.gif\" width=\"510\" height=\"1\" alt=\"\" border=\"0\"><\/td>\n<td><img loading=\"lazy\" decoding=\"async\" src=\"https:\/\/www.ufmg.br\/dti\/wp-content\/uploads\/imgs\/tudo_pixel.gif\" width=\"19\" height=\"1\" alt=\"\" border=\"0\"><\/td>\n<td><img loading=\"lazy\" decoding=\"async\" src=\"https:\/\/www.ufmg.br\/dti\/wp-content\/uploads\/imgs\/tudo_pixel.gif\" width=\"1\" height=\"1\" alt=\"\" border=\"0\"><\/td>\n<\/tr>\n<tr>\n<td class=\"vermelho\" colspan=\"5\"><img loading=\"lazy\" decoding=\"async\" src=\"https:\/\/www.ufmg.br\/dti\/wp-content\/uploads\/imgs\/tudo_pixel.gif\" width=\"1\" height=\"1\" alt=\"\" border=\"0\"><\/td>\n<\/tr>\n<tr>\n<td class=\"vermelho\"><img loading=\"lazy\" decoding=\"async\" src=\"https:\/\/www.ufmg.br\/dti\/wp-content\/uploads\/imgs\/tudo_pixel.gif\" width=\"1\" height=\"1\" alt=\"\" border=\"0\"><\/td>\n<td><img loading=\"lazy\" decoding=\"async\" src=\"https:\/\/www.ufmg.br\/dti\/wp-content\/uploads\/imgs\/tudo_pixel.gif\" width=\"1\" height=\"1\" alt=\"\" border=\"0\"><\/td>\n<td align=\"LEFT\" valign=\"TOP\"><!-- #BeginEditable \"ha%2020%20anos\" -->     <\/p>\n<div align=\"justify\">\n<p><a name=\"ainformativo4\" id=\"4\"><img loading=\"lazy\" decoding=\"async\" src=\"https:\/\/www.ufmg.br\/dti\/wp-content\/uploads\/imgs\/tudo_pixel.gif\" width=\"1\" height=\"8\" alt=\"\" border=\"0\"><br \/>      <span class=\"titulo\">H\u00e1 20 anos&#8230;<\/span><\/a><\/p>\n<p>      <span class=\"texto\">O Sistem&aacute;tico Ano XIV, no 28, de 26\/07\/1990,       publicou not&iacute;cias sobre recordes da rede, cancelamento de impress&atilde;o       remota, Concurso Supletivo geral, palestras internas, paradas do Sistema       A10, entre outras. As not&iacute;cias que se destacaram foram:<\/span><span class=\"texto\"><strong><\/p>\n<p>      <\/strong><strong>NOVO HERMES<br \/>      <\/strong><font face=\"1\"> Est&aacute; prevista para o m&ecirc;s de       agosto a implanta&ccedil;&atilde;o pelo CECOM da nova vers&atilde;o       do Hermes &#8211; Correio Eletr&ocirc;nico. Inicialmente, a nova vers&atilde;o       estar&aacute; dispon&iacute;vel exclusivamente na window CECOM. O       objetivo desta medida &eacute; possibilitar a realiza&ccedil;&atilde;o       de testes, treinamento aos usu&aacute;rios (tanto os que j&aacute;       fazem uso quanto os que ainda n&atilde;o foram cadastrados como usu&aacute;rios)       e forma&ccedil;&atilde;o de pessoal no CECOM para agiliza&ccedil;&atilde;o       da implanta&ccedil;&atilde;o nas unidades que faltam.<br \/>      A DST j&aacute; est&aacute; em contato com a MSA para prepara&ccedil;&atilde;o       da implanta&ccedil;&atilde;o no ambiente de testes.<br \/>      A programa&ccedil;&atilde;o do treinamento a ser feito no m&ecirc;s       de agosto ser&aacute; elaborado pela Vice-Diretoria, que prev&ecirc;       inicialmente a participa&ccedil;&atilde;o de 2 pessoas por unidade\/&oacute;rg&atilde;o.a.<br \/>      <\/font><\/span><br \/>      <span class=\"texto\"><strong>MATR&Iacute;CULA ONLINE<br \/>      <\/strong><font face=\"1\"> Durante esta semana est&aacute; sendo realizada       a matr&iacute;cula dos veteranos em todas as unidades da UFMG, sendo       que tal processo tem apresentado v&aacute;rias novidades devido &agrave;s       novas normas acad&ecirc;micas e aos novos curr&iacute;culos dos cursos.<br \/>      Em cinco destas unidades (ICB, Fafich, Educa&ccedil;&atilde;o F&iacute;sica,       Belas Artes e M&uacute;sica), al&eacute;m destas novidades, est&aacute;       ocorrendo a matr&iacute;cula online. Espalhados por estas unidades,       v&aacute;rios micros e terminais conectados ao A10, t&ecirc;m efetuado       a matr&iacute;cula dos alunos gerando com isto, sens&iacute;veis altera&ccedil;&otilde;es       no volume de transa&ccedil;&otilde;es do sistema.<br \/>      Nas atividades desta semana, at&eacute; as 11h da manh&atilde; de       hoje, j&aacute; foram impressas cerca de 11.000 p&aacute;ginas de       formul&aacute;rio (contando-se comprovantes de matr&iacute;cula e       outros servi&ccedil;os).<br \/>      O volume de impress&atilde;o est&aacute; assim distribu&iacute;do       pelas 5 unidades:<br \/>      &#8211; Fafich: 37,97%<br \/>      &#8211; ICB: 37,03%<br \/>      &#8211; Educa&ccedil;&atilde;o F&iacute;sica: 15,01%<br \/>      &#8211; Belas Artes: 5,46%<br \/>      &#8211; M&uacute;sica: 4,50%<\/font><\/span><\/p>\n<\/p><\/div>\n<div align=\"justify\">\n<p><span class=\"texto\"><\/span><\/p>\n<\/p><\/div>\n<p>    <!-- #EndEditable --><br \/> <img loading=\"lazy\" decoding=\"async\" src=\"https:\/\/www.ufmg.br\/dti\/wp-content\/uploads\/imgs\/tudo_pixel.gif\" width=\"1\" height=\"8\" alt=\"\" border=\"0\"><\/td>\n<td><img loading=\"lazy\" decoding=\"async\" src=\"https:\/\/www.ufmg.br\/dti\/wp-content\/uploads\/imgs\/tudo_pixel.gif\" width=\"1\" height=\"1\" alt=\"\" border=\"0\"><\/td>\n<td class=\"vermelho\"><img loading=\"lazy\" decoding=\"async\" src=\"https:\/\/www.ufmg.br\/dti\/wp-content\/uploads\/imgs\/tudo_pixel.gif\" width=\"1\" height=\"1\" alt=\"\" border=\"0\"><\/td>\n<\/tr>\n<tr>\n<td height=\"2\" colspan=\"5\" class=\"vermelho\"><img loading=\"lazy\" decoding=\"async\" src=\"https:\/\/www.ufmg.br\/dti\/wp-content\/uploads\/imgs\/tudo_pixel.gif\" width=\"1\" height=\"1\" alt=\"\" border=\"0\"><\/td>\n<\/tr>\n<\/table>\n<p> <!-- fim tabela ha 20 anos --><\/div>\n<p><a name='eventos'><\/a><\/p>\n<h4>Eventos<\/h4>\n<div class=\"centro-sistematico\">  <!-- noticias --> <\/p>\n<table border=\"0\" cellspacing=\"0\" cellpadding=\"0\">\n<tr>\n<td><\/td>\n<td><\/td>\n<\/tr>\n<tr>\n<td align=\"LEFT\" valign=\"TOP\"><\/td>\n<td align=\"LEFT\" valign=\"TOP\">\n<p><a name=\"aeventos1\" id=\"1\"><span class=\"titulo\">SOCIAIS<\/span><\/a><\/p>\n<p align=\"justify\" class=\"texto\"><strong>ANIVERS&Aacute;RIOS: <\/strong>&#8220;O      Sistem&aacute;tico&#8221; envia os parab&eacute;ns para Diva Corr&ecirc;a      Vieira, no dia 31. Os parab&eacute;ns para os ex-ceconianos: Pedro Maia      da Costa Ribeiro, no dia 29; Eliane Pawlowiski e Edgard Costa de Paiva,      no dia 31; Clarindo Isa&iacute;as Pereira da Silva e P&aacute;dua (DCC),      no dia 1o de agosto; Joaquim Coelho da Fonseca Neto, no dia 03; Iracema      Alves Torres e Evandro de Paula Godoy, no dia 04.<\/p>\n<p><span class=\"texto\"><\/span><\/p>\n<p align=\"justify\">&nbsp; <\/p>\n<p>    <span class=\"texto\"><\/span><\/td>\n<\/tr>\n<p>  <!-- #BeginEditable \"materias\" --> <!-- #EndEditable -->  <\/table>\n<p> <!-- fim noticias --><\/div>\n","protected":false},"excerpt":{"rendered":"<p>Not\u00edcias ENCERRADO PROCESSO DE MATR&Iacute;CULA ONLINE DA P&Oacute;S-GRADUA&Ccedil;&Atilde;O UFMG PREPARA RECEP&Ccedil;&Atilde;O DE CALOUROS Informativo DICAS DE SITES INTERESSANTES RESTAURANTES DA PRA&Ccedil;A DE SERVI&Ccedil;OS REABREM DIA 2 DE AGOSTO MUSEU DE HIST&Oacute;RIA NATURAL OFERECE PROGRAMA&Ccedil;&Atilde;O DE F&Eacute;RIAS H\u00e1 20 anos&#8230; Eventos SOCIAIS Vers\u00e3o em PDF Not\u00edcias ENCERRADO PROCESSO DE MATR&Iacute;CULA ONLINE DA P&Oacute;S-GRADUA&Ccedil;&Atilde;O O per&iacute;odo de &#8230; <a title=\"Sistem\u00e1tico: Edi\u00e7\u00e3o 1479 &#8211; 29\/07\/2010\" class=\"read-more\" href=\"https:\/\/www.ufmg.br\/dti\/2010\/07\/29\/sistematico-edicao-1479-29072010\/\" aria-label=\"Read more about Sistem\u00e1tico: Edi\u00e7\u00e3o 1479 &#8211; 29\/07\/2010\">Ler mais<\/a><\/p>\n","protected":false},"author":3,"featured_media":0,"comment_status":"open","ping_status":"open","sticky":false,"template":"","format":"standard","meta":{"inline_featured_image":false,"footnotes":""},"categories":[13],"tags":[],"coauthors":[79],"class_list":["post-2979","post","type-post","status-publish","format-standard","hentry","category-sistematico"],"_links":{"self":[{"href":"https:\/\/www.ufmg.br\/dti\/wp-json\/wp\/v2\/posts\/2979","targetHints":{"allow":["GET"]}}],"collection":[{"href":"https:\/\/www.ufmg.br\/dti\/wp-json\/wp\/v2\/posts"}],"about":[{"href":"https:\/\/www.ufmg.br\/dti\/wp-json\/wp\/v2\/types\/post"}],"author":[{"embeddable":true,"href":"https:\/\/www.ufmg.br\/dti\/wp-json\/wp\/v2\/users\/3"}],"replies":[{"embeddable":true,"href":"https:\/\/www.ufmg.br\/dti\/wp-json\/wp\/v2\/comments?post=2979"}],"version-history":[{"count":0,"href":"https:\/\/www.ufmg.br\/dti\/wp-json\/wp\/v2\/posts\/2979\/revisions"}],"wp:attachment":[{"href":"https:\/\/www.ufmg.br\/dti\/wp-json\/wp\/v2\/media?parent=2979"}],"wp:term":[{"taxonomy":"category","embeddable":true,"href":"https:\/\/www.ufmg.br\/dti\/wp-json\/wp\/v2\/categories?post=2979"},{"taxonomy":"post_tag","embeddable":true,"href":"https:\/\/www.ufmg.br\/dti\/wp-json\/wp\/v2\/tags?post=2979"},{"taxonomy":"author","embeddable":true,"href":"https:\/\/www.ufmg.br\/dti\/wp-json\/wp\/v2\/coauthors?post=2979"}],"curies":[{"name":"wp","href":"https:\/\/api.w.org\/{rel}","templated":true}]}}