{"id":2989,"date":"2010-05-20T08:00:00","date_gmt":"2010-05-20T08:00:00","guid":{"rendered":"https:\/\/www.ufmg.br\/dti\/cecom\/?p=1159"},"modified":"2010-05-20T08:00:00","modified_gmt":"2010-05-20T08:00:00","slug":"sistematico-edicao-1469-20052010","status":"publish","type":"post","link":"https:\/\/www.ufmg.br\/dti\/2010\/05\/20\/sistematico-edicao-1469-20052010\/","title":{"rendered":"Sistem\u00e1tico: Edi\u00e7\u00e3o 1469 &#8211; 20\/05\/2010"},"content":{"rendered":"<ul>\n<li><a href=\"\/dti\/#noticias\">Not\u00edcias<\/a>\n<div class='submenuSistematico'>\n<ul>\n<li><a href=\"\/dti\/#anoticias1\" id=\"1\"><span class=\"titulo\">CECOM     APOIA O ENCONTRO NACIONAL DE DIRIGENTES DE PESSOAL E DE RECURSOS HUMANOS     DAS IFES<\/span><\/a><\/li>\n<li><a href=\"\/dti\/#anoticias2\"><span class=\"titulo\">CECOM PARTICIPA     DE EVENTO DE LAN&Ccedil;AMENTO<\/span><\/a><\/li>\n<\/ul>\n<\/div>\n<\/li>\n<li><a href=\"\/dti\/#informativo\">Informativo<\/a>\n<div class='submenuSistematico'>\n<ul>\n<li><a href=\"\/dti\/#ainformativo1\" id=\"1\"><span class=\"titulo\">DICAS      DE SITES INTERESSANTES<\/span><\/a><\/li>\n<li><a href=\"\/dti\/#ainformativo2\" id=\"2\"><span class=\"titulo\">UFMG      LAN&Ccedil;A EM TIRADENTES PROJETO DE EDUCA&Ccedil;&Atilde;O DIGITAL<\/span><\/a><\/li>\n<li><a href=\"\/dti\/#ainformativo3\" id=\"3\"><img loading=\"lazy\" decoding=\"async\" src=\"https:\/\/www.ufmg.br\/dti\/wp-content\/uploads\/imgs\/tudo_pixel.gif\" width=\"1\" height=\"8\" alt=\"\" border=\"0\"><br \/>      <span class=\"titulo\">H\u00e1 20 anos&#8230;<\/span><\/a><\/li>\n<\/ul>\n<\/div>\n<\/li>\n<li><a href=\"\/dti\/#eventos\">Eventos<\/a>\n<div class='submenuSistematico'>\n<ul>\n<li><a href=\"\/dti\/#aeventos1\" id=\"1\"><span class=\"titulo\">SOCIAIS<\/span><\/a><\/li>\n<li><a href=\"\/dti\/#aeventos2\" id=\"2\"><span class=\"titulo\">MEM&Oacute;RIA      FOTOGR&Aacute;FICA DO CECOM<\/span><\/a><\/li>\n<\/ul>\n<\/div>\n<\/li>\n<\/ul>\n<ul class='pdfSist'>\n<li><a href=\"https:\/\/www.ufmg.br\/dti\/wp-content\/uploads\/Sistematico_PDF\/Sist15_2010-A4.pdf\"><img loading=\"lazy\" decoding=\"async\" src=\"https:\/\/www.ufmg.br\/dti\/wp-content\/uploads\/Sistematico_PDF\/mini_pdf.gif\" width=\"30\" height=\"30\" border=\"0\"> Vers\u00e3o em PDF<\/a><\/li>\n<\/ul>\n<p> <a name='noticias'><\/a><\/p>\n<h4>Not\u00edcias<\/h4>\n<div class=\"centro-sistematico\">  <!-- noticias --> <a><\/a>  <\/p>\n<table border=\"0\" cellspacing=\"0\" cellpadding=\"0\">\n<tr>\n<td><\/td>\n<td><\/td>\n<\/tr>\n<p>  <!-- #BeginEditable \"materias\" -->   <\/p>\n<tr>\n<td align=\"LEFT\" valign=\"TOP\"><\/td>\n<td align=\"LEFT\" valign=\"TOP\"> <a name=\"anoticias1\" id=\"1\"><span class=\"titulo\">CECOM     APOIA O ENCONTRO NACIONAL DE DIRIGENTES DE PESSOAL E DE RECURSOS HUMANOS     DAS IFES<\/span><\/a> <\/p>\n<p align=\"justify\"><span class=\"texto\"> Ser&aacute;      realizado, no per&iacute;odo de 24 a 28 de maio, o XXX Encontro Nacional      de Dirigentes de Pessoal e de Recursos Humanos das Institui&ccedil;&otilde;es      Federais de Ensino. O evento, organizado pela Comiss&atilde;o Nacional      de Dirigentes de Pessoal (CNDP), em parceria com UFMG e CEFET-MG, ser&aacute;      realizado no audit&oacute;rio da Faculdade de Direito da UFMG.<\/p>\n<p>     Segundo os organizadores, o objetivo &eacute; discutir grandes temas      relacionados &agrave; expans&atilde;o do conhecimento no campo do desenvolvimento      e da gest&atilde;o de pessoas, al&eacute;m de promover o interc&acirc;mbio      de conhecimento e experi&ecirc;ncias entre as diversas institui&ccedil;&otilde;es.<\/p>\n<p>     (<em>Fonte: http:\/\/www.ufmg.br\/online\/arquivos\/015519.shtml<\/em>)<\/p>\n<p>     A Divis&atilde;o de Redes de Comunica&ccedil;&atilde;o e a Divis&atilde;o      de Atendimento e Consultoria est&atilde;o apoiando o evento na montagem      da infraestrutura de rede de dados e de voz. Durante o evento, os participantes      poder&atilde;o utilizar rede Wireless, que estar&aacute; dispon&iacute;vel.<br \/>     A abertura do evento ser&aacute; &agrave;s 18h do dia 24 e na programa&ccedil;&atilde;o      da semana ser&atilde;o realizadas as palestras:<\/p>\n<p>     Dia 25\/05: <br \/>     &#8211; Envelhecimento da Popula&ccedil;&atilde;o e seus impactos, Prof. Jos&eacute;      Alberto Magno de Carvalho (Diretor da FACE\/UFMG)<br \/>     &#8211; An&aacute;lise Hist&oacute;rica da Gest&atilde;o de Pessoas nas Institui&ccedil;&otilde;es      Federais de Ensino, Dulce Maria Trist&atilde;o (UFMS)<br \/>     &#8211; Avalia&ccedil;&atilde;o dos Impactos da Implanta&ccedil;&atilde;o      do PCCTAE, Maria do Socorro Mendes Gomes (Secret&aacute;ria Adjunta      de Recursos Humanos &#8211; SARH)<br \/>     &#8211; Gest&atilde;o por Compet&ecirc;ncias, Prof. Marco Aur&eacute;lio Rodrigues      (FACE\/UFMG); Gest&atilde;o do Conhecimento nas IFES, Prof. Irineu Manoel      de Souza (UFSC) e Maria Beatriz Ara&uacute;jo Brito Galarraga (MPOG)<br \/>     &#8211; Avalia&ccedil;&atilde;o de Desempenho: Experi&ecirc;ncia da UFJF,      L&eacute;a Maria Chiche Ara&uacute;jo Salom&atilde;o e Simone Maria      Vieira de Velasco (debatedor) (MPOG)<br \/>     &#8211; Avalia&ccedil;&atilde;o de Desempenho: Experi&ecirc;ncia da UFTPT,      Adelaide Strapasson (Diretora de Gest&atilde;o de Pessoas) e Simone      Maria Vieira de Velasco (debatedor) (MPOG).<\/p>\n<p>     Dia 26\/05:<br \/>     &#8211; RCI &#8211; Rede de Capacita&ccedil;&atilde;o das IFES, Joselita Nunes Macedo<br \/>     &#8211; Pol&iacute;ticas do MEC para a Gest&atilde;o de Pessoas, Marcos Aur&eacute;lio      Souza Brito (SESU-MEC), SETEC, CGGP<br \/>     &#8211; Alcance das Responsabilidades Administrativas nos atos de gest&atilde;o      dos Dirigentes de Pessoal e de Recursos Humanos, Waldir Jo&atilde;o      F. da Silva J&uacute;nior (Corregedor-Geral Adjunto da &Aacute;rea Social-CGU)<br \/>     &#8211; Ass&eacute;dio Moral, S&iacute;lvia Maria de Paula Alves Rodrigues      e Alberto Felippi Barbosa (debatedor)<br \/>     &#8211; Programa de Prepara&ccedil;&atilde;o para aposentadoria: Experi&ecirc;ncia      UFBa, Edmildes Carmo dos Santos (Assistente Social)<\/p>\n<p>     Dia 27\/05:<br \/>     &#8211; Recupera&ccedil;&atilde;o de Cr&eacute;ditos: Experi&ecirc;ncia UFMG,      Simone Baccarini Nogueira (Procuradora Geral UFMG)<br \/>     &#8211; SIAPE e projetos de moderniza&ccedil;&atilde;o do sistema, Nelson      Luiz Oliveira de Freitas (SRH-MPOG) e Miti&ecirc; Kamada (SRH-MPOG)<br \/>     &#8211; D&uacute;vidas de Legisla&ccedil;&atilde;o, Val&eacute;ria Porto (SRH-MPOG)      e Geraldo Ant&ocirc;nio Nicoli (SRH-MPOG).<\/p>\n<p>     Dia 28\/05:<br \/>     &#8211; Implanta&ccedil;&atilde;o do SIASS &#8211; Relatos de experi&ecirc;ncias      UFPE, Lenita Almeida Amaral; Relatos de experi&ecirc;nciass UFCG, Jos&eacute;      Marcos Gon&ccedil;alves Viana<br \/>     &#8211; Seguridade Social e Benef&iacute;cios &#8211; Sa&uacute;de do Servidor,      S&eacute;rgio Ant&ocirc;nio Martins Carneiro (MPOG)<br \/>     &#8211; Apresenta&ccedil;&atilde;o do Programa de Sa&uacute;de (SIASS), S&eacute;rgio      Ant&ocirc;nio Martins Carneiro (MPOG).<br \/>     O evento ser&aacute; encerrado &agrave;s 12h30 do dia 28.<br \/>     Estar&atilde;o presentes, representando o CECOM, M&aacute;rcia Regina      Lemos, Vice-diretora, e N&eacute;lia Neiva Zille, Diretora da Divis&atilde;o      de Apoio Administrativo.<\/span><span class=\"texto\"> <\/span><\/p>\n<p>    <span class=\"texto\">     <\/p>\n<p align=\"justify\">\n<p>    <\/span><\/td>\n<\/tr>\n<tr>\n<td align=\"LEFT\" valign=\"TOP\"><\/td>\n<td align=\"LEFT\" valign=\"TOP\"> <a name=\"anoticias2\"><span class=\"titulo\">CECOM PARTICIPA     DE EVENTO DE LAN&Ccedil;AMENTO<\/span><\/a> <\/p>\n<p align=\"justify\"><span class=\"texto\">      Ant&ocirc;nio Carlos Soares, Edgard Eust&aacute;quio de Morais e Fernando      Frota Machado de Morais, da Divis&atilde;o de Redes de Comunica&ccedil;&atilde;o      (DRC), estar&atilde;o nesta tarde, no evento &#8220;Technology RoadSHow      2010&#8221;, promovido pelas empresas Damovo e Aastra Telecom (ex-Ericsson),      no Hotel Mercure, em Belo Horizonte.<\/p>\n<p>     O evento serve como lan&ccedil;amento da vers&atilde;o 4.0 do MX-ONE,      plataforma de comunica&ccedil;&otilde;es empresariais, que pode chegar      at&eacute; 500 mil usu&aacute;rios, al&eacute;m de contar com sistemas      de integra&ccedil;&atilde;o para prover mobilidade e comunica&ccedil;&atilde;o      unificada. Conjuntamente com seu lan&ccedil;amento, a Aastra, de capital      canadense, estar&aacute; lan&ccedil;ando uma campanha de migra&ccedil;&atilde;o      das plataformas anteriores, inclusive a MD110, para o novo MX-ONE 4.0,      uma central telef&ocirc;nica que alia a telefonia convencional &agrave;      telefonia sobre IP (VOIP), inclusive permitindo o uso de video-confer&ecirc;ncia      e integra&ccedil;&atilde;o com o Lotus Sametime e outras ferramentas      similares existentes no mercado.<\/p>\n<p>     A UFMG &eacute; usu&aacute;ria das plataformas BP250, MD-110 e MX-One      da Aastra. O sistema MX-One da UFMG est&aacute; instalado no Campus      Sa&uacute;de, onde anteriormente era um MD-110. Na migra&ccedil;&atilde;o      de plataforma (MD-110 para MX-One) s&atilde;o substitu&iacute;das as      placas funcionais da central telef&ocirc;nica, principalmente a placa      de processamento, que deixa de ter processador Motorola e sistema operacional      pr&oacute;prio e passa a ter processador Intel com sistema operacional      Linux.<\/span><span class=\"texto\"> <\/span><\/p>\n<p>    <span class=\"texto\">     <\/p>\n<p>    <\/span><\/td>\n<\/tr>\n<p>  <!-- #EndEditable -->  <\/table>\n<p> <!-- fim noticias --><\/div>\n<p><a name='informativo'><\/a><\/p>\n<h4>Informativo<\/h4>\n<div class=\"centro-sistematico\">  <!-- noticias --> <a><\/a>  <\/p>\n<table border=\"0\" cellspacing=\"0\" cellpadding=\"0\">\n<tr>\n<td><\/td>\n<td><\/td>\n<\/tr>\n<p>  <!-- #BeginEditable \"materias\" --> <!-- #EndEditable -->  <\/table>\n<p> <!-- fim noticias --> <!-- tabela ha 20 anos --> <\/p>\n<table border=\"0\" cellpadding=\"0\" cellspacing=\"0\" bgcolor=\"#FFFFFF\">\n<tr>\n<td width=\"12\" align=\"LEFT\" valign=\"TOP\"><\/td>\n<td width=\"538\" align=\"LEFT\" valign=\"TOP\">\n<p align=\"justify\"><span class=\"texto\"><a name=\"ainformativo1\" id=\"1\"><span class=\"titulo\">DICAS      DE SITES INTERESSANTES<\/span><\/a><\/span><\/p>\n<p align=\"justify\"><span class=\"texto\">Adyrus, o ca&ccedil;ador de sites,      enviou as seguintes dicas:<\/p>\n<p>     &#8211; Se voc&ecirc; &eacute; criativo, participe do Design Battle do Portal.      Cada candidato cria uma imagem JPG ou PNG com a melhor qualidade poss&iacute;vel      e com 600&times;450 pixeis (largura x altura) para encaixar na perfei&ccedil;&atilde;o      com a imagem anterior ou a seguinte. N&atilde;o existe um tema espec&iacute;fico,      mas a imagem dever&aacute; obedecer a uma hist&oacute;ria com sequ&ecirc;ncia      l&oacute;gica, que poder&aacute; ser dada atrav&eacute;s de um texto      ou mensagem inclu&iacute;da na imagem. <a href=\"http:\/\/portaldasartesgraficas.com\/battle\/\">Veja      no endere&ccedil;o aqui<\/a>.<\/p>\n<p>     &#8211; Est&aacute; no ar o Bol&atilde;o da Copa do Mundo! Para participar      &eacute; simples: basta acessar a p&aacute;gina Bol&atilde;o Copa 2010      e preencher o seu cadastro com e-mail. Voc&ecirc; receber&aacute; um      e-mail de confirma&ccedil;&atilde;o e, ap&oacute;s preencher um formul&aacute;rio      com seu Nome, Sobrenome, Data de nascimento e e-mail, voc&ecirc; j&aacute;      estar&aacute; cadastrado. V&aacute; at&eacute; http:\/\/www.copana africa2010.com\/.<br \/>     &#8211; No site Cliquealimentos voc&ecirc; pode doar alimentos ao Banco de      Alimentos, sem gastar nada. O Banco distribui alimentos a institui&ccedil;&otilde;es      beneficentes previamente cadastradas, beneficiando milhares de pessoas      carentes. <a href=\"http:\/\/www.cliquealimentos.com.br\/site\/\">Acesse aqui<\/a>.<\/p>\n<p>     &#8211; Projeto Humanizar. Qual o Objetivo do Projeto Humanizar? Apresentar      iniciativas para constru&ccedil;&atilde;o de metodologias e ferramentas      que colaborem na forma&ccedil;&atilde;o de novas posturas, formas de      ensino esp&iacute;rita e tamb&eacute;m de rela&ccedil;&otilde;es mais      fraternas na comunidade esp&iacute;rita. <a href=\"http:\/\/www.portalhumanizar.com.br\/\">Clique      aqui<\/a>.<\/p>\n<p>     &#8211; O site Shazam teve de 50 a 75 milh&otilde;es de visitas nos &uacute;ltimos      seis meses. Caso voc&ecirc; n&atilde;o esteja familiarizado com Shazam,      a empresa com sede em Londres, foi fundada em 2002 e permite aos consumidores      experimentar e compartilhar m&uacute;sicas com dispositivos m&oacute;veis      e Internet. <a href=\"http:\/\/www.shazam.com\/\">Clique aqui<\/a>.<\/p>\n<p>     &#8211; Ensino da letra cursiva para crian&ccedil;as em alfabetiza&ccedil;&atilde;o      divide a opini&atilde;o de educadores. A culpa ser&aacute; da tecnologia?      Saiba mais no <a href=\"http:\/\/www1.folha.uol.com.br\/folha\/educacao\/ult305u736314.shtml\">link<\/a>.<\/p>\n<p>     &#8211; No endere&ccedil;o <a href=\"http:\/\/www.gizmodo.%20com.br\/conteudo\/como-fazer-coco-no-espaco-o-filme\">http:\/\/www.gizmodo.com.br\/conteudo\/como-fazer-coco-no-espaco-o-filme<\/a>,      tem um v&iacute;deo exclusivo da NASA, revelando o mais obscuro segredo      do programa espacial: como fazer coc&ocirc; no espa&ccedil;o? &Eacute;      fascinante, mas alguns dos coment&aacute;rios feitos no v&iacute;deo      fazem meu c&oacute;ccix tremer de medo.<\/span><\/p>\n<p align=\"center\"><span class=\"texto\"><\/span><span class=\"texto\"><br \/>     <\/span>    <\/p>\n<\/td>\n<\/tr>\n<tr>\n<td align=\"LEFT\" valign=\"TOP\"><\/td>\n<td align=\"LEFT\" valign=\"TOP\">\n<p align=\"justify\"><span class=\"texto\"><a name=\"ainformativo2\" id=\"2\"><span class=\"titulo\">UFMG      LAN&Ccedil;A EM TIRADENTES PROJETO DE EDUCA&Ccedil;&Atilde;O DIGITAL<\/span><\/a><\/span><\/p>\n<p align=\"justify\"><span class=\"texto\">Nesta quinta-feira, 20, a UFMG      lan&ccedil;a na cidade de Tiradentes o projeto de educa&ccedil;&atilde;o      digital Cultura, Hist&oacute;ria e Biodiversidade da Serra de S&atilde;o      Jos&eacute;, que envolve a cria&ccedil;&atilde;o de conte&uacute;dos      e programas sobre a Serra de S&atilde;o Jos&eacute;, por alunos da rede      p&uacute;blica do munic&iacute;pio.<\/p>\n<p>     O lan&ccedil;amento acontece &agrave;s 9h30, no Centro Cultural Yves      Alves, no centro hist&oacute;rico de Tiradentes. Segundo Luiz Ant&ocirc;nio      Cruz, professor da rede p&uacute;blica e coordenador local do projeto,      por meio de computadores port&aacute;teis, os alunos &#8220;poder&atilde;o      criar conte&uacute;dos cujas abordagens perpassam os v&aacute;rios aspectos      da Serra de S&atilde;o Jos&eacute;, espa&ccedil;o onde eles vivem e      conhecem bem&#8221;.<\/p>\n<p>     A iniciativa &eacute; da Pr&oacute;-Reitoria de Extens&atilde;o, por      meio da Funda&ccedil;&atilde;o Rodrigo Mello Franco de Andrade, em parceria      com a prefeitura de Tiradentes, o Centro Cultural Yves Alves, o Instituto      Hist&oacute;rico e Geogr&aacute;fico de Tiradentes (IHGT), a Escola      Estadual Bas&iacute;lio da Gama e a Associa&ccedil;&atilde;o de Pais      e Amigos dos Excepcionais (Apae) de Tiradentes. <\/p>\n<p>     O projeto, que tamb&eacute;m conta com participa&ccedil;&atilde;o da      Escola de Belas Artes da UFMG, vai abranger cerca de 1.500 alunos. &#8220;Tiradentes      &eacute; pioneira do projeto Cidades Digitais, que permite acesso &agrave;      internet banda larga sem fio a cidades hist&oacute;ricas. Ampliando      a iniciativa, o conte&uacute;do produzido pelos alunos no projeto Cultura,      Hist&oacute;ria e Biodiversidade poder&aacute; ser levado para todo      o pa&iacute;s&#8221;, comemora Luiz Cruz.<\/p>\n<p>     Para Jo&atilde;o Ant&ocirc;nio de Paula, Pr&oacute;-Reitor de Extens&atilde;o      da UFMG, o projeto ajuda a materializar a aproxima&ccedil;&atilde;o      cada vez maior da institui&ccedil;&atilde;o com a comunidade local.      &#8220;&Eacute; mais uma a&ccedil;&atilde;o para fortalecer as rela&ccedil;&otilde;es      estabelecidas entre a cidade e a Universidade, destacando sempre a participa&ccedil;&atilde;o      da comunidade&#8221;, ressalta. <\/p>\n<p>     Representando a UFMG, participam da solenidade o pr&oacute;-reitor de      extens&atilde;o, Jo&atilde;o Ant&ocirc;nio de Paula, a superintendente      cultural e o secret&aacute;rio executivo da Funda&ccedil;&atilde;o Rodrigo      Mello Franco de Andrade, Ivana Parrela e Andr&eacute; D&#8217;Angelo,      al&eacute;m do prefeito Nilzio Barbosa, a secret&aacute;ria de educa&ccedil;&atilde;o,      Magda Am&aacute;lia Morestegan, e o presidente do IHGT, Carlos Caprioglio.<\/p>\n<p>     Serra de S&atilde;o Jos&eacute; &#8211; Al&eacute;m de Tiradentes, a Serra      de S&atilde;o Jos&eacute; alcan&ccedil;a os munic&iacute;pios de S&atilde;o      Jo&atilde;o del-Rei, Prados, Coronel Xavier Chaves e Santa Cruz de Minas.      Est&aacute; inserida na &Aacute;rea de Prote&ccedil;&atilde;o Ambiental      (APA) S&atilde;o Jos&eacute;, criada em 1990 e possui 5 mil hectares.      Compreende cerca de 41% da superf&iacute;cie da APA, com 12 km de extens&atilde;o      e em m&eacute;dia 1,2 km de largura, com predom&iacute;nio de campos      rupestres.<\/p>\n<p>     A degrada&ccedil;&atilde;o provocada pelas queimadas e pelo lixo &eacute;      uma das principais preocupa&ccedil;&otilde;es de ambientalistas, pesquisadores,      estudantes e popula&ccedil;&atilde;o em geral. <\/p>\n<p>     UFMG em Tiradentes &#8211; Desde 1996, a Universidade administra a Funda&ccedil;&atilde;o      Rodrigo de Mello Franco de Andrade, institui&ccedil;&atilde;o criada      no in&iacute;cio da d&eacute;cada de 1960 por Maria do Carmo Nabuco,      irm&atilde; de Franco. A partir de 2008, a UFMG assumiu inteiramente      a gest&atilde;o da Funda&ccedil;&atilde;o e v&aacute;rias iniciativas      t&ecirc;m sido desenvolvidas, como a inaugura&ccedil;&atilde;o, em mar&ccedil;o,      do campus avan&ccedil;ado de cultura da UFMG. <\/p>\n<p>     Integram o campus avan&ccedil;ado o Centro de Pesquisa e Experimenta&ccedil;&atilde;o      em Sistemas Multimodais e o Museu de Santanas, que ser&aacute; constru&iacute;do      no edif&iacute;cio da antiga cadeia p&uacute;blica, em parceria com      o Instituto Cultural Fl&aacute;vio Gutierrez.<\/p>\n<p>     (Assessoria de Comunica&ccedil;&atilde;o da pr&oacute;-reitoria de Extens&atilde;o)<br \/>     (Fonte: <em>http:\/\/www.ufmg.br\/online\/arquivos\/015506.shtml &#8211; 20\/05\/2010<\/em>)<\/span><\/p>\n<p align=\"center\"><span class=\"texto\"><\/span><span class=\"texto\"><br \/>     <\/span>    <\/p>\n<\/td>\n<\/tr>\n<p>  <!-- #BeginEditable \"materias\" --> <!-- #EndEditable -->  <\/table>\n<table border=\"0\" cellspacing=\"0\" cellpadding=\"0\" class=\"cinza\">\n<tr>\n<td><img loading=\"lazy\" decoding=\"async\" src=\"https:\/\/www.ufmg.br\/dti\/wp-content\/uploads\/imgs\/tudo_pixel.gif\" width=\"1\" height=\"1\" alt=\"\" border=\"0\"><\/td>\n<td><img loading=\"lazy\" decoding=\"async\" src=\"https:\/\/www.ufmg.br\/dti\/wp-content\/uploads\/imgs\/tudo_pixel.gif\" width=\"19\" height=\"1\" alt=\"\" border=\"0\"><\/td>\n<td><img loading=\"lazy\" decoding=\"async\" src=\"https:\/\/www.ufmg.br\/dti\/wp-content\/uploads\/imgs\/tudo_pixel.gif\" width=\"510\" height=\"1\" alt=\"\" border=\"0\"><\/td>\n<td><img loading=\"lazy\" decoding=\"async\" src=\"https:\/\/www.ufmg.br\/dti\/wp-content\/uploads\/imgs\/tudo_pixel.gif\" width=\"19\" height=\"1\" alt=\"\" border=\"0\"><\/td>\n<td><img loading=\"lazy\" decoding=\"async\" src=\"https:\/\/www.ufmg.br\/dti\/wp-content\/uploads\/imgs\/tudo_pixel.gif\" width=\"1\" height=\"1\" alt=\"\" border=\"0\"><\/td>\n<\/tr>\n<tr>\n<td class=\"vermelho\" colspan=\"5\"><img loading=\"lazy\" decoding=\"async\" src=\"https:\/\/www.ufmg.br\/dti\/wp-content\/uploads\/imgs\/tudo_pixel.gif\" width=\"1\" height=\"1\" alt=\"\" border=\"0\"><\/td>\n<\/tr>\n<tr>\n<td class=\"vermelho\"><img loading=\"lazy\" decoding=\"async\" src=\"https:\/\/www.ufmg.br\/dti\/wp-content\/uploads\/imgs\/tudo_pixel.gif\" width=\"1\" height=\"1\" alt=\"\" border=\"0\"><\/td>\n<td><img loading=\"lazy\" decoding=\"async\" src=\"https:\/\/www.ufmg.br\/dti\/wp-content\/uploads\/imgs\/tudo_pixel.gif\" width=\"1\" height=\"1\" alt=\"\" border=\"0\"><\/td>\n<td align=\"LEFT\" valign=\"TOP\"><!-- #BeginEditable \"ha%2020%20anos\" -->     <\/p>\n<div align=\"justify\">\n<p><a name=\"ainformativo3\" id=\"3\"><img loading=\"lazy\" decoding=\"async\" src=\"https:\/\/www.ufmg.br\/dti\/wp-content\/uploads\/imgs\/tudo_pixel.gif\" width=\"1\" height=\"8\" alt=\"\" border=\"0\"><br \/>      <span class=\"titulo\">H\u00e1 20 anos&#8230;<\/span><\/a><\/p>\n<p>      <span class=\"texto\">O Sistem&aacute;tico Ano XIV, no 18, de 17\/05\/1990,       publicou not&iacute;cias sobre Janela CECOM, terminal pata a Prograd,       concurso do IEDRHU, impressora para o DP, entre outras. A not&iacute;cia       que se destacou foi:<\/span><span class=\"texto\"><strong><\/p>\n<p>      <\/strong><strong>MATR&Iacute;CULA ONLINE<br \/>      <\/strong><font face=\"1\"> A DST, com o apoio do DM (Depto. de Manuten&ccedil;&atilde;o),       est&aacute; preparando a infraestrutura necess&aacute;ria para execu&ccedil;&atilde;o       da matr&iacute;cula on-line da UFMG, no 2o semestre.<br \/>      Ser&atilde;o realizadas matr&iacute;culas de calouros e veteranos       em 5 unidades que j&aacute; participaram da matr&iacute;cula do 1o       semestre. S&atilde;o elas: Belas Artes, ICB, Fafich, Educa&ccedil;&atilde;o       F&iacute;sica e M&uacute;sica. As demais unidades far&atilde;o, ainda       neste semestre, uso das fichas de matr&iacute;cula para leitura na       OMR.<\/font><\/span><\/p>\n<\/p><\/div>\n<div align=\"justify\">\n<p><span class=\"texto\"><\/span><\/p>\n<\/p><\/div>\n<p>    <!-- #EndEditable --><br \/> <img loading=\"lazy\" decoding=\"async\" src=\"https:\/\/www.ufmg.br\/dti\/wp-content\/uploads\/imgs\/tudo_pixel.gif\" width=\"1\" height=\"8\" alt=\"\" border=\"0\"><\/td>\n<td><img loading=\"lazy\" decoding=\"async\" src=\"https:\/\/www.ufmg.br\/dti\/wp-content\/uploads\/imgs\/tudo_pixel.gif\" width=\"1\" height=\"1\" alt=\"\" border=\"0\"><\/td>\n<td class=\"vermelho\"><img loading=\"lazy\" decoding=\"async\" src=\"https:\/\/www.ufmg.br\/dti\/wp-content\/uploads\/imgs\/tudo_pixel.gif\" width=\"1\" height=\"1\" alt=\"\" border=\"0\"><\/td>\n<\/tr>\n<tr>\n<td class=\"vermelho\" colspan=\"5\"><img loading=\"lazy\" decoding=\"async\" src=\"https:\/\/www.ufmg.br\/dti\/wp-content\/uploads\/imgs\/tudo_pixel.gif\" width=\"1\" height=\"1\" alt=\"\" border=\"0\"><\/td>\n<\/tr>\n<\/table>\n<p> <!-- fim tabela ha 20 anos --><\/div>\n<p><a name='eventos'><\/a><\/p>\n<h4>Eventos<\/h4>\n<div class=\"centro-sistematico\">  <!-- noticias --> <\/p>\n<table border=\"0\" cellspacing=\"0\" cellpadding=\"0\">\n<tr>\n<td><\/td>\n<td><\/td>\n<\/tr>\n<tr>\n<td align=\"LEFT\" valign=\"TOP\"><\/td>\n<td align=\"LEFT\" valign=\"TOP\">\n<p><a name=\"aeventos1\" id=\"1\"><span class=\"titulo\">SOCIAIS<\/span><\/a><\/p>\n<p align=\"justify\" class=\"texto\"><strong>ANIVERS&Aacute;RIOS: <\/strong><em>&#8220;O      Sistem&aacute;tico&#8221; envia os parab&eacute;ns atrasados para David      Eust&aacute;quio da Silva, aniversariante do dia 17. Os parab&eacute;ns      em dia para os ex-ceconianos: Wang Kui Ying, no dia 22; Jonas Fernandes      Campos, no dia 23; Oswaldo S&eacute;rgio Farhat de Carvalho e Lu&iacute;s      Fernando Terenzi, no dia 25; e Adeise Lucas Pereira, no dia 26. <\/em><\/p>\n<p><span class=\"texto\"><\/span><\/p>\n<p align=\"justify\">&nbsp; <\/p>\n<p>    <span class=\"texto\"><\/span><\/td>\n<\/tr>\n<tr>\n<td align=\"LEFT\" valign=\"TOP\"><\/td>\n<td align=\"LEFT\" valign=\"TOP\">\n<p><a name=\"aeventos2\" id=\"2\"><span class=\"titulo\">MEM&Oacute;RIA      FOTOGR&Aacute;FICA DO CECOM<\/span><\/a><\/p>\n<p align=\"justify\" class=\"texto\">No per&iacute;odo de 8 a 12 de fevereiro,      o DRCA recepcionou no galp&atilde;o situado ao lado da Unidade Administrativa      III, os candidatos aprovados no Vestibular 2010, que estavam fazendo      seu registro acad&ecirc;mico na universidade. No Registro Acad&ecirc;mico,      o DRCA contou com a colabora&ccedil;&atilde;o do CECOM, Copeve, Fump,      LCC e DCE. As fotos s&atilde;o de autoria de Rodrigo Torres.<\/p>\n<p align=\"center\" class=\"texto\"><img loading=\"lazy\" decoding=\"async\" src=\"https:\/\/www.ufmg.br\/dti\/wp-content\/uploads\/fotos\/20_05_10\/registro1.jpg\" width=\"500\" height=\"375\"><\/p>\n<p align=\"center\" class=\"texto\"><img loading=\"lazy\" decoding=\"async\" src=\"https:\/\/www.ufmg.br\/dti\/wp-content\/uploads\/fotos\/20_05_10\/registro2.jpg\" width=\"500\" height=\"375\"><\/p>\n<p align=\"center\" class=\"texto\"><img loading=\"lazy\" decoding=\"async\" src=\"https:\/\/www.ufmg.br\/dti\/wp-content\/uploads\/fotos\/20_05_10\/registro3.jpg\" width=\"500\" height=\"375\"><\/p>\n<p align=\"center\" class=\"texto\"><img loading=\"lazy\" decoding=\"async\" src=\"https:\/\/www.ufmg.br\/dti\/wp-content\/uploads\/fotos\/20_05_10\/registro4.jpg\" width=\"500\" height=\"375\"><\/p>\n<p align=\"center\" class=\"texto\"><img loading=\"lazy\" decoding=\"async\" src=\"https:\/\/www.ufmg.br\/dti\/wp-content\/uploads\/fotos\/20_05_10\/registro5.jpg\" width=\"500\" height=\"375\"><\/p>\n<p align=\"center\" class=\"texto\"><img loading=\"lazy\" decoding=\"async\" src=\"https:\/\/www.ufmg.br\/dti\/wp-content\/uploads\/fotos\/20_05_10\/registro6.jpg\" width=\"500\" height=\"375\"><\/p>\n<p><span class=\"texto\"><\/span><\/p>\n<p align=\"justify\">&nbsp; <\/p>\n<p>    <span class=\"texto\"><\/span><\/td>\n<\/tr>\n<p>  <!-- #BeginEditable \"materias\" --> <!-- #EndEditable -->  <\/table>\n<p> <!-- fim noticias --><\/div>\n","protected":false},"excerpt":{"rendered":"<p>Not\u00edcias CECOM APOIA O ENCONTRO NACIONAL DE DIRIGENTES DE PESSOAL E DE RECURSOS HUMANOS DAS IFES CECOM PARTICIPA DE EVENTO DE LAN&Ccedil;AMENTO Informativo DICAS DE SITES INTERESSANTES UFMG LAN&Ccedil;A EM TIRADENTES PROJETO DE EDUCA&Ccedil;&Atilde;O DIGITAL H\u00e1 20 anos&#8230; Eventos SOCIAIS MEM&Oacute;RIA FOTOGR&Aacute;FICA DO CECOM Vers\u00e3o em PDF Not\u00edcias CECOM APOIA O ENCONTRO NACIONAL DE DIRIGENTES &#8230; <a title=\"Sistem\u00e1tico: Edi\u00e7\u00e3o 1469 &#8211; 20\/05\/2010\" class=\"read-more\" href=\"https:\/\/www.ufmg.br\/dti\/2010\/05\/20\/sistematico-edicao-1469-20052010\/\" aria-label=\"Read more about Sistem\u00e1tico: Edi\u00e7\u00e3o 1469 &#8211; 20\/05\/2010\">Ler mais<\/a><\/p>\n","protected":false},"author":3,"featured_media":0,"comment_status":"open","ping_status":"open","sticky":false,"template":"","format":"standard","meta":{"inline_featured_image":false,"footnotes":""},"categories":[13],"tags":[],"coauthors":[79],"class_list":["post-2989","post","type-post","status-publish","format-standard","hentry","category-sistematico"],"_links":{"self":[{"href":"https:\/\/www.ufmg.br\/dti\/wp-json\/wp\/v2\/posts\/2989","targetHints":{"allow":["GET"]}}],"collection":[{"href":"https:\/\/www.ufmg.br\/dti\/wp-json\/wp\/v2\/posts"}],"about":[{"href":"https:\/\/www.ufmg.br\/dti\/wp-json\/wp\/v2\/types\/post"}],"author":[{"embeddable":true,"href":"https:\/\/www.ufmg.br\/dti\/wp-json\/wp\/v2\/users\/3"}],"replies":[{"embeddable":true,"href":"https:\/\/www.ufmg.br\/dti\/wp-json\/wp\/v2\/comments?post=2989"}],"version-history":[{"count":0,"href":"https:\/\/www.ufmg.br\/dti\/wp-json\/wp\/v2\/posts\/2989\/revisions"}],"wp:attachment":[{"href":"https:\/\/www.ufmg.br\/dti\/wp-json\/wp\/v2\/media?parent=2989"}],"wp:term":[{"taxonomy":"category","embeddable":true,"href":"https:\/\/www.ufmg.br\/dti\/wp-json\/wp\/v2\/categories?post=2989"},{"taxonomy":"post_tag","embeddable":true,"href":"https:\/\/www.ufmg.br\/dti\/wp-json\/wp\/v2\/tags?post=2989"},{"taxonomy":"author","embeddable":true,"href":"https:\/\/www.ufmg.br\/dti\/wp-json\/wp\/v2\/coauthors?post=2989"}],"curies":[{"name":"wp","href":"https:\/\/api.w.org\/{rel}","templated":true}]}}