{"id":2992,"date":"2010-04-15T08:00:00","date_gmt":"2010-04-15T08:00:00","guid":{"rendered":"https:\/\/www.ufmg.br\/dti\/cecom\/?p=1164"},"modified":"2010-04-15T08:00:00","modified_gmt":"2010-04-15T08:00:00","slug":"sistematico-edicao-1464-15042010","status":"publish","type":"post","link":"https:\/\/www.ufmg.br\/dti\/2010\/04\/15\/sistematico-edicao-1464-15042010\/","title":{"rendered":"Sistem\u00e1tico: Edi\u00e7\u00e3o 1464 &#8211; 15\/04\/2010"},"content":{"rendered":"<ul>\n<li><a href=\"\/dti\/#noticias\">Not\u00edcias<\/a>\n<div class='submenuSistematico'>\n<ul>\n<li><a href=\"\/dti\/#anoticias1\" id=\"1\"><span class=\"titulo\">CECOM     INICIA PROGRAMA DE QUALIFICA&Ccedil;&Atilde;O DE 2010<\/span><\/a><\/li>\n<li><a href=\"\/dti\/#anoticias2\"><span class=\"titulo\">CECOM LIBERA     INFRAESTRUTURA PARA BHTEC<\/span><\/a><\/li>\n<li><a href=\"\/dti\/#anoticias3\" id=\"3\"><span class=\"titulo\">CLARO      PROMOVE PORTABILIDADE DOS ANTIGOS N&Uacute;MEROS TIM<\/span><\/a><\/li>\n<li><a href=\"\/dti\/#anoticias4\" id=\"4\"><span class=\"titulo\">DAA      PREPARA AVALIA&Ccedil;&Atilde;O DE DESEMPENHO DA ATI<\/span><\/a><\/li>\n<li><a href=\"\/dti\/#anoticias5\" id=\"5\"><span class=\"titulo\">NOVA      ESTAGI&Aacute;RIA DO CECOM<\/span><\/a><\/li>\n<\/ul>\n<\/div>\n<\/li>\n<li><a href=\"\/dti\/#informativo\">Informativo<\/a>\n<div class='submenuSistematico'>\n<ul>\n<li><a href=\"\/dti\/#ainformativo1\" id=\"1\"><span class=\"titulo\">ESTAT&Iacute;STICAS      DE ACESSO DO SERVI&Ccedil;O PROXY HTTP<\/span><\/a><\/li>\n<li><a href=\"\/dti\/#ainformativo2\" id=\"2\"><span class=\"titulo\">DICAS      DE SITES INTERESSANTES<\/span><\/a><\/li>\n<li><a href=\"\/dti\/#ainformativo3\" id=\"3\"><span class=\"titulo\">UFMG      REALIZA MOSTRA DAS PROFISS&Otilde;ES 2010<\/span><\/a><\/li>\n<li><a href=\"\/dti\/#ainformativo4\" id=\"4\"><span class=\"titulo\">PORTAL      DE MAPAS DA UFMG PERMITE INTERAGIR COM IMAGENS E DADOS SOBRE BACIAS      DA REGI&Atilde;O METROPOLITANA<\/span><\/a><\/li>\n<li><a href=\"\/dti\/#ainformativo5\" id=\"5\"><img loading=\"lazy\" decoding=\"async\" src=\"https:\/\/www.ufmg.br\/dti\/wp-content\/uploads\/imgs\/tudo_pixel.gif\" width=\"1\" height=\"8\" alt=\"\" border=\"0\"><br \/>      <span class=\"titulo\">H\u00e1 20 anos&#8230;<\/span><\/a><\/li>\n<\/ul>\n<\/div>\n<\/li>\n<li><a href=\"\/dti\/#eventos\">Eventos<\/a>\n<div class='submenuSistematico'>\n<ul>\n<li><a href=\"\/dti\/#aeventos1\" id=\"1\"><span class=\"titulo\">SOCIAIS<\/span><\/a><\/li>\n<li><a href=\"\/dti\/#aeventos2\" id=\"2\"><span class=\"titulo\">MEM&Oacute;RIA      FOTOGR&Aacute;FICA DO CECOM<\/span><\/a><\/li>\n<\/ul>\n<\/div>\n<\/li>\n<\/ul>\n<ul class='pdfSist'>\n<li><a href=\"https:\/\/www.ufmg.br\/dti\/wp-content\/uploads\/Sistematico_PDF\/Sist10_2010-A4.pdf\"><img loading=\"lazy\" decoding=\"async\" src=\"https:\/\/www.ufmg.br\/dti\/wp-content\/uploads\/Sistematico_PDF\/mini_pdf.gif\" width=\"30\" height=\"30\" border=\"0\"> Vers\u00e3o em PDF<\/a><\/li>\n<\/ul>\n<p> <a name='noticias'><\/a><\/p>\n<h4>Not\u00edcias<\/h4>\n<div class=\"centro-sistematico\">  <!-- noticias --> <a><\/a>  <\/p>\n<table border=\"0\" cellspacing=\"0\" cellpadding=\"0\">\n<tr>\n<td><\/td>\n<td><\/td>\n<\/tr>\n<p>  <!-- #BeginEditable \"materias\" -->   <\/p>\n<tr>\n<td align=\"LEFT\" valign=\"TOP\"><\/td>\n<td align=\"LEFT\" valign=\"TOP\"> <a name=\"anoticias1\" id=\"1\"><span class=\"titulo\">CECOM     INICIA PROGRAMA DE QUALIFICA&Ccedil;&Atilde;O DE 2010<\/span><\/a> <\/p>\n<p align=\"justify\"><span class=\"texto\">      Dando continuidade &agrave;s propostas executadas durante o 2o semestre      de 2008 e 1o semestre de 2009 para capacita&ccedil;&atilde;o dos funcion&aacute;rios      e cria&ccedil;&atilde;o de oportunidades de aperfei&ccedil;oamento profissional,      o CECOM dar&aacute; in&iacute;cio, no pr&oacute;ximo dia 19, ao seu      Programa de Capacita&ccedil;&atilde;o 2010. O programa conta com o apoio      da Pr&oacute;-Reitoria de Recursos Humanos e professores da Faculdade      de Letras (FALE). <\/p>\n<p>     O curso oferecido ser&aacute; Instrumental de L&iacute;nguas, na modalidade      &agrave; dist&acirc;ncia, para uma turma de 45 participantes, sendo      25 funcion&aacute;rios do CECOM, 4 do LCC e 16 de &oacute;rg&atilde;os      da Administra&ccedil;&atilde;o Central.<\/p>\n<p>     Os m&oacute;dulos e suas informa&ccedil;&otilde;es s&atilde;o:<br \/>     &#8211; <strong>Portugu&ecirc;s<\/strong>:<br \/>     Carga hor&aacute;ria: 80 horas<br \/>     Per&iacute;odo: oito semanas de 10 horas de dedica&ccedil;&atilde;o      cada<br \/>     Aula inaugural: em 19 de abril, &agrave;s 14h<br \/>     Local da aula: audit&oacute;rio da Copeve, na Unidade Administrativa      III<br \/>     T&eacute;rmino do curso: em 11 de junho<br \/>     Aulas presenciais: todas as 7 quintas-feiras do per&iacute;odo, a partir      de 29\/04, sempre &agrave;s 14h<br \/>     Local das aulas: audit&oacute;rio da Copeve, na UA III<br \/>     &#8211; <strong>Ingl&ecirc;s<\/strong>: Carga hor&aacute;ria: 70 horas<br \/>     Per&iacute;odo: sete semanas de 10 horas de dedica&ccedil;&atilde;o      cada<br \/>     Aula inaugural: em 09 de agosto<br \/>     Local da aula: audit&oacute;rio da Copeve, na Unidade Administrativa      III<br \/>     T&eacute;rmino do curso: em 24 de setembro<br \/>     Aulas presenciais: n&atilde;o ser&atilde;o necess&aacute;rias.<\/p>\n<p>     O curso tem o objetivo de desenvolver habilidades de leitura e de produ&ccedil;&atilde;o      de textos nos participantes, al&eacute;m de promover discuss&otilde;es      a respeito de aspectos gramaticais da l&iacute;ngua portuguesa e desenvolvimento      de estrat&eacute;gias de leitura por meio da intera&ccedil;&atilde;o      com textos na l&iacute;ngua inglesa.<\/span><span class=\"texto\"> <\/span><\/p>\n<p>    <span class=\"texto\">     <\/p>\n<p align=\"justify\">\n<p>    <\/span><\/td>\n<\/tr>\n<tr>\n<td align=\"LEFT\" valign=\"TOP\"><\/td>\n<td align=\"LEFT\" valign=\"TOP\"> <a name=\"anoticias2\"><span class=\"titulo\">CECOM LIBERA     INFRAESTRUTURA PARA BHTEC<\/span><\/a> <\/p>\n<p align=\"justify\"><span class=\"texto\">      Na &uacute;ltima quinta-feira o CECOM, atrav&eacute;s da DRC, finalizou      a entrega da infra-estrutura de rede para uso da equipe encarregada      da gest&atilde;o do Parque Tecnol&oacute;gico de Belo Horizonte (BHTec)      durante a fase de implanta&ccedil;&atilde;o. Esta equipe est&aacute;      sendo liderada pelo professor C&eacute;sar S&aacute; Barreto e atualmente      ocupa instala&ccedil;&otilde;es da Escola de Engenharia, no pr&eacute;dio      anteriormente utilizado pelo CPDEE. Esta libera&ccedil;&atilde;o incluiu      a programa&ccedil;&atilde;o da rede e teste do circuito. A infraestrutura      f&iacute;sica foi instalada pelo BHTec e consta de uma fibra &oacute;tica      e um cabo telef&ocirc;nico ligando o pr&eacute;dio que era ocupado pela      cavalaria da PMMG no &#8220;Tri&acirc;ngulo das Bermudas&#8221; ao Campus      Pampulha.<\/span><span class=\"texto\"> <\/span><\/p>\n<p>    <span class=\"texto\">     <\/p>\n<p>    <\/span><\/td>\n<\/tr>\n<tr>\n<td align=\"LEFT\" valign=\"TOP\"><\/td>\n<td align=\"LEFT\" valign=\"TOP\">\n<p align=\"justify\"><a name=\"anoticias3\" id=\"3\"><span class=\"titulo\">CLARO      PROMOVE PORTABILIDADE DOS ANTIGOS N&Uacute;MEROS TIM<\/span><\/a><br \/>     <span class=\"texto\"><br \/>     Est&aacute; marcado para o pr&oacute;ximo dia 19 a portabilidade dos      telefones celulares, utilizados pela Administra&ccedil;&atilde;o Central,      para a operadora Claro. A empresa Claro S.A. &eacute; a nova contratada      para presta&ccedil;&atilde;o de servi&ccedil;os celulares para a UFMG.<br \/>     Essa contrata&ccedil;&atilde;o unificou os contratos que antes eram      feitos pelas operadoras Oi e TIM. A portabilidade dos celulares Oi j&aacute;      aconteceu no m&ecirc;s passado.<\/span><span class=\"texto\"><\/span><\/p>\n<p>    <span class=\"texto\">     <\/p>\n<p>    <\/span><\/td>\n<\/tr>\n<tr>\n<td align=\"LEFT\" valign=\"TOP\"><\/td>\n<td align=\"LEFT\" valign=\"TOP\">\n<p align=\"justify\"><a name=\"anoticias4\" id=\"4\"><span class=\"titulo\">DAA      PREPARA AVALIA&Ccedil;&Atilde;O DE DESEMPENHO DA ATI<\/span><\/a><\/p>\n<p>     <span class=\"texto\">A UFMG estar&aacute;, neste m&ecirc;s de abril,      iniciando o Programa de Avalia&ccedil;&atilde;o de Desempenho referente      ao ano de 2009, utilizando os mesmos procedimentos das avalia&ccedil;&otilde;es      anteriores.<br \/>     O Depto. de Recursos Humanos j&aacute; divulgou as orienta&ccedil;&otilde;es      e o cronograma da avalia&ccedil;&atilde;o para os Setores de Pessoal      das unidades\/&oacute;rg&atilde;os da Universidade, que ter&atilde;o      o prazo de at&eacute; 30 de abril para atualizar as equipes avaliativas.      No per&iacute;odo de 3 a 7 de maio ser&atilde;o gerados e liberados      os question&aacute;rios de avalia&ccedil;&atilde;o no Portal minhaUFMG.      O servidor que n&atilde;o possuir senha de acesso ao minhaUFMG, dever&aacute;      comparecer pessoalmente ao LCC para solicitar a senha.<\/p>\n<p>     A avalia&ccedil;&atilde;o dos servidores do quadro da UFMG, inclusive      os rec&eacute;m contratados e os afastados, ser&aacute; realizada no      per&iacute;odo de 10 de maio a 11 de junho\/2010 pelos servidores e suas      chefias.<\/p>\n<p>     Para supervisionar a execu&ccedil;&atilde;o do programa, as unidades\/&oacute;rg&atilde;os      t&ecirc;m o seu Comit&ecirc; Local de Avalia&ccedil;&atilde;o de Desempenho.      Na ATI, a comiss&atilde;o &eacute; composta por: N&eacute;lia Neiva      Zille, representante da Se&ccedil;&atilde;o de Pessoal; Maria Auxiliadora      dos Santos, representante do grupo de classifica&ccedil;&atilde;o C;      Walter Guerra, representante do grupo de classifica&ccedil;&atilde;o      D; e M&aacute;rcio da Costa Viana, representante do grupo de classifica&ccedil;&atilde;o      E.<\/span><span class=\"texto\"> <\/span><span class=\"texto\"> <\/span><\/p>\n<p>    <span class=\"texto\">     <\/p>\n<p>    <\/span><\/td>\n<\/tr>\n<tr>\n<td align=\"LEFT\" valign=\"TOP\"><\/td>\n<td align=\"LEFT\" valign=\"TOP\">\n<p align=\"justify\"><a name=\"anoticias5\" id=\"5\"><span class=\"titulo\">NOVA      ESTAGI&Aacute;RIA DO CECOM<\/span><\/a><\/p>\n<p>     <span class=\"texto\">Com a sa&iacute;da de Ge&iacute;sa Pereira de Souza      do quadro de estagi&aacute;rios, o CECOM selecionou Luciana Martins      da Silva, do curso de Ci&ecirc;ncias Cont&aacute;beis, para ocupar a      vaga.<br \/>     Luciana Martins entrou para o CECOM no dia 05\/04\/2010, lotada na Divis&atilde;o      de Apoio Administrativo. Ela vai participar de servi&ccedil;os relacionados      &agrave;s licita&ccedil;&otilde;es, contratos preparados pela divis&atilde;o,      permiss&atilde;o de uso e contratos com fornecedores.<\/span><\/p>\n<p align=\"center\"><img loading=\"lazy\" decoding=\"async\" src=\"https:\/\/www.ufmg.br\/dti\/wp-content\/uploads\/fotos\/15_04_10\/luciana.jpg\" width=\"500\" height=\"628\"><br \/>     <em><font face=\"1\">Luciana Martins<\/font><\/em><span class=\"texto\">      <\/span><span class=\"texto\"> <\/span><\/p>\n<p>    <span class=\"texto\">     <\/p>\n<p>    <\/span><\/td>\n<\/tr>\n<p>  <!-- #EndEditable -->  <\/table>\n<p> <!-- fim noticias --><\/div>\n<p><a name='informativo'><\/a><\/p>\n<h4>Informativo<\/h4>\n<div class=\"centro-sistematico\">  <!-- noticias --> <a><\/a>  <\/p>\n<table border=\"0\" cellspacing=\"0\" cellpadding=\"0\">\n<tr>\n<td><\/td>\n<td><\/td>\n<\/tr>\n<p>  <!-- #BeginEditable \"materias\" --> <!-- #EndEditable -->  <\/table>\n<p> <!-- fim noticias --> <!-- tabela ha 20 anos --> <\/p>\n<table border=\"0\" cellpadding=\"0\" cellspacing=\"0\" bgcolor=\"#FFFFFF\">\n<tr>\n<td align=\"LEFT\" valign=\"TOP\"><\/td>\n<td align=\"LEFT\" valign=\"TOP\">\n<p align=\"justify\"><span class=\"texto\"><a name=\"ainformativo1\" id=\"1\"><span class=\"titulo\">ESTAT&Iacute;STICAS      DE ACESSO DO SERVI&Ccedil;O PROXY HTTP<\/span><\/a><\/span><\/p>\n<p align=\"justify\"><span class=\"texto\">Destinado a diminuir o tr&aacute;fego      de navega&ccedil;&atilde;o na RNP e acelerar o acesso de m&aacute;quinas      internas a sites externos, a UFMG conta com o servi&ccedil;o de proxy      HTTP, implantado em abril\/2006. Todos os meses, O Sistem&aacute;tico      tem publicado as estat&iacute;sticas de acesso a esse servi&ccedil;o.<\/p>\n<p>     At&eacute; o dia 31 de mar&ccedil;o\/2010, foram registrados 10.053 usu&aacute;rios      diferentes acessando o sistema desde a sua implanta&ccedil;&atilde;o.      O gr&aacute;fico abaixo mostra o total de registros mensais.<br \/>     Para quem est&aacute; fora da Rede UFMG (por exemplo, acessando a Internet      de casa), o proxy permite o acesso a sites n&atilde;o p&uacute;blicos,      como os apontados pelo Portal CAPES. O uso do proxy da UFMG por computadores      externos s&oacute; &eacute; permitido por meio de autentica&ccedil;&atilde;o,      j&aacute; que somente pessoas que fa&ccedil;am parte da comunidade universit&aacute;ria      podem usar este servi&ccedil;o.<br \/>     Para isso, &eacute; necess&aacute;rio que os usu&aacute;rios tenham      cadastro no minhaUFMG. As instru&ccedil;&otilde;es necess&aacute;rias      para uso do proxy est&atilde;o dispon&iacute;veis no menu &#8220;Servi&ccedil;os&#8221;,      op&ccedil;&atilde;o Intranet e Extranet, no site do CECOM em <a href=\"https:\/\/www.ufmg.br\/dti\/cecom\/\">https:\/\/www.ufmg.br\/dti\/cecom\/<\/a>,      ou diretamente no endere&ccedil;o <a href=\"https:\/\/www.ufmg.br\/dti\/cecom\/proxy_%20http.shtml.\">https:\/\/www.ufmg.br\/dti\/cecom\/proxy_      http.shtml.<\/a><\/span><\/p>\n<p align=\"justify\"><span class=\"texto\"><img decoding=\"async\" src=\"https:\/\/www.ufmg.br\/dti\/wp-content\/uploads\/fotos\/15_04_10\/Sem-t%EDtulo-1.jpg\" height=\"341\"><\/span><\/p>\n<p align=\"center\"><span class=\"texto\"><\/span><span class=\"texto\"><br \/>     <\/span>    <\/p>\n<\/td>\n<\/tr>\n<tr>\n<td align=\"LEFT\" valign=\"TOP\"><\/td>\n<td align=\"LEFT\" valign=\"TOP\">\n<p align=\"justify\"><span class=\"texto\"><a name=\"ainformativo2\" id=\"2\"><span class=\"titulo\">DICAS      DE SITES INTERESSANTES<\/span><\/a><\/span><\/p>\n<p align=\"justify\"><span class=\"texto\">Adyrus, o ca&ccedil;ador de sites,      enviou as seguintes dicas:<\/p>\n<p>     &#8211; V&iacute;deo engra&ccedil;ado &eacute; Um gato brincando com o IPad,      no endere&ccedil;o <a href=\"http:\/\/www.%20doobybrain.com\/2010\/04\/13\/a-cat-plays-with-the-ipad\/.\">http:\/\/www.      doobybrain.com\/2010\/04\/13\/a-cat-plays-with-the-ipad\/.<\/a><\/p>\n<p>     &#8211; A Wireless Mundi semestral, voltada para o fomento da cultura da mobilidade.      A revista Wireless Mundi traz as aplica&ccedil;&otilde;es de massa e      de governo eletr&ocirc;nico para o mundo das tecnologias sem fio e celular.      Veja em <a href=\"http:\/\/www.wirelessmundi.inf.br\/\">http:\/\/www.wirelessmundi.inf.br\/<\/a>.<\/p>\n<p>     &#8211; Newsmap &eacute; um aplicativo visual que reflete as not&iacute;cias      do Google News. Enorme quantidade de informa&ccedil;&otilde;es s&atilde;o      recolhidas e s&atilde;o divididas em quadros pequenos e atualizado r&aacute;pidamente.      Clique na aba do pa&iacute;s desejado e fique por dentro das not&iacute;cias.      O endere&ccedil;o &eacute; <a href=\"http:\/\/newsmap.jp\/#\/b,e,m,n,s,t,%20w\/pt-br_br\/view\/\">http:\/\/newsmap.jp\/#\/b,e,m,n,s,t,      w\/pt-br_br\/view\/<\/a>.<\/p>\n<p>     &#8211; Nada como usar a Internet para lan&ccedil;ar filmes. S&atilde;o projetos,      alguns com uso de tecnologias, que podem ser campe&otilde;es de audi&ecirc;ncia      na Internet. Clique em Episodios. Vale a pena conferir o filme. O endere&ccedil;o      &eacute; <a href=\"http:\/\/www.2012ondazero.com.br\">http:\/\/www.2012ondazero.com.br<\/a>.<\/p>\n<p>     &#8211; Jogos bacaninhas que s&atilde;o descanso de tela com sons v&atilde;o      chamar a aten&ccedil;&atilde;o dos meninos. Para crian&ccedil;as de      3 at&eacute; 7 anos vai ser um divertimento s&oacute;. Para baixar clique      no link <a href=\"http:\/\/www.freewaregenius.com\/2010\/04\/03\/souptoys-desktop-based-physics-toys-for-toddlers-and-adults-alike\/\">http:\/\/www.freewaregenius.com\/2010\/04\/03\/souptoys-desktop-based-physics-toys-for-toddlers-and-adults-alike\/<\/a>.<\/p>\n<p>     &#8211; Bem-vindo ao Hist&oacute;rias Pesquisa de V&iacute;deo do Criador.      Basta digitar suas pesquisas e selecione o tipo de resultado que melhor      comunicar a sua hist&oacute;ria. Ent&atilde;o, compartilhe sua hist&oacute;ria      com o mundo. Se n&atilde;o estiver satisfeito com a sua hist&oacute;ria,      clique em &#8220;Edit Story&#8221; ou &#8220;Change Music&#8221;. Veja      em <a href=\"http:\/\/www.youtube.com\/searchstories\">http:\/\/www.youtube.com\/searchstories<\/a>.<\/p>\n<p>     &#8211; O endere&ccedil;o <a href=\"http:\/\/www.myyearbook.%20com\/\">http:\/\/www.myyearbook.      com\/<\/a> &eacute; uma rede social que vem crescendo assustadoramente      e que por aqui nunca ouvimos falar. S&atilde;o milh&otilde;es de jovens      pelo mundo se comunicando. Confira!!<\/span><\/p>\n<p align=\"center\"><span class=\"texto\"><\/span><span class=\"texto\"><br \/>     <\/span>    <\/p>\n<\/td>\n<\/tr>\n<tr>\n<td align=\"LEFT\" valign=\"TOP\"><\/td>\n<td align=\"LEFT\" valign=\"TOP\">\n<p align=\"justify\"><span class=\"texto\"><a name=\"ainformativo3\" id=\"3\"><span class=\"titulo\">UFMG      REALIZA MOSTRA DAS PROFISS&Otilde;ES 2010<\/span><\/a><\/span><\/p>\n<p align=\"justify\"><span class=\"texto\">Nos dias 28 a 30 de abril, a Universidade      Federal de Minas Gerais (UFMG) realiza a s&eacute;tima edi&ccedil;&atilde;o      da Mostra das Profiss&otilde;es, no campus Pampulha e no dia 6 de maio,      no campus Montes Claros. Organizada pela pr&oacute;-reitoria de Gradua&ccedil;&atilde;o      e pela Comiss&atilde;o Permanente do Vestibular (Copeve) a mostra visa      contribuir para que os candidatos ao concurso vestibular UFMG fa&ccedil;am      suas escolhas, entre os 75 cursos de gradua&ccedil;&atilde;o oferecidos,      de modo consciente e seguro.<\/p>\n<p>     Ser&atilde;o oferecidas diversas atividades, desde palestras e tour      pelos campi at&eacute; salas interativas de cada curso. Professores      e alunos da UFMG estar&atilde;o dispon&iacute;veis para contato direto      com os visitantes, promovendo palestras, atividades interativas e demonstra&ccedil;&otilde;es      sobre as possibilidades dos cursos e profiss&otilde;es. <\/p>\n<p>     Os participantes ter&atilde;o acesso aos aspectos referentes ao ambiente      acad&ecirc;mico e &agrave; interatividade entre comunidade universit&aacute;ria      e visitantes. O tour no campus Pampulha ser&aacute; realizado num trajeto      de 10 quil&ocirc;metros, durante 50 minutos, com sa&iacute;das regulares      da Pra&ccedil;a de Servi&ccedil;os. Os hor&aacute;rios e a programa&ccedil;&atilde;o      completa podem ser conferidos no site <a href=\"http:\/\/www.ufmg.br\/copeve\/mostradasprofissoes\">www.ufmg.br\/copeve\/mostradasprofissoes<\/a>.<\/p>\n<p>     As visitas individuais n&atilde;o precisam ser agendadas. As escolas      devem agendar pelo site <a href=\"http:\/\/www.ufmg.br\/copeve\/mostradasprofissoes\">www.ufmg.br\/copeve\/mostradasprofissoes<\/a>.<\/p>\n<p>     A Mostra das Profiss&otilde;es 2010 ser&aacute; realizada nos pr&eacute;dios      da Faculdade de Filosofia e Ci&ecirc;ncias Humanas, Faculdade de Ci&ecirc;ncias      Econ&ocirc;micas e Escola de Engenharia (Av. Ant&ocirc;nio Carlos, 6.627-      Pampulha).<br \/>     (Fonte: Assessoria de Imprensa Cedecom\/UFMG &#8211; 13\/04\/2010)<\/span><\/p>\n<p align=\"center\"><span class=\"texto\"><\/span><span class=\"texto\"><br \/>     <\/span>    <\/p>\n<\/td>\n<\/tr>\n<tr>\n<td align=\"LEFT\" valign=\"TOP\"><\/td>\n<td align=\"LEFT\" valign=\"TOP\">\n<p align=\"justify\"><span class=\"texto\"><a name=\"ainformativo4\" id=\"4\"><span class=\"titulo\">PORTAL      DE MAPAS DA UFMG PERMITE INTERAGIR COM IMAGENS E DADOS SOBRE BACIAS      DA REGI&Atilde;O METROPOLITANA<\/span><\/a><\/span><\/p>\n<p align=\"justify\"><span class=\"texto\"> O conhecimento sobre bacias, rios,      c&oacute;rregos e munic&iacute;pios da regi&atilde;o metropolitana de      Belo Horizonte est&aacute; mais acess&iacute;vel ao p&uacute;blico.      Nova ferramenta lan&ccedil;ada pelo Projeto Manuelz&atilde;o da UFMG      permitir&aacute; consulta on-line sobre o tema. Basta acessar o portal      Mapas Interativos, no endere&ccedil;o <a href=\"http:\/\/www.manuelzao.ufmg.br\/i3geo\">www.manuelzao.ufmg.br\/i3geo<\/a>      e come&ccedil;ar a interagir, visualizar e baixar os dados dispon&iacute;veis      sobre as bacias do munic&iacute;pio de Belo Horizonte e da &aacute;rea      total da bacia do Rio das Velhas.<\/p>\n<p>     O portal re&uacute;ne informa&ccedil;&otilde;es que t&ecirc;m como fonte      &oacute;rg&atilde;os municipais, estaduais e federais. De acordo com      os respons&aacute;veis pelo projeto, cientistas, estudantes e demais      usu&aacute;rios poder&atilde;o pesquisar, salvar, criar e imprimir mapas      da sua &aacute;rea de interesse relativos aos locais de atua&ccedil;&atilde;o      do Manuelz&atilde;o. O portal foi desenvolvido a partir do software      para internet I3Geo, baseado em um conjunto de programas livres, como      o Mapserver. O foco principal &eacute; a disponibiliza&ccedil;&atilde;o      de dados geogr&aacute;ficos e ferramentas para navega&ccedil;&atilde;o,      gera&ccedil;&atilde;o de an&aacute;lises, compartilhamento e cria&ccedil;&atilde;o      de mapas sob demanda.<\/p>\n<p>     Al&eacute;m dessa ferramenta h&aacute; tamb&eacute;m o link <a href=\"http:\/\/www.manuelzao.ufmg.br%20\/pesquisa\/geoprocessamento\/descubra\">www.manuelzao.ufmg.br      \/pesquisa\/geoprocessamento\/descubra<\/a> que permite ao usu&aacute;rio      pesquisar a qual bacia ou microbacia pertence &#8211; no caso, as informa&ccedil;&otilde;es      se referem apenas &agrave;s bacias do On&ccedil;a e Arrudas.<\/p>\n<p>     O portal de Mapas do Projeto Manuelz&atilde;o foi desenvolvido pela      equipe de geoprocessamento do Projeto Manuelz&atilde;o, coordenada por      Lussandra Martins da Silva. <\/p>\n<p>     (<em>Fonte: Ag&ecirc;ncia de Not&iacute;cias da UFMG &#8211; 12\/04\/2010<\/em>)<\/span><\/p>\n<p align=\"center\"><span class=\"texto\"><\/span><span class=\"texto\"><br \/>     <\/span>    <\/p>\n<\/td>\n<\/tr>\n<tr>\n<td width=\"12\" align=\"LEFT\" valign=\"TOP\"><\/td>\n<td width=\"538\" align=\"LEFT\" valign=\"TOP\">&nbsp;<\/td>\n<\/tr>\n<p>  <!-- #BeginEditable \"materias\" --> <!-- #EndEditable -->  <\/table>\n<table border=\"0\" cellspacing=\"0\" cellpadding=\"0\" class=\"cinza\">\n<tr>\n<td><img loading=\"lazy\" decoding=\"async\" src=\"https:\/\/www.ufmg.br\/dti\/wp-content\/uploads\/imgs\/tudo_pixel.gif\" width=\"1\" height=\"1\" alt=\"\" border=\"0\"><\/td>\n<td><img loading=\"lazy\" decoding=\"async\" src=\"https:\/\/www.ufmg.br\/dti\/wp-content\/uploads\/imgs\/tudo_pixel.gif\" width=\"19\" height=\"1\" alt=\"\" border=\"0\"><\/td>\n<td><img loading=\"lazy\" decoding=\"async\" src=\"https:\/\/www.ufmg.br\/dti\/wp-content\/uploads\/imgs\/tudo_pixel.gif\" width=\"510\" height=\"1\" alt=\"\" border=\"0\"><\/td>\n<td><img loading=\"lazy\" decoding=\"async\" src=\"https:\/\/www.ufmg.br\/dti\/wp-content\/uploads\/imgs\/tudo_pixel.gif\" width=\"19\" height=\"1\" alt=\"\" border=\"0\"><\/td>\n<td><img loading=\"lazy\" decoding=\"async\" src=\"https:\/\/www.ufmg.br\/dti\/wp-content\/uploads\/imgs\/tudo_pixel.gif\" width=\"1\" height=\"1\" alt=\"\" border=\"0\"><\/td>\n<\/tr>\n<tr>\n<td class=\"vermelho\" colspan=\"5\"><img loading=\"lazy\" decoding=\"async\" src=\"https:\/\/www.ufmg.br\/dti\/wp-content\/uploads\/imgs\/tudo_pixel.gif\" width=\"1\" height=\"1\" alt=\"\" border=\"0\"><\/td>\n<\/tr>\n<tr>\n<td class=\"vermelho\"><img loading=\"lazy\" decoding=\"async\" src=\"https:\/\/www.ufmg.br\/dti\/wp-content\/uploads\/imgs\/tudo_pixel.gif\" width=\"1\" height=\"1\" alt=\"\" border=\"0\"><\/td>\n<td><img loading=\"lazy\" decoding=\"async\" src=\"https:\/\/www.ufmg.br\/dti\/wp-content\/uploads\/imgs\/tudo_pixel.gif\" width=\"1\" height=\"1\" alt=\"\" border=\"0\"><\/td>\n<td align=\"LEFT\" valign=\"TOP\"><!-- #BeginEditable \"ha%2020%20anos\" -->     <\/p>\n<div align=\"justify\">\n<p><a name=\"ainformativo5\" id=\"5\"><img loading=\"lazy\" decoding=\"async\" src=\"https:\/\/www.ufmg.br\/dti\/wp-content\/uploads\/imgs\/tudo_pixel.gif\" width=\"1\" height=\"8\" alt=\"\" border=\"0\"><br \/>      <span class=\"titulo\">H\u00e1 20 anos&#8230;<\/span><\/a><\/p>\n<p>      <span class=\"texto\">O Sistem&aacute;tico Ano XIV, n&deg; 13, de 11\/04\/1990,       publicou not&iacute;cias sobre Comiss&atilde;o de Administra&ccedil;&atilde;o       de Dados, manuais do SADS 2.3, Concurso IEDRHU, paradas do Sistema       A10, entre outras. A not&iacute;cia que se destacou foi:<\/span><span class=\"texto\"><strong><\/p>\n<p>      DATASHOW <\/strong><strong><br \/>      <\/strong><font face=\"1\"> O CECOM adquiriu o DataShow, aparelho que       ligado ao microcomputador e colocado sobre o retroprojetor, projeta       com nitidez as informa&ccedil;&otilde;es do v&iacute;deo do micro.       Com o DataShow n&atilde;o ser&aacute; necess&aacute;rio mais preparar       transpar&ecirc;ncias, podendo ser utilizados todos os recursos visuais       que o micro oferece, al&eacute;m de ser compat&iacute;vel com todos       os micros tipo IBM PC.<br \/>      O DataShow do CECOM ser&aacute; utilizado para cursos e palestras       e estar&aacute; sob a responsabilidade da DAA.<\/font><\/span><\/p>\n<\/p><\/div>\n<div align=\"justify\">\n<p><span class=\"texto\"><\/span><\/p>\n<\/p><\/div>\n<p>    <!-- #EndEditable --><br \/> <img loading=\"lazy\" decoding=\"async\" src=\"https:\/\/www.ufmg.br\/dti\/wp-content\/uploads\/imgs\/tudo_pixel.gif\" width=\"1\" height=\"8\" alt=\"\" border=\"0\"><\/td>\n<td><img loading=\"lazy\" decoding=\"async\" src=\"https:\/\/www.ufmg.br\/dti\/wp-content\/uploads\/imgs\/tudo_pixel.gif\" width=\"1\" height=\"1\" alt=\"\" border=\"0\"><\/td>\n<td class=\"vermelho\"><img loading=\"lazy\" decoding=\"async\" src=\"https:\/\/www.ufmg.br\/dti\/wp-content\/uploads\/imgs\/tudo_pixel.gif\" width=\"1\" height=\"1\" alt=\"\" border=\"0\"><\/td>\n<\/tr>\n<tr>\n<td class=\"vermelho\" colspan=\"5\"><img loading=\"lazy\" decoding=\"async\" src=\"https:\/\/www.ufmg.br\/dti\/wp-content\/uploads\/imgs\/tudo_pixel.gif\" width=\"1\" height=\"1\" alt=\"\" border=\"0\"><\/td>\n<\/tr>\n<\/table>\n<p> <!-- fim tabela ha 20 anos --><\/div>\n<p><a name='eventos'><\/a><\/p>\n<h4>Eventos<\/h4>\n<div class=\"centro-sistematico\">  <!-- noticias --> <\/p>\n<table border=\"0\" cellspacing=\"0\" cellpadding=\"0\">\n<tr>\n<td><\/td>\n<td><\/td>\n<\/tr>\n<tr>\n<td align=\"LEFT\" valign=\"TOP\"><\/td>\n<td align=\"LEFT\" valign=\"TOP\">\n<p><a name=\"aeventos1\" id=\"1\"><span class=\"titulo\">SOCIAIS<\/span><\/a><\/p>\n<p align=\"justify\" class=\"texto\"><strong>ANIVERS&Aacute;RIOS: <\/strong><em>&#8220;O      Sistem&aacute;tico&#8221; envia os parab&eacute;ns para Rubens Crispim      da Silva, no dia 18; e Cristina Maria de Queiroz, no dia 22. Os parab&eacute;ns      para os ex-ceconianos: Marcelo Bassoli Campos, no dia 16; Alberto Henrique      Frade Laender (DCC), no dia 20; Patr&iacute;cia Aninger de Barros, no      dia 21; e Wallace de Almeida Rodrigues, no dia 22.<\/em><\/p>\n<p><span class=\"texto\"><\/span><\/p>\n<p align=\"justify\">&nbsp; <\/p>\n<p>    <span class=\"texto\"><\/span><\/td>\n<\/tr>\n<tr>\n<td align=\"LEFT\" valign=\"TOP\"><\/td>\n<td align=\"LEFT\" valign=\"TOP\">\n<p><a name=\"aeventos2\" id=\"2\"><span class=\"titulo\">MEM&Oacute;RIA      FOTOGR&Aacute;FICA DO CECOM<\/span><\/a><\/p>\n<p align=\"justify\" class=\"texto\">O Sistem&aacute;tico publica mais um      lote de fotos do lanche organizado pela Xina na sua despedida do CECOM.      O lanche foi realizado no dia 24\/03\/2010, na sala de conviv&ecirc;ncia      do 8o andar, e contou com a participa&ccedil;&atilde;o de ceconianos,      ex-ceconianos e amigos da Xina. As fotos s&atilde;o de autoria de Rodrigo      Wenceslau.<\/p>\n<p align=\"center\" class=\"texto\"><img loading=\"lazy\" decoding=\"async\" src=\"https:\/\/www.ufmg.br\/dti\/wp-content\/uploads\/fotos\/15_04_10\/SDC10599.jpg\" width=\"500\" height=\"375\"><br \/>     <em><font face=\"1\">Xina e sua t&atilde;o      sonhada cesta de guloseimas<\/font><\/em><\/p>\n<p align=\"center\" class=\"texto\"><em><font face=\"1\"><img loading=\"lazy\" decoding=\"async\" src=\"https:\/\/www.ufmg.br\/dti\/wp-content\/uploads\/fotos\/15_04_10\/SDC10568.jpg\" width=\"420\" height=\"315\"><\/font><\/em>      <br \/>     <em><font face=\"1\">Vitor, Daniel      Martins, &Aacute;lvaro e Rodrigo<\/font><\/em><\/p>\n<p align=\"center\" class=\"texto\"><em><font face=\"1\"><img loading=\"lazy\" decoding=\"async\" src=\"https:\/\/www.ufmg.br\/dti\/wp-content\/uploads\/fotos\/15_04_10\/SDC10570.jpg\" width=\"450\" height=\"338\"><\/font><\/em>      <br \/>     <em><font face=\"1\">Xina, Maria Laura,      Gino, Raimundo e Charles<\/font><\/em><\/p>\n<p align=\"center\" class=\"texto\"><em><font face=\"1\"><img loading=\"lazy\" decoding=\"async\" src=\"https:\/\/www.ufmg.br\/dti\/wp-content\/uploads\/fotos\/15_04_10\/SDC10576.jpg\" width=\"450\" height=\"338\"><br \/>     B&aacute;rbara, &Aacute;lvaro, Thiago Moreira, Gulherme e Thomas<\/font><\/em><\/p>\n<p align=\"center\" class=\"texto\"><em><font face=\"1\"><img loading=\"lazy\" decoding=\"async\" src=\"https:\/\/www.ufmg.br\/dti\/wp-content\/uploads\/fotos\/15_04_10\/SDC10590.jpg\" width=\"450\" height=\"338\"><br \/>     Wallison, Josemar, Carolina, Leandro, M&aacute;rcio Viana e Eliz<\/font><\/em><\/p>\n<p align=\"center\" class=\"texto\"><em><font face=\"1\"><img loading=\"lazy\" decoding=\"async\" src=\"https:\/\/www.ufmg.br\/dti\/wp-content\/uploads\/fotos\/15_04_10\/SDC10591.jpg\" width=\"450\" height=\"338\"><br \/>     Carlos Alfeu (de costas), Lucin&eacute;ia, Simone, Xina e Maur&iacute;cio<br \/>     <\/font><\/em><span class=\"texto\"><\/span><\/p>\n<p align=\"justify\">&nbsp; <\/p>\n<p>    <span class=\"texto\"><\/span><\/td>\n<\/tr>\n<p>  <!-- #BeginEditable \"materias\" --> <!-- #EndEditable -->  <\/table>\n<p> <!-- fim noticias --><\/div>\n","protected":false},"excerpt":{"rendered":"<p>Not\u00edcias CECOM INICIA PROGRAMA DE QUALIFICA&Ccedil;&Atilde;O DE 2010 CECOM LIBERA INFRAESTRUTURA PARA BHTEC CLARO PROMOVE PORTABILIDADE DOS ANTIGOS N&Uacute;MEROS TIM DAA PREPARA AVALIA&Ccedil;&Atilde;O DE DESEMPENHO DA ATI NOVA ESTAGI&Aacute;RIA DO CECOM Informativo ESTAT&Iacute;STICAS DE ACESSO DO SERVI&Ccedil;O PROXY HTTP DICAS DE SITES INTERESSANTES UFMG REALIZA MOSTRA DAS PROFISS&Otilde;ES 2010 PORTAL DE MAPAS DA UFMG PERMITE &#8230; <a title=\"Sistem\u00e1tico: Edi\u00e7\u00e3o 1464 &#8211; 15\/04\/2010\" class=\"read-more\" href=\"https:\/\/www.ufmg.br\/dti\/2010\/04\/15\/sistematico-edicao-1464-15042010\/\" aria-label=\"Read more about Sistem\u00e1tico: Edi\u00e7\u00e3o 1464 &#8211; 15\/04\/2010\">Ler mais<\/a><\/p>\n","protected":false},"author":3,"featured_media":0,"comment_status":"open","ping_status":"open","sticky":false,"template":"","format":"standard","meta":{"inline_featured_image":false,"footnotes":""},"categories":[13],"tags":[],"coauthors":[79],"class_list":["post-2992","post","type-post","status-publish","format-standard","hentry","category-sistematico"],"_links":{"self":[{"href":"https:\/\/www.ufmg.br\/dti\/wp-json\/wp\/v2\/posts\/2992","targetHints":{"allow":["GET"]}}],"collection":[{"href":"https:\/\/www.ufmg.br\/dti\/wp-json\/wp\/v2\/posts"}],"about":[{"href":"https:\/\/www.ufmg.br\/dti\/wp-json\/wp\/v2\/types\/post"}],"author":[{"embeddable":true,"href":"https:\/\/www.ufmg.br\/dti\/wp-json\/wp\/v2\/users\/3"}],"replies":[{"embeddable":true,"href":"https:\/\/www.ufmg.br\/dti\/wp-json\/wp\/v2\/comments?post=2992"}],"version-history":[{"count":0,"href":"https:\/\/www.ufmg.br\/dti\/wp-json\/wp\/v2\/posts\/2992\/revisions"}],"wp:attachment":[{"href":"https:\/\/www.ufmg.br\/dti\/wp-json\/wp\/v2\/media?parent=2992"}],"wp:term":[{"taxonomy":"category","embeddable":true,"href":"https:\/\/www.ufmg.br\/dti\/wp-json\/wp\/v2\/categories?post=2992"},{"taxonomy":"post_tag","embeddable":true,"href":"https:\/\/www.ufmg.br\/dti\/wp-json\/wp\/v2\/tags?post=2992"},{"taxonomy":"author","embeddable":true,"href":"https:\/\/www.ufmg.br\/dti\/wp-json\/wp\/v2\/coauthors?post=2992"}],"curies":[{"name":"wp","href":"https:\/\/api.w.org\/{rel}","templated":true}]}}