{"id":2999,"date":"2010-02-11T08:00:00","date_gmt":"2010-02-11T08:00:00","guid":{"rendered":"https:\/\/www.ufmg.br\/dti\/cecom\/?p=1171"},"modified":"2010-02-11T08:00:00","modified_gmt":"2010-02-11T08:00:00","slug":"sistematico-edicao-1457-11022010","status":"publish","type":"post","link":"https:\/\/www.ufmg.br\/dti\/2010\/02\/11\/sistematico-edicao-1457-11022010\/","title":{"rendered":"Sistem\u00e1tico: Edi\u00e7\u00e3o 1457 &#8211; 11\/02\/2010"},"content":{"rendered":"<ul>\n<li><a href=\"\/dti\/#noticias\">Not\u00edcias<\/a>\n<div class='submenuSistematico'>\n<ul>\n<li><a href=\"\/dti\/#anoticias1\" id=\"1\"><span class=\"titulo\">DI&Aacute;RIO     FECHA COM RECORDE NA GRADUA&Ccedil;&Atilde;O<\/span><\/a><\/li>\n<li><a href=\"\/dti\/#anoticias2\" id=\"2\"><span class=\"titulo\">MATR&Iacute;CULA      DA P&Oacute;S ATINGE 77% DOS ALUNOS<\/span><\/a><\/li>\n<li><a href=\"\/dti\/#anoticias3\" id=\"3\"><span class=\"titulo\">REGISTRO      ACAD&Ecirc;MICO DOS CALOUROS 2010 VAI AT&Eacute; SEXTA<\/span><\/a><\/li>\n<li><a href=\"\/dti\/#anoticias4\" id=\"4\"><span class=\"titulo\">DAS      RECEBE NOVO ANALISTA<\/span><\/a><\/li>\n<li><a href=\"\/dti\/#anoticias5\" id=\"5\"><span class=\"titulo\">POP-MG      TER&Aacute; PARADA PROGRAMADA<\/span><\/a><\/li>\n<li><a href=\"\/dti\/#anoticias6\" id=\"6\"><span class=\"titulo\">NOVO      ESTAGI&Aacute;RIO DO CECOM<\/span><\/a><\/li>\n<\/ul>\n<\/div>\n<\/li>\n<li><a href=\"\/dti\/#informativo\">Informativo<\/a>\n<div class='submenuSistematico'>\n<ul>\n<li><a href=\"\/dti\/#ainformativo1\" id=\"1\"><span class=\"titulo\">DICAS      DE SITES INTERESSANTES<\/span><\/a><\/li>\n<li><a href=\"\/dti\/#ainformativo2\" id=\"2\"><span class=\"titulo\">ANA      L&Uacute;CIA GAZZOLA &Eacute; EMPOSSADA COMO SECRET&Aacute;RIA DE DESENVOLVIMENTO      SOCIAL <\/span><\/a><\/li>\n<li><a href=\"\/dti\/#ainformativo3\" id=\"3\"><span class=\"titulo\">RESTAURANTE      DO ICB SER&Aacute; REABERTO AT&Eacute; IN&Iacute;CIO DAS AULAS<\/span><\/a><\/li>\n<li><a href=\"\/dti\/#ainformativo4\" id=\"4\"><span class=\"titulo\">HOR&Aacute;RIO      DE VER&Atilde;O<\/span><\/a><\/li>\n<li><a href=\"\/dti\/#ainformativo5\" id=\"5\"><span class=\"titulo\">EDI&Ccedil;&Atilde;O      DA PR&Oacute;XIMA SEMANA<\/span><\/a><\/li>\n<li><a href=\"\/dti\/#ainformativo6\" id=\"6\"><img loading=\"lazy\" decoding=\"async\" src=\"https:\/\/www.ufmg.br\/dti\/wp-content\/uploads\/imgs\/tudo_pixel.gif\" width=\"1\" height=\"8\" alt=\"\" border=\"0\"><br \/>      <span class=\"titulo\">H\u00e1 20 anos&#8230;<\/span><\/a><\/li>\n<\/ul>\n<\/div>\n<\/li>\n<li><a href=\"\/dti\/#eventos\">Eventos<\/a>\n<div class='submenuSistematico'>\n<ul>\n<li><a href=\"\/dti\/#aeventos1\" id=\"1\"><span class=\"titulo\">SOCIAIS<\/span><\/a><\/li>\n<li><a href=\"\/dti\/#aeventos2\" id=\"2\"><span class=\"titulo\">MEM&Oacute;RIA      FOTOGR&Aacute;FICA DO CECOM<\/span><\/a><\/li>\n<\/ul>\n<\/div>\n<\/li>\n<\/ul>\n<ul class='pdfSist'>\n<li><a href=\"https:\/\/www.ufmg.br\/dti\/wp-content\/uploads\/Sistematico_PDF\/Sist03_2010-A4.pdf\"><img loading=\"lazy\" decoding=\"async\" src=\"https:\/\/www.ufmg.br\/dti\/wp-content\/uploads\/Sistematico_PDF\/mini_pdf.gif\" width=\"30\" height=\"30\" border=\"0\"> Vers\u00e3o em PDF<\/a><\/li>\n<\/ul>\n<p> <a name='noticias'><\/a><\/p>\n<h4>Not\u00edcias<\/h4>\n<div class=\"centro-sistematico\">  <!-- noticias --> <a><\/a>  <\/p>\n<table border=\"0\" cellspacing=\"0\" cellpadding=\"0\">\n<tr>\n<td><\/td>\n<td><\/td>\n<\/tr>\n<p>  <!-- #BeginEditable \"materias\" -->   <\/p>\n<tr>\n<td align=\"LEFT\" valign=\"TOP\"><\/td>\n<td align=\"LEFT\" valign=\"TOP\"> <a name=\"anoticias1\" id=\"1\"><span class=\"titulo\">DI&Aacute;RIO     FECHA COM RECORDE NA GRADUA&Ccedil;&Atilde;O<\/span><\/a> <\/p>\n<p align=\"justify\"><span class=\"texto\">      At&eacute; &agrave;s 17h do dia 09\/02\/2010, data de encerramento do      lan&ccedil;amento de notas no Di&aacute;rio Eletr&ocirc;nico para a      Gradua&ccedil;&atilde;o, foram fechadas 4.853 turmas do total de 6.150      ofertadas no 2&ordm; semestre de 2009. Este n&uacute;mero corresponde      a quase 79% das turmas, mostrando a grande utiliza&ccedil;&atilde;o      e aceita&ccedil;&atilde;o do aplicativo desenvolvido pelo CECOM.<\/p>\n<p>     O Di&aacute;rio continua aberto para lan&ccedil;amento dos dados referentes      &agrave;s turmas da P&oacute;s-Gradua&ccedil;&atilde;o do semestre 2009\/2.<\/p>\n<p>     A partir de hoje j&aacute; est&aacute; dispon&iacute;vel o Di&aacute;rio      da Gradua&ccedil;&atilde;o para o semestre 2010\/1.<br \/>     A equipe envolvida no desenvolvimento do sistema &eacute; formada por      Diogo Freitas Duarte Magalh&atilde;es, Thiago Tadeu Rodrigues Moreira      e Pedro Henrique Begalli de Rezende.<\/span><\/p>\n<table width=\"500\" border=\"1\" align=\"center\" cellpadding=\"5\" cellspacing=\"1\" bgcolor=\"#CCCCCC\">\n<tr>\n<td width=\"368\">\n<div align=\"center\"><strong><font face=\"3\">         Turmas da Gradua&ccedil;&atilde;o<\/font><\/strong><\/div>\n<\/td>\n<td width=\"88\">&nbsp;<\/td>\n<td width=\"186\">\n<div align=\"center\"><strong><font face=\"3\">2009\/2<\/font><\/strong><\/div>\n<\/td>\n<td width=\"88\">&nbsp;<\/td>\n<\/tr>\n<tr>\n<td>\n<div align=\"left\"><\/div>\n<\/td>\n<td>\n<div align=\"center\"><font face=\"2\">Ofertadas<\/font><\/div>\n<\/td>\n<td>\n<div align=\"center\"><font face=\"2\">Fechadas         no Di&aacute;rio Eletr&ocirc;nico <\/font><\/div>\n<\/td>\n<td>\n<div align=\"center\"><font face=\"2\">Percentual         (%)<\/font><\/div>\n<\/td>\n<\/tr>\n<tr>\n<td><font face=\"2\">Total de Turmas<\/font><\/td>\n<td>\n<div align=\"center\"><font face=\"2\">6.150<\/font><\/div>\n<\/td>\n<td>\n<div align=\"center\"><font face=\"2\">4.853<\/font><\/div>\n<\/td>\n<td>\n<div align=\"center\"><font face=\"2\">78,91<\/font><\/div>\n<\/td>\n<\/tr>\n<tr>\n<td><font face=\"2\">Turmas de Disciplinas        somente Te&oacute;ricas (tipo &quot;T&quot;)<\/font><\/td>\n<td>\n<div align=\"center\"><font face=\"2\">2.927<\/font><\/div>\n<\/td>\n<td>\n<div align=\"center\"><font face=\"2\">2.167<\/font><\/div>\n<\/td>\n<td>\n<div align=\"center\"><font face=\"2\">74,03<\/font><\/div>\n<\/td>\n<\/tr>\n<tr>\n<td><font face=\"2\">Turmas de Disciplinas        somente Pr&aacute;ticas (tipo &quot;P&quot;)<\/font><\/td>\n<td>\n<div align=\"center\"><font face=\"2\">1.421<\/font><\/div>\n<\/td>\n<td>\n<div align=\"center\"><font face=\"2\">1.114<\/font><\/div>\n<\/td>\n<td>\n<div align=\"center\"><font face=\"2\">78,39<\/font><\/div>\n<\/td>\n<\/tr>\n<tr>\n<td><font face=\"2\">Turmas Te&oacute;ricas        de Disciplinas Te&oacute;ricas e Pr&aacute;ticas (tipo &quot;T\/P&quot;)<\/font><\/td>\n<td>\n<div align=\"center\"><font face=\"2\">1.802<\/font><\/div>\n<\/td>\n<td>\n<div align=\"center\"><font face=\"2\">1.572<\/font><\/div>\n<\/td>\n<td>\n<div align=\"center\"><font face=\"2\">87,23<\/font><\/div>\n<\/td>\n<\/tr>\n<\/table>\n<p>&nbsp;<\/p>\n<table width=\"500\" border=\"1\" align=\"center\" cellpadding=\"5\" cellspacing=\"1\" bgcolor=\"#CCCCCC\">\n<tr>\n<td width=\"368\">\n<div align=\"center\"><strong><font face=\"3\">         Turmas da Gradua&ccedil;&atilde;o<\/font><\/strong><\/div>\n<\/td>\n<td width=\"88\">&nbsp;<\/td>\n<td width=\"186\">\n<div align=\"center\"><strong><font face=\"3\">2009\/1<\/font><\/strong><\/div>\n<\/td>\n<td width=\"88\">&nbsp;<\/td>\n<\/tr>\n<tr>\n<td>\n<div align=\"left\"><\/div>\n<\/td>\n<td>\n<div align=\"center\"><font face=\"2\">Ofertadas<\/font><\/div>\n<\/td>\n<td>\n<div align=\"center\"><font face=\"2\">Fechadas         no Di&aacute;rio Eletr&ocirc;nico <\/font><\/div>\n<\/td>\n<td>\n<div align=\"center\"><font face=\"2\">Percentual         (%)<\/font><\/div>\n<\/td>\n<\/tr>\n<tr>\n<td><font face=\"2\">Total de Turmas<\/font><\/td>\n<td>\n<div align=\"center\"><font face=\"2\">6.039<\/font><\/div>\n<\/td>\n<td>\n<div align=\"center\"><font face=\"2\">4.432<\/font><\/div>\n<\/td>\n<td>\n<div align=\"center\"><font face=\"2\">71,73<\/font><\/div>\n<\/td>\n<\/tr>\n<tr>\n<td><font face=\"2\">Turmas de Disciplinas        somente Te&oacute;ricas (tipo &quot;T&quot;)<\/font><\/td>\n<td>\n<div align=\"center\"><font face=\"2\">2.853<\/font><\/div>\n<\/td>\n<td>\n<div align=\"center\"><font face=\"2\">1.964<\/font><\/div>\n<\/td>\n<td>\n<div align=\"center\"><font face=\"2\">68,84<\/font><\/div>\n<\/td>\n<\/tr>\n<tr>\n<td><font face=\"2\">Turmas de Disciplinas        somente Pr&aacute;ticas (tipo &quot;P&quot;)<\/font><\/td>\n<td>\n<div align=\"center\"><font face=\"2\">1.382<\/font><\/div>\n<\/td>\n<td>\n<div align=\"center\"><font face=\"2\">991<\/font><\/div>\n<\/td>\n<td>\n<div align=\"center\"><font face=\"2\">71,71<\/font><\/div>\n<\/td>\n<\/tr>\n<tr>\n<td><font face=\"2\">Turmas Te&oacute;ricas        de Disciplinas Te&oacute;ricas e Pr&aacute;ticas (tipo &quot;T\/P&quot;)<\/font><\/td>\n<td>\n<div align=\"center\"><font face=\"2\">1.799<\/font><\/div>\n<\/td>\n<td>\n<div align=\"center\"><font face=\"2\">1.377<\/font><\/div>\n<\/td>\n<td>\n<div align=\"center\"><font face=\"2\">76,54<\/font><\/div>\n<\/td>\n<\/tr>\n<\/table>\n<p align=\"justify\">     <span class=\"texto\"> <\/span><\/p>\n<p>    <span class=\"texto\">     <\/p>\n<p align=\"justify\">\n<p>    <\/span><\/td>\n<\/tr>\n<tr>\n<td align=\"LEFT\" valign=\"TOP\"><\/td>\n<td align=\"LEFT\" valign=\"TOP\">\n<p><span class=\"texto\"><a name=\"anoticias2\" id=\"2\"><span class=\"titulo\">MATR&Iacute;CULA      DA P&Oacute;S ATINGE 77% DOS ALUNOS<\/span><\/a><\/span><\/p>\n<p align=\"justify\"><font face=\"2\">O      sistema de matr&iacute;cula online da P&oacute;s-gradua&ccedil;&atilde;o,      que est&aacute; em atividade desde 15\/12\/2009, j&aacute; alcan&ccedil;a      a participa&ccedil;&atilde;o de um n&uacute;mero expressivo de alunos.      O n&uacute;mero de propostas de matr&iacute;cula enviadas atrav&eacute;s      do sistema j&aacute; passa de 5.200, o que representa mais de 77% dos      alunos. Durante todo o per&iacute;odo de matr&iacute;cula para o primeiro      semestre de 2010 foi disponibilizado o help-desk comandado pela profa.      Z&eacute;lia Maria Oliveira Falc&atilde;o de Almeida, atrav&eacute;s      do qual os alunos, professores e membros da coordena&ccedil;&atilde;o      dos cursos podem sanar as d&uacute;vidas relacionadas &agrave; utiliza&ccedil;&atilde;o      do sistema. As equipes do CECOM e da PRPG vem recebendo cr&iacute;ticas,      elogios e sugest&otilde;es para melhorar ainda mais a usabilidade do      sistema assim como apoiar as atividades das secret&aacute;rias. Vale      destacar que as secretarias elogiaram bastante a ado&ccedil;&atilde;o      do sistema e citam a execu&ccedil;&atilde;o do projeto piloto em julho      de 2009 como uma iniciativa muito bem executada que possibilitou adequar      o sistema &agrave; realidade do trabalho das secretarias, facilitando      e simplificando o processo de matr&iacute;cula.<\/p>\n<p>     O sistema de matr&iacute;cula foi desenvolvido com a participa&ccedil;&atilde;o      de Diogo Freitas Duarte Magalh&atilde;es, Pedro Henrique Begalli de      Rezende, Leandro Damasceno Pio e Euler Xavier de Oliveira, com o apoio      do prof. Paulo Fernando Seixas, diretor da ATI, e da PRPG, representada      por Z&eacute;lia Pires da Silveira e profa. Elizabeth Ribeiro da Silva,      Pr&oacute;-Reitora da P&oacute;s-Gradua&ccedil;&atilde;o.<\/font><\/p>\n<table width=\"436\" border=\"1\" align=\"center\" cellpadding=\"5\" cellspacing=\"1\" bgcolor=\"#CCCCCC\">\n<tr>\n<td width=\"212\">&nbsp;<\/td>\n<td width=\"98\">\n<div align=\"center\"><strong><font face=\"2\">2010\/1<\/font><\/strong><\/div>\n<\/td>\n<td width=\"92\">&nbsp;<\/td>\n<\/tr>\n<tr>\n<td>\n<div align=\"left\"><strong><font face=\"2\">Situa&ccedil;&atilde;o         das Propostas<\/font><\/strong><\/div>\n<\/td>\n<td>\n<div align=\"center\"><strong><font face=\"2\">Quantidade<\/font><\/strong><\/div>\n<\/td>\n<td>\n<div align=\"center\"><strong><font face=\"2\">Percentual         (%)<\/font><\/strong><\/div>\n<\/td>\n<\/tr>\n<tr>\n<td><font face=\"2\">Aguardando        1&ordf; an&aacute;lise do Orientador<\/font><\/td>\n<td>\n<div align=\"center\"><font face=\"2\">1.019<\/font><\/div>\n<\/td>\n<td>\n<div align=\"center\"><font face=\"2\">19,50<\/font><\/div>\n<\/td>\n<\/tr>\n<tr>\n<td><font face=\"2\">Aguardando        corre&ccedil;&otilde;es do Aluno (sem sugest&otilde;es)<\/font><\/td>\n<td>\n<div align=\"center\"><font face=\"2\">52<\/font><\/div>\n<\/td>\n<td>\n<div align=\"center\"><font face=\"2\">0,99<\/font><\/div>\n<\/td>\n<\/tr>\n<tr>\n<td><font face=\"2\">Aguardando        corre&ccedil;&otilde;es do Aluno (com sugest&otilde;es)<\/font><\/td>\n<td>\n<div align=\"center\"><font face=\"2\">43<\/font><\/div>\n<\/td>\n<td>\n<div align=\"center\"><font face=\"2\">0,82<\/font><\/div>\n<\/td>\n<\/tr>\n<tr>\n<td><font face=\"2\">Aguardando        2&ordf; an&aacute;lise do Orientador<\/font><\/td>\n<td>\n<div align=\"center\"><font face=\"2\">33<\/font><\/div>\n<\/td>\n<td>\n<div align=\"center\"><font face=\"2\">0,63<\/font><\/div>\n<\/td>\n<\/tr>\n<tr>\n<td><font face=\"2\">Aprovada pelo        Orientador com eletivas pendentes<\/font><\/td>\n<td>\n<div align=\"center\"><font face=\"2\">250<\/font><\/div>\n<\/td>\n<td>\n<div align=\"center\"><font face=\"2\">4,78<\/font><\/div>\n<\/td>\n<\/tr>\n<tr>\n<td><font face=\"2\">Aprovada<\/font><\/td>\n<td>\n<div align=\"center\"><font face=\"2\">3,828<\/font><\/div>\n<\/td>\n<td>\n<div align=\"center\"><font face=\"2\">73,26<\/font><\/div>\n<\/td>\n<\/tr>\n<tr>\n<td><strong><font color=\"#000000\" size=\"2\" face=\"Arial, Helvetica, sans-serif\">TOTAL        DE PROPOSTAS<\/font><\/strong><\/td>\n<td>\n<div align=\"center\"><strong><font face=\"2\">5.251<\/font><\/strong><\/div>\n<\/td>\n<td>\n<div align=\"center\"><strong><font face=\"2\">77,68<\/font><\/strong><\/div>\n<\/td>\n<\/tr>\n<tr>\n<td><strong><font face=\"2\">TOTAL        DE ALUNOS<\/font><\/strong><\/td>\n<td>\n<div align=\"center\"><strong><font face=\"2\">6.726<\/font><\/strong><\/div>\n<\/td>\n<td>&nbsp;<\/td>\n<\/tr>\n<\/table>\n<p align=\"justify\"><span class=\"texto\"><br \/>     <\/span><span class=\"texto\"> <\/span><span class=\"texto\"> <\/span><\/p>\n<p>    <span class=\"texto\">     <\/p>\n<p>    <\/span><\/td>\n<\/tr>\n<tr>\n<td align=\"LEFT\" valign=\"TOP\"><\/td>\n<td align=\"LEFT\" valign=\"TOP\">\n<p align=\"justify\"><a name=\"anoticias3\" id=\"3\"><span class=\"titulo\">REGISTRO      ACAD&Ecirc;MICO DOS CALOUROS 2010 VAI AT&Eacute; SEXTA<\/span><\/a> <\/p>\n<p align=\"justify\"><span class=\"texto\"> Desde o dia 08, e at&eacute; o      pr&oacute;ximo dia 12, o DRCA &#8211; Departamento de Registro e Controle      Acad&ecirc;mico &#8211; recepciona, no Galp&atilde;o situado ao lado de sua      sede, na Unidade Administrativa III, os candidatos aprovados no Vestibular      2010, que est&atilde;o fazendo seu registro acad&ecirc;mico na universidade.<\/p>\n<p>     A novidade deste ano &eacute; a realiza&ccedil;&atilde;o do registro      em dois momentos. Nesta semana, est&aacute; sendo feito o registro dos      3.609 candidatos aprovados para 1a. entrada. O registro acad&ecirc;mico      dos candidatos aprovados para 2a. entrada ser&aacute; realizado no per&iacute;odo      de 14 a 18 de junho de 2010.<\/p>\n<p>     Outra novidade foi a loca&ccedil;&atilde;o de equipamentos (microcomputadores      e impressoras) novos e mais modernos que est&atilde;o proporcionando      um atendimento mais &aacute;gil e tranquilo para os novos alunos da      UFMG.<\/p>\n<p>     O registro &eacute; realizado seguindo uma escala de atendimento aos      diversos cursos, o que distribui os calouros ao longo da semana. S&atilde;o      atendidos diariamente cerca de 750 calouros, entre 9h e 16h.<\/p>\n<p>     Nas atividades do registro, a equipe, coordenada pela diretora do DRCA,      Ana L&uacute;cia Ribeiro Diniz, est&aacute; contando com cerca de 90      pessoas, entre funcion&aacute;rios e estagi&aacute;rios do DRCA, Centro      de Computa&ccedil;&atilde;o &#8211; CECOM, Comiss&atilde;o Permanente do Vestibular      &#8211; COPEVE, Laborat&oacute;rio de Computa&ccedil;&atilde;o Cient&iacute;fica      &#8211; LCC e Funda&ccedil;&atilde;o Universit&aacute;ria Mendes Pimentel      &#8211; FUMP, trabalhando nos seguintes hor&aacute;rios: 9h &agrave;s 12h      e 13h &agrave;s 16h.<\/span><\/p>\n<p align=\"center\"><span class=\"texto\"><img loading=\"lazy\" decoding=\"async\" src=\"https:\/\/www.ufmg.br\/dti\/wp-content\/uploads\/fotos\/11_02_10\/SDC10480.jpg\" width=\"500\" height=\"375\"><br \/>     <em><font color=\"#000000\" size=\"1\">O registro acad&ecirc;mico dos candidatos      aprovados no vestibular 2010<\/font><\/em><\/span><\/p>\n<p align=\"justify\">&nbsp; <\/p>\n<p align=\"justify\"><span class=\"texto\"> <\/span><span class=\"texto\"> <\/span><\/p>\n<p>    <span class=\"texto\">     <\/p>\n<p>    <\/span><\/td>\n<\/tr>\n<tr>\n<td align=\"LEFT\" valign=\"TOP\"><\/td>\n<td align=\"LEFT\" valign=\"TOP\">\n<p align=\"justify\"><a name=\"anoticias4\" id=\"4\"><span class=\"titulo\">DAS      RECEBE NOVO ANALISTA<\/span><\/a><\/p>\n<p>     <span class=\"texto\">Desde o dia 04 de fevereiro\/2010, o CECOM est&aacute;      contando com mais um funcion&aacute;rio em seu quadro. Trata-se de Jos&eacute;      Eug&ecirc;nio de Assis Gon&ccedil;alves, Analista de Tecnologia da Informa&ccedil;&atilde;o,      lotado na Divis&atilde;o de Aplicativos e Sistemas.<\/p>\n<p>     Jos&eacute; Eug&ecirc;nio &eacute; formado em Engenharia El&eacute;trica      pela UFMG e tem o Mestrado em Computa&ccedil;&atilde;o pela USP. Ele      &eacute; natural de Belo Horizonte e, antes de vir para a UFMG onde      passou no Concurso realizado em 2009, trabalhou como Analista de Sistemas      nas empresas ATAN e TOTVS.<\/span><\/p>\n<p align=\"center\"><img loading=\"lazy\" decoding=\"async\" src=\"https:\/\/www.ufmg.br\/dti\/wp-content\/uploads\/fotos\/11_02_10\/entrada_jose.jpg\" width=\"500\" height=\"550\"><br \/>     <em><font face=\"1\">Jos&eacute; Eug&ecirc;nio<\/font><\/em> <\/p>\n<p><span class=\"texto\"> <\/span><span class=\"texto\"> <\/span><\/p>\n<p>    <span class=\"texto\">     <\/p>\n<p>    <\/span><\/td>\n<\/tr>\n<p>  <!-- #EndEditable -->  <\/table>\n<table border=\"0\" cellpadding=\"0\" cellspacing=\"0\">\n<tr>\n<td align=\"LEFT\" valign=\"TOP\"><\/td>\n<td align=\"LEFT\" valign=\"TOP\">\n<p align=\"justify\"><a name=\"anoticias5\" id=\"5\"><span class=\"titulo\">POP-MG      TER&Aacute; PARADA PROGRAMADA<\/span><\/a><\/p>\n<p>     <span class=\"texto\">O Centro de Opera&ccedil;&otilde;es do POP-MG far&aacute;      na quarta-feira da pr&oacute;xima semana, 17 de fevereiro, uma reconfigura&ccedil;&atilde;o      da rede local e dos roteadores de acesso do POP-MG, a partir das 8h.      At&eacute; o final da reconfigura&ccedil;&atilde;o, ou seja, at&eacute;      as 10h do mesmo dia, a conex&atilde;o da UFMG &agrave; Internet poder&aacute;      sofrer interrup&ccedil;&otilde;es.<\/span><span class=\"texto\"> <\/span><span class=\"texto\">      <\/span><\/p>\n<p>    <span class=\"texto\">     <\/p>\n<p>    <\/span><\/td>\n<\/tr>\n<p>  <!-- #BeginEditable \"materias\" -->   <\/p>\n<tr>\n<td align=\"LEFT\" valign=\"TOP\"><\/td>\n<td align=\"LEFT\" valign=\"TOP\">\n<p align=\"justify\"><a name=\"anoticias6\" id=\"6\"><span class=\"titulo\">NOVO      ESTAGI&Aacute;RIO DO CECOM<\/span><\/a><\/p>\n<p>     <span class=\"texto\"> Com a sa&iacute;da do estagi&aacute;rio Douglas      do Couto Teixeira, a Divis&atilde;o de Atendimento e Consultoria (DAC)      selecionou &Aacute;lvaro Ant&ocirc;nio Fonseca de Souza, aluno do curso      de Matem&aacute;tica, para ocupar a vaga.<\/p>\n<p>     &Aacute;lvaro Ant&ocirc;nio entrou para o CECOM no dia 08 de fevereiro\/2010,      lotada na DAC, onde j&aacute; iniciou seus trabalhos.<\/span><\/p>\n<p align=\"center\"><img loading=\"lazy\" decoding=\"async\" src=\"https:\/\/www.ufmg.br\/dti\/wp-content\/uploads\/fotos\/11_02_10\/entrada_alvaro.jpg\" width=\"203\" height=\"187\"><br \/>     <em><font face=\"1\">&Aacute;lvaro Ant&ocirc;nio<\/font><\/em> <\/p>\n<p>    <span class=\"texto\">     <\/p>\n<p>    <\/span><\/td>\n<\/tr>\n<p>  <!-- #EndEditable -->  <\/table>\n<\/div>\n<p><a name='informativo'><\/a><\/p>\n<h4>Informativo<\/h4>\n<div class=\"centro-sistematico\">  <!-- noticias --> <a><\/a>  <\/p>\n<table border=\"0\" cellspacing=\"0\" cellpadding=\"0\">\n<tr>\n<td><\/td>\n<td><\/td>\n<\/tr>\n<p>  <!-- #BeginEditable \"materias\" --> <!-- #EndEditable -->  <\/table>\n<p> <!-- fim noticias --> <!-- tabela ha 20 anos --> <\/p>\n<table border=\"0\" cellpadding=\"0\" cellspacing=\"0\" bgcolor=\"#FFFFFF\">\n<tr>\n<td align=\"LEFT\" valign=\"TOP\"><\/td>\n<td align=\"LEFT\" valign=\"TOP\">\n<p align=\"justify\"><span class=\"texto\"><a name=\"ainformativo1\" id=\"1\"><span class=\"titulo\">DICAS      DE SITES INTERESSANTES<\/span><\/a><\/span><\/p>\n<p align=\"left\"><span class=\"texto\">Adyrus, o ca&ccedil;ador de sites,      enviou as seguintes dicas:<\/p>\n<p>     &#8211; Esqueceu de desfragmentar seu computador? Auslogics Disk Defrag Screen      Saver ir&aacute; fazer isso automaticamente para voc&ecirc;! Quando      o sistema estiver ocioso, ele vai desfragmentar o disco em modo de prote&ccedil;&atilde;o      de tela, exibindo um mapa incr&iacute;vel fragmenta&ccedil;&atilde;o      em tempo real. Com esta ferramenta, voc&ecirc; pode ter certeza de obter      o melhor desempenho de seus discos r&iacute;gidos. Desfragmenta&ccedil;&atilde;o      nunca foi uma tarefa t&atilde;o f&aacute;cil! &Eacute; gratuito para      uso n&atilde;o comercial. V&aacute; at&eacute; o endere&ccedil;o <a href=\"http:\/\/www.auslogics.com\/en\/software\/disk-defrag\/business\/\">http:\/\/www.auslogics.com\/en\/software\/disk-defrag\/business\/<\/a>.<\/p>\n<p>     &#8211; Pa&iacute;s e Cidades do mundo em <a href=\"http:\/\/66.196.80.202\/babelfish\/translate_url_%20content?%20.intl=fr&amp;lp=fr_pt&amp;trurl=http%3a%2f%2fwww.yvettedefrance.com%2f%20Photos%20-dumonde%2fFotos_monde.htm\">http:\/\/66.196.80.202\/babelfish\/translate_url_      content? .intl=fr&amp;lp=fr_pt&amp;trurl=http%3a%2f%2fwww.yvettedefrance.com%2f      Photos -dumonde%2fFotos_monde.htm<\/a>.<\/p>\n<p>     &#8211; Para quem gosta de gatos, o site <a href=\"http:\/\/www.funnycatpix.com\/\">http:\/\/www.funnycatpix.com\/<\/a>      tem gato pra cachorro.<\/p>\n<p>     &#8211; O site YouTube.com anuncia uma nova forma de adicionar coment&aacute;rios      interativos em v&iacute;deos. Podemos fazer anota&ccedil;&otilde;es      em v&iacute;deos e com este recurso adicionar informa&ccedil;&otilde;es      de fundo, criar ramifica&ccedil;&otilde;es (escolha sua pr&oacute;pria      aventura e estilo) hist&oacute;rias ou adicionar links a qualquer v&iacute;deo      do YouTube, canal ou p&aacute;gina de resultados de pesquisa em qualquer      ponto do seu v&iacute;deo. Creio que os v&iacute;deos ficaram mais interessantes      de assistir. Assista o clipe e veja o que pode ser feito. O endere&ccedil;o      &eacute; <a href=\"http:\/\/www.youtube.com\/user\/BUFFALOBEATS%209000#p\/c\/199AB08C70FC4121\">http:\/\/www.youtube.com\/user\/BUFFALOBEATS      9000#p\/c\/199AB08C70FC4121<\/a>.<\/p>\n<p>     &#8211; Para saber como incrementar os v&iacute;deos v&aacute; at&eacute;      o endere&ccedil;o <a href=\"http:\/\/youtube-global.blogspot.com\/2008\/06\/new-beta-feature-video-annotations.html\">http:\/\/youtube-global.blogspot.com\/2008\/06\/new-beta-feature-video-annotations.html<\/a>.<\/p>\n<p>     &#8211; Divertido e estranho &eacute; esta explica&ccedil;&atilde;o da op&ccedil;&atilde;o      sexual com canetas. Tem gente que vai abolir canetas ou vai saber usar      melhor. Veja em <a href=\"http:\/\/www.buzzfeed.com\/expresident\/sex-explained-by-pens\">http:\/\/www.buzzfeed.com\/expresident\/sex-explained-by-pens<\/a>.<\/p>\n<p>     &#8211; Acesse no endere&ccedil;o <a href=\"http:\/\/desenvolvedores.vivo.com.br\/\">http:\/\/desenvolvedores.vivo.com.br\/<\/a>      orienta&ccedil;&otilde;es para desenvolver seus aplicativos e dicas      para test&aacute;-los. N&atilde;o perca tempo, pois a partir de mar&ccedil;o      voc&ecirc; j&aacute; pode: Enviar seus aplicativos para que a comunidade      de desenvolvedores Vivo possa test&aacute;-los, comercializ&aacute;-los      pela loja de aplicativos da Vivo.<\/span><\/p>\n<p align=\"center\"><span class=\"texto\"><\/span><span class=\"texto\"><br \/>     <\/span>    <\/p>\n<\/td>\n<\/tr>\n<tr>\n<td align=\"LEFT\" valign=\"TOP\"><\/td>\n<td align=\"LEFT\" valign=\"TOP\">\n<p align=\"justify\"><span class=\"texto\"><a name=\"ainformativo2\" id=\"2\"><span class=\"titulo\">ANA      L&Uacute;CIA GAZZOLA &Eacute; EMPOSSADA COMO SECRET&Aacute;RIA DE DESENVOLVIMENTO      SOCIAL <\/span><\/a><\/span><\/p>\n<p align=\"justify\"><span class=\"texto\">A ex-reitora Ana L&uacute;cia Gazzola      foi empossada, no &uacute;ltimo dia 28, no cargo de secret&aacute;ria      de Estado de Desenvolvimento Social, em substitui&ccedil;&atilde;o ao      deputado Agostinho Patrus. Ela dirigiu a UFMG no per&iacute;odo de 2002      a 2006.<\/p>\n<p>     Dois anos depois, recebeu o t&iacute;tulo de professora em&eacute;rita      da institui&ccedil;&atilde;o.<\/p>\n<p>     Formada em Letras, com &ecirc;nfase em Literaturas Estrangeiras Modernas      pela UFMG, Ana L&uacute;cia Gazzola possui mestrado em literaturas luso-brasileira      e hispano-americana pela University of North Carolina at Chapel Hill      (EUA); doutorado em literatura comparada pela mesma institui&ccedil;&atilde;o      e p&oacute;s-doutorado pela Duke University (EUA), em 1994. Foi diretora-executiva      do Instituto Inhotim e do Instituto Internacional de Educa&ccedil;&atilde;o      Superior para a Am&eacute;rica Latina e o Caribe (Iesalc), ligado &agrave;      Unesco.<\/p>\n<p>     (Fonte: http:\/\/www.ufmg.br\/boletim\/bol1682\/7.shtml)<\/span><\/p>\n<p align=\"center\"><span class=\"texto\"><\/span><span class=\"texto\"><br \/>     <\/span>    <\/p>\n<\/td>\n<\/tr>\n<tr>\n<td align=\"LEFT\" valign=\"TOP\"><\/td>\n<td align=\"LEFT\" valign=\"TOP\">\n<p align=\"justify\"><span class=\"texto\"><a name=\"ainformativo3\" id=\"3\"><span class=\"titulo\">RESTAURANTE      DO ICB SER&Aacute; REABERTO AT&Eacute; IN&Iacute;CIO DAS AULAS<\/span><\/a><\/span><\/p>\n<p align=\"justify\"><span class=\"texto\">O restaurante do Instituto de Ci&ecirc;ncias      Biol&oacute;gicas (ICB), no campus Pampulha, recome&ccedil;ar&aacute;      a funcionar at&eacute; o in&iacute;cio das aulas, sob administra&ccedil;&atilde;o      da empresa Cook Pontual, que venceu a &uacute;ltima licita&ccedil;&atilde;o      e substitui a Nutrindus. O contrato &eacute; de dois anos, prorrog&aacute;veis      por mais dois.<\/p>\n<p>     O servi&ccedil;o inclui lanchonete aberta das 7h &agrave;s 21h, nos      dias &uacute;teis, e o restaurante serve cerca de 800 refei&ccedil;&otilde;es      por almo&ccedil;o. O novo contrato prev&ecirc; ainda a reativa&ccedil;&atilde;o      do espa&ccedil;o de conv&iacute;vio no quarto andar do pr&eacute;dio      do ICB, onde ser&atilde;o servidos lanches para professores, servidores      e alunos de p&oacute;s-gradua&ccedil;&atilde;o, das 9h30 &agrave;s 10h30      e das 15h30 &agrave;s 16h30.<\/p>\n<p>     (Fonte: http:\/\/www.ufmg.br\/online\/arquivos\/014562. shtml &#8211; 08\/02\/2010)<br \/>     <\/span><\/p>\n<p align=\"center\"><span class=\"texto\"><\/span><span class=\"texto\"><br \/>     <\/span>    <\/p>\n<\/td>\n<\/tr>\n<tr>\n<td align=\"LEFT\" valign=\"TOP\"><\/td>\n<td align=\"LEFT\" valign=\"TOP\">\n<p align=\"justify\"><span class=\"texto\"><a name=\"ainformativo4\" id=\"4\"><span class=\"titulo\">HOR&Aacute;RIO      DE VER&Atilde;O<\/span><\/a><\/span><\/p>\n<table width=\"400\" border=\"1\" align=\"center\" cellpadding=\"5\" cellspacing=\"1\" bgcolor=\"#CCCCCC\">\n<tr>\n<td><font face=\"2\">N&atilde;o        se esque&ccedil;am de que o hor&aacute;rio de ver&atilde;o termina        &agrave; meia noite do dia 20 de fevereiro, depois do carnaval.<\/font><\/td>\n<\/tr>\n<\/table>\n<p align=\"center\"><span class=\"texto\"><\/span><span class=\"texto\"><br \/>     <\/span>    <\/p>\n<\/td>\n<\/tr>\n<tr>\n<td align=\"LEFT\" valign=\"TOP\"><\/td>\n<td align=\"LEFT\" valign=\"TOP\">\n<p align=\"justify\"><span class=\"texto\"><a name=\"ainformativo5\" id=\"5\"><span class=\"titulo\">EDI&Ccedil;&Atilde;O      DA PR&Oacute;XIMA SEMANA<\/span><\/a><\/span><\/p>\n<table width=\"400\" border=\"1\" align=\"center\" cellpadding=\"5\" cellspacing=\"1\" bgcolor=\"#CCCCCC\">\n<tr>\n<td><font face=\"2\">Devido ao Carnaval,        O Sistem&aacute;tico n&atilde;o circular&aacute; na pr&oacute;xima        semana. UM BOM CARNAVAL PARA TODOS!<\/font><\/td>\n<\/tr>\n<\/table>\n<p align=\"center\"><span class=\"texto\"><\/span><span class=\"texto\"><br \/>     <\/span>    <\/p>\n<\/td>\n<\/tr>\n<tr>\n<td width=\"12\" align=\"LEFT\" valign=\"TOP\"><\/td>\n<td width=\"538\" align=\"LEFT\" valign=\"TOP\">&nbsp;<\/td>\n<\/tr>\n<p>  <!-- #BeginEditable \"materias\" --> <!-- #EndEditable -->  <\/table>\n<table border=\"0\" cellspacing=\"0\" cellpadding=\"0\" class=\"cinza\">\n<tr>\n<td><img loading=\"lazy\" decoding=\"async\" src=\"https:\/\/www.ufmg.br\/dti\/wp-content\/uploads\/imgs\/tudo_pixel.gif\" width=\"1\" height=\"1\" alt=\"\" border=\"0\"><\/td>\n<td><img loading=\"lazy\" decoding=\"async\" src=\"https:\/\/www.ufmg.br\/dti\/wp-content\/uploads\/imgs\/tudo_pixel.gif\" width=\"19\" height=\"1\" alt=\"\" border=\"0\"><\/td>\n<td><img loading=\"lazy\" decoding=\"async\" src=\"https:\/\/www.ufmg.br\/dti\/wp-content\/uploads\/imgs\/tudo_pixel.gif\" width=\"510\" height=\"1\" alt=\"\" border=\"0\"><\/td>\n<td><img loading=\"lazy\" decoding=\"async\" src=\"https:\/\/www.ufmg.br\/dti\/wp-content\/uploads\/imgs\/tudo_pixel.gif\" width=\"19\" height=\"1\" alt=\"\" border=\"0\"><\/td>\n<td><img loading=\"lazy\" decoding=\"async\" src=\"https:\/\/www.ufmg.br\/dti\/wp-content\/uploads\/imgs\/tudo_pixel.gif\" width=\"1\" height=\"1\" alt=\"\" border=\"0\"><\/td>\n<\/tr>\n<tr>\n<td class=\"vermelho\" colspan=\"5\"><img loading=\"lazy\" decoding=\"async\" src=\"https:\/\/www.ufmg.br\/dti\/wp-content\/uploads\/imgs\/tudo_pixel.gif\" width=\"1\" height=\"1\" alt=\"\" border=\"0\"><\/td>\n<\/tr>\n<tr>\n<td class=\"vermelho\"><img loading=\"lazy\" decoding=\"async\" src=\"https:\/\/www.ufmg.br\/dti\/wp-content\/uploads\/imgs\/tudo_pixel.gif\" width=\"1\" height=\"1\" alt=\"\" border=\"0\"><\/td>\n<td><img loading=\"lazy\" decoding=\"async\" src=\"https:\/\/www.ufmg.br\/dti\/wp-content\/uploads\/imgs\/tudo_pixel.gif\" width=\"1\" height=\"1\" alt=\"\" border=\"0\"><\/td>\n<td align=\"LEFT\" valign=\"TOP\"><!-- #BeginEditable \"ha%2020%20anos\" -->     <\/p>\n<div align=\"justify\">\n<p><a name=\"ainformativo6\" id=\"6\"><img loading=\"lazy\" decoding=\"async\" src=\"https:\/\/www.ufmg.br\/dti\/wp-content\/uploads\/imgs\/tudo_pixel.gif\" width=\"1\" height=\"8\" alt=\"\" border=\"0\"><br \/>      <span class=\"titulo\">H\u00e1 20 anos&#8230;<\/span><\/a><\/p>\n<p>      <span class=\"texto\">O Sistem&aacute;tico Ano XIV , n&ordm; 06, de       08\/02\/1990, publicou not&iacute;cias sobre expans&atilde;o de discos,       informa&ccedil;&otilde;es cadastrais, convers&atilde;o de disquetes,       paradas do Sistema A10, entre outras. A not&iacute;cia que se destacou       foi:<\/span><span class=\"texto\"><strong><\/p>\n<p>      <\/strong><strong>MATR&Iacute;CULA ONLINE<br \/>      <\/strong><font face=\"1\"> Termina amanh&atilde;, sexta-feira, a etapa       de registro inicial dos calouros da UFMG e a matr&iacute;cula em disciplina       dos aprovados para primeira entrada (1o semestre). Pela primeira vez,       o servi&ccedil;o de matr&iacute;cula contou com o apoio do sistema       On-line. O CECOM instalou no sagu&atilde;o da Reitoria, onde o DRCA       coordenou a recep&ccedil;&atilde;o da documenta&ccedil;&atilde;o dos       alunos, 10 terminais, 2 micros e 2 impressoras, que foram utilizados       por funcion&aacute;rios das Se&ccedil;&otilde;es de Ensino das Unidades       que recebem calouros (ICEx, ICB, Belas Artes, M&uacute;sica, Fafich       e Educa&ccedil;&atilde;o F&iacute;sica).<br \/>      Durante os 4 dias de matr&iacute;cula, est&atilde;o sendo atendidos       uma m&eacute;dia de 480 alunos por dia. A m&eacute;dia de transa&ccedil;&otilde;es       di&aacute;rias do sistema (EGM02) est&aacute; sendo de 2.400. A m&eacute;dia       do tempo de resposta tem sido de 1,7 segundo.<br \/>      Al&eacute;m do suporte log&iacute;stico &agrave;s atividades realizadas       durante esses dias, o CECOM alocou pessoal (documentalistas) para       auxiliar os trabalhos no sagu&atilde;o e refor&ccedil;ar a DCP na       digita&ccedil;&atilde;o das fichas de registro de aluno. Para isso,       est&aacute; sendo utilizado outro servi&ccedil;o on-line (EGA01)<\/font><\/span><span class=\"texto\"><font face=\"1\"><br \/>      <\/font><\/span><\/p>\n<\/p><\/div>\n<div align=\"justify\">\n<p><span class=\"texto\"><\/span><\/p>\n<\/p><\/div>\n<p>    <!-- #EndEditable --><br \/> <img loading=\"lazy\" decoding=\"async\" src=\"https:\/\/www.ufmg.br\/dti\/wp-content\/uploads\/imgs\/tudo_pixel.gif\" width=\"1\" height=\"8\" alt=\"\" border=\"0\"><\/td>\n<td><img loading=\"lazy\" decoding=\"async\" src=\"https:\/\/www.ufmg.br\/dti\/wp-content\/uploads\/imgs\/tudo_pixel.gif\" width=\"1\" height=\"1\" alt=\"\" border=\"0\"><\/td>\n<td class=\"vermelho\"><img loading=\"lazy\" decoding=\"async\" src=\"https:\/\/www.ufmg.br\/dti\/wp-content\/uploads\/imgs\/tudo_pixel.gif\" width=\"1\" height=\"1\" alt=\"\" border=\"0\"><\/td>\n<\/tr>\n<tr>\n<td class=\"vermelho\" colspan=\"5\"><img loading=\"lazy\" decoding=\"async\" src=\"https:\/\/www.ufmg.br\/dti\/wp-content\/uploads\/imgs\/tudo_pixel.gif\" width=\"1\" height=\"1\" alt=\"\" border=\"0\"><\/td>\n<\/tr>\n<\/table>\n<p> <!-- fim tabela ha 20 anos --><\/div>\n<p><a name='eventos'><\/a><\/p>\n<h4>Eventos<\/h4>\n<div class=\"centro-sistematico\">  <!-- noticias --> <\/p>\n<table border=\"0\" cellspacing=\"0\" cellpadding=\"0\">\n<tr>\n<td><\/td>\n<td><\/td>\n<\/tr>\n<tr>\n<td align=\"LEFT\" valign=\"TOP\"><\/td>\n<td align=\"LEFT\" valign=\"TOP\">\n<p><a name=\"aeventos1\" id=\"1\"><span class=\"titulo\">SOCIAIS<\/span><\/a><\/p>\n<p align=\"justify\" class=\"texto\"><strong>ANIVERS&Aacute;RIOS: <\/strong><em>&#8220;O      Sistem&aacute;tico&#8221; envia os parab&eacute;ns para Daniel Lemos      de Morais, no dia 15; e M&aacute;rcio da Costa Viana, no dia 18. Os      parab&eacute;ns para os ex-ceconianos: Maria Alice Capobiango de Vasconcelos,      no dia 12; Ant&ocirc;nio Roberto Lana Chaves, no dia 13; Cristiane Maria      Nunes e Newton Jos&eacute; Vieira (DCC), no dia 14; Daniel Borges de      Figueiredo Santos, no dia 15; Br&aacute;ulio C&eacute;sar de Oliveira,      no dia 16; Jane Marie Teichman, no dia 18; M&aacute;rio Lu&iacute;s      Terenzi, no dia 19.; Aline Toledo Silva e H&eacute;lio Yoshida, no dia      20; Artur Oliveira Rodrigues, no dia 24; e Blair Bianchini, no dia 25.<\/em><\/p>\n<p><span class=\"texto\"><\/span><\/p>\n<p align=\"justify\">&nbsp; <\/p>\n<p>    <span class=\"texto\"><\/span><\/td>\n<\/tr>\n<tr>\n<td align=\"LEFT\" valign=\"TOP\"><\/td>\n<td align=\"LEFT\" valign=\"TOP\">\n<p><a name=\"aeventos2\" id=\"2\"><span class=\"titulo\">MEM&Oacute;RIA      FOTOGR&Aacute;FICA DO CECOM<\/span><\/a><\/p>\n<p align=\"justify\" class=\"texto\">A festa de confraterniza&ccedil;&atilde;o      de final de ano dos funcion&aacute;rios do CECOM foi realizada no dia      17\/12\/2009. O Sistem&aacute;tico publica mais um lote de fotos da festa      de autoria do prof. Paulo Fernando Seixas.<\/p>\n<p align=\"center\" class=\"texto\"><img loading=\"lazy\" decoding=\"async\" src=\"https:\/\/www.ufmg.br\/dti\/wp-content\/uploads\/fotos\/11_02_10\/DSC_0003.jpg\" width=\"500\" height=\"335\"><br \/>     <em><font face=\"1\">Tereza Cristina, Carolina, Cristina Queiroz e Marcos      Silvestre<\/font><\/em><\/p>\n<p align=\"center\" class=\"texto\"><em><font face=\"1\"><img loading=\"lazy\" decoding=\"async\" src=\"https:\/\/www.ufmg.br\/dti\/wp-content\/uploads\/fotos\/11_02_10\/DSC_0008.jpg\" width=\"500\" height=\"335\"><\/font><\/em>      <br \/>     <em><font face=\"1\">Os casais Get&uacute;lio e Selma, Vicentina e Carlos      Roberto <br \/>     <\/font><\/em><\/p>\n<p align=\"center\" class=\"texto\"><em><font face=\"1\"><img loading=\"lazy\" decoding=\"async\" src=\"https:\/\/www.ufmg.br\/dti\/wp-content\/uploads\/fotos\/11_02_10\/DSC_1038.jpg\" width=\"500\" height=\"335\"><\/font><\/em>      <br \/>     <em><font face=\"1\">Carlos Alfeu, Z&eacute;lia Falc&atilde;o, Diogo,      Euler e Thiago Moreira<br \/>     <\/font><\/em><\/p>\n<p align=\"center\" class=\"texto\"><em><font face=\"1\"><img loading=\"lazy\" decoding=\"async\" src=\"https:\/\/www.ufmg.br\/dti\/wp-content\/uploads\/fotos\/11_02_10\/DSC_1041.jpg\" width=\"500\" height=\"335\"><\/font><\/em>      <br \/>     <em><font face=\"1\">Thiago Diniz, Jo&atilde;o Arthur e seu pai Jo&atilde;o      Carlos, Diego e Max<br \/>     <\/font><\/em><\/p>\n<p align=\"center\" class=\"texto\"><em><font face=\"1\"><img loading=\"lazy\" decoding=\"async\" src=\"https:\/\/www.ufmg.br\/dti\/wp-content\/uploads\/fotos\/11_02_10\/DSC_0014.jpg\" width=\"500\" height=\"335\"><\/font><\/em>      <br \/>     <em><font face=\"1\">Eliane Paw, Rebeca e seus pais Helv&eacute;cio e      Regina<br \/>     <\/font><\/em><\/p>\n<p align=\"center\" class=\"texto\"><em><font face=\"1\"><img loading=\"lazy\" decoding=\"async\" src=\"https:\/\/www.ufmg.br\/dti\/wp-content\/uploads\/fotos\/11_02_10\/DSC_1033.jpg\" width=\"500\" height=\"335\"><\/font><\/em>      <br \/>     <em><font face=\"1\">Ricardo, Lel&eacute;, &Aacute;lvaro C&eacute;sar      e Guilherme<\/font><\/em> <\/p>\n<p><span class=\"texto\"><\/span><\/p>\n<p align=\"justify\">&nbsp; <\/p>\n<p>    <span class=\"texto\"><\/span><\/td>\n<\/tr>\n<p>  <!-- #BeginEditable \"materias\" --> <!-- #EndEditable -->  <\/table>\n<p> <!-- fim noticias --><\/div>\n","protected":false},"excerpt":{"rendered":"<p>Not\u00edcias DI&Aacute;RIO FECHA COM RECORDE NA GRADUA&Ccedil;&Atilde;O MATR&Iacute;CULA DA P&Oacute;S ATINGE 77% DOS ALUNOS REGISTRO ACAD&Ecirc;MICO DOS CALOUROS 2010 VAI AT&Eacute; SEXTA DAS RECEBE NOVO ANALISTA POP-MG TER&Aacute; PARADA PROGRAMADA NOVO ESTAGI&Aacute;RIO DO CECOM Informativo DICAS DE SITES INTERESSANTES ANA L&Uacute;CIA GAZZOLA &Eacute; EMPOSSADA COMO SECRET&Aacute;RIA DE DESENVOLVIMENTO SOCIAL RESTAURANTE DO ICB SER&Aacute; REABERTO AT&Eacute; &#8230; <a title=\"Sistem\u00e1tico: Edi\u00e7\u00e3o 1457 &#8211; 11\/02\/2010\" class=\"read-more\" href=\"https:\/\/www.ufmg.br\/dti\/2010\/02\/11\/sistematico-edicao-1457-11022010\/\" aria-label=\"Read more about Sistem\u00e1tico: Edi\u00e7\u00e3o 1457 &#8211; 11\/02\/2010\">Ler mais<\/a><\/p>\n","protected":false},"author":3,"featured_media":0,"comment_status":"open","ping_status":"open","sticky":false,"template":"","format":"standard","meta":{"inline_featured_image":false,"footnotes":""},"categories":[13],"tags":[],"coauthors":[79],"class_list":["post-2999","post","type-post","status-publish","format-standard","hentry","category-sistematico"],"_links":{"self":[{"href":"https:\/\/www.ufmg.br\/dti\/wp-json\/wp\/v2\/posts\/2999","targetHints":{"allow":["GET"]}}],"collection":[{"href":"https:\/\/www.ufmg.br\/dti\/wp-json\/wp\/v2\/posts"}],"about":[{"href":"https:\/\/www.ufmg.br\/dti\/wp-json\/wp\/v2\/types\/post"}],"author":[{"embeddable":true,"href":"https:\/\/www.ufmg.br\/dti\/wp-json\/wp\/v2\/users\/3"}],"replies":[{"embeddable":true,"href":"https:\/\/www.ufmg.br\/dti\/wp-json\/wp\/v2\/comments?post=2999"}],"version-history":[{"count":0,"href":"https:\/\/www.ufmg.br\/dti\/wp-json\/wp\/v2\/posts\/2999\/revisions"}],"wp:attachment":[{"href":"https:\/\/www.ufmg.br\/dti\/wp-json\/wp\/v2\/media?parent=2999"}],"wp:term":[{"taxonomy":"category","embeddable":true,"href":"https:\/\/www.ufmg.br\/dti\/wp-json\/wp\/v2\/categories?post=2999"},{"taxonomy":"post_tag","embeddable":true,"href":"https:\/\/www.ufmg.br\/dti\/wp-json\/wp\/v2\/tags?post=2999"},{"taxonomy":"author","embeddable":true,"href":"https:\/\/www.ufmg.br\/dti\/wp-json\/wp\/v2\/coauthors?post=2999"}],"curies":[{"name":"wp","href":"https:\/\/api.w.org\/{rel}","templated":true}]}}