{"id":3016,"date":"2009-08-20T08:00:00","date_gmt":"2009-08-20T08:00:00","guid":{"rendered":"https:\/\/www.ufmg.br\/dti\/cecom\/?p=1191"},"modified":"2009-08-20T08:00:00","modified_gmt":"2009-08-20T08:00:00","slug":"sistematico-edicao-1437-20082009","status":"publish","type":"post","link":"https:\/\/www.ufmg.br\/dti\/2009\/08\/20\/sistematico-edicao-1437-20082009\/","title":{"rendered":"Sistem\u00e1tico: Edi\u00e7\u00e3o 1437 &#8211; 20\/08\/2009"},"content":{"rendered":"<ul>\n<li><a href=\"\/dti\/#noticias\">Not\u00edcias<\/a>\n<div class='submenuSistematico'>\n<ul>\n<li><a href=\"\/dti\/#anoticias1\" id=\"1\"><span class=\"titulo\">ENGENHARIA     NO CAMPUS: AVAN&Ccedil;A MIGRA&Ccedil;&Atilde;O DE RAMAIS TELEF&Ocirc;NICOS<\/span><\/a><\/li>\n<li><a href=\"\/dti\/#anoticias2\"><span class=\"titulo\">CECOM      PARTICIPA DA RECEP&Ccedil;&Atilde;O DE CALOUROS<\/span><\/a><\/li>\n<li><a href=\"\/dti\/#anoticias3\" id=\"3\"><span class=\"titulo\">QU&Iacute;MICA      E DCF S&Atilde;O OS CAMPE&Otilde;ES DE ECONOMIA EM DDD NO M&Ecirc;S<\/span><\/a><\/li>\n<li><a href=\"\/dti\/#anoticias4\" id=\"4\"><span class=\"titulo\">CECOM      REALIZA PREG&Atilde;O DE SERVI&Ccedil;OS TELEF&Ocirc;NICOS<\/span><\/a><\/li>\n<li><a href=\"\/dti\/#anoticias5\" id=\"5\"><span class=\"titulo\">SA&Iacute;DA      DE MENOR DA CRUZ VERMELHA<\/span><\/a><\/li>\n<\/ul>\n<\/div>\n<\/li>\n<li><a href=\"\/dti\/#informativo\">Informativo<\/a>\n<div class='submenuSistematico'>\n<ul>\n<li><a href=\"\/dti\/#ainformativo1\" id=\"1\"><span class=\"titulo\">DICAS      DE SITES INTERESSANTES<\/span><\/a><\/li>\n<li><a href=\"\/dti\/#ainformativo2\" id=\"2\"><span class=\"titulo\">INSCRI&Ccedil;&Atilde;O      DE CHAPAS PARA REITORIA COME&Ccedil;A NA PR&Oacute;XIMA SEGUNDA-FEIRA<\/span><\/a><\/li>\n<li><a href=\"\/dti\/#ainformativo3\" id=\"3\"><span class=\"titulo\">ENTRADA      E SA&Iacute;DA DO ESTACIONAMENTO DA PRA&Ccedil;A DE SERVI&Ccedil;OS      SER&Atilde;O ALTERADAS EM FUN&Ccedil;&Atilde;O DAS OBRAS DA COPASA<\/span><\/a><\/li>\n<li><a href=\"\/dti\/#ainformativo4\" id=\"4\"><span class=\"titulo\">      CURSOS DE L&Iacute;NGUAS RECEBEM INSCRI&Ccedil;&Otilde;ES AT&Eacute;      O DIA 21<\/span><\/a><\/li>\n<li><a href=\"\/dti\/#ainformativo5\" id=\"5\"><img loading=\"lazy\" decoding=\"async\" src=\"https:\/\/www.ufmg.br\/dti\/wp-content\/uploads\/imgs\/tudo_pixel.gif\" width=\"1\" height=\"8\" alt=\"\" border=\"0\"><br \/>      <span class=\"titulo\">H\u00e1 20 anos&#8230;<\/span><\/a><\/li>\n<\/ul>\n<\/div>\n<\/li>\n<li><a href=\"\/dti\/#eventos\">Eventos<\/a>\n<div class='submenuSistematico'>\n<ul>\n<li><a href=\"\/dti\/#aeventos1\" id=\"1\"><span class=\"titulo\">SOCIAIS<\/span><\/a><\/li>\n<li><a href=\"\/dti\/#aeventos2\" id=\"2\"><span class=\"titulo\">MEM&Oacute;RIA      FOTOGR&Aacute;FICA DO CECOM<\/span><\/a><\/li>\n<\/ul>\n<\/div>\n<\/li>\n<\/ul>\n<p> <a name='noticias'><\/a><\/p>\n<h4>Not\u00edcias<\/h4>\n<div class=\"centro-sistematico\">  <!-- noticias --> <a><\/a>  <\/p>\n<table border=\"0\" cellspacing=\"0\" cellpadding=\"0\">\n<tr>\n<td><\/td>\n<td><\/td>\n<\/tr>\n<p>  <!-- #BeginEditable \"materias\" -->   <\/p>\n<tr>\n<td align=\"LEFT\" valign=\"TOP\"><\/td>\n<td align=\"LEFT\" valign=\"TOP\"> <a name=\"anoticias1\" id=\"1\"><span class=\"titulo\">ENGENHARIA     NO CAMPUS: AVAN&Ccedil;A MIGRA&Ccedil;&Atilde;O DE RAMAIS TELEF&Ocirc;NICOS<\/span><\/a>     <\/p>\n<p align=\"justify\"><span class=\"texto\"> Conforme noticiado na edi&ccedil;&atilde;o      de 30\/07\/2009, a central telef&ocirc;nica da Escola de Engenharia no      centro foi atualizada, sendo que este seria o primeiro passo para fazer      uma integra&ccedil;&atilde;o entre o sistema da escola e o do Campus      Pampulha. As dificuldades t&eacute;cnicas encontradas para fazer esta      integra&ccedil;&atilde;o utilizando a Rede UFMG fizeram com que a ideia      inicial fosse abandonada em favor de uma interliga&ccedil;&atilde;o      entre as centrais, de maneira transparente para os usu&aacute;rios,      com o uso de um servidor VoIP instalado na Engenharia e conectado ao      sistema VoIP da UFMG.<\/p>\n<p>     Novos testes efetuados por Edgard Eust&aacute;quio de Morais, da DRC,      com um equipamento TDMOIP, que faz o transporte de voz sobre a rede      de dados, apresentaram resultados satisfat&oacute;rios. Desta maneira,      os 73 ramais (de um total de 373) da Escola de Engenharia que foram      transferidos para o Campus Pampulha contam com um sistema de &ldquo;Siga-me&rdquo;      programado que faz com que liga&ccedil;&otilde;es recebidas na Engenharia      sejam transferidas para a Pampulha.<\/p>\n<p>     Os pr&oacute;ximos passos previstos s&atilde;o fazer com que os usu&aacute;rios      das duas centrais possam falar entre si digitando apenas os 4 d&iacute;gitos      dos respectivos ramais.<\/span>    <\/p>\n<p align=\"center\">&nbsp;<\/p>\n<p>    <span class=\"texto\">     <\/p>\n<p align=\"justify\">\n<p>    <\/span><\/td>\n<\/tr>\n<tr>\n<td align=\"LEFT\" valign=\"TOP\"><\/td>\n<td align=\"LEFT\" valign=\"TOP\">\n<div align=\"justify\"><a name=\"anoticias2\"><span class=\"titulo\">CECOM      PARTICIPA DA RECEP&Ccedil;&Atilde;O DE CALOUROS<\/span><\/a><\/p>\n<p>     <span class=\"texto\">A recep&ccedil;&atilde;o aos cerca de 2.600 novos      alunos de gradua&ccedil;&atilde;o da UFMG aconteceu entre os dias 17      e 19 deste m&ecirc;s. Os alunos foram saudados pelo reitor Ronaldo Pena,      pela vice-reitora Heloisa Starling e pelo pr&oacute;-reitor de Gradua&ccedil;&atilde;o,      Mauro Braga.<\/p>\n<p>     Como sempre acontece, foram apresentadas palestras sobre temas atuais      e sobre a UFMG. A novidade este ano foi o uso, na parte geral da recep&atilde;o,      de audit&oacute;rios em tr&ecirc;s sedes: na Reitoria, como tradicionalmente      acontece, na Faculdade de Ci&ecirc;ncias Econ&ocirc;micas e no Instituto      de Ci&ecirc;ncias Biol&oacute;gicas. Em todos os audit&oacute;rios foi      montada uma estrutura para recep&ccedil;&atilde;o e proje&ccedil;&atilde;o      das imagens, a cargo da Coordenadoria de Assuntos Comunit&aacute;rios      (CAC) e das equipes de cada local. Em cada sede, um dos audit&oacute;rios      foi equipado com equipamento de transmiss&atilde;o de v&iacute;deo,      para gerar imagens das palestras proferidas naquele local. A recep&ccedil;&atilde;o      das imagens geradas nos tr&ecirc;s pontos foi centralizada no audit&oacute;rio      da Reitoria, onde foi instalado o equipamento para sele&ccedil;&atilde;o      das imagens que seriam transmitidas para a internet e tamb&eacute;m      a infraestrutura de transmiss&atilde;o.<\/p>\n<p>     Para possibilitar esta descentraliza&ccedil;&atilde;o, o CECOM providenciou      a passagem de fibras &oacute;ticas entre a cabine do audit&oacute;rio      da Reitoria e a sala da central telef&ocirc;nica do pr&eacute;dio, onde      foram conectadas a fibras de reserva da estrutura da Rede UFMG que chegavam      at&eacute; a FACE e ICB.<\/p>\n<p>     O acompanhamento das transmiss&otilde;es foi feito por Adyr Rodrigues      Nascimento, da DRC.<\/span> <\/div>\n<p align=\"justify\">&nbsp;<\/p>\n<p>    <span class=\"texto\">     <\/p>\n<p>    <\/span><\/td>\n<\/tr>\n<tr>\n<td align=\"LEFT\" valign=\"TOP\"><\/td>\n<td align=\"LEFT\" valign=\"TOP\">\n<p align=\"justify\"><a name=\"anoticias3\" id=\"3\"><span class=\"titulo\">QU&Iacute;MICA      E DCF S&Atilde;O OS CAMPE&Otilde;ES DE ECONOMIA EM DDD NO M&Ecirc;S<\/span><\/a><br \/>     <span class=\"texto\"><br \/>     No m&ecirc;s de julho\/2009, mais de 42% dos ramais do Departamento de      Qu&iacute;mica do ICEX fizeram liga&ccedil;&otilde;es utilizando o ramal      3333 do sistema VoIP UFMG, num total de 331 liga&ccedil;&otilde;es realizadas      utilizando este novo servi&ccedil;o da UFMG. Com isto, o departamento      teve uma redu&ccedil;&atilde;o de 40% na sua conta de DDD comparando      com a de Julho de 2008.<\/p>\n<p>     J&aacute; na Administra&ccedil;&atilde;o Central, o campe&atilde;o foi      o Departamento de Contabilidade e Finan&ccedil;as da PROPLAN (DCF),      com 83 liga&ccedil;&otilde;es realizadas a partir de 61% de seus ramais,      sua economia com as liga&ccedil;&otilde;es DDD foi de 31%.<\/p>\n<p>     Estes dados comprovam que a concientiza&ccedil;&atilde;o dos servidores      para que utilizem o ramal 3333 para fazer liga&ccedil;&otilde;es DDD      &eacute; important&iacute;ssima e reflete diretamente em economia para      as unidades. A funcion&aacute;ria Denise Gon&ccedil;alves de Castro,      Assistente de Administra&ccedil;&atilde;o do Departamento de Quimica,      declara: &ldquo;devemos n&atilde;o desanimar, insistir com os outros      funcion&aacute;rios e professores para que fa&ccedil;am as liga&ccedil;&otilde;es      via 3333, pois o resultado ser&aacute; satisfat&oacute;rio.&rdquo;<\/span><\/p>\n<p>&nbsp; <\/p>\n<p align=\"justify\"><span class=\"texto\"> <\/span><span class=\"texto\"> <\/span><\/p>\n<p>    <span class=\"texto\">     <\/p>\n<p>    <\/span><\/td>\n<\/tr>\n<tr>\n<td align=\"LEFT\" valign=\"TOP\"><\/td>\n<td align=\"LEFT\" valign=\"TOP\">\n<p align=\"justify\"><a name=\"anoticias4\" id=\"4\"><span class=\"titulo\">CECOM      REALIZA PREG&Atilde;O DE SERVI&Ccedil;OS TELEF&Ocirc;NICOS<\/span><\/a><\/p>\n<p>     <span class=\"texto\">O CECOM realizou preg&atilde;o eletr&ocirc;nico,      no dia 13\/08, para contrata&ccedil;&atilde;o de servi&ccedil;os DDD      e DDI para atender o ICA &#8211; Instituto de Ci&ecirc;ncias Agr&aacute;rias\/Montes      Claros, e DDI para atender &agrave;s unidades da UFMG em Belo Horizonte      (Campus Pampulha, Campus Sa&uacute;de, Arquitetura, Direito, Engenharia,      Conservat&oacute;rio e Museu).<\/p>\n<p>     Com este &uacute;ltimo preg&atilde;o e outros realizados pelo CECOM,      ficou assim o quadro de prestadoras de servi&ccedil;os de telefonia      para a UFMG:<\/p>\n<p>     Campus Pampulha e Campus Sa&uacute;de:<\/p>\n<p>     &#8211; Telefonia Local: Telemar; <br \/>     &#8211; DDD: GVT (Global Village Telecom);<br \/>     &#8211; DDI: Embratel.<\/p>\n<p>     ICA:<\/p>\n<p>     &#8211; Telefonia Local: Embratel<br \/>     &#8211; DDD e DDI: CTBC (Cia. de Telecomunica&ccedil;&atilde;o do Brasil Central).<\/p>\n<p>     Os novos contratos ser&atilde;o, em breve, descentralizados para as      unidades envolvidas.<br \/>     Participaram do preg&atilde;o: M&aacute;rcia Regina Lemos, como pregoeira;      N&eacute;lia Neiva Zille, diretora da DAA; com apoio t&eacute;cnico      de Ant&ocirc;nio Carlos Soares, da DRC.<\/p>\n<p>     Complementando a contrata&ccedil;&atilde;o de servi&ccedil;os de telefonia      que est&atilde;o vencendo este ano, j&aacute; est&aacute; marcado novo      preg&atilde;o para o dia 03 de setembro\/2009, cujo objeto da licita&ccedil;&atilde;o      ser&atilde;o liga&ccedil;&otilde;es originadas das centrais telef&ocirc;nicas      de Belo Horizonte para telefones celulares. <\/span><\/p>\n<p align=\"center\"><img loading=\"lazy\" decoding=\"async\" src=\"https:\/\/www.ufmg.br\/dti\/wp-content\/uploads\/fotos\/13_08_09\/pregao.jpg\" width=\"500\" height=\"375\"><br \/>     <span class=\"homedestaquestxt\"><em>M&aacute;rcia Lemos, N&eacute;lia      Zille e Ant&ocirc;nio Carlos Soares<\/em><\/span><\/p>\n<p>    <span class=\"texto\">     <\/p>\n<p>    <\/span><\/td>\n<\/tr>\n<tr>\n<td align=\"LEFT\" valign=\"TOP\"><\/td>\n<td align=\"LEFT\" valign=\"TOP\">\n<p align=\"justify\"><a name=\"anoticias5\" id=\"5\"><span class=\"titulo\">SA&Iacute;DA      DE MENOR DA CRUZ VERMELHA<\/span><\/a><\/p>\n<p>     <span class=\"texto\">Peterson William Bueno de Oliveira, do Conv&ecirc;nio      UFMG\/Cruz Vermelha, completou 18 anos no dia 19 de agosto, ocorrendo      ent&atilde;o, o seu desligamento do CECOM. Peterson entrou para o CECOM      em abril de 2008, lotado na Divis&atilde;o de Apoio Administrativo (DAA).<\/span><\/p>\n<p align=\"center\"><span class=\"texto\"><img loading=\"lazy\" decoding=\"async\" src=\"https:\/\/www.ufmg.br\/dti\/wp-content\/uploads\/fotos\/20_08_09\/peterson.jpg\" width=\"500\" height=\"375\"><br \/>     <\/span><span class=\"textopeq\"><em>Peterson de Oliveira<\/em><\/span><span class=\"texto\"><\/p>\n<p>     <\/span><\/p>\n<p>&nbsp; <\/p>\n<p align=\"justify\"><span class=\"texto\"> <\/span><span class=\"texto\"> <\/span><\/p>\n<p>    <span class=\"texto\">     <\/p>\n<p>    <\/span><\/td>\n<\/tr>\n<p>  <!-- #EndEditable -->  <\/table>\n<p> <!-- fim noticias --><\/div>\n<p><a name='informativo'><\/a><\/p>\n<h4>Informativo<\/h4>\n<div class=\"centro-sistematico\">  <!-- noticias --> <a><\/a>  <\/p>\n<table border=\"0\" cellspacing=\"0\" cellpadding=\"0\">\n<tr>\n<td><\/td>\n<td><\/td>\n<\/tr>\n<tr>\n<td align=\"LEFT\" valign=\"TOP\"><\/td>\n<td align=\"LEFT\" valign=\"TOP\">\n<p align=\"justify\"><span class=\"texto\"><a name=\"ainformativo1\" id=\"1\"><span class=\"titulo\">DICAS      DE SITES INTERESSANTES<\/span><\/a><\/span><\/p>\n<p align=\"justify\" class=\"texto\">     Adyrus, o ca&ccedil;ador de sites, enviou as seguintes dicas:<\/p>\n<p>     &#8211; D&ecirc; boas gargalhadas com o terr&iacute;vel menestral do Brasil      Juca Chaves, no endere&ccedil;o <a href=\"http:\/\/jucachaves.uol.com.br\/\" target=\"_blank\">http:\/\/jucachaves.uol.com.br\/<\/a>.      O blog dele &eacute; sensacional.<\/p>\n<p>     &#8211; Para quem gosta de estilos diferentes e quer criar sua pr&oacute;pria      moda em roupas, acess&oacute;rios e cabelos, o site Polyvore.com (<a href=\"http:\/\/www.polyvore.com\/cgi\/app\" target=\"_blank\">http:\/\/www.polyvore.com\/cgi\/app<\/a>)      vai dar uma ajuda.<\/p>\n<p>     &#8211; Para as pessoas que querem fazer uma dieta saud&aacute;vel, o programa      Globo Rep&oacute;rter tem uma &oacute;tima dica usando linha&ccedil;a      para dieta. Veja em <a href=\"http:\/\/g1.globo.com\/globoreporter\/0,,MUL1267731-16619,00-LINHACA+COMBATE+O+EFEITO+SANFONA.html\">http:\/\/g1.globo.com\/globo      reporter\/0,,MUL1267731-16619,00-LINHACA+COMBATE+O+EFEITO+SANFONA.html<\/a>.<\/p>\n<p>     &#8211; O FiqueSabendo &eacute; uma mobiliza&ccedil;&atilde;o de incentivo      ao teste de Aids e tem como objetivo conscientizar a popula&ccedil;&atilde;o      sobre a import&acirc;ncia da realiza&ccedil;&atilde;o do exame. Artistas      e formadores de opini&atilde;o j&aacute; est&atilde;o se envolvendo      para incentivar a popula&ccedil;&atilde;o a fazer o teste e diminuir      cada vez mais o preconceito em rela&ccedil;&atilde;o ao HIV\/Aids. Fazer      o teste de Aids &eacute; uma atitude que mostra como voc&ecirc; se preocupa      com a sua sa&uacute;de. Visite o endere&ccedil;o <a href=\"http:\/\/www.aids.gov.br\/fiquesabendo\/\" target=\"_blank\">http:\/\/www.aids.gov.br\/fiquesabendo\/<\/a>.      Site principal para outras consultas: <a href=\"http:\/\/www.aids.gov.br\/\" target=\"_blank\">http:\/\/www.aids.gov.br\/<\/a>.<\/p>\n<p>     &#8211; Algu&eacute;m procura o livro que voc&ecirc; tem. Algu&eacute;m tem      o livro que voc&ecirc; procura. Com esta filosofia, sites oferecem ferramentas      que facilitam a troca de livros entre internautas. Conhe&ccedil;a alguns      deles e saiba como O Livreiro, em <a href=\"http:\/\/conhecaolivreiro.com.br\/\" target=\"_blank\">http:\/\/conhecaolivreiro.com.br\/<\/a>,      tamb&eacute;m pode te ajudar nessa.<\/p>\n<p>     &#8211; Woodstocklivro: &ldquo;Havia a m&uacute;sica. A ideia de rejeitar      o resto do mundo e viver de maneira natural. Havia a cultura das drogas.      A posi&ccedil;&atilde;o contra o governo, especificamente sua pol&iacute;tica      para o Vietn&atilde;. E tudo se agrupou naquele momento. &Eacute; interessante      que chamem de Na&ccedil;&atilde;o Woodstock porque era isso que todos      queriam &#8211; estar separados, ter sua pr&oacute;pria comunidade. E por      tr&ecirc;s dias todos a tiveram. Quando olho para a segunda metade dos      anos 1960, percebo que foi o &uacute;nico per&iacute;odo em que ouvi      falar a s&eacute;rio sobre o amor como uma for&ccedil;a para combater      a ambi&ccedil;&atilde;o, o &oacute;dio e a viol&ecirc;ncia.&rdquo; Veja      em <a href=\"http:\/\/www.woodstockolivro.com.br\" target=\"_blank\">http:\/\/www.woodstockolivro.com.br<\/a>\/.<\/p>\n<p>     &#8211; Agora voc&ecirc; pode aproveitar todas as vantagens do Google Docs,      sem precisar abrir qualquer p&aacute;gina do seu navegador. OffiSync      &eacute; um plugin para Office que ir&aacute; comunicar com os servidores      do Google e sincronizar seus documentos com um clique. Enquanto voc&ecirc;      trabalha em seus documentos, o programa permite que sua equipe compartilhe      o mesmo arquivo, trazendo maior dinamismo para projetos. Os seus arquivos      ser&atilde;o armazenados online, assim voc&ecirc; pode acess&aacute;-los      de qualquer lugar, desde que esteja conectado na internet. Visite <a href=\"http:\/\/docs.google.com\" target=\"_blank\">http:\/\/docs.google.com<\/a>      e <a href=\"http:\/\/superdownloads.uol.com.br\/download\/30\/offisync\" target=\"_blank\">http:\/\/superdownloads.      uol.com.br\/download\/30\/offisync<\/a>.<\/p>\n<p>     &#8211; Todos os pacientes que tiveram indica&ccedil;&atilde;o para o uso      do rem&eacute;dio para tratamento da nova gripe no Paran&aacute; foram      atendidos. At&eacute; o dia 11 de agosto, no Paran&aacute; foram recebidos      83.110 tratamentos, sendo 53.210 para adultos e 29.900 para crian&ccedil;as.      Al&eacute;m disso, estimativas da Secretaria de Estado da Sa&uacute;de      mostram que 98% dos pacientes contaminados t&ecirc;m uma evolu&ccedil;&atilde;o      benigna, recuperando-se bem, em casa. Veja em <a href=\"http:\/\/www.novagripe.pr.gov.br\/gripe\/\" target=\"_blank\">http:\/\/www.novagripe.pr.gov.br\/gripe\/<\/a>.     <\/p>\n<p align=\"center\" class=\"texto\">&nbsp;<\/p>\n<p align=\"center\"><span class=\"texto\"><\/span><span class=\"texto\"><br \/>     <\/span>    <\/p>\n<\/td>\n<\/tr>\n<p>  <!-- #BeginEditable \"materias\" --> <!-- #EndEditable -->  <\/table>\n<table border=\"0\" cellpadding=\"0\" cellspacing=\"0\" bgcolor=\"#FFFFFF\">\n<tr>\n<td width=\"12\" align=\"LEFT\" valign=\"TOP\"><\/td>\n<td width=\"538\" align=\"LEFT\" valign=\"TOP\">\n<p align=\"left\"><span class=\"texto\"><a name=\"ainformativo2\" id=\"2\"><span class=\"titulo\">INSCRI&Ccedil;&Atilde;O      DE CHAPAS PARA REITORIA COME&Ccedil;A NA PR&Oacute;XIMA SEGUNDA-FEIRA<\/span><\/a><\/span><span class=\"texto\">Os      candidatos aos cargos de reitor e vice-reitor da UFMG para o mandato      2010-2014 devem inscrever suas chapas de 24 a 28 de agosto, e a consulta      &agrave; comunidade universit&aacute;ria ser&aacute; realizada nos dias      28 e 29 de outubro. As datas e as normas que regulamentam o processo      de consulta foram aprovadas pelo Conselho Universit&aacute;rio em 11      de agosto.<\/p>\n<p>     Instalada no dia 14 de agosto, pelo reitor Ronaldo Pena, a Comiss&atilde;o      Eleitoral deve operacionalizar o processo de consulta &agrave; comunidade      universit&aacute;ria que dar&aacute; subs&iacute;dios ao Col&eacute;gio      Eleitoral para a elabora&ccedil;&atilde;o de lista tr&iacute;plice.      <\/p>\n<p>     A Comiss&atilde;o &eacute; presidida pelo professor Lucas Bretas.<\/p>\n<p>     (Fonte: <a href=\"http:\/\/www.ufmg.br\/online\/arquivos\/012806.shtml\" target=\"_blank\">http:\/\/www.ufmg.br\/online\/arquivos\/012806.shtml<\/a>      &#8211; 20\/08\/2009)<\/span><\/p>\n<p align=\"center\" class=\"texto\">&nbsp;<\/p>\n<p align=\"center\"><span class=\"texto\"><\/span><span class=\"texto\"><br \/>     <\/span>    <\/p>\n<\/td>\n<\/tr>\n<tr>\n<td align=\"LEFT\" valign=\"TOP\"><\/td>\n<td align=\"LEFT\" valign=\"TOP\">\n<p align=\"justify\"><span class=\"texto\"><a name=\"ainformativo3\" id=\"3\"><span class=\"titulo\">ENTRADA      E SA&Iacute;DA DO ESTACIONAMENTO DA PRA&Ccedil;A DE SERVI&Ccedil;OS      SER&Atilde;O ALTERADAS EM FUN&Ccedil;&Atilde;O DAS OBRAS DA COPASA<\/span><\/a><\/span><\/p>\n<p align=\"justify\"><span class=\"texto\">A partir de hoje, as obras da Copasa      no campus Pampulha ir&atilde;o alterar provisoriamente o local de entrada      e sa&iacute;da do estacionamento da Pra&ccedil;a de Servi&ccedil;os,      na rua Professor Eduardo Frieiro. O Departamento de Manuten&ccedil;&atilde;o      e Opera&ccedil;&atilde;o da Infraestrutura da UFMG (Demai) sugere que,      para evitar transtornos, a comunidade acad&ecirc;mica evite a utiliza&ccedil;&atilde;o      do referido estacionamento durante a interven&ccedil;&atilde;o.<\/p>\n<p>     As obras da Copasa se encontram em sua segunda fase. Durante a primeira      fase, a rede de coleta de esgotos do campus Pampulha foi reformada.      Foram instalados interceptores para recolher todo o esgoto produzido      pelas unidades da UFMG e encaminha-lo para uma esta&ccedil;&atilde;o      de tratamento. Na fase atual, est&atilde;o sendo constru&iacute;das      as interliga&ccedil;&otilde;es necess&aacute;rias que v&atilde;o adequar      o novo sistema de coleta do campus Pampulha.<\/p>\n<p>     (Fonte: <a href=\"http:\/\/www.ufmg.br\/online\/arquivos\/012785.shtml\" target=\"_blank\">http:\/\/www.ufmg.br\/online\/arquivos\/012785.shtml<\/a>      &#8211; 19\/08\/2009)<br \/>     <\/span><\/p>\n<p align=\"center\"><span class=\"texto\"><\/span><span class=\"texto\"><br \/>     <\/span>    <\/p>\n<\/td>\n<\/tr>\n<tr>\n<td align=\"LEFT\" valign=\"TOP\"><\/td>\n<td align=\"LEFT\" valign=\"TOP\">\n<p align=\"justify\"><span class=\"texto\"><a name=\"ainformativo4\" id=\"4\"><span class=\"titulo\">      CURSOS DE L&Iacute;NGUAS RECEBEM INSCRI&Ccedil;&Otilde;ES AT&Eacute;      O DIA 21<\/span><\/a><\/span><\/p>\n<p align=\"justify\"><span class=\"texto\">At&eacute; 21 de agosto estar&atilde;o      abertas as inscri&ccedil;&otilde;es para os cursos de ingl&ecirc;s,      franc&ecirc;s e espanhol oferecidos pelo Centro Acad&ecirc;mico de Ci&ecirc;ncias      Sociais (Cacs). <\/p>\n<p>     Para se inscrever, &eacute; necess&aacute;rio ter v&iacute;nculo com      a UFMG, como aluno, ex-aluno de gradua&ccedil;&atilde;o ou de p&oacute;s,      de disciplinas isoladas, do Col&eacute;gio T&eacute;cnico, ou funcion&aacute;rio      da Universidade.<\/p>\n<p>     Segundo os organizadores, o investimento semestral &eacute; inferior      ao valor do mercado e pode ser dividido em at&eacute; quatro vezes.      Carentes da Funda&ccedil;&atilde;o Universit&aacute;ria Mendes Pimentel      (Fump) t&ecirc;m benef&iacute;cios especiais. <\/p>\n<p>     As aulas ocorrem na Fafich e cada semestre tem a carga hor&aacute;ria      de 60 horas, divididas em quatro horas semanais. Os cursos seguem a      abordagem comunicativa com enfoque nas quatro habilidades (escuta, fala,      leitura e escrita) e &ecirc;nfase na fala. <\/p>\n<p>     Candidatos que possuem conhecimento das l&iacute;nguas e desejam entrar      em n&iacute;veis mais altos, podem fazer teste de nivelamento. <\/p>\n<p>     Outras informa&ccedil;&otilde;es pelo telefone 3441-4603 ou no site      do Projeto de Ensino de L&iacute;nguas Estrangeiras do CACS. <\/p>\n<p>     (Fonte: <a href=\"http:\/\/www.ufmg.br\/online\/arquivos\/012682.shtml\" target=\"_blank\">http:\/\/www.ufmg.br\/online\/arquivos\/012682.shtml<\/a>      &#8211; 19\/08\/2009)<br \/>     <\/span><\/p>\n<p align=\"center\"><span class=\"texto\"><\/span><span class=\"texto\"><br \/>     <\/span>    <\/p>\n<\/td>\n<\/tr>\n<p>  <!-- #BeginEditable \"materias\" --> <!-- #EndEditable -->  <\/table>\n<table border=\"0\" cellpadding=\"0\" cellspacing=\"0\">\n<tr>\n<td align=\"LEFT\" valign=\"TOP\">&nbsp;<\/td>\n<td align=\"LEFT\" valign=\"TOP\">&nbsp;<\/td>\n<\/tr>\n<p>  <!-- #BeginEditable \"materias\" --> <!-- #EndEditable -->  <\/table>\n<table border=\"0\" cellspacing=\"0\" cellpadding=\"0\" class=\"cinza\">\n<tr>\n<td><img loading=\"lazy\" decoding=\"async\" src=\"https:\/\/www.ufmg.br\/dti\/wp-content\/uploads\/imgs\/tudo_pixel.gif\" width=\"1\" height=\"1\" alt=\"\" border=\"0\"><\/td>\n<td><img loading=\"lazy\" decoding=\"async\" src=\"https:\/\/www.ufmg.br\/dti\/wp-content\/uploads\/imgs\/tudo_pixel.gif\" width=\"19\" height=\"1\" alt=\"\" border=\"0\"><\/td>\n<td><img loading=\"lazy\" decoding=\"async\" src=\"https:\/\/www.ufmg.br\/dti\/wp-content\/uploads\/imgs\/tudo_pixel.gif\" width=\"510\" height=\"1\" alt=\"\" border=\"0\"><\/td>\n<td><img loading=\"lazy\" decoding=\"async\" src=\"https:\/\/www.ufmg.br\/dti\/wp-content\/uploads\/imgs\/tudo_pixel.gif\" width=\"19\" height=\"1\" alt=\"\" border=\"0\"><\/td>\n<td><img loading=\"lazy\" decoding=\"async\" src=\"https:\/\/www.ufmg.br\/dti\/wp-content\/uploads\/imgs\/tudo_pixel.gif\" width=\"1\" height=\"1\" alt=\"\" border=\"0\"><\/td>\n<\/tr>\n<tr>\n<td class=\"vermelho\" colspan=\"5\"><img loading=\"lazy\" decoding=\"async\" src=\"https:\/\/www.ufmg.br\/dti\/wp-content\/uploads\/imgs\/tudo_pixel.gif\" width=\"1\" height=\"1\" alt=\"\" border=\"0\"><\/td>\n<\/tr>\n<tr>\n<td class=\"vermelho\"><img loading=\"lazy\" decoding=\"async\" src=\"https:\/\/www.ufmg.br\/dti\/wp-content\/uploads\/imgs\/tudo_pixel.gif\" width=\"1\" height=\"1\" alt=\"\" border=\"0\"><\/td>\n<td><img loading=\"lazy\" decoding=\"async\" src=\"https:\/\/www.ufmg.br\/dti\/wp-content\/uploads\/imgs\/tudo_pixel.gif\" width=\"1\" height=\"1\" alt=\"\" border=\"0\"><\/td>\n<td align=\"LEFT\" valign=\"TOP\"><!-- #BeginEditable \"ha%2020%20anos\" -->     <\/p>\n<div align=\"justify\">\n<p><a name=\"ainformativo5\" id=\"5\"><img loading=\"lazy\" decoding=\"async\" src=\"https:\/\/www.ufmg.br\/dti\/wp-content\/uploads\/imgs\/tudo_pixel.gif\" width=\"1\" height=\"8\" alt=\"\" border=\"0\"><br \/>      <span class=\"titulo\">H\u00e1 20 anos&#8230;<\/span><\/a><\/p>\n<p>      <span class=\"texto\">O Sistem&aacute;tico Ano XIII, n&ordm; 31, de       17\/08\/19889, publicou not&iacute;cias sobre quest&otilde;es da Comiss&atilde;o       de Administra&ccedil;&atilde;o de Dados, Avalia&ccedil;&atilde;o de       Dados, liga&ccedil;&atilde;o da FaE &agrave; rede de TP, contrata&ccedil;&atilde;o       do bolsista Paulo S&eacute;rgio Moura Brandi, paradas do A10, entre       outras. As not&iacute;cias que se destacaram foram:<\/span><span class=\"texto\"><strong><\/p>\n<p>      <\/strong><strong>SISTEMA ACAD&Ecirc;MICO ONLINE<br \/>      <\/strong><font face=\"1\"> A Divis&atilde;o de Sistemas Acad&ecirc;micos       liberou o m&oacute;dulo EGC &#8211; Ensino Gradua&ccedil;&atilde;o Curr&iacute;culo       para que os usu&aacute;rios (Pr&oacute;-Reitoria de Gradua&ccedil;&atilde;o       e DRCA) possam fazer a homologa&ccedil;&atilde;o. E, ontem, teve in&iacute;cio       a constru&ccedil;&atilde;o do m&oacute;dulo EGA &#8211; Ensino Gradua&ccedil;&atilde;o       Alunos.<\/font><\/span><\/p>\n<p>      <span class=\"texto\"><strong>FaE LIGADA &Agrave; REDE DE TP<br \/>      <\/strong><font face=\"1\"> Hoje, mais uma unidade acad&ecirc;mica foi       ligada &agrave; rede de teleprocessamento da UFMG. A Faculdade de       Educa&ccedil;&atilde;o agora pode utilizar os servi&ccedil;os de impress&atilde;o       de hist&oacute;ricos online e do Correio Eletr&ocirc;nico Hermes.<\/font><\/span><\/p>\n<p><span class=\"texto\"><\/p>\n<p>      <font face=\"1\"> <\/p>\n<p>      <\/font><\/span><\/p>\n<\/p><\/div>\n<div align=\"justify\">\n<p><span class=\"texto\"><\/span><\/p>\n<\/p><\/div>\n<p>    <!-- #EndEditable --><br \/> <img loading=\"lazy\" decoding=\"async\" src=\"https:\/\/www.ufmg.br\/dti\/wp-content\/uploads\/imgs\/tudo_pixel.gif\" width=\"1\" height=\"8\" alt=\"\" border=\"0\"><\/td>\n<td><img loading=\"lazy\" decoding=\"async\" src=\"https:\/\/www.ufmg.br\/dti\/wp-content\/uploads\/imgs\/tudo_pixel.gif\" width=\"1\" height=\"1\" alt=\"\" border=\"0\"><\/td>\n<td class=\"vermelho\"><img loading=\"lazy\" decoding=\"async\" src=\"https:\/\/www.ufmg.br\/dti\/wp-content\/uploads\/imgs\/tudo_pixel.gif\" width=\"1\" height=\"1\" alt=\"\" border=\"0\"><\/td>\n<\/tr>\n<tr>\n<td class=\"vermelho\" colspan=\"5\"><img loading=\"lazy\" decoding=\"async\" src=\"https:\/\/www.ufmg.br\/dti\/wp-content\/uploads\/imgs\/tudo_pixel.gif\" width=\"1\" height=\"1\" alt=\"\" border=\"0\"><\/td>\n<\/tr>\n<\/table>\n<p> <!-- fim tabela ha 20 anos --><\/div>\n<p><a name='eventos'><\/a><\/p>\n<h4>Eventos<\/h4>\n<div class=\"centro-sistematico\">  <!-- noticias --> <\/p>\n<table border=\"0\" cellspacing=\"0\" cellpadding=\"0\">\n<tr>\n<td><\/td>\n<td><\/td>\n<\/tr>\n<tr>\n<td align=\"LEFT\" valign=\"TOP\"><\/td>\n<td align=\"LEFT\" valign=\"TOP\">\n<p><a name=\"aeventos1\" id=\"1\"><span class=\"titulo\">SOCIAIS<\/span><\/a><\/p>\n<p align=\"justify\"><span class=\"texto\"><strong>ANIVERS&Aacute;RIOS: <\/strong><em>&quot;O      Sistem&aacute;tico&rdquo; envia os parab&eacute;ns para os ex-ceconianos:      Jos&eacute; Bernardino Reis, no dia 20; Eduardo Henrique Lima e Z&eacute;lia      Miranda Kiliminik, no dia 21; Tarc&iacute;sio Ant&ocirc;nio Lopes, no      dia 22; Paulo Maia da Costa Ribeiro, no dia 23; Luciano de Errico e      Carlos Alberto Barbosa Fran&ccedil;a, no dia 24; Yolanda Vieira de Castro,      no dia 25; e prof. N&iacute;vio Ziviani, no dia 27.<\/em><\/span><\/p>\n<p><span class=\"texto\"><\/span><\/p>\n<p align=\"justify\">&nbsp; <\/p>\n<p>    <span class=\"texto\"><\/span><\/td>\n<\/tr>\n<tr>\n<td align=\"LEFT\" valign=\"TOP\"><\/td>\n<td align=\"LEFT\" valign=\"TOP\">\n<p><a name=\"aeventos2\" id=\"2\"><span class=\"titulo\">MEM&Oacute;RIA      FOTOGR&Aacute;FICA DO CECOM<\/span><\/a><\/p>\n<p align=\"justify\" class=\"texto\">No dia 19 de agosto\/2009, foi organizada      uma despedida e comemora&ccedil;&atilde;o do anivers&aacute;rio de Peterson      William Bueno de Oliveira, do Conv&ecirc;nio UFMG\/Cruz Vermelha. Muito      t&iacute;mido, Peterson soprou a vela e recebeu os parab&eacute;ns dos      seus colegas. As fotos s&atilde;o de autoria de Gabriel Pinheiro. <\/p>\n<p align=\"center\" class=\"texto\"><img loading=\"lazy\" decoding=\"async\" src=\"https:\/\/www.ufmg.br\/dti\/wp-content\/uploads\/fotos\/20_08_09\/SDC10284.jpg\" width=\"500\" height=\"375\"><br \/>     <span class=\"textopeq\"><em>A surpresa do Peterson<\/em><\/span><\/p>\n<p align=\"center\" class=\"texto\"><img loading=\"lazy\" decoding=\"async\" src=\"https:\/\/www.ufmg.br\/dti\/wp-content\/uploads\/fotos\/20_08_09\/SDC10289.jpg\" width=\"500\" height=\"375\"><br \/>     <span class=\"textopeq\"><em>Peterson soprando a vela, vendo-se Frota,      Eug&ecirc;nio e Rosa<\/em><\/span><\/p>\n<p align=\"center\" class=\"texto\"><img loading=\"lazy\" decoding=\"async\" src=\"https:\/\/www.ufmg.br\/dti\/wp-content\/uploads\/fotos\/20_08_09\/SDC10287.jpg\" width=\"500\" height=\"375\"><br \/>     <span class=\"textopeq\"><em>O Parab&eacute;ns pr&aacute; voc&ecirc; com      Rosa, Eug&ecirc;nio, Ana Paula e M&aacute;rcia Lemos<\/em><\/span><\/p>\n<p align=\"center\" class=\"texto\"><img loading=\"lazy\" decoding=\"async\" src=\"https:\/\/www.ufmg.br\/dti\/wp-content\/uploads\/fotos\/20_08_09\/SDC10298.jpg\" width=\"500\" height=\"375\"><br \/>     <span class=\"textopeq\"><em>Lel&eacute;, Michele, Beth, Ana Paula, Rosa      e M&aacute;rcia Lemos<\/em><\/span><\/p>\n<p align=\"center\" class=\"texto\"><img loading=\"lazy\" decoding=\"async\" src=\"https:\/\/www.ufmg.br\/dti\/wp-content\/uploads\/fotos\/20_08_09\/SDC10306.jpg\" width=\"500\" height=\"375\"><br \/>     <span class=\"textopeq\"><em>Peterson, Frota, Lel&eacute;, Michele, M&aacute;rcio      Viana, Beth, Ana Paula, Rosa e M&aacute;rcia Lemos<\/em><\/span><\/p>\n<p align=\"center\" class=\"texto\"><img loading=\"lazy\" decoding=\"async\" src=\"https:\/\/www.ufmg.br\/dti\/wp-content\/uploads\/fotos\/20_08_09\/SDC10313.jpg\" width=\"500\" height=\"375\"><br \/>     <span class=\"textopeq\"><em>M&aacute;rcia Lemos e N&eacute;lia<\/em><\/span><\/p>\n<p align=\"center\">&nbsp;<\/p>\n<p align=\"center\">&nbsp;<\/p>\n<p><span class=\"texto\"><\/span><\/p>\n<p align=\"justify\">&nbsp; <\/p>\n<p>    <span class=\"texto\"><\/span><\/td>\n<\/tr>\n<p>  <!-- #BeginEditable \"materias\" --> <!-- #EndEditable -->  <\/table>\n<p> <!-- fim noticias --><\/div>\n","protected":false},"excerpt":{"rendered":"<p>Not\u00edcias ENGENHARIA NO CAMPUS: AVAN&Ccedil;A MIGRA&Ccedil;&Atilde;O DE RAMAIS TELEF&Ocirc;NICOS CECOM PARTICIPA DA RECEP&Ccedil;&Atilde;O DE CALOUROS QU&Iacute;MICA E DCF S&Atilde;O OS CAMPE&Otilde;ES DE ECONOMIA EM DDD NO M&Ecirc;S CECOM REALIZA PREG&Atilde;O DE SERVI&Ccedil;OS TELEF&Ocirc;NICOS SA&Iacute;DA DE MENOR DA CRUZ VERMELHA Informativo DICAS DE SITES INTERESSANTES INSCRI&Ccedil;&Atilde;O DE CHAPAS PARA REITORIA COME&Ccedil;A NA PR&Oacute;XIMA SEGUNDA-FEIRA ENTRADA E &#8230; <a title=\"Sistem\u00e1tico: Edi\u00e7\u00e3o 1437 &#8211; 20\/08\/2009\" class=\"read-more\" href=\"https:\/\/www.ufmg.br\/dti\/2009\/08\/20\/sistematico-edicao-1437-20082009\/\" aria-label=\"Read more about Sistem\u00e1tico: Edi\u00e7\u00e3o 1437 &#8211; 20\/08\/2009\">Ler mais<\/a><\/p>\n","protected":false},"author":3,"featured_media":0,"comment_status":"open","ping_status":"open","sticky":false,"template":"","format":"standard","meta":{"inline_featured_image":false,"footnotes":""},"categories":[13],"tags":[],"coauthors":[79],"class_list":["post-3016","post","type-post","status-publish","format-standard","hentry","category-sistematico"],"_links":{"self":[{"href":"https:\/\/www.ufmg.br\/dti\/wp-json\/wp\/v2\/posts\/3016","targetHints":{"allow":["GET"]}}],"collection":[{"href":"https:\/\/www.ufmg.br\/dti\/wp-json\/wp\/v2\/posts"}],"about":[{"href":"https:\/\/www.ufmg.br\/dti\/wp-json\/wp\/v2\/types\/post"}],"author":[{"embeddable":true,"href":"https:\/\/www.ufmg.br\/dti\/wp-json\/wp\/v2\/users\/3"}],"replies":[{"embeddable":true,"href":"https:\/\/www.ufmg.br\/dti\/wp-json\/wp\/v2\/comments?post=3016"}],"version-history":[{"count":0,"href":"https:\/\/www.ufmg.br\/dti\/wp-json\/wp\/v2\/posts\/3016\/revisions"}],"wp:attachment":[{"href":"https:\/\/www.ufmg.br\/dti\/wp-json\/wp\/v2\/media?parent=3016"}],"wp:term":[{"taxonomy":"category","embeddable":true,"href":"https:\/\/www.ufmg.br\/dti\/wp-json\/wp\/v2\/categories?post=3016"},{"taxonomy":"post_tag","embeddable":true,"href":"https:\/\/www.ufmg.br\/dti\/wp-json\/wp\/v2\/tags?post=3016"},{"taxonomy":"author","embeddable":true,"href":"https:\/\/www.ufmg.br\/dti\/wp-json\/wp\/v2\/coauthors?post=3016"}],"curies":[{"name":"wp","href":"https:\/\/api.w.org\/{rel}","templated":true}]}}