{"id":3017,"date":"2009-08-13T08:00:00","date_gmt":"2009-08-13T08:00:00","guid":{"rendered":"https:\/\/www.ufmg.br\/dti\/cecom\/?p=1192"},"modified":"2009-08-13T08:00:00","modified_gmt":"2009-08-13T08:00:00","slug":"sistematico-edicao-1436-13082009","status":"publish","type":"post","link":"https:\/\/www.ufmg.br\/dti\/2009\/08\/13\/sistematico-edicao-1436-13082009\/","title":{"rendered":"Sistem\u00e1tico: Edi\u00e7\u00e3o 1436 &#8211; 13\/08\/2009"},"content":{"rendered":"<ul>\n<li><a href=\"\/dti\/#noticias\">Not\u00edcias<\/a>\n<div class='submenuSistematico'>\n<ul>\n<li><a href=\"\/dti\/#anoticias1\" id=\"1\"><span class=\"titulo\">DI&Aacute;RIO     ENCERRA LAN&Ccedil;AMENTOS DE GRADUA&Ccedil;&Atilde;O COM RECORDe<\/span><\/a><\/li>\n<li><a href=\"\/dti\/#anoticias2\"><span class=\"titulo\">CAT&Aacute;LOGO     TELEF&Ocirc;NICO ORIENTA CONTATOS DA UNIVERSIDADE<\/span><\/a><\/li>\n<li><a href=\"\/dti\/#anoticias3\" id=\"3\"><span class=\"titulo\">NOVA      ESTAGI&Aacute;RIA DO CECOM<\/span><\/a><\/li>\n<\/ul>\n<\/div>\n<\/li>\n<li><a href=\"\/dti\/#informativo\">Informativo<\/a>\n<div class='submenuSistematico'>\n<ul>\n<li><a href=\"\/dti\/#ainformativo1\" id=\"1\"><span class=\"titulo\">DICAS      DE SITES INTERESSANTES<\/span><\/a><\/li>\n<li><a href=\"\/dti\/#ainformativo2\" id=\"2\"><span class=\"titulo\">ABERTAS      INSCRI&Ccedil;&Otilde;ES PARA VESTIBULAR 2010 DA UFMG<\/span><\/a><\/li>\n<li><a href=\"\/dti\/#ainformativo3\" id=\"3\"><span class=\"titulo\">UFMG      DEFINE A&Ccedil;&Otilde;ES DE PREVEN&Ccedil;&Atilde;O &Agrave; GRIPE      INFLUENZA H1N1<\/span><\/a><\/li>\n<li><a href=\"\/dti\/#ainformativo4\" id=\"4\"><span class=\"titulo\">FUMP      ALTERA LOGOMARCA NO SEU ANIVERS&Aacute;RIO DE 80 ANOS<\/span><\/a><\/li>\n<li><a href=\"\/dti\/#ainformativo5\" id=\"5\"><span class=\"titulo\">APRESENTA&Ccedil;&Atilde;O      MUSICAL ANTECIPA ABERTURA DA SEMANA DO ESTUDANTE<\/span><\/a><\/li>\n<li><a href=\"\/dti\/#ainformativo6\" id=\"6\"><img loading=\"lazy\" decoding=\"async\" src=\"https:\/\/www.ufmg.br\/dti\/wp-content\/uploads\/imgs\/tudo_pixel.gif\" width=\"1\" height=\"8\" alt=\"\" border=\"0\"><br \/>     <span class=\"titulo\">H\u00e1 20 anos&#8230;<\/span><\/a><\/li>\n<\/ul>\n<\/div>\n<\/li>\n<li><a href=\"\/dti\/#eventos\">Eventos<\/a>\n<div class='submenuSistematico'>\n<ul>\n<li><a href=\"\/dti\/#aeventos1\" id=\"1\"><span class=\"titulo\">SOCIAIS<\/span><\/a><\/li>\n<li><a href=\"\/dti\/#aeventos2\" id=\"2\"><span class=\"titulo\">MEM&Oacute;RIA      FOTOGR&Aacute;FICA DO CECOM<\/span><\/a><\/li>\n<\/ul>\n<\/div>\n<\/li>\n<\/ul>\n<p> <a name='noticias'><\/a><\/p>\n<h4>Not\u00edcias<\/h4>\n<div class=\"centro-sistematico\">  <!-- noticias --> <a><\/a>  <\/p>\n<table border=\"0\" cellspacing=\"0\" cellpadding=\"0\">\n<tr>\n<td><\/td>\n<td><\/td>\n<\/tr>\n<p>  <!-- #BeginEditable \"materias\" -->   <\/p>\n<tr>\n<td align=\"LEFT\" valign=\"TOP\"><\/td>\n<td align=\"LEFT\" valign=\"TOP\"> <a name=\"anoticias1\" id=\"1\"><span class=\"titulo\">DI&Aacute;RIO     ENCERRA LAN&Ccedil;AMENTOS DE GRADUA&Ccedil;&Atilde;O COM RECORDe<\/span><\/a>     <\/p>\n<p align=\"justify\"><span class=\"texto\"> No dia 07\/08\/2009 ocorreu o encerramento      dos lan&ccedil;amentos das turmas 2009\/1 de gradua&ccedil;&atilde;o      com um total de 4.332 turmas fechadas no Di&aacute;rio Eletr&ocirc;nico,      valor este que corresponde a 71% do total de turmas ofertadas no 1&ordm;      semestre de 2009. Recorde absoluto desde a implanta&ccedil;&atilde;o      do Di&aacute;rio Eletr&ocirc;nico. O semestre anterior, que at&eacute;      ent&atilde;o havia sido o semestre com maior utiliza&ccedil;&atilde;o      do Di&aacute;rio Eletr&ocirc;nico, teve 65% das turmas de gradua&ccedil;&atilde;o      fechadas no Di&aacute;rio. Estes n&uacute;meros mostram a grande utiliza&ccedil;&atilde;o      e aceita&ccedil;&atilde;o do aplicativo desenvolvido pelo CECOM. Na      pr&oacute;xima semana ser&atilde;o apresentadas as estat&iacute;sticas      por unidade.<\/p>\n<p>     Para as turmas de p&oacute;s-gradua&ccedil;&atilde;o est&atilde;o dispon&iacute;veis      para lan&ccedil;amentos tanto as turmas 2009\/1 quanto as 2009\/2. O fechamento      das turmas 2009\/1 est&aacute; em 39%, continua em crescimento e j&aacute;      supera o semestre anterior que teve 36%. A data de encerramento das      turmas de p&oacute;s 2009\/1 no Di&aacute;rio Eletr&ocirc;nico ainda      ser&aacute; definido pelo DRCA.<\/p>\n<p>     A equipe envolvida nas manuten&ccedil;&otilde;es e desenvolvimento do      sistema &eacute; formada por Diogo Freitas Duarte Magalh&atilde;es,      Thiago Tadeu Rodrigues Moreira e Pedro Henrique Begalli Rezende e, no      suporte, Emerson Henrique Kfuri Pereira e M&aacute;rcio da Costa Viana.<\/span>    <\/p>\n<p align=\"center\"><img loading=\"lazy\" decoding=\"async\" src=\"https:\/\/www.ufmg.br\/dti\/wp-content\/uploads\/fotos\/13_08_09\/tabela2009.gif\" width=\"500\" height=\"195\"><\/p>\n<p align=\"center\"><img loading=\"lazy\" decoding=\"async\" src=\"https:\/\/www.ufmg.br\/dti\/wp-content\/uploads\/fotos\/13_08_09\/tabela2008.gif\" width=\"500\" height=\"195\"><\/p>\n<p>    <span class=\"texto\">     <\/p>\n<p align=\"justify\">\n<p>    <\/span><\/td>\n<\/tr>\n<tr>\n<td align=\"LEFT\" valign=\"TOP\"><\/td>\n<td align=\"LEFT\" valign=\"TOP\"> <a name=\"anoticias2\"><span class=\"titulo\">CAT&Aacute;LOGO     TELEF&Ocirc;NICO ORIENTA CONTATOS DA UNIVERSIDADE<\/span><\/a> <\/p>\n<p align=\"justify\"><span class=\"texto\">      Listada na primeira p&aacute;gina do s&iacute;tio internet da UFMG (www.ufmg.br),      a vers&atilde;o eletr&ocirc;nica do &ldquo;Cat&aacute;logo Telef&ocirc;nico&rdquo;      (<a href=\"http:\/\/www.ufmg.br\/catalogo\" target=\"_blank\">http:\/\/www.ufmg.br\/catalogo<\/a>)      da UFMG foi criada com o objetivo de diminuir a carga de servi&ccedil;o      das telefonistas e o n&uacute;mero de liga&ccedil;&otilde;es que os      ramais da UFMG recebem &agrave; procura de informa&ccedil;&otilde;es.<\/p>\n<p>     Neste momento em que Teatro Universit&aacute;rio e parte da Escola de      Engenharia est&atilde;o se mudando do centro da cidade para o Campus      Pampulha, o cat&aacute;logo est&aacute; sendo novamente revisto. As      pessoas que encontrarem erros ou omiss&otilde;es nas informa&ccedil;&otilde;es      de seu local de trabalho devem comunicar os problemas ao setor respons&aacute;vel      pelos contatos relacionados &agrave; telefonia em sua unidade ou &oacute;rg&atilde;o.      A atualiza&ccedil;&atilde;o das informa&ccedil;&otilde;es &eacute; feita      pela Divis&atilde;o de Redes de Comunica&ccedil;&atilde;o &#8211; DRC, em      resposta &agrave; solicita&ccedil;&otilde;es formais destes setores,      feitas pelos meios de contato utilizados para outros pedidos.<\/p>\n<p>     Ainda na p&aacute;gina da UFMG, dentro do campo Menu e abaixo do &ldquo;Cat&aacute;logo      Telef&ocirc;nico&rdquo;, est&atilde;o listados tamb&eacute;m as &ldquo;Unidades\/&Oacute;rg&atilde;os&rdquo;,      que leva at&eacute; algumas listas com os contatos principais das unidades      acad&ecirc;micas e seus departamentos, &oacute;rg&atilde;os da administra&ccedil;&atilde;o      e funda&ccedil;&otilde;es. Na &uacute;ltima linha do Menu, o &ldquo;Fale      Conosco&rdquo; traz respostas r&aacute;pidas para as principais d&uacute;vidas      do p&uacute;blico em geral com rela&ccedil;&atilde;o &agrave; UFMG.<\/span><\/p>\n<p align=\"center\">&nbsp;<\/p>\n<p>    <span class=\"texto\">     <\/p>\n<p>    <\/span><\/td>\n<\/tr>\n<tr>\n<td align=\"LEFT\" valign=\"TOP\"><\/td>\n<td align=\"LEFT\" valign=\"TOP\">\n<p align=\"justify\"><a name=\"anoticias3\" id=\"3\"><span class=\"titulo\">NOVA      ESTAGI&Aacute;RIA DO CECOM<\/span><\/a><br \/>     <span class=\"texto\"><br \/>     Com a sa&iacute;da de Lucas Marcel Fernandes Goulart do quadro de estagi&aacute;rios,      o CECOM contratou para ocupar a vaga Ge&iacute;sa Pereira de Souza,      aluna do curso de Administra&ccedil;&atilde;o.<\/p>\n<p>     Ge&iacute;sa iniciou o est&aacute;gio no dia 05\/08\/2009, lotada na Divis&atilde;o      de Apoio Administrativo (DAA), onde participar&aacute; de servi&ccedil;os      relacionados &agrave;s licita&ccedil;&otilde;es, contratos preparados      pela divis&atilde;o, permiss&atilde;o de uso e contratos com fornecedores.<\/span><\/p>\n<p align=\"center\"><span class=\"texto\"><img loading=\"lazy\" decoding=\"async\" src=\"https:\/\/www.ufmg.br\/dti\/wp-content\/uploads\/fotos\/13_08_09\/geisa.jpg\" width=\"500\" height=\"345\"><br \/>     <\/span><span class=\"textopeq\"><em>Ge&iacute;sa de Souza<\/em><\/span><span class=\"texto\"><br \/>     <\/span><\/p>\n<p>&nbsp; <\/p>\n<p align=\"justify\"><span class=\"texto\"> <\/span><span class=\"texto\"> <\/span><\/p>\n<p>    <span class=\"texto\">     <\/p>\n<p>    <\/span><\/td>\n<\/tr>\n<p>  <!-- #EndEditable -->  <\/table>\n<p> <!-- fim noticias --><\/div>\n<p><a name='informativo'><\/a><\/p>\n<h4>Informativo<\/h4>\n<div class=\"centro-sistematico\">  <!-- noticias --> <a><\/a>  <\/p>\n<table border=\"0\" cellspacing=\"0\" cellpadding=\"0\">\n<tr>\n<td><\/td>\n<td><\/td>\n<\/tr>\n<tr>\n<td align=\"LEFT\" valign=\"TOP\"><\/td>\n<td align=\"LEFT\" valign=\"TOP\">\n<p align=\"justify\"><span class=\"texto\"><a name=\"ainformativo1\" id=\"1\"><span class=\"titulo\">DICAS      DE SITES INTERESSANTES<\/span><\/a><\/span><\/p>\n<p align=\"justify\" class=\"texto\">     Na aus&ecirc;ncia do Adyrus, o ca&ccedil;ador de sites, o substituto      desta semana &eacute; Gabriel Pinheiro, da DAA, que indicou os seguintes      sites:<\/p>\n<p>     &#8211; Essa &eacute; pra quem gosta de futebol. Que tal um blog com an&aacute;lises      t&aacute;ticas sobre futebol? Nele voc&ecirc; encontra v&iacute;deos      e desenhos dos times que disputam os campeonatos Brasileiro, Italiano,      Espanhol, Alem&atilde;o e Ingl&ecirc;s, al&eacute;m da Copa dos Campe&otilde;es      da Europa (UEFA Champions League), Liga Europa (Europa League, antiga      Copa da UEFA), Copa Libertadores, Copa Sulamericana e Copa do Brasil.      Acompanhe, tamb&eacute;m, os desenhos t&aacute;ticos das sele&ccedil;&otilde;es      nacionais. Veja em <a href=\"http:\/\/esquemastaticos.blogspot.com\/\" target=\"_blank\">http:\/\/esquemastaticos.blogspot.com\/<\/a>.<\/p>\n<p>     &#8211; Para voc&ecirc; que gosta de cinema. Confira Os melhores filmes de      todos os tempos, votados pelos usu&aacute;rios. Cadastre-se e fa&ccedil;a      suas pr&oacute;prias listas. Visite o site no endere&ccedil;o <a href=\"http:\/\/melhoresfilmes.com.br\/\" target=\"_blank\">http:\/\/melhoresfilmes.com.br\/<\/a>.<\/p>\n<p>     &#8211; Japanese Translator &eacute; uma ferramenta para tradu&ccedil;&atilde;o      de nomes para Japon&ecirc;s. Um servi&ccedil;o online que traduz o seu      nome para os ideogramas katakana e cria uma imagem com a escrita para      voc&ecirc; copiar. O site ainda exibe a pron&uacute;ncia correta do      nome e desenha uma imagem com v&aacute;rias caligrafias diferentes (tradicional,      caligr&aacute;fica, arcaico, mang&aacute;s e moderna) para que voc&ecirc;      salvar e usar onde voc&ecirc; quiser. Veja em:<a href=\"http:\/\/www.japanese translator.couk\/your-name-in-japanese\/\" target=\"_blank\">      http:\/\/www.japanese translator.couk\/your-name-in-japanese\/<\/a> (site      em ingl&ecirc;s)<\/p>\n<p>     &#8211; Mais uma de futebol. Seu time anda bem ou anda mal no campeonato brasileiro?      Quer saber as probabilidades de at&eacute; onde ele pode chegar? No      Departamento de Matem&aacute;tica da UFMG, os apaixonados por futebol      e matem&aacute;tica, fazem previs&otilde;es por meio de simula&ccedil;&otilde;es      computacionais dos principais campeonatos de futebol de pontos corridos      do Brasil. Seu principal objetivo &eacute; divulgar a matem&aacute;tica      por meio dos esportes n&atilde;o s&oacute; para os alunos dos cursos      de exatas mas para todos que possuem interesse em aprender mais sobre      ela. Veja em: <a href=\"http:\/\/www.mat.ufmg.br\/futebol\/\">http:\/\/www.mat.ufmg.br\/futebol\/<\/a>.<\/p>\n<p align=\"center\" class=\"texto\">&nbsp;<\/p>\n<p align=\"center\"><span class=\"texto\"><\/span><span class=\"texto\"><br \/>     <\/span>    <\/p>\n<\/td>\n<\/tr>\n<p>  <!-- #BeginEditable \"materias\" --> <!-- #EndEditable -->  <\/table>\n<p> <!-- fim noticias --> <!-- tabela ha 20 anos --> <\/p>\n<table border=\"0\" cellpadding=\"0\" cellspacing=\"0\" bgcolor=\"#FFFFFF\">\n<tr>\n<td align=\"LEFT\" valign=\"TOP\"><\/td>\n<td align=\"LEFT\" valign=\"TOP\">\n<p align=\"left\"><span class=\"texto\"><a name=\"ainformativo2\" id=\"2\"><span class=\"titulo\">ABERTAS      INSCRI&Ccedil;&Otilde;ES PARA VESTIBULAR 2010 DA UFMG<\/span><\/a><\/span><\/p>\n<p align=\"justify\"><span class=\"texto\"> Foi aberto, na quarta-feira, dia      12\/08, o per&iacute;odo de inscri&ccedil;&otilde;es ao concurso Vestibular      2010 da UFMG. O prazo encerra-se em 8 de setembro e o procedimento deve      ser feito exclusivamente pela internet, no site <a href=\"http:\/\/www.ufmg.br\/vestibular2010\" target=\"_blank\">www.ufmg.br\/vestibular2010<\/a>.      O valor da taxa de inscri&ccedil;&atilde;o &eacute; R$ 130. No mesmo      endere&ccedil;o, por meio do edital, est&atilde;o dispon&iacute;veis      informa&ccedil;&otilde;es sobre como efetuar a inscri&ccedil;&atilde;o<\/p>\n<p>     Ser&atilde;o oferecidas 6,6 mil vagas, distribu&iacute;das em 75 cursos      &#8211; o que representa aumento de 650 vagas em rela&ccedil;&atilde;o &agrave;s      oferecidas no concurso anterior. Do total de vagas, 240 ser&atilde;o      para o campus de Montes Claros, no Norte de Minas Gerais, e as demais      6.360, para Belo Horizonte. As provas da primeira etapa ser&atilde;o      aplicadas em 29 de novembro. A segunda etapa ocorrer&aacute; de 4 a      11 de janeiro de 2010.<\/p>\n<p>     S&oacute; poder&aacute; concorrer a uma das vagas o candidato que tiver      conclu&iacute;do ou se encontrar regularmente matriculado na 3&ordf;      s&eacute;rie do ensino m&eacute;dio, ou de curso equivalente. Quem n&atilde;o      se enquadrar nesse crit&eacute;rio, mas desejar, mesmo assim, participar      do concurso poder&aacute; se inscrever como treineiro. Nessa categoria,      o candidato n&atilde;o concorre a uma das vagas oferecidas pela Universidade.<\/p>\n<p>     Cursos novos &#8211; Para a edi&ccedil;&atilde;o 2010 do Vestibular, a UFMG      oferece dez novos cursos: antropologia; biomedicina; ci&ecirc;ncias      socioambientais; controladoria e finan&ccedil;as; dan&ccedil;a; engenharia      de sistemas; museologia; rela&ccedil;&otilde;es econ&ocirc;micas internacionais;      tecnologia em radiologia e diagn&oacute;stico por imagem; e qu&iacute;mica      tecnol&oacute;gica.<\/p>\n<p>     Em alguns cursos j&aacute; existentes, o n&uacute;mero de vagas foi      ampliado, em rela&ccedil;&atilde;o ao concurso 2009. O de comunica&ccedil;&atilde;o      social ampliou a oferta de 100 para 120 vagas. O curso de farm&aacute;cia      passou de 132 para 212 vagas e filosofia de 45 para 85. O curso de geografia      tamb&eacute;m teve aumento: 40 vagas, totalizando oferta de 120 no Vestibular      UFMG 2010.<\/p>\n<p>     B&ocirc;nus &#8211; Ao se inscrever, o candidato que comprovar haver cursado      e ter sido aprovado nas quatro &uacute;ltimas s&eacute;ries do ensino      fundamental e todo o ensino m&eacute;dio em qualquer escola p&uacute;blica      do pa&iacute;s poder&aacute; optar por concorrer ao Programa de B&ocirc;nus      de 10% em sua nota final, em cada uma das etapas do concurso. Isso significa      que, &agrave; nota final do candidato, em cada etapa, ser&aacute; aplicado      um multiplicador de 1,10 (um v&iacute;rgula dez).<\/p>\n<p>     Al&eacute;m disso, o aluno de escola p&uacute;blica que se autodeclarar      pardo ou negro tamb&eacute;m poder&aacute; optar por concorrer pelo      Programa de B&ocirc;nus de 15%, em sua nota final, em cada uma das etapas      do concurso. Nesse caso, &agrave; nota final de cada etapa ser&aacute;      aplicado um multiplicador de 1,15 (um v&iacute;rgula quinze). O sistema      de b&ocirc;nus no processo seletivo da UFMG foi adotado, pela primeira      vez, no Vestibular 2009.<\/p>\n<p>     (Fonte: <a href=\"http:\/\/www.ufmg.br\/online\/arquivos\/012681.shtml\" target=\"_blank\">http:\/\/www.ufmg.br\/online\/arquivos\/012681.shtml<\/a>      &#8211; 12\/08\/2009)<\/span><\/p>\n<p align=\"center\" class=\"texto\">&nbsp;<\/p>\n<p align=\"center\"><span class=\"texto\"><\/span><span class=\"texto\"><br \/>     <\/span>    <\/p>\n<\/td>\n<\/tr>\n<tr>\n<td align=\"LEFT\" valign=\"TOP\"><\/td>\n<td align=\"LEFT\" valign=\"TOP\">\n<p align=\"left\"><span class=\"texto\"><a name=\"ainformativo3\" id=\"3\"><span class=\"titulo\">UFMG      DEFINE A&Ccedil;&Otilde;ES DE PREVEN&Ccedil;&Atilde;O &Agrave; GRIPE      INFLUENZA H1N1<\/span><\/a><\/span><\/p>\n<p align=\"justify\"><span class=\"texto\">Em portaria assinada na quarta-feira,      dia 12\/08, o reitor Ronaldo Pena criou a Comiss&atilde;o de An&aacute;lise      e Acompanhamento da Gripe Influenza A H1N1 da UFMG, que passa a coordenar      as medidas de preven&ccedil;&atilde;o &agrave; gripe H1N1 da Universidade.<\/p>\n<p>     Entre as primeiras a&ccedil;&otilde;es da Comiss&atilde;o est&aacute;      a distribui&ccedil;&atilde;o de cartazes institucionais, produzidos      pelo Minist&eacute;rio da Sa&uacute;de, a serem afixados em todas as      unidades acad&ecirc;micas e administrativas.<\/p>\n<p>     A Comiss&atilde;o definiu ainda a publica&ccedil;&atilde;o permanente      de material informativo no site da UFMG e a realiza&ccedil;&atilde;o      de reuni&atilde;o com os diretores de unidades, na pr&oacute;xima sexta-feira,      para discutir e refor&ccedil;ar medidas de preven&ccedil;&atilde;o.<\/p>\n<p>     Presidida pela professora Marise Oliveira Fonseca, do departamento de      Cl&iacute;nica M&eacute;dica da Faculdade de Medicina, a comiss&atilde;o      tem o papel de manter a comunidade universit&aacute;ria informada acerca      da din&acirc;mica da epidemia. &ldquo;&Agrave; medida que surgirem fatos      novos, outras orienta&ccedil;&otilde;es ser&atilde;o repassadas &agrave;      popula&ccedil;&atilde;o&rdquo;, acrescenta a professora, que tamb&eacute;m      coordena o Ambulat&oacute;rio de Refer&ecirc;ncia da Influenza A no      Hospital das Cl&iacute;nicas da UFMG.<\/p>\n<p>     Uma das recomenda&ccedil;&otilde;es divulgadas pela Comiss&atilde;o      &eacute; que pessoas com gripe e febre acompanhada de tosse, dor de      garganta ou de outros sintomas procurem um m&eacute;dico e, caso apresentem      atestado, sua falta n&atilde;o ser&aacute; considerada. &Agrave;s gr&aacute;vidas      foi recomendado que procurem seu m&eacute;dico para receber orienta&ccedil;&atilde;o      sobre a necessidade ou n&atilde;o de seu afastamento tempor&aacute;rio      das atividades. Alunas podem requerer ado&ccedil;&atilde;o do &ldquo;regime      especial&rdquo;, previsto nas normas da Universidade. Mais informa&ccedil;&otilde;es      a respeito do regime especial podem ser obtidas nos colegiados dos cursos.<\/p>\n<p>     (Fonte: <a href=\"http:\/\/www.ufmg.br\/online\/arquivos\/012712.shtml\" target=\"_blank\">http:\/\/www.ufmg.br\/online\/arquivos\/012712.shtml<\/a>      &#8211; 12\/08\/2009)<br \/>     <\/span><\/p>\n<p align=\"center\"><span class=\"texto\"><\/span><span class=\"texto\"><br \/>     <\/span>    <\/p>\n<\/td>\n<\/tr>\n<tr>\n<td align=\"LEFT\" valign=\"TOP\"><\/td>\n<td align=\"LEFT\" valign=\"TOP\">\n<p align=\"left\"><span class=\"texto\"><a name=\"ainformativo4\" id=\"4\"><span class=\"titulo\">FUMP      ALTERA LOGOMARCA NO SEU ANIVERS&Aacute;RIO DE 80 ANOS<\/span><\/a><\/span><\/p>\n<p align=\"center\"><img loading=\"lazy\" decoding=\"async\" src=\"https:\/\/www.ufmg.br\/dti\/wp-content\/uploads\/fotos\/13_08_09\/fump.gif\" width=\"380\" height=\"195\"><\/p>\n<p align=\"justify\"><span class=\"texto\"> A Funda&ccedil;&atilde;o Universit&aacute;ria      Mendes Pimentel (Fump) adotou novo logotipo, criado por ocasi&atilde;o      do anivers&aacute;rio de 80 anos da institui&ccedil;&atilde;o. Produzida      pelo Setor de Planejamento e Cria&ccedil;&atilde;o Gr&aacute;fica do      Centro de Comunica&ccedil;&atilde;o da UFMG (Cedecom), a nova marca      mant&eacute;m alguns elementos da anterior, como a forma, a cor predominante      e os s&iacute;mbolos geom&eacute;tricos que representam alunos e livros.<\/p>\n<p>     Segundo a jornalista S&iacute;lvia Am&eacute;lia de Ara&uacute;jo, da      assessoria de comunica&ccedil;&atilde;o da Fump, o anivers&aacute;rio      de 80 anos &eacute; um momento que favorece a mudan&ccedil;a do logotipo,      mas outros motivos foram levados em conta. &ldquo;Havia necessidade      de modernizar a imagem da Fump, de fortalecer a associa&ccedil;&atilde;o      entre a marca e a institui&ccedil;&atilde;o&rdquo;, conta ela.<br \/>     Uma das maiores preocupa&ccedil;&otilde;es durante a produ&ccedil;&atilde;o      da nova marca foi traduzir, da melhor forma, os valores da Fump. Nesse      sentido, uma das mudan&ccedil;as, por exemplo, foi a utiliza&ccedil;&atilde;o      de imagem de tr&ecirc;s alunos ao inv&eacute;s de um, dando melhor ideia      de assist&ecirc;ncia abrangente.<\/p>\n<p>     Outras altera&ccedil;&otilde;es foram o uso de tonalidades mais vivas      do verde, o arredondamento de quinas dos desenhos e o acr&eacute;scimo      de complemento no nome: assist&ecirc;ncia estudantil da UFMG. &ldquo;Tornamos      o tra&ccedil;o mais suave, buscando passar uma imagem mais humana e      org&acirc;nica da Funda&ccedil;&atilde;o. Al&eacute;m disso, escolhemos      uma tipografia que sugere acolhimento e integra&ccedil;&atilde;o&rdquo;,      explica Isabela Scarioli, coordenadora do Setor de Planejamento e Cria&ccedil;&atilde;o      Gr&aacute;fica do Cedecom.<\/p>\n<p>     A Fump j&aacute; est&aacute; utilizando a nova logomarca. Para outubro,      planeja uma s&eacute;rie de outras a&ccedil;&otilde;es relativas &agrave;s      comemora&ccedil;&otilde;es de 80 anos, incluindo diversificada programa&ccedil;&atilde;o      cultural.<\/p>\n<p>     (Fonte:<a href=\"http:\/\/www.ufmg.br\/online\/arquivos\/012704.shtml\" target=\"_blank\">      http:\/\/www.ufmg.br\/online\/arquivos\/012704.shtml<\/a> &#8211; 12\/08\/2009) <\/span><\/p>\n<p align=\"center\"><span class=\"texto\"><\/span><span class=\"texto\"><br \/>     <\/span>    <\/p>\n<\/td>\n<\/tr>\n<tr>\n<td width=\"12\" align=\"LEFT\" valign=\"TOP\"><\/td>\n<td width=\"538\" align=\"LEFT\" valign=\"TOP\">\n<p align=\"left\"><span class=\"texto\"><a name=\"ainformativo5\" id=\"5\"><span class=\"titulo\">APRESENTA&Ccedil;&Atilde;O      MUSICAL ANTECIPA ABERTURA DA SEMANA DO ESTUDANTE<\/span><\/a><\/span><\/p>\n<p align=\"justify\" class=\"texto\">Nesta sexta-feira, dia 14, &agrave;s      17h30, a Pra&ccedil;a de Servi&ccedil;os ser&aacute; palco de show que      reunir&aacute; dois grupos musicais &#8211; The Jack Schantz Quartet e Gerais      Big Band. <\/p>\n<p>     A apresenta&ccedil;&atilde;o estava programada para abrir a Semana do      Estudante, que seria realizada de 14 a 21 de agosto. Com a altera&ccedil;&atilde;o      do calend&aacute;rio escolar, devido a recomenda&ccedil;&otilde;es das      autoridades sanit&aacute;rias do estado, a Semana acontecer&aacute;      de 24 a 28 de agosto. Contudo, o show foi mantido, uma vez que os dois      grupos musicais n&atilde;o puderam adaptar suas agendas &agrave;s novas      datas do calend&aacute;rio da Universidade. O show &eacute; aberto ao      p&uacute;blico.<\/p>\n<p>     (Fonte:<a href=\"http:\/\/www.ufmg.br\/online\/arquivos\/012721.shtml\" target=\"_blank\">      http:\/\/www.ufmg.br\/online\/arquivos\/012721.shtml<\/a> &#8211; 13\/08\/2009) <\/p>\n<p align=\"center\"><span class=\"texto\"><\/span><span class=\"texto\"><br \/>     <\/span>    <\/p>\n<\/td>\n<\/tr>\n<p>  <!-- #BeginEditable \"materias\" --> <!-- #EndEditable -->  <\/table>\n<table border=\"0\" cellpadding=\"0\" cellspacing=\"0\">\n<tr>\n<td align=\"LEFT\" valign=\"TOP\">&nbsp;<\/td>\n<td align=\"LEFT\" valign=\"TOP\">&nbsp;<\/td>\n<\/tr>\n<p>  <!-- #BeginEditable \"materias\" --> <!-- #EndEditable -->  <\/table>\n<table border=\"0\" cellspacing=\"0\" cellpadding=\"0\" class=\"cinza\">\n<tr>\n<td><img loading=\"lazy\" decoding=\"async\" src=\"https:\/\/www.ufmg.br\/dti\/wp-content\/uploads\/imgs\/tudo_pixel.gif\" width=\"1\" height=\"1\" alt=\"\" border=\"0\"><\/td>\n<td><img loading=\"lazy\" decoding=\"async\" src=\"https:\/\/www.ufmg.br\/dti\/wp-content\/uploads\/imgs\/tudo_pixel.gif\" width=\"19\" height=\"1\" alt=\"\" border=\"0\"><\/td>\n<td><img loading=\"lazy\" decoding=\"async\" src=\"https:\/\/www.ufmg.br\/dti\/wp-content\/uploads\/imgs\/tudo_pixel.gif\" width=\"510\" height=\"1\" alt=\"\" border=\"0\"><\/td>\n<td><img loading=\"lazy\" decoding=\"async\" src=\"https:\/\/www.ufmg.br\/dti\/wp-content\/uploads\/imgs\/tudo_pixel.gif\" width=\"19\" height=\"1\" alt=\"\" border=\"0\"><\/td>\n<td><img loading=\"lazy\" decoding=\"async\" src=\"https:\/\/www.ufmg.br\/dti\/wp-content\/uploads\/imgs\/tudo_pixel.gif\" width=\"1\" height=\"1\" alt=\"\" border=\"0\"><\/td>\n<\/tr>\n<tr>\n<td class=\"vermelho\" colspan=\"5\"><img loading=\"lazy\" decoding=\"async\" src=\"https:\/\/www.ufmg.br\/dti\/wp-content\/uploads\/imgs\/tudo_pixel.gif\" width=\"1\" height=\"1\" alt=\"\" border=\"0\"><\/td>\n<\/tr>\n<tr>\n<td class=\"vermelho\"><img loading=\"lazy\" decoding=\"async\" src=\"https:\/\/www.ufmg.br\/dti\/wp-content\/uploads\/imgs\/tudo_pixel.gif\" width=\"1\" height=\"1\" alt=\"\" border=\"0\"><\/td>\n<td><img loading=\"lazy\" decoding=\"async\" src=\"https:\/\/www.ufmg.br\/dti\/wp-content\/uploads\/imgs\/tudo_pixel.gif\" width=\"1\" height=\"1\" alt=\"\" border=\"0\"><\/td>\n<td align=\"LEFT\" valign=\"TOP\"><!-- #BeginEditable \"ha%2020%20anos\" -->     <\/p>\n<div align=\"justify\"><a name=\"ainformativo6\" id=\"6\"><img loading=\"lazy\" decoding=\"async\" src=\"https:\/\/www.ufmg.br\/dti\/wp-content\/uploads\/imgs\/tudo_pixel.gif\" width=\"1\" height=\"8\" alt=\"\" border=\"0\"><br \/>     <span class=\"titulo\">H\u00e1 20 anos&#8230;<\/span><\/a><\/p>\n<p>     <span class=\"texto\">O Sistem&aacute;tico Ano XIII, n&ordm; 30, de 10\/08\/1989,      publicou not&iacute;cias sobre reforma do pr&eacute;dio da Reitoria,      virtualData de fitas, atendimento ao SOS, novas atividades no Sistema SCP,      sa&iacute;da dos bolsistas Ros&acirc;ngela Martins de Matos e Rodrigo      Cazetta, modems para o DP <\/span> <\/div>\n<p align=\"justify\"><span class=\"texto\"><strong>SISTEMA ONLINE<br \/>     <\/strong><font face=\"1\"> Mais uma unidade se encontra ligada desde ontem      &agrave; rede de teleprocessamento da UFMG. A Faculdade de Letras pode      agora utilizar todos os servi&ccedil;os dispon&iacute;veis no sistema      online.<br \/>     Faltam agora apenas tr&ecirc;s unidades acad&ecirc;micas: FAE, Escola      de Veterin&aacute;ria e Escola de Educa&ccedil;&atilde;o F&iacute;sica.<br \/>     A DTP est&aacute; somente aguardando a passagem das linhas de comunica&ccedil;&atilde;o      de dados, servi&ccedil;o este a ser feito pelo DM, para efetuar a conex&atilde;o      destes usu&aacute;rios.<\/font><\/p>\n<p>     <font face=\"1\"> <\/p>\n<p>     <\/font><\/span><\/p>\n<div align=\"justify\">\n<p><span class=\"texto\"><\/span><\/p>\n<\/p><\/div>\n<p>    <!-- #EndEditable --><br \/> <img loading=\"lazy\" decoding=\"async\" src=\"https:\/\/www.ufmg.br\/dti\/wp-content\/uploads\/imgs\/tudo_pixel.gif\" width=\"1\" height=\"8\" alt=\"\" border=\"0\"><\/td>\n<td><img loading=\"lazy\" decoding=\"async\" src=\"https:\/\/www.ufmg.br\/dti\/wp-content\/uploads\/imgs\/tudo_pixel.gif\" width=\"1\" height=\"1\" alt=\"\" border=\"0\"><\/td>\n<td class=\"vermelho\"><img loading=\"lazy\" decoding=\"async\" src=\"https:\/\/www.ufmg.br\/dti\/wp-content\/uploads\/imgs\/tudo_pixel.gif\" width=\"1\" height=\"1\" alt=\"\" border=\"0\"><\/td>\n<\/tr>\n<tr>\n<td class=\"vermelho\" colspan=\"5\"><img loading=\"lazy\" decoding=\"async\" src=\"https:\/\/www.ufmg.br\/dti\/wp-content\/uploads\/imgs\/tudo_pixel.gif\" width=\"1\" height=\"1\" alt=\"\" border=\"0\"><\/td>\n<\/tr>\n<\/table>\n<p> <!-- fim tabela ha 20 anos --><\/div>\n<p><a name='eventos'><\/a><\/p>\n<h4>Eventos<\/h4>\n<div class=\"centro-sistematico\">  <!-- noticias --> <\/p>\n<table border=\"0\" cellspacing=\"0\" cellpadding=\"0\">\n<tr>\n<td><\/td>\n<td><\/td>\n<\/tr>\n<tr>\n<td align=\"LEFT\" valign=\"TOP\"><\/td>\n<td align=\"LEFT\" valign=\"TOP\">\n<p><a name=\"aeventos1\" id=\"1\"><span class=\"titulo\">SOCIAIS<\/span><\/a><\/p>\n<p align=\"justify\"><span class=\"texto\"><strong>ANIVERS&Aacute;RIOS: <\/strong><em>.&ldquo;&ldquo;O      Sistem&aacute;tico&rdquo; envia os parab&eacute;ns para Marcelo Novaes      Machado, no dia 14; Thomas Rodrigues Thorun, no dia 17; e Peterson William      Bueno de Oliveira, no dia 18. Os parab&eacute;ns para os ex-ceconianos:      David Lan Kwai Pan, no dia 16, Iza&iacute;as Marques de Oliveira, no      dia 17; Carlos Alberto Gon&ccedil;alves e Heitor Mota Beliz&aacute;rio      de Moraes, no dia 18; e Jos&eacute; Bernardino Reis, no dia 20.<\/em><\/span><\/p>\n<p><span class=\"texto\"><\/span><\/p>\n<p align=\"justify\">&nbsp; <\/p>\n<p>    <span class=\"texto\"><\/span><\/td>\n<\/tr>\n<tr>\n<td align=\"LEFT\" valign=\"TOP\"><\/td>\n<td align=\"LEFT\" valign=\"TOP\">\n<p><a name=\"aeventos2\" id=\"2\"><span class=\"titulo\">MEM&Oacute;RIA      FOTOGR&Aacute;FICA DO CECOM<\/span><\/a><\/p>\n<p align=\"justify\" class=\"texto\">Em reuni&atilde;o com a DGE, realizada      no dia 1&ordm; de julho\/2009, N&eacute;lia Neiva Zille tomou posse como      diretora da Divis&atilde;o de Apoio Administrativo. Na reuni&atilde;o,      Carlos Alfeu, diretor do CECOM, apresentou a nova diretora para os funcion&aacute;rios      da divis&atilde;o e comentou sobre os trabalhos que se encontravam em      andamento. As fotos s&atilde;o de autoria de Gabriel Pinheiro.<\/p>\n<p align=\"center\" class=\"texto\"><img loading=\"lazy\" decoding=\"async\" src=\"https:\/\/www.ufmg.br\/dti\/wp-content\/uploads\/fotos\/13_08_09\/SDC10199.jpg\" width=\"500\" height=\"375\"><br \/>     <span class=\"textopeq\"><em>Carlos Alfeu, M&aacute;rcia Lemos, Cristina      Andrade e Selma<\/em><\/span><\/p>\n<p align=\"center\" class=\"texto\"><img loading=\"lazy\" decoding=\"async\" src=\"https:\/\/www.ufmg.br\/dti\/wp-content\/uploads\/fotos\/13_08_09\/SDC10197.jpg\" width=\"500\" height=\"375\"><br \/>     <span class=\"textopeq\"><em>M&aacute;rcia Lemos, Cristina Andrade, Selma,      Cristina Queir&oacute;s e Ana Paula<\/em><\/span><\/p>\n<p align=\"center\" class=\"texto\"><img loading=\"lazy\" decoding=\"async\" src=\"https:\/\/www.ufmg.br\/dti\/wp-content\/uploads\/fotos\/13_08_09\/SDC10194.jpg\" width=\"500\" height=\"375\"><br \/>     <span class=\"textopeq\"><em>Beth, Lel&eacute;, D&ocirc;ra e Aeda<\/em><\/span><\/p>\n<p align=\"center\" class=\"texto\"><img loading=\"lazy\" decoding=\"async\" src=\"https:\/\/www.ufmg.br\/dti\/wp-content\/uploads\/fotos\/13_08_09\/SDC10196.jpg\" width=\"500\" height=\"375\"><br \/>     <em class=\"textopeq\">Cristina Andrade, Selma, Cristina Queir&oacute;s,      Ana Paula, Michele, Beth e Lel&eacute;<\/em><\/p>\n<p align=\"center\" class=\"texto\"><img loading=\"lazy\" decoding=\"async\" src=\"https:\/\/www.ufmg.br\/dti\/wp-content\/uploads\/fotos\/13_08_09\/SDC10201.jpg\" width=\"500\" height=\"375\"><br \/>     <span class=\"textopeq\"><em>Carlos Alfeu, N&eacute;lia e M&aacute;rcia      Lemos<\/em><\/span><\/p>\n<p align=\"center\">&nbsp;<\/p>\n<p align=\"center\">&nbsp;<\/p>\n<p><span class=\"texto\"><\/span><\/p>\n<p align=\"justify\">&nbsp; <\/p>\n<p>    <span class=\"texto\"><\/span><\/td>\n<\/tr>\n<p>  <!-- #BeginEditable \"materias\" --> <!-- #EndEditable -->  <\/table>\n<p> <!-- fim noticias --><\/div>\n","protected":false},"excerpt":{"rendered":"<p>Not\u00edcias DI&Aacute;RIO ENCERRA LAN&Ccedil;AMENTOS DE GRADUA&Ccedil;&Atilde;O COM RECORDe CAT&Aacute;LOGO TELEF&Ocirc;NICO ORIENTA CONTATOS DA UNIVERSIDADE NOVA ESTAGI&Aacute;RIA DO CECOM Informativo DICAS DE SITES INTERESSANTES ABERTAS INSCRI&Ccedil;&Otilde;ES PARA VESTIBULAR 2010 DA UFMG UFMG DEFINE A&Ccedil;&Otilde;ES DE PREVEN&Ccedil;&Atilde;O &Agrave; GRIPE INFLUENZA H1N1 FUMP ALTERA LOGOMARCA NO SEU ANIVERS&Aacute;RIO DE 80 ANOS APRESENTA&Ccedil;&Atilde;O MUSICAL ANTECIPA ABERTURA DA SEMANA DO &#8230; <a title=\"Sistem\u00e1tico: Edi\u00e7\u00e3o 1436 &#8211; 13\/08\/2009\" class=\"read-more\" href=\"https:\/\/www.ufmg.br\/dti\/2009\/08\/13\/sistematico-edicao-1436-13082009\/\" aria-label=\"Read more about Sistem\u00e1tico: Edi\u00e7\u00e3o 1436 &#8211; 13\/08\/2009\">Ler mais<\/a><\/p>\n","protected":false},"author":3,"featured_media":0,"comment_status":"open","ping_status":"open","sticky":false,"template":"","format":"standard","meta":{"inline_featured_image":false,"footnotes":""},"categories":[13],"tags":[],"coauthors":[79],"class_list":["post-3017","post","type-post","status-publish","format-standard","hentry","category-sistematico"],"_links":{"self":[{"href":"https:\/\/www.ufmg.br\/dti\/wp-json\/wp\/v2\/posts\/3017","targetHints":{"allow":["GET"]}}],"collection":[{"href":"https:\/\/www.ufmg.br\/dti\/wp-json\/wp\/v2\/posts"}],"about":[{"href":"https:\/\/www.ufmg.br\/dti\/wp-json\/wp\/v2\/types\/post"}],"author":[{"embeddable":true,"href":"https:\/\/www.ufmg.br\/dti\/wp-json\/wp\/v2\/users\/3"}],"replies":[{"embeddable":true,"href":"https:\/\/www.ufmg.br\/dti\/wp-json\/wp\/v2\/comments?post=3017"}],"version-history":[{"count":0,"href":"https:\/\/www.ufmg.br\/dti\/wp-json\/wp\/v2\/posts\/3017\/revisions"}],"wp:attachment":[{"href":"https:\/\/www.ufmg.br\/dti\/wp-json\/wp\/v2\/media?parent=3017"}],"wp:term":[{"taxonomy":"category","embeddable":true,"href":"https:\/\/www.ufmg.br\/dti\/wp-json\/wp\/v2\/categories?post=3017"},{"taxonomy":"post_tag","embeddable":true,"href":"https:\/\/www.ufmg.br\/dti\/wp-json\/wp\/v2\/tags?post=3017"},{"taxonomy":"author","embeddable":true,"href":"https:\/\/www.ufmg.br\/dti\/wp-json\/wp\/v2\/coauthors?post=3017"}],"curies":[{"name":"wp","href":"https:\/\/api.w.org\/{rel}","templated":true}]}}