{"id":3035,"date":"2009-01-15T08:00:00","date_gmt":"2009-01-15T08:00:00","guid":{"rendered":"https:\/\/www.ufmg.br\/dti\/cecom\/?p=1219"},"modified":"2009-01-15T08:00:00","modified_gmt":"2009-01-15T08:00:00","slug":"sistematico-edicao-1409-15012009","status":"publish","type":"post","link":"https:\/\/www.ufmg.br\/dti\/2009\/01\/15\/sistematico-edicao-1409-15012009\/","title":{"rendered":"Sistem\u00e1tico: Edi\u00e7\u00e3o 1409 &#8211; 15\/01\/2009"},"content":{"rendered":"<ul>\n<li><a href=\"\/dti\/#noticias\">Not\u00edcias<\/a>\n<div class='submenuSistematico'>\n<ul>\n<li><a href=\"\/dti\/#anoticias1\" id=\"1\"><span class=\"titulo\">DI&Aacute;RIO      DE CLASSE ULTRAPASSA 60% DE USO NAS TURMAS DE GRADUA&Ccedil;&Atilde;O<\/span><\/a><\/li>\n<li><a href=\"\/dti\/#anoticias2\"><span class=\"titulo\">SA&Iacute;DA     DE ESTAGI&Aacute;RIAS<\/span><\/a><\/li>\n<li><a href=\"\/dti\/#anoticias3\" id=\"3\"><span class=\"titulo\">NOVO      ESTAGI&Aacute;RIO DO CECOM<\/span><\/a><\/li>\n<li><a href=\"\/dti\/#anoticias4\" id=\"4\"><span class=\"titulo\">PRIMEIRA      EDI&Ccedil;&Atilde;O DO ANO<\/span><\/a><\/li>\n<\/ul>\n<\/div>\n<\/li>\n<li><a href=\"\/dti\/#informativo\">Informativo<\/a>\n<div class='submenuSistematico'>\n<ul>\n<li><a href=\"\/dti\/#ainformativo1\" id=\"1\"><span class=\"titulo\">ESTAT&Iacute;STICAS      DE SISTEMA ANTI-SPAM DE DEZEMBRO\/2008<\/span><\/a><\/li>\n<li><a href=\"\/dti\/#ainformativo2\" id=\"2\"><span class=\"titulo\">DICAS      DE SITES INTERESSANTES<\/span><\/a><\/li>\n<li><a href=\"\/dti\/#ainformativo3\" id=\"3\"><span class=\"titulo\">PORTAL      DE NOT&Iacute;CIAS E VE&Iacute;CULOS IMPRESSOS DA UFMG ADOTAM NORMAS      DO NOVO ACORDO ORTOGR&Aacute;FICO<\/span><\/a><\/li>\n<li><a href=\"\/dti\/#ainformativo4\" id=\"4\"><span class=\"titulo\">BELO      HORIZONTE TER&Aacute; NOVO OBSERVAT&Oacute;RIO ASTRON&Ocirc;MICO<\/span><\/a><\/li>\n<li><a href=\"\/dti\/#ainformativo5\" id=\"5\"><span class=\"titulo\">PROJETO      CAMINHADAS DE VER&Atilde;O<\/span><\/a><\/li>\n<li><a href=\"\/dti\/#ainformativo6\" id=\"6\"><img loading=\"lazy\" decoding=\"async\" src=\"https:\/\/www.ufmg.br\/dti\/wp-content\/uploads\/imgs\/tudo_pixel.gif\" width=\"1\" height=\"8\" alt=\"\" border=\"0\"><br \/>    <span class=\"titulo\">H\u00e1 20 anos&#8230;<\/span><\/a><\/li>\n<\/ul>\n<\/div>\n<\/li>\n<li><a href=\"\/dti\/#eventos\">Eventos<\/a>\n<div class='submenuSistematico'>\n<ul>\n<li><a href=\"\/dti\/#aeventos2\" id=\"2\"><span class=\"titulo\">SOCIAIS<\/span><\/a><\/li>\n<li><a href=\"\/dti\/#aeventos3\" id=\"3\"><span class=\"titulo\">MEM&Oacute;RIA      FOTOGR&Aacute;FICA DO CECOM<\/span><\/a><\/li>\n<\/ul>\n<\/div>\n<\/li>\n<\/ul>\n<p> <a name='noticias'><\/a><\/p>\n<h4>Not\u00edcias<\/h4>\n<div class=\"centro-sistematico\">  <!-- noticias --> <\/p>\n<table border=\"0\" cellspacing=\"0\" cellpadding=\"0\">\n<tr>\n<td><\/td>\n<td><\/td>\n<\/tr>\n<p>  <!-- #BeginEditable \"materias\" -->   <\/p>\n<tr>\n<td align=\"LEFT\" valign=\"TOP\"><\/td>\n<td align=\"LEFT\" valign=\"TOP\">\n<p><a name=\"anoticias1\" id=\"1\"><span class=\"titulo\">DI&Aacute;RIO      DE CLASSE ULTRAPASSA 60% DE USO NAS TURMAS DE GRADUA&Ccedil;&Atilde;O<\/span><\/a><\/p>\n<p align=\"justify\"><span class=\"texto\">O acompanhamento do lan&ccedil;amento      de notas das turmas da gradua&ccedil;&atilde;o, referentes ao segundo      semestre de 2008, permitiu constatar a crescente aceita&ccedil;&atilde;o      e utiliza&ccedil;&atilde;o do Di&aacute;rio de Classe, dispon&iacute;vel      para docentes e alunos no portal <em>minhaUFMG.<\/em><\/p>\n<p>     Foi ultrapassada a marca de 60% de utiliza&ccedil;&atilde;o, conforme      pode ser visto nos dados quantitativos indicados na tabela abaixo:<\/span><\/p>\n<table border=\"1\" cellspacing=\"0\" cellpadding=\"0\">\n<tr>\n<td width=\"341\">\n<div align=\"center\"><font face=\"2\"><strong>Turmas         de Gradua&ccedil;&atilde;o<\/strong><\/font><\/div>\n<\/td>\n<td width=\"183\">\n<table width=\"192\" border=\"0\" cellspacing=\"0\" cellpadding=\"0\">\n<tr>\n<td>\n<div align=\"center\"><font face=\"2\"><strong>2008\/2<\/strong><\/font><\/div>\n<\/td>\n<\/tr>\n<tr>\n<td>\n<table width=\"192\" border=\"0\" cellpadding=\"0\" cellspacing=\"0\">\n<tr>\n<td width=\"62\" height=\"66\"><font face=\"2\">Ofertadas<\/font><\/td>\n<td width=\"64\"><font face=\"2\">Fechadas              no Di&aacute;rio Eletr&ocirc;nico<\/font><\/td>\n<td width=\"66\">\n<div align=\"center\"><font face=\"2\">Percentual               (%)<\/font><\/div>\n<\/td>\n<\/tr>\n<\/table>\n<\/td>\n<\/tr>\n<\/table>\n<\/td>\n<\/tr>\n<tr>\n<td>\n<div align=\"left\"><font face=\"2\">Total         de Turmas<\/font><\/div>\n<\/td>\n<td>\n<div align=\"center\">\n<table width=\"193\" border=\"0\" cellspacing=\"0\" cellpadding=\"0\">\n<tr>\n<td width=\"61\">\n<div align=\"center\"><font face=\"2\">5.903<\/font><\/div>\n<\/td>\n<td width=\"63\">\n<div align=\"center\"><font face=\"2\">3.664<\/font><\/div>\n<\/td>\n<td width=\"69\">\n<div align=\"center\"><font face=\"2\">62<\/font><\/div>\n<\/td>\n<\/tr>\n<\/table><\/div>\n<\/td>\n<\/tr>\n<tr>\n<td>\n<div align=\"left\"><font face=\"2\">Turma         de Disciplinas somente Te&oacute;ricas (tipo &quot;T&quot;)<\/font><\/div>\n<\/td>\n<td>\n<div align=\"center\">\n<table width=\"193\" border=\"0\" cellspacing=\"0\" cellpadding=\"0\">\n<tr>\n<td width=\"61\">\n<div align=\"center\"><font face=\"2\">2.766<\/font><\/div>\n<\/td>\n<td width=\"63\">\n<div align=\"center\"><font face=\"2\">1.648<\/font><\/div>\n<\/td>\n<td width=\"69\">\n<div align=\"center\"><font face=\"2\">60<\/font><\/div>\n<\/td>\n<\/tr>\n<\/table><\/div>\n<\/td>\n<\/tr>\n<tr>\n<td>\n<div align=\"left\"><font face=\"2\">Turmas         de disciplinas somente Pr&aacute;ticas (tipo &quot;P&quot;)<\/font><\/div>\n<\/td>\n<td>\n<div align=\"center\">\n<table width=\"193\" border=\"0\" cellspacing=\"0\" cellpadding=\"0\">\n<tr>\n<td width=\"61\">\n<div align=\"center\"><font face=\"2\">1.411<\/font><\/div>\n<\/td>\n<td width=\"63\">\n<div align=\"center\"><font face=\"2\">920<\/font><\/div>\n<\/td>\n<td width=\"69\">\n<div align=\"center\"><font face=\"2\">65<\/font><\/div>\n<\/td>\n<\/tr>\n<\/table><\/div>\n<\/td>\n<\/tr>\n<tr>\n<td>\n<div align=\"left\"><font face=\"2\">Turmas         Te&oacute;ricas de Disciplinas e Pr&aacute;ticas (tipos &quot;T\/P&quot;)         <\/font><\/div>\n<\/td>\n<td>\n<div align=\"center\">\n<table width=\"193\" border=\"0\" cellspacing=\"0\" cellpadding=\"0\">\n<tr>\n<td width=\"61\">\n<div align=\"center\"><font face=\"2\">1.796<\/font><\/div>\n<\/td>\n<td width=\"63\">\n<div align=\"center\"><font face=\"2\">1.096<\/font><\/div>\n<\/td>\n<td width=\"69\">\n<div align=\"center\"><font face=\"2\">63<\/font><\/div>\n<\/td>\n<\/tr>\n<\/table><\/div>\n<\/td>\n<\/tr>\n<\/table>\n<p> <\/p>\n<p align=\"justify\"><span class=\"texto\">No final de 2008, inclusive,      n&atilde;o foram identificadas quedas de desempenho ou travamento do      sistema. Isso foi poss&iacute;vel devido a diversas melhorias t&eacute;cnicas      realizadas:<\/p>\n<p>     &#8211; revis&atilde;o de funcionalidades do Di&aacute;rio e libera&ccedil;&atilde;o      de nova vers&atilde;o;<br \/>     &#8211; reestrutura&ccedil;&atilde;o e redistribui&ccedil;&atilde;o dos servi&ccedil;os      dispon&iacute;veis no servidor de aplica&ccedil;&atilde;o;<br \/>     &#8211; troca de equipamentos.<\/p>\n<p>     Para o pr&oacute;ximo semestre essa infraestrutura ficar&aacute; ainda      melhor, com a chegada de novos equipamentos que ser&atilde;o acrescentados      ao parque atual e a continuidade do processo de reestrutura&ccedil;&atilde;o      e redistribui&ccedil;&atilde;o dos servi&ccedil;os.<\/p>\n<p>     As melhorias implantadas envolveram as equipes da DAS &#8211; Divis&atilde;o      de Aplicativos e Sistemas e da DAC &#8211; Divis&atilde;o de Atendimento e      Consultoria.<br \/>     <\/span><span class=\"texto\"> <\/span><\/p>\n<p>    <span class=\"texto\">     <\/p>\n<p align=\"justify\">\n<p>    <\/span><\/td>\n<\/tr>\n<tr>\n<td align=\"LEFT\" valign=\"TOP\"><\/td>\n<td align=\"LEFT\" valign=\"TOP\"> <a name=\"anoticias2\"><span class=\"titulo\">SA&Iacute;DA     DE ESTAGI&Aacute;RIAS<\/span><\/a> <\/p>\n<p align=\"justify\"><span class=\"texto\">      As estagi&aacute;rias Nat&aacute;lia Costa Guilhelmelli Avelar e &Eacute;rica      Fernanda da Silva pediram demiss&atilde;o do quadro do CECOM no m&ecirc;s      de dezembro\/2008.<\/p>\n<p>     Nat&aacute;lia Avelar entrou para o CECOM em fevereiro\/2007, lotada      na Divis&atilde;o de Redes de Comunica&ccedil;&atilde;o, onde atuou      at&eacute; a sua sa&iacute;da, no dia 19\/12\/2008.<\/p>\n<p>     &Eacute;rica Fernanda entrou para o CECOM em maio de 2007, lotada na      Divis&atilde;o de Atendimento e Consultoria (DAC), onde permaneceu at&eacute;      a sua sa&iacute;da, em 31\/12\/2008.<\/span><\/p>\n<p align=\"center\"><img loading=\"lazy\" decoding=\"async\" src=\"https:\/\/www.ufmg.br\/dti\/wp-content\/uploads\/fotos\/15_01_09\/saida_natalia_drc.jpg\" width=\"350\" height=\"333\"><br \/>     <font face=\"1\"><em>Nat&aacute;lia Avelar <\/em><\/font><\/p>\n<p align=\"center\"><em><font face=\"1\"><img loading=\"lazy\" decoding=\"async\" src=\"https:\/\/www.ufmg.br\/dti\/wp-content\/uploads\/fotos\/15_01_09\/saida_erica.jpg\" width=\"350\" height=\"333\"><br \/>     <em>&Eacute;rica Fernanda<\/em><\/font><\/em><\/p>\n<p align=\"center\">&nbsp;<\/p>\n<p>    <span class=\"texto\">     <\/p>\n<p>    <\/span><\/td>\n<\/tr>\n<tr>\n<td align=\"LEFT\" valign=\"TOP\"><\/td>\n<td align=\"LEFT\" valign=\"TOP\">\n<p align=\"justify\"><a name=\"anoticias3\" id=\"3\"><span class=\"titulo\">NOVO      ESTAGI&Aacute;RIO DO CECOM<\/span><\/a> <br \/>     <span class=\"texto\"><br \/>     O CECOM contratou o aluno Rafael Henrique Soares Oliveira, do curso      de Biblioteconomia, para ocupar a vaga de &Eacute;rica Fernanda da Silva.      Rafael Oliveira foi admitido no dia 12\/01\/2009, lotado na Divis&atilde;o      de Atendimento e Consultoria, onde j&aacute; iniciou os trabalhos de      atendimento aos usu&aacute;rios administrativos.<\/span><\/p>\n<p align=\"center\"><img loading=\"lazy\" decoding=\"async\" src=\"https:\/\/www.ufmg.br\/dti\/wp-content\/uploads\/fotos\/15_01_09\/entrada_rafael_dac.jpg\" width=\"350\" height=\"333\"><br \/>     <font face=\"1\"><em>Rafael Oliveira<\/em><\/font> <\/p>\n<p>&nbsp; <\/p>\n<p align=\"justify\"><span class=\"texto\"> <\/span><span class=\"texto\"> <\/span><\/p>\n<p>    <span class=\"texto\">     <\/p>\n<p>    <\/span><\/td>\n<\/tr>\n<tr>\n<td align=\"LEFT\" valign=\"TOP\"><\/td>\n<td align=\"LEFT\" valign=\"TOP\">\n<p align=\"justify\"><a name=\"anoticias4\" id=\"4\"><span class=\"titulo\">PRIMEIRA      EDI&Ccedil;&Atilde;O DO ANO<\/span><\/a><\/p>\n<p>     <span class=\"texto\">O Sistem&aacute;tico retorna ap&oacute;s 3 semanas      sem circula&ccedil;&atilde;o, devido &agrave;s festas de final de ano      e trabalhos no vestibular. A Reda&ccedil;&atilde;o espera continuar      contando com a colabora&ccedil;&atilde;o de todos na divulga&ccedil;&atilde;o      dos trabalhos do CECOM e com o carinho que sempre recebeu de seus leitores.      Um ano de muitas not&iacute;cias, novidades, conquistas e alegrias!<\/span><span class=\"texto\">      <\/span><span class=\"texto\"> <\/span><\/p>\n<p>    <span class=\"texto\">     <\/p>\n<p>    <\/span><\/td>\n<\/tr>\n<p>  <!-- #EndEditable -->  <\/table>\n<p> <!-- fim noticias --><\/div>\n<p><a name='informativo'><\/a><\/p>\n<h4>Informativo<\/h4>\n<div class=\"centro-sistematico\">  <!-- noticias --> <\/p>\n<table border=\"0\" cellspacing=\"0\" cellpadding=\"0\">\n<tr>\n<td><\/td>\n<td><\/td>\n<\/tr>\n<tr>\n<td align=\"LEFT\" valign=\"TOP\"><\/td>\n<td align=\"LEFT\" valign=\"TOP\">\n<p align=\"justify\"><span class=\"texto\"><a name=\"ainformativo1\" id=\"1\"><span class=\"titulo\">ESTAT&Iacute;STICAS      DE SISTEMA ANTI-SPAM DE DEZEMBRO\/2008<\/span><\/a><\/span><span class=\"texto\">      <\/span><\/p>\n<p align=\"justify\"><span class=\"texto\">Desde o m&ecirc;s de abril\/2004,      o site do CECOM passou a publicar texto explicativo e gr&aacute;fico      com o total de mensagens analisadas, para que se possa mais claramente      conhecer<br \/>     No m&ecirc;s de dezembro\/2008, os n&uacute;meros totais analisados pelo      sistema foram os seguintes:<br \/>     As m&eacute;dias di&aacute;rias durante o m&ecirc;s de dezembro foram      as seguintes:<\/p>\n<p>     o volume de mensagens que chega &agrave; UFMG, como elas s&atilde;o      classificadas e as a&ccedil;&otilde;es tomadas.Essas informa&ccedil;&otilde;es      est&atilde;o dispon&iacute;veis em <a href=\"\/dti\/servi%C3%A7os%20de%20rede\" target=\"_blank\">servi\u00e7os de rede<\/a>.<\/p>\n<p>     No gr&aacute;fico e nas tabelas seguintes as mensagens s&atilde;o classificadas      como rejeitadas ou aceitas. Se aceitas, seu conte&uacute;do &eacute;      analisado para se checar se s&atilde;o v&aacute;lidas, spam ou cont&ecirc;m      v&iacute;rus.<\/p>\n<p>     o m&ecirc;s de dezembro\/2008, os n&uacute;meros totais analisados pelo      sistema foram os seguintes:<\/span><\/p>\n<div align=\"center\">\n<table width=\"486\" border=\"2\" align=\"center\">\n<tr bgcolor=\"#00FFFF\">\n<td width=\"49\" height=\"17\">\n<div align=\"center\"><font face=\"1\">V&aacute;lidas<\/font><\/div>\n<\/td>\n<td width=\"42\">\n<div align=\"center\"><font face=\"1\">V&iacute;rus<\/font><\/div>\n<\/td>\n<td width=\"53\">\n<div align=\"center\"><font face=\"1\">Spam<\/font><\/div>\n<\/td>\n<td width=\"62\">\n<div align=\"center\"><font face=\"1\">Total aceitas<\/font><\/div>\n<\/td>\n<td width=\"59\">\n<div align=\"center\"><font face=\"1\">Rejeitadas<\/font><\/div>\n<\/td>\n<td width=\"57\">\n<div align=\"center\"><font face=\"1\">Total Geral<\/font><\/div>\n<\/td>\n<\/tr>\n<tr bgcolor=\"#00FFFF\">\n<td height=\"17\">\n<div align=\"center\"><font face=\"1\">1.225.579<\/font><\/div>\n<\/td>\n<td>\n<div align=\"center\"><font face=\"1\">522<\/font><\/div>\n<\/td>\n<td>\n<div align=\"center\"><font face=\"1\">445.109<\/font><\/div>\n<\/td>\n<td>\n<div align=\"center\"><font face=\"1\">1.671.210<\/font><\/div>\n<\/td>\n<td>\n<div align=\"center\"><font face=\"1\">4.842.865<\/font><\/div>\n<\/td>\n<td>\n<div align=\"center\"><font face=\"1\">6.514.075<\/font><\/div>\n<\/td>\n<\/tr>\n<\/table>\n<p>     <span class=\"texto\"><\/span> <\/div>\n<p><span class=\"texto\"><br \/>     As m&eacute;dias di&aacute;rias durante o m&ecirc;s de dezembro foram      as seguintes:<\/span><\/p>\n<p>    <span class=\"texto\"><\/span> <\/p>\n<div align=\"center\">\n<table width=\"484\" border=\"2\" align=\"center\">\n<tr bgcolor=\"#00FFFF\">\n<td width=\"49\">\n<div align=\"center\"><font face=\"1\">V&aacute;lidas<\/font><\/div>\n<\/td>\n<td width=\"42\">\n<div align=\"center\"><font face=\"1\">V&iacute;rus<\/font><\/div>\n<\/td>\n<td width=\"53\">\n<div align=\"center\"><font face=\"1\">Spam<\/font><\/div>\n<\/td>\n<td width=\"62\">\n<div align=\"center\"><font face=\"1\">Total aceitas<\/font><\/div>\n<\/td>\n<td width=\"63\">\n<div align=\"center\"><font face=\"1\">Rejeitadas<\/font><\/div>\n<\/td>\n<td width=\"79\">\n<div align=\"center\"><font face=\"1\">Total Geral<\/font><\/div>\n<\/td>\n<\/tr>\n<tr bgcolor=\"#00FFFF\">\n<td>\n<div align=\"center\"><font face=\"1\">39.535<\/font><\/div>\n<\/td>\n<td>\n<div align=\"center\"><font face=\"1\">17<\/font><\/div>\n<\/td>\n<td>\n<div align=\"center\"><font face=\"1\">14.358<\/font><\/div>\n<\/td>\n<td>\n<div align=\"center\"><font face=\"1\">53.910<\/font><\/div>\n<\/td>\n<td>\n<div align=\"center\"><font face=\"1\">156.221<\/font><\/div>\n<\/td>\n<td>\n<div align=\"center\"><font face=\"1\">210.131<\/font><\/div>\n<\/td>\n<\/tr>\n<\/table>\n<p><img loading=\"lazy\" decoding=\"async\" src=\"\/dti\/fotos\/15_01_09\/anti_spam_dez_08.gif\" width=\"463\" height=\"291\"><\/p>\n<\/p><\/div>\n<p align=\"justify\"><span class=\"texto\"><br \/>     <\/span><br \/>     <span class=\"texto\"> <br \/>     <\/span>    <\/p>\n<\/td>\n<\/tr>\n<tr>\n<td align=\"LEFT\" valign=\"TOP\"><\/td>\n<td align=\"LEFT\" valign=\"TOP\">\n<p align=\"justify\"><span class=\"texto\"><a name=\"ainformativo2\" id=\"2\"><span class=\"titulo\">DICAS      DE SITES INTERESSANTES<\/span><\/a><\/span><\/p>\n<p align=\"justify\"><font face=\"2\">Adyrus,      o ca&ccedil;ador de sites, enviou as seguintes dicas:<\/p>\n<p>     &#8211; Se voc&ecirc; &eacute; f&atilde; do grupo Oasis, assista ao document&aacute;rio      &#8220;Dig Out Your Soul in the Streets&#8221;, produzido por eles.      Veja em <a href=\"http:\/\/vids.myspace.com\/index.cfm?fuseaction%20=vids.individual&amp;VideoID=50015059.\" target=\"_blank\">http:\/\/vids.myspace.com\/index.cfm?fuseaction      =vids.individual&amp;VideoID=50015059.<\/a><\/p>\n<p>     &#8211; As 500 senhas piores do mundo est&atilde;o no site<a href=\"http:\/\/www.whatsmypass.com\/?p=415\" target=\"_blank\">      http:\/\/www.whatsmypass.com\/?p=415<\/a>, segundo avalia&ccedil;&atilde;o      deles.<\/p>\n<p>     &#8211; Garantir os direitos dos consumidores; organizar o mercado de consumo;      inibir irregularidades na produ&ccedil;&atilde;o e comercia-liza&ccedil;&atilde;o      de produtos; promover a qualidade dos produtos e servi&ccedil;os; desenvolver      atividades socioeducativas; representar e defender os interesses de      donas de casa e consumidores com a&ccedil;&otilde;es p&uacute;blicas      e coletivas que interfiram positivamente nas rela&ccedil;&otilde;es      de consumo; incentivar o associati-vismo e a mobiliza&ccedil;&atilde;o      como instrumento de a&ccedil;&atilde;o em busca da justi&ccedil;a social.      Tudo isto no endere&ccedil;o <a href=\"http:\/\/donadecasa.org.br\" target=\"_blank\">http:\/\/donadecasa.org.br<\/a>.<\/p>\n<p>     &#8211; O ato de comprar exige preparo e planejamento por parte do consumidor.      Para comprar bem, com consci&ecirc;ncia e evitando o conflito, o consumidor      deve, antes de sair &agrave;s lojas, responder a cinco perguntas b&aacute;sicas,      que apesar de simples fazem toda a diferen&ccedil;a entre uma compra      bem-sucedida e outra frustrada. Visite o site <a href=\"http:\/\/www.compraconsciente.com.br\" target=\"_blank\">http:\/\/www.compraconsciente.com.br<\/a>.<\/p>\n<p>     &#8211; Veja as obras em alt&iacute;ssima resolu&ccedil;&atilde;o no Museu      do Prado em Madri pela Internet em <a href=\"http:\/\/www.museodelprado.es\/bienvenido\" target=\"_blank\">http:\/\/www.museodelprado.es\/bienvenido<\/a>.<\/p>\n<p>     &#8211; Ser&aacute; lan&ccedil;ado no Brasil o filme &#8220;Valkyrie&#8221;.      Dizem que o Tom Cruise se parece muito com o Coronel Von Stauffenberg.      Confira e leia a hist&oacute;ria do atentado para matar Adolf Hitler      em <a href=\"http:\/\/moraisvinna.blogspot.com\/search?q=atentado%2BVon%2BStauffenberg%2B\" target=\"_blank\">http:\/\/moraisvinna.blogspot.com\/search?q=atentado+Von+Stauffenberg+<\/a>.<\/p>\n<p>     &#8211; Isto &eacute; que &eacute; criatividade. Dez calend&aacute;rios muito      doidos. Confira em: <a href=\"http:\/\/dvice.com\/archives\/2009\/01\/off_to_a_great.php\" target=\"_blank\">http:\/\/dvice.com\/archives\/2009\/01\/off_to_a_great.php<\/a>.<\/p>\n<p>     &#8211; Confira a lista dos 25 carros mais vendidos no ano de 2008 no Brasil      em <a href=\"http:\/\/autozine.com.br\/informacao\/os-25-carros-mais-vendidos-no-brasil-em-200\" target=\"_blank\">http:\/\/autozine.com.br\/informacao\/os-25-carros-mais-vendidos-no-brasil-em-200<\/a>8.<\/font><\/p>\n<p align=\"justify\"><font face=\"2\">&#8211;      Os 7 maiores e mais assustadores buracos da Terra podem ser vistos no      endere&ccedil;o <a href=\"http:\/\/namosca.org\/2009\/01\/08\/os-7-maiores-buracos-da-terra\" target=\"_blank\">http:\/\/namosca.org\/2009\/01\/08\/os-7-maiores-buracos-da-terra<\/a>.<\/font><\/p>\n<p align=\"justify\"><font face=\"2\">&#8211;      Confira algumas bandas musicais que fizeram sucesso no mundo das anima&ccedil;&otilde;es      em <a href=\"http:\/\/atoouefeito.com.br\/pipoqueiros\/quando-a-musica-vira-desenho-animado.htm\" target=\"_blank\">http:\/\/atoouefeito.com.br\/pipoqueiros\/quando-a-musica-vira-desenho-animado.htm<\/a>l.      <\/font> <\/p>\n<p align=\"center\">&nbsp;<\/p>\n<div align=\"center\"><\/div>\n<div align=\"center\"> <span class=\"texto\"><br \/>     <\/span><br \/>     <span class=\"texto\"> <br \/>     <\/span>    <\/div>\n<\/td>\n<\/tr>\n<tr>\n<td align=\"LEFT\" valign=\"TOP\"><\/td>\n<td align=\"LEFT\" valign=\"TOP\">\n<p align=\"justify\"><span class=\"texto\"><a name=\"ainformativo3\" id=\"3\"><span class=\"titulo\">PORTAL      DE NOT&Iacute;CIAS E VE&Iacute;CULOS IMPRESSOS DA UFMG ADOTAM NORMAS      DO NOVO ACORDO ORTOGR&Aacute;FICO<\/span><\/a><\/span><\/p>\n<p align=\"justify\"><font face=\"2\">O      novo acordo ortogr&aacute;fico da l&iacute;ngua portuguesa, que entrou      em vigor no dia 1&ordm; de janeiro, ser&aacute; adotado a partir de      hoje pelo Centro de Comunica&ccedil;&atilde;o (Cedecom) da UFMG. As      not&iacute;cias publicadas diariamente pelo portal da Universidade na      internet passam agora a ser escritas segundo as novas normas. O Boletim,      publica&ccedil;&atilde;o impressa semanal, incorpora as mudan&ccedil;as      j&aacute; na sua primeira edi&ccedil;&atilde;o de 2009, que circular&aacute;      no dia 2 de fevereiro. <\/p>\n<p>     Mesmo tendo at&eacute; dezembro de 2012 para se adequarem ao acordo,      os &oacute;rg&atilde;os de comunica&ccedil;&atilde;o coordenados pelo      Cedecom optaram por fazer essa transi&ccedil;&atilde;o imediatamente.      Apesar de alterar a grafia de apenas 0,8% das palavras escritas no Brasil,      as novas normas apresentam detalhes que demandam algum tempo para serem      totalmente assimilados. Para efetuar essa transi&ccedil;&atilde;o, a      equipe do Cedecom contar&aacute; com a colabora&ccedil;&atilde;o do      professor Luiz Carlos de Assis Rocha, da Faculdade de Letras da UFMG.      &#8230;<\/p>\n<p>     (Fonte: <a href=\"http:\/\/www.ufmg.br\/online\/arquivos\/010774.shtml\" target=\"_blank\">http:\/\/www.ufmg.br\/online\/arquivos\/010774.shtml<\/a>      &#8211; 12\/01\/2009)<\/font><\/p>\n<p align=\"justify\">&nbsp;<\/p>\n<p align=\"center\">&nbsp;<\/p>\n<div align=\"center\"><\/div>\n<div align=\"center\"> <span class=\"texto\"><br \/>     <\/span><br \/>     <span class=\"texto\"> <br \/>     <\/span>    <\/div>\n<\/td>\n<\/tr>\n<tr>\n<td align=\"LEFT\" valign=\"TOP\"><\/td>\n<td align=\"LEFT\" valign=\"TOP\">\n<p align=\"justify\"><span class=\"texto\"><a name=\"ainformativo4\" id=\"4\"><span class=\"titulo\">BELO      HORIZONTE TER&Aacute; NOVO OBSERVAT&Oacute;RIO ASTRON&Ocirc;MICO<\/span><\/a><\/span><\/p>\n<p align=\"justify\"><font face=\"2\">A      UFMG inaugura, no pr&oacute;ximo dia 23, novo Observat&oacute;rio Astron&ocirc;mico      destinado a pesquisas e educa&ccedil;&atilde;o para a ci&ecirc;ncia      do grande p&uacute;blico. O Observat&oacute;rio funcionar&aacute; no      Museu de Hist&oacute;ria Natural e Jardim Bot&acirc;nico (MHNJB), localizado      no bairro Horto, em Belo Horizonte. O evento de inaugura&ccedil;&atilde;o      integra a agenda de comemora&ccedil;&otilde;es do Ano Internacional      da Astronomia.<\/p>\n<p>     A abertura do Ano da Astronomia no pa&iacute;s ocorrer&aacute; na semana      de 19 a 28 de janeiro. Diversas atividades ocorrer&atilde;o em dezenas      de cidades brasileiras. O Ano Internacional da Astronomia 2009 (AYA,      na sigla em ingl&ecirc;s) foi proclamado pela Organiza&ccedil;&atilde;o      das Na&ccedil;&otilde;es Unidas (ONU) para incentivar o interesse cient&iacute;fico      por essa &aacute;rea, sobretudo entre os segmentos mais jovens. O tema      do evento &eacute; O Universo a ser descoberto por voc&ecirc;. A Unesco      e a Uni&atilde;o Astron&ocirc;mica Internacional (IAU) est&atilde;o      respons&aacute;veis pela coordena&ccedil;&atilde;o das atividades comemorativas.<\/p>\n<p>     No Brasil, a organiza&ccedil;&atilde;o do evento est&aacute; estruturada      em rede, composta por &#8220;n&oacute;s&#8221;, pontos locais e regionais,      formados por entidades amadoras, institui&ccedil;&otilde;es de pesquisa      e de ensino. Em Belo Horizonte, um dos &#8220;n&oacute;s&#8221; &eacute;      coordenado pelo professor do Departamento de F&iacute;sica Renato Las      Casas, que tamb&eacute;m &eacute; respons&aacute;vel pelo Observat&oacute;rio      Astron&ocirc;mico Frei Ros&aacute;rio da UFMG, localizado na Serra da      Piedade. &#8230;<\/p>\n<p>     (Fonte: <a href=\"http:\/\/www.ufmg.br\/online\/arquivos\/010763.shtml\" target=\"_blank\">http:\/\/www.ufmg.br\/online\/arquivos\/010763.shtml<\/a>      &#8211; 14\/01\/2009)<\/font><\/p>\n<p align=\"justify\">&nbsp;<\/p>\n<p align=\"center\">&nbsp;<\/p>\n<div align=\"center\"><\/div>\n<div align=\"center\"> <span class=\"texto\"><br \/>     <\/span><br \/>     <span class=\"texto\"> <br \/>     <\/span>    <\/div>\n<\/td>\n<\/tr>\n<tr>\n<td align=\"LEFT\" valign=\"TOP\"><\/td>\n<td align=\"LEFT\" valign=\"TOP\">\n<p align=\"justify\"><span class=\"texto\"><a name=\"ainformativo5\" id=\"5\"><span class=\"titulo\">PROJETO      CAMINHADAS DE VER&Atilde;O<\/span><\/a><\/span><\/p>\n<p align=\"justify\"><font face=\"2\">Est&atilde;o      abertas, desde 05 de janeiro de 2009, as inscri&ccedil;&otilde;es para      o projeto Caminhadas de Ver&atilde;o. O projeto consiste em caminhadas      agrad&aacute;veis pelas trilhas interpretativas da <br \/>     Esta&ccedil;&atilde;o Ecol&oacute;gica da UFMG, acompanhadas por monitores      universit&aacute;rios, onde s&atilde;o abordados temas relacionados      aos biomas Cerrado e Mata Atl&acirc;ntica, conserva&ccedil;&atilde;o      ambiental, ocupa&ccedil;&atilde;o urbana e educa&ccedil;&atilde;o ambiental.      <\/p>\n<p>     S&atilde;o dois os hor&aacute;rios dispon&iacute;veis: manh&atilde;:      09h &agrave;s 11h e tarde: 15h &agrave;s 17h e deve ser feito um agendamento      pr&eacute;vio pelos telefones 3409-2295 ou 3409-2296. <\/p>\n<p>     O custo &eacute; de R$ 2,00 por pessoa, sendo que professores, funcion&aacute;rios      e alunos da UFMG t&ecirc;m entrada franca. <\/p>\n<p>     Maiores informa&ccedil;&otilde;es: Esta&ccedil;&atilde;o Ecol&oacute;gica      da UFMG, Campus Pampulha &#8211; Tel.: (31) 3409-2295 \/ 3409-2296, e-mail:      <a href=\"mailto:eeco@reitoria.ufmg.br\" target=\"_blank\">eeco@reitoria.ufmg.br<\/a>.      <\/font>    <\/p>\n<p align=\"justify\">&nbsp;<\/p>\n<p align=\"center\">&nbsp;<\/p>\n<div align=\"center\"><\/div>\n<div align=\"center\"> <span class=\"texto\"><br \/>     <\/span><br \/>     <span class=\"texto\"> <br \/>     <\/span>    <\/div>\n<\/td>\n<\/tr>\n<p>  <!-- #BeginEditable \"materias\" --> <!-- #EndEditable -->  <\/table>\n<p> <!-- fim noticias --> <!-- tabela ha 20 anos --> <\/p>\n<table border=\"0\" cellspacing=\"0\" cellpadding=\"0\" class=\"cinza\">\n<tr>\n<td><img loading=\"lazy\" decoding=\"async\" src=\"https:\/\/www.ufmg.br\/dti\/wp-content\/uploads\/imgs\/tudo_pixel.gif\" width=\"1\" height=\"1\" alt=\"\" border=\"0\"><\/td>\n<td><img loading=\"lazy\" decoding=\"async\" src=\"https:\/\/www.ufmg.br\/dti\/wp-content\/uploads\/imgs\/tudo_pixel.gif\" width=\"19\" height=\"1\" alt=\"\" border=\"0\"><\/td>\n<td><img loading=\"lazy\" decoding=\"async\" src=\"https:\/\/www.ufmg.br\/dti\/wp-content\/uploads\/imgs\/tudo_pixel.gif\" width=\"510\" height=\"1\" alt=\"\" border=\"0\"><\/td>\n<td><img loading=\"lazy\" decoding=\"async\" src=\"https:\/\/www.ufmg.br\/dti\/wp-content\/uploads\/imgs\/tudo_pixel.gif\" width=\"19\" height=\"1\" alt=\"\" border=\"0\"><\/td>\n<td><img loading=\"lazy\" decoding=\"async\" src=\"https:\/\/www.ufmg.br\/dti\/wp-content\/uploads\/imgs\/tudo_pixel.gif\" width=\"1\" height=\"1\" alt=\"\" border=\"0\"><\/td>\n<\/tr>\n<tr>\n<td class=\"vermelho\" colspan=\"5\"><img loading=\"lazy\" decoding=\"async\" src=\"https:\/\/www.ufmg.br\/dti\/wp-content\/uploads\/imgs\/tudo_pixel.gif\" width=\"1\" height=\"1\" alt=\"\" border=\"0\"><\/td>\n<\/tr>\n<tr>\n<td class=\"vermelho\"><img loading=\"lazy\" decoding=\"async\" src=\"https:\/\/www.ufmg.br\/dti\/wp-content\/uploads\/imgs\/tudo_pixel.gif\" width=\"1\" height=\"1\" alt=\"\" border=\"0\"><\/td>\n<td><img loading=\"lazy\" decoding=\"async\" src=\"https:\/\/www.ufmg.br\/dti\/wp-content\/uploads\/imgs\/tudo_pixel.gif\" width=\"1\" height=\"1\" alt=\"\" border=\"0\"><\/td>\n<td align=\"LEFT\" valign=\"TOP\"><!-- #BeginEditable \"ha%2020%20anos\" --><a name=\"ainformativo6\" id=\"6\"><img loading=\"lazy\" decoding=\"async\" src=\"https:\/\/www.ufmg.br\/dti\/wp-content\/uploads\/imgs\/tudo_pixel.gif\" width=\"1\" height=\"8\" alt=\"\" border=\"0\"><br \/>    <span class=\"titulo\">H\u00e1 20 anos&#8230;<\/span><\/a>     <\/p>\n<p align=\"justify\"><span class=\"texto\"> Nas edi&ccedil;&otilde;es de n&uacute;meros      1 e 2 de 1989, foram publicadas not&iacute;cias sobre implanta&ccedil;&atilde;o      dos Sistemas no SPO, instala&ccedil;&atilde;o de um microcomputador      PC S!D 501 na Divis&atilde;o de Controle de Produ&ccedil;&atilde;o,      Plano Diretor de Inform&aacute;tica, digita&ccedil;&atilde;o do acervo      da biblioteca do CECOM, testes do software SSE da MSA Infor, paradas      do Sistema A10, entre outras.<\/span><span class=\"texto\"><strong><\/p>\n<p>     GUIA DO USU&Aacute;RIO<br \/>     <\/strong><font face=\"1\">Foi distribu&iacute;da, na &uacute;ltima reuni&atilde;o      de diretoria, na segunda-feira, dia 02, a primeira vers&atilde;o do      Guia do Usu&aacute;rio, que ser&aacute; enviado aos &oacute;rg&atilde;os      e unidades da UFMG que forem se conectando &agrave; rede de teleprocessamento      do A10.<br \/>     Esta primeira vers&atilde;o est&aacute; aberta a cr&iacute;ticas e sugest&otilde;es,      estando 1 exemplar dispon&iacute;vel em cada divis&atilde;o. Qualquer      coment&aacute;rio acerca do conte&uacute;do do guia dever&aacute; ser      encaminhado &agrave; Diretoria at&eacute; a pr&oacute;xima reuni&atilde;o,      dia 16, quando ent&atilde;o ser&aacute; consolidada a vers&atilde;o      que ser&aacute; enviada aos usu&aacute;rios.<br \/>     Durante a reuni&atilde;o, quando da apresenta&ccedil;&atilde;o do guia,      procurou-se deixar claro que o conte&uacute;do do mesmo deve ser expandido      &agrave; medida que novos produtos on-line forem apresentados.<\/font><\/span><\/p>\n<p align=\"justify\"><font face=\"1\"><span class=\"texto\"><strong>N&Uacute;CLEO      DO HC LIGADO AO HERMES<\/strong><\/span><br \/>     A conex&atilde;o do N&uacute;cleo de Computa&ccedil;&atilde;o da Sa&uacute;de      com o A10 na Reitoria est&aacute; sendo efetivada atrav&eacute;s da      linha discada para permitir o acesso ao Correio Eletr&ocirc;nico &#8211; Hermes      e &agrave; utiliza&ccedil;&atilde;o do SCP &#8211; Sistema de Controle de      Projetos.<\/font><\/p>\n<div align=\"justify\">\n<p><span class=\"texto\"><\/span><\/p>\n<\/p><\/div>\n<p>    <!-- #EndEditable --><br \/> <img loading=\"lazy\" decoding=\"async\" src=\"https:\/\/www.ufmg.br\/dti\/wp-content\/uploads\/imgs\/tudo_pixel.gif\" width=\"1\" height=\"8\" alt=\"\" border=\"0\"><\/td>\n<td><img loading=\"lazy\" decoding=\"async\" src=\"https:\/\/www.ufmg.br\/dti\/wp-content\/uploads\/imgs\/tudo_pixel.gif\" width=\"1\" height=\"1\" alt=\"\" border=\"0\"><\/td>\n<td class=\"vermelho\"><img loading=\"lazy\" decoding=\"async\" src=\"https:\/\/www.ufmg.br\/dti\/wp-content\/uploads\/imgs\/tudo_pixel.gif\" width=\"1\" height=\"1\" alt=\"\" border=\"0\"><\/td>\n<\/tr>\n<tr>\n<td class=\"vermelho\" colspan=\"5\"><img loading=\"lazy\" decoding=\"async\" src=\"https:\/\/www.ufmg.br\/dti\/wp-content\/uploads\/imgs\/tudo_pixel.gif\" width=\"1\" height=\"1\" alt=\"\" border=\"0\"><\/td>\n<\/tr>\n<\/table>\n<p> <!-- fim tabela ha 20 anos --><\/div>\n<p><a name='eventos'><\/a><\/p>\n<h4>Eventos<\/h4>\n<div class=\"centro-sistematico\">  <!-- noticias --> <\/p>\n<table border=\"0\" cellspacing=\"0\" cellpadding=\"0\">\n<tr>\n<td><\/td>\n<td><\/td>\n<\/tr>\n<tr>\n<td align=\"LEFT\" valign=\"TOP\"><\/td>\n<td align=\"LEFT\" valign=\"TOP\">\n<p><a name=\"aeventos2\" id=\"2\"><span class=\"titulo\">SOCIAIS<\/span><\/a><\/p>\n<p align=\"justify\"><span class=\"texto\"><strong>ANIVERS&Aacute;RIOS: <\/strong><em>&#8220;O      Sistem&aacute;tico&#8221; envia os parab&eacute;ns atrasados para Ronaldo      Ara&uacute;jo Costa, no dia 03; Jo&atilde;o Cloves Coelho, no dia 10.      E para os ex-ceconianos: Jos&eacute; Ant&ocirc;nio de Faria e Pedro      Luiz Caetano Filho, no dia 1&ordm;; Fabiano Teixeira Lana e Rodrigo      Cazzeta, no dia 02; Lu&iacute;s Ant&ocirc;nio Soares, no dia 03; Luiz      Henrique de Ara&uacute;jo Vecchio, no dia 06; prof. Jo&atilde;o Carlos      Pires Bauer, no dia 08; Rodolfo S&eacute;rgio Ferreira de Rezende, no      dia 12; Adriana Helo&iacute;sa Lima Bittencourt, Lindaura Rosa dos Santos      e Luiz Flaviano dos Santos, no dia 14. Os parab&eacute;ns, em dia, para      os ex-ceconianos: prof. Jos&eacute; Nagib Cotrim &Aacute;rabe e Joaquim      Lopes J&uacute;nior, hoje, dia 15; Helen Lan Kwai Wah, no dia 16; Maria      de Lourdes Moreira Braga e Marli de Freitas Gomes, no dia 17; Ilza Maria      Morais Diniz e Simone Val&eacute;ria Borges, no dia 18; Adriana Maria      Cunha Mello Figueiredo, no dia 20; Geraldo Correia de Moura Baptista,      Djim de Andrade Martins, Andr&eacute; Nogueira Sousa e Edson Barbosa      Duarte, no dia 21; Ana Paula Lima Figueiredo e Renato Baumgratz Viotti,      no dia 22.<\/em><\/span><\/p>\n<p><span class=\"texto\"><\/span><\/p>\n<p align=\"justify\">&nbsp; <\/p>\n<p>    <span class=\"texto\"><\/span><\/td>\n<\/tr>\n<tr>\n<td align=\"LEFT\" valign=\"TOP\"><\/td>\n<td align=\"LEFT\" valign=\"TOP\">\n<p align=\"justify\"><a name=\"aeventos3\" id=\"3\"><span class=\"titulo\">MEM&Oacute;RIA      FOTOGR&Aacute;FICA DO CECOM<\/span><\/a><\/p>\n<p>     <span class=\"texto\">Nada melhor do que relembrar como o 8&ordm; andar      foi decorado em dezembro\/2008: uma &aacute;rvore de Natal estilizada      e uma casa de bonecas da era vitoriana, preparada para as festas de      final de ano. Muitos do CECOM j&aacute; conheciam esta casa de bonecas,      mas desta vez foram acrescentados diversos itens como a ceia de Natal      e crian&ccedil;as brincando no jardim. As fotos s&atilde;o de Z&eacute;lia      Falc&atilde;o.<\/span><\/p>\n<p align=\"center\"><img loading=\"lazy\" decoding=\"async\" src=\"https:\/\/www.ufmg.br\/dti\/wp-content\/uploads\/fotos\/15_01_09\/presepio_cecom_01.jpg\" width=\"500\" height=\"389\"><br \/>     <em><font face=\"1\">A casa de bonecas preparada para as festas de final      de ano<\/font><\/em><\/p>\n<p>     <img loading=\"lazy\" decoding=\"async\" src=\"https:\/\/www.ufmg.br\/dti\/wp-content\/uploads\/fotos\/15_01_09\/presepio_cecom_05.jpg\" width=\"500\" height=\"388\">      <br \/>     <em><font face=\"1\">A sala<\/font><\/em><\/p>\n<p>     <img loading=\"lazy\" decoding=\"async\" src=\"https:\/\/www.ufmg.br\/dti\/wp-content\/uploads\/fotos\/15_01_09\/presepio_cecom_06.jpg\" width=\"500\" height=\"368\">      <br \/>     <font face=\"1\"><em>O quarto do casal<\/em><\/font><\/p>\n<p>     <img loading=\"lazy\" decoding=\"async\" src=\"https:\/\/www.ufmg.br\/dti\/wp-content\/uploads\/fotos\/15_01_09\/presepio_cecom_07.jpg\" width=\"500\" height=\"365\"><br \/>     <font face=\"1\"><em>A governanta em seu quarto no s&oacute;t&atilde;o<\/em><\/font><br \/>     <img loading=\"lazy\" decoding=\"async\" src=\"https:\/\/www.ufmg.br\/dti\/wp-content\/uploads\/fotos\/15_01_09\/presepio_cecom_08.jpg\" width=\"500\" height=\"359\">      <br \/>     <font face=\"1\"><em>O quarto de brinquedos no s&oacute;t&atilde;o<\/em><\/font><\/p>\n<p>     <img loading=\"lazy\" decoding=\"async\" src=\"https:\/\/www.ufmg.br\/dti\/wp-content\/uploads\/fotos\/15_01_09\/presepio_cecom_09.jpg\" width=\"500\" height=\"375\">      <br \/>     <font face=\"1\"><em>O banheiro<\/em><\/font><\/p>\n<p>     <img loading=\"lazy\" decoding=\"async\" src=\"https:\/\/www.ufmg.br\/dti\/wp-content\/uploads\/fotos\/15_01_09\/presepio_cecom_10.jpg\" width=\"500\" height=\"384\">      <br \/>     <font face=\"1\"><em>A cozinha<\/em><\/font><\/p>\n<p>     <img loading=\"lazy\" decoding=\"async\" src=\"https:\/\/www.ufmg.br\/dti\/wp-content\/uploads\/fotos\/15_01_09\/presepio_cecom_11.jpg\" width=\"500\" height=\"375\"><br \/>     <font face=\"1\"><em>Os convidados e a ceia de Natal <\/em><\/font><\/p>\n<p>     <img loading=\"lazy\" decoding=\"async\" src=\"https:\/\/www.ufmg.br\/dti\/wp-content\/uploads\/fotos\/15_01_09\/presepio_cecom_12.jpg\" width=\"500\" height=\"375\">      <br \/>     <font face=\"1\"><em>As crian&ccedil;as brincando no jardim <\/em><\/font><\/p>\n<p align=\"justify\">&nbsp; <\/p>\n<p>    <span class=\"texto\"><\/span><\/td>\n<\/tr>\n<p>  <!-- #BeginEditable \"materias\" --> <!-- #EndEditable -->  <\/table>\n<p> <!-- fim noticias --><\/div>\n","protected":false},"excerpt":{"rendered":"<p>Not\u00edcias DI&Aacute;RIO DE CLASSE ULTRAPASSA 60% DE USO NAS TURMAS DE GRADUA&Ccedil;&Atilde;O SA&Iacute;DA DE ESTAGI&Aacute;RIAS NOVO ESTAGI&Aacute;RIO DO CECOM PRIMEIRA EDI&Ccedil;&Atilde;O DO ANO Informativo ESTAT&Iacute;STICAS DE SISTEMA ANTI-SPAM DE DEZEMBRO\/2008 DICAS DE SITES INTERESSANTES PORTAL DE NOT&Iacute;CIAS E VE&Iacute;CULOS IMPRESSOS DA UFMG ADOTAM NORMAS DO NOVO ACORDO ORTOGR&Aacute;FICO BELO HORIZONTE TER&Aacute; NOVO OBSERVAT&Oacute;RIO ASTRON&Ocirc;MICO PROJETO &#8230; <a title=\"Sistem\u00e1tico: Edi\u00e7\u00e3o 1409 &#8211; 15\/01\/2009\" class=\"read-more\" href=\"https:\/\/www.ufmg.br\/dti\/2009\/01\/15\/sistematico-edicao-1409-15012009\/\" aria-label=\"Read more about Sistem\u00e1tico: Edi\u00e7\u00e3o 1409 &#8211; 15\/01\/2009\">Ler mais<\/a><\/p>\n","protected":false},"author":3,"featured_media":0,"comment_status":"open","ping_status":"open","sticky":false,"template":"","format":"standard","meta":{"inline_featured_image":false,"footnotes":""},"categories":[13],"tags":[],"coauthors":[79],"class_list":["post-3035","post","type-post","status-publish","format-standard","hentry","category-sistematico"],"_links":{"self":[{"href":"https:\/\/www.ufmg.br\/dti\/wp-json\/wp\/v2\/posts\/3035","targetHints":{"allow":["GET"]}}],"collection":[{"href":"https:\/\/www.ufmg.br\/dti\/wp-json\/wp\/v2\/posts"}],"about":[{"href":"https:\/\/www.ufmg.br\/dti\/wp-json\/wp\/v2\/types\/post"}],"author":[{"embeddable":true,"href":"https:\/\/www.ufmg.br\/dti\/wp-json\/wp\/v2\/users\/3"}],"replies":[{"embeddable":true,"href":"https:\/\/www.ufmg.br\/dti\/wp-json\/wp\/v2\/comments?post=3035"}],"version-history":[{"count":0,"href":"https:\/\/www.ufmg.br\/dti\/wp-json\/wp\/v2\/posts\/3035\/revisions"}],"wp:attachment":[{"href":"https:\/\/www.ufmg.br\/dti\/wp-json\/wp\/v2\/media?parent=3035"}],"wp:term":[{"taxonomy":"category","embeddable":true,"href":"https:\/\/www.ufmg.br\/dti\/wp-json\/wp\/v2\/categories?post=3035"},{"taxonomy":"post_tag","embeddable":true,"href":"https:\/\/www.ufmg.br\/dti\/wp-json\/wp\/v2\/tags?post=3035"},{"taxonomy":"author","embeddable":true,"href":"https:\/\/www.ufmg.br\/dti\/wp-json\/wp\/v2\/coauthors?post=3035"}],"curies":[{"name":"wp","href":"https:\/\/api.w.org\/{rel}","templated":true}]}}