{"id":3043,"date":"2008-10-30T08:00:00","date_gmt":"2008-10-30T08:00:00","guid":{"rendered":"https:\/\/www.ufmg.br\/dti\/cecom\/?p=1227"},"modified":"2008-10-30T08:00:00","modified_gmt":"2008-10-30T08:00:00","slug":"sistematico-edicao-1401-30102008","status":"publish","type":"post","link":"https:\/\/www.ufmg.br\/dti\/2008\/10\/30\/sistematico-edicao-1401-30102008\/","title":{"rendered":"Sistem\u00e1tico: Edi\u00e7\u00e3o 1401 &#8211; 30\/10\/2008"},"content":{"rendered":"<ul>\n<li><a href=\"\/dti\/#noticias\">Not\u00edcias<\/a>\n<div class='submenuSistematico'>\n<ul>\n<li><a href=\"\/dti\/#anoticias1\" id=\"1\"><span class=\"titulo\">FORPLAD     SEDIAR&Aacute; ENCONTRO DE DIRIGENTES DE TI EM ARACAJ&Uacute;<\/span><\/a><\/li>\n<li><a href=\"\/dti\/#anoticias2\"><span class=\"titulo\">CECOM PROMOVE     PREG&Atilde;O ELETR&Ocirc;NICO<\/span><\/a><\/li>\n<li><a href=\"\/dti\/#anoticias3\" id=\"3\"><span class=\"titulo\">FUNCION&Aacute;RIA      DO CECOM PARTICIPA DE COL&Oacute;QUIO INTERNACIONAL<\/span><\/a><\/li>\n<li><a href=\"\/dti\/#anoticias4\" id=\"4\"><span class=\"titulo\">DIA      DO TRABALHO ADOLESCENTE OFERECE ATIVIDADES DE LAZER AOS JOVENS DA CRUZ      VERMELHA<\/span><\/a><\/li>\n<\/ul>\n<\/div>\n<\/li>\n<li><a href=\"\/dti\/#informativo\">Informativo<\/a>\n<div class='submenuSistematico'>\n<ul>\n<li><a href=\"\/dti\/#ainformativo1\" id=\"1\"><span class=\"titulo\">DICAS      DE SITES INTERESSANTES<\/span><\/a><\/li>\n<li><a href=\"\/dti\/#ainformativo2\" id=\"2\"><span class=\"titulo\">PLANO      DE SA&Uacute;DE &#8211; SERVIDOR REC&Eacute;M-EMPOSSADO<\/span><\/a><\/li>\n<li><a href=\"\/dti\/#ainformativo3\" id=\"3\"><span class=\"titulo\">UFMG      DIVULGA A LISTA DE COMTEMPLADOS COM B&Ocirc;NUS NO VESTIBULAR 2009<\/span><\/a><\/li>\n<li><a href=\"\/dti\/#ainformativo4\" id=\"4\"><span class=\"titulo\">COME&Ccedil;A      UFMG JOVEM<\/span><\/a><\/li>\n<li><a href=\"\/dti\/#ainformativo5\" id=\"5\"><span class=\"titulo\">VAGAS      PARA O CENTRO PEDAG&Oacute;GICO SER&Atilde;O SORTEADAS NESTA SEXTA-FEIRA<\/span><\/a><\/li>\n<li><a href=\"\/dti\/#ainformativo6\" id=\"6\"><img loading=\"lazy\" decoding=\"async\" src=\"https:\/\/www.ufmg.br\/dti\/wp-content\/uploads\/imgs\/tudo_pixel.gif\" width=\"1\" height=\"8\" alt=\"\" border=\"0\"><br \/>    <span class=\"titulo\">H\u00e1 20 anos&#8230;<\/span><\/a><\/li>\n<\/ul>\n<\/div>\n<\/li>\n<li><a href=\"\/dti\/#eventos\">Eventos<\/a>\n<div class='submenuSistematico'>\n<ul>\n<li><a href=\"\/dti\/#aeventos1\"><span class=\"titulo\">SOCIAIS<\/span><\/a><\/li>\n<li><a href=\"\/dti\/#aeventos2\" id=\"2\"><span class=\"titulo\">MEM&Oacute;RIA      FOTOGR&Aacute;FICA<\/span><\/a><\/li>\n<\/ul>\n<\/div>\n<\/li>\n<\/ul>\n<p> <a name='noticias'><\/a><\/p>\n<h4>Not\u00edcias<\/h4>\n<div class=\"centro-sistematico\">  <!-- noticias --> <\/p>\n<table border=\"0\" cellspacing=\"0\" cellpadding=\"0\">\n<tr>\n<td><\/td>\n<td><\/td>\n<\/tr>\n<p>  <!-- #BeginEditable \"materias\" -->   <\/p>\n<tr>\n<td align=\"LEFT\" valign=\"TOP\"><\/td>\n<td align=\"LEFT\" valign=\"TOP\"> <a name=\"anoticias1\" id=\"1\"><span class=\"titulo\">FORPLAD     SEDIAR&Aacute; ENCONTRO DE DIRIGENTES DE TI EM ARACAJ&Uacute;<\/span><\/a>     <\/p>\n<p align=\"justify\"><span class=\"texto\"> Ser&aacute; realizado no pr&oacute;ximo      dia 6 de novembro de 2008, em Aracaj&uacute;, uma reuni&atilde;o de      dirigentes de Tecnologia da Informa&ccedil;&atilde;o das Institui&ccedil;&otilde;es      Federais de Ensino Superior. Essa reuni&atilde;o ocorrer&aacute; simultaneamente      &agrave; reuni&atilde;o do Forplad &#8211; F&oacute;rum de Pr&oacute;-reitores      de Planejamento das IFES.<\/p>\n<p>     O principal objetivo do encontro dos dirigentes de TI &eacute; discutir      e avaliar a possibilidade de elabora&ccedil;&atilde;o de Projeto de      Constru&ccedil;&atilde;o Cooperada de um Sistema de Gest&atilde;o para      o Ensino Superior Brasileiro. Al&eacute;m disso, nesta reuni&atilde;o,      tamb&eacute;m ser&aacute; eleito um novo coordenador para o CGTIC &#8211;      Col&eacute;gio de Gestores de Tecnologia da Informa&ccedil;&atilde;o      e Comunica&ccedil;&atilde;o das IFES.<\/p>\n<p>     Representando a UFMG, estar&aacute; presente o Prof. Paulo Fernando      Seixas, diretor de Tecnologia da Informa&ccedil;&atilde;o da Universidade.<\/span>    <\/p>\n<p align=\"center\">&nbsp;<\/p>\n<p>    <span class=\"texto\">     <\/p>\n<p align=\"justify\">\n<p>    <\/span><\/td>\n<\/tr>\n<tr>\n<td align=\"LEFT\" valign=\"TOP\"><\/td>\n<td align=\"LEFT\" valign=\"TOP\"> <a name=\"anoticias2\"><span class=\"titulo\">CECOM PROMOVE     PREG&Atilde;O ELETR&Ocirc;NICO<\/span><\/a> <\/p>\n<p align=\"justify\"><span class=\"texto\">      O CECOM realizou, no dia 28 &uacute;ltimo, Preg&atilde;o Eletr&ocirc;nico      para aquisi&ccedil;&atilde;o de materiais e servi&ccedil;os para atualiza&ccedil;&atilde;o      e amplia&ccedil;&atilde;o dos sistemas telef&ocirc;nicos da UFMG, no      Campus Pampulha, no Campus Sa&uacute;de e Escola de Engenharia.<\/p>\n<p>     Essa aquisi&ccedil;&atilde;o permitir&aacute; &agrave; UFMG, dentre      outras coisas, viabilizar a infra-estrutura do novo pr&eacute;dio da      Engenharia no Campus 2000, a elimina&ccedil;&atilde;o de limita&ccedil;&otilde;es      atuais no sistema do Campus Sa&uacute;de e a amplia&ccedil;&atilde;o      da capacidade de interliga&ccedil;&atilde;o entre o PABX e o Sistema      VoIP. Foi vencedora do certame a empresa Damovo do Brasil S.A.<\/p>\n<p>     Participaram do processo: M&aacute;rcia Regina Lemos, diretora da Divis&atilde;o      de Apoio Administrativo (DAA), como pregoeira; Fernando Frota Machado      de Morais, diretor da Divis&atilde;o de Redes de Comunica&ccedil;&atilde;o      (DRC); Ant&ocirc;nio Carlos Soares, da DRC; e o estagi&aacute;rio Lucas      Marcel Fernandes Goulart, da DAA.<\/span><\/p>\n<p align=\"center\"><img loading=\"lazy\" decoding=\"async\" src=\"https:\/\/www.ufmg.br\/dti\/wp-content\/uploads\/fotos\/30_10_08\/pregao_outubro_2.jpg\" width=\"500\" height=\"375\"><br \/>     <font face=\"1\"><em>Ant&ocirc;nio Carlos, Lucas e M&aacute;rcia Lemos<\/em><\/font><\/p>\n<p align=\"center\">&nbsp;<\/p>\n<p>    <span class=\"texto\">     <\/p>\n<p>    <\/span><\/td>\n<\/tr>\n<tr>\n<td align=\"LEFT\" valign=\"TOP\"><\/td>\n<td align=\"LEFT\" valign=\"TOP\">\n<p align=\"justify\"><a name=\"anoticias3\" id=\"3\"><span class=\"titulo\">FUNCION&Aacute;RIA      DO CECOM PARTICIPA DE COL&Oacute;QUIO INTERNACIONAL<\/span><\/a><\/p>\n<p>     <span class=\"texto\">Ser&aacute; realizado no Rio de Janeiro, de 4 a      7 de novembro, a primeira edi&ccedil;&atilde;o do Col&oacute;quio Media&ccedil;&otilde;es      e Usos de Saberes e Informa&ccedil;&atilde;o: um di&aacute;logo Fran&ccedil;a-Brasil.      O evento &eacute; organizado por pesquisadores brasileiros e franceses      reunidos em torno da Rede Franco-Brasileira de Pesquisadores em Media&ccedil;&otilde;es      e Usos Sociais de Saberes e Informa&ccedil;&atilde;o &#8211; MUSSI, rede que      &eacute; resultado de trocas estabelecidas entre pesquisadores e institui&ccedil;&otilde;es      dos dois pa&iacute;ses durante os &uacute;ltimos anos (publica&ccedil;&otilde;es,      col&oacute;quios, cursos, confer&ecirc;ncias, visitas etc.).<\/p>\n<p>     No evento, Aleixina Maria Lopes Andal&eacute;cio, funcion&aacute;ria      da DAC e doutoranda em Ci&ecirc;ncia da Informa&ccedil;&atilde;o, vai      apresentar, no dia 5, o trabalho A transdisciplinaridade no discurso      e na pr&aacute;tica universit&aacute;ria: uma leitura do ponto de vista      informacional, baseado em sua pesquisa de doutorado. Aleixina ficar&aacute;,      ainda, respons&aacute;vel pela relatoria da mesa redonda A ci&ecirc;ncia      e suas redes: novas configura&ccedil;&otilde;es de escritas, publica&ccedil;&otilde;es      e colabora&ccedil;&otilde;es, que acontecer&aacute; no dia 7.<\/p>\n<p>     A programa&ccedil;&atilde;o completa do Col&oacute;quio pode ser consultada      em <a href=\"http:\/\/www.coloquiomussi.cict.fiocruz.br\/\" target=\"_blank\">http:\/\/www.coloquiomussi.cict.fiocruz.br\/<\/a>.<\/span><\/p>\n<p><span class=\"texto\"> <\/span><span class=\"texto\"> <\/span><\/p>\n<p>    <span class=\"texto\">     <\/p>\n<p>    <\/span><\/td>\n<\/tr>\n<tr>\n<td align=\"LEFT\" valign=\"TOP\"><\/td>\n<td align=\"LEFT\" valign=\"TOP\">\n<p align=\"justify\"><a name=\"anoticias4\" id=\"4\"><span class=\"titulo\">DIA      DO TRABALHO ADOLESCENTE OFERECE ATIVIDADES DE LAZER AOS JOVENS DA CRUZ      VERMELHA<\/span><\/a><\/p>\n<p>     <span class=\"texto\">A Pr&oacute;-Reitoria de Recursos Humanos (ProRH)      realiza, no dia 3 de novembro, o 6&ordm; Dia do Trabalho Adolescente      na UFMG. O evento &eacute; realizado anualmente no Centro Esportivo      Universit&aacute;rio (CEU), das 9 &agrave;s 17h. Os jovens contratados      pela UFMG via conv&ecirc;nio com a Cruz Vermelha Brasileira poder&atilde;o      desfrutar de diversas atividades de lazer. <\/p>\n<p>     A iniciativa tem tamb&eacute;m o objetivo de incentivar a boa conviv&ecirc;ncia      e a pr&aacute;tica de esportes. O evento integra o Programa de Prote&ccedil;&atilde;o      e Orienta&ccedil;&atilde;o ao Trabalhador Adolescente na UFMG (Porta),      atrav&eacute;s do qual a ProRH desenvolve atividades de car&aacute;ter      social.<\/span><\/p>\n<p align=\"justify\"><span class=\"texto\"> (Fonte: <a href=\"http:\/\/www.ufmg.br\/online\/arquivos\/010219.shtml\" target=\"_blank\">http:\/\/www.ufmg.br\/online\/arquivos\/010219.shtml<\/a>      &#8211; 30\/10\/2008)<\/p>\n<p>     Entre os participantes do Dia do Trabalho Adolescente na UFMG estar&aacute;      presente Peterson William Bueno de Oliveira, lotado no CECOM.<\/span><\/p>\n<p>&nbsp; <\/p>\n<p align=\"justify\"><span class=\"texto\"> <\/span><span class=\"texto\"> <\/span><\/p>\n<p>    <span class=\"texto\">     <\/p>\n<p>    <\/span><\/td>\n<\/tr>\n<p>  <!-- #EndEditable -->  <\/table>\n<p> <!-- fim noticias --><\/div>\n<p><a name='informativo'><\/a><\/p>\n<h4>Informativo<\/h4>\n<div class=\"centro-sistematico\">  <!-- noticias --> <\/p>\n<table border=\"0\" cellspacing=\"0\" cellpadding=\"0\">\n<tr>\n<td><\/td>\n<td><\/td>\n<\/tr>\n<tr>\n<td align=\"LEFT\" valign=\"TOP\"><\/td>\n<td align=\"LEFT\" valign=\"TOP\">\n<p align=\"justify\"><span class=\"texto\"><a name=\"ainformativo1\" id=\"1\"><span class=\"titulo\">DICAS      DE SITES INTERESSANTES<\/span><\/a><br \/>     <\/span><\/p>\n<p align=\"justify\"><span class=\"texto\"> Adyrus, o ca&ccedil;ador de sites,      enviou as seguintes dicas:<\/p>\n<p>     &#8211; N&atilde;o se esque&ccedil;a! Todas as dicas de sites publicadas no      jornal O Sistem&aacute;tico est&atilde;o tamb&eacute;m no meu blog:      <a href=\"http:\/\/adyrus-cacadordesites.blogspot.com\" target=\"_blank\">http:\/\/adyrus-cacadordesites.blogspot.com<\/a>.<\/p>\n<p>     &#8211; Corrija suas fotos com um &uacute;nico clique. Use os controles avan&ccedil;ados      para aperfei&ccedil;oar seus resultados. Corte, redimensione e gire      em tempo real. Um monte de efeitos especiais, desde os art&iacute;sticos      at&eacute; os divertidos. Espantosamente r&aacute;pido &#8211; direto no seu      navegador. Fontes sensacionais e ferramenta de digita&ccedil;&atilde;o      de excelente qualidade. Toneladas de formas de um grupo seleto de designers.      Tudo isto em <a href=\"http:\/\/www.picnik.com\" target=\"_blank\">http:\/\/www.picnik.com<\/a>.<\/p>\n<p>     &#8211; Os &uacute;ltimos lan&ccedil;amentos em tecnologia voc&ecirc; compra      na Buy4. Os pre&ccedil;os que est&atilde;o no site &eacute; para compra      on-line. Visite o endere&ccedil;o <a href=\"http:\/\/www.buy4less.com.br\" target=\"_blank\">http:\/\/www.buy4less.com.br<\/a>.<\/p>\n<p>     &#8211; Ser saud&aacute;vel depende, n&atilde;o s&oacute; daquilo que ingerimos,      mas tamb&eacute;m da forma como o fazemos. O prazer de comer est&aacute;      em alimentarmos o corpo juntamente com o prazer de alimentarmos a alma.      Saiba mais em<a href=\"http:\/\/www.comernaturalmente.blogspot.com\" target=\"_blank\">      http:\/\/www.comernaturalmente.blogspot.com<\/a>.<\/p>\n<p>     &#8211; Uma pesquisa sobre h&aacute;bitos alimentares da Universidade de Osaka,      no Jap&atilde;o, publicada na British Medical Journal concluiu que comer      depressa engorda mais. Veja em <a href=\"http:\/\/www.medicinasnaturais.blogspot.com\" target=\"_blank\">http:\/\/www.medicinasnaturais.blogspot.com<\/a>.<\/p>\n<p>     &#8211; Muito engra&ccedil;ado &eacute; Hit Trash Funk do Iphone. D&ecirc;      boas gargalhadas em <a href=\"http:\/\/xpock.com.br\/hit-trash-do-momento-o-funk-do-iphone\" target=\"_blank\">http:\/\/xpock.com.br\/hit-trash-do-momento-o-funk-do-iphone<\/a>.<\/p>\n<p>     &#8211; Muito interessante &eacute; o site de pesquisa <a href=\"http:\/\/search.io\" target=\"_blank\">http:\/\/search.io<\/a>.      Clique na op&ccedil;&atilde;o &#8220;Search Engines&#8221; e escolha      o que quer pesquisar. (Site em Ingl&ecirc;s)<\/p>\n<p>     &#8211; Maravilhosas s&atilde;o as fotografias feitas com a &aacute;gua. Veja      que efeitos maravilhosos. Clique na foto para ver a imagem ampliada.      O endre&ccedil;o &eacute; <a href=\"http:\/\/www.pbase.com\/fotoopa\/water_figures_2007\" target=\"_blank\">http:\/\/www.pbase.com\/fotoopa\/water_figures_2007<\/a>.      (Site em Ingl&ecirc;s)<\/p>\n<p>     &#8211; Uma boa dica para quem n&atilde;o sabe o que fazer com as garrafas      velhas &eacute; o site Artes com Garrafas, no endre&ccedil;o <a href=\"http:\/\/www.xiztudo.com\/2008\/10\/arte-com-garrafas.html\" target=\"_blank\">http:\/\/www.xiztudo.com\/2008\/10\/arte-com-garrafas.html<\/a>.<br \/>     Dicas do Gabriel, da DAA:<\/p>\n<p>     &#8211; Wario Land &#8211; Shake It! &eacute; o novo jogo do inimigo de Mario nos      v&iacute;deo-games. O game sai para Nintendo Wii e j&aacute; come&ccedil;a      detonando na divulga&ccedil;&atilde;o. Visite o canal Experience Wii      no Youtube e entenda o que eu quero dizer. Veja em <a href=\"http:\/\/br.youtube.com\/experiencewii\" target=\"_blank\">http:\/\/br.youtube.com\/experiencewii<\/a>.<\/p>\n<p>     &#8211; Cacildes, agora j&aacute; existe um tradutor de qualquer texto para      a linguagem do personagem Mussum, do saudoso programa Os Trapalh&otilde;es.      Veja no endere&ccedil;o: <a href=\"http:\/\/www.camaleon.com.br\/vacuo\/mussumgrapher.swf\" target=\"_blank\">http:\/\/www.camaleon.com.br\/vacuo\/mussumgrapher.swf<\/a>.<\/p>\n<p>     &#8211; Os notebooks da Apple mais conhecidos como Macbooks ganham uma vers&atilde;o      de luxo &#8211; e exclusividade, claro. A Computer Choppers finalizou seu      primeiro modelo de Ouro 24K e Diamantes do Macbook Pro. Veja no endere&ccedil;o      <a href=\"http:\/\/www.hitechlive.com.br\/archives\/macbook-pro-com-ouro-24k-diamantes\/\" target=\"_blank\">http:\/\/www.hitechlive.com.br\/archives\/macbook-pro-com-ouro-24k-diamantes\/<\/a>.<\/p>\n<p>     &#8211; Seu computador est&aacute; lento e quase parando? Veja as 55 dicas      para deixar seu computador mais r&aacute;pido no endere&ccedil;o: <a href=\"http:\/\/www.comofaco.com\/2006\/12\/26\/55-toques-para-deixar-um-pc-mais-rapido-2\/\" target=\"_blank\">http:\/\/www.comofaco.com\/2006\/12\/26\/55-toques-para-deixar-um-pc-mais-rapido-2\/<\/a>.<\/span><span class=\"texto\"><br \/>     <\/span><br \/>     <span class=\"texto\"> <br \/>     <\/span>    <\/p>\n<\/td>\n<\/tr>\n<tr>\n<td align=\"LEFT\" valign=\"TOP\"><\/td>\n<td align=\"LEFT\" valign=\"TOP\">\n<p align=\"justify\"><span class=\"texto\"><a name=\"ainformativo2\" id=\"2\"><span class=\"titulo\">PLANO      DE SA&Uacute;DE &#8211; SERVIDOR REC&Eacute;M-EMPOSSADO<\/span><\/a><\/span><\/p>\n<p align=\"justify\"><span class=\"texto\">O Depto. de Administra&ccedil;&atilde;o      de Pessoal (DAP) comunica que, tendo em vista que o &sect; 2&ordm;,      do art. 4&ordm; da Portaria Normativa n&ordm; 01, de 27\/12\/2007, da      SRH\/MP, disp&otilde;e que &eacute; isento de car&ecirc;ncia o servidor      rec&eacute;m-empossado, bem como seus dependentes, se a ades&atilde;o      ao plano de sa&uacute;de ocorrer dentro de 60 (sessenta) dias contados      da data do efetivo exerc&iacute;cio, &eacute; necess&aacute;rio anexar      ao Termo de Ades&atilde;o desses servidores o comprovante da data do      efetivo exerc&iacute;cio.<\/span><\/p>\n<p align=\"center\">&nbsp;<\/p>\n<div align=\"center\"><\/div>\n<div align=\"center\"> <span class=\"texto\"><br \/>     <\/span><br \/>     <span class=\"texto\"> <br \/>     <\/span>    <\/div>\n<\/td>\n<\/tr>\n<tr>\n<td align=\"LEFT\" valign=\"TOP\"><\/td>\n<td align=\"LEFT\" valign=\"TOP\">\n<p align=\"justify\"><span class=\"texto\"><a name=\"ainformativo3\" id=\"3\"><span class=\"titulo\">UFMG      DIVULGA A LISTA DE COMTEMPLADOS COM B&Ocirc;NUS NO VESTIBULAR 2009<\/span><\/a><\/span><\/p>\n<p align=\"justify\"><span class=\"texto\">Os candidatos ao Vestibular UFMG      2009 j&aacute; podem consultar no site da Comiss&atilde;o Permanente      do Vestibular (Copeve) da UFMG se a inscri&ccedil;&atilde;o ao Programa      de B&ocirc;nus foi deferida. <\/p>\n<p>     No ato da inscri&ccedil;&atilde;o ao Vestibular, 24.276 candidatos optaram      pelo Programa de B&ocirc;nus, informando ter cursado as quatro &uacute;ltimas      s&eacute;ries do Ensino Fundamental e todo o Ensino M&eacute;dio em      escola p&uacute;blica e, destes, 14.655 se autodeclararam negros ou      pardos. Os treineiros n&atilde;o puderam optar pelo programa. <\/p>\n<p>     Segundo a Copeve, o B&ocirc;nus foi temporariamente deferido &#8211; sujeito      a apresenta&ccedil;&atilde;o do documento original no ato do Registro      Acad&ecirc;mico &#8211; para 16.789 candidatos, o que equivale a 69,2% do      n&uacute;mero de pedidos. Destes, 10.215 (15% do total) far&atilde;o      jus ao B&ocirc;nus de 15% pois, al&eacute;m da trajet&oacute;ria escolar      definida pelo Programa, se auto-declararam negros ou pardos.<\/p>\n<p>     Foram indeferidos 1.852 pedidos, j&aacute; que os documentos enviados      &agrave; Copeve n&atilde;o comprovam <br \/>     a trajet&oacute;ria escolar definida pelo Programa. Al&eacute;m disso,      5.635 candidatos que haviam optado pelo Programa de B&ocirc;nus n&atilde;o      enviaram a documenta&ccedil;&atilde;o comprobat&oacute;ria &agrave;      Copeve, o que, segundo o edital do Vestibular UFMG 2009, impede que      concorram ao benef&iacute;cio. &#8220;Tais candidatos concorrer&atilde;o      ao Vestibular nas mesmas condi&ccedil;&otilde;es dos demais candidatos      n&atilde;o-optantes ao Programa de B&ocirc;nus&#8221;, esclarece a coordenadora      geral da Copeve, professora Vera Resende.<br \/>     <strong><br \/>     Licenciaturas<\/strong> &#8211; Entre os 509 candidatos &agrave;s licenciaturas      do Campo e Ind&iacute;gena, 369 optaram pelo Programa de B&ocirc;nus.      Foram deferidos temporariamente &#8211; sujeito a apresenta&ccedil;&atilde;o      do documento original no ato do Registro Acad&ecirc;mico &#8211; o pedido      de 167 candidatos (43,3% do total). Destes, 111 (15% do total) se autodeclararam      negros ou pardos. Foram indeferidos 69 dos 369 pedidos, uma vez que      a documenta&ccedil;&atilde;o apresentada n&atilde;o comprova a trajet&oacute;ria      escolar exigida pelo Programa, e outros 133 candidatos n&atilde;o enviaram      &agrave; Copeve os documentos necess&aacute;rios.<\/p>\n<p>     <strong>Condi&ccedil;&otilde;es<\/strong> &#8211; Segundo o edital do Concurso,      ter cursado as quatro &uacute;ltimas s&eacute;ries do Ensino Fundamental      e todo o Ensino M&eacute;dio em escola p&uacute;blica &eacute; a condi&ccedil;&atilde;o      necess&aacute;ria para que o candidato receba b&ocirc;nus de 10% em      sua nota final, em cada uma das etapas do Vestibular UFMG 2009, ou seja,      &agrave; nota final de cada etapa desse candidato ser&aacute; aplicado      um multiplicador de 1,10. J&aacute; os que se declararam negros ou pardos      e tiveram o pedido deferido ter&atilde;o sua nota acrescida em 15%,      ou seja, &agrave; nota final desse candidato, em cada etapa, ser&aacute;      aplicado um multiplicador de 1,15. <\/p>\n<p>     Contudo, o candidato que participa do Programa de B&ocirc;nus e for      aprovado no Vestibular UFMG 2009, dever&aacute; apresentar os originais      dos documentos na data do Registro Acad&ecirc;mico. Caso n&atilde;o      o fa&ccedil;a, perder&aacute; direito ao b&ocirc;nus e concorrer&aacute;      ao Vestibular nas mesmas condi&ccedil;&otilde;es dos demais candidatos      n&atilde;o-optantes.<\/p>\n<p>     Cada candidato ter&aacute; acesso a suas informa&ccedil;&otilde;es pessoais,      ao informar n&uacute;mero de inscri&ccedil;&atilde;o e senha, no site      da Copeve. (<em>Com informa&ccedil;&otilde;es da Assessoria de Imprensa      da UFMG)<br \/>     <\/em><br \/>     (Fonte: <a href=\"http:\/\/www.ufmg.br\/online\/arquivos\/010209.shtml\" target=\"_blank\">http:\/\/www.ufmg.br\/online\/arquivos\/010209.shtml<\/a>      &#8211; 29\/10\/2008) <br \/>     <\/span><\/p>\n<p align=\"center\">&nbsp;<\/p>\n<div align=\"center\"><\/div>\n<div align=\"center\"> <span class=\"texto\"><br \/>     <\/span><br \/>     <span class=\"texto\"> <br \/>     <\/span>    <\/div>\n<\/td>\n<\/tr>\n<tr>\n<td align=\"LEFT\" valign=\"TOP\"><\/td>\n<td align=\"LEFT\" valign=\"TOP\">\n<p align=\"justify\"><span class=\"texto\"><a name=\"ainformativo4\" id=\"4\"><span class=\"titulo\">COME&Ccedil;A      UFMG JOVEM<\/span><\/a><\/span><\/p>\n<p align=\"justify\"><span class=\"texto\">A partir desta quinta-feira, 30,      a Pra&ccedil;a de Servi&ccedil;os recebe exposi&ccedil;&otilde;es interativas      e experimentos cient&iacute;ficos que integram a programa&ccedil;&atilde;o      da IX UFMG Jovem e da II Feira de Ci&ecirc;ncias da Educa&ccedil;&atilde;o      B&aacute;sica de Minas Gerais (Feceb-MG), al&eacute;m de diversas atividades      culturais. <\/p>\n<p>     Participam 80 escolas da rede p&uacute;blica estadual e municipal e      particulares de v&aacute;rias cidades do Estado, como Entre Folhas,      Caratinga, Contagem, Betim, Montes Claros e Patos de Minas, entre outras.<\/p>\n<p>     Come&ccedil;am hoje tamb&eacute;m as oficinas que ser&atilde;o realizadas      no Centro Pedag&oacute;gico, no Col&eacute;gio <br \/>     T&eacute;cnico (Coltec) e em 13 unidades acad&ecirc;micas da Universidade.      Suas propostas est&atilde;o pautadas em eixos variados como gen&eacute;tica,      m&uacute;sica, constru&ccedil;&atilde;o de pisca-pisca eletr&ocirc;nico,      determina&ccedil;&atilde;o de grupos sang&uuml;&iacute;neos, mundo vegetal      e origami, entre in&uacute;meras outras tem&aacute;ticas.<\/p>\n<p>     As atividades culturais tiveram in&iacute;cio nesta quinta com a apresenta&ccedil;&atilde;o      musical Musicalizando Poemas, da Escola Estadual Tancredo de Almeida      Neves, e continuam at&eacute; &agrave;s 17h na Pra&ccedil;a de Servi&ccedil;os.      <\/p>\n<p>     O evento &eacute; promovido pelo CDC com apoio do Governo do Estado,      da Funda&ccedil;&atilde;o de Amparo &agrave; Pesquisa do Estado de Minas      Gerais (Fapemig), da Funda&ccedil;&atilde;o de Desenvolvimento da Pesquisa      (Fundep) e da Secretaria da Educa&ccedil;&atilde;o B&aacute;sica, do      Minist&eacute;rio da Educa&ccedil;&atilde;o.<\/p>\n<p>     (Fonte: <a href=\"http:\/\/www.ufmg.br\/online\/arquivos\/010222.shtml\" target=\"_blank\">http:\/\/www.ufmg.br\/online\/arquivos\/010222.shtml<\/a>      &#8211; 30\/10\/2008)<\/span><\/p>\n<p align=\"center\">&nbsp;<\/p>\n<div align=\"center\"><\/div>\n<div align=\"center\"> <span class=\"texto\"><br \/>     <\/span><br \/>     <span class=\"texto\"> <br \/>     <\/span>    <\/div>\n<\/td>\n<\/tr>\n<tr>\n<td align=\"LEFT\" valign=\"TOP\"><\/td>\n<td align=\"LEFT\" valign=\"TOP\">\n<p align=\"justify\"><span class=\"texto\"><a name=\"ainformativo5\" id=\"5\"><span class=\"titulo\">VAGAS      PARA O CENTRO PEDAG&Oacute;GICO SER&Atilde;O SORTEADAS NESTA SEXTA-FEIRA<\/span><\/a><\/span><\/p>\n<p align=\"justify\"><span class=\"texto\">Nesta sexta-feira, 31 de outubro,      &agrave;s 14h, o Centro Pedag&oacute;gico (CP) da UFMG realiza o sorteio      das 75 vagas destinadas a crian&ccedil;as nascidas de 1&deg; de julho      de 2002 a 30 de junho de 2003. Concorrem &agrave;s vagas, com o n&uacute;mero      constante no seu Comprovante Definitivo, 1.354 inscritos. Tamb&eacute;m      ser&atilde;o sorteados 15 outros nomes de candidatos inscritos, que      v&atilde;o compor lista de excedentes, para preenchimento de poss&iacute;veis      vagas resultantes de matr&iacute;culas n&atilde;o-efetivadas.<\/p>\n<p>     Aberto ao p&uacute;blico, o processo de sorteio &eacute; realizado no      p&aacute;tio interno do Centro Pedag&oacute;gico, no campus Pampulha,      por equipe da Comiss&atilde;o Permanente do Vestibular (Copeve) da UFMG,      sob a orienta&ccedil;&atilde;o de auditores da Loteria Mineira. A listagem      dos sorteados ser&aacute; divulgada a partir do dia 3 de novembro, no      site da Copeve e ser&aacute; afixada no pr&eacute;dio do CP. <br \/>     Mais informa&ccedil;&otilde;es pelos telefones (31) 3409-4408 e 3409-4409.      <\/p>\n<p>     (Fonte:<a href=\"http:\/\/www.ufmg.br\/online\/arquivos\/010225.shtml\" target=\"_blank\">      http:\/\/www.ufmg.br\/online\/arquivos\/010225.shtml<\/a> &#8211; 30\/10\/2008)<\/span><\/p>\n<p align=\"center\">&nbsp;<\/p>\n<div align=\"center\"><\/div>\n<div align=\"center\"> <span class=\"texto\"><br \/>     <\/span><br \/>     <span class=\"texto\"> <br \/>     <\/span>    <\/div>\n<\/td>\n<\/tr>\n<p>  <!-- #BeginEditable \"materias\" --> <!-- #EndEditable -->  <\/table>\n<p> <!-- fim noticias --> <!-- tabela ha 20 anos --> <\/p>\n<table border=\"0\" cellspacing=\"0\" cellpadding=\"0\" class=\"cinza\">\n<tr>\n<td><img loading=\"lazy\" decoding=\"async\" src=\"https:\/\/www.ufmg.br\/dti\/wp-content\/uploads\/imgs\/tudo_pixel.gif\" width=\"1\" height=\"1\" alt=\"\" border=\"0\"><\/td>\n<td><img loading=\"lazy\" decoding=\"async\" src=\"https:\/\/www.ufmg.br\/dti\/wp-content\/uploads\/imgs\/tudo_pixel.gif\" width=\"19\" height=\"1\" alt=\"\" border=\"0\"><\/td>\n<td><img loading=\"lazy\" decoding=\"async\" src=\"https:\/\/www.ufmg.br\/dti\/wp-content\/uploads\/imgs\/tudo_pixel.gif\" width=\"510\" height=\"1\" alt=\"\" border=\"0\"><\/td>\n<td><img loading=\"lazy\" decoding=\"async\" src=\"https:\/\/www.ufmg.br\/dti\/wp-content\/uploads\/imgs\/tudo_pixel.gif\" width=\"19\" height=\"1\" alt=\"\" border=\"0\"><\/td>\n<td><img loading=\"lazy\" decoding=\"async\" src=\"https:\/\/www.ufmg.br\/dti\/wp-content\/uploads\/imgs\/tudo_pixel.gif\" width=\"1\" height=\"1\" alt=\"\" border=\"0\"><\/td>\n<\/tr>\n<tr>\n<td class=\"vermelho\" colspan=\"5\"><img loading=\"lazy\" decoding=\"async\" src=\"https:\/\/www.ufmg.br\/dti\/wp-content\/uploads\/imgs\/tudo_pixel.gif\" width=\"1\" height=\"1\" alt=\"\" border=\"0\"><\/td>\n<\/tr>\n<tr>\n<td class=\"vermelho\"><img loading=\"lazy\" decoding=\"async\" src=\"https:\/\/www.ufmg.br\/dti\/wp-content\/uploads\/imgs\/tudo_pixel.gif\" width=\"1\" height=\"1\" alt=\"\" border=\"0\"><\/td>\n<td><img loading=\"lazy\" decoding=\"async\" src=\"https:\/\/www.ufmg.br\/dti\/wp-content\/uploads\/imgs\/tudo_pixel.gif\" width=\"1\" height=\"1\" alt=\"\" border=\"0\"><\/td>\n<td align=\"LEFT\" valign=\"TOP\"><!-- #BeginEditable \"ha%2020%20anos\" --><a name=\"ainformativo6\" id=\"6\"><img loading=\"lazy\" decoding=\"async\" src=\"https:\/\/www.ufmg.br\/dti\/wp-content\/uploads\/imgs\/tudo_pixel.gif\" width=\"1\" height=\"8\" alt=\"\" border=\"0\"><br \/>    <span class=\"titulo\">H\u00e1 20 anos&#8230;<\/span><\/a>     <\/p>\n<p align=\"justify\"><span class=\"texto\"> O Sistem&aacute;tico Ano XII,      n&ordm; 39, de 27\/10\/1988, publicou not&iacute;cias sobre participa&ccedil;&atilde;o      de Eduardo Henrique Lima, diretor do CECOM, no Encontro de Planejamento      em Inform&aacute;tica em Goi&acirc;nia, participa&ccedil;&atilde;o do      CECOM no IV ERANUNI &#8211; Encontro Regional da Associa&ccedil;&atilde;o      de Usu&aacute;rios Unisys, balan&ccedil;o interno da Biblioteca do CECOM,      remanejamento de Luiz Ricardo de Faria e Silva para o Setor de Banco      de Dados, paradas do Sistema A10, entre outras. As not&iacute;cias que      se destacaram foram: <\/span><\/p>\n<p align=\"justify\"><span class=\"texto\"><strong>SISTEMA AAD<br \/>     <\/strong><font face=\"1\">J&aacute; se encontra dispon&iacute;vel o sistema      leitor de documentos AAD. Trata-se de um sistema que permite a consulta      on line atrav&eacute;s da janela SADS a documentos, tais como, portarias,      estatutos e coisas do g&ecirc;nero. Os documentos s&atilde;o originalmente      editados em WS e, em seguida, filtrados para compatibiliza&ccedil;&atilde;o      arquivo micro-arquivo A10. Inicialmente, a carga de documentos est&aacute;      sendo preparada e carregada pela secret&aacute;ria da Diretoria do CECOM,      Regina Ant&ocirc;nia Diniz Siqueira. E a consulta est&aacute; dispon&iacute;vel      em qualquer terminal do A10, sem necessidade de LOGON no SADS.<br \/>     O sistema foi desenvolvido no Setor de Banco de Dados pelo analista      Cant&iacute;dio Lelis Pereira em 3 dias, o que demonstra a facilidade      que o SADS traz, e o programa filtro foi desenvolvido pelo analista      Andr&eacute; Maur&iacute;cio Lopes da Gama Cerqueira, do Setor de Suporte      de Sistemas.<\/p>\n<p>     <\/font><strong>SISTEMA SIAFI<br \/>     <\/strong><font face=\"1\">O Depto. de Contabilidade realizou, hoje pela      manh&atilde;, uma reuni&atilde;o com os respons&aacute;veis pelos setores      de contabilidade, almoxarifado, patrim&ocirc;nio e compras da UFMG para      apresenta&ccedil;&atilde;o do Sistema SIAFI e marca&ccedil;&atilde;o      de cronograma para treinamento.<br \/>     O Depto. de Contabilidade vai treinar estes respons&aacute;veis para      utiliza&ccedil;&atilde;o do sistema nos terminais que est&atilde;o dispon&iacute;veis      no pr&oacute;prio departamento, que at&eacute; o momento s&atilde;o      2 (dois). Ser&aacute; distribu&iacute;do um Plano de Contas e cada unidade      ser&aacute; respons&aacute;vel pelos seus lan&ccedil;amentos cont&aacute;beis.<br \/>     Ser&atilde;o instalados mais 6 (seis) terminais e impressoras no Campus      Pampulha e da Sa&uacute;de e o pessoal respons&aacute;vel pelo SIAFI      vai responder pela instala&ccedil;&atilde;o, manuten&ccedil;&atilde;o      e formul&aacute;rio.<\/font><\/span><\/p>\n<div align=\"justify\">\n<p><span class=\"texto\"><\/span><\/p>\n<\/p><\/div>\n<p>    <!-- #EndEditable --><br \/> <img loading=\"lazy\" decoding=\"async\" src=\"https:\/\/www.ufmg.br\/dti\/wp-content\/uploads\/imgs\/tudo_pixel.gif\" width=\"1\" height=\"8\" alt=\"\" border=\"0\"><\/td>\n<td><img loading=\"lazy\" decoding=\"async\" src=\"https:\/\/www.ufmg.br\/dti\/wp-content\/uploads\/imgs\/tudo_pixel.gif\" width=\"1\" height=\"1\" alt=\"\" border=\"0\"><\/td>\n<td class=\"vermelho\"><img loading=\"lazy\" decoding=\"async\" src=\"https:\/\/www.ufmg.br\/dti\/wp-content\/uploads\/imgs\/tudo_pixel.gif\" width=\"1\" height=\"1\" alt=\"\" border=\"0\"><\/td>\n<\/tr>\n<tr>\n<td class=\"vermelho\" colspan=\"5\"><img loading=\"lazy\" decoding=\"async\" src=\"https:\/\/www.ufmg.br\/dti\/wp-content\/uploads\/imgs\/tudo_pixel.gif\" width=\"1\" height=\"1\" alt=\"\" border=\"0\"><\/td>\n<\/tr>\n<\/table>\n<p> <!-- fim tabela ha 20 anos --><\/div>\n<p><a name='eventos'><\/a><\/p>\n<h4>Eventos<\/h4>\n<div class=\"centro-sistematico\">  <!-- noticias --> <\/p>\n<table border=\"0\" cellspacing=\"0\" cellpadding=\"0\">\n<tr>\n<td><\/td>\n<td><\/td>\n<\/tr>\n<tr>\n<td align=\"LEFT\" valign=\"TOP\"><\/td>\n<td align=\"LEFT\" valign=\"TOP\">\n<p><a name=\"aeventos1\"><span class=\"titulo\">SOCIAIS<\/span><\/a><\/p>\n<p align=\"justify\"><span class=\"texto\"><strong>ANIVERS&Aacute;RIOS:<\/strong>      <em> &#8220;O Sistem&aacute;tico&#8221; envia os parab&eacute;ns para      Vicentina Maria Queiroz e Gilmar Lima Guimar&atilde;es, no dia 1o de      novembro; e o CECOM, no dia 04. Os parab&eacute;ns para os ex-ceconianos:      Marcelo Henriques Vieira, no dia 02; Angelo de Moura Guimar&atilde;es      (DCC) e Helton F&aacute;bio de Matos (DCC), no dia 03; Eucl&iacute;dia      Leopoldina de Macedo Vale (Editora), no dia 04; Rafael Braga Soares      Righi e H&eacute;lio Marques Sobrinho, no dia 05; e M&aacute;rcio Alexandre      Moraes, no dia 06.<\/em><\/span><\/p>\n<p align=\"justify\">&nbsp;<\/p>\n<p><span class=\"texto\"><\/span><\/p>\n<p align=\"justify\">&nbsp; <\/p>\n<p>    <span class=\"texto\"><\/span><\/td>\n<\/tr>\n<p>  <!-- #BeginEditable \"materias\" -->   <\/p>\n<tr>\n<td align=\"LEFT\" valign=\"TOP\"><\/td>\n<td align=\"LEFT\" valign=\"TOP\">\n<p><a name=\"aeventos2\" id=\"2\"><span class=\"titulo\">MEM&Oacute;RIA      FOTOGR&Aacute;FICA<\/span><\/a><\/p>\n<p align=\"justify\"><span class=\"texto\">Desta vez, O Sistem&aacute;tico      retornou &agrave; decada de 70, com fotos dos jogos da equipe laranja      de futebol do CECOM, aquela memor&aacute;vel equipe t&atilde;o saudosa.      As fotos s&atilde;o de autoria da Lel&eacute; e do Clarindo e foram      tiradas durante uma partida do Campeonato de Futebol da UFMG, realizada      em 1978, no Centro Esportivo Universit&aacute;rio (CEU). Entre os valorosos      jogadores da &eacute;poca aparecem o Newton Vieira, o Felipe, Paulo      N&eacute;lio, Rubinho, Jorman, S&eacute;rgio Maur&iacute;cio, e outros      que n&atilde;o foram reconhecidos.<\/span><\/p>\n<p align=\"center\"><img loading=\"lazy\" decoding=\"async\" src=\"https:\/\/www.ufmg.br\/dti\/wp-content\/uploads\/fotos\/30_10_08\/futebol_78_D.jpg\" width=\"500\" height=\"352\"><br \/>     <em><font face=\"1\">O jogo de futebol e o CEU naquela &eacute;poca<\/font><\/em><br \/>     <img loading=\"lazy\" decoding=\"async\" src=\"https:\/\/www.ufmg.br\/dti\/wp-content\/uploads\/fotos\/30_10_08\/futebol_78_B.jpg\" width=\"350\" height=\"433\">      <br \/>     <font face=\"1\"><em>Felipe, S&eacute;rgio Maur&iacute;cio e Clarindo      <br \/>     <\/em><\/font><br \/>     <img loading=\"lazy\" decoding=\"async\" src=\"https:\/\/www.ufmg.br\/dti\/wp-content\/uploads\/fotos\/30_10_08\/futebol_78_F.jpg\" width=\"500\" height=\"249\">      <br \/>     <font face=\"1\"><em>Elidimar e Lel&eacute; (de costas), vendo-se Newton      Vieira e outros que n&atilde;o foram reconhecidos <\/em><\/font><\/p>\n<p>     <img loading=\"lazy\" decoding=\"async\" src=\"https:\/\/www.ufmg.br\/dti\/wp-content\/uploads\/fotos\/30_10_08\/futebol_78_C.jpg\" width=\"500\" height=\"328\">      <br \/>     <font face=\"1\"><em>Nesta foto est&atilde;o Rubinho e Jorman<\/em><\/font><\/p>\n<p>     <img loading=\"lazy\" decoding=\"async\" src=\"https:\/\/www.ufmg.br\/dti\/wp-content\/uploads\/fotos\/30_10_08\/futebol_78_E.jpg\" width=\"500\" height=\"313\">      <br \/>     <font face=\"1\"><em>Uma outra foto do CEU em 1978. Quase n&atilde;o havia      casas por perto. <\/em><\/font> <\/p>\n<p align=\"center\">    <\/p>\n<p>    <span class=\"texto\"><\/span><\/td>\n<\/tr>\n<p>  <!-- #EndEditable -->  <\/table>\n<p> <!-- fim noticias --><\/div>\n","protected":false},"excerpt":{"rendered":"<p>Not\u00edcias FORPLAD SEDIAR&Aacute; ENCONTRO DE DIRIGENTES DE TI EM ARACAJ&Uacute; CECOM PROMOVE PREG&Atilde;O ELETR&Ocirc;NICO FUNCION&Aacute;RIA DO CECOM PARTICIPA DE COL&Oacute;QUIO INTERNACIONAL DIA DO TRABALHO ADOLESCENTE OFERECE ATIVIDADES DE LAZER AOS JOVENS DA CRUZ VERMELHA Informativo DICAS DE SITES INTERESSANTES PLANO DE SA&Uacute;DE &#8211; SERVIDOR REC&Eacute;M-EMPOSSADO UFMG DIVULGA A LISTA DE COMTEMPLADOS COM B&Ocirc;NUS NO VESTIBULAR &#8230; <a title=\"Sistem\u00e1tico: Edi\u00e7\u00e3o 1401 &#8211; 30\/10\/2008\" class=\"read-more\" href=\"https:\/\/www.ufmg.br\/dti\/2008\/10\/30\/sistematico-edicao-1401-30102008\/\" aria-label=\"Read more about Sistem\u00e1tico: Edi\u00e7\u00e3o 1401 &#8211; 30\/10\/2008\">Ler mais<\/a><\/p>\n","protected":false},"author":3,"featured_media":0,"comment_status":"open","ping_status":"open","sticky":false,"template":"","format":"standard","meta":{"inline_featured_image":false,"footnotes":""},"categories":[13],"tags":[],"coauthors":[79],"class_list":["post-3043","post","type-post","status-publish","format-standard","hentry","category-sistematico"],"_links":{"self":[{"href":"https:\/\/www.ufmg.br\/dti\/wp-json\/wp\/v2\/posts\/3043","targetHints":{"allow":["GET"]}}],"collection":[{"href":"https:\/\/www.ufmg.br\/dti\/wp-json\/wp\/v2\/posts"}],"about":[{"href":"https:\/\/www.ufmg.br\/dti\/wp-json\/wp\/v2\/types\/post"}],"author":[{"embeddable":true,"href":"https:\/\/www.ufmg.br\/dti\/wp-json\/wp\/v2\/users\/3"}],"replies":[{"embeddable":true,"href":"https:\/\/www.ufmg.br\/dti\/wp-json\/wp\/v2\/comments?post=3043"}],"version-history":[{"count":0,"href":"https:\/\/www.ufmg.br\/dti\/wp-json\/wp\/v2\/posts\/3043\/revisions"}],"wp:attachment":[{"href":"https:\/\/www.ufmg.br\/dti\/wp-json\/wp\/v2\/media?parent=3043"}],"wp:term":[{"taxonomy":"category","embeddable":true,"href":"https:\/\/www.ufmg.br\/dti\/wp-json\/wp\/v2\/categories?post=3043"},{"taxonomy":"post_tag","embeddable":true,"href":"https:\/\/www.ufmg.br\/dti\/wp-json\/wp\/v2\/tags?post=3043"},{"taxonomy":"author","embeddable":true,"href":"https:\/\/www.ufmg.br\/dti\/wp-json\/wp\/v2\/coauthors?post=3043"}],"curies":[{"name":"wp","href":"https:\/\/api.w.org\/{rel}","templated":true}]}}