{"id":3075,"date":"2007-12-06T08:00:00","date_gmt":"2007-12-06T08:00:00","guid":{"rendered":"https:\/\/www.ufmg.br\/dti\/cecom\/?p=1265"},"modified":"2007-12-06T08:00:00","modified_gmt":"2007-12-06T08:00:00","slug":"sistematico-edicao-1363-06122007","status":"publish","type":"post","link":"https:\/\/www.ufmg.br\/dti\/2007\/12\/06\/sistematico-edicao-1363-06122007\/","title":{"rendered":"Sistem\u00e1tico: Edi\u00e7\u00e3o 1363 &#8211; 06\/12\/2007"},"content":{"rendered":"<ul>\n<li><a href=\"\/dti\/#noticias\">Not\u00edcias<\/a>\n<div class='submenuSistematico'>\n<ul>\n<li><a href=\"\/dti\/#anoticias1\"><span class=\"titulo\">AVALIA&Ccedil;&Atilde;O     DE DESEMPENHO: AGORA &Eacute; A VEZ DAS EQUIPES<\/span><\/a><\/li>\n<li><a href=\"\/dti\/#anoticias2\"><span class=\"titulo\">CECOM REALIZA     PREG&Otilde;ES ELETR&Ocirc;NICOS<\/span><\/a><\/li>\n<li><a href=\"\/dti\/#anoticias3\"><span class=\"titulo\">ACESSO AO     SERVIDOR PROXY, EM UM ANO, &Eacute; MAIS QUE O DOBRO<\/span><\/a><\/li>\n<\/ul>\n<\/div>\n<\/li>\n<li><a href=\"\/dti\/#informativo\">Informativo<\/a>\n<div class='submenuSistematico'>\n<ul>\n<li><a href=\"\/dti\/#ainformativo1\"><span class=\"titulo\">DICAS      DE SITES INTERESSANTES<\/span><br \/>     <\/a><\/li>\n<li><a href=\"\/dti\/#ainformativo2\" id=\"2\"><span class=\"titulo\">HACKERS      &quot;INFECTAM&quot; P&Aacute;GINAS DE BUSCA NA INTERNET<\/span><br \/>     <\/a><\/li>\n<li><a href=\"\/dti\/#ainformativo3\" id=\"3\"><span class=\"titulo\">MAIORIA      DOS USU&Aacute;RIOS DE LINUX EST&Aacute; NA EUROPA, DIZ ESTUDO<\/span><br \/>     <\/a><\/li>\n<li><a href=\"\/dti\/#ainformativo4\" id=\"4\"><span class=\"titulo\">HACKERS      &#8216;INFECTAM&#8217; P&Aacute;GINAS DE BUSCA NA INTERNET<\/span><br \/>     <\/a><\/li>\n<li><a href=\"\/dti\/#ainformativo5\" id=\"5\"><span class=\"titulo\">UFMG      SE MOBILIZA CONTRA A DENGUE NO CAMPUS PAMPULHA<\/span><br \/>     <\/a><\/li>\n<li><a href=\"\/dti\/#ainformativo6\" id=\"6\"><img loading=\"lazy\" decoding=\"async\" src=\"https:\/\/www.ufmg.br\/dti\/wp-content\/uploads\/imgs\/tudo_pixel.gif\" width=\"1\" height=\"8\" alt=\"\" border=\"0\"><br \/>    <\/a><\/li>\n<li><a href=\"\/dti\/#ainformativo6\" id=\"6\"><span class=\"titulo\">H\u00e1 20 anos&#8230;<\/span><\/a><\/li>\n<\/ul>\n<\/div>\n<\/li>\n<li><a href=\"\/dti\/#eventos\">Eventos<\/a>\n<div class='submenuSistematico'>\n<ul>\n<li><a href=\"\/dti\/#aeventos1\"><span class=\"titulo\">FESTA DE     NATAL DOS FUNCION&Aacute;RIOS DO CECOM<\/span><\/a><\/li>\n<li><a href=\"\/dti\/#aeventos2\"><span class=\"titulo\">SOCIAIS<\/span><\/a><\/li>\n<li><a href=\"\/dti\/#aeventos3\" id=\"3\"><span class=\"titulo\">MEM&Oacute;RIA     FOTOGR&Aacute;FICA DO CECOM<\/span><\/a><\/li>\n<\/ul>\n<\/div>\n<\/li>\n<\/ul>\n<p> <a name='noticias'><\/a><\/p>\n<h4>Not\u00edcias<\/h4>\n<div class=\"centro-sistematico\">  <!-- noticias --> <\/p>\n<table border=\"0\" cellspacing=\"0\" cellpadding=\"0\">\n<tr>\n<td><\/td>\n<td><\/td>\n<\/tr>\n<p>  <!-- #BeginEditable \"materias\" -->   <\/p>\n<tr>\n<td align=\"LEFT\" valign=\"TOP\"><\/td>\n<td align=\"LEFT\" valign=\"TOP\"> <a name=\"anoticias1\"><span class=\"titulo\">AVALIA&Ccedil;&Atilde;O     DE DESEMPENHO: AGORA &Eacute; A VEZ DAS EQUIPES<\/span><\/a> <span class=\"texto\">     <\/p>\n<p align=\"justify\">Conclu&iacute;da a etapa das avalia&ccedil;&otilde;es      individuais, agora &eacute; a hora das avalia&ccedil;&otilde;es feitas      pelas equipes, e que devem ser lan&ccedil;adas pela chefia na aplica&ccedil;&atilde;o      dispon&iacute;vel no portal <em>minhaUFMG<\/em>.<\/p>\n<p>     Todos os funcion&aacute;rios, sejam servidores contratados pelo PCCTAE,      ou n&atilde;o, participam desse processo de avalia&ccedil;&atilde;o,      que vai at&eacute; o dia 28 de dezembro, conforme data fixada pela ProRH      &#8211; Pr&oacute;-Reitoria de Recursos Humanos.<\/p>\n<p>     No caso do CECOM, para agilizar e antecipar essas atividades, a Diretoria      definiu o dia 14 de dezembro como data limite, pois o objetivo &eacute;      concluir a atividade antes do per&iacute;odo de recesso.<\/p>\n<p>     O Comit&ecirc; Interno de apoio ao processo de Avalia&ccedil;&atilde;o      de Desempenho, na ATI, tomar&aacute; as medidas para viabilizar a conclus&atilde;o      das atividades conforme previsto. Ele &eacute; formado por M&aacute;rcia      Regina Lemos, Maria Auxiliadora dos Santos, Walter Guerra e Aleixina      Maria Lopes Andal&eacute;cio.<\/p>\n<p>    <\/span> <\/td>\n<\/tr>\n<tr>\n<td align=\"LEFT\" valign=\"TOP\"><\/td>\n<td align=\"LEFT\" valign=\"TOP\"> <a name=\"anoticias2\"><span class=\"titulo\">CECOM REALIZA     PREG&Otilde;ES ELETR&Ocirc;NICOS<\/span><\/a> <span class=\"texto\">     <\/p>\n<p align=\"justify\">O CECOM realiza hoje, dia 06, dois preg&otilde;es eletr&ocirc;nicos.      O primeiro, marcado para as 9h, ser&aacute; para aquisi&ccedil;&atilde;o      de servidores de rede e outros equipamentos de inform&aacute;tica. O      segundo, marcado para as 15h, ser&aacute; para licenciamento do software      Oracle.<\/p>\n<p>     Participam dos preg&otilde;es: M&aacute;rcia Regina Lemos, como pregoeira,      Alda Batista, Aleixina Maria Lopes Andal&eacute;cio, M&aacute;rcio da      Costa Viana e a estagi&aacute;ria Bruna Maria Souza.<\/p>\n<p>    <\/p>\n<p>    <\/span><\/td>\n<\/tr>\n<tr>\n<td align=\"LEFT\" valign=\"TOP\"><\/td>\n<td align=\"LEFT\" valign=\"TOP\"> <a name=\"anoticias3\"><span class=\"titulo\">ACESSO AO     SERVIDOR PROXY, EM UM ANO, &Eacute; MAIS QUE O DOBRO<\/span><\/a><span class=\"texto\">     <\/p>\n<p align=\"justify\">As estat&iacute;sticas de acesso ao servidor Proxy      continuam indicando uma curva em processo de crescimento. O gr&aacute;fico      abaixo, com o total de registros mensais de acesso, mostra como o servi&ccedil;o      tem sido atraente para a comunidade acad&ecirc;mica. A utiliza&ccedil;&atilde;o      do servi&ccedil;o Proxy cresceu tanto em 2007 que, se comparados os      dois meses de novembro, desse ano e do ano passado, o volume atual de      acesso j&aacute; &eacute; mais que o dobro do que contabilizado no ano      de 2006.<\/p>\n<p>     Quanto ao n&uacute;mero de usu&aacute;rios que fazem uso do servi&ccedil;o,      at&eacute; o dia 30 de novembro de 2007, foram registrados 3.525 usu&aacute;rios      diferentes acessando o sistema, desde que ele foi implantado no in&iacute;cio      de abril de 2006. <\/p>\n<p>     O servi&ccedil;o de proxy HTTP da UFMG permite o acesso, de fora da      Rede UFMG, a sites n&atilde;o p&uacute;blicos, como &eacute; o caso      dos apontados pelo Portal CAPES. O uso do proxy da UFMG por computadores      externos s&oacute; &eacute; permitido atrav&eacute;s de autentica&ccedil;&atilde;o,      j&aacute; que s&oacute; podem fazer uso deste servi&ccedil;o pessoas      que fa&ccedil;am parte da comunidade universit&aacute;ria. Para isso,      &eacute; necess&aacute;rio que os usu&aacute;rios tenham cadastro no      <em>minhaUFMG<\/em>. As instru&ccedil;&otilde;es necess&aacute;rias para      uso do proxy est&atilde;o dispon&iacute;veis no menu &#8220;Servi&ccedil;os&#8221;,      op&ccedil;&atilde;o Intranet e Extranet, no site do CECOM em<a href=\"https:\/\/www.ufmg.br\/dti\/cecom\/\">      sites-hml.dti.ufmg.br\/dti\/cecom<\/a>, ou diretamente no endere&ccedil;o <a href=\"\/dti\/proxy\">http:\/\/www.cecom.ufmg.      br\/proxy_http.shtml<\/a>.<\/p>\n<p align=\"center\"><img loading=\"lazy\" decoding=\"async\" src=\"https:\/\/www.ufmg.br\/dti\/wp-content\/uploads\/fotos\/06_12_07\/proxy.gif\" width=\"500\" height=\"298\"><\/p>\n<p>    <\/p>\n<p>    <\/span><\/td>\n<\/tr>\n<p>  <!-- #EndEditable -->  <\/table>\n<p> <!-- fim noticias --><\/div>\n<p><a name='informativo'><\/a><\/p>\n<h4>Informativo<\/h4>\n<div class=\"centro-sistematico\">  <!-- noticias --> <\/p>\n<table border=\"0\" cellspacing=\"0\" cellpadding=\"0\">\n<tr>\n<td><\/td>\n<td><\/td>\n<\/tr>\n<tr>\n<td align=\"LEFT\" valign=\"TOP\"><\/td>\n<td align=\"LEFT\" valign=\"TOP\">\n<p align=\"justify\"><a name=\"ainformativo1\"><span class=\"titulo\">DICAS      DE SITES INTERESSANTES<\/span><br \/>     <\/a><br \/>     <img loading=\"lazy\" decoding=\"async\" src=\"https:\/\/www.ufmg.br\/dti\/wp-content\/uploads\/imgs\/tudo_pixel.gif\" width=\"1\" height=\"20\" alt=\"\" border=\"0\"><span class=\"texto\">Adyrus,      o ca&ccedil;ador de sites, enviou as seguintes dicas:<\/p>\n<p>     &#8211; Com a chegada das festas de fim de ano, nada melhor do que algumas      receitas e dicas para fazer aquela ceia. Aponte seu navegador para Cozinha      da M&aacute;rcia, em <a href=\"http:\/\/cozinhadamarcia.uol.com.br\/home\/index.html\">http:\/\/cozinhadamarcia.uol.com.br\/home\/index.html<\/a>,      e fa&ccedil;a brilhar o seu Natal.<\/p>\n<p>     &#8211; Para quem frequenta o famoso Shopping Oi, agora tem mais um motivo      para saber o que rola de oferta por l&aacute;. Foi lan&ccedil;ado nesta      semana o site do shopping. Apesar de est&aacute; ainda em constru&ccedil;&atilde;o,      d&aacute; para conferir algumas promo&ccedil;&otilde;es. V&aacute; at&eacute;      <a href=\"http:\/\/www.shoppingoiapoque.com.br\/\">http:\/\/www.shoppingoiapoque.com.br\/<\/a>.<\/p>\n<p>     &#8211; Eu n&atilde;o sou saudosista n&atilde;o, mas me d&aacute; um saudade      quando vejo algumas fotos de eletr&ocirc;nicos e programas que fizeram      parte da minha vida profissional. No site <a href=\"http:\/\/www.maximumpc.com\/article\/the_100_greatest_tech_innovations_of_all_time?page=0%2C0\">http:\/\/www.maximumpc.com\/article\/the_100_greatest_tech_innovations_of_all_time?page=0%2C0<\/a>      tem uma lista com as 100 melhores inven&ccedil;&otilde;es de todos os      tempos. Tem navegadores, como o Mosaic, o primeiro navegador da Web      desenvolvido pelo Centro Nacional para Supercomputing Applications,      jogos, processadores, aplicativos, PCs, teclados, impressoras etc. (ingl&ecirc;s)<\/p>\n<p>     &#8211; Se voc&ecirc; vai viajar para o Mato Grosso, Mato Grosso do Sul, Rio      Grande do Sul e Rond&ocirc;nia, j&aacute; pode viajar tranq&uuml;ilo      com o Guia da Cidade. De aluguel de autom&oacute;vel a turismo e lazer.      N&atilde;o deixe de visitar o endere&ccedil;o<a href=\"http:\/\/www.guiacidade.com.br\/\">      http:\/\/www.guiacidade.com.br\/<\/a>.<\/p>\n<p>     &#8211; &#8220;O PEbodycount nasce da inquieta&ccedil;&atilde;o. Surge para      transformar a perplexidade passiva, de um Estado de vidas abreviadas      &agrave; bala, Pernambuco, em sentimento de que &eacute; poss&iacute;vel      construir sa&iacute;das coletivas. Acreditamos que n&atilde;o basta      indigna&ccedil;&atilde;o. Os caminhos existem e descobri-los &eacute;      uma miss&atilde;o dif&iacute;cil. Mas poss&iacute;vel. &Eacute; preciso      iniciar o percurso. O PEbodycount apresenta-se como uma ferramenta para      ajudar a trilhar estes caminhos. N&atilde;o queremos apenas contar cad&aacute;veres.      Queremos tamb&eacute;m contar hist&oacute;rias e ajudar a mudar realidades.&#8221;      O blog &eacute; uma organiza&ccedil;&atilde;o apartid&aacute;ria e sem      fins lucrativos e seu endere&ccedil;o &eacute; <a href=\"http:\/\/www.%20pebodycount.com.br\/home\/index.php\">http:\/\/www.      pebodycount.com.br\/home\/index.php<\/a>.<\/p>\n<p>     &#8211; Com mais de 130 apresenta&ccedil;&otilde;es anuais em sua temporada      de concertos, a Orquestra Sinf&ocirc;nica do Estado de S&atilde;o Paulo      -Osesp &#8211; &eacute; considerada hoje a mais destacada orquestra da Am&eacute;rica      Latina. Com uma programa&ccedil;&atilde;o abrangente &#8211; que mescla as      grandes obras da literatura musical internacional com primeiras audi&ccedil;&otilde;es      mundiais e compositores brasileiros -, a Osesp traz ao Brasil alguns      dos maiores solistas e regentes da atualidade, como o maestro Kurt Masur,      o compositor Krzysztof Penderecki, a soprano Barbara Hendricks, o bar&iacute;tono      Sergei Leiferkus, os pianistas Stephen Kovacevich e Nelson Freire, o      flautista Emmanuel Pahud, o violonista Pepe Romero, o violista Gerard      Causs&eacute;, os violinistas Benjamin Schmid e Leonidas Kavakos, dentre      mais de 60 convidados a cada ano. Veja o endere&ccedil;o<a href=\"http:\/\/www.osesp.art.br\/\">      http:\/\/www.osesp.art.br\/<\/a>.<\/p>\n<p>     &#8211; Ele tinha tudo. Menos limite. Jo&atilde;o Guilherme Estrella era um      t&iacute;pico jovem da classe m&eacute;dia, que viveu intensamente sua      juventude. Inteligente e simp&aacute;tico, era adorado pelos pais e      popular entre os amigos. Com esp&iacute;rito aventureiro e bo&ecirc;mio,      mergulhou em todas as loucuras permitidas. E tamb&eacute;m nas n&atilde;o      permitidas. No in&iacute;cio dos anos 90, se tornou o rei do tr&aacute;fico      de drogas da zona sul do Rio de Janeiro. Em breve nos cinemas. Veja      no endere&ccedil;o <a href=\"http:\/\/www.meunomenaoejohnnyfilme.com.br\/.\">http:\/\/www.      meunomenaoejohnnyfilme.com.br\/.<\/a><\/span><br \/>     <span class=\"texto\"> <br \/>     <\/span>    <\/p>\n<\/td>\n<\/tr>\n<tr>\n<td align=\"LEFT\" valign=\"TOP\"><\/td>\n<td align=\"LEFT\" valign=\"TOP\">\n<p align=\"justify\"><a name=\"ainformativo2\" id=\"2\"><span class=\"titulo\">HACKERS      &quot;INFECTAM&quot; P&Aacute;GINAS DE BUSCA NA INTERNET<\/span><br \/>     <\/a><br \/>     <img loading=\"lazy\" decoding=\"async\" src=\"https:\/\/www.ufmg.br\/dti\/wp-content\/uploads\/imgs\/tudo_pixel.gif\" width=\"1\" height=\"20\" alt=\"\" border=\"0\"><span class=\"texto\">A      BBC publicou, no dia 29\/11\/2007, a not&iacute;cia Hackers &#8220;infectam&#8221;      p&aacute;ginas de busca na Internet, transcrita a seguir:<\/p>\n<p>     Uma opera&ccedil;&atilde;o organizada por hackers para interferir com      buscas na internet e levar os usu&aacute;rios a sites com armadilhas      foi descoberta por empresas de seguran&ccedil;a digital dos Estados      Unidos. <\/p>\n<p>     As p&aacute;ginas apareciam quando o internauta digitava palavras como      &#8220;presente de Natal&#8221; ou &#8220;abrigo&#8221;, entre outros.      <\/p>\n<p>     Segundo a companhia de seguran&ccedil;a digital Sunbelt Software, dezenas      de milhares de dom&iacute;nios &#8211; muitos baseados na China e estabelecidos      h&aacute; apenas alguns dias &#8211; eram usados nos ataques. <\/p>\n<p>     As p&aacute;ginas carregadas nestes dom&iacute;nios continham armadilhas      com softwares que procuravam por pontos vulner&aacute;veis em c&oacute;pias      do Explorer da Microsoft. <\/p>\n<p>     Os usu&aacute;rios do Windows que ca&iacute;ssem na armadilha poderiam      ter o computador &#8220;seq&uuml;estrado&#8221; para que os hackers      conseguissem suas informa&ccedil;&otilde;es pessoais. <\/p>\n<p>     Pesquisadores do setor de seguran&ccedil;a na internet j&aacute; viram      tentativas, em pequena escala, de interferir com mecanismos de busca.      Mas a escala deste ataque foi sem precedentes. <br \/>     &#8220;Isto foi &eacute;pico. Se o seu computador n&atilde;o estivesse      totalmente protegido, voc&ecirc; teria sido pego&#8221;, disse Alex      Eckelberry, diretor da Sunbelt Software. <br \/>     Os hackers que compraram os direitos dos dom&iacute;nios convenceram      sites de buscas como Google, MSN e Yahoo que suas p&aacute;ginas eram      fontes de informa&ccedil;&otilde;es populares. Segundo Eckelberry, eles      conseguiram isso usando coment&aacute;rios falsos em blogs para fazer      com que estas p&aacute;ginas falsas aparecessem nos primeiros lugares      dos rankings de buscas. <br \/>     &#8220;Voc&ecirc; poderia estar procurando por coisas inofensivas e      ser pego. (Eles) tinham coisas bem perigosas. E, se h&aacute; alguma      mensagem que posso passar &eacute; para que as pessoas tenham certeza      que seus computadores est&atilde;o protegidos&#8221;, acrescentou Eckelberry.      <br \/>     E, para o especialista, este ataque pode ser o precursor de muitos outros.      <br \/>     &#8220;Isto n&atilde;o vai acabar&#8221;, afirmou. <br \/>     As p&aacute;ginas com armadilhas teriam ficado em opera&ccedil;&atilde;o      durante cerca de 24 horas antes que o Google retirasse de seus &iacute;ndices      de buscas. Mas algumas destas p&aacute;ginas podem ainda estar em opera&ccedil;&atilde;o      para os usu&aacute;rios que fazem buscas pelo MSN Live ou Yahoo. <br \/>     Outra empresa de seguran&ccedil;a digital que tamb&eacute;m descobriu      os ataques, a americana Trend Micro, encontrou uma s&eacute;rie de p&aacute;ginas      de internet com armadilhas que pretendiam pegar pessoas procurando por      informa&ccedil;&otilde;es sobre presentes de Natal online. <br \/>     &#8220;Alguns dos sites melhor colocados nas buscas est&atilde;o levando      a p&aacute;ginas com armadilhas&#8221;, disse Raimund Genes, da Trend      Micro. <br \/>     Segundo Genes os sites com armadilhas descobertos por sua empresa tentavam      explorar v&aacute;rios pontos vulner&aacute;veis no navegador da Microsoft.      <br \/>     Estas p&aacute;ginas tamb&eacute;m tentavam impedir que programas que      invadem computadores fossem descobertos. <br \/>     Genes afirma que esta opera&ccedil;&atilde;o pode ter sido organizada      por uma quadrilha de crimes tecnol&oacute;gicos conhecida como Russian      Business Network.<\/span><\/p>\n<p align=\"justify\">\n<p align=\"justify\">     <span class=\"texto\"> <br \/>     <\/span>    <\/p>\n<\/td>\n<\/tr>\n<tr>\n<td align=\"LEFT\" valign=\"TOP\"><\/td>\n<td align=\"LEFT\" valign=\"TOP\">\n<p align=\"justify\"><a name=\"ainformativo3\" id=\"3\"><span class=\"titulo\">MAIORIA      DOS USU&Aacute;RIOS DE LINUX EST&Aacute; NA EUROPA, DIZ ESTUDO<\/span><br \/>     <\/a><strong><br \/>     <span class=\"texto\">O Plant&atilde;o Info<\/span><\/strong><span class=\"texto\">      publicou, em 23\/11\/2007, a not&iacute;cia Maioria dos usu&aacute;rios      Linux est&aacute; na Europa, diz estudo, transcrita abaixo: <\/p>\n<p>     Saiu o resultado parcial da pesquisa que a Linux Foundation est&aacute;      fazendo este ano com os usu&aacute;rios do sistema operacional de c&oacute;digo      aberto. Dos 20 mil que responderam &agrave; pesquisa, a maioria (51%)      est&aacute; na Europa, contra 35% nos Estados Unidos. A maioria das      distribui&ccedil;&otilde;es Linux &eacute; usada em pequenas empresas      e escrit&oacute;rios caseiros (68%). As distribui&ccedil;&otilde;es      preferidas dos usu&aacute;rios Linux s&atilde;o Ubuntu (54%) e Red Hat      (50%). <\/span><br \/>     <span class=\"texto\"> <br \/>     <\/span>    <\/p>\n<\/td>\n<\/tr>\n<tr>\n<td align=\"LEFT\" valign=\"TOP\"><\/td>\n<td align=\"LEFT\" valign=\"TOP\">\n<p align=\"justify\"><a name=\"ainformativo4\" id=\"4\"><span class=\"titulo\">HACKERS      &#8216;INFECTAM&#8217; P&Aacute;GINAS DE BUSCA NA INTERNET<\/span><br \/>     <\/a><br \/>     <img loading=\"lazy\" decoding=\"async\" src=\"https:\/\/www.ufmg.br\/dti\/wp-content\/uploads\/imgs\/tudo_pixel.gif\" width=\"1\" height=\"20\" alt=\"\" border=\"0\"><span class=\"texto\">A      Prefeitura de Belo Horizonte e o Programa de Gest&atilde;o de Res&iacute;duos      do Departamento de Servi&ccedil;os Gerais (DSG) da UFMG iniciaram no      dia 5 campanha de mobiliza&ccedil;&atilde;o contra a dengue no campus      Pampulha. O mutir&atilde;o, que tem a participa&ccedil;&atilde;o da      Ger&ecirc;ncia de Zoonoses e da Superintend&ecirc;ncia de Limpeza Urbana      (SLU) da prefeitura, vai at&eacute; 15 de dezembro, com uma s&eacute;rie      de a&ccedil;&otilde;es educativas e de combate ao mosquito Aedes aegypti,      transmissor da doen&ccedil;a.<\/p>\n<p>     A campanha d&aacute; seq&uuml;&ecirc;ncia &agrave;s atividades iniciadas      em agosto, quando as unidades do campus Pampulha come&ccedil;aram a      ser visitadas por bi&oacute;logos e agentes da Ger&ecirc;ncia de Zoonoses      da prefeitura, junto com a equipe do Programa de Gest&atilde;o de Res&iacute;duos      do DSG. Esse trabalho foi at&eacute; novembro e resultou num diagn&oacute;stico      da dengue no campus.<\/p>\n<p>     De 31 de outubro a 2 de novembro, a bi&oacute;loga da prefeitura, Cristina      Lisboa, ministrou palestras sobre a doen&ccedil;a a todos os chefes      de servi&ccedil;os gerais, l&iacute;deres e encarregados de limpeza      do campus.<\/p>\n<p>     (Fonte: <a href=\"http:\/\/www.ufmg.br\/online\/arquivos\/007322.shtml\">http:\/\/www.ufmg.br\/online\/arquivos\/007322.shtml<\/a>      &#8211; 05\/12\/2007)<\/span><br \/>     <span class=\"texto\"> <br \/>     <\/span>    <\/p>\n<\/td>\n<\/tr>\n<p>  <!-- #BeginEditable \"materias\" -->   <\/p>\n<tr>\n<td align=\"LEFT\" valign=\"TOP\"><\/td>\n<td align=\"LEFT\" valign=\"TOP\">\n<p align=\"justify\"><a name=\"ainformativo5\" id=\"5\"><span class=\"titulo\">UFMG      SE MOBILIZA CONTRA A DENGUE NO CAMPUS PAMPULHA<\/span><br \/>     <\/a><br \/>     <font face=\"2\">A Prefeitura de Belo      Horizonte e o Programa de Gest&atilde;o de Res&iacute;duos do Departamento      de Servi&ccedil;os Gerais (DSG) da UFMG iniciaram no dia 5 campanha      de mobiliza&ccedil;&atilde;o contra a dengue no campus Pampulha. O mutir&atilde;o,      que tem a participa&ccedil;&atilde;o da Ger&ecirc;ncia de Zoonoses e      da Superintend&ecirc;ncia de Limpeza Urbana (SLU) da prefeitura, vai      at&eacute; 15 de dezembro, com uma s&eacute;rie de a&ccedil;&otilde;es      educativas e de combate ao mosquito Aedes aegypti, transmissor da doen&ccedil;a.<\/p>\n<p>     A campanha d&aacute; seq&uuml;&ecirc;ncia &agrave;s atividades iniciadas      em agosto, quando as unidades do campus Pampulha come&ccedil;aram a      ser visitadas por bi&oacute;logos e agentes da Ger&ecirc;ncia de Zoonoses      da prefeitura, junto com a equipe do Programa de Gest&atilde;o de Res&iacute;duos      do DSG. Esse trabalho foi at&eacute; novembro e resultou num diagn&oacute;stico      da dengue no campus.<\/p>\n<p>     De 31 de outubro a 2 de novembro, a bi&oacute;loga da prefeitura, Cristina      Lisboa, ministrou palestras sobre a doen&ccedil;a a todos os chefes      de servi&ccedil;os gerais, l&iacute;deres e encarregados de limpeza      do campus.<\/p>\n<p>     (Fonte: <a href=\"http:\/\/www.ufmg.br\/online\/arquivos\/007322.shtml\">http:\/\/www.ufmg.br\/online\/arquivos\/007322.shtml<\/a>      &#8211; 05\/12\/2007) <span class=\"texto\"> <\/span><\/font><br \/>     <span class=\"texto\"> <br \/>     <\/span>    <\/p>\n<\/td>\n<\/tr>\n<p>  <!-- #EndEditable -->  <\/table>\n<p> <!-- fim noticias --> <!-- tabela ha 20 anos --> <\/p>\n<table border=\"0\" cellspacing=\"0\" cellpadding=\"0\" class=\"cinza\">\n<tr>\n<td><img loading=\"lazy\" decoding=\"async\" src=\"https:\/\/www.ufmg.br\/dti\/wp-content\/uploads\/imgs\/tudo_pixel.gif\" width=\"1\" height=\"1\" alt=\"\" border=\"0\"><\/td>\n<td><img loading=\"lazy\" decoding=\"async\" src=\"https:\/\/www.ufmg.br\/dti\/wp-content\/uploads\/imgs\/tudo_pixel.gif\" width=\"19\" height=\"1\" alt=\"\" border=\"0\"><\/td>\n<td><img loading=\"lazy\" decoding=\"async\" src=\"https:\/\/www.ufmg.br\/dti\/wp-content\/uploads\/imgs\/tudo_pixel.gif\" width=\"510\" height=\"1\" alt=\"\" border=\"0\"><\/td>\n<td><img loading=\"lazy\" decoding=\"async\" src=\"https:\/\/www.ufmg.br\/dti\/wp-content\/uploads\/imgs\/tudo_pixel.gif\" width=\"19\" height=\"1\" alt=\"\" border=\"0\"><\/td>\n<td><img loading=\"lazy\" decoding=\"async\" src=\"https:\/\/www.ufmg.br\/dti\/wp-content\/uploads\/imgs\/tudo_pixel.gif\" width=\"1\" height=\"1\" alt=\"\" border=\"0\"><\/td>\n<\/tr>\n<tr>\n<td class=\"vermelho\" colspan=\"5\"><img loading=\"lazy\" decoding=\"async\" src=\"https:\/\/www.ufmg.br\/dti\/wp-content\/uploads\/imgs\/tudo_pixel.gif\" width=\"1\" height=\"1\" alt=\"\" border=\"0\"><\/td>\n<\/tr>\n<tr>\n<td class=\"vermelho\"><img loading=\"lazy\" decoding=\"async\" src=\"https:\/\/www.ufmg.br\/dti\/wp-content\/uploads\/imgs\/tudo_pixel.gif\" width=\"1\" height=\"1\" alt=\"\" border=\"0\"><\/td>\n<td><img loading=\"lazy\" decoding=\"async\" src=\"https:\/\/www.ufmg.br\/dti\/wp-content\/uploads\/imgs\/tudo_pixel.gif\" width=\"1\" height=\"1\" alt=\"\" border=\"0\"><\/td>\n<td align=\"LEFT\" valign=\"TOP\"><!-- #BeginEditable \"ha%2020%20anos\" --><a name=\"ainformativo6\" id=\"6\"><img loading=\"lazy\" decoding=\"async\" src=\"https:\/\/www.ufmg.br\/dti\/wp-content\/uploads\/imgs\/tudo_pixel.gif\" width=\"1\" height=\"8\" alt=\"\" border=\"0\"><br \/>    <\/a><a name=\"ainformativo6\" id=\"6\"><span class=\"titulo\">H\u00e1 20 anos&#8230;<\/span><\/a>     <\/p>\n<p align=\"justify\"><span class=\"texto\"> <font face=\"Arial, Helvetica, sans-serif\">      O &uacute;ltimo n&uacute;mero editado no ano de 1987 ocorreu em 12\/11\/1987,      em decorr&ecirc;ncia de greve dos funcion&aacute;rios da UFMG. O jornal      semanal do CECOM retornou no in&iacute;cio de janeiro de 1988.<\/font><\/span><\/p>\n<p>    <span class=\"texto\"><a href=\"\/dti\/#topo\"><\/a><\/span><span class=\"texto\"> <\/span>     <\/p>\n<p>&nbsp;<\/p>\n<p>    <span class=\"texto\"><\/span><!-- #EndEditable --><br \/>     <img loading=\"lazy\" decoding=\"async\" src=\"https:\/\/www.ufmg.br\/dti\/wp-content\/uploads\/imgs\/tudo_pixel.gif\" width=\"1\" height=\"8\" alt=\"\" border=\"0\"><\/td>\n<td><img loading=\"lazy\" decoding=\"async\" src=\"https:\/\/www.ufmg.br\/dti\/wp-content\/uploads\/imgs\/tudo_pixel.gif\" width=\"1\" height=\"1\" alt=\"\" border=\"0\"><\/td>\n<td class=\"vermelho\"><img loading=\"lazy\" decoding=\"async\" src=\"https:\/\/www.ufmg.br\/dti\/wp-content\/uploads\/imgs\/tudo_pixel.gif\" width=\"1\" height=\"1\" alt=\"\" border=\"0\"><\/td>\n<\/tr>\n<tr>\n<td class=\"vermelho\" colspan=\"5\"><img loading=\"lazy\" decoding=\"async\" src=\"https:\/\/www.ufmg.br\/dti\/wp-content\/uploads\/imgs\/tudo_pixel.gif\" width=\"1\" height=\"1\" alt=\"\" border=\"0\"><\/td>\n<\/tr>\n<\/table>\n<p> <!-- fim tabela ha 20 anos --><\/div>\n<p><a name='eventos'><\/a><\/p>\n<h4>Eventos<\/h4>\n<div class=\"centro-sistematico\">  <!-- noticias --> <\/p>\n<table border=\"0\" cellspacing=\"0\" cellpadding=\"0\">\n<tr>\n<td><\/td>\n<td><\/td>\n<\/tr>\n<p>  <!-- #BeginEditable \"materias\" -->   <\/p>\n<tr>\n<td align=\"LEFT\" valign=\"TOP\"><\/td>\n<td align=\"LEFT\" valign=\"TOP\"> <a name=\"aeventos1\"><span class=\"titulo\">FESTA DE     NATAL DOS FUNCION&Aacute;RIOS DO CECOM<\/span><\/a><span class=\"texto\">     <\/p>\n<p align=\"justify\">Como todos j&aacute; est&atilde;o sabendo, a Festa      de Natal dos funcion&aacute;rios do CECOM ser&aacute; realizada no dia      20 de dezembro, com um churrasco, a partir das 12h. O local escolhido      foi o Clubinho, localizado na Enseada das Gar&ccedil;as, na regi&atilde;o      da Pampulha, local das &uacute;ltimas festas de final de ano do CECOM.<\/p>\n<p>     Este ano, est&atilde;o surgindo novas id&eacute;ias e a primeira foi      lan&ccedil;ada hoje pela Rosa, que &eacute; a realiza&ccedil;&atilde;o      de um Amigo Oculto diferente. Ela enviar&aacute; comunicado a todos      do funcionamento desse Amigo Oculto.<\/p>\n<p>     Outra sugest&atilde;o &eacute; a velha cesta de guloseimas, que ser&aacute;      sorteada no dia da festa entre aqueles que ajudarem a mont&aacute;-la.      A partir da amanh&atilde;, uma cesta estar&aacute; dispon&iacute;vel      na DAA para recebimento das contribuic&otilde;es. Cada contribui&ccedil;&atilde;o      dar&aacute; direito a um n&uacute;mero para o sorteio. <\/p>\n<p>     A lista de ades&atilde;o j&aacute; est&aacute; sendo passada e os funcion&aacute;rios      t&ecirc;m at&eacute; o dia 11\/12\/2007 para confirmar e pagar a participa&ccedil;&atilde;o      na festa.<\/p>\n<p>     Quanto &agrave; decora&ccedil;&atilde;o de Natal deste ano, o 8o andar      foi enfeitado com algo bem diferente. Na recep&ccedil;&atilde;o do andar      todos se deparam com uma &aacute;rvore de Natal estilizada, encobrindo      uma cozinha em miniatura. Essa &eacute; uma cozinha r&uacute;stica mediterr&acirc;nea      do princ&iacute;pio do s&eacute;culo XX, com todo o tipo de pormenores,      desde o cl&aacute;ssico fog&atilde;o-a-lenha ao arm&aacute;rio de especiarias,      e todos os acess&oacute;rios de uma cozinha: m&oacute;veis, lou&ccedil;a,      ca&ccedil;arolas, talheres, cachorro e gato. A cozinha est&aacute; se      preparando para a Ceia de Natal. Abaixo da cozinha em miniatura, se      encontra uma sala com os convidados para a ceia. Vale dar uma paradinha      e verificar todos os detalhes da decora&ccedil;&atilde;o.    <\/p>\n<p align=\"justify\">O subsolo j&aacute; estava enfeitado desde o dia 21      de novembro, trabalho da Elza.    <\/p>\n<p align=\"justify\">Agora, &eacute; continuar passando a lista de ades&atilde;o,      receber as confirma&ccedil;&otilde;es e aguardar a festa.<\/p>\n<p align=\"center\"><img loading=\"lazy\" decoding=\"async\" src=\"https:\/\/www.ufmg.br\/dti\/wp-content\/uploads\/fotos\/06_12_07\/P1030360.jpg\" width=\"500\" height=\"241\"><\/p>\n<p align=\"center\"><img loading=\"lazy\" decoding=\"async\" src=\"https:\/\/www.ufmg.br\/dti\/wp-content\/uploads\/fotos\/06_12_07\/casinha1.jpg\" width=\"500\" height=\"155\"><br \/>     <font face=\"1\"><em>A decora&ccedil;&atilde;o de Natal do 8&ordm; andar      <\/em><\/font><\/p>\n<p align=\"center\">&nbsp;<\/p>\n<p>    <\/span><\/td>\n<\/tr>\n<tr>\n<td align=\"LEFT\" valign=\"TOP\"><\/td>\n<td align=\"LEFT\" valign=\"TOP\"><a name=\"aeventos2\"><span class=\"titulo\">SOCIAIS<\/span><\/a><span class=\"texto\">     <\/p>\n<p align=\"justify\"><strong>ANIVERS&Aacute;RIOS:<\/strong> <em>&#8220;O      Sistem&aacute;tico&#8221; envia os parab&eacute;ns para Nat&aacute;lia      Costa Guilhelmelli Avelar, no dia 08; e Cl&aacute;udia Galinkin, no      dia 09. Os parab&eacute;ns para os ex-ceconianos: Marco Ant&ocirc;nio      de Oliveira, no dia 08; e S&iacute;lvio Leonardo Teixeira de Souza Cruz,      no dia 13.<font face=\"1\"> <\/font><\/em><\/p>\n<p>    <\/span><\/td>\n<\/tr>\n<tr>\n<td align=\"LEFT\" valign=\"TOP\"><\/td>\n<td align=\"LEFT\" valign=\"TOP\"><a name=\"aeventos3\" id=\"3\"><span class=\"titulo\">MEM&Oacute;RIA     FOTOGR&Aacute;FICA DO CECOM<\/span><\/a><span class=\"texto\">     <\/p>\n<p align=\"justify\">Os aniversariantes do m&ecirc;s de novembro comemoraram      os seus anivers&aacute;rios no dia 29\/11\/2007. A iniciativa partiu da      Vicentina, que organizou toda a festa, desde a arrecada&ccedil;&atilde;o      at&eacute; a decora&ccedil;&atilde;o das mesas. Assim, Ana Paula Lobato,      Caio, Frota, Gilmar, Gustavo Moreira, Josemar, Le&atilde;o, M&aacute;rcia      Lemos, Thiago Moreira, Vin&iacute;cius e Vicentina ofereceram aos seus      colegas do CECOM e convidados uma senhora festa. Foi uma festa para      n&atilde;o colocar defeitos e todos gostaram muito. As fotos s&atilde;o      de autoria de Gabriel Pinheiro.<\/p>\n<p align=\"center\"><img loading=\"lazy\" decoding=\"async\" src=\"https:\/\/www.ufmg.br\/dti\/wp-content\/uploads\/fotos\/06_12_07\/P1010321.jpg\" width=\"500\" height=\"300\"><br \/>     <font face=\"1\"><em>A mesa dos salgados<\/em><\/font><\/p>\n<p>     <img loading=\"lazy\" decoding=\"async\" src=\"https:\/\/www.ufmg.br\/dti\/wp-content\/uploads\/fotos\/06_12_07\/P1010324.jpg\" width=\"500\" height=\"300\">      <br \/>     <font face=\"1\"><em>Thiago Moreira, Rosa, Nat&aacute;lia Rocha, profa.      Z&eacute;lia Falc&atilde;o, Eug&ecirc;nio, Paulo Lessa e Caio<\/em><\/font><\/p>\n<p>     <img loading=\"lazy\" decoding=\"async\" src=\"https:\/\/www.ufmg.br\/dti\/wp-content\/uploads\/fotos\/06_12_07\/P1010329.jpg\" width=\"500\" height=\"300\">      <br \/>     <font face=\"1\"><em>Euler, Fabr&iacute;cio, Gustavo Moreira, Thiago Moreira,      Emerson, Rui e Caio<\/em><\/font><\/p>\n<p>     <img loading=\"lazy\" decoding=\"async\" src=\"https:\/\/www.ufmg.br\/dti\/wp-content\/uploads\/fotos\/06_12_07\/P1010332.jpg\" width=\"500\" height=\"300\">      <br \/>     <em><font face=\"1\">Paulo Lessa, Xina, Le&atilde;o, Rosa, prof. Baracat      e Regininha<\/font><\/em><\/p>\n<p align=\"center\"><img loading=\"lazy\" decoding=\"async\" src=\"https:\/\/www.ufmg.br\/dti\/wp-content\/uploads\/fotos\/06_12_07\/P1010333.jpg\" width=\"500\" height=\"300\"><br \/>     <font face=\"1\"><em>O Parab&eacute;ns pr&aacute; voc&ecirc; com Le&atilde;o,      Caio, M&aacute;rcia Lemos, Josemar, Gustavo Moreira e Vicentina <\/em><\/font><\/p>\n<p>     <img loading=\"lazy\" decoding=\"async\" src=\"https:\/\/www.ufmg.br\/dti\/wp-content\/uploads\/fotos\/06_12_07\/imagem.jpg\" width=\"298\" height=\"421\"> <br \/>     <font face=\"1\"><em>Eug&ecirc;nio e Vicentina, a organizadora da festa      <\/em><\/font><\/p>\n<p>    <\/span><\/td>\n<\/tr>\n<p>  <!-- #EndEditable -->  <\/table>\n<p> <!-- fim noticias --><\/div>\n","protected":false},"excerpt":{"rendered":"<p>Not\u00edcias AVALIA&Ccedil;&Atilde;O DE DESEMPENHO: AGORA &Eacute; A VEZ DAS EQUIPES CECOM REALIZA PREG&Otilde;ES ELETR&Ocirc;NICOS ACESSO AO SERVIDOR PROXY, EM UM ANO, &Eacute; MAIS QUE O DOBRO Informativo DICAS DE SITES INTERESSANTES HACKERS &quot;INFECTAM&quot; P&Aacute;GINAS DE BUSCA NA INTERNET MAIORIA DOS USU&Aacute;RIOS DE LINUX EST&Aacute; NA EUROPA, DIZ ESTUDO HACKERS &#8216;INFECTAM&#8217; P&Aacute;GINAS DE BUSCA NA INTERNET &#8230; <a title=\"Sistem\u00e1tico: Edi\u00e7\u00e3o 1363 &#8211; 06\/12\/2007\" class=\"read-more\" href=\"https:\/\/www.ufmg.br\/dti\/2007\/12\/06\/sistematico-edicao-1363-06122007\/\" aria-label=\"Read more about Sistem\u00e1tico: Edi\u00e7\u00e3o 1363 &#8211; 06\/12\/2007\">Ler mais<\/a><\/p>\n","protected":false},"author":3,"featured_media":0,"comment_status":"open","ping_status":"open","sticky":false,"template":"","format":"standard","meta":{"inline_featured_image":false,"footnotes":""},"categories":[13],"tags":[],"coauthors":[79],"class_list":["post-3075","post","type-post","status-publish","format-standard","hentry","category-sistematico"],"_links":{"self":[{"href":"https:\/\/www.ufmg.br\/dti\/wp-json\/wp\/v2\/posts\/3075","targetHints":{"allow":["GET"]}}],"collection":[{"href":"https:\/\/www.ufmg.br\/dti\/wp-json\/wp\/v2\/posts"}],"about":[{"href":"https:\/\/www.ufmg.br\/dti\/wp-json\/wp\/v2\/types\/post"}],"author":[{"embeddable":true,"href":"https:\/\/www.ufmg.br\/dti\/wp-json\/wp\/v2\/users\/3"}],"replies":[{"embeddable":true,"href":"https:\/\/www.ufmg.br\/dti\/wp-json\/wp\/v2\/comments?post=3075"}],"version-history":[{"count":0,"href":"https:\/\/www.ufmg.br\/dti\/wp-json\/wp\/v2\/posts\/3075\/revisions"}],"wp:attachment":[{"href":"https:\/\/www.ufmg.br\/dti\/wp-json\/wp\/v2\/media?parent=3075"}],"wp:term":[{"taxonomy":"category","embeddable":true,"href":"https:\/\/www.ufmg.br\/dti\/wp-json\/wp\/v2\/categories?post=3075"},{"taxonomy":"post_tag","embeddable":true,"href":"https:\/\/www.ufmg.br\/dti\/wp-json\/wp\/v2\/tags?post=3075"},{"taxonomy":"author","embeddable":true,"href":"https:\/\/www.ufmg.br\/dti\/wp-json\/wp\/v2\/coauthors?post=3075"}],"curies":[{"name":"wp","href":"https:\/\/api.w.org\/{rel}","templated":true}]}}