{"id":3081,"date":"2007-09-27T08:00:00","date_gmt":"2007-09-27T08:00:00","guid":{"rendered":"https:\/\/www.ufmg.br\/dti\/cecom\/?p=1274"},"modified":"2007-09-27T08:00:00","modified_gmt":"2007-09-27T08:00:00","slug":"sistematico-edicao-1354-27092007","status":"publish","type":"post","link":"https:\/\/www.ufmg.br\/dti\/2007\/09\/27\/sistematico-edicao-1354-27092007\/","title":{"rendered":"Sistem\u00e1tico: Edi\u00e7\u00e3o 1354 &#8211; 27\/09\/2007"},"content":{"rendered":"<ul>\n<li><a href=\"\/dti\/#noticias\">Not\u00edcias<\/a>\n<div class='submenuSistematico'>\n<ul>\n<li><a href=\"\/dti\/#anoticias1\"><span class=\"titulo\">OS N&Uacute;MEROS     V&Atilde;O MUDAR, VEM A&Iacute; O NOVO PREFIXO DA UFMG<\/span><\/a><\/li>\n<li><a href=\"\/dti\/#anoticias2\"><span class=\"titulo\">PRPG PREPARA     A ENTRADA DOS CURSOS DE ESPECIALIZA&Ccedil;&Atilde;O NO NOVO SISTEMA ACAD&Ecirc;MICO<\/span><\/a><\/li>\n<li><a href=\"\/dti\/#anoticias3\"><span class=\"titulo\">CECOM REALIZA     PREG&Otilde;ES PARA INFRA-ESTRUTURA DE TELEFONIA E SERVIDORES<\/span><\/a><\/li>\n<li><a href=\"\/dti\/#anoticias4\" id=\"4\"><span class=\"titulo\">CECOM     D&Aacute; MAIS UM PASSO NA ADO&Ccedil;&Atilde;O DE SOFTWARE LIVRE<\/span><\/a><\/li>\n<li><a href=\"\/dti\/#anoticias5\" id=\"5\"><span class=\"titulo\">DAC     PREPARA TREINAMENTO PARA USO DA NOVA INTRANET<\/span><\/a><\/li>\n<li><a href=\"\/dti\/#anoticias6\" id=\"6\"><span class=\"titulo\">ANA     PAULA RECEBE PREMIA&Ccedil;&Atilde;O POR RESULTADO DE AVALIA&Ccedil;&Atilde;O<\/span><\/a><\/li>\n<\/ul>\n<\/div>\n<\/li>\n<li><a href=\"\/dti\/#informativo\">Informativo<\/a>\n<div class='submenuSistematico'>\n<ul>\n<li><a href=\"\/dti\/#ainformativo1\"><span class=\"titulo\">DICAS      DE SITES INTERESSANTES<\/span><br \/>     <\/a><\/li>\n<li><a href=\"\/dti\/#ainformativo2\"><span class=\"titulo\">BU PROMOVE     TREINAMENTO DO PORTAL DE PERI&Oacute;DICO CAPES<\/span><\/a><\/li>\n<li><a href=\"\/dti\/#ainformativo3\"><span class=\"titulo\">FILHOS DE     SERVIDORES E JOVENS DA COMUNIDADE PODEM PRATICAR FUTEBOL E V&Ocirc;LEI     NO CEU<\/span><\/a><\/li>\n<li><a href=\"\/dti\/#ainformativo4\"><img loading=\"lazy\" decoding=\"async\" src=\"https:\/\/www.ufmg.br\/dti\/wp-content\/uploads\/imgs\/tudo_pixel.gif\" width=\"1\" height=\"8\" alt=\"\" border=\"0\"><br \/>    <span class=\"titulo\">H\u00e1 20 anos&#8230;<\/span><\/a><\/li>\n<\/ul>\n<\/div>\n<\/li>\n<li><a href=\"\/dti\/#eventos\">Eventos<\/a>\n<div class='submenuSistematico'>\n<ul>\n<li><a href=\"\/dti\/#aeventos1\"><span class=\"titulo\">SOCIAIS     <\/span><\/a><\/li>\n<li><a href=\"\/dti\/#aeventos2\"><span class=\"titulo\">DIA DA SECRET&Aacute;RIA<\/span><\/a><\/li>\n<li><a href=\"\/dti\/#aeventos3\"><span class=\"titulo\">MEM&Oacute;RIA     FOTOGR&Aacute;FICA DO CECOM<\/span><\/a><\/li>\n<\/ul>\n<\/div>\n<\/li>\n<\/ul>\n<p> <a name='noticias'><\/a><\/p>\n<h4>Not\u00edcias<\/h4>\n<div class=\"centro-sistematico\">  <!-- noticias --> <\/p>\n<table border=\"0\" cellspacing=\"0\" cellpadding=\"0\">\n<tr>\n<td><\/td>\n<td><\/td>\n<\/tr>\n<p>  <!-- #BeginEditable \"materias\" -->   <\/p>\n<tr>\n<td align=\"LEFT\" valign=\"TOP\"><\/td>\n<td align=\"LEFT\" valign=\"TOP\"> <a name=\"anoticias1\"><span class=\"titulo\">OS N&Uacute;MEROS     V&Atilde;O MUDAR, VEM A&Iacute; O NOVO PREFIXO DA UFMG<\/span><\/a> <span class=\"texto\">     <\/p>\n<p>Na &uacute;ltima edi&ccedil;&atilde;o, O Sistem&aacute;tico agu&ccedil;ou      a curiosidade de todos sobre novidades que seriam divulgadas em breve      sobre os servi&ccedil;os de telefonia. Assim, come&ccedil;a agora a      campanha &#8220;Os n&uacute;meros v&atilde;o mudar&#8221;, criada pela      equipe do Cedecom e que pretende informar a toda a comunidade universit&aacute;ria      sobre as mudan&ccedil;as que ocorrer&atilde;o no sistema de telefonia.      Desde j&aacute;, o CECOM solicita o apoio de todos na divulga&ccedil;&atilde;o      das informa&ccedil;&otilde;es que ser&atilde;o veiculadas &agrave;s      pessoas da comunidade interna e externa.<\/p>\n<p>     As novidades passar&atilde;o a vigorar a partir de 15 de novembro pr&oacute;ximo.      O maior impacto ser&aacute; a unifica&ccedil;&atilde;o do prefixo da      UFMG. Praticamente toda a Universidade passar&aacute; a utilizar o prefixo      3409, em substitui&ccedil;&atilde;o aos atuais prefixos 3499 (Campus      Pampulha), 3248 (Campus Sa&uacute;de), 3238 (Engenharia &#8211; centro e Centro      Cultural), 3279 (FACE), 3269 (Arquitetura), 3217 (Direito) e 3218 (Conservat&oacute;rio).      Em breve, ser&aacute; instalada nova central telef&ocirc;nica no Museu      de Hist&oacute;ria Natural e Jardim Bot&acirc;nico, que tamb&eacute;m      passar&aacute; a usar o novo prefixo.<\/p>\n<p>     Al&eacute;m do novo prefixo, sofrer&atilde;o ajustes os ramais internos      de quatro unidades. Arquitetura, Direito e Conservat&oacute;rio passar&atilde;o      a ter seus ramais internos iniciados pelo d&iacute;gito 8, ou seja,      o n&uacute;mero 3217.4600 mudar&aacute; para 3409.8600. J&aacute; na      FACE, os n&uacute;meros passar&atilde;o a come&ccedil;ar com o d&iacute;gito      7, ou seja, o n&uacute;mero 3279.9084 mudar&aacute; para 3409.7084.<\/p>\n<p>     S&oacute; n&atilde;o ser&atilde;o afetados pela mudan&ccedil;a os n&uacute;meros      telef&ocirc;nicos da FUMP (centro), Teatro Universit&aacute;rio, N&uacute;cleo      de Ci&ecirc;ncias Agr&aacute;rias, Fazendas de Igarap&eacute; e Pedro      Leopoldo, Casa da Gl&oacute;ria e Funda&ccedil;&atilde;o Rodrigo de      Mello Franco.<\/p>\n<p>     Dentre as principais vantagens das mudan&ccedil;as podem ser citadas:<\/p>\n<p>     &#8211; integra&ccedil;&atilde;o do sistema de telefonia dos Campi e das unidades      do centro de Belo Horizonte;<br \/>     &#8211; manuten&ccedil;&atilde;o das baixas tarifas para os Campi at&eacute;      2010;<br \/>     &#8211; dr&aacute;stica redu&ccedil;&atilde;o dos gastos com telefonia da      Arquitetura, Direito, Conservat&oacute;rio e MHNJB, equiparando-os aos      j&aacute; obtidos para os Campi;<br \/>     &#8211; redu&ccedil;&atilde;o dos gastos da Engenharia (centro) e FACE e prepara&ccedil;&atilde;o      da mudan&ccedil;a de ambas para o Campus Pampulha;<br \/>     &#8211; liga&ccedil;&atilde;o gratuita ramal a ramal cobrindo os dois Campi,      Arquitetura, Direito e Conservat&oacute;rio.<\/p>\n<p>     Ap&oacute;s 15 de novembro, por 90 dias, as pessoas que ligarem para      os n&uacute;meros antigos receber&atilde;o mensagem informativa orientando-as      sobre qual &eacute; o novo n&uacute;mero a ser discado.<br \/>     Tendo em vista a amplitude da mudan&ccedil;a, j&aacute; que est&atilde;o      em uso mais de 6.000 ramais no sistema de telefonia da UFMG, &eacute;      importante a participa&ccedil;&atilde;o de todos na dissemina&ccedil;&atilde;o      dessas informa&ccedil;&otilde;es.<\/p>\n<p>     Em caso de d&uacute;vidas sobre as mudan&ccedil;as, o CECOM coloca &agrave;      disposi&ccedil;&atilde;o o e-mail telefone@cecom.ufmg.br e o telefone      3409.5000. Caso a diretoria das unidade desejem, pode ser agendada reuni&atilde;o      para maiores esclarecimentos pelo telefone 3409.4010.<\/p>\n<p>     Durante as pr&oacute;ximas semanas, O Sistem&aacute;tico acompanhar&aacute;      a contagem regressiva para a entrada em funcionamento do 3409, que j&aacute;      est&aacute; ativo, apenas para o Campus da Pampulha, funcionando em      paralelo com o atual 3499.<\/p>\n<p>    <\/span> <\/td>\n<\/tr>\n<tr>\n<td align=\"LEFT\" valign=\"TOP\"><\/td>\n<td align=\"LEFT\" valign=\"TOP\"> <a name=\"anoticias2\"><span class=\"titulo\">PRPG PREPARA     A ENTRADA DOS CURSOS DE ESPECIALIZA&Ccedil;&Atilde;O NO NOVO SISTEMA ACAD&Ecirc;MICO<\/span><\/a>     <span class=\"texto\">     <\/p>\n<p>Durante o F&oacute;rum de Coordenadores de Cursos de Especializa&ccedil;&atilde;o,      realizado ontem, dia 26, no audit&oacute;rio do ICB, o pr&oacute;-reitor      de p&oacute;s-gradua&ccedil;&atilde;o, prof. Jaime Arturo Ramirez, apresentou      para os coordenadores de cursos de especializa&ccedil;&atilde;o da Universidade      o novo Sistema de Gest&atilde;o Acad&ecirc;mica da P&oacute;s-Gradua&ccedil;&atilde;o.<\/p>\n<p>     Esse novo sistema, integralmente desenvolvido com interface Web, j&aacute;      contempla, desde o 2o semestre letivo de 2006, todos os cursos stricto      sensu da UFMG. O objetivo agora &eacute; que os dados e controles informatizados      dos cursos de especializa&ccedil;&atilde;o migrem do atual sistema baseado      em mainframe para o novo sistema, compondo assim toda a base de cursos      de p&oacute;s-gradua&ccedil;&atilde;o (lato sensu e stricto sensu) da      UFMG em uma &uacute;nica plataforma.<\/p>\n<p>     O cronograma para convers&atilde;o de dados e libera&ccedil;&atilde;o      do novo sistema &eacute; o seguinte:<\/p>\n<p>     &#8211; Envio das grades dos cursos, pela PRPG, aos colegiados para confer&ecirc;ncia      e acerto: at&eacute; 19\/10\/2007<br \/>     &#8211; Levantamento feito pelo DRCA dos grupos de acesso para cadastramento      da seguran&ccedil;a no novo sistema: at&eacute; 25\/10\/2007<br \/>     &#8211; Acerto das grades no novo sistema da P&oacute;s-Gradua&ccedil;&atilde;o      pela PRPG e Colegiados: at&eacute; 26\/10\/2007<br \/>     &#8211; Apresenta&ccedil;&atilde;o do novo sistema aos Colegiados dos Cursos      de Especializa&ccedil;&atilde;o, pelo DRCA, PRPG e CECOM: de 29\/10 a      01\/11\/2007<br \/>     &#8211; Desativa&ccedil;&atilde;o, pelo CECOM, do atual sistema da P&oacute;s-Gradua&ccedil;&atilde;o      (Plenus): 26\/10\/2007, &agrave;s 17h<br \/>     &#8211; Verifica&ccedil;&atilde;o pelo DRCA e CECOM de inconsist&ecirc;ncia      de dados na base do atual sistema (Plenus) com acertos e ajustes na      base do novo sistema: de 29\/10 a 07\/11\/2007<br \/>     &#8211; Carga dos dados do sistema atual (Plenus) no novo sistema da P&oacute;s-Gradua&ccedil;&atilde;o      pelo CECOM: de 31\/10 a 09\/11\/2007<br \/>     &#8211; Previs&atilde;o de in&iacute;cio da utiliza&ccedil;&atilde;o do novo      sistema pelos Colegiados: 12\/11\/2007.<\/p>\n<p>    <\/p>\n<p>    <\/span><\/td>\n<\/tr>\n<tr>\n<td align=\"LEFT\" valign=\"TOP\"><\/td>\n<td align=\"LEFT\" valign=\"TOP\"> <a name=\"anoticias3\"><span class=\"titulo\">CECOM REALIZA     PREG&Otilde;ES PARA INFRA-ESTRUTURA DE TELEFONIA E SERVIDORES<\/span><\/a>     <span class=\"texto\">     <\/p>\n<p>O CECOM realizou dois preg&otilde;es no m&ecirc;s de setembro, sendo      que o primeiro no dia 14 e o segundo no dia 18. <\/p>\n<p>     O preg&atilde;o do dia 14 foi realizado para aquisi&ccedil;&atilde;o      de materiais e servi&ccedil;os para expans&atilde;o da central telef&ocirc;nica      da FACE. A expans&atilde;o visa atender a demanda de mais ramais com      a vinda da Faculdade de Ci&ecirc;ncias Econ&ocirc;micas para o Campus      Pampulha. A empresa vencedora do processo foi a Damovo do Brasil S.A.      Participaram do processo: M&aacute;rcia Regina Lemos, como pregoeira,      Ant&ocirc;nio Carlos Soares e a estagi&aacute;ria Bruna Maria Souza.<\/p>\n<p align=\"center\"><font face=\"1\"><img loading=\"lazy\" decoding=\"async\" src=\"https:\/\/www.ufmg.br\/dti\/wp-content\/uploads\/fotos\/27_09\/pregao_14set2007.jpg\" width=\"500\" height=\"316\"><br \/>     Participaram do preg&atilde;o do dia 14, Bruna Souza, Ant&ocirc;nio      Carlos Soares e M&aacute;rcia Lemos <\/font><\/p>\n<p>     J&aacute; o preg&atilde;o do dia 18 foi realizado para aquisi&ccedil;&atilde;o      de dois servidores de rede e no-breaks, destinados ao CECOM. Os equipamentos      s&atilde;o da marca IBM. Participaram do processo: M&aacute;rcia Regina      Lemos, como pregoeira, Aleixina Maria Lopes Andal&eacute;cio, M&aacute;rcio      da Costa Viana e a estagi&aacute;ria Bruna Maria Souza.<\/p>\n<p align=\"center\"><font face=\"1\"><img loading=\"lazy\" decoding=\"async\" src=\"https:\/\/www.ufmg.br\/dti\/wp-content\/uploads\/fotos\/27_09\/pregao_18set2007.jpg\" width=\"500\" height=\"290\"><br \/>     O preg&atilde;o do dia 18 teve a participa&ccedil;&atilde;o de Bruna      Souza, M&aacute;rcia Lemos, Aleixina Andal&eacute;cio e M&aacute;rcio      Viana <\/font><\/p>\n<p>&nbsp;<\/p>\n<p>    <\/p>\n<p>    <\/span><\/td>\n<\/tr>\n<tr>\n<td align=\"LEFT\" valign=\"TOP\"><\/td>\n<td align=\"LEFT\" valign=\"TOP\"> <a name=\"anoticias4\" id=\"4\"><span class=\"titulo\">CECOM     D&Aacute; MAIS UM PASSO NA ADO&Ccedil;&Atilde;O DE SOFTWARE LIVRE<\/span><\/a>     <span class=\"texto\">     <\/p>\n<p>J&aacute; h&aacute; algum tempo, o CECOM vem buscando uma alternativa      em software livre para substituir o ambiente atualmente usado na Rede      Administrativa, que utiliza o sistema operacional de rede Novell Netware      e o Microsoft Windows nas esta&ccedil;&otilde;es de trabalho. Dando      mais um passo nessa dire&ccedil;&atilde;o, toda a DAC passou a usar      software livre em seus computadores, com exce&ccedil;&atilde;o daqueles      em que &eacute; feito o gerenciamento e suporte &agrave; rede Novell.      <\/p>\n<p>     Para permitir o melhor aproveitamento das funcionalidades do novo ambiente,      foi realizado na sexta-feira, dia 21, um treinamento para os usu&aacute;rios      dessas esta&ccedil;&otilde;es de trabalho, que usam a distribui&ccedil;&atilde;o      Fedora do Linux. Foram oferecidas duas turmas, na Sala de Aulas 2 do      CECOM, das quais participaram: parte da manh&atilde; &#8211; Eust&aacute;quio,      Luiz, Fabiano, Le&atilde;o e Jader; parte da tarde: Xina, M&aacute;rcio,      Eug&ecirc;nio, M&aacute;rcia, Helder, &Eacute;rica e Assahaf. Os instrutores      foram os estagi&aacute;rios envolvidos no projeto, Samuel Almeida Cardos      e Daniel Lemos de Morais.<\/p>\n<p align=\"center\"><font face=\"1\"><img loading=\"lazy\" decoding=\"async\" src=\"https:\/\/www.ufmg.br\/dti\/wp-content\/uploads\/fotos\/27_09\/curso_linux.jpg\" width=\"500\" height=\"361\"><br \/>     A apresenta&ccedil;&atilde;o do Linux com Daniel Lemos e Samuel Cardoso<\/p>\n<p>     <\/font><\/p>\n<p>    <\/span><\/td>\n<\/tr>\n<tr>\n<td align=\"LEFT\" valign=\"TOP\"><\/td>\n<td align=\"LEFT\" valign=\"TOP\"> <a name=\"anoticias5\" id=\"5\"><span class=\"titulo\">DAC     PREPARA TREINAMENTO PARA USO DA NOVA INTRANET<\/span><\/a> <span class=\"texto\">     <\/p>\n<p>A partir do pr&oacute;ximo m&ecirc;s, a Intranet Administrativa ter&aacute;      nova cara. Ela foi desenvolvida utilizando a plataforma Plone\/Zope,      uma das mais usadas para gerenciamento de conte&uacute;do de p&aacute;ginas      web. A nova Intranet ser&aacute;, inicialmente, liberada para o CECOM      e a SODS, que s&atilde;o os &oacute;rg&atilde;os que efetivamente usavam      a vers&atilde;o anterior.<\/p>\n<p>     Para que esses &oacute;rg&atilde;os possam conhecer e usufruir de todas      as vantagens do novo ambiente, a DAC oferecer&aacute; um treinamento      aos usu&aacute;rios, no pr&oacute;ximo dia 03\/10\/2007 (quarta-feira),      de 14 &agrave;s 17h, na sala de aulas 2 do CECOM.<\/p>\n<p>     Cada setor dever&aacute; indicar at&eacute; 2 pessoas para participarem      desse treinamento. As indica&ccedil;&otilde;es ser&atilde;o encaminhadas      at&eacute; o dia 01\/10\/2007 (segunda-feira) e os indicados dever&atilde;o      ter o acesso ao portal minhaUFMG atualizado, pois a autentica&ccedil;&atilde;o      dos usu&aacute;-rios ser&aacute; feita por meio desse portal.<\/p>\n<p>    <\/p>\n<p>    <\/span><\/td>\n<\/tr>\n<tr>\n<td align=\"LEFT\" valign=\"TOP\"><\/td>\n<td align=\"LEFT\" valign=\"TOP\"> <a name=\"anoticias6\" id=\"6\"><span class=\"titulo\">ANA     PAULA RECEBE PREMIA&Ccedil;&Atilde;O POR RESULTADO DE AVALIA&Ccedil;&Atilde;O<\/span><\/a>     <span class=\"texto\">     <\/p>\n<p>Desde 1998, o CECOM tem um processo interno de avalia&ccedil;&atilde;o      institucional a cada semestre. Esse processo tem gerado diversos benef&iacute;cios      referentes &agrave; melhoria da qualidade dos servi&ccedil;os prestados      &agrave; comunidade universit&aacute;ria. Al&eacute;m de fomentar discuss&otilde;es      e solu&ccedil;&otilde;es internas, o processo sempre procurou ouvir      a opini&atilde;o dos usu&aacute;rios do CECOM e, ao longo desses anos,      diversas medidas foram tomadas como conseq&uuml;&ecirc;ncia das cr&iacute;ticas,      sugest&otilde;es e coment&aacute;rios recebidos.<\/p>\n<p>     Como j&aacute; &eacute; de praxe, tamb&eacute;m no semestre passado,      ou seja, de janeiro a julho\/2007, foi escolhido o funcion&aacute;rio      que mais se destacou. Essa foi a vez da funcion&aacute;ria Ana Paula      Fonseca de Almeida, da Divis&atilde;o de Apoio Administrativo (DAA),      que recebeu, durante a Festa Setembrina, uma cesta como agradecimento      pela sua atua&ccedil;&atilde;o. <\/p>\n<p align=\"center\"><font face=\"1\"><img loading=\"lazy\" decoding=\"async\" src=\"https:\/\/www.ufmg.br\/dti\/wp-content\/uploads\/fotos\/27_09\/ana_cesta.jpg\" width=\"500\" height=\"359\"><br \/>     Prof. Paulo Seixas faz a entrega da cesta &agrave; Ana Paula<\/font><\/p>\n<p>    <\/span> <\/td>\n<\/tr>\n<p>  <!-- #EndEditable -->  <\/table>\n<p> <!-- fim noticias --><\/div>\n<p><a name='informativo'><\/a><\/p>\n<h4>Informativo<\/h4>\n<div class=\"centro-sistematico\">  <!-- noticias --> <\/p>\n<table border=\"0\" cellspacing=\"0\" cellpadding=\"0\">\n<tr>\n<td><\/td>\n<td><\/td>\n<\/tr>\n<p>  <!-- #BeginEditable \"materias\" -->   <\/p>\n<tr>\n<td align=\"LEFT\" valign=\"TOP\"><\/td>\n<td align=\"LEFT\" valign=\"TOP\">\n<p><a name=\"ainformativo1\"><span class=\"titulo\">DICAS      DE SITES INTERESSANTES<\/span><br \/>     <\/a> <img loading=\"lazy\" decoding=\"async\" src=\"https:\/\/www.ufmg.br\/dti\/wp-content\/uploads\/imgs\/tudo_pixel.gif\" width=\"1\" height=\"20\" alt=\"\" border=\"0\"><br \/>     <span class=\"texto\"> Adyrus, o ca&ccedil;ador de sites, enviou as seguintes      dicas:<\/p>\n<p>     &#8211; O evento mais esperado do ano no segmento de &Aacute;udio e V&iacute;deo      no pa&iacute;s est&aacute; a um m&ecirc;s de sua realiza&ccedil;&atilde;o.      Os apaixonados por equipamentos high end e consumer v&atilde;o poder      conhecer, em primeira m&atilde;o, os lan&ccedil;amentos dos principais      fabricantes mundiais presentes ao HI FI SHOW 2007, que acontece de 28      a 30 de Setembro, em S&atilde;o Paulo. Saiba mais em <a href=\"http:\/\/www.clubedoaudio.com.br\/\">http:\/\/www.clubedoaudio.com.br\/<\/a>.<\/p>\n<p>     &#8211; Gerenciamento e Controle = Seguran&ccedil;a. O gerenciamento dos ambientes      de seguran&ccedil;a est&aacute; sempre no topo da lista das preocupa&ccedil;&otilde;es      dos profissionais encarregados de administrar e controlar sistemas de      TI. Veja em <a href=\"http:\/\/www.checkpoint.com\/corporate\/events\/americas\/l_amer\/event-2007-Sep-04b.html\">http:\/\/www.checkpoint.com\/corporate\/events\/americas\/l_amer\/event-2007-Sep-04b.html<\/a>.<\/p>\n<p>     &#8211; O Bul&aacute;rio Eletr&ocirc;nico da Ag&ecirc;ncia Nacional de Vigil&acirc;ncia      Sanit&aacute;ria &#8211; Anvisa foi concebido para ser um banco de dados acess&iacute;vel      via internet onde tanto profissionais de sa&uacute;de quanto a popula&ccedil;&atilde;o      em geral, inclusive portadores de defici&ecirc;ncia visual, possam acessar      as informa&ccedil;&otilde;es contidas nos textos de bula dos medicamentos      registrados e comercializados no Brasil. V&aacute; at&eacute; o endere&ccedil;o      <a href=\"http:\/\/bulario.bvs.br\/\">http:\/\/bulario.bvs.br\/<\/a>.<\/p>\n<p>     &#8211; O blog &#8220;MPB Antiga&#8221; tem cronologia, grava&ccedil;&otilde;es      raras, hist&oacute;ria, letras de m&uacute;sicas e partituras em PDF      de m&uacute;sica brasileira. Veja em <a href=\"http:\/\/mpbantiga.blogspot.com\/\">http:\/\/mpbantiga.blogspot.com\/<\/a>.<\/p>\n<p>     &#8211; O Departamento Nacional de Tr&acirc;nsito realizar&aacute; nos dias      16 e 17 de outubro o II Semin&aacute;rio Denatran de Educa&ccedil;&atilde;o      e Seguran&ccedil;a no Tr&acirc;nsito: o jovem e o tr&acirc;nsito. O      evento reunir&aacute; diversos especialistas como, por exemplo, educadores,      soci&oacute;logos, profissionais da m&iacute;dia e da sa&uacute;de.      Para participar do semin&aacute;rio basta preencher a ficha de inscri&ccedil;&atilde;o      dispon&iacute;vel no site do Denatran. As inscri&ccedil;&otilde;es s&atilde;o      gratuitas e as vagas limitadas. O evento ser&aacute; realizado no Hotel      Ouro Minas, em Belo Horizonte (MG). Consulte o endere&ccedil;o <a href=\"http:\/\/www.denatran.gov.br\/\">http:\/\/www.denatran.gov.br\/<\/a>.<\/p>\n<p>     &#8211; Sabe aquele programinha que precisamos para fazer desenho e olhamos      de um lado para o outro e n&atilde;o temos? O Draw Anywhere faz isso      e &eacute; de gra&ccedil;a. O diagrama pode ser exportado como arquivo      PDF ou como imagem JPG, GIF, PNG, BMP ou TIFF. A &uacute;nica coisa      que ele pede, &eacute; que voc&ecirc; tenha o Flash 9 instalado em seu      computador. Veja em <a href=\"http:\/\/drawanywhere.com\/\">http:\/\/drawanywhere.com\/<\/a>.      (Site em Ingl&ecirc;s)<\/span><\/p>\n<p><span class=\"texto\"><br \/>     <\/span>    <\/p>\n<\/td>\n<\/tr>\n<tr>\n<td align=\"LEFT\" valign=\"TOP\"><\/td>\n<td align=\"LEFT\" valign=\"TOP\"><a name=\"ainformativo2\"><span class=\"titulo\">BU PROMOVE     TREINAMENTO DO PORTAL DE PERI&Oacute;DICO CAPES<\/span><\/a> <span class=\"texto\">     <\/p>\n<p>A Biblioteca Universit&aacute;ria &#8211; Sistema de Bibliotecas da UFMG      e a Coordena&ccedil;&atilde;o de Aperfei&ccedil;oamento de Pessoal de      N&iacute;vel Superior (CAPES) promovem o &#8220;Treinamento para uso      do Portal de Peri&oacute;dicos da CAPES&#8221;, que ser&aacute; realizado      nos dias 03, 04 e 05 de outubro\/2007, no pr&eacute;dio da Biblioteca      Central no Campus Pampulha. <\/p>\n<p>     O evento ser&aacute; realizado com palestras, demonstra&ccedil;&atilde;o      das bases referenciais e de textos completos pelos instrutores da CAPES      e pelos editores, com o objetivo de ampliar a divulga&ccedil;&atilde;o      dos recursos dispon&iacute;veis do Portal de Peri&oacute;dicos, qualificando      os usu&aacute;rios finais (pesquisadores, docentes e estudantes) e bibliotec&aacute;rios      das institui&ccedil;&otilde;es participantes do programa. <\/p>\n<p>     A inscri&ccedil;&atilde;o &eacute; gratuita e para efetuar a inscri&ccedil;&atilde;o      o usu&aacute;rio deve preencher as informa&ccedil;&otilde;es solicitadas      no endere&ccedil;o eletr&ocirc;nico: <a href=\"http:\/\/www.bu.ufmg.br\/curso\/\">http:\/\/www.bu.ufmg.br\/curso\/<\/a>.    <\/p>\n<p>    <\/span> <\/td>\n<\/tr>\n<tr>\n<td align=\"LEFT\" valign=\"TOP\"><\/td>\n<td align=\"LEFT\" valign=\"TOP\"><a name=\"ainformativo3\"><span class=\"titulo\">FILHOS DE     SERVIDORES E JOVENS DA COMUNIDADE PODEM PRATICAR FUTEBOL E V&Ocirc;LEI     NO CEU<\/span><\/a> <span class=\"texto\">     <\/p>\n<p>Filhos de servidores e jovens da comunidade em geral, nascidos entre      1990 e 2001, j&aacute; podem se inscrever nas atividades do Projeto      Esporte Universit&aacute;rio (Proesp), desenvolvido em parceria da Pr&oacute;-reitoria      de Recursos Humanos (Prorh) com o Centro Esportivo Universit&aacute;rio      (CEU) da UFMG. O Proesp oferece as modalidades de futebol de campo,      futsal e v&ocirc;lei.<\/p>\n<p>     Os servidores podem inscrever seus filhos at&eacute; 5 de outubro, apenas      atrav&eacute;s do site da Pr&oacute;-reitoria. A sele&ccedil;&atilde;o      ser&aacute; de acordo com a ordem de inscri&ccedil;&atilde;o. Se o n&uacute;mero      de interessados for maior que o n&uacute;mero de vagas, ser&aacute;      formada uma lista de suplentes para o caso de desist&ecirc;ncias. <\/p>\n<p>     O pagamento ser&aacute; feito diretamente ao Proesp pela Prorh, a partir      da comprova&ccedil;&atilde;o da freq&uuml;&ecirc;ncia dos alunos. N&atilde;o      h&aacute; qualquer &ocirc;nus para os servidores. A lista com os hor&aacute;rios      e vagas dispon&iacute;veis est&aacute; no <a href=\"http:\/\/www.ufmg.br\/prorh\" target=\"_blank\">site<\/a>      da Prorh. <\/p>\n<p align=\"center\"><a href=\"http:\/\/www.ufmg.br\/prorh\" target=\"_blank\"><img loading=\"lazy\" decoding=\"async\" src=\"https:\/\/www.ufmg.br\/dti\/wp-content\/uploads\/fotos\/27_09\/proesp_prorh.gif\" width=\"500\" height=\"293\" border=\"0\"><\/a><\/p>\n<p>(Fonte: <a href=\"http:\/\/www.ufmg.br\/online\/arquivos\/006729.shtml\">http:\/\/www.ufmg.br\/online\/arquivos\/006729.shtml<\/a>      &#8211; 26\/09\/2007) <\/p>\n<p>    <\/span><\/td>\n<\/tr>\n<p>  <!-- #EndEditable -->  <\/table>\n<p> <!-- fim noticias --> <!-- tabela ha 20 anos --> <\/p>\n<table border=\"0\" cellspacing=\"0\" cellpadding=\"0\" class=\"cinza\">\n<tr>\n<td><img loading=\"lazy\" decoding=\"async\" src=\"https:\/\/www.ufmg.br\/dti\/wp-content\/uploads\/imgs\/tudo_pixel.gif\" width=\"1\" height=\"1\" alt=\"\" border=\"0\"><\/td>\n<td><img loading=\"lazy\" decoding=\"async\" src=\"https:\/\/www.ufmg.br\/dti\/wp-content\/uploads\/imgs\/tudo_pixel.gif\" width=\"19\" height=\"1\" alt=\"\" border=\"0\"><\/td>\n<td><img loading=\"lazy\" decoding=\"async\" src=\"https:\/\/www.ufmg.br\/dti\/wp-content\/uploads\/imgs\/tudo_pixel.gif\" width=\"510\" height=\"1\" alt=\"\" border=\"0\"><\/td>\n<td><img loading=\"lazy\" decoding=\"async\" src=\"https:\/\/www.ufmg.br\/dti\/wp-content\/uploads\/imgs\/tudo_pixel.gif\" width=\"19\" height=\"1\" alt=\"\" border=\"0\"><\/td>\n<td><img loading=\"lazy\" decoding=\"async\" src=\"https:\/\/www.ufmg.br\/dti\/wp-content\/uploads\/imgs\/tudo_pixel.gif\" width=\"1\" height=\"1\" alt=\"\" border=\"0\"><\/td>\n<\/tr>\n<tr>\n<td class=\"vermelho\" colspan=\"5\"><img loading=\"lazy\" decoding=\"async\" src=\"https:\/\/www.ufmg.br\/dti\/wp-content\/uploads\/imgs\/tudo_pixel.gif\" width=\"1\" height=\"1\" alt=\"\" border=\"0\"><\/td>\n<\/tr>\n<tr>\n<td class=\"vermelho\"><img loading=\"lazy\" decoding=\"async\" src=\"https:\/\/www.ufmg.br\/dti\/wp-content\/uploads\/imgs\/tudo_pixel.gif\" width=\"1\" height=\"1\" alt=\"\" border=\"0\"><\/td>\n<td><img loading=\"lazy\" decoding=\"async\" src=\"https:\/\/www.ufmg.br\/dti\/wp-content\/uploads\/imgs\/tudo_pixel.gif\" width=\"1\" height=\"1\" alt=\"\" border=\"0\"><\/td>\n<td align=\"LEFT\" valign=\"TOP\"><!-- #BeginEditable \"ha 20 anos\" --><a name=\"ainformativo4\"><img loading=\"lazy\" decoding=\"async\" src=\"https:\/\/www.ufmg.br\/dti\/wp-content\/uploads\/imgs\/tudo_pixel.gif\" width=\"1\" height=\"8\" alt=\"\" border=\"0\"><br \/>    <span class=\"titulo\">H\u00e1 20 anos&#8230;<\/span><\/a> <span class=\"texto\">     <\/p>\n<p>O Sistem&aacute;tico Ano XI, no 38, de 08\/10\/1987, publicou not&iacute;cias      sobre subcomiss&atilde;o de enquadramento, certificados de cursos do      CECOM, est&aacute;gio do digitador Jader de Freitas Batista no Setor      de Suporte de Hardware, III Olimp&iacute;ada da Sucesu-MG, dicas da      Biblioteca, entre outras. A not&iacute;cia que se destacou foi: <\/p>\n<p><strong>CURSO CP\/M &#8211; WS<\/strong><br \/>     <font face=\"1\">Ser&aacute; encerrado amanh&atilde; mais um treinamento      de CP\/M &#8211; WS &#8211; Mailmerge que o CECOM est&aacute; promovendo para professores      do Depto. de Matem&aacute;tica do ICEx. Est&atilde;o participando: Angela      Maria Fernandes de Magalh&atilde;es Pinto, Maria Cristina Rotsen de      Melo, Maria das Gra&ccedil;as Gomes Barbosa, Marluce Rodrigues de Faria      e Barbosa, Vera Maria Pereira Coelho e M&aacute;rcia Maria Fusaro Pinto.<br \/>     Um outro treinamento ser&aacute; realizado no per&iacute;odo de 19 a      23 de outubro, estando inscritos funcion&aacute;rios do Hospital das      Cl&iacute;nicas, Faculdade de Letras e Editora da UFMG. O instrutor      do curso &eacute; R&ocirc;mulo Chaves Mendes.<\/font><\/p>\n<p>    <\/span><!-- #EndEditable --><br \/>     <img loading=\"lazy\" decoding=\"async\" src=\"https:\/\/www.ufmg.br\/dti\/wp-content\/uploads\/imgs\/tudo_pixel.gif\" width=\"1\" height=\"8\" alt=\"\" border=\"0\"><\/td>\n<td><img loading=\"lazy\" decoding=\"async\" src=\"https:\/\/www.ufmg.br\/dti\/wp-content\/uploads\/imgs\/tudo_pixel.gif\" width=\"1\" height=\"1\" alt=\"\" border=\"0\"><\/td>\n<td class=\"vermelho\"><img loading=\"lazy\" decoding=\"async\" src=\"https:\/\/www.ufmg.br\/dti\/wp-content\/uploads\/imgs\/tudo_pixel.gif\" width=\"1\" height=\"1\" alt=\"\" border=\"0\"><\/td>\n<\/tr>\n<tr>\n<td class=\"vermelho\" colspan=\"5\"><img loading=\"lazy\" decoding=\"async\" src=\"https:\/\/www.ufmg.br\/dti\/wp-content\/uploads\/imgs\/tudo_pixel.gif\" width=\"1\" height=\"1\" alt=\"\" border=\"0\"><\/td>\n<\/tr>\n<\/table>\n<p> <!-- fim tabela ha 20 anos --><\/div>\n<p><a name='eventos'><\/a><\/p>\n<h4>Eventos<\/h4>\n<div class=\"centro-sistematico\">  <!-- noticias --> <\/p>\n<table border=\"0\" cellspacing=\"0\" cellpadding=\"0\">\n<tr>\n<td><\/td>\n<td><\/td>\n<\/tr>\n<p>  <!-- #BeginEditable \"materias\" -->   <\/p>\n<tr>\n<td align=\"LEFT\" valign=\"TOP\"><\/td>\n<td align=\"LEFT\" valign=\"TOP\"> <a name=\"aeventos1\"><span class=\"titulo\">SOCIAIS     <\/span><\/a> <span class=\"texto\">     <\/p>\n<p><strong>ANIVERS&Aacute;RIOS:<\/strong> <em>&#8220;O Sistem&aacute;tico&#8221;      envia os parab&eacute;ns para Gino Ottoni Durante, no dia 29; Rosa Am&eacute;lia      dos Santos, no dia 30; Paulo In&aacute;cio Sobrinho, no dia 03 de outubro;      e Thiago Gabriel Diniz, no dia 04. Os parab&eacute;ns para os ex-ceconianos:      Ant&ocirc;nio Carlos Souza Lima J&uacute;nior, no dia 27; Al&eacute;xia      Maria M&uuml;ller de Gouveia, no dia 29; Alexandre Francisco Fonseca      de Morais, Allan Ibrahim Peron e Jo&atilde;o Carlos Bretas Leite, no      dia 1o de outubro; Geraldo Jos&eacute; Coelho Ribeiro, no dia 02; e      Patr&iacute;cia L&uacute;cia Pereira Ferri, no dia 03. <\/em><\/p>\n<p>    <\/span><\/td>\n<\/tr>\n<tr>\n<td align=\"LEFT\" valign=\"TOP\"><\/td>\n<td align=\"LEFT\" valign=\"TOP\"><a name=\"aeventos2\"><span class=\"titulo\">DIA DA SECRET&Aacute;RIA<\/span><\/a>     <span class=\"texto\">     <\/p>\n<p>O dia 30 de setembro &eacute; o <strong>DIA DA SECRET&Aacute;RIA.<\/strong><br \/>     As felicita&ccedil;&otilde;es para a Michele, secret&aacute;ria da DGE,      e para a Rosa, secret&aacute;ria da ATI, com os agradecimentos de todos      n&oacute;s.<\/p>\n<p>    <\/span><\/td>\n<\/tr>\n<tr>\n<td align=\"LEFT\" valign=\"TOP\"><\/td>\n<td align=\"LEFT\" valign=\"TOP\"><a name=\"aeventos3\"><span class=\"titulo\">MEM&Oacute;RIA     FOTOGR&Aacute;FICA DO CECOM<\/span><\/a> <span class=\"texto\">     <\/p>\n<p>O Sistem&aacute;tico publica nesta edi&ccedil;&atilde;o o &uacute;ltimo      lote de fotos do Campus Pampulha, de autoria de Renato Righi, desta      vez do per&iacute;odo de 1975\/1976. Durante o m&ecirc;s de setembro      foram publicadas v&aacute;rias fotos em homenagem aos 80 anos da UFMG.<\/p>\n<p>    <\/span> <\/p>\n<p align=\"center\"><img loading=\"lazy\" decoding=\"async\" src=\"https:\/\/www.ufmg.br\/dti\/wp-content\/uploads\/fotos\/27_09\/ufmg1970_12.jpg\" width=\"500\" height=\"339\"><br \/>     <font face=\"1\">A Escola de Belas      Artes<\/font><\/p>\n<p align=\"center\"><img loading=\"lazy\" decoding=\"async\" src=\"https:\/\/www.ufmg.br\/dti\/wp-content\/uploads\/fotos\/27_09\/ufmg1970_10.jpg\" width=\"500\" height=\"356\"><br \/>     <font face=\"1\">A constru&ccedil;&atilde;o      da F&iacute;sica<\/font><\/p>\n<p align=\"center\"><img loading=\"lazy\" decoding=\"async\" src=\"https:\/\/www.ufmg.br\/dti\/wp-content\/uploads\/fotos\/27_09\/ufmg1970_14.jpg\" width=\"500\" height=\"353\"><br \/>     <font face=\"1\">Outra vista da constru&ccedil;&atilde;o      da F&iacute;sica<\/font><\/p>\n<p align=\"center\"><font face=\"1\"><img loading=\"lazy\" decoding=\"async\" src=\"https:\/\/www.ufmg.br\/dti\/wp-content\/uploads\/fotos\/27_09\/ufmg1970_13.jpg\" width=\"500\" height=\"367\"><br \/>     O ICEx antigo, hoje PCA<\/font><\/p>\n<p>&nbsp;<\/p>\n<p>    <span class=\"texto\"><\/span><\/td>\n<\/tr>\n<p>  <!-- #EndEditable -->  <\/table>\n<p> <!-- fim noticias --><\/div>\n","protected":false},"excerpt":{"rendered":"<p>Not\u00edcias OS N&Uacute;MEROS V&Atilde;O MUDAR, VEM A&Iacute; O NOVO PREFIXO DA UFMG PRPG PREPARA A ENTRADA DOS CURSOS DE ESPECIALIZA&Ccedil;&Atilde;O NO NOVO SISTEMA ACAD&Ecirc;MICO CECOM REALIZA PREG&Otilde;ES PARA INFRA-ESTRUTURA DE TELEFONIA E SERVIDORES CECOM D&Aacute; MAIS UM PASSO NA ADO&Ccedil;&Atilde;O DE SOFTWARE LIVRE DAC PREPARA TREINAMENTO PARA USO DA NOVA INTRANET ANA PAULA RECEBE PREMIA&Ccedil;&Atilde;O &#8230; <a title=\"Sistem\u00e1tico: Edi\u00e7\u00e3o 1354 &#8211; 27\/09\/2007\" class=\"read-more\" href=\"https:\/\/www.ufmg.br\/dti\/2007\/09\/27\/sistematico-edicao-1354-27092007\/\" aria-label=\"Read more about Sistem\u00e1tico: Edi\u00e7\u00e3o 1354 &#8211; 27\/09\/2007\">Ler mais<\/a><\/p>\n","protected":false},"author":3,"featured_media":0,"comment_status":"open","ping_status":"open","sticky":false,"template":"","format":"standard","meta":{"inline_featured_image":false,"footnotes":""},"categories":[13],"tags":[],"coauthors":[79],"class_list":["post-3081","post","type-post","status-publish","format-standard","hentry","category-sistematico"],"_links":{"self":[{"href":"https:\/\/www.ufmg.br\/dti\/wp-json\/wp\/v2\/posts\/3081","targetHints":{"allow":["GET"]}}],"collection":[{"href":"https:\/\/www.ufmg.br\/dti\/wp-json\/wp\/v2\/posts"}],"about":[{"href":"https:\/\/www.ufmg.br\/dti\/wp-json\/wp\/v2\/types\/post"}],"author":[{"embeddable":true,"href":"https:\/\/www.ufmg.br\/dti\/wp-json\/wp\/v2\/users\/3"}],"replies":[{"embeddable":true,"href":"https:\/\/www.ufmg.br\/dti\/wp-json\/wp\/v2\/comments?post=3081"}],"version-history":[{"count":0,"href":"https:\/\/www.ufmg.br\/dti\/wp-json\/wp\/v2\/posts\/3081\/revisions"}],"wp:attachment":[{"href":"https:\/\/www.ufmg.br\/dti\/wp-json\/wp\/v2\/media?parent=3081"}],"wp:term":[{"taxonomy":"category","embeddable":true,"href":"https:\/\/www.ufmg.br\/dti\/wp-json\/wp\/v2\/categories?post=3081"},{"taxonomy":"post_tag","embeddable":true,"href":"https:\/\/www.ufmg.br\/dti\/wp-json\/wp\/v2\/tags?post=3081"},{"taxonomy":"author","embeddable":true,"href":"https:\/\/www.ufmg.br\/dti\/wp-json\/wp\/v2\/coauthors?post=3081"}],"curies":[{"name":"wp","href":"https:\/\/api.w.org\/{rel}","templated":true}]}}