{"id":3086,"date":"2007-08-23T08:00:00","date_gmt":"2007-08-23T08:00:00","guid":{"rendered":"https:\/\/www.ufmg.br\/dti\/cecom\/?p=1279"},"modified":"2007-08-23T08:00:00","modified_gmt":"2007-08-23T08:00:00","slug":"sistematico-edicao-1349-23082007","status":"publish","type":"post","link":"https:\/\/www.ufmg.br\/dti\/2007\/08\/23\/sistematico-edicao-1349-23082007\/","title":{"rendered":"Sistem\u00e1tico: Edi\u00e7\u00e3o 1349 &#8211; 23\/08\/2007"},"content":{"rendered":"<ul>\n<li><a href=\"\/dti\/#noticias\">Not\u00edcias<\/a>\n<div class='submenuSistematico'>\n<ul>\n<li><a href=\"\/dti\/#anoticias1\"><span class=\"titulo\">PR&Oacute;-REITORIAS     PREPARAM <em>UFMG CONHECIMENTO E CULTURA <\/em> COM NOVO SISTEMA<\/span><\/a><\/li>\n<li><a href=\"\/dti\/#anoticias2\"><span class=\"titulo\">ADMINISTRA&Ccedil;&Atilde;O     DA UFMG SER&Aacute; TRANSFERIDA SIMBOLICAMENTE PARA MONTES CLAROS<\/span><\/a><\/li>\n<li><a href=\"\/dti\/#anoticias3\"><span class=\"titulo\">POP-MG TEM     MANUTEN&Ccedil;&Atilde;O PROGRAMADA<\/span><\/a><\/li>\n<li><a href=\"\/dti\/#anoticias4\" id=\"4\"><span class=\"titulo\">NOVOS     ESTAGI&Aacute;RIOS DO CECOM<\/span><\/a><\/li>\n<\/ul>\n<\/div>\n<\/li>\n<li><a href=\"\/dti\/#informativo\">Informativo<\/a>\n<div class='submenuSistematico'>\n<ul>\n<li><a href=\"\/dti\/#ainformativo1\"><span class=\"titulo\">DICAS DE     SITES INTERESSANTES<\/span><br \/>    <\/a><\/li>\n<li><a href=\"\/dti\/#ainformativo2\"><span class=\"titulo\">INSCRI&Ccedil;&Atilde;O     PARA VESTIBULAR 2008 PELA INTERNET SE ENCERRA DIA 27<\/span><\/a><\/li>\n<li><a href=\"\/dti\/#ainformativo3\"><span class=\"titulo\">UFMG RECEBE     PEDIDOS DE APROVEITAMENTO DE ESTUDOS AT&Eacute; 31 DE AGOSTO<\/span><\/a><\/li>\n<li><a href=\"\/dti\/#ainformativo4\" id=\"4\"><span class=\"titulo\">TECNOLOGIA     &#8211; AS PREVIS&Otilde;ES MAIS FURADAS DA HIST&Oacute;RIA<\/span><\/a><\/li>\n<li><a href=\"\/dti\/#ainformativo5\" id=\"5\"><img loading=\"lazy\" decoding=\"async\" src=\"https:\/\/www.ufmg.br\/dti\/wp-content\/uploads\/imgs\/tudo_pixel.gif\" width=\"1\" height=\"8\" alt=\"\" border=\"0\"><br \/>    <span class=\"titulo\">H\u00e1 20 anos&#8230;<\/span><\/a><\/li>\n<\/ul>\n<\/div>\n<\/li>\n<li><a href=\"\/dti\/#eventos\">Eventos<\/a>\n<div class='submenuSistematico'>\n<ul>\n<li><a href=\"\/dti\/#aeventos1\"><span class=\"titulo\">SOCIAIS<\/span><\/a><\/li>\n<li><a href=\"\/dti\/#aeventos2\"><span class=\"titulo\">MEM&Oacute;RIA     FOTOGR&Aacute;FICA DO CECOM<\/span><\/a><\/li>\n<\/ul>\n<\/div>\n<\/li>\n<\/ul>\n<p> <a name='noticias'><\/a><\/p>\n<h4>Not\u00edcias<\/h4>\n<div class=\"centro-sistematico\">  <!-- noticias --> <\/p>\n<table border=\"0\" cellspacing=\"0\" cellpadding=\"0\">\n<tr>\n<td><\/td>\n<td><\/td>\n<\/tr>\n<p>  <!-- #BeginEditable \"materias\" -->   <\/p>\n<tr>\n<td align=\"LEFT\" valign=\"TOP\"><\/td>\n<td align=\"LEFT\" valign=\"TOP\"> <a name=\"anoticias1\"><span class=\"titulo\">PR&Oacute;-REITORIAS     PREPARAM <em>UFMG CONHECIMENTO E CULTURA <\/em> COM NOVO SISTEMA<\/span><\/a>     <span class=\"texto\">     <\/p>\n<p>Na primeira semana de outubro de 2007, do dia 1o ao dia 5, ocorrer&aacute;      o evento UFMG Conhecimento e Cultura. Esse evento, cujas inscri&ccedil;&otilde;es      ocorrer&atilde;o de 29 de agosto a 6 de setembro, reunir&aacute; tr&ecirc;s      eventos diferentes: a Semana de Inicia&ccedil;&atilde;o Cient&iacute;fica,      promovida pela Pr&oacute;-reitoria de Pesquisa, a Semana da Gradua&ccedil;&atilde;o,      promovida pela Pr&oacute;-reitoria de Gradua&ccedil;&atilde;o, e o Encontro      de Extens&atilde;o, promovido pela Pr&oacute;-reitoria de Extens&atilde;o.<\/p>\n<p>     A partir desse ano as tr&ecirc;s Pr&oacute;-reitorias envolvidas se      reuniram para organizar uma sistem&aacute;tica de gest&atilde;o comum      e permitir que um &uacute;nico sistema pudesse controlar as etapas de      inscri&ccedil;&atilde;o, publica&ccedil;&atilde;o, avalia&ccedil;&atilde;o      e premia&ccedil;&atilde;o de trabalhos. Esse sistema, que se encontra      em fase de desenvolvimento, permitir&aacute; tamb&eacute;m a cria&ccedil;&atilde;o      de servi&ccedil;os complementares e uma base de dados de consulta para      todos os eventos similares organizados pela Universidade. A partir de      agora ser&aacute; colecionado um hist&oacute;rico dos trabalhos desses      eventos, o que facilitar&aacute; a gera&ccedil;&atilde;o de anais, a      consulta posterior e a interface com outros sistemas da institui&ccedil;&atilde;o.<\/p>\n<p>     Com o acompanhamento e coordena&ccedil;&atilde;o da ATI, envolvendo      CECOM e LCC, o sistema est&aacute; sendo desenvolvido pela empresa Adok      Tecnologia da Informa&ccedil;&atilde;o e deve estar implantado at&eacute;      o final de outubro. As funcionalidades do sistema, necess&aacute;rias      para a gest&atilde;o do evento UFMG Conhecimento e Cultura, ser&atilde;o      gradativamente implantadas, a come&ccedil;ar do processo de inscri&ccedil;&atilde;o      na pr&oacute;xima semana.<\/p>\n<p align=\"center\"><img loading=\"lazy\" decoding=\"async\" src=\"https:\/\/www.ufmg.br\/dti\/wp-content\/uploads\/fotos\/23_08\/ufmg_cc.jpg\" width=\"500\" height=\"298\"><font face=\"1\"><br \/>     Carlos Alfeu e Renato Espechit durante a apresenta&ccedil;&atilde;o<\/font><\/p>\n<p> Nessa quarta-feira, 22 de agosto, o sistema foi apresentado para as      equipes das tr&ecirc;s Pr&oacute;-reitorias e membros dos N&uacute;cleos      de Assessoramento &agrave; Pesquisa e dos Centros de Extens&atilde;o      das unidades acad&ecirc;micas da UFMG. A apresenta&ccedil;&atilde;o      esteve a cargo dos analistas Renato Vaz de Melo Espechit e Allan Ibrahim      Peron, da Adok, contando com a participa&ccedil;&atilde;o de Carlos      Alfeu Furtado da Fonseca, do Centro de Computa&ccedil;&atilde;o.    <\/p>\n<p>    <\/span> <\/td>\n<\/tr>\n<tr>\n<td align=\"LEFT\" valign=\"TOP\"><\/td>\n<td align=\"LEFT\" valign=\"TOP\"> <a name=\"anoticias2\"><span class=\"titulo\">ADMINISTRA&Ccedil;&Atilde;O     DA UFMG SER&Aacute; TRANSFERIDA SIMBOLICAMENTE PARA MONTES CLAROS<\/span><\/a>     <span class=\"texto\">     <\/p>\n<p>Nos pr&oacute;ximos dias 28 e 29 de agosto, ter&ccedil;a e quarta-feira      da pr&oacute;xima semana, o Reitor e parte de sua equipe v&atilde;o      desenvolver atividades no NCA, simbolizando a transfer&ecirc;ncia da      Administra&ccedil;&atilde;o Central para o Campus Regional da UFMG em      Montes Claros. Nesta oportunidade, haver&aacute; solenidade em homenagem      &agrave; UFMG na C&acirc;mara Municipal da cidade, ser&aacute; inaugurado      o novo pr&eacute;dio de aulas do NCA e ser&aacute; lan&ccedil;ada a      Pedra Fundamental da Moradia Universit&aacute;ria em terreno doado pela      Prefeitura, entre outras atividades em programa&ccedil;&atilde;o, que      s&atilde;o parte das comemora&ccedil;&otilde;es dos 80 anos da UFMG      e marcam a import&acirc;ncia do Campus Regional para a Universidade.      <\/p>\n<p>     No dia 28 estar&atilde;o em Montes Claros o Diretor de Tecnologia da      Informa&ccedil;&atilde;o, Prof. Paulo Fernando Seixas e o Diretor do      Centro de Computa&ccedil;&atilde;o, Carlos Alfeu Furtado da Fonseca.      Eles apresentar&atilde;o para a comunidade do NCA temas relacionados      ao portal minhaUFMG, ao sistema Di&aacute;rio de Classe e ao ambiente      Moodle, aos servi&ccedil;os de rede de dados e voz, dentre outros temas      solicitados.<\/p>\n<p>    <\/span> <\/td>\n<\/tr>\n<tr>\n<td align=\"LEFT\" valign=\"TOP\"><\/td>\n<td align=\"LEFT\" valign=\"TOP\"> <a name=\"anoticias3\"><span class=\"titulo\">POP-MG TEM     MANUTEN&Ccedil;&Atilde;O PROGRAMADA<\/span><\/a> <span class=\"texto\">     <\/p>\n<p>Dando continuidade &agrave;s obras de infra-estrutura do POP-MG, hoje,      dia 23, e sexta-feira, dia 24, no hor&aacute;rio entre 00h01 e 3h, a      Oi estar&aacute; fazendo uma manuten&ccedil;&atilde;o na alimenta&ccedil;&atilde;o      el&eacute;trica de seus equipamentos. N&atilde;o est&aacute; prevista      nenhuma parada dos circuitos, mas pode ser necess&aacute;ria a reinicializa&ccedil;&atilde;o      de algum equipamento de transmiss&atilde;o. Nesse caso, a conectividade      &agrave; Internet poder&aacute; sofrer alguma degrada&ccedil;&atilde;o.<\/p>\n<p>    <\/p>\n<p>    <\/span><\/td>\n<\/tr>\n<tr>\n<td align=\"LEFT\" valign=\"TOP\"><\/td>\n<td align=\"LEFT\" valign=\"TOP\"> <a name=\"anoticias4\" id=\"4\"><span class=\"titulo\">NOVOS     ESTAGI&Aacute;RIOS DO CECOM<\/span><\/a> <span class=\"texto\">     <\/p>\n<p>O CECOM contratou, no in&iacute;cio do m&ecirc;s de agosto, os estagi&aacute;rios      Ana Paula Lobato Ribeiro e Luiz Gomes Temponi, alunos do curso de Ci&ecirc;ncia      da Computa&ccedil;&atilde;o da UFMG.<\/p>\n<p>     <img loading=\"lazy\" decoding=\"async\" src=\"https:\/\/www.ufmg.br\/dti\/wp-content\/uploads\/fotos\/23_08\/luiz_anapaula.jpg\" width=\"500\" height=\"371\">     <\/p>\n<p> Eles foram lotados na Divis&atilde;o de Aplicativos e Sistemas onde      participar&atilde;o de projetos voltados ao desenvolvimento de sistemas      em ambiente Cliente\/Servidor.<br \/>     Nestas primeiras semanas, eles estar&atilde;o participando de uma bateria      de treinamento a cargo do diretor da DAS, Jo&atilde;o Carlos Lages.<\/p>\n<p>    <\/span> <\/td>\n<\/tr>\n<p>  <!-- #EndEditable -->  <\/table>\n<p> <!-- fim noticias --><\/div>\n<p><a name='informativo'><\/a><\/p>\n<h4>Informativo<\/h4>\n<div class=\"centro-sistematico\">  <!-- noticias --> <\/p>\n<table border=\"0\" cellspacing=\"0\" cellpadding=\"0\">\n<tr>\n<td><\/td>\n<td><\/td>\n<\/tr>\n<p>  <!-- #BeginEditable \"materias\" -->   <\/p>\n<tr>\n<td align=\"LEFT\" valign=\"TOP\"><\/td>\n<td align=\"LEFT\" valign=\"TOP\"><a name=\"ainformativo1\"><span class=\"titulo\">DICAS DE     SITES INTERESSANTES<\/span><br \/>    <\/a> <img loading=\"lazy\" decoding=\"async\" src=\"https:\/\/www.ufmg.br\/dti\/wp-content\/uploads\/imgs\/tudo_pixel.gif\" width=\"1\" height=\"20\" alt=\"\" border=\"0\"><br \/>     <span class=\"texto\"> Adyrus, o ca&ccedil;ador de sites, enviou as seguintes     dicas:<\/p>\n<p>    &#8211; Uma id&eacute;ia muito legal e criativa do artista Till Novak foi criar     uma imagem do Alien formado por vegetais. Vale a pena conferir em <a href=\"http:\/\/www.framebox.de\/creations\/3d\/salad\/\">http:\/\/www.framebox.de\/creations\/3d\/salad\/<\/a>.     (Site em Ingl&ecirc;s)<\/p>\n<p>    &#8211; O Peabirus &eacute; uma rede social que permite a intera&ccedil;&atilde;o     de pessoas, que aqui se relacionam atrav&eacute;s de v&aacute;rias comunidades     virtuais compartilhando informa&ccedil;&otilde;es e conhecimento. As redes     sociais devem ter um foco! E o foco &eacute; a inova&ccedil;&atilde;o     e desenvolvimento econ&ocirc;mico, privilegiando a articula&ccedil;&atilde;o     de novas arquiteturas de neg&oacute;cios e a desobstru&ccedil;&atilde;o     de canais de distribui&ccedil;&atilde;o de produtos e servi&ccedil;os.     O Peabirus facilita e fomenta possibilidades de com&eacute;rcio, parceiras     de neg&oacute;cios e pesquisa entre pequenas e m&eacute;dias empresas,     cadeias do agroneg&oacute;cio, profissionais liberais e institui&ccedil;&otilde;es     de ensino e pesquisa. V&aacute; at&eacute; <a href=\"http:\/\/www.peabirus.com.br\/redes\/form\/inicio\">http:\/\/www.peabirus.com.br\/redes\/form\/inicio<\/a>.     O endere&ccedil;o para Gest&atilde;o P&uacute;blica &eacute; <a href=\"http:\/\/www.peabirus.com.br\/redes\/form\/post?topico_id=5436&amp;pag=1\">http:\/\/www.peabirus.com.br\/redes\/form\/post?topico_id=5436&amp;pag=1<\/a>.<\/p>\n<p>    &#8211; Foi lan&ccedil;ado no Jap&atilde;o a primeira gravata com ventilador.     S&oacute; rindo mesmo! Voc&ecirc; liga o cabo da gravata na porta USB     do micro e &eacute; s&oacute; relaxar. Mas fique esperto. N&atilde;o se     esque&ccedil;a de desligar o cabo USB quando for levantar. Saiba mais     em <a href=\"http:\/\/gizmodo.com\/gadgets\/be-cool\/usb-fan-tie-first-practical-use-of-a-necktie-in-history-287830.php\">http:\/\/gizmodo.com\/gadgets\/be-cool\/usb-fan-tie-first-practical-use-of-a-necktie-in-history-287830.php<\/a>.     (Site em Ingl&ecirc;s)<\/span> <\/p>\n<p>    <span class=\"texto\"><br \/>    <\/span> <\/td>\n<\/tr>\n<tr>\n<td align=\"LEFT\" valign=\"TOP\"><\/td>\n<td align=\"LEFT\" valign=\"TOP\"><a name=\"ainformativo2\"><span class=\"titulo\">INSCRI&Ccedil;&Atilde;O     PARA VESTIBULAR 2008 PELA INTERNET SE ENCERRA DIA 27<\/span><\/a> <span class=\"texto\">     <\/p>\n<p>As inscri&ccedil;&otilde;es para o Vestibular 2008 da Universidade      Federal de Minas Gerais (UFMG), iniciadas no dia 6, prosseguem at&eacute;      27 de agosto pela internet. Os candidatos que optaram pelos correios      puderam garantir sua participa&ccedil;&atilde;o na disputa por uma das      4.684 vagas distribu&iacute;das em 48 cursos de gradua&ccedil;&atilde;o      at&eacute; o dia 17.<\/p>\n<p>     Atualmente, o candidato pode se inscrever acessando o site da Comiss&atilde;o      Permanente do Vestibular (Copeve): <a href=\"http:\/\/www.ufmg.br\/copeve\">www.ufmg.br\/copeve<\/a>.      L&aacute;, est&atilde;o dispon&iacute;veis as vers&otilde;es on-line      do Manual do Candidato e do formul&aacute;rio de inscri&ccedil;&atilde;o.      O estudante pode ter acesso ao exemplar da revista Diversa Vestibular      acessando os arquivos digitais da publica&ccedil;&atilde;o (<a href=\"http:\/\/www.ufmg.br\/diversa\/12\">www.ufmg.br\/diversa\/12<\/a>).      A taxa de inscri&ccedil;&atilde;o on-line &eacute; de R$ 115. Pela primeira      vez, o conte&uacute;do da revista Diversa Vestibular e o formul&aacute;rio      de inscri&ccedil;&atilde;o poder&atilde;o ser lidos por programas de      leitores de telas, softwares espec&iacute;ficos para pessoas cegas ou      com defici&ecirc;ncia visual.<\/p>\n<p>     <strong>Novidade<\/strong> &#8211; O Vestibular 2008 da UFMG ter&aacute; uma      novidade em rela&ccedil;&atilde;o aos anos anteriores. A primeira etapa,      que antes era realizada em dois dias, ser&aacute;, agora, apenas no      domingo, 2 de dezembro. Os estudantes ter&atilde;o quatro horas e 30      minutos para responder 64 quest&otilde;es de biologia, f&iacute;sica,      geografia, hist&oacute;ria, l&iacute;ngua estrangeira, l&iacute;ngua      portuguesa e literatura brasileira, matem&aacute;tica e qu&iacute;mica.      A segunda etapa ocorrer&aacute; entre 7 e 11 de janeiro de 2008. Os      candidatos aos cursos de Artes Visuais, Teatro e M&uacute;sica fazem,      tamb&eacute;m, exames de aptid&atilde;o espec&iacute;fica.<\/p>\n<p>     As provas da primeira etapa ser&atilde;o realizadas em 14 cidades de      Minas Gerais: Belo Horizonte, Ara&ccedil;ua&iacute;, Barbacena, Conselheiro      Lafaiete, Contagem, Coronel Fabriciano, Divin&oacute;polis, Governador      Valadares, Lavras, Montes Claros, Pouso Alegre, Sete Lagoas, Uberaba      e Vi&ccedil;osa. Na segunda etapa, as provas ser&atilde;o apenas em      Belo Horizonte e Montes Claros.<\/p>\n<p>     A lista de livros que o candidato deve ler para o Vestibular &eacute;      a seguinte: Pap&eacute;is Avulsos, de Machado de Assis, Recado do Morro,      de Guimar&atilde;es Rosa, Ma&iacute;ra, de Darcy Ribeiro, 26 Poetas      Hoje, organizado por Helo&iacute;sa Buarque de Hollanda, e Ponci&aacute;      Vic&ecirc;ncio, de Concei&ccedil;&atilde;o Evaristo.<\/p>\n<p>     Mais informa&ccedil;&otilde;es sobre o Vestibular 2008 da UFMG no site      da Copeve (<a href=\"http:\/\/www.ufmg.br\/copeve\">www.ufmg.br\/copeve<\/a>)      ou pelos telefones (31) 3499-4408 e 3499-4409.    <\/p>\n<p>(Fonte: <a href=\"http:\/\/www.ufmg.br\/online\/arquivos\/006445.shtml\">http:\/\/www.ufmg.br\/online\/arquivos\/006445.shtml<\/a>      &#8211; 22\/08\/2007)<\/p>\n<p>    <\/span> <\/td>\n<\/tr>\n<tr>\n<td align=\"LEFT\" valign=\"TOP\"><\/td>\n<td align=\"LEFT\" valign=\"TOP\"><a name=\"ainformativo3\"><span class=\"titulo\">UFMG RECEBE     PEDIDOS DE APROVEITAMENTO DE ESTUDOS AT&Eacute; 31 DE AGOSTO<\/span><\/a>     <span class=\"texto\">     <\/p>\n<p>O Conselho de Ensino, Pesquisa e Extens&atilde;o (Cepe) fixou o dia      31 de agosto como data-limite para o protocolo de pedidos de aproveitamento      de estudos. O prazo, determinado em cumprimento &agrave; Resolu&ccedil;&atilde;o      do Cepe 02\/2007, de 10 de maio &uacute;ltimo, j&aacute; est&aacute;      inclu&iacute;do no calend&aacute;rio acad&ecirc;mico de 2007 (<a href=\"http:\/\/www.ufmg.br\/conheca\/calendario.shtml\">http:\/\/www.ufmg.br\/conheca\/calendario.shtml<\/a>).<\/p>\n<p>     A Resolu&ccedil;&atilde;o define aproveitamento de estudos como o reconhecimento      de cr&eacute;ditos cursados em outras universidades para a integraliza&ccedil;&atilde;o      curricular na UFMG. Em cada semestre, &eacute; definido um prazo para      apresenta&ccedil;&atilde;o dos pedidos, que nesta oportunidade expira      em 31 de agosto.<br \/>     O documento tamb&eacute;m estabelece crit&eacute;rios para o processo      de comprova&ccedil;&atilde;o de conhecimentos, que diz respeito &agrave;      dispensa de atividades curriculares para os estudantes que demonstrarem,      por meio de exames espec&iacute;ficos, o dom&iacute;nio de conte&uacute;do      referente &agrave;quela atividade curricular determinada. <\/p>\n<p>     Tanto o aproveitamento de estudos quanto a comprova&ccedil;&atilde;o      de conhecimento devem ser requeridos junto aos colegiados de cursos.    <\/p>\n<p>(Fonte: <a href=\"http:\/\/www.ufmg.br\/online\/arquivos\/006432.shtm\">http:\/\/www.ufmg.br\/online\/arquivos\/006432.shtm<\/a>l      &#8211; 16\/08\/2007)<\/p>\n<p>    <\/span><\/td>\n<\/tr>\n<tr>\n<td align=\"LEFT\" valign=\"TOP\"><\/td>\n<td align=\"LEFT\" valign=\"TOP\"><a name=\"ainformativo4\" id=\"4\"><span class=\"titulo\">TECNOLOGIA     &#8211; AS PREVIS&Otilde;ES MAIS FURADAS DA HIST&Oacute;RIA<\/span><\/a> <span class=\"texto\">     <\/p>\n<p>Realmente n&atilde;o h&aacute; como prever o futuro! Veja as previs&otilde;es      mais furadas da hist&oacute;ria da tecnologia. Thomas Edison previu      que a sua pr&oacute;pria vitrola n&atilde;o teria valor comercial. <\/p>\n<p>     Um site chamado 2Spare compilou dezenas de previs&otilde;es furadas      sobre o futuro, em diversas &aacute;reas, como tecnologia, comunica&ccedil;&atilde;o,      avia&ccedil;&atilde;o, guerra e outras. Algumas anteciparam o fracasso      das &#8220;compras &agrave; dist&acirc;ncia&#8221; e da &#8220;transmiss&atilde;o      de documentos por cabos de telefone&#8221; antes mesmo de se ouvir falar      em Internet e compras online. <\/p>\n<p>     Nem mesmo cientistas e inventores consagrados, como Thomas Edison e      Albert Einstein, escaparam de cometer as suas &#8220;gafes&#8221;. Selecionamos      &#8211; e traduzimos &#8211; 30 dessas previs&otilde;es furadas. A p&aacute;gina      original, que tem 87 frases, pode ser acessada no endere&ccedil;o <a href=\"http:\/\/www.2spare.com\/item_50221.aspx\">www.2spare.com\/item_50221.aspx<\/a>.      Confira: <\/p>\n<p>     <em>Computadores e tecnologia <\/em><\/p>\n<p>     &#8220;N&atilde;o h&aacute; raz&atilde;o para que algu&eacute;m queira      ter um computador em casa&#8221;. Ken Olson, presidente e fundador da      Digital Equipment Corp. (DEC), fabricante de computadores mainframe      computers, discutindo os computadores pessoais, em 1977. <\/p>\n<p>     &#8220;Mas&#8230; para o que serve isso?&#8221; Robert Lloyd, executivo      da IBM, sobre o microprocessador, em 1968. <\/p>\n<p>     &#8220;Na medida em que uma calculadora no ENIAC &eacute; equipada com      18 mil tubos de v&aacute;cuo e pesa 30 toneladas, os computadores do      futuro dever&atilde;o ter apenas mil tubos de v&aacute;cuo e pesar 1,5      mil toneladas&#8221;. Revista Popular Mechanics, em 1949. <\/p>\n<p>     &#8220;Eu viajei por todos os cantos deste pa&iacute;s e conversei com      as melhores pessoas, e posso assegurar a voc&ecirc; que o processamento      de dados &eacute; uma moda e n&atilde;o vai durar at&eacute; o final      do ano&#8221;. Editor respons&aacute;vel por livros de neg&oacute;cios      da Prentice Hall, em 1957. <\/p>\n<p>     &#8220;Esta coisa de antitruste vai passar&#8221;. Bill Gates, fundador      da Microsoft (data n&atilde;o dispon&iacute;vel). <\/p>\n<p>     &#8220;O potencial mercado de m&aacute;quinas de c&oacute;pia &eacute;      de, no m&aacute;ximo, cinco mil (unidades).&#8221; IBM, para os eventuais      fundadores da Xerox, dizendo que as fotocopiadoras n&atilde;o teriam      um mercado t&atilde;o grande que justificasse a sua produ&ccedil;&atilde;o,      em 1959. <br \/>     Internet e comunica&ccedil;&atilde;o por sat&eacute;lite <\/p>\n<p>     &#8220;A transmiss&atilde;o de documentos por cabos de telefone &eacute;      poss&iacute;vel, em princ&iacute;pio, mas o aparato requerido &eacute;      t&atilde;o caro que nunca ir&aacute; se tornar uma proposta pr&aacute;tica&#8221;.      Dennis Gabor, f&iacute;sico brit&acirc;nico e autor de Inventing the      Future, em 1962. <\/p>\n<p>     &#8220;A compra &agrave; dist&acirc;ncia, apesar de ser completamente      poss&iacute;vel, ir&aacute; fracassar &#8211; porque a mulher gosta de sair      de casa, segurar a mercadoria, gosta de estar apta a mudar a sua inten&ccedil;&atilde;o&#8221;.      Revista Time, descartando as compras online antes mesmo de se ouvir      falar nelas, em 1966. <\/p>\n<p>     &#8220;N&atilde;o h&aacute; praticamente nenhuma chance dos sat&eacute;lites      espaciais de comunica&ccedil;&atilde;o serem usados para prover melhores      servi&ccedil;os de telefone, tel&eacute;grafo, televis&atilde;o ou r&aacute;dio      dentro dos Estados Unidos&#8221;. T. Craven, membro do conselho da Comiss&atilde;o      Federal de Comunica&ccedil;&otilde;es dos Estados Unidos, em 1961 (o      primeiro sat&eacute;lite comercial de comunica&ccedil;&otilde;es entrou      em servi&ccedil;o em 1965). <\/p>\n<p>     <em>Telefone <\/em><\/p>\n<p>     &#8220;O telefone tem muitas desvantagens para ser considerado, seriamente,      um meio de comunica&ccedil;&atilde;o. O aparelho n&atilde;o tem valor      para n&oacute;s&#8221;. Memorando da Western Union, entre 1876 e 1878.      <\/p>\n<p>     &#8220;Os americanos t&ecirc;m necessidade de telefones, mas n&oacute;s      n&atilde;o. Temos um monte de mensageiros&#8221;. Sir William Preece,      engenheiro-chefe da Escrit&oacute;rio Postal Brit&acirc;nico, em 1878.      <\/p>\n<p>     &#8220;&Eacute; uma grande inven&ccedil;&atilde;o, mas, de qualquer      forma, quem iria usar isso?&#8221; Rutherford B. Hayes, presidente norte-americano,      depois da demonstra&ccedil;&atilde;o do telefone de Alexander Bell,      em 1876. <\/p>\n<p>     <em>Televis&atilde;o e cinema <\/em><\/p>\n<p>     &#8220;A televis&atilde;o n&atilde;o vai durar. &Eacute; uma tempestade      num copo d&#8217;&aacute;gua&#8221;. Mary Somerville, pioneira em radiodifus&atilde;o      educacional, em 1948. <\/p>\n<p>     &#8220;A televis&atilde;o n&atilde;o vai durar porque, logo, as pessoas      ir&atilde;o ficar cansadas de olhar para uma caixa de madeira todas      as noites&#8221;. Darryl Zanuck, produtor de cinema da 20th Century      Fox, em 1946. <\/p>\n<p>     &#8220;Quem diabos deseja ouvir os atores falando?&#8221; H. M. Warner,      co-fundador da Warner Brothers, em 1927. <\/p>\n<p>     <em> R&aacute;dio e m&uacute;sica<\/em> <\/p>\n<p>     &#8220;O r&aacute;dio n&atilde;o tem futuro&#8221; Lord Kelvin, matem&aacute;tico      e f&iacute;sico, em 1897. <\/p>\n<p>     &#8220;A caixa de m&uacute;sica sem fio n&atilde;o tem valor comercial      imagin&aacute;vel. Quem pagaria para uma mensagem enviada para ningu&eacute;m      em particular?&#8221; Associados de David Sarnoff, respondendo a um      pedido de investimento para o r&aacute;dio, em 1921. <\/p>\n<p>     &#8220;O fon&oacute;grafo n&atilde;o tem nenhum valor comercial&#8221;.      Thomas Edison, inventor norte-americano, nos anos 1880. <\/p>\n<p>     <em> Autom&oacute;veis <\/em><\/p>\n<p>     &#8220;O cavalo est&aacute; aqui para ficar, mas o autom&oacute;vel      &eacute; apenas uma novidade, uma moda&#8221;. Presidente do banco de      Michigan alertando o advogado de Henry Ford para n&atilde;o investir      na montadora, em 1903. <\/p>\n<p>     &#8220;Que o autom&oacute;vel praticamente chegou ao seu limite &eacute;      confirmado pelo fato de que, nos &uacute;ltimos anos, nenhum aprimoramento      radical foi introduzido.&#8221; Revista Scientific American, em 1909      <\/p>\n<p>     &#8220;A carruagem sem cavalo normal &eacute;, no momento, uma luxuria      para os ricos, e por causa do seu pre&ccedil;o, provavelmente vai falhar      no futuro. Com certeza, jamais se tornar&aacute; t&atilde;o comum como      a bicicleta&#8221;. Literary Digest, em 1899. <\/p>\n<p>     <em> Avia&ccedil;&atilde;o <\/em><\/p>\n<p>     &#8220;O homem n&atilde;o ir&aacute; voar em 50 anos&#8221;. Wilbur      Wright, pioneiro da avia&ccedil;&atilde;o, ao irm&atilde;o Orville,      depois de uma tentativa fracassada de voar, em 1901 (os dois norte-americanos      obtiveram sucesso em 1903). <\/p>\n<p>     &#8220;M&aacute;quinas de voar mais pesadas do que o ar s&atilde;o imposs&iacute;veis&#8221;.      Lord Kelvin, matem&aacute;tico, f&iacute;sico e presidente da Sociedade      Real Brit&acirc;nica, em 1895. <\/p>\n<p>     &#8220;Avi&otilde;es s&atilde;o brinquedos interessantes, mas n&atilde;o      t&ecirc;m valor millitar&#8221;. Marechal Ferdinand Foch, professor      de estrat&eacute;gia da Ecole Superieure de Guerre, em 1904. <\/p>\n<p>     &#8220;Jamais ser&aacute; constru&iacute;do um avi&atilde;o grande&#8221;.      Engenheiro da Boeing, depois do primeiro v&ocirc;o do modelo 247, que      tinha motor duplo e transportava 10 pessoas. <\/p>\n<p>     <em> Outros temas <\/em><\/p>\n<p>     &#8220;Tudo que pode ser inventado j&aacute; foi inventado&#8221;. Charles      H. Duell, oficial do escrit&oacute;rio de patentes dos Estados Unidos,      em 1899 <\/p>\n<p>     &#8220;Qualquer um familiarizado com o assunto vai reconhecer isso como      um evidente fracasso&#8221;. Henry Morton, presidente do Instituto de      Tecnologia Stevens, sobre a l&acirc;mpada el&eacute;trica de Thomas      Edison, em 1880. <\/p>\n<p>     &#8220;Um foguete jamais ser&aacute; capaz de deixar a atmosfera da      Terra&#8221;. Jornal New York Times, em 1936. <\/p>\n<p>     &#8220;A energia at&ocirc;mica deve ser t&atilde;o boa como os explosivos      de hoje, mas &eacute; improv&aacute;vel que produza algo muito mais      perigoso&#8221;. Winston Churchill, primeiro-ministro brit&acirc;nico,      em 1939 <\/p>\n<p>     &#8220;N&atilde;o h&aacute; a menor indica&ccedil;&atilde;o de que a      energia nuclear ser&aacute; obtida. Isso significaria que o &aacute;tomo      teria que ser rompido no futuro&#8221;. Albert Einstein, em 1932.     <\/p>\n<p>(Fonte: Reda&ccedil;&atilde;o Terra &#8211; <a href=\"http:\/\/www.terra.com.br\">www.terra.com.br<\/a>      &#8211; Tecnologia &#8211; Colabora&ccedil;&atilde;o: Aleixina Andal&eacute;cio)    <\/p>\n<p>    <\/span><\/td>\n<\/tr>\n<p>  <!-- #EndEditable -->  <\/table>\n<p> <!-- fim noticias --> <!-- tabela ha 20 anos --> <\/p>\n<table border=\"0\" cellspacing=\"0\" cellpadding=\"0\" class=\"cinza\">\n<tr>\n<td><img loading=\"lazy\" decoding=\"async\" src=\"https:\/\/www.ufmg.br\/dti\/wp-content\/uploads\/imgs\/tudo_pixel.gif\" width=\"1\" height=\"1\" alt=\"\" border=\"0\"><\/td>\n<td><img loading=\"lazy\" decoding=\"async\" src=\"https:\/\/www.ufmg.br\/dti\/wp-content\/uploads\/imgs\/tudo_pixel.gif\" width=\"19\" height=\"1\" alt=\"\" border=\"0\"><\/td>\n<td><img loading=\"lazy\" decoding=\"async\" src=\"https:\/\/www.ufmg.br\/dti\/wp-content\/uploads\/imgs\/tudo_pixel.gif\" width=\"510\" height=\"1\" alt=\"\" border=\"0\"><\/td>\n<td><img loading=\"lazy\" decoding=\"async\" src=\"https:\/\/www.ufmg.br\/dti\/wp-content\/uploads\/imgs\/tudo_pixel.gif\" width=\"19\" height=\"1\" alt=\"\" border=\"0\"><\/td>\n<td><img loading=\"lazy\" decoding=\"async\" src=\"https:\/\/www.ufmg.br\/dti\/wp-content\/uploads\/imgs\/tudo_pixel.gif\" width=\"1\" height=\"1\" alt=\"\" border=\"0\"><\/td>\n<\/tr>\n<tr>\n<td class=\"vermelho\" colspan=\"5\"><img loading=\"lazy\" decoding=\"async\" src=\"https:\/\/www.ufmg.br\/dti\/wp-content\/uploads\/imgs\/tudo_pixel.gif\" width=\"1\" height=\"1\" alt=\"\" border=\"0\"><\/td>\n<\/tr>\n<tr>\n<td class=\"vermelho\"><img loading=\"lazy\" decoding=\"async\" src=\"https:\/\/www.ufmg.br\/dti\/wp-content\/uploads\/imgs\/tudo_pixel.gif\" width=\"1\" height=\"1\" alt=\"\" border=\"0\"><\/td>\n<td><img loading=\"lazy\" decoding=\"async\" src=\"https:\/\/www.ufmg.br\/dti\/wp-content\/uploads\/imgs\/tudo_pixel.gif\" width=\"1\" height=\"1\" alt=\"\" border=\"0\"><\/td>\n<td align=\"LEFT\" valign=\"TOP\"><!-- #BeginEditable \"ha 20 anos\" --><a name=\"ainformativo5\" id=\"5\"><img loading=\"lazy\" decoding=\"async\" src=\"https:\/\/www.ufmg.br\/dti\/wp-content\/uploads\/imgs\/tudo_pixel.gif\" width=\"1\" height=\"8\" alt=\"\" border=\"0\"><br \/>    <span class=\"titulo\">H\u00e1 20 anos&#8230;<\/span><\/a> <span class=\"texto\">     <\/p>\n<p>O Sistem&aacute;tico Ano XI, no 33, de 27\/08\/1987, publicou not&iacute;cias      sobre chegada de convites para a VII Feira Internacional de Inform&aacute;tica,      Projeto TS (Teste do SADS), Manual de Treinamento do SADS, dicas da      Biblioteca, entre outras. As not&iacute;cias que se destacaram foram:<\/p>\n<p><strong>EXPANS&Atilde;O DA REDE TDI DO CECOM<\/strong><br \/>     <font face=\"1\">Em breve, as chefias de divis&atilde;o do CECOM, no 8o      andar, ter&atilde;o seus micros ligados ao B6700. Isto faz parte de      um servi&ccedil;o de expans&atilde;o da Rede TDI, realizada pelo Setor      de Suporte de Software em tr&ecirc;s etapas.<br \/>     A primeira etapa, j&aacute; conclu&iacute;da, foi a liga&ccedil;&atilde;o      dos dois&nbsp;micros COBRA-305 do Setor de Controle de Produ&ccedil;&atilde;o      ao B6700, atrav&eacute;s de uma &uacute;nica linha TDI.<br \/>     Esta nova vers&atilde;o da linha TDI ser&aacute; testada pelo Setor      de Suporte de Software e, se funcionar corretamente, ser&aacute; implantada      em todo o CECOM.<br \/>     Com a libera&ccedil;&atilde;o de uma linha TDI do Setor de Controle      de Produ&ccedil;&atilde;o e da antiga caixa conversora TDI do SSS, ser&atilde;o      ligados os micros da DGE e secret&aacute;ria, chefia da DTS e chefia      da DAA.<br \/>     A segunda etapa, que dever&aacute; ser conclu&iacute;da por estes dias,      &eacute; a implanta&ccedil;&atilde;o de uma linha piloto TDI no Setor      de Suporte de Software. Este piloto apresenta a inova&ccedil;&atilde;o      de ter os conversores TDI para micros espalhados em v&aacute;rios pontos      de liga&ccedil;&atilde;o diferentes. Seria como se existissem v&aacute;rias      caixinhas conversoras TDI espalhadas pela &aacute;rea de trabalho. <\/font><\/p>\n<p><strong>AQUISI&Ccedil;&Atilde;O DE CHIPS<\/strong><br \/>     <font face=\"1\">O CECOM adquiriu CHIPS com a finalidade de expandir a      mem&oacute;ria dos SID-PCs para 512 Kbytes no total. Dessa forma, pode-se      contar com uma capacidade maior de mem&oacute;ria, o que permitir&aacute;      rodar aplicativos mais sofisticados.<br \/>     A amplia&ccedil;&atilde;o dessas mem&oacute;rias ser&aacute; feita pelo      Setor de Suporte de Hardware, de maneira ainda a ser definida pela DTS.<br \/>     Para maior confiabilidade do servi&ccedil;o, o mesmo ser&aacute; executado      no laborat&oacute;rio do SSH. <\/font><\/p>\n<p>    <\/span><!-- #EndEditable --><br \/>     <img loading=\"lazy\" decoding=\"async\" src=\"https:\/\/www.ufmg.br\/dti\/wp-content\/uploads\/imgs\/tudo_pixel.gif\" width=\"1\" height=\"8\" alt=\"\" border=\"0\"><\/td>\n<td><img loading=\"lazy\" decoding=\"async\" src=\"https:\/\/www.ufmg.br\/dti\/wp-content\/uploads\/imgs\/tudo_pixel.gif\" width=\"1\" height=\"1\" alt=\"\" border=\"0\"><\/td>\n<td class=\"vermelho\"><img loading=\"lazy\" decoding=\"async\" src=\"https:\/\/www.ufmg.br\/dti\/wp-content\/uploads\/imgs\/tudo_pixel.gif\" width=\"1\" height=\"1\" alt=\"\" border=\"0\"><\/td>\n<\/tr>\n<tr>\n<td class=\"vermelho\" colspan=\"5\"><img loading=\"lazy\" decoding=\"async\" src=\"https:\/\/www.ufmg.br\/dti\/wp-content\/uploads\/imgs\/tudo_pixel.gif\" width=\"1\" height=\"1\" alt=\"\" border=\"0\"><\/td>\n<\/tr>\n<\/table>\n<p> <!-- fim tabela ha 20 anos --><\/div>\n<p><a name='eventos'><\/a><\/p>\n<h4>Eventos<\/h4>\n<div class=\"centro-sistematico\">  <!-- noticias --> <\/p>\n<table border=\"0\" cellspacing=\"0\" cellpadding=\"0\">\n<tr>\n<td><\/td>\n<td><\/td>\n<\/tr>\n<p>  <!-- #BeginEditable \"materias\" -->   <\/p>\n<tr>\n<td align=\"LEFT\" valign=\"TOP\"><\/td>\n<td align=\"LEFT\" valign=\"TOP\"> <a name=\"aeventos1\"><span class=\"titulo\">SOCIAIS<\/span><\/a>     <span class=\"texto\">     <\/p>\n<p><strong>ANIVERS&Aacute;RIOS:<\/strong> <em>&#8220;O Sistem&aacute;tico&#8221;      envia os parab&eacute;ns para Yolanda Vieira de Castro, no dia 25; e      Maria Beatriz de Souza Pereira Prado, no dia 28. Os parab&eacute;ns      para os ex-ceconianos: Paulo Maia da Costa Ribeiro, no dia 23; Luciano      de Errico e Carlos Alberto Barbosa Fran&ccedil;a, no dia 24; prof. N&iacute;vio      Ziviani, no dia 27; e Francimara Teixeira Garcia, no dia 29. <\/em><\/p>\n<p>    <\/span><\/td>\n<\/tr>\n<tr>\n<td align=\"LEFT\" valign=\"TOP\"><\/td>\n<td align=\"LEFT\" valign=\"TOP\"><a name=\"aeventos2\"><span class=\"titulo\">MEM&Oacute;RIA     FOTOGR&Aacute;FICA DO CECOM<\/span><\/a> <span class=\"texto\">     <\/p>\n<p>Nesta edi&ccedil;&atilde;o mais um lote de fotos da comemora&ccedil;&atilde;o      dos 30 anos de circula&ccedil;&atilde;o de O Sistem&aacute;tico, ocorrida      no dia 14 de junho de 2007. As fotos s&atilde;o de autoria de Bruno      Santos. <\/p>\n<p align=\"center\"><font face=\"1\"><img loading=\"lazy\" decoding=\"async\" src=\"https:\/\/www.ufmg.br\/dti\/wp-content\/uploads\/fotos\/23_08\/sist30a_1.jpg\" width=\"500\" height=\"375\"><br \/>     A arruma&ccedil;&atilde;o da festa com QQ, Rosa, Lel&eacute; e Pedro<\/font><\/p>\n<p align=\"center\"><font face=\"1\"><img loading=\"lazy\" decoding=\"async\" src=\"https:\/\/www.ufmg.br\/dti\/wp-content\/uploads\/fotos\/23_08\/sist30a_2.jpg\" width=\"500\" height=\"375\"><br \/>     Tatiana, Frota, Cristina, Marcus Vinicius e Adriana<\/font><\/p>\n<p align=\"center\"><font face=\"1\"><img loading=\"lazy\" decoding=\"async\" src=\"https:\/\/www.ufmg.br\/dti\/wp-content\/uploads\/fotos\/23_08\/sist30a_3.jpg\" width=\"500\" height=\"375\"><br \/>     Samuel, Nat&aacute;lia e Daniel<\/font><\/p>\n<p align=\"center\"><font face=\"1\"><img loading=\"lazy\" decoding=\"async\" src=\"https:\/\/www.ufmg.br\/dti\/wp-content\/uploads\/fotos\/23_08\/sist30a_4.jpg\" width=\"500\" height=\"375\"><br \/>     Lel&eacute;, Tatiana, Cristina, Gilmar, Xina e Gustavo Campos<\/font><\/p>\n<p align=\"center\">&nbsp;<\/p>\n<p align=\"center\">    <\/p>\n<p>    <\/span><\/td>\n<\/tr>\n<p>  <!-- #EndEditable -->  <\/table>\n<p> <!-- fim noticias --><\/div>\n","protected":false},"excerpt":{"rendered":"<p>Not\u00edcias PR&Oacute;-REITORIAS PREPARAM UFMG CONHECIMENTO E CULTURA COM NOVO SISTEMA ADMINISTRA&Ccedil;&Atilde;O DA UFMG SER&Aacute; TRANSFERIDA SIMBOLICAMENTE PARA MONTES CLAROS POP-MG TEM MANUTEN&Ccedil;&Atilde;O PROGRAMADA NOVOS ESTAGI&Aacute;RIOS DO CECOM Informativo DICAS DE SITES INTERESSANTES INSCRI&Ccedil;&Atilde;O PARA VESTIBULAR 2008 PELA INTERNET SE ENCERRA DIA 27 UFMG RECEBE PEDIDOS DE APROVEITAMENTO DE ESTUDOS AT&Eacute; 31 DE AGOSTO TECNOLOGIA &#8211; &#8230; <a title=\"Sistem\u00e1tico: Edi\u00e7\u00e3o 1349 &#8211; 23\/08\/2007\" class=\"read-more\" href=\"https:\/\/www.ufmg.br\/dti\/2007\/08\/23\/sistematico-edicao-1349-23082007\/\" aria-label=\"Read more about Sistem\u00e1tico: Edi\u00e7\u00e3o 1349 &#8211; 23\/08\/2007\">Ler mais<\/a><\/p>\n","protected":false},"author":3,"featured_media":0,"comment_status":"open","ping_status":"open","sticky":false,"template":"","format":"standard","meta":{"inline_featured_image":false,"footnotes":""},"categories":[13],"tags":[],"coauthors":[79],"class_list":["post-3086","post","type-post","status-publish","format-standard","hentry","category-sistematico"],"_links":{"self":[{"href":"https:\/\/www.ufmg.br\/dti\/wp-json\/wp\/v2\/posts\/3086","targetHints":{"allow":["GET"]}}],"collection":[{"href":"https:\/\/www.ufmg.br\/dti\/wp-json\/wp\/v2\/posts"}],"about":[{"href":"https:\/\/www.ufmg.br\/dti\/wp-json\/wp\/v2\/types\/post"}],"author":[{"embeddable":true,"href":"https:\/\/www.ufmg.br\/dti\/wp-json\/wp\/v2\/users\/3"}],"replies":[{"embeddable":true,"href":"https:\/\/www.ufmg.br\/dti\/wp-json\/wp\/v2\/comments?post=3086"}],"version-history":[{"count":0,"href":"https:\/\/www.ufmg.br\/dti\/wp-json\/wp\/v2\/posts\/3086\/revisions"}],"wp:attachment":[{"href":"https:\/\/www.ufmg.br\/dti\/wp-json\/wp\/v2\/media?parent=3086"}],"wp:term":[{"taxonomy":"category","embeddable":true,"href":"https:\/\/www.ufmg.br\/dti\/wp-json\/wp\/v2\/categories?post=3086"},{"taxonomy":"post_tag","embeddable":true,"href":"https:\/\/www.ufmg.br\/dti\/wp-json\/wp\/v2\/tags?post=3086"},{"taxonomy":"author","embeddable":true,"href":"https:\/\/www.ufmg.br\/dti\/wp-json\/wp\/v2\/coauthors?post=3086"}],"curies":[{"name":"wp","href":"https:\/\/api.w.org\/{rel}","templated":true}]}}