{"id":3088,"date":"2007-08-09T08:00:00","date_gmt":"2007-08-09T08:00:00","guid":{"rendered":"https:\/\/www.ufmg.br\/dti\/cecom\/?p=1281"},"modified":"2007-08-09T08:00:00","modified_gmt":"2007-08-09T08:00:00","slug":"sistematico-edicao-1347-09082007","status":"publish","type":"post","link":"https:\/\/www.ufmg.br\/dti\/2007\/08\/09\/sistematico-edicao-1347-09082007\/","title":{"rendered":"Sistem\u00e1tico: Edi\u00e7\u00e3o 1347 &#8211; 09\/08\/2007"},"content":{"rendered":"<ul>\n<li><a href=\"\/dti\/#noticias\">Not\u00edcias<\/a>\n<div class='submenuSistematico'>\n<ul>\n<li><a href=\"\/dti\/#anoticias1\"><span class=\"titulo\">ENCERRADA     HOMOLOGA&Ccedil;&Atilde;O T&Eacute;CNICA DO VoIP4ALL DA UFMG<\/span><\/a><\/li>\n<li><a href=\"\/dti\/#anoticias2\"><span class=\"titulo\">SA&Iacute;DA     DE ESTAGI&Aacute;RIOS<\/span><\/a><\/li>\n<\/ul>\n<\/div>\n<\/li>\n<li><a href=\"\/dti\/#informativo\">Informativo<\/a>\n<div class='submenuSistematico'>\n<ul>\n<li><a href=\"\/dti\/#ainformativo1\"><span class=\"titulo\">DICAS      DE SITES INTERESSANTES<\/span><br \/>     <\/a><\/li>\n<li><a href=\"\/dti\/#ainformativo2\"><span class=\"titulo\">PRORROGADAS     INSCRI&Ccedil;&Otilde;ES PARA PROGRAMA QUALIDADE DE VIDA<\/span><\/a><\/li>\n<li><a href=\"\/dti\/#ainformativo3\" id=\"3\"><span class=\"titulo\">INSCRI&Ccedil;&Otilde;ES     PARA BOLSA DE ENSINO SUPERIOR V&Atilde;O AT&Eacute; O DIA 11<\/span><\/a><\/li>\n<li><a href=\"\/dti\/#ainformativo4\" id=\"4\"><span class=\"titulo\">CORAL     DE CRIAN&Ccedil;AS CARENTES ANTECIPA HOMENAGEM AOS PAIS<\/span><\/a><\/li>\n<li><a href=\"\/dti\/#ainformativo5\" id=\"5\"><span class=\"titulo\">FELIZ     DIA DOS PAIS<\/span><\/a><\/li>\n<li><a href=\"\/dti\/#ainformativo6\" id=\"6\"><img loading=\"lazy\" decoding=\"async\" src=\"https:\/\/www.ufmg.br\/dti\/wp-content\/uploads\/imgs\/tudo_pixel.gif\" width=\"1\" height=\"8\" alt=\"\" border=\"0\"><br \/>    <span class=\"titulo\">H\u00e1 20 anos&#8230;<\/span><\/a><\/li>\n<\/ul>\n<\/div>\n<\/li>\n<li><a href=\"\/dti\/#eventos\">Eventos<\/a>\n<div class='submenuSistematico'>\n<ul>\n<li><a href=\"\/dti\/#aeventos1\"><span class=\"titulo\">SOCIAIS<\/span><\/a><\/li>\n<li><a href=\"\/dti\/#aeventos2\"><span class=\"titulo\">MEM&Oacute;RIA     FOTOGR&Aacute;FICA DO CECOM<\/span><\/a><\/li>\n<\/ul>\n<\/div>\n<\/li>\n<\/ul>\n<p> <a name='noticias'><\/a><\/p>\n<h4>Not\u00edcias<\/h4>\n<div class=\"centro-sistematico\">  <!-- noticias --> <\/p>\n<table border=\"0\" cellspacing=\"0\" cellpadding=\"0\">\n<tr>\n<td><\/td>\n<td><\/td>\n<\/tr>\n<p>  <!-- #BeginEditable \"materias\" -->   <\/p>\n<tr>\n<td align=\"LEFT\" valign=\"TOP\"><\/td>\n<td align=\"LEFT\" valign=\"TOP\"> <a name=\"anoticias1\"><span class=\"titulo\">ENCERRADA     HOMOLOGA&Ccedil;&Atilde;O T&Eacute;CNICA DO VoIP4ALL DA UFMG<\/span><\/a>     <span class=\"texto\">     <\/p>\n<p>Est&aacute; em andamento no CECOM o projeto que visa implantar na UFMG      o servi&ccedil;o de VoIP, que &eacute; a possibilidade de se usar a      Internet para a transmiss&atilde;o de voz, interligando pessoas. O servi&ccedil;o      de VoIP permite ampliar as alternativas de comunica&ccedil;&atilde;o      da institui&ccedil;&atilde;o, aumentar a mobilidade dos usu&aacute;rios      e permitir mais economia nos gastos com telefonia. Ap&oacute;s a fase      atual, de prepara&ccedil;&atilde;o para implanta&ccedil;&atilde;o, os      servi&ccedil;os ser&atilde;o divulgados para toda a comunidade e estar&atilde;o      dispon&iacute;veis para todos os docentes, t&eacute;cnicos e discentes      cadastrados no portal minhaUFMG. Isso deve ocorrer nos pr&oacute;ximos      meses.<\/p>\n<p>     O projeto de VoIP da UFMG &eacute; parte integrante do projeto VoIP4all      conduzido pela RNP (Rede Nacional de Ensino e Pesquisa) e do qual participam      as demais institui&ccedil;&otilde;es a ela ligadas.<\/p>\n<p>     A implementa&ccedil;&atilde;o do projeto VoIP4All na UFMG foi aprovada      em todos os testes efetuados pelo Laborat&oacute;rio de Voz sobre IP      do N&uacute;cleo de Computa&ccedil;&atilde;o Eletr&ocirc;nica da UFRJ.      <\/p>\n<p>     Isto conclui a fase de homologa&ccedil;&atilde;o t&eacute;cnica do sistema,      que dever&aacute; entrar em testes de produ&ccedil;&atilde;o t&atilde;o      logo ocorra a homologa&ccedil;&atilde;o final por parte da RNP. Nesta      fase foram avaliadas a comunica&ccedil;&atilde;o entre os equipamentos      da UFMG e o ambiente de testes da RNP (ambiente IP), a configura&ccedil;&atilde;o      interna dos servi&ccedil;os e a interliga&ccedil;&atilde;o entre os      servidores do sistema e a central telef&ocirc;nica da Universidade (ambiente      de telefonia fixa), atrav&eacute;s de testes com liga&ccedil;&otilde;es      locais entre ramais VoIP da UFMG, entre ramais VoIP e ramais internos      fixos, complementa&ccedil;&atilde;o de chamadas locais em Belo Horizonte      oriundas de ramais VoIP, liga&ccedil;&otilde;es da rede p&uacute;blica      de telefonia para ramais VoIP, alem de ter sido avaliado o sistema de      registro das chamadas. A implementa&ccedil;&atilde;o atual do sistema      foi conduzida por Rui Cesar Pinho, sob a supervis&atilde;o de Paulo      Lessa, da DRC, dando continuidade a um trabalho desenvolvido anteriormente      por Felipe Louback (DRC) e Emerson Henrique Kfouri Pereira(DAC). Numa      atividade paralela, a DAS, atrav&eacute;s de Thiago Gabriel Diniz e      Josemar Pereira dos Santos, est&aacute; desenvolvendo as interfaces      de uso e ger&ecirc;ncia do sistema, como o aplicativo que permitir&aacute;      aos membros da comunidade fazer, a partir do portal minha.UFMG, a ades&atilde;o      ao sistema.     <\/p>\n<p>    <\/span> <\/td>\n<\/tr>\n<tr>\n<td align=\"LEFT\" valign=\"TOP\"><\/td>\n<td align=\"LEFT\" valign=\"TOP\"> <a name=\"anoticias2\"><span class=\"titulo\">SA&Iacute;DA     DE ESTAGI&Aacute;RIOS<\/span><\/a> <span class=\"texto\">     <\/p>\n<p>Os estagi&aacute;rios Marcelo Marcos da Silva Nery e Adriana Helo&iacute;sa      Lima Bittencourt sa&iacute;ram do CECOM esta semana.<\/p>\n<p align=\"center\"><font face=\"1\"><img loading=\"lazy\" decoding=\"async\" src=\"https:\/\/www.ufmg.br\/dti\/wp-content\/uploads\/fotos\/09_08\/marcelomarcos.jpg\" width=\"340\" height=\"255\"><br \/>     Marcelo Nery<\/font><\/p>\n<p> Marcelo Nery entrou para o CECOM em setembro de 2005, lotado na Divis&atilde;o      de Atendimento e Consultoria (DAC), onde atuou no atendimento a usu&aacute;rios      at&eacute; a a sua sa&iacute;da no &uacute;ltimo dia 06.    <\/p>\n<p align=\"center\"><font face=\"1\"><img loading=\"lazy\" decoding=\"async\" src=\"https:\/\/www.ufmg.br\/dti\/wp-content\/uploads\/fotos\/09_08\/adriana.jpg\" width=\"350\" height=\"224\">      <br \/>     Adriana Bittencourt<\/font><\/p>\n<p>Adriana Bittencourt foi contratada em outubro de 2005, lotada na Divis&atilde;o      de Apoio Administrativo (DAA), onde participou de servi&ccedil;os relacionados      &agrave;s licita&ccedil;&otilde;es, contratos preparados pela divis&atilde;o,      permiss&otilde;es de uso e contatos com fornecedores, at&eacute; a sua      sa&iacute;da ontem, dia 08.<\/p>\n<p>    <\/p>\n<p>    <\/span><\/td>\n<\/tr>\n<p>  <!-- #EndEditable -->  <\/table>\n<p> <!-- fim noticias --><\/div>\n<p><a name='informativo'><\/a><\/p>\n<h4>Informativo<\/h4>\n<div class=\"centro-sistematico\">  <!-- noticias --> <\/p>\n<table border=\"0\" cellspacing=\"0\" cellpadding=\"0\">\n<tr>\n<td><\/td>\n<td><\/td>\n<\/tr>\n<p>  <!-- #BeginEditable \"materias\" -->   <\/p>\n<tr>\n<td align=\"LEFT\" valign=\"TOP\"><\/td>\n<td align=\"LEFT\" valign=\"TOP\">\n<p><a name=\"ainformativo1\"><span class=\"titulo\">DICAS      DE SITES INTERESSANTES<\/span><br \/>     <\/a> <img loading=\"lazy\" decoding=\"async\" src=\"https:\/\/www.ufmg.br\/dti\/wp-content\/uploads\/imgs\/tudo_pixel.gif\" width=\"1\" height=\"20\" alt=\"\" border=\"0\"><br \/>     <span class=\"texto\"> Adyrus, o ca&ccedil;ador de sites, enviou as seguintes      dicas:<\/span><\/p>\n<p><span class=\"texto\"> &#8211; O que &eacute; um piercing na boca? &Eacute;      qualquer tipo de piercing que pode ser na l&iacute;ngua, nos l&aacute;bios      ou nas bochechas. Nos anos mais recentes, os piercings na regi&atilde;o      da boca t&ecirc;m se tornado uma forma de express&atilde;o individual.      Quais os riscos deste tipo de piercing? Leia esta e outras not&iacute;cias      no site <a href=\"http:\/\/www.umstudio.com\/msn\/colgate\/\">http:\/\/www.umstudio.com\/msn\/colgate\/<\/a>.<\/p>\n<p>     &#8211; Algumas pessoas acham que a despesa com carro &eacute; s&oacute; no      posto de gasolina. S&atilde;o aquelas caronas que s&oacute; cooperam      com a gasosa. Mas quanto custa manter seu carro? Saiba no endere&ccedil;o      <a href=\"http:\/\/dinheiro.br.msn.com\/especiais\/carro\/default.aspx\">http:\/\/dinheiro.br.msn.com\/especiais\/carro\/default.aspx<\/a>.<\/p>\n<p>     &#8211; 10&#8217;Minutos &eacute; uma ag&ecirc;ncia de comunica&ccedil;&atilde;o      especializada no planejamento estrat&eacute;gico, cria&ccedil;&atilde;o      e marketing para projetos que fazem uso da plataforma interativa, em      especial a internet. Veja em <a href=\"http:\/\/www.10minutos.com.br\/\">http:\/\/www.10minutos.com.br\/<\/a>.<\/p>\n<p>     &#8211; Venenosa &eacute; rock, rock &eacute; venenosa. Fique por dentro do      que rola no rock and roll e baixe alguns mp3 de algumas bandas nacionais      no endere&ccedil;o <a href=\"http:\/\/www.venenosafm.com.br\/\">http:\/\/www.venenosafm.com.br\/<\/a>.<\/p>\n<p>     &#8211; Site que produz v&iacute;deos explicativos sobre eletr&ocirc;nicos      &eacute; o <a href=\"http:\/\/www.videojug.com\/tag\/computers\">http:\/\/www.videojug.com\/tag\/computers<\/a>.      A se&ccedil;&atilde;o &#8220;Techonology &amp; Gadgets&#8221; tem material      sobre v&aacute;rios eletr&ocirc;nicos. (Site em Ingl&ecirc;s)<\/p>\n<p>     &#8211; Dedicado ao mundo IPOD &eacute; o endere&ccedil;o <a href=\"http:\/\/www.eupodo.com.br\/\">http:\/\/www.eupodo.com.br\/<\/a>.      Tem tutoriais bem legais com dicas e truques para incrementar o aparelho.      &Eacute; preciso de cadastro para entrar no f&oacute;rum.<\/p>\n<p>     &#8211; &#8220;N&atilde;o sou o SAC da Apple, por isso n&atilde;o pense em      me mandar e-mails com coisas do tipo: &#8220;Meu iPod n&atilde;o funciona      mais&#8221; ou &#8220;Meu iTunes n&atilde;o reconhece meu iPod&#8221;      ou qualquer outra pergunta do tipo. Tudo que eu sei est&aacute; escrito      aqui, e isso &eacute; tudo que posso fazer para ajudar.&#8221; Muito      bacana e bem humorado &eacute; o site <a href=\"http:\/\/www.whaca.com\/ipod\/\">http:\/\/www.whaca.com\/ipod\/<\/a>.<\/p>\n<p>     &#8211; Al&eacute;m de f&oacute;rum sobre o mundo da inform&aacute;tica, tem      grupos que falam de computador e componentes, tem espa&ccedil;o para      celulares e m&aacute;quina fotograficas. Vale a pena conhecer o endere&ccedil;o      <a href=\"http:\/\/www.forumpcs.com.br\/\">http:\/\/www.forumpcs.com.br\/<\/a>.<\/p>\n<p>     &#8211; Dica do Bruno (DAA): O Google Earth &eacute; uma das coisas mais bacanas      que surgiram com o advento da internet. Do nosso computador, podemos      conhecer regi&otilde;es e lugares no mundo. Em tempos de apag&atilde;o      a&eacute;reo, &eacute; uma boa alternativa. Assim como eu, existem v&aacute;rias      pessoas que adoram ficar vasculhando imagens curiosas pelo programa.      Algumas delas podem ser conferidas no link <a href=\"http:\/\/www.pcworld.com\/article\/id,134186-page,1-c,mapping\/article.html\">http:\/\/www.pcworld.com\/article\/id,134186-page,1-c,mapping\/article.html<\/a>.<\/p>\n<p>     <\/span>    <\/p>\n<\/td>\n<\/tr>\n<tr>\n<td align=\"LEFT\" valign=\"TOP\"><\/td>\n<td align=\"LEFT\" valign=\"TOP\"><a name=\"ainformativo2\"><span class=\"titulo\">PRORROGADAS     INSCRI&Ccedil;&Otilde;ES PARA PROGRAMA QUALIDADE DE VIDA<\/span><\/a> <span class=\"texto\">     <\/p>\n<p>A Pr&oacute;-Reitoria de Recursos Humanos (ProRH) prorrogou, at&eacute;      17 de agosto, as inscri&ccedil;&otilde;es para o Programa Qualidade      de Vida, que oferece gratuitamente atividades de gin&aacute;stica e      hidron&aacute;stica para servidores da UFMG. As aulas come&ccedil;am      no dia 27 de agosto. Os servidores interessados podem preencher o formul&aacute;rio      de inscri&ccedil;&atilde;o na p&aacute;gina da ProRH (<a href=\"http:\/\/www.ufmg.br\/prorh\/\">http:\/\/www.ufmg.br\/prorh\/<\/a>).      <\/p>\n<p>     A lista com hor&aacute;rios e as vagas remanescentes s&atilde;o:<\/p>\n<p>     Gin&aacute;stica: Segunda, quarta e sexta, de 7h &agrave;s 8h &#8211; 2 vagas;      Segunda, quarta e sexta, de 11h40 &agrave;s 12h40 &#8211; 15 vagas; Ter&ccedil;a      e quinta, de 11h40 &agrave;s 12h40 &#8211; 27 vagas<\/p>\n<p>     Hidrogin&aacute;stica:<br \/>     &#8211; Segunda, quarta e sexta, de 17h30 &agrave;s 18h30 &#8211; 6 vagas    <\/p>\n<p>(Fonte: <a href=\"http:\/\/www.ufmg.br\/online\/arquivos\/006383.shtml\">http:\/\/www.ufmg.br\/online\/arquivos\/006383.shtml<\/a>      &#8211; 09\/08\/2007)    <\/p>\n<p>    <\/span> <\/td>\n<\/tr>\n<tr>\n<td align=\"LEFT\" valign=\"TOP\"><\/td>\n<td align=\"LEFT\" valign=\"TOP\"><a name=\"ainformativo3\" id=\"3\"><span class=\"titulo\">INSCRI&Ccedil;&Otilde;ES     PARA BOLSA DE ENSINO SUPERIOR V&Atilde;O AT&Eacute; O DIA 11<\/span><\/a>     <span class=\"texto\">     <\/p>\n<p>O Programa de Bolsa de Ensino Superior, vinculado ao Programa Integrado      de Desenvolvimento &#8211; PROGRID, oferece ajuda financeira para servidores      efetivos da UFMG que cursam o ensino superior. Os servidores interessados      em participar do programa devem se inscrever pela p&aacute;gina da PRORH,      at&eacute; as 17h do dia 11 de agosto, na p&aacute;gina da ProRH. No      Programa Bolsa Ensino Superior, os servidores que estudam em entidades      particulares receber&atilde;o, se sorteados, bolsa no valor de R$120,00      por m&ecirc;s, enquanto aqueles matriculados em universidades p&uacute;blicas      ser&atilde;o contemplados com o valor referente &agrave; contribui&ccedil;&atilde;o      ao fundo de bolsas.<\/p>\n<p>     Caso o servidor n&atilde;o tenha acesso &agrave; internet, deve dirigir-se      &agrave; Secretaria de sua Unidade ou ao Departamento de Desenvolvimento      de Recursos Humanos &#8211; DRH &#8211; Unidade Administrativa III, Campus Pampulha,      munido do contracheque e do documento de identidade. <\/p>\n<p>     A sele&ccedil;&atilde;o acontecer&aacute; por meio de sorteio p&uacute;blico      a se realizar na sala 102 do DRH da UFMG &#8211; Unidade Administrativa III,      no dia 17 de agosto de 2007, &agrave;s 10h30.    <\/p>\n<p>(Fonte: Site da ProRH &#8211; <a href=\"http:\/\/www.ufmg.br\/prorh\/\">http:\/\/www.ufmg.br\/prorh\/<\/a>)<\/p>\n<p>    <\/span><\/td>\n<\/tr>\n<tr>\n<td align=\"LEFT\" valign=\"TOP\"><\/td>\n<td align=\"LEFT\" valign=\"TOP\"><a name=\"ainformativo4\" id=\"4\"><span class=\"titulo\">CORAL     DE CRIAN&Ccedil;AS CARENTES ANTECIPA HOMENAGEM AOS PAIS<\/span><\/a><span class=\"texto\">     <\/p>\n<p>Nesta sexta, dia 10, o Coral Cari&uacute;nas, formado por crian&ccedil;as      e adolescentes carentes do projeto de mesmo nome, interpreta, pelo menos,      oito m&uacute;sicas de compositores brasileiros. A apresenta&ccedil;&atilde;o      faz parte do Sarau em Homenagem aos Pais, promovido pela Organiza&ccedil;&atilde;o      dos Aposentados e Pensionistas da UFMG (OAP). Abrindo o evento a pianista,      ex-diretora da Escola de M&uacute;sica da UFMG e coordenadora do Projeto      Cari&uacute;nas, T&acirc;nia Mara Lopes Can&ccedil;ado, faz o show Tributo      &agrave; M&uacute;sica Brasileira. O sarau come&ccedil;a &agrave;s 19h30,      no Conservat&oacute;rio UFMG, &agrave; av. Afonso Pena, 1534. A entrada      &eacute; gratuita, mas &eacute; necess&aacute;rio confirmar presen&ccedil;a      antecipadamente. O telefone para reservas &eacute; o 3499-4505.    <\/p>\n<p>(Fonte: <a href=\"http:\/\/www.ufmg.br\/online\/arquivos\/006372.shtml\">http:\/\/www.ufmg.br\/online\/arquivos\/006372.shtml<\/a>      &#8211; 08\/08\/2007)<\/p>\n<p>    <\/span><\/td>\n<\/tr>\n<tr>\n<td align=\"LEFT\" valign=\"TOP\"><\/td>\n<td align=\"LEFT\" valign=\"TOP\"><a name=\"ainformativo5\" id=\"5\"><span class=\"titulo\">FELIZ     DIA DOS PAIS<\/span><\/a><span class=\"texto\">     <\/p>\n<p>O pr&oacute;ximo domingo, dia 12 de agosto, ser&aacute; comemorado      o Dia dos Pais. O Sistem&aacute;tico deseja um dia de muitas alegrias,      muito carinho, muitas lembran&ccedil;as boas para todos os pais ceconianos.      Um Feliz Dia dos Pais para esses valorosos ceconianos, n&atilde;o se      esquecendo principalmente dos P&atilde;es (pai e m&atilde;e ao mesmo      tempo) que se desdobram como nunca.<\/p>\n<p>    <\/span><\/td>\n<\/tr>\n<p>  <!-- #EndEditable -->  <\/table>\n<p> <!-- fim noticias --> <!-- tabela ha 20 anos --> <\/p>\n<table border=\"0\" cellspacing=\"0\" cellpadding=\"0\" class=\"cinza\">\n<tr>\n<td><img loading=\"lazy\" decoding=\"async\" src=\"https:\/\/www.ufmg.br\/dti\/wp-content\/uploads\/imgs\/tudo_pixel.gif\" width=\"1\" height=\"1\" alt=\"\" border=\"0\"><\/td>\n<td><img loading=\"lazy\" decoding=\"async\" src=\"https:\/\/www.ufmg.br\/dti\/wp-content\/uploads\/imgs\/tudo_pixel.gif\" width=\"19\" height=\"1\" alt=\"\" border=\"0\"><\/td>\n<td><img loading=\"lazy\" decoding=\"async\" src=\"https:\/\/www.ufmg.br\/dti\/wp-content\/uploads\/imgs\/tudo_pixel.gif\" width=\"510\" height=\"1\" alt=\"\" border=\"0\"><\/td>\n<td><img loading=\"lazy\" decoding=\"async\" src=\"https:\/\/www.ufmg.br\/dti\/wp-content\/uploads\/imgs\/tudo_pixel.gif\" width=\"19\" height=\"1\" alt=\"\" border=\"0\"><\/td>\n<td><img loading=\"lazy\" decoding=\"async\" src=\"https:\/\/www.ufmg.br\/dti\/wp-content\/uploads\/imgs\/tudo_pixel.gif\" width=\"1\" height=\"1\" alt=\"\" border=\"0\"><\/td>\n<\/tr>\n<tr>\n<td class=\"vermelho\" colspan=\"5\"><img loading=\"lazy\" decoding=\"async\" src=\"https:\/\/www.ufmg.br\/dti\/wp-content\/uploads\/imgs\/tudo_pixel.gif\" width=\"1\" height=\"1\" alt=\"\" border=\"0\"><\/td>\n<\/tr>\n<tr>\n<td class=\"vermelho\"><img loading=\"lazy\" decoding=\"async\" src=\"https:\/\/www.ufmg.br\/dti\/wp-content\/uploads\/imgs\/tudo_pixel.gif\" width=\"1\" height=\"1\" alt=\"\" border=\"0\"><\/td>\n<td><img loading=\"lazy\" decoding=\"async\" src=\"https:\/\/www.ufmg.br\/dti\/wp-content\/uploads\/imgs\/tudo_pixel.gif\" width=\"1\" height=\"1\" alt=\"\" border=\"0\"><\/td>\n<td align=\"LEFT\" valign=\"TOP\"><!-- #BeginEditable \"ha 20 anos\" --><a name=\"ainformativo6\" id=\"6\"><img loading=\"lazy\" decoding=\"async\" src=\"https:\/\/www.ufmg.br\/dti\/wp-content\/uploads\/imgs\/tudo_pixel.gif\" width=\"1\" height=\"8\" alt=\"\" border=\"0\"><br \/>    <span class=\"titulo\">H\u00e1 20 anos&#8230;<\/span><\/a> <span class=\"texto\">     <\/p>\n<p>O Sistem&aacute;tico Ano XI, no 31, de 13\/08\/1987, publicou not&iacute;cias      sobre palestra Sempre &agrave;s Sextas, lista telef&ocirc;nica do CECOM,      dicas da Biblioteca, o adeus a Gilberto Barbosa Campos, que morreu no      dia 07\/08\/1987. As not&iacute;cias que se destacaram foram: <\/p>\n<p><strong>CURSO CP\/M &#8211; WS<\/strong><br \/>     <font face=\"1\">A Divis&atilde;o de Tecnologia e Suporte e a Divis&atilde;o      de Apoio Administrativo v&atilde;o promover, no per&iacute;odo de 24      a 28 de agosto, um curso de CP\/M &#8211; WS &#8211; Mailmerge utilizando equipamento      Cobra. O instrutor ser&aacute; o analista R&ocirc;mulo Chaves Mendes,      do Setor de Apoio ao Usu&aacute;rio\/DTS, e as aulas est&atilde;o marcadas      para o hor&aacute;rio de 14h &agrave;s 16h, na Sala de Aulas do 8o andar.      O treinamento ser&aacute; oferecido aos funcion&aacute;rios do CECOM      e usu&aacute;rios interesados e as inscri&ccedil;&otilde;es ser&atilde;o      feitas no Setor de Treinamento e Divulga&ccedil;&atilde;o de 17 a 21      de agosto.<\/font><\/p>\n<p><strong>VISITA AO CECOM<\/strong><br \/>     <font face=\"1\">Na pr&oacute;xima ter&ccedil;a-feira, dia 18, o CECOM      vai receber a visita de 25 alunos do 8o per&iacute;odo do curso de Administra&ccedil;&atilde;o      do Instituto Cultural Newton de Paiva Ferreira. Os alunos estar&atilde;o      acompanhados do professor da cadeira de Processamento de Dados, Walter      Guerra, e a visita ter&aacute; in&iacute;cio &agrave;s 9h.<\/font><\/p>\n<p>    <\/span><!-- #EndEditable --><br \/>     <img loading=\"lazy\" decoding=\"async\" src=\"https:\/\/www.ufmg.br\/dti\/wp-content\/uploads\/imgs\/tudo_pixel.gif\" width=\"1\" height=\"8\" alt=\"\" border=\"0\"><\/td>\n<td><img loading=\"lazy\" decoding=\"async\" src=\"https:\/\/www.ufmg.br\/dti\/wp-content\/uploads\/imgs\/tudo_pixel.gif\" width=\"1\" height=\"1\" alt=\"\" border=\"0\"><\/td>\n<td class=\"vermelho\"><img loading=\"lazy\" decoding=\"async\" src=\"https:\/\/www.ufmg.br\/dti\/wp-content\/uploads\/imgs\/tudo_pixel.gif\" width=\"1\" height=\"1\" alt=\"\" border=\"0\"><\/td>\n<\/tr>\n<tr>\n<td class=\"vermelho\" colspan=\"5\"><img loading=\"lazy\" decoding=\"async\" src=\"https:\/\/www.ufmg.br\/dti\/wp-content\/uploads\/imgs\/tudo_pixel.gif\" width=\"1\" height=\"1\" alt=\"\" border=\"0\"><\/td>\n<\/tr>\n<\/table>\n<p> <!-- fim tabela ha 20 anos --><\/div>\n<p><a name='eventos'><\/a><\/p>\n<h4>Eventos<\/h4>\n<div class=\"centro-sistematico\">  <!-- noticias --> <\/p>\n<table border=\"0\" cellspacing=\"0\" cellpadding=\"0\">\n<tr>\n<td><\/td>\n<td><\/td>\n<\/tr>\n<p>  <!-- #BeginEditable \"materias\" -->   <\/p>\n<tr>\n<td align=\"LEFT\" valign=\"TOP\"><\/td>\n<td align=\"LEFT\" valign=\"TOP\"> <a name=\"aeventos1\"><span class=\"titulo\">SOCIAIS<\/span><\/a>     <span class=\"texto\">     <\/p>\n<p><strong>ANIVERS&Aacute;RIOS:<\/strong> <em>&#8220;O Sistem&aacute;tico&#8221;      envia os parab&eacute;ns para Maria Auxiliadora dos Santos, no dia 12;      e Marcelo Novaes Machado, no dia 14. Os parab&eacute;ns para os ex-ceconianos:      Isabel Cristina de Oliveira (Editora), no dia 11; e David Lan Kwai Pan,      no dia 16. <\/em><\/p>\n<p>    <\/span><\/td>\n<\/tr>\n<tr>\n<td align=\"LEFT\" valign=\"TOP\"><\/td>\n<td align=\"LEFT\" valign=\"TOP\"><a name=\"aeventos2\"><span class=\"titulo\">MEM&Oacute;RIA     FOTOGR&Aacute;FICA DO CECOM<\/span><\/a> <span class=\"texto\">     <\/p>\n<p>A DAA promoveu na quarta-feira, dia 08, a despedida da estagi&aacute;ria      Adriana Helo&iacute;sa Lima Bittencourt, que pediu demiss&atilde;o do      quadro do CECOM. &Agrave; hora do lanche da tarde todos se reuniram      para a despedida que teve bolo, salgados e refrigerantes. As fotos s&atilde;o      de autoria de Bruno Santos e Carlos Alfeu.<\/p>\n<p>    <\/span> <\/p>\n<p align=\"center\"><font face=\"1\"><img loading=\"lazy\" decoding=\"async\" src=\"https:\/\/www.ufmg.br\/dti\/wp-content\/uploads\/fotos\/09_08\/desp01.jpg\" width=\"500\" height=\"320\"><br \/>     Michele, Carlos Alfeu, Gilmar, Beth, M&aacute;rcia Lemos e Rubens <\/font><\/p>\n<p align=\"center\"><font face=\"1\"><img loading=\"lazy\" decoding=\"async\" src=\"https:\/\/www.ufmg.br\/dti\/wp-content\/uploads\/fotos\/09_08\/desp02.jpg\" width=\"500\" height=\"375\"><br \/>     Adriana, Michele, Carlos Alfeu, Daniel, Lel&eacute;, Rosa, Gilmar e      M&aacute;rcia Lemos <\/font><\/p>\n<p align=\"center\"><font face=\"1\"><img loading=\"lazy\" decoding=\"async\" src=\"https:\/\/www.ufmg.br\/dti\/wp-content\/uploads\/fotos\/09_08\/desp03.jpg\" width=\"500\" height=\"375\"><br \/>     Gilmar, Rosa, Michele, M&aacute;rcia Lemos, Beth e Rubens <br \/>     <img loading=\"lazy\" decoding=\"async\" src=\"https:\/\/www.ufmg.br\/dti\/wp-content\/uploads\/fotos\/09_08\/desp04.jpg\" width=\"500\" height=\"375\"> <br \/>     Adriana, Daniel, Beatriz, L&iacute;sia e Rosa (cortando o bolo) <\/font><\/p>\n<p align=\"center\"><font face=\"1\"><img loading=\"lazy\" decoding=\"async\" src=\"https:\/\/www.ufmg.br\/dti\/wp-content\/uploads\/fotos\/09_08\/desp05.jpg\" width=\"500\" height=\"356\"><br \/>     Frota, Adriana e Carlos Alfeu <\/font><\/p>\n<p align=\"center\"><font face=\"1\"><img decoding=\"async\" src=\"https:\/\/www.ufmg.br\/dti\/wp-content\/uploads\/fotos\/09_08\/desp06.jpg\" height=\"413\"><br \/>     A DAA em peso na despedida: Bruno, M&aacute;rcia Lemos, Ana Paula, Michele,      Beth, Adriana, Lel&eacute; e Pedro <\/font><\/p>\n<p align=\"center\"><span class=\"texto\"><\/span>    <\/p>\n<\/td>\n<\/tr>\n<p>  <!-- #EndEditable -->  <\/table>\n<p> <!-- fim noticias --><\/div>\n","protected":false},"excerpt":{"rendered":"<p>Not\u00edcias ENCERRADA HOMOLOGA&Ccedil;&Atilde;O T&Eacute;CNICA DO VoIP4ALL DA UFMG SA&Iacute;DA DE ESTAGI&Aacute;RIOS Informativo DICAS DE SITES INTERESSANTES PRORROGADAS INSCRI&Ccedil;&Otilde;ES PARA PROGRAMA QUALIDADE DE VIDA INSCRI&Ccedil;&Otilde;ES PARA BOLSA DE ENSINO SUPERIOR V&Atilde;O AT&Eacute; O DIA 11 CORAL DE CRIAN&Ccedil;AS CARENTES ANTECIPA HOMENAGEM AOS PAIS FELIZ DIA DOS PAIS H\u00e1 20 anos&#8230; Eventos SOCIAIS MEM&Oacute;RIA FOTOGR&Aacute;FICA DO CECOM &#8230; <a title=\"Sistem\u00e1tico: Edi\u00e7\u00e3o 1347 &#8211; 09\/08\/2007\" class=\"read-more\" href=\"https:\/\/www.ufmg.br\/dti\/2007\/08\/09\/sistematico-edicao-1347-09082007\/\" aria-label=\"Read more about Sistem\u00e1tico: Edi\u00e7\u00e3o 1347 &#8211; 09\/08\/2007\">Ler mais<\/a><\/p>\n","protected":false},"author":3,"featured_media":0,"comment_status":"open","ping_status":"open","sticky":false,"template":"","format":"standard","meta":{"inline_featured_image":false,"footnotes":""},"categories":[13],"tags":[],"coauthors":[79],"class_list":["post-3088","post","type-post","status-publish","format-standard","hentry","category-sistematico"],"_links":{"self":[{"href":"https:\/\/www.ufmg.br\/dti\/wp-json\/wp\/v2\/posts\/3088","targetHints":{"allow":["GET"]}}],"collection":[{"href":"https:\/\/www.ufmg.br\/dti\/wp-json\/wp\/v2\/posts"}],"about":[{"href":"https:\/\/www.ufmg.br\/dti\/wp-json\/wp\/v2\/types\/post"}],"author":[{"embeddable":true,"href":"https:\/\/www.ufmg.br\/dti\/wp-json\/wp\/v2\/users\/3"}],"replies":[{"embeddable":true,"href":"https:\/\/www.ufmg.br\/dti\/wp-json\/wp\/v2\/comments?post=3088"}],"version-history":[{"count":0,"href":"https:\/\/www.ufmg.br\/dti\/wp-json\/wp\/v2\/posts\/3088\/revisions"}],"wp:attachment":[{"href":"https:\/\/www.ufmg.br\/dti\/wp-json\/wp\/v2\/media?parent=3088"}],"wp:term":[{"taxonomy":"category","embeddable":true,"href":"https:\/\/www.ufmg.br\/dti\/wp-json\/wp\/v2\/categories?post=3088"},{"taxonomy":"post_tag","embeddable":true,"href":"https:\/\/www.ufmg.br\/dti\/wp-json\/wp\/v2\/tags?post=3088"},{"taxonomy":"author","embeddable":true,"href":"https:\/\/www.ufmg.br\/dti\/wp-json\/wp\/v2\/coauthors?post=3088"}],"curies":[{"name":"wp","href":"https:\/\/api.w.org\/{rel}","templated":true}]}}