{"id":3090,"date":"2007-07-19T08:00:00","date_gmt":"2007-07-19T08:00:00","guid":{"rendered":"https:\/\/www.ufmg.br\/dti\/cecom\/?p=1283"},"modified":"2007-07-19T08:00:00","modified_gmt":"2007-07-19T08:00:00","slug":"sistematico-edicao-1345-19072007","status":"publish","type":"post","link":"https:\/\/www.ufmg.br\/dti\/2007\/07\/19\/sistematico-edicao-1345-19072007\/","title":{"rendered":"Sistem\u00e1tico: Edi\u00e7\u00e3o 1345 &#8211; 19\/07\/2007"},"content":{"rendered":"<ul>\n<li><a href=\"\/dti\/#noticias\">Not\u00edcias<\/a>\n<div class='submenuSistematico'>\n<ul>\n<li><a href=\"\/dti\/#anoticias1\"><span class=\"titulo\">ATI VISITA     UFMS PARA AVALIAR POSS&Iacute;VEIS PARCERIAS<\/span><\/a><\/li>\n<li><a href=\"\/dti\/#anoticias2\"><span class=\"titulo\">PROGRAMADA     PARADA DOS EQUIPAMENTOS DO POP-MG<\/span><\/a><\/li>\n<li><a href=\"\/dti\/#anoticias3\"><span class=\"titulo\">COME&Ccedil;A     CORRE&Ccedil;&Atilde;O DAS PROVAS DO VESTIBULAR DE GRADUA&Ccedil;&Atilde;O     &Agrave; DIST&Acirc;NCIA<\/span><\/a><\/li>\n<\/ul>\n<\/div>\n<\/li>\n<li><a href=\"\/dti\/#informativo\">Informativo<\/a>\n<div class='submenuSistematico'>\n<ul>\n<li><a href=\"\/dti\/#ainformativo1\"><span class=\"titulo\">AS 7 MARAVILHAS     DA INTERNET &#8211; SITES MAIS VISITADOS<\/span><br \/>    <\/a><\/li>\n<li><a href=\"\/dti\/#ainformativo2\"><span class=\"titulo\">DICAS DE     SITES INTERESSANTES<\/span><\/a><\/li>\n<li><a href=\"\/dti\/#ainformativo3\"><span class=\"titulo\">MENSAGEM     RECEBIDA PELO SISTEM&Aacute;TICO<\/span><\/a><\/li>\n<li><a href=\"\/dti\/#ainformativo4\" id=\"4\"><span class=\"titulo\">INSCRI&Ccedil;&Otilde;ES     ABERTAS PARA O PROGRAMA DE BOLSA DE ENSINO SUPERIOR DO 2&ordm; SEMESTRE     DE 2007<\/span><\/a><\/li>\n<li><a href=\"\/dti\/#ainformativo5\" id=\"5\"><span class=\"titulo\">TAI-CHI-CHUAN     &Eacute; OFERECIDO PELA PRORH<\/span><\/a><\/li>\n<li><a href=\"\/dti\/#ainformativo6\" id=\"6\"><span class=\"titulo\">PROJETO     MAIORIDADE ABRE INSCRI&Ccedil;&Otilde;ES<\/span><\/a><\/li>\n<li><a href=\"\/dti\/#ainformativo7\" id=\"7\"><img loading=\"lazy\" decoding=\"async\" src=\"https:\/\/www.ufmg.br\/dti\/wp-content\/uploads\/imgs\/tudo_pixel.gif\" width=\"1\" height=\"8\" alt=\"\" border=\"0\"><br \/>    <span class=\"titulo\">H\u00e1 20 anos&#8230;<\/span><\/a><\/li>\n<\/ul>\n<\/div>\n<\/li>\n<li><a href=\"\/dti\/#eventos\">Eventos<\/a>\n<div class='submenuSistematico'>\n<ul>\n<li><a href=\"\/dti\/#aeventos1\"><span class=\"titulo\">SOCIAIS<\/span><\/a><\/li>\n<li><a href=\"\/dti\/#aeventos2\"><span class=\"titulo\">MEM&Oacute;RIA      FOTOGR&Aacute;FICA DO CECOM<\/span><\/a><\/li>\n<\/ul>\n<\/div>\n<\/li>\n<\/ul>\n<p> <a name='noticias'><\/a><\/p>\n<h4>Not\u00edcias<\/h4>\n<div class=\"centro-sistematico\">  <!-- noticias --> <\/p>\n<table border=\"0\" cellspacing=\"0\" cellpadding=\"0\">\n<tr>\n<td><\/td>\n<td><\/td>\n<\/tr>\n<p>  <!-- #BeginEditable \"materias\" -->   <\/p>\n<tr>\n<td align=\"LEFT\" valign=\"TOP\"><\/td>\n<td align=\"LEFT\" valign=\"TOP\"> <a name=\"anoticias1\"><span class=\"titulo\">ATI VISITA     UFMS PARA AVALIAR POSS&Iacute;VEIS PARCERIAS<\/span><\/a> <span class=\"texto\">     <\/p>\n<p>Na semana passada, o Diretor de Tecnologia da Informa&ccedil;&atilde;o,      Prof. Paulo Fernando Seixas, e o diretor do Centro de Computa&ccedil;&atilde;o,      Carlos Alfeu Furtado da Fonseca, estiveram em visita &agrave; UFMS &#8211;      Universidade Federal do Mato Grosso do Sul. Al&eacute;m deles, representando      a ProRH, participou da visita o assessor da diretoria do Departamento      de Administra&ccedil;&atilde;o de Pessoal, Antonino Bosco de Andrade      Oliveira.<\/p>\n<p>     Na UFMS, a equipe da UFMG foi recebida pelas equipes de Tecnologia da      Informa&ccedil;&atilde;o e de Recursos Humanos coordenadas, respectivamente,      pelo Prof. Ronaldo Alves Ferreira e por Dulce Maria Trist&atilde;o.      Durante a visita, a equipe da UFMS apresentou seu sistema de Gest&atilde;o      de RH e o andamento do desenvolvimento e implanta&ccedil;&atilde;o do      novo sistema Siex Brasil, que &eacute; apoiado pela UFMG. Na oportunidade,      a UFMG mostrou linhas gerais do portal minhaUFMG, do novo Di&aacute;rio      de Classe Web integrado ao ambiente Moodle.<\/p>\n<p>     Foram iniciados contatos com o objetivo de estreitar os la&ccedil;os      entre as equipes das duas institui&ccedil;&otilde;es e avaliar a possibilidade      de coopera&ccedil;&atilde;o na &aacute;rea de desenvolvimento de sistemas      e aplica&ccedil;&otilde;es. Ap&oacute;s a viagem, est&atilde;o sendo      trocadas informa&ccedil;&otilde;es complementares, via e-mail, para      que seja poss&iacute;vel apresentar, em breve, &agrave;s respectivas      Reitorias uma avalia&ccedil;&atilde;o das inten&ccedil;&otilde;es que      est&atilde;o sendo tra&ccedil;adas.    <\/p>\n<p align=\"center\"><img loading=\"lazy\" decoding=\"async\" src=\"https:\/\/www.ufmg.br\/dti\/wp-content\/uploads\/fotos\/19_07\/alfeu.jpg\" width=\"235\" height=\"278\"><img loading=\"lazy\" decoding=\"async\" src=\"https:\/\/www.ufmg.br\/dti\/wp-content\/uploads\/fotos\/19_07\/paulo_seixas.jpg\" width=\"177\" height=\"224\"><br \/>     <font face=\"1\">Carlos Alfeu (esq.) e Prof. Paulo Seixas<\/font><\/p>\n<p>    <\/span> <\/td>\n<\/tr>\n<tr>\n<td align=\"LEFT\" valign=\"TOP\"><\/td>\n<td align=\"LEFT\" valign=\"TOP\"> <a name=\"anoticias2\"><span class=\"titulo\">PROGRAMADA     PARADA DOS EQUIPAMENTOS DO POP-MG<\/span><\/a> <span class=\"texto\">     <\/p>\n<p>Dando continuidade &agrave; obra de reforma do POP-MG, localizado no      Depto. de Ci&ecirc;ncia da Computa&ccedil;&atilde;o, ser&aacute; realizada      neste domingo, dia 22\/07, mais uma parada dos seus equipamentos para      uma janela de manuten&ccedil;&atilde;o. A parada est&aacute; marcada      para come&ccedil;ar &agrave; 00h01 hora e ir&aacute; at&eacute; as 10h      da manh&atilde;.<\/p>\n<p>     Todos os equipamentos ser&atilde;o desligados, o que deixar&aacute;      indispon&iacute;vel o acesso &agrave; Internet para toda a Rede UFMG.      Aproximadamente entre 03h e 04h os equipamentos ser&atilde;o religados.<\/p>\n<p>     Ap&oacute;s o religamento, e at&eacute; o final da janela de manuten&ccedil;&atilde;o,      os circuitos de dados que conectam os clientes ao POP-MG ser&atilde;o      migrados do atual equipamento para o novo, tornando-os indispon&iacute;veis      individualmente por pequenos per&iacute;odos at&eacute; que todos sejam      migrados.<\/p>\n<p>    <\/p>\n<p>    <\/span><\/td>\n<\/tr>\n<tr>\n<td align=\"LEFT\" valign=\"TOP\"><\/td>\n<td align=\"LEFT\" valign=\"TOP\"> <a name=\"anoticias3\"><span class=\"titulo\">COME&Ccedil;A     CORRE&Ccedil;&Atilde;O DAS PROVAS DO VESTIBULAR DE GRADUA&Ccedil;&Atilde;O     &Agrave; DIST&Acirc;NCIA<\/span><\/a> <span class=\"texto\">     <\/p>\n<p>As provas dos 679 candidatos que prestaram Vestibular para os cursos      de Licenciatura a Dist&acirc;ncia para Qu&iacute;mica e Ci&ecirc;ncias      Biol&oacute;gicas est&atilde;o em processo de corre&ccedil;&atilde;o.      O resultado deve ser divulgado dentro de um prazo m&aacute;ximo de dez      dias. <\/p>\n<p>     Segundo a coordenadora da Comiss&atilde;o Permanente do Vestibular (Copeve),      professora Vera Resende, o resultado ser&aacute; divulgado na p&aacute;gina      eletr&ocirc;nica da pr&oacute;pria Comiss&atilde;o (Copeve)<\/p>\n<p>     A aplica&ccedil;&atilde;o das provas ocorreu simultaneamente nas cidades      de Ara&ccedil;ua&iacute;, Montes Claros, Governador Valadares e Te&oacute;filo      Otoni, no domingo, dia 15 de julho. &#8220;Deixaram de comparecer aos      locais de prova um total de 91 inscritos, resultando no &iacute;ndice      de 13,5% de aus&ecirc;ncia.&#8221;<\/p>\n<p>     De acordo com Vera Resende, a m&eacute;dia de desist&ecirc;ncias do      vestibular tradicional &eacute; de 10% a 8%. Ela explicou que n&atilde;o      tinha como avaliar o &iacute;ndice, a curto prazo sem fazer antes uma      an&aacute;lise mais minuciosa, por se tratar da primeira experi&ecirc;ncia      de inscri&ccedil;&atilde;o para gradua&ccedil;&atilde;o a dist&acirc;ncia.      <\/p>\n<p>     . Em Ara&ccedil;ua&iacute;, 121 candidatos fizeram as provas e 21 faltaram,      com &iacute;ndice de 17% de aus&ecirc;ncia;<\/p>\n<p>     . Em Montes Claros, 241 candidatos fizeram as provas e 31 faltaram,      com <br \/>     &iacute;ndice de 13% de aus&ecirc;ncia;<\/p>\n<p>     . Em Governador Valadares, 189 candidatos fizeram as provas e 26 faltaram,      <br \/>     com &iacute;ndice de 14% de aus&ecirc;ncia;<\/p>\n<p>     . Em Te&oacute;filo Otoni, 128 candidatos fizeram as provas e 14 faltaram,      com &iacute;ndice de 11% de aus&ecirc;ncia.    <\/p>\n<p>(Fonte: <a href=\"http:\/\/www.ufmg.br\/online\/arquivos\/006179.shtml\">http:\/\/www.ufmg.br\/online\/arquivos\/006179.shtml<\/a>      &#8211; 17\/07\/2007)<\/p>\n<p>    <\/p>\n<p>    <\/span><\/td>\n<\/tr>\n<p>  <!-- #EndEditable -->  <\/table>\n<p> <!-- fim noticias --><\/div>\n<p><a name='informativo'><\/a><\/p>\n<h4>Informativo<\/h4>\n<div class=\"centro-sistematico\">  <!-- noticias --> <\/p>\n<table border=\"0\" cellspacing=\"0\" cellpadding=\"0\">\n<tr>\n<td><\/td>\n<td><\/td>\n<\/tr>\n<p>  <!-- #BeginEditable \"materias\" -->   <\/p>\n<tr>\n<td align=\"LEFT\" valign=\"TOP\"><\/td>\n<td align=\"LEFT\" valign=\"TOP\"><a name=\"ainformativo1\"><span class=\"titulo\">AS 7 MARAVILHAS     DA INTERNET &#8211; SITES MAIS VISITADOS<\/span><br \/>    <\/a> <img loading=\"lazy\" decoding=\"async\" src=\"https:\/\/www.ufmg.br\/dti\/wp-content\/uploads\/imgs\/tudo_pixel.gif\" width=\"1\" height=\"20\" alt=\"\" border=\"0\"><br \/>     <span class=\"texto\"> Em &eacute;poca de elei&ccedil;&atilde;o das 7 maravilhas     do mundo moderno, podemos fazer tamb&eacute;m um ranking com as 7 maravilhas     da Internet. Este ranking pode ter v&aacute;rias modalidades: os sites     mais visitados, os mais &uacute;teis, os mais interessantes etc.<\/p>\n<p>    No Boletim Informativo UtilNet, de 03\/07\/07 s&atilde;o apresentados os     7 sites mais visitados do mundo e do Brasil. &Eacute; um ranking que n&atilde;o     necessita de elei&ccedil;&atilde;o e pode ser obtido atrav&eacute;s de     &oacute;rg&atilde;os oficiais de avalia&ccedil;&atilde;o de desempenho     da rede.<\/p>\n<p>    Os 7 sites mais visitados no mundo e no Brasil &#8211; O resultado do ranking     mundial foi uma &#8220;barbada&#8221;. Dos 7 sites mais visitados, o Google     tem 6 representantes. Isto se deve ao desempenho do Google em v&aacute;rios     pa&iacute;ses al&eacute;m do Estados Unidos. &Eacute; como se, das 7 maravilhas     do mundo, 6 delas fossem de um s&oacute; dono. O &uacute;nico site, al&eacute;m     do Google, que consta do ranking &eacute; o seu maior concorrente: o Yahoo.     (A Microsoft aparece em 8&ordm; lugar)<\/p>\n<p>    Veja a rela&ccedil;&atilde;o dos 100 sites mais visitados no mundo no     endere&ccedil;o <a href=\"http:\/\/toolbar.netcraft.com\/stats\/topsites?c=%20\">http:\/\/toolbar.netcraft.com\/stats\/topsites?c=     <\/a>(*). O &uacute;nico site do Brasil a constar da lista figura na 37&ordm;     posi&ccedil;&atilde;o e, adivinhe s&oacute;, &eacute; o google.com.br<\/p>\n<p>    O ranking do Brasil &eacute; um pouco mais variado, mas ainda assim, o     UOL ocupa 4 posi&ccedil;&otilde;es com variantes de seu site. O Terra,     o Estad&atilde;o e o Yahoo fazem companhia ao UOL no ranking das 7 &#8220;maravilhas&#8221;.<\/p>\n<p>    Veja a rela&ccedil;&atilde;o dos 100 sites mais visitados no Brasil no     endere&ccedil;o <a href=\"http:\/\/toolbar.netcraft.com\/stats\/topsites?c=BR\">http:\/\/toolbar.netcraft.com\/stats\/topsites?c=BR<\/a>     (**).<\/p>\n<p>    (*) Os rankings foram obtidos no site da NetCraft<br \/>    (**) O Google.br n&atilde;o consta da lista do Brasil por ser, oficialmente,     um site americano<\/p>\n<p>    (Fonte: Boletim Informativo UtilNet, de 03\/07\/07 &#8211; Colabora&ccedil;&atilde;o     da Xina)<\/p>\n<p>    <\/span> <\/td>\n<\/tr>\n<tr>\n<td align=\"LEFT\" valign=\"TOP\"><\/td>\n<td align=\"LEFT\" valign=\"TOP\"><a name=\"ainformativo2\"><span class=\"titulo\">DICAS DE     SITES INTERESSANTES<\/span><\/a> <span class=\"texto\">     <\/p>\n<p>Na aus&ecirc;ncia do Adyrus, Bruno Santos enviou as seguintes dicas:<br \/>     &#8211; O blogueiro norte-americano Kent Newsome fez uma an&aacute;lise bem      interessante sobre a vida de um blog, desde o seu nascimento at&eacute;      o seu fim. Ele a dividiu em 5 fases. Voc&ecirc;, que &eacute; blogueiro,      acesse o blog do Thiago D&oacute;ria e veja se voc&ecirc; n&atilde;o      se identifica com algumas dessas fases. Clique em <a href=\"http:\/\/z001.ig.com.br\/ig\/59\/32\/896736\/blig\/tiagodoria\/2007_26.html#post_18889261\">http:\/\/z001.ig.com.br\/ig\/59\/32\/896736\/blig\/tiagodoria\/2007_26.html#post_18889261<\/a>      .<\/p>\n<p>     &#8211; Ultimamente ando assistindo muitos curtas e anima&ccedil;&otilde;es      no Youtube, que de uns tempos pra c&aacute; tem cada vez mais em seu      acervo, alguns muito bons, como este que apresento agora. Chama-se Morph&eacute;,      e voc&ecirc; pode ver em <a href=\"http:\/\/www.youtube.com\/watch?v=tKlAmCfOoX4\" target=\"_blank\">http:\/\/www.youtube.com\/watch?v=tKlAmCfOoX4<\/a>      .<\/p>\n<p>     &#8211; A banda de hoje chama-se Arctic Monkeys. Ela &eacute; uma banda brit&acirc;nica      de indie rock e p&oacute;s-punk formada em 2002 nos sub&uacute;rbios      de Sheffield, na Inglaterra. A banda &eacute; geralmente considerada      parte da cena indie rock, assim como as bandas contempor&acirc;neas      The Libertines, The Futureheads e Franz Ferdinand. Atingiram o sucesso      atrav&eacute;s de fitas demo e compartilhamento de arquivos. &Eacute;      uma banda que voc&ecirc; deve ouvir. Acesse <a href=\"http:\/\/www.arcticmonkeys.com\/\">http:\/\/www.arcticmonkeys.com\/<\/a>.      (Site em Ingl&ecirc;s)<\/p>\n<p>     &#8211; Voc&ecirc; tamb&eacute;m gosta de desenhos animados? Ent&atilde;o,      n&atilde;o pode deixar de visitar o DesenhoAnimado.org . Muita coisa      boa sobre desenhos que formaram o nosso car&aacute;ter est&aacute; l&aacute;.(inclusive      downloads). Acesse <a href=\"http:\/\/www.desenhoanimado.org\">http:\/\/www.desenhoanimado.org<\/a>      e divirta-se.    <\/p>\n<p>    <\/span> <\/td>\n<\/tr>\n<tr>\n<td align=\"LEFT\" valign=\"TOP\"><\/td>\n<td align=\"LEFT\" valign=\"TOP\"><a name=\"ainformativo3\"><span class=\"titulo\">MENSAGEM     RECEBIDA PELO SISTEM&Aacute;TICO<\/span><\/a> <span class=\"texto\">     <\/p>\n<p>A funcion&aacute;ria Cec&iacute;lia Barbosa, do Centro Esportivo Universit&aacute;rio,      enviou a seguinte mensagem para O Sistem&aacute;tico, por ocasi&atilde;o      dos seus 30 anos de circula&ccedil;&atilde;o:<\/p>\n<p>     <em>&#8220;Parab&eacute;ns, Sistem&aacute;tico, por todo esse tempo      de vida! Que possa continuar nos dando essa li&ccedil;&atilde;o de bom      relacionamento, mostrando que a vida &eacute; sempre uma festa! Voc&ecirc;s      t&ecirc;m me inspirado a acreditar num mundo melhor. Abra&ccedil;os      de quem n&atilde;o perde a uma leitura do Sistem&aacute;tico. Cec&iacute;lia      Barbosa, CEU\/UFMG.&#8221;<\/em><\/p>\n<p>    <\/span><\/td>\n<\/tr>\n<tr>\n<td align=\"LEFT\" valign=\"TOP\"><\/td>\n<td align=\"LEFT\" valign=\"TOP\"><a name=\"ainformativo4\" id=\"4\"><span class=\"titulo\">INSCRI&Ccedil;&Otilde;ES     ABERTAS PARA O PROGRAMA DE BOLSA DE ENSINO SUPERIOR DO 2&ordm; SEMESTRE     DE 2007<\/span><\/a> <span class=\"texto\">     <\/p>\n<p>A Pr&oacute;-Reitoria de Recursos Humanos est&aacute; com inscri&ccedil;&otilde;es      abertas para o Programa de Bolsa de Ensino Superior. Vinculado ao Programa      Integrado de Desenvolvimento (PROGRID), ele oferece ajuda financeira      para servidores efetivos da UFMG que cursam o ensino superior, incluindo      aqueles em est&aacute;gio probat&oacute;rio.<\/p>\n<p>     S&atilde;o 20 bolsas dispon&iacute;veis, no valor de R$120,00 cada uma,      para interessados que estudam em entidades particulares e n&atilde;o      possuam diploma de curso superior. Os universit&aacute;rios de institui&ccedil;&otilde;es      p&uacute;blicas ser&atilde;o contemplados com o valor referente &agrave;      contribui&ccedil;&atilde;o ao fundo de bolsas e n&atilde;o precisam      participar do sorteio, desde que fa&ccedil;am regularmente suas inscri&ccedil;&otilde;es.<\/p>\n<p>     Os servidores em est&aacute;gio probat&oacute;rio tamb&eacute;m podem      concorrer, mas caso n&atilde;o sejam aprovados no est&aacute;gio, ter&atilde;o      que ressarcir o benef&iacute;cio durante sua participa&ccedil;&atilde;o      no programa.<\/p>\n<p>     Os interessados dever&atilde;o se inscrever no site da PRORH, no endere&ccedil;o      <a href=\"http:\/\/www.ufmg.br\/prorh\">www.ufmg.br\/prorh<\/a>, at&eacute;      &agrave;s 17h do dia 11 de agosto. Os servidores que n&atilde;o possuem      acesso &agrave; internet dever&atilde;o dirigir-se &agrave; Secretaria      de sua Unidade ou ao Departamento de Desenvolvimento de Recursos Humanos      (DRH), Unidade Administrativa III, Campus Pampulha, para fazer a inscri&ccedil;&atilde;o.      &Eacute; preciso levar documento de identidade e contracheque do m&ecirc;s      de junho de 2007.<\/p>\n<p>     A sele&ccedil;&atilde;o ser&aacute; feita no dia 17 de agosto de 2007,      por meio de sorteio p&uacute;blico, na sala 102 do DRH &#8211; Unidade Administrativa      III, &agrave;s 10h30min.    <\/p>\n<p>(Fonte: <a href=\"http:\/\/www.ufmg.br\/online\/arquivos\/006144.shtml\">http:\/\/www.ufmg.br\/online\/arquivos\/006144.shtml<\/a>      &#8211; 12\/07\/2007)    <\/p>\n<p>    <\/span><\/td>\n<\/tr>\n<tr>\n<td align=\"LEFT\" valign=\"TOP\"><\/td>\n<td align=\"LEFT\" valign=\"TOP\"><a name=\"ainformativo5\" id=\"5\"><span class=\"titulo\">TAI-CHI-CHUAN     &Eacute; OFERECIDO PELA PRORH<\/span><\/a> <span class=\"texto\">     <\/p>\n<p>A Pr&oacute;-Reitoria de Recursos Humanos desenvolve o Programa Qualidade      de Vida por meio do Programa Integrado de Desenvolvimento &#8211; PROGRID      e em parceria com a Coordenadoria de Assuntos Comunit&aacute;rios &#8211;      CAC. Uma das atividades oferecidas pelo programa &eacute; o Tai-Chi-Chuan,      que &eacute; aberto a alunos, servidores e &agrave; comunidade em geral.<\/p>\n<p>     N&atilde;o &eacute; necess&aacute;ria a realiza&ccedil;&atilde;o de      inscri&ccedil;&atilde;o. Os interessados podem comparecer &agrave;s      aulas, que acontecem no Campus Pampulha, no gramado em frente ao Pr&eacute;dio      da Reitoria, &agrave;s ter&ccedil;as e quintas-feiras, em dois hor&aacute;rios:      de 6h45 &agrave;s 7h30 e de 17h &agrave;s 17h45.<\/p>\n<p>     Os participantes das duas turmas de Tai-Chi-Chuan dever&atilde;o assinar      uma lista de presen&ccedil;a ap&oacute;s as aulas.<\/p>\n<p>     (Fonte: <a href=\"http:\/\/www.ufmg.br\/online\/arquivos\/006147.shtm\">http:\/\/www.ufmg.br\/online\/arquivos\/006147.shtm<\/a>l      &#8211; 13\/07\/2007)<\/p>\n<p>    <\/span><\/td>\n<\/tr>\n<tr>\n<td align=\"LEFT\" valign=\"TOP\"><\/td>\n<td align=\"LEFT\" valign=\"TOP\"><a name=\"ainformativo6\" id=\"6\"><span class=\"titulo\">PROJETO     MAIORIDADE ABRE INSCRI&Ccedil;&Otilde;ES<\/span><\/a> <span class=\"texto\">     <\/p>\n<p>Est&atilde;o abertas as inscri&ccedil;&otilde;es para as atividades      do Projeto Maioridade &#8211; Universidade aberta para a Terceira Idade, que      acontece de 6 de agosto a 6 de dezembro, no Conservat&oacute;rio UFMG      (av. Afonso Pena 1.534, Centro), &agrave;s segundas e quintas-feiras.<\/p>\n<p>     Coordenado pelas professoras Marcella Guimar&atilde;es Assis Tirado      e Ros&acirc;ngela Corr&ecirc;a Dias, da Escola de Educa&ccedil;&atilde;o      F&iacute;sica, Fisioterapia e Terapia Ocupacional, o projeto tem por      objetivo orientar seus participantes para um envelhecimento saud&aacute;vel      e com qualidade. <\/p>\n<p>     Destinada a pessoas a partir de 60 anos, a programa&ccedil;&atilde;o      inclui palestras, mesas-redondas e atividades pr&aacute;ticas e envolve      equipe de professores de diversas unidades acad&ecirc;micas da UFMG.<\/p>\n<p>     As inscri&ccedil;&otilde;es s&atilde;o feitas ap&oacute;s o pagamento      da taxa de R$ 300 &agrave; vista ou em seis parcelas de R$ 50, nos postos      da Fundep, av. Afonso Pena 1.534, e na Pra&ccedil;a de Servi&ccedil;os      do campus Pampulha, Loja 7.<\/p>\n<p>     Mais informa&ccedil;&otilde;es pelo telefone (31) 3499-4220 e pela Internet.<\/p>\n<p>     Programa&ccedil;&atilde;o:<br \/>     Agosto: ENVELHECIMENTO E SA&Uacute;DE<br \/>     Dia 6: Confer&ecirc;ncia de Abertura: Temos muito a comemorar<br \/>     Dia 9: Din&acirc;mica de recep&ccedil;&atilde;o: Ampliando as redes      de rela&ccedil;&otilde;es sociais<br \/>     Dia 13: Reabilita&ccedil;&atilde;o auditiva e da fala<br \/>     Dia 16: Envelhecimento articular<br \/>     Dia 20: Nutri&ccedil;&atilde;o e Terceira Idade<br \/>     Dia 23: Sa&uacute;de bucal <br \/>     Dia 27: Pol&iacute;tica Municipal de Aten&ccedil;&atilde;o ao Idoso<br \/>     Dia 30: Mesa-redonda:Seguran&ccedil;a ambiental: prevenindo quedas e      acidentes dom&eacute;sticos<\/p>\n<p>     Setembro: MOVIMENTO E QUALIDADE DE VIDA<br \/>     Dia 3: Respira&ccedil;&atilde;o e funcionalidade<br \/>     Dia 10: Exerc&iacute;cios na &aacute;gua: indica&ccedil;&otilde;es e      benef&iacute;cios <br \/>     Dia 13: Postura e Flexibilidade<br \/>     Dia 17: Tai chi chuan: a arte da longevidade<br \/>     Dia 20: Movimento e dor cr&ocirc;nica <br \/>     Dia 24: Envelhecimento e estabilidade articular<br \/>     Dia 27: O cora&ccedil;&atilde;o e os exerc&iacute;cios<\/p>\n<p>     Outubro: ASPECTOS PSICOL&Oacute;GICOS E SOCIAIS<br \/>     Dia 1&ordm;: Idoso em Cena <br \/>     Dia 4: Cogni&ccedil;&atilde;o e Envelhecimento<br \/>     Dia 8: Mem&oacute;ria fotogr&aacute;fica<br \/>     Dia 15: Auto-estima<br \/>     Dia 18: Do sonho a realidade: NUTRIS<br \/>     Dia 22: Altera&ccedil;&otilde;es do humor: interven&ccedil;&atilde;o      n&atilde;o farmacol&oacute;gica<br \/>     Dia 25: Motiva&ccedil;&atilde;o<br \/>     Dia 29: Atividade de socializa&ccedil;&atilde;o <\/p>\n<p>     Novembro: COTIDIANO E CULTURA<br \/>     Dia 5: O cotidiano da defesa dos direitos do idoso <br \/>     Dia 8: Visita ao Museu de Arte e Of&iacute;cio<br \/>     Dia 12: Lazer e natureza na Terceira Idade<br \/>     Dia 19: Concerto comentado<br \/>     Dia 22: Inclus&atilde;o digital: a internet no dia-a-dia<br \/>     Dia 26: Turismo em Minas Gerais, feito de paisagem e cultura<br \/>     Dia 29: &Oacute;pera &#8211; inicia&ccedil;&atilde;o e aprecia&ccedil;&atilde;o      <\/p>\n<p>     Dezembro<br \/>     Dia 3: Avalia&ccedil;&atilde;o do Projeto<br \/>     Dia 6: Confer&ecirc;ncia de encerramento    <\/p>\n<p>(Fonte: <a href=\"http:\/\/www.ufmg.br\/online\/arquivos\/006151.shtml\">http:\/\/www.ufmg.br\/online\/arquivos\/006151.shtml<\/a>      &#8211; 13\/07\/2007)<\/p>\n<p>    <\/span><\/td>\n<\/tr>\n<p>  <!-- #EndEditable -->  <\/table>\n<p> <!-- fim noticias --> <!-- tabela ha 20 anos --> <\/p>\n<table border=\"0\" cellspacing=\"0\" cellpadding=\"0\" class=\"cinza\">\n<tr>\n<td><img loading=\"lazy\" decoding=\"async\" src=\"https:\/\/www.ufmg.br\/dti\/wp-content\/uploads\/imgs\/tudo_pixel.gif\" width=\"1\" height=\"1\" alt=\"\" border=\"0\"><\/td>\n<td><img loading=\"lazy\" decoding=\"async\" src=\"https:\/\/www.ufmg.br\/dti\/wp-content\/uploads\/imgs\/tudo_pixel.gif\" width=\"19\" height=\"1\" alt=\"\" border=\"0\"><\/td>\n<td><img loading=\"lazy\" decoding=\"async\" src=\"https:\/\/www.ufmg.br\/dti\/wp-content\/uploads\/imgs\/tudo_pixel.gif\" width=\"510\" height=\"1\" alt=\"\" border=\"0\"><\/td>\n<td><img loading=\"lazy\" decoding=\"async\" src=\"https:\/\/www.ufmg.br\/dti\/wp-content\/uploads\/imgs\/tudo_pixel.gif\" width=\"19\" height=\"1\" alt=\"\" border=\"0\"><\/td>\n<td><img loading=\"lazy\" decoding=\"async\" src=\"https:\/\/www.ufmg.br\/dti\/wp-content\/uploads\/imgs\/tudo_pixel.gif\" width=\"1\" height=\"1\" alt=\"\" border=\"0\"><\/td>\n<\/tr>\n<tr>\n<td class=\"vermelho\" colspan=\"5\"><img loading=\"lazy\" decoding=\"async\" src=\"https:\/\/www.ufmg.br\/dti\/wp-content\/uploads\/imgs\/tudo_pixel.gif\" width=\"1\" height=\"1\" alt=\"\" border=\"0\"><\/td>\n<\/tr>\n<tr>\n<td class=\"vermelho\"><img loading=\"lazy\" decoding=\"async\" src=\"https:\/\/www.ufmg.br\/dti\/wp-content\/uploads\/imgs\/tudo_pixel.gif\" width=\"1\" height=\"1\" alt=\"\" border=\"0\"><\/td>\n<td><img loading=\"lazy\" decoding=\"async\" src=\"https:\/\/www.ufmg.br\/dti\/wp-content\/uploads\/imgs\/tudo_pixel.gif\" width=\"1\" height=\"1\" alt=\"\" border=\"0\"><\/td>\n<td align=\"LEFT\" valign=\"TOP\"><!-- #BeginEditable \"ha 20 anos\" --><a name=\"ainformativo7\" id=\"7\"><img loading=\"lazy\" decoding=\"async\" src=\"https:\/\/www.ufmg.br\/dti\/wp-content\/uploads\/imgs\/tudo_pixel.gif\" width=\"1\" height=\"8\" alt=\"\" border=\"0\"><br \/>    <span class=\"titulo\">H\u00e1 20 anos&#8230;<\/span><\/a> <span class=\"texto\">     <\/p>\n<p>O Sistem&aacute;tico Ano XI, no 28, de 23\/07\/1987, publicou not&iacute;cias      sobre respons&aacute;veis pelas divis&otilde;es durante o per&iacute;odo      de f&eacute;rias das chefias, comandos de abonos de ponto, dicas da      Biblioteca do CECOM, entre outras. As not&iacute;cias que se destacaram      foram:<\/p>\n<p>     <strong>CURSO DE ALGOL<\/strong><br \/>     <font face=\"1\">Est&aacute; sendo realizado, desde o &uacute;ltimo dia      20, um curso de Introdu&ccedil;&atilde;o e Pr&aacute;tica em Algol,      ministrado por Luiz Eug&ecirc;nio de Almeida Oliveira, do Setor de Apoio      ao Usu&aacute;rio\/DTS.<br \/>     O curso est&aacute; tendo a participa&ccedil;&atilde;o dos seguintes      funcion&aacute;rios e estagi&aacute;rios: Al&eacute;xia Maria M&ouml;ller      de Gouv&ecirc;a, Dalmo Chagas Ligeiro, H&eacute;lio Teixeira da Costa,      Maria de Lourdes Moreira Braga, Patr&iacute;cia Lage, Regina Helena      Moura Brandi e Rog&eacute;rio Soares Pinheiro.<br \/>     O curso ser&aacute; encerrado no dia 31 de julho. <\/font><\/p>\n<p><strong>SISCO PARA A DNC<\/strong><br \/>     <font face=\"1\">A Divis&atilde;o de N&uacute;cleos Computacionais do      CECOM &#8211; N&uacute;cleo da Sa&uacute;de vai receber, em breve, um equipamento      SISCO 10300 TC com: 1 terminal, 1 unidade de fita streamer e 1 disco      Winchester 86M.<\/font><\/p>\n<p>    <\/span><!-- #EndEditable --><br \/>     <img loading=\"lazy\" decoding=\"async\" src=\"https:\/\/www.ufmg.br\/dti\/wp-content\/uploads\/imgs\/tudo_pixel.gif\" width=\"1\" height=\"8\" alt=\"\" border=\"0\"><\/td>\n<td><img loading=\"lazy\" decoding=\"async\" src=\"https:\/\/www.ufmg.br\/dti\/wp-content\/uploads\/imgs\/tudo_pixel.gif\" width=\"1\" height=\"1\" alt=\"\" border=\"0\"><\/td>\n<td class=\"vermelho\"><img loading=\"lazy\" decoding=\"async\" src=\"https:\/\/www.ufmg.br\/dti\/wp-content\/uploads\/imgs\/tudo_pixel.gif\" width=\"1\" height=\"1\" alt=\"\" border=\"0\"><\/td>\n<\/tr>\n<tr>\n<td class=\"vermelho\" colspan=\"5\"><img loading=\"lazy\" decoding=\"async\" src=\"https:\/\/www.ufmg.br\/dti\/wp-content\/uploads\/imgs\/tudo_pixel.gif\" width=\"1\" height=\"1\" alt=\"\" border=\"0\"><\/td>\n<\/tr>\n<\/table>\n<p> <!-- fim tabela ha 20 anos --><\/div>\n<p><a name='eventos'><\/a><\/p>\n<h4>Eventos<\/h4>\n<div class=\"centro-sistematico\">  <!-- noticias --> <\/p>\n<table border=\"0\" cellspacing=\"0\" cellpadding=\"0\">\n<tr>\n<td><\/td>\n<td><\/td>\n<\/tr>\n<p>  <!-- #BeginEditable \"materias\" -->   <\/p>\n<tr>\n<td align=\"LEFT\" valign=\"TOP\"><\/td>\n<td align=\"LEFT\" valign=\"TOP\"> <a name=\"aeventos1\"><span class=\"titulo\">SOCIAIS<\/span><\/a>     <\/p>\n<p align=\"left\"><span class=\"texto\"><strong>ANIVERS&Aacute;RIOS:<\/strong>      <em>&#8220;O Sistem&aacute;tico&#8221; envia os parab&eacute;ns para      os ex-ceconianos: Simone Lopes de Moura e Adelaide Maria Coelho Baeta,      hoje, dia 19; M&aacute;rcio Benedito Baptista, no dia 20; F&aacute;tima      Daniel de Sales, Luiz Fernando Costa e Roberto Gadelha Pinheiro, no      dia 21; Marcus Vin&iacute;cius Duarte Teixeira, no dia 22; Jos&eacute;      Eduardo Azevedo Carvalho (Z&eacute;du Desenhista), no dia 23; Jo&atilde;o      Paulo Rodrigues da Costa e Cidiney Jos&eacute; da Silva, no dia 25;      e Ren&ecirc; Alves Machado, no dia 26.<\/em><\/p>\n<p>     <strong>CAMPEONATO DE FUTSAL:<\/strong> <em>Na &uacute;ltima sexta-feira,      dia 13 de julho, Bruno Pinheiro, filho de Rog&eacute;rio Soares Pinheiro,      ganhou o campeonato Futsal, categoria 91, disputado na Espanha (Costa      Blanca Cup 2007). Al&eacute;m de ganhar, o Minas T&ecirc;nis Clube foi      escolhido o melhor clube, o Bruno foi o artilheiro ( 18 gols ) e foi      eleito o melhor jogador do campeonato. Na foto abaixo, Bruno com o tr&oacute;feu      de melhor jogador. O campeonato ocorreu no per&iacute;odo de 04 a 18      de julho\/07.<\/em><\/span>     <\/p>\n<p align=\"left\">&nbsp;<span class=\"texto\"><em>     <\/p>\n<div align=\"center\"><img loading=\"lazy\" decoding=\"async\" src=\"https:\/\/www.ufmg.br\/dti\/wp-content\/uploads\/fotos\/19_07\/Bruno_Espanha.jpg\" width=\"278\" height=\"408\"><\/div>\n<p>    <\/em>     <\/p>\n<div align=\"center\"> <font face=\"1\">Bruno Pinheiro &#8211; foto cedida pelo      Rog&eacute;rio<\/font><\/div>\n<p>    <\/span> <\/p>\n<p>&nbsp; <\/p>\n<\/td>\n<\/tr>\n<tr>\n<td align=\"LEFT\" valign=\"TOP\"><\/td>\n<td align=\"LEFT\" valign=\"TOP\">\n<p><a name=\"aeventos2\"><span class=\"titulo\">MEM&Oacute;RIA      FOTOGR&Aacute;FICA DO CECOM<\/span><\/a><span class=\"texto\"> <\/span><\/p>\n<p>    <span class=\"texto\">     <\/p>\n<p>Mais um lote de fotos da comemora&ccedil;&atilde;o dos 30 anos de O      Sistem&aacute;tico, ocorrida no dia 14 de junho de 2007. As fotos s&atilde;o      de autoria de Bruno Santos e Gustavo Campos.<\/p>\n<p>    <\/span> <\/p>\n<p align=\"center\"><font face=\"1\"><img loading=\"lazy\" decoding=\"async\" src=\"https:\/\/www.ufmg.br\/dti\/wp-content\/uploads\/fotos\/19_07\/sist1.jpg\" width=\"500\" height=\"375\"><br \/>     A mini-exposi&ccedil;&atilde;o com os primeiros exemplares de cada d&eacute;cada      e edi&ccedil;&otilde;es especiais <\/font><\/p>\n<p align=\"center\"><font face=\"1\"><img loading=\"lazy\" decoding=\"async\" src=\"https:\/\/www.ufmg.br\/dti\/wp-content\/uploads\/fotos\/19_07\/sist2.jpg\" width=\"500\" height=\"375\"><br \/>     Xina, profa. Z&eacute;lia Falc&atilde;o e prof. Paulo Seixas <\/font><\/p>\n<p align=\"center\"><font face=\"1\"><img loading=\"lazy\" decoding=\"async\" src=\"https:\/\/www.ufmg.br\/dti\/wp-content\/uploads\/fotos\/19_07\/sist3.jpg\" width=\"500\" height=\"375\"><br \/>     Lel&eacute;, QQ (de costas) e Carlos Alfeu. Ao fundo: Maria Helena Rodrigues,      Eust&aacute;quio, Eug&ecirc;nio, Gilmar, M&aacute;rcia Lemos e Ronaldo      <\/font><\/p>\n<p align=\"center\"><font face=\"1\"><img loading=\"lazy\" decoding=\"async\" src=\"https:\/\/www.ufmg.br\/dti\/wp-content\/uploads\/fotos\/19_07\/sist4.jpg\" width=\"500\" height=\"375\"><br \/>     Adriana, M&aacute;rcio Viana, Lel&eacute;, Eug&ecirc;nio, &Eacute;rica,      Ronaldo, Gilmar e Fabr&iacute;cio <\/font><\/p>\n<p align=\"center\"><font face=\"1\"><img loading=\"lazy\" decoding=\"async\" src=\"https:\/\/www.ufmg.br\/dti\/wp-content\/uploads\/fotos\/19_07\/sist5.jpg\" width=\"500\" height=\"375\"><br \/>     Ronaldo, Bruno, profa. Z&eacute;lia, Frota (de costas) e Carlos Alfeu.      Ao fundo: Roberto, Raimundo, Max, prof. Paulo Seixas, Cl&aacute;udia      Galinkin, Marcus Vin&iacute;cius e Marcelo <\/font><\/p>\n<p align=\"center\"><font face=\"1\"><img loading=\"lazy\" decoding=\"async\" src=\"https:\/\/www.ufmg.br\/dti\/wp-content\/uploads\/fotos\/19_07\/sist6.jpg\" width=\"500\" height=\"375\">      <br \/>     M&aacute;rcia Lemos, Selma, Gustavo, Pedro (de costas), Michele, Cristina      e Maria Helena Rodrigues <\/font><\/p>\n<p>&nbsp;<\/p>\n<p>    <span class=\"texto\"><\/span><\/td>\n<\/tr>\n<p>  <!-- #EndEditable -->  <\/table>\n<p> <!-- fim noticias --><\/div>\n","protected":false},"excerpt":{"rendered":"<p>Not\u00edcias ATI VISITA UFMS PARA AVALIAR POSS&Iacute;VEIS PARCERIAS PROGRAMADA PARADA DOS EQUIPAMENTOS DO POP-MG COME&Ccedil;A CORRE&Ccedil;&Atilde;O DAS PROVAS DO VESTIBULAR DE GRADUA&Ccedil;&Atilde;O &Agrave; DIST&Acirc;NCIA Informativo AS 7 MARAVILHAS DA INTERNET &#8211; SITES MAIS VISITADOS DICAS DE SITES INTERESSANTES MENSAGEM RECEBIDA PELO SISTEM&Aacute;TICO INSCRI&Ccedil;&Otilde;ES ABERTAS PARA O PROGRAMA DE BOLSA DE ENSINO SUPERIOR DO 2&ordm; SEMESTRE &#8230; <a title=\"Sistem\u00e1tico: Edi\u00e7\u00e3o 1345 &#8211; 19\/07\/2007\" class=\"read-more\" href=\"https:\/\/www.ufmg.br\/dti\/2007\/07\/19\/sistematico-edicao-1345-19072007\/\" aria-label=\"Read more about Sistem\u00e1tico: Edi\u00e7\u00e3o 1345 &#8211; 19\/07\/2007\">Ler mais<\/a><\/p>\n","protected":false},"author":3,"featured_media":0,"comment_status":"open","ping_status":"open","sticky":false,"template":"","format":"standard","meta":{"inline_featured_image":false,"footnotes":""},"categories":[13],"tags":[],"coauthors":[79],"class_list":["post-3090","post","type-post","status-publish","format-standard","hentry","category-sistematico"],"_links":{"self":[{"href":"https:\/\/www.ufmg.br\/dti\/wp-json\/wp\/v2\/posts\/3090","targetHints":{"allow":["GET"]}}],"collection":[{"href":"https:\/\/www.ufmg.br\/dti\/wp-json\/wp\/v2\/posts"}],"about":[{"href":"https:\/\/www.ufmg.br\/dti\/wp-json\/wp\/v2\/types\/post"}],"author":[{"embeddable":true,"href":"https:\/\/www.ufmg.br\/dti\/wp-json\/wp\/v2\/users\/3"}],"replies":[{"embeddable":true,"href":"https:\/\/www.ufmg.br\/dti\/wp-json\/wp\/v2\/comments?post=3090"}],"version-history":[{"count":0,"href":"https:\/\/www.ufmg.br\/dti\/wp-json\/wp\/v2\/posts\/3090\/revisions"}],"wp:attachment":[{"href":"https:\/\/www.ufmg.br\/dti\/wp-json\/wp\/v2\/media?parent=3090"}],"wp:term":[{"taxonomy":"category","embeddable":true,"href":"https:\/\/www.ufmg.br\/dti\/wp-json\/wp\/v2\/categories?post=3090"},{"taxonomy":"post_tag","embeddable":true,"href":"https:\/\/www.ufmg.br\/dti\/wp-json\/wp\/v2\/tags?post=3090"},{"taxonomy":"author","embeddable":true,"href":"https:\/\/www.ufmg.br\/dti\/wp-json\/wp\/v2\/coauthors?post=3090"}],"curies":[{"name":"wp","href":"https:\/\/api.w.org\/{rel}","templated":true}]}}