{"id":3096,"date":"2007-05-31T08:00:00","date_gmt":"2007-05-31T08:00:00","guid":{"rendered":"https:\/\/www.ufmg.br\/dti\/cecom\/?p=1289"},"modified":"2007-05-31T08:00:00","modified_gmt":"2007-05-31T08:00:00","slug":"sistematico-edicao-1338-31052007","status":"publish","type":"post","link":"https:\/\/www.ufmg.br\/dti\/2007\/05\/31\/sistematico-edicao-1338-31052007\/","title":{"rendered":"Sistem\u00e1tico: Edi\u00e7\u00e3o 1338 &#8211; 31\/05\/2007"},"content":{"rendered":"<ul>\n<li><a href=\"\/dti\/#noticias\">Not\u00edcias<\/a>\n<div class='submenuSistematico'>\n<ul>\n<li><a href=\"\/dti\/#anoticias1\"><span class=\"titulo\">TR&Aacute;FEGO     DA INTERNET QUE ENTRA NA UFMG EST&Aacute; A GIGA<\/span><\/a><\/li>\n<li><a href=\"\/dti\/#anoticias2\"><span class=\"titulo\">IAG COMPLETA     10 ANOS<\/span><\/a><\/li>\n<li><a href=\"\/dti\/#anoticias3\"><span class=\"titulo\">CT&amp;IT     ADOTAR&Aacute; O SICCOR PARA CONTROLE DA TRAMITA&Ccedil;&Atilde;O DE DOCUMENTOS<\/span><\/a><\/li>\n<li><a href=\"\/dti\/#anoticias4\" id=\"4\"><span class=\"titulo\">CECOM     REALIZA TESTES COM EQUIPAMENTOS DE VIDEOCONFER&Ecirc;NCIA<\/span><\/a><\/li>\n<li><a href=\"\/dti\/#anoticias5\" id=\"5\"><span class=\"titulo\">CECOM     PARTICIPA DO EVENTO LOTUSPHERE 2007<\/span><\/a><\/li>\n<li><a href=\"\/dti\/#anoticias6\" id=\"6\"><span class=\"titulo\">DAA     PARTICIPA DE TREINAMENTO NO SERPRO<\/span><\/a><\/li>\n<li><a href=\"\/dti\/#anoticias7\" id=\"7\"><span class=\"titulo\">CECOM     DISPONIBILIZA LISTA TELEF&Ocirc;NICA GUIATEL<\/span><\/a><\/li>\n<\/ul>\n<\/div>\n<\/li>\n<li><a href=\"\/dti\/#informativo\">Informativo<\/a>\n<div class='submenuSistematico'>\n<ul>\n<li><a href=\"\/dti\/#ainformativo1\"><span class=\"titulo\">DICAS      DE SITES INTERESSANTES<\/span><br \/>     <\/a><\/li>\n<li><a href=\"\/dti\/#ainformativo2\"><span class=\"titulo\">ESCOLA DE     VETERIN&Aacute;RIA INAUGURA RETRATO DE EX-DIRETOR<\/span><\/a><\/li>\n<li><a href=\"\/dti\/#ainformativo3\"><span class=\"titulo\">UFMG RECEBEU     26.500 INSCRI&Ccedil;&Otilde;ES PARA SEU <em>PROGRAMA DE ISEN&Ccedil;&Atilde;O     DA TAXA DO VESTIBULAR<\/em><\/span><\/a><\/li>\n<li><a href=\"\/dti\/#ainformativo4\" id=\"4\"><span class=\"titulo\">INSCRI&Ccedil;&Otilde;ES     PARA OFICINAS DO FESTIVAL DE INVERNO ABREM NESTA SEXTA-FEIRA<\/span><\/a><\/li>\n<li><a href=\"\/dti\/#ainformativo5\" id=\"5\"><span class=\"titulo\">CIRCULAR     INTERNO TEM NOVO ITINER&Aacute;RIO<\/span><\/a><\/li>\n<li><a href=\"\/dti\/#ainformativo6\" id=\"6\"><img loading=\"lazy\" decoding=\"async\" src=\"https:\/\/www.ufmg.br\/dti\/wp-content\/uploads\/imgs\/tudo_pixel.gif\" width=\"1\" height=\"8\" alt=\"\" border=\"0\"><br \/>    <span class=\"titulo\">H\u00e1 20 anos&#8230;<\/span><\/a><\/li>\n<\/ul>\n<\/div>\n<\/li>\n<li><a href=\"\/dti\/#eventos\">Eventos<\/a>\n<div class='submenuSistematico'>\n<ul>\n<li><a href=\"\/dti\/#aeventos1\"><span class=\"titulo\">SOCIAIS<\/span><\/a><\/li>\n<li><a href=\"\/dti\/#aeventos2\"><span class=\"titulo\">MEM&Oacute;RIA     FOTOGR&Aacute;FICA DO CECOM<\/span><\/a><\/li>\n<\/ul>\n<\/div>\n<\/li>\n<\/ul>\n<p> <a name='noticias'><\/a><\/p>\n<h4>Not\u00edcias<\/h4>\n<div class=\"centro-sistematico\">  <!-- noticias --> <\/p>\n<table border=\"0\" cellspacing=\"0\" cellpadding=\"0\">\n<tr>\n<td><\/td>\n<td><\/td>\n<\/tr>\n<p>  <!-- #BeginEditable \"materias\" -->   <\/p>\n<tr>\n<td align=\"LEFT\" valign=\"TOP\"><\/td>\n<td align=\"LEFT\" valign=\"TOP\"> <a name=\"anoticias1\"><span class=\"titulo\">TR&Aacute;FEGO     DA INTERNET QUE ENTRA NA UFMG EST&Aacute; A GIGA<\/span><\/a> <span class=\"texto\">     <\/p>\n<p>Nesta segunda-feira, 28 de maio, o CECOM e o POP-MG migraram definitivamente      o tr&aacute;fego de entrada da conex&atilde;o da UFMG &agrave; Rede      Ip&ecirc; (backbone da Rede Nacional de Ensino e Pesquisa) para um circuito      de 1 Gbps (gigabits por segundo), decuplicando a banda dispon&iacute;vel.      Durante a semana passada foram feitos testes nos equipamentos de monitoramento      da conex&atilde;o e das listas de acesso (&#8220;firewall&#8221;) que      bloqueiam tr&aacute;fego perigoso.<\/p>\n<p>     A migra&ccedil;&atilde;o, que j&aacute; estava prevista, foi necess&aacute;ria      porque o circuito antigo, de 100 Mbps (megabits por segundo) ficou congestionado      v&aacute;rias vezes durante o m&ecirc;s de maio. O tr&aacute;fego de      sa&iacute;da dever&aacute; ser migrado na pr&oacute;xima semana, t&atilde;o      logo sejam terminados os testes dos filtros de tr&aacute;fego e seja      transferido, da Reitoria para o ICEx, o equipamento que faz a medi&ccedil;&atilde;o      de banda utilizada por cada computador da UFMG.<\/p>\n<p>     Estas atividades est&atilde;o a cargo DRC &#8211; Divis&atilde;o de Redes      de Comunica&ccedil;&atilde;o, e est&atilde;o sendo realizadas por Fernando      Frota Machado de Morais, Paulo Couto Lessa, Adyr Rodrigues Nascimento      e S&iacute;lvio Leonardo Teixeira de Souza Cruz.<\/p>\n<p>    <\/span> <\/td>\n<\/tr>\n<tr>\n<td align=\"LEFT\" valign=\"TOP\"><\/td>\n<td align=\"LEFT\" valign=\"TOP\"> <a name=\"anoticias2\"><span class=\"titulo\">IAG COMPLETA     10 ANOS<\/span><\/a> <span class=\"texto\">     <\/p>\n<p align=\"left\">Conforme tem sido divulgado em O Sistem&aacute;tico e      em diversos outros mecanismos de comunica&ccedil;&atilde;o, a utiliza&ccedil;&atilde;o      da Senha Acad&ecirc;mica pelos alunos da gradua&ccedil;&atilde;o est&aacute;      sendo substitu&iacute;da pelo acesso ao portal <a href=\"http:\/\/minha.ufmg.br\/\"><em>minhaUFMG<\/em><\/a>.      Vide informa&ccedil;&otilde;es no portal em http:\/\/minha.ufmg.br ou,      diretamente, em <a href=\"http:\/\/www.lcc.ufmg.br\/\/flash-de-noticias\/desativacao-da-senha-academica.html\">http:\/\/www.lcc.ufmg.br\/\/flash-de-noticias\/desativacao-da-senha-academica.html<\/a>.      A Senha Acad&ecirc;mica completaria, agora em junho, 10 anos de exist&ecirc;ncia,      junto com o antigo sistema de &#8220;Consulta &agrave;s Informa&ccedil;&otilde;es      Acad&ecirc;micas&#8221;, o atual IAG. <\/p>\n<p>     O sistema original foi desenvolvido de forma pioneira no primeiro semestre      de 1997, sendo inclusive apresentado em congresso da Associa&ccedil;&atilde;o      Nacional de Usu&aacute;rios Unisys. Ele foi desenvolvido pelo CECOM      em parceria com a empresa MSA Infor que, naquela &eacute;poca, testava      o produto CorpWeb, lan&ccedil;ado em seguida no mercado, e que foi &uacute;til      para permitir a integra&ccedil;&atilde;o do ambiente mainframe (na &eacute;poca      a UFMG tinha um computador Unisys A10 dual) com os servi&ccedil;os da      Internet. No CECOM, as respons&aacute;veis pelo projeto foram Maria      de Lourdes Moreira Braga, hoje Diretora da Imprensa Universit&aacute;ria,      e Maria Luciene Diniz Ferreira, tamb&eacute;m ex-ceconiana.<\/p>\n<p align=\"center\"><img decoding=\"async\" src=\"https:\/\/www.ufmg.br\/dti\/wp-content\/uploads\/fotos\/31_05\/iag_antigo.jpg\" height=\"308\"><\/p>\n<p>Apesar do uso da Internet ainda n&atilde;o ser t&atilde;o popular quanto      &eacute; hoje, o sucesso obtido com o lan&ccedil;amento foi bastante      significativo e r&aacute;pido. O DRCA enviou correspond&ecirc;ncias      para as resid&ecirc;ncias de todos os alunos da Gradua&ccedil;&atilde;o,      o que estimulou o uso. Ao final da primeira semana ap&oacute;s seu lan&ccedil;amento,      em 19 de junho de 1997, eram contabilizados 1.782 acessos. Ao final      do primeiro m&ecirc;s, esse n&uacute;mero cresceu para 3.327 acessos.<\/p>\n<p>     O sistema antigo continuou dispon&iacute;vel at&eacute; setembro de      2003, quando foi substitu&iacute;do pelo atual IAG, que hoje &eacute;      acessado por todos os alunos e est&aacute; dispon&iacute;vel para os      alunos no portal minhaUFMG.    <\/p>\n<p align=\"center\"><img loading=\"lazy\" decoding=\"async\" src=\"https:\/\/www.ufmg.br\/dti\/wp-content\/uploads\/fotos\/31_05\/iag_2003.jpg\" width=\"460\" height=\"352\">     <\/p>\n<p>    <\/span> <\/td>\n<\/tr>\n<tr>\n<td align=\"LEFT\" valign=\"TOP\"><\/td>\n<td align=\"LEFT\" valign=\"TOP\"> <a name=\"anoticias3\"><span class=\"titulo\">CT&amp;IT     ADOTAR&Aacute; O SICCOR PARA CONTROLE DA TRAMITA&Ccedil;&Atilde;O DE DOCUMENTOS<\/span><\/a>     <span class=\"texto\">     <\/p>\n<p>Na rela&ccedil;&atilde;o de demandas de desenvolvimento de sistemas,      a serem tratadas pela ATI, em fun&ccedil;&atilde;o das prioridades que      ser&atilde;o definidas pela Reitoria, est&aacute; o novo sistema de      Controle de Processos. Esse sistema, cujo levantamento inicial de informa&ccedil;&otilde;es      foi feito no &uacute;ltimo semestre de 2006, ser&aacute; desenvolvido      em ambiente Web e, como evolu&ccedil;&atilde;o e futuro substituto do      atual AAP, que reside em ambiente mainframe, pretende estabelecer novos      controles e um melhor acompanhamento, tanto por parte da administra&ccedil;&atilde;o,      quanto por parte dos solicitantes, mesmo que externos &agrave; comunidade      atrav&eacute;s do portal minhaUFMG.<\/p>\n<p>     Enquanto este novo sistema de Controle de Processos n&atilde;o &eacute;      desenvolvido e implantado, o CECOM fornece alternativas &agrave;s demandas      de seus usu&aacute;rios. &Eacute; o caso do sistema SICCOR, cuja finalidade      &eacute; o registro e controle de tramita&ccedil;&atilde;o de documentos,      sejam eles processos ou n&atilde;o, estejam eles em meio eletr&ocirc;nico      ou n&atilde;o. O SICCOR &eacute; um sistema gen&eacute;rico, desenvolvido      pela equipe do Centro, sem caracter&iacute;sticas espec&iacute;ficas      que atendam &agrave;s particularidades de cada &oacute;rg&atilde;o que      o utiliza. Atualmente, ele &eacute; utilizado pelo Gabinete, ProRH,      PJ, ProGrad e DRCA. Na semana passada, o sistema foi apresentado por      Carlos Alfeu Furtado da Fonseca e Maximiliano Luiz Souza Guimar&atilde;es      para o Prof. Ruben Dario Sinisterra Millan, Coordenador da CT&amp;IT,      e para o funcion&aacute;rio Cl&aacute;udio Vaz Di Mambro Ribeiro. <\/p>\n<p>     Em fun&ccedil;&atilde;o da avalia&ccedil;&atilde;o positiva do sistema,      quanto &agrave; possibilidade de atendimento de parte das demandas de      tramita&ccedil;&atilde;o de documentos na CT&amp;IT, nesta quinta-feira,      na sala de aulas 2, est&atilde;o sendo treinados os funcion&aacute;rios      Sidcley Lizandro Amaral Ara&uacute;jo, Hudson Fabr&iacute;cio Trindade,      Adriana Moura, Cl&aacute;udio Vaz Di Mambro Ribeiro e Mabel Vieira Soares.      Eles devem iniciar o processo de utiliza&ccedil;&atilde;o do sistema,      ap&oacute;s esse ser configurado com as informa&ccedil;&otilde;es da      estrutura interna da Coordenadoria. O treinamento est&aacute; sendo      aplicado por Maximiliano Luiz Souza Guimar&atilde;es, da equipe da DAS      &#8211; Divis&atilde;o de Desenvolvimento de Sistemas.<\/p>\n<\/p>\n<p>    <\/span><\/td>\n<\/tr>\n<tr>\n<td align=\"LEFT\" valign=\"TOP\"><\/td>\n<td align=\"LEFT\" valign=\"TOP\"> <a name=\"anoticias4\" id=\"4\"><span class=\"titulo\">CECOM     REALIZA TESTES COM EQUIPAMENTOS DE VIDEOCONFER&Ecirc;NCIA<\/span><\/a> <span class=\"texto\">     <\/p>\n<p>O CECOM, em conjunto com as equipes do Laborat&oacute;rio de Computa&ccedil;&atilde;o      Cient&iacute;fica (LCC) e de Tele-Sa&uacute;de do Hospital das Cl&iacute;nicas      (HC) e Faculdade de Medicina, iniciou nesta quinta-feira (31\/05) uma      s&eacute;rie de testes com os equipamentos de v&iacute;deo-confer&ecirc;ncia      da Universidade, utilizando tecnologia ISDN.<\/p>\n<p>     Embora a quase totalidade das video-confer&ecirc;ncias na UFMG se realize      atrav&eacute;s da Internet, utilizando o protocolo IP, em alguns casos      &eacute; necess&aacute;rio ou obrigat&oacute;rio a utiliza&ccedil;&atilde;o      de circuitos ISDN, tecnologia que utiliza linhas telef&ocirc;nicas digitais      e &eacute; imune &agrave; varia&ccedil;&atilde;o de qualidade que pode      ocorrer nas conex&otilde;es IP quando ocorre sobrecarga de tr&aacute;fego.      O objetivo dessa bateria inicial de testes &eacute; verificar a compatibilidade      entre os dispositivos de v&iacute;deo-confer&ecirc;ncia, de marcas e      modelos diferentes, e a central telef&ocirc;nica da UFMG. Ao mesmo tempo,      as equipes est&atilde;o estudando os detalhes de configura&ccedil;&atilde;o      dos equipamentos, de maneira que eles possam ser conectados a linhas      ISDN que funcionam como ramais da central telef&ocirc;nica, em vez de      linhas ISDN externas.<\/p>\n<p>     Os testes est&atilde;o sendo realizados nas instala&ccedil;&otilde;es      do CECOM no subsolo da Reitoria e contam com a presen&ccedil;a de Paulo      Couto Lessa (DRC\/CECOM), Adyr Rodrigues Nascimento (DRC\/CECOM), Emerson      Henrique Kfuri Pereira (DAC\/CECOM), S&eacute;rgio Maur&iacute;cio Oliveira      (LCC), M&aacute;rcio Rodrigo Teixeira de Silva (LCC), Tiago Domingues      de Oliveira (LCC), Marcos Cunha Resende (Medicina), Mauro L&uacute;cio      Silva Faleiro J&uacute;nior (HC) e Guilbert Rey Bastos (HC).<\/p>\n<p>    <\/p>\n<p>    <\/span><\/td>\n<\/tr>\n<tr>\n<td align=\"LEFT\" valign=\"TOP\"><\/td>\n<td align=\"LEFT\" valign=\"TOP\"> <a name=\"anoticias5\" id=\"5\"><span class=\"titulo\">CECOM     PARTICIPA DO EVENTO LOTUSPHERE 2007<\/span><\/a> <span class=\"texto\">     <\/p>\n<p>A Plansis Software organizou, no dia 29\/05, no Ouro Minas Palace, em      Belo Horizonte, a segunda edi&ccedil;&atilde;o brasileira do evento      Lotusphere Comes To You 2007.<\/p>\n<p>     O LCTY 2007 est&aacute; sendo considerado o maior evento de colabora&ccedil;&atilde;o      da IBM no Brasil.<br \/>     Foram apresentadas todas as novas solu&ccedil;&otilde;es de Lotus, como      tamb&eacute;m foram debatidos assuntos como Web 2.0, Colabora&ccedil;&atilde;o      em tempo real, Mobilidade e SOA, al&eacute;m de novas tecnologias, como      Web Services.<\/p>\n<p>     Estiveram presentes, representando a UFMG, Carlos Alfeu Furtado da Fonseca,      diretor do CECOM; prof. M&aacute;rcio Luiz Bunte de Carvalho, diretor      do LCC; Fabiana Costa Pereira, Soraia de Souza Reis, Paulo Henrique      de Ara&uacute;jo Abreu e M&aacute;rcio Migueletto de Andrade, todos      do LCC.<\/p>\n<p>    <\/span> <\/td>\n<\/tr>\n<tr>\n<td align=\"LEFT\" valign=\"TOP\"><\/td>\n<td align=\"LEFT\" valign=\"TOP\"> <a name=\"anoticias6\" id=\"6\"><span class=\"titulo\">DAA     PARTICIPA DE TREINAMENTO NO SERPRO<\/span><\/a> <span class=\"texto\">     <\/p>\n<p>Nos dias 04, 05 e 06 de junho\/2007, o Serpro estar&aacute; ministrando      um treinamento sobre SIASG e ComprasNet &#8211; M&oacute;dulo Cronograma F&iacute;sico-Financeiro,      para fun-cion&aacute;rios p&uacute;blicos federais respons&aacute;veis      pela Contabilidade de sua unidade.<\/p>\n<p>     Estar&atilde;o participando do treinamento as funcion&aacute;rias Alda      Batista e Ana Paula Fonseca de Almeida, da Divis&atilde;o de Apoio Administrativo      (DAA), representando o CECOM.<\/p>\n<p>    <\/span> <\/td>\n<\/tr>\n<tr>\n<td align=\"LEFT\" valign=\"TOP\"><\/td>\n<td align=\"LEFT\" valign=\"TOP\"> <a name=\"anoticias7\" id=\"7\"><span class=\"titulo\">CECOM     DISPONIBILIZA LISTA TELEF&Ocirc;NICA GUIATEL<\/span><\/a> <span class=\"texto\">     <\/p>\n<p>O CECOM tem dispon&iacute;veis para as Unidades do Campus Pampulha      os seguintes cat&aacute;logos telef&ocirc;nicos da Guiatel:<br \/>     &#8211; Lista Telef&ocirc;nica &#8211; Endere&ccedil;os de Belo Horizonte &#8211; Neg&oacute;cios      &#8211; 2006<br \/>     &#8211; Lista de Assinantes de Belo Horizonte &#8211; Neg&oacute;cios &#8211; Volume I      &#8211; 2007<br \/>     &#8211; Lista de Assinantes de Belo Horizonte &#8211; Residencial &#8211; Volume II &#8211;      2007<\/p>\n<p>     As Unidades que necessitarem de exemplares devem entrar em contato com      Haroldo ou D&ocirc;ra, no telefone 3499-4008 ou pelo e-mail <a href=\"mailto:haroldo@cecom.ufmg.br\">haroldo@cecom.ufmg.br<\/a>,      para agendar a entrega de cat&aacute;logos.<\/p>\n<p>    <\/p>\n<p>    <\/span><\/td>\n<\/tr>\n<p>  <!-- #EndEditable -->  <\/table>\n<p> <!-- fim noticias --><\/div>\n<p><a name='informativo'><\/a><\/p>\n<h4>Informativo<\/h4>\n<div class=\"centro-sistematico\">  <!-- noticias --> <\/p>\n<table border=\"0\" cellspacing=\"0\" cellpadding=\"0\">\n<tr>\n<td><\/td>\n<td><\/td>\n<\/tr>\n<p>  <!-- #BeginEditable \"materias\" -->   <\/p>\n<tr>\n<td align=\"LEFT\" valign=\"TOP\"><\/td>\n<td align=\"LEFT\" valign=\"TOP\">\n<p><a name=\"ainformativo1\"><span class=\"titulo\">DICAS      DE SITES INTERESSANTES<\/span><br \/>     <\/a> <img loading=\"lazy\" decoding=\"async\" src=\"https:\/\/www.ufmg.br\/dti\/wp-content\/uploads\/imgs\/tudo_pixel.gif\" width=\"1\" height=\"20\" alt=\"\" border=\"0\"><br \/>     <span class=\"texto\"> Na aus&ecirc;ncia do Adyrus, Bruno (da DAA) enviou      as seguintes dicas:<\/span><\/p>\n<p><span class=\"texto\"><br \/>     &#8211; Uma dica proparoxitonalmente &uacute;til para voc&ecirc;, viciado      em MSN que gosta de viver informado. O MSN Messenger est&aacute; disponibilizando      para os seus usu&aacute;rios o Alerta Windows Live. O servi&ccedil;o      &eacute; gratuito. Voc&ecirc; escolhe os assuntos e o MSN te deixa informado.      O Alerta Windows Live entrega, na faixa, de gra&ccedil;a e absolutamente      sem pagar nada, not&iacute;cias fresquinhas na porta do seu Messenger.      Al&eacute;m de&nbsp;outras firulas, como o MSN in Concert e o Verificador      de Seguran&ccedil;a. Acesse <a href=\"http:\/\/alertas.br.msn.com\/\">http:\/\/alertas.br.msn.com\/<\/a>.<\/p>\n<p>     &#8211; Os Simpsons formam uma das fam&iacute;lias mais engra&ccedil;adas      e festejadas entre os desenhos animados norte-americanos. Completando      a 18&ordf; temporada na TV norte-americana, eles ganham pela primeira      vez uma aventura em longa-metragem, prevista para ficar pronta em meados      de 2007. O site da Apple est&aacute; trazendo o novo trailer do aguardado      Os Simpsons: O Filme. Apesar de engra&ccedil;ado, o trailer n&atilde;o      apresenta nada revelador a respeito da trama do filme. O v&iacute;deo      pode ser assistido no formato Quick Time e em tr&ecirc;s tamanhos diferentes,      acessando <a href=\"http:\/\/www.apple.com\/trailers\/fox\/thesimpsonsmovie\/\">http:\/\/www.apple.com\/trailers\/fox\/thesimpsonsmovie\/<\/a>      . <\/p>\n<p>     &#8211; Voc&ecirc; ainda &#8220;upa&#8221; os arquivos do seu site para o      Rapidshare? Melhor mudar de id&eacute;ia. O Easy Share hospeda seus      arquivos &#8220;di gr&aacute;tis&#8221; e voc&ecirc; ainda ganha grana      quando fizerem download. Para cada 1000 downloads, voc&ecirc; ganha      US$ 1. Parece merreca mas n&atilde;o &eacute; n&atilde;o. No final do      m&ecirc;s, d&aacute; um dinheirinho bonito! Acesse <a href=\"http:\/\/www.easy-share.com\/cgi-bin\/owner.cgi?action=ref&amp;id=10413\">http:\/\/www.easy-share.com\/cgi-bin\/owner.cgi?action=ref&amp;id=10413<\/a>      .<br \/>     <\/span><\/p>\n<p><span class=\"texto\"><br \/>     <\/span>    <\/p>\n<\/td>\n<\/tr>\n<tr>\n<td align=\"LEFT\" valign=\"TOP\"><\/td>\n<td align=\"LEFT\" valign=\"TOP\"><a name=\"ainformativo2\"><span class=\"titulo\">ESCOLA DE     VETERIN&Aacute;RIA INAUGURA RETRATO DE EX-DIRETOR<\/span><\/a> <span class=\"texto\">     <\/p>\n<p>Ser&aacute; realizado no dia 14 de junho\/2007, na Escola de Veterin&aacute;ria      da UFMG, o descerramento do retrato do prof. Roberto Baracat de Ara&uacute;jo,      diretor daquela unidade na gest&atilde;o 2002\/2006.<\/p>\n<p align=\"center\"><img loading=\"lazy\" decoding=\"async\" src=\"https:\/\/www.ufmg.br\/dti\/wp-content\/uploads\/fotos\/31_05\/baracat.jpg\" width=\"400\" height=\"287\"><\/p>\n<p> O evento est&aacute; marcado para as 11h, na Galeria localizada na      ante-sala da diretoria da escola.<\/p>\n<p>    <\/span> <\/td>\n<\/tr>\n<tr>\n<td align=\"LEFT\" valign=\"TOP\"><\/td>\n<td align=\"LEFT\" valign=\"TOP\"><a name=\"ainformativo3\"><span class=\"titulo\">UFMG RECEBEU     26.500 INSCRI&Ccedil;&Otilde;ES PARA SEU <em>PROGRAMA DE ISEN&Ccedil;&Atilde;O     DA TAXA DO VESTIBULAR<\/em><\/span><\/a> <span class=\"texto\">     <\/p>\n<p>A UFMG registrou, at&eacute; o dia 25 de maio, 26.500 inscri&ccedil;&otilde;es      ao Programa de Isen&ccedil;&atilde;o da Taxa de Inscri&ccedil;&atilde;o      do Vestibular. O benef&iacute;cio destina-se &agrave;s pessoas que,      ao apresentarem documenta&ccedil;&atilde;o exigida para an&aacute;lise      de especialistas da UFMG, comprovem a impossibilidade de arcar com a      taxa de inscri&ccedil;&atilde;o, que no ano passado foi de R$ 115. <\/p>\n<p>     Segundo o professor Antonio Zumpano, coordenador adjunto do Vestibular      da UFMG, h&aacute; previs&atilde;o de que os n&uacute;meros cheguem      a 27 mil inscri&ccedil;&otilde;es. O n&uacute;mero &eacute; cerca de      10% maior do que no ano passado, quando 23.888 pessoas se inscreveram      no Programa. &#8220;O aumento do n&uacute;mero de inscritos contraria      a tend&ecirc;ncia de queda dos &uacute;ltimos anos. Para esta edi&ccedil;&atilde;o,      a venda de kits do programa e o volume de inscri&ccedil;&otilde;es foram      maiores devido &agrave; intensifica&ccedil;&atilde;o, nas escolas e      outros espa&ccedil;os p&uacute;blicos, de nossa campanha de divulga&ccedil;&atilde;o&#8220;,      explica.<\/p>\n<p>     Para esta edi&ccedil;&atilde;o, em parceria com o Centro de Comunica&ccedil;&atilde;o      (Cedecom) da UFMG, a Copeve ampliou a publicidade em torno do Programa.      Al&eacute;m da distribui&ccedil;&atilde;o de 6 mil cartazes da iniciativa      nas escolas mineiras, foram feitos outdoors, busdoors e spots de r&aacute;dio      em todo o Estado. Em termos de vendas de kits da iniciativa, os n&uacute;meros      passaram de 30 para 40 mil volumes comprados pelos candidatos. <\/p>\n<p>     <strong>Inscri&ccedil;&otilde;es<\/strong> &#8211; Para se inscrever no Programa,      os interessados tiveram que comprar, por R$ 1,50, o Kit-Isen&ccedil;&atilde;o,      que trazia o formul&aacute;rio de preenchimento, o edital e todas as      informa&ccedil;&otilde;es sobre a iniciativa. &#8220;Neste ano, o candidato      contou com informa&ccedil;&otilde;es sobre os &uacute;ltimos Vestibulares,      como rela&ccedil;&atilde;o candidato\/vaga, e a respeito dos programas      de assist&ecirc;ncia da Fump&#8221;, explica Regina L&uacute;cia Silva      Rezende, coordenadora t&eacute;cnica do Programa.<\/p>\n<p>     <strong>Resultado<\/strong> &#8211; O resultado do Programa de Isen&ccedil;&atilde;o      sai no dia 6 de agosto. Para saber se foi beneficiado, os candidatos      devem acessar o endere&ccedil;o eletr&ocirc;nico da Comiss&atilde;o      Permanente do Vestibular (Copeve) &#8211; www.ufmg.br\/copeve -, procurar a      Copeve no campus Pampulha (avenida Ant&ocirc;nio Carlos, 6.627 &#8211; Unidade      Administrativa 3) ou ligar para (31) 3499-6700.<\/p>\n<p>     (Fonte: <a href=\"http:\/\/www.ufmg.br\/online\/arquivos\/005860.shtml\">http:\/\/www.ufmg.br\/online\/arquivos\/005860.shtml<\/a>      &#8211; 25\/05\/2007)    <\/p>\n<p>    <\/span><\/td>\n<\/tr>\n<tr>\n<td align=\"LEFT\" valign=\"TOP\"><\/td>\n<td align=\"LEFT\" valign=\"TOP\"><a name=\"ainformativo4\" id=\"4\"><span class=\"titulo\">INSCRI&Ccedil;&Otilde;ES     PARA OFICINAS DO FESTIVAL DE INVERNO ABREM NESTA SEXTA-FEIRA<\/span><\/a>     <span class=\"texto\">     <\/p>\n<p>Nesta sexta-feira, 1&ordm; de junho, abrem-se as inscri&ccedil;&otilde;es      para as 46 oficinas da 39&ordf; edi&ccedil;&atilde;o do Festival de      Inverno da UFMG, que acontece de de 15 a 28 de julho, em Diamantina      (MG). O evento, que este ano gira em torno do conceito Territ&oacute;rios      Contempor&acirc;neos &#8211; Linguagens H&iacute;bridas, contar&aacute;, al&eacute;m      das oficinas &#8211; inicia&ccedil;&atilde;o, atualiza&ccedil;&atilde;o e      h&iacute;bridas -, com mostras, exposi&ccedil;&otilde;es, instala&ccedil;&otilde;es      e workshops.<\/p>\n<p>     As inscri&ccedil;&otilde;es para as oficinas do Festival v&atilde;o      at&eacute; 12 de junho. J&aacute; o resultado da sele&ccedil;&atilde;o      dos candidatos ser&aacute; divulgado no site (<a href=\"http:\/\/www.fundep.ufmg.br\">www.fundep.ufmg.br<\/a>)      e nos postos de atendimento da Funda&ccedil;&atilde;o de Desenvolvimento      da Pesquisa (Fundep) -, no dia 15 de junho. As matr&iacute;culas para      oficina sem sele&ccedil;&atilde;o acontecem de 18 de junho a 6 de julho      e a taxa &eacute; de R$30. Crian&ccedil;as pagam R$15. <\/p>\n<p>     Mais informa&ccedil;&otilde;es pelo telefone (31) 3499-4220.<\/p>\n<p>     (Fonte: <a href=\"http:\/\/www.ufmg.br\/online\/arquivos\/005888.shtml\">http:\/\/www.ufmg.br\/online\/arquivos\/005888.shtml<\/a>      &#8211; 30\/05\/2007)<\/p>\n<p>    <\/span><\/td>\n<\/tr>\n<tr>\n<td align=\"LEFT\" valign=\"TOP\"><\/td>\n<td align=\"LEFT\" valign=\"TOP\"><a name=\"ainformativo5\" id=\"5\"><span class=\"titulo\">CIRCULAR     INTERNO TEM NOVO ITINER&Aacute;RIO<\/span><\/a> <span class=\"texto\">     <\/p>\n<p>A linha B1 do &ocirc;nibus circular interno foi refor&ccedil;ada para      atender aos usu&aacute;rios do restaurante Setorial II. Denominada Linha      B1\/Setorial II, circula em tr&ecirc;s hor&aacute;rios adicionais &#8211; 11h30,      12h15 e 12h50 &#8211; e passa a obedecer o seguinte itiner&aacute;rio: Escola      de Belas-Artes &#8211; Av. Mendes Pimentel at&eacute; o retorno em frente      &agrave; Reitoria &#8211; Fafich &#8211; Escola de Ci&ecirc;ncia da Informa&ccedil;&atilde;o      &#8211; Faculdade de Letras &#8211; Creche &#8211; Centro Pedag&oacute;gico &#8211; Faculdade      de Educa&ccedil;&atilde;o &#8211; Instituto de Geoci&ecirc;ncias &#8211; Pra&ccedil;a      de Servi&ccedil;os &#8211; Biblioteca Central &#8211; Instituto de Ci&ecirc;ncias      Biol&oacute;gicas &#8211; Faculdade de Farm&aacute;cia &#8211; Escola de Veterin&aacute;ria      &#8211; Faculdade de Odontologia &#8211; Escola de Educa&ccedil;&atilde;o F&iacute;sica,      Fisioterapia e Terapia Ocupacional &#8211; Retorno na Usiminas &#8211; Escola de      Educa&ccedil;&atilde;o F&iacute;sica, Fisioterapia e Terapia Ocupacional      &#8211; Faculdade de Odontologia &#8211; Escola de Veterin&aacute;ria &#8211; Faculdade      de Farm&aacute;cia &#8211; Setorial II &#8211; Instituto de Ci&ecirc;ncias Exatas      &#8211; Col&eacute;gio T&eacute;cnico &#8211; Institito de Geoci&ecirc;ncias &#8211; Almoxarifado      Central (Setorial I) &#8211; Faculdade de Educa&ccedil;&atilde;o &#8211; Centro      Pedag&oacute;gico &#8211; Creche &#8211; Escola de Belas-Artes.<\/p>\n<p>     O quadro geral dos itiner&aacute;rios e hor&aacute;rios do &ocirc;nibus      circular interno do campus Pampulha se encontra no endere&ccedil;o http:\/\/www.ufmg.br\/servicos\/onibus.shtml<\/p>\n<p>     Outras d&uacute;vidas, sugest&otilde;es ou reclama&ccedil;&otilde;es      poder&atilde;o ser encaminhadas diretamente &agrave; Divis&atilde;o      de Transportes (Ditra), do Departamento de Servi&ccedil;os Gerais (DSG)      pelos telefones 3499-4601 e 3499-4606 ou para o e-mail sfrota@dsg.ufmg.br.<\/p>\n<p>     (Fonte: <a href=\"http:\/\/www.ufmg.br\/online\/arquivos\/005853.shtml\">http:\/\/www.ufmg.br\/online\/arquivos\/005853.shtml<\/a>      &#8211; 25\/05\/2007)<\/p>\n<p>    <\/span><\/td>\n<\/tr>\n<p>  <!-- #EndEditable -->  <\/table>\n<p> <!-- fim noticias --> <!-- tabela ha 20 anos --> <\/p>\n<table border=\"0\" cellspacing=\"0\" cellpadding=\"0\" class=\"cinza\">\n<tr>\n<td><img loading=\"lazy\" decoding=\"async\" src=\"https:\/\/www.ufmg.br\/dti\/wp-content\/uploads\/imgs\/tudo_pixel.gif\" width=\"1\" height=\"1\" alt=\"\" border=\"0\"><\/td>\n<td><img loading=\"lazy\" decoding=\"async\" src=\"https:\/\/www.ufmg.br\/dti\/wp-content\/uploads\/imgs\/tudo_pixel.gif\" width=\"19\" height=\"1\" alt=\"\" border=\"0\"><\/td>\n<td><img loading=\"lazy\" decoding=\"async\" src=\"https:\/\/www.ufmg.br\/dti\/wp-content\/uploads\/imgs\/tudo_pixel.gif\" width=\"510\" height=\"1\" alt=\"\" border=\"0\"><\/td>\n<td><img loading=\"lazy\" decoding=\"async\" src=\"https:\/\/www.ufmg.br\/dti\/wp-content\/uploads\/imgs\/tudo_pixel.gif\" width=\"19\" height=\"1\" alt=\"\" border=\"0\"><\/td>\n<td><img loading=\"lazy\" decoding=\"async\" src=\"https:\/\/www.ufmg.br\/dti\/wp-content\/uploads\/imgs\/tudo_pixel.gif\" width=\"1\" height=\"1\" alt=\"\" border=\"0\"><\/td>\n<\/tr>\n<tr>\n<td class=\"vermelho\" colspan=\"5\"><img loading=\"lazy\" decoding=\"async\" src=\"https:\/\/www.ufmg.br\/dti\/wp-content\/uploads\/imgs\/tudo_pixel.gif\" width=\"1\" height=\"1\" alt=\"\" border=\"0\"><\/td>\n<\/tr>\n<tr>\n<td class=\"vermelho\"><img loading=\"lazy\" decoding=\"async\" src=\"https:\/\/www.ufmg.br\/dti\/wp-content\/uploads\/imgs\/tudo_pixel.gif\" width=\"1\" height=\"1\" alt=\"\" border=\"0\"><\/td>\n<td><img loading=\"lazy\" decoding=\"async\" src=\"https:\/\/www.ufmg.br\/dti\/wp-content\/uploads\/imgs\/tudo_pixel.gif\" width=\"1\" height=\"1\" alt=\"\" border=\"0\"><\/td>\n<td align=\"LEFT\" valign=\"TOP\"><!-- #BeginEditable \"ha 20 anos\" --><a name=\"ainformativo6\" id=\"6\"><img loading=\"lazy\" decoding=\"async\" src=\"https:\/\/www.ufmg.br\/dti\/wp-content\/uploads\/imgs\/tudo_pixel.gif\" width=\"1\" height=\"8\" alt=\"\" border=\"0\"><br \/>    <span class=\"titulo\">H\u00e1 20 anos&#8230;<\/span><\/a> <span class=\"texto\">     <\/p>\n<p>O Sistem&aacute;tico Ano XI, no 21, de 04\/06\/1987, publicou not&iacute;cias      sobre Norma de Freq&uuml;&ecirc;ncia, Norma de Manuten&ccedil;&atilde;o      de Micros, curso DMS II, sele&ccedil;&atilde;o de bolsistas, sa&iacute;da      da bolsista Mutsuko Usuda, entre outras. A not&iacute;cia que se destacou      foi:<\/p>\n<p><strong>PLANO DE CONTING&Ecirc;NCIA<\/strong><font face=\"1\"><br \/>     Regina Helena Moura Brandi e Maria de Lourdes Moreira Braga, da Divis&atilde;o      de Desenvolvimento de Sistemas, estar&atilde;o fazendo amanh&atilde;,      sexta-feira, uma apresenta&ccedil;&atilde;o sobre Plano de Conting&ecirc;ncia.      O assunto foi visto por elas durante o Simp&oacute;sio de Auditoria,      Controle e Prote&ccedil;&atilde;o em Processamento Eletr&ocirc;nico      de Dados, realizado em Belo Horizonte, nos dias 07 e 08 de abril\/87.      A apresenta&ccedil;&atilde;o ser&aacute; no hor&aacute;rio de 9h30 &agrave;s      11h30 para todos do CECOM, na Sala de Aulas do 8o andar.<\/font><\/p>\n<p>    <\/span><!-- #EndEditable --><br \/>     <img loading=\"lazy\" decoding=\"async\" src=\"https:\/\/www.ufmg.br\/dti\/wp-content\/uploads\/imgs\/tudo_pixel.gif\" width=\"1\" height=\"8\" alt=\"\" border=\"0\"><\/td>\n<td><img loading=\"lazy\" decoding=\"async\" src=\"https:\/\/www.ufmg.br\/dti\/wp-content\/uploads\/imgs\/tudo_pixel.gif\" width=\"1\" height=\"1\" alt=\"\" border=\"0\"><\/td>\n<td class=\"vermelho\"><img loading=\"lazy\" decoding=\"async\" src=\"https:\/\/www.ufmg.br\/dti\/wp-content\/uploads\/imgs\/tudo_pixel.gif\" width=\"1\" height=\"1\" alt=\"\" border=\"0\"><\/td>\n<\/tr>\n<tr>\n<td class=\"vermelho\" colspan=\"5\"><img loading=\"lazy\" decoding=\"async\" src=\"https:\/\/www.ufmg.br\/dti\/wp-content\/uploads\/imgs\/tudo_pixel.gif\" width=\"1\" height=\"1\" alt=\"\" border=\"0\"><\/td>\n<\/tr>\n<\/table>\n<p> <!-- fim tabela ha 20 anos --><\/div>\n<p><a name='eventos'><\/a><\/p>\n<h4>Eventos<\/h4>\n<div class=\"centro-sistematico\">  <!-- noticias --> <\/p>\n<table border=\"0\" cellspacing=\"0\" cellpadding=\"0\">\n<tr>\n<td><\/td>\n<td><\/td>\n<\/tr>\n<p>  <!-- #BeginEditable \"materias\" -->   <\/p>\n<tr>\n<td align=\"LEFT\" valign=\"TOP\"><\/td>\n<td align=\"LEFT\" valign=\"TOP\"> <a name=\"aeventos1\"><span class=\"titulo\">SOCIAIS<\/span><\/a>     <span class=\"texto\">     <\/p>\n<p><strong>ANIVERS&Aacute;RIOS:<\/strong> <em>&#8220;O Sistem&aacute;tico&#8221;      envia os parab&eacute;ns para Diogo Freitas Duarte Magalh&atilde;es,      hoje, dia 31; Gerson Edson Machado de Sousa e Ant&ocirc;nio Carlos Soares,      no dia 1o de junho; Tereza Cristina Andrade Oliveira, no dia 03; e Mar&iacute;lia      Pereira Martins, no dia 05. Os parab&eacute;ns para os ex-ceconianos:      Alcy Penido de Souza, no dia 31; Cleuza Maria Bento (QQ) e Cant&iacute;dio      Lelis Pereira, no dia 02; Regina C&eacute;lia Teixeira, e Paulo C&eacute;sar      Marciano de Oliveira, no dia 03; Rainer Brockerhoff e Rosana de Melo      Faria, no dia 06; e Nat&aacute;lia Cristina Martins, no dia 07.<\/em><\/p>\n<p>    <\/span><em><br \/>    <\/em><\/td>\n<\/tr>\n<tr>\n<td align=\"LEFT\" valign=\"TOP\"><\/td>\n<td align=\"LEFT\" valign=\"TOP\"><a name=\"aeventos2\"><span class=\"titulo\">MEM&Oacute;RIA     FOTOGR&Aacute;FICA DO CECOM<\/span><\/a> <span class=\"texto\">     <\/p>\n<p>Mais um lote de fotos da despedida, organizada pelo CECOM, para Regina      Helena Moura Brandi. Regininha se aposentou em abril &uacute;ltimo e      teve uma festa surpresa no dia 17\/05\/2007. As fotos s&atilde;o de autoria      de Bruno Santos.<\/p>\n<p>    <\/span> <\/p>\n<p align=\"center\"><font face=\"1\"><img loading=\"lazy\" decoding=\"async\" src=\"https:\/\/www.ufmg.br\/dti\/wp-content\/uploads\/fotos\/31_05\/desp01.jpg\" width=\"450\" height=\"338\"><br \/>     A organiza&ccedil;&atilde;o das mesas ficou por conta da Vicentina<\/font><\/p>\n<p align=\"center\"><font face=\"1\"><img loading=\"lazy\" decoding=\"async\" src=\"https:\/\/www.ufmg.br\/dti\/wp-content\/uploads\/fotos\/31_05\/desp02.jpg\" width=\"450\" height=\"253\"><br \/>     Ana Paula, Pedro, &Eacute;rica, Beatriz e Selma<\/font><\/p>\n<p align=\"center\"><font face=\"1\"><img loading=\"lazy\" decoding=\"async\" src=\"https:\/\/www.ufmg.br\/dti\/wp-content\/uploads\/fotos\/31_05\/desp03.jpg\" width=\"450\" height=\"338\"><br \/>     Rui, Regininha e Carlos Alfeu.<br \/>     Ao fundo: Gilmar, M&aacute;rio, Gerson e Renatinha<\/font><\/p>\n<p align=\"center\"><font face=\"1\"><img loading=\"lazy\" decoding=\"async\" src=\"https:\/\/www.ufmg.br\/dti\/wp-content\/uploads\/fotos\/31_05\/desp04.jpg\" width=\"450\" height=\"338\"><br \/>     Carlos Roberto, Emerson, Max, Michele (de costas) e Prof. Paulo Seixas<\/font><\/p>\n<p align=\"center\"><font face=\"1\"><img loading=\"lazy\" decoding=\"async\" src=\"https:\/\/www.ufmg.br\/dti\/wp-content\/uploads\/fotos\/31_05\/desp05.jpg\" width=\"450\" height=\"338\"><br \/>     Uma vis&atilde;o geral da sala do caf&eacute;<\/font><\/p>\n<p align=\"center\"><font face=\"1\"><img loading=\"lazy\" decoding=\"async\" src=\"https:\/\/www.ufmg.br\/dti\/wp-content\/uploads\/fotos\/31_05\/desp06.jpg\" width=\"450\" height=\"221\"><br \/>     Thiago Tadeu, Gerson. Ao fundo: <br \/>     Rui, Beatriz, Michele, Carlos Alfeu, Emerson, Denise, Paulo Lessa, Ant&ocirc;nio      Carlos e Diogo.<\/font><\/p>\n<p align=\"center\">&nbsp;<\/p>\n<p><\/td>\n<\/tr>\n<p>  <!-- #EndEditable -->  <\/table>\n<p> <!-- fim noticias --><\/div>\n","protected":false},"excerpt":{"rendered":"<p>Not\u00edcias TR&Aacute;FEGO DA INTERNET QUE ENTRA NA UFMG EST&Aacute; A GIGA IAG COMPLETA 10 ANOS CT&amp;IT ADOTAR&Aacute; O SICCOR PARA CONTROLE DA TRAMITA&Ccedil;&Atilde;O DE DOCUMENTOS CECOM REALIZA TESTES COM EQUIPAMENTOS DE VIDEOCONFER&Ecirc;NCIA CECOM PARTICIPA DO EVENTO LOTUSPHERE 2007 DAA PARTICIPA DE TREINAMENTO NO SERPRO CECOM DISPONIBILIZA LISTA TELEF&Ocirc;NICA GUIATEL Informativo DICAS DE SITES INTERESSANTES ESCOLA &#8230; <a title=\"Sistem\u00e1tico: Edi\u00e7\u00e3o 1338 &#8211; 31\/05\/2007\" class=\"read-more\" href=\"https:\/\/www.ufmg.br\/dti\/2007\/05\/31\/sistematico-edicao-1338-31052007\/\" aria-label=\"Read more about Sistem\u00e1tico: Edi\u00e7\u00e3o 1338 &#8211; 31\/05\/2007\">Ler mais<\/a><\/p>\n","protected":false},"author":3,"featured_media":0,"comment_status":"open","ping_status":"open","sticky":false,"template":"","format":"standard","meta":{"inline_featured_image":false,"footnotes":""},"categories":[13],"tags":[],"coauthors":[79],"class_list":["post-3096","post","type-post","status-publish","format-standard","hentry","category-sistematico"],"_links":{"self":[{"href":"https:\/\/www.ufmg.br\/dti\/wp-json\/wp\/v2\/posts\/3096","targetHints":{"allow":["GET"]}}],"collection":[{"href":"https:\/\/www.ufmg.br\/dti\/wp-json\/wp\/v2\/posts"}],"about":[{"href":"https:\/\/www.ufmg.br\/dti\/wp-json\/wp\/v2\/types\/post"}],"author":[{"embeddable":true,"href":"https:\/\/www.ufmg.br\/dti\/wp-json\/wp\/v2\/users\/3"}],"replies":[{"embeddable":true,"href":"https:\/\/www.ufmg.br\/dti\/wp-json\/wp\/v2\/comments?post=3096"}],"version-history":[{"count":0,"href":"https:\/\/www.ufmg.br\/dti\/wp-json\/wp\/v2\/posts\/3096\/revisions"}],"wp:attachment":[{"href":"https:\/\/www.ufmg.br\/dti\/wp-json\/wp\/v2\/media?parent=3096"}],"wp:term":[{"taxonomy":"category","embeddable":true,"href":"https:\/\/www.ufmg.br\/dti\/wp-json\/wp\/v2\/categories?post=3096"},{"taxonomy":"post_tag","embeddable":true,"href":"https:\/\/www.ufmg.br\/dti\/wp-json\/wp\/v2\/tags?post=3096"},{"taxonomy":"author","embeddable":true,"href":"https:\/\/www.ufmg.br\/dti\/wp-json\/wp\/v2\/coauthors?post=3096"}],"curies":[{"name":"wp","href":"https:\/\/api.w.org\/{rel}","templated":true}]}}