{"id":3100,"date":"2007-04-26T08:00:00","date_gmt":"2007-04-26T08:00:00","guid":{"rendered":"https:\/\/www.ufmg.br\/dti\/cecom\/?p=1294"},"modified":"2007-04-26T08:00:00","modified_gmt":"2007-04-26T08:00:00","slug":"sistematico-edicao-1333-26042007","status":"publish","type":"post","link":"https:\/\/www.ufmg.br\/dti\/2007\/04\/26\/sistematico-edicao-1333-26042007\/","title":{"rendered":"Sistem\u00e1tico: Edi\u00e7\u00e3o 1333 &#8211; 26\/04\/2007"},"content":{"rendered":"<ul>\n<li><a href=\"\/dti\/#noticias\">Not\u00edcias<\/a>\n<div class='submenuSistematico'>\n<ul>\n<li><a href=\"\/dti\/#anoticias1\"><span class=\"titulo\">ATI PARTICIPA     DO PROJETO INCLUIR\n<p>    <\/span><\/a><\/li>\n<li><a href=\"\/dti\/#anoticias2\"><span class=\"titulo\">PROGRAMADO     CORTE DE ENERGIA NA UFMG<\/span><\/a><\/li>\n<li><a href=\"\/dti\/#anoticias3\"><span class=\"titulo\">MEDALHA     DA INCONFID&Ecirc;NCIA &Eacute; CONCEDIDA A MEMBROS DA COMUNIDADE ACAD&Ecirc;MICA<\/span><\/a><\/li>\n<\/ul>\n<\/div>\n<\/li>\n<li><a href=\"\/dti\/#informativo\">Informativo<\/a>\n<div class='submenuSistematico'>\n<ul>\n<li><a href=\"\/dti\/#ainformativo1\"><span class=\"titulo\">DICAS      DE SITES INTERESSANTES<\/span><br \/>     <\/a><\/li>\n<li><a href=\"\/dti\/#ainformativo2\"><span class=\"titulo\">NOT&Iacute;CIAS     DO BOLETIM DO CLUBE DO HARDWARE<\/span><\/a><\/li>\n<li><a href=\"\/dti\/#ainformativo3\"><span class=\"titulo\">UFMG PROMOVE     MOSTRA DAS PROFISS&Otilde;ES<\/span><\/a><\/li>\n<li><a href=\"\/dti\/#ainformativo4\" id=\"4\"><span class=\"titulo\">PRORH     CONVIDA SERVIDORES E PROFESSORES PARA REUNI&Atilde;O SOBRE PROGRAMA DE     MORADIA<\/span><\/a><\/li>\n<li><a href=\"\/dti\/#ainformativo5\" id=\"5\"><span class=\"titulo\">&Ocirc;NIBUS     INTERNO CIRCULA COM HOR&Aacute;RIO DE F&Eacute;RIAS NA SEGUNDA<\/span><\/a><\/li>\n<li><a href=\"\/dti\/#ainformativo6\" id=\"6\"><span class=\"titulo\">FERIADO<\/span><\/a><\/li>\n<li><a href=\"\/dti\/#ainformativo7\" id=\"7\"><img loading=\"lazy\" decoding=\"async\" src=\"https:\/\/www.ufmg.br\/dti\/wp-content\/uploads\/imgs\/tudo_pixel.gif\" width=\"1\" height=\"8\" alt=\"\" border=\"0\"><br \/>    <span class=\"titulo\">H\u00e1 20 anos&#8230;<\/span><\/a><\/li>\n<\/ul>\n<\/div>\n<\/li>\n<li><a href=\"\/dti\/#eventos\">Eventos<\/a>\n<div class='submenuSistematico'>\n<ul>\n<li><a href=\"\/dti\/#aeventos1\"><span class=\"titulo\">SOCIAIS<\/span><\/a><\/li>\n<li><a href=\"\/dti\/#aeventos2\"><span class=\"titulo\">MEM&Oacute;RIA     FOTOGR&Aacute;FICA DO CECOM<\/span><\/a><\/li>\n<\/ul>\n<\/div>\n<\/li>\n<\/ul>\n<p> <a name='noticias'><\/a><\/p>\n<h4>Not\u00edcias<\/h4>\n<div class=\"centro-sistematico\">  <!-- noticias --> <\/p>\n<table border=\"0\" cellspacing=\"0\" cellpadding=\"0\">\n<tr>\n<td><\/td>\n<td><\/td>\n<\/tr>\n<p>  <!-- #BeginEditable \"materias\" -->   <\/p>\n<tr>\n<td align=\"LEFT\" valign=\"TOP\"><\/td>\n<td align=\"LEFT\" valign=\"TOP\"> <a name=\"anoticias1\"><span class=\"titulo\">ATI PARTICIPA     DO PROJETO INCLUIR<\/p>\n<p>    <\/span><\/a> <span class=\"texto\"> <img loading=\"lazy\" decoding=\"async\" src=\"https:\/\/www.ufmg.br\/dti\/wp-content\/uploads\/fotos\/26_04\/incluir.GIF\" width=\"112\" height=\"86\">     A ATI, atrav&eacute;s do CECOM,est&aacute; colaborando com o <strong>Projeto     Incluir da UFMG<\/strong> na aquisi&ccedil;&atilde;o de uma impressora     Braille e de uma lupa eletr&ocirc;nica manual com amplia&ccedil;&atilde;o     de 14 a 50 vezes em TV de 20&#8221;. O processo da aquisi&ccedil;&atilde;o     j&aacute; se encontra na Procuradoria Jur&iacute;dica para an&aacute;lise     e emiss&atilde;o de parecer jur&iacute;dico.<\/p>\n<p>    Desde que foi criada em 1927, a UFMG se destaca pela busca da excel&ecirc;ncia     no ensino, na pesquisa e na extens&atilde;o, trabalhando na concep&ccedil;&atilde;o     de intera&ccedil;&atilde;o entre universidade e sociedade. Preocupada     com o acesso e perman&ecirc;ncia de diversos segmentos no processo de     ensino e aprendizagem, tem procurado aperfei&ccedil;oar os mecanismos     j&aacute; existentes e implementar novas pol&iacute;ticas de inclus&atilde;o     social, dentre elas, o apoio, a inser&ccedil;&atilde;o e a perman&ecirc;ncia     de pessoas com defici&ecirc;ncia na universidade, garantindo a equipara&ccedil;&atilde;o     de oportunidades.<\/p>\n<p>    Neste contexto, a proposta da UFMG com o Projeto Incluir prev&ecirc; a     aquisi&ccedil;&atilde;o de equipamentos para atendimento aos deficientes     visuais (cegos e vis&atilde;o subnormal), instala&ccedil;&atilde;o de     plataforma na Faculdade de Odontologia e rampa de acesso no Centro Esportivo     Universit&aacute;rio (CEU) para pessoas com dificuldade de locomo&ccedil;&atilde;o     e deficientes f&iacute;sicos. <\/p>\n<p>    Os objetivos do projeto incluem:<br \/>    &#8211; Criar mecanismos que auxiliem a acessibilidade de pessoas com defici&ecirc;ncia     &agrave; universidade;<br \/>    &#8211; Contribuir para assegurar a aplica&ccedil;&atilde;o de pol&iacute;ticas     p&uacute;blicas;<br \/>    &#8211; Adequar a infra-estrutura f&iacute;sica para mobilidade das pessoas     com defici&ecirc;ncia;<br \/>    &#8211; Facilitar o acesso as depend&ecirc;ncias do pr&eacute;dio da Faculdade     de Odontologia .<br \/>    &#8211; Democratizar o acesso &agrave; informa&ccedil;&atilde;o, leitura e cultura     adquirindo equipamentos para atendimento aos deficientes visuais.<br \/>    &#8211; Adaptar a entrada do Centro Esportivo Universit&aacute;rio (CEU) &agrave;s     condi&ccedil;&otilde;es de acessibilidade, de acordo com a norma NBR 9050     de 2004.<\/p>\n<p>    A relev&acirc;ncia desta proposta &eacute; a consolida&ccedil;&atilde;o     de pol&iacute;ticas de inclus&atilde;o de uma parcela significativa da     sociedade que somente a partir dos meados dos anos 90 vem conseguindo     assegurar, de forma gradativa, os seus direitos enquanto cidad&atilde;os     inseridos em um determinado contexto hist&oacute;rico. E, para que a universidade     cumpra cada vez mais o seu papel social e possa adequar &agrave;s exig&ecirc;ncias     de uma sociedade aberta a diversidade, que pretende eliminar preconceitos     e barreiras preconizando o respeito &agrave;s diferen&ccedil;as e, assegurando     o pleno exerc&iacute;cio da cidadania ao mesmo tempo que preserva a cultura     e aprimora a rela&ccedil;&atilde;o entre o cidad&atilde;o e o poder p&uacute;blico     faz-se necess&aacute;rio a adequa&ccedil;&atilde;o dos seus espa&ccedil;os     f&iacute;sicos e a aquisi&ccedil;&atilde;o de equipamentos que possibilitem     uma intera&ccedil;&atilde;o cada vez maior entre a pessoa com defici&ecirc;ncia     e a sociedade, viabilizando as trocas sociais e\/ou capacitando-as na sua     vida acad&ecirc;mica e para o mercado de trabalho.<\/p>\n<p>    Assim, a aquisi&ccedil;&atilde;o de equipamentos para atendimento aos     deficientes visuais (cegos e vis&atilde;o subnormal) permitir&aacute;     que tais estudantes e servidores utilizem o material did&aacute;tico e     outros tipos de informa&ccedil;&atilde;o em seu processo de forma&ccedil;&atilde;o     e qualifica&ccedil;&atilde;o. A instala&ccedil;&atilde;o de plataforma     na Faculdade de Odontologia e rampa no Centro Esportivo Universit&aacute;rio     (CEU) permitir&aacute; o acesso de pessoas com dificuldade de locomo&ccedil;&atilde;o     e deficientes f&iacute;s&iacute;cos. <\/p>\n<p>    Com a instala&ccedil;&atilde;o da plataforma na Faculdade de Odontologia     ser&atilde;o contemplados os integrantes da comunidade interna bem como     os da comunidade externa, composta basicamente de pacientes de baixa condi&ccedil;&atilde;o     s&oacute;cioecon&ocirc;mica da capital e do interior, muitos com algum     tipo de deformidade cong&ecirc;nita e, oriundos do Sistema &Uacute;nico     de Sa&uacute;de.<\/p>\n<p>    A constru&ccedil;&atilde;o da rampa do Centro Esporte Universit&aacute;rio     (CEU) facilitar&aacute; o acesso de pessoas com dificuldade de locomo&ccedil;&atilde;o     ao espa&ccedil;o destinado aos servidores docentes e t&eacute;cnico-adminstrativos     em educa&ccedil;&atilde;o e discentes al&eacute;m dos seus dependentes     em atividades de cultura, esporte e lazer proporcionadas pela universidade.<\/p>\n<p>    A aquisi&ccedil;&atilde;o de uma impressora braille e um ampliador de     tela com voz s&atilde;o mais dois equipamentos de fundamental import&acirc;ncia     para o Centro de Apoio ao Deficiente Visual que se localiza na Faculdade     de Filosofia e Ci&ecirc;ncias Humanas (FAFICH) e ser&atilde;o utilizados     pelos discentes e servidores da UFMG com defici&ecirc;ncia visual.<\/p>\n<p>    O Projeto Incluir ser&aacute; desenvolvido pela Comiss&atilde;o Permanente     de Apoio ao Portador de Necessidades Especiais, em parceria com a Coordenadoria     de Assuntos Comunit&aacute;rios e responsabilidade t&eacute;cnica da Departamento     de Planejamento F&iacute;sico e Obras (DPFO). A operacionaliza&ccedil;&atilde;o     do projeto ser&aacute; assegurada pela exist&ecirc;ncia na Universidade     de pessoal qualificado para o tipo de obra proposto. Os equipamentos para     o Centro de Apoio ao Deficiente Visual ter&atilde;o sua utiliza&ccedil;&atilde;o     imediata assim que forem adquiridos.<\/p>\n<p>    Participam da comiss&atilde;o do projeto: Profa. Elizabeth Espangler Andrade     Moreira, Maria C&eacute;lia Nogueira Lima, An&aacute;lia das Gra&ccedil;as     Gandini Pontelo, Maria das Gra&ccedil;as Fernandes Ara&uacute;jo, Rute     Maria de Paula Martins e Fernando Ant&ocirc;nio de Sousa Alvarenga<br \/>    <\/span> <\/td>\n<\/tr>\n<tr>\n<td align=\"LEFT\" valign=\"TOP\"><\/td>\n<td align=\"LEFT\" valign=\"TOP\"><a name=\"anoticias2\"><span class=\"titulo\">PROGRAMADO     CORTE DE ENERGIA NA UFMG<\/span><\/a> <span class=\"texto\">     <\/p>\n<p>De acordo com comunicado da Pr&oacute;-Reitoria de Administra&ccedil;&atilde;o,      a CEMIG vai efetuar coleta de dados para novo sistema de medi&ccedil;&atilde;o      de energia el&eacute;trica no Campus Pampulha.<br \/>     Por esse motivo, est&aacute; programado o corte de energia el&eacute;trica      no pr&eacute;dio da Reitoria no dia 03 de maio\/2007, quinta-feira da      pr&oacute;xima semana, no per&iacute;odo de 10h30 &agrave;s 11h30.<\/p>\n<p>    <\/p>\n<p>    <\/span><\/td>\n<\/tr>\n<tr>\n<td align=\"LEFT\" valign=\"TOP\"><\/td>\n<td align=\"LEFT\" valign=\"TOP\"> <a name=\"anoticias3\"><span class=\"titulo\">MEDALHA     DA INCONFID&Ecirc;NCIA &Eacute; CONCEDIDA A MEMBROS DA COMUNIDADE ACAD&Ecirc;MICA<\/span><\/a>     <span class=\"texto\">     <\/p>\n<p>Quatro professores e a vice-diretora da Editora UFMG foram condecorados,      no dia 21 de abril, em Ouro Preto, com a Medalha da Inconfid&ecirc;ncia,      maior distin&ccedil;&atilde;o concedida pelo governo do Estado a personalidades      de destaque no pa&iacute;s. <\/p>\n<p>     Neste ano, receberam a condecora&ccedil;&atilde;o os professores Jos&eacute;      Nagib Cotrim &Aacute;rabe, Pr&oacute;-Reitor de Planejamento, Ant&ocirc;nia      Vit&oacute;ria Soares Aranha, diretora da Faculdade de Educa&ccedil;&atilde;o      (FaE), Maria Cristina Lima de Castro, diretora do Instituto de Ci&ecirc;ncias      Biol&oacute;gicas (ICB), Luciano de Ara&uacute;jo Ferraz, da Faculdade      de Direito, e a vice-diretora da Editora UFMG, soci&oacute;loga Silvana      Maria Leal C&oacute;ser.    <\/p>\n<p>(Fonte: <a href=\"http:\/\/www.ufmg.br\/online\/arquivos\/005602.shtml\">http:\/\/www.ufmg.br\/online\/arquivos\/005602.shtml<\/a>      &#8211; 24\/04\/2007)    <\/p>\n<p>    <\/span> <\/td>\n<\/tr>\n<p>  <!-- #EndEditable -->  <\/table>\n<p> <!-- fim noticias --><\/div>\n<p><a name='informativo'><\/a><\/p>\n<h4>Informativo<\/h4>\n<div class=\"centro-sistematico\">  <!-- noticias --> <\/p>\n<table border=\"0\" cellspacing=\"0\" cellpadding=\"0\">\n<tr>\n<td><\/td>\n<td><\/td>\n<\/tr>\n<p>  <!-- #BeginEditable \"materias\" -->   <\/p>\n<tr>\n<td align=\"LEFT\" valign=\"TOP\"><\/td>\n<td align=\"LEFT\" valign=\"TOP\">\n<p><a name=\"ainformativo1\"><span class=\"titulo\">DICAS      DE SITES INTERESSANTES<\/span><br \/>     <\/a> <img loading=\"lazy\" decoding=\"async\" src=\"https:\/\/www.ufmg.br\/dti\/wp-content\/uploads\/imgs\/tudo_pixel.gif\" width=\"1\" height=\"20\" alt=\"\" border=\"0\"><br \/>     <span class=\"texto\"> Adyrus, o ca&ccedil;ador de sites, enviou as seguintes      dicas:<\/span><\/p>\n<p><span class=\"texto\"><br \/>     &#8211; Se voc&ecirc; &eacute; um daqueles aficcionados por celular, fique      com &aacute;gua na boca com os novos lan&ccedil;amentos. Este site &eacute;      uma boa dica para voc&ecirc; n&atilde;o comprar celular ultrapassado      como se fosse novo. Clique na marca e na p&aacute;gina seguinte tem      &#8220;new&#8221; (novos) e &#8220;old&#8221; (velhos). Por aqui, voc&ecirc;      n&atilde;o compra gato por lebre, como vem anunciando as propagandas      com precinhos camaradas para liquidar o estoque. Um detalhe. Nem todas      as tecnologias apresentadas nos celulares deste site funcionam no Brasil,      por enquanto. O meu ainda est&aacute; classificado como novo. Veja tudo      isso em <a href=\"http:\/\/www.gsmarena.com\/\">http:\/\/www.gsmarena.com\/<\/a>.      (Site em Ingl&ecirc;s)<\/p>\n<p>     &#8211; A miss&atilde;o do Museu da Pessoa &eacute; promover a democratiza&ccedil;&atilde;o      da mem&oacute;ria social, por meio da valoriza&ccedil;&atilde;o de hist&oacute;rias      de vida de todas as pessoas da sociedade para contribuir com a constru&ccedil;&atilde;o      de uma sociedade mais justa, democr&aacute;tica e baseada na compreens&atilde;o      e respeito pelo outro. Saiba mais no endere&ccedil;o <a href=\"http:\/\/www.museudapessoa.com.br\/\">http:\/\/www.museudapessoa.com.br\/<\/a>.<\/p>\n<p>     &#8211; O site A Odiss&eacute;ia do Som (<a href=\"http:\/\/www.odisseiadosom.com.br\/\">http:\/\/www.odisseiadosom.com.br\/<\/a>)      oferece mais de 250 m&uacute;sicas em MP3 para download gratuito e cerca      de 1300 para serem ouvidas em streaming, gravadas com as principais      bandas, int&eacute;rpretes e orquestras do in&iacute;cio do s&eacute;culo      XX.<\/p>\n<p>     &#8211; Sabe aquele cochicho que algumas pessoas fazem quando uma mulher passa      com vestido e sapato horrorosos? E as noivas com os seus gostos esquisitos?      Divirta-se, e tome cuidado para n&atilde;o fazer nada igual, com estes      vestidos. No endere&ccedil;o <a href=\"http:\/\/www.uglydress.com\/\">http:\/\/www.uglydress.com\/<\/a>,      voc&ecirc; encontra as piores cores, os piores modelos e muito mais.      Na primeira p&aacute;gina do site tem uma linda figura vestida. (Site      em Ingl&ecirc;s)<\/p>\n<p>     &#8211; Uma vez por ano s&atilde;o lan&ccedil;adas cole&ccedil;&otilde;es      de m&uacute;sicas cl&aacute;ssicas de v&aacute;rios g&ecirc;nios do      s&eacute;culo passado. Agora, na Web, para aliviar a tens&atilde;o do      dia a dia, voc&ecirc; poder&aacute; se deliciar e trabalhar tranq&uuml;ilo.      Aponte seu navegador para <a href=\"http:\/\/classicos.nominimo.com.br\/anteriores.html\">http:\/\/classicos.nominimo.com.br\/anteriores.html      <\/a>e comece o dia bem.<\/p>\n<p>     &#8211; A preocupa&ccedil;&atilde;o com o meio ambiente est&aacute; fazendo      com que pesquisadores busquem novas formas de produ&ccedil;&atilde;o      de pl&aacute;stico, que substitua a produ&ccedil;&atilde;o a partir      do petr&oacute;leo, um recurso n&atilde;o renov&aacute;vel e que polui      o meio ambiente. Uma das mat&eacute;rias-primas que poderiam fazer essa      substitui&ccedil;&atilde;o &eacute; justamente o amido de mandioca,      e foi com esse produto que pesquisadores da Escola Polit&eacute;cnica      da Universidade de S&atilde;o Paulo desenvolveram um filme pl&aacute;stico.      Veja em <a href=\"http:\/\/www.abam.com.br\/not.php?id=266\">http:\/\/www.abam.com.br\/not.php?id=266<\/a>.<\/p>\n<p>     &#8211; Fique por dentro de tudo que acontece no Brasil e no mundo, com informa&ccedil;&otilde;es      sobre o mercado financeiro nacional e internacional, al&eacute;m de      outras informa&ccedil;&otilde;es importantes como: cota&ccedil;&otilde;es,      conversor de moedas, tabela FIPE, empresas e tecnologia no jornal ValorOnline      no endere&ccedil;o <a href=\"http:\/\/www.valoronline.com.br\/\">http:\/\/www.valoronline.com.br\/<\/a>.<\/span><\/p>\n<p><span class=\"texto\"><br \/>     <\/span>    <\/p>\n<\/td>\n<\/tr>\n<tr>\n<td align=\"LEFT\" valign=\"TOP\"><\/td>\n<td align=\"LEFT\" valign=\"TOP\"><a name=\"ainformativo2\"><span class=\"titulo\">NOT&Iacute;CIAS     DO BOLETIM DO CLUBE DO HARDWARE<\/span><\/a> <span class=\"texto\">     <\/p>\n<p>O Boletim do Clube do Hardware no 641 (www.clubedohardware.com.br),      de 24\/04\/2007, publicou as seguintes not&iacute;cias:<\/p>\n<p>     <strong>Samsung Lan&ccedil;a Notebook com HD H&iacute;brido <\/strong>&#8211;      Os chamados flash solid state drives (SSDs) prometem causar um grande      impacto na ind&uacute;stria de PCs e substituir os HDs convencionais.      Afinal, os SSDs s&atilde;o mais r&aacute;pidos, econ&ocirc;micos, silenciosos      e mais resistentes; por&eacute;m, o pre&ccedil;o ainda n&atilde;o &eacute;      nada convidativo.<\/p>\n<p>     Pensando nisso, a Samsung lan&ccedil;ou no Jap&atilde;o um notebook      com HD h&iacute;brido, que promete ser a ponte entre os cl&aacute;ssicos      HDs e os SSDs, uma vez que misturam mem&oacute;ria tradicional com tipo      flash, garantindo algumas vantagens, como maior dura&ccedil;&atilde;o      da bateria e respostas mais r&aacute;pidas. O Q30 traz o HD h&iacute;brido      MH80 de 80 GB com 256 MB flash. Vem tamb&eacute;m com processador 1,83      GHz Intel Core 2 Duo T5600, monitor de 15.4&quot; WXGA, placa de v&iacute;deo      NVIDIA GeForce 7400 mobile com 256 MB de RAM e gravador de DVD dual-layer.<\/p>\n<p>     <strong> Windows &#8220;quase&#8221; de gra&ccedil;a <\/strong>&#8211; A Microsoft      planeja lan&ccedil;ar um pacote econ&ocirc;mico para vender o Windows      em pa&iacute;ses em desenvolvimento. De acordo com o Tech Report, o      pacote voltado para estudantes viria com Windows XP Starter Edition,      Microsoft Office Home e Student 2007, Microsoft Math 3.0, Learning Essentials      2.0 e Windows Live Mail desktop e seria vendido por algo em torno de      US$ 3. Vale lembrar que s&oacute; o Office e o Student juntos custam      US$ 129. O pacote seria oferecido com um programa do governo de cada      pa&iacute;s para os estudantes mais pobres. Resta saber quando ele sair&aacute;      do papel e se o Brasil vai aderir ao programa.<\/p>\n<p>     <strong>Dell volta com XP em seus micros<\/strong> &#8211; Atendendo a pedidos      dos consumidores, a Dell anunciou que vai voltar a lan&ccedil;ar novos      computadores com Windows XP. Em janeiro, a empresa havia decidido a      s&oacute; lan&ccedil;ar m&aacute;quinas com Windows Vista. Agora, consumidores      podem optar pelo XP Home ou Professional em seis diferentes modelos      de PCs.<br \/>     Blu-Ray ultrapassa 1 milh&atilde;o de discos vendidos &#8211; Na briga pela      tecnologia que vai suceder o DVD, o Blu-Ray marcou mais um ponto contra      o HD-DVD. A tecnologia foi a primeira a vender mais de um milh&atilde;o      de m&iacute;dias. As vendas de filmes em Blu-Ray abocanham 70% do mercado      de alta-defini&ccedil;&atilde;o nos quatro primeiros meses deste ano.      Entre os dez filmes mais vendidos em alta-defini&ccedil;&atilde;o, oito      s&atilde;o em Blu-Ray.<br \/>     <strong><br \/>     <\/strong> <strong>Intel confirma corte de pre&ccedil;os<\/strong> &#8211; A      Intel confirma o corte de pre&ccedil;os em sua linha de processadores,      j&aacute; mencionada no in&iacute;cio do m&ecirc;s. O modelo E6700 vai      cair de US$ 530 para US$ 316 e o E6600 vai cair de US$ 316 para US$      224. J&aacute; o E6400 vai cair de US$ 224 para US$ 183. Todos os pre&ccedil;os      s&atilde;o unit&aacute;rios para lotes de mil unidades.    <\/p>\n<p>    <\/span> <\/td>\n<\/tr>\n<tr>\n<td align=\"LEFT\" valign=\"TOP\"><\/td>\n<td align=\"LEFT\" valign=\"TOP\"><a name=\"ainformativo3\"><span class=\"titulo\">UFMG PROMOVE     MOSTRA DAS PROFISS&Otilde;ES<\/span><\/a> <span class=\"texto\">     <\/p>\n<p align=\"center\"><a href=\"http:\/\/www.ufmg.br\/mostradasprofissoes\/\"><img decoding=\"async\" src=\"https:\/\/www.ufmg.br\/dti\/wp-content\/uploads\/fotos\/26_04\/mostra2007.gif\" height=\"208\" border=\"0\"><\/a><\/p>\n<p>Nos dias 2, 3 e 4 de maio, a UFMG promover&aacute; a Mostra das Profiss&otilde;es      2007, nos seguintes hor&aacute;rios:<\/p>\n<p>     &#8211; Dia 02 &#8211; In&iacute;cio &agrave;s 10h e t&eacute;rmino &agrave;s 22h<br \/>     &#8211; Dia 03 &#8211; In&iacute;cio &agrave;s 8h30 e t&eacute;rmino &agrave;s 22h<br \/>     &#8211; Dia 04 &#8211; In&iacute;cio &agrave;s 8h30 e t&eacute;rmino &agrave;s 18h<\/p>\n<p>     Toda a programa&ccedil;&atilde;o do evento est&aacute; dispon&iacute;vel      na p&aacute;gina <a href=\"http:\/\/www.ufmg.br\/mostradasprofissoes\/\">www.ufmg.br\/mostradasprofissoes<\/a>.<br \/>     A Mostra das Profiss&otilde;es foi criada para que o aluno do ensino      m&eacute;dio saiba mais sobre as diferentes op&ccedil;&otilde;es de      cursos oferecidos pela UFMG, contribuindo para que a escolha do curso      seja mais consciente e segura, ampliando a vis&atilde;o e perspectivas      em rela&ccedil;&atilde;o &agrave; universidade e aos diversos campos      profissionais.<\/p>\n<p>     Os participantes poder&atilde;o assistir &agrave;s palestras sobre cursos      de gradua&ccedil;&atilde;o e o mercado de trabalho, acompanhar os trabalhos      das salas interativas desses cursos e participar de outras atividades.<\/p>\n<p>     Segundo a Coordena&ccedil;&atilde;o da Mostra, at&eacute; o momento      j&aacute; foram cadastrados em torno de 18.000 alunos e 600 professores      de diferentes cidades do estado. A quantidade de escolas cadastradas      at&eacute; o momento (230) d&aacute; uma id&eacute;ia do n&uacute;mero      de &ocirc;nibus (147) que circular&atilde;o no Campus por dia. A &aacute;rea      de embarque e desembarque dos visitantes foi delimitada no intuito de      facilitar a circula&ccedil;&atilde;o. A Coordena&ccedil;&atilde;o da      Mostra solicita a colabora&ccedil;&atilde;o dos servidores para que      n&atilde;o estacionem seus ve&iacute;culos nas ruas do ICEx e ICB, que      s&atilde;o vias de estrangulamento.    <\/p>\n<p>    <\/span><\/td>\n<\/tr>\n<tr>\n<td align=\"LEFT\" valign=\"TOP\"><\/td>\n<td align=\"LEFT\" valign=\"TOP\"><a name=\"ainformativo4\" id=\"4\"><span class=\"titulo\">PRORH     CONVIDA SERVIDORES E PROFESSORES PARA REUNI&Atilde;O SOBRE PROGRAMA DE     MORADIA<\/span><\/a><span class=\"texto\">     <\/p>\n<p>A Pr&oacute;-Reitoria de Recursos Humanos (Prorh) realiza no dia 8      de maio, &agrave;s 14h, reuni&atilde;o para discuss&atilde;o do Programa      de Moradia da UFMG. A iniciativa se destina aos servidores docentes,      t&eacute;cnicos e administrativos, al&eacute;m de pessoal vinculado      a empresas prestadoras de servi&ccedil;os para a UFMG, interessados      em adquirir im&oacute;vel.<\/p>\n<p>     De acordo com a Prorh, durante o encontro,ser&atilde;o prestados esclarecimentos      sobre aquisi&ccedil;&atilde;o de im&oacute;vel residencial na planta      com recursos do FGTS.<\/p>\n<p>     Est&atilde;o previstas presen&ccedil;as de equipe da Caixa Econ&ocirc;mica      Federal e de tr&ecirc;s construtoras imobili&aacute;rias. O evento,      que ocorrer&aacute; no audit&oacute;rio da Reitoria, campus Pampulha,      tamb&eacute;m ser&aacute; transmitido, em tempo real, pelo site da Universidade      (<a href=\"http:\/\/www.ufmg.br\">www.ufmg.br<\/a>).<\/p>\n<p>     Mais informa&ccedil;&otilde;es pelo telefone (31) 3499-4770 ou e-mail      <a href=\"mailto:moradia@prorh.ufmg.br\">moradia@prorh.ufmg.br<\/a>.    <\/p>\n<p>(Fonte: <a href=\"http:\/\/www.ufmg.br\/online\/arquivos\/005620.shtml\">http:\/\/www.ufmg.br\/online\/arquivos\/005620.shtml<\/a>      &#8211; 25\/04\/2007)<\/p>\n<p>    <\/p>\n<p>    <\/span><\/td>\n<\/tr>\n<tr>\n<td align=\"LEFT\" valign=\"TOP\"><\/td>\n<td align=\"LEFT\" valign=\"TOP\"><a name=\"ainformativo5\" id=\"5\"><span class=\"titulo\">&Ocirc;NIBUS     INTERNO CIRCULA COM HOR&Aacute;RIO DE F&Eacute;RIAS NA SEGUNDA<\/span><\/a>     <span class=\"texto\">     <\/p>\n<p>Nessa segunda-feira, dia 30, o &ocirc;nibus circular interno do campus      Pampulha da UFMG circula com hor&aacute;rios do per&iacute;odo de f&eacute;rias.      A altera&ccedil;&atilde;o, comunicada pela Divis&atilde;o de Transportes      do Departamento de Servi&ccedil;os Gerais, ocorre devido o recesso da      pr&oacute;xima semana. O itiner&aacute;rio e os hor&aacute;rios, correspondentes      &agrave; linha C, s&atilde;o os seguintes:<\/p>\n<p>     Manh&atilde;: :5h40 &#8211; 6h20 &#8211; 7h &#8211; 7h50 &#8211; 8h35 &#8211; 9h35 &#8211; 10h20 &#8211; 11h05      &#8211; 11h50<br \/>     Tarde: 12h35 &#8211; 13h20 &#8211; 14h05 &#8211; 14h50 &#8211; 15h50 &#8211; 16h50 &#8211; 18h<\/p>\n<p>     Itiner&aacute;rio: Belas Artes &#8211; Letras &#8211; Ci&ecirc;ncia da Informa&ccedil;&atilde;o      &#8211; Fafich &#8211; Pra&ccedil;a de Servi&ccedil;os &#8211; Biblioteca Central &#8211; Ci&ecirc;ncias      Biol&oacute;gicas &#8211; Reitoria &#8211; Unidade Administrativa III (DP\/ DRH)      &#8211; Unidade Administrativa II (Sast\/ Fundep) &#8211; CEU &#8211; Veterin&aacute;ria      &#8211; Educa&ccedil;&atilde;o F&iacute;sica &#8211; Odontologia &#8211; Veterin&aacute;ria      &#8211; Farm&aacute;cia &#8211; Setorial II &#8211; F&iacute;sica &#8211; Engenharia El&eacute;trica      (CPDEE) &#8211; Energia Nuclear (Cnen) &#8211; Mec&acirc;nica &#8211; Col&eacute;gio T&eacute;cnico      &#8211; Qu&iacute;mica &#8211; Ci&ecirc;ncias Exatas &#8211; Geoci&ecirc;ncias &#8211; Almoxarifado      Central (Setorial I) &#8211; Faculdade de Educa&ccedil;&atilde;o &#8211; Centro      Pedag&oacute;gico &#8211; Creche &#8211; Belas Artes.<\/p>\n<p>     Informa&ccedil;&otilde;es adicionais podem ser solicitadas atrav&eacute;s      dos telefones 3499-4601 e 3499-4606 ou e-mail: <a href=\"mailto:sfrota@dsg.ufmg.br\">sfrota@dsg.ufmg.br<\/a>.    <\/p>\n<p>(Fonte: <a href=\"http:\/\/www.ufmg.br\/online\/arquivos\/005641.shtml\">http:\/\/www.ufmg.br\/online\/arquivos\/005641.shtml<\/a>      &#8211; 26\/04\/2007)    <\/p>\n<p>    <\/span><\/td>\n<\/tr>\n<tr>\n<td align=\"LEFT\" valign=\"TOP\"><\/td>\n<td align=\"LEFT\" valign=\"TOP\"><a name=\"ainformativo6\" id=\"6\"><span class=\"titulo\">FERIADO<\/span><\/a>     <span class=\"texto\">     <\/p>\n<p>O Dia do Trabalho, 1o de maio, ser&aacute; comemorado na pr&oacute;xima      ter&ccedil;a-feira. Um bom fim-de-semana prolongado para todos que participar&atilde;o      do rod&iacute;zio.<\/p>\n<p>    <\/span><\/td>\n<\/tr>\n<p>  <!-- #EndEditable -->  <\/table>\n<p> <!-- fim noticias --> <!-- tabela ha 20 anos --> <\/p>\n<table border=\"0\" cellspacing=\"0\" cellpadding=\"0\" class=\"cinza\">\n<tr>\n<td><img loading=\"lazy\" decoding=\"async\" src=\"https:\/\/www.ufmg.br\/dti\/wp-content\/uploads\/imgs\/tudo_pixel.gif\" width=\"1\" height=\"1\" alt=\"\" border=\"0\"><\/td>\n<td><img loading=\"lazy\" decoding=\"async\" src=\"https:\/\/www.ufmg.br\/dti\/wp-content\/uploads\/imgs\/tudo_pixel.gif\" width=\"19\" height=\"1\" alt=\"\" border=\"0\"><\/td>\n<td><img loading=\"lazy\" decoding=\"async\" src=\"https:\/\/www.ufmg.br\/dti\/wp-content\/uploads\/imgs\/tudo_pixel.gif\" width=\"510\" height=\"1\" alt=\"\" border=\"0\"><\/td>\n<td><img loading=\"lazy\" decoding=\"async\" src=\"https:\/\/www.ufmg.br\/dti\/wp-content\/uploads\/imgs\/tudo_pixel.gif\" width=\"19\" height=\"1\" alt=\"\" border=\"0\"><\/td>\n<td><img loading=\"lazy\" decoding=\"async\" src=\"https:\/\/www.ufmg.br\/dti\/wp-content\/uploads\/imgs\/tudo_pixel.gif\" width=\"1\" height=\"1\" alt=\"\" border=\"0\"><\/td>\n<\/tr>\n<tr>\n<td class=\"vermelho\" colspan=\"5\"><img loading=\"lazy\" decoding=\"async\" src=\"https:\/\/www.ufmg.br\/dti\/wp-content\/uploads\/imgs\/tudo_pixel.gif\" width=\"1\" height=\"1\" alt=\"\" border=\"0\"><\/td>\n<\/tr>\n<tr>\n<td class=\"vermelho\"><img loading=\"lazy\" decoding=\"async\" src=\"https:\/\/www.ufmg.br\/dti\/wp-content\/uploads\/imgs\/tudo_pixel.gif\" width=\"1\" height=\"1\" alt=\"\" border=\"0\"><\/td>\n<td><img loading=\"lazy\" decoding=\"async\" src=\"https:\/\/www.ufmg.br\/dti\/wp-content\/uploads\/imgs\/tudo_pixel.gif\" width=\"1\" height=\"1\" alt=\"\" border=\"0\"><\/td>\n<td align=\"LEFT\" valign=\"TOP\"><!-- #BeginEditable \"ha 20 anos\" --><a name=\"ainformativo7\" id=\"7\"><img loading=\"lazy\" decoding=\"async\" src=\"https:\/\/www.ufmg.br\/dti\/wp-content\/uploads\/imgs\/tudo_pixel.gif\" width=\"1\" height=\"8\" alt=\"\" border=\"0\"><br \/>    <span class=\"titulo\">H\u00e1 20 anos&#8230;<\/span><\/a> <span class=\"texto\">     <\/p>\n<p>O Sistem&aacute;tico Ano XI, no 16, de 30\/04\/1987, publicou not&iacute;cias      sobre a chegada de dois equipamentos QI-9000 ao CECOM, curso T&eacute;cnicas      de Arquivo do DP, programa de treinamento do CECOM, palestras Sempre      &agrave;s Sextas, entre outras. A not&iacute;cia que se destacou foi:     <\/p>\n<p><strong>ENCONTRO REGIONAL DE USU&Aacute;RIOS BURROUGHS<\/strong><br \/>     <font face=\"1\">Ser&aacute; realizado, a partir das 14h do dia 05 de      maio, no Centro de Computa&ccedil;&atilde;o, o 2o Encontro Regional      de Usu&aacute;rios Burroughs, que contar&aacute; com a presen&ccedil;a      de representantes de empresas de Minas Gerais que possuem equipamento      Burroughs. Esse &eacute; um encontro preparat&oacute;rio para o XXVIII      Encontro Nacional de Usu&aacute;rios Burroughs, que ser&aacute; realizado      em Canela\/RS, no per&iacute;odo de 17 a 21 de maio.<br \/>     Na programa&ccedil;&atilde;o do encontro no CECOM est&aacute; prevista,      al&eacute;m da discuss&atilde;o das respostas da Burroughs &agrave;s      recomenda&ccedil;&otilde;es geradas no XXVII ENANUB e de assuntos de      interesse geral, a apresenta&ccedil;&atilde;o sobre Comunica&ccedil;&atilde;o      Micros-Burroughs, por Luiz Ricardo de Faria e Silva. <\/font><\/p>\n<p>    <\/span><!-- #EndEditable --><br \/>     <img loading=\"lazy\" decoding=\"async\" src=\"https:\/\/www.ufmg.br\/dti\/wp-content\/uploads\/imgs\/tudo_pixel.gif\" width=\"1\" height=\"8\" alt=\"\" border=\"0\"><\/td>\n<td><img loading=\"lazy\" decoding=\"async\" src=\"https:\/\/www.ufmg.br\/dti\/wp-content\/uploads\/imgs\/tudo_pixel.gif\" width=\"1\" height=\"1\" alt=\"\" border=\"0\"><\/td>\n<td class=\"vermelho\"><img loading=\"lazy\" decoding=\"async\" src=\"https:\/\/www.ufmg.br\/dti\/wp-content\/uploads\/imgs\/tudo_pixel.gif\" width=\"1\" height=\"1\" alt=\"\" border=\"0\"><\/td>\n<\/tr>\n<tr>\n<td class=\"vermelho\" colspan=\"5\"><img loading=\"lazy\" decoding=\"async\" src=\"https:\/\/www.ufmg.br\/dti\/wp-content\/uploads\/imgs\/tudo_pixel.gif\" width=\"1\" height=\"1\" alt=\"\" border=\"0\"><\/td>\n<\/tr>\n<\/table>\n<p> <!-- fim tabela ha 20 anos --><\/div>\n<p><a name='eventos'><\/a><\/p>\n<h4>Eventos<\/h4>\n<div class=\"centro-sistematico\">  <!-- noticias --> <\/p>\n<table border=\"0\" cellspacing=\"0\" cellpadding=\"0\">\n<tr>\n<td><\/td>\n<td><\/td>\n<\/tr>\n<p>  <!-- #BeginEditable \"materias\" -->   <\/p>\n<tr>\n<td align=\"LEFT\" valign=\"TOP\"><\/td>\n<td align=\"LEFT\" valign=\"TOP\"> <a name=\"aeventos1\"><span class=\"titulo\">SOCIAIS<\/span><\/a>     <span class=\"texto\">     <\/p>\n<p><strong>ANIVERS&Aacute;RIOS<\/strong>: <em>&#8220;O Sistem&aacute;tico&#8221;      envia os parab&eacute;ns para os ex-ceconianos: Cleto Boechat V&eacute;o      (LCC) e T&acirc;nia Cristina Teixeira, hoje, dia 26; Filipe Jos&eacute;      Le&atilde;o Corr&ecirc;a, Maria Miriam Arruda e Wilca Maria Luzilene      Souza e Silva, no dia 28; Jos&eacute; Tu&eacute;des de Resende, no dia      29; e Paulo Eduardo Rocha Brant, no dia 1&ordm; de maio.<\/em><\/p>\n<p>    <\/span><\/td>\n<\/tr>\n<tr>\n<td align=\"LEFT\" valign=\"TOP\"><\/td>\n<td align=\"LEFT\" valign=\"TOP\"><a name=\"aeventos2\"><span class=\"titulo\">MEM&Oacute;RIA     FOTOGR&Aacute;FICA DO CECOM<\/span><\/a> <span class=\"texto\">     <\/p>\n<p>No per&iacute;odo de 11 a 14 de abril\/2007, a UFMG participou do I      Workshop de Tecnologia da Informa&ccedil;&atilde;o das IFES, realizado      em Salvador\/Bahia, pela UFBA. As fotos pertencem ao site do evento.<\/p>\n<p>    <\/span> <\/p>\n<p align=\"center\"><font face=\"1\"><img loading=\"lazy\" decoding=\"async\" src=\"https:\/\/www.ufmg.br\/dti\/wp-content\/uploads\/fotos\/26_04\/bahia01.jpg\" width=\"450\" height=\"338\"><br \/>     Na plat&eacute;ia, ao fundo, Eduardo Henrique, ex-diretor do CECOM<\/font><\/p>\n<p align=\"center\"><font face=\"1\"><img loading=\"lazy\" decoding=\"async\" src=\"https:\/\/www.ufmg.br\/dti\/wp-content\/uploads\/fotos\/26_04\/bahia02.jpg\" width=\"450\" height=\"338\"><br \/>     Carlos Alfeu, diretor do CECOM, e prof. Paulo Seixas, diretor da ATI<\/font><\/p>\n<p align=\"center\"><font face=\"1\"><img loading=\"lazy\" decoding=\"async\" src=\"https:\/\/www.ufmg.br\/dti\/wp-content\/uploads\/fotos\/26_04\/bahia03.jpg\" width=\"450\" height=\"338\"><br \/>     Prof. Osvaldo Carvalho, do DCC<\/font><\/p>\n<p align=\"center\"><font face=\"1\"><img loading=\"lazy\" decoding=\"async\" src=\"https:\/\/www.ufmg.br\/dti\/wp-content\/uploads\/fotos\/26_04\/bahia04.jpg\" width=\"450\" height=\"338\"><br \/>     Jeroen van de Graaf, vice-diretor do LCC.<br \/>     Ao fundo: prof. Paulo Seixas, diretor da ATI.<\/font><\/p>\n<p align=\"center\"><font face=\"1\"><img loading=\"lazy\" decoding=\"async\" src=\"https:\/\/www.ufmg.br\/dti\/wp-content\/uploads\/fotos\/26_04\/bahia05.jpg\" width=\"450\" height=\"338\"><br \/>     Na &uacute;ltima fila: Paulo Lessa, do CECOM, e prof. Paulo Seixas,      da ATI.<br \/>     &Agrave; frente: Carlos Alfeu e Eduardo Henrique<\/font><\/p>\n<p align=\"center\"><font face=\"1\"><img loading=\"lazy\" decoding=\"async\" src=\"https:\/\/www.ufmg.br\/dti\/wp-content\/uploads\/fotos\/26_04\/bahia06.jpg\" width=\"450\" height=\"338\"><br \/>     Paulo Lessa e Carlos Alfeu<\/font><\/p>\n<p align=\"center\"><font face=\"1\"><a href=\"\/dti\/#topo\"><\/a><\/font>    <\/p>\n<\/td>\n<\/tr>\n<p>  <!-- #EndEditable -->  <\/table>\n<p> <!-- fim noticias --><\/div>\n","protected":false},"excerpt":{"rendered":"<p>Not\u00edcias ATI PARTICIPA DO PROJETO INCLUIR PROGRAMADO CORTE DE ENERGIA NA UFMG MEDALHA DA INCONFID&Ecirc;NCIA &Eacute; CONCEDIDA A MEMBROS DA COMUNIDADE ACAD&Ecirc;MICA Informativo DICAS DE SITES INTERESSANTES NOT&Iacute;CIAS DO BOLETIM DO CLUBE DO HARDWARE UFMG PROMOVE MOSTRA DAS PROFISS&Otilde;ES PRORH CONVIDA SERVIDORES E PROFESSORES PARA REUNI&Atilde;O SOBRE PROGRAMA DE MORADIA &Ocirc;NIBUS INTERNO CIRCULA COM HOR&Aacute;RIO &#8230; <a title=\"Sistem\u00e1tico: Edi\u00e7\u00e3o 1333 &#8211; 26\/04\/2007\" class=\"read-more\" href=\"https:\/\/www.ufmg.br\/dti\/2007\/04\/26\/sistematico-edicao-1333-26042007\/\" aria-label=\"Read more about Sistem\u00e1tico: Edi\u00e7\u00e3o 1333 &#8211; 26\/04\/2007\">Ler mais<\/a><\/p>\n","protected":false},"author":3,"featured_media":0,"comment_status":"open","ping_status":"open","sticky":false,"template":"","format":"standard","meta":{"inline_featured_image":false,"footnotes":""},"categories":[13],"tags":[],"coauthors":[79],"class_list":["post-3100","post","type-post","status-publish","format-standard","hentry","category-sistematico"],"_links":{"self":[{"href":"https:\/\/www.ufmg.br\/dti\/wp-json\/wp\/v2\/posts\/3100","targetHints":{"allow":["GET"]}}],"collection":[{"href":"https:\/\/www.ufmg.br\/dti\/wp-json\/wp\/v2\/posts"}],"about":[{"href":"https:\/\/www.ufmg.br\/dti\/wp-json\/wp\/v2\/types\/post"}],"author":[{"embeddable":true,"href":"https:\/\/www.ufmg.br\/dti\/wp-json\/wp\/v2\/users\/3"}],"replies":[{"embeddable":true,"href":"https:\/\/www.ufmg.br\/dti\/wp-json\/wp\/v2\/comments?post=3100"}],"version-history":[{"count":0,"href":"https:\/\/www.ufmg.br\/dti\/wp-json\/wp\/v2\/posts\/3100\/revisions"}],"wp:attachment":[{"href":"https:\/\/www.ufmg.br\/dti\/wp-json\/wp\/v2\/media?parent=3100"}],"wp:term":[{"taxonomy":"category","embeddable":true,"href":"https:\/\/www.ufmg.br\/dti\/wp-json\/wp\/v2\/categories?post=3100"},{"taxonomy":"post_tag","embeddable":true,"href":"https:\/\/www.ufmg.br\/dti\/wp-json\/wp\/v2\/tags?post=3100"},{"taxonomy":"author","embeddable":true,"href":"https:\/\/www.ufmg.br\/dti\/wp-json\/wp\/v2\/coauthors?post=3100"}],"curies":[{"name":"wp","href":"https:\/\/api.w.org\/{rel}","templated":true}]}}