{"id":3103,"date":"2007-03-29T08:00:00","date_gmt":"2007-03-29T08:00:00","guid":{"rendered":"https:\/\/www.ufmg.br\/dti\/cecom\/?p=1298"},"modified":"2007-03-29T08:00:00","modified_gmt":"2007-03-29T08:00:00","slug":"sistematico-edicao-1329-29032007","status":"publish","type":"post","link":"https:\/\/www.ufmg.br\/dti\/2007\/03\/29\/sistematico-edicao-1329-29032007\/","title":{"rendered":"Sistem\u00e1tico: Edi\u00e7\u00e3o 1329 &#8211; 29\/03\/2007"},"content":{"rendered":"<ul>\n<li><a href=\"\/dti\/#noticias\">Not\u00edcias<\/a>\n<div class='submenuSistematico'>\n<ul>\n<li><a href=\"\/dti\/#anoticias1\"><span class=\"titulo\">NOVO PREG&Atilde;O     DE TELEFONIA CELULAR OCORRER&Aacute; EM ABRIL<\/span><\/a><\/li>\n<li><a href=\"\/dti\/#anoticias2\"><span class=\"titulo\">CECOM TEM     TRABALHO APROVADO PARA I WORKSHOP DE TI DAS IFES<\/span><\/a><\/li>\n<li><a href=\"\/dti\/#anoticias3\"><span class=\"titulo\">CECOM DOA     ITENS DIVERSOS DE ESCRIT&Oacute;RIO<\/span><\/a><\/li>\n<li><a href=\"\/dti\/#anoticias4\" id=\"4\"><span class=\"titulo\">NOVO     ALERTA DO CAIS: MENSAGENS FALSAS DA RECEITA FEDERAL E IMPOSTO DE RENDA<\/span><\/a><\/li>\n<\/ul>\n<\/div>\n<\/li>\n<li><a href=\"\/dti\/#informativo\">Informativo<\/a>\n<div class='submenuSistematico'>\n<ul>\n<li><a href=\"\/dti\/#ainformativo1\"><span class=\"titulo\">DICAS      DE SITES INTERESSANTES<\/span><br \/>     <\/a><\/li>\n<li><a href=\"\/dti\/#ainformativo2\"><span class=\"titulo\">BRASIL CAI     PARA 52&ordm; EM RANKING DE TECNOLOGIA DA INFORMA&Ccedil;&Atilde;O<\/span><\/a><\/li>\n<li><a href=\"\/dti\/#ainformativo3\"><span class=\"titulo\">PRORH SORTEIA     INGRESSOS PARA O PAL&Aacute;CIO DAS ARTES<\/span><\/a><\/li>\n<li><a href=\"\/dti\/#ainformativo4\" id=\"4\"><span class=\"titulo\">COME&Ccedil;AM     AS COMEMORA&Ccedil;&Otilde;ES DOS 75 ANOS DA ESCOLA DE VETERIN&Aacute;RIA<\/span><\/a><\/li>\n<li><a href=\"\/dti\/#ainformativo5\" id=\"5\"><img loading=\"lazy\" decoding=\"async\" src=\"https:\/\/www.ufmg.br\/dti\/wp-content\/uploads\/imgs\/tudo_pixel.gif\" width=\"1\" height=\"8\" alt=\"\" border=\"0\"><br \/>    <span class=\"titulo\">H\u00e1 20 anos&#8230;<\/span><\/a><\/li>\n<\/ul>\n<\/div>\n<\/li>\n<li><a href=\"\/dti\/#eventos\">Eventos<\/a>\n<div class='submenuSistematico'>\n<ul>\n<li><a href=\"\/dti\/#aeventos1\"><span class=\"titulo\">SOCIAIS<\/span><\/a><\/li>\n<li><a href=\"\/dti\/#aeventos2\"><span class=\"titulo\">MEM&Oacute;RIA     FOTOGR&Aacute;FICA DO CECOM<\/span><\/a><\/li>\n<\/ul>\n<\/div>\n<\/li>\n<\/ul>\n<p> <a name='noticias'><\/a><\/p>\n<h4>Not\u00edcias<\/h4>\n<div class=\"centro-sistematico\">  <!-- noticias --> <\/p>\n<table border=\"0\" cellspacing=\"0\" cellpadding=\"0\">\n<tr>\n<td><\/td>\n<td><\/td>\n<\/tr>\n<p>  <!-- #BeginEditable \"materias\" -->   <\/p>\n<tr>\n<td align=\"LEFT\" valign=\"TOP\"><\/td>\n<td align=\"LEFT\" valign=\"TOP\"> <a name=\"anoticias1\"><span class=\"titulo\">NOVO PREG&Atilde;O     DE TELEFONIA CELULAR OCORRER&Aacute; EM ABRIL<\/span><\/a> <span class=\"texto\">     <\/p>\n<p>O CECOM est&aacute; promovendo processo de licita&ccedil;&atilde;o      na modalidade preg&atilde;o eletr&ocirc;nico para contrata&ccedil;&atilde;o      de servi&ccedil;o de telefonia celular e DDD originado de celulares.<\/p>\n<p>     Esses servi&ccedil;os visam atender &agrave;s unidades acad&ecirc;micas      e algumas unidades administrativas da UFMG que atualmente est&atilde;o      sendo atendidas pela empresa Oi, em contrato que est&aacute; se encerrando.      Em fun&ccedil;&atilde;o do interesse demonstrado por todos os usu&aacute;rios      de continuar com o servi&ccedil;o e com o crescimento de demanda apresentado      por outros &oacute;rg&atilde;os da universidade, que ainda n&atilde;o      eram usu&aacute;rios do servi&ccedil;o e manifestaram interesse em utiliz&aacute;-lo,      foi necess&aacute;rio preparar esse processo licitat&oacute;rio.<\/p>\n<p>     A sess&atilde;o de abertura do preg&atilde;o ocorrer&aacute; no pr&oacute;ximo      dia 12 de abril, a partir das 14h, atrav&eacute;s do site oficial de      compras do Governo Federal, no endere&ccedil;o <a href=\"http:\/\/www.compranet.gov.br\/\">www.compranet.gov.br<\/a>.<br \/>     A comiss&atilde;o de licita&ccedil;&atilde;o &eacute; composta por M&aacute;rcia      Regina Lemos, pregoeira, e a equipe de apoio com Alda Batista, Fernando      Frota Machado de Morais e a estagi&aacute;ria Adriana Helo&iacute;sa      Lima Bittencourt.<\/p>\n<p>    <\/span> <\/td>\n<\/tr>\n<tr>\n<td align=\"LEFT\" valign=\"TOP\"><\/td>\n<td align=\"LEFT\" valign=\"TOP\"> <a name=\"anoticias2\"><span class=\"titulo\">CECOM TEM     TRABALHO APROVADO PARA I WORKSHOP DE TI DAS IFES<\/span><\/a> <span class=\"texto\">     <\/p>\n<p>O CECOM vai apresentar palestra no I Workshop de Tecnologia da Informa&ccedil;&atilde;o      das IFES, marcado para o per&iacute;odo de 11 a 13 de abril\/2007, na      Universidade Federal da Bahia, em Salvador\/BA.<\/p>\n<p>     A proposta do trabalho, enviada por Paulo Couto Lessa, da Divis&atilde;o      e Redes de Comunica&ccedil;&atilde;o (DRC), tem o t&iacute;tulo Experi&ecirc;ncia      da UFMG na migra&ccedil;&atilde;o para Gigabit Ethernet &#8211; WAN e LAN.      As propostas apresentadas para o workshop abordaram relatos de experi&ecirc;ncias      bem sucedidas nas institui&ccedil;&otilde;es de ensino superior.<\/p>\n<p align=\"center\"><img loading=\"lazy\" decoding=\"async\" src=\"https:\/\/www.ufmg.br\/dti\/wp-content\/uploads\/fotos\/16_11\/paulo-lessa.jpg\" width=\"350\" height=\"249\"><br \/>     <font face=\"1\">Paulo Lessa<\/font><\/p>\n<\/p>\n<p>    <\/span><\/td>\n<\/tr>\n<tr>\n<td align=\"LEFT\" valign=\"TOP\"><\/td>\n<td align=\"LEFT\" valign=\"TOP\"> <a name=\"anoticias3\"><span class=\"titulo\">CECOM DOA     ITENS DIVERSOS DE ESCRIT&Oacute;RIO<\/span><\/a> <span class=\"texto\">     <\/p>\n<p>Ap&oacute;s o invent&aacute;rio de 2006, o CECOM relacionou diversos      itens de seu patrim&ocirc;nio que, ap&oacute;s processo de avalia&ccedil;&atilde;o,      foram considerados ociosos. Em vista disto, foi institu&iacute;da comiss&atilde;o      espec&iacute;fica destinada a fazer o desfazimento desses bens.<\/p>\n<p>     O primeiro passo foi verificar junto &agrave; comunidade universit&aacute;ria      o interesse em receber, atrav&eacute;s de doa&ccedil;&atilde;o, alguns      desses bens que ainda poderiam ser recuperados e novamente utilizados.      Diversas unidades e &oacute;rg&atilde;os visitaram o CECOM e selecionaram      os itens de seu interesse para receber em doa&ccedil;&atilde;o. A rela&ccedil;&atilde;o      de itens foi informada &agrave; comunidade atrav&eacute;s de e-mail.<\/p>\n<p>     Os itens para os quais n&atilde;o acudiram interessados ser&atilde;o      objeto de doa&ccedil;&atilde;o para institui&ccedil;&atilde;o filantr&oacute;pica      sem fins lucrativos.<\/p>\n<p>     Participaram desse processo os funcion&aacute;rios Maria Auxiliadora      dos Santos e Haroldo Alves, da DAA.<\/p>\n<p>    <\/span> <\/td>\n<\/tr>\n<tr>\n<td align=\"LEFT\" valign=\"TOP\"><\/td>\n<td align=\"LEFT\" valign=\"TOP\"> <a name=\"anoticias4\" id=\"4\"><span class=\"titulo\">NOVO     ALERTA DO CAIS: MENSAGENS FALSAS DA RECEITA FEDERAL E IMPOSTO DE RENDA<\/span><\/a>     <span class=\"texto\">     <\/p>\n<p>O Centro de Atendimento a Incidentes de Seguranca (CAIS) da Rede Nacional      de Ensino e Pesquisa (RNP) publicou, no dia 27\/03\/2007, alerta a respeito      de mensagens que se fazem passar por comunicados da Receita Federal      sobre Imposto de Renda e CPF. O alerta descreve este golpe em espec&iacute;fico,      mas tamb&eacute;m apresenta dicas de identifica&ccedil;&atilde;o de      mensagens falsas em geral, dicas sobre barras de ferramentas que podem      ser instaladas em navegadores Web e recomenda&ccedil;&otilde;es gerais.<\/p>\n<p>     O CAIS avisa que usu&aacute;rios e administradores que desejam colaborar      com o combate a atividades maliciosas na Internet e que receberam um      e-mail que contenha um link para um aplicativo suspeito podem enviar      o link ou realizar um bounce (reenvio sem edi&ccedil;&atilde;o) da mensagem      original para: <a href=\"mailto:artefatos@cais.rnp.br\">artefatos@cais.rnp.br<\/a>.      Os usu&aacute;rios da UFMG recebem muitas destas mensagens e similares,      como aquelas que dizem que o t&iacute;tulo eleitoral ou o CPF vai ser      cancelado. Numa tentativa de minimizar os danos causados por este tipo      de mensagem, a UFMG incluiu, no e-mail enviado diariamente aos usu&aacute;rios      que t&ecirc;m mensagens retidas pelo servi&ccedil;o anti-spam, um link      (&#8220;Mensagem suspeita&#8221;) que pode ser utilizado para enviar      uma c&oacute;pia da mensagem retida para o CAIS. Esta fun&ccedil;&atilde;o      deve ser utilizada apenas nas mensagens associadas a cart&otilde;es      eletr&ocirc;nicos, fotos de acidentes, flagrantes de pessoas famosas      ou, mesmo, as que insinuam a comprova&ccedil;&atilde;o de uma poss&iacute;vel      trai&ccedil;&atilde;o.<\/p>\n<p>     As mensagens relacionadas com p&aacute;ginas falsas (principalmente      de bancos e institui&ccedil;&otilde;es financeiras) podem ser enviadas      (endere&ccedil;o da p&aacute;gina falsa ou bounce da mensagem original)      para: <a href=\"mailto:phishing@cais.rnp.br\">phishing@cais.rnp.br<\/a>.<\/p>\n<p>     As mensagens enviadas para os endere&ccedil;os acima n&atilde;o ter&atilde;o      resposta da equipe do CAIS. As informa&ccedil;&otilde;es s&atilde;o      recebidas e enviadas para listas de seguran&ccedil;a em que ser&atilde;o      tratadas pelas institui&ccedil;&otilde;es envolvidas. Mensagens ou p&aacute;ginas      falsas que estejam abrigadas dentro da Rede Nacional de Ensino e Pesquisa      (RNP) devem ser encaminhadas para: <a href=\"mailto:cais@cais.rnp.br\">cais@cais.rnp.br<\/a>.<\/p>\n<p>    <\/span> <\/p>\n<p>    <\/p>\n<p><\/td>\n<\/tr>\n<p>  <!-- #EndEditable -->  <\/table>\n<p> <!-- fim noticias --><\/div>\n<p><a name='informativo'><\/a><\/p>\n<h4>Informativo<\/h4>\n<div class=\"centro-sistematico\">  <!-- noticias --> <\/p>\n<table border=\"0\" cellspacing=\"0\" cellpadding=\"0\">\n<tr>\n<td><\/td>\n<td><\/td>\n<\/tr>\n<p>  <!-- #BeginEditable \"materias\" -->   <\/p>\n<tr>\n<td align=\"LEFT\" valign=\"TOP\"><\/td>\n<td align=\"LEFT\" valign=\"TOP\">\n<p><a name=\"ainformativo1\"><span class=\"titulo\">DICAS      DE SITES INTERESSANTES<\/span><br \/>     <\/a> <img loading=\"lazy\" decoding=\"async\" src=\"https:\/\/www.ufmg.br\/dti\/wp-content\/uploads\/imgs\/tudo_pixel.gif\" width=\"1\" height=\"20\" alt=\"\" border=\"0\"><br \/>     <span class=\"texto\"> Adyrus, o ca&ccedil;ador de sites, enviou as seguintes      dicas:<\/p>\n<p>     <\/span><span class=\"texto\">&#8211; Em vers&atilde;o beta, lan&ccedil;amento,      o VoiceThread permite montar apresenta&ccedil;&otilde;es de imagens      com coment&aacute;rios em &aacute;udio, autor e dos visitantes e que      podem ser publicadas em blogs ou em outros sites. O site &eacute; simples      e bem intuitivo. Para usar esta ferramenta, voc&ecirc; precisa apenas      se cadastrar para adquirir uma senha, de prefer&ecirc;ncia associando      o cadastro a uma imagem. Caso queira criar um &aacute;lbum, basta enviar      as imagens. Veja em <a href=\"http:\/\/voicethread.com\/\">http:\/\/voicethread.com\/<\/a>.      (Site em Ingl&ecirc;s)<\/p>\n<p>     &#8211; O Anu&aacute;rio Brasileiro de M&uacute;sicos &#8211; Profissionais e Servi&ccedil;os,      em <a href=\"http:\/\/www.anuariodomusico.com.br\/anuario\/index.asp\">http:\/\/www.anuariodomusico.com.br\/anuario\/index.asp<\/a>,      &eacute; um guia que vai oferecer aos seus anunciantes a oportunidade      de divulga&ccedil;&atilde;o por todo o Brasil. Por meio de uma parceria      com as principais associa&ccedil;&otilde;es do setor, ele ser&aacute;      distribu&iacute;do gratuitamente para os principais contratantes de      m&uacute;sicos e servi&ccedil;os.<\/p>\n<p>     &#8211; Se voc&ecirc; sempre teve vontade de criar o seu super her&oacute;i      e ficava s&oacute; na imagina&ccedil;&atilde;o, agora pode por em pr&aacute;tica.      No site Marvelvc (<a href=\"http:\/\/marvelvc.com.br\/Hero\/\">http:\/\/marvelvc.com.br\/Hero\/<\/a>),      o seu sonho vira realidade com a cria&ccedil;&atilde;o de seu super      her&oacute;i com todos os incrementos. (Site em Ingl&ecirc;s) <\/p>\n<p>     &#8211; Voc&ecirc; j&aacute; viu a foto da Thumbelina? S&oacute; para entender,      a Thumbelina &eacute; a menor &eacute;gua do mundo. &Eacute; uma egua      an&atilde; com 44,5 cm. N&atilde;o deixe de visitar o endere&ccedil;o      <a href=\"http:\/\/www.worldssmallesthorse.com\/\">http:\/\/www.worldssmallesthorse.com\/<\/a>.      (Site em Ingl&ecirc;s)<\/p>\n<p>     &#8211; O Compromisso Empresarial para Reciclagem (Cempre) &eacute; uma associa&ccedil;&atilde;o      sem fins lucrativos dedicada &agrave; promo&ccedil;&atilde;o da reciclagem      dentro do conceito de gerenciamento integrado do lixo. Fundado em 1992,      o Cempre &eacute; mantido por empresas privadas de diversos setores.      O Cempre trabalha para conscientizar a sociedade sobre a import&acirc;ncia      da redu&ccedil;&atilde;o, reutiliza&ccedil;&atilde;o e reciclagem de      lixo atrav&eacute;s de publica&ccedil;&otilde;es, pesquisas t&eacute;cnicas,      semin&aacute;rios e bancos de dados. Saiba mais em <a href=\"http:\/\/www.cempre.org.br\/\">http:\/\/www.cempre.org.br\/<\/a>.<\/p>\n<p>     &#8211; Chamamos de lixo tudo aquilo que n&atilde;o nos serve mais e jogamos      fora. Os dicion&aacute;rios de l&iacute;ngua portuguesa definem a palavra      como sendo: coisas in&uacute;teis, imprest&aacute;veis, velhas, sem      valor; aquilo que se varre para tornar limpa uma casa ou uma cidade;      entulho; qualquer material produzido pelo homem que perde a utilidade      e &eacute; descartado. V&aacute; at&eacute; o endere&ccedil;o <a href=\"http:\/\/www.recicloteca.org.br\/Default.asp\">http:\/\/www.recicloteca.org.br\/Default.asp<\/a>.<\/p>\n<p>     &#8211; Para o pessoal que fica jogando comida fora, o que acontece muito      em restaurantes, self-services etc., vai uma dica para voc&ecirc; n&atilde;o      perder nada n&atilde;o s&oacute; fora como dentro de casa em <a href=\"http:\/\/www.pratocheio.org.br\/\">http:\/\/www.pratocheio.org.br\/<\/a>.<\/p>\n<p>     &#8211; A cidade come o que vem do campo. Historicamente, a produ&ccedil;&atilde;o      de alimentos sempre foi forte nas &aacute;reas rurais, restando aos      centros urbanos o papel de grandes consumidores de produtos agr&iacute;colas.      Mas agora voc&ecirc; pode fazer a sua pr&oacute;pria horta urbana. Saiba      mais em <a href=\"http:\/\/www2.prefeitura.sp.gov.br\/secretarias\/meio_ambiente\/projetos_e_acoes\/agricultura_urbana\/0001\">http:\/\/www2.prefeitura.sp.gov.br\/secretarias\/meio_ambiente\/projetos_e_acoes\/agricultura_urbana\/0001<\/a>.<br \/>     <\/span><\/p>\n<p><span class=\"texto\">Dicas do Bruno, da DAA:<\/p>\n<p>     &#8211; A nova edi&ccedil;&atilde;o da Rolling Stone norte-americana traz      como destaque de capa o d&eacute;cimo anivers&aacute;rio de South Park,      cria&ccedil;&atilde;o da dupla Matt Stone e Trey Parker. Para marcar      a data, a revista escolheu os 25 melhores momentos do desenho mais politicamente      incorreto da tev&ecirc; &#8211; e os disponibilizou em seu site. As      cenas representam bem aquilo que &eacute; South Park: s&aacute;tiras      com artistas, escatologia, cr&iacute;ticas cru&eacute;is &agrave; sociedade      e, principalmente, um humor sem concess&otilde;es. Para assistir aos      v&iacute;deos selecionados, acesse <a href=\"http:\/\/www.rollingstone.com\/news\/story\/13656546\/rolling_stones_top_25_moments_from_south_park\">http:\/\/www.rollingstone.com\/news\/story\/13656546\/rolling_stones_top_25_moments_from_south_park<\/a>      .<\/p>\n<p>     &#8211; No site de ajuda da Microsoft h&aacute; um verificador de senhas que      testa a seguran&ccedil;a delas. Se voc&ecirc; quer saber se sua senha      &eacute; devidamente forte para sua seguran&ccedil;a digital, acesse      <a href=\"http:\/\/www.microsoft.com\/brasil\/athome\/security\/privacy\/password_checker.mspx\">http:\/\/www.microsoft.com\/brasil\/athome\/security\/privacy\/password_checker.mspx<\/a>      .<\/p>\n<p>     &#8211; Veja um site que diz o que aconteceu quando voc&ecirc; nasceu. Na      Terra e no C&eacute;u. E se voc&ecirc; est&aacute; pensando em mudar      para algum outro planeta e n&atilde;o sabe quando ir&aacute; comemorar      seu anivers&aacute;rio&#8230; O site tamb&eacute;m diz quantos anos      voc&ecirc; teria em Marte, em V&ecirc;nus, em J&uacute;piter, em Plut&atilde;o,      e assim por diante. Acesse <a href=\"http:\/\/www.kakophone.com\/kakorama\/EN\/index.php\">http:\/\/www.kakophone.com\/kakorama\/EN\/index.php<\/a>.<\/p>\n<p>     &#8211; Um site que protesta quanto ao desrespeito de certas igrejas crist&atilde;s      ou n&atilde;o no que se refere ao barulho. O site Deus n&atilde;o &eacute;      surdo foi criado com o intuito de se conscientizar os freq&uuml;entadores      de igrejas sobre a import&acirc;ncia de uma boa rela&ccedil;&atilde;o      com seu vizinho. O objetivo do site n&atilde;o &eacute; criticar igreja      alguma e sim que todas elas respeitem a lei e os nossos ouvidos. Acesse      <a href=\"http:\/\/www.deusnaoesurdo.com.br\/\">http:\/\/www.deusnaoesurdo.com.br\/<\/a>      .<\/span><\/p>\n<p><span class=\"texto\"><br \/>     <\/span>    <\/p>\n<\/td>\n<\/tr>\n<tr>\n<td align=\"LEFT\" valign=\"TOP\"><\/td>\n<td align=\"LEFT\" valign=\"TOP\"><a name=\"ainformativo2\"><span class=\"titulo\">BRASIL CAI     PARA 52&ordm; EM RANKING DE TECNOLOGIA DA INFORMA&Ccedil;&Atilde;O<\/span><\/a>     <span class=\"texto\">     <\/p>\n<p>O Globo Online, de 28\/03\/2007, divulgou a not&iacute;cia Brasil cai      para 52o em ranking de tecnologia da informa&ccedil;&atilde;o, transcrita      a seguir:<\/p>\n<p>     O Brasil caiu uma posi&ccedil;&atilde;o e ficou em 52&ordm; lugar no      ranking que mede a capacidade dos pa&iacute;ses de usar a tecnologia      da informa&ccedil;&atilde;o para incentivar o desenvolvimento e a competitividade.<br \/>     O Relat&oacute;rio Global de Tecnologia da Informa&ccedil;&atilde;o      &#8211; que este ano analisou um recorde de 122 pa&iacute;ses &#8211; &eacute; elaborado      anualmente pelo F&oacute;rum Econ&ocirc;mico Mundial.<\/p>\n<p>     O Brasil vem perdendo posi&ccedil;&otilde;es h&aacute; quatro anos consecutivos.      Em 2003, o pa&iacute;s estava em 39&ordm; lugar.<br \/>     A Dinamarca &eacute; o pa&iacute;s que lidera o ranking, seguida da      Su&eacute;cia e Cingapura. Os estados Unidos, que estavam em primeiro      lugar no ano passado, ca&iacute;ram para a s&eacute;tima posi&ccedil;&atilde;o.<\/p>\n<p>     Em entrevista &agrave; BBC Brasil, a co-autora do estudo, Irene Mia,      disse que a queda do Brasil no ranking se deve principalmente a dois      fatores.<\/p>\n<p>     Em primeiro lugar, &#8220;o Brasil sofre de um problema comum, que &eacute;      o excesso de regulamenta&ccedil;&atilde;o do mercado, o que dificulta,      por exemplo, a abertura de novos neg&oacute;cios&#8221;.<br \/>     Outra causa, segundo ela, &eacute; a qualidade do ensino, um problema      que tamb&eacute;m afeta a Am&eacute;rica Latina em geral.<\/p>\n<p>     &#8220;A qualidade da educa&ccedil;&atilde;o &eacute; muito importante      para o surgimento de inova&ccedil;&otilde;es e para a cria&ccedil;&atilde;o      de m&atilde;o-de-obra qualificada para o setor de tecnologia da informa&ccedil;&atilde;o&#8221;,      disse Mia.<br \/>     Mas a autora disse que h&aacute; aspectos positivos na forma como o      Brasil est&aacute; conduzindo o mercado de tecnologia de informa&ccedil;&atilde;o.      &#8220;O governo brasileiro assumiu um papel de lideran&ccedil;a no      setor&#8221;, disse Mia.<br \/>     &#8220;Al&eacute;m disso, as empresas brasileiras &#8211; o setor privado      &#8211; v&ecirc;m investindo muito em pesquisa e desenvolvimento, o que torna      o Brasil diferente do resto da Am&eacute;rica Latina, onde isso ainda      &eacute; muito dominado pelo governo&#8221;.<\/p>\n<p>     <strong>Am&eacute;rica Latina em alta<\/strong><br \/>     A queda brasileira vai contra a tend&ecirc;ncia geral da Am&eacute;rica      Latina, com pa&iacute;ses como o M&eacute;xico (49&ordm;), Argentina      (63&ordm;) e Peru (78&ordm;) tendo subido v&aacute;rias posi&ccedil;&otilde;es.<\/p>\n<p>     O Chile se manteve em primeiro lugar entre os pa&iacute;ses latinos,      no 31&ordm; lugar, mas caiu oito posi&ccedil;&otilde;es em compara&ccedil;&atilde;o      ao ano passado.<\/p>\n<p>     &#8220;A melhora geral da regi&atilde;o pode ser atribu&iacute;da em      parte aos resultados do aumento da &ecirc;nfase em estrat&eacute;gias      de tecnologia de informa&ccedil;&atilde;o e comunica&ccedil;&atilde;o      inclu&iacute;das nas agendas pol&iacute;ticas da maioria dos pa&iacute;ses      da regi&atilde;o para reduzir a divis&atilde;o digital e aumentar a      competi-tividade&#8221;, disse a co-autora do relat&oacute;rio, Irene      Mia.<\/p>\n<p>     &#8220;&Eacute; uma tend&ecirc;ncia muito encorajadora, mas ao mesmo      tempo h&aacute; uma s&eacute;rie de problemas que precisam ser resolvidos      para que o continente alcance regi&otilde;es como a &Aacute;sia, Europa      e os Estados Unidos&#8221;, disse Mia.<\/p>\n<p>     Como no caso do Brasil, os outros pa&iacute;ses latinos sofrem com a      baixa qualidade do sistema de educa&ccedil;&atilde;o. Al&eacute;m disso,      &#8220;o setor precisa ter um papel mais ativo na &aacute;rea de pesquisa      e desenvolvimento&#8221;.    <\/p>\n<p>(Fonte:<a href=\"http:\/\/oglobo.globo.com\/tecnologia\/mat\/2007\/03\/28\/295111531.asp\">http:\/\/oglobo.globo.com\/tecnologia\/mat\/2007\/03\/28\/295111531.asp<\/a>)<\/p>\n<p>    <\/span> <\/td>\n<\/tr>\n<tr>\n<td align=\"LEFT\" valign=\"TOP\"><\/td>\n<td align=\"LEFT\" valign=\"TOP\"><a name=\"ainformativo3\"><span class=\"titulo\">PRORH SORTEIA     INGRESSOS PARA O PAL&Aacute;CIO DAS ARTES<\/span><\/a> <span class=\"texto\">     <\/p>\n<p>A Pr&oacute;-Reitoria de Recursos Humanos (<a href=\"http:\/\/www.ufmg.br\/prorh\">PRORH<\/a>)      convida alunos, docentes e servidores da UFMG a participarem do sorteio      de ingressos aos espet&aacute;culos da programa&ccedil;&atilde;o de      abril pela Funda&ccedil;&atilde;o Cl&oacute;vis Salgado (Pal&aacute;cio      das Artes). Conv&ecirc;nio firmado entre a Funda&ccedil;&atilde;o e      a Universidade Federal de Minas Gerais disponibiliza mensalmente ingressos      para serem sorteados entre os interessados. <\/p>\n<p>     Este m&ecirc;s ser&atilde;o sorteados tr&ecirc;s convites para a programa&ccedil;&atilde;o      do Cine Humberto Mauro e dois pares de ingressos para concerto da Orquestra      Sinf&ocirc;nica de Minas Gerais e Coral L&iacute;rico, marcado para      o pr&oacute;ximo dia 3. As inscri&ccedil;&otilde;es ser&atilde;o aceitas      at&eacute; 17h do dia 30 de mar&ccedil;o e o sorteio ser&aacute; realizado      na mesma data, pela PRORH, que entrar&aacute; em contato com os sorteados.      Esses ter&atilde;o at&eacute; 12h do dia 2 de abril para retirar os      ingressos.    <\/p>\n<p>(Fonte: <a href=\"http:\/\/www.ufmg.br\/online\/arquivos\/005418.shtml\">http:\/\/www.ufmg.br\/online\/arquivos\/005418.shtml<\/a>      &#8211; 28 de mar&ccedil;o\/2007)<\/p>\n<p>    <\/span><\/td>\n<\/tr>\n<tr>\n<td align=\"LEFT\" valign=\"TOP\"><\/td>\n<td align=\"LEFT\" valign=\"TOP\"><a name=\"ainformativo4\" id=\"4\"><span class=\"titulo\">COME&Ccedil;AM     AS COMEMORA&Ccedil;&Otilde;ES DOS 75 ANOS DA ESCOLA DE VETERIN&Aacute;RIA<\/span><\/a>     <span class=\"texto\">     <\/p>\n<p>Com uma reuni&atilde;o da Congrega&ccedil;&atilde;o, marcada para as      18h desta sexta-feira, 30, a Escola de Veterin&aacute;ria da UFMG d&aacute;      in&iacute;cio ao programa de comemora&ccedil;&otilde;es de seus 75 anos      de exist&ecirc;ncia. A reuni&atilde;o, que acontece no audit&oacute;rio      da Unidade, ser&aacute; presidida pelo reitor Ronaldo Pena e estar&atilde;o      presentes a vice-reitora Helo&iacute;sa Maria Murgel Starling, o diretor      da Escola, Francisco Carlos Faria Lobato, e o vice-diretor, Renato C&eacute;sar      Sacchetto T&ocirc;rres.<\/p>\n<p>     Foram convidados tamb&eacute;m o presidente do Conselho Regional de      Medicina Veterin&aacute;ria de Minas Gerais, Fernando Cruz Laender,      e outras autoridades universit&aacute;rias. O orador oficial da solenidade      ser&aacute; o professor titular do Departamento de Medicina Veterin&aacute;ria      Preventiva e diretor da Escola de Veterin&aacute;ria, gest&atilde;o      1982 a 1986, &Eacute;lvio Carlos Moreira. <\/p>\n<p>     Na ocasi&atilde;o, ser&aacute; outorgado o t&iacute;tulo de professor      em&eacute;rito a Ivan Barbosa Machado Sampaio, &#8220;em reconhecimento      &agrave; sua expressiva contribui&ccedil;&atilde;o ao ensino, &agrave;      pesquisa e &agrave; extens&atilde;o desta Escola e da Universidade Federal      de Minas Gerais&#8221;. O homenageado ser&aacute; saudado pelo professor      Jonas Carlos Campos Pereira. Ainda dentro do evento, ser&aacute; reinagurada      a escultura-s&iacute;mbolo da Escola, de autoria Jarbas Juarez Antunes,      que ser&aacute; homenageado com uma placa.<\/p>\n<p>     <strong> Hist&oacute;ria<\/strong><br \/>     Uma das mais tradicionais e reconhecidas unidades acad&ecirc;micas da      UFMG, a Escola de Veterin&aacute;ria foi criada em 1920, em Vi&ccedil;osa,      mas apenas em 1932 &#8211; data oficialmente considerada como o marco      inicial da Unidade -, o curso de gradua&ccedil;&atilde;o come&ccedil;ou      a funcionar, integrando a Escola Superior de Agricultura e Veterin&aacute;ria      (Esav), com apenas quatro alunos. <\/p>\n<p>     A mudan&ccedil;a para a capital aconteceu em 1942, quando Juscelino      Kubitschek, &agrave; &eacute;poca prefeito de Belo Horizonte, construiu      o Parque da Gameleira e precisava ocup&aacute;-lo com t&eacute;cnicos      em agricultura e pecu&aacute;ria. Seis anos depois, foi criada a Universidade      Rural do Estado de Minas Gerais (Uremg), que reunia, entre outras institui&ccedil;&otilde;es,      a Escola Superior de Agricultura de Vi&ccedil;osa e a Escola Superior      de Veterin&aacute;ria de Belo Horizonte. Em 1961, a Escola de Veterin&aacute;ria      foi incorporada &agrave; UFMG. A mudan&ccedil;a para o campus Pampulha      aconteceu em 1974, quando as antigas instala&ccedil;&otilde;es no bairro      Nova Su&iacute;&ccedil;a foram repassadas ao Cefet.<\/p>\n<p>     (Fonte: <a href=\"http:\/\/www.ufmg.br\/online\/arquivos\/005425.shtml\">http:\/\/www.ufmg.br\/online\/arquivos\/005425.shtml<\/a>      &#8211; 29 de mar&ccedil;o\/2007)<\/p>\n<p>    <\/span><\/td>\n<\/tr>\n<p>  <!-- #EndEditable -->  <\/table>\n<p> <!-- fim noticias --> <!-- tabela ha 20 anos --> <\/p>\n<table border=\"0\" cellspacing=\"0\" cellpadding=\"0\" class=\"cinza\">\n<tr>\n<td><img loading=\"lazy\" decoding=\"async\" src=\"https:\/\/www.ufmg.br\/dti\/wp-content\/uploads\/imgs\/tudo_pixel.gif\" width=\"1\" height=\"1\" alt=\"\" border=\"0\"><\/td>\n<td><img loading=\"lazy\" decoding=\"async\" src=\"https:\/\/www.ufmg.br\/dti\/wp-content\/uploads\/imgs\/tudo_pixel.gif\" width=\"19\" height=\"1\" alt=\"\" border=\"0\"><\/td>\n<td><img loading=\"lazy\" decoding=\"async\" src=\"https:\/\/www.ufmg.br\/dti\/wp-content\/uploads\/imgs\/tudo_pixel.gif\" width=\"510\" height=\"1\" alt=\"\" border=\"0\"><\/td>\n<td><img loading=\"lazy\" decoding=\"async\" src=\"https:\/\/www.ufmg.br\/dti\/wp-content\/uploads\/imgs\/tudo_pixel.gif\" width=\"19\" height=\"1\" alt=\"\" border=\"0\"><\/td>\n<td><img loading=\"lazy\" decoding=\"async\" src=\"https:\/\/www.ufmg.br\/dti\/wp-content\/uploads\/imgs\/tudo_pixel.gif\" width=\"1\" height=\"1\" alt=\"\" border=\"0\"><\/td>\n<\/tr>\n<tr>\n<td class=\"vermelho\" colspan=\"5\"><img loading=\"lazy\" decoding=\"async\" src=\"https:\/\/www.ufmg.br\/dti\/wp-content\/uploads\/imgs\/tudo_pixel.gif\" width=\"1\" height=\"1\" alt=\"\" border=\"0\"><\/td>\n<\/tr>\n<tr>\n<td class=\"vermelho\"><img loading=\"lazy\" decoding=\"async\" src=\"https:\/\/www.ufmg.br\/dti\/wp-content\/uploads\/imgs\/tudo_pixel.gif\" width=\"1\" height=\"1\" alt=\"\" border=\"0\"><\/td>\n<td><img loading=\"lazy\" decoding=\"async\" src=\"https:\/\/www.ufmg.br\/dti\/wp-content\/uploads\/imgs\/tudo_pixel.gif\" width=\"1\" height=\"1\" alt=\"\" border=\"0\"><\/td>\n<td align=\"LEFT\" valign=\"TOP\"><!-- #BeginEditable \"ha 20 anos\" --><a name=\"ainformativo5\" id=\"5\"><img loading=\"lazy\" decoding=\"async\" src=\"https:\/\/www.ufmg.br\/dti\/wp-content\/uploads\/imgs\/tudo_pixel.gif\" width=\"1\" height=\"8\" alt=\"\" border=\"0\"><br \/>    <span class=\"titulo\">H\u00e1 20 anos&#8230;<\/span><\/a> <span class=\"texto\">     <\/p>\n<p>O Sistem&aacute;tico Ano XI, no 12, de 02\/04\/1987, publicou not&iacute;cias      sobre a chegada ao CECOM de um entintador de fitas de impressoras, aviso      aos usu&aacute;rios das impressoras Rima, palestra no CECOM, curso de      Combate a Inc&ecirc;ndio, entre outras. As not&iacute;cias que se destacaram      foram:<\/p>\n<p><strong>I SIMP&Oacute;SIO DE AUDITORIA<\/strong><br \/>     Benjamin Pinto Neto e Regina Helena Moura Brandi v&atilde;o participar      do I Simp&oacute;sio de Auditoria, Controle e Prote&ccedil;&atilde;o      em Processamento Eletr&ocirc;nico de Dados, a ser realizado nos dias      7 e 8 de abril, no Audit&oacute;rio do BDMG.<br \/>     O simp&oacute;sio tem a promo&ccedil;&atilde;o da SEI, Sucesu-MG, Instituto      dos Auditores Internos do Brasil &#8211; Regional MG e RG &#8211; Auditoria e Consultoria      Ltda. &#8230;<\/p>\n<p><strong>CURSO DMS II<\/strong><br \/>     Na pr&oacute;xima segunda-feira, dia 6 de abril, ter&aacute; in&iacute;cio      o M&oacute;dulo II do Curso DMS II &#8211; Utiliza&ccedil;&atilde;o de Banco      de Dados. Esse vai ser um curso intensivo de 45 horas, sendo tr&ecirc;s      vezes por semana at&eacute; o dia 08\/05\/87. V&atilde;o participar do      treinamento: toda a equipe do Setor de Banco de Dados, H&eacute;lio      Yoshida (Setor de Suporte de Software), Fernando Frota Machado de Morais,      H&eacute;lio Teixeira da Costa e Jo&atilde;o Carlos Lages (Divis&atilde;o      de Desenvolvimento de Sistemas).<\/p>\n<p>    <\/span><!-- #EndEditable --><br \/>     <img loading=\"lazy\" decoding=\"async\" src=\"https:\/\/www.ufmg.br\/dti\/wp-content\/uploads\/imgs\/tudo_pixel.gif\" width=\"1\" height=\"8\" alt=\"\" border=\"0\"><\/td>\n<td><img loading=\"lazy\" decoding=\"async\" src=\"https:\/\/www.ufmg.br\/dti\/wp-content\/uploads\/imgs\/tudo_pixel.gif\" width=\"1\" height=\"1\" alt=\"\" border=\"0\"><\/td>\n<td class=\"vermelho\"><img loading=\"lazy\" decoding=\"async\" src=\"https:\/\/www.ufmg.br\/dti\/wp-content\/uploads\/imgs\/tudo_pixel.gif\" width=\"1\" height=\"1\" alt=\"\" border=\"0\"><\/td>\n<\/tr>\n<tr>\n<td class=\"vermelho\" colspan=\"5\"><img loading=\"lazy\" decoding=\"async\" src=\"https:\/\/www.ufmg.br\/dti\/wp-content\/uploads\/imgs\/tudo_pixel.gif\" width=\"1\" height=\"1\" alt=\"\" border=\"0\"><\/td>\n<\/tr>\n<\/table>\n<p> <!-- fim tabela ha 20 anos --><\/div>\n<p><a name='eventos'><\/a><\/p>\n<h4>Eventos<\/h4>\n<div class=\"centro-sistematico\">  <!-- noticias --> <\/p>\n<table border=\"0\" cellspacing=\"0\" cellpadding=\"0\">\n<tr>\n<td><\/td>\n<td><\/td>\n<\/tr>\n<p>  <!-- #BeginEditable \"materias\" -->   <\/p>\n<tr>\n<td align=\"LEFT\" valign=\"TOP\"><\/td>\n<td align=\"LEFT\" valign=\"TOP\"> <a name=\"aeventos1\"><span class=\"titulo\">SOCIAIS<\/span><\/a>     <span class=\"texto\">     <\/p>\n<p><strong>ANIVERS&Aacute;RIOS<\/strong>:<em> &#8220;O Sistem&aacute;tico&#8221;      envia os parab&eacute;ns para Alda Batista, no dia 31; Elizabeth Gomes      Oliveira Clementino e Pedro Henrique Silvestre dos Santos (Cruz Vermelha),      no dia 03 de abril; e Eug&ecirc;nio Pacelli Pereira de de Souza, no      dia 05. Os parab&eacute;ns para os ex-ceconianos: Renato Vaz de Melo      Espechit, no dia 29; C&eacute;lio Casemiro de Sousa, no dia 30; Maria      Eug&ecirc;nia Melo da Cunha e Milton Pifano Soares Ferreira, no dia      31; H&eacute;lio Teixeira da Costa e C&eacute;sar de Almeida Correia,      no dia 1o de abril; prof. Wilson de P&aacute;dua Paula Filho e Werner      Streitwieser, no dia 05.<\/em><\/p>\n<p>    <\/span><\/td>\n<\/tr>\n<tr>\n<td align=\"LEFT\" valign=\"TOP\"><\/td>\n<td align=\"LEFT\" valign=\"TOP\"><a name=\"aeventos2\"><span class=\"titulo\">MEM&Oacute;RIA     FOTOGR&Aacute;FICA DO CECOM<\/span><\/a> <span class=\"texto\">     <\/p>\n<p>O Sistem&aacute;tico publica hoje mais um lote de fotos do 1&ordm;      Workshop de Desenvolvimento de Sistemas, organizado pela ATI no dia      04\/10\/2006, no Museu de Hist&oacute;ria Natural e Jardim Bot&acirc;nico      da UFMG. As fotos s&atilde;o de autoria de Fabr&iacute;cio Duarte Nogueira.<\/p>\n<p>    <\/span> <\/p>\n<p align=\"center\"><font face=\"1\"><img decoding=\"async\" src=\"\/fotos\/29_03\/work01.jpg\" height=\"413\"><br \/>     A palestra de Diogo, do CECOM<\/font><\/p>\n<p align=\"center\"><font face=\"1\"><img decoding=\"async\" src=\"\/fotos\/29_03\/work02.jpg\" height=\"490\"><br \/>     A palestra de Fabiana, do LCC<\/font><\/p>\n<p align=\"center\"><font face=\"1\"><img decoding=\"async\" src=\"\/fotos\/29_03\/work03.jpg\" height=\"377\"><br \/>     Ao final dos trabalhos, um Happy Hour com Jo&atilde;ozinho, Rog&eacute;rio      e Charles<\/font><\/p>\n<p align=\"center\"><font face=\"1\"><img decoding=\"async\" src=\"\/fotos\/29_03\/work04.jpg\" height=\"413\"><br \/>     Henrique, Thiago Diniz, Diogo e Ronaldo<\/font><\/p>\n<p align=\"center\"><font face=\"1\"><img decoding=\"async\" src=\"\/fotos\/29_03\/work05.jpg\" height=\"413\"><br \/>     Rog&eacute;rio, Charles, Jo&atilde;ozinho e Gilmar<br \/>     <\/font><\/p>\n<p align=\"center\"><font face=\"1\"><img decoding=\"async\" src=\"\/fotos\/29_03\/work06.jpg\" height=\"264\"><br \/>     A turma no Happy Hour<br \/>     r<img decoding=\"async\" src=\"\/fotos\/29_03\/work07.jpg\" height=\"333\"><\/p>\n<p>     <\/font><\/p>\n<p align=\"center\">    <\/p>\n<\/td>\n<\/tr>\n<p>  <!-- #EndEditable -->  <\/table>\n<p> <!-- fim noticias --><\/div>\n","protected":false},"excerpt":{"rendered":"<p>Not\u00edcias NOVO PREG&Atilde;O DE TELEFONIA CELULAR OCORRER&Aacute; EM ABRIL CECOM TEM TRABALHO APROVADO PARA I WORKSHOP DE TI DAS IFES CECOM DOA ITENS DIVERSOS DE ESCRIT&Oacute;RIO NOVO ALERTA DO CAIS: MENSAGENS FALSAS DA RECEITA FEDERAL E IMPOSTO DE RENDA Informativo DICAS DE SITES INTERESSANTES BRASIL CAI PARA 52&ordm; EM RANKING DE TECNOLOGIA DA INFORMA&Ccedil;&Atilde;O PRORH &#8230; <a title=\"Sistem\u00e1tico: Edi\u00e7\u00e3o 1329 &#8211; 29\/03\/2007\" class=\"read-more\" href=\"https:\/\/www.ufmg.br\/dti\/2007\/03\/29\/sistematico-edicao-1329-29032007\/\" aria-label=\"Read more about Sistem\u00e1tico: Edi\u00e7\u00e3o 1329 &#8211; 29\/03\/2007\">Ler mais<\/a><\/p>\n","protected":false},"author":3,"featured_media":0,"comment_status":"open","ping_status":"open","sticky":false,"template":"","format":"standard","meta":{"inline_featured_image":false,"footnotes":""},"categories":[13],"tags":[],"coauthors":[79],"class_list":["post-3103","post","type-post","status-publish","format-standard","hentry","category-sistematico"],"_links":{"self":[{"href":"https:\/\/www.ufmg.br\/dti\/wp-json\/wp\/v2\/posts\/3103","targetHints":{"allow":["GET"]}}],"collection":[{"href":"https:\/\/www.ufmg.br\/dti\/wp-json\/wp\/v2\/posts"}],"about":[{"href":"https:\/\/www.ufmg.br\/dti\/wp-json\/wp\/v2\/types\/post"}],"author":[{"embeddable":true,"href":"https:\/\/www.ufmg.br\/dti\/wp-json\/wp\/v2\/users\/3"}],"replies":[{"embeddable":true,"href":"https:\/\/www.ufmg.br\/dti\/wp-json\/wp\/v2\/comments?post=3103"}],"version-history":[{"count":0,"href":"https:\/\/www.ufmg.br\/dti\/wp-json\/wp\/v2\/posts\/3103\/revisions"}],"wp:attachment":[{"href":"https:\/\/www.ufmg.br\/dti\/wp-json\/wp\/v2\/media?parent=3103"}],"wp:term":[{"taxonomy":"category","embeddable":true,"href":"https:\/\/www.ufmg.br\/dti\/wp-json\/wp\/v2\/categories?post=3103"},{"taxonomy":"post_tag","embeddable":true,"href":"https:\/\/www.ufmg.br\/dti\/wp-json\/wp\/v2\/tags?post=3103"},{"taxonomy":"author","embeddable":true,"href":"https:\/\/www.ufmg.br\/dti\/wp-json\/wp\/v2\/coauthors?post=3103"}],"curies":[{"name":"wp","href":"https:\/\/api.w.org\/{rel}","templated":true}]}}