{"id":3108,"date":"2007-01-18T08:00:00","date_gmt":"2007-01-18T08:00:00","guid":{"rendered":"https:\/\/www.ufmg.br\/dti\/cecom\/?p=1307"},"modified":"2007-01-18T08:00:00","modified_gmt":"2007-01-18T08:00:00","slug":"sistematico-edicao-1320-18012007","status":"publish","type":"post","link":"https:\/\/www.ufmg.br\/dti\/2007\/01\/18\/sistematico-edicao-1320-18012007\/","title":{"rendered":"Sistem\u00e1tico: Edi\u00e7\u00e3o 1320 &#8211; 18\/01\/2007"},"content":{"rendered":"<ul>\n<li><a href=\"\/dti\/#noticias\">Not\u00edcias<\/a>\n<div class='submenuSistematico'>\n<ul>\n<li><a href=\"\/dti\/#anoticias1\"><span class=\"titulo\">CECOM CONTABILIZA     INDICADORES DE DESEMPENHO DE 2006<\/span><\/a><\/li>\n<li><a href=\"\/dti\/#anoticias2\"><span class=\"titulo\">LIBERADAS     ESTAT&Iacute;STICAS DO PROXY DE NOVEMBRO E DEZEMBRO DE 2006<\/span><\/a><\/li>\n<li><a href=\"\/dti\/#anoticias3\"><span class=\"titulo\">PRIMEIRA     EDI&Ccedil;&Atilde;O DO ANO<\/span><\/a><\/li>\n<li><a href=\"\/dti\/#anoticias4\" id=\"4\"><span class=\"titulo\">NOVO     ESTAGI&Aacute;RIO NO CECOM<\/span><\/a><\/li>\n<\/ul>\n<\/div>\n<\/li>\n<li><a href=\"\/dti\/#informativo\">Informativo<\/a>\n<div class='submenuSistematico'>\n<ul>\n<li><a href=\"\/dti\/#ainformativo1\"><span class=\"titulo\">DICAS      DE SITES INTERESSANTES<\/span><br \/>     <\/a><\/li>\n<li><a href=\"\/dti\/#ainformativo2\"><span class=\"titulo\">DICA DO NOTES:     MENSAGEM LIDA SOMENTE VIA WEB<\/span><\/a><\/li>\n<li><a href=\"\/dti\/#ainformativo3\" id=\"3\"><img loading=\"lazy\" decoding=\"async\" src=\"https:\/\/www.ufmg.br\/dti\/wp-content\/uploads\/imgs\/tudo_pixel.gif\" width=\"1\" height=\"8\" alt=\"\" border=\"0\"><br \/>    <span class=\"titulo\">H\u00e1 20 anos&#8230;<\/span><\/a><\/li>\n<\/ul>\n<\/div>\n<\/li>\n<li><a href=\"\/dti\/#eventos\">Eventos<\/a>\n<div class='submenuSistematico'>\n<ul>\n<li><a href=\"\/dti\/#aeventos1\"><span class=\"titulo\">SOCIAIS<\/span><\/a><\/li>\n<li><a href=\"\/dti\/#aeventos2\"><span class=\"titulo\">MEM&Oacute;RIA     FOTOGR&Aacute;FICA DO CECOM<\/span><\/a><\/li>\n<\/ul>\n<\/div>\n<\/li>\n<\/ul>\n<p> <a name='noticias'><\/a><\/p>\n<h4>Not\u00edcias<\/h4>\n<div class=\"centro-sistematico\">  <!-- noticias --> <\/p>\n<table border=\"0\" cellspacing=\"0\" cellpadding=\"0\">\n<tr>\n<td><\/td>\n<td><\/td>\n<\/tr>\n<p>  <!-- #BeginEditable \"materias\" -->   <\/p>\n<tr>\n<td align=\"LEFT\" valign=\"TOP\"><\/td>\n<td align=\"LEFT\" valign=\"TOP\"> <a name=\"anoticias1\"><span class=\"titulo\">CECOM CONTABILIZA     INDICADORES DE DESEMPENHO DE 2006<\/span><\/a> <span class=\"texto\">     <\/p>\n<p>Ao final de cada ano o CECOM fecha o processo de coleta de diversos      indicadores de desempenho de seus sistemas e servi&ccedil;os. A an&aacute;lise      desses n&uacute;meros e de sua s&eacute;rie hist&oacute;rica subsidia      a elabora&ccedil;&atilde;o de projetos, auxilia a previs&atilde;o de      recursos e indica a tend&ecirc;ncia de evolu&ccedil;&atilde;o das atividades      de rotina.<\/p>\n<p>     Alguns indicadores s&atilde;o informados no site do CECOM nas p&aacute;ginas      de seus servi&ccedil;os correspondentes, como o Antispam e o servi&ccedil;o      de Proxy (vide informa&ccedil;&otilde;es espec&iacute;ficas nessa edi&ccedil;&atilde;o      de O Sistem&aacute;tico), outros s&atilde;o utilizados apenas para planejamento      interno, os demais s&atilde;o informados na p&aacute;gina <a href=\"https:\/\/www.ufmg.br\/dti\/cecom\/co_numeros.shtml\">https:\/\/www.ufmg.br\/dti\/cecom\/co_numeros.shtml<\/a>.      Nessa p&aacute;gina podem ser checadas informa&ccedil;&otilde;es relacionadas      &agrave; utiliza&ccedil;&atilde;o dos sistemas do mainframe, acesso      dos alunos &agrave;s informa&ccedil;&otilde;es da Gradua&ccedil;&atilde;o,      indicadores de servi&ccedil;o de atendimento (rede de dados, telefonia,      sistemas implantados etc.) e oferecimento de treinamento.<\/p>\n<p>     As informa&ccedil;&otilde;es referentes a 2006 ser&atilde;o publicadas      pela DAA at&eacute; quinta-feira da pr&oacute;xima semana, dia 25, e      foram coletadas pela DAC, quando do encerramento do ano passado, com      o apoio da DRC e DAS. O respons&aacute;vel pelo trabalho foi o funcion&aacute;rio      Gerson Edson Machado de Souza, da DAC. <\/p>\n<p>    <\/span> <\/td>\n<\/tr>\n<tr>\n<td align=\"LEFT\" valign=\"TOP\"><\/td>\n<td align=\"LEFT\" valign=\"TOP\"> <a name=\"anoticias2\"><span class=\"titulo\">LIBERADAS     ESTAT&Iacute;STICAS DO PROXY DE NOVEMBRO E DEZEMBRO DE 2006<\/span><\/a>     <span class=\"texto\">     <\/p>\n<p>Desde o m&ecirc;s de agosto\/2006, o CECOM come&ccedil;ou a divulgar      as estat&iacute;sticas de uso do servi&ccedil;o de proxy HTTP da UFMG,      que permite o acesso, de fora da Rede UFMG, a sites n&atilde;o p&uacute;blicos,      como &eacute; o caso dos apontados pelo Portal CAPES. O uso do proxy      da UFMG por computadores externos s&oacute; &eacute; permitido atrav&eacute;s      de autentica&ccedil;&atilde;o, j&aacute; que s&oacute; podem fazer uso      deste servi&ccedil;o pessoas que fa&ccedil;am parte da comunidade universit&aacute;ria.      Para isso, &eacute; necess&aacute;rio que os usu&aacute;rios tenham      cadastro no Grude. As instru&ccedil;&otilde;es necess&aacute;rias para      uso do proxy est&atilde;o dispon&iacute;veis no menu &#8220;Servi&ccedil;os&#8221;,      op&ccedil;&atilde;o Intranet e Extranet, no site do CECOM em<a href=\"https:\/\/www.ufmg.br\/dti\/cecom\/\">      sites-hml.dti.ufmg.br\/dti\/cecom<\/a>, ou diretamente no endere&ccedil;o <a href=\"https:\/\/www.ufmg.br\/dti\/cecom\/proxy_%20http.shtml\">https:\/\/www.ufmg.br\/dti\/cecom\/proxy_      http.shtml<\/a>.<\/p>\n<p>     At&eacute; o dia 31 de dezembro, foram registrados 1.591 usu&aacute;rios      diferentes acessando o sistema, desde que ele foi implantado no in&iacute;cio      de abril.<br \/>     O gr&aacute;fico abaixo, com o total de registros mensais de acesso,      mostra como o servi&ccedil;o tem sido atraente para a comunidade acad&ecirc;mica.     <\/p>\n<p>&nbsp;<\/p>\n<p align=\"center\"><img decoding=\"async\" src=\"https:\/\/www.ufmg.br\/dti\/wp-content\/uploads\/fotos\/2007\/11_01\/proxy_nov-dez-06.jpg\" height=\"362\"><\/p>\n<p>&nbsp;<\/p>\n<p>    <\/p>\n<p>    <\/span><\/td>\n<\/tr>\n<tr>\n<td align=\"LEFT\" valign=\"TOP\"><\/td>\n<td align=\"LEFT\" valign=\"TOP\"> <a name=\"anoticias3\"><span class=\"titulo\">PRIMEIRA     EDI&Ccedil;&Atilde;O DO ANO<\/span><\/a> <span class=\"texto\">     <\/p>\n<p><em>O Sistem&aacute;tico <\/em>retorna ap&oacute;s tr&ecirc;s semanas      sem publica&ccedil;&atilde;o, trazendo a mensagem de um 2007 muito produtivo      para todos.<\/p>\n<p>     Como em todos os anos, vem solicitar a colabora&ccedil;&atilde;o de      todos na divulga&ccedil;&atilde;o dos trabalhos do CECOM.<\/p>\n<p>     Esse &eacute; um ano muito especial, pois chega &agrave; marca de 30      anos de exist&ecirc;ncia, gra&ccedil;as a todos os ceconianos e ex-ceconianos      que sempre tiveram um carinho enorme para com ele e nunca deixaram de      registrar em suas p&aacute;ginas tudo o que acontecia no CECOM. Vamos      continuar a jornada, cumprindo o seu principal papel que &eacute; o      de divulgador.<\/p>\n<p>    <\/span> <\/td>\n<\/tr>\n<tr>\n<td align=\"LEFT\" valign=\"TOP\"><\/td>\n<td align=\"LEFT\" valign=\"TOP\"> <a name=\"anoticias4\" id=\"4\"><span class=\"titulo\">NOVO     ESTAGI&Aacute;RIO NO CECOM<\/span><\/a> <span class=\"texto\">     <\/p>\n<p>O CECOM contratou, no dia 02 de janeiro de 2006, o estagi&aacute;rio      Rui C&eacute;sar Andrade de Pinho, aluno do curso de Ci&ecirc;ncia da      Computa&ccedil;&atilde;o.<\/p>\n<p align=\"center\"><img decoding=\"async\" src=\"https:\/\/www.ufmg.br\/dti\/wp-content\/uploads\/fotos\/2007\/11_01\/rui.jpg\" height=\"395\"><\/p>\n<p> Rui C&eacute;sar est&aacute; lotado na Divis&atilde;o de Redes de      Comunica&ccedil;&atilde;o, onde j&aacute; participa das atividades da      divis&atilde;o.<\/p>\n<p>    <\/span> <\/td>\n<\/tr>\n<p>  <!-- #EndEditable -->  <\/table>\n<p> <!-- fim noticias --><\/div>\n<p><a name='informativo'><\/a><\/p>\n<h4>Informativo<\/h4>\n<div class=\"centro-sistematico\">  <!-- noticias --> <\/p>\n<table border=\"0\" cellspacing=\"0\" cellpadding=\"0\">\n<tr>\n<td><\/td>\n<td><\/td>\n<\/tr>\n<p>  <!-- #BeginEditable \"materias\" -->   <\/p>\n<tr>\n<td align=\"LEFT\" valign=\"TOP\"><\/td>\n<td align=\"LEFT\" valign=\"TOP\">\n<p><a name=\"ainformativo1\"><span class=\"titulo\">DICAS      DE SITES INTERESSANTES<\/span><br \/>     <\/a> <img loading=\"lazy\" decoding=\"async\" src=\"https:\/\/www.ufmg.br\/dti\/wp-content\/uploads\/imgs\/tudo_pixel.gif\" width=\"1\" height=\"20\" alt=\"\" border=\"0\"><br \/>     <span class=\"texto\"> Adyrus, o ca&ccedil;ador de sites, enviou as seguintes      dicas:<\/span><\/p>\n<p><span class=\"texto\"><br \/>     &#8211; Se voc&ecirc; gosta de anima&ccedil;&otilde;es e n&atilde;o perde      um lan&ccedil;amento, vai uma dica, no endere&ccedil;o <a href=\"http:\/\/www.laboratory101.com\/?p=51\">http:\/\/www.laboratory101.com\/?p=51<\/a>,      que re&uacute;ne 20 das mais interessantes anima&ccedil;&otilde;es.      (Site em Ingl&ecirc;s)<\/p>\n<p>     &#8211; Dizem que, no seriado 24 horas, o Jack Bauer mata muito e ent&atilde;o,      fizeram uma p&aacute;gina para contar quantos ele matou at&eacute; hoje      no filme. Caso esteja curioso, v&aacute; at&eacute; <a href=\"http:\/\/www.bauercount.com\/v3\/index.php\/season\/show\/6\">http:\/\/www.bauercount.com\/v3\/index.php\/season\/show\/6<\/a>.      (Site em Ingl&ecirc;s)<\/p>\n<p>     &#8211; Voc&ecirc; &eacute; daqueles, que como eu, tem horror a barata? Caso      tenha ou n&atilde;o, por curiosidade, entre na Wikipedia, em <a href=\"http:\/\/pt.wikipedia.org\/wiki\/Blattaria\">http:\/\/pt.wikipedia.org\/wiki\/Blattaria<\/a>,      e fique por dentro das baratas. Tem algumas fotos lindas! Argh!<\/p>\n<p>     &#8211; Para quem assiste &agrave; s&eacute;rie vai parecer f&aacute;cil.      &Eacute; uma id&eacute;ia antiga, mas agora usaram Os Simpsons para      voc&ecirc; brincar um pouquinho. Tente achar no desenho onde est&aacute;      Wally. Como falei, parece f&aacute;cil, mas n&atilde;o &eacute; muito.      V&aacute; at&eacute; <a href=\"http:\/\/www.iftk.com.br\/wordpress\/2007\/01\/15\/ache-o-personagem-que-nao-e-dos-simpsons\/\">http:\/\/www.iftk.com.br\/wordpress\/2007\/01\/15\/ache-o-personagem-que-nao-e-dos-simpsons\/<\/a>.<\/p>\n<p>     &#8211; Maur&iacute;cio Fel&iacute;cio, brasileiro e administrador, foi fazer      MBA na Stanford University (EUA). Chegando l&aacute;, come&ccedil;ou      a procurar emprego em multinacionais. Percebeu que era importante saber      uma terceira l&iacute;ngua, e que somente o Portugu&ecirc;s e o Ingl&ecirc;s      n&atilde;o bastariam. Paralelo a isso, sua esposa come&ccedil;ou a dar      aulas de Portugu&ecirc;s para americanos. A demanda de pessoas que queriam      aprender a l&iacute;ngua foi relativamente grande e, assim, come&ccedil;ou      a montar um site para o aprendizado do Portugu&ecirc;s. Veja em <a href=\"http:\/\/www1.folha.uol.com.br\/folha\/dimenstein\/cbn\/capital_040506.shtml\">http:\/\/www1.folha.uol.com.br\/folha\/dimenstein\/cbn\/capital_040506.shtml<\/a>.<\/span><\/p>\n<p><span class=\"texto\"><br \/>     <\/span>    <\/p>\n<\/td>\n<\/tr>\n<tr>\n<td align=\"LEFT\" valign=\"TOP\"><\/td>\n<td align=\"LEFT\" valign=\"TOP\"><a name=\"ainformativo2\"><span class=\"titulo\">DICA DO NOTES:     MENSAGEM LIDA SOMENTE VIA WEB<\/span><\/a> <span class=\"texto\">     <\/p>\n<p>V&aacute;rios usu&aacute;rios da rede administrativa da UFMG ligam      para Central de Atendimento relatando que, ao abrir a sua caixa postal      pessoal ou institucional, atrav&eacute;s do cliente &#8220;Lotus Notes&#8221;,      n&atilde;o conseguem visualizar o conte&uacute;do de algumas mensagens      e que este fato n&atilde;o ocorre pelo acesso via Web, onde elas podem      ser lidas sem problema. Isso ocorre porque estas mensagens foram enviadas      em formato HTML.<\/p>\n<p>     Assim, a DAC elaborou uma receita para resolver esse problema:<\/p>\n<p>     1. Entrar na rede novell;<\/p>\n<p>     2. Copiar o arquivo F:\\UTIL\\Notes\\ ver65\\Datapadrao\\perweb50.ntf para      u:\\util\\notes (e-mail pessoal) ou l:\\notes\\&lt;nome_do_setor&gt;;<\/p>\n<p>     3. Abrir o Lotus Notes e clicar no bot&atilde;o Escrit&oacute;rio, no      canto direito-inferior da sua tela (pr&oacute;ximo ao rel&oacute;gio      do Windows);<\/p>\n<p>     4. Clicar no item &#8220;Editar Atual&#8221;;<\/p>\n<p>     5. Clicar na guia &#8220;Browser da Internet&#8221;;<\/p>\n<p>     6. No quadro &#8220;Browser da Internet&#8221; (logo abaixo), selecionar      a op&ccedil;&atilde;o &#8220;Notes com Internet Explorer&#8221;,clicando      na seta existente no lado direito deste quadro;<\/p>\n<p>     7. No item logo abaixo, &#8220;Recuperar\/Abrir p&aacute;gina&#8221;,      deixar a op&ccedil;&atilde;o &#8220;da esta&ccedil;&atilde;o de trabalho      do Notes&#8221;.<\/p>\n<p>     8. Na guia Avan&ccedil;ado, clicar na subguia &#8220;Web Retriever&#8221;,      conferir\/acertar a configura&ccedil;&atilde;o mostrada na sua tela para:      <\/p>\n<p>     Banco de Dados&#8230; : perweb.nsf<br \/>     Retrievers simult&acirc;neos: 15<br \/>     N&iacute;vel&#8230; : Nenhum<br \/>     Atualizar cache: sempre<\/p>\n<p>     9. Clicar no bot&atilde;o &#8220;Salvar e Fechar&#8221;;<\/p>\n<p>     10. Sair e abrir novamente o cliente Lotus Notes. <\/p>\n<p>    <\/span> <\/td>\n<\/tr>\n<p>  <!-- #EndEditable -->  <\/table>\n<p> <!-- fim noticias --> <!-- tabela ha 20 anos --> <\/p>\n<table border=\"0\" cellspacing=\"0\" cellpadding=\"0\" class=\"cinza\">\n<tr>\n<td><img loading=\"lazy\" decoding=\"async\" src=\"https:\/\/www.ufmg.br\/dti\/wp-content\/uploads\/imgs\/tudo_pixel.gif\" width=\"1\" height=\"1\" alt=\"\" border=\"0\"><\/td>\n<td><img loading=\"lazy\" decoding=\"async\" src=\"https:\/\/www.ufmg.br\/dti\/wp-content\/uploads\/imgs\/tudo_pixel.gif\" width=\"19\" height=\"1\" alt=\"\" border=\"0\"><\/td>\n<td><img loading=\"lazy\" decoding=\"async\" src=\"https:\/\/www.ufmg.br\/dti\/wp-content\/uploads\/imgs\/tudo_pixel.gif\" width=\"510\" height=\"1\" alt=\"\" border=\"0\"><\/td>\n<td><img loading=\"lazy\" decoding=\"async\" src=\"https:\/\/www.ufmg.br\/dti\/wp-content\/uploads\/imgs\/tudo_pixel.gif\" width=\"19\" height=\"1\" alt=\"\" border=\"0\"><\/td>\n<td><img loading=\"lazy\" decoding=\"async\" src=\"https:\/\/www.ufmg.br\/dti\/wp-content\/uploads\/imgs\/tudo_pixel.gif\" width=\"1\" height=\"1\" alt=\"\" border=\"0\"><\/td>\n<\/tr>\n<tr>\n<td class=\"vermelho\" colspan=\"5\"><img loading=\"lazy\" decoding=\"async\" src=\"https:\/\/www.ufmg.br\/dti\/wp-content\/uploads\/imgs\/tudo_pixel.gif\" width=\"1\" height=\"1\" alt=\"\" border=\"0\"><\/td>\n<\/tr>\n<tr>\n<td class=\"vermelho\"><img loading=\"lazy\" decoding=\"async\" src=\"https:\/\/www.ufmg.br\/dti\/wp-content\/uploads\/imgs\/tudo_pixel.gif\" width=\"1\" height=\"1\" alt=\"\" border=\"0\"><\/td>\n<td><img loading=\"lazy\" decoding=\"async\" src=\"https:\/\/www.ufmg.br\/dti\/wp-content\/uploads\/imgs\/tudo_pixel.gif\" width=\"1\" height=\"1\" alt=\"\" border=\"0\"><\/td>\n<td align=\"LEFT\" valign=\"TOP\"><!-- #BeginEditable \"ha 20 anos\" --><a name=\"ainformativo3\" id=\"3\"><img loading=\"lazy\" decoding=\"async\" src=\"https:\/\/www.ufmg.br\/dti\/wp-content\/uploads\/imgs\/tudo_pixel.gif\" width=\"1\" height=\"8\" alt=\"\" border=\"0\"><br \/>    <span class=\"titulo\">H\u00e1 20 anos&#8230;<\/span><\/a> <span class=\"texto\">     <\/p>\n<p>Nos n&uacute;meros 1 e 2 de <em>O Sistem&aacute;tico<\/em>, Ano XI,      foram publicadas not&iacute;cias sobre proposta de aloca&ccedil;&atilde;o      de DAIs, relat&oacute;rio de atividades do CECOM, avalia&ccedil;&atilde;o      de desempenho dos funcion&aacute;rios do CECOM, enqua-dramento, remanejamento      de Solange Guimar&atilde;es da Divis&atilde;o de Desenvolvimento de      Sistemas para a Divis&atilde;o de Tecnologia e Suporte, Plano Global      de Est&aacute;gios, Norma de F&eacute;rias, entre outras. A not&iacute;cia      que se destacou foi: <\/p>\n<p><strong>PERFURADORA IBM-029<\/strong><br \/>     <font face=\"1\">A m&aacute;quna perfuradora IBM-029, a &uacute;ltima      remanescente de uma &eacute;poca hist&oacute;rica (e inesquec&iacute;vel!)      e a &uacute;nica existente no CECOM atualmente, deve ser transferida      para o Facom, onde ainda ter&aacute; alguma utiliza&ccedil;&atilde;o.      Seu contrato de manuten&ccedil;&atilde;o n&atilde;o foi renovado e,      no SAU, j&aacute; est&aacute; sendo desenvolvido sistema alternativo      para edi&ccedil;&atilde;o de textos no pr&oacute;prio Facom e aprimorado      o sistema de transfer&ecirc;ncia de arquivo entre micros-B6700-Facom      (UFMG\/LIBE).<\/font><\/p>\n<p>    <\/span><!-- #EndEditable --><br \/>     <img loading=\"lazy\" decoding=\"async\" src=\"https:\/\/www.ufmg.br\/dti\/wp-content\/uploads\/imgs\/tudo_pixel.gif\" width=\"1\" height=\"8\" alt=\"\" border=\"0\"><\/td>\n<td><img loading=\"lazy\" decoding=\"async\" src=\"https:\/\/www.ufmg.br\/dti\/wp-content\/uploads\/imgs\/tudo_pixel.gif\" width=\"1\" height=\"1\" alt=\"\" border=\"0\"><\/td>\n<td class=\"vermelho\"><img loading=\"lazy\" decoding=\"async\" src=\"https:\/\/www.ufmg.br\/dti\/wp-content\/uploads\/imgs\/tudo_pixel.gif\" width=\"1\" height=\"1\" alt=\"\" border=\"0\"><\/td>\n<\/tr>\n<tr>\n<td class=\"vermelho\" colspan=\"5\"><img loading=\"lazy\" decoding=\"async\" src=\"https:\/\/www.ufmg.br\/dti\/wp-content\/uploads\/imgs\/tudo_pixel.gif\" width=\"1\" height=\"1\" alt=\"\" border=\"0\"><\/td>\n<\/tr>\n<\/table>\n<p> <!-- fim tabela ha 20 anos --><\/div>\n<p><a name='eventos'><\/a><\/p>\n<h4>Eventos<\/h4>\n<div class=\"centro-sistematico\">  <!-- noticias --> <\/p>\n<table border=\"0\" cellspacing=\"0\" cellpadding=\"0\">\n<tr>\n<td><\/td>\n<td><\/td>\n<\/tr>\n<p>  <!-- #BeginEditable \"materias\" -->   <\/p>\n<tr>\n<td align=\"LEFT\" valign=\"TOP\"><\/td>\n<td align=\"LEFT\" valign=\"TOP\"> <a name=\"aeventos1\"><span class=\"titulo\">SOCIAIS<\/span><\/a>     <span class=\"texto\">     <\/p>\n<p><strong>ANIVERS&Aacute;RIOS<\/strong>: <em>&#8220;O Sistem&aacute;tico&#8221;      envia os parab&eacute;ns atrasados para Jo&atilde;o Cloves Coelho, no      dia 10; Adriana Helo&iacute;sa Lima Bittencourt, no dia 14; e para os      ex-ceconianos: Rodolfo S&eacute;rgio Ferreira de Resende (DCC), no dia      12; Lindaura Rosa dos Santos (Fafich) e Luiz Flaviano dos Santos, no      dia 14; prof. Jos&eacute; Nagib Cotrin &Aacute;rabe e Joaquim Lopes      J&uacute;nior, no dia 15; Helen Lan Kwai Wah, no dia 16; Maria de Lourdes      Moreira Braga e Marli de Freitas Gomes, no dia 17. Os parab&eacute;ns      em dia para: Djim de Andrade Martins, no dia 21; e para os ex-ceconianos:      Simone Val&eacute;ria Borges, no dia 18; Adriana Maria Cunha Melo Figueiredo,      no dia 20;Geraldo Correia de Moura Baptista, Andr&eacute; Nogueira Sousa      e Edson Barbosa Duarte, no dia 21; Renato Baumgratz Viotti e Ana Paula      Lima Figueiredo, no dia 22. <\/em><\/p>\n<p>     <strong>FORMATURA<\/strong>: A cola&ccedil;&atilde;o de grau dos formandos      do curso de Ci&ecirc;ncia da Computa&ccedil;&atilde;o da UFMG ser&aacute;      hoje, dia 18\/01\/2007, &agrave;s 20h, no Audit&oacute;rio da Faculdade      de Direito. Entre os formandos, as ex-estagi&aacute;rias do CECOM Nat&aacute;lia      Cristina Martins e Carla Oliveira Bechelane.<\/p>\n<p>    <\/span> <\/p>\n<p align=\"center\"><img loading=\"lazy\" decoding=\"async\" src=\"https:\/\/www.ufmg.br\/dti\/wp-content\/uploads\/fotos\/2007\/11_01\/natalia.jpg\" width=\"183\" height=\"216\">      <img loading=\"lazy\" decoding=\"async\" src=\"https:\/\/www.ufmg.br\/dti\/wp-content\/uploads\/fotos\/2007\/11_01\/carla.jpg\" width=\"183\" height=\"216\"><br \/>     <font face=\"1\">Nat&aacute;lia (esq.)      e Carla<\/font><span class=\"texto\"><\/p>\n<p>     <\/span><\/p>\n<\/td>\n<\/tr>\n<tr>\n<td align=\"LEFT\" valign=\"TOP\"><\/td>\n<td align=\"LEFT\" valign=\"TOP\"><a name=\"aeventos2\"><span class=\"titulo\">MEM&Oacute;RIA     FOTOGR&Aacute;FICA DO CECOM<\/span><\/a> <span class=\"texto\">     <\/p>\n<p>A festa de Natal dos funcion&aacute;rios do CECOM foi realizada no      dia 21\/12\/2006, com um churrasco de confraterniza&ccedil;&atilde;o.      Como todos torceram, foi um dia de muito sol e calor, com a piscina      sendo aproveitada pelas crian&ccedil;as e os atletas jogando futebol.      Durante a festa, foi feito o sorteio de tr&ecirc;s cestas de Natal e      de tr&ecirc;s panetones, tudo isso gra&ccedil;as &agrave; colabora&ccedil;&atilde;o      de todos do CECOM. As fotos s&atilde;o de autoria de Bruno Santos.<\/p>\n<p>    <\/span> <\/p>\n<p align=\"center\"><font face=\"1\"><img decoding=\"async\" src=\"https:\/\/www.ufmg.br\/dti\/wp-content\/uploads\/fotos\/2007\/11_01\/mesa.jpg\" height=\"413\"><\/font><\/p>\n<p align=\"center\"><font face=\"1\"><img loading=\"lazy\" decoding=\"async\" src=\"https:\/\/www.ufmg.br\/dti\/wp-content\/uploads\/fotos\/2007\/11_01\/selma.jpg\" width=\"302\" height=\"400\"><br \/>     Selma, a feliz ganhadora da cesta de natal n&ordm; 1, recebendo a cesta      da Lel&eacute;<\/font><\/p>\n<p align=\"center\">&nbsp;<\/p>\n<p align=\"center\"><font face=\"1\"><img decoding=\"async\" src=\"https:\/\/www.ufmg.br\/dti\/wp-content\/uploads\/fotos\/2007\/11_01\/pessoas1.jpg\" height=\"413\"><br \/>     Cristina Queiroz, Vicentina, Selma e Cristina Andrade<\/font><\/p>\n<p align=\"center\"><font face=\"1\"><img decoding=\"async\" src=\"https:\/\/www.ufmg.br\/dti\/wp-content\/uploads\/fotos\/2007\/11_01\/pessoas2.jpg\" height=\"413\"><br \/>     Le&atilde;o e suas netas Natasha e Mariana<\/font><\/p>\n<p align=\"center\"><font face=\"1\"><img decoding=\"async\" src=\"https:\/\/www.ufmg.br\/dti\/wp-content\/uploads\/fotos\/2007\/11_01\/pessoas3.jpg\" height=\"413\"><br \/>     Yolanda, Henrique e Gustavo<\/font><\/p>\n<p align=\"center\"><font face=\"1\"><img decoding=\"async\" src=\"https:\/\/www.ufmg.br\/dti\/wp-content\/uploads\/fotos\/2007\/11_01\/pessoas4.jpg\" height=\"413\"><br \/>     Silvio, Paulo Lessa e Ant&ocirc;nio Carlos<\/font><\/p>\n<p align=\"center\"><span class=\"texto\"><br \/>     <\/span><\/p>\n<\/td>\n<\/tr>\n<p>  <!-- #EndEditable -->  <\/table>\n<p> <!-- fim noticias --><\/div>\n","protected":false},"excerpt":{"rendered":"<p>Not\u00edcias CECOM CONTABILIZA INDICADORES DE DESEMPENHO DE 2006 LIBERADAS ESTAT&Iacute;STICAS DO PROXY DE NOVEMBRO E DEZEMBRO DE 2006 PRIMEIRA EDI&Ccedil;&Atilde;O DO ANO NOVO ESTAGI&Aacute;RIO NO CECOM Informativo DICAS DE SITES INTERESSANTES DICA DO NOTES: MENSAGEM LIDA SOMENTE VIA WEB H\u00e1 20 anos&#8230; Eventos SOCIAIS MEM&Oacute;RIA FOTOGR&Aacute;FICA DO CECOM Not\u00edcias CECOM CONTABILIZA INDICADORES DE DESEMPENHO DE &#8230; <a title=\"Sistem\u00e1tico: Edi\u00e7\u00e3o 1320 &#8211; 18\/01\/2007\" class=\"read-more\" href=\"https:\/\/www.ufmg.br\/dti\/2007\/01\/18\/sistematico-edicao-1320-18012007\/\" aria-label=\"Read more about Sistem\u00e1tico: Edi\u00e7\u00e3o 1320 &#8211; 18\/01\/2007\">Ler mais<\/a><\/p>\n","protected":false},"author":3,"featured_media":0,"comment_status":"open","ping_status":"open","sticky":false,"template":"","format":"standard","meta":{"inline_featured_image":false,"footnotes":""},"categories":[13],"tags":[],"coauthors":[79],"class_list":["post-3108","post","type-post","status-publish","format-standard","hentry","category-sistematico"],"_links":{"self":[{"href":"https:\/\/www.ufmg.br\/dti\/wp-json\/wp\/v2\/posts\/3108","targetHints":{"allow":["GET"]}}],"collection":[{"href":"https:\/\/www.ufmg.br\/dti\/wp-json\/wp\/v2\/posts"}],"about":[{"href":"https:\/\/www.ufmg.br\/dti\/wp-json\/wp\/v2\/types\/post"}],"author":[{"embeddable":true,"href":"https:\/\/www.ufmg.br\/dti\/wp-json\/wp\/v2\/users\/3"}],"replies":[{"embeddable":true,"href":"https:\/\/www.ufmg.br\/dti\/wp-json\/wp\/v2\/comments?post=3108"}],"version-history":[{"count":0,"href":"https:\/\/www.ufmg.br\/dti\/wp-json\/wp\/v2\/posts\/3108\/revisions"}],"wp:attachment":[{"href":"https:\/\/www.ufmg.br\/dti\/wp-json\/wp\/v2\/media?parent=3108"}],"wp:term":[{"taxonomy":"category","embeddable":true,"href":"https:\/\/www.ufmg.br\/dti\/wp-json\/wp\/v2\/categories?post=3108"},{"taxonomy":"post_tag","embeddable":true,"href":"https:\/\/www.ufmg.br\/dti\/wp-json\/wp\/v2\/tags?post=3108"},{"taxonomy":"author","embeddable":true,"href":"https:\/\/www.ufmg.br\/dti\/wp-json\/wp\/v2\/coauthors?post=3108"}],"curies":[{"name":"wp","href":"https:\/\/api.w.org\/{rel}","templated":true}]}}