{"id":3119,"date":"2006-08-31T08:00:00","date_gmt":"2006-08-31T08:00:00","guid":{"rendered":"https:\/\/www.ufmg.br\/dti\/cecom\/?p=1321"},"modified":"2006-08-31T08:00:00","modified_gmt":"2006-08-31T08:00:00","slug":"sistematico-edicao-1306-31082006","status":"publish","type":"post","link":"https:\/\/www.ufmg.br\/dti\/2006\/08\/31\/sistematico-edicao-1306-31082006\/","title":{"rendered":"Sistem\u00e1tico: Edi\u00e7\u00e3o 1306 &#8211; 31\/08\/2006"},"content":{"rendered":"<ul>\n<li><a href=\"\/dti\/#noticias\">Not\u00edcias<\/a>\n<div class='submenuSistematico'>\n<ul>\n<li><a href=\"\/dti\/#anoticias1\"><span class=\"titulo\">UNISYS REALIZA     SEU 3&ordm; TECH F&Oacute;RUM<\/span><\/a><\/li>\n<li><a href=\"\/dti\/#anoticias2\"><span class=\"titulo\">CECOM REINICIA     MIGRA&Ccedil;&Atilde;O PARA REDE GIGA<\/span><\/a><\/li>\n<li><a href=\"\/dti\/#anoticias3\"><span class=\"titulo\">CECOM PROMOVE     PREG&Atilde;O PARA MANUTEN&Ccedil;&Atilde;O DAS CENTRAIS TELEF&Ocirc;NICAS<\/span><\/a><\/li>\n<li><a href=\"\/dti\/#anoticias4\" id=\"4\"><span class=\"titulo\">UFMG     REGISTRA MAIS DE 60 MIL INSCRI&Ccedil;&Otilde;ES PARA SEU VESTIBULAR 2007<\/span><\/a><\/li>\n<li><a href=\"\/dti\/#anoticias5\" id=\"5\"><span class=\"titulo\">CECOM     ATUALIZAR&Aacute; SISTEMA OPERACIONAL DE SERVIDOR DE APLICA&Ccedil;&Atilde;O     DO SISTEMA ACAD&Ecirc;MICO<\/span><\/a><\/li>\n<li><a href=\"\/dti\/#anoticias6\" id=\"6\"><span class=\"titulo\">MAIS     UM PASSO NA MIGRA&Ccedil;&Atilde;O PARA SOFTWARE LIVRE<\/span><\/a><\/li>\n<li><a href=\"\/dti\/#anoticias7\" id=\"7\"><span class=\"titulo\">INDISPONIBILIDADE     DE SERVI&Ccedil;OS DE TELEFONIA<\/span><\/a><\/li>\n<li><a href=\"\/dti\/#anoticias8\" id=\"8\"><span class=\"titulo\">CECOM     CONTRATA ESTAGI&Aacute;RIOS<\/span><\/a><\/li>\n<li><a href=\"\/dti\/#anoticias9\" id=\"9\"><span class=\"titulo\">PRORH     PROMOVE TREINAMENTO EM INFORM&Aacute;TICA<\/span><\/a><\/li>\n<\/ul>\n<\/div>\n<\/li>\n<li><a href=\"\/dti\/#informativo\">Informativo<\/a>\n<div class='submenuSistematico'>\n<ul>\n<li><a href=\"\/dti\/#ainformativo1\"><span class=\"titulo\">DICAS DE     SITES INTERESSANTES<\/span><br \/>    <\/a><\/li>\n<li><a href=\"\/dti\/#ainformativo2\"><span class=\"titulo\">CLIPPING     DA PUBLICA&Ccedil;&Atilde;O TI &amp; GOVERNO<\/span><\/a><\/li>\n<li><a href=\"\/dti\/#ainformativo3\"><span class=\"titulo\">INSCRI&Ccedil;&Otilde;ES     ABERTAS PARA F&Oacute;RUM NACIONAL DOS T&Eacute;CNICOS DE N&Iacute;VEL     SUPERIOR DAS IFES<\/span><\/a><\/li>\n<li><a href=\"\/dti\/#ainformativo4\"><img loading=\"lazy\" decoding=\"async\" src=\"https:\/\/www.ufmg.br\/dti\/wp-content\/uploads\/imgs\/tudo_pixel.gif\" width=\"1\" height=\"8\" alt=\"\" border=\"0\"><br \/>    <span class=\"titulo\">H\u00e1 20 anos&#8230;<\/span><\/a><\/li>\n<\/ul>\n<\/div>\n<\/li>\n<li><a href=\"\/dti\/#eventos\">Eventos<\/a>\n<div class='submenuSistematico'>\n<ul>\n<li><a href=\"\/dti\/#aeventos1\"><span class=\"titulo\">SOCIAIS<\/span><\/a><\/li>\n<li><a href=\"\/dti\/#aeventos2\"><span class=\"titulo\">MEM&Oacute;RIA     FOTOGR&Aacute;FICA DO CECOM<\/span><\/a><\/li>\n<\/ul>\n<\/div>\n<\/li>\n<\/ul>\n<p> <a name='noticias'><\/a><\/p>\n<h4>Not\u00edcias<\/h4>\n<div class=\"centro-sistematico\">  <!-- noticias --> <\/p>\n<table border=\"0\" cellspacing=\"0\" cellpadding=\"0\">\n<tr>\n<td><\/td>\n<td><\/td>\n<\/tr>\n<p>  <!-- #BeginEditable \"materias\" -->   <\/p>\n<tr>\n<td align=\"LEFT\" valign=\"TOP\"><\/td>\n<td align=\"LEFT\" valign=\"TOP\"> <a name=\"anoticias1\"><span class=\"titulo\">UNISYS REALIZA     SEU 3&ordm; TECH F&Oacute;RUM<\/span><\/a> <span class=\"texto\">     <\/p>\n<p>A Unisys promove esta semana, na Bahia, o seu 3o Tech F&oacute;rum.      O objetivo &eacute; reunir gestores de tecnologia da informa&ccedil;&atilde;o      de diversas empresas e institui&ccedil;&otilde;es p&uacute;blicas do      Brasil para discutir tend&ecirc;ncias de mercado e da tecnologia, abrindo      o debate e expondo solu&ccedil;&otilde;es e alternativas aos principais      problemas vivenciados hoje em TI. O evento acontecer&aacute; do dia      30 de agosto a 1 de setembro. Da UFMG, foram convidados o Diretor de      Tecnologia da Informa&ccedil;&atilde;o, Prof. Paulo Fernando Seixas      e o Diretor do Centro de Computa&ccedil;&atilde;o, Carlos Alfeu Furtado      da Fonseca.<\/p>\n<p>     A UFMG compor&aacute; a mesa redonda do painel <em>&#8220;O que faz      o CIO (Chief Information Officer) perder o sono?&#8221;<\/em> onde ser&atilde;o      debatidos diversos temas, tais como: disponibilidade de servi&ccedil;os,      continuidade de neg&oacute;cios, seguran&ccedil;a, custos x produtividade,      software livre, backlog de desenvolvimento, manuten&ccedil;&atilde;o      de aplicativos, outsourcing, consolida&ccedil;&atilde;o de servidores      e padroniza&ccedil;&atilde;o do ambiente de TI.<\/p>\n<p>    <\/span> <span class=\"texto\">     <\/p>\n<p>&nbsp;<\/p>\n<p>    <\/span> <\/td>\n<\/tr>\n<tr>\n<td align=\"LEFT\" valign=\"TOP\"><\/td>\n<td align=\"LEFT\" valign=\"TOP\"> <a name=\"anoticias2\"><span class=\"titulo\">CECOM REINICIA     MIGRA&Ccedil;&Atilde;O PARA REDE GIGA<\/span><\/a> <span class=\"texto\">     <\/p>\n<p>A DRC come&ccedil;ou a testar os &uacute;ltimos equipamentos recebidos      dentro do projeto CTINFRA03\/2001 e direcionados &agrave; Rede GIGA,      nome dado &agrave; nova infraestrutura central da Rede UFMG.<\/p>\n<p>     Foram adquiridos 3 roteadores da Allied Telesyn, modelo AT-9924SP, que      substituir&atilde;o equipamentos do mesmo fabricante, modelo AT-9816GB,      instalados no ICEx e ICB. Os roteadores novos t&ecirc;m 50% a mais de      portas de rede Gigabit (24 nos novos e 16 nos modelos substitu&iacute;dos)      e possibilitar&atilde;o que as redes do ICEx e do ICB que ainda est&atilde;o      fora da Rede Giga sejam migradas sem a necessidade de instala&ccedil;&atilde;o      de 2 equipamentos. Os roteadores substitu&iacute;dos ser&atilde;o utilizados      para atender pontos que n&atilde;o constavam do projeto original, elaborado      h&aacute; quase tr&ecirc;s anos, como o Centro de Microscopia e laborat&oacute;rios      adjacentes.<\/p>\n<p>     Nas duas &uacute;ltimas semanas, o CECOM migrou para a Rede Giga as      redes dos departamentos de Matem&aacute;tica e Estat&iacute;stica do      ICEx e ainda est&atilde;o de fora as redes da Administra&ccedil;ao do      ICEx e dos departamentos de Ci&ecirc;ncia da Computa&ccedil;&atilde;o,      F&iacute;sica e Qu&iacute;mica. <\/p>\n<p>&nbsp;<\/p>\n<p>    <\/span> <\/td>\n<\/tr>\n<tr>\n<td align=\"LEFT\" valign=\"TOP\"><\/td>\n<td align=\"LEFT\" valign=\"TOP\"> <a name=\"anoticias3\"><span class=\"titulo\">CECOM PROMOVE     PREG&Atilde;O PARA MANUTEN&Ccedil;&Atilde;O DAS CENTRAIS TELEF&Ocirc;NICAS<\/span><\/a>     <span class=\"texto\">     <\/p>\n<p>O Centro de Computa&ccedil;&atilde;o promover&aacute;, no dia 12\/09\/2006,      &agrave;s 14h, a sess&atilde;o de abertura do preg&atilde;o eletr&ocirc;nico      006\/2006, para contrata&ccedil;&atilde;o de servi&ccedil;os de manuten&ccedil;&atilde;o      e suporte t&eacute;cnico preventivo e corretivo dos sistemas telef&ocirc;ncos      Ericsson\/Matec, de propriedade da UFMG.<\/p>\n<p>     Ser&atilde;o objeto da manuten&ccedil;&atilde;o as centrais da Escola      de Arquitetura, Museu de Hist&oacute;ria Natural e Jardim Bot&acirc;nico,      N&uacute;cleo de Ci&ecirc;ncias Agr&aacute;rias de Montes Claros, Faculdade      de Direito, Conservat&oacute;rio de M&uacute;sica, Campus Pampulha,      Campus Sa&uacute;de, Escola de Engenharia, Faculdade de Ci&ecirc;ncias      Econ&ocirc;micas e Teatro Universit&aacute;rio.<\/p>\n<p>     O processo est&aacute; sob a coordena&ccedil;&atilde;o administrativa      de M&aacute;rcia Regina Lemos, com apoio da estagi&aacute;ria Adriana      Helo&iacute;sa Lima Bittencourt e da equipe t&eacute;cnica da Divis&atilde;o      de Redes de Comunica&ccedil;&atilde;o (DRC) com Fernando Frota Machado      de Morais e Ant&ocirc;nio Carlos Soares. <\/p>\n<p>&nbsp;<\/p>\n<p>    <\/span> <\/td>\n<\/tr>\n<tr>\n<td align=\"LEFT\" valign=\"TOP\"><\/td>\n<td align=\"LEFT\" valign=\"TOP\"> <a name=\"anoticias4\" id=\"4\"><span class=\"titulo\">UFMG     REGISTRA MAIS DE 60 MIL INSCRI&Ccedil;&Otilde;ES PARA SEU VESTIBULAR 2007<\/span><\/a>     <span class=\"texto\">     <\/p>\n<p>A UFMG acaba de divulgar o resultado parcial do n&uacute;mero de inscritos      para seu Vestibular 2007, cuja primeira etapa acontece nos dias 2 e      3 de dezembro. At&eacute; o momento, a Comiss&atilde;o Permanente do      Vestibular (Copeve) contabilizou 62,5 mil inscri&ccedil;&otilde;es,      das quais 48,5 mil foram realizadas pela Internet (n&uacute;mero definitivo)      e 14 mil, atrav&eacute;s dos Correios (&iacute;ndice parcial).<\/p>\n<p>     A novidade desta edi&ccedil;&atilde;o do concurso foi o fato de que      as pessoas que se inscrevessem pela p&aacute;gina eletr&ocirc;nica da      Universidade n&atilde;o precisariam comprar o manual do candidato, que      custa R$15. Neste caso, tiveram de pagar, apenas, a taxa de inscri&ccedil;&atilde;o,      no valor de R$115. &Agrave;queles que escolheram se inscrever pelos      Correios, foi obrigat&oacute;rio adquirir o manual.<\/p>\n<p>     &#8220;Proporcionamos um benef&iacute;cio para os candidatos que optaram      pela Internet. Estimulamos o uso da rede por diminuir o custo para as      pessoas e tornar mais eficiente o pr&oacute;prio processo de inscri&ccedil;&otilde;es&#8221;,      explica o professor Marcus Vin&iacute;cius de Freitas, coordenador-geral      do Vestibular. A estrat&eacute;gia deu muito certo. Na edi&ccedil;&atilde;o      passada do concurso, 23 mil candidatos inscreveram-se pela rede mundial.      Neste ano, foram 48,5 mil pessoas.<\/p>\n<p>     Isen&ccedil;&otilde;es &#8211; No dia 4 de agosto, a Copeve divulgou a rela&ccedil;&atilde;o      com os nomes dos candidatos isentos da taxa de inscri&ccedil;&atilde;o      ao Vestibular. O benef&iacute;cio se destina &agrave;s pessoas que comprovam,      atrav&eacute;s do envio da documenta&ccedil;&atilde;o pedida pela Universidade,      a impossibilidade de arcar com a despesa, neste ano de R$115. A lista      dos beneficiados est&aacute; dispon&iacute;vel no endere&ccedil;o eletr&ocirc;nico      da Comiss&atilde;o: www.ufmg.br\/copeve.<\/p>\n<p>     Nesta edi&ccedil;&atilde;o do Programa de Isen&ccedil;&atilde;o da Taxa      do Vestibular, a Copeve deferiu 16.838 pedidos, o que corresponde a      70% dos 23.888 inscritos. Desse total, 12.860 candidatos receber&atilde;o      isen&ccedil;&atilde;o total e outros 3.978, a parcial, correspondente      a 50% do valor da taxa. Em rela&ccedil;&atilde;o aos resultados do &uacute;ltimo      Programa, os &iacute;ndices registram aumento de 5% na porcentagem de      contemplados. Na edi&ccedil;&atilde;o passada, de um total de 28.907      inscritos, foram deferidos 18.958 pedidos, ou 65,7% do total de candidatos.<\/p>\n<p>     Nas inscri&ccedil;&otilde;es para o Vestibular 2007, aos isentos bastou      comprar o manual do candidato e apresentar, nos Correios, a carta de      deferimento da taxa de isen&ccedil;&atilde;o enviada pela UFMG. J&aacute;      na internet, foi preciso digitar o c&oacute;digo espec&iacute;fico do      processo deferido.<\/p>\n<p>     Provas &#8211; As provas da primeira etapa do concurso acontecem nos dias      2 e 3 de dezembro, em Belo Horizonte, Barbacena, Contagem, Conselheiro      Lafaiete, Coronel Fabriciano, Divin&oacute;polis, Governador Valadares,      Lavras, Montes Claros, Pouso Alegre, Sete Lagoas, Uberaba e Vi&ccedil;osa.      A segunda etapa ser&aacute; realizada, de 8 a 16 de janeiro de 2006,      apenas na capital mineira e em Montes Claros.<\/p>\n<p>     Data das provas: 2 e 3 de dezembro (1&ordf; etapa) e 8 a 16 de janeiro      (2&ordf; etapa)<\/p>\n<p>     (Fonte: <a href=\"http:\/\/www.ufmg.br\/online\/arquivos\/004227.shtml\">http:\/\/www.ufmg.br\/online\/arquivos\/004227.shtml<\/a>      &#8211; 30\/08\/2006)<\/p>\n<p>&nbsp;<\/p>\n<p>    <\/span> <\/td>\n<\/tr>\n<tr>\n<td align=\"LEFT\" valign=\"TOP\"><\/td>\n<td align=\"LEFT\" valign=\"TOP\"> <a name=\"anoticias5\" id=\"5\"><span class=\"titulo\">CECOM     ATUALIZAR&Aacute; SISTEMA OPERACIONAL DE SERVIDOR DE APLICA&Ccedil;&Atilde;O     DO SISTEMA ACAD&Ecirc;MICO<\/span><\/a> <span class=\"texto\">     <\/p>\n<p>Neste final de semana, dias 02 e 03\/09, o sistema operacional e o ambiente      Java do servidor Urano, que executa as consultas aos dados acad&ecirc;micos      da UFMG, ser&atilde;o atualizados. A distribui&ccedil;&atilde;o GNU\/Linux      a ser utilizada ser&aacute; a centOS 4.3 e o ambiente de desenvolvimento      Java ser&aacute; o WebSphere Application Server (WAS) 6.0. Em virtude      desta atualiza&ccedil;&atilde;o, a consulta &agrave;s informa&ccedil;&otilde;es      dos alunos de gradua&ccedil;&atilde;o (sistema IAG), estar&aacute; indispon&iacute;vel      durante este per&iacute;odo. <\/p>\n<p>     Participar&atilde;o destas atividades Emerson Henrique Kfuri Pereira,      pela DAC, e Diogo Freitas Duarte Magalh&atilde;es e Thiago Gabriel Diniz,      pela DAS.<\/p>\n<p>&nbsp;<\/p>\n<p>    <\/p>\n<p>    <\/span><\/td>\n<\/tr>\n<tr>\n<td align=\"LEFT\" valign=\"TOP\"><\/td>\n<td align=\"LEFT\" valign=\"TOP\"> <a name=\"anoticias6\" id=\"6\"><span class=\"titulo\">MAIS     UM PASSO NA MIGRA&Ccedil;&Atilde;O PARA SOFTWARE LIVRE<\/span><\/a> <span class=\"texto\">     <\/p>\n<p>Dando continuidade ao projeto de migra&ccedil;&atilde;o do ambiente      das Redes Administrativas para software livre, a Divis&atilde;o de Apoio      Administrativo (DAA) do CECOM, passar&aacute; a compor o grupo piloto      de testes deste projeto. Este grupo piloto n&atilde;o utiliza mais o      software de rede Netware, da Novell, o atual padr&atilde;o para compartilhamento      de arquivos da rede administrativa, e sim arquivos armazenados em um      servidor Linux, acessados atrav&eacute;s do Samba.<\/p>\n<p>     Este esquema de compartilhamento de arquivos j&aacute; est&aacute; sendo      testado h&aacute; algum tempo pela equipe da DAC, com sucesso, e permitir&aacute;      uma futura substiui&ccedil;&atilde;o do Netware.<br \/>     As atividades de migra&ccedil;&atilde;o da DAA para o novo ambiente      acontecer&atilde;o neste s&aacute;bado (02\/09) e ficar&atilde;o a cargo      de Emerson Henrique, funcion&aacute;rio da DAC.<\/p>\n<p>&nbsp;<\/p>\n<p>    <\/span> <\/td>\n<\/tr>\n<tr>\n<td align=\"LEFT\" valign=\"TOP\"><\/td>\n<td align=\"LEFT\" valign=\"TOP\"> <a name=\"anoticias7\" id=\"7\"><span class=\"titulo\">INDISPONIBILIDADE     DE SERVI&Ccedil;OS DE TELEFONIA<\/span><\/a> <span class=\"texto\">     <\/p>\n<p>Dando prosseguimento ao processo de instala&ccedil;&atilde;o da atualiza&ccedil;&atilde;o      e amplia&ccedil;&atilde;o do sistema de telefonia da universidade, ser&atilde;o      realizadas novas interven&ccedil;&otilde;es t&eacute;cnicas que causar&atilde;o      a indisponibilidade dos servi&ccedil;os telef&ocirc;nicos.<\/p>\n<p>     No pr&oacute;ximo s&aacute;bado, dia 2 de setembro, a Unidade Administrativa      II ter&aacute; os servi&ccedil;os interrompidos no per&iacute;odo de      7h &agrave;s 13h. <\/p>\n<p>&nbsp;<\/p>\n<p>    <\/span> <\/td>\n<\/tr>\n<tr>\n<td align=\"LEFT\" valign=\"TOP\"><\/td>\n<td align=\"LEFT\" valign=\"TOP\"> <a name=\"anoticias8\" id=\"8\"><span class=\"titulo\">CECOM     CONTRATA ESTAGI&Aacute;RIOS<\/span><\/a> <span class=\"texto\">     <\/p>\n<p>O CECOM estar&aacute; contratando, a partir de 1o de setembro\/06, os      estagi&aacute;rios Carolina Laureano da Silva e Djim de Andrade Martins.      Os dois j&aacute; foram estag&aacute;rios do CECOM: Carolina pertenceu      &agrave; equipe da Divis&atilde;o de Redes de Comunica&ccedil;&atilde;o      e saiu em mar&ccedil;o de 2006; Djim foi estagi&aacute;rio da Divis&atilde;o      de Aplicativos e Sistemas e saiu em fevereiro deste ano.<\/p>\n<p>     Nesse retorno, os dois foram contratados para trabalhar na Divis&atilde;o      de Aplicativos e Sistemas (DAS). Carolina estar&aacute; participando      do projeto para Controle de Conv&ecirc;nios do Depto. de Contabilidade      e Finan&ccedil;as e Djim estar&aacute; envolvido na atualiza&ccedil;&atilde;o      do sistema utilizado para identifica&ccedil;&atilde;o digital dos candidatos      ao Vestibular da UFMG.<\/p>\n<p align=\"center\"><img loading=\"lazy\" decoding=\"async\" src=\"https:\/\/www.ufmg.br\/dti\/wp-content\/uploads\/fotos\/31_08\/9.jpg\" width=\"500\" height=\"349\"><br \/>     <font face=\"1\">Djim e Carolina<\/font><\/p>\n<p>    <\/span> <\/td>\n<\/tr>\n<tr>\n<td align=\"LEFT\" valign=\"TOP\"><\/td>\n<td align=\"LEFT\" valign=\"TOP\"> <a name=\"anoticias9\" id=\"9\"><span class=\"titulo\">PRORH     PROMOVE TREINAMENTO EM INFORM&Aacute;TICA<\/span><\/a> <span class=\"texto\">     <\/p>\n<p>A ProRH, em parceria com o CECOM, est&aacute; promovendo, desde ontem,      dia 30\/08, mais um treinamento em inform&aacute;tica para funcion&aacute;rios      da UFMG.<\/p>\n<p>     O curso sobre Excel B&aacute;sico, ministrado por Helv&eacute;cio Cossenzo      Pinto, est&aacute; sendo realizado no hor&aacute;rio de 13h45 &agrave;s      16h45, na Sala de Aulas da Imprensa Universit&aacute;ria.<\/p>\n<p>     Est&atilde;o participando do treinamento: Adnei Esteves de Macedo (Depto.      de Contabilidade e Finan&ccedil;as), Laibe Batista Lacerda Souza (Museu      de Hist&oacute;ria Natural), M&aacute;rcia In&ecirc;s Amaral Nunes (Depto.      de Recursos Humanos), Maria Clarice Lima Batista (Instituto de Ci&ecirc;ncias      Exatas), Mirli Monteiro de Castro Roza (Escola de Veterin&aacute;ria),      Renan Marcel Bueno Aires Costa (Faculdade de Farm&aacute;cia) e Thiago      de Oliveira Freitas (Escola de Enfermagem)<\/p>\n<p>     O curso ser&aacute; encerrado no dia 05 de setembro\/06.<\/p>\n<p>&nbsp;<\/p>\n<p>    <\/p>\n<p>    <\/span><\/td>\n<\/tr>\n<p>  <!-- #EndEditable -->  <\/table>\n<p> <!-- fim noticias --><\/div>\n<p><a name='informativo'><\/a><\/p>\n<h4>Informativo<\/h4>\n<div class=\"centro-sistematico\">  <!-- noticias --> <\/p>\n<table border=\"0\" cellspacing=\"0\" cellpadding=\"0\">\n<tr>\n<td><\/td>\n<td><\/td>\n<\/tr>\n<p>  <!-- #BeginEditable \"materias\" -->   <\/p>\n<tr>\n<td align=\"LEFT\" valign=\"TOP\"><\/td>\n<td align=\"LEFT\" valign=\"TOP\"><a name=\"ainformativo1\"><span class=\"titulo\">DICAS DE     SITES INTERESSANTES<\/span><br \/>    <\/a> <img loading=\"lazy\" decoding=\"async\" src=\"https:\/\/www.ufmg.br\/dti\/wp-content\/uploads\/imgs\/tudo_pixel.gif\" width=\"1\" height=\"20\" alt=\"\" border=\"0\"><br \/>     <span class=\"texto\"> Adyrus, o ca&ccedil;ador de sites, enviou as seguintes     dicas:<\/p>\n<p>    &#8211; Agora, voc&ecirc; pode visualizar trechos ou mesmo todo o livro fazendo     pesquisa no Google Pesquisa de Livros no endere&ccedil;o <a href=\"http:\/\/books.google.com.br\/\">http:\/\/books.google.com.br\/<\/a>.     S&atilde;o livros de fic&ccedil;&atilde;o, n&atilde;o-fic&ccedil;&atilde;o,     de refer&ecirc;ncia, acad&ecirc;mico, de texto, infantil, cient&iacute;fico,     m&eacute;dico, profissional, did&aacute;tico etc.<\/p>\n<p>    &#8211; Vamos voltar ao passado. O site no endere&ccedil;o <a href=\"http:\/\/www.seriesedesenhos.com\/\">www.seriesedesenhos.com<\/a>     &eacute; fora de s&eacute;rie. Basta clicar em cima do que voc&ecirc;     gostou para ver o in&iacute;cio do filme. Tem filmes e desenhos dos anos     50, 60, 70, 90 e atuais.<\/p>\n<p>    &#8211; 999 music v&iacute;deo hits &eacute; tudo de bom para quem gosta de     clips das m&uacute;sicas mais tocadas nas emissoras de r&aacute;dios e     nos cora&ccedil;&otilde;es. D&ecirc; uma passada l&aacute; e veja uma     quantidade de clips para todos os gostos. S&oacute; m&uacute;sica internacional.     O endere&ccedil;o &eacute; <a href=\"http:\/\/www.999videos.com\">http:\/\/www.999videos.com<\/a>.<\/p>\n<p>    &#8211; Mas se voc&ecirc; acha que 999 v&iacute;deos &eacute; pouco, aponte     seu navegador para 1.500 of You Favorite 80&acute;s v&iacute;deos em <a href=\"http:\/\/www.1500.videos.com\">http:\/\/www.1500.videos.com<\/a>     e fa&ccedil;a uma viagem musical. (Site em Ingl&ecirc;s)<\/p>\n<p>    &#8211; Incentivar a leitura. Hoje se fala muito em incentivar os jovens &agrave;     leitura. Diferentes inst&acirc;ncias do governo, minist&eacute;rios, secretarias     de cultura, universidades, escolas, empresas e a sociedade como um todo     j&aacute; reconhecem a import&acirc;ncia da leitura para o desenvolvimento     cultural, organizacional e at&eacute; econ&ocirc;mico de nosso pa&iacute;s.     Saiba mais em <a href=\"http:\/\/www.paralelos.org\">http:\/\/www.paralelos.org<\/a>.<\/p>\n<p>    &#8211; Se voc&ecirc; &eacute; ligado em revista em quadrinhos, n&atilde;o perca     a oportunidade de saber tudo que rola no Mundo.net. Lan&ccedil;amentos,     dicas, charges e muito mais para o seu divertimento. O neg&oacute;cio     &eacute; informar, entreter, brincar e opinar sobre tudo o que se refere     a este universo. O endere&ccedil;o &eacute; <a href=\"http:\/\/www.melhoresdomundo.net\/\">http:\/\/www.melhoresdomundo.net\/<\/a>.<\/p>\n<p>    &#8211; Outro site que voc&ecirc; fica sabendo das ultimas not&iacute;cias &eacute;     o Universohq no endere&ccedil;o <a href=\"http:\/\/www.universohq.com\">http:\/\/www.universohq.com<\/a>.     Vale a pena conferir e saber os &uacute;ltimos lan&ccedil;amentos desta     p&aacute;gina super legal.<\/p>\n<p>    &#8211; Esta hist&oacute;ria ocorreu nos prim&oacute;rdios da divis&atilde;o     de geologia da SUDENE nos idos de 1963. Havia informa&ccedil;&atilde;o     de importante mina de amianto no interior de Alagoas. Os ge&oacute;logos     Adel e Walfredo foram designados para uma visita de reconhecimento com     o intuito de obter dados, visando a implanta&ccedil;&atilde;o de um projeto     na regi&atilde;o. Jipe preparado, l&aacute; se foram os dois ge&oacute;logos,     tendo como motorista um rapaz com pinta de playboy, apelidado de Novinho.     Que saber mais? Ent&atilde;o, v&aacute; at&eacute; <a href=\"http:\/\/br.geocities.com\/mariofarinabr\/sumario.htm\">http:\/\/br.geocities.com\/mariofarinabr\/sumario.htm<\/a>.<\/p>\n<p>    &#8211; Vai viajar? Ent&atilde;o, fique por dentro do clima e do tempo em todo     pa&iacute;s. A Climatempo Meterologia (<a href=\"http:\/\/www4.climatempo.com.br\/ct\/index.php\">http:\/\/www.climatempo.com.br\/<\/a>)     fornece boletins meterol&oacute;gicos espc&iacute;ficos para as mais importantes     emissoras de tv e r&aacute;dio do pa&iacute;s.<\/p>\n<p>    &#8211; Uma p&aacute;gina super legal e com dicas de viagens pelo Brasil e pelo     mundo &eacute; do Tito Rosemberg. Sua curiosidade o levou a passar metade     de sua vida fora do Brasil, &eacute;poca em que conheceu e trabalhou em     80 pa&iacute;ses de 5 continentes, em dezenas de atividades diferentes.     V&aacute; at&eacute; o endere&ccedil;o <a href=\"http:\/\/www.titorosemberg.com.br\/titorosemberg\/\">http:\/\/www.titorosemberg.com.br\/titorosemberg\/<\/a>.     <\/p>\n<p>&nbsp;<\/p>\n<p>    <\/span> <\/td>\n<\/tr>\n<tr>\n<td align=\"LEFT\" valign=\"TOP\"><\/td>\n<td align=\"LEFT\" valign=\"TOP\"><a name=\"ainformativo2\"><span class=\"titulo\">CLIPPING     DA PUBLICA&Ccedil;&Atilde;O TI &amp; GOVERNO<\/span><\/a> <span class=\"texto\">     <\/p>\n<p>A publica&ccedil;&atilde;o <strong>TI &amp; Governo<\/strong> divulgou,      no dia 29\/08\/2006, not&iacute;cia sobre a migra&ccedil;&atilde;o de      mainframe para plataforma baixa, transcrita a seguir:<\/p>\n<p>     <strong> O Serpro inicia os testes para abandonar o mainframe e busca      solu&ccedil;&otilde;es em software livre<\/strong> &#8211; O Serpro espera      concluir at&eacute; o final do ano os testes para migra&ccedil;&atilde;o      de mainframe para plataforma baixa. O plano, de acordo com Wagner Quirici,      presidente da estatal, &eacute; ter tudo pronto para a migra&ccedil;&atilde;o      a partir de 2007. &#8220;&Eacute; um projeto que estamos tocando com      muito cuidado, &eacute; muito importante para o futuro do Serpro&#8221;,      afirma. O projeto-piloto foi feito com o Siafi, um dos maiores sistemas      estruturadores do governo, e est&aacute; rodando perfeitamente em plataforma      avan&ccedil;ada, informa Quirici. Al&eacute;m de reduzir os custos com      os computadores de grande porte, a migra&ccedil;&atilde;o tamb&eacute;m      livra a estatal dos gastos com os softwares que rodam no mainframe:      assim como o mainframe, esses softwares t&ecirc;m poucos fornecedores      e custo muito alto. A iniciativa vai permitir ao Serpro sair da depend&ecirc;ncia      de um &uacute;nico fornecedor de hardware e de poucos fornecedores de      software. Quirici reconhece &#8220;o grande desafio&#8221;de desenvolver      tecnologias para a migra&ccedil;&atilde;o, mas afirma que os testes      mostram que a plataforma avan&ccedil;ada apresenta melhor desempenho      do que o mainframe. No mainframe, explica ele, quando h&aacute; um incidente,      todo o sistema sai do ar. Na plataforma baixa, uma m&aacute;quina pode      parar de funcionar e o sistema continua operando.<\/p>\n<p>     O segundo passo, segundo Quirici, ser&aacute; a busca de solu&ccedil;&otilde;es      em software livre para banco de dados. O piloto usa o sistema operacional      Linux, o que j&aacute; representa redu&ccedil;&atilde;o de custo com      licen&ccedil;a, afirma Cl&aacute;udio Cordeiro, um dos respons&aacute;veis      pelo projeto. Ele ressalta que a tecnologia em teste permite rodar os      sistemas existentes sem a necessidade de reescrev&ecirc;-los. O objetivo      do Serpro, destaca Cordeiro, &eacute; oferecer &#8220;pre&ccedil;os      altamente competitivos no mercado&#8221;. Esses ganhos ser&atilde;o      repassados aos clientes, afirma Quirici, que acredita que os clientes      do Serpro v&atilde;o aderir &agrave; nova tecnologia assim que virem      o bom desempenho e a performance da computa&ccedil;&atilde;o distribu&iacute;da.      &#8220;&Eacute; um trabalho de convencimento&#8221;, diz ele, que espera      uma boa receptividade na Receita Federal. &#8220;A Receita Federal &eacute;      inovadora e recebe muito bem os sistemas inovadores&#8221;. Cl&aacute;udio      Cordeiro diz que ainda ser&aacute; feito um estudo econ&ocirc;mico-financeiro      para comparar as duas plataformas, j&aacute; que est&atilde;o dispon&iacute;veis      apenas os custos do processamento em mainframe. A iniciativa, ressalta      Cordeiro, representa um desafio adicional, porque n&atilde;o h&aacute;      par&acirc;metro em nenhum pa&iacute;s de processamento de grande volume      de dados, como os processados pelo Serpro, em plataforma baixa. &#8220;Temos      que provar a capacidade dessa plataforma em atender o que o mainframe      faz com o mesmo desempenho, com a mesma robustez&#8221;, comenta. A      falta de par&acirc;metro, diz ele, n&atilde;o &eacute; novidade para      o Serpro: quando criou o ReceitaNet, n&atilde;o havia experi&ecirc;ncia      semelhante em outros pa&iacute;ses. Para Cordeiro, a tecnologia trar&aacute;      a possibilidade de incorporar aplicativos e facilidades, como o uso      da certifica&ccedil;&atilde;o digital a partir do <em>browser<\/em>.<\/p>\n<p>    <\/span> <\/td>\n<\/tr>\n<tr>\n<td align=\"LEFT\" valign=\"TOP\"><\/td>\n<td align=\"LEFT\" valign=\"TOP\"><a name=\"ainformativo3\"><span class=\"titulo\">INSCRI&Ccedil;&Otilde;ES     ABERTAS PARA F&Oacute;RUM NACIONAL DOS T&Eacute;CNICOS DE N&Iacute;VEL     SUPERIOR DAS IFES<\/span><\/a> <span class=\"texto\">     <\/p>\n<p>Est&atilde;o abertas as inscri&ccedil;&otilde;es para o IV F&oacute;rum      Nacional dos T&eacute;cnicos de N&iacute;vel Superior das Institui&ccedil;&otilde;es      Federais de Ensino Superior. O evento ser&aacute; sediado pela UFMG      e acontecer&aacute; nos dias 12 e 13 de setembro, no audit&oacute;rio      da Reitoria, Campus Pampulha &#8211; Av. Ant&ocirc;nio Carlos, 6.627. As inscri&ccedil;&otilde;es      devem ser feitas no s&iacute;tio: www.ufmg.br\/ns.<\/p>\n<p>     Entre os temas que ser&atilde;o discutidos no evento constam: reforma      universit&aacute;ria e situa&ccedil;&atilde;o dos hospitais universit&aacute;rios;      plano de capacita&ccedil;&atilde;o; metas nas &aacute;reas de ensino,      pesquisa e extens&atilde;o; situa&ccedil;&atilde;o dos t&eacute;cnicos      de n&iacute;vel superior (TNS) no Plano de Desenvolvimento Institucional      (PDI); tema livre: espa&ccedil;o para apresenta&ccedil;&atilde;o da      situa&ccedil;&atilde;o dos TNS em n&iacute;vel nacional; PCCTAE \/ reestrutura&ccedil;&atilde;o:      problemas e possibilidades; estrat&eacute;gias de luta a serem implantadas      pela categoria.<\/p>\n<p>     Outras informa&ccedil;&otilde;es com Marilene Le&atilde;o pelo telefone:      (31) 3499-4496 ou F&aacute;tima Britto, telefone: 3499-4491, que integram      a Comiss&atilde;o dos TNS da UFMG e do Cefet-MG.<br \/>     (Fonte: <a href=\"http:\/\/www.ufmg.br\/online\/arquivos\/004181.shtml\">http:\/\/www.ufmg.br\/online\/arquivos\/004181.shtml<\/a>      &#8211; 29\/08\/2006)<\/p>\n<p>&nbsp;<\/p>\n<p>    <\/span><\/td>\n<\/tr>\n<p>  <!-- #EndEditable -->  <\/table>\n<p> <!-- fim noticias --> <!-- tabela ha 20 anos --> <\/p>\n<table border=\"0\" cellspacing=\"0\" cellpadding=\"0\" class=\"cinza\">\n<tr>\n<td><img loading=\"lazy\" decoding=\"async\" src=\"https:\/\/www.ufmg.br\/dti\/wp-content\/uploads\/imgs\/tudo_pixel.gif\" width=\"1\" height=\"1\" alt=\"\" border=\"0\"><\/td>\n<td><img loading=\"lazy\" decoding=\"async\" src=\"https:\/\/www.ufmg.br\/dti\/wp-content\/uploads\/imgs\/tudo_pixel.gif\" width=\"19\" height=\"1\" alt=\"\" border=\"0\"><\/td>\n<td><img loading=\"lazy\" decoding=\"async\" src=\"https:\/\/www.ufmg.br\/dti\/wp-content\/uploads\/imgs\/tudo_pixel.gif\" width=\"510\" height=\"1\" alt=\"\" border=\"0\"><\/td>\n<td><img loading=\"lazy\" decoding=\"async\" src=\"https:\/\/www.ufmg.br\/dti\/wp-content\/uploads\/imgs\/tudo_pixel.gif\" width=\"19\" height=\"1\" alt=\"\" border=\"0\"><\/td>\n<td><img loading=\"lazy\" decoding=\"async\" src=\"https:\/\/www.ufmg.br\/dti\/wp-content\/uploads\/imgs\/tudo_pixel.gif\" width=\"1\" height=\"1\" alt=\"\" border=\"0\"><\/td>\n<\/tr>\n<tr>\n<td class=\"vermelho\" colspan=\"5\"><img loading=\"lazy\" decoding=\"async\" src=\"https:\/\/www.ufmg.br\/dti\/wp-content\/uploads\/imgs\/tudo_pixel.gif\" width=\"1\" height=\"1\" alt=\"\" border=\"0\"><\/td>\n<\/tr>\n<tr>\n<td class=\"vermelho\"><img loading=\"lazy\" decoding=\"async\" src=\"https:\/\/www.ufmg.br\/dti\/wp-content\/uploads\/imgs\/tudo_pixel.gif\" width=\"1\" height=\"1\" alt=\"\" border=\"0\"><\/td>\n<td><img loading=\"lazy\" decoding=\"async\" src=\"https:\/\/www.ufmg.br\/dti\/wp-content\/uploads\/imgs\/tudo_pixel.gif\" width=\"1\" height=\"1\" alt=\"\" border=\"0\"><\/td>\n<td align=\"LEFT\" valign=\"TOP\"><!-- #BeginEditable \"ha 20 anos\" --><a name=\"ainformativo4\"><img loading=\"lazy\" decoding=\"async\" src=\"https:\/\/www.ufmg.br\/dti\/wp-content\/uploads\/imgs\/tudo_pixel.gif\" width=\"1\" height=\"8\" alt=\"\" border=\"0\"><br \/>    <span class=\"titulo\">H\u00e1 20 anos&#8230;<\/span><\/a> <span class=\"texto\">     <\/p>\n<p>O Sistem&aacute;tico Ano X, no 33, de 04\/09\/1986, publicou not&iacute;cias      sobre relat&oacute;rio de atividades do Centro de Computa&ccedil;&atilde;o,      peri&oacute;dico Info Gerais, material permanente, avalia&ccedil;&atilde;o      de desempenho, compra de PCs, entre outras. A not&iacute;cia que se      destacou foi: <\/p>\n<p><strong>TVA<\/strong><\/p>\n<p>     <font face=\"1\">Encontra-se dispon&iacute;vel no STD (Setor de Treinamento      e Divulga&ccedil;&atilde;o) a vers&atilde;o atualizada do Manual do      emulador de terminal TVA.<\/p>\n<p>     As principais modifica&ccedil;&otilde;es dizem respeito &agrave; transfer&ecirc;ncia      de arquivos e &agrave;s novas telas de apresenta&ccedil;&atilde;o dos      &#8220;menus&#8221;.<br \/>     O SAU (Setor de Apoio ao Usu&aacute;rio), o SCP (Setor de Controle do      Processamento) e outros que possuem c&oacute;pias da vers&atilde;o anterior      devem procurar o STD para substitui&ccedil;&atilde;o das mesmas.<\/font><\/p>\n<p>    <\/span><!-- #EndEditable --><br \/>     <img loading=\"lazy\" decoding=\"async\" src=\"https:\/\/www.ufmg.br\/dti\/wp-content\/uploads\/imgs\/tudo_pixel.gif\" width=\"1\" height=\"8\" alt=\"\" border=\"0\"><\/td>\n<td><img loading=\"lazy\" decoding=\"async\" src=\"https:\/\/www.ufmg.br\/dti\/wp-content\/uploads\/imgs\/tudo_pixel.gif\" width=\"1\" height=\"1\" alt=\"\" border=\"0\"><\/td>\n<td class=\"vermelho\"><img loading=\"lazy\" decoding=\"async\" src=\"https:\/\/www.ufmg.br\/dti\/wp-content\/uploads\/imgs\/tudo_pixel.gif\" width=\"1\" height=\"1\" alt=\"\" border=\"0\"><\/td>\n<\/tr>\n<tr>\n<td class=\"vermelho\" colspan=\"5\"><img loading=\"lazy\" decoding=\"async\" src=\"https:\/\/www.ufmg.br\/dti\/wp-content\/uploads\/imgs\/tudo_pixel.gif\" width=\"1\" height=\"1\" alt=\"\" border=\"0\"><\/td>\n<\/tr>\n<\/table>\n<p> <!-- fim tabela ha 20 anos --><\/div>\n<p><a name='eventos'><\/a><\/p>\n<h4>Eventos<\/h4>\n<div class=\"centro-sistematico\">  <!-- noticias --> <\/p>\n<table border=\"0\" cellspacing=\"0\" cellpadding=\"0\">\n<tr>\n<td><\/td>\n<td><\/td>\n<\/tr>\n<p>  <!-- #BeginEditable \"materias\" -->   <\/p>\n<tr>\n<td align=\"LEFT\" valign=\"TOP\"><\/td>\n<td align=\"LEFT\" valign=\"TOP\"> <a name=\"aeventos1\"><span class=\"titulo\">SOCIAIS<\/span><\/a>     <span class=\"texto\">     <\/p>\n<p><strong>ANIVERS&Aacute;RIOS<\/strong>:<em> &#8220;O Sistem&aacute;tico&#8221;      envia os parab&eacute;ns para Roberto Simone Maciel J&uacute;nior, no      dia 1o de setembro; Edir Cabral de Lacerda Ferreira e Fabr&iacute;cio      Duarte Nogueira, no dia 2. Os parab&eacute;ns para os ex-ceconianos:      Andr&eacute; Maur&iacute;cio Lopes da Gama Cerqueira e M&eacute;rcia      Aparecida Lemos, hoje, dia 31; Eliz&acirc;ngela de Souza Prado, no dia      1o; Leandro Souza Costa e V&acirc;nia M&aacute;rcia Paiva Pacheco, no      dia 4; Lartes Junqueira, no dia 5; e Paulo Vianna Affonso e H&eacute;lio      Chachan, no dia 7.<\/em><\/p>\n<p>    <\/span><\/td>\n<\/tr>\n<tr>\n<td align=\"LEFT\" valign=\"TOP\"><\/td>\n<td align=\"LEFT\" valign=\"TOP\"><a name=\"aeventos2\"><span class=\"titulo\">MEM&Oacute;RIA     FOTOGR&Aacute;FICA DO CECOM<\/span><\/a> <span class=\"texto\">     <\/p>\n<p>Nos dias 23 e 24 de mar&ccedil;o de 2006, o CECOM ofereceu treinamento      para a nova equipe do reitorado no uso de recursos da rede local, do      Grude e dos servi&ccedil;os de telefonia. Foram oferecidas quatro turmas,      sob a responsabilidade de M&aacute;rcia Regina Lemos (DAA), Aleixina      Maria Lopes Andal&eacute;cio e Ant&ocirc;nio Eust&aacute;quio Rodrigues      (DAC). O treinamento foi realizado na Sala de Aulas do CECOM, no subsolo      do pr&eacute;dio da Reitoria. As fotos s&atilde;o de autoria de Thiago      Ribeiro.<\/p>\n<p align=\"center\"><img loading=\"lazy\" decoding=\"async\" src=\"https:\/\/www.ufmg.br\/dti\/wp-content\/uploads\/fotos\/31_08\/1.jpg\" width=\"500\" height=\"375\"><br \/>     <font face=\"1\">A instrutora Xina<\/font><\/p>\n<p>    <\/span> <\/p>\n<p align=\"center\"><img loading=\"lazy\" decoding=\"async\" src=\"https:\/\/www.ufmg.br\/dti\/wp-content\/uploads\/fotos\/31_08\/4.jpg\" width=\"500\" height=\"359\"><br \/>     <span class=\"texto\"><font face=\"1\">O instrutor Eust&aacute;quio, vendo-se      os professores Roberto Baracat e Tasso Santos<\/font><\/span><\/p>\n<p align=\"center\"><font face=\"1\"><img loading=\"lazy\" decoding=\"async\" src=\"https:\/\/www.ufmg.br\/dti\/wp-content\/uploads\/fotos\/31_08\/3.jpg\" width=\"500\" height=\"375\"><br \/>     <\/font><span class=\"texto\"><font face=\"1\">A palestra de Carlos Alfeu      para a equipe<\/font><\/span><\/p>\n<p align=\"center\"><img loading=\"lazy\" decoding=\"async\" src=\"https:\/\/www.ufmg.br\/dti\/wp-content\/uploads\/fotos\/31_08\/8.jpg\" width=\"500\" height=\"334\"><br \/>     <span class=\"texto\"><font face=\"1\">A equipe atenta &agrave; palestra<\/font><\/span><\/p>\n<p align=\"center\"><font face=\"1\"><img loading=\"lazy\" decoding=\"async\" src=\"https:\/\/www.ufmg.br\/dti\/wp-content\/uploads\/fotos\/31_08\/5.jpg\" width=\"500\" height=\"239\"><\/font><span class=\"texto\"><font face=\"1\"><br \/>     Eust&aacute;quio apresentando os recursos de TI para a equipe<\/font><\/span><\/p>\n<p>    <span class=\"texto\">     <\/p>\n<p>&nbsp;<\/p>\n<p>    <\/span><\/td>\n<\/tr>\n<p>  <!-- #EndEditable -->  <\/table>\n<p> <!-- fim noticias --><\/div>\n","protected":false},"excerpt":{"rendered":"<p>Not\u00edcias UNISYS REALIZA SEU 3&ordm; TECH F&Oacute;RUM CECOM REINICIA MIGRA&Ccedil;&Atilde;O PARA REDE GIGA CECOM PROMOVE PREG&Atilde;O PARA MANUTEN&Ccedil;&Atilde;O DAS CENTRAIS TELEF&Ocirc;NICAS UFMG REGISTRA MAIS DE 60 MIL INSCRI&Ccedil;&Otilde;ES PARA SEU VESTIBULAR 2007 CECOM ATUALIZAR&Aacute; SISTEMA OPERACIONAL DE SERVIDOR DE APLICA&Ccedil;&Atilde;O DO SISTEMA ACAD&Ecirc;MICO MAIS UM PASSO NA MIGRA&Ccedil;&Atilde;O PARA SOFTWARE LIVRE INDISPONIBILIDADE DE SERVI&Ccedil;OS DE &#8230; <a title=\"Sistem\u00e1tico: Edi\u00e7\u00e3o 1306 &#8211; 31\/08\/2006\" class=\"read-more\" href=\"https:\/\/www.ufmg.br\/dti\/2006\/08\/31\/sistematico-edicao-1306-31082006\/\" aria-label=\"Read more about Sistem\u00e1tico: Edi\u00e7\u00e3o 1306 &#8211; 31\/08\/2006\">Ler mais<\/a><\/p>\n","protected":false},"author":3,"featured_media":0,"comment_status":"open","ping_status":"open","sticky":false,"template":"","format":"standard","meta":{"inline_featured_image":false,"footnotes":""},"categories":[13],"tags":[],"coauthors":[79],"class_list":["post-3119","post","type-post","status-publish","format-standard","hentry","category-sistematico"],"_links":{"self":[{"href":"https:\/\/www.ufmg.br\/dti\/wp-json\/wp\/v2\/posts\/3119","targetHints":{"allow":["GET"]}}],"collection":[{"href":"https:\/\/www.ufmg.br\/dti\/wp-json\/wp\/v2\/posts"}],"about":[{"href":"https:\/\/www.ufmg.br\/dti\/wp-json\/wp\/v2\/types\/post"}],"author":[{"embeddable":true,"href":"https:\/\/www.ufmg.br\/dti\/wp-json\/wp\/v2\/users\/3"}],"replies":[{"embeddable":true,"href":"https:\/\/www.ufmg.br\/dti\/wp-json\/wp\/v2\/comments?post=3119"}],"version-history":[{"count":0,"href":"https:\/\/www.ufmg.br\/dti\/wp-json\/wp\/v2\/posts\/3119\/revisions"}],"wp:attachment":[{"href":"https:\/\/www.ufmg.br\/dti\/wp-json\/wp\/v2\/media?parent=3119"}],"wp:term":[{"taxonomy":"category","embeddable":true,"href":"https:\/\/www.ufmg.br\/dti\/wp-json\/wp\/v2\/categories?post=3119"},{"taxonomy":"post_tag","embeddable":true,"href":"https:\/\/www.ufmg.br\/dti\/wp-json\/wp\/v2\/tags?post=3119"},{"taxonomy":"author","embeddable":true,"href":"https:\/\/www.ufmg.br\/dti\/wp-json\/wp\/v2\/coauthors?post=3119"}],"curies":[{"name":"wp","href":"https:\/\/api.w.org\/{rel}","templated":true}]}}