{"id":3126,"date":"2006-06-29T08:00:00","date_gmt":"2006-06-29T08:00:00","guid":{"rendered":"https:\/\/www.ufmg.br\/dti\/cecom\/?p=1330"},"modified":"2006-06-29T08:00:00","modified_gmt":"2006-06-29T08:00:00","slug":"sistematico-edicao-1297-29062006","status":"publish","type":"post","link":"https:\/\/www.ufmg.br\/dti\/2006\/06\/29\/sistematico-edicao-1297-29062006\/","title":{"rendered":"Sistem\u00e1tico: Edi\u00e7\u00e3o 1297 &#8211; 29\/06\/2006"},"content":{"rendered":"<ul>\n<li><a href=\"\/dti\/#noticias\">Not\u00edcias<\/a>\n<div class='submenuSistematico'>\n<ul>\n<li><a href=\"\/dti\/#anoticias1\"><span class=\"titulo\">CECOM AP&Oacute;IA     NOVA ORGANIZA&Ccedil;&Atilde;O DO SERVI&Ccedil;O DE MATR&Iacute;CULA<\/span><\/a><\/li>\n<li><a href=\"\/dti\/#anoticias2\"><span class=\"titulo\">DRC PREPARA     INTERLIGA&Ccedil;&Atilde;O DA TELEFONIA NOS CAMPI PAMPULHA E SA&Uacute;DE<\/span><\/a><\/li>\n<li><a href=\"\/dti\/#anoticias3\"><span class=\"titulo\">ENCERRADO     MAIS UM TREINAMENTO DE EXCEL B&Aacute;SICO<\/span><\/a><\/li>\n<li><a href=\"\/dti\/#anoticias4\" id=\"4\"><span class=\"titulo\">UFMG     DIVULGA EDITAL DE SEU VESTIBULAR 2007<\/span><\/a><\/li>\n<\/ul>\n<\/div>\n<\/li>\n<li><a href=\"\/dti\/#informativo\">Informativo<\/a>\n<div class='submenuSistematico'>\n<ul>\n<li><a href=\"\/dti\/#ainformativo1\"><span class=\"titulo\">DICAS DE     SITES INTERESSANTES<\/span><br \/>    <\/a><\/li>\n<li><a href=\"\/dti\/#ainformativo2\"><span class=\"titulo\">TELEFONE     TER&Aacute; REAJUSTE EM JULHO E PRE&Ccedil;O PODE CAIR<\/span><\/a><\/li>\n<li><a href=\"\/dti\/#ainformativo3\"><span class=\"titulo\">CLIPPING     DA PUBLICA&Ccedil;&Atilde;O TI &amp; GOVERNO<\/span><\/a><\/li>\n<li><a href=\"\/dti\/#ainformativo4\" id=\"4\"><span class=\"titulo\">ESPA&Ccedil;O     EXPOSITIVO DA REITORIA RECEBE MOSTRA <em>OLHAR DIAMANTINA<\/em><\/span><\/a><\/li>\n<li><a href=\"\/dti\/#ainformativo5\" id=\"5\"><span class=\"titulo\">MEM&Oacute;RIA     FOTOGR&Aacute;FICA DO CECOM<\/span><\/a><\/li>\n<li><a href=\"\/dti\/#ainformativo6\" id=\"6\"><img loading=\"lazy\" decoding=\"async\" src=\"https:\/\/www.ufmg.br\/dti\/wp-content\/uploads\/imgs\/tudo_pixel.gif\" width=\"1\" height=\"8\" alt=\"\" border=\"0\"><br \/>    <span class=\"titulo\">H\u00e1 20 anos&#8230;<\/span><\/a><\/li>\n<\/ul>\n<\/div>\n<\/li>\n<li><a href=\"\/dti\/#eventos\">Eventos<\/a>\n<div class='submenuSistematico'>\n<ul>\n<li><a href=\"\/dti\/#aeventos1\"><span class=\"titulo\">HAPPY HOUR     JULINO<\/span><\/a><\/li>\n<li><a href=\"\/dti\/#aeventos2\"><span class=\"titulo\">SOCIAIS<\/span><\/a><\/li>\n<\/ul>\n<\/div>\n<\/li>\n<\/ul>\n<p> <a name='noticias'><\/a><\/p>\n<h4>Not\u00edcias<\/h4>\n<div class=\"centro-sistematico\">  <!-- noticias --> <\/p>\n<table border=\"0\" cellspacing=\"0\" cellpadding=\"0\">\n<tr>\n<td><\/td>\n<td><\/td>\n<\/tr>\n<p>  <!-- #BeginEditable \"materias\" -->   <\/p>\n<tr>\n<td align=\"LEFT\" valign=\"TOP\"><\/td>\n<td align=\"LEFT\" valign=\"TOP\"> <a name=\"anoticias1\"><span class=\"titulo\">CECOM AP&Oacute;IA     NOVA ORGANIZA&Ccedil;&Atilde;O DO SERVI&Ccedil;O DE MATR&Iacute;CULA<\/span><\/a>     <span class=\"texto\">     <\/p>\n<p>H&aacute; alguns anos, o DCC (Departamento de Ci&ecirc;ncia da Computa&ccedil;&atilde;o),      atrav&eacute;s do esfor&ccedil;o e envolvimento pessoal do Prof. Ant&ocirc;nio      Ot&aacute;vio Fernandes, vem viabilizando a infra-estrutura operacional      do servi&ccedil;o de matr&iacute;cula on-line da universidade.<\/p>\n<p>     Durante este per&iacute;odo, o CECOM vinha colaborando nos processos      de interface e transfer&ecirc;ncia de dados para este sistema. Estas      atividades diziam respeito ao fornecimento e recep&ccedil;&atilde;o      de bases de dados de alunos, oferta de disciplinas e matr&iacute;culas      efetuadas; ao fornecimento de informa&ccedil;&otilde;es aos alunos via      Web; ao controle de pagamento da Contribui&ccedil;&atilde;o ao Fundo      de Bolsas; e ao preenchimento dos question&aacute;rios de avalia&ccedil;&atilde;o      semestral de disciplinas cursadas pelos alunos.<\/p>\n<p>     Agora, com o sistema atendendo a todos o cursos da universidade e devido      &agrave; proximidade da especifica&ccedil;&atilde;o, projeto e desenvolvimento      do novo sistema de gest&atilde;o acad&ecirc;mica, atendendo &agrave;      gradua&ccedil;&atilde;o, se faz necess&aacute;ria uma maior retaguarda      para o suporte ao servi&ccedil;o de matr&iacute;cula.<\/p>\n<p>     Desta forma, foi idealizada e est&aacute; sendo implantada, uma coordena&ccedil;&atilde;o      centralizada do processo, que est&aacute; sob a responsabilidade da      Profa. Z&eacute;lia Falc&atilde;o. A coordenadora atuar&aacute; em contato      com a Prograd, o DRCA, a ATI, o CECOM, a FUMP e os colegiados de curso      para garantir uma evolu&ccedil;&atilde;o qualitativa no sistema, principalmente      no que se refere ao contato e solu&ccedil;&atilde;o dos problemas dos      alunos. Al&eacute;m disso, o CECOM cuidar&aacute; de ampliar as garantias      de funcionamento e disponibilidade do sistema que permanecer&aacute;      ativo na plataforma t&eacute;cnica atual, at&eacute; que o novo sistema      da gradua&ccedil;&atilde;o esteja implantado. O servidor principal do      sistema, bem como sua unidade de backup, j&aacute; foram transferidos      do DCC, no ICEx, para o subsolo do pr&eacute;dio da Reitoria.<\/p>\n<p>     A Profa. Z&eacute;lia, juntamente com o Prof. Paulo Fernando Seixas,      diretor da ATI e de Ana L&uacute;cia Ribeiro Diniz, diretora do DRCA,      est&aacute; tamb&eacute;m compondo o grupo respons&aacute;vel pela especifica&ccedil;&atilde;o      do sistema de gest&atilde;o acad&ecirc;mica, cuja primeira etapa diz      respeito ao novo sistema de Di&aacute;rio de Classe.<\/p>\n<p>     O servi&ccedil;o de matr&iacute;cula ter&aacute; um servi&ccedil;o de      atendimento telef&ocirc;nico, que atender&aacute; a alunos e colegiados      no telefone 3499-4514.<\/p>\n<p align=\"center\"><img loading=\"lazy\" decoding=\"async\" src=\"https:\/\/www.ufmg.br\/dti\/wp-content\/uploads\/fotos\/29_06\/zelia7.jpg\" width=\"500\" height=\"344\"><br \/>     <font face=\"1\">Profa. Z&eacute;lia Falc&atilde;o<\/font><\/p>\n<p>    <\/span> <\/td>\n<\/tr>\n<tr>\n<td align=\"LEFT\" valign=\"TOP\"><\/td>\n<td align=\"LEFT\" valign=\"TOP\"> <a name=\"anoticias2\"><span class=\"titulo\">DRC PREPARA     INTERLIGA&Ccedil;&Atilde;O DA TELEFONIA NOS CAMPI PAMPULHA E SA&Uacute;DE<\/span><\/a>     <span class=\"texto\">     <\/p>\n<p>A central telef&ocirc;nica do Campus Pampulha teve seu software e processador      atualizados no dia 27 de maio. Esta atualiza&ccedil;&atilde;o &eacute;      a mais recente vers&atilde;o dispon&iacute;vel no momento para centrais      Ericsson MD110 e traz melhorias de desempenho e novas facilidades para      geren-ciamento do sistema e para usu&aacute;rios. No Campus Sa&uacute;de,      este servi&ccedil;o j&aacute; fora executado no dia 14 de janeiro.<\/p>\n<p>     Com as duas centrais telef&ocirc;nicas totalmente modernizadas, a DRC      come&ccedil;ou a trabalhar na interliga&ccedil;&atilde;o dos campi Pampulha      e Sa&uacute;de. Esta conex&atilde;o ser&aacute; feita atrav&eacute;s      do cabo de fibra &oacute;tica utilizado pela Rede Giga e permitir&aacute;      que liga&ccedil;&otilde;es telef&ocirc;nicas entre os dois campi seja      feita sem custo, j&aacute; que toda a infra-estrutura utilizada pertence      &agrave; UFMG. As duas centrais telef&ocirc;nicas funcionar&atilde;o,      na pr&aacute;tica, como uma &uacute;nica, e os usu&aacute;rios do sistema      precisar&atilde;o discar apenas o n&uacute;mero do ramal desejado, independente      de sua localiza&ccedil;&atilde;o.<\/p>\n<p>     A programa&ccedil;&atilde;o da central Pampulha j&aacute; est&aacute;      sendo alterada pelos t&eacute;cnicos da empresa mantenedora (Damovo\/Telealpha)      para incluir os ramais utilizados no campus Sa&uacute;de.<\/p>\n<p>    <\/p>\n<p>    <\/span><\/td>\n<\/tr>\n<tr>\n<td align=\"LEFT\" valign=\"TOP\"><\/td>\n<td align=\"LEFT\" valign=\"TOP\"> <a name=\"anoticias3\"><span class=\"titulo\">ENCERRADO     MAIS UM TREINAMENTO DE EXCEL B&Aacute;SICO<\/span><\/a> <span class=\"texto\">     <\/p>\n<p>No per&iacute;odo de 19 a 28 de junho, a ProRH, em parceria com o CECOM,      promoveu mais um curso de Excel B&aacute;sico para funcion&aacute;rios      da Universidade. As aulas foram realizadas &agrave;s segundas, quartas      e sextas-feiras, na Sala de Aulas da Imprensa Universit&aacute;ria e      contou com a participa&ccedil;&atilde;o de: Alice Moreira dos Reis (Belas      Artes), Cinthia D&eacute;bora da Silva (Odontologia), Geraldo Jacinto      da Luz J&uacute;nior (Farm&aacute;cia), Jeverson J&uacute;lio de Souza      (Fundep), Joaquim da Silva Campos (DSG), Jurema Renna de Negreiros Figueiredo      (Farm&aacute;cia), M&aacute;rcia Nascimento Rodrigues (Biblioteca Universit&aacute;ria),      Maria da Gl&oacute;ria Bitar&atilde;es (Belas Artes), Maria de Lourdes      Macedo (Belas Artes), Mary Elizabeth Dantas ( Faculdade de Educa&ccedil;&atilde;o),      Poliane Soares Pessoas (DRH), Thiago V. Andrade (Fundep) e Wesley Rodrigo      Fernandes (ICEx).<\/p>\n<p>     O treinamento esteve a cargo de Eug&ecirc;nio Pacelli Pereira de Souza,      da DAC\/CECOM.<\/p>\n<p>    <\/p>\n<p>    <\/span><\/td>\n<\/tr>\n<tr>\n<td align=\"LEFT\" valign=\"TOP\"><\/td>\n<td align=\"LEFT\" valign=\"TOP\"> <a name=\"anoticias4\" id=\"4\"><span class=\"titulo\">UFMG     DIVULGA EDITAL DE SEU VESTIBULAR 2007<\/span><\/a> <span class=\"texto\">     <\/p>\n<p>A Comiss&atilde;o Permanente do Vestibular (Copeve) acaba de divulgar      o edital do Vestibular UFMG 2007, cuja primeira etapa acontece nos dias      2 e 3 de dezembro. A novidade deste ano diz respeito ao processo de      inscri&ccedil;&atilde;o ao concurso. As pessoas que se inscreverem pelo      portal da Universidade, de 13 a 24 de agosto, n&atilde;o precisar&atilde;o      comprar o manual do candidato, que custa R$ 15. Neste caso, eles precisar&atilde;o      pagar, apenas, a taxa de inscri&ccedil;&atilde;o, no valor de R$ 115.      &Agrave;queles que escolherem se inscrever pelos Correios, de 14 a 25      de agosto, ser&aacute; obrigat&oacute;rio adquirir o manual. Confira      a &iacute;ntegra do edital do Vestibular da UFMG no site da copeve:      <a href=\"http:\/\/www.ufmg.br\/copeve\">www.ufmg.br\/copeve<\/a>.<\/p>\n<p>     (Fonte: http:\/\/www.ufmg.br\/online\/arquivos\/003805. shtml &#8211; 23 de junho\/2006)     <\/p>\n<p>&nbsp;<\/p>\n<p>    <\/span> <\/td>\n<\/tr>\n<p>  <!-- #EndEditable -->  <\/table>\n<p> <!-- fim noticias --><\/div>\n<p><a name='informativo'><\/a><\/p>\n<h4>Informativo<\/h4>\n<div class=\"centro-sistematico\">  <!-- noticias --> <\/p>\n<table border=\"0\" cellspacing=\"0\" cellpadding=\"0\">\n<tr>\n<td><\/td>\n<td><\/td>\n<\/tr>\n<p>  <!-- #BeginEditable \"materias\" -->   <\/p>\n<tr>\n<td align=\"LEFT\" valign=\"TOP\"><\/td>\n<td align=\"LEFT\" valign=\"TOP\"><a name=\"ainformativo1\"><span class=\"titulo\">DICAS DE     SITES INTERESSANTES<\/span><br \/>    <\/a> <img loading=\"lazy\" decoding=\"async\" src=\"https:\/\/www.ufmg.br\/dti\/wp-content\/uploads\/imgs\/tudo_pixel.gif\" width=\"1\" height=\"20\" alt=\"\" border=\"0\"><br \/>     <span class=\"texto\"> Adyrus, o ca&ccedil;ador de sites, enviou as seguintes     dicas:<\/p>\n<p>    &#8211; Estou sabendo que o Parreira n&atilde;o gostou da id&eacute;ia, o Pedro     Bial foi pedir desculpas e ele n&atilde;o aceitou. &Eacute; isso mesmo:     a leitura labial no Fant&aacute;stico! &Eacute; a moda lan&ccedil;ada     pela poderosa Rede Glogo de Televis&atilde;o que est&aacute; deixando     a sele&ccedil;&atilde;o de orelha em p&eacute;. Assista ao v&iacute;deo     no Youtube, no endere&ccedil;o <a href=\"http:\/\/www.youtube.com\/watch?v=WTqBQZZiT20&amp;search=labial\">http:\/\/www.youtube.com\/watch?v=WTqBQZZiT20&amp;search=labial<\/a>.     (Site em Ingl&ecirc;s)<\/p>\n<p>    &#8211; A Microsoft n&atilde;o &eacute; nada boba. Lan&ccedil;ou o &#8220;portal     colaborativo&#8221;. O Microsoft Shared Source e outros projeto de c&oacute;digo     aberto para quem &eacute; assinante. Veja em <a href=\"http:\/\/www.codeplex.com\/\">http:\/\/www.codeplex.com\/<\/a>.     (Site em Ingl&ecirc;s)<\/p>\n<p>    &#8211; Agora, voc&ecirc; pode ficar legal com o kit de softwares livres para     produ&ccedil;&atilde;o de &aacute;udio e v&iacute;deo. Acesse a p&aacute;gina     em <a href=\"http:\/\/audiovideo.ngoinabox.org\/\">http:\/\/audiovideo.ngoinabox.org\/<\/a>     e veja a quantidade de ferramentas que voc&ecirc; pode usar livremente.<\/p>\n<p>    &#8211; Uma dica super divertida do Fernando Frota, da DRC, &eacute; a p&aacute;gina     <br \/>    <a href=\"http:\/\/www.brasileirospocoto.com.br\/video.htm\">http:\/\/www.brasileirospocoto.com.br\/video.htm<\/a>.     A id&eacute;ia &eacute; do cartunista Luciano Pires e ele se inspira na     eg&uuml;inha pocot&oacute;. Vale a pena conferir, &eacute; muito divertido.     Al&eacute;m disso, tem v&aacute;rios artigos de pessoas que est&atilde;o     em dia com a pol&iacute;tica.<\/p>\n<p>    &#8211; Se voc&ecirc; gosta das obras de William Shakespeare &eacute; s&oacute;     apontar para <a href=\"http:\/\/books.google.com\/googlebooks\/shakespeare\">http:\/\/books.google.com\/googlebooks\/shakespeare<\/a>\/.     Apesar de ser uma vers&atilde;o de teste, algumas obras est&atilde;o l&aacute;     para o seu prazer.<\/p>\n<p>    &#8211; A ViaOeste administra 162 quil&ocirc;metros de rodovias por onde trafegam     diariamente mais de 200 mil ve&iacute;culos. O Sistema Castello-Raposo     integra as rodovias Castello Branco, Raposo Tavares, Sen. Jos&eacute;     Erm&iacute;rio de Moraes (Castelinho), al&eacute;m da rodovia Dr. Celso     Charuri, beneficiando mais de 2 milh&otilde;es de habitantes, moradores     da regi&atilde;o. Essas rodovias constituem a principal liga&ccedil;&atilde;o     entre a Capital e o Oeste paulista. Veja o tr&acirc;nsito on line em <a href=\"http:\/\/www.viaoeste.com.br\/concessionaria\/rodoviaaovivo\/\">http:\/\/www.viaoeste.com.br\/concessionaria\/rodoviaaovivo\/<\/a>.<\/p>\n<p>    &#8211; Cante, cante pr&aacute; valer usando seu microcomputador. Karaok&ecirc;     em seu PC &eacute; gr&aacute;tis e transforma seu computador em um divertido     karaok&ecirc;. Veja em <br \/>    <a href=\"http:\/\/karaoke.cidadeinternet.com.br\/home.asp\">http:\/\/karaoke.cidadeinternet.com.br\/home.asp<\/a>.<\/p>\n<p>    &#8211; Ritmos quentes latinos &eacute; com Voymusic. &Eacute; uma r&aacute;dio     online com os ritmos mais quentes da m&uacute;sica latina. Veja a lista:     classic rock, pop hits, flamenco, classic argentine rock, salsa, merengue,     cumbia etc. Confira a r&aacute;dio online com 28 esta&ccedil;&otilde;es     em <br \/>    <a href=\"http:\/\/www.voymusic.com\/?gclid=CN6GiYKB6YUCFTN0LAodyVnVwA\">http:\/\/www.voymusic.com\/?gclid=CN6GiYKB6YUCFTN0LAodyVnVwA<\/a>.     (Site em Espanhol) <\/p>\n<p>    &#8211; Vai viajar e quer saber sobre o local escolhido, hot&eacute;is, pousadas     e Boletim do Munic&iacute;pio (qualidade das praias), navegue pelas ondas     da p&aacute;gina Destino Litoral. no endere&ccedil;o <a href=\"http:\/\/www.destinolitoral.com\/\">http:\/\/www.destinolitoral.com\/<\/a>.<\/p>\n<p>    &#8211; Dica do Nilson, do CECOM: Fant&aacute;stico, &eacute; s&oacute; clicar     no endere&ccedil;o<a href=\"http:\/\/www.helplistas.com.br\"> www.helplistas.com.br     <\/a>e fazer o teste. Voc&ecirc; localiza qualquer endere&ccedil;o e telefone     de qualquer pessoa.    <\/p>\n<p>&nbsp;<\/p>\n<p>    <\/span> <\/td>\n<\/tr>\n<tr>\n<td align=\"LEFT\" valign=\"TOP\"><\/td>\n<td align=\"LEFT\" valign=\"TOP\"><a name=\"ainformativo2\"><span class=\"titulo\">TELEFONE     TER&Aacute; REAJUSTE EM JULHO E PRE&Ccedil;O PODE CAIR<\/span><\/a> <span class=\"texto\">     <\/p>\n<p>O <strong>Globo Online<\/strong> divulgou, no dia 22 de junho, a not&iacute;cia      <em>Telefone ter&aacute; reajuste em julho e pre&ccedil;o pode cair<\/em>,      transcrita a seguir:<\/p>\n<p>     O reajuste das tarifas da telefonia fixa nas contas do m&ecirc;s de      julho vai contar pela primeira vez com o impacto parcial do &Iacute;ndice      de Servi&ccedil;os de Telecomunica&ccedil;&otilde;es (IST), um novo      indexador apurado nos seis primeiros meses do ano.<\/p>\n<p>     A nova forma de atualizar os pre&ccedil;os do telefone vai come&ccedil;ar      a substituir o atual IGP-DI (&Iacute;ndice Geral de Pre&ccedil;os de      Disponibilidade Interna). A diferen&ccedil;a &eacute; que o IST leva      em conta apenas os custos do setor, ao contr&aacute;rio do IGP-DI que      calcula os aumentos de pre&ccedil;os em diversos setores da economia.<\/p>\n<p>     Nos primeiros cinco meses deste ano, o IST registrou o &iacute;ndice      de 1,37%, tendo ficado em 0,27% no m&ecirc;s de maio. A expectativa      &eacute; de que o reajuste m&eacute;dio das contas da telefonia fixa      fique no m&aacute;ximo 0,03%.<\/p>\n<p>     Na pr&aacute;tica, a tarifa poder&aacute; at&eacute; cair, se for aplicado      um redutor previsto nos contratos de concess&atilde;o assinados pelas      empresas, segundo c&aacute;lculos feitos por um especialista para O      Globo. A Anatel ainda n&atilde;o concluiu o c&aacute;lculo oficial do      redutor.<\/p>\n<p>     No ano passado, o reajuste m&eacute;dio das tarifas foi de 7,27% para      o servi&ccedil;o local (assinatura, liga&ccedil;&otilde;es e habilita&ccedil;&atilde;o).      Esta ser&aacute; a primeira vez que as tarifas poder&atilde;o n&atilde;o      ter aumento desde a privatiza&ccedil;&atilde;o do sistema Telebr&aacute;s.<\/p>\n<p>     As tarifas deste ano ser&atilde;o reajustadas em parte pelo IST (janeiro      a maio de 2006) e parte, referente a sete meses (junho a dezembro de      2005), pela varia&ccedil;&atilde;o do IGP-DI, calculado pela Funda&ccedil;&atilde;o      Get&uacute;lio Vargas. O indicador, por&eacute;m, n&atilde;o pode ser      usado para aumentar os valores, mesmo que a produtividade das empresas      seja negativa.<\/p>\n<p>    <\/span> <\/td>\n<\/tr>\n<tr>\n<td align=\"LEFT\" valign=\"TOP\"><\/td>\n<td align=\"LEFT\" valign=\"TOP\"><a name=\"ainformativo3\"><span class=\"titulo\">CLIPPING     DA PUBLICA&Ccedil;&Atilde;O TI &amp; GOVERNO<\/span><\/a> <span class=\"texto\">     <\/p>\n<p>A publica&ccedil;&atilde;o<strong> TI &amp; Governo<\/strong> divulgou,      no dia 27\/06\/2006, not&iacute;cias sobre pol&iacute;tica de TI, compras      eletr&ocirc;nicas e curso de capacita&ccedil;&atilde;o, transcritas      a seguir:<\/p>\n<p>     <strong>A legisla&ccedil;&atilde;o eleitoral inviabiliza os programas      de inclus&atilde;o digital &#8211;<\/strong> A legisla&ccedil;&atilde;o eleitoral      j&aacute; come&ccedil;ou a surtir os primeiros efeitos negativos sobre      os programas de inclus&atilde;o digital do governo: o Banco do Brasil,      que j&aacute; instalou 1.608 telecentros no pa&iacute;s, suspendeu a      implanta&ccedil;&atilde;o de novas unidades. A Caixa Econ&ocirc;mica      Federal tamb&eacute;m suspendeu duas doa&ccedil;&otilde;es. O Serpro,      com 42 telecentros prontos para inaugurar, ainda procura uma solu&ccedil;&atilde;o      que permita coloc&aacute;-los em funcionamento. O rigor do Tribunal      Superior Eleitoral atingiu tamb&eacute;m o programa Computador para      Todos. O problema para os telecentros est&aacute; est&aacute; no 10o      do artigo 73 da Lei 11.300, de maio, que altera a Lei 9.504, de 1997,      a Lei Eleitoral. O dispositivo pro&iacute;be a administra&ccedil;&atilde;o      p&uacute;blica de fazer doa&ccedil;&otilde;es de bens, valores ou benef&iacute;cios      em anos eleitorais, o que inviabiliza os programas de inclus&atilde;o      digital do governo, baseados na distribui&ccedil;&atilde;o de computadores      usados aos parceiros dos telecentros. O programa do Banco do Brasil,      por exemplo, foi implantado com o uso de equipamentos antigos da institui&ccedil;&atilde;o,      que atualizou seu parque tecnol&oacute;gico. A partir da publica&ccedil;&atilde;o      da nova lei, em maio, o BB suspendeu a insta&ccedil;&atilde;o de novos      telecentros. De acordo com Rosana Melo, coordenadora do programa, a      equipe foi redirecionada para o trabalho de consolida&ccedil;&atilde;o      da rede de telecentros com a oferta de novos servi&ccedil;os, como educa&ccedil;&atilde;o      a dist&acirc;ncia.<\/p>\n<p>     <strong> O TSE n&atilde;o flexibiliza as regras &#8211;<\/strong> Os equipamentos      antigos se tornaram um estorvo para o Banco do Brasil e a Caixa Econ&ocirc;mica      Federal: enquanto a popula&ccedil;&atilde;o necessita dos equipamentos,      as institui&ccedil;&otilde;es, proibidas de do&aacute;-los, ter&atilde;o      que gastar para guard&aacute;-los. &#8220;A Caixa tamb&eacute;m suspendeu      suas doa&ccedil;&otilde;es, o que trar&aacute; grandes transtornos de      log&iacute;stica para guardar os equipamentos&#8221;, informa a institui&ccedil;&atilde;o.      Pela lei, somente a partir de 2007 os equipamentos poder&atilde;o voltar      a ser doados para programas de inclus&atilde;o digital. O Banco pediu      ao TSE a flexibiliza&ccedil;&atilde;o da regra para retomar as doa&ccedil;&otilde;es      logo ap&oacute;s as elei&ccedil;&otilde;es, mas est&aacute; pessimista      devido &agrave; postura r&iacute;gida do tribunal. Outra possibilidade,      em an&aacute;lise no BB, &eacute; a realiza&ccedil;&atilde;o de licita&ccedil;&atilde;o      para venda dos computadores velhos. A Caixa informa que, apesar dos      problemas, n&atilde;o cogita a venda dos computadores. J&aacute; o Instituto      Nacional de Tecnologia da Informa&ccedil;&atilde;o (ITI) vai inaugurar      40 unidades do Casa Brasil at&eacute; o dia 30, em parceria com a Petrobr&aacute;s.      De acordo com o ITI, os equipamentos foram doados pela Petrobr&aacute;s      no ano passado, portanto, n&atilde;o h&aacute; impedimento legal. O      Casa Brasil n&atilde;o deve enfrentar problema simplesmente porque n&atilde;o      tem or&ccedil;amento para este ano. A determina&ccedil;&atilde;o do      TSE obrigou o governo tamb&eacute;m a reformular todos os seus sites.      A express&atilde;o Brasil um Pa&iacute;s de Todos n&atilde;o poder&aacute;      mais aparecer nos sites nem em documentos e correspond&ecirc;ncias oficiais,      a partir de 1o de julho. A marca aparece nas p&aacute;ginas de todos      os sites oficiais, tanto na primeira p&aacute;gina quanto nas internas,      o que exige maior trabalho para remov&ecirc;-las.<\/p>\n<p>     <strong> Computador para Todos tamb&eacute;m ser&aacute; prejudicado      &#8211;<\/strong> O rigor do Tribunal Superior Eleitoral atingiu tamb&eacute;m      o programa Computador para Todos, que carrega a marca do governo e um      selo institu&iacute;do especificamente para o programa. A proibi&ccedil;&atilde;o      de propaganda do governo no per&iacute;odo pr&eacute;-eleitoral atinge      o programa porque os equipamentos s&atilde;o vendidos com o selo do      governo na embalagem, onde vem escrito Brasil um Pa&iacute;s de Todos      &#8211; Governo Federal, que &eacute; a marca do governo Lula. A mesma marca      est&aacute; gravada no sistema interno do computador e aparece toda      vez que o equipamento &eacute; ligado. O MCT ainda est&aacute; tentando      negociar com o Tribunal Superior Eleitoral (TSE) a flexibiliza&ccedil;&atilde;o      da regra. Entretanto, a expectativa n&atilde;o &eacute; boa, porque      o TSE est&aacute; extremamente rigoroso, na avalia&ccedil;&atilde;o      do governo. Se mantida a decis&atilde;o, a ind&uacute;stria ter&aacute;      que fazer corre&ccedil;&otilde;es nos aplicativos e retirar das embalagens      a marca do governo. O problema &eacute; que muitos equipamentos j&aacute;      foram produzidos com as especifica&ccedil;&otilde;es determinadas pelo      governo e distribu&iacute;dos &agrave;s redes varejistas. Al&eacute;m      disso, para fazer a altera&ccedil;&atilde;o, o governo ter&aacute; que      baixar uma medida legal j&aacute; que o selo &eacute; o que distingue      um equipamento financiado com juros subsidiados dos demais.<\/p>\n<p>     <strong> O Brasil cede o Comprasnet ao Peru &#8211;<\/strong> O governo brasileiro      vai entregar os c&oacute;digos-fonte do Sistema Comprasnet ao governo      do Peru, que decidiu implantar um programa de compras eletr&ocirc;nicas      semelhante ao brasileiro. De acordo com a Secretaria de Log&iacute;stica      e Tecnologia da Informa&ccedil;&atilde;o do Minist&eacute;rio do Planejamento,      o governo peruano vai adequar o sistema &agrave; legisla&ccedil;&atilde;o      local e &agrave;s condi&ccedil;&otilde;es de conectividade do pa&iacute;s.      Conforme o acordo de coopera&ccedil;&atilde;o t&eacute;cnica firmado      entre os dois pa&iacute;ses, o Brasil dar&aacute; tamb&eacute;m treinamento      aos t&eacute;cnicos peruanos. A iniciativa do Peru visa atender recomenda&ccedil;&atilde;o      do Banco Mundial para aumentar a transpar&ecirc;ncia e melhorar a gest&atilde;o      das compras p&uacute;blicas. De acordo com o SLTI, o Comprasnet, sistema      aprovado pelo Bird e pelo BID, j&aacute; foi apresentado aos governos      de outros pa&iacute;ses da Am&eacute;rica do Sul.<\/p>\n<p>     <strong> A UFPB e a RNP criam escola superior de redes &#8211;<\/strong> A      Universidade Federal da Para&iacute;ba, junto com a Rede Nacional de      Pesquisas, implantou um curso para formar especialistas em rede, com      o objetivo de atender a demanda do mercado. &#8220;A estrutura do curso      n&atilde;o tem vis&atilde;o acad&ecirc;mica, mas a vis&atilde;o de quem      est&aacute; com a m&atilde;o na massa&#8221;, explica o professor M&aacute;rio      Assad, da UFPB. Segundo ele, a iniciativa foi da RNP, que detectou car&ecirc;ncia      de profissionais na &aacute;rea de rede, e a UFPB entendeu que essa      &eacute; uma forma de aproximar a academia do setor produtivo. Cursos      semelhantes est&atilde;o em implanta&ccedil;&atilde;o tamb&eacute;m      no Rio e em Bras&iacute;lia. A Para&iacute;ba, entretanto, se destaca      como um estado exportador de m&atilde;o-de-obra especializada em tecnologia      da informa&ccedil;&atilde;o. Tanto que o Centro Universit&aacute;rio      de Jo&atilde;o Pessoa criou um MBA em TI. No caso da Federal, a RNP      entrou com a infra-estrutura, inclusive a conex&atilde;o por infovia.      Com apoio da Finep, a rede da RNP vai conectar o sistema de ci&ecirc;ncia      e tecnologias de Jo&atilde;o Pessoa e Campina Grande. Posteriormente,      as empresas participantes do projeto Farol Digital devem ser integradas      &agrave; infovia.<\/p>\n<p>&nbsp;<\/p>\n<p>    <\/span><\/td>\n<\/tr>\n<tr>\n<td align=\"LEFT\" valign=\"TOP\"><\/td>\n<td align=\"LEFT\" valign=\"TOP\"><a name=\"ainformativo4\" id=\"4\"><span class=\"titulo\">ESPA&Ccedil;O     EXPOSITIVO DA REITORIA RECEBE MOSTRA <em>OLHAR DIAMANTINA<\/em><\/span><\/a>     <span class=\"texto\">     <\/p>\n<p>O Espa&ccedil;o Expositivo da Reitoria da UFMG (campus Pampulha) recebeu,      nesta quarta-feira, 28 de junho, a mostra <em>Olhar Diamantina<\/em>,      constitu&iacute;da por um conjunto de trabalhos de seis artistas que      retratam, em diferentes t&eacute;cnicas, a paisagem f&iacute;sica e      espiritual daquela cidade. Os artistas foram convidados do projeto especial      <em>Artista em resid&ecirc;ncia<\/em> e os trabalhos executados durante      o <em>37&ordm; Festival de Inverno da UFMG<\/em>, realizado em Diamantina      em julho de 2005.<\/p>\n<p>     Participaram do projeto o gravador Cl&eacute;bio Maduro, o escultor      Fabr&iacute;cio Fernandino, o desenhista M&aacute;rio Azevedo, o pintor      M&aacute;rio Zavagli e o fot&oacute;grafo Paulo Baptista. Al&eacute;m      dos trabalhos expostos, o resultado do projeto <em>Olhar Diamantina<\/em>      est&aacute; contido tamb&eacute;m no livro hom&ocirc;nimo, lan&ccedil;ado      na abertura da mostra, juntamente com o cat&aacute;logo daquela edi&ccedil;&atilde;o      do <em>Festival de Inverno<\/em> e do livro <em>Di&aacute;logos: literatura      e artes visuais<\/em>, tamb&eacute;m produzido no Festival, com a participa&ccedil;&atilde;o      de alunos, professores e artistas convidados.<\/p>\n<p>     (Fonte: <a href=\"http:\/\/www.ufmg.br\/online\/arquivos\/003806.shtml\">http:\/\/www.ufmg.br\/online\/arquivos\/003806.shtml<\/a>      &#8211; 26 de junho\/2006)    <\/p>\n<p>&nbsp;<\/p>\n<p>    <\/span><\/td>\n<\/tr>\n<tr>\n<td align=\"LEFT\" valign=\"TOP\"><\/td>\n<td align=\"LEFT\" valign=\"TOP\"><a name=\"ainformativo5\" id=\"5\"><span class=\"titulo\">MEM&Oacute;RIA     FOTOGR&Aacute;FICA DO CECOM<\/span><\/a> <span class=\"texto\">     <\/p>\n<p>H&aacute; alguns anos, quando ainda n&atilde;o havia previs&atilde;o      da reforma do 8o andar, foi cogitada uma identifica&ccedil;&atilde;o      nas portas do CECOM, onde deveriam constar os nomes dos ocupantes da      sala e suas fotos. Muitas fotos foram tiradas em agosto de 2003 e, como      o projeto n&atilde;o foi adiante, elas ficaram guardadas para a posteridade.      As fotos s&atilde;o de autoria de Ant&ocirc;nio Lima.<\/p>\n<p align=\"center\"><img loading=\"lazy\" decoding=\"async\" src=\"https:\/\/www.ufmg.br\/dti\/wp-content\/uploads\/fotos\/29_06\/alda2.jpg\" width=\"352\" height=\"288\"><br \/>     <font face=\"1\">Alda<\/font><\/p>\n<p>    <\/span> <\/p>\n<p align=\"center\"><img loading=\"lazy\" decoding=\"async\" src=\"https:\/\/www.ufmg.br\/dti\/wp-content\/uploads\/fotos\/29_06\/aroldo.jpg\" width=\"352\" height=\"288\"><br \/>     <span class=\"texto\"><font face=\"1\">Haroldo<\/font><\/span><\/p>\n<p align=\"center\"><font face=\"1\"><img loading=\"lazy\" decoding=\"async\" src=\"https:\/\/www.ufmg.br\/dti\/wp-content\/uploads\/fotos\/29_06\/estagiario.jpg\" width=\"352\" height=\"288\"><br \/>     <\/font><span class=\"texto\"><font face=\"1\">Tiago Alisson<\/font><\/span><\/p>\n<p align=\"center\"><font face=\"1\"><img loading=\"lazy\" decoding=\"async\" src=\"https:\/\/www.ufmg.br\/dti\/wp-content\/uploads\/fotos\/29_06\/marcia.jpg\" width=\"352\" height=\"288\"><br \/>     <\/font><span class=\"texto\"><font face=\"1\">M&aacute;rcia Lemos<\/font><\/span><\/p>\n<p align=\"center\"><font face=\"1\"><img loading=\"lazy\" decoding=\"async\" src=\"https:\/\/www.ufmg.br\/dti\/wp-content\/uploads\/fotos\/29_06\/max.jpg\" width=\"352\" height=\"288\"><br \/>     <\/font><span class=\"texto\"><font face=\"1\">Max<\/font><\/span><\/p>\n<p align=\"center\"><font face=\"1\"><img loading=\"lazy\" decoding=\"async\" src=\"https:\/\/www.ufmg.br\/dti\/wp-content\/uploads\/fotos\/29_06\/passarinho.jpg\" width=\"352\" height=\"288\"><br \/>     <\/font><span class=\"texto\"><font face=\"1\">Denise<\/font><\/span><\/p>\n<p>    <span class=\"texto\">     <\/p>\n<p>&nbsp;<\/p>\n<p>    <\/span><\/td>\n<\/tr>\n<p>  <!-- #EndEditable -->  <\/table>\n<p> <!-- fim noticias --> <!-- tabela ha 20 anos --> <\/p>\n<table border=\"0\" cellspacing=\"0\" cellpadding=\"0\" class=\"cinza\">\n<tr>\n<td><img loading=\"lazy\" decoding=\"async\" src=\"https:\/\/www.ufmg.br\/dti\/wp-content\/uploads\/imgs\/tudo_pixel.gif\" width=\"1\" height=\"1\" alt=\"\" border=\"0\"><\/td>\n<td><img loading=\"lazy\" decoding=\"async\" src=\"https:\/\/www.ufmg.br\/dti\/wp-content\/uploads\/imgs\/tudo_pixel.gif\" width=\"19\" height=\"1\" alt=\"\" border=\"0\"><\/td>\n<td><img loading=\"lazy\" decoding=\"async\" src=\"https:\/\/www.ufmg.br\/dti\/wp-content\/uploads\/imgs\/tudo_pixel.gif\" width=\"510\" height=\"1\" alt=\"\" border=\"0\"><\/td>\n<td><img loading=\"lazy\" decoding=\"async\" src=\"https:\/\/www.ufmg.br\/dti\/wp-content\/uploads\/imgs\/tudo_pixel.gif\" width=\"19\" height=\"1\" alt=\"\" border=\"0\"><\/td>\n<td><img loading=\"lazy\" decoding=\"async\" src=\"https:\/\/www.ufmg.br\/dti\/wp-content\/uploads\/imgs\/tudo_pixel.gif\" width=\"1\" height=\"1\" alt=\"\" border=\"0\"><\/td>\n<\/tr>\n<tr>\n<td class=\"vermelho\" colspan=\"5\"><img loading=\"lazy\" decoding=\"async\" src=\"https:\/\/www.ufmg.br\/dti\/wp-content\/uploads\/imgs\/tudo_pixel.gif\" width=\"1\" height=\"1\" alt=\"\" border=\"0\"><\/td>\n<\/tr>\n<tr>\n<td class=\"vermelho\"><img loading=\"lazy\" decoding=\"async\" src=\"https:\/\/www.ufmg.br\/dti\/wp-content\/uploads\/imgs\/tudo_pixel.gif\" width=\"1\" height=\"1\" alt=\"\" border=\"0\"><\/td>\n<td><img loading=\"lazy\" decoding=\"async\" src=\"https:\/\/www.ufmg.br\/dti\/wp-content\/uploads\/imgs\/tudo_pixel.gif\" width=\"1\" height=\"1\" alt=\"\" border=\"0\"><\/td>\n<td align=\"LEFT\" valign=\"TOP\"><!-- #BeginEditable \"ha 20 anos\" --><a name=\"ainformativo6\" id=\"6\"><img loading=\"lazy\" decoding=\"async\" src=\"https:\/\/www.ufmg.br\/dti\/wp-content\/uploads\/imgs\/tudo_pixel.gif\" width=\"1\" height=\"8\" alt=\"\" border=\"0\"><br \/>    <span class=\"titulo\">H\u00e1 20 anos&#8230;<\/span><\/a> <span class=\"texto\">     <\/p>\n<p>O Sistem&aacute;tico Ano X, no 24, publicou not&iacute;cias sobre III      Inforuso, mudan&ccedil;as f&iacute;sicas no CECOM, I Semin&aacute;rio      de Municipaliza&ccedil;&atilde;o da Inform&aacute;tica, sa&iacute;da      da bolsista Al&eacute;xia Loureiro Ara&uacute;jo, contrata&ccedil;&atilde;o      do bolsista Pedro Luiz Caetano Filho, fechamento tempor&aacute;rio do      Servi&ccedil;o de Subsist&ecirc;ncia Reembols&aacute;vel (SSR), visita      de analistas da Usiminas, entre outras. As not&iacute;cias que se destacaram      foram:<\/p>\n<p><strong>INFORMATIZA&Ccedil;&Atilde;O DA DAA<\/strong><\/p>\n<p>     <font face=\"1\">Dando in&iacute;cio &agrave;s atividades de racionaliza&ccedil;&atilde;o      e informatiza&ccedil;&atilde;o dos servi&ccedil;os administrativos do      CECOM, a Divis&atilde;o de Apoio Administrativo come&ccedil;ou esta      semana a avaliar uma de suas rotinas de trabalho. Nesta etapa, a primeira      a ser atingida, est&aacute; sendo estudado o fluxo de informa&ccedil;&otilde;es      referentes ao controle do funcion&aacute;rio: cadastramento, freq&uuml;&ecirc;ncia,      f&eacute;rias, di&aacute;rias e evolu&ccedil;&atilde;o de cargos\/sal&aacute;rios.<\/font><\/p>\n<p>    <strong> V ESCOLA DE COMPUTA&Ccedil;&Atilde;O<\/strong><\/p>\n<p>    <font face=\"1\">A V Escola de Computa&ccedil;&atilde;o, que este ano vai     ser realizada na UFMG, vai ter in&iacute;cio no pr&oacute;ximo dia 10,     &agrave;s 8h30. Ser&atilde;o oferecidos 6 cursos b&aacute;sicos (a n&iacute;vel     de p&oacute;s-gradua&ccedil;&atilde;o), ministrados por professores brasileiros,     e 3 cursos avan&ccedil;ados, ministrados por estrangeiros. Al&eacute;m     dos cursos, ser&atilde;o apresentadas 12 palestras t&eacute;cnicas, dadas     por professores convidados de todo o Brasil.<\/p>\n<p>    O CECOM recebeu bolsas de participa&ccedil;&atilde;o e os seguintes funcion&aacute;rios     estar&atilde;o presentes &agrave; V Escola: Solange Guimar&atilde;es,     Jo&atilde;o Carlos Lages, Cristiane Maria Nunes, Rog&eacute;rio Soares     Pinheiro e Luiz Flaviano dos Santos. <\/font>     <\/p>\n<p>&nbsp;<\/p>\n<p>    <\/span><!-- #EndEditable --><br \/>     <img loading=\"lazy\" decoding=\"async\" src=\"https:\/\/www.ufmg.br\/dti\/wp-content\/uploads\/imgs\/tudo_pixel.gif\" width=\"1\" height=\"8\" alt=\"\" border=\"0\"><\/td>\n<td><img loading=\"lazy\" decoding=\"async\" src=\"https:\/\/www.ufmg.br\/dti\/wp-content\/uploads\/imgs\/tudo_pixel.gif\" width=\"1\" height=\"1\" alt=\"\" border=\"0\"><\/td>\n<td class=\"vermelho\"><img loading=\"lazy\" decoding=\"async\" src=\"https:\/\/www.ufmg.br\/dti\/wp-content\/uploads\/imgs\/tudo_pixel.gif\" width=\"1\" height=\"1\" alt=\"\" border=\"0\"><\/td>\n<\/tr>\n<tr>\n<td class=\"vermelho\" colspan=\"5\"><img loading=\"lazy\" decoding=\"async\" src=\"https:\/\/www.ufmg.br\/dti\/wp-content\/uploads\/imgs\/tudo_pixel.gif\" width=\"1\" height=\"1\" alt=\"\" border=\"0\"><\/td>\n<\/tr>\n<\/table>\n<p> <!-- fim tabela ha 20 anos --><\/div>\n<p><a name='eventos'><\/a><\/p>\n<h4>Eventos<\/h4>\n<div class=\"centro-sistematico\">  <!-- noticias --> <\/p>\n<table border=\"0\" cellspacing=\"0\" cellpadding=\"0\">\n<tr>\n<td><\/td>\n<td><\/td>\n<\/tr>\n<p>  <!-- #BeginEditable \"materias\" -->   <\/p>\n<tr>\n<td align=\"LEFT\" valign=\"TOP\"><\/td>\n<td align=\"LEFT\" valign=\"TOP\"> <a name=\"aeventos1\"><span class=\"titulo\">HAPPY HOUR     JULINO<\/span><\/a> <span class=\"texto\">     <\/p>\n<p>Muitos funcion&aacute;rios ainda n&atilde;o confirmaram a presen&ccedil;a      no Happy Hour Julino do CECOM. A lista continua sendo passada e j&aacute;      teve in&iacute;cio o recolhimento da contribui&ccedil;&atilde;o dos      participantes. E a cesta de guloseimas est&aacute; na porta da DAA,      &agrave; espera da colabora&ccedil;&atilde;o de todos para sua confec&ccedil;&atilde;o.<\/p>\n<p>&nbsp;<\/p>\n<p>    <\/span><\/td>\n<\/tr>\n<tr>\n<td align=\"LEFT\" valign=\"TOP\"><\/td>\n<td align=\"LEFT\" valign=\"TOP\"><a name=\"aeventos2\"><span class=\"titulo\">SOCIAIS<\/span><\/a>     <span class=\"texto\">     <\/p>\n<p><strong>ANIVERS&Aacute;RIOS:<\/strong> <em>&#8220;O Sistem&aacute;tico&#8221;      envia os parab&eacute;ns para: Regina Helena Moura Brandi, no dia 1o      de julho; e Geraldo dos Reis, no dia 06. Os parab&eacute;ns para os      ex-ceconianos: Jader de Freitas Batista, no dia 1o; Norberto de Souza      Lage, no dia 02; Diarley Rone Silva, Luiz Carlos Campos, Paulo C&eacute;sar      Marciano de Oliveira e Joaquim Coelho da Fonseca Neto, no dia 03; e      V&acirc;nia Maria de Menezes, no dia 05.<\/em><\/p>\n<p>&nbsp;<\/p>\n<p>    <\/span><\/td>\n<\/tr>\n<p>  <!-- #EndEditable -->  <\/table>\n<p> <!-- fim noticias --><\/div>\n","protected":false},"excerpt":{"rendered":"<p>Not\u00edcias CECOM AP&Oacute;IA NOVA ORGANIZA&Ccedil;&Atilde;O DO SERVI&Ccedil;O DE MATR&Iacute;CULA DRC PREPARA INTERLIGA&Ccedil;&Atilde;O DA TELEFONIA NOS CAMPI PAMPULHA E SA&Uacute;DE ENCERRADO MAIS UM TREINAMENTO DE EXCEL B&Aacute;SICO UFMG DIVULGA EDITAL DE SEU VESTIBULAR 2007 Informativo DICAS DE SITES INTERESSANTES TELEFONE TER&Aacute; REAJUSTE EM JULHO E PRE&Ccedil;O PODE CAIR CLIPPING DA PUBLICA&Ccedil;&Atilde;O TI &amp; GOVERNO ESPA&Ccedil;O EXPOSITIVO &#8230; <a title=\"Sistem\u00e1tico: Edi\u00e7\u00e3o 1297 &#8211; 29\/06\/2006\" class=\"read-more\" href=\"https:\/\/www.ufmg.br\/dti\/2006\/06\/29\/sistematico-edicao-1297-29062006\/\" aria-label=\"Read more about Sistem\u00e1tico: Edi\u00e7\u00e3o 1297 &#8211; 29\/06\/2006\">Ler mais<\/a><\/p>\n","protected":false},"author":3,"featured_media":0,"comment_status":"open","ping_status":"open","sticky":false,"template":"","format":"standard","meta":{"inline_featured_image":false,"footnotes":""},"categories":[13],"tags":[],"coauthors":[79],"class_list":["post-3126","post","type-post","status-publish","format-standard","hentry","category-sistematico"],"_links":{"self":[{"href":"https:\/\/www.ufmg.br\/dti\/wp-json\/wp\/v2\/posts\/3126","targetHints":{"allow":["GET"]}}],"collection":[{"href":"https:\/\/www.ufmg.br\/dti\/wp-json\/wp\/v2\/posts"}],"about":[{"href":"https:\/\/www.ufmg.br\/dti\/wp-json\/wp\/v2\/types\/post"}],"author":[{"embeddable":true,"href":"https:\/\/www.ufmg.br\/dti\/wp-json\/wp\/v2\/users\/3"}],"replies":[{"embeddable":true,"href":"https:\/\/www.ufmg.br\/dti\/wp-json\/wp\/v2\/comments?post=3126"}],"version-history":[{"count":0,"href":"https:\/\/www.ufmg.br\/dti\/wp-json\/wp\/v2\/posts\/3126\/revisions"}],"wp:attachment":[{"href":"https:\/\/www.ufmg.br\/dti\/wp-json\/wp\/v2\/media?parent=3126"}],"wp:term":[{"taxonomy":"category","embeddable":true,"href":"https:\/\/www.ufmg.br\/dti\/wp-json\/wp\/v2\/categories?post=3126"},{"taxonomy":"post_tag","embeddable":true,"href":"https:\/\/www.ufmg.br\/dti\/wp-json\/wp\/v2\/tags?post=3126"},{"taxonomy":"author","embeddable":true,"href":"https:\/\/www.ufmg.br\/dti\/wp-json\/wp\/v2\/coauthors?post=3126"}],"curies":[{"name":"wp","href":"https:\/\/api.w.org\/{rel}","templated":true}]}}