{"id":3166,"date":"2004-09-09T08:00:00","date_gmt":"2004-09-09T08:00:00","guid":{"rendered":"https:\/\/www.ufmg.br\/dti\/cecom\/?p=1408"},"modified":"2004-09-09T08:00:00","modified_gmt":"2004-09-09T08:00:00","slug":"sistematico-edicao-1219-09092004","status":"publish","type":"post","link":"https:\/\/www.ufmg.br\/dti\/2004\/09\/09\/sistematico-edicao-1219-09092004\/","title":{"rendered":"Sistem\u00e1tico: Edi\u00e7\u00e3o 1219 &#8211; 09\/09\/2004"},"content":{"rendered":"<ul>\n<li><a href=\"\/dti\/#noticias\">Not\u00edcias<\/a>\n<div class='submenuSistematico'>\n<ul>\n<li><a href=\"\/dti\/#anoticias1\"><span class=\"titulo\">CECOM APRESENTA     EXPERI&Ecirc;NCIAS EM WORKSHOP DO POP-MG<\/span><\/a><\/li>\n<li><a href=\"\/dti\/#anoticias2\"><span class=\"titulo\">TEM IN&Iacute;CIO     PROGRAMA DE TREINAMENTO PARA NOVOS ESTAGI&Aacute;RIOS DO CECOM<\/span><\/a><\/li>\n<li><a href=\"\/dti\/#anoticias3\"><span class=\"titulo\">CECOM FAZ     VERIFICA&Ccedil;&Atilde;O DE ARQUIVOS<\/span><\/a><\/li>\n<li><a href=\"\/dti\/#anoticias4\" id=\"4\"><span class=\"titulo\">NOVO     ESTAGI&Aacute;RIO NO CECOM<\/span><\/a><\/li>\n<\/ul>\n<\/div>\n<\/li>\n<li><a href=\"\/dti\/#informativo\">Informativo<\/a>\n<div class='submenuSistematico'>\n<ul>\n<li><a href=\"\/dti\/#ainformativo1\"><span class=\"titulo\">DICAS      DE SITES INTERESSANTES<\/span><br \/>     <\/a><\/li>\n<li><a href=\"\/dti\/#ainformativo2\"><span class=\"titulo\">SUCESU FAZ     CHAMADA DE TRABALHOS PARA EVENTO EM 2005<\/span><\/a><\/li>\n<li><a href=\"\/dti\/#ainformativo3\"><span class=\"titulo\">PLANT&Atilde;O     INFO<\/span><\/a><\/li>\n<li><a href=\"\/dti\/#ainformativo4\"><img loading=\"lazy\" decoding=\"async\" src=\"https:\/\/www.ufmg.br\/dti\/wp-content\/uploads\/imgs\/tudo_pixel.gif\" width=\"1\" height=\"8\" alt=\"\" border=\"0\"><br \/>    <span class=\"titulo\">H\u00e1 20 anos&#8230;<\/span><\/a><\/li>\n<\/ul>\n<\/div>\n<\/li>\n<li><a href=\"\/dti\/#eventos\">Eventos<\/a>\n<div class='submenuSistematico'>\n<ul>\n<li><a href=\"\/dti\/#aeventos1\"><span class=\"titulo\">SOCIAIS<\/span><\/a><\/li>\n<\/ul>\n<\/div>\n<\/li>\n<\/ul>\n<p> <a name='noticias'><\/a><\/p>\n<h4>Not\u00edcias<\/h4>\n<div class=\"centro-sistematico\">  <!-- noticias --> <\/p>\n<table border=\"0\" cellspacing=\"0\" cellpadding=\"0\">\n<tr>\n<td><\/td>\n<td><\/td>\n<\/tr>\n<p>  <!-- #BeginEditable \"materias\" -->   <\/p>\n<tr>\n<td align=\"LEFT\" valign=\"TOP\"><\/td>\n<td align=\"LEFT\" valign=\"TOP\"> <a name=\"anoticias1\"><span class=\"titulo\">CECOM APRESENTA     EXPERI&Ecirc;NCIAS EM WORKSHOP DO POP-MG<\/span><\/a> <span class=\"texto\">     <\/p>\n<p>O Ponto de Presen&ccedil;a da Rede Nacional de Pesquisas em Minas Gerais      (POP-MG) realizou, nos dias 2 e 3 de setembro, um <em>&#8220;Workshop      em Administra&ccedil;&atilde;o de Redes de Computadores e Internet<\/em>&#8221;.      O evento aconteceu no Instituto de Ci&ecirc;ncias Exatas (ICEx) e contou      com o apoio do Centro de Atendimento a Incidentes de Seguran&ccedil;a,      da Rede Nacional de Ensino e Pesquisa (CAIS\/RNP), do Laborat&oacute;rio      de Computa&ccedil;&atilde;o Cient&iacute;fica (LCC\/UFMG) e do Centro      de Computa&ccedil;&atilde;o (CECOM\/UFMG). <\/p>\n<p>     Fernando Frota Machado de Morais, da Divis&atilde;o de Redes de Comunica&ccedil;&atilde;o,      apresentou a experi&ecirc;ncia da UFMG com um servi&ccedil;o centralizado      de controle de v&iacute;rus em e-mails e bloqueio de SPAMS, assim como      os procedimentos que s&atilde;o adotados para adequar os programas de      compartilhamento de arquivos &agrave;s normas da RNP e &agrave;s necessidades      institucionais.<\/p>\n<p>     Estavam presentes ao workshop representantes da maioria das institui&ccedil;&otilde;es      federais de educa&ccedil;&atilde;o superior em MG.<\/p>\n<p>    <\/span> <\/td>\n<\/tr>\n<tr>\n<td align=\"LEFT\" valign=\"TOP\"><\/td>\n<td align=\"LEFT\" valign=\"TOP\"> <a name=\"anoticias2\"><span class=\"titulo\">TEM IN&Iacute;CIO     PROGRAMA DE TREINAMENTO PARA NOVOS ESTAGI&Aacute;RIOS DO CECOM<\/span><\/a>     <span class=\"texto\">     <\/p>\n<p>Teve in&iacute;cio hoje, dia 09, o treinamento que o CECOM est&aacute;      promovendo para os novos estagi&aacute;rios, com o objetivo de mostrar      as suas atribui&ccedil;&otilde;es, atividades e projetos, assim como      procedimentos e m&eacute;todos de trabalho.<\/p>\n<p>     O treinamento, previsto para dois dias de dura&ccedil;&atilde;o, teve      hoje a presen&ccedil;a de Carlos Alfeu Furtado da Fonseca, diretor do      CECOM, que fez uma apresenta&ccedil;&atilde;o geral do Centro. Em seguida,      o vice-diretor Gilmar Lima Guimar&atilde;es, fez a apresenta&ccedil;&atilde;o      do Novo Sistema Acad&ecirc;mico.<\/p>\n<p>     Amanh&atilde;, dia 10, est&atilde;o previstas as apresenta&ccedil;&otilde;es      de Aleixina Maria Lopes Andal&eacute;cio, Jo&atilde;o Carlos Lages e      Fernando Frota Machado de Morais.<\/p>\n<p>     Est&atilde;o participando do treinamento os estagi&aacute;rios: Djim      de Andrade Martins, Gustavo Moreira da Fonseca, Juliano Dantas Santos,      Robson Nogueira Barreto, Roberto Simone Maciel J&uacute;nior, Ricardo      Jos&eacute; dos Santos Neto, Cidiney Jos&eacute; da Silva, Gladson de      Oliveira, Pedro Schettini Cunha e Vinicius Henrique Aguiar Silva Teixeira,      da Copeve.<\/p>\n<p>     Ao longo dos pr&oacute;ximos meses, &agrave;s ter&ccedil;as e quintas-feiras,      pela manh&atilde;, ser&aacute; feito pela DAS, um programa de treinamento      espec&iacute;fico para seus estagi&aacute;rios. Dele tamb&eacute;m participar&atilde;o      Vinicius Teixeira, da Copeve, e Marcus Vinicius Duarte Teixeira, da      DAC. O treinamento ir&aacute; de 16\/09 a 18\/12\/2004.<\/p>\n<p>    <\/span> <\/td>\n<\/tr>\n<tr>\n<td align=\"LEFT\" valign=\"TOP\"><\/td>\n<td align=\"LEFT\" valign=\"TOP\"> <a name=\"anoticias3\"><span class=\"titulo\">CECOM FAZ     VERIFICA&Ccedil;&Atilde;O DE ARQUIVOS<\/span><\/a> <span class=\"texto\">     <\/p>\n<p>O CECOM vai implantar um sistema de salva em fita dos arquivos do servidor      www.ufmg.br, onde ficam residentes as p&aacute;ginas da UFMG e dos &oacute;rg&atilde;os      da Administra&ccedil;&atilde;o Central, visando oferecer maior seguran&ccedil;a      aos usu&aacute;rios desse servidor.<\/p>\n<p>     Como a salva em fita &eacute; um processo demorado, e esse servidor      tem uma carga muito grande de arquivos, foi feita uma r&aacute;pida      verifica&ccedil;&atilde;o no seu conte&uacute;do e observada a exist&ecirc;ncia      de v&aacute;rios arquivos obsoletos, como arquivos relativos a p&aacute;ginas      e imagens que j&aacute; deixaram de ser usadas, arquivos para download      que n&atilde;o t&ecirc;m mais utilidade e outras situa&ccedil;&otilde;es      similares. <\/p>\n<p>     A DAC, ent&atilde;o, enviou mensagem solicitando a todos os &oacute;rg&atilde;os      que possuem c&oacute;digo para manuten&ccedil;&atilde;o de p&aacute;gina      nesse servidor que verifiquem os arquivos existentes na &aacute;rea      sob sua responsabilidade e providenciem a remo&ccedil;&atilde;o daqueles      que n&atilde;o s&atilde;o mais &uacute;teis. Caso seja necess&aacute;rio      manter arquivos por uma quest&atilde;o hist&oacute;rica, eles devem      ser salvos em CD e removidos do servidor.<\/p>\n<p>     A implementa&ccedil;&atilde;o da salva est&aacute; a cargo de Emerson      Henrique Kfouri Pereira.<\/p>\n<p>    <\/span> <\/td>\n<\/tr>\n<tr>\n<td align=\"LEFT\" valign=\"TOP\"><\/td>\n<td align=\"LEFT\" valign=\"TOP\"> <a name=\"anoticias4\" id=\"4\"><span class=\"titulo\">NOVO     ESTAGI&Aacute;RIO NO CECOM<\/span><\/a> <span class=\"texto\">     <\/p>\n<p>Com o remanejamento, no dia 31\/08, de Juliano Dantas Santos, da DAC-      Divis&atilde;o de Atendimento e Consultoria para a DAS &#8211; Divis&atilde;o      de Aplicativos e Sistemas, o CECOM contratou o estagi&aacute;rio Ricardo      Jos&eacute; dos Santos Neto, do curso de Biblioteconomia da UFMG para      ocupar a vaga.<\/p>\n<p>     Ricardo iniciou as atividades de atendimento e suporte aos usu&aacute;rios      na DAC no dia 02 de setembro.<\/p>\n<p>    <\/span> <\/td>\n<\/tr>\n<p>  <!-- #EndEditable -->  <\/table>\n<p> <!-- fim noticias --><\/div>\n<p><a name='informativo'><\/a><\/p>\n<h4>Informativo<\/h4>\n<div class=\"centro-sistematico\">  <!-- noticias --> <\/p>\n<table border=\"0\" cellspacing=\"0\" cellpadding=\"0\">\n<tr>\n<td><\/td>\n<td><\/td>\n<\/tr>\n<p>  <!-- #BeginEditable \"materias\" -->   <\/p>\n<tr>\n<td align=\"LEFT\" valign=\"TOP\"><\/td>\n<td align=\"LEFT\" valign=\"TOP\">\n<p><a name=\"ainformativo1\"><span class=\"titulo\">DICAS      DE SITES INTERESSANTES<\/span><br \/>     <\/a> <img loading=\"lazy\" decoding=\"async\" src=\"https:\/\/www.ufmg.br\/dti\/wp-content\/uploads\/imgs\/tudo_pixel.gif\" width=\"1\" height=\"20\" alt=\"\" border=\"0\"><span class=\"texto\">Adyrus,      o ca&ccedil;ador de sites, enviou as seguintes dicas:<\/p>\n<p>     &#8211; O maracuj&aacute; &eacute; uma boa fonte de carboidratos. Cont&eacute;m      vitaminas A e C, al&eacute;m de vitaminas do complexo B. &Eacute; rico      em minerais como c&aacute;lcio, f&oacute;sforo e ferro. Se voc&ecirc;      gosta da fruta, navegue at&eacute; a p&aacute;gina <a href=\"http:\/\/www.maracuja.com.br\/\">http:\/\/www.maracuja.com.br\/<\/a>      e se delicie com diversas receitas, informa&ccedil;&otilde;es sobre      o cultivo, aplica&ccedil;&otilde;es medicinais e tudo o mais. Al&eacute;m      disso, voc&ecirc; encontrar&aacute; cart&otilde;es e pap&eacute;is de      parede. Vale a pena conferir.<\/p>\n<p>     &#8211; Nada melhor do que um texto caprichado para uma boa apresenta&ccedil;&atilde;o.      O <em>Mundo Digital <\/em>do UOL (<a href=\"http:\/\/noticias.uol.com.br\/mundodigital\/ultimas\/2003\/11\/14\/ult8u770.jhtm\">http:\/\/noticias.uol.com.br\/mundodigital\/ultimas\/2003\/11\/14\/ult8u770.jhtm<\/a>)      ensina alguns truques que facilitam o uso do Word para conseguir melhores      resultados. Se voc&ecirc; precisa de um bom editor de texto conhe&ccedil;a      o OpenOffice (http:\/\/www.openoffice.org), que &eacute; totalmente gratuito,      dispon&iacute;vel tamb&eacute;m em Portugu&ecirc;s do Brasil. O pacote      &eacute; completo e vem com processador de texto, planilha de c&aacute;lculos,      editor HTML, editor vetorial e editor de apresenta&ccedil;&atilde;o.      (Site em Ingl&ecirc;s)<\/p>\n<p>     &#8211; Fique ligado sobre tudo que rola no mundo em v&aacute;rios idiomas.      Em <a href=\"http:\/\/www.indekx.com\/\">http:\/\/www.indekx.com\/<\/a>, voc&ecirc;      acessa os jornais de quase 30 pa&iacute;ses. Basta escolher e clicar      na bandeira. <\/p>\n<p>     &#8211; Saiba quem &eacute; quem nas Olimp&iacute;adas que acabaram e s&oacute;      voltam a acontecer daqui a quatro anos. Confira o quadro de medalhas      de todas as edi&ccedil;&otilde;es dos Jogos Olimp&iacute;cos, al&eacute;m      da p&aacute;gina Quem Ganhou (<a href=\"http:\/\/www.quemganhou.com.br\/\">http:\/\/www.quemganhou.com.br\/<\/a>),      que tem a lista completa dos campe&otilde;es e vices do Campeonato Brasileiro      de futebol, da primeira e da segunda divis&otilde;es; dos campe&otilde;es      de v&ocirc;lei e basquete daqui e da Europa; dos vencedores da F&oacute;rmula      1 de Motovelocidade; e at&eacute; dos campe&otilde;es do Super Bowl.      <\/p>\n<p>     &#8211; Voc&ecirc; j&aacute; viu cabe&ccedil;a de bacalhau? Algumas pessoas      dizem: &#8220;<em>Voc&ecirc; &eacute; igual cabe&ccedil;a de bacalhau,      sabe que existe e nunca v&ecirc;&#8221;<\/em>. &Eacute; assim mesmo,      a p&aacute;gina que trata do assunto tem v&aacute;rias receitas e fala      tudo sobre este peixe, mas n&atilde;o tem foto da cabe&ccedil;a do bacalhau.      Bem, sendo assim, confira a p&aacute;gina <a href=\"http:\/\/www.bacalhaudanoruega.com.br\/\">http:\/\/www.bacalhaudanoruega.com.br\/<\/a>      que vale a pena.<br \/>     &#8211;<br \/>     Uma p&aacute;gina legal e que facilita a vida de quem trabalha com instala&ccedil;&atilde;o      de software e hardware &eacute; a <em>Simply the best<\/em>. Bastante      completa e com diversas &aacute;reas diferentes. A p&aacute;gina oferece      links completos. Drivers, scripts, sons, ferramentas de busca, fonts      etc. voc&ecirc; encontrar&aacute; nesta p&aacute;gina. N&atilde;o se      esque&ccedil;a de ir em Fonts (<a href=\"http:\/\/simplythebest.net\/fonts\">http:\/\/simplythebest.net\/fonts<\/a>).      L&aacute; tem tipografias de todos os tipos para baixar e &eacute; quase      tudo de gra&ccedil;a. (Site em Ingl&ecirc;s)<\/p>\n<p>     &#8211; A <em>Broto Legal<\/em> Alimentos foi criada pela determina&ccedil;&atilde;o      da empresa em lan&ccedil;ar produtos inovadores. Inquestionavelmente,      esta &eacute; uma decis&atilde;o que parte da consolida&ccedil;&atilde;o      do sucesso do Feij&atilde;o Broto Legal, que formou junto ao p&uacute;blico      uma imagem irretoc&aacute;vel pela sua qualidade. Tudo come&ccedil;ou      na d&eacute;cada de 70, na cidade de Campinas\/SP, com o in&iacute;cio      das atividades da &#8220;Cereais Corcovado&#8221; que, neste primeiro      momento, comercializava feij&atilde;o a granel, in natura. Visite <a href=\"http:\/\/www.brotolegal.com.br\/\">http:\/\/www.brotolegal.com.br\/<\/a>.<\/p>\n<p>     &#8211; A locadora <em>Blockbuster<\/em> (<a href=\"http:\/\/www.blockbuster.com.br\/\">http:\/\/www.blockbuster.com.br\/<\/a>)      tem informa&ccedil;&otilde;es sobre todos os lan&ccedil;amentos do m&ecirc;s      al&eacute;m de trailers dos filmes, not&iacute;cias cinematogr&aacute;ficas,      &aacute;rea multim&iacute;dia com wallpapers e webcards. Veja tamb&eacute;m      a galeria de fotos dos principais t&iacute;tulos do m&ecirc;s e ainda      fazer uma busca r&aacute;pida por filmes do mesmo ator, diretor, g&ecirc;nero      ou distribuidora. <\/p>\n<p>     &#8211; Crie uma carinha divertida com tra&ccedil;os na <em>Crazy Mania<\/em>      (<a href=\"http:\/\/www.crazymania.com.br\/mundojovem\/carinhas\/\">http:\/\/www.crazymania.com.br\/mundojovem\/carinhas\/<\/a>).      Escolha um amigo e envie para ele, por email, a carinha que voc&ecirc;      criou, com olhos, cabelos, queixos, bigodes etc. &Eacute; muito divertido      e a crian&ccedil;ada vai adorar.<\/p>\n<p>     &#8211; Afinal, o que &eacute; a Ma&ccedil;onaria? Esta pergunta &eacute;      feita diariamente por milhares de pessoas espalhadas pelos quatro cantos      do mundo, quer sejam ma&ccedil;ons ou n&atilde;o. Na verdade, pouco      se sabe sobre a origem da ma&ccedil;onaria que se perde na origem da      hist&oacute;ria ocidental. O grande marco conhecido, que formatou a      ma&ccedil;onaria como ela &eacute; hoje, foi o humanismo Franc&ecirc;s.      Veja isto em <a href=\"http:\/\/www.aminternacional.org\/\">http:\/\/www.aminternacional.org\/<\/a>.<\/p>\n<p>     &#8211; As informa&ccedil;&otilde;es sobre sa&uacute;de contidas no site <a href=\"http:\/\/www.reyataz.com.br\/\">http:\/\/www.reyataz.com.br\/<\/a>      s&atilde;o fornecidas somente para fins educativos e n&atilde;o pretendem      substituir, de forma alguma, as discuss&otilde;es estabelecidas entre      m&eacute;dico e paciente. Todas as decis&otilde;es relacionadas a tratamento      de pacientes devem ser tomadas por profissionais autorizados que levar&atilde;o      em considera&ccedil;&atilde;o as caracter&iacute;sticas exclusivas de      cada paciente. O texto faz uma refer&ecirc;ncia a Aids que se alastra      pelo mundo. Vale a pena conhecer.<\/p>\n<p>     &#8211; &#8220;<em>Ora, n&atilde;o se irrite<\/em>!&#8221; Pois &eacute;, falar      &eacute; f&aacute;cil&#8230; Mas quem n&atilde;o consegue seguir esse conselho?      N&atilde;o importa. Tamb&eacute;m a irrita&ccedil;&atilde;o e a raiva      t&ecirc;m sua utilidade. Basta que a gente aprenda a lidar com elas.      Uma publica&ccedil;&atilde;o interessante com informa&ccedil;&otilde;es      importantes est&aacute; em <a href=\"http:\/\/www2.uol.com.br\/vivermente\/\">http:\/\/www2.uol.com.br\/vivermente\/<\/a>,      com links para a revista alem&atilde; Gehim &amp; Geist.<\/p>\n<p>     &#8211; Se voc&ecirc; &eacute; chegado em Tar&ocirc;, Xamanismo, Astrologia      e quer fazer uma consulta ao vivo, acesse a p&aacute;gina Otimiscos      (<a href=\"http:\/\/www.otimisticos.com.br\/home\/index.asp\">http:\/\/www.otimisticos.com.br\/home\/index.asp<\/a>)      e saiba tudo. Consulte o seu hor&oacute;scopo.<\/p>\n<p>     &#8211; Acupuntura no corpo ou na orelha pode ser realizada com muitos instrumentos,      por exemplo, agulha, dedo, calor, semente, &iacute;m&atilde;, eletricidade,      luz colorida e at&eacute; raio laser. O mais importante &eacute; seguir      os princ&iacute;pios da Filosofia Chinesa: alcan&ccedil;ar o equil&iacute;brio      entre as polaridades <em>Yin e Yang<\/em>. Atrav&eacute;s de simples      massagens na orelha, muitos problemas de sa&uacute;de podem ser aliviados.      Acesse <a href=\"http:\/\/www.guiadobuscador.com.br\">http:\/\/www.guiadobuscador.com.br<\/a>.<\/span><\/p>\n<p><span class=\"texto\"><br \/>     <\/span>    <\/p>\n<\/td>\n<\/tr>\n<tr>\n<td align=\"LEFT\" valign=\"TOP\"><\/td>\n<td align=\"LEFT\" valign=\"TOP\"><a name=\"ainformativo2\"><span class=\"titulo\">SUCESU FAZ     CHAMADA DE TRABALHOS PARA EVENTO EM 2005<\/span><\/a> <span class=\"texto\">     <\/p>\n<p>A SUCESU-Nacional &#8211; Sociedade dos Usu&aacute;rios de Inform&aacute;tica      e Telecomunica&ccedil;&otilde;es realizar&aacute;, no per&iacute;odo      de 30 de mar&ccedil;o a 01 de abril de 2005, o SUCESU 2005 &#8211; Congresso      Nacional de Tecnologia da Informa&ccedil;&atilde;o e Comunica&ccedil;&atilde;o,      no Ouro Minas Palace Hotel. J&aacute; est&aacute; sendo feita a chamada      de Trabalhos T&eacute;cnicos e Cient&iacute;ficos, Palestras e Tutoriais      para o evento, cujas instru&ccedil;&otilde;es encontram-se afixadas      no flanel&oacute;grafo do 8o. andar ou podem ser consultadas no endere&ccedil;o<a href=\"http:\/\/www.sucesu2005.com.br.\">      http:\/\/www.sucesu2005.com.br.<\/a><\/p>\n<p>    <\/span> <\/td>\n<\/tr>\n<tr>\n<td align=\"LEFT\" valign=\"TOP\"><\/td>\n<td align=\"LEFT\" valign=\"TOP\"><a name=\"ainformativo3\"><span class=\"titulo\">PLANT&Atilde;O     INFO<\/span><\/a> <span class=\"texto\">     <\/p>\n<p>O <strong>Plant&atilde;o Info<\/strong> divulgou, na &uacute;ltima semana,      as seguintes not&iacute;cias:<\/p>\n<p>     <strong> Pa&iacute;s faz concurso de programa&ccedil;&atilde;o em software      livre<\/strong> (30 de agosto\/2004) &#8211; Ser&aacute; lan&ccedil;ado oficialmente      no final da tarde desta ter&ccedil;a-feira, dia 31, o Pr&ecirc;mio SOL,      primeira edi&ccedil;&atilde;o do Concurso Nacional de Programa&ccedil;&atilde;o      em Software Livre. <br \/>     Durante o an&uacute;ncio ser&aacute; feita a apresenta&ccedil;&atilde;o      do regulamento provis&oacute;rio do concurso. A competi&ccedil;&atilde;o,      com sete categorias de software, &eacute; aberta a qualquer cidad&atilde;o      residente no Brasil. A vers&atilde;o definitiva do regulamento sai no      dia 7 de setembro, primeiro dia de inscri&ccedil;&otilde;es. <br \/>     Os vencedores ser&atilde;o escolhidos pelos internautas &#8211; que j&aacute;      podem entrar no endere&ccedil;o www.premiosol.com.br para ajudar na      escolha das cores para a logomarca do Pr&ecirc;mio. O concurso &eacute;      organizado pela Via Forum e pelo jornalista Fabricio Rocha em parceria      com o ITI (Instituto Nacional de Tecnologia da Informa&ccedil;&atilde;o);      Minist&eacute;rio do Planejamento, Or&ccedil;amento e Gest&atilde;o;      Universidade Federal de Minas Gerais; C&acirc;mara dos Deputados; SUCESU-DF;      Universidade Cat&oacute;lica de Bras&iacute;lia; Tecnisys; Ag&ecirc;ncia      Click; IOS; Utah; New Trend; e Brisa.<\/p>\n<p>     <strong> IBM e governo levar&atilde;o Linux &agrave;s escolas p&uacute;blicas<\/strong>      (01 de setembro de 2004) &#8211; A IBM e o governo federal assinaram um acordo      de coopera&ccedil;&atilde;o para a capacita&ccedil;&atilde;o dos N&uacute;cleos      de Tecnologia de Educa&ccedil;&atilde;o para levar aos alunos da rede      p&uacute;blica de ensino o conhecimento sobre software livre. <br \/>     O an&uacute;ncio foi feito na ter&ccedil;a-feira (31) no lan&ccedil;amento      do CDTC &#8211; Centro de Difus&atilde;o Tecnol&oacute;gica e Conhecimento,      criado pela companhia em parceria com o Instituto Na-cional de Tecnologia      da Informa&ccedil;&atilde;o (ITI). A primeira iniciativa deste Centro,      conta a Ag&ecirc;ncia Brasil, ser&aacute; apoiar a informatiza&ccedil;&atilde;o      de escolas com o uso de software livre &#8211; a estimativa &eacute; que,      at&eacute; o final do ano, cerca de 700 professores, t&eacute;cnicos      e alunos dos N&uacute;cleos de Tecnologia de Educa&ccedil;&atilde;o      (NTE) tenham sido treinados por t&eacute;cnicos da IBM em todas as capitais      brasileiras. <br \/>     Os interessados receber&atilde;o informa&ccedil;&otilde;es &#8220;conforme      o grau de interesse&#8221;, explicou o presidente do ITI, S&eacute;rgio      Amadeu, ressaltando que a id&eacute;ia n&atilde;o &eacute; impedir o      uso de software pago. Mas Amadeu informou que, com a iniciativa, o governo      ter&aacute; uma economia imediata de 1,1 mil reais por PC &#8211; este seria      o custo de aquisi&ccedil;&atilde;o de programas propriet&aacute;rios.      &#8220;O Minist&eacute;rio da Educa&ccedil;&atilde;o poder&aacute; adquirir      um maior n&uacute;mero de computadores para as escolas p&uacute;blicas&#8221;,      sugeriu. <br \/>     O CDTC, sediado na Universidade de Bras&iacute;lia (UnB), permitir&aacute;      o desenvolvimento de projetos espec&iacute;ficos para treinar funcion&aacute;rios      p&uacute;blicos em plataformas abertas e dar&aacute; suporte a projetos      de desenvolvimento colaborativo.<\/p>\n<p>     <strong> 1 em cada 10 PCs ter&aacute; problema com SP2, diz estudo<\/strong>      (01 de setembro de 2004) &#8211; Um estudo feito pela AssetMetrix, uma consultoria      de integra&ccedil;&atilde;o canadense, mostra que 10,3% dos PCs baseados      em Windows ter&atilde;o problemas com o pacote de atualiza&ccedil;&atilde;o      para a vers&atilde;o XP do sistema operacional, o Service Pack 2 (SP2).      <br \/>     A consultoria diz ter entrevistado mais de 300 companhias para chegar      a esta conclus&atilde;o &#8211; e, pelo levantamento, o problema sobe para      12% quando levadas em considera&ccedil;&atilde;o as empresas de pequeno      porte com menos de 100 m&aacute;quinas em opera&ccedil;&atilde;o. Diz,      ainda, que as empresas entrevistadas com maior &iacute;ndice de incompatibilidade      poder&atilde;o ter problemas em 60% do parque instalado. <br \/>     O SP2 inclui recursos r&iacute;gidos de seguran&ccedil;a para evitar      o download de arquivos suspeitos que, nos testes feitos pela Microsoft      e por empresas que j&aacute; haviam instalado a atualiza&ccedil;&atilde;o,      geraram problemas de acesso a programas como antiv&iacute;rus, games      e at&eacute; mesmo produtos da pr&oacute;pria Microsoft.<\/p>\n<p>    <\/p>\n<p>    <\/span><\/td>\n<\/tr>\n<p>  <!-- #EndEditable -->  <\/table>\n<p> <!-- fim noticias --> <!-- tabela ha 20 anos --> <\/p>\n<table border=\"0\" cellspacing=\"0\" cellpadding=\"0\" class=\"cinza\">\n<tr>\n<td><img loading=\"lazy\" decoding=\"async\" src=\"https:\/\/www.ufmg.br\/dti\/wp-content\/uploads\/imgs\/tudo_pixel.gif\" width=\"1\" height=\"1\" alt=\"\" border=\"0\"><\/td>\n<td><img loading=\"lazy\" decoding=\"async\" src=\"https:\/\/www.ufmg.br\/dti\/wp-content\/uploads\/imgs\/tudo_pixel.gif\" width=\"19\" height=\"1\" alt=\"\" border=\"0\"><\/td>\n<td><img loading=\"lazy\" decoding=\"async\" src=\"https:\/\/www.ufmg.br\/dti\/wp-content\/uploads\/imgs\/tudo_pixel.gif\" width=\"510\" height=\"1\" alt=\"\" border=\"0\"><\/td>\n<td><img loading=\"lazy\" decoding=\"async\" src=\"https:\/\/www.ufmg.br\/dti\/wp-content\/uploads\/imgs\/tudo_pixel.gif\" width=\"19\" height=\"1\" alt=\"\" border=\"0\"><\/td>\n<td><img loading=\"lazy\" decoding=\"async\" src=\"https:\/\/www.ufmg.br\/dti\/wp-content\/uploads\/imgs\/tudo_pixel.gif\" width=\"1\" height=\"1\" alt=\"\" border=\"0\"><\/td>\n<\/tr>\n<tr>\n<td class=\"vermelho\" colspan=\"5\"><img loading=\"lazy\" decoding=\"async\" src=\"https:\/\/www.ufmg.br\/dti\/wp-content\/uploads\/imgs\/tudo_pixel.gif\" width=\"1\" height=\"1\" alt=\"\" border=\"0\"><\/td>\n<\/tr>\n<tr>\n<td class=\"vermelho\"><img loading=\"lazy\" decoding=\"async\" src=\"https:\/\/www.ufmg.br\/dti\/wp-content\/uploads\/imgs\/tudo_pixel.gif\" width=\"1\" height=\"1\" alt=\"\" border=\"0\"><\/td>\n<td><img loading=\"lazy\" decoding=\"async\" src=\"https:\/\/www.ufmg.br\/dti\/wp-content\/uploads\/imgs\/tudo_pixel.gif\" width=\"1\" height=\"1\" alt=\"\" border=\"0\"><\/td>\n<td align=\"LEFT\" valign=\"TOP\"><!-- #BeginEditable \"ha 20 anos\" --><a name=\"ainformativo4\"><img loading=\"lazy\" decoding=\"async\" src=\"https:\/\/www.ufmg.br\/dti\/wp-content\/uploads\/imgs\/tudo_pixel.gif\" width=\"1\" height=\"8\" alt=\"\" border=\"0\"><br \/>    <span class=\"titulo\">H\u00e1 20 anos&#8230;<\/span><\/a> <span class=\"texto\">     <\/p>\n<p>O Sistem&aacute;tico Ano VIII, no. 24, de 06\/09\/1984, publicou not&iacute;cias      sobre conv&ecirc;nio CECOM\/Quartzil, programa de treinamento do CECOM,      VII Congresso Regional de Inform&aacute;tica, XVII Congresso Nacional      de Inform&aacute;tica, a entrevista de Isabel Cristina de Oliveira na      se&ccedil;&atilde;o &#8220;<em>Um Pouco de N&oacute;s<\/em>&#8221;, entre      outras. A not&iacute;cia que se destacou foi:<\/p>\n<p>CURSO EM S&Atilde;O PAULO<br \/>     <font face=\"1\">No per&iacute;odo de 10 a 14 de setembro, o CENAFOR estar&aacute;      oferecendo em S&atilde;o Paulo um curso sobre Familiariza&ccedil;&atilde;o      do computador Itautec I7000 para Universidades Brasileiras. Como representantes      da UFMG, estar&atilde;o participando do curso: Gilmar Lima Guimar&atilde;es,      chefe do Setor de An&aacute;lise do Centro de Computa&ccedil;&atilde;o;      Fernando Alfredo Costa, Diretor do Depto. de Contabilidade e Finan&ccedil;as,      e Jos&eacute; Alves Pereira Gaia, da Pr&oacute;-Reitoria de Planejamento.<\/font><\/p>\n<p>    <\/span><!-- #EndEditable --><br \/>     <img loading=\"lazy\" decoding=\"async\" src=\"https:\/\/www.ufmg.br\/dti\/wp-content\/uploads\/imgs\/tudo_pixel.gif\" width=\"1\" height=\"8\" alt=\"\" border=\"0\"><\/td>\n<td><img loading=\"lazy\" decoding=\"async\" src=\"https:\/\/www.ufmg.br\/dti\/wp-content\/uploads\/imgs\/tudo_pixel.gif\" width=\"1\" height=\"1\" alt=\"\" border=\"0\"><\/td>\n<td class=\"vermelho\"><img loading=\"lazy\" decoding=\"async\" src=\"https:\/\/www.ufmg.br\/dti\/wp-content\/uploads\/imgs\/tudo_pixel.gif\" width=\"1\" height=\"1\" alt=\"\" border=\"0\"><\/td>\n<\/tr>\n<tr>\n<td class=\"vermelho\" colspan=\"5\"><img loading=\"lazy\" decoding=\"async\" src=\"https:\/\/www.ufmg.br\/dti\/wp-content\/uploads\/imgs\/tudo_pixel.gif\" width=\"1\" height=\"1\" alt=\"\" border=\"0\"><\/td>\n<\/tr>\n<\/table>\n<p> <!-- fim tabela ha 20 anos --><\/div>\n<p><a name='eventos'><\/a><\/p>\n<h4>Eventos<\/h4>\n<div class=\"centro-sistematico\">  <!-- noticias --> <\/p>\n<table border=\"0\" cellspacing=\"0\" cellpadding=\"0\">\n<tr>\n<td><\/td>\n<td><\/td>\n<\/tr>\n<p>  <!-- #BeginEditable \"materias\" -->   <\/p>\n<tr>\n<td align=\"LEFT\" valign=\"TOP\"><\/td>\n<td align=\"LEFT\" valign=\"TOP\"> <a name=\"aeventos1\"><span class=\"titulo\">SOCIAIS<\/span><\/a>     <span class=\"texto\">     <\/p>\n<p><strong>ANIVERS&Aacute;RIOS:<\/strong> <em>&#8220;O Sistem&aacute;tico&#8221;      envia os parab&eacute;ns para Rog&eacute;rio Soares Pinheiro, no dia      11; e Diego Amadeu Duarte de Morais Santana, no dia 13. Os parab&eacute;ns      para os ex-ceconianos: Elidimar S&eacute;rgio Soares, hoje, dia 09;      Rodrigo Fontes Ribeiro e Alo&iacute;sio Furbino Gualberto, no dia 10;      Maria L&uacute;cia Adorno, no dia 12; Aldemar Lopes de Souza (DPFO)      e Arnaldo Jos&eacute; de Oliveira, no dia 13.<\/em><\/p>\n<p>     <strong> RETORNO AO CECOM:<\/strong> <em>Ap&oacute;s quase dois meses      de licen&ccedil;a m&eacute;dica, Maria Beatriz de Souza Pereira Prado      retornou esta semana &agrave;s suas atividades no CECOM.<\/em><\/p>\n<p>     <strong> PAI CORUJA :<\/strong> <em>Bruno, filho de Nize e Rog&eacute;rio      Soares Pinheiro, recebeu medalha como Atleta Revela&ccedil;&atilde;o      2004 do Futsal Mirim do Minas T&ecirc;nis Clube. A entrega da medalha      ocorreu no dia 28 de agosto, no Minas N&aacute;utico, em Alphaville.<\/em><\/p>\n<p align=\"center\"><img loading=\"lazy\" decoding=\"async\" src=\"https:\/\/www.ufmg.br\/dti\/wp-content\/uploads\/fotos\/medalha_filho_rogerio.jpg\" width=\"352\" height=\"226\"><\/p>\n<p>     <font face=\"1\"><em>Bruno entre os t&eacute;cnicosTaveira e Daniel<\/em><\/font><\/p>\n<p>    <\/span><\/td>\n<\/tr>\n<p>  <!-- #EndEditable -->  <\/table>\n<p> <!-- fim noticias --><\/div>\n","protected":false},"excerpt":{"rendered":"<p>Not\u00edcias CECOM APRESENTA EXPERI&Ecirc;NCIAS EM WORKSHOP DO POP-MG TEM IN&Iacute;CIO PROGRAMA DE TREINAMENTO PARA NOVOS ESTAGI&Aacute;RIOS DO CECOM CECOM FAZ VERIFICA&Ccedil;&Atilde;O DE ARQUIVOS NOVO ESTAGI&Aacute;RIO NO CECOM Informativo DICAS DE SITES INTERESSANTES SUCESU FAZ CHAMADA DE TRABALHOS PARA EVENTO EM 2005 PLANT&Atilde;O INFO H\u00e1 20 anos&#8230; Eventos SOCIAIS Not\u00edcias CECOM APRESENTA EXPERI&Ecirc;NCIAS EM WORKSHOP DO &#8230; <a title=\"Sistem\u00e1tico: Edi\u00e7\u00e3o 1219 &#8211; 09\/09\/2004\" class=\"read-more\" href=\"https:\/\/www.ufmg.br\/dti\/2004\/09\/09\/sistematico-edicao-1219-09092004\/\" aria-label=\"Read more about Sistem\u00e1tico: Edi\u00e7\u00e3o 1219 &#8211; 09\/09\/2004\">Ler mais<\/a><\/p>\n","protected":false},"author":3,"featured_media":0,"comment_status":"open","ping_status":"open","sticky":false,"template":"","format":"standard","meta":{"inline_featured_image":false,"footnotes":""},"categories":[13],"tags":[],"coauthors":[79],"class_list":["post-3166","post","type-post","status-publish","format-standard","hentry","category-sistematico"],"_links":{"self":[{"href":"https:\/\/www.ufmg.br\/dti\/wp-json\/wp\/v2\/posts\/3166","targetHints":{"allow":["GET"]}}],"collection":[{"href":"https:\/\/www.ufmg.br\/dti\/wp-json\/wp\/v2\/posts"}],"about":[{"href":"https:\/\/www.ufmg.br\/dti\/wp-json\/wp\/v2\/types\/post"}],"author":[{"embeddable":true,"href":"https:\/\/www.ufmg.br\/dti\/wp-json\/wp\/v2\/users\/3"}],"replies":[{"embeddable":true,"href":"https:\/\/www.ufmg.br\/dti\/wp-json\/wp\/v2\/comments?post=3166"}],"version-history":[{"count":0,"href":"https:\/\/www.ufmg.br\/dti\/wp-json\/wp\/v2\/posts\/3166\/revisions"}],"wp:attachment":[{"href":"https:\/\/www.ufmg.br\/dti\/wp-json\/wp\/v2\/media?parent=3166"}],"wp:term":[{"taxonomy":"category","embeddable":true,"href":"https:\/\/www.ufmg.br\/dti\/wp-json\/wp\/v2\/categories?post=3166"},{"taxonomy":"post_tag","embeddable":true,"href":"https:\/\/www.ufmg.br\/dti\/wp-json\/wp\/v2\/tags?post=3166"},{"taxonomy":"author","embeddable":true,"href":"https:\/\/www.ufmg.br\/dti\/wp-json\/wp\/v2\/coauthors?post=3166"}],"curies":[{"name":"wp","href":"https:\/\/api.w.org\/{rel}","templated":true}]}}