{"id":3167,"date":"2004-08-12T08:00:00","date_gmt":"2004-08-12T08:00:00","guid":{"rendered":"https:\/\/www.ufmg.br\/dti\/cecom\/?p=1412"},"modified":"2004-08-12T08:00:00","modified_gmt":"2004-08-12T08:00:00","slug":"sistematico-edicao-1215-12082004","status":"publish","type":"post","link":"https:\/\/www.ufmg.br\/dti\/2004\/08\/12\/sistematico-edicao-1215-12082004\/","title":{"rendered":"Sistem\u00e1tico: Edi\u00e7\u00e3o 1215 &#8211; 12\/08\/2004"},"content":{"rendered":"<ul>\n<li><a href=\"\/dti\/#noticias\">Not\u00edcias<\/a>\n<div class='submenuSistematico'>\n<ul>\n<li><a href=\"\/dti\/#anoticias1\"><span class=\"titulo\">UFMG RECEBE     AUDI&Ecirc;NCIAS P&Uacute;BLICAS DE e-PING E SOFTWARE LIVRE<\/span><\/a><\/li>\n<li><a href=\"\/dti\/#anoticias2\"><span class=\"titulo\">CECOM IMPLANTA     SERVI&Ccedil;O DE VPN PARA CONEX&Atilde;O DO NCA &Agrave; REDE UFMG<\/span><\/a><\/li>\n<li><a href=\"\/dti\/#anoticias3\"><span class=\"titulo\">LCC INSTALA     PROTE&Ccedil;&Atilde;O CONTRA V&Iacute;RUS EM E-MAIL<\/span><\/a><\/li>\n<li><a href=\"\/dti\/#anoticias4\" id=\"4\"><span class=\"titulo\">UFMG     INAUGURA A NOVA SEDE DA FACULDADE DE FARM&Aacute;CIA<\/span><\/a><\/li>\n<\/ul>\n<\/div>\n<\/li>\n<li><a href=\"\/dti\/#informativo\">Informativo<\/a>\n<div class='submenuSistematico'>\n<ul>\n<li><a href=\"\/dti\/#ainformativo1\"><span class=\"titulo\">Genteware<\/span><br \/>     <\/a><\/li>\n<li><a href=\"\/dti\/#ainformativo2\"><span class=\"titulo\">DICAS DE     SITES INTERESSANTES<\/span><\/a><\/li>\n<li><a href=\"\/dti\/#ainformativo3\"><span class=\"titulo\">PLANT&Atilde;O     INFO<\/span><\/a><\/li>\n<li><a href=\"\/dti\/#ainformativo4\"><img loading=\"lazy\" decoding=\"async\" src=\"https:\/\/www.ufmg.br\/dti\/wp-content\/uploads\/imgs\/tudo_pixel.gif\" width=\"1\" height=\"8\" alt=\"\" border=\"0\"><br \/>    <span class=\"titulo\">H\u00e1 20 anos&#8230;<\/span><\/a><\/li>\n<\/ul>\n<\/div>\n<\/li>\n<li><a href=\"\/dti\/#eventos\">Eventos<\/a>\n<div class='submenuSistematico'>\n<ul>\n<li><a href=\"\/dti\/#aeventos1\"><span class=\"titulo\">SOCIAIS<\/span><\/a><\/li>\n<li><a href=\"\/dti\/#aeventos2\"><span class=\"titulo\">MEM&Oacute;RIA     FOTOGR&Aacute;FICA DO CECOM<\/span><\/a><\/li>\n<\/ul>\n<\/div>\n<\/li>\n<\/ul>\n<p> <a name='noticias'><\/a><\/p>\n<h4>Not\u00edcias<\/h4>\n<div class=\"centro-sistematico\">  <!-- noticias --> <\/p>\n<table border=\"0\" cellspacing=\"0\" cellpadding=\"0\">\n<tr>\n<td><\/td>\n<td><\/td>\n<\/tr>\n<p>  <!-- #BeginEditable \"materias\" -->   <\/p>\n<tr>\n<td align=\"LEFT\" valign=\"TOP\"><\/td>\n<td align=\"LEFT\" valign=\"TOP\"> <a name=\"anoticias1\"><span class=\"titulo\">UFMG RECEBE     AUDI&Ecirc;NCIAS P&Uacute;BLICAS DE e-PING E SOFTWARE LIVRE<\/span><\/a>     <span class=\"texto\">     <\/p>\n<p>O Governo Federal criou documentos de padroniza&ccedil;&atilde;o do      Governo Eletr&ocirc;nico e de Software Livre, que ser&atilde;o discutidos      em Audi&ecirc;ncias P&uacute;blicas na UFMG, no dia 16 de agosto. Com      a realiza&ccedil;&atilde;o dos eventos, pretende-se recolher contribui&ccedil;&otilde;es      para a consolida&ccedil;&atilde;o da vers&atilde;o 1 do documento e-Ping      (Padr&otilde;es para Interoperabilidade do Governo Eletr&ocirc;nico)      e da vers&atilde;o 1 do Guia Livre de Software.<\/p>\n<p>     A audi&ecirc;ncia do Guia Livre &#8211; Refer&ecirc;ncia de Migra&ccedil;&atilde;o      para Software Livre do Governo Federal contar&aacute; com a presen&ccedil;a      de Nazar&eacute; Bretas, diretora substituta do Depto. de Integra&ccedil;&atilde;o      de Sistemas do Minist&eacute;rio do Planejamento, Or&ccedil;amento e      Gest&atilde;o; de Renato Martini, Diretor do Instituto Nacional de Tecnologia      da Informa&ccedil;&atilde;o (ITI\/PR), do Dr. Marcos Borato, Vice-Reitor      da UFMG, e de representante do Projeto Software Livre de Minas Gerais      (PSL-MG). O evento est&aacute; marcado para o hor&aacute;rio de 09:30      &agrave;s 12:00, no Audit&oacute;rio 3 do ICEx.<\/p>\n<p>     Na parte da tarde, no mesmo audit&oacute;rio, no hor&aacute;rio de 14:00      &agrave;s 18:00, ser&aacute; realizado o evento da e-Ping &#8211; Padr&otilde;es      de Interoperabilidade do Governo Eletr&ocirc;nico. Estar&atilde;o presentes      Rog&eacute;rio Santanna, Secret&aacute;rio de Log&iacute;stica e Tecnologia      da Informa&ccedil;&atilde;o do Minist&eacute;rio do Planejamento, Or&ccedil;amento      e Gest&atilde;o (SLTI\/MP); de Ant&ocirc;nio S&eacute;rgio Borba Cangiano,      Diretor do Servi&ccedil;o Federal de Processamento de Dados (Serpro);      de Renato Martini, Diretor do Instituto Nacional de Tecnologia da Informa&ccedil;&atilde;o      (ITI\/PR), e de Rog&eacute;rio Machado Xavier, Coordenador do Comit&ecirc;      Constituinte da e-Ping.<\/p>\n<p>     Informa&ccedil;&otilde;es adicionais podem ser consultadas nos sites:      <a href=\"http:\/\/www.governoeletronico.gov.br\/guialivre\">http:\/\/www.      governoeletronico.gov.br\/guialivre<\/a> e <a href=\"http:\/\/www.eping.e.gov.br\">http:\/\/www.eping.e.gov.br<\/a>.<\/p>\n<p>&nbsp;<\/p>\n<p>    <\/span> <\/td>\n<\/tr>\n<tr>\n<td align=\"LEFT\" valign=\"TOP\"><\/td>\n<td align=\"LEFT\" valign=\"TOP\"> <a name=\"anoticias2\"><span class=\"titulo\">CECOM IMPLANTA     SERVI&Ccedil;O DE VPN PARA CONEX&Atilde;O DO NCA &Agrave; REDE UFMG<\/span><\/a>     <span class=\"texto\">     <\/p>\n<p>Em 12 de abril deste ano, o NCA passou a utilizar sua nova conex&atilde;o      &agrave; rede UFMG, que passou a ser feita atrav&eacute;s de provedor      local da cidade de Montes Claros, via link de r&aacute;dio de 256Kbps.      Em seguida, com o desligamento do antigo link, uma linha interurbana      dedicada, al&eacute;m da melhoria do servi&ccedil;o, com a eleva&ccedil;&atilde;o      da velocidade de comunica&ccedil;&atilde;o de dados e maior disponibilidade      do servi&ccedil;o, foi poss&iacute;vel gerar uma economia mensal de      cerca de R$1.300,00.<\/p>\n<p>     Entretanto, para que esta solu&ccedil;&atilde;o de mais qualidade e      custo menor, fosse efetivamente considerada como definitiva, era necess&aacute;rio      que a DRC &#8211; Divis&atilde;o de Redes de Comunica&ccedil;&atilde;o &#8211; do      CECOM conclu&iacute;sse os testes de montagem de uma VPN, que &eacute;      uma rede privada virtual, implantada usando-se meios f&iacute;sicos      de terceiros. Estes testes e sua an&aacute;lise de viabilidade, foram      feitos ainda em abril, antes do desligamento do link antigo.<\/p>\n<p>     Implantada a VPN, o NCA, apesar de estar conectado a partir da rede      f&iacute;sica do provedor local, pode contar com endere&ccedil;os IP      da rede UFMG para identificar sua rede e, desta forma, acessar p&aacute;ginas      Web externas e servi&ccedil;os internos &agrave; universidade como se      todo o caminho de rede pertencesse &agrave; UFMG.<\/p>\n<p>     Com este servi&ccedil;o, o acesso &agrave;s bases de dados que exigem      seguran&ccedil;a por IP (exemplo: portal Capes, Intranet Administrativa)      e que restringem o acesso a endere&ccedil;os iniciados por &#8220;150.164&#8221;      podem ser utilizadas normalmente.<\/p>\n<p>     Para consolidar o recurso de VPN, a ATI e a Proplan investiram recursos      do projeto CTInfra 3 adquirindo tr&ecirc;s equipamentos. Um deles foi      instalado no NCA, em julho, durante a visita feita pelo diretor da DRC,      Fernando Frota Machado de Morais, que tamb&eacute;m coordena este projeto.      O segundo, que conecta o NCA &agrave; rede UFMG, foi instalado esta      semana no CECOM, substituindo o equipamento que sustentava provisoriamente      a VPN. J&aacute; o terceiro est&aacute; reservado para ser deslocado      para o Instituto Casa da Gl&oacute;ria, em Diamantina, aonde tamb&eacute;m      est&aacute; sendo negociado contrato para presta&ccedil;&atilde;o de      servi&ccedil;os de comunica&ccedil;&atilde;o de dados com provedor local.<\/p>\n<p>     Para viabilizar a nova forma de conex&atilde;o do NCA &agrave; rede      UFMG participaram tamb&eacute;m os estagi&aacute;rios Carolina Lauriano      da Silva e Fernando Iran Fonseca de Souza, da DRC, e o funcion&aacute;rio      Frederico Augusto Guimar&atilde;es Pereira do Lago, do N&uacute;cleo      de Ci&ecirc;ncias Agr&aacute;rias.    <\/p>\n<p>&nbsp;<\/p>\n<p>    <\/span> <\/td>\n<\/tr>\n<tr>\n<td align=\"LEFT\" valign=\"TOP\"><\/td>\n<td align=\"LEFT\" valign=\"TOP\"> <a name=\"anoticias3\"><span class=\"titulo\">LCC INSTALA     PROTE&Ccedil;&Atilde;O CONTRA V&Iacute;RUS EM E-MAIL<\/span><\/a> <span class=\"texto\">     <\/p>\n<p>Nesta quarta-feira, 11\/08, o LCC instalou uma prote&ccedil;&atilde;o      contra v&iacute;rus de e-mail no servidor mail2.grude.ufmg.br, uma das      m&aacute;quinas que atua como interface entre os sistemas de e-mail      tradicionais e o Lotus Notes. At&eacute; agora, todas as mensagens que      chegavam para o sistema Lotus Notes passavam pelo sistema antivirus      geral da UFMG, sobrecarregando o sistema e causando atrasos na entrega      de mensagens. Com a mudan&ccedil;a, as mensagens internas &agrave; UFMG      ser&atilde;o entregues diretamente ao sistema Notes, agilizando a comunica&ccedil;&atilde;o      da UFMG. O LCC vai acompanhar o desempenho do equipamento e, ap&oacute;s      um per&iacute;odo de testes e ajustes, implantar&aacute; a solu&ccedil;&atilde;o      nos outros servidores que executam a mesma tarefa. A implanta&ccedil;&atilde;o      do sistema antiv&iacute;rus foi efetuada por Daniel Borges de Figueiredo      Santos e Fernando Vollu Cyr&iacute;aco, apoiados por Fernando Frota      Machado de Morais, da Divis&atilde;o de Redes de Comunica&ccedil;&atilde;o      do CECOM.<\/p>\n<p>&nbsp;<\/p>\n<p>    <\/p>\n<p>    <\/span><\/td>\n<\/tr>\n<tr>\n<td align=\"LEFT\" valign=\"TOP\"><\/td>\n<td align=\"LEFT\" valign=\"TOP\"> <a name=\"anoticias4\" id=\"4\"><span class=\"titulo\">UFMG     INAUGURA A NOVA SEDE DA FACULDADE DE FARM&Aacute;CIA<\/span><\/a> <span class=\"texto\">     <\/p>\n<p>Vai ser no dia 27 de agosto, a inaugura&ccedil;&atilde;o da nova sede      da Faculdade de Farm&aacute;cia, no Campus da Pampulha, obra integrante      do <em>Projeto Campus 2000<\/em>. A data coincide com o anivers&aacute;rio      da escola.<\/p>\n<p>&nbsp;<\/p>\n<p>    <\/span> <\/td>\n<\/tr>\n<p>  <!-- #EndEditable -->  <\/table>\n<p> <!-- fim noticias --><\/div>\n<p><a name='informativo'><\/a><\/p>\n<h4>Informativo<\/h4>\n<div class=\"centro-sistematico\">  <!-- noticias --> <\/p>\n<table border=\"0\" cellspacing=\"0\" cellpadding=\"0\">\n<tr>\n<td><\/td>\n<td><\/td>\n<\/tr>\n<p>  <!-- #BeginEditable \"materias\" -->   <\/p>\n<tr>\n<td align=\"LEFT\" valign=\"TOP\"><\/td>\n<td align=\"LEFT\" valign=\"TOP\">\n<p><a name=\"ainformativo1\"><span class=\"titulo\">Genteware<\/span><br \/>     <\/a> <img loading=\"lazy\" decoding=\"async\" src=\"https:\/\/www.ufmg.br\/dti\/wp-content\/uploads\/imgs\/tudo_pixel.gif\" width=\"1\" height=\"20\" alt=\"\" border=\"0\"><br \/>     <span class=\"texto\"> <img loading=\"lazy\" decoding=\"async\" src=\"https:\/\/www.ufmg.br\/dti\/wp-content\/uploads\/fotos\/entrev_sis_pedro_12082004_0146.jpg\" width=\"352\" height=\"288\" alt=\"\" border=\"0\" hspace=\"0\" vspace=\"0\" align=\"left\"><img loading=\"lazy\" decoding=\"async\" src=\"https:\/\/www.ufmg.br\/dti\/wp-content\/uploads\/imgs\/tudo_pixel.gif\" width=\"19\" height=\"288\" alt=\"\" border=\"0\" hspace=\"0\" vspace=\"0\" align=\"left\">Nos      primeiros meses de est&aacute;gio, ele era s&eacute;rio at&eacute; demais.      Talvez a timidez o deixasse assim. Com o passar dos dias, aprendeu a      sorrir, participando de todas as atividades da divis&atilde;o, principalmente      das conversas. Muito compenetrado em seu trabalho, muito educado, ele      &eacute; Pedro Schettini Cunha, estagi&aacute;rio da Divis&atilde;o      de Apoio Administrativo, o entrevistado da semana.<\/p>\n<p>     <strong><\/p>\n<p>     SIST:<\/strong> Quando entrou para a UFMG e para qual curso?<br \/>     <strong>PEDRO:<\/strong> Teoricamente, entrei para a UFMG no segundo      semestre de 2001, pois o curso de Administra&ccedil;&atilde;o Diurno      n&atilde;o tem turmas que come&ccedil;am no primeiro semestre. Como      a UFMG entrou em uma longa greve que durou mais de seis meses, tive      longas f&eacute;rias de um ano, e s&oacute; comecei as aulas em 2002.      Escolhi esse curso pois achava que meu perfil era mais ou menos o de      um administrador e queria desenvolver mais as habilidades necess&aacute;rias      para essa profiss&atilde;o. <\/p>\n<p>     <strong>SIST:<\/strong> Como ficou sabendo do est&aacute;gio no CECOM?      Quando isso aconteceu?<br \/>     <strong>PEDRO:<\/strong> Eu fiquei sabendo da vaga de est&aacute;gio      no CECOM em fevereiro deste ano, atrav&eacute;s da bolsista de Inicia&ccedil;&atilde;o      Cient&iacute;fica do Professor Reynaldo. Na &eacute;poca, eu era bolsista      de Inicia&ccedil;&atilde;o Cient&iacute;fica do Professor Luciano Zille.      Quando procurei o Carlos Alfeu, ele pediu para eu vir conversar com      a M&aacute;rcia Lemos, com quem eu fiz a entrevista e fiquei sabendo      mais detalhes de como eram as atividades deste est&aacute;gio. No mesmo      dia, ela confirmou que eu entraria e eu comecei na semana seguinte.<\/p>\n<p>     <strong>SIST:<\/strong> Quando entrou para o CECOM?<br \/>     <strong>PEDRO:<\/strong> Comecei no dia 06 de fevereiro de 2004, lotado      na Divis&atilde;o de Apoio Administrativo.<\/p>\n<p>     <strong>SIST:<\/strong> Qual o tipo de trabalho em que esteve envolvido      desde que entrou?<br \/>     <strong>PEDRO:<\/strong> Desde que entrei, estive envolvido com os processos      de licita&ccedil;&atilde;o e contrata&ccedil;&atilde;o do CECOM, desde      a elabora&ccedil;&atilde;o at&eacute; o acompanhamento da execu&ccedil;&atilde;o      dos servi&ccedil;os ou recebimento dos produtos contratados. As pessoas      com quem estou mais envolvido durante as tarefas s&atilde;o a M&aacute;rcia      e a Alda e, muitas vezes, tamb&eacute;m tenho que trabalhar com a Beth      e com o Rubens.<\/p>\n<p>     <strong>SIST:<\/strong> O est&aacute;gio est&aacute; correspondendo &agrave;s      suas expectativas?<br \/>     <strong>PEDRO:<\/strong> Sim. N&atilde;o &eacute; em qualquer lugar que      um estagi&aacute;rio tem a possibilidade de se envolver na elabora&ccedil;&atilde;o      e acompanhamento de contratos e lidar com compras de grande vulto como      as que acontecem no CECOM. Al&eacute;m disso, em cada processo aparece      um problema diferente e sempre temos que descobrir novas formas de resolv&ecirc;-los.<\/p>\n<p>     <strong>SIST:<\/strong> Gosta do trabalho que faz?<br \/>     <strong>PEDRO:<\/strong> Gosto. Depois que comecei a fazer um trabalho      sobre a estrutura de tarefas da DAA, est&aacute; sendo ainda melhor,      pois posso usar o que fa&ccedil;o aqui como trabalho para entregar na      Faculdade. Este trabalho esteve parado no &uacute;ltimo m&ecirc;s, porque      muitas pessoas andaram tirando f&eacute;rias, e a M&aacute;rcia pediu      para eu priorizar as licita&ccedil;&otilde;es que estavam um pouco atrasadas.      Ela deve querer retom&aacute;-lo por esses dias.<\/p>\n<p>     <strong>SIST:<\/strong> Como foi participar da &uacute;ltima licita&ccedil;&atilde;o      do CECOM? Voc&ecirc; j&aacute; havia participado de algo desse tipo?<br \/>     <strong>PEDRO:<\/strong> Esse foi o primeiro Convite que eu participei,      mas tamb&eacute;m j&aacute; participei de um Preg&atilde;o. Essas s&atilde;o      as etapas finais de um processo bem longo que come&ccedil;a muito antes,      e o bom &eacute; que eu estou envolvido desde o come&ccedil;o, quando      o Carlos Alfeu decide que o CECOM &eacute; que vai realizar a compra.<\/p>\n<p>     <strong>SIST:<\/strong> Como &eacute; trabalhar na DAA? Como s&atilde;o      os colegas de sala?<br \/>     <strong>PEDRO:<\/strong> &Eacute; muito bom trabalhar na DAA. Todo mundo      &eacute; muito prestativo e, de vez em quando, conversamos sobre coisas      da nossa vida fora do trabalho. A cada dia nos conhecemos um pouquinho      mais.<\/p>\n<p>     <strong>SIST:<\/strong> Como &eacute; o seu relacionamento com o restante      do CECOM?<br \/>     <strong>PEDRO:<\/strong> Eu ainda n&atilde;o conhe&ccedil;o todo mundo      das outras divis&otilde;es, mas quando tenho a oportunidade converso      com as pessoas para conhec&ecirc;-las. No dia-a-dia de trabalho &eacute;      mais dif&iacute;cil, mas na copa durante o hor&aacute;rio de almo&ccedil;o      e nos eventos do CECOM fica mais f&aacute;cil.<\/p>\n<p>     <strong>SIST:<\/strong> Voc&ecirc; gosta de participar dos eventos do      CECOM?<br \/>     <strong>PEDRO:<\/strong> Sim, &eacute; sempre um momento bom de descontra&ccedil;&atilde;o      e todo mundo participa. Quando est&aacute; todo mundo junto &eacute;      que d&aacute; para perceber como o CECOM tem muita gente. Espero ainda      participar de muitos eventos aqui.<\/p>\n<p>     <strong>SIST:<\/strong> J&aacute; falamos demais do trabalho. Vamos agora      l&aacute; para fora. Vamos falar sobre voc&ecirc;, sua fam&iacute;lia      e o noivado.<br \/>     <strong>PEDRO:<\/strong> Meu pai se chama Alexandre e minha m&atilde;e      Eleonora, funcion&aacute;ria da UFMG. Tenho s&oacute; um irm&atilde;o,      que &eacute; mais novo e se chama Lucas e ainda est&aacute; fazendo      col&eacute;gio. Fiquei noivo da Priscila em junho. Nosso cas&oacute;rio      n&atilde;o &eacute; contado em meses, mas sim no n&iacute;vel que temos      que alcan&ccedil;ar na poupan&ccedil;a, ou seja, vai demorar um pouco,      e tamb&eacute;m vai depender de quando vamos ter uma boa fonte de renda,      que seja um pouco maior e mais constante.<\/p>\n<p>     <strong>SIST:<\/strong> Coisas que gosta de fazer.<br \/>     <strong>PEDRO:<\/strong> Gosto de passear no parque das Mangabeiras,      dan&ccedil;ar forr&oacute;, e alugar filmes para assistir, principalmente      porque s&atilde;o bons programas para se fazer a dois. Gosto tamb&eacute;m      de jogar RPG, de vez em quando, e ir em botecos para bater papo com      meus amigos.<\/p>\n<p>     <strong>SIST:<\/strong> O que pretende fazer quando se formar?<br \/>     <strong>PEDRO:<\/strong> Primeiro, quero trabalhar durante um tempo porque      especializa&ccedil;&atilde;o na minha &aacute;rea, para ser bem aproveitada,      depende de uma certa experi&ecirc;ncia de trabalho. N&atilde;o pretendo      seguir carreira acad&ecirc;mica, por isso seria um pouco precipitado      fazer mestrado agora.<\/p>\n<p>     <strong>SIST:<\/strong> Quer dizer alguma coisa para todos do CECOM?<br \/>     <strong>PEDRO:<\/strong> Quero mandar um abra&ccedil;o para todos do      CECOM e espero conhecer todos durante este per&iacute;odo que estiver      por aqui, pois estarei me formando no meio do ano que vem. Sei que um      ano passa r&aacute;pido, mas aproveitarei bastante desta experi&ecirc;ncia.<\/p>\n<p>     Agradecemos ao Pedro pela entrevista e esperamos que ele&nbsp;nunca      se esque&ccedil;a do per&iacute;odo de est&aacute;gio no CECOM e dos      amigos que est&aacute; fazendo aqui. <br \/>     <\/span><\/p>\n<p align=\"center\"><img loading=\"lazy\" decoding=\"async\" src=\"https:\/\/www.ufmg.br\/dti\/wp-content\/uploads\/fotos\/entrev_sis_pedro_12082004_0144.jpg\" width=\"352\" height=\"288\"><\/p>\n<p>    <span class=\"texto\">     <\/p>\n<p>&nbsp;<\/p>\n<p>    <\/span> <\/td>\n<\/tr>\n<tr>\n<td align=\"LEFT\" valign=\"TOP\"><\/td>\n<td align=\"LEFT\" valign=\"TOP\"><a name=\"ainformativo2\"><span class=\"titulo\">DICAS DE     SITES INTERESSANTES<\/span><\/a> <span class=\"texto\">     <\/p>\n<p>Adyrus, o ca&ccedil;ador de sites, enviou as seguintes dicas:<\/p>\n<p>     &#8211; Divertida &eacute; a &aacute;rea que foi destinada para as crian&ccedil;as      no portal Yahoo. S&atilde;o brincadeiras educacionais s&oacute; para      a crian&ccedil;ada, no endere&ccedil;o <a href=\"http:\/\/www.smartkids.com.br\/\">http:\/\/www.smartkids.com.br\/<\/a>.      Mas voc&ecirc; tamb&eacute;m pode acessar a p&aacute;gina em <a href=\"http:\/\/br.criancas.yahoo.net\/\">http:\/\/br.criancas.yahoo.net\/<\/a>.      S&atilde;o jogos educacionais divididos por idade, receitas f&aacute;ceis      de seguir, desenhos para colorir, curiosidades, cart&otilde;es para      enviar para os amigos, brincadeiras para imprimir e outros. Vale a pena      conferir!<\/p>\n<p>     &#8211; Uma p&aacute;gina completa que vai deixar voc&ecirc; por dentro de      tudo que rola na &aacute;rea da educa&ccedil;&atilde;o &eacute; o <em>O      Portal Educacional<\/em> (<a href=\"http:\/\/www.educacional.com.br\/\">http:\/\/www.educacional.com.br\/<\/a>).      Voltada para os adolescentes do ensino m&eacute;dio, sempre traz alguma      novidade e muitas informa&ccedil;&otilde;es sobre as olimp&iacute;adas.<\/p>\n<p>     &#8211; Visitei a p&aacute;gina do fabricante <em>Long Jump<\/em> (<a href=\"http:\/\/www.longjump.com.br\/\">http:\/\/www.longjump.com.br\/<\/a>)      e babei. Como na minha &eacute;poca n&atilde;o tinha tantos brinquedos      legais, fiquei impressionado com a linha de brinquedos da Long Jump,      que &eacute; bem extensa. S&atilde;o m&aacute;quinas fotogr&aacute;ficas      e rel&oacute;gios infantis, maquiagens, patins, eletr&ocirc;nicos, infl&aacute;veis,      bonecos e bonecas diferenciadas, artigos esportivos, games, entre outros.      <\/p>\n<p>     &#8211; Amor &agrave; m&uacute;sica, t&eacute;cnica e sensibilidade, tudo      isso Maximiliano Santiago tinha. Este excelente guitarrista teve a aten&ccedil;&atilde;o      de Steve Vai, que teceu v&aacute;rios elogios a este excelente m&uacute;sico.      Infelizmente, ele morreu de c&acirc;ncer aos 21 anos, no fim de 2001.      Contudo, os amigos e familiares se juntaram para lan&ccedil;ar em CD      as grava&ccedil;&otilde;es de Max. Ou&ccedil;a algumas grava&ccedil;&otilde;es      em MP3 para voc&ecirc; sentir como ele era bom mesmo em <a href=\"http:\/\/www.maximilianosantiago.com\">www.maximiliano      santiago.com<\/a>.<\/p>\n<p>     &#8211; <em>Reality Clock<\/em> (<a href=\"http:\/\/www.realityclock.com\/\">http:\/\/www.realityclock.      com\/<\/a>) traz estat&iacute;sticas atualizadas em tempo real sobre os      mais variados assuntos como separa&ccedil;&otilde;es, div&oacute;rcios      etc. (Site em Ingl&ecirc;s) <\/p>\n<p>     &#8211; Uma p&aacute;gina recheada de dicas para quem utiliza ou pretende      utilizar o Dreamweaver, da Macromedia, ferramenta para o desenvolvimento      de sites &eacute; a <em>DWOnline<\/em> (<a href=\"http:\/\/www.dwonline.com.br\/\">http:\/\/www.dwonline.com.br\/<\/a>).      S&atilde;o artigos, f&oacute;rum de discuss&otilde;es, dicas sobre o      software e outros assuntos como: PHP, HTML, ASP, banco de dados e CSS.<\/p>\n<p>     &#8211; O <em>Letras<\/em> &eacute; uma &oacute;tima p&aacute;gina para voc&ecirc;      pegar aquela letra de m&uacute;sica e cantar direitinho. Com 90.826      m&uacute;sicas de 7.945 artistas &eacute; letra para ningu&eacute;m      parar de cantar certinho. Fa&ccedil;a consulta ao artista, em ordem      alfab&eacute;tica, ou mesmo uma busca por palavra-chave, com trechos      do t&iacute;tulo da m&uacute;sica, do nome do artista ou da pr&oacute;pria      letra. Mas se voc&ecirc; gosta de m&uacute;sicas internacionais, tem      uma se&ccedil;&atilde;o de letras traduzidas. Veja tudo isso em <a href=\"http:\/\/letras.terra.com.br\/\">http:\/\/letras.terra.com.br\/<\/a>.    <\/p>\n<p>    <\/span> <\/td>\n<\/tr>\n<tr>\n<td align=\"LEFT\" valign=\"TOP\"><\/td>\n<td align=\"LEFT\" valign=\"TOP\"><a name=\"ainformativo3\"><span class=\"titulo\">PLANT&Atilde;O     INFO<\/span><\/a> <span class=\"texto\">     <\/p>\n<p>O <strong>Plant&atilde;o Info<\/strong> divulgou, no in&iacute;cio de      agosto, as seguintes not&iacute;cias:<\/p>\n<p>     <strong>Sai novo pacote de corre&ccedil;&otilde;es para o IE<\/strong>      (02 de agosto\/2004) &#8211; A Microsoft publicou novo pacote cumulativo de      corre&ccedil;&otilde;es para o Internet Explorer. Essa atualiza&ccedil;&atilde;o      inclui todos os patches anteriores e corrige tr&ecirc;s novas brechas      de seguran&ccedil;a no IE. <br \/>     O novo pacote, que tem o n&uacute;mero MS04-025, afeta todas as vers&otilde;es      mais recentes do Windows, do 98 ao XP e ao 2003 Server, plataformas      que utilizam o IE nas vers&otilde;es 5.x e 6.x. As tr&ecirc;s novas      vulnerabilidades corrigidas pelo pacote s&atilde;o consideradas cr&iacute;ticas      pela Microsoft e permitem a execu&ccedil;&atilde;o remota de c&oacute;digo      na m&aacute;quina do usu&aacute;rio. O arquivo de corre&ccedil;&atilde;o      para as v&aacute;rias plataformas afetadas est&aacute; dispon&iacute;vel      no endere&ccedil;o <a href=\"http:\/\/info.abril.%20com.br\/download\/2315.shl\">http:\/\/info.abril.      com.br\/download\/2315.shl.<\/a><\/p>\n<p>     <strong>IBM libera 500 mil linhas de c&oacute;digo para a Apache <\/strong>(03      de agosto\/2004) &#8211; A IBM anunciou, no dia 03\/08, a libera&ccedil;&atilde;o      de meio milh&atilde;o de linhas de c&oacute;digo para a Apache Software      Foundation. A inten&ccedil;&atilde;o &eacute; tornar o desenvolvimento      de aplica&ccedil;&otilde;es em Java, base de sua plataforma WebSphere,      mais atraente. <br \/>     A IBM est&aacute; liberando para a Apache o <em>&#8220;Derby&#8221;<\/em>,      c&oacute;pia do banco de dados relacional Cloudscape. &Eacute; uma das      maiores transfer&ecirc;ncias de propriedade intelectual para iniciativas      do software livre que j&aacute; se teve not&iacute;cia &#8211; segundo o jornal      <em>The New York Times<\/em>, o patrim&ocirc;nio doado pela Big Blue      est&aacute; avaliado em 85 milh&otilde;es de d&oacute;lares (este foi      o valor pago pela Cloudscape em 1999 quando a empresa foi comprada pela      Informix &#8211; que, por sua vez, foi adquirida em 2001 pela IBM por um bilh&atilde;o      de d&oacute;lares). <br \/>     &#8220;Ao contribuir com software para a comunidade do c&oacute;digo      aberto, a IBM espera acelerar a inova&ccedil;&atilde;o nas aplica&ccedil;&otilde;es      Java, que por sua vez criar&atilde;o novas oportunidades de neg&oacute;cios      baseadas em uma grande variedade de solu&ccedil;&otilde;es, incluindo      aquelas que usam bancos de dados embarcados e aquelas para pequenas      empresas&#8221;, diz a companhia. &#8220;Estamos refor&ccedil;ando nosso      compromisso com a comunidade Java, que abrange mais de seis milh&otilde;es      de desenvolvedores em todo o mundo&#8221;. <br \/>     O projeto inicialmente fica nas m&atilde;os da Apache Incubator, que      vai inspecionar o c&oacute;digo para garantir sua conformidade aos padr&otilde;es      de licenciamento da organiza&ccedil;&atilde;o e a integridade das linhas      fornecidas, bem como, formatar como esse c&oacute;digo ser&aacute; oferecido      aos desenvolvedores.<\/p>\n<p>     <strong>Mozilla vai pagar US$ 500 por bug encontrado<\/strong> (05 de      agosto\/2004) &#8211; A Mozilla Foundation resolveu premiar os usu&aacute;rios      que encontrarem problemas s&eacute;rios de seguran&ccedil;a no navegador      que leva seu nome. <br \/>     Sob a supervis&atilde;o de um comit&ecirc; interno, que vai avaliar      a gravidade dos problemas reportados, cada bug valer&aacute; 500 d&oacute;lares      em dinheiro para quem identific&aacute;-lo. O programa, batizado como      Mozilla Security Bug Bounty Program (Programa Mozilla de Recompensa      por Bugs de Seguran&ccedil;a), ser&aacute; custeado pela Linspire (a      ex-Lindows) e pelo empreendedor de internet Mark Shuttleworth. <br \/>     &#8220;Identificar vulnerabilidades em um software requer uma vigil&acirc;ncia      constante, e prevenir que elas venham a se tornar problemas pede dedica&ccedil;&atilde;o      para que providenciar respostas r&aacute;pidas e efetivas seja poss&iacute;vel.      O projeto Mozilla criou uma comunidade de usu&aacute;rios e desenvolvedores      que s&atilde;o apaixonados por seguran&ccedil;a de computadores e que      constantemente nos d&atilde;o feedbacks sobre nosso software. O Programa      Mozilla de Recompensa por Bugs de Seguran&ccedil;a busca encorajar ainda      mais o foco desta comunidade na consci&ecirc;ncia sobre seguran&ccedil;a&#8221;,      explica a funda&ccedil;&atilde;o.<\/p>\n<p>&nbsp;<\/p>\n<p>    <\/span><\/td>\n<\/tr>\n<p>  <!-- #EndEditable -->  <\/table>\n<p> <!-- fim noticias --> <!-- tabela ha 20 anos --> <\/p>\n<table border=\"0\" cellspacing=\"0\" cellpadding=\"0\" class=\"cinza\">\n<tr>\n<td><img loading=\"lazy\" decoding=\"async\" src=\"https:\/\/www.ufmg.br\/dti\/wp-content\/uploads\/imgs\/tudo_pixel.gif\" width=\"1\" height=\"1\" alt=\"\" border=\"0\"><\/td>\n<td><img loading=\"lazy\" decoding=\"async\" src=\"https:\/\/www.ufmg.br\/dti\/wp-content\/uploads\/imgs\/tudo_pixel.gif\" width=\"19\" height=\"1\" alt=\"\" border=\"0\"><\/td>\n<td><img loading=\"lazy\" decoding=\"async\" src=\"https:\/\/www.ufmg.br\/dti\/wp-content\/uploads\/imgs\/tudo_pixel.gif\" width=\"510\" height=\"1\" alt=\"\" border=\"0\"><\/td>\n<td><img loading=\"lazy\" decoding=\"async\" src=\"https:\/\/www.ufmg.br\/dti\/wp-content\/uploads\/imgs\/tudo_pixel.gif\" width=\"19\" height=\"1\" alt=\"\" border=\"0\"><\/td>\n<td><img loading=\"lazy\" decoding=\"async\" src=\"https:\/\/www.ufmg.br\/dti\/wp-content\/uploads\/imgs\/tudo_pixel.gif\" width=\"1\" height=\"1\" alt=\"\" border=\"0\"><\/td>\n<\/tr>\n<tr>\n<td class=\"vermelho\" colspan=\"5\"><img loading=\"lazy\" decoding=\"async\" src=\"https:\/\/www.ufmg.br\/dti\/wp-content\/uploads\/imgs\/tudo_pixel.gif\" width=\"1\" height=\"1\" alt=\"\" border=\"0\"><\/td>\n<\/tr>\n<tr>\n<td class=\"vermelho\"><img loading=\"lazy\" decoding=\"async\" src=\"https:\/\/www.ufmg.br\/dti\/wp-content\/uploads\/imgs\/tudo_pixel.gif\" width=\"1\" height=\"1\" alt=\"\" border=\"0\"><\/td>\n<td><img loading=\"lazy\" decoding=\"async\" src=\"https:\/\/www.ufmg.br\/dti\/wp-content\/uploads\/imgs\/tudo_pixel.gif\" width=\"1\" height=\"1\" alt=\"\" border=\"0\"><\/td>\n<td align=\"LEFT\" valign=\"TOP\"><!-- #BeginEditable \"ha 20 anos\" --><a name=\"ainformativo4\"><img loading=\"lazy\" decoding=\"async\" src=\"https:\/\/www.ufmg.br\/dti\/wp-content\/uploads\/imgs\/tudo_pixel.gif\" width=\"1\" height=\"8\" alt=\"\" border=\"0\"><br \/>    <span class=\"titulo\">H\u00e1 20 anos&#8230;<\/span><\/a> <span class=\"texto\">     <\/p>\n<p>O Sistem&aacute;tico Ano VIII, no 20, de 09\/08\/1984, publicou not&iacute;cias      sobre as atividades executadas pelo Setor de Treinamento e Divulga&ccedil;&atilde;o      em seu primeiro ano de exist&ecirc;ncia, o 4&ordm; SEMICRO, a elabora&ccedil;&atilde;o      do Programa de Treinamento para o 2&ordm; semestre, entre outras. A      not&iacute;cia que se destacou foi: <\/p>\n<p><strong>GENTE NOVA NO CECOM<\/strong><br \/>     <font face=\"1\">Rog&eacute;rio Soares Pinheiro &eacute; o mais novo funcion&aacute;rio      do Centro de Computa&ccedil;&atilde;o, tendo sido transferido da Prefeitura      da UFMG. Ele se encontra em treinamento no Setor de Apoio ao Usu&aacute;rio.      Desejamos-lhe boas vindas!<\/font><\/p>\n<p>    <\/span><!-- #EndEditable --><br \/>     <img loading=\"lazy\" decoding=\"async\" src=\"https:\/\/www.ufmg.br\/dti\/wp-content\/uploads\/imgs\/tudo_pixel.gif\" width=\"1\" height=\"8\" alt=\"\" border=\"0\"><\/td>\n<td><img loading=\"lazy\" decoding=\"async\" src=\"https:\/\/www.ufmg.br\/dti\/wp-content\/uploads\/imgs\/tudo_pixel.gif\" width=\"1\" height=\"1\" alt=\"\" border=\"0\"><\/td>\n<td class=\"vermelho\"><img loading=\"lazy\" decoding=\"async\" src=\"https:\/\/www.ufmg.br\/dti\/wp-content\/uploads\/imgs\/tudo_pixel.gif\" width=\"1\" height=\"1\" alt=\"\" border=\"0\"><\/td>\n<\/tr>\n<tr>\n<td class=\"vermelho\" colspan=\"5\"><img loading=\"lazy\" decoding=\"async\" src=\"https:\/\/www.ufmg.br\/dti\/wp-content\/uploads\/imgs\/tudo_pixel.gif\" width=\"1\" height=\"1\" alt=\"\" border=\"0\"><\/td>\n<\/tr>\n<\/table>\n<p> <!-- fim tabela ha 20 anos --><\/div>\n<p><a name='eventos'><\/a><\/p>\n<h4>Eventos<\/h4>\n<div class=\"centro-sistematico\">  <!-- noticias --> <\/p>\n<table border=\"0\" cellspacing=\"0\" cellpadding=\"0\">\n<tr>\n<td><\/td>\n<td><\/td>\n<\/tr>\n<p>  <!-- #BeginEditable \"materias\" -->   <\/p>\n<tr>\n<td align=\"LEFT\" valign=\"TOP\"><\/td>\n<td align=\"LEFT\" valign=\"TOP\"> <a name=\"aeventos1\"><span class=\"titulo\">SOCIAIS<\/span><\/a>     <span class=\"texto\">     <\/p>\n<p><em><strong>Anivers&aacute;rios:<\/strong> &quot;O Sistem&aacute;tico&quot;      envia os parab&eacute;ns para Maria Auxiliadora dos Santos, no dia 12;      e Marcelo Novaes Machado, no dia 14. Os parab&eacute;ns para os ex-ceconianos:      David Lan Kwai Pan, no dia 16, Iza&iacute;as Marques de Oliveira, no      dia 17; e Heitor Mota Belis&eacute;rio de Moraes, no dia 18.<\/em><\/p>\n<p>    <\/p>\n<p>    <\/span><\/td>\n<\/tr>\n<tr>\n<td align=\"LEFT\" valign=\"TOP\"><\/td>\n<td align=\"LEFT\" valign=\"TOP\"><a name=\"aeventos2\"><span class=\"titulo\">MEM&Oacute;RIA     FOTOGR&Aacute;FICA DO CECOM<\/span><\/a> <span class=\"texto\">     <\/p>\n<p>As fotos pertencem &agrave; mem&oacute;ria fotogr&aacute;fica do CECOM      bem recente. Foram tiradas pelo Le&atilde;o, no dia 30 de Julho de 2004,      na despedida de Adriana Aparecida de Melo. Suas colegas e amigas promoveram      um lanche com direito a presentes e flores. Muitos ceconianos estiveram      presentes &agrave; despedida. S&oacute; n&atilde;o teve discurso!    <\/p>\n<p>&nbsp; <\/p>\n<p align=\"center\"><em><font face=\"1\"><img loading=\"lazy\" decoding=\"async\" src=\"https:\/\/www.ufmg.br\/dti\/wp-content\/uploads\/fotos\/despedida_adriana_0107.jpg\" width=\"352\" height=\"288\">      <br \/>     Samuel e Adriana<br \/>     <\/font><\/em><\/p>\n<p align=\"center\"><em><font face=\"1\"><img loading=\"lazy\" decoding=\"async\" src=\"https:\/\/www.ufmg.br\/dti\/wp-content\/uploads\/fotos\/despedida_adriana_0108.jpg\" width=\"352\" height=\"288\">      <br \/>     Tha&iacute;s (sobrinha da Beth), Bruna, Max e Tim&eacute;<br \/>     <\/font><\/em><\/p>\n<p align=\"center\"><em><font face=\"1\"><img loading=\"lazy\" decoding=\"async\" src=\"https:\/\/www.ufmg.br\/dti\/wp-content\/uploads\/fotos\/despedida_adriana_0110.jpg\" width=\"352\" height=\"288\"><br \/>     Xina entregando um presente para Adriana. <br \/>     Ao fundo: Eliz&acirc;ngela, seu filho Lucas e Rosa<br \/>     <\/font><\/em><\/p>\n<p align=\"center\"><em><font face=\"1\"><img loading=\"lazy\" decoding=\"async\" src=\"https:\/\/www.ufmg.br\/dti\/wp-content\/uploads\/fotos\/despedida_adriana_0112.jpg\" width=\"352\" height=\"288\">      <br \/>     A felicidade da Adriana com o livro que ganhou de presente da Xina<br \/>     <\/font><\/em><\/p>\n<p align=\"center\"><em><font face=\"1\"><img loading=\"lazy\" decoding=\"async\" src=\"https:\/\/www.ufmg.br\/dti\/wp-content\/uploads\/fotos\/despedida_adriana_0115.jpg\" width=\"352\" height=\"288\">      <br \/>     Adriana e Beth, que deu flores de presente. Ao fundo: Carlos Roberto,      <br \/>     Lucas e Rosa<br \/>     <\/font><\/em><\/p>\n<p align=\"center\"><em><font face=\"1\"><img loading=\"lazy\" decoding=\"async\" src=\"https:\/\/www.ufmg.br\/dti\/wp-content\/uploads\/fotos\/despedida_adriana_0114.jpg\" width=\"352\" height=\"288\">      <br \/>     Matheus, filho da Beth, presenteou Adriana com flores. <br \/>     Ao fundo: Gladston, Carlos Alfeu e Lucas<br \/>     <\/font><\/em><\/p>\n<p align=\"center\"><em><font face=\"1\"><img loading=\"lazy\" decoding=\"async\" src=\"https:\/\/www.ufmg.br\/dti\/wp-content\/uploads\/fotos\/despedida_adriana_0117.jpg\" width=\"352\" height=\"288\"><br \/>     Ana Paula, Juliano, Marcos Vin&iacute;cius, Tiago, Emerson, Samuel,      <br \/>     Gladston e Carlos Alfeu<br \/>     <\/font><\/em><\/p>\n<p align=\"center\"><em><font face=\"1\"><img loading=\"lazy\" decoding=\"async\" src=\"https:\/\/www.ufmg.br\/dti\/wp-content\/uploads\/fotos\/despedida_adriana_0118.jpg\" width=\"352\" height=\"288\"><br \/>     Emerson, Samuel, Carlos Alfeu, Lucas, Eliz&acirc;ngela e Rosa<br \/>     <\/font><\/em><\/p>\n<p align=\"center\"><em><font face=\"1\"><img loading=\"lazy\" decoding=\"async\" src=\"https:\/\/www.ufmg.br\/dti\/wp-content\/uploads\/fotos\/despedida_adriana_0119.jpg\" width=\"352\" height=\"288\"><br \/>     Raimundo, Lucas, Adriana, Beth, Matheus e Xina<br \/>     <\/font><\/em><\/p>\n<p align=\"center\"><em><font face=\"1\"><img loading=\"lazy\" decoding=\"async\" src=\"https:\/\/www.ufmg.br\/dti\/wp-content\/uploads\/fotos\/despedida_adriana_0120.jpg\" width=\"352\" height=\"288\"><br \/>     Xina, Max e Bruna<br \/>     <\/font><\/em><\/p>\n<p align=\"center\"><em><font face=\"1\"><img loading=\"lazy\" decoding=\"async\" src=\"https:\/\/www.ufmg.br\/dti\/wp-content\/uploads\/fotos\/despedida_adriana_0121.jpg\" width=\"352\" height=\"288\"><br \/>     Frota. Ao fundo: Raimundo, Lucas e Xina<br \/>     <\/font><\/em><\/p>\n<p align=\"center\"><em><font face=\"1\"><img loading=\"lazy\" decoding=\"async\" src=\"https:\/\/www.ufmg.br\/dti\/wp-content\/uploads\/fotos\/despedida_adriana_0122.jpg\" width=\"352\" height=\"288\"><br \/>     Tiago, Emerson, Gladston e Marcus Vin&iacute;cius( de costas)<\/font><\/em><\/p>\n<p>&nbsp;<\/p>\n<p>    <\/span><em><font face=\"1\"><br \/>    <\/font><\/em><\/td>\n<\/tr>\n<p>  <!-- #EndEditable -->  <\/table>\n<p> <!-- fim noticias --><\/div>\n","protected":false},"excerpt":{"rendered":"<p>Not\u00edcias UFMG RECEBE AUDI&Ecirc;NCIAS P&Uacute;BLICAS DE e-PING E SOFTWARE LIVRE CECOM IMPLANTA SERVI&Ccedil;O DE VPN PARA CONEX&Atilde;O DO NCA &Agrave; REDE UFMG LCC INSTALA PROTE&Ccedil;&Atilde;O CONTRA V&Iacute;RUS EM E-MAIL UFMG INAUGURA A NOVA SEDE DA FACULDADE DE FARM&Aacute;CIA Informativo Genteware DICAS DE SITES INTERESSANTES PLANT&Atilde;O INFO H\u00e1 20 anos&#8230; Eventos SOCIAIS MEM&Oacute;RIA FOTOGR&Aacute;FICA DO CECOM &#8230; <a title=\"Sistem\u00e1tico: Edi\u00e7\u00e3o 1215 &#8211; 12\/08\/2004\" class=\"read-more\" href=\"https:\/\/www.ufmg.br\/dti\/2004\/08\/12\/sistematico-edicao-1215-12082004\/\" aria-label=\"Read more about Sistem\u00e1tico: Edi\u00e7\u00e3o 1215 &#8211; 12\/08\/2004\">Ler mais<\/a><\/p>\n","protected":false},"author":3,"featured_media":0,"comment_status":"open","ping_status":"open","sticky":false,"template":"","format":"standard","meta":{"inline_featured_image":false,"footnotes":""},"categories":[13],"tags":[],"coauthors":[79],"class_list":["post-3167","post","type-post","status-publish","format-standard","hentry","category-sistematico"],"_links":{"self":[{"href":"https:\/\/www.ufmg.br\/dti\/wp-json\/wp\/v2\/posts\/3167","targetHints":{"allow":["GET"]}}],"collection":[{"href":"https:\/\/www.ufmg.br\/dti\/wp-json\/wp\/v2\/posts"}],"about":[{"href":"https:\/\/www.ufmg.br\/dti\/wp-json\/wp\/v2\/types\/post"}],"author":[{"embeddable":true,"href":"https:\/\/www.ufmg.br\/dti\/wp-json\/wp\/v2\/users\/3"}],"replies":[{"embeddable":true,"href":"https:\/\/www.ufmg.br\/dti\/wp-json\/wp\/v2\/comments?post=3167"}],"version-history":[{"count":0,"href":"https:\/\/www.ufmg.br\/dti\/wp-json\/wp\/v2\/posts\/3167\/revisions"}],"wp:attachment":[{"href":"https:\/\/www.ufmg.br\/dti\/wp-json\/wp\/v2\/media?parent=3167"}],"wp:term":[{"taxonomy":"category","embeddable":true,"href":"https:\/\/www.ufmg.br\/dti\/wp-json\/wp\/v2\/categories?post=3167"},{"taxonomy":"post_tag","embeddable":true,"href":"https:\/\/www.ufmg.br\/dti\/wp-json\/wp\/v2\/tags?post=3167"},{"taxonomy":"author","embeddable":true,"href":"https:\/\/www.ufmg.br\/dti\/wp-json\/wp\/v2\/coauthors?post=3167"}],"curies":[{"name":"wp","href":"https:\/\/api.w.org\/{rel}","templated":true}]}}