{"id":3174,"date":"2004-06-17T08:00:00","date_gmt":"2004-06-17T08:00:00","guid":{"rendered":"https:\/\/www.ufmg.br\/dti\/cecom\/?p=1420"},"modified":"2004-06-17T08:00:00","modified_gmt":"2004-06-17T08:00:00","slug":"sistematico-edicao-1207-17062004","status":"publish","type":"post","link":"https:\/\/www.ufmg.br\/dti\/2004\/06\/17\/sistematico-edicao-1207-17062004\/","title":{"rendered":"Sistem\u00e1tico: Edi\u00e7\u00e3o 1207 &#8211; 17\/06\/2004"},"content":{"rendered":"<ul>\n<li><a href=\"\/dti\/#noticias\">Not\u00edcias<\/a>\n<div class='submenuSistematico'>\n<ul>\n<li><a href=\"\/dti\/#anoticias1\"><span class=\"titulo\">BU ORGANIZA     O CADASTRO DE USU&Aacute;RIOS PERGAMUM<\/span><\/a><\/li>\n<li><a href=\"\/dti\/#anoticias2\"><span class=\"titulo\">DISTRIBUI&Ccedil;&Atilde;O     DE CLIENTE PERGAMUM SER&Aacute; AUTOMATIZADA<\/span><\/a><\/li>\n<li><a href=\"\/dti\/#anoticias3\"><span class=\"titulo\">CECOM INICIA     PROCESSO INTERNO DE AVALIA&Ccedil;&Atilde;O<\/span><\/a><\/li>\n<li><a href=\"\/dti\/#anoticias4\" id=\"4\"><span class=\"titulo\">CECOM     PROMOVE TREINAMENTO EM INFORM&Aacute;TICA<\/span><\/a><\/li>\n<li><a href=\"\/dti\/#anoticias5\" id=\"5\"><span class=\"titulo\">CECOM     CONTRATA NOVO ESTAGI&Aacute;RIO<\/span><\/a><\/li>\n<\/ul>\n<\/div>\n<\/li>\n<li><a href=\"\/dti\/#informativo\">Informativo<\/a>\n<div class='submenuSistematico'>\n<ul>\n<li><a href=\"\/dti\/#ainformativo1\"><span class=\"titulo\">MAIS UM ANIVERS&Aacute;RIO     DE O SISTEM&Aacute;TICO<\/span><br \/>    <\/a><\/li>\n<li><a href=\"\/dti\/#ainformativo2\"><span class=\"titulo\">DICAS DE     SITES INTERESSANTES<\/span><\/a><\/li>\n<li><a href=\"\/dti\/#ainformativo3\"><span class=\"titulo\">PLANT&Atilde;O     INFO<\/span><\/a><\/li>\n<li><a href=\"\/dti\/#ainformativo4\" id=\"4\"><span class=\"titulo\">MEM&Oacute;RIA     FOTOGR&Aacute;FICA DO CECOM<\/span><\/a><\/li>\n<li><a href=\"\/dti\/#ainformativo5\" id=\"5\"><img loading=\"lazy\" decoding=\"async\" src=\"https:\/\/www.ufmg.br\/dti\/wp-content\/uploads\/imgs\/tudo_pixel.gif\" width=\"1\" height=\"8\" alt=\"\" border=\"0\"><br \/>    <span class=\"titulo\">H\u00e1 20 anos&#8230;<\/span><\/a><\/li>\n<\/ul>\n<\/div>\n<\/li>\n<li><a href=\"\/dti\/#eventos\">Eventos<\/a>\n<div class='submenuSistematico'>\n<ul>\n<li><a href=\"\/dti\/#aeventos1\"><span class=\"titulo\">ENCONTRO     JULINO<\/span><\/a><\/li>\n<li><a href=\"\/dti\/#aeventos2\"><span class=\"titulo\">SOCIAIS<\/span><\/a><\/li>\n<\/ul>\n<\/div>\n<\/li>\n<\/ul>\n<p> <a name='noticias'><\/a><\/p>\n<h4>Not\u00edcias<\/h4>\n<div class=\"centro-sistematico\">  <!-- noticias --> <\/p>\n<table border=\"0\" cellspacing=\"0\" cellpadding=\"0\">\n<tr>\n<td><\/td>\n<td><\/td>\n<\/tr>\n<p>  <!-- #BeginEditable \"materias\" -->   <\/p>\n<tr>\n<td align=\"LEFT\" valign=\"TOP\"><\/td>\n<td align=\"LEFT\" valign=\"TOP\"> <a name=\"anoticias1\"><span class=\"titulo\">BU ORGANIZA     O CADASTRO DE USU&Aacute;RIOS PERGAMUM<\/span><\/a> <span class=\"texto\">     <\/p>\n<p>Desde o m&ecirc;s de mar&ccedil;o de 2004, a comunidade universit&aacute;ria      conta com um novo sistema que informatiza os procedimentos relativos      &agrave; administra&ccedil;&atilde;o e utiliza&ccedil;&atilde;o de seu      acervo bibliogr&aacute;fico. Trata-se do Pergamum, sistema desenvolvido      no Brasil, que ganha rapidamente, em sua carteira de clientes, cada      vez mais institui&ccedil;&otilde;es universit&aacute;rias, bibliotecas      p&uacute;blicas e de empresas.<\/p>\n<p>     Para permitir que a utiliza&ccedil;&atilde;o do sistema ocorresse de      maneira r&aacute;pida e o mais transparente poss&iacute;vel para os      usu&aacute;rios da Universidade, a Biblioteca Universit&aacute;ria e      o CECOM realizaram um trabalho de prepara&ccedil;&atilde;o do novo cadastro      de usu&aacute;rios, que contou com a utiliza&ccedil;&atilde;o da base      antiga, existente no VTLS, e o cruzamento de dados com os sistemas cadastrais      da UFMG, nos quais encontram-se informa&ccedil;&otilde;es relativas      a funcion&aacute;rios (docentes e t&eacute;cnicos e administrativos)      e alunos (gradua&ccedil;&atilde;o e p&oacute;s).<\/p>\n<p>     Este trabalho permitiu a amplia&ccedil;&atilde;o do controle de dados      dos usu&aacute;rios, eliminando-se pontos de fragilidade existentes      no cadastramento do VTLS e garantindo-se a devida integra&ccedil;&atilde;o      com as bases institucionais.<\/p>\n<p>     Agora, BU e CECOM se preparam para o desenvolvimento de um novo sistema,      que automatizar&aacute; o interfaceamento entre o Pergamum e as demais      bases, permitindo que modifica&ccedil;&otilde;es de dados relativas      a funcion&aacute;rios e alunos sejam replicadas diariamente na base      de usu&aacute;rios da BU. Este sistema come&ccedil;ar&aacute; a ser      desenvolvido em agosto deste ano, sendo implantado ainda no pr&oacute;ximo      semestre.<\/p>\n<p>     Entretanto, como h&aacute; a necessidade frequente de consulta a dados      cadas-trais, para que a equipe da BU possa eliminar as situa&ccedil;&otilde;es      de inconsist&ecirc;ncia de dados importados do VTLS, o CECOM criou,      no sistema INA, um perfil de consulta espec&iacute;fico para a equipe      da BU, agilizando assim o processo de confer&ecirc;ncia dos dados. Esta      funcionalidade auxiliar&aacute; a equipe da BU durante os pr&oacute;ximos      meses, sendo substitu&iacute;da, pelo sistema de integra&ccedil;&atilde;o      das bases durante o pr&oacute;ximo semestre.<\/p>\n<p>    <\/span><\/td>\n<\/tr>\n<tr>\n<td align=\"LEFT\" valign=\"TOP\"><\/td>\n<td align=\"LEFT\" valign=\"TOP\"> <a name=\"anoticias2\"><span class=\"titulo\">DISTRIBUI&Ccedil;&Atilde;O     DE CLIENTE PERGAMUM SER&Aacute; AUTOMATIZADA<\/span><\/a> <span class=\"texto\">     <\/p>\n<p>Conforme &eacute; do conhecimento dos leitores de O Sistem&aacute;tico,      o sistema Pergamum foi implantado em mar&ccedil;o desse ano, para gerenciar      o acervo bibliogr&aacute;fico da UFMG. Como o sistema de bibliotecas      da UFMG tem muitas caracter&iacute;sticas peculiares, v&aacute;rias      adapta&ccedil;&otilde;es est&atilde;o sendo feitas no Pergamum para      refleti-las, o que faz com que a freq&uuml;&ecirc;ncia de libera&ccedil;&atilde;o      de novas vers&otilde;es do sistema ainda seja alta, devendo diminuir      ao longo do tempo. <\/p>\n<p>     Um dos problemas decorrentes disso &eacute; a necessidade de atualiza&ccedil;&atilde;o      dos programas que s&atilde;o executados nas esta&ccedil;&otilde;es clientes      do sistema, que s&atilde;o aquelas que ficam distribu&iacute;das e localizadas      nas bibliotecas setoriais.<\/p>\n<p>     Isto, em muitas vezes, causa a necessidade de deslocamento de membros      da equipe respons&aacute;vel pela implanta&ccedil;&atilde;o do sistema      at&eacute; o local. Caso este processo seja feito pela equipe da biblioteca      setorial, mesmo com a exist&ecirc;ncia de documenta&ccedil;&atilde;o      para execu&ccedil;&atilde;o, nem sempre &eacute; atividade simples de      ser executada por boa parte das pessoas envolvidas. Ou seja, independentemente      de uma situa&ccedil;&atilde;o, ou de outra, h&aacute; grande depend&ecirc;ncia      da interven&ccedil;&atilde;o humana, o que pode acarretar erros que      poderiam ser evitados.<\/p>\n<p>     Para aperfei&ccedil;oar e agilizar o processo de atualiza&ccedil;&atilde;o,      o CECOM pesquisou e testou alternativas para automatiza&ccedil;&atilde;o      dessa tarefa, optando pelo uso do RSYNC, software livre para transfer&ecirc;ncia      r&aacute;pida de arquivos. Foram criados scripts para automatiza&ccedil;&atilde;o      do processo e produzidas orienta&ccedil;&otilde;es para os respons&aacute;veis      pelas atualiza&ccedil;&otilde;es. A partir de agora, sempre que houver      uma atualiza&ccedil;&atilde;o de vers&atilde;o, este fato ser&aacute;      comunicado pela BU &agrave;s bibliotecas setoriais por e-mail, bastando,      ent&atilde;o, a execu&ccedil;&atilde;o do processo automatizado de atualiza&ccedil;&atilde;o      em cada esta&ccedil;&atilde;o cliente.<\/p>\n<p>     As atividades executadas no CECOM, de pesquisa e implanta&ccedil;&atilde;o      da solu&ccedil;&atilde;o, estiveram a cargo de Emerson Henrique Kfuri      Pereira, da DAC.<\/p>\n<p>    <\/p>\n<p>    <\/span><\/td>\n<\/tr>\n<tr>\n<td align=\"LEFT\" valign=\"TOP\"><\/td>\n<td align=\"LEFT\" valign=\"TOP\"> <a name=\"anoticias3\"><span class=\"titulo\">CECOM INICIA     PROCESSO INTERNO DE AVALIA&Ccedil;&Atilde;O<\/span><\/a> <span class=\"texto\">     <\/p>\n<p>Na reuni&atilde;o de diretoria do &uacute;ltimo dia 07 de junho, foi      aprovado o cronograma de execu&ccedil;&atilde;o, para o 1o. semestre      de 2004, do processo interno de avalia&ccedil;&atilde;o que o CECOM      promove semestralmente. O processo prev&ecirc; o envolvimento direto      de todos os funcion&aacute;rios atrav&eacute;s de auto-avalia&ccedil;&otilde;es      e de avalia&ccedil;&otilde;es realizadas pelas chefias. Tamb&eacute;m      os usu&aacute;rios s&atilde;o consultados atrav&eacute;s de ques-tion&aacute;rios      pr&oacute;prios, enviados via e-mail, sendo as suas cr&iacute;ticas      e sugest&otilde;es avaliadas e retornadas ao final do processo de cada      semestre. Nessa avalia&ccedil;&atilde;o, a aplica&ccedil;&atilde;o do      question&aacute;rio aos usu&aacute;rios selecionados e sorteados est&aacute;      prevista para ser feita at&eacute; o dia 24\/06. O retorno &agrave;queles      que responderam ao question&aacute;rio ser&aacute; feito no per&iacute;odo      de 07 a 09\/07. <\/p>\n<p>    <\/span> <\/td>\n<\/tr>\n<tr>\n<td align=\"LEFT\" valign=\"TOP\"><\/td>\n<td align=\"LEFT\" valign=\"TOP\"> <a name=\"anoticias4\" id=\"4\"><span class=\"titulo\">CECOM     PROMOVE TREINAMENTO EM INFORM&Aacute;TICA<\/span><\/a> <span class=\"texto\">     <\/p>\n<p>Teve in&iacute;cio na segunda-feira, dia 14, o treinamento de Word      II &#8211; Turma 4, promovido pelo CECOM em parceria com a ProRH, para funcion&aacute;rios      da Universidade.<\/p>\n<p>     O treinamento, que ser&aacute; encerrado no dia 22 de junho, est&aacute;      sendo realizado na Sala de Aulas 2 do CECOM, no subsolo da Reitoria,      no hor&aacute;rio de 08:30 &agrave;s 11:30, com a presen&ccedil;a dos      funcion&aacute;rios: Cid Ant&ocirc;nio Morais J&uacute;nior (Instituto      de Ci&ecirc;ncias Biol&oacute;gicas), Geralda Auxiliadora de Oliveira      (Escola de Engenharia), Geraldo Magela de Senna (Pr&oacute;- Reitoria      de Administra&ccedil;&atilde;o), Kaiser Bruno Cardoso Pimenta (Escola      de Odontologia), Ludmila Vieira Rodigues (Teatro Universit&aacute;rio)      e Maria Bernadete de Assis Moreira (Escola de Engenharia). O instrutor      est&aacute; sendo Ant&ocirc;nio Eust&aacute;quio Rodrigues, da DAC.<\/p>\n<p>    <\/span> <\/td>\n<\/tr>\n<tr>\n<td align=\"LEFT\" valign=\"TOP\"><\/td>\n<td align=\"LEFT\" valign=\"TOP\"> <a name=\"anoticias5\" id=\"5\"><span class=\"titulo\">CECOM     CONTRATA NOVO ESTAGI&Aacute;RIO<\/span><\/a> <\/p>\n<p align=\"left\"><span class=\"texto\">O      CECOM est&aacute; contando, desde o dia 1o. de junho, com o estagi&aacute;rio      Roberto Simone Maciel J&uacute;nior, aluno do curso de Ci&ecirc;ncia      da Computa&ccedil;&atilde;o da UFMG. Ele est&aacute; ocupando a vaga      de Renato Vaz de Melo Espeschit, que se desligou do quadro em abril      &uacute;ltimo.<br \/>     Roberto est&aacute; lotado na Divis&atilde;o de Aplicativos e Sistemas,      trabalhando na equipe de desenvolvimento do novo Sistema Acad&ecirc;mico.      <\/span><\/p>\n<p>    <span class=\"texto\">     <\/p>\n<div align=\"center\"><img loading=\"lazy\" decoding=\"async\" src=\"https:\/\/www.ufmg.br\/dti\/wp-content\/uploads\/fotos\/Roberto_27052004_0238.jpg\" width=\"352\" height=\"288\"><\/div>\n<p>    <\/span> <\/p>\n<p align=\"left\">&nbsp; <\/p>\n<p><span class=\"texto\"><br \/>     <\/span><\/p>\n<\/td>\n<\/tr>\n<tr>\n<td align=\"LEFT\" valign=\"TOP\">&nbsp;<\/td>\n<td align=\"LEFT\" valign=\"TOP\">&nbsp;<\/td>\n<\/tr>\n<p>  <!-- #EndEditable -->  <\/table>\n<p> <!-- fim noticias --><\/div>\n<p><a name='informativo'><\/a><\/p>\n<h4>Informativo<\/h4>\n<div class=\"centro-sistematico\">  <!-- noticias --> <\/p>\n<table border=\"0\" cellspacing=\"0\" cellpadding=\"0\">\n<tr>\n<td><\/td>\n<td><\/td>\n<\/tr>\n<p>  <!-- #BeginEditable \"materias\" -->   <\/p>\n<tr>\n<td align=\"LEFT\" valign=\"TOP\"><\/td>\n<td align=\"LEFT\" valign=\"TOP\"><a name=\"ainformativo1\"><span class=\"titulo\">MAIS UM ANIVERS&Aacute;RIO     DE O SISTEM&Aacute;TICO<\/span><br \/>    <\/a> <img loading=\"lazy\" decoding=\"async\" src=\"https:\/\/www.ufmg.br\/dti\/wp-content\/uploads\/imgs\/tudo_pixel.gif\" width=\"1\" height=\"20\" alt=\"\" border=\"0\"><br \/>     <span class=\"texto\"> <img loading=\"lazy\" decoding=\"async\" src=\"https:\/\/www.ufmg.br\/dti\/wp-content\/uploads\/fotos\/fotosist.jpg\" width=\"201\" height=\"248\" alt=\"\" border=\"0\" hspace=\"0\" vspace=\"0\" align=\"left\"><img loading=\"lazy\" decoding=\"async\" src=\"https:\/\/www.ufmg.br\/dti\/wp-content\/uploads\/imgs\/tudo_pixel.gif\" width=\"22\" height=\"251\" alt=\"\" border=\"0\" hspace=\"0\" vspace=\"0\" align=\"left\">H&aacute;     27 anos&#8230; Precisamente no dia 16 de junho de 1977 sa&iacute;a a primeira     edi&ccedil;&atilde;o do jornal semanal do Centro de Computa&ccedil;&atilde;o,     O Sistem&aacute;tico. Ainda sem o nome que o acompanharia nessa trajet&oacute;ria,     o jornal publicou o documento de sua cria&ccedil;&atilde;o com o concurso     para a escolha do nome. No cabe&ccedil;alho da 1a. edi&ccedil;&atilde;o     havia um ponto de interroga&ccedil;&atilde;o. E assim, Cleuza Maria Bento     (QQ) ganhou o concurso e batizou-o de O Sistem&aacute;tico, al&eacute;m     de datilograf&aacute;-lo anos a fio. <\/p>\n<p>    Como em todos os anos, a Reda&ccedil;&atilde;o vem agradecer a todos aqueles     que colaboraram e continuam colaborando para que o jornal do CECOM saia     todas as semanas. Agradecer tamb&eacute;m o carinho e a dedica&ccedil;&atilde;o     de muitos, como tamb&eacute;m aos ex-ceconianos que n&atilde;o o esqueceram     e fazem quest&atilde;o de enviar e-mails, telefonar e comentar as suas     not&iacute;cias.<\/p>\n<p>    A Reda&ccedil;&atilde;o nunca vai parar de agradecer e espera que sempre     tenha muitas not&iacute;cias, muito trabalho, muitos projetos, muitas     comemora&ccedil;&otilde;es. O Sistem&aacute;tico s&oacute; n&atilde;o     gosta de not&iacute;cias ruins.<\/p>\n<p>    Para aqueles que n&atilde;o o conheceram desde o seu in&iacute;cio, existe     uma cole&ccedil;&atilde;o completa do jornal no CIT &#8211; Centro de Informa&ccedil;&otilde;es     T&eacute;cnicas &#8211; e na sua Reda&ccedil;&atilde;o para consulta.<\/p>\n<p>    O Sistem&aacute;tico espera estar presente no cen&aacute;rio ceconiano     enquanto o CECOM existir.<\/p>\n<p>    <\/span> <\/td>\n<\/tr>\n<tr>\n<td align=\"LEFT\" valign=\"TOP\"><\/td>\n<td align=\"LEFT\" valign=\"TOP\"><a name=\"ainformativo2\"><span class=\"titulo\">DICAS DE     SITES INTERESSANTES<\/span><\/a> <span class=\"texto\">     <\/p>\n<p>Adyrus, o ca&ccedil;ador de sites, enviou as seguintes dicas:<\/p>\n<p>     &#8211; Quem assistiu ao desenho <em>Procurando Nemo<\/em> deve ter se perguntado      quais os tipos de peixes que deram origem aos personagens Nemo, Marlin      e Dory. Se voc&ecirc; est&aacute; curioso, v&aacute; at&eacute; a p&aacute;gina      de Greg Pryor, professor do Departmento de Zoologia da Universidade      da Fl&oacute;rida (<a href=\"http:\/\/www.pixar.com\/feature%20films\/nemo\/index.html\">http:\/\/www.pixar.com\/feature      films\/nemo\/index.html<\/a>). Al&eacute;m disso, voc&ecirc; poder&aacute;      conhecer outras esp&eacute;cies marinhas que tamb&eacute;m fazem parte      do desenho animado em <a href=\"http:\/\/www.zoo.ufl.edu\/gpryor\/naming.nemo.%20html\">http:\/\/www.zoo.ufl.edu\/gpryor\/naming.nemo.      html<\/a>. Veja o peixe luminescente que perseguiu Marlin e Dory em <a href=\"http:\/\/www.zoo.ufl.edu\/gpryor\/anglerfish.html\">http:\/\/www.zoo.ufl.edu\/gpryor\/anglerfish.html<\/a>.      (Site em Ingl&ecirc;s)<\/p>\n<p>     &#8211; Nestes tempos, nada melhor do que entender de pol&iacute;tica. Conhe&ccedil;a      a hist&oacute;ria da Rep&uacute;blica do Brasil e veja quantos presidentes      j&aacute; tivemos. L&aacute; s&atilde;o relatados os principais fatos      relacionados a cada governo que tivemos, desde 1889, como a Pol&iacute;tica      dos Governadores, a funda&ccedil;&atilde;o da Companhia Sider&uacute;rgica      Nacional, o &#8220;Milagre Econ&ocirc;mico&#8221;, a Revolta da Chibata,      a Lei da Anistia, o Plano Ver&atilde;o e a Coluna Prestes. V&aacute;      at&eacute; <a href=\"http:\/\/www.zoo.ufl.edu\/gpryor\/naming.nemo.%20html\">http:\/\/elogica.br.inter.net\/crdubeux\/historia.html<\/a>.<\/p>\n<p>     &#8211; Voc&ecirc; gosta de cantar ou est&aacute; procurando a letra de alguma      can&ccedil;&atilde;o? Pare de andar de p&aacute;gina em p&aacute;gina      e aponte seu navegador para a p&aacute;gina <em>Letras de M&uacute;sicas      <\/em>(<a href=\"http:\/\/www.letrasdemusicas.com.br\/\">http:\/\/www.letrasdemusicas.com.br\/<\/a>).      Voc&ecirc; vai encontrar mais de 70 mil letras, algumas delas cifradas      ou traduzidas, organizadas em ordem alfab&eacute;tica por artista, t&iacute;tulo      da m&uacute;sica e nome do &aacute;lbum. Voc&ecirc; pode pesquisar at&eacute;      mesmo por um trecho da letra.<\/p>\n<p>     &#8211; Para quem trabalha com desenvolvimento de p&aacute;ginas, o <em>PHP      Local <\/em> (<a href=\"http:\/\/www.phplocal.com\/\">http:\/\/www.phplocal.com\/<\/a>)      &eacute; um portal voltado a quem quer aprender e ensinar a linguagem      PHP. A p&aacute;gina oferece scripts prontos, artigos, downloads do      PHP e de editores, al&eacute;m de um f&oacute;rum para troca de experi&ecirc;ncia      entre os usu&aacute;rios dessa linguagem gratuita de programa&ccedil;&atilde;o      para Internet.<\/p>\n<p>     &#8211; Se voc&ecirc; quer fazer uma aventura, o <em>Mapa Aventura<\/em> &eacute;      uma boa p&aacute;gina para voc&ecirc; trilhar os caminhos do ecoturismo.      Visite <a href=\"http:\/\/www.mapaventura.com.br\">http:\/\/www.mapaventura.com.br<\/a>.<\/p>\n<p>     &#8211; Fique por dentro do basquete mundial e saiba de tudo que rola no mundo      do basquete na p&aacute;gina<em> &#8220;Brazilian Basketball Heart&#8221;<\/em>      (<a href=\"http:\/\/www.bbheart.com.br\">http:\/\/www.bbheart.com.br<\/a>).      &Eacute; uma excelente fonte de not&iacute;cias e estat&iacute;sticas.      <\/p>\n<p>     &#8211; Se voc&ecirc; est&aacute; pensando que a palavra cardume s&oacute;      se refere a peixe, est&aacute; redondamente enganado. &Eacute; mais      uma p&aacute;gina para os independentes catarem sem o aperto dado pela      gravadoras. Aqui toca de tudo sem se importar com o estilo. Ou&ccedil;a      m&uacute;sicas das bandas Bangalafumenga e Jimi James. Se quiser comprar      cd e consultar a agenda de shows&#8230; Veja em <a href=\"http:\/\/www.selocardume.com.br\">http:\/\/www.selocardume.com.br<\/a>.<\/p>\n<p>     &#8211; Para a crian&ccedil;ada se divertir, a&iacute; vai uma p&aacute;gina      cheia de jogos, tirinhas, anima&ccedil;&atilde;o, quadrinhos e pap&eacute;is      de parede com os personagens da Turma do Sapo em <a href=\"http:\/\/sapobrothers.virgulinha.terra.com.br\/\">http:\/\/sapobrothers.virgulinha.terra.com.br\/<\/a>.<\/p>\n<p>     &#8211; Para a garotada, o blog &eacute; uma esp&eacute;cie de di&aacute;rio      para Web. L&aacute; elas ou eles contam seus segredinhos para todo mundo.      Se voc&ecirc; j&aacute; &eacute; um blogueiro, confira algumas dicas      para incrementar seu endere&ccedil;o em <a href=\"http:\/\/www.coisasfowfax.blogger.com.br\">http:\/\/www.coisasfowfax.blogger.com.br<\/a>.<\/p>\n<p>     &#8211; Sites que tentam desmistificar as lendas que circulam na Internet      s&atilde;o populares pelo mundo afora. Faltava apenas um que decifrasse      as nossas picuinhas nacionais, o que <a href=\"http:\/\/www.quatrocantos.com\/lendas\/\">http:\/\/www.quatrocantos.com\/lendas\/<\/a>      faz em grande estilo. Est&atilde;o l&aacute; boatos envolvendo desde      o presidente at&eacute; participantes do BBB.<\/p>\n<p>     &#8211; Visite o endere&ccedil;o <a href=\"http:\/\/www.belohorizonte.com.br\/appletBH_pt.html\">http:\/\/www.belohorizonte.com.br\/appletBH_pt.html<\/a>      e veja a cidade de Belo Horizonte do alto, como se estivesse em um avi&atilde;o.      Voc&ecirc; pode selecionar as v&aacute;rias regi&otilde;es da cidade      com suas ruas e trajetos, al&eacute;m de identificar pontos importantes      da cidade. O site mostra ainda fotografias do solo e revela curvas de      n&iacute;vel. <\/p>\n<p>    <\/p>\n<p>    <\/span> <\/td>\n<\/tr>\n<tr>\n<td align=\"LEFT\" valign=\"TOP\"><\/td>\n<td align=\"LEFT\" valign=\"TOP\"><a name=\"ainformativo3\"><span class=\"titulo\">PLANT&Atilde;O     INFO<\/span><\/a> <span class=\"texto\">     <\/p>\n<p>O <strong>Plant&atilde;o Info<\/strong> divulgou, nas &uacute;ltimas      semanas, as seguintes not&iacute;cias:<\/p>\n<p>     <strong>Liga&ccedil;&otilde;es para 0300 ficar&atilde;o mais baratas<\/strong>      (28 de maio\/04) &#8211; A Anatel vai submeter &agrave; consulta p&uacute;blica      documento que altera as normas de cobran&ccedil;a das liga&ccedil;&otilde;es      feitas pelos c&oacute;digos 0300. As chamadas passar&atilde;o a ser      locais e os custos ser&atilde;o divididos entre a empresa detentora      do c&oacute;digo e o usu&aacute;rio. <br \/>     De acordo com o presidente da Anatel, Pedro Jaime Ziller de Ara&uacute;jo,      as tarifas do 0300 &#8211; hoje fixadas em R$ 0,67 na telefonia celular e      R$ 0,29 na telefonia fixa &#8211; ter&atilde;o custo de liga&ccedil;&atilde;o      local, n&atilde;o importa se a chamada &eacute; interurbana ou se a      rede usada &eacute; fixa ou m&oacute;vel. <br \/>     O custo da liga&ccedil;&atilde;o, a partir de um telefone fixo, passa      a ser de R$ 0,12. Na telefonia m&oacute;vel, esse valor ser&aacute;      de cerca de R$ 0,29 por minuto. <br \/>     As empresas detentoras de c&oacute;digo 0300 &#8211; 1500 atualmente &#8211; tamb&eacute;m      pagar&atilde;o &agrave; operadora de telefonia. A tarifa ser&aacute;      local, se a liga&ccedil;&atilde;o for feita da cidade em que est&aacute;      localizada a empresa. No caso de recebimento de interurbanos, os custos      representar&atilde;o 75% da tarifa m&aacute;xima cobrada por chamada      de longa dist&acirc;ncia nacional (DDD), exclu&iacute;do o custo da      liga&ccedil;&atilde;o local. <br \/>     No caso de &oacute;rg&atilde;os p&uacute;blicos, os consumidores continuar&atilde;o      arcando sozinhos com os custos das liga&ccedil;&otilde;es para n&uacute;meros      iniciados com o c&oacute;digo 0300. <br \/>     A proposta da Anatel fica em consulta p&uacute;blica entre os dias 7      de junho e 19 de julho deste ano.<\/p>\n<p>     <strong>Sasser liderou ataques em maio<\/strong> (01 de junho\/04) &#8211; O      Sasser lidera a lista dos piores v&iacute;rus que contaminaram os computadores      em todo o mundo no m&ecirc;s de maio &uacute;ltimo, segundo levantamento      da Sophos, especializada em software de seguran&ccedil;a corporativa.      <br \/>     Respons&aacute;vel por 51,1% das ocorr&ecirc;ncias, o Sasser propagou-se      com muito mais velocidade do que o segundo colocado na lista, o Netsky      e suas variantes. A raz&atilde;o estaria nas pr&oacute;prias caracter&iacute;sticas      do Sasser, que s&oacute; precisa que o usu&aacute;rio se conecte &agrave;      Web para se instalar no sistema e ent&atilde;o us&aacute;-lo como plataforma      para atacar outras m&aacute;quinas conectadas &agrave; rede mundial.      <br \/>     A empresa de software antifraude e anti-spam diz que a quantidade de      pragas detectadas no m&ecirc;s de maio foi a maior j&aacute; registrada      num &uacute;nico m&ecirc;s desde dezembro de 2001. Ao todo, a empresa      analisou 959 novos v&iacute;rus nesse m&ecirc;s. <br \/>     Al&eacute;m do Sasser e do Netsky &#8211; cujas variantes ocupam da segunda      &agrave; oitava posi&ccedil;&atilde;o do ranking &#8211; aparecem na lista      o Sober-G e o Bagle-AA.<\/p>\n<p>     <strong>Medida da Anatel amplia &aacute;reas para tarifa local <\/strong>(03      de junho\/04) &#8211; A Anatel aprovou regulamento que amplia a abrang&ecirc;ncia      das &aacute;reas em que o usu&aacute;rio paga tarifas locais para telefonia      fixa. A medida trar&aacute; economia de R$ 6,1 milh&otilde;es mensais      para os usu&aacute;rios de todo o pa&iacute;s, segundo a ag&ecirc;ncia.      <br \/>     O novo regulamento define como &aacute;rea local a regi&atilde;o geogr&aacute;fica      cont&iacute;nua do munic&iacute;pio ou do conjunto de munic&iacute;pios      que constitu&iacute;am as chamadas &#8220;&aacute;reas conurbadas&#8221;.      <br \/>     Em S&atilde;o Paulo, por exemplo, as liga&ccedil;&otilde;es feitas entre      os 18 milh&otilde;es de habitantes de 39 munic&iacute;pios ser&atilde;o      cobradas como liga&ccedil;&otilde;es locais, e n&atilde;o mais como      interurbanas. <br \/>     Com a simplifica&ccedil;&atilde;o da sua configura&ccedil;&atilde;o,      as &aacute;reas locais foram reduzidas de 7,6 mil para cerca de 5.360,      segundo a Anatel. A ag&ecirc;ncia diz que a medida beneficiar&aacute;      90% dos 39 milh&otilde;es de telefones fixos ativos atualmente no pa&iacute;s,      e n&atilde;o descarta a possibilidade de estender os novos crit&eacute;rios      para a telefonia celular. <br \/>     As operadoras de telefonia fixa t&ecirc;m agora os seguintes prazos,      vigentes a partir da publica&ccedil;&atilde;o no Di&aacute;rio Oficial      da Uni&atilde;o (DOU), para se adequarem &agrave;s novas regras: 60      dias para configurarem como &aacute;rea local a &aacute;rea geogr&aacute;fica      do munic&iacute;pio, 90 dias para o conjunto de munic&iacute;pios, e      180 dias para &aacute;reas com continuidade urbana. <br \/>     A previs&atilde;o para divulga&ccedil;&atilde;o do documento no DOU      &eacute; dia 7 deste m&ecirc;s.<\/p>\n<p>    <\/p>\n<p>    <\/span><\/td>\n<\/tr>\n<tr>\n<td align=\"LEFT\" valign=\"TOP\"><\/td>\n<td align=\"LEFT\" valign=\"TOP\"><a name=\"ainformativo4\" id=\"4\"><span class=\"titulo\">MEM&Oacute;RIA     FOTOGR&Aacute;FICA DO CECOM<\/span><\/a> <span class=\"texto\"> <\/p>\n<p>    Dando continuidade &agrave; publica&ccedil;&atilde;o das fotos tiradas     por Patrick Nic&aacute;cio em mar&ccedil;o de 2002, desta vez, ele deixou     para a Mem&oacute;ria Fotogr&aacute;fica do CECOM imagens da sala dos     estagi&aacute;rios da Divis&atilde;o de Atendimento e Consultoria e de     Jo&atilde;o Paulo Rodrigues da Costa, na &eacute;poca, menor da Cruz Vermelha,     lotado na Divis&atilde;o de Apoio Administrativo. Nem precisa contar que     todos eles gostavam muito de serem fotografados.<\/p>\n<p>    A foto de Patrick foi tirada por Esdras.     <\/p>\n<p align=\"center\">\n<p>     <img loading=\"lazy\" decoding=\"async\" src=\"https:\/\/www.ufmg.br\/dti\/wp-content\/uploads\/fotos\/2004recebbessa_02_cor_15032002.jpg\" width=\"267\" height=\"274\">      <br \/>     <font face=\"1\">Jo&atilde;o Paulo<\/font><\/p>\n<p>     <img loading=\"lazy\" decoding=\"async\" src=\"https:\/\/www.ufmg.br\/dti\/wp-content\/uploads\/fotos\/2004recebbessa_04_cor_15032002.jpg\" width=\"202\" height=\"253\">      <br \/>     <font face=\"1\">Esdras <\/font><\/p>\n<p>     <img loading=\"lazy\" decoding=\"async\" src=\"https:\/\/www.ufmg.br\/dti\/wp-content\/uploads\/fotos\/2004recebbessa_06_cor_15032002.jpg\" width=\"288\" height=\"273\">      <br \/>     <font face=\"1\">Patrick<\/font> <\/p>\n<p>     <img loading=\"lazy\" decoding=\"async\" src=\"https:\/\/www.ufmg.br\/dti\/wp-content\/uploads\/fotos\/2004recebbessa_07_cor_15032002.jpg\" width=\"293\" height=\"244\">      <br \/>     <font face=\"1\">Matheus<\/font> <\/p>\n<p>    <\/p>\n<p>    <\/span><\/td>\n<\/tr>\n<p>  <!-- #EndEditable -->  <\/table>\n<p> <!-- fim noticias --> <!-- tabela ha 20 anos --> <\/p>\n<table border=\"0\" cellspacing=\"0\" cellpadding=\"0\" class=\"cinza\">\n<tr>\n<td><img loading=\"lazy\" decoding=\"async\" src=\"https:\/\/www.ufmg.br\/dti\/wp-content\/uploads\/imgs\/tudo_pixel.gif\" width=\"1\" height=\"1\" alt=\"\" border=\"0\"><\/td>\n<td><img loading=\"lazy\" decoding=\"async\" src=\"https:\/\/www.ufmg.br\/dti\/wp-content\/uploads\/imgs\/tudo_pixel.gif\" width=\"19\" height=\"1\" alt=\"\" border=\"0\"><\/td>\n<td><img loading=\"lazy\" decoding=\"async\" src=\"https:\/\/www.ufmg.br\/dti\/wp-content\/uploads\/imgs\/tudo_pixel.gif\" width=\"510\" height=\"1\" alt=\"\" border=\"0\"><\/td>\n<td><img loading=\"lazy\" decoding=\"async\" src=\"https:\/\/www.ufmg.br\/dti\/wp-content\/uploads\/imgs\/tudo_pixel.gif\" width=\"19\" height=\"1\" alt=\"\" border=\"0\"><\/td>\n<td><img loading=\"lazy\" decoding=\"async\" src=\"https:\/\/www.ufmg.br\/dti\/wp-content\/uploads\/imgs\/tudo_pixel.gif\" width=\"1\" height=\"1\" alt=\"\" border=\"0\"><\/td>\n<\/tr>\n<tr>\n<td class=\"vermelho\" colspan=\"5\"><img loading=\"lazy\" decoding=\"async\" src=\"https:\/\/www.ufmg.br\/dti\/wp-content\/uploads\/imgs\/tudo_pixel.gif\" width=\"1\" height=\"1\" alt=\"\" border=\"0\"><\/td>\n<\/tr>\n<tr>\n<td class=\"vermelho\"><img loading=\"lazy\" decoding=\"async\" src=\"https:\/\/www.ufmg.br\/dti\/wp-content\/uploads\/imgs\/tudo_pixel.gif\" width=\"1\" height=\"1\" alt=\"\" border=\"0\"><\/td>\n<td><img loading=\"lazy\" decoding=\"async\" src=\"https:\/\/www.ufmg.br\/dti\/wp-content\/uploads\/imgs\/tudo_pixel.gif\" width=\"1\" height=\"1\" alt=\"\" border=\"0\"><\/td>\n<td align=\"LEFT\" valign=\"TOP\"><!-- #BeginEditable \"ha 20 anos\" --><a name=\"ainformativo5\" id=\"5\"><img loading=\"lazy\" decoding=\"async\" src=\"https:\/\/www.ufmg.br\/dti\/wp-content\/uploads\/imgs\/tudo_pixel.gif\" width=\"1\" height=\"8\" alt=\"\" border=\"0\"><br \/>    <span class=\"titulo\">H\u00e1 20 anos&#8230;<\/span><\/a> <span class=\"texto\">     <\/p>\n<p>O Sistem&aacute;tico n&atilde;o circulou h&aacute; 20 anos, devido      &agrave; greve na UFMG.<\/p>\n<p>    <\/span><!-- #EndEditable --><br \/>     <img loading=\"lazy\" decoding=\"async\" src=\"https:\/\/www.ufmg.br\/dti\/wp-content\/uploads\/imgs\/tudo_pixel.gif\" width=\"1\" height=\"8\" alt=\"\" border=\"0\"><\/td>\n<td><img loading=\"lazy\" decoding=\"async\" src=\"https:\/\/www.ufmg.br\/dti\/wp-content\/uploads\/imgs\/tudo_pixel.gif\" width=\"1\" height=\"1\" alt=\"\" border=\"0\"><\/td>\n<td class=\"vermelho\"><img loading=\"lazy\" decoding=\"async\" src=\"https:\/\/www.ufmg.br\/dti\/wp-content\/uploads\/imgs\/tudo_pixel.gif\" width=\"1\" height=\"1\" alt=\"\" border=\"0\"><\/td>\n<\/tr>\n<tr>\n<td class=\"vermelho\" colspan=\"5\"><img loading=\"lazy\" decoding=\"async\" src=\"https:\/\/www.ufmg.br\/dti\/wp-content\/uploads\/imgs\/tudo_pixel.gif\" width=\"1\" height=\"1\" alt=\"\" border=\"0\"><\/td>\n<\/tr>\n<\/table>\n<p> <!-- fim tabela ha 20 anos --><\/div>\n<p><a name='eventos'><\/a><\/p>\n<h4>Eventos<\/h4>\n<div class=\"centro-sistematico\">  <!-- noticias --> <\/p>\n<table border=\"0\" cellspacing=\"0\" cellpadding=\"0\">\n<tr>\n<td><\/td>\n<td><\/td>\n<\/tr>\n<p>  <!-- #BeginEditable \"materias\" -->   <\/p>\n<tr>\n<td align=\"LEFT\" valign=\"TOP\"><\/td>\n<td align=\"LEFT\" valign=\"TOP\"> <a name=\"aeventos1\"><span class=\"titulo\">ENCONTRO     JULINO<\/span><\/a> <\/p>\n<p><span class=\"texto\">Os funcion&aacute;rios do CECOM      j&aacute; foram consultados sobre a presen&ccedil;a no Encontro Julino,      que vai ser realizado no dia 02 de julho, na resid&ecirc;ncia do Rubens.      Alguns j&aacute; confirmaram a presen&ccedil;a e muitos deixaram para      confirmar depois. A confirma&ccedil;&atilde;o deve ser feita o mais      r&aacute;pido poss&iacute;vel. <\/span><\/p>\n<p><span class=\"texto\">Entre as sugest&otilde;es encaminhadas &agrave;      Comiss&atilde;o Organizadora, foi acatada a realiza&ccedil;&atilde;o      de um bingo com v&aacute;rios brindes. Um deles pode ser uma cesta de      guloseimas. Para que isto aconte&ccedil;a, vai ser colocada uma cesta      na recep&ccedil;&atilde;o do 8o andar para recebimento das contribui&ccedil;&otilde;es.      Podem ser biscoitos, doces, chocolates, sucos, refrigerantes etc. <\/span><\/p>\n<p><span class=\"texto\">Ap&oacute;s a confirma&ccedil;&atilde;o do n&uacute;mero      de participantes, a comiss&atilde;o vai divulgar o valor da contribui&ccedil;&atilde;o      de cada um para a realiza&ccedil;&atilde;o do encontro. <\/span><\/p>\n<p><span class=\"texto\">N&atilde;o vai ser uma Festa Junina, mas um encontro      para um bom bate-papo regado a cerveja e caldos quentes numa noite fria!      <\/span><\/p>\n<p><span class=\"texto\">N&atilde;o deixem de participar!<\/span><\/p>\n<div align=\"center\"><span class=\"texto\"><img loading=\"lazy\" decoding=\"async\" src=\"https:\/\/www.ufmg.br\/dti\/wp-content\/uploads\/fotos\/FestJuni20022.jpg\" width=\"331\" height=\"497\"><\/span>      <br \/>     <em><font face=\"1\">Le&atilde;o,      Lel&eacute; e Ronaldo na Festa Junina do CECOM de 2002<\/font><\/em><\/div>\n<\/td>\n<\/tr>\n<tr>\n<td align=\"LEFT\" valign=\"TOP\"><\/td>\n<td align=\"LEFT\" valign=\"TOP\"><a name=\"aeventos2\"><span class=\"titulo\">SOCIAIS<\/span><\/a>     <span class=\"texto\">     <\/p>\n<p><strong>ANIVERS&Aacute;RIOS<\/strong>: <em>&#8220;O Sistem&aacute;tico&#8221;      envia os parab&eacute;ns atrasados para os ex-ceconianos: Rainer Brockerhoff,      no dia 06; Maria Tereza de Melo Carvalho, no dia 08; Marco Ant&ocirc;nio      Vasconcelos, no dia 10; Al&eacute;xia Loureiro Ara&uacute;jo, no dia      12; Ant&ocirc;nio Carlos Cortez e Silva, no dia 13; Maria L&uacute;cia      Valadares e Siva, no dia 14; e Adriana Lima Leonel, no dia 15. Os parab&eacute;ns      (em dia) para: Carlos Farina, hoje, dia 17; Maria Aparecida Faria (Nina),      no dia 18; Vicente Joel Prates Cordeiro Valadares, no dia 20; Celso      de Souza Lima e Marcos Aur&eacute;lio Nunes de Morais, no dia 22; Maria      Tereza Gon&ccedil;alves Diniz, no dia 23; e Jos&eacute; Jo&atilde;o      Teixeira, no dia 24.<\/em><\/p>\n<p>     <strong>DEFESA DE DISSERTA&Ccedil;&Atilde;O<\/strong>: <em>Aleixina Maria      Lopes Andal&eacute;cio estar&aacute; fazendo a defesa p&uacute;blica      de sua disserta&ccedil;&atilde;o do mestrado, cujo tema &eacute; &#8220;O      uso de ferramentas de tecnologia de informa&ccedil;&atilde;o e comunica&ccedil;&atilde;o      no desenvolvimento de pesquisa em Ci&ecirc;ncias Sociais: possibilidades      e compet&ecirc;ncias&#8221;, no dia 22 de junho\/04, &agrave;s 09:30,      no Audit&oacute;rio Azul, na Escola de Ci&ecirc;ncia da Informa&ccedil;&atilde;o.      <\/em> <\/p>\n<p>    <\/p>\n<p>    <\/span><\/td>\n<\/tr>\n<p>  <!-- #EndEditable -->  <\/table>\n<p> <!-- fim noticias --><\/div>\n","protected":false},"excerpt":{"rendered":"<p>Not\u00edcias BU ORGANIZA O CADASTRO DE USU&Aacute;RIOS PERGAMUM DISTRIBUI&Ccedil;&Atilde;O DE CLIENTE PERGAMUM SER&Aacute; AUTOMATIZADA CECOM INICIA PROCESSO INTERNO DE AVALIA&Ccedil;&Atilde;O CECOM PROMOVE TREINAMENTO EM INFORM&Aacute;TICA CECOM CONTRATA NOVO ESTAGI&Aacute;RIO Informativo MAIS UM ANIVERS&Aacute;RIO DE O SISTEM&Aacute;TICO DICAS DE SITES INTERESSANTES PLANT&Atilde;O INFO MEM&Oacute;RIA FOTOGR&Aacute;FICA DO CECOM H\u00e1 20 anos&#8230; Eventos ENCONTRO JULINO SOCIAIS Not\u00edcias BU &#8230; <a title=\"Sistem\u00e1tico: Edi\u00e7\u00e3o 1207 &#8211; 17\/06\/2004\" class=\"read-more\" href=\"https:\/\/www.ufmg.br\/dti\/2004\/06\/17\/sistematico-edicao-1207-17062004\/\" aria-label=\"Read more about Sistem\u00e1tico: Edi\u00e7\u00e3o 1207 &#8211; 17\/06\/2004\">Ler mais<\/a><\/p>\n","protected":false},"author":3,"featured_media":0,"comment_status":"open","ping_status":"open","sticky":false,"template":"","format":"standard","meta":{"inline_featured_image":false,"footnotes":""},"categories":[13],"tags":[],"coauthors":[79],"class_list":["post-3174","post","type-post","status-publish","format-standard","hentry","category-sistematico"],"_links":{"self":[{"href":"https:\/\/www.ufmg.br\/dti\/wp-json\/wp\/v2\/posts\/3174","targetHints":{"allow":["GET"]}}],"collection":[{"href":"https:\/\/www.ufmg.br\/dti\/wp-json\/wp\/v2\/posts"}],"about":[{"href":"https:\/\/www.ufmg.br\/dti\/wp-json\/wp\/v2\/types\/post"}],"author":[{"embeddable":true,"href":"https:\/\/www.ufmg.br\/dti\/wp-json\/wp\/v2\/users\/3"}],"replies":[{"embeddable":true,"href":"https:\/\/www.ufmg.br\/dti\/wp-json\/wp\/v2\/comments?post=3174"}],"version-history":[{"count":0,"href":"https:\/\/www.ufmg.br\/dti\/wp-json\/wp\/v2\/posts\/3174\/revisions"}],"wp:attachment":[{"href":"https:\/\/www.ufmg.br\/dti\/wp-json\/wp\/v2\/media?parent=3174"}],"wp:term":[{"taxonomy":"category","embeddable":true,"href":"https:\/\/www.ufmg.br\/dti\/wp-json\/wp\/v2\/categories?post=3174"},{"taxonomy":"post_tag","embeddable":true,"href":"https:\/\/www.ufmg.br\/dti\/wp-json\/wp\/v2\/tags?post=3174"},{"taxonomy":"author","embeddable":true,"href":"https:\/\/www.ufmg.br\/dti\/wp-json\/wp\/v2\/coauthors?post=3174"}],"curies":[{"name":"wp","href":"https:\/\/api.w.org\/{rel}","templated":true}]}}