{"id":3175,"date":"2004-04-29T08:00:00","date_gmt":"2004-04-29T08:00:00","guid":{"rendered":"https:\/\/www.ufmg.br\/dti\/cecom\/?p=1426"},"modified":"2004-04-29T08:00:00","modified_gmt":"2004-04-29T08:00:00","slug":"sistematico-edicao-1201-29042004","status":"publish","type":"post","link":"https:\/\/www.ufmg.br\/dti\/2004\/04\/29\/sistematico-edicao-1201-29042004\/","title":{"rendered":"Sistem\u00e1tico: Edi\u00e7\u00e3o 1201 &#8211; 29\/04\/2004"},"content":{"rendered":"<ul>\n<li><a href=\"\/dti\/#noticias\">Not\u00edcias<\/a>\n<div class='submenuSistematico'>\n<ul>\n<li><a href=\"\/dti\/#anoticias1\"><span class=\"titulo\">UFMG PROMOVE     ENCONTRO UNIVERSIA<\/span><\/a><\/li>\n<li><a href=\"\/dti\/#anoticias2\"><span class=\"titulo\">LIBERTAS     BR FAZ APRESENTA&Ccedil;&Atilde;O NA UFMG<\/span><\/a><\/li>\n<li><a href=\"\/dti\/#anoticias3\"><span class=\"titulo\">DAC CONTINUA     PROCESSO DE SIMPLIFICA&Ccedil;&Atilde;O DA INFRA-ESTRUTURA DE SERVIDORES<\/span><\/a><\/li>\n<li><a href=\"\/dti\/#anoticias4\" id=\"4\"><span class=\"titulo\">PJ     RACIONALIZA INFRA-ESTRUTURA DE TELEFONIA<\/span><\/a><\/li>\n<li><a href=\"\/dti\/#anoticias5\" id=\"5\"><span class=\"titulo\">NOVO     ESTAGI&Aacute;RIO NO CECOM<\/span><\/a><\/li>\n<\/ul>\n<\/div>\n<\/li>\n<li><a href=\"\/dti\/#informativo\">Informativo<\/a>\n<div class='submenuSistematico'>\n<ul>\n<li><a href=\"\/dti\/#ainformativo1\"><span class=\"titulo\">Genteware<\/span><br \/>     <\/a><\/li>\n<li><a href=\"\/dti\/#ainformativo2\"><span class=\"titulo\">DICAS DE     SITES INTERESSANTES<\/span><\/a><\/li>\n<li><a href=\"\/dti\/#ainformativo3\"><span class=\"titulo\">PLANT&Atilde;O     INFO<\/span><\/a><\/li>\n<li><a href=\"\/dti\/#ainformativo4\"><img loading=\"lazy\" decoding=\"async\" src=\"https:\/\/www.ufmg.br\/dti\/wp-content\/uploads\/imgs\/tudo_pixel.gif\" width=\"1\" height=\"8\" alt=\"\" border=\"0\"><br \/>    <span class=\"titulo\">H\u00e1 20 anos&#8230;<\/span><\/a><\/li>\n<\/ul>\n<\/div>\n<\/li>\n<li><a href=\"\/dti\/#eventos\">Eventos<\/a>\n<div class='submenuSistematico'>\n<ul>\n<li><a href=\"\/dti\/#aeventos1\"><span class=\"titulo\">SOCIAIS<\/span><\/a><\/li>\n<\/ul>\n<\/div>\n<\/li>\n<\/ul>\n<p> <a name='noticias'><\/a><\/p>\n<h4>Not\u00edcias<\/h4>\n<div class=\"centro-sistematico\">  <!-- noticias --> <\/p>\n<table border=\"0\" cellspacing=\"0\" cellpadding=\"0\">\n<tr>\n<td><\/td>\n<td><\/td>\n<\/tr>\n<p>  <!-- #BeginEditable \"materias\" -->   <\/p>\n<tr>\n<td align=\"LEFT\" valign=\"TOP\"><\/td>\n<td align=\"LEFT\" valign=\"TOP\"> <a name=\"anoticias1\"><span class=\"titulo\">UFMG PROMOVE     ENCONTRO UNIVERSIA<\/span><\/a> <span class=\"texto\">     <\/p>\n<p>Foi realizado hoje, dia 29, na parte da manh&atilde;, na Sala das Sess&otilde;es,      no 4o andar da Reitoria, o Encontro Universia &#8211; UFMG.<\/p>\n<p> No in&iacute;cio da reuni&atilde;o, a senhora Maria Voivodic apresentou      o portal Universia; em seguida, foram destacadas atividades em andamento      na UFMG que podem interessar a esse portal, segundo avalia&ccedil;&atilde;o      da Reitora, em seus contatos com o Universia; e, finalmente, houve um      pequeno debate com o objetivo de se identificarem maneiras de ampliar,      ainda mais, as atividades desenvolvidas em conjunto por ambas as entidades.<\/p>\n<p>As atividades em andamento, apresentadas pela UFMG, foram:<br \/>     &#8211; Atividades da Extens&atilde;o &#8211; prof. Edison Jos&eacute; Corr&ecirc;a;<br \/>     &#8211; CESPE &#8211; prof. Mauro Braga;<br \/>     &#8211; Inova &#8211; Dra. Nizete Ara&uacute;jo, da CT&amp;IT;<br \/>     &#8211; Centro Cultural &#8211; profa. Regina Helena A. Silva;<br \/>     &#8211; Projeto Portadores de Necessidades Especiais &#8211; profa. Elizabeth Spangler;      <br \/>     &#8211; Bancop &#8211; prof. Osvaldo Carvalho.<\/p>\n<p>O Universia, cujo endere&ccedil;o &eacute; <a href=\"http:\/\/www.universiabrasil.net\/\">http:\/\/www.universiabrasil.net\/<\/a>,      &eacute; um portal que procura divulgar informa&ccedil;&otilde;es para      a comunidade universit&aacute;ria e no Brasil j&aacute; s&atilde;o 60      universidades que dela fazem parte. A UFMG &eacute; fundadora do portal      e faz parte do seu Conselho Diretor.<br \/>     O portal Universia tem v&aacute;rias iniciativas com a Universidade      e uma delas &eacute; o financiamento de dois laborat&oacute;rios para      inclus&atilde;o digital, que v&atilde;o ser instalados no pr&eacute;dio      da Biblioteca Central. Esses laborat&oacute;rios ser&atilde;o inaugurados      na segunda quinzena do m&ecirc;s de maio.<\/p>\n<p>Tamb&eacute;m estiveram presentes &agrave; reuni&atilde;o o prof. M&aacute;rcio      Luiz Bunte de Carvalho, Diretor de Tecnologia da Informa&ccedil;&atilde;o,      que organizou o evento, e Carlos Alfeu Furtado da Fonseca, diretor do      CECOM.<\/p>\n<p>    <\/span> <\/td>\n<\/tr>\n<tr>\n<td align=\"LEFT\" valign=\"TOP\"><\/td>\n<td align=\"LEFT\" valign=\"TOP\"> <a name=\"anoticias2\"><span class=\"titulo\">LIBERTAS     BR FAZ APRESENTA&Ccedil;&Atilde;O NA UFMG<\/span><\/a> <span class=\"texto\">     <\/p>\n<p>Tendo em vista a dificuldade de instala&ccedil;&atilde;o do Linux,      foi criado o projeto Libertas, com o objetivo de ajudar o usu&aacute;rio      na instala&ccedil;&atilde;o e configura&ccedil;&atilde;o do software      livre em seu ambiente de trabalho. V&aacute;rios &oacute;rg&atilde;os      da administra&ccedil;&atilde;o municipal e do governo do estado j&aacute;      est&atilde;o usando o Libertas como plataforma para configura&ccedil;&atilde;o      do Linux.<\/p>\n<p>Na sexta-feira, dia 23, a equipe do projeto Libertas esteve, no ICEx,      fazendo uma apresenta&ccedil;&atilde;o, para que a ATI avalie a possibilidade      de us&aacute;-lo como padr&atilde;o em ambientes de laborat&oacute;rios      de alunos da UFMG.<\/p>\n<p>Estiveram presentes &agrave; apresenta&ccedil;&atilde;o feita pelo      prof. Wagner Meira J&uacute;nior, o Diretor de Tecnologia da Informa&ccedil;&atilde;o,      prof. M&aacute;rcio Luiz Bunte de Carvalho, o diretor do CECOM, Carlos      Alfeu Furtado da Fonseca, o diretor do LCC, prof. Osvaldo S&eacute;rgio      Farhat de Carvalho, Gilmar Lima Guimar&atilde;es, Fernando Frota Machado      de Morais, Aleixina Maria Lopes Andal&eacute;cio e Jo&atilde;o Carlos      Lages, todos do CECOM, al&eacute;m do pessoal do LCC. <\/p>\n<p>    <\/p>\n<p>    <\/span><\/td>\n<\/tr>\n<tr>\n<td align=\"LEFT\" valign=\"TOP\"><\/td>\n<td align=\"LEFT\" valign=\"TOP\"> <a name=\"anoticias3\"><span class=\"titulo\">DAC CONTINUA     PROCESSO DE SIMPLIFICA&Ccedil;&Atilde;O DA INFRA-ESTRUTURA DE SERVIDORES<\/span><\/a>     <span class=\"texto\">     <\/p>\n<p>Conforme divulgado na &uacute;ltima edi&ccedil;&atilde;o de O Sistem&aacute;tico,      o CECOM est&aacute; realizando um processo de &#8220;consolida&ccedil;&atilde;o      de servidores&#8221;, gerando uma simplifica&ccedil;&atilde;o da infra-estrutura      existente no subsolo do pr&eacute;dio da Reitoria. O objetivo &eacute;      agrupar recursos em um n&uacute;mero menor de servidores de processamento,      permitindo a redu&ccedil;&atilde;o de custos com manuten&ccedil;&atilde;o      de hardware, software e, principalmente, recursos humanos em sua administra&ccedil;&atilde;o.<\/p>\n<p>Esta semana, novos equipamentos foram desativados. Aproveitando os      ganhos de ger&ecirc;ncia obtidos com a implanta&ccedil;&atilde;o de      servi&ccedil;os de correio atrav&eacute;s do Grude, foram desativados      os antigos servidores Linux que mantinham servi&ccedil;os de correio      para a UA2 e UA3, que foram agrupados no servidor Terra. Na semana anterior      j&aacute; haviam sido desativados os servidores da Imprensa e DSG.<\/p>\n<p>Estas atividades, realizadas pela equipe da DAC, est&atilde;o a cargo      de Ant&ocirc;nio Eust&aacute;quio Rodrigues e M&aacute;rcio da Costa      Viana.<\/p>\n<p>    <\/p>\n<p>    <\/span><\/td>\n<\/tr>\n<tr>\n<td align=\"LEFT\" valign=\"TOP\"><\/td>\n<td align=\"LEFT\" valign=\"TOP\"> <a name=\"anoticias4\" id=\"4\"><span class=\"titulo\">PJ     RACIONALIZA INFRA-ESTRUTURA DE TELEFONIA<\/span><\/a> <span class=\"texto\">     <\/p>\n<p>Em mais uma a&ccedil;&atilde;o visando racionalizar o uso dos servi&ccedil;os      de telefonia, o que resultar&aacute; tamb&eacute;m em economia de recursos      financeiros e maior possibilidade de administra&ccedil;&atilde;o de      recursos, o CECOM e a PJ modificaram a infra-estrutura telef&ocirc;nica      que atende &agrave; unidade da PJ existente na Faculdade de Direito.<\/p>\n<p>Os ramais existentes, que eram atendidas at&eacute; ent&atilde;o por      uma pequena central PABX, alimentada por 4 linhas diretas da Telemar,      foram substitu&iacute;dos por ramais da central telef&ocirc;nica existente      na Faculdade de Direito, que &eacute; administrada pelo Centro de Computa&ccedil;&atilde;o.      Essa modifica&ccedil;&atilde;o eliminar&aacute; custos relacionados      &agrave; assinatura das linhas usadas pela PJ, &agrave; tarifa&ccedil;&atilde;o      das liga&ccedil;&otilde;es internas &agrave; Faculdade, que s&atilde;o      gratuitas, e permitir&aacute; a implanta&ccedil;&atilde;o de maior controle      de recursos de cada ramal.<\/p>\n<p>A pequena central, que foi desativada, ser&aacute; transferida para      o Teatro Universit&aacute;rio, aonde organizar&aacute; as 7 linhas Telemar      atualmente existentes, reduzindo-as para talvez 3 linhas, e permitindo      a distribui&ccedil;&atilde;o interna de ramais. Neste caso, n&atilde;o      ser&aacute; poss&iacute;vel obter ganhos de controle de recursos de      cada ramal. Entretanto, ser&atilde;o reduzidos os custos relacionados      &agrave; assinatura das linhas e eliminados os gastos com liga&ccedil;&otilde;es      entre ramais do TU. Esta etapa ser&aacute; iniciada no m&ecirc;s de      maio. <\/p>\n<p>Todas estas tarefas est&atilde;o a cargo da equipe da DRC.<\/p>\n<p>    <\/p>\n<p>    <\/span><\/td>\n<\/tr>\n<tr>\n<td align=\"LEFT\" valign=\"TOP\"><\/td>\n<td align=\"LEFT\" valign=\"TOP\"> <a name=\"anoticias5\" id=\"5\"><span class=\"titulo\">NOVO     ESTAGI&Aacute;RIO NO CECOM<\/span><\/a> <span class=\"texto\">     <\/p>\n<p>O CECOM est&aacute; contando com mais um estagi&aacute;rio em seu quadro.      Trata-se de Juliano Dantas Santos, aluno do curso de Ci&ecirc;ncia da      Computa&ccedil;&atilde;o da UFMG.<br \/>     Juliano est&aacute; lotado na DAC &#8211; Divis&atilde;o de Atendimento e      Consultoria desde o dia 22 de abril.<\/p>\n<p align=\"center\"><img loading=\"lazy\" decoding=\"async\" src=\"https:\/\/www.ufmg.br\/dti\/wp-content\/uploads\/fotos\/Juliano20040427_01_cor.jpg\" width=\"250\" height=\"274\"><\/p>\n<p>    <\/p>\n<p>    <\/span><\/td>\n<\/tr>\n<p>  <!-- #EndEditable -->  <\/table>\n<p> <!-- fim noticias --><\/div>\n<p><a name='informativo'><\/a><\/p>\n<h4>Informativo<\/h4>\n<div class=\"centro-sistematico\">  <!-- noticias --> <\/p>\n<table border=\"0\" cellspacing=\"0\" cellpadding=\"0\">\n<tr>\n<td><\/td>\n<td><\/td>\n<\/tr>\n<p>  <!-- #BeginEditable \"materias\" -->   <\/p>\n<tr>\n<td align=\"LEFT\" valign=\"TOP\"><\/td>\n<td align=\"LEFT\" valign=\"TOP\">\n<p><a name=\"ainformativo1\"><span class=\"titulo\">Genteware<\/span><br \/>     <\/a> <img loading=\"lazy\" decoding=\"async\" src=\"https:\/\/www.ufmg.br\/dti\/wp-content\/uploads\/imgs\/tudo_pixel.gif\" width=\"1\" height=\"20\" alt=\"\" border=\"0\"><br \/>     <span class=\"texto\"> <img loading=\"lazy\" decoding=\"async\" src=\"https:\/\/www.ufmg.br\/dti\/wp-content\/uploads\/fotos\/Aeda20040427_01_cor.jpg\" width=\"300\" height=\"281\" alt=\"\" border=\"0\" hspace=\"0\" vspace=\"0\" align=\"left\"><img loading=\"lazy\" decoding=\"async\" src=\"https:\/\/www.ufmg.br\/dti\/wp-content\/uploads\/imgs\/tudo_pixel.gif\" width=\"20\" height=\"281\" alt=\"\" border=\"0\" hspace=\"0\" vspace=\"0\" align=\"left\">Apesar      de ocupar uma fun&ccedil;&atilde;o em que tem que falar muito e com      muitas pessoas, ela &eacute; calada. Muito s&eacute;ria, discreta, &eacute;      dif&iacute;cil conseguir arrancar um sorriso dela. Mas, se conversar      um pouquinho, ela sorri. A entrevistada da semana &eacute; Maria Aeda      Viveiros, telefonista, lotada na DAA &#8211; Divis&atilde;o de Apoio Administrativo,      e que se mostrou muito t&iacute;mida ao ser convidada pelo Sistem&aacute;tico.<br \/>     <\/span><\/p>\n<p><span class=\"texto\"><strong>SIST: Quando entrou para a UFMG? Por que      escolheu a fun&ccedil;&atilde;o de Telefonista?<\/strong><br \/>     <strong>AEDA:<\/strong> Fiz o concurso p&uacute;blico para a UFMG no      final de 1989 e comecei a trabalhar em janeiro de 1990. Escolhi a fun&ccedil;&atilde;o      de telefonista por causa da carga hor&aacute;ria, que &eacute; de 30      horas semanais. Com meio per&iacute;odo livre, posso me dedicar a outras      atividades.<\/span><\/p>\n<p><span class=\"texto\"><strong>SIST: Quem entrou junto com voc&ecirc;?      J&aacute; conhecia algu&eacute;m que trabalhava na UFMG?<br \/>     AEDA:<\/strong> Junto comigo entraram a Edir, que tamb&eacute;m &eacute;      do CECOM, a Vilma, que atualmente est&aacute; no Gabinete, a Jusssara,      hoje lotada no CP, e a Karen, da Faculdade de Farm&aacute;cia. Quando      entrei, n&atilde;o conhecia ningu&eacute;m que trabalhasse aqui.<\/span><\/p>\n<p><span class=\"texto\"><strong>SIST: Como era a equipe de Telefonistas?<br \/>     AEDA:<\/strong> N&oacute;s &eacute;ramos 12 telefonistas e trabalh&aacute;vamos      no subsolo da Reitoria. Est&aacute;vamos lotadas no DM. A equipe se      dava muito bem, e sentimos muito quando tivemos que nos separar.<\/span><\/p>\n<p><span class=\"texto\"><strong>SIST: Como e quando veio para o CECOM?<br \/>     AEDA:<\/strong> Vim para o CECOM em setembro do ano passado, logo que      foi reativada a Central Telef&ocirc;nica da UFMG.<\/span><\/p>\n<p><span class=\"texto\"><strong>SIST: Qual foi a sua primeira impress&atilde;o      do CECOM?<br \/>     AEDA:<\/strong> A primeira impress&atilde;o que tive do CECOM foi de      uma equipe unida. Esta impress&atilde;o ainda perdura.<\/span><\/p>\n<p><span class=\"texto\"><strong>SIST: Como &eacute; a equipe de Telefonistas      do CECOM? O trabalho continua o mesmo?<br \/>     AEDA:<\/strong> A equipe de telefonistas do CECOM &eacute; formada por      pessoas que trabalham juntas h&aacute; mais de 10 anos. Por este motivo,      nos tornamos um pouco irm&atilde;s. E n&atilde;o faz diferen&ccedil;a      se eu e a Cristina trabalhamos de manh&atilde; e a Selma e a Diva trabalham      &agrave; tarde, a amizade &eacute; a mesma. Quanto ao tabalho em si,      este tem sofrido algumas mudan&ccedil;as para melhor. O CECOM tem nos      dado condi&ccedil;&otilde;es de melhor informar &agrave; comunidade,      e isso &eacute; importante.<\/span><\/p>\n<p><span class=\"texto\"><strong>SIST: O que &eacute; ser uma telefonista      na UFMG?<br \/>     AEDA:<\/strong> O trabalho de uma telefonista &eacute; desgastante n&atilde;o      s&oacute; na UFMG como em qualquer outro lugar. N&atilde;o faz diferen&ccedil;a.      Estamos lidando com o p&uacute;blico e isto &eacute; muito complicado.      Muitas pessoas s&oacute; tiram suas m&aacute;scaras quando est&atilde;o      do outro lado da linha. Por isto, temos que atender arrogantes, desesperados,      mal educados etc. Em compensa&ccedil;&atilde;o, do outro lado da linha      tamb&eacute;m existem pessoas educad&iacute;ssimas. E o interessante      que pudemos notar ao longo destes anos (creio que falo tamb&eacute;m      por minhas colegas), &eacute; que aqueles aos quais chamam de &#8220;classe      baixa&#8221; , s&atilde;o os mais educados. Da&iacute;, entende-se que      educa&ccedil;&atilde;o se recebe em casa, na fam&iacute;lia. Ela independe      da situa&ccedil;&atilde;o financeira ou grau de escolaridade.<\/span><\/p>\n<p><span class=\"texto\"><strong>SIST: Quando veio para o CECOM, voc&ecirc;      fez alguns cursos de computa&ccedil;&atilde;o. Quais foram? Pretende      fazer mais cursos?<br \/>     AEDA:<\/strong> Depois que entrei para o CECOM fiz o curso de PowerPoint,      que tem me ajudado bastante. Pretendo fazer outros cursos, assim que      surgir a oprtunidade. <\/span><\/p>\n<p><span class=\"texto\"><strong>SIST: O que esperava quando veio para o      CECOM?<br \/>     AEDA:<\/strong> Esperava trabalhar em paz. E estou trabalhando em paz.<\/span><\/p>\n<p><span class=\"texto\"><strong>SIST: Voc&ecirc; se adaptou facilmente?      Como &eacute; o seu relacionamento com a equipe do CECOM?<br \/>     AEDA:<\/strong> Sim. Adaptei-me facilmente. Meu relacionamento com a      equipe do CECOM, apesar de ainda n&atilde;o ter conversado com todos,      &eacute; muito bom. Ali&aacute;s, &eacute; f&aacute;cil ter um bom relacionamento      no CECOM. A julgar pelo semblante, todos aqui parecem ser boa gente.      E olha, a pessoa que n&atilde;o &eacute; &#8220;boa pra&ccedil;a&#8221;      , seu semblante o denuncia, porque o rosto corresponde ao que est&aacute;      dentro do cora&ccedil;&atilde;o.<\/span><\/p>\n<p><span class=\"texto\"><strong>SIST: Saindo um pouco do trabalho, vamos      falar sobre voc&ecirc;. Quem &eacute; Aeda? Fale tamb&eacute;m sobre      sua fam&iacute;lia.<br \/>     AEDA:<\/strong> A Aeda &eacute; a sexta filha de uma fam&iacute;lia de      10 irm&atilde;os, sendo cinco homens e cinco mulheres. O meu pai, Jesus      j&aacute; tomou para si. A minha m&atilde;e mora no interior, numa cidade      muita tranq&uuml;ila, que &eacute; Santo Hip&oacute;lito, perto de Corinto,      onde nasci. Os meus irm&atilde;os s&atilde;o todos casados e oito deles      moram aqui. Somos muito unidos e sempre que podemos nos encontramos      no final de semana para um churrasco.<br \/>     Quanto a mim, acho que me definiria da seguinte forma: muito calada      (sou adepta do Prov&eacute;rbio que diz: &#8220;o calar &eacute; ouro      e o falar &eacute; prata&#8221;), esteta e com tend&ecirc;ncia ao perfeccionismo.      Apesar de todos me acharem calma, confesso que n&atilde;o sou (falo      isto para vergonha minha). Enfm, um temperamento fleum&aacute;tico com      resqu&iacute;cios do melanc&oacute;lico e do col&eacute;rico, dominado      por Deus.<\/span><\/p>\n<p><span class=\"texto\"><strong>SIST: Coisas que gosta. Coisas que gosta      de fazer fora do seu hor&aacute;rio de trabalho.<br \/>     AEDA:<\/strong> Sou evang&eacute;lica e fora do meu hor&aacute;rio de      trabalho gosto de dar aulas e lidar com crian&ccedil;as. Sou professora      e diretora de um Semin&aacute;rio B&iacute;blico em Belo Horizonte e      outro em Matozinhos. Neles, leciono Hermen&ecirc;utica B&iacute;blica,      Hist&oacute;ria de Israel, Geografia B&iacute;blica, Hist&oacute;ria      da Reforma da Igreja Crist&atilde; dentre outras. Coordeno tamb&eacute;m      equipes de trabalho com crian&ccedil;as e adolescentes. Temos um semin&aacute;rio      infantil, onde as crian&ccedil;as aprendem a Palavra de Deus, na sua      linguagem. Ali, tentamos juntos com Jesus, resgatar os valores perdidos      ou trocados, principalmente os familiares.<br \/>     Quando sobra tempo, vou &agrave; minha estufa, em Vespasiano, onde produzo      cogumelos medicinais. Atualmente, meu irm&atilde;o cuida de tudo para      mim. <\/span><\/p>\n<p><span class=\"texto\"><strong>SIST: O que pretende fazer no futuro?<br \/>     AEDA:<\/strong> Em outubro, iria estudar Geografia B&iacute;blica em      Israel durante um m&ecirc;s. Este projeto teve que ser adiado por causa      da Intifada. A maioria das aulas seriam ministradas em terrrit&oacute;rios      palestinos, o que seria um risco devido &agrave; atual situa&ccedil;&atilde;o      na regi&atilde;o (os palestinos n&atilde;o s&atilde;o os riscos e sim,      os terroristas). Mas, o projeto foi apenas adiado, n&atilde;o cancelado.      Creio que breve estarei indo para l&aacute;, t&atilde;o logo Deus permita.<\/span><\/p>\n<p><span class=\"texto\"><strong>SIST: Tem alguma coisa para dizer para      todos do CECOM?<br \/>     AEDA:<\/strong> Que o Senhor Jesus aben&ccedil;&otilde;e a vida de cada      um, e obrigada por terem me recebido t&atilde;o bem. Um abra&ccedil;o      a todos.<br \/>     Agora, todos conhecem um pouco mais a Aeda. Agradecemos pela entrevista      e pela sua simpatia. E desejamos que o seu trabalho aqui continue sendo      t&atilde;o importante quanto o seu trabalho l&aacute; fora.<\/span><\/p>\n<p><span class=\"texto\"><br \/>     <\/span>    <\/p>\n<\/td>\n<\/tr>\n<tr>\n<td align=\"LEFT\" valign=\"TOP\"><\/td>\n<td align=\"LEFT\" valign=\"TOP\"><a name=\"ainformativo2\"><span class=\"titulo\">DICAS DE     SITES INTERESSANTES<\/span><\/a><span class=\"texto\">     <\/p>\n<p>Adyr, o ca&ccedil;ador de sites, enviou as seguintes dicas:<br \/>     &#8211; Normalmente, temos que comprar alguma edi&ccedil;&atilde;o de revista      fora do pa&iacute;s para saber das coisas dos grandes classicos do cinema      americano. Agora, ficou mais f&aacute;cil. Na p&aacute;gina &#8220;ReelClassics&#8221;      (<a href=\"http:\/\/www.reelclassics.com\/\">http:\/\/www.reelclassics.com\/<\/a>),      voc&ecirc; fica por dentro de tudo, al&eacute;m de ouvir di&aacute;logos      dos cl&aacute;ssicos, trechos de m&uacute;sicas e os cartazes do lan&ccedil;amento      dos filmes. Quem &eacute; que n&atilde;o se lembra de CasaBlanca, Lawrence      das Arabias, entre outros? E os musicais, os atores e atrizes? Apesar      da p&aacute;gina ser em Ingl&ecirc;s, vale a pena conferir e dar uma      voltinha ao passado.<\/p>\n<p>&#8211; J&aacute; est&aacute; virando uma mania tirar fotos com c&acirc;meras      digitais. Bem, se voc&ecirc; pudesse fazer um poster seria muito legal,      n&atilde;o &eacute;? Pois bem. Agora, voc&ecirc; tira a sua foto, escolhe      o tamanho e envia para uma p&aacute;gina da Web. Ele cria um arquivo      PDF para voc&ecirc; imprimir e montar. V&aacute; at&eacute; <a href=\"http:\/\/homokaasu.org\/rasterbator\">http:\/\/homokaasu.org\/rasterbator<\/a>.      (Site em Ingl&ecirc;s)<\/p>\n<p>&#8211; Confesso que n&atilde;o sabia que macaco desenhava. Voc&ecirc; acredita      que o animal pode desenhar? E desenha. Na p&aacute;gina &#8220;great-apes&#8221;      (<a href=\"http:\/\/www.great-apes.com\/ape%20Paintings.htm\">http:\/\/www.great-apes.com\/ape      Paintings.htm<\/a>) tem pinturas feitas por macacos. (Site em Ingl&ecirc;s)<\/p>\n<p>&#8211; Com objetivo de permitir a troca de id&eacute;ias entre usu&aacute;rios,      o Linux Clube (<a href=\"http:\/\/www.linuxclube.com.br\/\">http:\/\/www.linuxclube.com.br\/<\/a>)      &eacute; onde todos podem se ajudar. H&aacute; p&aacute;ginas tutoriais,      artigos, documenta&ccedil;&atilde;o, not&iacute;cias, dicas, livros,      pap&eacute;is de parede e muito mais. Imperd&iacute;vel para quem usa      ou pensa em usar software livre.<\/p>\n<p>&#8211; Inaugurado em 1970, com a finalidade de difundir a ci&ecirc;ncia      da Astronomia, o Planet&aacute;rio (<a href=\"http:\/\/www.rio.rj.gov.br\/planetario\/\">http:\/\/www.rio.rj.gov.br\/planetario\/<\/a>)      ampliou suas instala&ccedil;&otilde;es para 12.000m2 de &aacute;rea      constru&iacute;da, a partir de setembro de 1998, com a inaugura&ccedil;&atilde;o      do Espa&ccedil;o Museu do Universo. Esta conquista deveu-se &agrave;      necessidade de atendimento a um p&uacute;blico crescente, principalmente      o escolar.<\/p>\n<p>&#8211; Ap&oacute;s os conflitos dos cintas-largas em Rond&ocirc;nia, o problema      ind&iacute;gena no Brasil volta a ser destaque no cen&aacute;rio nacional.      Todos os jornais divulgaram as not&iacute;cias. Como nada fica de fora      da Web, foi lan&ccedil;ado um portal para troca de informa&ccedil;&otilde;es      com muitos dados sobre os &iacute;ndios, como estimativas da popula&ccedil;&atilde;o      ind&iacute;gena em 1500 e hoje: <a href=\"http:\/\/www.webciencia.com\/09_indios.htm\">http:\/\/www.webciencia.com\/09_indios.htm<\/a>.<\/p>\n<p>&#8211; As riquezas minerais amaz&ocirc;nicas ainda inexploradas sempre foram      uma tenta&ccedil;&atilde;o para empresas e garimpeiros, n&atilde;o importando      se localizam-se ou n&atilde;o em reservas ind&iacute;genas. A corrida      pelo ouro, mais intensa nos anos 80 &#8211; &eacute;poca da emblem&aacute;tica      Serra Pelada, no Par&aacute; &#8211; , continua a incomodar &iacute;ndios      e moradores da floresta. Hoje, com o ouro valendo menos da metade do      que em &eacute;pocas passadas (passou de US$ 600 a on&ccedil;a para      cerca de US$ 280), outros min&eacute;rios, como diamante, ametista,      tantalita, cassiterita e mesmo argila s&atilde;o a raz&atilde;o de muitos      conflitos. Visite o endere&ccedil;o <a href=\"http:\/\/www.aesetorial.com.br\/ext\/cadernos\/mineracao\/meio8.htm\">http:\/\/www.aesetorial.com.br\/ext\/cadernos\/mineracao\/meio8.htm<\/a>.<\/p>\n<p> &#8211; Jornais e revistas j&aacute; trouxeram muitos artigos que demonstravam      atitudes brutais de ind&iacute;genas contra brancos, mais especificamente      portugueses, onde contavam as cenas chocantes da brutalidade com que      os &iacute;ndios acabaram com os brancos em s&eacute;culos passados.      Certa revista mostrava a vontade de um padre de beatificar os massacrados.      Veja isso em <a href=\"http:\/\/www.geocities.com\/Athens\/Crete\/2467\/\">http:\/\/www.geocities.com\/Athens\/Crete\/2467\/<\/a>.<\/p>\n<p>&#8211; H&aacute; cinco anos, Paulo Humberto Porto Borges desenvolve projeto      de documenta&ccedil;&atilde;o fotogr&aacute;fica junto aos povos ind&iacute;genas      Guarani que habitam o territ&oacute;rio brasileiro nos estados de S&atilde;o      Paulo, Rio de Janeiro e Mato Grosso. O objetivo deste projeto documental      &eacute; registrar e, dessa forma, preservar, ainda que apenas imageticamente,      culturas minorit&aacute;rias que encontram-se em uma intensa din&acirc;mica      de reelabora&ccedil;&atilde;o cultural e f&iacute;sica. devido ao intenso      contato com a sociedade n&atilde;o-ind&iacute;gena. Veja tudo isso em      <a href=\"http:\/\/www.highrisemarketing.com\/djweb\/historia\/\">http:\/\/www.highrisemarketing.com\/djweb\/historia\/<\/a>.<\/p>\n<p>&#8211; Dica Google: Quando fizer uma procura para resolver um problema,      inclua &#8220;re:&#8221; nos valores pesquisados. Exemplo: re: mplayer      radeom 9000 gentoo. Com isso, vamos obter as poss&iacute;veis respostas      para algumas perguntas relacionadas a este problema. (Colabora&ccedil;&atilde;o      de Leonardo S. R.)<\/p>\n<p>    <\/span> <\/td>\n<\/tr>\n<tr>\n<td align=\"LEFT\" valign=\"TOP\"><\/td>\n<td align=\"LEFT\" valign=\"TOP\"><a name=\"ainformativo3\"><span class=\"titulo\">PLANT&Atilde;O     INFO<\/span><\/a><span class=\"texto\">     <\/p>\n<p>O <strong>Plant&atilde;o Info<\/strong> divulgou as seguintes not&iacute;cias:<\/p>\n<p><strong>Para Senado, assinatura de telefone pode acabar<\/strong> (15      de abril\/2004) &#8211; A Comiss&atilde;o de Legisla&ccedil;&atilde;o Participativa      (CLP) do Senado aprovou no dia 14, a proposta para dar fim &agrave;      cobran&ccedil;a de assinatura b&aacute;sica da telefonia fixa e celular.      <br \/>     A sugest&atilde;o, de autoria da Associa&ccedil;&atilde;o Comunit&aacute;ria      de Chonin de Cima (Acocci, de Governador Valadares\/MG), modifica a Lei      Geral de Telecomunica&ccedil;&otilde;es. Segundo a Ag&ecirc;ncia Senado,      o relator da mat&eacute;ria, senador S&eacute;rgio Cabral (PMDB-RJ),      acatou a justificativa da associa&ccedil;&atilde;o de que a medida ajudar&aacute;      a manter o acesso dos usu&aacute;rios de baixa renda aos servi&ccedil;os      telef&ocirc;nicos. <br \/>     Com a altera&ccedil;&atilde;o, as operadoras do servi&ccedil;o telef&ocirc;nico      fixo comutado e dos servi&ccedil;os m&oacute;veis s&oacute; poder&atilde;o      cobrar pelo que foi efetivamente consumido pelo usu&aacute;rio &#8211; ou      seja, as chamadas feitas ou recebidas no sistema a cobrar -, ficando      vedada a cobran&ccedil;a de qualquer outro valor referente &agrave;      assinatura mensal ou taxas semelhantes. <br \/>     De acordo com a associa&ccedil;&atilde;o, &eacute; muito grande hoje      o n&uacute;mero de consumidores que ficam inadimplentes por n&atilde;o      conseguirem pagar as contas telef&ocirc;nicas, situa&ccedil;&atilde;o      que se agrava com o desemprego e o achatamento salarial. Al&eacute;m      deste motivo, disse a Acocci, as empresas cobram a assinatura b&aacute;sica      do consumidor quer ele use ou n&atilde;o o servi&ccedil;o que &eacute;      posto &agrave; sua disposi&ccedil;&atilde;o. <br \/>     Segundo a Ag&ecirc;ncia Senado, o fato de a proposta ter sido aprovada      pela Comiss&atilde;o, no entanto, ainda n&atilde;o faz com que ela se      torne efetiva. A sugest&atilde;o seguir&aacute; agora para leitura no      Plen&aacute;rio, para depois se tornar um Projeto de Lei.<\/p>\n<p><strong>GO bane obriga&ccedil;&atilde;o de provedor para banda larga<\/strong>      (16 de abril\/2004) &#8211; Desde o dia 15, os usu&aacute;rios goianos dos      servi&ccedil;os Turbo, da Brasil Telecom, e TurboNet, da GVT, n&atilde;o      est&atilde;o mais obrigados a assinar um provedor de internet para entrar      na banda larga. <br \/>     A determina&ccedil;&atilde;o do juiz federal Jesus Cris&oacute;stomo      de Almeida atende ao pedido feito pelo Procon de Goi&aacute;s, que tamb&eacute;m      solicitou que as duas operadoras fossem obrigadas a indenizar &#8220;por      danos materiais do valor j&aacute; pago, em dobro, e por danos morais&#8221;      os atuais usu&aacute;rios. <br \/>     Tanto a Brasil Telecom quanto a GVT e a Anatel contestaram os pedidos      do Procon goiano, baseando seus argumentos na Lei Geral das Telecomunica&ccedil;&otilde;es.      Mesmo assim, o juiz rejeitou as preliminares e ainda contestou a legitimidade      passiva da Anatel &#8211; que obriga as operadoras de telefonia fixa a se      manterem afastadas dos chamados servi&ccedil;os adicionais de banda      larga. <br \/>     Assim como outros ju&iacute;zes brasileiros em julgamento de casos semelhantes,      tamb&eacute;m Cris&oacute;stomo de Almeida determinou que a obrigatoriedade      de contrata&ccedil;&atilde;o de um provedor de conte&uacute;do pelo      usu&aacute;rio dos links para acesso r&aacute;pido &agrave; web constitui      venda casada de produtos. Levantou, tamb&eacute;m, o fato de ser poss&iacute;vel      entrar na banda larga sem a necessidade t&eacute;cnica de se usar um      provedor. <br \/>     Ao final do parecer, o juiz determina que Brasil Telecom e GVT n&atilde;o      s&oacute; est&atilde;o impedidas de cancelar o link de acesso caso os      usu&aacute;rios desistam de assinar um provedor como ainda devem inform&aacute;-los      sobre o fim da obrigato-riedade. A multa di&aacute;ria para o descumprimento      &eacute; de 100 mil reais. <br \/>     A &iacute;ntegra do parecer e os argumentos apresentados pelo Procon,      pelas operadoras e pela Anatel podem ser conferidos no site da Abusar.org.<\/p>\n<p><strong>Sony cria DVD de papel com tecnologia Blu-ray<\/strong> (16      de abril\/2004) &#8211; A Sony e a Toppan Printing, que &eacute; um dos maiores      nomes japoneses da &aacute;rea de impress&atilde;o, apresentaram na      quinta-feira em T&oacute;quio um DVD criado com papel. O disco usa a      tecnologia Blu-ray e tem capacidade para armazenar 25 GB de dados. <br \/>     Segundo a Toppan, o projeto come&ccedil;ou h&aacute; cerca de um ano      e 51% do disco &eacute; composto por papel. O an&uacute;ncio oficial      do disco de papel, que ainda &eacute; apenas um prot&oacute;tipo, ser&aacute;      feito na Optical Data Storage 2004, feira que acontece entre os dias      18 e 21 em Monterey (Calif&oacute;rnia). <br \/>     A tecnologia Blu-ray e sua capacidade de gravar mais de duas horas de      programa&ccedil;&atilde;o com alta resolu&ccedil;&atilde;o j&aacute;      est&atilde;o bem difundidas mundialmente. A novidade aqui fica mesmo      por conta do material aliado &agrave;s t&eacute;cnicas de impress&atilde;o.      Segundo as duas empresas, que garantem que o novo disco ter&aacute;      um excelente sistema de prote&ccedil;&atilde;o dos dados, uma das maiores      vantagens do DVD de papel &eacute; que ele poder&aacute; ser facilmente      destru&iacute;do pelo usu&aacute;rio &#8211; basta uma tesoura &#8211; e at&eacute;      mesmo reciclado, o que trar&aacute; muitos benef&iacute;cios para o      meio-ambiente. <br \/>     Sony e Toppan v&atilde;o dedicar suas pr&oacute;ximas pesquisas &agrave;      cria&ccedil;&atilde;o de um processo de produ&ccedil;&atilde;o em massa      do novo disco.<\/p>\n<p><strong>Xerox: transistor de pl&aacute;stico &eacute; quase realidade<\/strong>      (16 de abril\/2004) &#8211; A Xerox disse estar bem pr&oacute;xima de transformar      em realidade a fabrica&ccedil;&atilde;o de transistores feitos de pl&aacute;stico      ao inv&eacute;s de sil&iacute;cio, o que vai reduzir bastante o custo      do produto. <br \/>     A impress&atilde;o no pl&aacute;stico usar&aacute; um novo tipo de processo,      com a chamada &#8220;tinta semicondutora&#8221;, que usa baixas temperaturas      e pode ser realizada em ambientes abertos. Os circuitos de pl&aacute;stico,      mais leves e flex&iacute;veis que os atuais, poder&atilde;o ser usados      inicialmente em dispositivos como monitores de tev&ecirc; e de computador,      diz a Xerox. <br \/>     A pesquisa para a impress&atilde;o dos condutores e isolantes el&eacute;tricos      est&aacute; sendo desenvolvida por cientistas da Xerox no Canad&aacute;      e no PARC, em Palo Alto (Calif&oacute;rnia). O sistema, acredita a empresa,      ser&aacute; &#8220;t&atilde;o f&aacute;cil quanto imprimir jornais&#8221;.     <\/p>\n<p><strong>Telmex sobe oferta pela Embratel para US$400 mi<\/strong> (22      de abril\/2004) &#8211; A MCI e a Telmex assinaram no dia 21\/04, um acordo      que sobe de 360 milh&otilde;es para 400 milh&otilde;es de d&oacute;lares      &#8211; em dinheiro vivo &#8211; o valor de compra da Embratel. <br \/>     Mesmo assim, o montante ainda &eacute; 150 milh&otilde;es de d&oacute;lares      inferior &agrave; oferta feita pelo Calais Participa&ccedil;&otilde;es,      cons&oacute;rcio que re&uacute;ne as tr&ecirc;s principais operadoras      brasileiras. <br \/>     O acordo entre Telmex e MCI inclui o pagamento antecipado de 50 milh&otilde;es      de d&oacute;lares, quantia n&atilde;o reembols&aacute;vel se o neg&oacute;cio      n&atilde;o for aprovado pela justi&ccedil;a americana, pela Anatel e      pelo Cade. Os honor&aacute;rios da transa&ccedil;&atilde;o foram definidos      em 12,2 milh&otilde;es de d&oacute;lares. <br \/>     A empresa pediu uma audi&ecirc;ncia para 26 de abril com a Corte de      Fal&ecirc;ncias de Nova York para a aprova&ccedil;&atilde;o dos honor&aacute;rios      estipulados. No dia seguinte, dia 27, a Corte de Fal&ecirc;ncias decide      se aprova ou n&atilde;o a venda da Embratel para a Telmex.<\/p>\n<p>    <\/span><\/td>\n<\/tr>\n<p>  <!-- #EndEditable -->  <\/table>\n<p> <!-- fim noticias --> <!-- tabela ha 20 anos --> <\/p>\n<table border=\"0\" cellspacing=\"0\" cellpadding=\"0\" class=\"cinza\">\n<tr>\n<td><img loading=\"lazy\" decoding=\"async\" src=\"https:\/\/www.ufmg.br\/dti\/wp-content\/uploads\/imgs\/tudo_pixel.gif\" width=\"1\" height=\"1\" alt=\"\" border=\"0\"><\/td>\n<td><img loading=\"lazy\" decoding=\"async\" src=\"https:\/\/www.ufmg.br\/dti\/wp-content\/uploads\/imgs\/tudo_pixel.gif\" width=\"19\" height=\"1\" alt=\"\" border=\"0\"><\/td>\n<td><img loading=\"lazy\" decoding=\"async\" src=\"https:\/\/www.ufmg.br\/dti\/wp-content\/uploads\/imgs\/tudo_pixel.gif\" width=\"510\" height=\"1\" alt=\"\" border=\"0\"><\/td>\n<td><img loading=\"lazy\" decoding=\"async\" src=\"https:\/\/www.ufmg.br\/dti\/wp-content\/uploads\/imgs\/tudo_pixel.gif\" width=\"19\" height=\"1\" alt=\"\" border=\"0\"><\/td>\n<td><img loading=\"lazy\" decoding=\"async\" src=\"https:\/\/www.ufmg.br\/dti\/wp-content\/uploads\/imgs\/tudo_pixel.gif\" width=\"1\" height=\"1\" alt=\"\" border=\"0\"><\/td>\n<\/tr>\n<tr>\n<td class=\"vermelho\" colspan=\"5\"><img loading=\"lazy\" decoding=\"async\" src=\"https:\/\/www.ufmg.br\/dti\/wp-content\/uploads\/imgs\/tudo_pixel.gif\" width=\"1\" height=\"1\" alt=\"\" border=\"0\"><\/td>\n<\/tr>\n<tr>\n<td class=\"vermelho\"><img loading=\"lazy\" decoding=\"async\" src=\"https:\/\/www.ufmg.br\/dti\/wp-content\/uploads\/imgs\/tudo_pixel.gif\" width=\"1\" height=\"1\" alt=\"\" border=\"0\"><\/td>\n<td><img loading=\"lazy\" decoding=\"async\" src=\"https:\/\/www.ufmg.br\/dti\/wp-content\/uploads\/imgs\/tudo_pixel.gif\" width=\"1\" height=\"1\" alt=\"\" border=\"0\"><\/td>\n<td align=\"LEFT\" valign=\"TOP\"><!-- #BeginEditable \"ha%2020%20anos\" --><a name=\"ainformativo4\"><img loading=\"lazy\" decoding=\"async\" src=\"https:\/\/www.ufmg.br\/dti\/wp-content\/uploads\/imgs\/tudo_pixel.gif\" width=\"1\" height=\"8\" alt=\"\" border=\"0\"><br \/>    <span class=\"titulo\">H\u00e1 20 anos&#8230;<\/span><\/a> <span class=\"texto\">     <\/p>\n<p>O Sistem&aacute;tico Ano VIII, no 16, de 26\/04\/1984, publicou not&iacute;cias      sobre mudan&ccedil;as de salas no 8o andar e os cursos Opera&ccedil;&atilde;o      do Sistema Burroughs 6700, utiliza&ccedil;&atilde;o do Sistema Freq&uuml;&ecirc;ncia,      Linc, e caracter&iacute;sticas do COBOL 80 do treinamento de Microcomputadores,      entre outras. A not&iacute;cia que se destacou foi:<\/p>\n<p><strong>SISTEMA DE APURA&Ccedil;&Atilde;O DE PONTO DO CECOM<\/strong><br \/>     <font face=\"1\">Desde o m&ecirc;s de mar&ccedil;o\/84, o Setor de Servi&ccedil;os      Gerais est&aacute; contando com um novo sistema de apura&ccedil;&atilde;o      de ponto dos funcion&aacute;rios do CECOM, implementado em LPS no COBRA      305.<br \/>     O Setor agora &eacute; o &uacute;nico respons&aacute;vel pelo processamento      de todo o sistema, desde a entrada de dados (ponto e abonos) at&eacute;      a emiss&atilde;o dos relat&oacute;rios: individual, levantamento de      ocorr&ecirc;ncias e freq&uuml;&ecirc;ncia, levantamento por divis&atilde;o\/setor      e resumo geral da freq&uuml;&ecirc;ncia.<br \/>     O novo sistema permite que a apura&ccedil;&atilde;o do ponto seja realizada      em um tempo bem menor que o anterior (executado no Sistema Burroughs)      e apresenta um novo lay-out nos relat&oacute;rios.<br \/>     Al&eacute;m da apura&ccedil;&atilde;o de freq&uuml;&ecirc;ncia dos funcion&aacute;rios,      este sistema apura tamb&eacute;m a freq&uuml;&ecirc;ncia dos bolsistas      e pessoal de folha, antes n&atilde;o executados pelo antigo sistema,      sendo previsto para breve tamb&eacute;m a inclus&atilde;o do pessoal      de turno.<\/font> <\/p>\n<p>    <\/span><!-- #EndEditable --><br \/>     <img loading=\"lazy\" decoding=\"async\" src=\"https:\/\/www.ufmg.br\/dti\/wp-content\/uploads\/imgs\/tudo_pixel.gif\" width=\"1\" height=\"8\" alt=\"\" border=\"0\"><\/td>\n<td><img loading=\"lazy\" decoding=\"async\" src=\"https:\/\/www.ufmg.br\/dti\/wp-content\/uploads\/imgs\/tudo_pixel.gif\" width=\"1\" height=\"1\" alt=\"\" border=\"0\"><\/td>\n<td class=\"vermelho\"><img loading=\"lazy\" decoding=\"async\" src=\"https:\/\/www.ufmg.br\/dti\/wp-content\/uploads\/imgs\/tudo_pixel.gif\" width=\"1\" height=\"1\" alt=\"\" border=\"0\"><\/td>\n<\/tr>\n<tr>\n<td class=\"vermelho\" colspan=\"5\"><img loading=\"lazy\" decoding=\"async\" src=\"https:\/\/www.ufmg.br\/dti\/wp-content\/uploads\/imgs\/tudo_pixel.gif\" width=\"1\" height=\"1\" alt=\"\" border=\"0\"><\/td>\n<\/tr>\n<\/table>\n<p> <!-- fim tabela ha 20 anos --><\/div>\n<p><a name='eventos'><\/a><\/p>\n<h4>Eventos<\/h4>\n<div class=\"centro-sistematico\">  <!-- noticias --> <\/p>\n<table border=\"0\" cellspacing=\"0\" cellpadding=\"0\">\n<tr>\n<td><\/td>\n<td><\/td>\n<\/tr>\n<p>  <!-- #BeginEditable \"materias\" -->   <\/p>\n<tr>\n<td align=\"LEFT\" valign=\"TOP\"><\/td>\n<td align=\"LEFT\" valign=\"TOP\"> <a name=\"aeventos1\"><span class=\"titulo\">SOCIAIS<\/span><\/a><span class=\"texto\">     <\/p>\n<p><strong>ANIVERS&Aacute;RIOS:<\/strong> <em>&#8220;O Sistem&aacute;tico&#8221;      envia os parab&eacute;ns para os ex-ceconianos: Jos&eacute; Tu&eacute;des      de Resende, hoje, dia 29; Paulo Eduardo Rocha Brant, no dia 1o de maio;      S&eacute;rgio Maur&iacute;cio de Oliveira (LCC) e Paulo S&eacute;rgio      Moura Brandi, no dia 04; Iremar Nunes de Lima, Cristina Campos Brasil      da Fonseca e Reuber Luiz Neves Koury, no dia 05.<\/em><\/p>\n<p><strong>NASCIMENTO:<\/strong><em> Nasceu Jo&atilde;o V&iacute;tor, na      ter&ccedil;a-feira, dia 27, filho de Hyvelaine e Haroldo Alves. O Sistem&aacute;tico,      em nome de todos, envia as felicita&ccedil;&otilde;es.<\/em><\/p>\n<p>    <\/span><\/td>\n<\/tr>\n<p>  <!-- #EndEditable -->  <\/table>\n<p> <!-- fim noticias --><\/div>\n","protected":false},"excerpt":{"rendered":"<p>Not\u00edcias UFMG PROMOVE ENCONTRO UNIVERSIA LIBERTAS BR FAZ APRESENTA&Ccedil;&Atilde;O NA UFMG DAC CONTINUA PROCESSO DE SIMPLIFICA&Ccedil;&Atilde;O DA INFRA-ESTRUTURA DE SERVIDORES PJ RACIONALIZA INFRA-ESTRUTURA DE TELEFONIA NOVO ESTAGI&Aacute;RIO NO CECOM Informativo Genteware DICAS DE SITES INTERESSANTES PLANT&Atilde;O INFO H\u00e1 20 anos&#8230; Eventos SOCIAIS Not\u00edcias UFMG PROMOVE ENCONTRO UNIVERSIA Foi realizado hoje, dia 29, na parte da &#8230; <a title=\"Sistem\u00e1tico: Edi\u00e7\u00e3o 1201 &#8211; 29\/04\/2004\" class=\"read-more\" href=\"https:\/\/www.ufmg.br\/dti\/2004\/04\/29\/sistematico-edicao-1201-29042004\/\" aria-label=\"Read more about Sistem\u00e1tico: Edi\u00e7\u00e3o 1201 &#8211; 29\/04\/2004\">Ler mais<\/a><\/p>\n","protected":false},"author":3,"featured_media":0,"comment_status":"open","ping_status":"open","sticky":false,"template":"","format":"standard","meta":{"inline_featured_image":false,"footnotes":""},"categories":[13],"tags":[],"coauthors":[79],"class_list":["post-3175","post","type-post","status-publish","format-standard","hentry","category-sistematico"],"_links":{"self":[{"href":"https:\/\/www.ufmg.br\/dti\/wp-json\/wp\/v2\/posts\/3175","targetHints":{"allow":["GET"]}}],"collection":[{"href":"https:\/\/www.ufmg.br\/dti\/wp-json\/wp\/v2\/posts"}],"about":[{"href":"https:\/\/www.ufmg.br\/dti\/wp-json\/wp\/v2\/types\/post"}],"author":[{"embeddable":true,"href":"https:\/\/www.ufmg.br\/dti\/wp-json\/wp\/v2\/users\/3"}],"replies":[{"embeddable":true,"href":"https:\/\/www.ufmg.br\/dti\/wp-json\/wp\/v2\/comments?post=3175"}],"version-history":[{"count":0,"href":"https:\/\/www.ufmg.br\/dti\/wp-json\/wp\/v2\/posts\/3175\/revisions"}],"wp:attachment":[{"href":"https:\/\/www.ufmg.br\/dti\/wp-json\/wp\/v2\/media?parent=3175"}],"wp:term":[{"taxonomy":"category","embeddable":true,"href":"https:\/\/www.ufmg.br\/dti\/wp-json\/wp\/v2\/categories?post=3175"},{"taxonomy":"post_tag","embeddable":true,"href":"https:\/\/www.ufmg.br\/dti\/wp-json\/wp\/v2\/tags?post=3175"},{"taxonomy":"author","embeddable":true,"href":"https:\/\/www.ufmg.br\/dti\/wp-json\/wp\/v2\/coauthors?post=3175"}],"curies":[{"name":"wp","href":"https:\/\/api.w.org\/{rel}","templated":true}]}}