{"id":3181,"date":"2003-12-11T08:00:00","date_gmt":"2003-12-11T08:00:00","guid":{"rendered":"https:\/\/www.ufmg.br\/dti\/cecom\/?p=1442"},"modified":"2003-12-11T08:00:00","modified_gmt":"2003-12-11T08:00:00","slug":"sistematico-edicao-1185-11122003","status":"publish","type":"post","link":"https:\/\/www.ufmg.br\/dti\/2003\/12\/11\/sistematico-edicao-1185-11122003\/","title":{"rendered":"Sistem\u00e1tico: Edi\u00e7\u00e3o 1185 &#8211; 11\/12\/2003"},"content":{"rendered":"<ul>\n<li><a href=\"\/dti\/#noticias\">Not\u00edcias<\/a>\n<div class='submenuSistematico'>\n<ul>\n<li><a href=\"\/dti\/#anoticias1\"><span class=\"titulo\">LCC VAI     PROMOVER ENCONTRO DE REESTRUTURA&Ccedil;&Atilde;O DO GRUDE<\/span><\/a><\/li>\n<li><a href=\"\/dti\/#anoticias2\"><span class=\"titulo\">DRC PREPARA     SEGUNDA ETAPA DE ATUALIZA&Ccedil;&Atilde;O DA CENTRAL TELEF&Ocirc;NICA<\/span><\/a><\/li>\n<li><a href=\"\/dti\/#anoticias3\"><span class=\"titulo\">CECOM ENFRENTA     PROBLEMAS OPERACIONAIS NA REDE ADMINISTRATIVA<\/span><\/a><\/li>\n<li><a href=\"\/dti\/#anoticias4\"><span class=\"titulo\">DAC REFOR&Ccedil;A     EQUIPE DE ATENDIMENTO AOS USU&Aacute;RIOS<\/span><\/a><\/li>\n<li><a href=\"\/dti\/#anoticias5\"><span class=\"titulo\">INFORM&Aacute;TICA     J&Uacute;NIOR DA UFMG EMPOSSA NOVA DIRETORIA<\/span><\/a><\/li>\n<li><a href=\"\/dti\/#anoticias6\"><span class=\"titulo\">FUNCION&Aacute;RIAS     DA ATLAN CONCLUEM CURSO NO CECOM<\/span><\/a><\/li>\n<\/ul>\n<\/div>\n<\/li>\n<li><a href=\"\/dti\/#informativo\">Informativo<\/a>\n<div class='submenuSistematico'>\n<ul>\n<li><a href=\"\/dti\/#ainformativo1\"><span class=\"titulo\">DICAS      DE SITES INTERESSANTES<\/span><br \/>     <\/a><\/li>\n<li><a href=\"\/dti\/#ainformativo2\"><span class=\"titulo\">PLANT&Atilde;O     INFO<\/span><\/a><\/li>\n<li><a href=\"\/dti\/#ainformativo3\"><span class=\"titulo\">MEM&Oacute;RIA     FOTOGR&Aacute;FICA DO CECOM<\/span><\/a><\/li>\n<li><a href=\"\/dti\/#ainformativo4\"><img loading=\"lazy\" decoding=\"async\" src=\"https:\/\/www.ufmg.br\/dti\/wp-content\/uploads\/imgs\/tudo_pixel.gif\" width=\"1\" height=\"8\" alt=\"\" border=\"0\"><br \/>    <span class=\"titulo\">H\u00e1 20 anos&#8230;<\/span><\/a><\/li>\n<\/ul>\n<\/div>\n<\/li>\n<li><a href=\"\/dti\/#eventos\">Eventos<\/a>\n<div class='submenuSistematico'>\n<ul>\n<li><a href=\"\/dti\/#aeventos1\"><span class=\"titulo\">FESTA DE     NATAL DO CECOM<\/span><\/a><\/li>\n<li><a href=\"\/dti\/#aeventos2\"><span class=\"titulo\">SOCIAIS<\/span><\/a><\/li>\n<\/ul>\n<\/div>\n<\/li>\n<\/ul>\n<p> <a name='noticias'><\/a><\/p>\n<h4>Not\u00edcias<\/h4>\n<div class=\"centro-sistematico\">  <!-- noticias --> <\/p>\n<table border=\"0\" cellspacing=\"0\" cellpadding=\"0\">\n<tr>\n<td><\/td>\n<td><\/td>\n<\/tr>\n<p>  <!-- #BeginEditable \"materias\" -->   <\/p>\n<tr>\n<td align=\"LEFT\" valign=\"TOP\"><\/td>\n<td align=\"LEFT\" valign=\"TOP\"> <a name=\"anoticias1\"><span class=\"titulo\">LCC VAI     PROMOVER ENCONTRO DE REESTRUTURA&Ccedil;&Atilde;O DO GRUDE<\/span><\/a>     <span class=\"texto\">     <\/p>\n<p>O LCC estar&aacute; promovendo, no dia 19 de dezembro, um encontro      sobre as novidades do projeto de reestrutura&ccedil;&atilde;o dos servidores      remotos do Grude. O encontro ser&aacute; realizado a partir das 09:00,      no audit&oacute;rio 4 do ICEx, e ser&atilde;o mostradas as novas configura&ccedil;&otilde;es      dos servidores de e-mail das unidades remotas e propostas as datas para      as mudan&ccedil;as.<\/p>\n<p>Esta reestrutura&ccedil;&atilde;o est&aacute; sendo viabilizada com      a aplica&ccedil;&atilde;o de recursos do Projeto CTInfra 3 e visa aumentar      em qualidade e quantidade a capacidade de atendimento da infra-estrutura      do Grude.<\/p>\n<p>Estar&atilde;o presentes ao encontro todos os suportes locais de inform&aacute;tica      do Grude das unidades e departamentos da UFMG, al&eacute;m do CECOM      e LCC.<\/p>\n<p>    <\/span> <\/td>\n<\/tr>\n<tr>\n<td align=\"LEFT\" valign=\"TOP\"><\/td>\n<td align=\"LEFT\" valign=\"TOP\"> <a name=\"anoticias2\"><span class=\"titulo\">DRC PREPARA     SEGUNDA ETAPA DE ATUALIZA&Ccedil;&Atilde;O DA CENTRAL TELEF&Ocirc;NICA<\/span><\/a>     <span class=\"texto\">     <\/p>\n<p>No &uacute;ltimo s&aacute;bado, 06 de dezembro, foi executada a etapa      de instala&ccedil;&atilde;o dos itens de hardware (m&oacute;dulos e      placas) que ir&atilde;o compor o novo GS, que &eacute; o cora&ccedil;&atilde;o      do sistema de telefonia do Campus Pampulha. Tamb&eacute;m foi providenciada      a atualiza&ccedil;&atilde;o do firmware das placas existentes.<\/p>\n<p>Para que o processo seja conclu&iacute;do, resta a etapa de instala&ccedil;&atilde;o      da nova vers&atilde;o do software, que est&aacute; agendada para o pr&oacute;ximo      s&aacute;bado, dia 13 de dezembro.<\/p>\n<p>Com a conclus&atilde;o do processo de atualiza&ccedil;&atilde;o ser&aacute;      viabilizado o uso de novas tecnologias, como ramais IP, e as expans&otilde;es      que ocorrer&atilde;o com a vinda de novas unidades para o Campus Pampulha      nos pr&oacute;ximos anos. Este investimento est&aacute; sendo realizado      atrav&eacute;s de recursos de infra-estrutura previstos no projeto Campus      2000.<\/p>\n<p>As atividades est&atilde;o envolvendo t&eacute;cnicos da empresa TeleAlpha      e a equipe da DRC.<\/p>\n<p>    <\/p>\n<p>    <\/span><\/td>\n<\/tr>\n<tr>\n<td align=\"LEFT\" valign=\"TOP\"><\/td>\n<td align=\"LEFT\" valign=\"TOP\"> <a name=\"anoticias3\"><span class=\"titulo\">CECOM ENFRENTA     PROBLEMAS OPERACIONAIS NA REDE ADMINISTRATIVA<\/span><\/a> <span class=\"texto\">     <\/p>\n<p>O esquema de backup de seguran&ccedil;a dos arquivos armazenados nos      servidores que atendem &agrave; rede administrativa (Reitoria, BU, Imprensa,      CECOM, UA2 e UA3), prev&ecirc; a salva em fita de todos os arquivos      existentes, em cada um deles, durante o final de semana. <\/p>\n<p>Ao longo da semana, s&atilde;o salvos apenas os arquivos modificados      desde a &uacute;ltima salva completa, uma vez que o grande volume de      dados armazenados n&atilde;o permite uma salva completa todas as noites,      j&aacute; que s&atilde;o necess&aacute;rias cerca de 21 horas para esse      processo, que utiliza um servidor com duas unidades de fita DLT, cada      uma com capacidade de gravar at&eacute; 80 Gb em uma &uacute;nica fita.     <\/p>\n<p>No dia 2\/12, ter&ccedil;a-feira da semana passada, as duas unidades      de fita apresentaram problemas, tornando imposs&iacute;vel a salva dos      arquivos modificados. Uma das unidades foi recuperada, em car&aacute;ter      prec&aacute;rio, mas a outra precisou ser enviada para manuten&ccedil;&atilde;o.<\/p>\n<p>No dia 4\/12, quinta-feira, ocorreu um grave problema no disco principal      do servidor UA3, provocando a interrup&ccedil;&atilde;o de seu funcionamento.      Este problema pode ter ocorrido durante a forte tempestade que caiu      na Pampulha na madrugada daquele dia.<\/p>\n<p>Na tentativa de tornar o servidor dispon&iacute;vel o mais rapidamente      poss&iacute;vel, o CECOM, atrav&eacute;s da equipe t&eacute;cnica da      DAC, reinstalou nele os discos que haviam sido retirados anteriormente,      no dia 8\/11, quando havia sido feita a instala&ccedil;&atilde;o de novos      discos, com maior capacidade, uma vez que os antigos j&aacute; estavam      quase saturados. <\/p>\n<p>Para permitir o uso de arquivos mais recentes, foram copiados para      os discos reinstalados os arquivos que haviam sido alterados durante      a segunda-feira e salvos em fita na noite de 1\/12, j&aacute; que n&atilde;o      havia sido feita a salva nos dias seguintes, 02 e 03\/12, por causa do      problema ocorrido nas unidades de fita DLT.<\/p>\n<p>A seguir, foi disparada a volta de arquivos da salva geral feita na      semana anterior, dia 28\/11, mas a unidade remanescente n&atilde;o conseguiu      efetuar a leitura da fita, tornando imposs&iacute;vel sua utiliza&ccedil;&atilde;o.<\/p>\n<p>Para minimizar a perda de informa&ccedil;&otilde;es pelos usu&aacute;rios,      foi instalado, durante o final de semana e feriado, um novo disco no      servidor, com o sistema operacional e a parte de rede, para o qual foram      copiados os arquivos da salva integral do dia 21\/11 e aplicadas as modifica&ccedil;&otilde;es      feitas nos arquivos at&eacute; o dia 27\/11, bem como as modifica&ccedil;&otilde;es      feitas nos dias 1 e 5\/12. Apesar desses esfor&ccedil;os, foram perdidas      as altera&ccedil;&otilde;es ou cria&ccedil;&otilde;es de arquivos feitas      nos dias 28\/11 e 2 e 3\/12.<\/p>\n<p>Como apenas uma das unidades de fita DLT est&aacute; em uso, o que      por si s&oacute; configura um funcionamento n&atilde;o adequado, a DAC      enviar&aacute; orienta&ccedil;&atilde;o aos usu&aacute;rios para que      providenciem uma salva de seguran&ccedil;a de seus arquivos em discos      locais, at&eacute; que seja adotada uma solu&ccedil;&atilde;o definitiva      para o problema.<\/p>\n<p>    <\/span>     <\/td>\n<\/tr>\n<tr>\n<td align=\"LEFT\" valign=\"TOP\"><\/td>\n<td align=\"LEFT\" valign=\"TOP\"> <a name=\"anoticias4\"><span class=\"titulo\">DAC REFOR&Ccedil;A     EQUIPE DE ATENDIMENTO AOS USU&Aacute;RIOS<\/span><\/a> <span class=\"texto\">     <\/p>\n<p>Durante o ano de 2003, a equipe t&eacute;cnica da DAC sofreu redu&ccedil;&atilde;o      de quantitativo de seu pessoal, causada por situa&ccedil;&otilde;es      de aposentadoria, licen&ccedil;a m&eacute;dica e transfer&ecirc;ncia      interna de pessoal para refor&ccedil;o da equipe da DRC.<\/p>\n<p>Alternativas para reposi&ccedil;&atilde;o destas perdas t&ecirc;m sido      tratadas pelas Diretorias do CECOM e da Divis&atilde;o. Sejam elas viabilizadas      pela recomposi&ccedil;&atilde;o de quadros, adequa&ccedil;&otilde;es      de fun&ccedil;&otilde;es ou pela gera&ccedil;&atilde;o de novas oportunidades      para os funcion&aacute;rios atuais.<\/p>\n<p>Um passo nesse sentido foi dado com a chegada da funcion&aacute;ria      Ana Paula Fonseca de Almeida. Ela est&aacute; exercendo fun&ccedil;&otilde;es      de atendimento aos usu&aacute;rios, desde o in&iacute;cio desta semana,      passando a compor a for&ccedil;a de trabalho da Opera&ccedil;&atilde;o      de Rede, onde estar&aacute; ao lado de Gerson Edson Machado de Sousa      e M&aacute;rcia Maria Fernandes Fran&ccedil;a.<\/p>\n<p>Ana Paula estava lotada na Pr&oacute;-reitoria de Recursos Humanos      e est&aacute; na universidade desde 1991. Sua transfer&ecirc;ncia para      o CECOM foi motivada pelo seu interesse em buscar novas oportunidades      e se envolver com atividades desafiadoras.<\/p>\n<p align=\"center\"><img loading=\"lazy\" decoding=\"async\" src=\"https:\/\/www.ufmg.br\/dti\/wp-content\/uploads\/fotos\/nova02_20031209_cor.jpg\" width=\"352\" height=\"288\"><\/p>\n<p>    <\/span> <\/p>\n<p align=\"center\"><span class=\"texto\"><i><font face=\"1\">Ana Paula      na Opera&ccedil;&atilde;o de Rede<\/font><\/i><\/span><\/p>\n<p>    <\/td>\n<\/tr>\n<tr>\n<td align=\"LEFT\" valign=\"TOP\"><\/td>\n<td align=\"LEFT\" valign=\"TOP\"> <a name=\"anoticias5\"><span class=\"titulo\">INFORM&Aacute;TICA     J&Uacute;NIOR DA UFMG EMPOSSA NOVA DIRETORIA<\/span><\/a> <span class=\"texto\">     <\/p>\n<p>A posse dos novos diretores da gest&atilde;o 2003\/2004 da empresa Inform&aacute;tica      J&uacute;nior da UFMG foi ontem, dia 10, em cerim&ocirc;nia realizada      no audit&oacute;rio 3 do ICEx. O presidente da empresa, Renato Vaz de      Melo Espeschit, empossou o novo presidente eleito para o pr&oacute;ximo      bi&ecirc;nio, Renato Sacramento Horta Moreira.<\/p>\n<p>Na cerim&ocirc;nia, os ex-diretores receberam placas. Entre eles, Allan      Ibrahim Peron e Renato Vaz de Mello Espeschit.<\/p>\n<p>No CECOM, Allan e Renato continuam desenvolvendo suas atividades na      equipe t&eacute;cnica que est&aacute; construindo o novo Sistema da      P&oacute;s-Gradua&ccedil;&atilde;o.<\/p>\n<p>    <\/span>     <\/td>\n<\/tr>\n<tr>\n<td align=\"LEFT\" valign=\"TOP\"><\/td>\n<td align=\"LEFT\" valign=\"TOP\"> <a name=\"anoticias6\"><span class=\"titulo\">FUNCION&Aacute;RIAS     DA ATLAN CONCLUEM CURSO NO CECOM<\/span><\/a> <span class=\"texto\">     <\/p>\n<p>Numa iniciativa dos funcion&aacute;rios do CECOM, Eug&ecirc;nio Pacelli      Pereira de Souza, Adyr Rodrigues Nascimento, Edir Cabral de Lacerda      Ferreira e Ant&ocirc;nio Eust&aacute;quio Rodrigues, foi oferecido um      curso de Inform&aacute;tica Instrumental, no per&iacute;odo de 14 de      julho a 14 de novembro, para funcion&aacute;rias da empresa Atlan, lotadas      na Reitoria. O curso, de n&iacute;vel b&aacute;sico, ofereceu no&ccedil;&otilde;es      de Windows, Word, Excel e Internet, e seu objetivo foi dar oportunidade      a essas pessoas a ter o seu primeiro contato com a &aacute;rea. As aulas      foram realizadas no hor&aacute;rio do almo&ccedil;o, na sala de aulas      do CECOM, no subsolo.<\/p>\n<p>O curso contou com a participa&ccedil;&atilde;o de: M&aacute;rcia Cristina      da Silva, M&aacute;rcia Martins Campos, Maria Helena Rodrigues de Ara&uacute;jo,      Marlene Maria de Jesus Oliveira, Nilc&eacute;ia Alves Pessoa, Rose Meire      de Oliveira Afonso, Val&eacute;ria Elisa dos Santos e Vanessa Cristina      Dias da Silva.<\/p>\n<p>As participantes organizaram um almo&ccedil;o de comemora&ccedil;&atilde;o      de conclus&atilde;o do curso, realizado ontem, dia 10, que teve como      convidados Carlos Alfeu, Fernando Frota, Eug&ecirc;nio, Adyr, Eust&aacute;quio,      Edir, Helv&eacute;cio, Elza, Silmara (DSG) e Edson (PRA).<\/p>\n<p align=\"center\"><img loading=\"lazy\" decoding=\"async\" src=\"https:\/\/www.ufmg.br\/dti\/wp-content\/uploads\/fotos\/festalimp031210_0025_cor.JPG\" width=\"289\" height=\"243\"><\/p>\n<p align=\"center\"><span class=\"texto\"><font face=\"1\"><i>Val&eacute;ria,      Marlene e Rose Meire<\/i><\/font><\/span><\/p>\n<p align=\"center\"><img loading=\"lazy\" decoding=\"async\" src=\"https:\/\/www.ufmg.br\/dti\/wp-content\/uploads\/fotos\/festalimp031210_alterada_cor.jpg\" width=\"141\" height=\"252\"><\/p>\n<p align=\"center\"><span class=\"texto\"><font face=\"1\"><i>Maria Helena<\/i><\/font><\/span><\/p>\n<p align=\"center\"><img loading=\"lazy\" decoding=\"async\" src=\"https:\/\/www.ufmg.br\/dti\/wp-content\/uploads\/fotos\/festalimp031210_0018_cor.JPG\" width=\"155\" height=\"221\"><\/p>\n<p align=\"center\"><span class=\"texto\"> <i><font face=\"1\">M&aacute;rcia      Martins<\/font><\/i><\/span><\/p>\n<p align=\"center\"><img loading=\"lazy\" decoding=\"async\" src=\"https:\/\/www.ufmg.br\/dti\/wp-content\/uploads\/fotos\/festalimp031210_0023_cor.JPG\" width=\"232\" height=\"244\"><\/p>\n<p align=\"center\"><span class=\"texto\"><font face=\"1\"><i>Nilc&eacute;ia      e M&aacute;rcia Cristina<\/i><\/font><\/span><\/p>\n<p>    <\/span> <\/p>\n<p>    <\/p>\n<\/td>\n<\/tr>\n<p>  <!-- #EndEditable -->  <\/table>\n<p> <!-- fim noticias --><\/div>\n<p><a name='informativo'><\/a><\/p>\n<h4>Informativo<\/h4>\n<div class=\"centro-sistematico\">  <!-- noticias --> <\/p>\n<table border=\"0\" cellspacing=\"0\" cellpadding=\"0\">\n<tr>\n<td><\/td>\n<td><\/td>\n<\/tr>\n<p>  <!-- #BeginEditable \"materias\" -->   <\/p>\n<tr>\n<td align=\"LEFT\" valign=\"TOP\"><\/td>\n<td align=\"LEFT\" valign=\"TOP\">\n<p><a name=\"ainformativo1\"><span class=\"titulo\">DICAS      DE SITES INTERESSANTES<\/span><br \/>     <\/a> <span class=\"texto\">Adyrus, o ca&ccedil;ador de sites, enviou as      seguintes dicas:<\/span><\/p>\n<p><span class=\"texto\">&#8211; Quer se fazer ouvir? Compartilhe sua mensagem      com o mundo. Expresse suas esperan&ccedil;as; seus interesses, os pessoais      e os pol&iacute;ticos. Inscreva-se no projeto &#8220;<i>Al&ocirc; Mundo<\/i>&#8221;      (<a href=\"http:\/\/www.helloworldproject.com\/\">http:\/\/www.helloworldproject.com\/<\/a>)      e transforme-se em parte de uma experi&ecirc;ncia colaborativa global.      Escolha o idioma e mande a sua mensagem.<\/span><\/p>\n<p><span class=\"texto\">&#8211; Not&iacute;cias, informa&ccedil;&otilde;es quentinhas      e atualizadas voc&ecirc; encontrar&aacute; na p&aacute;gina o portal      <i>POP<\/i> (<a href=\"http:\/\/www.pop.com.br\">http:\/\/www.pop.com.br<\/a>).      Al&eacute;m disso, fechou parceria com o <i>hotels.com<\/i>, um dos maiores      de viagens e reservas, e agora passa a oferecer pacotes tur&iacute;sticos,      reservas de passagens e outras comodidades para o planejamento das f&eacute;rias.      <\/span><\/p>\n<p><span class=\"texto\">&#8211; Uma p&aacute;gina muito legal e com informa&ccedil;&otilde;es      para a galera &eacute; o canal jovem de entretenimento (<a href=\"http:\/\/www.sobrecarga.com.br\">http:\/\/www.sobrecarga.com.br<\/a>).      V&iacute;deo, DVD, shows pelo mundo da m&uacute;sica e muito mais.<\/span><\/p>\n<p><span class=\"texto\">&#8211; F&atilde;s do camundongo Mickey v&atilde;o adorar      a p&aacute;gina que a Disney preparou para celebrar os 75 anos do roedor.      <\/span><span class=\"texto\">Com <i>downloads<\/i> de v&iacute;deos, papel      de parede, jogos, grafites feitos por diversos artistas, entre outras.      Ligue o som e viage por este mundo m&aacute;gico de Walt Disney em <a href=\"http:\/\/www.disney.com.br\/mickey\">http:\/\/www.disney.com.br\/mickey<\/a>.<\/span><\/p>\n<p><span class=\"texto\">&#8211; <i>Cheque seu Cheque<\/i> (<a href=\"http:\/\/ij.ig.com.br\/chequeseucheque.html\">http:\/\/ij.ig.com.br\/chequeseucheque.html<\/a>)      para dar seguran&ccedil;a &agrave;s suas transa&ccedil;&otilde;es comerciais!      Para fazer uma consulta, os dados necess&aacute;rios sobre o cheque      s&atilde;o: CPF\/CNPJ do emitente, n&uacute;mero do banco, n&uacute;mero      da ag&ecirc;ncia, n&uacute;mero da conta corrente (incluindo o d&iacute;gito)      e n&uacute;mero do cheque (incluindo o d&iacute;gito). O servi&ccedil;o      &eacute; pago e a tabela de pre&ccedil;os consta no final da p&aacute;gina.<\/span><\/p>\n<p><span class=\"texto\">&#8211; Voc&ecirc; j&aacute; assistiu alguma competi&ccedil;&atilde;o      de Skate? Eu acho super legal e me divirto at&eacute; com aquelas manobras      radicais. Mas como todo esporte, eles tem sua pr&oacute;pria linguagem.      Clique no dicion&aacute;rio do skate em <a href=\"http:\/\/www.rioskatejam.com.br\/\">http:\/\/www.rioskatejam.com.br\/<\/a>      e aprenda tudo sobre o papo que rola. Outra coisa legal s&atilde;o as      fotos pra l&aacute; de radicais. Vale a pena conferir.<\/span><\/p>\n<p><span class=\"texto\">&#8211; O <i>Planeta Celular<\/i> (<a href=\"http:\/\/www.planetacelular.com.br\">http:\/\/www.planetacelular.com.br<\/a>)      &eacute; uma p&aacute;gina voltada para telecomunica&ccedil;&otilde;es      que est&aacute; aos poucos entrando na &aacute;rea cultural. Al&eacute;m      disso, traz dicas de como carregar o seu celular entre outras. Veja      esta: Normalmente, as baterias do aparelho que voc&ecirc; compra vem      descarregadas. &Eacute; muito importante que a primeira carga seja dada      seguindo as instru&ccedil;&otilde;es do manual do usu&aacute;rio. Quando      for recarregar a bateria, observe o tempo de cada tipo de carregador.      Depois de recarreg&aacute;-la, desligue a tomada do transformador. Se      poss&iacute;vel, ligue o carregador em um estabilizador de tens&atilde;o,      o mesmo que &eacute; usado em computadores. Uma tens&atilde;o est&aacute;vel      aumenta a vida &uacute;til do carregador e da bateria. <\/span><\/p>\n<p><span class=\"texto\">&#8211; Arrastando tra&ccedil;os de rostos tirados da      obra do pintor Picasso, voc&ecirc; pode criar formas que lembram os      quadros dele. Como o que vale &eacute; a inten&ccedil;&atilde;o, visite      o endere&ccedil;o <a href=\"http:\/\/www.mrpicassohead.com\">http:\/\/www.mrpicassohead.com<\/a>.<\/span><\/p>\n<p><span class=\"texto\"><br \/>     <\/span>    <\/p>\n<\/td>\n<\/tr>\n<tr>\n<td align=\"LEFT\" valign=\"TOP\"><\/td>\n<td align=\"LEFT\" valign=\"TOP\"><a name=\"ainformativo2\"><span class=\"titulo\">PLANT&Atilde;O     INFO<\/span><\/a> <span class=\"texto\">     <\/p>\n<p>O <b>Plant&atilde;o Info<\/b> divulgou, no in&iacute;cio de dezembro,      as seguintes not&iacute;cias:<\/p>\n<p><b>19 milh&otilde;es de isentos declararam via web<\/b> (01 de dezembro\/2003)      &#8211; At&eacute; sexta-feira, quando encerrou o prazo para a declara&ccedil;&atilde;o      de isento, 19 048 061 contribuintes mandaram seus documentos para a      Receita Federal via internet. <br \/>     No total, a Receita recebeu 55,5 milh&otilde;es de Declara&ccedil;&otilde;es      Anuais de Isento &#8211; o resultado &eacute; 15,6% maior do que o de 2002,      quando 48 milh&otilde;es de contribuintes entregaram a DAI. Mesmo assim,      a Receita anunciou que vai cancelar, no final de janeiro de 2004, oito      milh&otilde;es de CPFs de pessoas que deixaram de preencher o documento      nos anos de 2002 e 2003. <br \/>     As casas lot&eacute;ricas foram as preferidas pelos contribuintes para      a entrega do DAI &#8211; por elas, foram enviados 32,23 milh&otilde;es de      documentos, ou 58% do total. A internet aparece em segundo lugar seguida,      de longe, pelas ag&ecirc;ncias dos Correios.<\/p>\n<p><b>Pagamos R$1,02 bi com cart&atilde;o em compras online<\/b> (01 de      dezembro\/2003) &#8211; Em 2003, 85% das compras feitas na internet foram pagas      com cart&atilde;o de cr&eacute;dito, uma movimenta&ccedil;&atilde;o      de 1,02 bilh&atilde;o de reais. No total, gastamos 1,2 bilh&atilde;o      de reais na web de janeiro a novembro. <br \/>     Os n&uacute;meros, divulgados hoje (dia 1&ordm;) pela Credicard, foram      apurados pela pr&oacute;pria administradora de cart&otilde;es de cr&eacute;dito,      em conjunto com a e-Bit e o Ibope e-Ratings.com e com dados tamb&eacute;m      das sete principais emissoras de cart&otilde;es do pa&iacute;s. E se      referem apenas aos produtos de consumo, sem levar em conta autom&oacute;veis      e passagens a&eacute;reas adquiridos via internet e os leil&otilde;es      online. <br \/>     Hoje, o t&iacute;quete m&eacute;dio do internauta brasileiro &eacute;      de 245 reais, contra os 230 reais de 2002; um aumento de 7% &#8211; impulsionado      principalmente pelos eletroeletr&ocirc;nicos, na opini&atilde;o do presidente      da Credicard, Roberto Lima. &Eacute; bastante superior tamb&eacute;m      ao t&iacute;quete m&eacute;dio das compras com cart&atilde;o de cr&eacute;dito      no mundo real, que gira em torno dos 165 reais. <br \/>     O crescimento do total gasto na web &eacute; ainda maior: 33%, uma vez      que gastamos 900 milh&otilde;es de reais em compras virtuais no ano      passado. Hoje, o consumo online representa aproximadamente 1,2% do total      de transa&ccedil;&otilde;es efetuadas com cart&atilde;o de cr&eacute;dito      no pa&iacute;s; um volume total (estimado) de 82,7 bilh&otilde;es de      reais, e 0,3% do consumo efetuado no pa&iacute;s. &#8220;Hoje, a cada      100 reais gastos no pa&iacute;s, 1,2 real s&atilde;o pela internet.      Ainda &eacute; um valor pequeno, mas a taxa de crescimento &eacute;      extremamente elevada&#8221;, acredita Lima. <br \/>     Como par&acirc;metro, este ano os americanos v&atilde;o gastar 45 bilh&otilde;es      de d&oacute;lares na internet, mas este valor representa apenas 0,6%      do total de consumo nos Estados Unidos. <br \/>     Para 2003, a Credicard espera um faturamento de 14,3 bilh&otilde;es      de reais, 25% a mais do que no ano anterior &#8211; o valor leva em considera&ccedil;&atilde;o      os resultados da Credicard, da Redecard e da empresa de compensa&ccedil;&atilde;o      Orbitall. A empresa ter&aacute; ao final do ano 6,1 milh&otilde;es de      cart&otilde;es emitidos sob as bandeiras Visa, Mastercard e Diners Club,      com gasto m&eacute;dio mensal de 195,4 reais &#8211; 20% superior &agrave;      m&eacute;dia de mercado (de 165 reais\/m&ecirc;s, j&aacute; citada acima).      <br \/>     No ano que vem, a empresa conclui sua transforma&ccedil;&atilde;o em      uma institui&ccedil;&atilde;o financeira, que poder&aacute; oferecer      servi&ccedil;os ligados ao cart&atilde;o &#8211; como, por exemplo, t&iacute;tulos      de capitaliza&ccedil;&atilde;o, seguros, concess&atilde;o de cr&eacute;dito      pessoal e cr&eacute;dito direto ao consumidor e empr&eacute;stimo parcelado      a pequenos e m&eacute;dios estabelecimentos, entre outros. N&atilde;o      est&aacute; nos planos da Credicard, no entanto, a abertura de ag&ecirc;ncias.<\/p>\n<p><b>Embratel faz planos para banda larga via V&eacute;sper<\/b> (03 de      dezembro\/2003) &#8211; A Embratel anunciou que a aquisi&ccedil;&atilde;o da      V&eacute;sper vai acelerar seus planos para oferecer telefonia local      e servi&ccedil;os de acesso a internet em banda larga nas regi&otilde;es      onde a operadora atua. <br \/>     O que significar&aacute; uma alternativa para as tecnologias ADSL, cabo,      r&aacute;dio e Wi-Fi para os internautas de S&atilde;o Paulo e do Norte      e Nordeste do pa&iacute;s. A cobertura da V&eacute;sper abrange, ao      todo, 17 estados. <br \/>     Em comunicado, a Embratel afirma que ter&aacute; condi&ccedil;&otilde;es      de &#8220;aumentar, economicamente, o escopo de seus servi&ccedil;os      locais provendo linhas individuais para pequenas empresas e clientes      residenciais&#8221;. Diz tamb&eacute;m que pretende fazer investimentos      na rede CDMA da V&eacute;sper em v&aacute;rias cidades brasileiras para      a oferta de banda larga e outras solu&ccedil;&otilde;es de voz e dados.      <br \/>     Segundo a Embratel, a receita da V&eacute;sper neste ano de 2003 ser&aacute;      de 400 milh&otilde;es de reais.<\/p>\n<p><b>Windows 98 e Office 2000 somem de vez no dia 15<\/b> (08 de dezembro\/2003)      &#8211; A Microsoft vai dar um fim definitivo em uma s&eacute;rie de produtos      antigos na pr&oacute;xima segunda-feira, dia 15. A lista inclui o Windows      98, o Office 2000, o SQL Server 7 e o NT Workstation, entre outros.      <br \/>     Estes produtos s&atilde;o os que vinham com a m&aacute;quina virtual      Java j&aacute; instalada. Como a Sun proibiu judicialmente, em 2001,      a Microsoft de oferecer qualquer tipo de atualiza&ccedil;&atilde;o para      o plug-in, as vers&otilde;es mais recentes dos programas da companhia      n&atilde;o trazem o recurso, que deve ser baixado na web pelo usu&aacute;rio      em outros sites (como no da pr&oacute;pria Sun, por exemplo) caso de      necessidade. <br \/>     Em outubro passado, a Microsoft soltou um comunicado dizendo que o suporte      ao Java Virtual Machine seria mantido, por um acordo entre as duas companhias,      at&eacute; o final de setembro de 2004. Mesmo assim, a empresa optou      por oferecer j&aacute; um programa de migra&ccedil;&atilde;o para vers&otilde;es      mais recentes aos usu&aacute;rios. O que significa que, a partir do      pr&oacute;ximo dia 15 (a data foi divulgada em sites como o TheRegister      e o MSNBC) n&atilde;o ser&aacute; liberado mais nenhum download de atualiza&ccedil;&atilde;o      e\/ou corre&ccedil;&atilde;o para os produtos citados no come&ccedil;o      do texto &#8211; que, a prop&oacute;sito, n&atilde;o fazem mais parte do portf&oacute;lio      de programas &agrave; venda da empresa. <br \/>     O link para o programa de migra&ccedil;&atilde;o da Microsoft &eacute;      www.microsoft.com\/mscorp\/java.<\/p>\n<p>    <\/span> <\/td>\n<\/tr>\n<tr>\n<td align=\"LEFT\" valign=\"TOP\"><\/td>\n<td align=\"LEFT\" valign=\"TOP\"><a name=\"ainformativo3\"><span class=\"titulo\">MEM&Oacute;RIA     FOTOGR&Aacute;FICA DO CECOM<\/span><\/a> <span class=\"texto\">     <\/p>\n<p>Encerrando a publica&ccedil;&atilde;o de fotos do evento comemorativo      da edi&ccedil;&atilde;o 1000 de <i>O Sistem&aacute;tico<\/i>, mais alguns      momentos do encontro de ceconianos e ex-ceconianos no dia 03 de setembro      de 1999.<\/p>\n<p>As fotos s&atilde;o de autoria de Renato Righi.<\/p>\n<p>No pr&oacute;ximo ano, a Reda&ccedil;&atilde;o de <i>O Sistem&aacute;tico<\/i>      aguarda a colabora&ccedil;&atilde;o de todos com o empr&eacute;stimo      de fotos antigas tiradas no CECOM.<\/p>\n<p><img loading=\"lazy\" decoding=\"async\" src=\"\/dti\/fotos\/FestaCecomSist1999_09.jpg\" width=\"530\" height=\"340\"><\/p>\n<p align=\"center\"><font face=\"1\"><i>Carlos Alfeu, Mari&acirc;ngela, Xina      e Marcelo<\/i><\/font><\/p>\n<p><img loading=\"lazy\" decoding=\"async\" src=\"\/dti\/fotos\/FestaCecomSist1999_08.jpg\" width=\"530\" height=\"358\"><\/p>\n<p align=\"center\"><font face=\"1\"><i>Lel&eacute; e Carlos Alfeu. Ao fundo:      Xina e Mari&acirc;ngela.<\/i><\/font><\/p>\n<p><img loading=\"lazy\" decoding=\"async\" src=\"\/dti\/fotos\/FestaCecomSist1999_10.jpg\" width=\"530\" height=\"355\"><\/p>\n<p align=\"center\"><font face=\"1\"><i>Lindaura, Jader Santos e Paulo C&eacute;sar<\/i><\/font><\/p>\n<p><img loading=\"lazy\" decoding=\"async\" src=\"\/dti\/fotos\/FestaCecomSist1999_12.jpg\" width=\"530\" height=\"354\"><\/p>\n<p align=\"center\"><font face=\"1\"><i>Le&atilde;o, Izilda e prof. Clarindo<\/i><\/font><\/p>\n<p><img loading=\"lazy\" decoding=\"async\" src=\"\/dti\/fotos\/FestaCecomSist1999_14.jpg\" width=\"530\" height=\"332\"><\/p>\n<p align=\"center\"><font face=\"1\"><i>Ism&ecirc;nia conversando com Paulo      Marciano, Bessa e Laura<\/i><\/font><\/p>\n<p><img loading=\"lazy\" decoding=\"async\" src=\"\/dti\/fotos\/FestaCecomSist1999_15.jpg\" width=\"530\" height=\"405\"><\/p>\n<p align=\"center\"><font face=\"1\"><i>Iremar e Alri<\/i><\/font><\/p>\n<p>    <\/span> <\/td>\n<\/tr>\n<p>  <!-- #EndEditable -->  <\/table>\n<p> <!-- fim noticias --> <!-- tabela ha 20 anos --> <\/p>\n<table border=\"0\" cellspacing=\"0\" cellpadding=\"0\" class=\"cinza\">\n<tr>\n<td><img loading=\"lazy\" decoding=\"async\" src=\"https:\/\/www.ufmg.br\/dti\/wp-content\/uploads\/imgs\/tudo_pixel.gif\" width=\"1\" height=\"1\" alt=\"\" border=\"0\"><\/td>\n<td><img loading=\"lazy\" decoding=\"async\" src=\"https:\/\/www.ufmg.br\/dti\/wp-content\/uploads\/imgs\/tudo_pixel.gif\" width=\"19\" height=\"1\" alt=\"\" border=\"0\"><\/td>\n<td><img loading=\"lazy\" decoding=\"async\" src=\"https:\/\/www.ufmg.br\/dti\/wp-content\/uploads\/imgs\/tudo_pixel.gif\" width=\"510\" height=\"1\" alt=\"\" border=\"0\"><\/td>\n<td><img loading=\"lazy\" decoding=\"async\" src=\"https:\/\/www.ufmg.br\/dti\/wp-content\/uploads\/imgs\/tudo_pixel.gif\" width=\"19\" height=\"1\" alt=\"\" border=\"0\"><\/td>\n<td><img loading=\"lazy\" decoding=\"async\" src=\"https:\/\/www.ufmg.br\/dti\/wp-content\/uploads\/imgs\/tudo_pixel.gif\" width=\"1\" height=\"1\" alt=\"\" border=\"0\"><\/td>\n<\/tr>\n<tr>\n<td class=\"vermelho\" colspan=\"5\"><img loading=\"lazy\" decoding=\"async\" src=\"https:\/\/www.ufmg.br\/dti\/wp-content\/uploads\/imgs\/tudo_pixel.gif\" width=\"1\" height=\"1\" alt=\"\" border=\"0\"><\/td>\n<\/tr>\n<tr>\n<td class=\"vermelho\"><img loading=\"lazy\" decoding=\"async\" src=\"https:\/\/www.ufmg.br\/dti\/wp-content\/uploads\/imgs\/tudo_pixel.gif\" width=\"1\" height=\"1\" alt=\"\" border=\"0\"><\/td>\n<td><img loading=\"lazy\" decoding=\"async\" src=\"https:\/\/www.ufmg.br\/dti\/wp-content\/uploads\/imgs\/tudo_pixel.gif\" width=\"1\" height=\"1\" alt=\"\" border=\"0\"><\/td>\n<td align=\"LEFT\" valign=\"TOP\"><!-- #BeginEditable \"ha%2020%20anos\" --><a name=\"ainformativo4\"><img loading=\"lazy\" decoding=\"async\" src=\"https:\/\/www.ufmg.br\/dti\/wp-content\/uploads\/imgs\/tudo_pixel.gif\" width=\"1\" height=\"8\" alt=\"\" border=\"0\"><br \/>    <span class=\"titulo\">H\u00e1 20 anos&#8230;<\/span><\/a> <span class=\"texto\">     <\/p>\n<p>O Sistem&aacute;tico Ano VII, no. 46, de 16\/12\/1983, publicou not&iacute;cias      sobre a participa&ccedil;&atilde;o de funcion&aacute;rios do CECOM no      curso de MUMPS, oferecido pela SISCO em BH, apura&ccedil;&atilde;o do      vestibular do Col&eacute;gio T&eacute;cnico, nova distribui&ccedil;&atilde;o      de telefones no CECOM, Festa de Natal do CECOM, inscri&ccedil;&otilde;es      na Creche da UFMG, entrevista de Romildo Monte na se&ccedil;&atilde;o      &#8220;<i>Um Pouco de N&oacute;s<\/i>&#8221;, entre outras.<\/p>\n<\/p>\n<p>    <\/span><!-- #EndEditable --><br \/> <img loading=\"lazy\" decoding=\"async\" src=\"https:\/\/www.ufmg.br\/dti\/wp-content\/uploads\/imgs\/tudo_pixel.gif\" width=\"1\" height=\"8\" alt=\"\" border=\"0\">    <\/td>\n<td><img loading=\"lazy\" decoding=\"async\" src=\"https:\/\/www.ufmg.br\/dti\/wp-content\/uploads\/imgs\/tudo_pixel.gif\" width=\"1\" height=\"1\" alt=\"\" border=\"0\"><\/td>\n<td class=\"vermelho\"><img loading=\"lazy\" decoding=\"async\" src=\"https:\/\/www.ufmg.br\/dti\/wp-content\/uploads\/imgs\/tudo_pixel.gif\" width=\"1\" height=\"1\" alt=\"\" border=\"0\"><\/td>\n<\/tr>\n<tr>\n<td class=\"vermelho\" colspan=\"5\"><img loading=\"lazy\" decoding=\"async\" src=\"https:\/\/www.ufmg.br\/dti\/wp-content\/uploads\/imgs\/tudo_pixel.gif\" width=\"1\" height=\"1\" alt=\"\" border=\"0\"><\/td>\n<\/tr>\n<\/table>\n<p> <!-- fim tabela ha 20 anos --><\/div>\n<p><a name='eventos'><\/a><\/p>\n<h4>Eventos<\/h4>\n<div class=\"centro-sistematico\">  <!-- noticias --> <\/p>\n<table border=\"0\" cellspacing=\"0\" cellpadding=\"0\">\n<tr>\n<td><\/td>\n<td><\/td>\n<\/tr>\n<p>  <!-- #BeginEditable \"materias\" -->   <\/p>\n<tr>\n<td align=\"LEFT\" valign=\"TOP\"><\/td>\n<td align=\"LEFT\" valign=\"TOP\"> <a name=\"aeventos1\"><span class=\"titulo\">FESTA DE     NATAL DO CECOM<\/span><\/a> <span class=\"texto\">     <\/p>\n<p>Os preparativos para a Festa de Natal dos funcion&aacute;rios do CECOM      se encontram na reta final. A festa vai ser realizada no dia 18 de dezembro,      com um churrasco de confraterniza&ccedil;&atilde;o na Enseada das Gar&ccedil;as,      regi&atilde;o da Pampulha. O mapa do local da festa vai ser distribu&iacute;do      na ter&ccedil;a-feira, dia 16.<\/p>\n<p>A Comiss&atilde;o Organizadora da festa solicita aos funcion&aacute;rios      que ainda n&atilde;o confirmaram a presen&ccedil;a nem efetuaram o pagamento      da contribui&ccedil;&atilde;o, que o fa&ccedil;am at&eacute; amanh&atilde;,      sexta-feira, na parte da manh&atilde;.<\/p>\n<p>    <\/span> <\/td>\n<\/tr>\n<tr>\n<td align=\"LEFT\" valign=\"TOP\"><\/td>\n<td align=\"LEFT\" valign=\"TOP\"><a name=\"aeventos2\"><span class=\"titulo\">SOCIAIS<\/span><\/a>     <span class=\"texto\">     <\/p>\n<p><b>ANIVERS&Aacute;RIOS:<i> <\/i><\/b><i>&#8220;O Sistem&aacute;tico&#8221;      envia os parab&eacute;ns para Aleixina Maria Lopes Andal&eacute;cio,      no dia 17. E envia tamb&eacute;m os parab&eacute;ns para os ex-ceconianos:      S&aacute;lvia Maria de Figueiredo Moreira e Jos&eacute; Arc&ecirc;nio      da Silva, no dia 14; Eduardo Jos&eacute; Tostes Barbosa e Jos&eacute;      Caetano Pinto, no dia 17.<\/i><\/p>\n<p>    <\/span>    <\/td>\n<\/tr>\n<p>  <!-- #EndEditable -->  <\/table>\n<p> <!-- fim noticias --><\/div>\n","protected":false},"excerpt":{"rendered":"<p>Not\u00edcias LCC VAI PROMOVER ENCONTRO DE REESTRUTURA&Ccedil;&Atilde;O DO GRUDE DRC PREPARA SEGUNDA ETAPA DE ATUALIZA&Ccedil;&Atilde;O DA CENTRAL TELEF&Ocirc;NICA CECOM ENFRENTA PROBLEMAS OPERACIONAIS NA REDE ADMINISTRATIVA DAC REFOR&Ccedil;A EQUIPE DE ATENDIMENTO AOS USU&Aacute;RIOS INFORM&Aacute;TICA J&Uacute;NIOR DA UFMG EMPOSSA NOVA DIRETORIA FUNCION&Aacute;RIAS DA ATLAN CONCLUEM CURSO NO CECOM Informativo DICAS DE SITES INTERESSANTES PLANT&Atilde;O INFO MEM&Oacute;RIA FOTOGR&Aacute;FICA &#8230; <a title=\"Sistem\u00e1tico: Edi\u00e7\u00e3o 1185 &#8211; 11\/12\/2003\" class=\"read-more\" href=\"https:\/\/www.ufmg.br\/dti\/2003\/12\/11\/sistematico-edicao-1185-11122003\/\" aria-label=\"Read more about Sistem\u00e1tico: Edi\u00e7\u00e3o 1185 &#8211; 11\/12\/2003\">Ler mais<\/a><\/p>\n","protected":false},"author":3,"featured_media":0,"comment_status":"open","ping_status":"open","sticky":false,"template":"","format":"standard","meta":{"inline_featured_image":false,"footnotes":""},"categories":[13],"tags":[],"coauthors":[79],"class_list":["post-3181","post","type-post","status-publish","format-standard","hentry","category-sistematico"],"_links":{"self":[{"href":"https:\/\/www.ufmg.br\/dti\/wp-json\/wp\/v2\/posts\/3181","targetHints":{"allow":["GET"]}}],"collection":[{"href":"https:\/\/www.ufmg.br\/dti\/wp-json\/wp\/v2\/posts"}],"about":[{"href":"https:\/\/www.ufmg.br\/dti\/wp-json\/wp\/v2\/types\/post"}],"author":[{"embeddable":true,"href":"https:\/\/www.ufmg.br\/dti\/wp-json\/wp\/v2\/users\/3"}],"replies":[{"embeddable":true,"href":"https:\/\/www.ufmg.br\/dti\/wp-json\/wp\/v2\/comments?post=3181"}],"version-history":[{"count":0,"href":"https:\/\/www.ufmg.br\/dti\/wp-json\/wp\/v2\/posts\/3181\/revisions"}],"wp:attachment":[{"href":"https:\/\/www.ufmg.br\/dti\/wp-json\/wp\/v2\/media?parent=3181"}],"wp:term":[{"taxonomy":"category","embeddable":true,"href":"https:\/\/www.ufmg.br\/dti\/wp-json\/wp\/v2\/categories?post=3181"},{"taxonomy":"post_tag","embeddable":true,"href":"https:\/\/www.ufmg.br\/dti\/wp-json\/wp\/v2\/tags?post=3181"},{"taxonomy":"author","embeddable":true,"href":"https:\/\/www.ufmg.br\/dti\/wp-json\/wp\/v2\/coauthors?post=3181"}],"curies":[{"name":"wp","href":"https:\/\/api.w.org\/{rel}","templated":true}]}}