{"id":3190,"date":"2003-09-25T08:00:00","date_gmt":"2003-09-25T08:00:00","guid":{"rendered":"https:\/\/www.ufmg.br\/dti\/cecom\/?p=1453"},"modified":"2003-09-25T08:00:00","modified_gmt":"2003-09-25T08:00:00","slug":"sistematico-edicao-1174-25092003","status":"publish","type":"post","link":"https:\/\/www.ufmg.br\/dti\/2003\/09\/25\/sistematico-edicao-1174-25092003\/","title":{"rendered":"Sistem\u00e1tico: Edi\u00e7\u00e3o 1174 &#8211; 25\/09\/2003"},"content":{"rendered":"<ul>\n<li><a href=\"\/dti\/#noticias\">Not\u00edcias<\/a>\n<div class='submenuSistematico'>\n<ul>\n<li><a href=\"\/dti\/#anoticias1\"><span class=\"titulo\">INICIADAS     ATIVIDADES RELATIVAS &Agrave; GED<\/span><\/a><\/li>\n<li><a href=\"\/dti\/#anoticias2\"><span class=\"titulo\">DIRETORIA     REVISA NORMA DE FREQ&Uuml;&Ecirc;NCIA<\/span><\/a><\/li>\n<li><a href=\"\/dti\/#anoticias3\"><span class=\"titulo\">DAC FAZ     TREINAMENTO SOBRE O SGBD ORACLE<\/span><\/a><\/li>\n<li><a href=\"\/dti\/#anoticias4\"><span class=\"titulo\">CECOM PARTICIPA     DO ORACLE LINUX DAY<\/span><\/a><\/li>\n<\/ul>\n<\/div>\n<\/li>\n<li><a href=\"\/dti\/#informativo\">Informativo<\/a>\n<div class='submenuSistematico'>\n<ul>\n<li><a href=\"\/dti\/#ainformativo1\"><span class=\"titulo\">GENTEWHERE<\/span><br \/>    <\/a><\/li>\n<li><a href=\"\/dti\/#ainformativo2\"><span class=\"titulo\">DICAS DE     SITES INTERESSANTES<\/span><\/a><\/li>\n<li><a href=\"\/dti\/#ainformativo3\"><span class=\"titulo\">PLANT&Atilde;O     INFO<\/span><\/a><\/li>\n<li><a href=\"\/dti\/#ainformativo4\"><span class=\"titulo\">OBRAS NAS     TUBULA&Ccedil;&Otilde;ES DA REITORIA<\/span><\/a><\/li>\n<li><a href=\"\/dti\/#ainformativo5\"><span class=\"titulo\">CLASSIFICADO<\/span><\/a><\/li>\n<li><a href=\"\/dti\/#ainformativo6\"><span class=\"titulo\">MEM&Oacute;RIA     FOTOGR&Aacute;FICA DO CECOM<\/span><\/a><\/li>\n<li><a href=\"\/dti\/#ainformativo7\"><img loading=\"lazy\" decoding=\"async\" src=\"https:\/\/www.ufmg.br\/dti\/wp-content\/uploads\/imgs\/tudo_pixel.gif\" width=\"1\" height=\"8\" alt=\"\" border=\"0\"><br \/>    <span class=\"titulo\">H\u00e1 20 anos&#8230;<\/span><\/a><\/li>\n<\/ul>\n<\/div>\n<\/li>\n<li><a href=\"\/dti\/#eventos\">Eventos<\/a>\n<div class='submenuSistematico'>\n<ul>\n<li><a href=\"\/dti\/#aeventos1\"><span class=\"titulo\">DIA DA SECRET&Aacute;RIA<\/span><\/a><\/li>\n<li><a href=\"\/dti\/#aeventos2\"><span class=\"titulo\">RIFAS PARA     A FESTA DE NATAL<\/span><\/a><\/li>\n<li><a href=\"\/dti\/#aeventos3\"><span class=\"titulo\">SOCIAIS<\/span><\/a><\/li>\n<\/ul>\n<\/div>\n<\/li>\n<\/ul>\n<p> <a name='noticias'><\/a><\/p>\n<h4>Not\u00edcias<\/h4>\n<div class=\"centro-sistematico\">  <!-- noticias --> <\/p>\n<table border=\"0\" cellspacing=\"0\" cellpadding=\"0\">\n<tr>\n<td><\/td>\n<td><\/td>\n<\/tr>\n<p>  <!-- #BeginEditable \"materias\" -->   <\/p>\n<tr>\n<td align=\"LEFT\" valign=\"TOP\"><\/td>\n<td align=\"LEFT\" valign=\"TOP\"> <a name=\"anoticias1\"><span class=\"titulo\">INICIADAS     ATIVIDADES RELATIVAS &Agrave; GED<\/span><\/a> <span class=\"texto\">     <\/p>\n<p>Anualmente a UFMG participa do processo nacional da GED &#8211; Gratifica&ccedil;&atilde;o      de Est&iacute;mulo &agrave; Doc&ecirc;ncia e executa processo interno      de avalia&ccedil;&atilde;o das atividades realizadas por seus docentes      no ano em curso. Para isso, existem crit&eacute;rios e itens pr&eacute;-definidos      que estabelecem como se d&aacute; este processo de avalia&ccedil;&atilde;o,      que ocorre com a participa&ccedil;&atilde;o de todos os departamentos      e unidades acad&ecirc;micas da UFMG sendo organizado, de forma centralizada,      pela CIAG &#8211; Comiss&atilde;o Institucional de Atribui&ccedil;&atilde;o      GED.<\/p>\n<p>Em reuni&atilde;o realizada na ATI, no &uacute;ltimo dia 16 de setembro,      da qual participaram o diretor de Tecnologia da Informa&ccedil;&atilde;o,      Prof. M&aacute;rcio Bunte de Carvalho, o diretor do CECOM, Carlos Alfeu      Furtado da Fonseca, a Profa. Efig&ecirc;nia Ferreira e Ferreira, presidente      da CIAG e a Profa. Maria Elisa de Souza e Silva, membro da CIAG, foram      acertados detalhes relacionados ao cronograma do sistema GED para 2003.<\/p>\n<p>Desta forma, se iniciaram na universidade, e no Centro de Computa&ccedil;&atilde;o,      as atividades necess&aacute;rias para o lan&ccedil;amento das informa&ccedil;&otilde;es      que balizar&atilde;o a atribui&ccedil;&atilde;o da pontua&ccedil;&atilde;o      da GED.<\/p>\n<p>A comunidade j&aacute; disp&otilde;e de informa&ccedil;&otilde;es a      respeito do processo deste ano, podendo consult&aacute;-las no site      do CECOM, acessando em &#8220;<i>Aplicativos e Sistemas<\/i>&#8221; o item      <i>&#8220;Recursos Humanos<\/i>&#8221; e, neste, o sistema &#8220;GED&#8221;,      ou indo diretamente para o link <a href=\"https:\/\/www.ufmg.br\/dti\/cecom\/aplic_ged_v2.shtml\">https:\/\/www.ufmg.br\/dti\/cecom\/aplic_ged_v2.shtml<\/a>.      As p&aacute;ginas relacionadas ao sistema apresentam detalhes relativos      a:<\/p>\n<p>&#8211; informa&ccedil;&otilde;es gerais;<br \/>     &#8211; servi&ccedil;o de aux&iacute;lio para esclarecimento de d&uacute;vidas      e comunica&ccedil;&atilde;o de problemas;<br \/>     &#8211; formul&aacute;rios para levantamento de dados nas unidades;<br \/>     &#8211; planilha descritiva dos itens pontu&aacute;veis;<br \/>     &#8211; instru&ccedil;&otilde;es sobre lan&ccedil;amento da pontua&ccedil;&atilde;o;<br \/>     &#8211; informa&ccedil;&otilde;es sobre a importa&ccedil;&atilde;o de dados      dos sistemas Acad&ecirc;mico, Ina e Opus;<br \/>     &#8211; c&oacute;pias dos of&iacute;cios enviados pela CIAG;<br \/>     &#8211; cronograma das atividades do sistema.<\/p>\n<p>At&eacute; o in&iacute;cio das atividades de lan&ccedil;amento de dados,      ser&atilde;o publicadas instru&ccedil;&otilde;es de uso do sistema GED,      que estar&aacute; dispon&iacute;vel para uso a partir de 3 de novembro.<\/p>\n<p>As principais datas do cronograma s&atilde;o:<br \/>     Em 24\/10: &#8211; prazo final para lan&ccedil;amento de encargos did&aacute;ticos      no sistema acad&ecirc;mico.<br \/>     &#8211; prazo final para que as unidades informem a rela&ccedil;&atilde;o      de usu&aacute;rios do sistema GED.<\/p>\n<p>Em 28\/10: &#8211; prazo final para lan&ccedil;amento de dados referentes      ao ano de 2003 nos sistemas INA e Opus, que ser&atilde;o importados      para o sistema GED.<\/p>\n<p>De 03\/11 a 21\/11: &#8211; lan&ccedil;amento de dados pelas unidades no sistema      GED.<\/p>\n<p>De 24\/11 a 04\/12: &#8211; auditoria dos dados.<\/p>\n<p>De 05 a 16\/12: &#8211; an&aacute;lise e julgamento de recursos.<\/p>\n<p>Em 17 e 18\/12: &#8211; gera&ccedil;&atilde;o e envio de dados para SESu.<\/p>\n<p>    <\/span> <\/td>\n<\/tr>\n<tr>\n<td align=\"LEFT\" valign=\"TOP\"><\/td>\n<td align=\"LEFT\" valign=\"TOP\"> <a name=\"anoticias2\"><span class=\"titulo\">DIRETORIA     REVISA NORMA DE FREQ&Uuml;&Ecirc;NCIA<\/span><\/a> <span class=\"texto\">     <\/p>\n<p>O CECOM possui hor&aacute;rio de trabalho bastante at&iacute;pico,      se comparado aos demais &oacute;rg&atilde;os administrativos da universidade.      Em fun&ccedil;&atilde;o das peculiaridades das atividades de cada divis&atilde;o,      o hor&aacute;rio de trabalho pode variar, sendo executado, nos dias      &uacute;teis, no per&iacute;odo das 7:00 &agrave;s 20:00.<\/p>\n<p>Al&eacute;m disso, podem ocorrer atividades fora deste per&iacute;odo,      que s&atilde;o cobertas por servi&ccedil;os extra-expediente, compensados      posteriormente, ou cobertos pelo servi&ccedil;o de Plant&atilde;o, que      vai at&eacute; as 24:00 nos dias &uacute;teis, e das 7:00 &agrave;s      24:00 aos s&aacute;bados, domingos e feriados.<\/p>\n<p>O hor&aacute;rio de trabalho pode ser cumprido, dependendo de cada      fun&ccedil;&atilde;o e atribui&ccedil;&atilde;o, segundo duas possibilidades:<br \/>     &#8211; hor&aacute;rio flex&iacute;vel, com m&eacute;dia de 8 horas di&aacute;rias      e 40 semanais;<br \/>     &#8211; hor&aacute;rio fixo, num total de 6 horas di&aacute;rias e 30 semanais.<\/p>\n<p>Est&atilde;o sujeitas ao hor&aacute;rio fixo as recepcionistas e as      telefonistas. Est&atilde;o sujeitos ao hor&aacute;rio flex&iacute;vel      todos os demais funcion&aacute;rios do Centro de Computa&ccedil;&atilde;o.<\/p>\n<p>Assim, para cobrir todas estas situa&ccedil;&otilde;es, h&aacute; a      necessidade de se ter norma interna pr&oacute;pria, elaborada com a      finalidade de definir os procedimentos operacionais e informar a sistem&aacute;tica      do controle de presen&ccedil;a dos funcion&aacute;rios do Centro de      Computa&ccedil;&atilde;o. Esta norma observa e complementa leis e instru&ccedil;&otilde;es      externas, principalmente as oriundas da Pr&oacute;-reitoria de Recursos      Humanos.<\/p>\n<p>Como sua &uacute;ltima vers&atilde;o foi elaborada em 1995, a norma      em vig&ecirc;ncia passou a n&atilde;o atender a diversas situa&ccedil;&otilde;es      atualmente vivenciadas no ambiente de trabalho do CECOM. Assim, durante      este m&ecirc;s, a Diretoria discutiu as demandas de modifica&ccedil;&atilde;o      da norma, buscando adequ&aacute;-la &agrave; nova realidade. O texto      discutido e aprovado, na reuni&atilde;o de diretoria da &uacute;ltima      segunda-feira, ser&aacute; agora publicado pela DAA na Intranet e, em      seguida, o atual sistema de controle, ainda desenvolvido em ambiente      Cobol\/DOS, ser&aacute; substitu&iacute;do por um novo, em ambiente cliente\/servidor,      a ser desenvolvido pelos estagi&aacute;rios da DAS, sob a coordena&ccedil;&atilde;o      de Jo&atilde;o Carlos Lages, como atividade complementar ao treinamento      que realizaram nos &uacute;ltimos meses.<\/p>\n<p>    <\/span>     <\/td>\n<\/tr>\n<tr>\n<td align=\"LEFT\" valign=\"TOP\"><\/td>\n<td align=\"LEFT\" valign=\"TOP\"> <a name=\"anoticias3\"><span class=\"titulo\">DAC FAZ     TREINAMENTO SOBRE O SGBD ORACLE<\/span><\/a> <span class=\"texto\">     <\/p>\n<p>A diretora da DAC, Aleixina Maria Lopes Andal&eacute;cio, participou,      no per&iacute;odo de 15 a 19 de setembro, do treinamento <i>Oracle9i:      Fundamentos de DBA I<\/i>, oferecido pela Casa de Software. Ap&oacute;s      o treinamento, Aleixina est&aacute; repassando, desde o dia 23\/09, para      os demais membros da equipe da DAC, os conceitos adquiridos no curso.<\/p>\n<p>Desta vez, al&eacute;m da equipe da Divis&atilde;o de Atendimento e      Consultoria, est&atilde;o participando do treinamento os funcion&aacute;rios      da DAS: Denise Cristina de Assis Moreira, Maria Beatriz de Souza Pereira      Prado, M&aacute;rio Magalh&atilde;es Lara, Raimundo Natalino Chaves      e Ronaldo Ara&uacute;jo Costa, al&eacute;m dos estagi&aacute;rios Joaquim      Lopes J&uacute;nior e Josemar Pereira dos Santos.<\/p>\n<p>O treinamento ser&aacute; encerrado amanh&atilde;, dia 26.<\/p>\n<p>    <\/p>\n<p>    <\/span><\/td>\n<\/tr>\n<tr>\n<td align=\"LEFT\" valign=\"TOP\"><\/td>\n<td align=\"LEFT\" valign=\"TOP\"> <a name=\"anoticias4\"><span class=\"titulo\">CECOM PARTICIPA     DO ORACLE LINUX DAY<\/span><\/a> <span class=\"texto\">     <\/p>\n<p>A Oracle promoveu no dia 18 de setembro, em Belo Horizonte, o evento      <i>Oracle Linux Day<\/i>.<\/p>\n<p>O diretor do CECOM, Carlos Alfeu Furtado da Fonseca, esteve presente      ao evento assistindo palestras sobre:<br \/>     &#8211; <i>Oracle e Linux Corporativo<\/i><br \/>     &#8211; <i>Conectiva Linux nas Corpora&ccedil;&otilde;es &#8211; Solu&ccedil;&otilde;es      Personalizadas<\/i>.<\/p>\n<p>    <\/p>\n<p>    <\/span><\/td>\n<\/tr>\n<p>  <!-- #EndEditable -->  <\/table>\n<p> <!-- fim noticias --><\/div>\n<p><a name='informativo'><\/a><\/p>\n<h4>Informativo<\/h4>\n<div class=\"centro-sistematico\">  <!-- noticias --> <\/p>\n<table border=\"0\" cellspacing=\"0\" cellpadding=\"0\">\n<tr>\n<td><\/td>\n<td><\/td>\n<\/tr>\n<p>  <!-- #BeginEditable \"materias\" -->   <\/p>\n<tr>\n<td align=\"LEFT\" valign=\"TOP\"><\/td>\n<td align=\"LEFT\" valign=\"TOP\"><a name=\"ainformativo1\"><span class=\"titulo\">GENTEWHERE<\/span><br \/>    <\/a> <img loading=\"lazy\" decoding=\"async\" src=\"https:\/\/www.ufmg.br\/dti\/wp-content\/uploads\/imgs\/tudo_pixel.gif\" width=\"1\" height=\"20\" alt=\"\" border=\"0\"><br \/>     <span class=\"texto\"> <img loading=\"lazy\" decoding=\"async\" src=\"https:\/\/www.ufmg.br\/dti\/wp-content\/uploads\/fotos\/manuela_antigafoto_cor.jpg\" width=\"150\" height=\"205\" alt=\"\" border=\"0\" hspace=\"0\" vspace=\"0\" align=\"left\"><\/span>     <\/p>\n<div id=\"Layer1\" style=\"width:159px;height:36px\">\n<p><span class=\"texto\"><font face=\"1\">Infelizmente,       a foto da Manuela n&atilde;o chegou a tempo. Esta &eacute; da Festa       Junina de 1981.<\/font><\/span><\/p>\n<\/p><\/div>\n<p>    <span class=\"texto\"><img loading=\"lazy\" decoding=\"async\" src=\"https:\/\/www.ufmg.br\/dti\/wp-content\/uploads\/imgs\/tudo_pixel.gif\" width=\"20\" height=\"250\" alt=\"\" border=\"0\" hspace=\"0\" vspace=\"0\" align=\"left\">Quando     nos referimos &agrave; ela, lembramo-nos de uma pequena frase: &#8211;<i> &#8220;Ai,     Jesus!&#8221;<\/i> Todos j&aacute; descobriram que a entrevistada da semana     &eacute; Maria Manuela Martins Tavares Reyes, a angolana que veio parar     no CECOM, de teimosia. Pela entrevista, podemos concluir que ela continua     conversadeira e alegre, como nos velhos tempos.     <\/p>\n<p><b>SIST:<\/b> Conta sobre a vinda da fam&iacute;lia para o Brasil.<br \/>     <b>MANUELA:<\/b> Sa&iacute; de Angola em maio de 1975 e, ap&oacute;s      passar 6 meses em Lisboa para terminar o 2&ordm; cient&iacute;fico (agora      &eacute; Ensino M&eacute;dio: estou velha!), cheguei ao Brasil. Era      um dia de semana e o fato que mais me marcou foi que, passeando por      Copacabana e Ipanema, observei v&aacute;rias pessoas na praia, em hor&aacute;rio      comercial. Perguntei ent&atilde;o, se era feriado. O carioca que me      respondeu era um daqueles <i>leg&iacute;timos<\/i>, bem-humorados, que      me explicou que no Brasil era assim : tudo na paz. Gostei!!<br \/>     Fui morar em Montes Claros, terra de gente boa . Quem pode falar melhor      dessa &eacute;poca minha &eacute; o Fernando Frota, j&aacute; que foi      l&aacute; que o conheci e toda a sua fam&iacute;lia. Montes Claros naquela      &eacute;poca estava come&ccedil;ando a crescer, a receber pessoas de      fora, mas n&atilde;o era comum estrangeiros na cidade. Eu me sentia      um <i>peixe fora d&#8217;&aacute;gua<\/i>. Mas as pessoas eram muito acolhedoras.      Na escola onde estudava tinha um professor de Portugu&ecirc;s, Ant&ocirc;nio      Augusto, do qual nunca mais vou esquecer. Ele gostava muito do meu sotaque      e, algumas vezes, pedia para eu ler em voz alta alguns textos na sala      de aula. Ele foi meu professor no 3&ordm; cient&iacute;fico.<\/p>\n<p><b>SIST:<\/b> Conta como come&ccedil;ou a sua vida na UFMG. <br \/>     <b>MANUELA:<\/b> Quando estava cursando o 1 &ordm; ano do curso superior      de Matem&aacute;tica, em Montes Claros, tomei conhecimento dos cursos      de extens&atilde;o da UFMG. Como j&aacute; estava interessada em conhecer      esta &aacute;rea, escrevi para a Lel&eacute;, consegui as informa&ccedil;&otilde;es      necess&aacute;rias e vim fazer Fundamentos de Computador e Cobol B&aacute;sico.      Como me identifiquei bastante e estava querendo vir de alguma forma      para a UFMG, resolvi voltar nas f&eacute;rias seguintes (estes cursos      eram dados s&oacute; nos per&iacute;odos de f&eacute;rias) e fiz Cobol      Avan&ccedil;ado. N&atilde;o me lembro se fiz mais algum.<br \/>     Em Montes Claros fiquei 2 anos e vim para BH. Fui inicialmente para      a Fafi-BH, sempre com o intuito de entrar para a UFMG. Ao final de dois      semestres, consegui a transfer&ecirc;ncia. Entretanto, surgiu o curso      de Ci&ecirc;ncia da Computa&ccedil;&atilde;o na UFMG. Fiquei sem saber      se deveria fazer outro vestibular e come&ccedil;ar tudo de novo. Resolvi      continuar o curso de Matem&aacute;tica, pois percebi que muitas mat&eacute;rias      b&aacute;sicas eram iguais. Por&eacute;m, ao longo do curso, j&aacute;      bem familiarizada com a UFMG e com o ICEx, fui cursando como mat&eacute;rias      eletivas, tudo o que eu podia e n&atilde;o podia, relativas ao curso      de computa&ccedil;&atilde;o. Era mais entrosada com a turma de Computa&ccedil;&atilde;o      do que com os colegas de Matem&aacute;tica.<\/p>\n<p><b>SIST:<\/b> Como e quando voc&ecirc; entrou para o CECOM? <br \/>     <b>MANUELA:<\/b> Decidida a trabalhar nesta &aacute;rea (queria terminar      Matem&aacute;tica apenas para poder fazer p&oacute;s-gradua&ccedil;&atilde;o      em Ci&ecirc;ncia da Computa&ccedil;&atilde;o), entrei para o CECOM em      novembro de 1980, como bolsista da FUMP, lotada na Divis&atilde;o de      Usu&aacute;rios. <\/p>\n<p><b>SIST:<\/b> Voc&ecirc; trabalhou em outras divis&otilde;es? Quando      passou para o cargo de Programador? Lembra-se dos trabalhos que desenvolveu      no CECOM?<br \/>     <b>MANUELA:<\/b> Em agosto de 1981, passei para a Fundep, contratada      como programador-bolsista. Em maio de 1982, fui contratada como Programador      da UFMG, atuando na Divis&atilde;o de Usu&aacute;rios e depois no Setor      de Programa&ccedil;&atilde;o da Divis&atilde;o de Desenvolvimento de      Sistemas. Trabalhei tendo como chefes, respectivamente, a Dilma e o      Z&eacute;du.<br \/>     Quanto ao tipo de trabalho efetuado, acho que a minha atua&ccedil;&atilde;o      na Divis&atilde;o de Usu&aacute;rios foi muito &uacute;til, sob o aspecto      de me dar traquejo, agilidade para conversar com usu&aacute;rios de      &aacute;reas completamente diferentes (veterin&aacute;rios, m&eacute;dicos      etc.) e conseguir &#8220;<i>pescar<\/i>&#8221; (entender) o que eles precisavam.      Lembro-me de um veterin&aacute;rio que s&oacute; sabia falar de ra&ccedil;as      bovinas, mas n&atilde;o conseguia expressar o que precisava, que resultados      queria. <br \/>     Hoje, tenho facilidade em entrar no mundo do usu&aacute;rio, entender      as suas reais necessidades e espelhar o seu modo de trabalho do dia-a-dia      em v&aacute;rias telas.<br \/>     Quando trabalhei no setor de programa&ccedil;&atilde;o, tamb&eacute;m      foi interessante, porque treinei bastante a programa&ccedil;&atilde;o      pr&oacute;priamente dita.<br \/>     Ao longo deste tempo, em paralelo, terminei Matem&aacute;tica e fiz      p&oacute;s-gradua&ccedil;&atilde;o em Ci&ecirc;ncia de computa&ccedil;&atilde;o.<\/p>\n<p><b>SIST:<\/b> Quando e por que voc&ecirc; saiu do CECOM? Foi para onde?      E foi para trabalhar em que?<br \/>     <b>MANUELA:<\/b> Quando sa&iacute; do CECOM, para ir trabalhar numa empresa      do setor privado, em mar&ccedil;o de 1985, sa&iacute; sabendo que deixaria      para tr&aacute;s boas amigas, boas recorda&ccedil;&otilde;es. Fui para      a Leme Inform&aacute;tica, como analista de sistemas, na qual trabalhei      3 anos e meio. Mais uma vez uma experi&ecirc;ncia boa. Trabalhei com      MUMPS e com um sistema gerenciador de banco de dados.<\/p>\n<p><b>SIST:<\/b> Lembra-se de muita coisas do CECOM? Tem ainda contato      com algumas pessoas daqui? O que mais sente falta?<br \/>     <b>MANUELA:<\/b> Em rela&ccedil;&atilde;o &agrave;s amigas, tenho &oacute;timas      recorda&ccedil;&otilde;es das sa&iacute;das com a B&aacute;rbara para      dan&ccedil;armos forr&oacute; e rirmos bastante. As sa&iacute;das e      as perip&eacute;cias com a Solange, eu conto at&eacute; hoje. Tem umas      que at&eacute; choro de tanto rir. A Patr&iacute;cia e a Vicentina tamb&eacute;m      era &oacute;timas companheiras. At&eacute; hoje mantenho contato com      elas. Quando vou a BH, encontramo-nos na casa da B&aacute;rbara e os      nossos respectivos maridos n&atilde;o t&ecirc;m tempo de falar.<\/p>\n<p><b>SIST<\/b>: Atualmente est&aacute; trabalhando em que e onde? Quais      os trabalhos mais interessantes em que esteve envolvida?<br \/>     <b>MANUELA:<\/b> Quando casei, em setembro de 1988, e vim para S&atilde;o      Jos&eacute; dos Campos, resolvi fazer mestrado no ITA (no CTA &#8211; Centro      Tecnol&oacute;gico de Aeron&aacute;utica) para me atualizar e ao mesmo      tempo conhecer colegas que me ajudassem a entrar no mercado de trabalho,      uma vez que n&atilde;o conhecia ningu&eacute;m na cidade. De fato, isto      aconteceu, pois uns tempos depois j&aacute; estava ministrando treinamento      em inform&aacute;tica para algumas empresas e lecionando na Univap (Universidade      do Vale do Para&iacute;ba). Pelo fato do ITA ser uma escola, uma institui&ccedil;&atilde;o      de pesquisa, era mais f&aacute;cil conseguir trabalho ligado ao ensino.<br \/>     Ao longo do meu mestrado (que na realidade come&ccedil;ou em fevereiro      de 1989), conheci pessoas muito interessantes, civis e militares, gente      de todos os lugares do Brasil e exterior. Assisti a v&aacute;rias defesas      de tese e comecei a me interessar por tr&aacute;fego a&eacute;reo. Para      trabalhar com este assunto t&atilde;o espec&iacute;fico, fui desenvolver      a minha tese para outro Instituto dentro do CTA &#8211; o IPV (Instituto de      Prote&ccedil;&atilde;o ao V&ocirc;o). L&aacute; s&oacute; trabalhava      com militares e eles possu&iacute;am um contato com v&aacute;rios pa&iacute;ses      da Am&eacute;rica do Sul, sendo que algumas pessoas destes pa&iacute;ses      conheceram a minha tese e com as quais troquei algumas id&eacute;ias.      Foi muito enriquecedor. Defendi a minha tese em 1992 e em 1993 nasceu      a Juliana.<br \/>     Ap&oacute;s alguns meses, voltei a trabalhar na &aacute;rea de treinamento      e, aos poucos, fui conhecendo empres&aacute;rios que me solicitaram      n&atilde;o um treinamento, mas um desenvolvimento de sistema. O mestrado      no ITA sem d&uacute;vida me ajudou muito a entrar nesse mercado de trabalho.      Assim,voltei a trabalhar como analista de sistemas. Foram surgindo v&aacute;rias      oportunidades e hoje eu trabalho como aut&ocirc;noma em diversas empresas.      &Eacute; aqui que eu digo que a experi&ecirc;ncia na Divis&atilde;o      de Usu&aacute;rios foi importante. Trabalho em cl&iacute;nicas m&eacute;dicas,      em f&aacute;bricas de antenas e equipamentos para TV a cabo, escolas      de 1&ordm; e 2&ordm; grau, lojas, clubes de campo, enfim, empresas variadas.<\/p>\n<p><b>SIST:<\/b> Saindo um pouco de trabalho, como est&aacute; a sua fam&iacute;lia?<br \/>     <b>MANUELA:<\/b> Tenho dois filhos (Juliana e Felipe) com respectivamente,      10 e 6 anos.<\/p>\n<p><b>SIST:<\/b> Gostaria de deixar um recado para todos do CECOM?<br \/>     <b>MANUELA:<\/b> Ficaram as saudades dos bons tempos, das viagens, das      sa&iacute;das &agrave; noite, de um ambiente bom: satisfa&ccedil;&atilde;o      pelas amizades que deixei e um xod&oacute; com o primeiro local em que      trabalhei. Um dia destes, quem sabe nas pr&oacute;ximas f&eacute;rias,      eu apare&ccedil;o por a&iacute; !!<\/p>\n<p>Foi bem dif&iacute;cil conseguir entrevist&aacute;-la, pois a vida      l&aacute; em S&atilde;o Jos&eacute; dos Campos est&aacute; uma correria.      Manuela estava trabalhando duas vezes por semana em Guararema, que &eacute;      uma cidade perto de S&atilde;o Jos&eacute; dos Campos. Depois, passou      a trabalhar l&aacute; todos os dias, chegando muito cansada, pois al&eacute;m      de <i>pegar a Dutra<\/i> durante uma hora e do trabalho pesado, ainda      ficava sem almo&ccedil;ar. Agora, no final de setembro, voltou a trabalhar      em Guararema somente dois dias e deve retornar &agrave;s empresas de      S&atilde;o Jos&eacute;.<\/p>\n<p>O importante foi conseguir a entrevista para contar aos amigos daquela      &eacute;poca onde se encontra a Manuela. Agradecemos pela entrevista,      pelas lembran&ccedil;as e aguardamos a sua visita.<\/p>\n<p>    <\/span> <\/td>\n<\/tr>\n<tr>\n<td align=\"LEFT\" valign=\"TOP\"><\/td>\n<td align=\"LEFT\" valign=\"TOP\"><a name=\"ainformativo2\"><span class=\"titulo\">DICAS DE     SITES INTERESSANTES<\/span><\/a> <span class=\"texto\">     <\/p>\n<p>Adyrus, o ca&ccedil;ador de sites, enviou as seguintes dicas:<\/p>\n<p>&#8211; N&atilde;o deixe de visitar a p&aacute;gina de <i>Um dos maiores      predadores do mundo<\/i> (<a href=\"http:\/\/www.apexpredators.com\">http:\/\/www.apexpredators.com<\/a>),      onde &eacute; apresentado o tubar&atilde;o branco. S&atilde;o diversas      fotos de reportagem de uma expedi&ccedil;&atilde;o &agrave; Africa do      Sul. (Site em Ingl&ecirc;s)<\/p>\n<p>&#8211; Outra p&aacute;gina que trata dos tubar&otilde;es na &Aacute;frica      do Sul e com fotos super legais &eacute; a African Shark (<a href=\"http:\/\/www.ultimate-animals.com\">http:\/\/www.ultimate-animals.com<\/a>).      S&atilde;o registrados momentos do aterrorizante animal, como os saltos      de at&eacute; 2 metros que um tubar&atilde;o pode dar. Navegue nesta      p&aacute;gina. (Site em Ingl&ecirc;s)<\/p>\n<p>&#8211; J&aacute; assistiu ao filme &#8220;<i>9 1\/2 semanas de amor<\/i>&#8221;?      Lembra-se daquela cena em frente da geladeira? Bem, nossas av&oacute;s      costumavam dizer que &#8220;<i>homem se pega pelo est&ocirc;mago<\/i>&#8221;.      E com aquela inesquec&iacute;vel seq&uuml;&ecirc;ncia com Mickey Rourke      e Kim Basinger em frente a uma geladeira&#8230; Na p&aacute;gina <i>Sex      and the kitchen<\/i> (<a href=\"http:\/\/www.sexandthekitchen.com\">www.sexandthekitchen.com<\/a>),      voc&ecirc; vai encontrar receitas e dicas de como preparar uma mesa      para apimentar uma bela noite de amor. (Site em Ingl&ecirc;s) <\/p>\n<p>&#8211; Voc&ecirc; sabe o que se esconde em uma lata de refrigerante? Fa&ccedil;a      uma viagem legal e descubra no endere&ccedil;o <a href=\"http:\/\/www.strangematterexhibit.com\">www.strangematterexhibit.com<\/a>,      de forma divertida, o que h&aacute; al&eacute;m de uma lata. &Eacute;      uma vis&atilde;o microsc&oacute;pica para sua an&aacute;lise. (Site      em Ingl&ecirc;s)<\/p>\n<p>&#8211; A <i>Cartilha<\/i> que est&aacute; em <a href=\"http:\/\/www.nbso.nic.br\/docs\/cartilha\/\">http:\/\/www.nbso.nic.br\/docs\/cartilha\/<\/a>      tem por finalidade sanar algumas d&uacute;vidas comuns sobre seguran&ccedil;a      de computadores e redes e o significado de termos e conceitos amplamente      utilizados na Internet. Al&eacute;m disso, procura enumerar, explicar      e fornecer um guia para uma s&eacute;rie de procedimentos que visam      aumentar a seguran&ccedil;a de um computador e de posturas que um usu&aacute;rio      pode adotar para garantir sua seguran&ccedil;a na Internet. <\/p>\n<p>&#8211; Se voc&ecirc; precisa de drivers para instalar algum componente de      hardware, &eacute; s&oacute; apontar o seu navegador para a p&aacute;gina      <a href=\"http:\/\/gratis.ibest.com.br\/index.mv?pagina=secoes&amp;sistema=Driver&amp;titulo=Drivers\">http:\/\/gratis.ibest.com.br\/index.mv?pagina=secoes&amp;sistema=Driver&amp;titulo=Drivers<\/a>      e baixar os programas necess&aacute;rios para instalar a sua impressora,      placa de fax-modem e outros produtos.<\/p>\n<p>&#8211; <i>&#8220;Realmente, ela &eacute; azul!&#8221;<\/i> (Yuri Gagarin, em      12 de abril de 1961) A frase, em russo, &eacute; atribu&iacute;da ao      cosmonauta Yuri Gagarin, endeusado at&eacute; hoje, como um her&oacute;i      da antiga Uni&atilde;o Sovi&eacute;tica. Por bons motivos: no dia 12      de abril de 1961, Gagarin, um homem baixo (1,58 metro) e atarracado      (69 quilos), teve a suprema ousadia de se enfiar numa c&aacute;psula      claustrof&oacute;bica na ponta de um foguete que decolou da base de      Baikonur, no Casaquist&atilde;o, e antes dos oponentes americanos, dar      a volta durante 1 hora e 48 minutos em &oacute;rbita da Terra. Enquanto      isso, nos EUA, em que o v&ocirc;o era rastreado pelos servi&ccedil;os      de intelig&ecirc;ncia, o presidente John Kennedy preparava um discurso      reconhecendo o feito da na&ccedil;&atilde;o advers&aacute;ria. Seu pa&iacute;s      lan&ccedil;aria um astronauta no espa&ccedil;o (Alan Shepard) quase      um m&ecirc;s depois, em uma viagem menor e por cerca de cinco minutos      &#8211; fato que ficou marcado como uma derrota naqueles tempos de guerra      fria. V&aacute; at&eacute; o endere&ccedil;o <a href=\"http:\/\/www.ajornada.hpg.ig.com.br\/ciencia\/ciencia00018.htm\">http:\/\/www.ajornada.hpg.ig.com.br\/ciencia\/ciencia00018.htm<\/a>      e saiba mais sobre o assunto.<\/p>\n<p>&#8211; A C&acirc;mara de Arquitetos e Consultores &eacute; uma empresa brasileira      especializada em cursos, treinamentos e consultorias para arquitetura,      engenharia e constru&ccedil;&atilde;o. Nos cursos de atualiza&ccedil;&atilde;o      e aperfei&ccedil;oamento profissional, s&atilde;o reunidos profissionais      altamente capacitados e especializados em diversas &aacute;reas de importantes      empresas do mercado, para oferecer informa&ccedil;&otilde;es t&eacute;cnicas      elaboradas e atualizadas para profissionais do setor. O endere&ccedil;o      &eacute;: <a href=\"http:\/\/www.camaradearquitetos.com.br\/\">http:\/\/www.camaradearquitetos.com.br\/<\/a>.<\/p>\n<p>&#8211; Confira os destaques de lan&ccedil;amentos, novos produtos para construir,      decorar ou reformar, al&eacute;m das novidades do mercado em <a href=\"http:\/\/www.cadhouse.com.br\/\">http:\/\/www.cadhouse.com.br\/<\/a>.<\/p>\n<p>&#8211; Criada em 01 de novembro de 1999, a Casa Minas Editora Publica&ccedil;&otilde;es      e Multim&iacute;dia Ltda. (<a href=\"http:\/\/www.casaminas.com.br\/\">http:\/\/www.casaminas.com.br\/<\/a>),      tem sua sede na cidade de Varginha, Minas Gerais e est&aacute; situada      na Rua Delfim Moreira, Edif&iacute;cio Empresarial Central Adell Lello      246 &#8211; sala 302. O Objetivo da Empresa &eacute; a presta&ccedil;&atilde;o      de servi&ccedil;os em editora&ccedil;&atilde;o gr&aacute;fica, publica&ccedil;&atilde;o      de livros e revistas t&eacute;cnicas, distribui&ccedil;&atilde;o em      livrarias e trabalhos em multim&iacute;dia na &aacute;rea t&eacute;cnica      da constru&ccedil;&atilde;o civil. <\/p>\n<p>&#8211; Nos dias de hoje &eacute; imprescind&iacute;vel que tenhamos em nossos      lares e escrit&oacute;rios uma instala&ccedil;&atilde;o el&eacute;trica      bem projetada e instalada, de acordo com a Norma Brasileira de Instala&ccedil;&otilde;es      El&eacute;tricas, a NBR 5410, garantindo para estes locais e seus ocupantes      um elevado grau de seguran&ccedil;a, conforto e confiabilidade.Veja      o endere&ccedil;o <a href=\"http:\/\/www.procobrebrasil.org\/\">http:\/\/www.procobrebrasil.org<\/a>\/.<\/p>\n<p>&#8211; Quem esteve na &#8220;<i>The Royal Society<\/i>&#8221; no dia &uacute;ltimo      dia 22 de setembro, para falar ao vivo, transmitido pela Internet, foi      o professor Berners-Lee, o inventor da Web (World Wide Web). O professor      Berners-Lee falou sobre o tema: &#8220;&#8216;<i>The future of the World      Wide Web<\/i>&#8221;. A palestra foi gravada e se quiser assistir, &eacute;      s&oacute; apontar o seu navegador para <a href=\"http:\/\/www.royalsoc.ac.uk\">http:\/\/www.royalsoc.ac.uk<\/a>      e logo ap&oacute;s clicar no link &#8220;<i>Whats News<\/i>&#8221; (<a href=\"http:\/\/www.royalsoc.ac.uk\/live\/\">http:\/\/www.royalsoc.ac.uk\/live\/<\/a>)<\/p>\n<p>&#8211; Se voc&ecirc; gosta de conhecer novos lugares, que tal fazer isso      sem sair de casa? A p&aacute;gina <i>Virtual Tourist<\/i> (<a href=\"http:\/\/www.virtourist.com\/\">http:\/\/www.virtourist.com\/<\/a>)      tem atra&ccedil;&atilde;o tur&iacute;sticas de diversas cidades, localizadas      em pa&iacute;ses como Rom&ecirc;nia, Nepal, &Aacute;ustria, Tail&acirc;ndia,      Esc&oacute;cia, Austr&aacute;lia e Costa Rica. <\/p>\n<p>&#8211; Tetris, Gam&atilde;o, P&ocirc;quer, Domin&oacute;, Reversi, Batalha      Naval, Paci&ecirc;ncia e Mini Golfe s&atilde;o algumas das op&ccedil;&otilde;es      que voc&ecirc; encontra para se divertir na p&aacute;gina &#8220;<i>Atrativa      Games<\/i>&#8221; (<a href=\"http:\/\/atrativa.uol.com.br\">http:\/\/atrativa.uol.com.br<\/a>\/).      As partidas funcionam on line, mas h&aacute; tamb&eacute;m jogos para      download. Para ter acesso gratuito, basta se cadastrar.<\/p>\n<p>    <\/span> <\/td>\n<\/tr>\n<tr>\n<td align=\"LEFT\" valign=\"TOP\"><\/td>\n<td align=\"LEFT\" valign=\"TOP\"><a name=\"ainformativo3\"><span class=\"titulo\">PLANT&Atilde;O     INFO<\/span><\/a> <span class=\"texto\">     <\/p>\n<p>O <b>Plant&atilde;o Info<\/b> divulgou, esta semana, as seguintes not&iacute;cias:<\/p>\n<p><b>W3C estuda mudan&ccedil;as no padr&atilde;o HTML<\/b> (23\/09\/2003)      &#8211; O W3C, &oacute;rg&atilde;o que regulamenta os padr&otilde;es t&eacute;cnicos      da web, criou hoje um grupo de estudos para avaliar poss&iacute;veis      mudan&ccedil;as na linguagem HTML. A a&ccedil;&atilde;o foi motivada      pela vit&oacute;ria parcial da empresa americana Eolas contra a Microsoft      num processo por quebra de patente. <br \/>     O ponto principal da discuss&atilde;o &eacute; o m&eacute;todo usado      pelo Internet Explorer para acessar plug-ins e objetos externos, como      anima&ccedil;&otilde;es Flash e applets Java. A Eolas acusa a Microsoft      de ter violado sua patente na implementa&ccedil;&atilde;o deste recurso      no IE. No m&ecirc;s passado, a Justi&ccedil;a dos Estados Unidos deu      vit&oacute;ria &agrave; Eolas. A Microsoft recorreu da decis&atilde;o      e o veredito final deve sair antes do fim do ano. <br \/>     Em seu site, o W3C afirma que tentou entrar em contato com a Eolas sobre      a patente, mas n&atilde;o obteve resposta. No caso de derrota definitiva      da Microsoft, podem ser necess&aacute;rias mudan&ccedil;as na linguagem      HTML para que ela continue sendo um padr&atilde;o aberto. O comit&ecirc;      criado pelo W3C avaliar&aacute; n&atilde;o somente aspectos t&eacute;cnicos,      mas tamb&eacute;m as implica&ccedil;&otilde;es legais do caso.    <\/p>\n<p><b>OpenOffice.org.br pede ajuda para tradu&ccedil;&atilde;o<\/b> (23\/09\/2003)      &#8211; A comunidade OpenOffice.org.br quer fazer um &#8220;mutir&atilde;o&#8221;      para a tradu&ccedil;&atilde;o da Ajuda On-line do pacote de escrit&oacute;rio      OpenOffice.org. <br \/>     Para isso, est&aacute; convocando institui&ccedil;&otilde;es de ensino,      entidades p&uacute;blicas e demais interessados em participar, desde      que j&aacute; sejam usu&aacute;rios do pacote. O trabalho &eacute; volunt&aacute;rio,      como reza a cartilha da comunidade do software livre, e vai requerer,      avisa a OpenOffice.or.br, pelo menos 10 horas de dedica&ccedil;&atilde;o      semanal das equipes envolvidas &#8211; que ser&atilde;o coordenadas localmente      por uma ou duas pessoas ligadas ao projeto. <br \/>     A gest&atilde;o do trabalho coletivo ficar&aacute; nas m&atilde;os de      colaboradores da pr&oacute;pria OpenOffice.org.br e da Conectiva, UFMG,      Univates, Est&aacute;cio de S&aacute;, Cesur e ITI. Os interessados      em participar devem entrar no endere&ccedil;o www. openoffice.org.br\/l10n_help.      php e contatar o coordenador do projeto, Cl&aacute;udio Ferreira Filho.    <\/p>\n<p><b>Intel divulga novo padr&atilde;o para placas-m&atilde;e<\/b> (24\/09\/2003)      &#8211; Um novo padr&atilde;o de placas-m&atilde;e est&aacute; surgindo. A      Intel j&aacute; liberou a especifica&ccedil;&atilde;o BTX (Balance Technology      Extended) para os fabricantes de motherboards. Os primeiros produtos      com a nova tecnologia devem estar nas lojas em meados de 2004. <br \/>     A especifica&ccedil;&atilde;o BTX poder&aacute; ser usada para a fabrica&ccedil;&atilde;o      de placas-m&atilde;e de tr&ecirc;s tamanhos, sendo mais flex&iacute;vel      do que os atuais ATX e Micro ATX. As principais novidades do formato      est&atilde;o no design das placas, otimizado para facilitar a circula&ccedil;&atilde;o      de ar e a refrigera&ccedil;&atilde;o dos componentes, e o suporte a      padr&otilde;es como PCI Express e Serial ATA.<\/p>\n<p>    <\/span> <\/td>\n<\/tr>\n<tr>\n<td align=\"LEFT\" valign=\"TOP\"><\/td>\n<td align=\"LEFT\" valign=\"TOP\"><a name=\"ainformativo4\"><span class=\"titulo\">OBRAS NAS     TUBULA&Ccedil;&Otilde;ES DA REITORIA<\/span><\/a> <span class=\"texto\">     <\/p>\n<p>Continua a obra de conserto de vazamento de &aacute;gua e de entupimento      nas tubula&ccedil;&otilde;es das copas situadas no lado direito do pr&eacute;dio      da Reitoria. O encerramento da obra estava previsto para a ter&ccedil;a-feira,      dia 23, o que n&atilde;o foi poss&iacute;vel, estendendo ent&atilde;o,      at&eacute; amanh&atilde;, dia 26 de setembro.<\/p>\n<p>Como na semana anterior, as instala&ccedil;&otilde;es sanit&aacute;rias      poder&atilde;o ser usadas normalmente.<\/p>\n<p>    <\/p>\n<p>    <\/span> <\/td>\n<\/tr>\n<tr>\n<td align=\"LEFT\" valign=\"TOP\"><\/td>\n<td align=\"LEFT\" valign=\"TOP\"><a name=\"ainformativo5\"><span class=\"titulo\">CLASSIFICADO<\/span><\/a>     <span class=\"texto\">     <\/p>\n<p>Vende-se uma roupa de dan&ccedil;a do ventre, com v&eacute;u, por R$      110,00. O pagamento pode ser negociado. A roupa &eacute; da Elma Bichara,      que &eacute; uma das lojas mais famosas do Brasil na &aacute;rea, inclusive      fez as roupas do grupo &#8220;&Eacute; o Tchan&#8221;, na &eacute;poca      em que utilizavam roupas de dan&ccedil;a do ventre.<\/p>\n<p>Tratar com Marina, telefone 3443-3132.<\/p>\n<p>    <\/p>\n<p>    <\/span> <\/td>\n<\/tr>\n<tr>\n<td align=\"LEFT\" valign=\"TOP\"><\/td>\n<td align=\"LEFT\" valign=\"TOP\"><a name=\"ainformativo6\"><span class=\"titulo\">MEM&Oacute;RIA     FOTOGR&Aacute;FICA DO CECOM<\/span><\/a> <span class=\"texto\">     <\/p>\n<p>&Aacute;ureos tempos! Al&eacute;m de todos ainda serem novos, solteiros,      tinham sempre um dinheiro extra para sa&iacute;das na hora do almo&ccedil;o.      Um dos locais preferidos da turma era a Churrascaria Norma&#8217;s da      Pampulha. Fosse alguma comemora&ccedil;&atilde;o ou n&atilde;o, havia      sempre aquela desculpa para um churrasco e uma m&aacute;quina fotogr&aacute;fica      na mira. As fotos desta semana pertencem aos slides, de propriedade      da Lel&eacute;, que foram escaneados pelo Frota, e parecem ter sido      tiradas por ocasi&atilde;o do anivers&aacute;rio do Rodolfo no ano de      1978. L&aacute; estavam: Viotti, Marcelo Novaes, Diz, QQ, Solange, Rodolfo,      Le&atilde;o, Lel&eacute;, Evandro, Denise Spira, Frota, Ed&eacute;sio      e Luiz Ricardo. As fotos devem ser de autoria do Ed&eacute;sio.<\/p>\n<p>Apesar de n&atilde;o se econtrarem em bom estado de conserva&ccedil;&atilde;o,      vale a pena publicar esse momento de confraterniza&ccedil;&atilde;o.<\/p>\n<p><img loading=\"lazy\" decoding=\"async\" src=\"https:\/\/www.ufmg.br\/dti\/wp-content\/uploads\/fotos\/normance1978_00_cor.jpg\" width=\"530\" height=\"339\"><\/p>\n<p align=\"center\"><font face=\"1\"><i>&Agrave; esquerda: Viotti, Marcelo      Novaes e Solange. &Agrave; direita: Lel&eacute; (de costas) e Rodolfo.<\/i><\/font><\/p>\n<p><img loading=\"lazy\" decoding=\"async\" src=\"https:\/\/www.ufmg.br\/dti\/wp-content\/uploads\/fotos\/normance1978_01_cor.jpg\" width=\"530\" height=\"347\"><\/p>\n<p align=\"center\"><font face=\"1\"><i>&Agrave; esquerda: Marcelo, Solange      e Diz. &Agrave; direita: Evandro, Lel&eacute;, Rodolfo e QQ.<\/i><\/font><\/p>\n<p><img loading=\"lazy\" decoding=\"async\" src=\"https:\/\/www.ufmg.br\/dti\/wp-content\/uploads\/fotos\/normance1978_02_cor.jpg\" width=\"530\" height=\"378\"><\/p>\n<p align=\"center\"><font face=\"1\"><i>Le&atilde;o, Evandro, Lel&eacute;      e Rodolfo<\/i><\/font><\/p>\n<p><img loading=\"lazy\" decoding=\"async\" src=\"https:\/\/www.ufmg.br\/dti\/wp-content\/uploads\/fotos\/normance1978_03_cor.jpg\" width=\"530\" height=\"353\"><\/p>\n<p align=\"center\"><i><font face=\"1\">Lel&eacute; deve estar perguntando      por que n&atilde;o param de fotografar. N&atilde;o estava dando nem      para esconder!<\/font><\/i><\/p>\n<p><img loading=\"lazy\" decoding=\"async\" src=\"https:\/\/www.ufmg.br\/dti\/wp-content\/uploads\/fotos\/normance1978_04_cor.jpg\" width=\"530\" height=\"345\"><\/p>\n<p align=\"center\"><i><font face=\"1\">Le&atilde;o, Rodolfo e QQ<\/font><\/i><\/p>\n<p><img loading=\"lazy\" decoding=\"async\" src=\"https:\/\/www.ufmg.br\/dti\/wp-content\/uploads\/fotos\/normance1978_05_cor.jpg\" width=\"530\" height=\"361\"><\/p>\n<p align=\"center\"><i><font face=\"1\">O parab&eacute;ns pr&aacute; voc&ecirc;      com Le&atilde;o, Lel&eacute;, Rodolfo, QQ, Frota e Denise Spira<\/font><\/i><\/p>\n<p>    <\/span> <\/td>\n<\/tr>\n<p>  <!-- #EndEditable -->  <\/table>\n<p> <!-- fim noticias --> <!-- tabela ha 20 anos --> <\/p>\n<table border=\"0\" cellspacing=\"0\" cellpadding=\"0\" class=\"cinza\">\n<tr>\n<td><img loading=\"lazy\" decoding=\"async\" src=\"https:\/\/www.ufmg.br\/dti\/wp-content\/uploads\/imgs\/tudo_pixel.gif\" width=\"1\" height=\"1\" alt=\"\" border=\"0\"><\/td>\n<td><img loading=\"lazy\" decoding=\"async\" src=\"https:\/\/www.ufmg.br\/dti\/wp-content\/uploads\/imgs\/tudo_pixel.gif\" width=\"19\" height=\"1\" alt=\"\" border=\"0\"><\/td>\n<td><img loading=\"lazy\" decoding=\"async\" src=\"https:\/\/www.ufmg.br\/dti\/wp-content\/uploads\/imgs\/tudo_pixel.gif\" width=\"510\" height=\"1\" alt=\"\" border=\"0\"><\/td>\n<td><img loading=\"lazy\" decoding=\"async\" src=\"https:\/\/www.ufmg.br\/dti\/wp-content\/uploads\/imgs\/tudo_pixel.gif\" width=\"19\" height=\"1\" alt=\"\" border=\"0\"><\/td>\n<td><img loading=\"lazy\" decoding=\"async\" src=\"https:\/\/www.ufmg.br\/dti\/wp-content\/uploads\/imgs\/tudo_pixel.gif\" width=\"1\" height=\"1\" alt=\"\" border=\"0\"><\/td>\n<\/tr>\n<tr>\n<td class=\"vermelho\" colspan=\"5\"><img loading=\"lazy\" decoding=\"async\" src=\"https:\/\/www.ufmg.br\/dti\/wp-content\/uploads\/imgs\/tudo_pixel.gif\" width=\"1\" height=\"1\" alt=\"\" border=\"0\"><\/td>\n<\/tr>\n<tr>\n<td class=\"vermelho\"><img loading=\"lazy\" decoding=\"async\" src=\"https:\/\/www.ufmg.br\/dti\/wp-content\/uploads\/imgs\/tudo_pixel.gif\" width=\"1\" height=\"1\" alt=\"\" border=\"0\"><\/td>\n<td><img loading=\"lazy\" decoding=\"async\" src=\"https:\/\/www.ufmg.br\/dti\/wp-content\/uploads\/imgs\/tudo_pixel.gif\" width=\"1\" height=\"1\" alt=\"\" border=\"0\"><\/td>\n<td align=\"LEFT\" valign=\"TOP\"><!-- #BeginEditable \"ha%2020%20anos\" --><a name=\"ainformativo7\"><img loading=\"lazy\" decoding=\"async\" src=\"https:\/\/www.ufmg.br\/dti\/wp-content\/uploads\/imgs\/tudo_pixel.gif\" width=\"1\" height=\"8\" alt=\"\" border=\"0\"><br \/>    <span class=\"titulo\">H\u00e1 20 anos&#8230;<\/span><\/a> <span class=\"texto\">     <\/p>\n<p>O Sistem&aacute;tico Ano VII, no. 36, de 29\/09\/1983, publicou not&iacute;cias      sobre a viagem da diretora do CECOM, Maria Miriam Arruda Salvador, &agrave;      Bras&iacute;lia, palestra Aspectos Comportamentais na Ger&ecirc;ncia      de Projetos, promovida pelo Setor de Treinamento e Divulga&ccedil;&atilde;o,      palestra sobre S!D\/CPM, sa&iacute;da de Arnaldo Jos&eacute; de Oliveira      do CECOM, concursos p&uacute;blicos da UFMG, a entrevista de Jos&eacute;      Maria da Silva Bessa na se&ccedil;&atilde;o &#8220;<i>Um Pouco de N&oacute;s<\/i>&#8221;,      entre outras. As not&iacute;cias que se destacaram foram:<\/p>\n<p><b>TREINAMENTO INTERNO<\/b><br \/>     <font face=\"1\">Conforme divulgado no Sistem&aacute;tico anterior, o      Setor de Treinamento e Divulga&ccedil;&atilde;o distribuiu um formul&aacute;rio      a todos os funcion&aacute;rios do CECOM com o objetivo de elaborar um      plano de treinamento interno.<br \/>     Os formul&aacute;rios est&atilde;o sendo recebidos no Setor de Treinamento      e Divulga&ccedil;&atilde;o, e o prazo de entrega expira hoje, quinta-feira.<\/font><\/p>\n<p><b>CART&Otilde;ES NA &Aacute;REA DE USU&Aacute;RIOS\/TERMINAIS NO SUBSOLO<\/b><br \/>     <font face=\"1\">O SAU &#8211; Setor de Apoio ao Usu&aacute;rio solicita aos      funcion&aacute;rios do CECOM que porventura tenham &#8220;abandonado&#8221;      caixas de cart&otilde;es na &Aacute;rea de Usu&aacute;rios e Terminais      do subsolo, que as recolham urgentemente, sob pena de &#8220;defenestra&ccedil;&atilde;o&#8221;      sum&aacute;ria das ditas caixas, medida esta necess&aacute;ria &agrave;      reorganiza&ccedil;&atilde;o da referida &aacute;rea<\/font>.<\/p>\n<p>    <\/span><!-- #EndEditable --><br \/>     <img loading=\"lazy\" decoding=\"async\" src=\"https:\/\/www.ufmg.br\/dti\/wp-content\/uploads\/imgs\/tudo_pixel.gif\" width=\"1\" height=\"8\" alt=\"\" border=\"0\">    <\/td>\n<td><img loading=\"lazy\" decoding=\"async\" src=\"https:\/\/www.ufmg.br\/dti\/wp-content\/uploads\/imgs\/tudo_pixel.gif\" width=\"1\" height=\"1\" alt=\"\" border=\"0\"><\/td>\n<td class=\"vermelho\"><img loading=\"lazy\" decoding=\"async\" src=\"https:\/\/www.ufmg.br\/dti\/wp-content\/uploads\/imgs\/tudo_pixel.gif\" width=\"1\" height=\"1\" alt=\"\" border=\"0\"><\/td>\n<\/tr>\n<tr>\n<td class=\"vermelho\" colspan=\"5\"><img loading=\"lazy\" decoding=\"async\" src=\"https:\/\/www.ufmg.br\/dti\/wp-content\/uploads\/imgs\/tudo_pixel.gif\" width=\"1\" height=\"1\" alt=\"\" border=\"0\"><\/td>\n<\/tr>\n<\/table>\n<p> <!-- fim tabela ha 20 anos --><\/div>\n<p><a name='eventos'><\/a><\/p>\n<h4>Eventos<\/h4>\n<div class=\"centro-sistematico\">  <!-- noticias --> <\/p>\n<table border=\"0\" cellspacing=\"0\" cellpadding=\"0\">\n<tr>\n<td><\/td>\n<td><\/td>\n<\/tr>\n<p>  <!-- #BeginEditable \"materias\" -->   <\/p>\n<tr>\n<td align=\"LEFT\" valign=\"TOP\"><\/td>\n<td align=\"LEFT\" valign=\"TOP\"> <a name=\"aeventos1\"><span class=\"titulo\">DIA DA SECRET&Aacute;RIA<\/span><\/a>     <span class=\"texto\">     <\/p>\n<p>O <i>Dia da Secret&aacute;ria<\/i> &eacute; comemorado no dia 30 de      setembro. Atrav&eacute;s de O Sistem&aacute;tico, o CECOM parabeniza      e cumprimenta Michele Marie Ribeiro Perp&eacute;tuo, Secret&aacute;ria      da Diretoria, e Rosa Am&eacute;lia dos Santos, secret&aacute;ria da      ATI.<\/p>\n<p>Mas n&atilde;o se pode esquecer de Adriana Aparecida de Melo e Eliz&acirc;ngela      de Souza Prado, recepcionistas do 8o. andar, e secret&aacute;rias de      todos n&oacute;s.<\/p>\n<p>    <\/span> <\/td>\n<\/tr>\n<tr>\n<td align=\"LEFT\" valign=\"TOP\"><\/td>\n<td align=\"LEFT\" valign=\"TOP\"><a name=\"aeventos2\"><span class=\"titulo\">RIFAS PARA     A FESTA DE NATAL<\/span><\/a> <span class=\"texto\">     <\/p>\n<p>Est&aacute; marcado para dia 1o. de outubro, o sorteio da rifa de um      teclado Yamaha PSR-210, promovido pela Comiss&atilde;o da Festa de Natal      do CECOM, para angariar fundos para a festa.<\/p>\n<p>At&eacute; o momento, a participa&ccedil;&atilde;o dos funcion&aacute;rios      est&aacute; bem t&iacute;mida, faltando muitos cupons para serem vendidos.      Desta vez, a turma n&atilde;o est&aacute; muito animada!<\/p>\n<p>A comiss&atilde;o solicita uma maior participa&ccedil;&atilde;o de      todos, uma vez que o sorteio ser&aacute; na pr&oacute;xima quarta-feira,      &agrave;s 16:00, na sala do caf&eacute; do 8o. andar.<\/p>\n<p>    <\/span>    <\/td>\n<\/tr>\n<tr>\n<td align=\"LEFT\" valign=\"TOP\"><\/td>\n<td align=\"LEFT\" valign=\"TOP\"><a name=\"aeventos3\"><span class=\"titulo\">SOCIAIS<\/span><\/a>     <span class=\"texto\">     <\/p>\n<p><b>ANIVERS&Aacute;RIOS:<\/b> <i>&#8220;O Sistem&aacute;tico&#8221; envia      os parab&eacute;ns para Ant&ocirc;nio Carlos Souza Lima Junior, no dia      27; Gino Ottoni Durante, no dia 29; e Rosa Am&eacute;lia dos Santos,      no dia 30. E os parab&eacute;ns para os ex-ceconianos: Janer Olinto      de Andrade, no dia 26; Al&eacute;xia Maria M&uuml;ller de Gouveia, no      dia 29; Jo&atilde;o Carlos Bretas Leite, no dia 01 de outubro; e Geraldo      Jos&eacute; Coelho Ribeiro, no dia 02.<\/i><\/p>\n<p>    <\/span>    <\/td>\n<\/tr>\n<p>  <!-- #EndEditable -->  <\/table>\n<p> <!-- fim noticias --><\/div>\n","protected":false},"excerpt":{"rendered":"<p>Not\u00edcias INICIADAS ATIVIDADES RELATIVAS &Agrave; GED DIRETORIA REVISA NORMA DE FREQ&Uuml;&Ecirc;NCIA DAC FAZ TREINAMENTO SOBRE O SGBD ORACLE CECOM PARTICIPA DO ORACLE LINUX DAY Informativo GENTEWHERE DICAS DE SITES INTERESSANTES PLANT&Atilde;O INFO OBRAS NAS TUBULA&Ccedil;&Otilde;ES DA REITORIA CLASSIFICADO MEM&Oacute;RIA FOTOGR&Aacute;FICA DO CECOM H\u00e1 20 anos&#8230; Eventos DIA DA SECRET&Aacute;RIA RIFAS PARA A FESTA DE NATAL &#8230; <a title=\"Sistem\u00e1tico: Edi\u00e7\u00e3o 1174 &#8211; 25\/09\/2003\" class=\"read-more\" href=\"https:\/\/www.ufmg.br\/dti\/2003\/09\/25\/sistematico-edicao-1174-25092003\/\" aria-label=\"Read more about Sistem\u00e1tico: Edi\u00e7\u00e3o 1174 &#8211; 25\/09\/2003\">Ler mais<\/a><\/p>\n","protected":false},"author":3,"featured_media":0,"comment_status":"open","ping_status":"open","sticky":false,"template":"","format":"standard","meta":{"inline_featured_image":false,"footnotes":""},"categories":[13],"tags":[],"coauthors":[79],"class_list":["post-3190","post","type-post","status-publish","format-standard","hentry","category-sistematico"],"_links":{"self":[{"href":"https:\/\/www.ufmg.br\/dti\/wp-json\/wp\/v2\/posts\/3190","targetHints":{"allow":["GET"]}}],"collection":[{"href":"https:\/\/www.ufmg.br\/dti\/wp-json\/wp\/v2\/posts"}],"about":[{"href":"https:\/\/www.ufmg.br\/dti\/wp-json\/wp\/v2\/types\/post"}],"author":[{"embeddable":true,"href":"https:\/\/www.ufmg.br\/dti\/wp-json\/wp\/v2\/users\/3"}],"replies":[{"embeddable":true,"href":"https:\/\/www.ufmg.br\/dti\/wp-json\/wp\/v2\/comments?post=3190"}],"version-history":[{"count":0,"href":"https:\/\/www.ufmg.br\/dti\/wp-json\/wp\/v2\/posts\/3190\/revisions"}],"wp:attachment":[{"href":"https:\/\/www.ufmg.br\/dti\/wp-json\/wp\/v2\/media?parent=3190"}],"wp:term":[{"taxonomy":"category","embeddable":true,"href":"https:\/\/www.ufmg.br\/dti\/wp-json\/wp\/v2\/categories?post=3190"},{"taxonomy":"post_tag","embeddable":true,"href":"https:\/\/www.ufmg.br\/dti\/wp-json\/wp\/v2\/tags?post=3190"},{"taxonomy":"author","embeddable":true,"href":"https:\/\/www.ufmg.br\/dti\/wp-json\/wp\/v2\/coauthors?post=3190"}],"curies":[{"name":"wp","href":"https:\/\/api.w.org\/{rel}","templated":true}]}}