{"id":3199,"date":"2003-07-17T08:00:00","date_gmt":"2003-07-17T08:00:00","guid":{"rendered":"https:\/\/www.ufmg.br\/dti\/cecom\/?p=1463"},"modified":"2003-07-17T08:00:00","modified_gmt":"2003-07-17T08:00:00","slug":"sistematico-edicao-1164-17072003","status":"publish","type":"post","link":"https:\/\/www.ufmg.br\/dti\/2003\/07\/17\/sistematico-edicao-1164-17072003\/","title":{"rendered":"Sistem\u00e1tico: Edi\u00e7\u00e3o 1164 &#8211; 17\/07\/2003"},"content":{"rendered":"<ul>\n<li><a href=\"\/dti\/#noticias\">Not\u00edcias<\/a>\n<div class='submenuSistematico'>\n<ul>\n<li><a href=\"\/dti\/#anoticias1\"><span class=\"titulo\">NOVA METODOLOGIA     DE DESENVOLVIMENTO PARA A WEB EST&Aacute; PRONTA<\/span><\/a><\/li>\n<li><a href=\"\/dti\/#anoticias2\" id=\"2\"><span class=\"titulo\">REDE     REITORIA AINDA EM OBSERVA&Ccedil;&Atilde;O<\/span><\/a><\/li>\n<li><a href=\"\/dti\/#anoticias3\"><span class=\"titulo\">CECOM DIVULGA     ASPECTOS SOBRE MIGRA&Ccedil;&Atilde;O DE SOFTWARE<\/span><\/a><\/li>\n<li><a href=\"\/dti\/#anoticias4\"><span class=\"titulo\">MAIS DE     TR&Ecirc;S ANOS DE &quot;O SISTEM&Aacute;TICO&quot; DISPON&Iacute;VEIS     NA WEB<\/span><\/a><\/li>\n<li><a href=\"\/dti\/#anoticias5\"><span class=\"titulo\">CECOM CONTRATA     NOVO ESTAGI&Aacute;RIO<\/span><\/a><\/li>\n<\/ul>\n<\/div>\n<\/li>\n<li><a href=\"\/dti\/#informativo\">Informativo<\/a>\n<div class='submenuSistematico'>\n<ul>\n<li><a href=\"\/dti\/#ainformativo1\"><span class=\"titulo\">GENTEWARE<\/span><br \/>    <\/a><\/li>\n<li><a href=\"\/dti\/#ainformativo2\"><span class=\"titulo\">ESTAT&Iacute;STICAS     DE SISTEMA ANTI-SPAM DE JUNHO<\/span><\/a><\/li>\n<li><a href=\"\/dti\/#ainformativo3\"><span class=\"titulo\">DRH DIVULGA     RESULTADO DO SORTEIO DAS BOLSAS PR&Eacute;-VESTIBULAR<\/span><\/a><\/li>\n<li><a href=\"\/dti\/#ainformativo4\"><span class=\"titulo\">ENAP PROMOVE     CURSOS A DIST&Acirc;NCIA<\/span><\/a><\/li>\n<li><a href=\"\/dti\/#ainformativo5\"><span class=\"titulo\">PLANT&Atilde;O     INFO<\/span><\/a><\/li>\n<li><a href=\"\/dti\/#ainformativo6\"><span class=\"titulo\">MEM&Oacute;RIA     FOTOGR&Aacute;FICA DO CECOM<\/span><\/a><\/li>\n<li><a href=\"\/dti\/#ainformativo7\"><img loading=\"lazy\" decoding=\"async\" src=\"https:\/\/www.ufmg.br\/dti\/wp-content\/uploads\/imgs\/tudo_pixel.gif\" width=\"1\" height=\"8\" alt=\"\" border=\"0\"><br \/>    <span class=\"titulo\">H\u00e1 20 anos&#8230;<\/span><\/a><\/li>\n<\/ul>\n<\/div>\n<\/li>\n<li><a href=\"\/dti\/#eventos\">Eventos<\/a>\n<div class='submenuSistematico'>\n<ul>\n<li><a href=\"\/dti\/#aeventos1\"><span class=\"titulo\">FESTA JUNINA     DO CECOM<\/span><\/a><\/li>\n<li><a href=\"\/dti\/#aeventos2\"><span class=\"titulo\">UFMG PROMOVE     <i>F&Eacute;RIAS NO MUSEU<\/i><\/span><\/a><\/li>\n<li><a href=\"\/dti\/#aeventos3\"><span class=\"titulo\">SOCIAIS<\/span><\/a><\/li>\n<\/ul>\n<\/div>\n<\/li>\n<\/ul>\n<p> <a name='noticias'><\/a><\/p>\n<h4>Not\u00edcias<\/h4>\n<div class=\"centro-sistematico\">  <!-- noticias --> <\/p>\n<table border=\"0\" cellspacing=\"0\" cellpadding=\"0\">\n<tr>\n<td><\/td>\n<td><\/td>\n<\/tr>\n<p>  <!-- #BeginEditable \"materias\" -->   <\/p>\n<tr>\n<td align=\"LEFT\" valign=\"TOP\"><\/td>\n<td align=\"LEFT\" valign=\"TOP\"> <a name=\"anoticias1\"><span class=\"titulo\">NOVA METODOLOGIA     DE DESENVOLVIMENTO PARA A WEB EST&Aacute; PRONTA<\/span><\/a><span class=\"texto\">     <\/p>\n<p><span class=\"texto\">Conforme havia sido previsto, a equipe que vem      participando do desenvolvimento do projeto do novo Sistema Acad&ecirc;mico      da P&oacute;s-gradua&ccedil;&atilde;o concluiu, no final do m&ecirc;s      de junho, a etapa de elabora&ccedil;&atilde;o e consolida&ccedil;&atilde;o      da Metodologia de Engenharia de Software, que passar&aacute; a ser adotada      pelo CECOM para o projeto, desenvolvimento e implanta&ccedil;&atilde;o      de sistemas em ambiente Web.<\/span><\/p>\n<p><span class=\"texto\">Com a ado&ccedil;&atilde;o de novas tecnologias      de desenvolvimento de sistemas de informa&ccedil;&atilde;o, tais como      as centradas em Orienta&ccedil;&atilde;o a Objetos, com interfaceamento      Web e linguagem de modelagem UML, se faz necess&aacute;ria a constru&ccedil;&atilde;o      de novos paradigmas que, efetivamente, congreguem a teoria com o pragmatismo      contextual da nossa realidade.<\/span><\/p>\n<p><span class=\"texto\">Para viabilizar este objetivo, o CECOM contou com      consultores externos, oriundos da empresa Squadra Tecnologia em Sistemas.      Mesclando e integrando experi&ecirc;ncias, demandas e estudo da tecnologia,      foi desenvolvida a nova metodologia.<\/span><\/p>\n<p><span class=\"texto\">Com sua evolu&ccedil;&atilde;o, amadurecimento      e valida&ccedil;&atilde;o no uso em um caso real, que neste momento      &eacute; o desenvolvimento do novo Sistema Acad&ecirc;mico da P&oacute;s-gradua&ccedil;&atilde;o,      o CECOM est&aacute; tendo condi&ccedil;&otilde;es de estabelecer a base      que garantir&aacute; qualidade t&eacute;cnica no desenvolvimento dos      novos sistemas em ambiente Web, seja contando com pessoal do pr&oacute;prio      quadro, ou contratado externamente por projeto.<\/span><\/p>\n<p>    <\/span> <\/p>\n<p><span class=\"texto\">Desta forma, a partir do m&ecirc;s de agosto,      a diretora da DAA, M&aacute;rcia Regina Lemos, o coordenador do projeto      da P&oacute;s-gradua&ccedil;&atilde;o no CECOM, Gilmar Lima Guimar&atilde;es,      e o diretor do Centro de Computa&ccedil;&atilde;o, Carlos Alfeu Furtado      da Fonseca estar&atilde;o iniciando estudos para a elabora&ccedil;&atilde;o      de editais de contrata&ccedil;&atilde;o de servi&ccedil;os terceirizados,      para que seja poss&iacute;vel a montagem de equipes para os novos projetos      que vir&atilde;o e que ser&atilde;o baseados na nova metodologia.<\/span><\/p>\n<p><span class=\"texto\">Al&eacute;m do coordenador Gilmar Guimar&atilde;es,      participaram da elabora&ccedil;&atilde;o e consolida&ccedil;&atilde;o      da metodologia os analistas Vin&iacute;cius Bozzi Nonato e Marco Aur&eacute;lio      S. Mendes, ambos da Squadra, e os analistas Denise Cristina de Assis      Moreira, Maria Beatriz de Souza Pereira Prado, M&aacute;rio Magalh&atilde;es      Lara e Raimundo Natalino Chaves, todos da Divis&atilde;o de Aplicativos      e Sistemas do CECOM.<\/span><\/p>\n<p> <\/td>\n<\/tr>\n<tr>\n<td align=\"LEFT\" valign=\"TOP\"><\/td>\n<td align=\"LEFT\" valign=\"TOP\"> <a name=\"anoticias2\" id=\"2\"><span class=\"titulo\">REDE     REITORIA AINDA EM OBSERVA&Ccedil;&Atilde;O<\/span><\/a><span class=\"texto\">     <\/p>\n<p><span class=\"texto\">Nas &uacute;ltimas semanas, os usu&aacute;rios      dos servi&ccedil;os de rede local da Reitoria v&ecirc;m enfrentando      problemas na utiliza&ccedil;&atilde;o dos recursos nela dispon&iacute;veis.      Estes problemas t&eacute;cnicos se relacionam ao software utilizado,      no caso o Netware, desenvolvido pela empresa Novell.<\/span><\/p>\n<p>    <\/span> <\/p>\n<p><span class=\"texto\">Este mesmo software &eacute; usado nas      redes locais das Unidades Administrativas II e III, BU, Imprensa e CECOM.      No caso destas redes, os problemas ocorridos na &uacute;ltima semana      de junho foram sanados e elas se encontram em funcionamento normal.<\/span><\/p>\n<p><span class=\"texto\">No caso da Reitoria, o problema que vinha ocorrendo      se relacionava &agrave; queda gradual de desempenho do funcionamento      do software, limitando sua capacidade de atender a usu&aacute;rios que      tentavam acessar a rede no decorrer do dia. Estas situa&ccedil;&otilde;es      foram mapeadas e informadas &agrave; Novell, de quem o CECOM recebeu      algumas orienta&ccedil;&otilde;es com poss&iacute;veis solu&ccedil;&otilde;es      t&eacute;cnicas a serem adotadas.<\/span><\/p>\n<p><span class=\"texto\">Aplicadas estas alternativas a rede Reitoria encontra-se,      neste momento, em est&aacute;gio de observa&ccedil;&atilde;o quanto      ao seu comportamento, n&atilde;o sendo mais notadas ocorr&ecirc;ncias      de queda de desempenho.<\/span><\/p>\n<p><span class=\"texto\">Entretanto, tem sido comum a chegada de algumas      solicita&ccedil;&otilde;es de servi&ccedil;o &agrave; DAC, no servi&ccedil;o      de atendimento telef&ocirc;nico, pelo ramal 4009, queixas quanto ao      funcionamento da rede que, na verdade, dizem respeito a outras quest&otilde;es,      tais como, queda de energia el&eacute;trica, travamento de micros, desligamento      de switchs e configura&ccedil;&atilde;o inadequada do correio eletr&ocirc;nico      Notes.<\/span><\/p>\n<p><span class=\"texto\">Por esta raz&atilde;o, o CECOM recomenda aten&ccedil;&atilde;o      quanto &agrave; correta identifica&ccedil;&atilde;o do problema, bem      como sua imediata comunica&ccedil;&atilde;o atrav&eacute;s do ramal      4009. Agindo desta forma, ser&aacute; poss&iacute;vel n&atilde;o s&oacute;      agilizar o processo de acompanhamento dos casos que ocorrerem, como      tamb&eacute;m esclarecer as d&uacute;vidas que t&ecirc;m surgido.<\/span><\/p>\n<p>    <span class=\"texto\">     <\/p>\n<p>&nbsp;<\/p>\n<p>    <\/span>     <\/td>\n<\/tr>\n<tr>\n<td align=\"LEFT\" valign=\"TOP\"><\/td>\n<td align=\"LEFT\" valign=\"TOP\"> <a name=\"anoticias3\"><span class=\"titulo\">CECOM DIVULGA     ASPECTOS SOBRE MIGRA&Ccedil;&Atilde;O DE SOFTWARE<\/span><\/a> <span class=\"texto\">     <\/p>\n<p>Na ter&ccedil;a-feira da &uacute;ltima semana, dia 08\/07, o CECOM recebeu      a visita de Frederico Fernandes de Andrade, da equipe de inform&aacute;tica      da Procuradoria Geral de Justi&ccedil;a do Estado de Minas Gerais. O      objetivo da visita foi conhecer os procedimentos, executados na universidade,      para abrir alternativas t&eacute;cnicas e econ&ocirc;micas vi&aacute;veis      de substitui&ccedil;&atilde;o do pacote Microsoft Office.<\/p>\n<p>Frederico Andrade foi recebido pela diretora da DAC, Aleixina Maria      Lopes Andal&eacute;cio, que relatou todos os passos seguidos, destacando      a import&acirc;ncia da conscientiza&ccedil;&atilde;o dos usu&aacute;rios      sobre a necessidade de mudan&ccedil;a dos programas e da n&atilde;o      utiliza&ccedil;&atilde;o de softwares que n&atilde;o estivessem corretamente      licenciados. Nesta explana&ccedil;&atilde;o, foram apresentados os passos      estrat&eacute;gicos adotados para a utiliza&ccedil;&atilde;o do Lotus      SmartSuite nas redes administrativas e as experi&ecirc;ncias existentes      de ado&ccedil;&atilde;o do pacote gratuito OpenOffice, principal interesse      da Procuradoria, que deve realizar processo semelhante.<\/p>\n<p>    <\/span>     <\/td>\n<\/tr>\n<tr>\n<td align=\"LEFT\" valign=\"TOP\"><\/td>\n<td align=\"LEFT\" valign=\"TOP\"> <a name=\"anoticias4\"><span class=\"titulo\">MAIS DE     TR&Ecirc;S ANOS DE &quot;O SISTEM&Aacute;TICO&quot; DISPON&Iacute;VEIS     NA WEB<\/span><\/a> <span class=\"texto\">     <\/p>\n<p>Desde o in&iacute;cio do m&ecirc;s de julho, j&aacute; se encontram      dispon&iacute;veis para consulta, no site do CECOM, as edi&ccedil;&otilde;es      de O Sistem&aacute;tico publicadas na Internet desde o n&uacute;mero      1058, de 11\/01\/2001. A consulta a estas edi&ccedil;&otilde;es est&aacute;      dispon&iacute;vel na p&aacute;gina <a href=\"https:\/\/www.ufmg.br\/dti\/cecom\/si_ed_anteriores.shtml\">https:\/\/www.ufmg.br\/dti\/cecom\/si_ed_anteriores.shtml<\/a>.<\/p>\n<p>Outra possibilidade para se ter acesso a esta colet&acirc;nea de edi&ccedil;&otilde;es      &eacute; entrar no box <i>Sistem&aacute;tico<\/i>, localizado na faixa      amarela, na parte de cima da primeira p&aacute;gina do site do CECOM,      e clicar em seguida <i>Edi&ccedil;&otilde;es Anteriores<\/i>, cujo link      est&aacute; dispon&iacute;vel &agrave; esquerda, embaixo, na primeira      p&aacute;gina de &#8220;O Sistem&aacute;tico&#8221;.<\/p>\n<p>Este trabalho de levantamento e publica&ccedil;&atilde;o das edi&ccedil;&otilde;es      anteriores publicadas na Web esteve a cargo da editora do jornal, Maria      Jos&eacute; Cortezzi, e da estagi&aacute;ria Aline Toledo Silva.<\/p>\n<p>    <\/p>\n<p>    <\/span><\/td>\n<\/tr>\n<tr>\n<td align=\"LEFT\" valign=\"TOP\"><\/td>\n<td align=\"LEFT\" valign=\"TOP\"> <a name=\"anoticias5\"><span class=\"titulo\">CECOM CONTRATA     NOVO ESTAGI&Aacute;RIO<\/span><\/a> <span class=\"texto\">     <\/p>\n<p>Com a sa&iacute;da de Aline Toledo Silva, estagi&aacute;ria da Divis&atilde;o      de Apoio Administrativo, o CECOM contratou para ocupar a vaga o aluno      Ant&ocirc;nio Carlos de Souza Lima Junior.<\/p>\n<p>Ant&ocirc;nio &eacute; aluno do 5o. per&iacute;odo do curso de Comunica&ccedil;&atilde;o      Social da UFMG e iniciou o est&aacute;gio no dia 07 de julho\/2003, prestando      servi&ccedil;os na DAA, em atividades de manuten&ccedil;&atilde;o do      site do CECOM.<\/p>\n<p>    <\/p>\n<p>    <\/span><\/td>\n<\/tr>\n<p>  <!-- #EndEditable -->  <\/table>\n<p> <!-- fim noticias --><\/div>\n<p><a name='informativo'><\/a><\/p>\n<h4>Informativo<\/h4>\n<div class=\"centro-sistematico\">  <!-- noticias --> <\/p>\n<table border=\"0\" cellspacing=\"0\" cellpadding=\"0\">\n<tr>\n<td><\/td>\n<td><\/td>\n<\/tr>\n<p>  <!-- #BeginEditable \"materias\" -->   <\/p>\n<tr>\n<td align=\"LEFT\" valign=\"TOP\"><\/td>\n<td align=\"LEFT\" valign=\"TOP\"><a name=\"ainformativo1\"><span class=\"titulo\">GENTEWARE<\/span><br \/>    <\/a> <img loading=\"lazy\" decoding=\"async\" src=\"https:\/\/www.ufmg.br\/dti\/wp-content\/uploads\/imgs\/tudo_pixel.gif\" width=\"1\" height=\"20\" alt=\"\" border=\"0\"><br \/>     <span class=\"texto\"> <img loading=\"lazy\" decoding=\"async\" src=\"https:\/\/www.ufmg.br\/dti\/wp-content\/uploads\/fotos\/alineentrev.jpg\" width=\"354\" height=\"245\" alt=\"\" border=\"0\" hspace=\"0\" vspace=\"0\" align=\"left\"><img loading=\"lazy\" decoding=\"async\" src=\"https:\/\/www.ufmg.br\/dti\/wp-content\/uploads\/imgs\/tudo_pixel.gif\" width=\"20\" height=\"245\" alt=\"\" border=\"0\" hspace=\"0\" vspace=\"0\" align=\"left\">Mais     uma entrevista de despedida! O seu &uacute;ltimo dia no CECOM foi 08 de     julho e, na correria em que estava, nem deu tempo de se despedir de todos.     Ela &eacute; Aline Toledo Silva, estagi&aacute;ria lotada na DAA &#8211; Divis&atilde;o     de Apoio Administrativo. T&iacute;mida, Aline sempre chegava tranq&uuml;ila     para trabalhar, mas s&oacute; quem conviveu com ela nos &uacute;ltimo     meses, sabia o tanto de trabalho em que estava envolvida. De longe, Aline     conversou com O Sistem&aacute;tico para contar a sua experi&ecirc;ncia     no CECOM.     <\/p>\n<p><b>SIST:<\/b> Quando entrou para a UFMG?<br \/>     <b>ALINE:<\/b> Entrei na UFMG, no curso de Comunica&ccedil;&atilde;o      Social, no primeiro semestre de 2001. Hoje, estou no quinto per&iacute;odo      de Publicidade e Propaganda, uma das 4 habilita&ccedil;&otilde;es do      curso.<\/p>\n<p><b>SIST:<\/b> Como veio fazer est&aacute;gio no CECOM?<br \/>     <b>ALINE:<\/b> Foi no final do terceiro per&iacute;odo, no ano de 2002,      que fiquei sabendo sobre o est&aacute;gio. O Carlos Alfeu ligou para      C.R.I.A., empresa J&uacute;nior de Comunica&ccedil;&atilde;o Social      da UFMG, pedindo &agrave; presidente a indica&ccedil;&atilde;o de algu&eacute;m      com conhecimento do Dreamweaver e HTML, para o est&aacute;gio. E ela      me indicou. Era o m&ecirc;s de Setembro, e a gest&atilde;o da C.R.I.A.      estava chegando ao fim. Eu era diretora de Marketing e n&atilde;o pretendia      me recandidatar. Achei que era uma boa oportunidade para aprimorar meus      conhecimentos sobre <i>webdesign<\/i> e sobre os softwares. Liguei, ent&atilde;o,      para o CECOM e marquei uma entrevista com o Carlos Alfeu. Deu tudo certo      e fui contratada no dia 01 de outubro de 2002.<\/p>\n<p><b>SIST:<\/b> Como &eacute; o trabalho na C.R.I.A.?<br \/>     <b>ALINE:<\/b> Desde o segundo per&iacute;odo do curso, eu trabalho l&aacute;.      Passei por todas as &aacute;reas da empresa: Atendimento, Cria&ccedil;&atilde;o,      Marketing, Planejamento Estrat&eacute;gico, dentre outras. Mas hoje      estou s&oacute; na cria&ccedil;&atilde;o. A gente fazia de tudo, atendia      os clientes, pegava as informa&ccedil;&otilde;es sobre a demanda, realizava      a demanda, pedia or&ccedil;amento na gr&aacute;fica, fazia o acompanhamento      gr&aacute;fico, planejava as estrat&eacute;gias de marketing da empresa      e seu planejamento estrat&eacute;gico e posicionamento frente aos p&uacute;blicos.      &Eacute; muito trabalho!<\/p>\n<p><b>SIST:<\/b> Como foi o est&aacute;gio no CECOM?<br \/>     <b>ALINE:<\/b> O est&aacute;gio no CECOM foi muito proveitoso. Atendi      aos meus objetivos, aperfei&ccedil;oei meus conhecimentos nos softwares      e em webdesign, aprendi como &eacute; o funcionamento de uma institui&ccedil;&atilde;o      p&uacute;blica, apesar de o CECOM n&atilde;o ter um car&aacute;ter essencialmente      p&uacute;blico. Aprendi algumas coisas sobre computadores, como instalar      uma entrada USB (n&atilde;o &eacute;, Frota?) e mem&oacute;ria (n&eacute;,      M&aacute;rcio?). <br \/>     No CECOM, eu tinha bastante oportunidades de pesquisar sobre diversas      coisas na internet, estudar, al&eacute;m do suporte necess&aacute;rio      para o que eu precisava para a faculdade e aprender mais sobre os programas      que j&aacute; sabia e os que sabia menos.<\/p>\n<p><b>SIST:<\/b> Como foi trabalhar na DAA?<br \/>     <b>ALINE:<\/b> O trabalho na DAA era muito divertido. As pessoas s&atilde;o      muito legais. N&atilde;o vou citar nomes para n&atilde;o cometer a indelicadeza      de esquecer algu&eacute;m, mas eu me dei bem com todo mundo. Vou sentir      muita falta de voc&ecirc;s, dos almo&ccedil;os, das conversas na sala      do caf&eacute;, das festinhas de anivers&aacute;rio. D&aacute; pra perceber      que s&atilde;o pessoas que sentem alegria em viver, que fazem de pequenos      acontecimentos, acontecimentos marcantes. Esse recadinho vai para todo      mundo com quem convivi no CECOM, n&atilde;o s&oacute; para a DAA.<\/p>\n<p><b>SIST:<\/b> Por que saiu do CECOM? <br \/>     <b>ALINE:<\/b> N&atilde;o queria sair do CECOM. Estou saindo porque n&atilde;o      tenho alternativas. Estava envolvida em muitas atividades da faculdade      e extra-curriculares. N&atilde;o tinha tempo para realizar meus trabalhos,      tanto da faculdade quanto de fora, com o capricho que mereciam. Passei      a fazer as coisas de madrugada, na hora do almo&ccedil;o. Vivia correndo      de um lado para o outro, me alimentando mal. Tinha que abrir m&atilde;o      de algo, e o &uacute;nico que era poss&iacute;vel era o est&aacute;gio      aqui.<\/p>\n<p><b>SIST:<\/b> Conta um pouco sobre voc&ecirc;.<br \/>     <b>ALINE:<\/b> Nasci em Te&oacute;filo Otoni. Morei l&aacute; at&eacute;      passar no vestibular da UFMG e, ent&atilde;o, tive que mudar para c&aacute;.      Minha fam&iacute;lia toda &eacute; de l&aacute;. Moro com meu irm&atilde;o      Marcelo, que veio para Belo Horizonte fazer a terceira s&eacute;rie      do ensino m&eacute;dio.<\/p>\n<p><b>SIST: <\/b>Tem ido &agrave; sua cidade?<br \/>     <b>ALINE:<\/b> Ultimamente, n&atilde;o tenho ido muito &agrave; minha      cidade. Nos feriados nunca d&aacute; tempo, e minhas f&eacute;rias na      faculdade n&atilde;o coincidiram com as do CECOM. Dobrei uma semana      no trabalho e passei outra em Te&oacute;filo Otoni. Mas &eacute; dif&iacute;cil      ter uma oportunidade para viajar, e quando tenho, vou.<\/p>\n<p><b>SIST: <\/b>Coisas que voc&ecirc; gosta.<br \/>     <b>ALINE:<\/b> Eu adoro ir ao cinema, sou fascinada com isso. Gosto de      coisas simples, como tomar um milkshake de ovomaltine e passear na pra&ccedil;a      da Liberdade, deitar na grama e observar as nuvens passar, ler um livro,      uma revista, ouvir m&uacute;sica&#8230;<\/p>\n<p><b>SIST:<\/b> O que pretende fazer daqui pr&aacute; frente?<br \/>     <b>ALINE:<\/b> A curto prazo, pretendo descansar um pouco, fazer um curso      de Design Gr&aacute;fico e de desenho, para aperfei&ccedil;oar o que      sei, e me formar em Ingl&ecirc;s. A m&eacute;dio prazo, pretendo trabalhar      em alguma ag&ecirc;ncia, fazer um curso de especializa&ccedil;&atilde;o      na minha &aacute;rea fora do Brasil. A longo prazo, ainda n&atilde;o      sei. Pretendo chegar at&eacute; l&aacute; para ver o que vai acontecer.<\/p>\n<p>Agradecemos &agrave; Aline pela entrevista, que quase foi imposs&iacute;vel      de ser feita. E agradecemos &agrave; ela pela sua presen&ccedil;a, nos      &uacute;ltimos meses, no CECOM.<\/p>\n<p>    <\/span> <\/td>\n<\/tr>\n<tr>\n<td align=\"LEFT\" valign=\"TOP\"><\/td>\n<td align=\"LEFT\" valign=\"TOP\"><a name=\"ainformativo2\"><span class=\"titulo\">ESTAT&Iacute;STICAS     DE SISTEMA ANTI-SPAM DE JUNHO<\/span><\/a> <span class=\"texto\">     <\/p>\n<p>Os gr&aacute;ficos mostram, dia a dia, os n&uacute;meros de mensagens      trabalhadas e recusadas durante o m&ecirc;s de junho de 2003. O pico      de mensagens rejeitadas ocorrido no dia 04 deve-se, provavelmente, a      uma tentativa de ataque por um programa de SPAM mal implementado, que      n&atilde;o reconhecia as mensagens de erro enviadas pelo servidor de      e-mail da UFMG.<\/p>\n<p><img loading=\"lazy\" decoding=\"async\" src=\"https:\/\/www.ufmg.br\/dti\/wp-content\/uploads\/imgs\/estat_virus_200306_cor.gif\" width=\"500\" height=\"340\"><\/p>\n<p><img loading=\"lazy\" decoding=\"async\" src=\"https:\/\/www.ufmg.br\/dti\/wp-content\/uploads\/imgs\/estat_rejeitadas_200306_cor.gif\" width=\"500\" height=\"332\"><\/p>\n<p>    <\/span> <\/td>\n<\/tr>\n<tr>\n<td align=\"LEFT\" valign=\"TOP\"><\/td>\n<td align=\"LEFT\" valign=\"TOP\"><a name=\"ainformativo3\"><span class=\"titulo\">DRH DIVULGA     RESULTADO DO SORTEIO DAS BOLSAS PR&Eacute;-VESTIBULAR<\/span><\/a> <span class=\"texto\">     <\/p>\n<p>O Depto. de Desenvolvimento de Recursos Humanos divulgou, atrav&eacute;s      de e-mail, para os diretores das unidades\/&oacute;rg&atilde;os, o resultado      do sorteio das Bolsas Pr&eacute;-Vestibular deste ano. Na lista, est&atilde;o      relacionados os servidores sorteados, titulares e suplentes.<\/p>\n<p>Este ano, n&atilde;o foi inclu&iacute;do nenhum funcion&aacute;rio      do CECOM.<\/p>\n<p>    <\/p>\n<p>    <\/span> <\/td>\n<\/tr>\n<tr>\n<td align=\"LEFT\" valign=\"TOP\"><\/td>\n<td align=\"LEFT\" valign=\"TOP\"><a name=\"ainformativo4\"><span class=\"titulo\">ENAP PROMOVE     CURSOS A DIST&Acirc;NCIA<\/span><\/a> <span class=\"texto\">     <\/p>\n<p>A ENAP &#8211; Escola Nacional de Administra&ccedil;&atilde;o P&uacute;blica      est&aacute; promovendo cursos a dist&acirc;ncia &#8211; Via Internet. A inscri&ccedil;&atilde;o      &eacute; gratuita e as vagas s&atilde;o limitadas. Para participar,      o interessado deve ter conta de e-mail individual, saber usar a Internet      e os programas Word e Excel.<\/p>\n<p>Informa&ccedil;&otilde;es e inscri&ccedil;&otilde;es atrav&eacute;s      da p&aacute;gina da ENAP &#8211; www.enap.gov.br, Educa&ccedil;&atilde;o a      Dist&acirc;ncia, no link <i>e-cursos<\/i>.<\/p>\n<p>    <\/p>\n<p>    <\/span> <\/td>\n<\/tr>\n<tr>\n<td align=\"LEFT\" valign=\"TOP\"><\/td>\n<td align=\"LEFT\" valign=\"TOP\"><a name=\"ainformativo5\"><span class=\"titulo\">PLANT&Atilde;O     INFO<\/span><\/a> <span class=\"texto\">     <\/p>\n<p>O <b>Plant&atilde;o Info<\/b> divulgou, no in&iacute;cio do m&ecirc;s      de julho, as seguintes not&iacute;cias:<\/p>\n<p><b>Steven Spielberg adere a Linux em Simbad<\/b> (03 de julho\/2003)      &#8211; O ping&uuml;im foi ao cinema. J&aacute; estreou nos Estados Unidos      Simbad: A Lenda dos Sete Mares, primeira anima&ccedil;&atilde;o desenvolvida      totalmente em Linux. <br \/>     Para recriar a atmosfera do &eacute;pico, a DreamWorks, de Steven Spielberg,      usou apenas m&aacute;quinas da HP rodando a distribui&ccedil;&atilde;o      RedHat do Linux. Segundo o Vnunet.com, al&eacute;m de elogiar a performance      do sistema, a equipe de anima&ccedil;&atilde;o da produtora declarou      que conseguiu criar mais em menos tempo, economizando dinheiro no processo.      <br \/>     A chegada do ping&uuml;im afetou at&eacute; uma &aacute;rea tradicional      da anima&ccedil;&atilde;o: a ferramenta da Silicon Graphics para a revis&atilde;o      das artes digitais criadas foi substitu&iacute;da por um programa baseado      em Linux, criado pela pr&oacute;pria DreamWorks.<\/p>\n<p><b>IBM fatura 1,5 bilh&atilde;o de d&oacute;lares, diz EXAME<\/b> (04      de julho\/2003) &#8211; Maior empresa de tecnologia e computa&ccedil;&atilde;o      do pa&iacute;s, a IBM teve um faturamento de 1,591 bilh&atilde;o de      d&oacute;lares no ano passado. O n&uacute;mero foi divulgado no dia      03\/07 pela publica&ccedil;&atilde;o Melhores e Maiores da EXAME, a principal      revista de neg&oacute;cios do pa&iacute;s. <br \/>     Trata-se de uma estimativa da revista, pois a Big Blue n&atilde;o revela      suas vendas por pa&iacute;s. No ranking de M&amp;M, depois da IBM vem      a Xerox, com 801 milh&otilde;es de d&oacute;lares de faturamento, seguida      da Intel, com 622,9. <br \/>     Entre as 10 primeiras colocadas em faturamento, duas empresas s&atilde;o      brasileiras: a Itautec Philco, em quarto lugar, com faturamento de 477,5      milh&otilde;es de d&oacute;lares, e o Serpro, com 335, 3 milh&otilde;es.<\/p>\n<p><b>CarTrack monitora ve&iacute;culos pela rede 2,5G<\/b> (04 de julho\/2003)      &#8211; A empresa Mowa &#8211; Mobile Wireless Application criou um novo aplicativo      para monitoramento de ve&iacute;culos pela rede 2,5G CDMA 1X da operadora      Vivo. O dispositivo combina rastreamento via GPS e transmiss&atilde;o      imediata pela rede celular. <br \/>     Chamada de CarTrack, a solu&ccedil;&atilde;o &eacute; composta por hardware      e software, ambos desenvolvidos pela Mowa. O equipamento integra uma      antena de localiza&ccedil;&atilde;o GPS e um modem celular numa caixinha      de 13 cent&iacute;metros de comprimento por 10 cent&iacute;metros de      largura e 4 cent&iacute;metros de altura. <br \/>     A antena se encarrega de captar longitude e latitude dos sat&eacute;lites      e velocidade e dire&ccedil;&atilde;o do ve&iacute;culo. Essas informa&ccedil;&otilde;es      s&atilde;o criptografadas e enviadas pela rede CDMA 1X. <br \/>     As coordenadas s&atilde;o enviadas em intervalos de at&eacute; um segundo.      Irregularidades como velocidades acima do normal ou sinal de arrombamento      de portas (detectado por sensores instalados no ve&iacute;culo) s&atilde;o      enviadas, via SMS, para o celular do dono do carro. A partir da&iacute;,      ele pode acionar a central de seguran&ccedil;a da CarTrack. A solu&ccedil;&atilde;o      pode ser adotada por companhias ou por &uacute;su&aacute;rios finais.<\/p>\n<p><b>M&eacute;xico testa urna eletr&ocirc;nica brasileira<\/b> (04 de      julho\/2003) &#8211; O M&eacute;xico ser&aacute; o primeiro pa&iacute;s fora      da Am&eacute;rica do Sul a testar efetivamente as urnas eletr&ocirc;nicas      brasileiras &#8211; que j&aacute; foram demonstradas, s&oacute; neste primeiro      semestre, em 14 pa&iacute;ses. <br \/>     No domingo, dia 6, 150 urnas brasileiras estar&atilde;o &agrave; disposi&ccedil;&atilde;o      dos eleitores mexicanos para a escolha do novo Parlamento daquele pa&iacute;s.      O uso da urna eletr&ocirc;nica &eacute; opcional, mas todos dever&atilde;o      tamb&eacute;m dar seu voto em papel. <br \/>     Pelas estimativas do Tribunal Superior Eleitoral, o teste atingir&aacute;      cerca de 2,5% dos eleitores mexicanos.<\/p>\n<p><b>Lexmark reduz pre&ccedil;o dos cartuchos<\/b> (07 de julho\/2003)      &#8211; A partir desta semana, os cartuchos da Lexmark para impressoras jato      de tinta est&atilde;o mais baratos. A fabricante, que promete descontos      de 25%, em m&eacute;dia, espera combater a procura por produtos piratas.      <br \/>     Os novos pre&ccedil;os sugeridos para os cartuchos 10N0016 (preto) e      10N0026 (colorido) s&atilde;o, respectivamente, 99 e 115 reais, em m&eacute;dia.      Estes s&atilde;o os cartuchos da empresa compat&iacute;veis com os modelos      de impressoras Z13, Z23, Z33, IJ650, Z25 e Z35. <br \/>     Al&eacute;m da redu&ccedil;&atilde;o do pre&ccedil;o, a Lexmark tamb&eacute;m      lan&ccedil;ou dois modelos de cartuchos de uso moderado, ou seja, aqueles      que v&ecirc;m com menos carga para usu&aacute;rios que usam pouco a      impressora. O pre&ccedil;o m&eacute;dio sugerido para o 10N0217 (preto)      &eacute; de 65 reais; para o colorido (10N0227), &eacute; de 75 reais.      Os dois modelos tamb&eacute;m s&atilde;o compat&iacute;veis com as impressoras      listadas acima. <br \/>     &#8220;<i>Estamos adequando nossas estrat&eacute;gias ao mercado brasileiro      e &agrave; atual situa&ccedil;&atilde;o econ&ocirc;mica, quando todos,      empresas e usu&aacute;rios dom&eacute;sticos, buscam reduzir custos<\/i>&#8221;,      declara Ricardo Kamel, diretor comercial da divis&atilde;o de produtos      de consumo da Lexmark. &#8220;<i>Agora estamos empenhados em reduzir      o custo da solu&ccedil;&atilde;o completa, incluindo os suprimentos.      Com iniciativas como essa, o grande beneficiado &eacute; o consumidor      final<\/i>&#8221;, promete. <br \/>     A empresa tamb&eacute;m criou uma campanha para incentivar a reciclagem      dos cartuchos e inibir o reaproveitamento dos mesmos por empresas que      vendem cartuchos recauchutados, distribuindo ingressos de cinema para      quem levar as embalagens vazias &agrave;s lojas que vendem seus produtos.<\/p>\n<p>    <\/span> <\/td>\n<\/tr>\n<tr>\n<td align=\"LEFT\" valign=\"TOP\"><\/td>\n<td align=\"LEFT\" valign=\"TOP\"><a name=\"ainformativo6\"><span class=\"titulo\">MEM&Oacute;RIA     FOTOGR&Aacute;FICA DO CECOM<\/span><\/a> <span class=\"texto\">     <\/p>\n<p>Jo&atilde;o Paulo Rodrigues da Costa, do Conv&ecirc;nio UFMG\/Cruz Vermelha,      vai completar 18 anos no dia 25 de julho. Como muitos v&atilde;o estar      de f&eacute;rias na data, o anivers&aacute;rio foi comemorado no dia      10 de julho, para grande surpresa dele.<\/p>\n<p>Muitos ceconianos estiveram presentes &agrave; comemora&ccedil;&atilde;o,      cantando o <i>Parab&eacute;ns pr&aacute; voc&ecirc;<\/i> para um menino      muito sorridente e feliz com o enorme bolo de chocolate com as 18 velas.<\/p>\n<p>As fotos s&atilde;o de autoria do Le&atilde;o.<\/p>\n<p align=\"center\"><img loading=\"lazy\" decoding=\"async\" src=\"https:\/\/www.ufmg.br\/dti\/wp-content\/uploads\/fotos\/festdespJP1.jpg\" width=\"352\" height=\"288\"><\/p>\n<p align=\"center\"><font face=\"1\"><i>A mesa com os bolos e os refrigerantes<\/i><\/font><\/p>\n<p align=\"center\"><img loading=\"lazy\" decoding=\"async\" src=\"https:\/\/www.ufmg.br\/dti\/wp-content\/uploads\/fotos\/festdespJP2.jpg\" width=\"352\" height=\"288\"><\/p>\n<p align=\"center\"><font face=\"1\"><i>Raimundo, Eliz&acirc;ngela, Tim&eacute;,      Eliane e M&aacute;rio<\/i><\/font><\/p>\n<p align=\"center\"><img loading=\"lazy\" decoding=\"async\" src=\"https:\/\/www.ufmg.br\/dti\/wp-content\/uploads\/fotos\/festdespJP3.jpg\" width=\"352\" height=\"288\"><\/p>\n<p align=\"center\"><font face=\"1\"><i>Beth, Jo&atilde;o Paulo e Rubens<\/i><\/font><\/p>\n<p align=\"center\"><img loading=\"lazy\" decoding=\"async\" src=\"https:\/\/www.ufmg.br\/dti\/wp-content\/uploads\/fotos\/festdespJP4.jpg\" width=\"352\" height=\"288\"><\/p>\n<p align=\"center\"><font face=\"1\"><i>Jo&atilde;o Paulo olhando a Lel&eacute;      acender as velas. Ao fundo: Michele e Frota.<\/i><\/font><\/p>\n<p align=\"center\"><img loading=\"lazy\" decoding=\"async\" src=\"https:\/\/www.ufmg.br\/dti\/wp-content\/uploads\/fotos\/festdespJP5.jpg\" width=\"288\" height=\"352\"><\/p>\n<p align=\"center\"><font face=\"1\">O<i> <\/i><\/font><font face=\"1\"><i>Parab&eacute;ns      pr&aacute; voc&ecirc;<\/i><\/font><\/p>\n<p align=\"center\"><img loading=\"lazy\" decoding=\"async\" src=\"https:\/\/www.ufmg.br\/dti\/wp-content\/uploads\/fotos\/festdespJP6.jpg\" width=\"288\" height=\"352\"><\/p>\n<p align=\"center\"><i><font face=\"1\">Jo&atilde;o Paulo soprando as velas<\/font><\/i><\/p>\n<p>    <\/span> <\/td>\n<\/tr>\n<p>  <!-- #EndEditable -->  <\/table>\n<p> <!-- fim noticias --> <!-- tabela ha 20 anos --> <\/p>\n<table border=\"0\" cellspacing=\"0\" cellpadding=\"0\" class=\"cinza\">\n<tr>\n<td><img loading=\"lazy\" decoding=\"async\" src=\"https:\/\/www.ufmg.br\/dti\/wp-content\/uploads\/imgs\/tudo_pixel.gif\" width=\"1\" height=\"1\" alt=\"\" border=\"0\"><\/td>\n<td><img loading=\"lazy\" decoding=\"async\" src=\"https:\/\/www.ufmg.br\/dti\/wp-content\/uploads\/imgs\/tudo_pixel.gif\" width=\"19\" height=\"1\" alt=\"\" border=\"0\"><\/td>\n<td><img loading=\"lazy\" decoding=\"async\" src=\"https:\/\/www.ufmg.br\/dti\/wp-content\/uploads\/imgs\/tudo_pixel.gif\" width=\"510\" height=\"1\" alt=\"\" border=\"0\"><\/td>\n<td><img loading=\"lazy\" decoding=\"async\" src=\"https:\/\/www.ufmg.br\/dti\/wp-content\/uploads\/imgs\/tudo_pixel.gif\" width=\"19\" height=\"1\" alt=\"\" border=\"0\"><\/td>\n<td><img loading=\"lazy\" decoding=\"async\" src=\"https:\/\/www.ufmg.br\/dti\/wp-content\/uploads\/imgs\/tudo_pixel.gif\" width=\"1\" height=\"1\" alt=\"\" border=\"0\"><\/td>\n<\/tr>\n<tr>\n<td class=\"vermelho\" colspan=\"5\"><img loading=\"lazy\" decoding=\"async\" src=\"https:\/\/www.ufmg.br\/dti\/wp-content\/uploads\/imgs\/tudo_pixel.gif\" width=\"1\" height=\"1\" alt=\"\" border=\"0\"><\/td>\n<\/tr>\n<tr>\n<td class=\"vermelho\"><img loading=\"lazy\" decoding=\"async\" src=\"https:\/\/www.ufmg.br\/dti\/wp-content\/uploads\/imgs\/tudo_pixel.gif\" width=\"1\" height=\"1\" alt=\"\" border=\"0\"><\/td>\n<td><img loading=\"lazy\" decoding=\"async\" src=\"https:\/\/www.ufmg.br\/dti\/wp-content\/uploads\/imgs\/tudo_pixel.gif\" width=\"1\" height=\"1\" alt=\"\" border=\"0\"><\/td>\n<td align=\"LEFT\" valign=\"TOP\"><!-- #BeginEditable \"ha 20 anos\" --><a name=\"ainformativo7\"><img loading=\"lazy\" decoding=\"async\" src=\"https:\/\/www.ufmg.br\/dti\/wp-content\/uploads\/imgs\/tudo_pixel.gif\" width=\"1\" height=\"8\" alt=\"\" border=\"0\"><br \/>    <span class=\"titulo\">H\u00e1 20 anos&#8230;<\/span><\/a> <span class=\"texto\">     <\/p>\n<p>Nas primeiras semanas do m&ecirc;s de julho de 1983, O Sistem&aacute;tico      n&atilde;o circulou, &#8220;<i>em virtude de f&eacute;rias coletivas      na Reda&ccedil;&atilde;o do jornal<\/i>&#8221;, conforme publicado na      edi&ccedil;&atilde;o no. 26, de 30\/06\/1983.<\/p>\n<\/p>\n<p>    <\/span><!-- #EndEditable --><br \/> <img loading=\"lazy\" decoding=\"async\" src=\"https:\/\/www.ufmg.br\/dti\/wp-content\/uploads\/imgs\/tudo_pixel.gif\" width=\"1\" height=\"8\" alt=\"\" border=\"0\"><\/td>\n<td><img loading=\"lazy\" decoding=\"async\" src=\"https:\/\/www.ufmg.br\/dti\/wp-content\/uploads\/imgs\/tudo_pixel.gif\" width=\"1\" height=\"1\" alt=\"\" border=\"0\"><\/td>\n<td class=\"vermelho\"><img loading=\"lazy\" decoding=\"async\" src=\"https:\/\/www.ufmg.br\/dti\/wp-content\/uploads\/imgs\/tudo_pixel.gif\" width=\"1\" height=\"1\" alt=\"\" border=\"0\"><\/td>\n<\/tr>\n<tr>\n<td class=\"vermelho\" colspan=\"5\"><img loading=\"lazy\" decoding=\"async\" src=\"https:\/\/www.ufmg.br\/dti\/wp-content\/uploads\/imgs\/tudo_pixel.gif\" width=\"1\" height=\"1\" alt=\"\" border=\"0\"><\/td>\n<\/tr>\n<\/table>\n<p> <!-- fim tabela ha 20 anos --><\/div>\n<p><a name='eventos'><\/a><\/p>\n<h4>Eventos<\/h4>\n<div class=\"centro-sistematico\">  <!-- noticias --> <\/p>\n<table border=\"0\" cellspacing=\"0\" cellpadding=\"0\">\n<tr>\n<td><\/td>\n<td><\/td>\n<\/tr>\n<p>  <!-- #BeginEditable \"materias\" -->   <\/p>\n<tr>\n<td align=\"LEFT\" valign=\"TOP\"><\/td>\n<td align=\"LEFT\" valign=\"TOP\"> <a name=\"aeventos1\"><span class=\"titulo\">FESTA JUNINA     DO CECOM<\/span><\/a> <span class=\"texto\">     <\/p>\n<p>A Festa Junina do CECOM foi realizada na &uacute;ltima sexta-feira,      dia 11 de julho, no Espa&ccedil;o de Festas Sarau, no Bairro Santa Am&eacute;lia,      com a presen&ccedil;a de cerca de 80 pessoas, entre funcion&aacute;rios      e seus familiares.<\/p>\n<p>A Comiss&atilde;o Organizadora da festa agradece a presen&ccedil;a      de todos e a colabora&ccedil;&atilde;o de muitos. Sem o empenho dos      ceconianos, a festa n&atilde;o teria alcan&ccedil;ado &ecirc;xito.<\/p>\n<p>Agora, &eacute; aguardar a Festa de Natal!<\/p>\n<p>    <\/span> <\/td>\n<\/tr>\n<tr>\n<td align=\"LEFT\" valign=\"TOP\"><\/td>\n<td align=\"LEFT\" valign=\"TOP\"><a name=\"aeventos2\"><span class=\"titulo\">UFMG PROMOVE     <i>F&Eacute;RIAS NO MUSEU<\/i><\/span><\/a> <span class=\"texto\">     <\/p>\n<p>O Museu de Hist&oacute;ria e Jardim Bot&acirc;nico da UFMG est&aacute;      promovendo, no per&iacute;odo de 15 de julho a 03 de agosto, o programa      F&eacute;rias no Museu. Est&atilde;o previstas caminhadas na mata, oficinas      tem&aacute;ticas, jogos, teatro e concertos nas atividades educativas,      culturais e l&uacute;dicas.<\/p>\n<p>A taxa de visita&ccedil;&atilde;o &eacute; de R$ 3,00 por pessoa. Crian&ccedil;as      at&eacute; 5 anos e adultos acima de 65 anos n&atilde;o pagam. Para      participar de algumas oficinas &eacute; necess&aacute;rio fazer inscri&ccedil;&atilde;o.<\/p>\n<p>    <\/span>    <\/td>\n<\/tr>\n<tr>\n<td align=\"LEFT\" valign=\"TOP\"><\/td>\n<td align=\"LEFT\" valign=\"TOP\"><a name=\"aeventos3\"><span class=\"titulo\">SOCIAIS<\/span><\/a>     <span class=\"texto\">     <\/p>\n<p><b>ANIVERS&Aacute;RIOS:<\/b> <i>&#8220;O Sistem&aacute;tico&#8221; envia      os parab&eacute;ns atrasados para Elza Maria Guedes Rozinholi, no dia      10; e Alfredo Ventura dos Anjos, no dia 14. Os parab&eacute;ns para      Ivan Pereira Prado, aniverasriante de amanh&atilde;, dia 18. Aproveitando      a oportunidade, envia os parab&eacute;ns para os ex-ceconianos: Carlos      Alberto Ribeiro Silva, no dia 13; K&aacute;tia Lisboa Macedo, no dia      18; Simone Lopes de Moura, no dia 19; M&aacute;rcio Benedito Baptista,      no dia 20; Luiz Fernando Costa e F&aacute;tima Daniel de Sales, no dia      21; e Jos&eacute; Eduardo de Azevedo Carvalho, no dia 23.<\/i><\/p>\n<p>    <\/span>    <\/td>\n<\/tr>\n<p>  <!-- #EndEditable -->  <\/table>\n<p> <!-- fim noticias --><\/div>\n","protected":false},"excerpt":{"rendered":"<p>Not\u00edcias NOVA METODOLOGIA DE DESENVOLVIMENTO PARA A WEB EST&Aacute; PRONTA REDE REITORIA AINDA EM OBSERVA&Ccedil;&Atilde;O CECOM DIVULGA ASPECTOS SOBRE MIGRA&Ccedil;&Atilde;O DE SOFTWARE MAIS DE TR&Ecirc;S ANOS DE &quot;O SISTEM&Aacute;TICO&quot; DISPON&Iacute;VEIS NA WEB CECOM CONTRATA NOVO ESTAGI&Aacute;RIO Informativo GENTEWARE ESTAT&Iacute;STICAS DE SISTEMA ANTI-SPAM DE JUNHO DRH DIVULGA RESULTADO DO SORTEIO DAS BOLSAS PR&Eacute;-VESTIBULAR ENAP PROMOVE CURSOS &#8230; <a title=\"Sistem\u00e1tico: Edi\u00e7\u00e3o 1164 &#8211; 17\/07\/2003\" class=\"read-more\" href=\"https:\/\/www.ufmg.br\/dti\/2003\/07\/17\/sistematico-edicao-1164-17072003\/\" aria-label=\"Read more about Sistem\u00e1tico: Edi\u00e7\u00e3o 1164 &#8211; 17\/07\/2003\">Ler mais<\/a><\/p>\n","protected":false},"author":3,"featured_media":0,"comment_status":"open","ping_status":"open","sticky":false,"template":"","format":"standard","meta":{"inline_featured_image":false,"footnotes":""},"categories":[13],"tags":[],"coauthors":[79],"class_list":["post-3199","post","type-post","status-publish","format-standard","hentry","category-sistematico"],"_links":{"self":[{"href":"https:\/\/www.ufmg.br\/dti\/wp-json\/wp\/v2\/posts\/3199","targetHints":{"allow":["GET"]}}],"collection":[{"href":"https:\/\/www.ufmg.br\/dti\/wp-json\/wp\/v2\/posts"}],"about":[{"href":"https:\/\/www.ufmg.br\/dti\/wp-json\/wp\/v2\/types\/post"}],"author":[{"embeddable":true,"href":"https:\/\/www.ufmg.br\/dti\/wp-json\/wp\/v2\/users\/3"}],"replies":[{"embeddable":true,"href":"https:\/\/www.ufmg.br\/dti\/wp-json\/wp\/v2\/comments?post=3199"}],"version-history":[{"count":0,"href":"https:\/\/www.ufmg.br\/dti\/wp-json\/wp\/v2\/posts\/3199\/revisions"}],"wp:attachment":[{"href":"https:\/\/www.ufmg.br\/dti\/wp-json\/wp\/v2\/media?parent=3199"}],"wp:term":[{"taxonomy":"category","embeddable":true,"href":"https:\/\/www.ufmg.br\/dti\/wp-json\/wp\/v2\/categories?post=3199"},{"taxonomy":"post_tag","embeddable":true,"href":"https:\/\/www.ufmg.br\/dti\/wp-json\/wp\/v2\/tags?post=3199"},{"taxonomy":"author","embeddable":true,"href":"https:\/\/www.ufmg.br\/dti\/wp-json\/wp\/v2\/coauthors?post=3199"}],"curies":[{"name":"wp","href":"https:\/\/api.w.org\/{rel}","templated":true}]}}