{"id":3202,"date":"2003-06-12T08:00:00","date_gmt":"2003-06-12T08:00:00","guid":{"rendered":"https:\/\/www.ufmg.br\/dti\/cecom\/?p=1466"},"modified":"2003-06-12T08:00:00","modified_gmt":"2003-06-12T08:00:00","slug":"sistematico-edicao-1161-12062003","status":"publish","type":"post","link":"https:\/\/www.ufmg.br\/dti\/2003\/06\/12\/sistematico-edicao-1161-12062003\/","title":{"rendered":"Sistem\u00e1tico: Edi\u00e7\u00e3o 1161 &#8211; 12\/06\/2003"},"content":{"rendered":"<ul>\n<li><a href=\"\/dti\/#noticias\">Not\u00edcias<\/a>\n<div class='submenuSistematico'>\n<ul>\n<li><a href=\"\/dti\/#anoticias1\"><span class=\"titulo\">PCA DA ENGENHARIA     MIGRA PARA NOVO BACKBONE DA REDE UFMG<\/span><\/a><\/li>\n<li><a href=\"\/dti\/#anoticias2\"><span class=\"titulo\">DRCA ESTENDE     USO DO DI&Aacute;RIO &Agrave; FACULDADE DE LETRAS<\/span><\/a><\/li>\n<li><a href=\"\/dti\/#anoticias3\"><span class=\"titulo\">CECOM INSTALA     NOVO SERVIDOR PARA www.ufmg.br<\/span><\/a><\/li>\n<li><a href=\"\/dti\/#anoticias4\"><span class=\"titulo\">CECOM TREINAR&Aacute;     CANDIDATOS A PLANTONISTA<\/span><\/a><\/li>\n<li><a href=\"\/dti\/#anoticias5\"><span class=\"titulo\">UFMG &Eacute;     AFETADA PELA PROPAGA&Ccedil;&Atilde;O DO V&Iacute;RUS BUGBEAR<\/span><\/a><\/li>\n<li><a href=\"\/dti\/#anoticias6\"><span class=\"titulo\">BANCO DE     DADOS DA REDE ADMINISTRATIVA EST&Aacute; EM FASE DE LEVANTAMENTO DE DADOS<\/span><\/a><\/li>\n<li><a href=\"\/dti\/#anoticias7\"><span class=\"titulo\">ANIVERS&Aacute;RIO     DO SISTEM&Aacute;TICO<\/span><\/a><\/li>\n<\/ul>\n<\/div>\n<\/li>\n<li><a href=\"\/dti\/#informativo\">Informativo<\/a>\n<div class='submenuSistematico'>\n<ul>\n<li><a href=\"\/dti\/#ainformativo1\"><span class=\"titulo\">GENTEWARE<\/span><br \/>     <\/a><\/li>\n<li><a href=\"\/dti\/#ainformativo2\"><span class=\"titulo\">DICAS DE     SITES INTERESSANTES<\/span><\/a><\/li>\n<li><a href=\"\/dti\/#ainformativo3\"><span class=\"titulo\">UFMG VAI     REALIZAR O SEU 35o. FESTIVAL DE INVERNO<\/span><\/a><\/li>\n<li><a href=\"\/dti\/#ainformativo4\"><span class=\"titulo\">MEM&Oacute;RIA     FOTOGR&Aacute;FICA DO CECOM<\/span><\/a><\/li>\n<li><a href=\"\/dti\/#ainformativo5\"><span class=\"titulo\">CLASSIFICADO<\/span><\/a><\/li>\n<li><a href=\"\/dti\/#ainformativo6\"><img loading=\"lazy\" decoding=\"async\" src=\"https:\/\/www.ufmg.br\/dti\/wp-content\/uploads\/imgs\/tudo_pixel.gif\" width=\"1\" height=\"8\" alt=\"\" border=\"0\"><br \/>    <span class=\"titulo\">H\u00e1 20 anos&#8230;<\/span><\/a><\/li>\n<\/ul>\n<\/div>\n<\/li>\n<li><a href=\"\/dti\/#eventos\">Eventos<\/a>\n<div class='submenuSistematico'>\n<ul>\n<li><a href=\"\/dti\/#aeventos1\"><span class=\"titulo\">FESTA JUNINA     DO CECOM<\/span><\/a><\/li>\n<li><a href=\"\/dti\/#aeventos2\"><span class=\"titulo\">PR&Oacute;XIMA     QUARTA DOZE E TRINTA<\/span><\/a><\/li>\n<li><a href=\"\/dti\/#aeventos3\"><span class=\"titulo\">SOCIAIS<\/span><\/a><\/li>\n<\/ul>\n<\/div>\n<\/li>\n<\/ul>\n<p> <a name='noticias'><\/a><\/p>\n<h4>Not\u00edcias<\/h4>\n<div class=\"centro-sistematico\">  <!-- noticias --> <\/p>\n<table border=\"0\" cellspacing=\"0\" cellpadding=\"0\">\n<tr>\n<td><\/td>\n<td><\/td>\n<\/tr>\n<p>  <!-- #BeginEditable \"materias\" -->   <\/p>\n<tr>\n<td align=\"LEFT\" valign=\"TOP\"><\/td>\n<td align=\"LEFT\" valign=\"TOP\"> <a name=\"anoticias1\"><span class=\"titulo\">PCA DA ENGENHARIA     MIGRA PARA NOVO BACKBONE DA REDE UFMG<\/span><\/a> <span class=\"texto\">     <\/p>\n<p>Nos &uacute;ltimos dois anos, as unidades e &oacute;rg&atilde;os localizados      no Campus da Pampulha foram gradativamente migrados, do backbone antigo      que servia &agrave; rede UFMG, para o atual, denominado de Fase 3 da      rede UFMG. A conex&atilde;o a esse backbone garante maior velocidade      de comunica&ccedil;&atilde;o, maior seguran&ccedil;a de continuidade      do servi&ccedil;o e possibilidade de utiliza&ccedil;&atilde;o de uma      maior gama de servi&ccedil;os de rede.<\/p>\n<p>Dados relacionados ao hist&oacute;rico de evolu&ccedil;&atilde;o da      rede de dados da universidade, bem como sua situa&ccedil;&atilde;o atual,      podem ser consultados no site do CECOM. As informa&ccedil;&otilde;es      est&atilde;o publicadas em https:\/\/www.ufmg.br\/dti\/cecom\/<a href=\"..\/se\/se_redes.shtml\">se_redes.shtml<\/a>.<\/p>\n<p>Na semana passada, foi a vez do PCA da Escola de Engenharia migrar      para a rede atual. Agora, todo o roteamento da rede interna do PCA &eacute;      feito atrav&eacute;s de equipamentos pertencentes ao backbone da Rede      UFMG do Campus Pampulha.<\/p>\n<p>As atividades de migra&ccedil;&atilde;o, realizadas pela DRC, ocuparam      a segunda quinzena de maio e a primeira semana de junho, sendo conduzidas      com o apoio do pessoal respons&aacute;vel pela inform&aacute;tica na      Engenharia e coordenadas pelo diretor da DRC, Fernando Frota Machado      de Morais. Participaram tamb&eacute;m das atividades os estagi&aacute;rios      Aline Serr&atilde;o de Filippo, Augusto Pinho Gomes, Leandro Souza Costa      e Vicente Joel Prates Cordeiro Valadares, da DRC.<\/p>\n<p>A pr&oacute;xima unidade a migrar para o novo backbone ser&aacute;      a Odontologia. Ap&oacute;s sua migra&ccedil;&atilde;o, restar&atilde;o      somente a Veterin&aacute;ria e a Educa&ccedil;&atilde;o F&iacute;sica      sendo atendidos pela estrutura da Fase 2. Estas duas &uacute;ltimas      unidades dependem de recursos previstos no projeto CTInfra 3 e devem      estar atendidas pelo novo backbone at&eacute; o pr&oacute;ximo m&ecirc;s      de novembro.<\/p>\n<p>    <\/span> <\/td>\n<\/tr>\n<tr>\n<td align=\"LEFT\" valign=\"TOP\"><\/td>\n<td align=\"LEFT\" valign=\"TOP\"> <a name=\"anoticias2\"><span class=\"titulo\">DRCA ESTENDE     USO DO DI&Aacute;RIO &Agrave; FACULDADE DE LETRAS<\/span><\/a> <span class=\"texto\">     <\/p>\n<p>Conforme divulgado em recente edi&ccedil;&atilde;o de O Sistem&aacute;tico,      ap&oacute;s a utiliza&ccedil;&atilde;o do sistema Di&aacute;rio de Classe      na Escola de Engenharia, no semestre letivo passado, o DRCA estendeu      a utiliza&ccedil;&atilde;o do sistema, a partir deste semestre, tamb&eacute;m      aos professores do ICEx que optarem pelo lan&ccedil;amento de dados      por este novo instrumento. Este processo encontra-se bastante adiantado,      em raz&atilde;o das a&ccedil;&otilde;es tomadas pelas diretorias do      ICEx e do DRCA. <\/p>\n<p>Al&eacute;m de ter antecipado o lan&ccedil;amento de dados dos encargos      did&aacute;ticos dos docentes, o ICEx est&aacute; montando uma equipe      de suporte local para apoiar a implanta&ccedil;&atilde;o do sistema,      sendo que treinamentos espec&iacute;ficos neste sentido t&ecirc;m sido      dados pelo diretor da DAS, Jo&atilde;o Carlos Lages.<\/p>\n<p>Agora, em decis&atilde;o conjunta da Diretora do DRCA, Ana L&uacute;cia      Ribeiro Diniz, e do Coordenador do Colegiado do curso de Letras, Jacyntho      Jos&eacute; Lins Brand&atilde;o, o sistema Di&aacute;rio tamb&eacute;m      poder&aacute; ser utilizado pelos docentes da FALE que assim o desejarem.      Neste sentido, DRCA e FALE est&atilde;o se organizando, da mesma forma      como foi feita com o ICEx, para viabilizar a divulga&ccedil;&atilde;o      e utiliza&ccedil;&atilde;o do sistema a partir das pr&oacute;ximas semanas.<\/p>\n<p>Com a participa&ccedil;&atilde;o das tr&ecirc;s unidades, Engenharia,      ICEx e Letras, esgota-se a capacidade operacional de fornecimento do      sistema neste semestre letivo, durante o qual, DRCA e CECOM estar&atilde;o      avaliando a viabilidade operacional e t&eacute;cnica de amplia&ccedil;&atilde;o      do uso do Di&aacute;rio, atendendo a outras unidades interessadas.<\/p>\n<p>    <\/span>     <\/td>\n<\/tr>\n<tr>\n<td align=\"LEFT\" valign=\"TOP\"><\/td>\n<td align=\"LEFT\" valign=\"TOP\"> <a name=\"anoticias3\"><span class=\"titulo\">CECOM INSTALA     NOVO SERVIDOR PARA www.ufmg.br<\/span><\/a> <span class=\"texto\">     <\/p>\n<p>O servidor que respondia pelo endere&ccedil;o www.ufmg.br trabalhava      com um processador K6 2 de 450 MHz, 256 MBytes de mem&oacute;ria e 16      Gbytes de disco.<\/p>\n<p>Quando de sua instala&ccedil;&atilde;o, h&aacute; cerca de tr&ecirc;s      anos, era o equipamento de maior capacidade disponibilizado pelo CECOM.      Como era de se esperar, dada a evolu&ccedil;&atilde;o das tecnologias      da informa&ccedil;&atilde;o, este equipamento deixou de atender &agrave;s      necessidades do tipo de servi&ccedil;o a que se destinava. Por esse      motivo, nesta quarta-feira, 11 de junho, foi feita sua substitui&ccedil;&atilde;o      por um servidor IBM com processador Pentium III de 1 GHz, mem&oacute;ria      de 1 Gbytes e disco de 18 Gbytes.<\/p>\n<p>Devido a este fato, durante o per&iacute;odo da manh&atilde; daquele      dia, n&atilde;o foi poss&iacute;vel realizar qualquer manuten&ccedil;&atilde;o      nas p&aacute;ginas e servi&ccedil;os sediados no referido servidor,      pois estava sendo feita a c&oacute;pia dos arquivos do mesmo para o      novo equipamento. As consultas &agrave;s p&aacute;ginas, por sua vez,      deixaram de funcionar apenas por alguns minutos, quando da troca de      endere&ccedil;o dos equipamentos. Como sempre s&atilde;o necess&aacute;rios      alguns ajustes ap&oacute;s uma atividade deste tipo, a DAC solicitou      ser comunicada sobre qualquer ocorr&ecirc;ncia de problema observada      neste servidor.<\/p>\n<p>O processo de instala&ccedil;&atilde;o foi realizado pelo estagi&aacute;rio      Emerson Henrique Kfuri Pereira, sob a supervis&atilde;o de H&eacute;lio      Teixeira da Costa.<\/p>\n<p>    <\/span>     <\/td>\n<\/tr>\n<tr>\n<td align=\"LEFT\" valign=\"TOP\"><\/td>\n<td align=\"LEFT\" valign=\"TOP\"> <a name=\"anoticias4\"><span class=\"titulo\">CECOM TREINAR&Aacute;     CANDIDATOS A PLANTONISTA<\/span><\/a> <span class=\"texto\">     <\/p>\n<p>Conforme vem sendo divulgado em <i>O Sistem&aacute;tico<\/i>, o CECOM      est&aacute; se preparando para implantar, a partir do in&iacute;cio      do m&ecirc;s de julho, seu <i>Plant&atilde;o de Servi&ccedil;os<\/i>      para atendimento fora do expediente normal de trabalho. O servi&ccedil;o      de plant&atilde;o cobrir&aacute;, nos dias &uacute;teis, o hor&aacute;rio      das 19 &agrave;s 24 horas. Aos finais de semana e feriados, o plant&atilde;o      cobrir&aacute; o intervalo das 7 &agrave;s 24 horas.<\/p>\n<p>Ap&oacute;s a inscri&ccedil;&atilde;o dos interessados em atuarem como      plantonistas, se iniciar&aacute; a etapa de treinamento, avalia&ccedil;&atilde;o      e sele&ccedil;&atilde;o daqueles que passar&atilde;o a atuar nos hor&aacute;rios      de plant&atilde;o.<\/p>\n<p>Sendo assim, est&atilde;o previstas para a pr&oacute;xima semana as      seguintes atividades:<\/p>\n<p><b>Primeiro dia:<\/b> 18\/junho\/2003, quarta-feira, sala 2, subsolo,      de 13 &agrave;s 17hs.<br \/>     1. Apresenta&ccedil;&atilde;o geral do projeto do plant&atilde;o<br \/>     Respons&aacute;vel: Carlos Alfeu Furtado da Fonseca &#8211; Tempo previsto:      0,5 h<\/p>\n<p>2. Apresenta&ccedil;&atilde;o da infra-estrutura de servidores (mostrar      servidores, descrevendo o ambiente operacional de cada um)<br \/>     Respons&aacute;veis: Aleixina Maria Lopes Andal&eacute;cio e H&eacute;lio      Teixeira da Costa &#8211; Tempo previsto: 0,5 h<\/p>\n<p>3. Explica&ccedil;&atilde;o sobre procedimentos de verifica&ccedil;&atilde;o      de servidores<br \/>     Respons&aacute;veis: Aleixina Maria Lopes Andal&eacute;cio e H&eacute;lio      Teixeira da Costa &#8211; Tempo previsto: 1 h<\/p>\n<p>4. Explica&ccedil;&atilde;o sobre procedimentos de teste de telefonia      e rede<br \/>     Respons&aacute;vel: Fernando Frota Machado de Morais &#8211; Tempo previsto:      1 h<\/p>\n<p><b>Segundo dia:<\/b> 19\/junho\/2003, quinta-feira (feriado), subsolo,      de 8:30 &agrave;s 12:30.<br \/>     Pr&aacute;tica dos procedimentos de teste<br \/>     Respons&aacute;veis: Aleixina Maria Lopes Andal&eacute;cio, Helio Teixeira      da Costa e Fernando Frota Machado de Morais &#8211; Tempo previsto: 4 h.<\/p>\n<p>    <\/span>     <\/td>\n<\/tr>\n<tr>\n<td align=\"LEFT\" valign=\"TOP\"><\/td>\n<td align=\"LEFT\" valign=\"TOP\"> <a name=\"anoticias5\"><span class=\"titulo\">UFMG &Eacute;     AFETADA PELA PROPAGA&Ccedil;&Atilde;O DO V&Iacute;RUS BUGBEAR<\/span><\/a>     <span class=\"texto\">     <\/p>\n<p>No &uacute;ltimo dia 04 de junho, quarta-feira, surgiu na Europa um      v&iacute;rus de computador denominado W32.Bugbear.B, que se propagou      pela Internet em arquivos anexados a e-mails. Este v&iacute;rus rapidamente      se espalhou pelo mundo, e pelo Brasil, a partir daquele dia. Durante      o dia 05, quinta-feira, empresas produtoras de software antiv&iacute;rus      distribu&iacute;ram programas, denominados vacinas, para identificar      e permitir sua remo&ccedil;&atilde;o.    <\/p>\n<p>Tamb&eacute;m durante a quinta-feira, o CECOM e o LCC iniciaram atividades      para bloquear a a&ccedil;&atilde;o deste v&iacute;rus na UFMG. Por&eacute;m,      pela velocidade de sua propaga&ccedil;&atilde;o, que j&aacute; havia      afetado cerca de 135 pa&iacute;ses, n&atilde;o foi poss&iacute;vel evitar      sua entrada na universidade.<\/p>\n<p>Desde ent&atilde;o, foram realizadas as seguintes atividades pela equipe      da ATI, envolvendo, tanto o CECOM, quanto o LCC:<\/p>\n<p>&#8211; atualiza&ccedil;&atilde;o do antiv&iacute;rus que protege a entrada      e sa&iacute;da de e-mails na universidade, permitindo eliminar novas      entradas do v&iacute;rus e evitando que a UFMG fosse usada para propaga&ccedil;&atilde;o;<\/p>\n<p>&#8211; inclus&atilde;o emergencial, neste filtro, das mensagens dirigidas      para a Engenharia, Face e Fafich, que ainda estavam fora desta prote&ccedil;&atilde;o,      fazendo com que todos os e-mails que chegam &agrave; universidade passem      pelo antiv&iacute;rus principal;<\/p>\n<p>&#8211; an&aacute;lise das caracter&iacute;sticas de atua&ccedil;&atilde;o      do v&iacute;rus nos computadores infectados;<\/p>\n<p>&#8211; divulga&ccedil;&atilde;o de instru&ccedil;&otilde;es operacionais      aos respons&aacute;veis, nas unidades, pelo apoio &agrave; inform&aacute;tica,      sobre procedimentos para identifica&ccedil;&atilde;o e elimina&ccedil;&atilde;o      do v&iacute;rus, bem como a&ccedil;&otilde;es complementares para reparo      de danos causados por ele.<\/p>\n<p>O W32.BugBear.B &eacute; um v&iacute;rus do tipo worm que cont&eacute;m      as mesmas funcionalidades de seu antecessor, agora denominado W32.BugBear.A,      mais algumas capacidades de infec&ccedil;&atilde;o de arquivos e cria&ccedil;&atilde;o      de backdoor. Foi poss&iacute;vel identificar as seguintes funcionalidades      do v&iacute;rus:<\/p>\n<p>&#8211; transmiss&atilde;o atrav&eacute;s de anexo em e-mail. O nome do anexo      pode ser formado por uma lista de nomes pr&eacute;-definidos, mais qualquer      uma das extens&otilde;es .EXE, .PIF ou .SCR. Ex: photo.exe ou readme.doc.scr;<\/p>\n<p>&#8211; ap&oacute;s a infec&ccedil;&atilde;o, o v&iacute;rus se copia automaticamente      para o diret&oacute;rio de inicializa&ccedil;&atilde;o do Windows. O      nome do arquivo &eacute; composto de 4 letras aleat&oacute;rias, mais      a extens&atilde;o .EXE;<\/p>\n<p>&#8211; transmiss&atilde;o atrav&eacute;s de compartilhamentos do Windows.      O v&iacute;rus tenta identificar, na rede, m&aacute;quinas com o compartilhamento      aberto (sem senha) e se copia para os diret&oacute;rios de inicializa&ccedil;&atilde;o      do Windows das m&aacute;quinas remotas;<\/p>\n<p>&#8211; coleta de todos os endere&ccedil;os de e-mails armazenados no computador      da v&iacute;tima. Todos os e-mails armazenados no &#8220;Address Book&#8221;      do Outlook, ou em arquivos de cookies, arquivos tempor&aacute;rios do      Internet Explorer, arquivos texto ou com as seguintes extens&otilde;es:      .ODS, INBOX, .MMF, .NCH, .MBX, .EML, .TBB, .DBX. O v&iacute;rus tenta,      ent&atilde;o, descobrir no registro do Windows as configura&ccedil;&otilde;es      de servidor de e-mail SMTP, e come&ccedil;a a enviar mensagens infectadas      para todos os endere&ccedil;os encontrados. O assunto e o texto da mensagem      cont&ecirc;m fragmentos de e-mails e textos encontrados no computador      da pr&oacute;pria v&iacute;tima, por isso os e-mails &#8220;parecem&#8221;      bastante reais;<\/p>\n<p>&#8211; o v&iacute;rus tenta desativar uma s&eacute;rie de programas de antiv&iacute;rus      e firewall pessoais instalados;<\/p>\n<p>&#8211; diferente da vers&atilde;o original do v&iacute;rus, esta variante      tamb&eacute;m tenta infectar uma s&eacute;rie de programas bastante      utilizados, tais como Media Player, Real Audio Player, Internet Explorer,      Notepad, Winzip, entre outros;<\/p>\n<p>&#8211; um keylogger &eacute; executado junto com o v&iacute;rus. O keylogger      &eacute; um programa que captura todas as teclas digitadas pelo usu&aacute;rio,      e armazena em um arquivo criptografado. Assim, o v&iacute;rus consegue      capturar senhas de banco, cart&otilde;es de cr&eacute;dito e informa&ccedil;&otilde;es      digitadas pelo usu&aacute;rio. O keylogger &eacute; instalado no diret&oacute;rio      SYSTEM ou SYSTEM32 do Windows. O nome do arquivo &eacute; composto de      7 letras aleat&oacute;rias, com extens&atilde;o .DLL. Dois outros arquivos      .DLL, com nomes de 7 letras aleat&oacute;rias, s&atilde;o criados no      mesmo diret&oacute;rio;<\/p>\n<p>&#8211; o v&iacute;rus abre um backdoor na porta 1080 da m&aacute;quina infectada.      Este backdoor permite que um atacante entre posteriormente na m&aacute;quina      e tenha controle sobre a mesma. Para facilitar esta a&ccedil;&atilde;o,      s&atilde;o copiados arquivos de 8 letras aleat&oacute;rias, com extens&atilde;o      .TMP, para os diret&oacute;rios Temp, do Windows e do diret&oacute;rio      raiz.<\/p>\n<p>Desde seu aparecimento nas redes administrativas, o CECOM tem distribu&iacute;do      orienta&ccedil;&otilde;es sobre como eliminar o v&iacute;rus e tomado      algumas a&ccedil;&otilde;es autom&aacute;ticas que s&atilde;o executadas      nas esta&ccedil;&otilde;es de trabalho atrav&eacute;s da rede.<\/p>\n<p>Mais uma vez, &eacute; bom refor&ccedil;ar a recomenda&ccedil;&atilde;o      a todos os usu&aacute;rios para que evitem abrir arquivos anexados de      qualquer esp&eacute;cie, sem antes analis&aacute;-los com um antiv&iacute;rus      e que, mesmo assim, se certifiquem da autenticidade do endere&ccedil;o      de origem do e-mail.<br \/>     2<\/p>\n<p>    <\/span>     <\/td>\n<\/tr>\n<tr>\n<td align=\"LEFT\" valign=\"TOP\"><\/td>\n<td align=\"LEFT\" valign=\"TOP\"> <a name=\"anoticias6\"><span class=\"titulo\">BANCO DE     DADOS DA REDE ADMINISTRATIVA EST&Aacute; EM FASE DE LEVANTAMENTO DE DADOS<\/span><\/a>     <span class=\"texto\">     <\/p>\n<p>A DAC realizou um encontro, nos dias 05 e 10 de junho, com os Agentes      de Inform&aacute;tica e usu&aacute;rios respons&aacute;veis de cada      &oacute;rg&atilde;o da Rede Administrativa. Na ocasi&atilde;o, foram      entregues os formul&aacute;rios para levantamento dos dados para o banco      de dados criado para armazenar as informa&ccedil;&otilde;es sobre hardware      e software dos microcomputadores da Rede Administrativa.<\/p>\n<p>Agora, a DAC solicita aos respons&aacute;veis a devolu&ccedil;&atilde;o      dos formul&aacute;rios devidamente preenchidos at&eacute; as seguintes      datas:<\/p>\n<p>&#8211; Reitoria: at&eacute; 30\/06\/03<br \/>     &#8211; outras unidades administrativas:at&eacute; 07\/07\/03.<\/p>\n<p>    <\/span>     <\/td>\n<\/tr>\n<tr>\n<td align=\"LEFT\" valign=\"TOP\"><\/td>\n<td align=\"LEFT\" valign=\"TOP\"> <a name=\"anoticias7\"><span class=\"titulo\">ANIVERS&Aacute;RIO     DO SISTEM&Aacute;TICO<\/span><\/a> <span class=\"texto\">     <\/p>\n<p align=\"center\"><img loading=\"lazy\" decoding=\"async\" src=\"https:\/\/www.ufmg.br\/dti\/wp-content\/uploads\/fotos\/fotosist.jpg\" width=\"201\" height=\"248\"><\/p>\n<p>Na pr&oacute;xima segunda-feira, dia 16 de junho, O Sistem&aacute;tico      estar&aacute; completando 26 anos de exist&ecirc;ncia. Isso mesmo! J&aacute;      s&atilde;o 26 anos publicando as not&iacute;cias do Centro de Computa&ccedil;&atilde;o      da UFMG.<\/p>\n<p>Criado em 14 de junho de 1977, a sua primeira edi&ccedil;&atilde;o      foi publicada no dia 16\/06\/77, com um ponto de interroga&ccedil;&atilde;o      em seu cabe&ccedil;alho. Ainda n&atilde;o tinha nome e, ent&atilde;o,      um concurso foi institu&iacute;do, entre os funcion&aacute;rios do CECOM,      para a escolha do nome com que seria conhecido at&eacute; hoje. A vencedora      foi Cleuza Maria Bento, a QQ, que, al&eacute;m de batizar o jornal,      datilografou-o durante v&aacute;rios anos.<\/p>\n<p>Em todos os seus anivers&aacute;rios, O Sistem&aacute;tico agradece      a todos. Neste ano, agradece novamente e n&atilde;o vai parar nunca      de faz&ecirc;-lo, pois sem os ceconia-nos o seu trabalho n&atilde;o      conseguiria sobreviver. Ele depende de todos, como tamb&eacute;m do      carinho que sempre recebeu.<\/p>\n<p>    <\/span>     <\/td>\n<\/tr>\n<p>  <!-- #EndEditable -->  <\/table>\n<p> <!-- fim noticias --><\/div>\n<p><a name='informativo'><\/a><\/p>\n<h4>Informativo<\/h4>\n<div class=\"centro-sistematico\">  <!-- noticias --> <\/p>\n<table border=\"0\" cellspacing=\"0\" cellpadding=\"0\">\n<tr>\n<td><\/td>\n<td><\/td>\n<\/tr>\n<p>  <!-- #BeginEditable \"materias\" -->   <\/p>\n<tr>\n<td align=\"LEFT\" valign=\"TOP\"><\/td>\n<td align=\"LEFT\" valign=\"TOP\">\n<p><a name=\"ainformativo1\"><span class=\"titulo\">GENTEWARE<\/span><br \/>     <\/a> <img loading=\"lazy\" decoding=\"async\" src=\"https:\/\/www.ufmg.br\/dti\/wp-content\/uploads\/imgs\/tudo_pixel.gif\" width=\"1\" height=\"20\" alt=\"\" border=\"0\"><br \/>     <span class=\"texto\"> <img loading=\"lazy\" decoding=\"async\" src=\"https:\/\/www.ufmg.br\/dti\/wp-content\/uploads\/fotos\/leandro.jpg\" width=\"288\" height=\"352\" alt=\"\" border=\"0\" hspace=\"0\" vspace=\"0\" align=\"left\"><img loading=\"lazy\" decoding=\"async\" src=\"https:\/\/www.ufmg.br\/dti\/wp-content\/uploads\/imgs\/tudo_pixel.gif\" width=\"20\" height=\"351\" alt=\"\" border=\"0\" hspace=\"0\" vspace=\"0\" align=\"left\">Ele      &eacute; quieto, fala pouco, &eacute; risonho e muito simp&aacute;tico.      Bem t&iacute;mido, se disp&ocirc;s a conversar com O Sistem&aacute;tico      para contar para todos quem ele &eacute; e a sua tamb&eacute;m recente      hist&oacute;ria ceconiana. Ele &eacute; Leandro Souza Costa, estagi&aacute;rio      da DRC &#8211; Divis&atilde;o de Redes de Comunica&ccedil;&atilde;o. Leandro      trabalha na sala ao lado da sala dos t&eacute;cnicos da divis&atilde;o,      no subsolo, n&atilde;o tendo muita oportunidade de visitar o 8o. andar.      Assim, com a entrevista para O Sistem&aacute;tico, teremos a oportunidade      de contar um pouco quem ele &eacute;.<\/span><\/p>\n<p><span class=\"texto\"><b>SIST:<\/b> Como voc&ecirc; veio fazer est&aacute;gio      no CECOM?<br \/>     <b>LEANDRO:<\/b> Sou aluno do curso de Ci&ecirc;ncia da Computa&ccedil;&atilde;o      da UFMG. No meio do ano passado, fiquei sabendo por uma amiga minha,      a Pollyana, do POP-MG, que o Frota estava fazendo entrevista para contratar      estagi&aacute;rios para o CECOM. Atrav&eacute;s dela, ele entrou em      contato comigo e vim fazer a entrevista. Consegui e iniciei o est&aacute;gio      no dia 1o. de junho de 2002. Tinha interesse na &aacute;rea de administra&ccedil;&atilde;o      de rede, pois j&aacute; tinha feito um est&aacute;gio na empresa Acesso      Engenharia de Informa&ccedil;&atilde;o, um provedor de Internet e um      informador jur&iacute;dico, onde trabalhava como desenvolvedor do sistema      do Informador Jur&iacute;dico. Queria outro est&aacute;gio, desta vez      na &aacute;rea de administra&ccedil;&atilde;o de rede. Foi perfeito.<\/span><\/p>\n<p><span class=\"texto\"><b>SIST:<\/b> Por que escolheu o curso de Ci&ecirc;ncia      da Computa&ccedil;&atilde;o?<br \/>     <b>LEANDRO:<\/b> Queria um curso que envolvesse Matem&aacute;tica, mas      que n&atilde;o fosse o curso de Matem&aacute;tica nem Engenharia. Uma      amiga comentou sobre o curso de Ci&ecirc;ncia da Computa&ccedil;&atilde;o      e como tamb&eacute;m estava na moda, resolvi fazer o vestibular. N&atilde;o      sabia quase nada de computa&ccedil;&atilde;o, n&atilde;o tinha computador      em casa. Tinha alguma no&ccedil;&atilde;o, por ter feito alguns cursos,      mas nunca tinha trabalhado com computador.<\/span><\/p>\n<p><span class=\"texto\"><b>SIST:<\/b> Qual o trabalho que desenvolve na      DRC?<br \/>     <b>LEANDRO:<\/b> Diariamente, prestamos suporte de rede &agrave;s unidades,      testamos ferramentas na &aacute;rea de administra&ccedil;&atilde;o de      redes e para seguran&ccedil;a de redes. Basicamente, todas as atividades      est&atilde;o focadas para a rede da Universidade.<\/span><\/p>\n<p><span class=\"texto\"><b>SIST:<\/b> O est&aacute;gio est&aacute; correspondendo      &agrave;s suas expectativas?<br \/>     <b>LEANDRO:<\/b> Sim, est&aacute; correspondendo ao que estava esperando.<\/span><\/p>\n<p><span class=\"texto\"><b>SIST:<\/b> Como &eacute; o relacionamento com      o pessoal da divis&atilde;o?<br \/>     <b>LEANDRO:<\/b> &Eacute; legal. Agora, como estamos ocupando uma sala      ao lado da dos t&eacute;cnicos da telefonia, estamos nos relacionando      mais. Entre os estagi&aacute;rios, sempre conversamos muito. Existe      muita troca de informa&ccedil;&otilde;es, uma intera&ccedil;&atilde;o      dos trabalhos. Um sempre conta o que est&aacute; fazendo.<\/span><\/p>\n<p><span class=\"texto\"><b>SIST:<\/b> Quase n&atilde;o vai ao 8o. andar.      Por que?<br \/>     <b>LEANDRO:<\/b> Sinto n&atilde;o ter tanto contato com o pessoal do      8o. andar, pois ia ser muito interessante. Na Festa de Natal, sempre      tinha algu&eacute;m na nossa mesa, conversando. Passava algu&eacute;m      e ia l&aacute; conversar com a gente. Toquei viol&atilde;o com o pessoal      e conversei com a Beatriz, que &eacute; m&atilde;e do Ivan.<\/span><\/p>\n<p><span class=\"texto\"><b>SIST:<\/b> &Eacute; bom trabalhar no CECOM?<br \/>     <b>LEANDRO:<\/b> Sim. Dos dois lados, tanto na parte pessoal quanto na      parte t&eacute;cnica. &Eacute; uma &aacute;rea em que a gente n&atilde;o      domina tudo, n&atilde;o tem limita&ccedil;&atilde;o para o aprendizado.      Trabalhando na DRC, temos contato com muitas pessoas das unidades, aqui      no Campus e fora. Vamos muito &agrave; Fae, ICEx, M&uacute;sica, Belas      Artes, Centro Pedag&oacute;gico, ICB, Farm&aacute;cia.<\/span><\/p>\n<p><span class=\"texto\"><b>SIST:<\/b> E trabalhar com o Frota, como &eacute;?<br \/>     <b>LEANDRO:<\/b> Trabalhar com o Frota &eacute; bom. Ele ajuda muito      a gente, conversa muito.<\/span><\/p>\n<p><span class=\"texto\"><b>SIST:<\/b> Saindo um pouco do trabalho, como      &eacute; a sua vida l&aacute; fora?<br \/>     <b>LEANDRO:<\/b> Nasci em Belo Horizonte e fui para Te&oacute;filo Otoni      com dois anos de idade, e morei l&aacute; at&eacute; passar no vestibular      da UFMG. L&aacute; eu conheci a Aline, estagi&aacute;ria da DAA. Minha      fam&iacute;lia mora l&aacute;: minha m&atilde;e, Maria Clara; meu pai,      Roberto; e meus irm&atilde;os: Ana Fl&aacute;via, de 8 anos, e Fernando,      de 5 anos. Moro aqui em Belo Horizonte com um tio. Somente nas f&eacute;rias      &eacute; que vou a Te&oacute;filo Otoni, mas telefono sempre para eles.      Se a dist&acirc;ncia fosse menor entre as duas cidades, iria mais. <\/span><\/p>\n<p><span class=\"texto\"><b>SIST:<\/b> Como voc&ecirc; &eacute;?<br \/>     <b>LEANDRO:<\/b> Sou t&iacute;mido, divertido, estou sempre de bom humor.      Gosto de sair, de m&uacute;sica, de cinema, de estudar e namorar. Sou      muito caseiro e gosto de sair para lugares que j&aacute; conhe&ccedil;o.      N&atilde;o gosto de lugares cheios nem de muito barulho.<\/span><\/p>\n<p>    <span class=\"texto\">     <\/p>\n<p><b>SIST:<\/b> Quais s&atilde;o os planos para o futuro?<br \/>     <b>LEANDRO:<\/b> Depois que me formar, pretendo come&ccedil;ar a trabalhar,      ter um emprego est&aacute;vel. Gostaria de trabalhar em Belo Horizonte,      n&atilde;o gostaria de ir para outro local maior ou menor do que aqui.      Mas n&atilde;o descarto as possibilidades.<\/p>\n<p><b>SIST: <\/b>Gostaria de dizer alguma coisa para todos do CECOM?<br \/>     <b>LEANDRO:<\/b> Quero agradecer ao pessoal por ter me recebido bem,      apesar de n&atilde;o ir muito l&aacute; em cima e ao pessoal que trabalha      comigo pelo apoio. Gostaria de agradecer ao Sistem&aacute;tico pela      oportunidade da entrevista. <\/p>\n<p>Assim conhecemos um pouco o Leandro. Agradecemos a ele pelo tempo dispensado      ao Sistem&aacute;tico e esperamos que nas pr&oacute;ximas festas do      CECOM ele possa mostrar mais o seu lado art&iacute;stico, tocando viol&atilde;o.<\/p>\n<p>    <\/span> <\/td>\n<\/tr>\n<tr>\n<td align=\"LEFT\" valign=\"TOP\"><\/td>\n<td align=\"LEFT\" valign=\"TOP\"><a name=\"ainformativo2\"><span class=\"titulo\">DICAS DE     SITES INTERESSANTES<\/span><\/a> <span class=\"texto\">     <\/p>\n<p>Adyrus, o ca&ccedil;ador de sites, enviou as seguintes dicas, esta      semana:<\/p>\n<p>&#8211; Se voc&ecirc; &eacute; viciado em bater papo pela Web, vai mais uma      dica para fazer amigos. No Friendster, <a href=\"http:\/\/www.friendster.com\">http:\/\/www.friendster.com<\/a>,      voc&ecirc; pode se conectar a todos os seus amigos. S&oacute; tem um      detalhe: voc&ecirc; e ele tem que se cadastrar na p&aacute;gina <i>Friendster<\/i>.      Outra coisa legal &eacute; que pelo servi&ccedil;o &#8220;<i>Bulletin      Board<\/i>&#8221;, voc&ecirc; pode enviar mensagens para qualquer cadastrado      e n&atilde;o somente para seus amigos. (Site em Ingl&ecirc;s)<\/p>\n<p>&#8211; Curtir a tradi&ccedil;&atilde;o das festas juninas n&atilde;o depende      de grandiosidade, mas de um bom &#8220;<i>esp&iacute;rito junino<\/i>&#8221;.      O Rio de Janeiro tem suas festas, quadrilhas, forr&oacute;s e arrai&aacute;s      que, embora n&atilde;o t&atilde;o famosos quanto o de Campina Grande,      ainda mant&ecirc;m acesa a fogueira carioca de S&atilde;o Jo&atilde;o.      V&aacute; at&eacute; o endere&ccedil;o <a href=\"http:\/\/odia.ig.com.br\/sites\/festa%20junina\/\">http:\/\/odia.ig.com.br\/sites\/festa      junina\/<\/a>.<\/p>\n<p>&#8211; Na p&aacute;gina <a href=\"http:\/\/www.eptv.com\/virandobixo\">http:\/\/www.eptv.com\/virandobixo<\/a>,      estudantes podem fazer, gratuitamente, um simulado do Enem. Basta baixar      a prova e depois conferir o gabarito, que j&aacute; est&aacute; no ar.      No site, os estudantes ainda encontram diversas informa&ccedil;&otilde;es      sobre vestibular, os calend&aacute;rios das principais provas e inscri&ccedil;&otilde;es.<\/p>\n<p>&#8211; Muito divertida &eacute; a p&aacute;gina do Menino Maluquinho (<a href=\"http:\/\/www.meninomaluquinho.com.br\/\">http:\/\/www.meninomaluquinho.com.br\/<\/a>),      criado por Ziraldo. Tem hist&oacute;ria on-line com imagens em tamanho      natural para ler, imprimir e colorir. Uma &oacute;tima dica para a garotada      com os principais personagens da turma do Maluquinho e tamb&eacute;m      conta com piadas, tirinhas, jogos e outros entretenimentos. <\/p>\n<p>&#8211; O que &eacute; a notafilia? A notafilia, como uma parte da numism&aacute;tica,      traz o estudo ou colecionamento de notas, bilhetes e qualquer outro      objeto impresso ou grafado que tenha valor para troca. As moedas s&atilde;o      os objetos mais comuns para a cole&ccedil;&atilde;o, mas levando-se      em considera&ccedil;&atilde;o, as c&eacute;dulas s&atilde;o tamb&eacute;m      muito comuns, existindo tamb&eacute;m os bilhetes ou notas de banco,      que podem ser as c&eacute;dulas emitidas por institui&ccedil;&otilde;es      financeiras particulares. Al&eacute;m disso, existem ainda os bilhetes      de loteria e alguns pap&eacute;is cujas emiss&otilde;es s&atilde;o emergenciais,      como por exemplo, o Notgeld. Visite o endere&ccedil;o <a href=\"http:\/\/www.notafilia.com.br\/\">http:\/\/www.notafilia.com.br\/<\/a>.<\/p>\n<p>&#8211; Voc&ecirc; se lembra do Ghostbusters, ET, Top Gun, Blade Runner e      seriados como As Panteras, Daniel Boone, Os Tr&ecirc;s Patetas, Vila      S&eacute;samo? E os desenhos Coelho Ricochete, Papal&eacute;guas, Corrida      Maluca, Capit&atilde;o Caverna etc? Ent&atilde;o vamos for&ccedil;a      mais um pouco. Voc&ecirc; se lembra dos brinquedos Genius, Falcon, Detetive,      Playmobil, Ferrorama? N&atilde;o? Ent&atilde;o, visite a p&aacute;gina      <a href=\"http:\/\/www.quantotempo.kit.net\/\">http:\/\/www.quantotempo.kit.net\/<\/a>      e refresque a sua mem&oacute;ria.<\/p>\n<p>&#8211; Para quem n&atilde;o sabe o que &eacute; Windows XP, ele &eacute;      o mais novo sistema operacional da Microsoft. O Windows XP apresenta      novas telas amig&aacute;veis, menus simplificados e muito mais. A computa&ccedil;&atilde;o      pessoal fica muito mais f&aacute;cil e agrad&aacute;vel. Vem com tudo      o que voc&ecirc; precisa: capacidade, desempenho, novo layout e muita      ajuda quando voc&ecirc; precisar. O WindowsXP tem tudo isso, al&eacute;m      de confiabilidade e seguran&ccedil;a inigual&aacute;veis. Se voc&ecirc;      deseja saber mais sobre o Windows XP basta dar uma navegada no Windows      XP OnLine.(<a href=\"http:\/\/www.windowsxponline.hpg.ig.com.br\">http:\/\/www.windowsxponline.hpg.ig.com.br<\/a>\/)    <\/p>\n<p>&#8211; Muito bem bolada &eacute; a casa noturna do Alto da Serra, com seu      estilo country. L&aacute;, voc&ecirc; encontra um link (<a href=\"http:\/\/www.estanciaaltodaserra.com.br\/index.htm\">http:\/\/www.estanciaaltodaserra.com.br\/index.htm<\/a>)      que destaca a hist&oacute;ria do rodeio no Brasil e no mundo. N&atilde;o      perca esta oportunidade.<\/p>\n<p>&#8211; Mas se voc&ecirc; gosta de assistir rodeio, aponte o seu navegador      para a p&aacute;gina <a href=\"http:\/\/www.tvom.com.br\/\">http:\/\/www.tvom.com.br\/<\/a>      e assista ao vivo os pe&otilde;es em a&ccedil;&atilde;o.<\/p>\n<p>&#8211; N&atilde;o &eacute; f&aacute;cil superar alguns momentos da vida.      Nada como uma palavra amiga, uma frase ou leitura que nos fa&ccedil;a      refletir. Vamos l&aacute;, navegue at&eacute; a p&aacute;gina <a href=\"http:\/\/www.wernerwanderer.com.br\/anti_estresse_powerpoint.htm\">http:\/\/www.wernerwanderer.com.br\/anti_estresse_powerpoint.htm<\/a>      e alivie o seu cora&ccedil;&atilde;o. Voc&ecirc; tamb&eacute;m pode      enviar para uma pessoa amiga<\/p>\n<p>     Para quem acha que novela n&atilde;o faz parte das conversas no CECOM,      aqui est&atilde;o as dicas de sites sobre Betty, a Feia, enviadas pela      Xina, ardorosa f&atilde; desta comentada novela:<br \/>     Sobre a novela: <br \/>     &#8211; Betty la Fea &#8211; Antena 3: Site oficial da novela na rede Antena 3,      de Madrid, com os protagonistas, resumos dos cap&iacute;tulos, fotos,      f&oacute;rum e an&aacute;lises do fen&ocirc;meno Betty. <a href=\"http:\/\/betty.canal13.cl\/cgi-bin\/link.exe\/\">http:\/\/betty.canal13.cl\/cgi-bin\/link.exe\/<\/a><\/p>\n<p>&#8211; Betty la Fea en Tel&eacute;polis: Entrevistas, montagens, resumos      dos cap&iacute;tulos e curiosidades sobre a popular telenovela. <a href=\"http:\/\/www.telepolis.com\/cgibin\/web\/DISTRITOSEC?distrito=Betty%2Bla%2Bfea&amp;pag=1\">http:\/\/www.telepolis.com\/cgibin\/web\/DISTRITOSEC?distrito=Betty+la+fea&amp;pag=1<\/a><\/p>\n<p>&#8211; Betty La Fea! &#8211; Ecomoda!: F&oacute;rum sobre a novela, com aut&oacute;grafos,      pesquisas, can&ccedil;&otilde;es e links para outros sites relacionados      com o tema. <a href=\"http:\/\/www.network54.com\/Hide\/Forum\/122376\">http:\/\/www.network54.com\/Hide\/Forum\/122376<\/a><\/p>\n<p>&#8211; Betty La Fea.com: Resumos dos cap&iacute;tulos, informes sobre a      Ecomoda e not&iacute;cias. <a href=\"http:\/\/www.pcreativas.com\/betty\/\">http:\/\/www.pcreativas.com\/betty\/<\/a><\/p>\n<p>&#8211; Club de Fans de Yo Soy, Betty la Fea: P&aacute;gina do f&atilde;-clube      de Betty, a feia, com fotos, perfil dos atores protagonistas e f&oacute;rum      de discuss&atilde;o. <a href=\"http:\/\/bettylafea.8k.com\/\">http:\/\/bettylafea.8k.com\/<\/a>    <\/p>\n<p>&#8211; Especial de Betty la Fea: Perfis dos atores e atrizes protagonistas.      Descubra que Nicolas Mora &eacute; um cantor de rock muito conhecido      na Col&ocirc;mbia. <a href=\"http:\/\/www.dealante.com\/nodo.php?nodoid=1\">http:\/\/www.dealante.com\/nodo.php?nodoid=1<\/a><\/p>\n<p>&#8211; Preferimos Feas que Pl&aacute;sticas, Las: P&aacute;gina enfocando      a estr&eacute;ia da novela nos EUA. Conversas e fotos em torno da est&eacute;tica      dos personagens da s&eacute;rie. <a href=\"http:\/\/www.tvchismes.com\/fea\/betty.html\">http:\/\/www.tvchismes.com\/fea\/betty.html<\/a><\/p>\n<p>&#8211; Rinc&oacute;n de Betty: Resumo de epis&oacute;dios e da vida dos      protagonistas. Apresenta os v&iacute;deos de abertura da novela. <a href=\"http:\/\/www.rincondebetty.com\/\">http:\/\/www.rincondebetty.com\/<\/a><\/p>\n<p>&#8211; Yo Soy Betty, la Fea &#8211; Terra: P&aacute;gina da novela na Rep&uacute;blica      Dominicana, Tem hist&oacute;ria, fotos, estat&iacute;sticas e discuss&otilde;es      filos&oacute;ficas sobre o &ecirc;xito desta s&eacute;rie. <a href=\"http:\/\/www.terra.com.do\/especiales\/bettylafea\/\">http:\/\/www.terra.com.do\/especiales\/bettylafea\/<\/a><\/p>\n<p>&#8211; Yo Soy Betty, la Fea [Canal 13]: Site oficial da telenovela no Canal      13, do Chile. Inclui resumos, personagens e uma amostra do pr&oacute;ximo      cap&iacute;tulo. <a href=\"http:\/\/betty.canal13.cl\/cgibin\/link.exe\/\">http:\/\/betty.canal13.cl\/cgibin\/link.exe\/<\/a><\/p>\n<p>&#8211; EcoModa: Hist&oacute;ria desta empresa de confec&ccedil;&otilde;es,      fotografias dos protagonistas, pap&eacute;is de parede e links. <a href=\"http:\/\/www.reynaonline.com\/bettylafea\/\">http:\/\/www.reynaonline.com\/bettylafea\/<\/a><\/p>\n<p>Sobre Ecomoda, a continua&ccedil;&atilde;o da novela:<br \/>     &#8211; EcoModa: Elenco, resumo dos cap&iacute;tulos e can&ccedil;&otilde;es.      <a href=\"http:\/\/www.rincondebetty.com\/ecohome.htm\">http:\/\/www.rincondebetty.com\/ecohome.htm<\/a><\/p>\n<p>&#8211; Prepare-se para ver Ecomoda: Hist&oacute;ria da segunda parte, imagens      dos personagens, f&oacute;rum e links. <a href=\"http:\/\/www.iespana.es\/superbetty\/\">http:\/\/www.iespana.es\/superbetty\/<\/a><\/p>\n<p>    <\/span> <\/td>\n<\/tr>\n<tr>\n<td align=\"LEFT\" valign=\"TOP\"><\/td>\n<td align=\"LEFT\" valign=\"TOP\"><a name=\"ainformativo3\"><span class=\"titulo\">UFMG VAI     REALIZAR O SEU 35o. FESTIVAL DE INVERNO<\/span><\/a> <span class=\"texto\">     <\/p>\n<p>Vai ser em Diamantina, no per&iacute;odo de 06 a 26 de julho, o 35o      Festival de Inverno da UFMG, cujo tema principal ser&aacute; Limites:      rupturas e desdobramentos. O evento ser&aacute; organizado em tr&ecirc;s      m&oacute;dulos semanais, totalmente independentes. A abertura oficial      do festival vai acontecer num domingo, dia 6 de julho, seguindo-se o      restante da programa&ccedil;&atilde;o nas tr&ecirc;s semanas subseq&uuml;entes,      durante as quais acontecer&atilde;o um f&oacute;rum internacional, dois      cursos, 27 oficinas e 25 palestras, al&eacute;m de uma programa&ccedil;&atilde;o      variada de eventos art&iacute;sticos.<\/p>\n<p>As inscri&ccedil;&otilde;es estar&atilde;o abertas a partir do dia      24 de junho, seguindo as seguintes datas:<br \/>     &#8211; at&eacute; 30\/06 &#8211; atividades da primeira semana<br \/>     &#8211; at&eacute; 09\/07 &#8211; atividades da segunda semana<br \/>     &#8211; at&eacute; 16\/07 &#8211; atividades da terceira semana &#8211; somente para Diamantina.<\/p>\n<p>As inscri&ccedil;&otilde;es est&atilde;o a cargo da Fundep, na Internet      (<a href=\"http:\/\/www.fundep.ufmg.br\">www.fundep.ufmg.br<\/a>) e nos seguintes      locais: Pra&ccedil;a de Servi&ccedil;os no Campus Pampulha e Conservat&oacute;rio      UFMG, &agrave; Av. Afonso Pena 1534, Centro.<\/p>\n<p>    <\/span> <\/td>\n<\/tr>\n<tr>\n<td align=\"LEFT\" valign=\"TOP\"><\/td>\n<td align=\"LEFT\" valign=\"TOP\"><a name=\"ainformativo4\"><span class=\"titulo\">MEM&Oacute;RIA     FOTOGR&Aacute;FICA DO CECOM<\/span><\/a> <span class=\"texto\">     <\/p>\n<p>Nos dias 05 e 06 de junho, os estagi&aacute;rios do CECOM passaram      por um treinamento sobre quest&otilde;es relacionadas ao ambiente de      trabalho e atividades das divis&otilde;es em que est&atilde;o alocados.      O treinamento foi apresentado, em conjunto, por cinco membros da diretoria      do CECOM: Carlos Alfeu Furtado da Fonseca, Gilmar Lima Guimar&atilde;es,      Aleixina Maria Lopes Andal&eacute;cio, Jo&atilde;o Carlos Lages e Fenando      Frota Machado de Morais.<\/p>\n<p>Aproveitando o ensejo, Aline Toledo Silva, estagi&aacute;ria da DAA,      fotografou o treinamento no segundo dia, focalizando a Xina, o Frota      e o Jo&atilde;o Carlos.<\/p>\n<p align=\"center\"><img loading=\"lazy\" decoding=\"async\" src=\"https:\/\/www.ufmg.br\/dti\/wp-content\/uploads\/fotos\/frota_a.jpg\" width=\"352\" height=\"288\"><\/p>\n<p align=\"center\"><font face=\"1\"><i>A apresenta&ccedil;&atilde;o do Frota<\/i><\/font><\/p>\n<p align=\"center\"><img loading=\"lazy\" decoding=\"async\" src=\"https:\/\/www.ufmg.br\/dti\/wp-content\/uploads\/fotos\/joao_a.jpg\" width=\"352\" height=\"288\"><\/p>\n<p align=\"center\"><font face=\"1\"><i>A palestra do Jo&atilde;o Carlos<\/i><\/font><\/p>\n<p align=\"center\"><img loading=\"lazy\" decoding=\"async\" src=\"https:\/\/www.ufmg.br\/dti\/wp-content\/uploads\/fotos\/xina.jpg\" width=\"340\" height=\"246\"><\/p>\n<p align=\"center\"><font face=\"1\"><i>Xina, Emerson, Marcus Vinicius, Joaquim      e Tiago<\/i><\/font><\/p>\n<p align=\"center\"><img loading=\"lazy\" decoding=\"async\" src=\"https:\/\/www.ufmg.br\/dti\/wp-content\/uploads\/fotos\/xina_a.jpg\" width=\"288\" height=\"352\"><\/p>\n<p align=\"center\"><font face=\"1\"><i>Xina em sua apresenta&ccedil;&atilde;o<\/i><\/font><\/p>\n<p>    <\/span> <\/td>\n<\/tr>\n<tr>\n<td align=\"LEFT\" valign=\"TOP\"><\/td>\n<td align=\"LEFT\" valign=\"TOP\"><a name=\"ainformativo5\"><span class=\"titulo\">CLASSIFICADO<\/span><\/a>     <span class=\"texto\">     <\/p>\n<p>Se voc&ecirc; precisa da ajuda de uma Administradora de Condom&iacute;nios,      procure Luiz J&uacute;lio Rocha Oliveira, filho da Ana Maria da Rocha,      na Listo &#8211; Administra&ccedil;&atilde;o de Condom&iacute;nios. O endere&ccedil;o      &eacute;: Av. Bar&atilde;o Homem de Melo 4500, sala 1120, e os telefones      s&atilde;o 9113-7330 e 3247-6247.<\/p>\n<p>    <\/p>\n<p>    <\/span> <\/td>\n<\/tr>\n<p>  <!-- #EndEditable -->  <\/table>\n<p> <!-- fim noticias --> <!-- tabela ha 20 anos --> <\/p>\n<table border=\"0\" cellspacing=\"0\" cellpadding=\"0\" class=\"cinza\">\n<tr>\n<td><img loading=\"lazy\" decoding=\"async\" src=\"https:\/\/www.ufmg.br\/dti\/wp-content\/uploads\/imgs\/tudo_pixel.gif\" width=\"1\" height=\"1\" alt=\"\" border=\"0\"><\/td>\n<td><img loading=\"lazy\" decoding=\"async\" src=\"https:\/\/www.ufmg.br\/dti\/wp-content\/uploads\/imgs\/tudo_pixel.gif\" width=\"19\" height=\"1\" alt=\"\" border=\"0\"><\/td>\n<td><img loading=\"lazy\" decoding=\"async\" src=\"https:\/\/www.ufmg.br\/dti\/wp-content\/uploads\/imgs\/tudo_pixel.gif\" width=\"510\" height=\"1\" alt=\"\" border=\"0\"><\/td>\n<td><img loading=\"lazy\" decoding=\"async\" src=\"https:\/\/www.ufmg.br\/dti\/wp-content\/uploads\/imgs\/tudo_pixel.gif\" width=\"19\" height=\"1\" alt=\"\" border=\"0\"><\/td>\n<td><img loading=\"lazy\" decoding=\"async\" src=\"https:\/\/www.ufmg.br\/dti\/wp-content\/uploads\/imgs\/tudo_pixel.gif\" width=\"1\" height=\"1\" alt=\"\" border=\"0\"><\/td>\n<\/tr>\n<tr>\n<td class=\"vermelho\" colspan=\"5\"><img loading=\"lazy\" decoding=\"async\" src=\"https:\/\/www.ufmg.br\/dti\/wp-content\/uploads\/imgs\/tudo_pixel.gif\" width=\"1\" height=\"1\" alt=\"\" border=\"0\"><\/td>\n<\/tr>\n<tr>\n<td class=\"vermelho\"><img loading=\"lazy\" decoding=\"async\" src=\"https:\/\/www.ufmg.br\/dti\/wp-content\/uploads\/imgs\/tudo_pixel.gif\" width=\"1\" height=\"1\" alt=\"\" border=\"0\"><\/td>\n<td><img loading=\"lazy\" decoding=\"async\" src=\"https:\/\/www.ufmg.br\/dti\/wp-content\/uploads\/imgs\/tudo_pixel.gif\" width=\"1\" height=\"1\" alt=\"\" border=\"0\"><\/td>\n<td align=\"LEFT\" valign=\"TOP\"><!-- #BeginEditable \"ha 20 anos\" --><a name=\"ainformativo6\"><img loading=\"lazy\" decoding=\"async\" src=\"https:\/\/www.ufmg.br\/dti\/wp-content\/uploads\/imgs\/tudo_pixel.gif\" width=\"1\" height=\"8\" alt=\"\" border=\"0\"><br \/>    <span class=\"titulo\">H\u00e1 20 anos&#8230;<\/span><\/a> <span class=\"texto\">     <\/p>\n<p>O Sistem&aacute;tico Ano VII, no. 23, de 09\/06\/1983, publicou not&iacute;cias      sobre visitas ao CECOM, sa&iacute;da do bolsista Carlos Alfeu Furtado      da Fonseca, cursos da Sucesu-MG, Olimp&iacute;ada do CECOM, Olimp&iacute;ada      da Sucesu-MG, entrevista da digitadora Cristina Campos Brasil da Fonseca      na se&ccedil;&atilde;o &#8220;<i>Um Pouco de N&oacute;s<\/i>&#8221;, entre      outras. A not&iacute;cia que se destacou foi:<\/p>\n<p><b>VISITA &Agrave; RIBEIR&Atilde;O PRETO<\/b><br \/>     <font face=\"1\">Dilma Trivelli Pimenta Sandrin, chefe da Divis&atilde;o      de Usu&aacute;rios do CECOM, esteve em visita ao Centro de Processamento      de Dados do Hospital das Cl&iacute;nicas de Ribeir&atilde;o Preto, nos      dias 30 e 31 de maio. Na oportunidade, foi feito contato com o Dr. Renato      Sabbatini, que dever&aacute; vir ao Centro de Computa&ccedil;&atilde;o      ainda este m&ecirc;s para proferir palestra sobre Inform&aacute;tica      M&eacute;dica.<\/font><\/p>\n<p>    <\/span><!-- #EndEditable --><br \/>     <img loading=\"lazy\" decoding=\"async\" src=\"https:\/\/www.ufmg.br\/dti\/wp-content\/uploads\/imgs\/tudo_pixel.gif\" width=\"1\" height=\"8\" alt=\"\" border=\"0\"><\/td>\n<td><img loading=\"lazy\" decoding=\"async\" src=\"https:\/\/www.ufmg.br\/dti\/wp-content\/uploads\/imgs\/tudo_pixel.gif\" width=\"1\" height=\"1\" alt=\"\" border=\"0\"><\/td>\n<td class=\"vermelho\"><img loading=\"lazy\" decoding=\"async\" src=\"https:\/\/www.ufmg.br\/dti\/wp-content\/uploads\/imgs\/tudo_pixel.gif\" width=\"1\" height=\"1\" alt=\"\" border=\"0\"><\/td>\n<\/tr>\n<tr>\n<td class=\"vermelho\" colspan=\"5\"><img loading=\"lazy\" decoding=\"async\" src=\"https:\/\/www.ufmg.br\/dti\/wp-content\/uploads\/imgs\/tudo_pixel.gif\" width=\"1\" height=\"1\" alt=\"\" border=\"0\"><\/td>\n<\/tr>\n<\/table>\n<p> <!-- fim tabela ha 20 anos --><\/div>\n<p><a name='eventos'><\/a><\/p>\n<h4>Eventos<\/h4>\n<div class=\"centro-sistematico\">  <!-- noticias --> <\/p>\n<table border=\"0\" cellspacing=\"0\" cellpadding=\"0\">\n<tr>\n<td><\/td>\n<td><\/td>\n<\/tr>\n<p>  <!-- #BeginEditable \"materias\" -->   <\/p>\n<tr>\n<td align=\"LEFT\" valign=\"TOP\"><\/td>\n<td align=\"LEFT\" valign=\"TOP\"> <a name=\"aeventos1\"><span class=\"titulo\">FESTA JUNINA     DO CECOM<\/span><\/a> <span class=\"texto\">     <\/p>\n<p>A Comiss&atilde;o Organizadora da Festa Junina do CECOM j&aacute; iniciou      a distribui&ccedil;&atilde;o dos blocos da rifa de uma cesta de guloseimas,      com o objetivo de angariar fundos para a festa. O sorteio da rifa est&aacute;      marcado para as 16:00 do dia 25 de junho, na sala do caf&eacute; do      8o. andar.<\/p>\n<p>Os funcion&aacute;rios est&atilde;o contribuindo com itens para a cesta      e ainda est&aacute; faltando muita colabora&ccedil;&atilde;o. Quanto      &agrave; caixa de prendas, esta continua com poucos itens. N&atilde;o      se esque&ccedil;am de trazer as contribui&ccedil;&otilde;es.<\/p>\n<p>A Festa Junina do CECOM est&aacute; marcada para o dia 04 de julho      e, como sempre, ter&aacute; os jogos de argolas, pescaria, boca do palha&ccedil;o      e a corrida do saco para adultos e crian&ccedil;as. A comiss&atilde;o      est&aacute; solicitando a alguns ceconianos os pr&ecirc;mios da corrida      do saco.<\/p>\n<p>Aguardem as novidades da festa!<\/p>\n<p>    <\/span> <\/td>\n<\/tr>\n<tr>\n<td align=\"LEFT\" valign=\"TOP\"><\/td>\n<td align=\"LEFT\" valign=\"TOP\"><a name=\"aeventos2\"><span class=\"titulo\">PR&Oacute;XIMA     QUARTA DOZE E TRINTA<\/span><\/a> <span class=\"texto\">     <\/p>\n<p>N&atilde;o percam a pr&oacute;xima atra&ccedil;&atilde;o da Quarta      Doze e Trinta! No dia 18 de junho vai ter a apresenta&ccedil;&atilde;o      de &#8220;<i>Carmina Burana<\/i>&#8221;, de Carl Orff, com o Coro do Curso      de Extens&atilde;o da Escola de M&uacute;sica da UFMG, no Audit&oacute;rio      da Reitoria. Vamos prestigiar a Xina, que faz parte do coro!<\/p>\n<p>    <\/span>    <\/td>\n<\/tr>\n<tr>\n<td align=\"LEFT\" valign=\"TOP\"><\/td>\n<td align=\"LEFT\" valign=\"TOP\"><a name=\"aeventos3\"><span class=\"titulo\">SOCIAIS<\/span><\/a>     <span class=\"texto\">     <\/p>\n<p><b>ANIVERS&Aacute;RIOS:<\/b> <i>&#8220;O Sistem&aacute;tico&#8221; envia      os parab&eacute;ns para os pr&oacute;ximos aniversariantes: L&iacute;sia      Rocio de Abreu, hoje, dia 12. E os parab&eacute;ns para os ex-ceconianos:      Al&eacute;xia Loureiro Ara&uacute;jo, no dia 12; Ant&ocirc;nio Carlos      Cortez e Silva e Ignez Amorim de Almeida, no dia 13; Maria L&uacute;cia      Valadares e Silva, no dia 14; Adriana Lima Leonel, no dia 15; Ant&ocirc;nio      Pedro Lima Santos, no dia 16; Carlos Farina, no dia 17; e Maria Aparecida      (Nina) Faria (Belas Artes), no dia 18.<\/i><\/p>\n<p>    <\/span>    <\/td>\n<\/tr>\n<p>  <!-- #EndEditable -->  <\/table>\n<p> <!-- fim noticias --><\/div>\n","protected":false},"excerpt":{"rendered":"<p>Not\u00edcias PCA DA ENGENHARIA MIGRA PARA NOVO BACKBONE DA REDE UFMG DRCA ESTENDE USO DO DI&Aacute;RIO &Agrave; FACULDADE DE LETRAS CECOM INSTALA NOVO SERVIDOR PARA www.ufmg.br CECOM TREINAR&Aacute; CANDIDATOS A PLANTONISTA UFMG &Eacute; AFETADA PELA PROPAGA&Ccedil;&Atilde;O DO V&Iacute;RUS BUGBEAR BANCO DE DADOS DA REDE ADMINISTRATIVA EST&Aacute; EM FASE DE LEVANTAMENTO DE DADOS ANIVERS&Aacute;RIO DO SISTEM&Aacute;TICO &#8230; <a title=\"Sistem\u00e1tico: Edi\u00e7\u00e3o 1161 &#8211; 12\/06\/2003\" class=\"read-more\" href=\"https:\/\/www.ufmg.br\/dti\/2003\/06\/12\/sistematico-edicao-1161-12062003\/\" aria-label=\"Read more about Sistem\u00e1tico: Edi\u00e7\u00e3o 1161 &#8211; 12\/06\/2003\">Ler mais<\/a><\/p>\n","protected":false},"author":3,"featured_media":0,"comment_status":"open","ping_status":"open","sticky":false,"template":"","format":"standard","meta":{"inline_featured_image":false,"footnotes":""},"categories":[13],"tags":[],"coauthors":[79],"class_list":["post-3202","post","type-post","status-publish","format-standard","hentry","category-sistematico"],"_links":{"self":[{"href":"https:\/\/www.ufmg.br\/dti\/wp-json\/wp\/v2\/posts\/3202","targetHints":{"allow":["GET"]}}],"collection":[{"href":"https:\/\/www.ufmg.br\/dti\/wp-json\/wp\/v2\/posts"}],"about":[{"href":"https:\/\/www.ufmg.br\/dti\/wp-json\/wp\/v2\/types\/post"}],"author":[{"embeddable":true,"href":"https:\/\/www.ufmg.br\/dti\/wp-json\/wp\/v2\/users\/3"}],"replies":[{"embeddable":true,"href":"https:\/\/www.ufmg.br\/dti\/wp-json\/wp\/v2\/comments?post=3202"}],"version-history":[{"count":0,"href":"https:\/\/www.ufmg.br\/dti\/wp-json\/wp\/v2\/posts\/3202\/revisions"}],"wp:attachment":[{"href":"https:\/\/www.ufmg.br\/dti\/wp-json\/wp\/v2\/media?parent=3202"}],"wp:term":[{"taxonomy":"category","embeddable":true,"href":"https:\/\/www.ufmg.br\/dti\/wp-json\/wp\/v2\/categories?post=3202"},{"taxonomy":"post_tag","embeddable":true,"href":"https:\/\/www.ufmg.br\/dti\/wp-json\/wp\/v2\/tags?post=3202"},{"taxonomy":"author","embeddable":true,"href":"https:\/\/www.ufmg.br\/dti\/wp-json\/wp\/v2\/coauthors?post=3202"}],"curies":[{"name":"wp","href":"https:\/\/api.w.org\/{rel}","templated":true}]}}