{"id":3203,"date":"2003-06-05T08:00:00","date_gmt":"2003-06-05T08:00:00","guid":{"rendered":"https:\/\/www.ufmg.br\/dti\/cecom\/?p=1467"},"modified":"2003-06-05T08:00:00","modified_gmt":"2003-06-05T08:00:00","slug":"sistematico-edicao-1160-05062003","status":"publish","type":"post","link":"https:\/\/www.ufmg.br\/dti\/2003\/06\/05\/sistematico-edicao-1160-05062003\/","title":{"rendered":"Sistem\u00e1tico: Edi\u00e7\u00e3o 1160 &#8211; 05\/06\/2003"},"content":{"rendered":"<ul>\n<li><a href=\"\/dti\/#noticias\">Not\u00edcias<\/a>\n<div class='submenuSistematico'>\n<ul>\n<li><a href=\"\/dti\/#anoticias1\"><span class=\"titulo\">DIRETORES     APRESENTAM CECOM A NOVOS ESTAGI&Aacute;RIOS<\/span><\/a><\/li>\n<li><a href=\"\/dti\/#anoticias2\"><span class=\"titulo\">COPEVE AVALIA     SISTEMA DE ICR<\/span><\/a><\/li>\n<li><a href=\"\/dti\/#anoticias3\"><span class=\"titulo\">DIRETOR     DA ATI VIAJA PARA A ESPANHA<\/span><\/a><\/li>\n<li><a href=\"\/dti\/#anoticias4\"><span class=\"titulo\">UFMG VAI     RECEBER COMISS&Atilde;O DO MEC<\/span><\/a><\/li>\n<li><a href=\"\/dti\/#anoticias5\"><span class=\"titulo\">CECOM CONTRATA     NOVOS ESTAGI&Aacute;RIOS<\/span><\/a><\/li>\n<li><a href=\"\/dti\/#anoticias6\"><span class=\"titulo\">SA&Iacute;DA     DE ESTAGI&Aacute;RIO<\/span><\/a><\/li>\n<\/ul>\n<\/div>\n<\/li>\n<li><a href=\"\/dti\/#informativo\">Informativo<\/a>\n<div class='submenuSistematico'>\n<ul>\n<li><a href=\"\/dti\/#ainformativo1\"><span class=\"titulo\">GENTEWHERE<\/span><br \/>    <\/a><\/li>\n<li><a href=\"\/dti\/#ainformativo2\"><span class=\"titulo\">ESTAT&Iacute;STICAS     DE SISTEMA ANTI-SPAM DE MAIO<\/span><\/a><\/li>\n<li><a href=\"\/dti\/#ainformativo3\"><span class=\"titulo\">DICAS DE     SITES INTERESSANTES<\/span><\/a><\/li>\n<li><a href=\"\/dti\/#ainformativo4\"><span class=\"titulo\">PLANT&Atilde;O     INFO<\/span><\/a><\/li>\n<li><a href=\"\/dti\/#ainformativo5\"><span class=\"titulo\">MEM&Oacute;RIA     FOTOGR&Aacute;FICA DO CECOM<\/span><\/a><\/li>\n<li><a href=\"\/dti\/#ainformativo6\"><img loading=\"lazy\" decoding=\"async\" src=\"https:\/\/www.ufmg.br\/dti\/wp-content\/uploads\/imgs\/tudo_pixel.gif\" width=\"1\" height=\"8\" alt=\"\" border=\"0\"><br \/>    <span class=\"titulo\">H\u00e1 20 anos&#8230;<\/span><\/a><\/li>\n<\/ul>\n<\/div>\n<\/li>\n<li><a href=\"\/dti\/#eventos\">Eventos<\/a>\n<div class='submenuSistematico'>\n<ul>\n<li><a href=\"\/dti\/#aeventos1\"><span class=\"titulo\">FESTA JUNINA     DO CECOM<\/span><\/a><\/li>\n<li><a href=\"\/dti\/#aeventos2\"><span class=\"titulo\">PROGRAMA&Ccedil;&Atilde;O     DA QUARTA DOZE E MEIA<\/span><\/a><\/li>\n<li><a href=\"\/dti\/#aeventos3\"><span class=\"titulo\">SOCIAIS<\/span><\/a><\/li>\n<\/ul>\n<\/div>\n<\/li>\n<\/ul>\n<p> <a name='noticias'><\/a><\/p>\n<h4>Not\u00edcias<\/h4>\n<div class=\"centro-sistematico\">  <!-- noticias --> <\/p>\n<table border=\"0\" cellspacing=\"0\" cellpadding=\"0\">\n<tr>\n<td><\/td>\n<td><\/td>\n<\/tr>\n<p>  <!-- #BeginEditable \"materias\" -->   <\/p>\n<tr>\n<td align=\"LEFT\" valign=\"TOP\"><\/td>\n<td align=\"LEFT\" valign=\"TOP\"> <a name=\"anoticias1\"><span class=\"titulo\">DIRETORES     APRESENTAM CECOM A NOVOS ESTAGI&Aacute;RIOS<\/span><\/a> <span class=\"texto\">     <\/p>\n<p>Nos &uacute;ltimos meses, o CECOM v&ecirc;m ampliando e renovando seu      quadro de estagi&aacute;rios. Sustentadas por novos projetos em andamento,      est&atilde;o se abrindo novas oportunidades para que os alunos da universidade      possam complementar sua forma&ccedil;&atilde;o, mesclando na pr&aacute;tica      perfis e aprendizados acad&ecirc;micos e profissionais.<\/p>\n<p>Outras oportunidades est&atilde;o tamb&eacute;m surgindo para a atua&ccedil;&atilde;o      dos alunos ligados &agrave;s empresas-j&uacute;nior. Neste caso, h&aacute;      projetos em curso com a participa&ccedil;&atilde;o de alunos da Ci&ecirc;ncia      da Computa&ccedil;&atilde;o e da Engenharia El&eacute;trica.<\/p>\n<p>Para facilitar o processo de inser&ccedil;&atilde;o dos novos estagi&aacute;rios      no contexto de trabalho do CECOM, a Diretoria criou um curto programa      de treinamento para recep&ccedil;&atilde;o e orienta&ccedil;&atilde;o,      n&atilde;o s&oacute; dos que agora est&atilde;o iniciando suas atividades,      como dos que est&atilde;o aqui h&aacute; poucos meses. Cada diretor      de divis&atilde;o poder&aacute;, posteriormente, complementar este treinamento      b&aacute;sico com aspectos espec&iacute;ficos relacionados a suas atividades      e projetos.<\/p>\n<p>O treinamento trata de quest&otilde;es relacionadas ao ambiente de      trabalho que cada estagi&aacute;rio encontrar&aacute; na divis&atilde;o      onde for exercer suas atividades. Al&eacute;m disso, h&aacute; o objetivo      de se apresentar uma vis&atilde;o de conjunto das atividades e atribui&ccedil;&otilde;es      do CECOM. Desta forma, o treinamento b&aacute;sico est&aacute; sendo      apresentado, em conjunto, por cinco membros da Diretoria do CECOM: Carlos      Alfeu Furtado da Fonseca, Gilmar Lima Guimar&atilde;es, Aleixina Maria      Lopes Andal&eacute;cio, Jo&atilde;o Carlos Lages e Fernando Frota Machado      de Morais.<\/p>\n<p>A programa&ccedil;&atilde;o, com carga hor&aacute;ria prevista de 6      horas, distribu&iacute;das em 2 dias, est&aacute; sendo realizada em:<\/p>\n<p>&#8211; 05\/jun\/2003, quinta-feira, sala 1, subsolo, de 9:00 &agrave;s 12:00;<br \/>     &#8211; 06\/jun\/2003, sexta-feira, sala 2, subsolo, de 9:00 &agrave;s 12:00.<\/p>\n<p>    <\/span> <\/td>\n<\/tr>\n<tr>\n<td align=\"LEFT\" valign=\"TOP\"><\/td>\n<td align=\"LEFT\" valign=\"TOP\"> <a name=\"anoticias2\"><span class=\"titulo\">COPEVE AVALIA     SISTEMA DE ICR<\/span><\/a> <span class=\"texto\">     <\/p>\n<p>Na semana passada, a empresa HS Inform&aacute;tica esteve na universidade      demonstrando seu produto de software para tratamento de imagens de documentos.      Este software, denominado Teleform, possui tecnologia com capacidade      de tratamento de documentos pr&eacute;-definidos e preenchidos com letra      de forma, &agrave; m&atilde;o, ou via computador.<\/p>\n<p>O uso dessa tecnologia, denominada ICR (Inteligent Character Recognition)      permite que documentos utilizados como question&aacute;rios para coleta      de dados e que tenham sido digitalizados, atrav&eacute;s do uso de equipamentos      scanner, possam ter seus dados analisados e at&eacute; mesmo modificados,      antes de serem armazenados em sistemas de informa&ccedil;&atilde;o.     <\/p>\n<p>Com esses recursos, &eacute; poss&iacute;vel evoluir processos de entrada      de dados, tornando-os mais confi&aacute;veis, &aacute;geis e, principalmente,      menos onerosos. Nesta situa&ccedil;&atilde;o se encaixam os volumosos      servi&ccedil;os de digita&ccedil;&atilde;o realizados nos concursos      vestibulares. Para estas atividades, que normalmente contam com prazos      r&iacute;gidos e apertados, a COPEVE necessita terceirizar o servi&ccedil;o,      j&aacute; que a universidade n&atilde;o possui mais uma equipe pr&oacute;pria      de digitadores.<\/p>\n<p>Com o objetivo de avaliar situa&ccedil;&otilde;es desse tipo, esta      apresenta&ccedil;&atilde;o, organizada pelo coordenador de processa-mento      de dados do Vestibular, Jo&atilde;o Carlos Lages, foi realizada especialmente      para a equipe da COPEVE, que esteve presente com o Cordenador do Vestibular      da UFMG, Ant&ocirc;nio Em&iacute;lio Angueth de Ara&uacute;jo, Audrey      Helo&iacute;sa Ivanenko Salgado, Adson Eduardo Resende, ambos respons&aacute;veis      pela &aacute;rea de seguran&ccedil;a do concurso e Elias Mussi. Participaram      ainda, pelo CECOM, Carlos Alfeu Furtado da Fonseca e Luiz Eug&ecirc;nio      de Almeida Oliveira.<\/p>\n<p>Colhidas todas as informa&ccedil;&otilde;es necess&aacute;rias para      a avalia&ccedil;&atilde;o desta tecnologia, a equipe da COPEVE analisar&aacute;      a aquisi&ccedil;&atilde;o, ou n&atilde;o, do software.<\/p>\n<p>    <\/span>     <\/td>\n<\/tr>\n<tr>\n<td align=\"LEFT\" valign=\"TOP\"><\/td>\n<td align=\"LEFT\" valign=\"TOP\"> <a name=\"anoticias3\"><span class=\"titulo\">DIRETOR     DA ATI VIAJA PARA A ESPANHA<\/span><\/a> <span class=\"texto\">     <\/p>\n<p>O prof. M&aacute;rcio Luiz Bunte de Carvalho, Diretor de Tecnologia      da Informa&ccedil;&atilde;o da UFMG, estar&aacute;, no per&iacute;odo      de 10 a 18 de junho, na Espanha. O objetivo da viagem &eacute; visitar      a Oficina de Coopera&ccedil;&atilde;o Universit&aacute;ria, em Madrid.      Esta empresa foi fundada a partir de um cons&oacute;rcio entre cinco      universidades p&uacute;blicas espanholas, cuja finalidade &eacute; desenvolver      ferramentas de TI para dar o apoio &agrave; gest&atilde;o universit&aacute;ria.      O prof. M&aacute;rcio Bunte vai conhecer o trabalho deste grupo para      trazer a experi&ecirc;ncia para a UFMG e possivelmente implantar programas      de interc&acirc;mbio. Al&eacute;m da visita &agrave; oficina, ele vai      visitar tamb&eacute;m a sede do Portal Universia.<\/p>\n<p>    <\/span>     <\/td>\n<\/tr>\n<tr>\n<td align=\"LEFT\" valign=\"TOP\"><\/td>\n<td align=\"LEFT\" valign=\"TOP\"> <a name=\"anoticias4\"><span class=\"titulo\">UFMG VAI     RECEBER COMISS&Atilde;O DO MEC<\/span><\/a> <span class=\"texto\">     <\/p>\n<p>Nos dias 09 e 10 de junho, a UFMG receber&aacute; a visita de uma comiss&atilde;o      de especialistas do MEC que far&aacute; uma avalia&ccedil;&atilde;o      das condi&ccedil;&otilde;es institucionais com vias ao credenciamento      da Universidade para oferecer cursos de p&oacute;s-gradua&ccedil;&atilde;o      a dist&acirc;ncia. Durante a visita, o diretor do LCC, prof. Osvaldo      S&eacute;rgio Farhat de Carvalho, vai apresentar uma palestra sobre      a infra estrutura de TI oferecida pela UFMG para apoiar a educa&ccedil;&atilde;o      a dist&acirc;ncia.<\/p>\n<p>    <\/span>     <\/td>\n<\/tr>\n<tr>\n<td align=\"LEFT\" valign=\"TOP\"><\/td>\n<td align=\"LEFT\" valign=\"TOP\"> <a name=\"anoticias5\"><span class=\"titulo\">CECOM CONTRATA     NOVOS ESTAGI&Aacute;RIOS<\/span><\/a> <span class=\"texto\">     <\/p>\n<p>De acordo com a not&iacute;cia &#8220;<i>Diretores apresentam CECOM      a novos estagi&aacute;rios<\/i>&#8221; , o CECOM contratou novos estagi&aacute;rios      a partir deste in&iacute;cio do m&ecirc;s de junho. S&atilde;o eles:<\/p>\n<p>&#8211; Aline Serr&atilde;o de Filippo, do 2o. per&iacute;odo do curso de      Ci&ecirc;ncia da Computa&ccedil;&atilde;o, lotada na DRC;<br \/>     &#8211; Joaquim Lopes J&uacute;nior, do 2o. per&iacute;odo do curso de Ci&ecirc;ncia      da Computa&ccedil;&atilde;o, lotado na DAS;<br \/>     &#8211; Josemar Pereira dos Santos, do 4o. per&iacute;odo do curso de Ci&ecirc;ncia      da Computa&ccedil;&atilde;o, lotado na DAS;<br \/>     &#8211; Marcus Vinicius Duarte Teixeira, do 2o. per&iacute;odo do curso de      Ci&ecirc;ncia da Computa&ccedil;&atilde;o, lotado na DAC.<\/p>\n<p>    <\/span>     <\/td>\n<\/tr>\n<tr>\n<td align=\"LEFT\" valign=\"TOP\"><\/td>\n<td align=\"LEFT\" valign=\"TOP\"> <a name=\"anoticias6\"><span class=\"titulo\">SA&Iacute;DA     DE ESTAGI&Aacute;RIO<\/span><\/a> <span class=\"texto\">     <\/p>\n<p>Com o t&eacute;rmino do contrato de est&aacute;gio, Herbert Mendes      Leal, da Divis&atilde;o de Redes de Comunica&ccedil;&atilde;o, despediu-se      do Centro de Computa&ccedil;&atilde;o.<\/p>\n<p align=\"center\"><img loading=\"lazy\" decoding=\"async\" src=\"https:\/\/www.ufmg.br\/dti\/wp-content\/uploads\/fotos\/HerbertFormatura.jpg\" width=\"139\" height=\"211\"><\/p>\n<p> Herbert foi contratado no in&iacute;cio de dezembro de 2002, prestando      servi&ccedil;os na DRC, em atividades ligadas &agrave; administra&ccedil;&atilde;o      de recursos de redes.<\/p>\n<p>    <\/span>     <\/td>\n<\/tr>\n<p>  <!-- #EndEditable -->  <\/table>\n<p> <!-- fim noticias --><\/div>\n<p><a name='informativo'><\/a><\/p>\n<h4>Informativo<\/h4>\n<div class=\"centro-sistematico\">  <!-- noticias --> <\/p>\n<table border=\"0\" cellspacing=\"0\" cellpadding=\"0\">\n<tr>\n<td><\/td>\n<td><\/td>\n<\/tr>\n<p>  <!-- #BeginEditable \"materias\" -->   <\/p>\n<tr>\n<td align=\"LEFT\" valign=\"TOP\"><\/td>\n<td align=\"LEFT\" valign=\"TOP\"><a name=\"ainformativo1\"><span class=\"titulo\">GENTEWHERE<\/span><br \/>    <\/a> <img loading=\"lazy\" decoding=\"async\" src=\"https:\/\/www.ufmg.br\/dti\/wp-content\/uploads\/imgs\/tudo_pixel.gif\" width=\"1\" height=\"20\" alt=\"\" border=\"0\"><br \/>     <span class=\"texto\"> <img loading=\"lazy\" decoding=\"async\" src=\"https:\/\/www.ufmg.br\/dti\/wp-content\/uploads\/fotos\/walter.jpg\" width=\"176\" height=\"144\" alt=\"\" border=\"0\" hspace=\"0\" vspace=\"0\" align=\"left\"><img loading=\"lazy\" decoding=\"async\" src=\"https:\/\/www.ufmg.br\/dti\/wp-content\/uploads\/imgs\/tudo_pixel.gif\" width=\"20\" height=\"161\" alt=\"\" border=\"0\" hspace=\"0\" vspace=\"0\" align=\"left\">Ele     sempre foi alegre, festeiro e beijoqueiro. Para contar piadas e fazer     imita&ccedil;&otilde;es ent&atilde;o, n&atilde;o tem igual. Perto dele     s&oacute; rindo e muito. Ele &eacute; Walter Guerra, um ex-ceconiano que     est&aacute; lotado no LCC h&aacute; v&aacute;rios anos. Encontrei-o na     Pra&ccedil;a de Servi&ccedil;os e nos dirigimos ao ICEx para, num banco,     entre &aacute;rvores e boa sombra, relembramos o CECOM de antigamente.     <\/p>\n<p><b>SIST:<\/b> Como e quando voc&ecirc; entrou para o CECOM?<br \/>     <b>WALTER:<\/b> Em 1972, ap&oacute;s fazer testes para o cargo de digitador,      fui admitido pela UFMG. Nesta &eacute;poca, trabalhava na IBM, como      digitador, e fiquei bem indeciso. N&atilde;o sabia se vinha ou n&atilde;o      e a Mariinha telefonava todos os dias para saber a minha resposta. Ent&atilde;o,      entrei para o CECOM juntamente com o Paulo Roberto de Souza e o Joaquim      (o <i>QuemQuem<\/i>,irm&atilde;o de um grande amigo meu, o Magela, e      tamb&eacute;m irm&atilde;o do Marco T&uacute;lio, ex-ceconiano). O Joaquim      era t&atilde;o magro que o Marcelo Caetano vivia gozando dele, dizendo      que se n&atilde;o colocasse umas pedras no bolso, levantaria v&ocirc;o      com a ventania. O Ant&ocirc;nio Mendes era o Diretor Geral, o Hideki      Monaka era o chefe do Setor de Opera&ccedil;&atilde;o. A Mariinha era      a chefe da Digita&ccedil;&atilde;o, que tinha na equipe o Marcelo Caetano,      o Joaquim e a Ism&ecirc;nia. No setor de Controle j&aacute; estavam      a S&aacute;lvia e a Alda, depois veio o Maur&iacute;cio (o Brasinha),      filho do seu Br&aacute;s. No setor de Opera&ccedil;&atilde;o, o Arnaldo,      o Valmir (irm&atilde;o do Avair) e o Tito. Os setores de Opera&ccedil;&atilde;o,      Controle e Digita&ccedil;&atilde;o sempre foram no subsolo da Reitoria      e, nesta &eacute;poca, as outras divis&otilde;es do CECOM estavam localizadas      no 5o. andar do pr&eacute;dio, ao lado do Depto. de Pessoal. Voc&ecirc;      precisava ver a Alda interpretando as can&ccedil;&otilde;es da Maria      Bet&acirc;nia, do lp Drama, &#8220;<i>meu rosto num sei o que&#8230;. a<\/i>&#8221;,      de p&eacute; em cima de uma cadeira, ai, Jesus&#8230;.que coisa! Acontecia      tanta coisa engra&ccedil;ada! Era muito bom.<\/p>\n<p><b>SIST:<\/b> Ent&atilde;o as fotos antigas, em que voc&ecirc; aparece,      n&atilde;o s&atilde;o da inaugura&ccedil;&atilde;o do CECOM?<br \/>     <b>WALTER:<\/b> N&atilde;o. Parece que s&atilde;o de uma festa comemorativa      do primeiro ano do CECOM. N&atilde;o me lembro bem. <\/p>\n<p><b>SIST:<\/b> Quando mudou de cargo?<br \/>     <b>WALTER:<\/b> Parece que em 1980 passei para o cargo de operador, pois      em 1981\/ 1982 eu fiz um curso de programa&ccedil;&atilde;o e an&aacute;lise,      quando fui aluno do &Acirc;ngelo Moura Guimar&atilde;es, Le&atilde;o,      M&aacute;rcio Bunte, Laertes. Trabalhei com os sistemas Burrouhgs 6700,      Facom e A10. No Facom, faz&iacute;amos a corre&ccedil;&atilde;o das      provas do Vestibular da UFMG, da Bahia, Sistema Freq&uuml;&ecirc;ncia,      servi&ccedil;os do DRCA. Uma das melhores &eacute;pocas para se trabalhar      era durante o Vestibular da UFMG, um per&iacute;odo em que se reunia      toda a equipe do CECOM num s&oacute; trabalho e era muito bom.<\/p>\n<p><b>SIST:<\/b> Qual a melhor lembran&ccedil;a do trabalho no CECOM?<br \/>     <b>WALTER:<\/b> A hora do almo&ccedil;o, em que todos se reuniam. &Agrave;s      vezes, levava o viol&atilde;o e parecia que as horas n&atilde;o passavam.      E as idas ao CEU &#8211; Centro Esportivo Universit&aacute;rio, com Clarindo,      Osvaldo, Alceu, Chico Seniuk, M&aacute;rcio do Carmo, Quevedo, Pacca      e outros. <\/p>\n<p><b>SIST:<\/b> Quais as amizades que surgiram no CECOM?<br \/>     <b>WALTER:<\/b> Amizades como as do Cleto (at&eacute; hoje somos amigos      e trabalhamos juntos no LCC e, o que &eacute; mais importante, somos      torcedores do Am&eacute;rica Futebol Clube, o <i>Coelh&atilde;o Sensa&ccedil;&atilde;o<\/i>),      Nilson (padrinho de meu filho Cristiano), o amigo Jos&eacute; Maria      da Silva a BESSA (como dizia o Le&atilde;o), Jos&eacute; Caetano, Alda,      Tu&eacute;des, o pessoal em geral.<\/p>\n<p><b>SIST:<\/b> Quando saiu do CECOM? Como &eacute; o trabalho no LCC?<br \/>     <b>WALTER:<\/b> Em 1995, fui para o LCC, como Operador. Dava aulas na      Newton de Paiva de manh&atilde; e no LCC o trabalho era de 6 horas.      Facilitava para mim. Por isto, sa&iacute; do CECOM. No LCC, trabalho      na Secretaria Administrativa, juntamente com Bernadeth e Cleto, tamb&eacute;m      ex-ceconianos. Sou respons&aacute;vel pela &aacute;rea de compras em      geral, trabalhando com o Siafi. O LCC cresceu muito,as responsabilidades      aumentaram, estando com 11 funcion&aacute;rios e cerca de mais ou menos      40 outras pessoas (estagi&aacute;rios). <\/p>\n<p><b>SIST:<\/b> Fala um pouco da sua vida l&aacute; fora.<br \/>     <b>WALTER:<\/b> Sou formado em Administra&ccedil;&atilde;o de Empresas,      fiz p&oacute;s-gradua&ccedil;&atilde;o em Administra&ccedil;&atilde;o      de Empresas e Especializa&ccedil;&atilde;o em Redes de Computadores      e sou professor universit&aacute;rio desde 1986. Nestes 17 anos dando      aulas, fui professor na Newtron de Paiva, e hoje leciono no IBHES &#8211;      Instituto Belo Horizonte de Ensino Superior e na FICE &#8211; Faculdade Internacional      de Ci&ecirc;ncias Empresariais. Sou casado com a S&ocirc;nia, uma ex-ceconiana,      h&aacute; 26 anos, e tenho 2 filhos: Cristiano, de 15 anos, e Juliana,      de 12 anos. Amo todos eles. Adoro ser professor e ainda quero fazer      Mestrado na UFMG em Ci&ecirc;ncia da Informa&ccedil;&atilde;o.<\/p>\n<p><b>SIST:<\/b> Voc&ecirc; ainda toca viol&atilde;o? Lembra-se de que      em todas as festas l&aacute; estava voc&ecirc; tocando viol&atilde;o      e cantando? Tem saudades?<br \/>     <b>WALTER:<\/b> Ainda toco viol&atilde;o, razoavelmente e agora tenho      tamb&eacute;m um teclado. Sinto muitas saudades das Festas de Natal      do CECOM, com todos participando e cantando.<\/p>\n<p><b>SIST:<\/b> De vez em quando vem ao CECOM. Sente saudades? <br \/>     <b>WALTER:<\/b> Vou para rever o pessoal. A saudade &eacute; muita e      d&aacute; vontade ficar, de conversar.<\/p>\n<p><b>SIST:<\/b> Quer dizer alguma coisa para o pessoal do CECOM?<br \/>     <b>WALTER:<\/b> Uma coisa que admiro muito na dire&ccedil;&atilde;o do      CECOM &eacute; a transpar&ecirc;ncia com que tratam todos os assuntos.      Carlinhos e Gilmar est&atilde;o sempre dispon&iacute;veis para qualquer      d&uacute;vida. E as outras pessoas do CECOM tamb&eacute;m. Mantenho      um bom relacionamento com o pessoal do CECOM e preocupo-me com o pessoal      do subsolo. Quero dizer que tenho uma saudade imensa e que tenho um      lugar reservado no meu cora&ccedil;&atilde;o de bem querer para a turma      do CECOM.<\/p>\n<p>A&iacute; est&aacute; o Walter. Continua aquele mesmo Walter de antigamente,      muito amigo. Agradecemos a ele pela conversa e por contar a todos onde      se encontra. Mais um ceconiano antigo que viveu os primeiros passos      do CECOM.<\/p>\n<p>    <\/span> <\/td>\n<\/tr>\n<tr>\n<td align=\"LEFT\" valign=\"TOP\"><\/td>\n<td align=\"LEFT\" valign=\"TOP\"><a name=\"ainformativo2\"><span class=\"titulo\">ESTAT&Iacute;STICAS     DE SISTEMA ANTI-SPAM DE MAIO<\/span><\/a> <span class=\"texto\">     <\/p>\n<p>Os gr&aacute;ficos mostram, dia a dia, os n&uacute;meros de mensagens      trabalhadas e recusadas durante o m&ecirc;s de maio de 2003:<\/p>\n<p><img loading=\"lazy\" decoding=\"async\" src=\"https:\/\/www.ufmg.br\/dti\/wp-content\/uploads\/imgs\/estat_ver_maio2003.gif\" width=\"500\" height=\"311\"><\/p>\n<p><img loading=\"lazy\" decoding=\"async\" src=\"https:\/\/www.ufmg.br\/dti\/wp-content\/uploads\/imgs\/estat_rej_maio2003.gif\" width=\"500\" height=\"311\"><\/p>\n<p>&nbsp;<\/p>\n<p>    <\/span> <\/td>\n<\/tr>\n<tr>\n<td align=\"LEFT\" valign=\"TOP\"><\/td>\n<td align=\"LEFT\" valign=\"TOP\"><a name=\"ainformativo3\"><span class=\"titulo\">DICAS DE     SITES INTERESSANTES<\/span><\/a> <span class=\"texto\">     <\/p>\n<p>Adyrus, o ca&ccedil;ador de sites, enviou as seguintes dicas:<\/p>\n<p>&#8211; Fundado por Walther Moreira Salles (1912-2001) e mantido pelo Unibanco,      o Instituto Moreira Salles &eacute; uma entidade civil sem fins lucrativos,      criada em 1990, que tem por finalidade exclusiva a promo&ccedil;&atilde;o      e o desenvolvimento de programas culturais. Cinco s&atilde;o as suas      principais &aacute;reas de atua&ccedil;&atilde;o: fotografia, literatura,      cinema, artes pl&aacute;sticas e m&uacute;sica brasileira. V&aacute;      at&eacute; o endere&ccedil;o: <a href=\"http:\/\/www.ims.com.br\">http:\/\/www.ims.com.br<\/a>.<\/p>\n<p>&#8211; A Tecnopop &eacute; uma produtora de design gr&aacute;fico, internet      e multim&iacute;dia. Em sua p&aacute;gina (<a href=\"http:\/\/www.tecnopop.com.br\">http:\/\/www.tecnopop.com.br<\/a>),      voc&ecirc; pode saber tudo sobre os &uacute;ltimos lan&ccedil;amentos      e dar download no encarte de alguns cds. <\/p>\n<p>&#8211; Estou me convencendo de que cientistas n&atilde;o t&ecirc;m muito      o que fazer e inventam pesquisas absurdas. Como a que busca a beleza      ideal. Visite o site <a href=\"http:\/\/www.beautycheck.de\/english\">www.beautycheck.de\/english<\/a>.      (Site em Ingl&ecirc;s)<\/p>\n<p>&#8211; No Festival de Cannes deste ano o pessoal comentou muito sobre a      atriz Nicole Kidman. Com o lan&ccedil;amento do filme Dogville (algo      como <i>Cidade cachorro<\/i>?), no qual ela, em determinado momento,      usa uma coleira e anda de quatro. Se voc&ecirc; quer saber mais, acesse      a p&aacute;gina <a href=\"http:\/\/www.tvropa.com\/dogville\">http:\/\/www.tvropa.com\/dogville<\/a>.      (Site em Ingl&ecirc;s)<\/p>\n<p>&#8211; Desde as 14 horas de hoje, dia 05, est&aacute; dispon&iacute;vel      na p&aacute;gina da MTV brasileira (<a href=\"http:\/\/www.mtv.com.br\/exclusivos\/metallica.shtml\">http:\/\/www.mtv.com.br\/exclusivos\/metallica.shtml<\/a>)      conte&uacute;do exclusivo relacionado ao novo &aacute;lbum do Metallica,      com videoclipes, fotos e depoimentos dos seusintegrantes.<\/p>\n<p>&#8211; No Cyberfashion tem tecidos &oacute;pticos. A fabrica italiana Luminex      tem vestidos, toalhas e outras coisas mais que &eacute; de dar choque.      O endere&ccedil;o &eacute;: <a href=\"http:\/\/www.luminex.it\">http:\/\/www.luminex.it<\/a>.<\/p>\n<p>&#8211; Mas se voc&ecirc; quer uma jaqueta anticontato, que d&aacute; choque      de 80 mil volts, pode comprar esta para sua mulher. O prot&oacute;tipo      tem baterias recarreg&aacute;veis flex&iacute;veis de lithium da VoltaFlex.      Acesse a p&aacute;gina <a href=\"http:\/\/www.no-contact.com\">http:\/\/www.no-contact.com<\/a>.     <\/p>\n<p>&#8211; Para voc&ecirc; que sempre procura algo de gra&ccedil;a na web e      quer ser um webmasters, a&iacute; vai uma dica. A p&aacute;gina <a href=\"http:\/\/www.plusmasters.com.br\">http:\/\/www.plusmasters.com.br<\/a>      tem c&oacute;digos, design, servi&ccedil;os e tutoriais.<\/p>\n<p>    <\/span> <\/td>\n<\/tr>\n<tr>\n<td align=\"LEFT\" valign=\"TOP\"><\/td>\n<td align=\"LEFT\" valign=\"TOP\"><a name=\"ainformativo4\"><span class=\"titulo\">PLANT&Atilde;O     INFO<\/span><\/a> <span class=\"texto\">     <\/p>\n<p>O <b>Plant&atilde;o Info<\/b> divulgou, na &uacute;ltima semana, seguintes      not&iacute;cias:<\/p>\n<p><b>DB2 sai na frente entre os bancos de dados<\/b> (27 de maio\/2003)      &#8211; Um estudo do Gartner sobre o uso de banco de dados relacionais mostrou      que o DB2, da IBM, ficou com a maior fatia das licen&ccedil;as vendidas      em 2002, com 36.2%. <br \/>     A pesquisa contemplou as plataformas Windows, Unix e mainframe, entre      outras &#8211; por exemplo, a iSeries da IBM. Um dos fatores que mais contaram      pontos na lideran&ccedil;a da Big Blue foi o uso do DB2 na linha de      mainframes. Segundo o Gartner, as licen&ccedil;as do banco de dados      vendidas pela IBM no ano passado totalizaram 2,4 bilh&otilde;es de d&oacute;lares.      <br \/>     A segunda posi&ccedil;&atilde;o do ranking ficou com a Oracle, com 33,8%      do mercado e vendas de 2,25 bilh&otilde;es de d&oacute;lares. J&aacute;      a Microsoft levou 18% do market share e faturou 1,2 bilh&otilde;es de      d&oacute;lares. <br \/>     Entretanto, quando se leva em conta apenas o mercado de servidores Unix      e Windows, o Oracle 9i levou vantagem, com 42,5% das vendas. Em segundo      lugar, ficou a IBM, com 24,2%, seguida pelo SQL Server da Micorosoft,      com 22,8%.<\/p>\n<p><b>A Novell entra na briga contra a SCO<\/b> (28 de maio\/2003) &#8211; A Novell      advertiu a SCO a comprovar suas alega&ccedil;&otilde;es de c&oacute;pia      de c&oacute;digo do Unix contra o Linux ou retir&aacute;-las, afirmando      ter ainda direitos de copyright e patentes sobre o sistema. <br \/>     A advert&ecirc;ncia foi feita numa contundente carta enviada pelo CEO      da Novell, Jack Messman, ao CEO da SCO, Darl McBride. Num comunicado      publicado pela Novell em seu site, a empresa afirma que o contrato fechado      entre ela e a SCO em 1995 n&atilde;o transferiu os direitos autorais      e patentes relacionados com o Unix System V para a SCO. <br \/>     O comunicado diz, ainda, que a SCO parece saber disso, j&aacute; que,      nos &uacute;ltimos meses, &#8220;tem feito repetidos pedidos &agrave;      Novell para transferir os direitos, pedidos que t&ecirc;m sido rejeitados      pela Novell&#8221;. <br \/>     Numa carta de Messman, a Novell exige que a SCO desista das suas &#8220;falsas      afirma&ccedil;&otilde;es de propriedade do Unix&#8221; ou forne&ccedil;a      provas conclusivas de que tem esses direitos. <br \/>     A Novell adquiriu o Unix da AT&amp;T, sua desenvolvedora original, ao      comprar a Unix System Labs, divis&atilde;o da AT&amp;T dedicada a esse      software, em 1993. A compra foi desastrosa para a Novell, j&aacute;      que levou muitas empresas usu&aacute;rias a interpretar isso como um      sinal de que ela estava abandonando seu pr&oacute;prio sistema operacional,      o NetWare. <br \/>     Tr&ecirc;s anos depois, a Novell passou o Unix &agrave; SCO, por contrato,      para se dedicar ao NetWare. Em 2001, a parte da SCO relacionada com      o Unix foi comprada pela Caldera que, no ano passado, mudou seu nome      para SCO Group, ressuscitando a marca. <br \/>     A SCO est&aacute; processando a IBM, da qual exige uma indeniza&ccedil;&atilde;o      de 1 bilh&atilde;o de d&oacute;lares por viola&ccedil;&atilde;o de direitos      autorais. A SCO acusa a IBM de ter incorporado, ao Linux, c&oacute;digo      licenciado do Unix, violando o contrato de licenciamento. Tamb&eacute;m      amea&ccedil;ou 1 500 usu&aacute;rios comerciais do Linux, dizendo que      eles estariam usando software ilegal. <br \/>     As a&ccedil;&otilde;es da SCO atra&iacute;ram a ira de v&aacute;rios      grupos de linuxistas. Na Alemanha, o Linuxtag, grupo que defende interesses      de empresas do mundo Linux, divulgou que pretende processar a SCO pelos      danos causados aos neg&oacute;cios dessas empresas com suas amea&ccedil;as.      <br \/>     O comunicado do Linuxtag diz que a SCO tem at&eacute; o dia 30 de maio      para apresentar provas de que &eacute; dona de alguma parte do Linux.      Caso contr&aacute;rio, ser&aacute; processada.<\/p>\n<p>    <\/span> <\/td>\n<\/tr>\n<tr>\n<td align=\"LEFT\" valign=\"TOP\"><\/td>\n<td align=\"LEFT\" valign=\"TOP\"><a name=\"ainformativo5\"><span class=\"titulo\">MEM&Oacute;RIA     FOTOGR&Aacute;FICA DO CECOM<\/span><\/a> <span class=\"texto\">     <\/p>\n<p>Ap&oacute;s a publica&ccedil;&atilde;o das fotos da cerim&ocirc;nia      de desligamento do Sistema A10, com a participa&ccedil;&atilde;o de      funcion&aacute;rios do CECOM e da ATI, Renato Righi aproveitou e tirou      fotos do equipamento, para ningu&eacute;m se esquecer como ele era.<\/p>\n<p align=\"center\"><img loading=\"lazy\" decoding=\"async\" src=\"https:\/\/www.ufmg.br\/dti\/wp-content\/uploads\/fotos\/desligA107.jpg\" width=\"306\" height=\"435\"><\/p>\n<p align=\"center\"><font face=\"1\"><i>A CPU com as consoles<\/i><\/font><\/p>\n<p align=\"center\"><img loading=\"lazy\" decoding=\"async\" src=\"https:\/\/www.ufmg.br\/dti\/wp-content\/uploads\/fotos\/desligA108.jpg\" width=\"457\" height=\"331\"><\/p>\n<p align=\"center\"><font face=\"1\"><i>Uma das consoles do A10<\/i><\/font><\/p>\n<p align=\"center\"><img loading=\"lazy\" decoding=\"async\" src=\"https:\/\/www.ufmg.br\/dti\/wp-content\/uploads\/fotos\/desligA109.jpg\" width=\"276\" height=\"448\"><\/p>\n<p align=\"center\"><font face=\"1\"><i>Unidade de discos<\/i><\/font><\/p>\n<p align=\"center\"><img loading=\"lazy\" decoding=\"async\" src=\"https:\/\/www.ufmg.br\/dti\/wp-content\/uploads\/fotos\/desligA1010.jpg\" width=\"311\" height=\"433\"><\/p>\n<p align=\"center\"><font face=\"1\"><i>Controlador de comunica&ccedil;&atilde;o      &#8211; CP2000<\/i><\/font><\/p>\n<p align=\"center\"><img loading=\"lazy\" decoding=\"async\" src=\"https:\/\/www.ufmg.br\/dti\/wp-content\/uploads\/fotos\/desligA1011.jpg\" width=\"433\" height=\"294\"><\/p>\n<p align=\"center\"><font face=\"1\"><i>Parte frontal da CPU<\/i><\/font><\/p>\n<p align=\"center\"><img loading=\"lazy\" decoding=\"async\" src=\"https:\/\/www.ufmg.br\/dti\/wp-content\/uploads\/fotos\/desligA1012.jpg\" width=\"433\" height=\"288\"><\/p>\n<p align=\"center\"><font face=\"1\"><i>Console do A10 utilizando a mesa das      consoles do Burroughs 6700. &Agrave; direita: caixinha de controle da      Central de ar condicionado.<\/i><\/font><\/p>\n<p>    <\/span> <\/td>\n<\/tr>\n<p>  <!-- #EndEditable -->  <\/table>\n<p> <!-- fim noticias --> <!-- tabela ha 20 anos --> <\/p>\n<table border=\"0\" cellspacing=\"0\" cellpadding=\"0\" class=\"cinza\">\n<tr>\n<td><img loading=\"lazy\" decoding=\"async\" src=\"https:\/\/www.ufmg.br\/dti\/wp-content\/uploads\/imgs\/tudo_pixel.gif\" width=\"1\" height=\"1\" alt=\"\" border=\"0\"><\/td>\n<td><img loading=\"lazy\" decoding=\"async\" src=\"https:\/\/www.ufmg.br\/dti\/wp-content\/uploads\/imgs\/tudo_pixel.gif\" width=\"19\" height=\"1\" alt=\"\" border=\"0\"><\/td>\n<td><img loading=\"lazy\" decoding=\"async\" src=\"https:\/\/www.ufmg.br\/dti\/wp-content\/uploads\/imgs\/tudo_pixel.gif\" width=\"510\" height=\"1\" alt=\"\" border=\"0\"><\/td>\n<td><img loading=\"lazy\" decoding=\"async\" src=\"https:\/\/www.ufmg.br\/dti\/wp-content\/uploads\/imgs\/tudo_pixel.gif\" width=\"19\" height=\"1\" alt=\"\" border=\"0\"><\/td>\n<td><img loading=\"lazy\" decoding=\"async\" src=\"https:\/\/www.ufmg.br\/dti\/wp-content\/uploads\/imgs\/tudo_pixel.gif\" width=\"1\" height=\"1\" alt=\"\" border=\"0\"><\/td>\n<\/tr>\n<tr>\n<td class=\"vermelho\" colspan=\"5\"><img loading=\"lazy\" decoding=\"async\" src=\"https:\/\/www.ufmg.br\/dti\/wp-content\/uploads\/imgs\/tudo_pixel.gif\" width=\"1\" height=\"1\" alt=\"\" border=\"0\"><\/td>\n<\/tr>\n<tr>\n<td class=\"vermelho\"><img loading=\"lazy\" decoding=\"async\" src=\"https:\/\/www.ufmg.br\/dti\/wp-content\/uploads\/imgs\/tudo_pixel.gif\" width=\"1\" height=\"1\" alt=\"\" border=\"0\"><\/td>\n<td><img loading=\"lazy\" decoding=\"async\" src=\"https:\/\/www.ufmg.br\/dti\/wp-content\/uploads\/imgs\/tudo_pixel.gif\" width=\"1\" height=\"1\" alt=\"\" border=\"0\"><\/td>\n<td align=\"LEFT\" valign=\"TOP\"><!-- #BeginEditable \"ha 20 anos\" --><a name=\"ainformativo6\"><img loading=\"lazy\" decoding=\"async\" src=\"https:\/\/www.ufmg.br\/dti\/wp-content\/uploads\/imgs\/tudo_pixel.gif\" width=\"1\" height=\"8\" alt=\"\" border=\"0\"><br \/>    <span class=\"titulo\">H\u00e1 20 anos&#8230;<\/span><\/a> <span class=\"texto\">     <\/p>\n<p>O Sistem&aacute;tico Ano VII, no 22, de 01\/06\/1983, publicou not&iacute;cias      sobre a Inform&aacute;tica-83, semin&aacute;rios da Compucenter, semin&aacute;rios      da IBM, al&eacute;m da entrevista de Patr&iacute;cia L&uacute;cia Pereira      Ferri, na se&ccedil;&atilde;o &#8220;<i>Um Pouco de N&oacute;s<\/i>&#8221;.      A not&iacute;cia que se destacou foi:<\/p>\n<p><b>VISITAS AO CECOM<\/b><br \/>     <font face=\"1\">Na sexta-feira passada, dia 27 de maio, estiveram visitando      as instala&ccedil;&otilde;es do Centro de Computa&ccedil;&atilde;o,      alunos do 2o ano de Processamento de Dados do Col&eacute;gio Brasileiro.      E ontem, estiveram no CECOM, cinco professores da Faculdade de Ci&ecirc;ncias      Econ&ocirc;micas da UFMG que, al&eacute;m de visitarem as instala&ccedil;&otilde;es      dos sistemas Burroughs e Facom, puderam conversar sobre a possibilidade      de utilizarem os softwares de aplica&ccedil;&atilde;o dispon&iacute;veis      atualmente no Centro.<\/font><\/p>\n<p>    <\/span><!-- #EndEditable --><br \/>     <img loading=\"lazy\" decoding=\"async\" src=\"https:\/\/www.ufmg.br\/dti\/wp-content\/uploads\/imgs\/tudo_pixel.gif\" width=\"1\" height=\"8\" alt=\"\" border=\"0\"><\/td>\n<td><img loading=\"lazy\" decoding=\"async\" src=\"https:\/\/www.ufmg.br\/dti\/wp-content\/uploads\/imgs\/tudo_pixel.gif\" width=\"1\" height=\"1\" alt=\"\" border=\"0\"><\/td>\n<td class=\"vermelho\"><img loading=\"lazy\" decoding=\"async\" src=\"https:\/\/www.ufmg.br\/dti\/wp-content\/uploads\/imgs\/tudo_pixel.gif\" width=\"1\" height=\"1\" alt=\"\" border=\"0\"><\/td>\n<\/tr>\n<tr>\n<td class=\"vermelho\" colspan=\"5\"><img loading=\"lazy\" decoding=\"async\" src=\"https:\/\/www.ufmg.br\/dti\/wp-content\/uploads\/imgs\/tudo_pixel.gif\" width=\"1\" height=\"1\" alt=\"\" border=\"0\"><\/td>\n<\/tr>\n<\/table>\n<p> <!-- fim tabela ha 20 anos --><\/div>\n<p><a name='eventos'><\/a><\/p>\n<h4>Eventos<\/h4>\n<div class=\"centro-sistematico\">  <!-- noticias --> <\/p>\n<table border=\"0\" cellspacing=\"0\" cellpadding=\"0\">\n<tr>\n<td><\/td>\n<td><\/td>\n<\/tr>\n<p>  <!-- #BeginEditable \"materias\" -->   <\/p>\n<tr>\n<td align=\"LEFT\" valign=\"TOP\"><\/td>\n<td align=\"LEFT\" valign=\"TOP\"> <a name=\"aeventos1\"><span class=\"titulo\">FESTA JUNINA     DO CECOM<\/span><\/a> <span class=\"texto\">     <\/p>\n<p>Enquanto a Comiss&atilde;o Organizadora da Festa Junina se encontra      empenhada em dar andamento aos preparativos para a festa, nova rifa      est&aacute; sendo agendada para angariar fundos. Foi solicitada a todos      os funcion&aacute;rios a colabora&ccedil;&atilde;o para a montagem de      uma cesta de guloseimas que ser&aacute; rifada no dia 18 de junho. At&eacute;      o momento, al&eacute;m de Lel&eacute; e Tim&eacute;, contribu&iacute;ram      com biscoitos, sucos e pirulito: Alda, Cristina, Beth, Adriana, D&ocirc;ra,      Tina, Carlinhos, Gilmar e Frota.<\/p>\n<p>Foi colocada uma caixa no meio do corredor do 8o. andar para recebimento      de prendas para os jogos de argolas, pescaria, boca do palha&ccedil;o      e corrida do saco. Esta semana, foi a vez da Tina, Cristina e D&ocirc;ra      contribu&iacute;rem.<\/p>\n<p>A comiss&atilde;o est&aacute; aguardando a coopera&ccedil;&atilde;o      de todos.<\/p>\n<p>    <\/span> <\/td>\n<\/tr>\n<tr>\n<td align=\"LEFT\" valign=\"TOP\"><\/td>\n<td align=\"LEFT\" valign=\"TOP\"><a name=\"aeventos2\"><span class=\"titulo\">PROGRAMA&Ccedil;&Atilde;O     DA QUARTA DOZE E MEIA<\/span><\/a> <span class=\"texto\">     <\/p>\n<p>O Projeto <i>Quarta Doze e Trinta<\/i>, realizado pela Diretoria de      A&ccedil;&atilde;o Cultural e pela Coordenadoria de Assuntos Comunit&aacute;rios      da UFMG, com patroc&iacute;nio de NOSSACOOP &#8211; A Nossa Cooperativa de      Cr&eacute;dito, programou para as pr&oacute;ximas semanas:<\/p>\n<p>&#8211; 11 de junho: &#8220;<i>Ac&uacute;stico Pero no Mucho<\/i>&#8221;, show      com Patr&iacute;cia Amaral, acompanhada de Tat&aacute; Sympa, Egler      Bruno e Celso Penini, na Pra&ccedil;a de Servi&ccedil;os.<\/p>\n<p>&#8211; 18 de junho: &#8220;<i>Carmina Burana<\/i>&#8221;, de Carl Orff, com      o Coro do Curso de Extens&atilde;o da Escola de M&uacute;sica da UFMG,      no Audit&oacute;rio da Reitoria. A Xina vai estar cantando no coro.      N&atilde;o percam!<\/p>\n<p>    <\/span>    <\/td>\n<\/tr>\n<tr>\n<td align=\"LEFT\" valign=\"TOP\"><\/td>\n<td align=\"LEFT\" valign=\"TOP\"><a name=\"aeventos3\"><span class=\"titulo\">SOCIAIS<\/span><\/a>     <span class=\"texto\">     <\/p>\n<p><b>ANIVERS&Aacute;RIOS:<\/b> <i>&#8220;O Sistem&aacute;tico&#8221; envia      os parab&eacute;ns atrasados para Tereza Cristina Andrade Oliveira (telefonista),      no dia 03. E os parab&eacute;ns para Wilton Campos, no pr&oacute;ximo      dia 09, e L&iacute;sia Rocio de Abreu, no dia 12. Os parab&eacute;ns      para os ex-ceconianos: Mar&iacute;lia Pereira Martins, hoje, dia 05;      Rainer Brockerhoff e Rosana de Melo Faria, no dia 06; Maria Tereza de      Melo Carvalho, no dia 08; Marco Ant&ocirc;nio Vasconcelos, no dia 12      e Al&eacute;xia Loureiro Ara&uacute;jo, no dia 12.<\/i><\/p>\n<p>    <\/span>    <\/td>\n<\/tr>\n<p>  <!-- #EndEditable -->  <\/table>\n<p> <!-- fim noticias --><\/div>\n","protected":false},"excerpt":{"rendered":"<p>Not\u00edcias DIRETORES APRESENTAM CECOM A NOVOS ESTAGI&Aacute;RIOS COPEVE AVALIA SISTEMA DE ICR DIRETOR DA ATI VIAJA PARA A ESPANHA UFMG VAI RECEBER COMISS&Atilde;O DO MEC CECOM CONTRATA NOVOS ESTAGI&Aacute;RIOS SA&Iacute;DA DE ESTAGI&Aacute;RIO Informativo GENTEWHERE ESTAT&Iacute;STICAS DE SISTEMA ANTI-SPAM DE MAIO DICAS DE SITES INTERESSANTES PLANT&Atilde;O INFO MEM&Oacute;RIA FOTOGR&Aacute;FICA DO CECOM H\u00e1 20 anos&#8230; Eventos FESTA &#8230; <a title=\"Sistem\u00e1tico: Edi\u00e7\u00e3o 1160 &#8211; 05\/06\/2003\" class=\"read-more\" href=\"https:\/\/www.ufmg.br\/dti\/2003\/06\/05\/sistematico-edicao-1160-05062003\/\" aria-label=\"Read more about Sistem\u00e1tico: Edi\u00e7\u00e3o 1160 &#8211; 05\/06\/2003\">Ler mais<\/a><\/p>\n","protected":false},"author":3,"featured_media":0,"comment_status":"open","ping_status":"open","sticky":false,"template":"","format":"standard","meta":{"inline_featured_image":false,"footnotes":""},"categories":[13],"tags":[],"coauthors":[79],"class_list":["post-3203","post","type-post","status-publish","format-standard","hentry","category-sistematico"],"_links":{"self":[{"href":"https:\/\/www.ufmg.br\/dti\/wp-json\/wp\/v2\/posts\/3203","targetHints":{"allow":["GET"]}}],"collection":[{"href":"https:\/\/www.ufmg.br\/dti\/wp-json\/wp\/v2\/posts"}],"about":[{"href":"https:\/\/www.ufmg.br\/dti\/wp-json\/wp\/v2\/types\/post"}],"author":[{"embeddable":true,"href":"https:\/\/www.ufmg.br\/dti\/wp-json\/wp\/v2\/users\/3"}],"replies":[{"embeddable":true,"href":"https:\/\/www.ufmg.br\/dti\/wp-json\/wp\/v2\/comments?post=3203"}],"version-history":[{"count":0,"href":"https:\/\/www.ufmg.br\/dti\/wp-json\/wp\/v2\/posts\/3203\/revisions"}],"wp:attachment":[{"href":"https:\/\/www.ufmg.br\/dti\/wp-json\/wp\/v2\/media?parent=3203"}],"wp:term":[{"taxonomy":"category","embeddable":true,"href":"https:\/\/www.ufmg.br\/dti\/wp-json\/wp\/v2\/categories?post=3203"},{"taxonomy":"post_tag","embeddable":true,"href":"https:\/\/www.ufmg.br\/dti\/wp-json\/wp\/v2\/tags?post=3203"},{"taxonomy":"author","embeddable":true,"href":"https:\/\/www.ufmg.br\/dti\/wp-json\/wp\/v2\/coauthors?post=3203"}],"curies":[{"name":"wp","href":"https:\/\/api.w.org\/{rel}","templated":true}]}}