{"id":3205,"date":"2003-04-30T08:00:00","date_gmt":"2003-04-30T08:00:00","guid":{"rendered":"https:\/\/www.ufmg.br\/dti\/cecom\/?p=1472"},"modified":"2003-04-30T08:00:00","modified_gmt":"2003-04-30T08:00:00","slug":"sistematico-edicao-1155-30042003","status":"publish","type":"post","link":"https:\/\/www.ufmg.br\/dti\/2003\/04\/30\/sistematico-edicao-1155-30042003\/","title":{"rendered":"Sistem\u00e1tico: Edi\u00e7\u00e3o 1155 &#8211; 30\/04\/2003"},"content":{"rendered":"<ul>\n<li><a href=\"\/dti\/#noticias\">Not\u00edcias<\/a>\n<div class='submenuSistematico'>\n<ul>\n<li><a href=\"\/dti\/#anoticias1\"><span class=\"titulo\">VELOCIDADE     DE ACESSO &Agrave; REDE UFMG &Eacute; DUPLICADA PARA DIREITO E FARM&Aacute;CIA<\/span><\/a><\/li>\n<li><a href=\"\/dti\/#anoticias2\"><span class=\"titulo\">BU REALIZA     TESTES COM PERGAMUM<\/span><\/a><\/li>\n<li><a href=\"\/dti\/#anoticias3\"><span class=\"titulo\">DAC E UNISYS     RECUPERAM IMPRESSORA CENTRAL<\/span><\/a><\/li>\n<li><a href=\"\/dti\/#anoticias4\"><span class=\"titulo\">DRC REALIZOU     2467 ATENDIMENTOS EM 1 ANO<\/span><\/a><\/li>\n<li><a href=\"\/dti\/#anoticias5\"><span class=\"titulo\">IMPRENSA     UNIVERSIT&Aacute;RIA GERA FORMUL&Aacute;RIOS PARA CONCURSOS<\/span><\/a><\/li>\n<li><a href=\"\/dti\/#anoticias6\"><span class=\"titulo\">UNIVERSIDADE     DE UBERL&Acirc;NDIA OFERECE CURSO DE TECNOLOGIA PARA EAD<\/span><\/a><\/li>\n<li><a href=\"\/dti\/#anoticias7\"><span class=\"titulo\">ADIADO CURSO     DA TELEMAR SOBRE CONTAS TELEF&Ocirc;NICAS<\/span><\/a><\/li>\n<li><a href=\"\/dti\/#anoticias8\"><span class=\"titulo\">CECOM OFERECE     TREINAMENTO SOBRE LOTUS NOTES<\/span><\/a><\/li>\n<\/ul>\n<\/div>\n<\/li>\n<li><a href=\"\/dti\/#informativo\">Informativo<\/a>\n<div class='submenuSistematico'>\n<ul>\n<li><a href=\"\/dti\/#ainformativo1\"><span class=\"titulo\">DICAS DE     SITES INTERESSANTES<\/span><br \/>    <\/a><\/li>\n<li><a href=\"\/dti\/#ainformativo2\"><span class=\"titulo\">PRORH PROMOVE     VACINA&Ccedil;&Atilde;O CONTRA GRIPE NA UFMG<\/span><\/a><\/li>\n<li><a href=\"\/dti\/#ainformativo3\"><span class=\"titulo\">SAST ALTERA     HOR&Aacute;RIO DE ATENDIMENTO<br \/>    <\/span><\/a><\/li>\n<li><a href=\"\/dti\/#ainformativo4\"><span class=\"titulo\">PRORH OFERECE     CURSO FUNDAMENTAL PARA JOVENS E ADULTOS DA UFMG<\/span><\/a><\/li>\n<li><a href=\"\/dti\/#ainformativo5\"><span class=\"titulo\">DIA DO TRABALHO<\/span><\/a><\/li>\n<li><a href=\"\/dti\/#ainformativo6\"><span class=\"titulo\">MEM&Oacute;RIA     FOTOGR&Aacute;FICA DO CECOM<\/span><\/a><\/li>\n<li><a href=\"\/dti\/#ainformativo7\"><img loading=\"lazy\" decoding=\"async\" src=\"https:\/\/www.ufmg.br\/dti\/wp-content\/uploads\/imgs\/tudo_pixel.gif\" width=\"1\" height=\"8\" alt=\"\" border=\"0\"><br \/>    <span class=\"titulo\">H\u00e1 20 anos&#8230;<\/span><\/a><\/li>\n<\/ul>\n<\/div>\n<\/li>\n<li><a href=\"\/dti\/#eventos\">Eventos<\/a>\n<div class='submenuSistematico'>\n<ul>\n<li><a href=\"\/dti\/#aeventos1\"><span class=\"titulo\">PR&Oacute;XIMO     <i>DOMINGO NO CAMPUS<\/i> COM ARTE E CI&Ecirc;NCIA<\/span><\/a><\/li>\n<li><a href=\"\/dti\/#aeventos2\"><span class=\"titulo\">SOCIAIS<\/span><\/a><\/li>\n<\/ul>\n<\/div>\n<\/li>\n<\/ul>\n<p> <a name='noticias'><\/a><\/p>\n<h4>Not\u00edcias<\/h4>\n<div class=\"centro-sistematico\">  <!-- noticias --> <\/p>\n<table border=\"0\" cellspacing=\"0\" cellpadding=\"0\">\n<tr>\n<td><\/td>\n<td><\/td>\n<\/tr>\n<p>  <!-- #BeginEditable \"materias\" -->   <\/p>\n<tr>\n<td align=\"LEFT\" valign=\"TOP\"><\/td>\n<td align=\"LEFT\" valign=\"TOP\"> <a name=\"anoticias1\"><span class=\"titulo\">VELOCIDADE     DE ACESSO &Agrave; REDE UFMG &Eacute; DUPLICADA PARA DIREITO E FARM&Aacute;CIA<\/span><\/a>     <span class=\"texto\">     <\/p>\n<p>A Diretoria do CECOM, apoiada pela DRC e DAA, vem avaliando alternativas      para aumentar a velocidade de acesso das unidades externas ao Campus      Pampulha, ao backbone da rede UFMG. <\/p>\n<p>A rela&ccedil;&atilde;o de <a href=\"..\/se\/se_redes.shtml\">unidades      atendidas<\/a> por esse servi&ccedil;o de comunica&ccedil;&atilde;o de      dados, que &eacute; fornecido pela Telemar, &eacute; composto pelas      unidades do Campus Sa&uacute;de, Engenharia (centro), FACE, Direito,      Farm&aacute;cia, Arquitetura, Conservat&oacute;rio, Museu e NCA. Atrav&eacute;s      deste servi&ccedil;o, as unidades acessam servi&ccedil;os e informa&ccedil;&otilde;es      na Internet e utilizam os sistemas institucionais.<\/p>\n<p>Para viabilizar a amplia&ccedil;&atilde;o das velocidades contratadas      h&aacute;, principalmente, quest&otilde;es financeiras e contratuais      a serem resolvidas. O acompanhamento de desempenho dos links de comunica&ccedil;&atilde;o      de dados &eacute; feito rotineiramente e poss&iacute;veis melhorias      s&atilde;o analisadas semestralmente. Durante o ano de 2001 foram ampliadas      as velocidades dos links que atendiam ao Campus Sa&uacute;de, Engenharia      e FACE, al&eacute;m de ter sido conectado o Museu de Hist&oacute;ria      Natural.<\/p>\n<p>Durante esta semana, a Faculdade de Farm&aacute;cia e a Faculdade de      Direito passaram a utilizar seus links de comunica&ccedil;&atilde;o      de dados com novas velocidades, que foram duplicadas, em ambos os casos,      de 256K para 512K. Este aumento deve atender a demanda atual das unidades      e acolher o crescimento natural de acesso. No caso da Farm&aacute;cia,      esta deve ser a &uacute;ltima amplia&ccedil;&atilde;o realizada at&eacute;      a transfer&ecirc;ncia da unidade para o novo pr&eacute;dio no Campus      Pampulha.<\/p>\n<p>    <\/span> <\/td>\n<\/tr>\n<tr>\n<td align=\"LEFT\" valign=\"TOP\"><\/td>\n<td align=\"LEFT\" valign=\"TOP\"> <a name=\"anoticias2\"><span class=\"titulo\">BU REALIZA     TESTES COM PERGAMUM<\/span><\/a> <span class=\"texto\">     <\/p>\n<p>Desde 1998, o acervo bibliogr&aacute;fico da UFMG &eacute; controlado      pelo sistema VTLS, que permite o gerenciamento do acervo, controle de      empr&eacute;stimos e acesso via Web ao cat&aacute;logo. Este sistema      est&aacute; instalado em um servidor IBM RS\/6000 7013 modelo 590, que      &eacute; gerenciado pelo CECOM. <\/p>\n<p>Motivada pela obsolesc&ecirc;ncia deste servidor e pelo surgimento      de novas necessidades que n&atilde;o s&atilde;o satisfeitas pelo VTLS,      a diretoria da BU optou por pesquisar alternativas para substitui&ccedil;&atilde;o      deste sistema. Est&atilde;o sendo avaliados o Virtua, desenvolvido pela      mesma empresa que criou o VTLS (VTLS Inc.), e o Pergamum, desenvolvido      pela Divis&atilde;o de Processamento de Dados da Pontif&iacute;cia Universidade      Cat&oacute;lica do Paran&aacute; (PUC\/PR).<\/p>\n<p>Para viabilizar os testes com o Pergamum, o CECOM disponibilizou um      de seus servidores com o banco de dados Oracle, onde foram carregados      dados extra&iacute;dos da base atual. Os testes ser&atilde;o realizados      pela equipe da BU, sob a coordena&ccedil;&atilde;o da diretora Simone      Aparecida dos Santos.<\/p>\n<p>Dentro deste processo de avalia&ccedil;&atilde;o, nesta quarta-feira,      dia 30\/04, a equipe da BU esteve visitando a PUC\/MG que j&aacute; &eacute;      usu&aacute;ria do Pergamum, com o objetivo de obter informa&ccedil;&otilde;es      quanto ao funcionamento do software e avaliar opini&otilde;es e caracter&iacute;sticas      de funcionamento. <\/p>\n<p>Na pr&oacute;xima quarta-feira, dia 07\/05\/2003, ser&aacute; realizada      uma reuni&atilde;o com o Representante do Software Pergamum, para a      qual foram convidados alguns representantes do CECOM. A reuni&atilde;o      ser&aacute; &agrave;s 9:00 horas, na Sala de Treinamento da Biblioteca      Universit&aacute;ria.<\/p>\n<p>    <\/span>     <\/td>\n<\/tr>\n<tr>\n<td align=\"LEFT\" valign=\"TOP\"><\/td>\n<td align=\"LEFT\" valign=\"TOP\"> <a name=\"anoticias3\"><span class=\"titulo\">DAC E UNISYS     RECUPERAM IMPRESSORA CENTRAL<\/span><\/a> <span class=\"texto\">     <\/p>\n<p>Em 2001, ficou danificada a impressora central IBM, modelo 6408, respons&aacute;vel      pela impress&atilde;o de relat&oacute;rios dos sistemas implantados      no mainframe LX5320. Estes sistemas ainda possuem caracter&iacute;sticas      de impress&atilde;o centralizada que, apesar de estarem em queda h&aacute;      algum tempo, ainda s&atilde;o em volume bastante significativo.<\/p>\n<p>Com o alto custo or&ccedil;ado para conserto da impressora, o CECOM      a desativou e passou a utilizar como alternativa de substitui&ccedil;&atilde;o,      ainda que com qualidade e porte inferior, duas impressoras Epson, modelos      DFX 8000 e 8500. Al&eacute;m disso, com a colabora&ccedil;&atilde;o      da Biblioteca Universit&aacute;ria, o CECOM recebeu uma impressora IBM,      modelo 6400, que estava estragada e fora de uso.<\/p>\n<p>Gra&ccedil;as &agrave; atua&ccedil;&atilde;o do funcion&aacute;rio      M&aacute;rcio da Costa Viana, da Divis&atilde;o de Atendimento e Consultoria,      em colabora&ccedil;&atilde;o com a equipe t&eacute;cnica da empresa      Unisys, foi poss&iacute;vel recuperar a impressora da BU que, desde      a &uacute;ltima segunda-feira, est&aacute; em funcionamento imprimindo      os relat&oacute;rios gerados no LX5320. Com isso, a capacidade de atendimento      de servi&ccedil;os de impress&atilde;o da DCP deve ser normalizada e      eliminados os gargalos que estavam existindo em momentos de picos nos      &uacute;ltimos meses. O CECOM agradece a colabora&ccedil;&atilde;o dos      principais usu&aacute;rios deste servi&ccedil;os de impress&atilde;o,      no caso o DP, o DRCA e o DSG durante este per&iacute;odo de desconforto.<\/p>\n<p>    <\/span>     <\/td>\n<\/tr>\n<tr>\n<td align=\"LEFT\" valign=\"TOP\"><\/td>\n<td align=\"LEFT\" valign=\"TOP\"> <a name=\"anoticias4\"><span class=\"titulo\">DRC REALIZOU     2467 ATENDIMENTOS EM 1 ANO<\/span><\/a> <span class=\"texto\">     <\/p>\n<p>A DRC utiliza o sistema RT para controlar as requisi&ccedil;&otilde;es      de servi&ccedil;o desde 01 de abril de 2002. Ap&oacute;s exatamente      um ano de uso do sistema foram registradas 2467 solicita&ccedil;&otilde;es,      o que d&aacute; uma m&eacute;dia de 9,7 pedidos por dia. A maioria das      solicita&ccedil;&otilde;es s&atilde;o relacionadas a manuten&ccedil;&atilde;o      do sistema de telefonia mas tamb&eacute;m s&atilde;o registrados os      pedidos relacionados ao funcionamento da rede de dados da UFMG e de      suporte aos servidores de e-mail e http (www) de unidades acad&ecirc;micas.<\/p>\n<p>A partir desta semana, a DRC passou a direcionar para o RT tamb&eacute;m      as comunica&ccedil;&otilde;es de abusos de uso da rede efetuadas por      usu&aacute;rios externos. Estas comunica&ccedil;&otilde;es geralmente      indicam m&aacute;quinas invadidas por v&iacute;rus ou programas do tipo      &#8220;<i>cavalo de Tr&oacute;ia<\/i>&#8221;, que tentam estabelecer contatos      com outras m&aacute;quinas da internet. SPAMs enviados a partir de computadores      da UFMG tamb&eacute;m s&atilde;o motivo de reclama&ccedil;&atilde;o      mas, at&eacute; o momento, as ocorr&ecirc;ncias deste tipo foram causadas      por m&aacute;quinas invadidas, geralmente rodando software desatualizado      e cujos usu&aacute;rios n&atilde;o se preocupam em instalar programas      de origem n&atilde;o verificada e que n&atilde;o s&atilde;o para uso      institucional.<\/p>\n<p>O sistema RT &eacute; de uso p&uacute;blico e &eacute; acionado pela      Web ou por e-mail. As informa&ccedil;&otilde;es s&atilde;o armazenadas      em um banco de dados tamb&eacute;m p&uacute;blico, o MySQL.<\/p>\n<p>Hoje, a equipe da DRC &eacute; composta por um analista, que coordena      a divis&atilde;o, uma funcion&aacute;ria de apoio administrativo, cinco      t&eacute;cnicos de telefonia e quatro estagi&aacute;rios de Ci&ecirc;ncia      da Computa&ccedil;&atilde;o.<\/p>\n<p>    <\/span>     <\/td>\n<\/tr>\n<tr>\n<td align=\"LEFT\" valign=\"TOP\"><\/td>\n<td align=\"LEFT\" valign=\"TOP\"> <a name=\"anoticias5\"><span class=\"titulo\">IMPRENSA     UNIVERSIT&Aacute;RIA GERA FORMUL&Aacute;RIOS PARA CONCURSOS<\/span><\/a>     <span class=\"texto\">     <\/p>\n<p>Quando da realiza&ccedil;&atilde;o de concursos, a chamada &#8220;folha      de respostas&#8221; &eacute; o principal mecanismo utilizado para coleta      das respostas dos candidatos. A &#8220;folha de respostas&#8221; &eacute;      marcada com op&ccedil;&otilde;es de m&uacute;ltipla escolha e, atrav&eacute;s      de equipamentos de leitura &oacute;tica de marcas, a resposta do candidato      &eacute; transferida para processamento digital em computadores.<\/p>\n<p>Na maioria dos concursos, como &eacute; o caso do Vestibular, a &#8220;folha      de respostas&#8221; &eacute; pr&eacute;-identificada. Ou seja, quando      o candidato a recebe no dia da prova, ela j&aacute; vem com os dados      que identificam o candidato, a sala, o assunto ou caderno da prova,      dentre outras informa&ccedil;&otilde;es, preenchidos previamente pelo      computador.<\/p>\n<p>Entretanto, em v&aacute;rios concursos s&atilde;o utilizadas &#8220;folhas      de respostas&#8221; sem pr&eacute;-identifica&ccedil;&atilde;o. Nestes,      s&oacute; s&atilde;o gerados os dados fixos referentes ao concurso,      sem os dados espec&iacute;ficos de cada candidato.<\/p>\n<p>Em trabalho, que envolveu as equipes do CECOM e da Imprensa Universit&aacute;ria,      foi realizado um projeto-piloto que definiu, testou e aprovou as condi&ccedil;&otilde;es      t&eacute;cnicas necess&aacute;rias para que a Imprensa possa passar      a gerar este modelo de &#8220;folha de respostas&#8221;. Em breve, CECOM      e Imprensa utilizar&atilde;o este tipo de material em um caso real.<\/p>\n<p>    <\/span>     <\/td>\n<\/tr>\n<tr>\n<td align=\"LEFT\" valign=\"TOP\"><\/td>\n<td align=\"LEFT\" valign=\"TOP\"> <a name=\"anoticias6\"><span class=\"titulo\">UNIVERSIDADE     DE UBERL&Acirc;NDIA OFERECE CURSO DE TECNOLOGIA PARA EAD<\/span><\/a> <span class=\"texto\">     <\/p>\n<p>A Universidade Federal de Uberl&acirc;ndia, atrav&eacute;s do N&uacute;cleo      Avan&ccedil;ado de Computa&ccedil;&atilde;o S&ocirc;nica e Multim&iacute;dia,      est&aacute; oferecendo o curso de Extens&atilde;o Universit&aacute;ria      em Tecnologias para Educa&ccedil;&atilde;o a Dist&acirc;ncia. O curso      ser&aacute; oferecido apenas para professores das 70 Institui&ccedil;&otilde;es      consorciadas da UniRede, &eacute; totalmente gratuito e ser&aacute;      realizado de maio a setembro de 2003. <\/p>\n<p>Maiores informa&ccedil;&otilde;es podem ser encontradas na p&aacute;gina      da UFU Virtual: http:\/\/www.ead.ufu.br.<\/p>\n<p>    <\/p>\n<p>    <\/span><\/td>\n<\/tr>\n<tr>\n<td align=\"LEFT\" valign=\"TOP\"><\/td>\n<td align=\"LEFT\" valign=\"TOP\"> <a name=\"anoticias7\"><span class=\"titulo\">ADIADO CURSO     DA TELEMAR SOBRE CONTAS TELEF&Ocirc;NICAS<\/span><\/a> <span class=\"texto\">     <\/p>\n<p>O curso sobre <i>Customiza&ccedil;&atilde;o de Contas Telef&ocirc;nicas<\/i>,      que seria oferecido pela Telemar no dia 29\/04, para clientes de grandes      empresas, foi adiado para o dia 13 de maio. Estar&atilde;o presentes,      representando o CECOM, os funcion&aacute;rios Alda Batista, da DAA,      e Adyr Rodrigues Nascimento, da DAC.<\/p>\n<p>    <\/p>\n<p>    <\/span><\/td>\n<\/tr>\n<tr>\n<td align=\"LEFT\" valign=\"TOP\"><\/td>\n<td align=\"LEFT\" valign=\"TOP\"> <a name=\"anoticias8\"><span class=\"titulo\">CECOM OFERECE     TREINAMENTO SOBRE LOTUS NOTES<\/span><\/a> <span class=\"texto\">     <\/p>\n<p>O CECOM ofereceu, no dia 29\/04, treinamento sobre o Lotus Notes, para      uma turma criada para atender &agrave; demanda da Escola de Farm&aacute;cia.      Estiveram participando os seguintes funcion&aacute;rios:<\/p>\n<p><b>Turma 9\/2003:<\/b> Ailton Nogueira da Silva (Farm&aacute;cia), Alan      Douglas Soares Santos (Farm&aacute;cia), Antonina Maria da Silva (FACE),      Beatriz Trindade (Editora), Carmem Maria Cortez Dur&atilde;es (Farm&aacute;cia),      Eduardo Portes Gontijo (Farm&aacute;cia), Ideraldo Bragioni (Farm&aacute;cia),      Jos&eacute; de Assis Gualipapes Fideles (FAFICH), Luciano Quaresma (Farm&aacute;cia),      Lucimar Ferreira Vidal Alves (Farm&aacute;cia), Maria das Gra&ccedil;as      Silva (Farm&aacute;cia), Marilda Novais Silva (Farm&aacute;cia), Nat&aacute;lia      Mendes Pereira (Farm&aacute;cia), Rafael Braga Soares Righi (CECOM),      Regina Maria de Freitas (Farm&aacute;cia), Sandra Mara Oliveira Barros      (EEFFTO), Solange Moreira Oliveira de Resende (Farm&aacute;cia) e Vera      L&uacute;cia Pereira Andrade Diniz (ICEx). Instrutor: Eug&ecirc;nio      Pacelli Pereira de Souza. Monitor: Ivan Pereira Prado.<\/p>\n<p>Tendo em vista a grande demanda pelo treinamento sobre o Lotus Notes,      o CECOM estar&aacute; oferecendo uma outra turma voltada para os setores      administrativos da universidade. Esta turma, com 18 vagas, ser&aacute;      realizada no dia 06 de maio, no hor&aacute;rio de 13:00 &agrave;s 17:00,      na sala de aulas 2 do CECOM, no subsolo da Reitoria. Estar&atilde;o      participando do treinamento os seguintes funcion&aacute;rios:<\/p>\n<p><b>Turma10\/2003:<\/b> Adriana Gomes Pereira (Farm&aacute;cia), Ana Maria      Gon&ccedil;alves (EEFTO), Gl&aacute;ucia Maria Barbosa de Almeida (FACE),      Ivonete Lima Monteiro (Veterin&aacute;ria), Marcilene Fernandes de Souza      (Veterin&aacute;ria), M&aacute;rcio Luiz de Campos Prado (Veterin&aacute;ria),      Maria Ant&ocirc;nia Martins (EBA), Maria Paula Borges Berlando (IGC),      Maria Elizabeth Carvalho Duarte (Veterin&aacute;ria), Michael Kick de      Souza Lima (EBA), Miriam M. S. Ribeiro (FAFICH), Noeli Maria Fran&ccedil;a      Viegas (IGC), Patr&iacute;cia Falco de Carvalho (EEFTO), Rosana Martins      da Silva (EEFTO), Soraya Cortez Ribeiro (Direito), Sumara Ferreira (ICB),      Vanderlei Augusto da Silva (DPFO) e V&acirc;nia Cleusa Soares de Oliveira      Silva (FACE). Instrutor: Ant&ocirc;nio Eust&aacute;quio Rodrigues. Monitor:      Rafael Braga Soares Righi.    <\/p>\n<p>    <\/span>     <\/td>\n<\/tr>\n<p>  <!-- #EndEditable -->  <\/table>\n<p> <!-- fim noticias --><\/div>\n<p><a name='informativo'><\/a><\/p>\n<h4>Informativo<\/h4>\n<div class=\"centro-sistematico\">  <!-- noticias --> <\/p>\n<table border=\"0\" cellspacing=\"0\" cellpadding=\"0\">\n<tr>\n<td><\/td>\n<td><\/td>\n<\/tr>\n<p>  <!-- #BeginEditable \"materias\" -->   <\/p>\n<tr>\n<td align=\"LEFT\" valign=\"TOP\"><\/td>\n<td align=\"LEFT\" valign=\"TOP\"><a name=\"ainformativo1\"><span class=\"titulo\">DICAS DE     SITES INTERESSANTES<\/span><br \/>    <\/a> <span class=\"texto\">Adyrus, o ca&ccedil;ador de sites, enviou as     seguintes dicas:     <\/p>\n<p>&#8211; A Escrita, como um sistema de signos que serve para exprimir graficamente      a linguagem, constitui uma das grandes conquistas da Humanidade. Desde      os primeiros signos conhecidos at&eacute; chegar aos sistemas alfab&eacute;ticos      atualmente em uso, a escrita passou por in&uacute;meras mudan&ccedil;as      e transforma&ccedil;&otilde;es. Nesta evolu&ccedil;&atilde;o distinguem-se      claramente duas fases essenciais: a escrita ideogr&aacute;fica e a escrita      fon&eacute;tica. No primeiro est&aacute;gio, a escrita compunha-se por      signos pict&oacute;ricos que representavam objetos ou id&eacute;ias,      com um simples valor ideogr&aacute;fico. Visite o endere&ccedil;o <a href=\"http:\/\/www.imultimedia.pt\/museuvirtpress\/port\/frame1.html\">http:\/\/www.imultimedia.pt\/museuvirtpress\/port\/frame1.html<\/a>.<\/p>\n<p>&#8211; Sabe aquele arquivo que precisamos e que j&aacute; n&atilde;o est&aacute;      mais no computador? E sabemos como &eacute; dif&iacute;cil encontrar      algo no meio de tantos CDs de backup. O Offline CD Browser, produto      totalmente gratuito, se prop&otilde;e a resolver esse problema, guardando      no seu HD a rela&ccedil;&atilde;o de conte&uacute;do de cada um desses      discos, o que permite uma consulta r&aacute;pida, sem olhar CD por CD.      O endere&ccedil;o &eacute;: <a href=\"http:\/\/hem.spray.se\/anders.peterson\/ocdb.html\">http:\/\/hem.spray.se\/anders.peterson\/ocdb.html<\/a>.      (Site em Ingl&ecirc;s)<\/p>\n<p>&#8211; Coordenado pelo Minist&eacute;rio Extraordin&aacute;rio de Seguran&ccedil;a      Alimentar e Combate &agrave; Fome, o Programa <i>Fome Zero<\/i> (<a href=\"http:\/\/www.fomezero.gov.br\/\">http:\/\/www.fomezero.gov.br\/<\/a>)      tem em seu programa a&ccedil;&otilde;es para resolver um dos maiores      problemas do pa&iacute;s. Com pol&iacute;ticas espec&iacute;ficas, permitindo      &agrave;s fam&iacute;lias o acesso aos alimentos, combatendo as causas      profundas da fome e da pobreza, explica como funciona o programa e mostra      como pessoas e empresas podem dar sua contribui&ccedil;&atilde;o em      servi&ccedil;os, alimentos e dinheiro.<\/p>\n<p>&#8211; O trabalho do <i>Bauhaus &#8211; Archive<\/i> est&aacute; voltado para a      pesquisa e divulga&ccedil;&atilde;o da hist&oacute;ria. Importante escola      de arquitetura, arte e <i>design<\/i> do s&eacute;culo XX, mostra nesta      p&aacute;gina (<a href=\"http:\/\/www.bauhaus.de\/\">http:\/\/www.bauhaus.de\/<\/a>)      um pouco sobre o museu e suas instala&ccedil;&otilde;es, al&eacute;m      de obter informa&ccedil;&otilde;es sobre o acervo, que inclui pe&ccedil;as      de arquitetura, fotografia, pintura e escultura. A p&aacute;gina &eacute;      alem&atilde;, mas possui vers&atilde;o em ingl&ecirc;s (<a href=\"http:\/\/www.bauhaus.de\/english\/index.htm\">http:\/\/www.bauhaus.de\/english\/index.htm<\/a>).<\/p>\n<p>&#8211; Uma dica que &eacute; super importante para todos os que fazem o      vai e vem nesta cidade. Se for escrever sobre todas as facilidades que      esta p&aacute;gina oferece, irei ocupar v&aacute;rias p&aacute;ginas      do jornal. Por isso, aponte o seu navegador para a p&aacute;gina <a href=\"http:\/\/www.guiabus.com.br\/\">http:\/\/www.guiabus.com.br\/<\/a>,      e veja o quanto ela pode ser &uacute;til no dia-a-dia. E tem mais: o      MapLink &eacute; uma p&aacute;gina de mapas digitais, rotas e servi&ccedil;os,      onde voc&ecirc; pode achar um endere&ccedil;o qualquer na sua cidade,      o caminho mais r&aacute;pido entre dois pontos, al&eacute;m de diversos      estabelecimentos e informa&ccedil;&otilde;es. (Dica do Gerson, da DAC)<\/p>\n<p>&#8211; O filme &#8220;<i>Um corpo que cai<\/i>&#8221;, &eacute; um dos maiores      filmes do mestre Alfred Hitchcock. Na p&aacute;gina <a href=\"http:\/\/www.widescreencinema.com\/vertigo\">http:\/\/www.widescreencinema.com\/vertigo<\/a>,      criada por um f&atilde; de Hitchcock, voc&ecirc; poder&aacute; conhecer      melhor a hist&oacute;ria do filme, saber mais sobre o diretor, poder&aacute;      fazer um <i>tour<\/i> virtual pelas principais loca&ccedil;&otilde;es,      na cidade de S&atilde;o Francisco, na Calif&oacute;rnia, EUA. (Site      em Ingl&ecirc;s) <\/p>\n<p>&#8211; Qual pa&iacute;s tem o maior n&uacute;mero de div&oacute;rcios? Ou      de vencedores do pr&ecirc;mio Nobel? Se voc&ecirc; &eacute; f&atilde;      de estat&iacute;sticas deste tipo, vai adorar a p&aacute;gina <a href=\"http:\/\/www.aneki.com\/lists.html\">http:\/\/www.aneki.com\/lists.html<\/a>.      Ela apresenta dezenas de <i>rankings<\/i>, que talvez n&atilde;o sirvam      para nada, mas s&atilde;o engra&ccedil;ados. (Site em Ingl&ecirc;s)<\/p>\n<p>&#8211; Para aqueles que querem parar de fumar e n&atilde;o conseguem, a      p&aacute;gina <i>Licensed to Kill<\/i> (Licenciada para Matar), no endere&ccedil;o      <a href=\"http:\/\/www.licensedtokill.biz\">http:\/\/www.licensedtokill.biz<\/a>      &eacute; uma companhia de tabaco que assume que mata pessoas pelo lucro.      Entre suas marcas de cigarro, se destacam a Global Massacre (Massacre      Global) e a Serial Killer (Assassina em S&eacute;rie). Com todo respeito,      fumar est&aacute; por fora. Palavra de ex-fumante.<\/p>\n<p>&#8211; A p&aacute;gina <a href=\"http:\/\/www.literarytraveler.com\">http:\/\/www.literarytraveler.com<\/a>      &eacute; para quem gosta de viajar com livros. O <i>Literary Traveler<\/i>      mostra os locais onde viveram escritores famosos como Edgar Allan Poe,      Hemingway e Jane Austen, por exemplo, e os cen&aacute;rios que fazem      parte de seus livros. (Site em Ingl&ecirc;s)<\/p>\n<p>    <\/span> <\/td>\n<\/tr>\n<tr>\n<td align=\"LEFT\" valign=\"TOP\"><\/td>\n<td align=\"LEFT\" valign=\"TOP\"><a name=\"ainformativo2\"><span class=\"titulo\">PRORH PROMOVE     VACINA&Ccedil;&Atilde;O CONTRA GRIPE NA UFMG<\/span><\/a> <span class=\"texto\">     <\/p>\n<p>A ProRH conta com o rec&eacute;m apresentado <i>Programa Integrado      de Desenvolvimento <\/i>(PROGRID), que traz como um de seus eixos norteadores      a articula&ccedil;&atilde;o de programas de qualidade de vida no trabalho,      atrav&eacute;s de projetos pr&oacute;prios ou desenvolvimentos mediante      parcerias.<\/p>\n<p>Uma dessas articula&ccedil;&otilde;es &eacute; a Campanha de Vacina&ccedil;&atilde;o      contra a Gripe, implementada pela Caixa de Assist&ecirc;ncia &agrave;      Sa&uacute;de da Universidade (CASU), em parceria com a Coordenadoria      de Assuntos Comunit&aacute;rios (CAC), a ser realizada no per&iacute;odo      de 6 a 9 de maio\/2003, para associados e n&atilde;o associados da CASU.<\/p>\n<p>    <\/span> <\/p>\n<p><span class=\"texto\">A Pr&oacute;-Reitoria de Recursos Humanos      estar&aacute; arcando com os custos de vacina&ccedil;&atilde;o de todos      os servidores ativos da UFMG n&atilde;o associados da CASU, e sem limite      de idade, durante aquele per&iacute;odo. <\/span><\/p>\n<p><span class=\"texto\">Os associados devem comparecer aos postos de vacina&ccedil;&atilde;o      portando cart&atilde;o da CASU e carteira de identidade e os n&atilde;o      associados devem apresentar carteira funcional e o &uacute;ltimo contra-cheque,      nos seguintes dias e hor&aacute;rios:<\/span><\/p>\n<p><span class=\"texto\">&#8211; dias 06, 07, 08 e 09\/05: de 09:00 &agrave;s 16:00,      na Pra&ccedil;a de Servi&ccedil;os do Campus Pampulha<br \/>     &#8211; dias 07 e 08\/05: de 09:00 &agrave;s 16:00, na Faculdade de Medicina.<\/span><\/p>\n<p>    <span class=\"texto\"><br \/>    <\/span> <\/td>\n<\/tr>\n<tr>\n<td align=\"LEFT\" valign=\"TOP\"><\/td>\n<td align=\"LEFT\" valign=\"TOP\"><a name=\"ainformativo3\"><span class=\"titulo\">SAST ALTERA     HOR&Aacute;RIO DE ATENDIMENTO<br \/>    <\/span><\/a><span class=\"texto\">     <\/p>\n<p>Tendo em vista a necessidade de realiza&ccedil;&atilde;o de exames      de servidores da UFMG, que participam do Programa <i>Gin&aacute;stica      no CEU<\/i>, o SAST &#8211; Servi&ccedil;o de Aten&ccedil;&atilde;o &agrave;      Sa&uacute;de do Trabalhador &#8211; alterou provisoriamente o seu funcionamento,      no per&iacute;odo de 07 de abril a 16 de maio\/03:    <\/p>\n<p>&#8211; O atendimento geral &agrave; comunidade ser&aacute; realizado na      parte da tarde.<\/p>\n<p> &#8211; Caso haja algum caso para atendimento de emerg&ecirc;ncia, este      dever&aacute; ser avaliado pela enfermeira e\/ou m&eacute;dico. Se configurada      a emerg&ecirc;ncia, ser&aacute; dada prioridade para este caso, e os      exames agendados para o Programa Gin&aacute;stica no CEU dever&atilde;o      ser remarcados.<\/p>\n<p>    <\/span> <\/td>\n<\/tr>\n<tr>\n<td align=\"LEFT\" valign=\"TOP\"><\/td>\n<td align=\"LEFT\" valign=\"TOP\"><a name=\"ainformativo4\"><span class=\"titulo\">PRORH OFERECE     CURSO FUNDAMENTAL PARA JOVENS E ADULTOS DA UFMG<\/span><\/a> <span class=\"texto\">     <\/p>\n<p>A ProRh, atrav&eacute;s do PROEF- Projeto de Ensino Fundamental de      Jovens e Adultos &#8211; , est&aacute; organizando a oferta do curso de escolariza&ccedil;&atilde;o      formal para os servidores da UFMG neste ano, oferecendo o 1&ordm; Segmento      &#8211; 1a. &agrave; 4a. s&eacute;ries do Ensino Fundamental. <\/p>\n<p>As fichas de inscri&ccedil;&atilde;o dever&atilde;o ser encaminhadas      pela dire&ccedil;&atilde;o da Unidade\/&Oacute;rg&atilde;o &agrave; Secretaria      do Projeto, na Faculdade de Educa&ccedil;&atilde;o\/CEALE &#8211; Sala 528,      de segunda a sexta-feira, no hor&aacute;rio de 13:00 &agrave;s 17:00,      at&eacute; o dia 15\/05\/2003.<\/p>\n<p>O PROEF &eacute; um dos espa&ccedil;os de pesquisa e de capacita&ccedil;&atilde;o      de profissionais na &aacute;rea da Educa&ccedil;&atilde;o de Jovens      e Adultos (EJA) que se abre a professores e alunos da UFMG e faz parte      do projeto integrado entre o Centro de Alfabetiza&ccedil;&atilde;o,      Leitura e Escrita (CEALE) e o Programa de Educa&ccedil;&atilde;o B&aacute;sica      da UFMG.<\/p>\n<p>Dirigido a jovens e adultos servidores da UFMG e da comunidade externa      &agrave; Universidade, este projeto oferece um curso presencial com      dura&ccedil;&atilde;o de dois anos, sendo equivalente da alfabetiza&ccedil;&atilde;o      &agrave; 4 &ordf; s&eacute;rie do Ensino Fundamental, com 10 horas\/aula      semanais. As turmas e hor&aacute;rios das aulas s&atilde;o:<\/p>\n<p>&#8211; Instituto de Ci&ecirc;ncias Biol&oacute;gicas (ICB\/campus): de 15:00      &agrave;s 17:30;<br \/>     &#8211; Escola de Engenharia (centro): de 15:00 &agrave;s 17:30;<br \/>     &#8211; Escola Fundamental do Centro Pedag&oacute;gico (CP\/campus): de 17:30      &agrave;s 20:00 e de 19:00 &agrave;s 21:30;<br \/>     &#8211; Faculdade de Educa&ccedil;&atilde;o (FaE\/campus): de 18:00 &agrave;s      20:30.<\/p>\n<p>Na matr&iacute;cula, os candidatos devem apresentar Carteira de Identidade      e comprovante de endere&ccedil;o.<\/p>\n<p>    <\/span> <\/td>\n<\/tr>\n<tr>\n<td align=\"LEFT\" valign=\"TOP\"><\/td>\n<td align=\"LEFT\" valign=\"TOP\"><a name=\"ainformativo5\"><span class=\"titulo\">DIA DO TRABALHO<\/span><\/a>     <span class=\"texto\">     <\/p>\n<p>&nbsp;<\/p>\n<p>    <\/span> <\/p>\n<div align=\"center\">\n<table width=\"90%\" border=\"1\">\n<tr>\n<td bgcolor=\"#CCCCCC\">\n<p align=\"center\"><b>Amanh&atilde;, &eacute;          dia 1<\/b><span class=\"texto\">&ordm;<\/span><b> de maio, Dia do          Trabalho.<br \/>         Um bom descanso para todos!<\/b><\/p>\n<\/td>\n<\/tr>\n<\/table><\/div>\n<p align=\"center\">&nbsp;<\/p>\n<p>    <span class=\"texto\"><\/span><span class=\"texto\">     <\/p>\n<p>    <\/p>\n<p>    <\/span> <\/td>\n<\/tr>\n<tr>\n<td align=\"LEFT\" valign=\"TOP\"><\/td>\n<td align=\"LEFT\" valign=\"TOP\"><a name=\"ainformativo6\"><span class=\"titulo\">MEM&Oacute;RIA     FOTOGR&Aacute;FICA DO CECOM<\/span><\/a> <span class=\"texto\">     <\/p>\n<p>Em maio de 1975, quando nem O Sistem&aacute;tico existia, o Boletim      Informativo do Centro de Computa&ccedil;&atilde;o publicou uma mat&eacute;ria      sobre a instala&ccedil;&atilde;o do Sistema Burroughs 6700. A instala&ccedil;&atilde;o      do sistema ocorreu at&eacute; setembro daquele ano.<\/p>\n<p>Foram 13 anos de trabalho, como computador central da UFMG, at&eacute;      que foi instalado o Sistema A10.<\/p>\n<p>Segundo not&iacute;cia de O Sistem&aacute;tico, de 27\/05\/1988, no dia      31 de maio\/88, estava programada a presen&ccedil;a no CECOM do ent&atilde;o      Reitor da UFMG, prof. Cid Veloso, para desligar &#8220;<i>pela &uacute;ltima      e tardia vez o Sistema B6700 e ligar, simbolicamente, o novo Sistema      A10<\/i>&#8221;.<\/p>\n<p>Para os saudosistas e para aqueles que n&atilde;o conheceram o B6700      e a sala que ele ocupava, ficam registradas as fotos tiradas por volta      de 1976. O autor das fotos talvez tenha sido Renato Righi (nem ele tem      certeza!)<\/p>\n<p align=\"center\"><img loading=\"lazy\" decoding=\"async\" src=\"https:\/\/www.ufmg.br\/dti\/wp-content\/uploads\/fotos\/BurroughsAnt1.jpg\" width=\"472\" height=\"299\"><\/p>\n<p align=\"center\"><font face=\"1\"><i>Ao fundo, a CPU do 6700; &agrave;      direita, as unidades de discos remov&iacute;veis e &agrave; frente,      as consoles de opera&ccedil;&atilde;o.<\/i><\/font><\/p>\n<p align=\"center\"><img loading=\"lazy\" decoding=\"async\" src=\"https:\/\/www.ufmg.br\/dti\/wp-content\/uploads\/fotos\/BurroughsAnt2.jpg\" width=\"327\" height=\"555\"><\/p>\n<p align=\"center\"><font face=\"1\"><i>As unidades de fitas magn&eacute;ticas<\/i><\/font><\/p>\n<p align=\"center\"><img loading=\"lazy\" decoding=\"async\" src=\"https:\/\/www.ufmg.br\/dti\/wp-content\/uploads\/fotos\/BurroughsAnt3.jpg\" width=\"433\" height=\"273\"><\/p>\n<p align=\"center\"><font face=\"1\"><i>As unidade de discos fixos<\/i><\/font><\/p>\n<p align=\"center\"><img loading=\"lazy\" decoding=\"async\" src=\"https:\/\/www.ufmg.br\/dti\/wp-content\/uploads\/fotos\/BurroughsAnt5.jpg\" width=\"433\" height=\"269\"><\/p>\n<p align=\"center\"><font face=\"1\"><i>As consoles de opera&ccedil;&atilde;o<\/i><\/font><\/p>\n<p align=\"center\"><img loading=\"lazy\" decoding=\"async\" src=\"https:\/\/www.ufmg.br\/dti\/wp-content\/uploads\/fotos\/BurrouighsAnt4.jpg\" width=\"440\" height=\"320\"><\/p>\n<p align=\"center\"><font face=\"1\"><i>As leitoras de cart&atilde;o sem as      filas de funcion&aacute;rios e alunos<\/i><\/font><\/p>\n<p>    <\/span> <\/td>\n<\/tr>\n<p>  <!-- #EndEditable -->  <\/table>\n<p> <!-- fim noticias --> <!-- tabela ha 20 anos --> <\/p>\n<table border=\"0\" cellspacing=\"0\" cellpadding=\"0\" class=\"cinza\">\n<tr>\n<td><img loading=\"lazy\" decoding=\"async\" src=\"https:\/\/www.ufmg.br\/dti\/wp-content\/uploads\/imgs\/tudo_pixel.gif\" width=\"1\" height=\"1\" alt=\"\" border=\"0\"><\/td>\n<td><img loading=\"lazy\" decoding=\"async\" src=\"https:\/\/www.ufmg.br\/dti\/wp-content\/uploads\/imgs\/tudo_pixel.gif\" width=\"19\" height=\"1\" alt=\"\" border=\"0\"><\/td>\n<td><img loading=\"lazy\" decoding=\"async\" src=\"https:\/\/www.ufmg.br\/dti\/wp-content\/uploads\/imgs\/tudo_pixel.gif\" width=\"510\" height=\"1\" alt=\"\" border=\"0\"><\/td>\n<td><img loading=\"lazy\" decoding=\"async\" src=\"https:\/\/www.ufmg.br\/dti\/wp-content\/uploads\/imgs\/tudo_pixel.gif\" width=\"19\" height=\"1\" alt=\"\" border=\"0\"><\/td>\n<td><img loading=\"lazy\" decoding=\"async\" src=\"https:\/\/www.ufmg.br\/dti\/wp-content\/uploads\/imgs\/tudo_pixel.gif\" width=\"1\" height=\"1\" alt=\"\" border=\"0\"><\/td>\n<\/tr>\n<tr>\n<td class=\"vermelho\" colspan=\"5\"><img loading=\"lazy\" decoding=\"async\" src=\"https:\/\/www.ufmg.br\/dti\/wp-content\/uploads\/imgs\/tudo_pixel.gif\" width=\"1\" height=\"1\" alt=\"\" border=\"0\"><\/td>\n<\/tr>\n<tr>\n<td class=\"vermelho\"><img loading=\"lazy\" decoding=\"async\" src=\"https:\/\/www.ufmg.br\/dti\/wp-content\/uploads\/imgs\/tudo_pixel.gif\" width=\"1\" height=\"1\" alt=\"\" border=\"0\"><\/td>\n<td><img loading=\"lazy\" decoding=\"async\" src=\"https:\/\/www.ufmg.br\/dti\/wp-content\/uploads\/imgs\/tudo_pixel.gif\" width=\"1\" height=\"1\" alt=\"\" border=\"0\"><\/td>\n<td align=\"LEFT\" valign=\"TOP\"><!-- #BeginEditable \"ha 20 anos\" --><a name=\"ainformativo7\"><img loading=\"lazy\" decoding=\"async\" src=\"https:\/\/www.ufmg.br\/dti\/wp-content\/uploads\/imgs\/tudo_pixel.gif\" width=\"1\" height=\"8\" alt=\"\" border=\"0\"><br \/>    <span class=\"titulo\">H\u00e1 20 anos&#8230;<\/span><\/a> <span class=\"texto\">     <\/p>\n<p>O Sistem&aacute;tico Ano VII, no. 17, de 28\/04\/1983, publicou not&iacute;cias      sobre as quatro unidades de disco vindas de Bras&iacute;lia, visitas      ao CECOM, 1a. Olimp&iacute;ada do CECOM, 1o. Calibre &#8211; Campeonato Livre      de Buraco da Reitoria, semin&aacute;rios da Compucenter, entrevista      de Cant&iacute;dio Lelis Pereira na se&ccedil;&atilde;o <i>Um Pouco      de N&oacute;s<\/i> e uma charge sobre a ida do Jo&atilde;ozinho para      uma sala localizada entre a <i>Sala Verde<\/i> e a Reda&ccedil;&atilde;o      de O Sistem&aacute;tico. A not&iacute;cia que se destacou foi:<\/p>\n<p><b>REUNI&Atilde;O NO ICEx<\/b><br \/>     <font face=\"1\">Ontem, foi realizada uma reuni&atilde;o no ICEx com a      participa&ccedil;&atilde;o da Diretoria do Instituto e todos os chefe      de departamentos, DRCA e Centro de Computa&ccedil;&atilde;o. A reuni&atilde;o      teve a finalidade de formalizar a entrada do ICEx no Sistema de Registro      e Controle Acad&ecirc;mico (Hist&oacute;rico Escolar) e apresentar a      nova forma de entrada de dados atrav&eacute;s da OMR do Facom.<br \/>     Do Centro de Computa&ccedil;&atilde;o estavam presentes: Maria Miriam      Arruda Salvador, Nilza Magalh&atilde;es Lara e Jos&eacute; Eduardo Valle      Santos.<\/font><\/p>\n<p>    <\/span><!-- #EndEditable --><br \/>     <img loading=\"lazy\" decoding=\"async\" src=\"https:\/\/www.ufmg.br\/dti\/wp-content\/uploads\/imgs\/tudo_pixel.gif\" width=\"1\" height=\"8\" alt=\"\" border=\"0\"><\/td>\n<td><img loading=\"lazy\" decoding=\"async\" src=\"https:\/\/www.ufmg.br\/dti\/wp-content\/uploads\/imgs\/tudo_pixel.gif\" width=\"1\" height=\"1\" alt=\"\" border=\"0\"><\/td>\n<td class=\"vermelho\"><img loading=\"lazy\" decoding=\"async\" src=\"https:\/\/www.ufmg.br\/dti\/wp-content\/uploads\/imgs\/tudo_pixel.gif\" width=\"1\" height=\"1\" alt=\"\" border=\"0\"><\/td>\n<\/tr>\n<tr>\n<td class=\"vermelho\" colspan=\"5\"><img loading=\"lazy\" decoding=\"async\" src=\"https:\/\/www.ufmg.br\/dti\/wp-content\/uploads\/imgs\/tudo_pixel.gif\" width=\"1\" height=\"1\" alt=\"\" border=\"0\"><\/td>\n<\/tr>\n<\/table>\n<p> <!-- fim tabela ha 20 anos --><\/div>\n<p><a name='eventos'><\/a><\/p>\n<h4>Eventos<\/h4>\n<div class=\"centro-sistematico\">  <!-- noticias --> <\/p>\n<table border=\"0\" cellspacing=\"0\" cellpadding=\"0\">\n<tr>\n<td><\/td>\n<td><\/td>\n<\/tr>\n<p>  <!-- #BeginEditable \"materias\" -->   <\/p>\n<tr>\n<td align=\"LEFT\" valign=\"TOP\"><\/td>\n<td align=\"LEFT\" valign=\"TOP\"> <a name=\"aeventos1\"><span class=\"titulo\">PR&Oacute;XIMO     <i>DOMINGO NO CAMPUS<\/i> COM ARTE E CI&Ecirc;NCIA<\/span><\/a> <span class=\"texto\">     <\/p>\n<p>A Diretoria de A&ccedil;&atilde;o Cultural, o Programa UFMG Jovem,      e a Coordenadoria de Assuntos Comunit&aacute;rios da UFMG estar&atilde;o      promovendo o<i> II Domingo no Campus<\/i>, no dia 4 de maio de 2003,      de 09 &agrave;s 14 horas, na Pra&ccedil;a de Servi&ccedil;os do Campus      Pampulha da UFMG. <\/p>\n<p>V&aacute;rias atividades foram pensadas para proporcionar a todas as      faixas-et&aacute;rias momentos de lazer, cultura e conhecimento.<\/p>\n<p>Na programa&ccedil;&atilde;o de domingo constam as seguintes atividades:<\/p>\n<p><b>Oficinas:<\/b> Origami, Boneca de corda, Caixas de presente e Fuxico<\/p>\n<p><b>Mostras interativas:<\/b> Benditas Aranhas, Qu&iacute;mica na Cabe&ccedil;a,      Paramec &#8211; Projetos para Acessibilidade, Ci&ecirc;ncia mais que divertida,      Esta&ccedil;&atilde;o Sorriso, Qualidade de Vida, Florindo, A estrutura      do DNA, A hist&oacute;ria do caf&eacute; e seu cultivo, Armas Biol&oacute;gicas,      Golfinhos, Homem Aranha, O que &eacute; cunicultura?<\/p>\n<p><b>Visita Monitorada:<\/b> Conhe&ccedil;a seu corpo&#8230;por dentro! Visita      monitorada ao Museu de Ci&ecirc;ncias Morfol&oacute;gicas da UFMG.<\/p>\n<p><b>Atividades Recreativas:<\/b> Espa&ccedil;o de Brincadeiras, Brincando      com o Corpo, Saltos no Mini-Tramp e Cama El&aacute;stica.<\/p>\n<p><b>Atividades Culturais:<\/b> Carro Biblioteca &#8211; A Descoberta da Leitura<br \/>     10:30 &#8211; Musiclown &#8211; Grupo Teatro Andante <br \/>     13:00 &#8211; O Contador de est&oacute;rias &#8211; com Roberto Carlos Ramos <\/p>\n<p><b>Feira de Artesanato do Vale do Jequitinhonha:<\/b> exposi&ccedil;&atilde;o      e venda de pe&ccedil;as de cer&acirc;mica, artigos em madeira e couro,      cestaria, g&ecirc;neros aliment&iacute;cios, renda e tecelagem.<\/p>\n<p>O acesso ao Campus Pampulha da UFMG e a participa&ccedil;&atilde;o      nas atividades s&atilde;o gratuitos e n&atilde;o demandam inscri&ccedil;&atilde;o.<\/p>\n<p>Maiores informa&ccedil;&otilde;es atrav&eacute;s do telefone\/fax 3499-4427,      e-mail: info@ufmgjovem.ufmg.br e home page: www.ufmg.br\/jovem.<\/p>\n<p>    <\/span> <\/td>\n<\/tr>\n<tr>\n<td align=\"LEFT\" valign=\"TOP\"><\/td>\n<td align=\"LEFT\" valign=\"TOP\"><a name=\"aeventos2\"><span class=\"titulo\">SOCIAIS<\/span><\/a>     <span class=\"texto\">     <\/p>\n<p><b>ANIVERS&Aacute;RIOS:<\/b> <i>&#8220;O Sistem&aacute;tico&#8221; envia      os parab&eacute;ns para Jo&atilde;o Carlos Lages, aniversariante do      dia 08 de maio. E os parab&eacute;ns para os ex-ceconianos: Paulo Eduardo      Rocha Brant, no dia 1o de maio; S&eacute;rgio Maur&iacute;cio de Oliveira      (LCC) e Paulo S&eacute;rgio Moura Brandi, no dia 04; Iremar Nunes de      Lima, Reuber Luiz Neves Kouri e Cristina Campos Brasil da Fonseca, no      dia 05; e Eduardo Miguel Raposo, no dia 08.<\/i><\/p>\n<p>    <\/span>    <\/td>\n<\/tr>\n<p>  <!-- #EndEditable -->  <\/table>\n<p> <!-- fim noticias --><\/div>\n","protected":false},"excerpt":{"rendered":"<p>Not\u00edcias VELOCIDADE DE ACESSO &Agrave; REDE UFMG &Eacute; DUPLICADA PARA DIREITO E FARM&Aacute;CIA BU REALIZA TESTES COM PERGAMUM DAC E UNISYS RECUPERAM IMPRESSORA CENTRAL DRC REALIZOU 2467 ATENDIMENTOS EM 1 ANO IMPRENSA UNIVERSIT&Aacute;RIA GERA FORMUL&Aacute;RIOS PARA CONCURSOS UNIVERSIDADE DE UBERL&Acirc;NDIA OFERECE CURSO DE TECNOLOGIA PARA EAD ADIADO CURSO DA TELEMAR SOBRE CONTAS TELEF&Ocirc;NICAS CECOM OFERECE &#8230; <a title=\"Sistem\u00e1tico: Edi\u00e7\u00e3o 1155 &#8211; 30\/04\/2003\" class=\"read-more\" href=\"https:\/\/www.ufmg.br\/dti\/2003\/04\/30\/sistematico-edicao-1155-30042003\/\" aria-label=\"Read more about Sistem\u00e1tico: Edi\u00e7\u00e3o 1155 &#8211; 30\/04\/2003\">Ler mais<\/a><\/p>\n","protected":false},"author":3,"featured_media":0,"comment_status":"open","ping_status":"open","sticky":false,"template":"","format":"standard","meta":{"inline_featured_image":false,"footnotes":""},"categories":[13],"tags":[],"coauthors":[79],"class_list":["post-3205","post","type-post","status-publish","format-standard","hentry","category-sistematico"],"_links":{"self":[{"href":"https:\/\/www.ufmg.br\/dti\/wp-json\/wp\/v2\/posts\/3205","targetHints":{"allow":["GET"]}}],"collection":[{"href":"https:\/\/www.ufmg.br\/dti\/wp-json\/wp\/v2\/posts"}],"about":[{"href":"https:\/\/www.ufmg.br\/dti\/wp-json\/wp\/v2\/types\/post"}],"author":[{"embeddable":true,"href":"https:\/\/www.ufmg.br\/dti\/wp-json\/wp\/v2\/users\/3"}],"replies":[{"embeddable":true,"href":"https:\/\/www.ufmg.br\/dti\/wp-json\/wp\/v2\/comments?post=3205"}],"version-history":[{"count":0,"href":"https:\/\/www.ufmg.br\/dti\/wp-json\/wp\/v2\/posts\/3205\/revisions"}],"wp:attachment":[{"href":"https:\/\/www.ufmg.br\/dti\/wp-json\/wp\/v2\/media?parent=3205"}],"wp:term":[{"taxonomy":"category","embeddable":true,"href":"https:\/\/www.ufmg.br\/dti\/wp-json\/wp\/v2\/categories?post=3205"},{"taxonomy":"post_tag","embeddable":true,"href":"https:\/\/www.ufmg.br\/dti\/wp-json\/wp\/v2\/tags?post=3205"},{"taxonomy":"author","embeddable":true,"href":"https:\/\/www.ufmg.br\/dti\/wp-json\/wp\/v2\/coauthors?post=3205"}],"curies":[{"name":"wp","href":"https:\/\/api.w.org\/{rel}","templated":true}]}}