{"id":3206,"date":"2003-04-17T08:00:00","date_gmt":"2003-04-17T08:00:00","guid":{"rendered":"https:\/\/www.ufmg.br\/dti\/cecom\/?p=1474"},"modified":"2003-04-17T08:00:00","modified_gmt":"2003-04-17T08:00:00","slug":"sistematico-edicao-1153-17042003","status":"publish","type":"post","link":"https:\/\/www.ufmg.br\/dti\/2003\/04\/17\/sistematico-edicao-1153-17042003\/","title":{"rendered":"Sistem\u00e1tico: Edi\u00e7\u00e3o 1153 &#8211; 17\/04\/2003"},"content":{"rendered":"<ul>\n<li><a href=\"\/dti\/#noticias\">Not\u00edcias<\/a>\n<div class='submenuSistematico'>\n<ul>\n<li><a href=\"\/dti\/#anoticias1\"><span class=\"titulo\">UFMG E ABED     CONCLUEM EVENTO SOBRE EDUCA&Ccedil;&Atilde;O A DIST&Acirc;NCIA<\/span><\/a><\/li>\n<li><a href=\"\/dti\/#anoticias2\"><span class=\"titulo\">IGC &Eacute;     LIGADO AO BACKBONE PRINCIPAL DA REDE UFMG<\/span><\/a><\/li>\n<li><a href=\"\/dti\/#anoticias3\"><span class=\"titulo\">COPEVE INVESTE     NA IDENTIFICA&Ccedil;&Atilde;O DE DIGITAIS<\/span><\/a><\/li>\n<li><a href=\"\/dti\/#anoticias4\"><span class=\"titulo\">DRC MONITORA     TR&Aacute;FEGO ENTRE UNIDADES DA UFMG<\/span><\/a><\/li>\n<li><a href=\"\/dti\/#anoticias5\"><span class=\"titulo\">DAC PARTICIPA     DE CURSO DE ORACLE<\/span><\/a><\/li>\n<\/ul>\n<\/div>\n<\/li>\n<li><a href=\"\/dti\/#informativo\">Informativo<\/a>\n<div class='submenuSistematico'>\n<ul>\n<li><a href=\"\/dti\/#ainformativo1\"><span class=\"titulo\">EXPEDIENTE      DA UFMG NA SEMANA SANTA<\/span><br \/>     <\/a><\/li>\n<li><a href=\"\/dti\/#ainformativo2\"><span class=\"titulo\">TECNOLOGIA     DE TELEFONIA CELULAR COMEMORA 30 ANOS<\/span><\/a><\/li>\n<li><a href=\"\/dti\/#ainformativo3\"><span class=\"titulo\">DICAS DE     SITES INTERESSANTES<\/span><\/a><\/li>\n<li><a href=\"\/dti\/#ainformativo4\"><span class=\"titulo\">PLANT&Atilde;O     INFO<\/span><\/a><\/li>\n<li><a href=\"\/dti\/#ainformativo5\"><span class=\"titulo\">MEM&Oacute;RIA     FOTOGR&Aacute;FICA DO CECOM<\/span><\/a><\/li>\n<li><a href=\"\/dti\/#ainformativo6\"><img loading=\"lazy\" decoding=\"async\" src=\"https:\/\/www.ufmg.br\/dti\/wp-content\/uploads\/imgs\/tudo_pixel.gif\" width=\"1\" height=\"8\" alt=\"\" border=\"0\"><br \/>    <span class=\"titulo\">H\u00e1 20 anos&#8230;<\/span><\/a><\/li>\n<\/ul>\n<\/div>\n<\/li>\n<li><a href=\"\/dti\/#eventos\">Eventos<\/a>\n<div class='submenuSistematico'>\n<ul>\n<li><a href=\"\/dti\/#aeventos1\"><span class=\"titulo\">RIFA PARA     A FESTA JUNINA<\/span><\/a><\/li>\n<li><a href=\"\/dti\/#aeventos2\"><span class=\"titulo\">SOCIAIS<\/span><\/a><\/li>\n<\/ul>\n<\/div>\n<\/li>\n<\/ul>\n<p> <a name='noticias'><\/a><\/p>\n<h4>Not\u00edcias<\/h4>\n<div class=\"centro-sistematico\">  <!-- noticias --> <\/p>\n<table border=\"0\" cellspacing=\"0\" cellpadding=\"0\">\n<tr>\n<td><\/td>\n<td><\/td>\n<\/tr>\n<p>  <!-- #BeginEditable \"materias\" -->   <\/p>\n<tr>\n<td align=\"LEFT\" valign=\"TOP\"><\/td>\n<td align=\"LEFT\" valign=\"TOP\"> <a name=\"anoticias1\"><span class=\"titulo\">UFMG E ABED     CONCLUEM EVENTO SOBRE EDUCA&Ccedil;&Atilde;O A DIST&Acirc;NCIA<\/span><\/a>     <span class=\"texto\">     <\/p>\n<p>Foi encerrado, no dia 15, o<i> I Semin&aacute;rio Nacional de Educa&ccedil;&atilde;o      a Dist&acirc;ncia: &#8220;Habilidades e Talentos em EAD&#8221;<\/i>, realizado      na UFMG pela ABED &#8211; Associa&ccedil;&atilde;o Brasileira de Educa&ccedil;&atilde;o      a Dist&acirc;ncia.<\/p>\n<p>A abertura do evento contou com a presen&ccedil;a do Secret&aacute;rio      de Educa&ccedil;&atilde;o a Dist&acirc;ncia do MEC, do Secret&aacute;rio      Adjunto de Educa&ccedil;&atilde;o de MG, do Vice-Reitor da UFMG, prof.      Marcos Borato Viana, entre outros. Estiveram presentes ao evento, cerca      de 150 participantes, representantes de 24 estados do pa&iacute;s.<\/p>\n<p>A programa&ccedil;&atilde;o contou com a realiza&ccedil;&atilde;o de      mini cursos realizados no ICEx, no s&aacute;bado e domingo, dias 12      e 13; palestras no Audit&oacute;rio da Reitoria; debates nos audit&oacute;rios      do ICB; e estandes no sagu&atilde;o da Reitoria.<\/p>\n<p>Entre as palestras realizadas pelos diversos convidados, destacou-se      a apresentada pelo diretor de Tecnologia da Informa&ccedil;&atilde;o,      prof. M&aacute;rcio Luiz Bunte de Carvalho, no dia 14, sobre os projetos      da ATI, focando o suporte de Tecnologia de Informa&ccedil;&atilde;o      para as atividades acad&ecirc;micas da UFMG, em particular no ensino.<\/p>\n<p>Para a viabiliza&ccedil;&atilde;o deste evento, conclu&iacute;do com      sucesso, a ABED contou com o apoio da ATI, atrav&eacute;s de Rosa Am&eacute;lia      dos Santos na coordena&ccedil;&atilde;o pela UFMG; com o CECOM, atrav&eacute;s      da DAC, na instala&ccedil;&atilde;o de pontos de redes para os estandes      e equipamentos (computadores, impressoras e datashows) e com a CAC,      na transmiss&atilde;o via internet de toda a programa&ccedil;&atilde;o      no audit&oacute;rio da Reitoria.<\/p>\n<p>    <\/span> <\/td>\n<\/tr>\n<tr>\n<td align=\"LEFT\" valign=\"TOP\"><\/td>\n<td align=\"LEFT\" valign=\"TOP\"> <a name=\"anoticias2\"><span class=\"titulo\">IGC &Eacute;     LIGADO AO BACKBONE PRINCIPAL DA REDE UFMG<\/span><\/a> <span class=\"texto\">     <\/p>\n<p>Nos &uacute;ltimos dois anos, as unidades e &oacute;rg&atilde;os localizados      no Campus da Pampulha foram gradativamente migrados do backbone antigo      que servia &agrave; rede UFMG, para o atual, denominado Fase 3 da rede      UFMG.<\/p>\n<p>A conex&atilde;o ao backbone atual garante maior velocidade de comunica&ccedil;&atilde;o,      maior seguran&ccedil;a de continuidade do servi&ccedil;o e possibilidade      de utiliza&ccedil;&atilde;o de uma maior gama de servi&ccedil;os de      rede.<\/p>\n<p>Na sexta-feira da semana passada, dia 11, foi a vez do IGC &#8211; Instituto      de Geo-Ci&ecirc;ncias &#8211; migrar para a rede atual. A DRC &#8211; Divis&atilde;o      de Redes de Comunica&ccedil;&atilde;o &#8211; instalou um switch na unidade,      conectando-a ao novo backbone da Rede UFMG. Durante o processo ocorreram      alguns problemas de comunica&ccedil;&atilde;o em partes do pr&eacute;dio,      que foram identificados e corrigidos pela equipe local de suporte de      rede. Agora, somente a Veterin&aacute;ria, a Odontologia e a Educa&ccedil;&atilde;o      F&iacute;sica continuam sendo atendidas pela estrutura da Fase 2.<\/p>\n<p>Al&eacute;m destes, o PCA encontra-se em fase de migra&ccedil;&atilde;o,      sendo que nova rede interna est&aacute; em fase de instala&ccedil;&atilde;o.      No &uacute;ltimo dia 10, a equipe da DRC esteve no pr&eacute;dio para      analisar a necessidade de substitui&ccedil;&atilde;o de equipamentos      da rede e verificar problemas que estavam ocorrendo na conex&atilde;o      da biblioteca da Escola de Engenharia\/Campus com o CCE &#8211; Centro      de C&aacute;lculo Eletr&ocirc;nico.<\/p>\n<p>Dados relacionados ao hist&oacute;rico de evolu&ccedil;&atilde;o da      rede de dados da universidade, bem como sua situa&ccedil;&atilde;o atual,      podem ser consultados no site do CECOM. As informa&ccedil;&otilde;es      est&atilde;o publicadas em <a href=\"\/dti\/servi%C3%A7os%20de%20rede\">servi\u00e7os de rede<\/a>.<\/p>\n<p>    <\/span>     <\/td>\n<\/tr>\n<tr>\n<td align=\"LEFT\" valign=\"TOP\"><\/td>\n<td align=\"LEFT\" valign=\"TOP\"> <a name=\"anoticias3\"><span class=\"titulo\">COPEVE INVESTE     NA IDENTIFICA&Ccedil;&Atilde;O DE DIGITAIS<\/span><\/a> <span class=\"texto\">     <\/p>\n<p>Procurando aperfei&ccedil;oar e consolidar a infra-estrutura utilizada      para a identifica&ccedil;&atilde;o das impress&otilde;es digitais dos      candidatos aos concursos vestibulares, a COPEVE est&aacute; investindo      em melhorias no sistema atualmente em uso e que, desde quando foi implantado,      visa garantir maior seguran&ccedil;a e confiabilidade &agrave; realiza&ccedil;&atilde;o      dos concursos.<\/p>\n<p>Para isso, na pr&oacute;xima semana, o analista Jo&atilde;o Carlos      Lages, coordenador de proces-samento de dados do vestibular e diretor      da Divis&atilde;o de Aplicativos e Sistemas do CECOM, e Elias Ot&aacute;vio      de Paula Mussi, da COPEVE, estar&atilde;o em Curitiba, Paran&aacute;,      participando de treinamento que objetiva ampliar o dom&iacute;nio dos      recursos permitidos pelo software e hardware da tecnologia utilizada      na UFMG.<\/p>\n<p>Este treinamento, que estar&aacute; a cargo da empresa propriet&aacute;ria      da tecnologia, ser&aacute; fundamental para que se possa avaliar as      necessidades de melhoria na infra-estrutura atual, bem como permitir      a evolu&ccedil;&atilde;o do atual sistema de informa&ccedil;&atilde;o,      que o CECOM coloca &agrave; disposi&ccedil;&atilde;o da COPEVE para      a gest&atilde;o dos concursos vestibulares.<\/p>\n<p>    <\/span>     <\/td>\n<\/tr>\n<tr>\n<td align=\"LEFT\" valign=\"TOP\"><\/td>\n<td align=\"LEFT\" valign=\"TOP\"> <a name=\"anoticias4\"><span class=\"titulo\">DRC MONITORA     TR&Aacute;FEGO ENTRE UNIDADES DA UFMG<\/span><\/a> <span class=\"texto\">     <\/p>\n<p>Desde a semana passada, a DRC &#8211; Divis&atilde;o de Redes de Comunica&ccedil;&atilde;o      voltou a monitorar o tr&aacute;fego na rede da UFMG, buscando identificar      casos de uso indevido dos recursos computaconais da Universidade. Os      trabalhos visam, principalmente, fazer com que as liga&ccedil;&otilde;es      entre as unidades acad&ecirc;micas do centro fiquem em condi&ccedil;&otilde;es      de atender &agrave; demanda das atividades administrativas desenvolvidas      no per&iacute;odo. As ocorr&ecirc;ncias identificadas de uso abusivo      da banda se deveram, principalmente, ao uso de programas de compartilhamento      de arquivos pela internet. Este tipo de programa, al&eacute;m de consumir      os recursos de rede, &eacute; uma porta aberta para invas&otilde;es      de computadores, contamina&ccedil;&atilde;o de equipamentos por v&iacute;rus      e possibilita a ocorr&ecirc;ncia de outras infra&ccedil;&otilde;es,      como desrespeito a direitos autorais. Todos os equipamentos nesta situa&ccedil;&atilde;o      tiveram o acesso &agrave; internet bloqueado e o fato foi comunicado      aos diversos administradores de rede, para que os softwares fossem resolvidos.<\/p>\n<p>    <\/p>\n<p>    <\/span><\/td>\n<\/tr>\n<tr>\n<td align=\"LEFT\" valign=\"TOP\"><\/td>\n<td align=\"LEFT\" valign=\"TOP\"> <a name=\"anoticias5\"><span class=\"titulo\">DAC PARTICIPA     DE CURSO DE ORACLE<\/span><\/a> <span class=\"texto\">     <\/p>\n<p>O analista Luiz Eug&ecirc;nio de Almeida Oliveira, da Divis&atilde;o      de Atendimento e Consultoria, participou, no per&iacute;odo de 14 a      16\/04, do curso de<i> Otimiza&ccedil;&atilde;o de Aplicativos do Oracle9i<\/i>,      promovido pela Casa de Software S\/A, em suas instala&ccedil;&otilde;es.<\/p>\n<p>O Oracle9i &eacute; o gerenciador de banco de dados utilizado pelo      CECOM e o treinamento visa possibilitar a melhoria do acesso aos dados      nele armazenados.<\/p>\n<p>    <\/span>     <\/td>\n<\/tr>\n<p>  <!-- #EndEditable -->  <\/table>\n<p> <!-- fim noticias --><\/div>\n<p><a name='informativo'><\/a><\/p>\n<h4>Informativo<\/h4>\n<div class=\"centro-sistematico\">  <!-- noticias --> <\/p>\n<table border=\"0\" cellspacing=\"0\" cellpadding=\"0\">\n<tr>\n<td><\/td>\n<td><\/td>\n<\/tr>\n<p>  <!-- #BeginEditable \"materias\" -->   <\/p>\n<tr>\n<td align=\"LEFT\" valign=\"TOP\"><\/td>\n<td align=\"LEFT\" valign=\"TOP\">\n<p><a name=\"ainformativo1\"><span class=\"titulo\">EXPEDIENTE      DA UFMG NA SEMANA SANTA<\/span><br \/>     <\/a> <span class=\"texto\">O funcionamento da UFMG durante a Semana Santa      vai ser o seguinte:<\/span><\/p>\n<p><span class=\"texto\">&#8211; dia 17 de abril: Expediente normal<br \/>     &#8211; dia 18 de abril: Feriado Nacional<br \/>     &#8211; dia 21 de abril: Feriado Nacional.<\/span><\/p>\n<p><span class=\"texto\"><br \/>     <\/span>    <\/p>\n<\/td>\n<\/tr>\n<tr>\n<td align=\"LEFT\" valign=\"TOP\"><\/td>\n<td align=\"LEFT\" valign=\"TOP\"><a name=\"ainformativo2\"><span class=\"titulo\">TECNOLOGIA     DE TELEFONIA CELULAR COMEMORA 30 ANOS<\/span><\/a> <span class=\"texto\">     <\/span> <\/p>\n<div align=\"center\">\n<table width=\"95%\" border=\"1\">\n<tr>\n<td bgcolor=\"#CCCCCC\"><span class=\"texto\"><font face=\"1\">Uma mat&eacute;ria         sobre tecnologia de telefonia celular, de autoria de Andr&eacute;         Machado, foi publicada em O Globo, de 14\/04\/2003. Para divulga&ccedil;&atilde;o         em O Sistem&aacute;tico, Carlos Alfeu selecionou os trechos mais         importantes da mat&eacute;ria, transcritos abaixo.<\/font><\/span><\/td>\n<\/tr>\n<\/table><\/div>\n<p align=\"center\">&nbsp;<\/p>\n<p>    <span class=\"texto\"><\/span><span class=\"texto\">     <\/p>\n<p>A primeira chamada feita de um telefone fixo j&aacute; virou lenda:      foi de Graham Bell, em 1876, para seu assistente, Watson, pedindo que      ele viesse imediatamente &agrave; sala onde estava. Mas&#8230; e a primeira      chamada de um telefone celular? Ela n&atilde;o foi l&aacute; muito amistosa      e aconteceu h&aacute; 30 anos, na esquina da rua 56 com Avenida Lexington,      em Manhattan, Nova York, no dia 3 de abril de 1973. Quem telefonou foi      Martin Cooper, ent&atilde;o diretor da divis&atilde;o de sistemas de      comunica&ccedil;&atilde;o da Motorola, que usou o jur&aacute;ssico modelo      DynaTac, e quem atendeu a chamada foi seu rival nos Bell Labs, Joel      Engel, que pesquisava a mesma tecnologia. <\/p>\n<p>&#8211; Ei, Joel, estou te ligando de um telefone celular DE VERDADE &#8211; provocou      Cooper, nas primeiras palavras ditas em tal aparelho, que era um verdadeiro      trambolho: pesava quase um quilo e media pouco menos de trinta cent&iacute;metros.     <\/p>\n<p>Bem-humorado, o inventor contou a v&aacute;rios websites nas &uacute;ltimas      semanas que pensou ter ouvido um ranger de dentes do outro lado da linha      (ele e Engel j&aacute; vinham trocando figurinhas na pesquisa, ainda      que concentrados em ferrenha competi&ccedil;&atilde;o). Mas o advers&aacute;rio      foi educado. <\/p>\n<p>&#8211; &Agrave; medida que eu ia falando no telefone celular e descendo      a rua, aqueles nova-iorquinos sofisticados ficavam boquiabertos &#8211; acrescentou      Cooper. <\/p>\n<p>De l&aacute; para c&aacute;, os celulares se tornaram companheiros      indispens&aacute;veis do dia-a-dia, ganharam design moderno e suscitaram      mudan&ccedil;as de comportamento. Mas sua hist&oacute;ria come&ccedil;a,      na verdade, em 1947, bem antes da chamada em Nova York.<\/p>\n<p>Em 1947, j&aacute; existia o conceito de telefone m&oacute;vel, s&oacute;      que limitado e usado em carros (como os da pol&iacute;cia). Pesquisadores      perceberam que, usando c&eacute;lulas para reutiliza&ccedil;&atilde;o      de freq&uuml;&ecirc;ncia, poderiam estender o alcance do tr&aacute;fego      de informa&ccedil;&atilde;o entre os aparelhos m&oacute;veis. Ent&atilde;o      a AT&amp;T, no mesmo ano, sugeriu que a Federal Communications Commitee      (FCC, a Anatel do Tio Sam) alocasse um monte de freq&uuml;&ecirc;ncias      de espectro de r&aacute;dio de modo que se pudesse trabalhar num verdadeiro      sistema de comunica&ccedil;&atilde;o via telefonia celular. <\/p>\n<p>Aqui cabe um par&ecirc;ntese sobre o funcionamento do telefone celular.      Ele &eacute;, na verdade, uma esp&eacute;cie de r&aacute;dio. O pr&oacute;prio      nome &#8220;celular&#8221; &eacute; usado porque a rede que interliga      esses aparelhos consiste em c&eacute;lulas com transceptores de r&aacute;dio      &#8211; as ERBs (esta&ccedil;&otilde;es r&aacute;dio-base). A c&eacute;lula      &eacute;, na realidade, a &aacute;rea de cobertura de uma ERB. O telefone      celular, m&oacute;vel, vai recebendo suas chamadas e servi&ccedil;os      atrav&eacute;s da ERB mais pr&oacute;xima de onde o usu&aacute;rio estiver,      &agrave; medida que se movimenta. <\/p>\n<p>Bom, mas voltando &agrave; nossa hist&oacute;ria, o pessoal da FCC      n&atilde;o pegou o esp&iacute;rito da coisa e resolveu limitar as freq&uuml;&ecirc;ncias      dispon&iacute;veis. Da&iacute; as quase tr&ecirc;s d&eacute;cadas que      se passaram entre a concep&ccedil;&atilde;o da coisa e o surgimento      do aparelho propriamente dito. Somente em 1968 o governo americano mudou      sua posi&ccedil;&atilde;o, e a&iacute; finalmente a AT&amp;T e os Bell      Labs puderam propor a cria&ccedil;&atilde;o de uma rede de c&eacute;lulas      como a descrita no par&aacute;grafo anterior. <\/p>\n<p>Eis que entra, ent&atilde;o, a esperteza de Cooper, da Motorola, que      a partir do mesmo tipo de pesquisa desenvolveu o primeiro telefone celular      propriamente dito e o fez funcionar. Seu telefone tamb&eacute;m se desprendia      da id&eacute;ia original dos rivais, que ainda pensavam em telefones      m&oacute;veis dentro de carros. Com isso, a Motorola ganhou uma fatia      do espectro para si. <\/p>\n<p>Entretanto, o pessoal do Bell Labs (hoje Lucent) correu atr&aacute;s      do preju&iacute;zo, ainda mais depois da goza&ccedil;&atilde;o da concorr&ecirc;ncia.      Em 1978, junto com a AT&amp;T, eles foram os primeiros a montar uma      rede-prot&oacute;tipo de telefonia celular, em Chicago, com dois mil      usu&aacute;rios testando o sistema. E em 1983 a primeira rede comercial      de celulares anal&oacute;gicos come&ccedil;ou a funcionar na mesma cidade.     <\/p>\n<p>Os aparelhos anal&oacute;gicos foram, portanto, a primeira gera&ccedil;&atilde;o      (1G), usada para transmitir apenas voz, a velocidades de cerca de 9,6      kilobits por segundo (Kbps). Passou-se um bom tempo at&eacute; a segunda      (2G) chegar, em 1991. Esta j&aacute; &eacute; digital (converte voz      em dados e vice-versa) e est&aacute; presente na maioria dos celulares      atuais. Est&aacute; principalmente dividida nos padr&otilde;es TDMA,      CDMA e GSM. O primeiro divide sua banda em v&aacute;rios intervalos      de tempo, mas n&atilde;o evolui mais tecnologicamente (as operadoras      desse padr&atilde;o precisar&atilde;o escolher entre os outros dois      para prosseguir, cedo ou tarde). J&aacute; o CDMA envia todos os sinais      de uma vez, codificando cada um deles de modo diferente, para identific&aacute;-los      nas liga&ccedil;&otilde;es compartilhadas por um mesmo canal de freq&uuml;&ecirc;ncia.      E o GSM usa TDMA de banda estreita, permitindo oito chamadas simult&acirc;neas      na mesma radiofreq&uuml;&ecirc;ncia. <\/p>\n<p>A presente briga que envolve tais siglas diz respeito &agrave; sua      evolu&ccedil;&atilde;o para a terceira gera&ccedil;&atilde;o de telefonia      celular, que, segundo a Uni&atilde;o Internacional de Telecomunica&ccedil;&otilde;es,      deve permitir o tr&aacute;fego de voz e dados a velocidades de 384Kbps      ou mais. Tanto os defensores do CDMA quanto do GSM dizem que seu caminho      para chegar &agrave; terceira gera&ccedil;&atilde;o j&aacute; est&aacute;      definido &#8211; enquanto o primeiro diz ter um processo tecnol&oacute;gico      j&aacute; totalmente esquematizado, sem rupturas no meio do caminho,      o segundo aposta em seus protocolos padronizados, que facilitariam a      cria&ccedil;&atilde;o de aplica&ccedil;&otilde;es, e no fato de ser      uma tecnologia de massa (de fato, &eacute; a mais usada no mundo, em      especial na Europa, com mais de 700 milh&otilde;es de usu&aacute;rios).     <\/p>\n<p>Em alguns lugares o futuro j&aacute; chegou, como no Jap&atilde;o,      onde os celulares t&ecirc;m interfaces coloridas, internet, c&acirc;meras,      m-commerce, email, altas velocidades de transmiss&atilde;o e at&eacute;      jogos e animais virtuais de estima&ccedil;&atilde;o em terceira dimens&atilde;o.      Mas o pr&oacute;prio Martin Cooper acha que o pessoal est&aacute; exagerando      nos &#8220;efeitos especiais&#8221; e esquecendo o essencial: <\/p>\n<p>&#8211; Ainda n&atilde;o atingimos o sonho original: usar um telefone celular      em qualquer lugar e chamar qualquer pessoa, em qualquer outro lugar.     <\/p>\n<p>Novos rounds da briga entre os defensores do GSM e os do CDMA aconteceram      h&aacute; dias. Primeiro, a joint-venture entre a Telef&ocirc;nica e      a Portugal Telecom anunciou o lan&ccedil;amento da megaoperadora Vivo,      que vai operar em 19 estados brasileiros e suportar a tecnologia CDMA,      num troco &agrave; ofensiva GSM representada pela chegada da Oi e da      TIM em 2002. <\/p>\n<p>&#8211; &Eacute; natural adotar o CDMA na Vivo, j&aacute; que t&iacute;nhamos      uma base de 11 milh&otilde;es de usu&aacute;rios &#8211; diz Lu&iacute;s Avelar,      vice-presidente de TI da nova operadora. &#8211; Al&eacute;m disso, o CDMA      n&atilde;o precisa do overlay de rede e est&aacute; numa curva ascendente,      ao contr&aacute;rio do GSM, embora este tenha aparelhos low-end mais      baratos. <\/p>\n<p>Se o CDMA ganhou for&ccedil;a com a Vivo, por outro lado perdeu para      o GSM com a decis&atilde;o da Anatel de n&atilde;o atender o pedido      da V&eacute;sper de usar o SMP (Servi&ccedil;o M&oacute;vel Pessoal)      na banda de 1,9GHz para operar servi&ccedil;os do CDMA 1x EV-DO, de      maior velocidade.<\/p>\n<p>    <\/span> <\/td>\n<\/tr>\n<tr>\n<td align=\"LEFT\" valign=\"TOP\"><\/td>\n<td align=\"LEFT\" valign=\"TOP\"><a name=\"ainformativo3\"><span class=\"titulo\">DICAS DE     SITES INTERESSANTES<\/span><\/a> <span class=\"texto\">     <\/p>\n<p>Adyrus, o ca&ccedil;ador de sites, enviou as seguintes dicas de sites:<\/p>\n<p>&#8211; O Projeto Biodiversidade Brasil (<a href=\"http:\/\/www.biodiversidadebrasil.com.br\/\">http:\/\/www.biodiversidadebrasil.com.br\/<\/a>)      foi idealizado por formadores de opini&atilde;o, ambientalistas, pesquisadores,      universit&aacute;rios, governos, empresariado e membros da sociedade      civil, para que possam debater os assuntos e as alternativas.<\/p>\n<p>&#8211; Est&atilde;o abertas at&eacute; 30 de maio as inscri&ccedil;&otilde;es      para a quarta edi&ccedil;&atilde;o do concurso <i>Anima Mundi Web<\/i>,      para anima&ccedil;&otilde;es criadas especialmente para Internet. Os      autores das anima&ccedil;&otilde;es vencedoras &#8211; que ser&atilde;o exibidas      na sess&atilde;o de encerramento do Anima Mundi 2003 e no site do festival      &#8211; faturam um pr&ecirc;mio de R$ 1,5 mil. Cada participante s&oacute;      poder&aacute; inscrever at&eacute; tr&ecirc;s trabalhos, que devem estar      em formato <i>flash<\/i> e ser enviados com a extens&atilde;o &#8220;.swf&#8221;,      com at&eacute; 1MB. Quem quiser participar do j&uacute;ri popular tamb&eacute;m      j&aacute; pode se inscrever no site, desde que tenha um endere&ccedil;o      de correio eletr&ocirc;nico. Inscri&ccedil;&otilde;es e informa&ccedil;&otilde;es      em <a href=\"http:\/\/www.animamundiweb.com.br\">www.animamundiweb.com.br<\/a>.<\/p>\n<p>&#8211; Na p&aacute;gina Nossos Bichos (<a href=\"http:\/\/www.odia.com.br\/sites\/nossosbichos\">http:\/\/www.odia.com.br\/sites\/nossosbichos<\/a>),      voc&ecirc; pode imprimir e colorir desenhos de diversos animais.<\/p>\n<p>&#8211; Como estamos falando de brincadeiras, &#8220;<i>Papercraft Corner<\/i>&#8221;      (<a href=\"http:\/\/www.sonicteam.com\/chao_hp\/en\/gift_papercraft.htm\">http:\/\/www.sonicteam.com\/chao_hp\/en\/gift_papercraft.htm<\/a>)      &eacute; &oacute;timo para as crian&ccedil;as. L&aacute; poderemos criar      diversos brinquedos de papel. (Site em Ingl&ecirc;s)<\/p>\n<p>&#8211; Se voc&ecirc; ainda n&atilde;o ficou satisfeito, v&aacute; at&eacute;      a p&aacute;gina &#8220;Kadik&ecirc;&#8221; (<a href=\"http:\/\/www.kadike.com.br\">http:\/\/www.kadike.com.br<\/a>)      e veja quantas op&ccedil;&otilde;es de divers&otilde;es voc&ecirc; tem      para passar horas conectado. <\/p>\n<p>&#8211; Dicion&aacute;rio online traz tudo sobre MPB: o Dicion&aacute;rio      Cravo Albin &eacute; o &uacute;nico exclusivamente dedicado &agrave;      MPB no pa&iacute;s. Com ele, voc&ecirc; pode consultar milhares de verbetes      de gra&ccedil;a e conhecer tudo sobre MPB. O endere&ccedil;o &eacute;:      <a href=\"http:\/\/www.ibest.com.br\/site\/home\/1.105.htm\">http:\/\/www.ibest.com.br\/site\/home\/1.105.htm<\/a>l.     <\/p>\n<p>&#8211; N&atilde;o &eacute; voc&ecirc; que &eacute; dependente das drogas.      O tr&aacute;fico &eacute; que depende de voc&ecirc;. Este &eacute; o      foco da nova campanha publicit&aacute;ria que a APCD ir&aacute; veicular      nos pr&oacute;ximos dias, composta por tr&ecirc;s comerciais para TV,      al&eacute;m de an&uacute;ncios para jornais, revistas e m&iacute;dia      exterior. V&aacute; at&eacute; o endere&ccedil;o <a href=\"http:\/\/www.contradrogas.org.br\">http:\/\/www.contradrogas.org.br<\/a>.<\/p>\n<p>&#8211; O Portal de Arquitetura e Urbanismo (<a href=\"http:\/\/www.prossiga.br\/uff.ndc\/arquitetura\">http:\/\/www.prossiga.br\/uff.ndc\/arquitetura<\/a>)      re&uacute;ne e comenta informa&ccedil;&otilde;es dispon&iacute;veis      na Internet nas &aacute;reas de Arquitetura, Urbanismo e temas afins.      Sob a coordena&ccedil;&atilde;o cient&iacute;fica e t&eacute;cnica da      Escola de Arquitetura e Urbanismo e do N&uacute;cleo de Documenta&ccedil;&atilde;o      da Universidade Federal Fluminense, o Portal de Arquitetura e Urbanismo      integra o conjunto de portais e bibliotecas virtuais tem&aacute;ticas      do Programa Prossiga, Minist&eacute;rio da Ci&ecirc;ncia e Tecnologia.<\/p>\n<p>&#8211; O jornalista Elton Silva, que acompanha o mundial de F&oacute;rmula      1, tem uma p&aacute;gina (<a href=\"http:\/\/www.inforace.hpg.ig.com.br\/index.htm\">http:\/\/www.inforace.hpg.ig.com.br\/index.htm<\/a>)      com diversas informa&ccedil;&otilde;es sobre o esporte, os campe&otilde;es      desde 1950, gloss&aacute;rio, hist&oacute;ria e curiosidades da F-1,      a temporada de 2003, pilotos e equipes, classifica&ccedil;&atilde;o      completa, &uacute;ltimas not&iacute;cias, regulamento, bandeiras, incluindo      fotos dos treinos, das corridas e dos bastidores.<\/p>\n<p>&#8211; Baseado no livro do m&eacute;dico Drauzio Varella, que, durante anos,      acompanhou de perto a vida dos presos em uma das maiores penitenci&aacute;rias      do pa&iacute;s, o filme Carandiru, dirigido por Hector Babenco, foi      aguardado com muita expectativa e acaba de chegar &agrave;s telas. Visite      o endere&ccedil;o <a href=\"http:\/\/www.inforace.hpg.ig.com.br\/index.htm\">http:\/\/www.inforace.hpg.ig.com.br\/index.htm<\/a>.<\/p>\n<p>&#8211; <i>Flash Web Training<\/i> (<a href=\"http:\/\/www.flashwebtraining.com\/\">http:\/\/www.flashwebtraining.com\/<\/a>)      oferece um curso <i>on line<\/i> de Flash 5 e MX com acompanhamento de      formadores especializados, tutoriais, links e um espa&ccedil;o onde      voc&ecirc; pode publicar suas d&uacute;vidas e receber as respostas      dos especialistas. Algumas &aacute;reas do site t&ecirc;m acesso restrito,      mas h&aacute; muito material gratuito, inclusive c&oacute;digos fontes      de diversos recursos prontos em Flash. <\/p>\n<p>&#8211; Apesar de ter menos de 100 anos de idade, a TV j&aacute; tem muita      hist&oacute;ria para contar. No Museu da Televis&atilde;o Brasileira      (<a href=\"http:\/\/www.museudatv.com.br\/\">http:\/\/www.museudatv.com.br\/<\/a>)      voc&ecirc; vai conhecer as emissoras que marcaram &eacute;poca, como      Rede Manchete, Rede Tupi, TV Continental, Rede Bandeirantes e Rede Globo      e a biografia dos pioneiros da televis&atilde;o, al&eacute;m de conhecer      a origem da televis&atilde;o e ver as fotos do acervo do museu.<\/p>\n<p>&#8211; Muito legal e divertida &eacute; a p&aacute;gina <i>Create Bands<\/i>      (<a href=\"http:\/\/www.createbands.com\">http:\/\/www.createbands.com<\/a>).      Voc&ecirc; pode brincar e criar uma banda de rock e sendo a principal      figura da sua banda. Claro que voc&ecirc; n&atilde;o vai ganhar nenhuma      grana com isso, mas vai amaciar o seu ego. Quem sabe voc&ecirc; arruma      centenas de f&atilde;s? Fique ligado! (Site em Ingl&ecirc;s). <\/p>\n<p>&#8211; Apesar da p&aacute;gina ser em Ingl&ecirc;s, em Ghost of Albion (<a href=\"http:\/\/www.bbc.co.uk\/cult\/ghosts\">http:\/\/www.bbc.co.uk\/cult\/ghosts<\/a>),      voc&ecirc; faz uma jornada no cora&ccedil;&atilde;o de Londres, em 1838,      onde os dem&ocirc;nios dominam a cidade. Os desenhos s&atilde;o feitos      com a ferramenta Flash, da Macromedia<\/p>\n<p>&#8211; A p&aacute;gina <i>Big Ideas<\/i> (<a href=\"http:\/\/www.thirteen.org\/bigideas\/index.html\">http:\/\/www.thirteen.org\/bigideas\/index.html<\/a>),      desenvolvida no Instituto de Estudos Avan&ccedil;ados, nos EUA, faz      pesquisas desde mosaicos feitos h&aacute; 30 mil anos, at&eacute; teorias      de f&iacute;sica qu&acirc;ntica que tentam explicar a origem do universo.      Muito interessante s&atilde;o as grandes id&eacute;ias que se transformaram      em grandes fracassos. (Site em Ingl&ecirc;s)<\/p>\n<p>&#8211; Para quem gosta de informa&ccedil;&otilde;es sobre a Primeira Guerra      Mundial, a&iacute; vai uma dica. A p&aacute;gina <i>FirstWorldWar<\/i>      (<a href=\"http:\/\/www.first%20worldwar.com\/diaries\">htttp:\/\/www.first      worldwar.com\/diaries<\/a>) traz relatos de pessoas que estiveram na frente      de batalha com hist&oacute;rias tristes sobre a guerra. Lamentavelmente,      ainda precisamos da guerra para mostrar a nossa for&ccedil;a. (Site      em Ingl&ecirc;s) <\/p>\n<p>&#8211; Nunca andei de metr&ocirc;, mas muita gente gosta e acha que &eacute;      o melhor meio de transporte p&uacute;blico. No entanto, o americano      Robert Reynolds foi muito al&eacute;m de simplesmente andar de metr&ocirc;.      Montou uma p&aacute;gina (<a href=\"http:\/\/www.reed.edu\/%7Ereyn\/transport.html\">http:\/\/www.reed.edu\/~reyn\/transport.html<\/a>)      para falar de metr&ocirc;s do mundo inteiro com mapas e informa&ccedil;&otilde;es.      (Site em Ingl&ecirc;s)<\/p>\n<p>&#8211; Se voc&ecirc; estiver de passagem marcada para os Estados Unidos      deve anotar o seguinte na sua agenda. Nesta sexta-feira, dia 18, estr&eacute;ia      nos cinemas de l&aacute; o primeiro document&aacute;rio em 3D sobre      as ru&iacute;nas do Titanic. A produ&ccedil;&atilde;o &eacute; de James      Cameron e &eacute; distribu&iacute;do pela Walt Disney. Mas se voc&ecirc;      for ficar por aqui mesmo e n&atilde;o quiser ver a carinha do George      W. Bush, aponte o seu navegador para a p&aacute;gina <a href=\"http:\/\/disney.go.com\/disneypictures\/ghosts\/index.html\">http:\/\/disney.go.com\/disneypictures\/ghosts\/index.html<\/a>.     <\/p>\n<p>&#8211; A hist&oacute;ria do complexo do Carandiru &#8211; da qual fazia parte      a Casa de Deten&ccedil;&atilde;o, palco do livro e do filme &#8211; come&ccedil;a      em 1904. E, mesmo um s&eacute;culo atr&aacute;s, j&aacute; nasce como      uma hist&oacute;ria de superlota&ccedil;&atilde;o carcer&aacute;ria.      Naquela &eacute;poca, a maioria das cadeias ficavam embaixo dos casar&otilde;es      p&uacute;blicos, mas eram poucas vagas para muitos crimes. N&atilde;o      perca o trailler do filme no endere&ccedil;o <a href=\"http:\/\/carandiru.globo.com\/\">http:\/\/carandiru.globo.com\/<\/a>.<\/p>\n<p>&#8211; Voc&ecirc; sabe quem &eacute; a &eacute;gua Pocot&oacute;? Ela conquistou      o Brasil nas f&eacute;rias e prometeu ser a musa do Carnaval. Esbanjando      charme, corpo escultural e um jeito de andar cheio de trolol&oacute;,      a sensa&ccedil;&atilde;o desta temporada &eacute;, sem d&uacute;vidas,      a eg&uuml;inha Pocot&oacute;. A potranca est&aacute; nos ouvidos e na      boca do povo. Quem ainda n&atilde;o decorou a letra da m&uacute;sica      do Mc Serginho ou experimentou dan&ccedil;ar os passos do galope? Poucos      sabem &eacute; sobre a verdadeira hist&oacute;ria da &eacute;gua, que      &eacute; esposa do cavalo e amiga do jumento, seus eternos companheiros      de cavalgadas, como diz a divertida can&ccedil;&atilde;o. Clique em      <a href=\"http:\/\/www2.uol.com.br\/JC\/sites\/kids\/fiquepor_pocoto.htm\">http:\/\/www2.uol.com.br\/JC\/sites\/kids\/fiquepor_pocoto.htm<\/a>      para ouvi-la.<\/p>\n<p>    <\/span> <\/td>\n<\/tr>\n<tr>\n<td align=\"LEFT\" valign=\"TOP\"><\/td>\n<td align=\"LEFT\" valign=\"TOP\"><a name=\"ainformativo4\"><span class=\"titulo\">PLANT&Atilde;O     INFO<\/span><\/a> <span class=\"texto\">     <\/p>\n<p>O <b>Plant&atilde;o Info<\/b> divulgou, nas &uacute;ltimas semanas,      as seguintes not&iacute;cias:    <\/p>\n<p><b>Aprovada isen&ccedil;&atilde;o de IPI para PCs<\/b> (04 de abril\/2003)      &#8211; A C&acirc;mara dos Deputados aprovou no dia 03, a Medida Provis&oacute;ria      100\/02, que isenta, este ano, computadores de at&eacute; 11 mil reais      do pagamento do Imposto sobre Produtos Industrializados, o IPI. <br \/>     Segundo a Ag&ecirc;ncia C&acirc;mara, a MP altera tr&ecirc;s leis anteriores,      as de n&uacute;meros 8248\/91, 8387\/91 e 10176\/01. Ela ser&aacute; v&aacute;lida      para os anos de 2003 a 2009, com valores progressivos: 100% de isen&ccedil;&atilde;o      em 2003; 95% de redu&ccedil;&atilde;o em 2004; 90% de redu&ccedil;&atilde;o      em 2005; e 70% de redu&ccedil;&atilde;o de 2006 a 2009. <br \/>     A Medida foi editada pelo ex-presidente Fernando Henrique Cardoso, que      justificou o pedido de isen&ccedil;&atilde;o como forma de reduzir a      participa&ccedil;&atilde;o do mercado informal (o mercado cinza) no      com&eacute;rcio de computadores pessoais. A proposta tamb&eacute;m reduz      em 50% os percentuais de investimento em pesquisa e desenvolvimento      que as empresas do setor s&atilde;o obrigadas a realizar para terem      acesso ao incentivo fiscal &#8211; hoje, as fabricantes de PCs s&atilde;o      obrigadas a dedicar 5% de seu faturamento bruto no mercado nacional      em pesquisa e desenvolvimento. <br \/>     Para quem produz nas regi&otilde;es de influ&ecirc;ncia da Sudam, Sudene      e Centro-Oeste (Amaz&ocirc;nia, Nordeste e Centro-Oeste), diz a Ag&ecirc;ncia      C&acirc;mara, a isen&ccedil;&atilde;o de IPI valer&aacute; at&eacute;      31 de dezembro de 2005. A partir desta data, o imposto ser&aacute; reduzido      em 85% at&eacute; 31 de dezembro de 2009.<\/p>\n<p><b>Acrobat 6 chega em tr&ecirc;s vers&otilde;es<\/b> (07 de abril\/2003)      &#8211; A Adobe apresenta amanh&atilde;, dia 08\/04, no Brasil a sexta edi&ccedil;&atilde;o      do seu aplicativo para documentos eletr&ocirc;nicos Acrobat. <br \/>     Al&eacute;m do Acrobat Standard, haver&aacute; mais duas vers&otilde;es,      dirigidas a diferentes perfils de usu&aacute;rios. O Acrobat Elements      vai ser a nova vers&atilde;o simplificada, voltada para pessoas que      querem apenas converter documentos rapidamente para o formato PDF. J&aacute;      o Acrobat Professional ter&aacute; fun&ccedil;&otilde;es extras para      quem trabalha com certos aplicativos de engenharia e neg&oacute;cios,      como os de CAD e gerenciamento de projetos. <br \/>     Entre as novidades do Acrobat 6 est&atilde;o novas fun&ccedil;&otilde;es      de trabalho em grupo, presentes nas vers&otilde;es Standard e Professional.      Com elas, v&aacute;rios usu&aacute;rios podem comentar um documento      PDF. Os coment&aacute;rios s&atilde;o reunidos num arquivo de texto      para que sejam trocados mais facilmente entre as pessoas. <br \/>     A Adobe tamb&eacute;m refor&ccedil;ou a seguran&ccedil;a com recursos      de criptografia e autentica&ccedil;&atilde;o. A id&eacute;ia da empresa      &eacute; abrir caminho para o uso do formato PDF em documentos financeiros      e outros que exigem seguran&ccedil;a. A lista de lan&ccedil;amentos      inclui ainda o Acrobat Reader 6, nova edi&ccedil;&atilde;o do leitor      de PDF, distribu&iacute;do gratuitamente. O software foi anunciado hoje      nos Estados Unidos.<\/p>\n<p><b>GSM est&aacute; em 59% dos novos aparelhos no BR<\/b> (09 de abril\/2003)      &#8211; GSM foi a op&ccedil;&atilde;o de 59% dos novos usu&aacute;rios de      telefonia m&oacute;vel no Brasil. A conclus&atilde;o &eacute; da Global      Mobile Suppliers Association, que divulgou o &uacute;ltimo levantamento      sobre a tecnologia GSM em todo o mundo. <br \/>     A pesquisa tamb&eacute;m revelou que, ao todo, 69,7% dos usu&aacute;rios      de telefonia celular no mundo utilizam o sistema. Em 2002, a tecnologia      ganhou 165 milh&otilde;es de novos usu&aacute;rios. Enquanto as operadoras      CDMA atrairam 30 milh&otilde;es de novos assinantes. <br \/>     Em dezembro, foram registradas 206 redes GPRS em uso comercial no mundo.      J&aacute; a tecnologia de 2,5G CDMA 1X contava com 27 redes em uso no      mesmo per&iacute;odo. <br \/>     A pesquisa revelou tamb&eacute;m que o envio de SMS atingiu a marca      de 24 bilh&otilde;es de mensagens por m&ecirc;s.    <\/p>\n<p>    <\/span> <\/td>\n<\/tr>\n<tr>\n<td align=\"LEFT\" valign=\"TOP\"><\/td>\n<td align=\"LEFT\" valign=\"TOP\"><a name=\"ainformativo5\"><span class=\"titulo\">MEM&Oacute;RIA     FOTOGR&Aacute;FICA DO CECOM<\/span><\/a> <span class=\"texto\">     <\/p>\n<p>Mar&ccedil;o &eacute; um m&ecirc;s at&iacute;pico, com tantos anivers&aacute;rios      no CECOM. Para fechar com <i>chave de ouro<\/i>, no dia 31 foi o anivers&aacute;rio      da Alda. E, como n&atilde;o podia deixar de ser, foi comemorado na sala      do caf&eacute; com bolo de chocolate feito pela V&acirc;nia, sobrinha      da Lel&eacute;, bolo de leite condensado feito pela Rosa e refrigerantes      trazidos pelo Rubens e Le&atilde;o.<\/p>\n<p>As fotos s&atilde;o de autoria da Lel&eacute;.<\/p>\n<p align=\"center\"><img loading=\"lazy\" decoding=\"async\" src=\"https:\/\/www.ufmg.br\/dti\/wp-content\/uploads\/fotos\/AnivAlda1.jpg\" width=\"352\" height=\"288\"><\/p>\n<p align=\"center\"><font face=\"1\"><i>O sorriso da Alda<\/i><\/font><\/p>\n<p align=\"center\"><img loading=\"lazy\" decoding=\"async\" src=\"https:\/\/www.ufmg.br\/dti\/wp-content\/uploads\/fotos\/AnivAlda2.jpg\" width=\"352\" height=\"288\"><\/p>\n<p align=\"center\"><font face=\"1\"><i>Os bolos<\/i><\/font><\/p>\n<p align=\"center\"><img loading=\"lazy\" decoding=\"async\" src=\"https:\/\/www.ufmg.br\/dti\/wp-content\/uploads\/fotos\/AnivAlda3.jpg\" width=\"352\" height=\"288\"><\/p>\n<p align=\"center\"> <i><font face=\"1\">O Parab&eacute;ns pr&aacute; voc&ecirc;      com Gilmar, Le&atilde;o, Leonardo e Alda<\/font><\/i><\/p>\n<p align=\"center\"><img loading=\"lazy\" decoding=\"async\" src=\"https:\/\/www.ufmg.br\/dti\/wp-content\/uploads\/fotos\/AnivAlda4.jpg\" width=\"352\" height=\"288\"><\/p>\n<p align=\"center\"><font face=\"1\"><i>Ronaldo e Eug&ecirc;nio aguardando      o peda&ccedil;o de bolo cortado pela Alda. Ao fundo: Le&atilde;o, Gilmar      e Denise<\/i><\/font><\/p>\n<p align=\"center\"><img loading=\"lazy\" decoding=\"async\" src=\"https:\/\/www.ufmg.br\/dti\/wp-content\/uploads\/fotos\/AnivAlda5.jpg\" width=\"352\" height=\"288\"><\/p>\n<p align=\"center\"><font face=\"1\"><i>Michele, Beth, Rosa e Denise<\/i><\/font><\/p>\n<p align=\"center\"><img loading=\"lazy\" decoding=\"async\" src=\"https:\/\/www.ufmg.br\/dti\/wp-content\/uploads\/fotos\/AnivAlda6.jpg\" width=\"352\" height=\"288\"><\/p>\n<p align=\"center\"><font face=\"1\"><i>Rubens, Adriana e Michele<\/i><\/font><\/p>\n<p align=\"center\"><img loading=\"lazy\" decoding=\"async\" src=\"https:\/\/www.ufmg.br\/dti\/wp-content\/uploads\/fotos\/AnivAlda7.jpg\" width=\"352\" height=\"288\"><\/p>\n<p align=\"center\"><font face=\"1\"><i>Ronaldo, Carlos Alfeu e Alda<\/i><\/font><\/p>\n<p align=\"center\"><img loading=\"lazy\" decoding=\"async\" src=\"https:\/\/www.ufmg.br\/dti\/wp-content\/uploads\/fotos\/AnivAlda8.jpg\" width=\"352\" height=\"288\"><\/p>\n<p align=\"center\"><font face=\"1\"><i>Rosa e Alda. Ao fundo: Eug&ecirc;nio      e Carlos Alfeu<\/i><\/font><\/p>\n<p align=\"center\"><img loading=\"lazy\" decoding=\"async\" src=\"https:\/\/www.ufmg.br\/dti\/wp-content\/uploads\/fotos\/AnivAlda9.jpg\" width=\"352\" height=\"288\"><\/p>\n<p align=\"center\"><font face=\"1\"><i>Raimundo<\/i><\/font><\/p>\n<p align=\"center\"><img loading=\"lazy\" decoding=\"async\" src=\"https:\/\/www.ufmg.br\/dti\/wp-content\/uploads\/fotos\/AnivAlda12.jpg\" width=\"352\" height=\"288\"><\/p>\n<p align=\"center\"><font face=\"1\"><i>M&aacute;rcio, Carlos Roberto e Matheus      aguardando o peda&ccedil;o de bolo<\/i><\/font><\/p>\n<p align=\"center\"><img loading=\"lazy\" decoding=\"async\" src=\"https:\/\/www.ufmg.br\/dti\/wp-content\/uploads\/fotos\/AnivAlda10.jpg\" width=\"352\" height=\"288\"><\/p>\n<p align=\"center\"><font face=\"1\"><i>Rog&eacute;rio, Ronaldo, Carlos Alfeu      e Rosa<\/i><\/font><\/p>\n<p>    <\/span> <\/td>\n<\/tr>\n<p>  <!-- #EndEditable -->  <\/table>\n<p> <!-- fim noticias --> <!-- tabela ha 20 anos --> <\/p>\n<table border=\"0\" cellspacing=\"0\" cellpadding=\"0\" class=\"cinza\">\n<tr>\n<td><img loading=\"lazy\" decoding=\"async\" src=\"https:\/\/www.ufmg.br\/dti\/wp-content\/uploads\/imgs\/tudo_pixel.gif\" width=\"1\" height=\"1\" alt=\"\" border=\"0\"><\/td>\n<td><img loading=\"lazy\" decoding=\"async\" src=\"https:\/\/www.ufmg.br\/dti\/wp-content\/uploads\/imgs\/tudo_pixel.gif\" width=\"19\" height=\"1\" alt=\"\" border=\"0\"><\/td>\n<td><img loading=\"lazy\" decoding=\"async\" src=\"https:\/\/www.ufmg.br\/dti\/wp-content\/uploads\/imgs\/tudo_pixel.gif\" width=\"510\" height=\"1\" alt=\"\" border=\"0\"><\/td>\n<td><img loading=\"lazy\" decoding=\"async\" src=\"https:\/\/www.ufmg.br\/dti\/wp-content\/uploads\/imgs\/tudo_pixel.gif\" width=\"19\" height=\"1\" alt=\"\" border=\"0\"><\/td>\n<td><img loading=\"lazy\" decoding=\"async\" src=\"https:\/\/www.ufmg.br\/dti\/wp-content\/uploads\/imgs\/tudo_pixel.gif\" width=\"1\" height=\"1\" alt=\"\" border=\"0\"><\/td>\n<\/tr>\n<tr>\n<td class=\"vermelho\" colspan=\"5\"><img loading=\"lazy\" decoding=\"async\" src=\"https:\/\/www.ufmg.br\/dti\/wp-content\/uploads\/imgs\/tudo_pixel.gif\" width=\"1\" height=\"1\" alt=\"\" border=\"0\"><\/td>\n<\/tr>\n<tr>\n<td class=\"vermelho\"><img loading=\"lazy\" decoding=\"async\" src=\"https:\/\/www.ufmg.br\/dti\/wp-content\/uploads\/imgs\/tudo_pixel.gif\" width=\"1\" height=\"1\" alt=\"\" border=\"0\"><\/td>\n<td><img loading=\"lazy\" decoding=\"async\" src=\"https:\/\/www.ufmg.br\/dti\/wp-content\/uploads\/imgs\/tudo_pixel.gif\" width=\"1\" height=\"1\" alt=\"\" border=\"0\"><\/td>\n<td align=\"LEFT\" valign=\"TOP\"><!-- #BeginEditable \"ha 20 anos\" --><a name=\"ainformativo6\"><img loading=\"lazy\" decoding=\"async\" src=\"https:\/\/www.ufmg.br\/dti\/wp-content\/uploads\/imgs\/tudo_pixel.gif\" width=\"1\" height=\"8\" alt=\"\" border=\"0\"><br \/>    <span class=\"titulo\">H\u00e1 20 anos&#8230;<\/span><\/a> <span class=\"texto\">     <\/p>\n<p>O Sistem&aacute;tico Ano VII, no. 15, de 14\/04\/1983, publicou not&iacute;cias      sobre II Semin&aacute;rio de Inform&aacute;tica Cemicro-BH\/UCMG, dispensa      dos funcion&aacute;rios no dia 22 de abril (sexta-feira), respons&aacute;vel      pela Divis&atilde;o de Usu&aacute;rios, entre outras. As not&iacute;cias      que se destacaram foram:<\/p>\n<p><b>SEMIN&Aacute;RIO EM SANTA CATARINA<\/b><br \/>     <font face=\"1\">Jos&eacute; Eduardo Valle Santos, chefe da Divis&atilde;o      de Projetos Administrativos do CECOM, est&aacute; desde ontem participando      do semin&aacute;rio <i>&#8220;Planejamento e Controle de Programa&ccedil;&atilde;o<\/i>&#8221;      em Cambori&uacute;, Santa Catarina.<br \/>     O semin&aacute;rio, promovido pela Sucesu de Santa Catarina, vai encerrar      as suas atividades no s&aacute;bado, dia 16.<\/font><\/p>\n<p><b>PLANT&Atilde;O NA ENGENHARIA<\/b><br \/>     <font face=\"1\">Conforme solicita&ccedil;&atilde;o feita pelo Depto.      de Engenharia T&eacute;rmica da EEUFMG, a Divis&atilde;o de Usu&aacute;rios      do CECOM, na pessoa de seu funcion&aacute;rio Luiz Henrique Loureiro      dos Santos, est&aacute; dando plant&atilde;o de assessoria em Fortran      aos alunos de p&oacute;s-gradua&ccedil;&atilde;o do departamento.<\/font><\/p>\n<p>    <\/span><!-- #EndEditable --><br \/>     <img loading=\"lazy\" decoding=\"async\" src=\"https:\/\/www.ufmg.br\/dti\/wp-content\/uploads\/imgs\/tudo_pixel.gif\" width=\"1\" height=\"8\" alt=\"\" border=\"0\"><\/td>\n<td><img loading=\"lazy\" decoding=\"async\" src=\"https:\/\/www.ufmg.br\/dti\/wp-content\/uploads\/imgs\/tudo_pixel.gif\" width=\"1\" height=\"1\" alt=\"\" border=\"0\"><\/td>\n<td class=\"vermelho\"><img loading=\"lazy\" decoding=\"async\" src=\"https:\/\/www.ufmg.br\/dti\/wp-content\/uploads\/imgs\/tudo_pixel.gif\" width=\"1\" height=\"1\" alt=\"\" border=\"0\"><\/td>\n<\/tr>\n<tr>\n<td class=\"vermelho\" colspan=\"5\"><img loading=\"lazy\" decoding=\"async\" src=\"https:\/\/www.ufmg.br\/dti\/wp-content\/uploads\/imgs\/tudo_pixel.gif\" width=\"1\" height=\"1\" alt=\"\" border=\"0\"><\/td>\n<\/tr>\n<\/table>\n<p> <!-- fim tabela ha 20 anos --><\/div>\n<p><a name='eventos'><\/a><\/p>\n<h4>Eventos<\/h4>\n<div class=\"centro-sistematico\">  <!-- noticias --> <\/p>\n<table border=\"0\" cellspacing=\"0\" cellpadding=\"0\">\n<tr>\n<td><\/td>\n<td><\/td>\n<\/tr>\n<p>  <!-- #BeginEditable \"materias\" -->   <\/p>\n<tr>\n<td align=\"LEFT\" valign=\"TOP\"><\/td>\n<td align=\"LEFT\" valign=\"TOP\"> <a name=\"aeventos1\"><span class=\"titulo\">RIFA PARA     A FESTA JUNINA<\/span><\/a> <span class=\"texto\">     <\/p>\n<p>Preparem-se! Ap&oacute;s a Semana Santa, v&atilde;o ser distribu&iacute;dos      os n&uacute;meros da rifa de uma colcha em matelass&ecirc; de casal      para angariar fundos para a Festa Junina do CECOM.<\/p>\n<p>    <\/span> <\/td>\n<\/tr>\n<tr>\n<td align=\"LEFT\" valign=\"TOP\"><\/td>\n<td align=\"LEFT\" valign=\"TOP\"><a name=\"aeventos2\"><span class=\"titulo\">SOCIAIS<\/span><\/a>     <span class=\"texto\">     <\/p>\n<p><b>ANIVERS&Aacute;RIOS:<\/b> <i>&#8220;O Sistem&aacute;tico&#8221; envia      os parab&eacute;ns para Rubens Crispim da Silva, amanh&atilde;, dia      18. E os parab&eacute;ns para os ex-ceconianos: Alberto Henrique Frade      Laender (DCC), no dia 20; Patr&iacute;cia Aninger de Barros, no dia      21; Wallace de Almeida Rodrigues, no dia 22; e Christiano Gon&ccedil;alves      Becker (DCC), no dia 23.<\/i> <\/p>\n<p><b>SUCESSO DO EVENTO DA ABED: <\/b><i>Ao final do evento da ABED, realizado      no per&iacute;odo de 12 a 14\/04, na UFMG, a ATI agradece e parabeniza      a todos que contribu&iacute;ram para o sucesso do evento.<\/i><\/p>\n<p><b>DESPEDIDAS:<\/b> <i>Nesta semana, duas pessoas da equipe de desenvolvimento      do novo Sistema Acad&ecirc;mico da P&oacute;s-Gradua&ccedil;&atilde;o      passearam pelo CECOM se despedindo de todos e agradecendo o conv&iacute;vio      durante o per&iacute;odo em que participaram do projeto. S&atilde;o      elas: o desenvolvedor Luiz Carlos de Atayde J&uacute;nior e o aluno      Bruno Teixeira de Abreu, da empresa Junior do DCC. Com a sa&iacute;da      de Luiz Carlos, passou a fazer parte da equipe Diogo Freitas Duarte      Magalh&atilde;es.<\/i><\/p>\n<p>    <\/span>    <\/td>\n<\/tr>\n<p>  <!-- #EndEditable -->  <\/table>\n<p> <!-- fim noticias --><\/div>\n","protected":false},"excerpt":{"rendered":"<p>Not\u00edcias UFMG E ABED CONCLUEM EVENTO SOBRE EDUCA&Ccedil;&Atilde;O A DIST&Acirc;NCIA IGC &Eacute; LIGADO AO BACKBONE PRINCIPAL DA REDE UFMG COPEVE INVESTE NA IDENTIFICA&Ccedil;&Atilde;O DE DIGITAIS DRC MONITORA TR&Aacute;FEGO ENTRE UNIDADES DA UFMG DAC PARTICIPA DE CURSO DE ORACLE Informativo EXPEDIENTE DA UFMG NA SEMANA SANTA TECNOLOGIA DE TELEFONIA CELULAR COMEMORA 30 ANOS DICAS DE SITES &#8230; <a title=\"Sistem\u00e1tico: Edi\u00e7\u00e3o 1153 &#8211; 17\/04\/2003\" class=\"read-more\" href=\"https:\/\/www.ufmg.br\/dti\/2003\/04\/17\/sistematico-edicao-1153-17042003\/\" aria-label=\"Read more about Sistem\u00e1tico: Edi\u00e7\u00e3o 1153 &#8211; 17\/04\/2003\">Ler mais<\/a><\/p>\n","protected":false},"author":3,"featured_media":0,"comment_status":"open","ping_status":"open","sticky":false,"template":"","format":"standard","meta":{"inline_featured_image":false,"footnotes":""},"categories":[13],"tags":[],"coauthors":[79],"class_list":["post-3206","post","type-post","status-publish","format-standard","hentry","category-sistematico"],"_links":{"self":[{"href":"https:\/\/www.ufmg.br\/dti\/wp-json\/wp\/v2\/posts\/3206","targetHints":{"allow":["GET"]}}],"collection":[{"href":"https:\/\/www.ufmg.br\/dti\/wp-json\/wp\/v2\/posts"}],"about":[{"href":"https:\/\/www.ufmg.br\/dti\/wp-json\/wp\/v2\/types\/post"}],"author":[{"embeddable":true,"href":"https:\/\/www.ufmg.br\/dti\/wp-json\/wp\/v2\/users\/3"}],"replies":[{"embeddable":true,"href":"https:\/\/www.ufmg.br\/dti\/wp-json\/wp\/v2\/comments?post=3206"}],"version-history":[{"count":0,"href":"https:\/\/www.ufmg.br\/dti\/wp-json\/wp\/v2\/posts\/3206\/revisions"}],"wp:attachment":[{"href":"https:\/\/www.ufmg.br\/dti\/wp-json\/wp\/v2\/media?parent=3206"}],"wp:term":[{"taxonomy":"category","embeddable":true,"href":"https:\/\/www.ufmg.br\/dti\/wp-json\/wp\/v2\/categories?post=3206"},{"taxonomy":"post_tag","embeddable":true,"href":"https:\/\/www.ufmg.br\/dti\/wp-json\/wp\/v2\/tags?post=3206"},{"taxonomy":"author","embeddable":true,"href":"https:\/\/www.ufmg.br\/dti\/wp-json\/wp\/v2\/coauthors?post=3206"}],"curies":[{"name":"wp","href":"https:\/\/api.w.org\/{rel}","templated":true}]}}