{"id":3208,"date":"2003-04-03T08:00:00","date_gmt":"2003-04-03T08:00:00","guid":{"rendered":"https:\/\/www.ufmg.br\/dti\/cecom\/?p=1476"},"modified":"2003-04-03T08:00:00","modified_gmt":"2003-04-03T08:00:00","slug":"sistematico-edicao-1151-03042003","status":"publish","type":"post","link":"https:\/\/www.ufmg.br\/dti\/2003\/04\/03\/sistematico-edicao-1151-03042003\/","title":{"rendered":"Sistem\u00e1tico: Edi\u00e7\u00e3o 1151 &#8211; 03\/04\/2003"},"content":{"rendered":"<ul>\n<li><a href=\"\/dti\/#noticias\">Not\u00edcias<\/a>\n<div class='submenuSistematico'>\n<ul>\n<li><a href=\"\/dti\/#anoticias1\"><span class=\"titulo\">QUEDAS DE     ENERGIA REFOR&Ccedil;AM IMPORT&Acirc;NCIA DO PLANT&Atilde;O<\/span><\/a><\/li>\n<li><a href=\"\/dti\/#anoticias2\"><span class=\"titulo\">SEMIN&Aacute;RIO     NACIONAL DE EDUCA&Ccedil;&Atilde;O A DIST&Acirc;NCIA VAI SER NA UFMG<\/span><\/a><\/li>\n<li><a href=\"\/dti\/#anoticias3\"><span class=\"titulo\">DAC PARTICIPA     DE CURSO DE QUICKPLACE<\/span><\/a><\/li>\n<li><a href=\"\/dti\/#anoticias4\"><span class=\"titulo\">CECOM CONDUZ     VERIFICA&Ccedil;&Atilde;O DE C&Oacute;DIGOS DE USU&Aacute;RIOS<\/span><\/a><\/li>\n<li><a href=\"\/dti\/#anoticias5\"><span class=\"titulo\">SA&Iacute;DA     DO CECOM<\/span><\/a><\/li>\n<li><a href=\"\/dti\/#anoticias6\"><span class=\"titulo\">CECOM CONTRATA     NOVO ESTAGI&Aacute;RIO<\/span><\/a><\/li>\n<\/ul>\n<\/div>\n<\/li>\n<li><a href=\"\/dti\/#informativo\">Informativo<\/a>\n<div class='submenuSistematico'>\n<ul>\n<li><a href=\"\/dti\/#ainformativo1\"><span class=\"titulo\">ESTAT&Iacute;STICAS      DE SISTEMA ANTI-SPAM DE MAR&Ccedil;O<\/span><br \/>     <\/a><\/li>\n<li><a href=\"\/dti\/#ainformativo2\"><span class=\"titulo\">DICAS DE     SITES INTERESSANTES<\/span><\/a><\/li>\n<li><a href=\"\/dti\/#ainformativo3\"><span class=\"titulo\">PLANT&Atilde;O     INFO<\/span><\/a><\/li>\n<li><a href=\"\/dti\/#ainformativo4\"><span class=\"titulo\">MEM&Oacute;RIA     FOTOGR&Aacute;FICA DO CECOM<\/span><\/a><\/li>\n<li><a href=\"\/dti\/#ainformativo5\"><img loading=\"lazy\" decoding=\"async\" src=\"https:\/\/www.ufmg.br\/dti\/wp-content\/uploads\/imgs\/tudo_pixel.gif\" width=\"1\" height=\"8\" alt=\"\" border=\"0\"><br \/>    <span class=\"titulo\">H\u00e1 20 anos&#8230;<\/span><\/a><\/li>\n<\/ul>\n<\/div>\n<\/li>\n<li><a href=\"\/dti\/#eventos\">Eventos<\/a>\n<div class='submenuSistematico'>\n<ul>\n<li><a href=\"\/dti\/#aeventos1\"><span class=\"titulo\">SOCIAIS<\/span><\/a><\/li>\n<\/ul>\n<\/div>\n<\/li>\n<\/ul>\n<p> <a name='noticias'><\/a><\/p>\n<h4>Not\u00edcias<\/h4>\n<div class=\"centro-sistematico\">  <!-- noticias --> <\/p>\n<table border=\"0\" cellspacing=\"0\" cellpadding=\"0\">\n<tr>\n<td><\/td>\n<td><\/td>\n<\/tr>\n<p>  <!-- #BeginEditable \"materias\" -->   <\/p>\n<tr>\n<td align=\"LEFT\" valign=\"TOP\"><\/td>\n<td align=\"LEFT\" valign=\"TOP\"> <a name=\"anoticias1\"><span class=\"titulo\">QUEDAS DE     ENERGIA REFOR&Ccedil;AM IMPORT&Acirc;NCIA DO PLANT&Atilde;O<\/span><\/a>     <span class=\"texto\">     <\/p>\n<p>No final do m&ecirc;s de mar&ccedil;o, a Diretoria do CECOM e as divis&otilde;es      DRC, DAC, DCP e DAA, cabendo a esta &uacute;ltima as atividades de organiza&ccedil;&atilde;o      do projeto, iniciaram as atividades para estrutura-&ccedil;&atilde;o      e posterior implanta&ccedil;&atilde;o de um Plant&atilde;o de Servi&ccedil;os      no Centro de Computa&ccedil;&atilde;o, a ser disponibilizado para a      comunidade universit&aacute;ria.<\/p>\n<p>Este plant&atilde;o de servi&ccedil;os ser&aacute; baseado em experi&ecirc;ncia      similar, implantada em 2002 pela PRA &#8211; Pr&oacute;-reitoria de Administra&ccedil;&atilde;o      &#8211; que criou seu plant&atilde;o atendendo a atividades emergenciais      surgidas fora do hor&aacute;rio habitual de funcionamento da universidade.      Inspirado nessa experi&ecirc;ncia, o projeto do CECOM pretende cobrir      atividades que envolvem as redes de comunica&ccedil;&atilde;o, tanto      a de voz quanto a de dados, bem como seus principais sistemas, servi&ccedil;os      e equipamentos. O objetivo &eacute; o de garantir &agrave; comunidade      universit&aacute;ria que imprevistos ocorridos, fora do hor&aacute;rio      normal de expediente, ser&atilde;o resolvidos ou ter&atilde;o o devido      encaminhamento.<\/p>\n<p>Nos &uacute;ltimos finais de semana, ocorr&ecirc;ncias seguidas de      queda de energia el&eacute;trica refor&ccedil;aram a import&acirc;ncia      da implanta&ccedil;&atilde;o do Plant&atilde;o de Servi&ccedil;os. Nos      dias 15 e 29 de mar&ccedil;o, dois s&aacute;bados, houve interrup&ccedil;&atilde;o      de fornecimento de energia no Campus Pampulha. Em ambos os dias, ap&oacute;s      a normaliza&ccedil;&atilde;o do servi&ccedil;o, o sistema de religamento      autom&aacute;tico instalado pelo DPFO no subsolo da Reitoria n&atilde;o      funcionou. Assim, os equipamentos do CECOM que mant&ecirc;m em funcionamento      o acesso &agrave; rede de dados, e aos servi&ccedil;os e sistemas em      rede, ficaram indispon&iacute;veis. A situa&ccedil;&atilde;o s&oacute;      foi normalizada, posteriormente, com o deslocamento f&iacute;sico e      a interven&ccedil;&atilde;o manual de pessoal t&eacute;cnico. Esta solu&ccedil;&atilde;o      de religamento foi improvisada, j&aacute; que n&atilde;o h&aacute; expediente      aos s&aacute;bados no Centro de Computa&ccedil;&atilde;o, nem est&aacute;      operacional o Plant&atilde;o de Servi&ccedil;os, o que deve ocorrer      nos pr&oacute;ximos meses, ainda no primeiro semestre de 2003.<\/p>\n<p>Enquanto este servi&ccedil;o n&atilde;o estiver implantado, o CECOM      n&atilde;o tem como garantir atendimento em momentos de n&atilde;o disponibilidade      de seus servi&ccedil;os aos s&aacute;bados, domingos e feriados. Entretanto,      alerta que atividades cr&iacute;ticas podem ser cobertas, desde que      se estabele&ccedil;a cronograma antecipado que permita a ado&ccedil;&atilde;o      de solu&ccedil;&otilde;es alternativas.<br \/>     Quanto ao mal funcionamento do religamento autom&aacute;tico, a equipe      do DPFO j&aacute; est&aacute; verificando as poss&iacute;veis causas      para adotar as corre&ccedil;&otilde;es devidas.<\/p>\n<p>    <\/span> <\/td>\n<\/tr>\n<tr>\n<td align=\"LEFT\" valign=\"TOP\"><\/td>\n<td align=\"LEFT\" valign=\"TOP\"> <a name=\"anoticias2\"><span class=\"titulo\">SEMIN&Aacute;RIO     NACIONAL DE EDUCA&Ccedil;&Atilde;O A DIST&Acirc;NCIA VAI SER NA UFMG<\/span><\/a>     <span class=\"texto\">     <\/p>\n<p>A ABED &#8211; Associa&ccedil;&atilde;o Brasileira de Educa&ccedil;&atilde;o      a Dist&acirc;ncia &#8211; vai promover, no per&iacute;odo de 12 a 15 de abril,      no Campus Pampulha da UFMG, o I Semin&aacute;rio Nacional de Educa&ccedil;&atilde;o      a Dist&acirc;ncia: <i>&#8220;Habilidades e Talentos em EAD&#8221;<\/i>.<br \/>     Na programa&ccedil;&atilde;o do semin&aacute;rio constam mini-cursos,      plen&aacute;rias, mesas redondas, apresenta&ccedil;&atilde;o de trabalhos      cient&iacute;ficos, apresenta&ccedil;&otilde;es comerciais em EAD, al&eacute;m      da apresenta&ccedil;&atilde;o dos trabalhos ganhadores do concurso da      ABED e lan&ccedil;amento do livro &#8220;<i>Manual do Professor Virtual<\/i>&#8221;,      de Carmem Maia e Jos&eacute; Manuel Moran Costa.<\/p>\n<p>Estar&atilde;o presentes ao evento representantes de empresas, universidades,      museus, bibliotecas e ONGs de todo o pa&iacute;s.<\/p>\n<p>A abertura oficial do evento vai ocorrer no dia 14 de abril, &agrave;s      9:00, no audit&oacute;rio da Reitoria, com a participa&ccedil;&atilde;o      do prof. M&aacute;rcio Luiz Bunte de Carvalho, Diretor de Tecnologia      da Informa&ccedil;&atilde;o da UFMG.<\/p>\n<p>Os interessados em inscri&ccedil;&otilde;es e informa&ccedil;&otilde;es      podem acessar o site da ABED (<i>www.abed.org.br\/seminario2003<\/i>)      ou e-mail <i>seminario@abed.org.br<\/i>.<\/p>\n<p>    <\/span>     <\/td>\n<\/tr>\n<tr>\n<td align=\"LEFT\" valign=\"TOP\"><\/td>\n<td align=\"LEFT\" valign=\"TOP\"> <a name=\"anoticias3\"><span class=\"titulo\">DAC PARTICIPA     DE CURSO DE QUICKPLACE<\/span><\/a> <span class=\"texto\">     <\/p>\n<p>Na &uacute;ltima ter&ccedil;a-feira, 1\/4, a diretora da DAC, Aleixina      Maria Lopes Andal&eacute;cio, participou de treinamento sobre o QuickPlace,      ferramenta Notes para constru&ccedil;&atilde;o de websites colaborativos      que o Grude disponibiliza para seus usu&aacute;rios. O QuickPlace &eacute;      uma ferramenta segura, simples de usar e possui v&aacute;rias funcionalidades      integradas, como: publica&ccedil;&atilde;o na Web de documentos Word,      Excel, PowerPoint e HTML; sistema de busca; banco de dados integrado;      sistema de gerenciamento de conte&uacute;do; sistema de administra&ccedil;&atilde;o      de equipe; sistema de administra&ccedil;&atilde;o de acesso; compartilhamento      de informa&ccedil;&atilde;o; e ferramentas de colabora&ccedil;&atilde;o      via Web (chat, discuss&otilde;es e message boards).<\/p>\n<p>O objetivo desta participa&ccedil;&atilde;o &eacute; abrir mais uma      possibilidade de servi&ccedil;os a serem prestados aos &oacute;rg&atilde;os      da Administra&ccedil;&atilde;o Central, principalmente no que diz respeito      ao desenvolvimento de sites, dada a simplicidade deste tipo de atividade      com o QuickPlace.<\/p>\n<p>O treinamento foi realizado no LCC, no hor&aacute;rio de 8 &agrave;s      12 horas.<\/p>\n<p>    <\/span>     <\/td>\n<\/tr>\n<tr>\n<td align=\"LEFT\" valign=\"TOP\"><\/td>\n<td align=\"LEFT\" valign=\"TOP\"> <a name=\"anoticias4\"><span class=\"titulo\">CECOM CONDUZ     VERIFICA&Ccedil;&Atilde;O DE C&Oacute;DIGOS DE USU&Aacute;RIOS<\/span><\/a>     <span class=\"texto\">     <\/p>\n<p>Periodicamente, o CECOM faz a verifica&ccedil;&atilde;o dos c&oacute;digos      de usu&aacute;rios cadastrados nas redes locais por ele gerenciadas,      para garantir que apenas usu&aacute;rios devidamente autorizados tenham      acesso a estas redes. No in&iacute;cio do m&ecirc;s de fevereiro, este      processo teve in&iacute;cio na rede da Reitoria, com a solicita&ccedil;&atilde;o      de indica&ccedil;&atilde;o de respons&aacute;veis pela verifica&ccedil;&atilde;o      em cada &oacute;rg&atilde;o.<\/p>\n<p>Os indicados receberam, atrav&eacute;s de e-mail, a rela&ccedil;&atilde;o      dos usu&aacute;rios do &oacute;rg&atilde;o e o tipo de acesso que cada      um pode fazer na &aacute;rea de disco alocada para o &oacute;rg&atilde;o      (discos virtuais L: e P:). Foi informado tamb&eacute;m, pela primeira      vez, o grupo correspondente ao &oacute;rg&atilde;o no Grude, para que      fosse verificado se os componentes deste grupo estavam corretos. Como      a orienta&ccedil;&atilde;o era para retornar as informa&ccedil;&otilde;es      at&eacute; o dia 31\/3, as altera&ccedil;&otilde;es solicitadas j&aacute;      est&atilde;o sendo efetuadas.<\/p>\n<p>O processo de verifica&ccedil;&atilde;o est&aacute; sendo conduzido      pela DAC, e ser&aacute; ser estendido, a partir da pr&oacute;xima semana,      &agrave;s demais unidades da Administra&ccedil;&atilde;o Central.<\/p>\n<p>    <\/span>     <\/td>\n<\/tr>\n<tr>\n<td align=\"LEFT\" valign=\"TOP\"><\/td>\n<td align=\"LEFT\" valign=\"TOP\"> <a name=\"anoticias5\"><span class=\"titulo\">SA&Iacute;DA     DO CECOM<\/span><\/a> <span class=\"texto\">     <\/p>\n<p>O estagi&aacute;rio Matheus Moreira dos Santos, da Divis&atilde;o de      Atendimento e Consultoria, pediu demiss&atilde;o do quadro do CECOM      no dia 31 de mar&ccedil;o\/03.<\/p>\n<p>Matheus estava no CECOM desde mar&ccedil;o de 2002 e, no per&iacute;odo      em que esteve no CECOM, trabalhou no atendimento a usu&aacute;rios e      instala&ccedil;&atilde;o de softwares em microcomputadores da Reitoria.<\/p>\n<p align=\"center\"><img loading=\"lazy\" decoding=\"async\" src=\"https:\/\/www.ufmg.br\/dti\/wp-content\/uploads\/fotos\/SaidaMatheus.jpg\" width=\"352\" height=\"288\"><\/p>\n<p>&nbsp;<\/p>\n<p>    <\/span>     <\/td>\n<\/tr>\n<tr>\n<td align=\"LEFT\" valign=\"TOP\"><\/td>\n<td align=\"LEFT\" valign=\"TOP\"> <a name=\"anoticias6\"><span class=\"titulo\">CECOM CONTRATA     NOVO ESTAGI&Aacute;RIO<\/span><\/a> <span class=\"texto\">     <\/p>\n<p>Com a sa&iacute;da de Matheus Moreira dos Santos do quadro de estagi&aacute;rios      do CECOM, a DAC selecionou, para ocupar a vaga, o aluno Rafael Braga      Soares Righi, do curso de Engenharia El&eacute;trica da UFMG.<\/p>\n<p>Rafael iniciou o est&aacute;gio no dia 1o de abril, lotado na DAC,      onde vai trabalhar na &aacute;rea de atendimento a usu&aacute;rios.<\/p>\n<p>    <\/span>     <\/td>\n<\/tr>\n<p>  <!-- #EndEditable -->  <\/table>\n<p> <!-- fim noticias --><\/div>\n<p><a name='informativo'><\/a><\/p>\n<h4>Informativo<\/h4>\n<div class=\"centro-sistematico\">  <!-- noticias --> <\/p>\n<table border=\"0\" cellspacing=\"0\" cellpadding=\"0\">\n<tr>\n<td><\/td>\n<td><\/td>\n<\/tr>\n<p>  <!-- #BeginEditable \"materias\" -->   <\/p>\n<tr>\n<td align=\"LEFT\" valign=\"TOP\"><\/td>\n<td align=\"LEFT\" valign=\"TOP\">\n<p><a name=\"ainformativo1\"><span class=\"titulo\">ESTAT&Iacute;STICAS      DE SISTEMA ANTI-SPAM DE MAR&Ccedil;O<\/span><br \/>     <\/a> <span class=\"texto\">A DRC divulgou os n&uacute;meros relativos      ao desempenho do sistema anti-virus\/antispam da UFMG durante o m&ecirc;s      de mar&ccedil;o. A quantidade de mensagens recebidas diariamente caiu      em rela&ccedil;&atilde;o aos meses anteriores, assim como o n&uacute;mero      de mensagens classificadas como SPAM. A principal causa desta queda      foi o aperfei&ccedil;oamento de mecanismos que dificultam o envio de      SPAMs para a Universidade, conseguido principalmente com o bloqueio      do acesso de m&aacute;quinas conectadas a linhas discadas ou a servi&ccedil;os      de internet banda larga. A &uacute;ltima coluna do gr&aacute;fico mostra      as mensagens que foram barradas devido a este mecanismo.<\/span><\/p>\n<p>&nbsp;<\/p>\n<p>    <span class=\"texto\">     <\/p>\n<p><img loading=\"lazy\" decoding=\"async\" src=\"https:\/\/www.ufmg.br\/dti\/wp-content\/uploads\/imgs\/estatvermar.jpg\" width=\"534\" height=\"332\"><\/p>\n<p>    <\/span> <\/td>\n<\/tr>\n<tr>\n<td align=\"LEFT\" valign=\"TOP\"><\/td>\n<td align=\"LEFT\" valign=\"TOP\"><a name=\"ainformativo2\"><span class=\"titulo\">DICAS DE     SITES INTERESSANTES<\/span><\/a> <span class=\"texto\">     <\/p>\n<p>Adyrus, o ca&ccedil;ador de sites, enviou as seguintes dicas:<\/p>\n<p>&#8211; Uma p&aacute;gina quente &eacute; da Sony (<a href=\"http:\/\/www.sonytv.com.br\">http:\/\/www.sonytv.com.br<\/a>).      Apesar dos problemas t&eacute;cnicos, traz informa&ccedil;&otilde;es      como guia completo dos epis&oacute;dios, a hist&oacute;ria das s&eacute;ries      e uma mini biografia dos atores e de seus personagens.<\/p>\n<p>&#8211; E se voc&ecirc; gosta de letras de m&uacute;sicas e <i>wallpapers<\/i>      &eacute; s&oacute; apontar o seu navegador para <a href=\"http:\/\/www.canalsony.com.br\">http:\/\/www.canalsony.com.br<\/a>      e fazer a festa.<\/p>\n<p>&#8211; Se voc&ecirc; acredita na for&ccedil;a do seu cabelo, &eacute; s&oacute;      ir na p&aacute;gina que alguns cientistas fundaram. &Eacute; um clube      para cientista louco (<a href=\"http:\/\/www.improb.com\/projects\/hair\/hair-club-top.html\">http:\/\/www.improb.com\/projects\/hair\/hair-club-top.html<\/a>).      (Site em Ingl&ecirc;s) <\/p>\n<p>&#8211; Muito divertido &eacute; o passatempo <i>SpaceRunner<\/i>. Na p&aacute;gina      <a href=\"http:\/\/www.karn.nu\/spacerunner.htmle\">http:\/\/www.karn.nu\/spacerunner.htmle<\/a>,      com as teclas para cima, para baixo, para o lado direito e esquerdo,      voc&ecirc; pode vencer os obst&aacute;culos. O objetivo &eacute; chegar      o mais longe poss&iacute;vel e os obst&aacute;culos v&atilde;o ficando      mais dif&iacute;ceis de acordo com o n&iacute;vel. (Site em Ingl&ecirc;s)<\/p>\n<p>&#8211; Um prov&eacute;rbio chin&ecirc;s diz que <i>o apetite vem com a comida<\/i>.      Um merengue de morango aqui, mais um prato de camar&atilde;o &agrave;      proven&ccedil;al ali, e pronto: s&oacute; de pensar, voc&ecirc; j&aacute;      ganhou uns quilinhos a mais. Os respons&aacute;veis pelas receitas que      enchem os olhos dos internautas s&atilde;o culinaristas experientes.      Luzinete da Veiga, 53 anos, por exemplo, tem 25 anos s&oacute; de cozinha.      Criou o site (<a href=\"http:\/\/www.luzinete.com.br\">www.luzinete.com.br<\/a>)      h&aacute; tr&ecirc;s anos e, j&aacute; no primeiro, recebeu o pr&ecirc;mio      do iBest por ter sido um dos mais visitados da categoria. Uma vez por      m&ecirc;s, Luzinete passa duas horas no bate-papo do site conversando      com os leitores.<i> &#8220;As pessoas perguntam, pedem dicas, e receitas&#8221;<\/i>,      conta. &#8220;<i>Mas sempre tem gente que pergunta da minha vida pessoal<\/i>&#8221;,      completa Luzinete. A &#8220;<i>mestre cuca<\/i>&#8221; tamb&eacute;m divulga      receitas na telinha da TV. Fez programa com Ana Maria Braga, na Record,      durante seis anos. E, continua sendo convidada para ensinar as receitas      de seus pratos no programa de Ana Maria, na Rede Globo. Ela &eacute;      especialista em doces, mas trabalhou muito com salgados na televis&atilde;o.      &#8220;<i>Ana Maria acabou fazendo meu marketing de salgadeira<\/i>&#8221;,      comenta. Os visitantes do seu site v&atilde;o encontrar uma m&eacute;dia      de 20 receitas quentinhas toda semana. &#8220;<i>A parte mais procurada      &eacute; o link Fa&ccedil;a e Venda<\/i>&#8221;, ressalta Luzinete. <br \/>     Uma grande equipe trabalha dia a dia para manter este novo conceito      de site de Culin&aacute;ria. Ali&aacute;s, n&atilde;o &eacute; s&oacute;      um site de Culin&aacute;ria, &eacute; tamb&eacute;m uma Revista Eletr&ocirc;nica      com notas diversas. &Eacute; tamb&eacute;m um util&iacute;ssimo Manual      de Cozinha. Tem uma valiosa cole&ccedil;&atilde;o de receitas de <i>Fa&ccedil;a      e Venda<\/i> e &eacute; um Shopping de produtos direcionados. N&atilde;o      podemos esquecer da importante cole&ccedil;&atilde;o de receitas de      pratos doces, salgados, bebidas, panifica&ccedil;&atilde;o e muito mais<\/p>\n<p>&#8211; Helena Rizzo, <i>chef<\/i> de Cozinha e Banqueteira, escreve uma vez      por semana para o Bol na Mesa. Retrospectiva. Confira as melhores colunas      de Helena Rizzo em 2002 e aproveite para refazer seus pratos preferidos.      O endere&ccedil;o &eacute;: <a href=\"http:\/\/www.uol.com.br\/cybercook\">www.uol.com.br\/cybercook<\/a>.<\/p>\n<p>&#8211; Se voc&ecirc; n&atilde;o sabe o que vai preparar na Semana Santa,      uma boa dica &eacute; a p&aacute;gina <a href=\"http:\/\/www.cozinhajaponesa.com.br\/#\">http:\/\/www.cozinhajaponesa.com.br\/#<\/a>.      Pratos deliciosos para aquele almo&ccedil;o com a fam&iacute;lia ou      algu&eacute;m muito especial. N&atilde;o perca as dicas de molhinhos      r&aacute;pidos. Bom apetite!<\/p>\n<p>&#8211; Arroz, assado, conserva, cozido, doce, fritura, grelhado, lanche,      massa, molho, sushi e sashimi s&atilde;o algumas das op&ccedil;&otilde;es      para encontrar maravilhosos pratos em <a href=\"http:\/\/www.vegetarianas.kit.net\">www.vegetarianas.kit.net<\/a>.      E voc&ecirc; ainda pode dar a nota para a receita. Conhe&ccedil;a os      restaurantes japoneses em todas as regi&otilde;es do pa&iacute;s e cursos      da cozinha japonesa que acontecem no Rio de Janeiro e em S&atilde;o      Paulo. Tem dica de como fazer uma horta.<\/p>\n<p>    <\/span> <\/td>\n<\/tr>\n<tr>\n<td align=\"LEFT\" valign=\"TOP\"><\/td>\n<td align=\"LEFT\" valign=\"TOP\"><a name=\"ainformativo3\"><span class=\"titulo\">PLANT&Atilde;O     INFO<\/span><\/a> <span class=\"texto\">     <\/p>\n<p>O <b>Plant&atilde;o Info<\/b> divulgou, nas &uacute;ltimas semanas,      as seguintes not&iacute;cias:<\/p>\n<p><b>C&acirc;mara aprova penalidades para pirataria<\/b> (24 de mar&ccedil;o\/2003)      &#8211; No final da tarde de quinta-feira, dia 20, a C&acirc;mara dos Deputados      aprovou o Projeto de Lei 2681\/96, que combate a pirataria de direitos      autorais &#8211; a pena pode ser de dois a quatro anos de pris&atilde;o, mais      multa. <br \/>     Segundo a Ag&ecirc;ncia C&acirc;mara, a proposta ainda deve passar pelo      Senado, mas inclui a reprodu&ccedil;&atilde;o ilegal de m&uacute;sicas,      v&iacute;deos, livros, obras de arte, e programas de computador e ainda      qualquer viola&ccedil;&atilde;o de direitos autorais praticada via internet      &#8211; a c&oacute;pia para uso individual, sem finalidade comercial (como      baixar uma m&uacute;sica para o PC ou grav&aacute;-la no MP3 player      ou em um CD para consumo pr&oacute;prio), n&atilde;o &eacute; considerada      pela lei como pirataria. <br \/>     Est&atilde;o abrangidos pelo projeto de lei n&atilde;o s&oacute; quem      faz c&oacute;pias n&atilde;o-autorizadas de material protegido, mas      tamb&eacute;m quem distribui ou oferece ao p&uacute;blico reprodu&ccedil;&otilde;es      piratas das obras art&iacute;sticas. <br \/>     Al&eacute;m das penalidades j&aacute; citadas, o juiz envolvido no caso      poder&aacute; determinar a destrui&ccedil;&atilde;o do material apreendido      e a desapropria&ccedil;&atilde;o dos equipamentos usados para a sua      produ&ccedil;&atilde;o. Estes equipamentos, diz a Ag&ecirc;ncia C&acirc;mara,      passar&atilde;o &agrave; responsabilidade da Fazenda Nacional, que poder&aacute;      distru&iacute;-los ou do&aacute;-los aos estados, munic&iacute;pios,      institui&ccedil;&otilde;es oficiais de ensino ou pesquisa ou de assist&ecirc;ncia      social.<\/p>\n<p><b>Hackers tiram site da Al-Jazeera do ar<\/b> (26 de mar&ccedil;o\/2003)      &#8211; Com apenas dois dias de vida, o site em ingl&ecirc;s da tev&ecirc;      Al-Jazeera j&aacute; foi atacado por hackers. Tanto ele quanto a vers&atilde;o      original, em &aacute;rabe, do site, est&atilde;o fora do ar desde ontem      &agrave; noite. <br \/>     Ainda n&atilde;o h&aacute; confirma&ccedil;&atilde;o sobre os ataques,      mas a emissora declarou ao Guardian Unlimited que suspeita que ataques      do tipo DDoS for&ccedil;aram os sites a sair do ar. No final de semana,      informou, mesmo com Al-Jazeera sendo a palavra mais procurada em v&aacute;rios      servi&ccedil;os de busca na web, a p&aacute;gina em &aacute;rabe n&atilde;o      apresentou nenhum problema de conex&atilde;o. &#8220;Estamos fazendo      o poss&iacute;vel (para colocar as p&aacute;ginas no ar de novo), mas      isto deve levar algum tempo&#8221;, disse ao Guardian o gerente de comunica&ccedil;&otilde;es      da tev&ecirc;, Jihad Ali Ballout. <br \/>     Ballout declarou ainda que n&atilde;o sabe a origem dos ataques; &eacute;      claro que as suspeitas recaem sobre os Estados Unidos, mas o executivo      disse que ainda &#8220;n&atilde;o houve tempo para verifica&ccedil;&otilde;es&#8221;.      &#8220;O que nos preocupa &eacute; que este ataque parece indicar que      em alguns lugares existe medo da liberdade de express&atilde;o e da      liberdade de imprensa&#8221;. <br \/>     O site em ingl&ecirc;s (http:\/\/english. aljazeera.net) traz muitas imagens      fortes, mas nada se compara aos v&iacute;deos mostrados pela vers&atilde;o      em &aacute;rabe (www.aljazeera. net): no domingo, por exemplo, entraram      no ar cenas dos soldados e mulheres capturados pelos iraquianos. O n&uacute;mero      de acessos, diz o Guardian, foi bastante elevado, mas mesmo assim o      site se manteve no ar.<\/p>\n<p><b>Receita j&aacute; recebeu 3,18 mi de declara&ccedil;&otilde;es<\/b>      (01 de abril\/2003) &#8211; At&eacute; hoje, dia 1&ordm;, a Receita Federal      j&aacute; recebeu 3,180 milh&otilde;es de declara&ccedil;&otilde;es      do Imposto de Renda Pessoa F&iacute;sica 2003, ano-base 2002. Pela internet,      chegaram tr&ecirc;s milh&otilde;es de documentos. <br \/>     Os outros 180 mil contribuintes tamb&eacute;m usaram a internet para      fazer a declara&ccedil;&atilde;o, mas na vers&atilde;o Simplificada      Online, que est&aacute; liberada para quem tem patrim&ocirc;nio inferior      a 20 mil reais. A Receita ainda n&atilde;o computou o total de documentos      entregues em disquete no Banco do Brasil, na Caixa Econ&ocirc;mica Federal      ou nos Correios. <br \/>     Segundo a Receita, o volume de declara&ccedil;&otilde;es recebidas at&eacute;      hoje j&aacute; &eacute; 35% superior ao n&uacute;mero de documentos      entregues no mesmo per&iacute;odo no ano de 2002.<\/p>\n<p>    <\/span> <\/td>\n<\/tr>\n<tr>\n<td align=\"LEFT\" valign=\"TOP\"><\/td>\n<td align=\"LEFT\" valign=\"TOP\"><a name=\"ainformativo4\"><span class=\"titulo\">MEM&Oacute;RIA     FOTOGR&Aacute;FICA DO CECOM<\/span><\/a> <span class=\"texto\">     <\/p>\n<p>O dia 26 de mar&ccedil;o, data do anivers&aacute;rio da Lel&eacute;,      foi um dia muito alegre no CECOM. As visitas come&ccedil;aram cedo,      com a presen&ccedil;a da V&acirc;nia e seu filho Pituca, que levaram      um bolo de chocolate para a tia, e da Nan&aacute;, irm&atilde; da aniversariante.      Foram muitos abra&ccedil;os, muita cantoria do Parab&eacute;ns pr&aacute;      voc&ecirc;, um almo&ccedil;o da turma com feijoada da Rosa, arroz da      Beth, Michele e Tim&eacute;, salada da Alda, couve da Tim&eacute;, laranja      da M&aacute;rcia, e refrigerantes trazidos pelo Le&atilde;o e Rubens.      &Agrave; tarde, na hora do lanche, mais <i>Parab&eacute;ns pr&aacute;      voc&ecirc;<\/i>, com o bolo de chocolate e a torta salgada da Tat&aacute;,      com a presen&ccedil;a dos ceconianos.<\/p>\n<p>Hoje, O Sistem&aacute;tico publica as fotos das visitas e do almo&ccedil;o,      que s&atilde;o de autoria da Rosa, Lel&eacute; e Le&atilde;o. Na pr&oacute;xima      semana, ser&atilde;o publicadas as fotos do lanche da tarde.<\/p>\n<p>&Eacute; ou n&atilde;o &eacute; o dia mais alegre do ano?<\/p>\n<p align=\"center\"><img loading=\"lazy\" decoding=\"async\" src=\"https:\/\/www.ufmg.br\/dti\/wp-content\/uploads\/fotos\/AnivLele24-2003.jpg\" width=\"352\" height=\"288\"><\/p>\n<p align=\"center\"><font face=\"1\"><i>A primeira surpresa do dia com os      sobrinhos V&acirc;nia e Pituca<\/i><\/font><\/p>\n<p align=\"center\"><img loading=\"lazy\" decoding=\"async\" src=\"https:\/\/www.ufmg.br\/dti\/wp-content\/uploads\/fotos\/AnivLele1-2003.jpg\" width=\"288\" height=\"352\"><\/p>\n<p align=\"center\"><font face=\"1\"><i>V&acirc;nia, Lel&eacute; e Pituca<\/i><\/font><\/p>\n<p align=\"center\"><img loading=\"lazy\" decoding=\"async\" src=\"https:\/\/www.ufmg.br\/dti\/wp-content\/uploads\/fotos\/AnivLele2-2003.jpg\" width=\"255\" height=\"209\"><\/p>\n<p align=\"center\"><font face=\"1\"><i>Tim&eacute; (de costas), Alda, Beth      e Jo&atilde;o Paulo<\/i><\/font><\/p>\n<p align=\"center\"><img loading=\"lazy\" decoding=\"async\" src=\"https:\/\/www.ufmg.br\/dti\/wp-content\/uploads\/fotos\/AnivLele3-2003.jpg\" width=\"255\" height=\"209\"><\/p>\n<p align=\"center\"><font face=\"1\"><i>Maria Helena Rodrigues, Beth, Jo&atilde;o      Paulo, Ronaldo e Rubens<\/i><\/font><\/p>\n<p align=\"center\"><img loading=\"lazy\" decoding=\"async\" src=\"https:\/\/www.ufmg.br\/dti\/wp-content\/uploads\/fotos\/AnivLele4-2003.jpg\" width=\"255\" height=\"209\"><\/p>\n<p align=\"center\"><font face=\"1\"><i>M&aacute;rcia, Tim&eacute;, Alda e      Michele<\/i><\/font><\/p>\n<p align=\"center\"><img loading=\"lazy\" decoding=\"async\" src=\"https:\/\/www.ufmg.br\/dti\/wp-content\/uploads\/fotos\/AnivLele5-2003.jpg\" width=\"255\" height=\"209\"><\/p>\n<p align=\"center\"><font face=\"1\"><i>Le&atilde;o, Beth e Rosa, Alda e M&aacute;rcia      de costas<\/i><\/font><\/p>\n<p align=\"center\"><img loading=\"lazy\" decoding=\"async\" src=\"https:\/\/www.ufmg.br\/dti\/wp-content\/uploads\/fotos\/AnivLele6-2003.jpg\" width=\"255\" height=\"209\"><\/p>\n<p align=\"center\"><font face=\"1\"><i>H&eacute;lio, Jo&atilde;o Paulo e      Rubens<\/i><\/font><\/p>\n<p align=\"center\"><img loading=\"lazy\" decoding=\"async\" src=\"https:\/\/www.ufmg.br\/dti\/wp-content\/uploads\/fotos\/AnivLele8-2003.jpg\" width=\"255\" height=\"209\"><\/p>\n<p align=\"center\"> <i><font face=\"1\">Rosa, Lel&eacute; e Alda<\/font><\/i><\/p>\n<p align=\"center\"><img loading=\"lazy\" decoding=\"async\" src=\"https:\/\/www.ufmg.br\/dti\/wp-content\/uploads\/fotos\/AnivLele9-2003.jpg\" width=\"255\" height=\"209\"><\/p>\n<p align=\"center\"><font face=\"1\"><i>Maria Helena Rodrigues, H&eacute;lio      e Jo&atilde;o Paulo<\/i><\/font><\/p>\n<p align=\"center\"><img loading=\"lazy\" decoding=\"async\" src=\"https:\/\/www.ufmg.br\/dti\/wp-content\/uploads\/fotos\/AnivLele12-2003.jpg\" width=\"288\" height=\"352\"><\/p>\n<p align=\"center\"><font face=\"1\"><i>Beth fazendo suco<\/i><\/font><\/p>\n<p align=\"center\"><img loading=\"lazy\" decoding=\"async\" src=\"https:\/\/www.ufmg.br\/dti\/wp-content\/uploads\/fotos\/AnivLele10-2003.jpg\" width=\"288\" height=\"352\"><\/p>\n<p align=\"center\"><font face=\"1\"><i>Quem lavou os pratos? Foi o Le&atilde;o!<\/i><\/font><\/p>\n<p align=\"center\"><img loading=\"lazy\" decoding=\"async\" src=\"https:\/\/www.ufmg.br\/dti\/wp-content\/uploads\/fotos\/AnivLele11-2003.jpg\" width=\"352\" height=\"288\"><\/p>\n<p align=\"center\"><font face=\"1\"><i>Adriana foi a &uacute;ltima a almo&ccedil;ar<\/i><\/font><\/p>\n<p align=\"center\"><img loading=\"lazy\" decoding=\"async\" src=\"https:\/\/www.ufmg.br\/dti\/wp-content\/uploads\/fotos\/AnivLele25-2003.jpg\" width=\"352\" height=\"288\"><\/p>\n<p align=\"center\"><i><font face=\"1\">O descanso ap&oacute;s a feijoada:      Tim&eacute; e Michele.<\/font><\/i><\/p>\n<p>    <\/span> <\/td>\n<\/tr>\n<p>  <!-- #EndEditable -->  <\/table>\n<p> <!-- fim noticias --> <!-- tabela ha 20 anos --> <\/p>\n<table border=\"0\" cellspacing=\"0\" cellpadding=\"0\" class=\"cinza\">\n<tr>\n<td><img loading=\"lazy\" decoding=\"async\" src=\"https:\/\/www.ufmg.br\/dti\/wp-content\/uploads\/imgs\/tudo_pixel.gif\" width=\"1\" height=\"1\" alt=\"\" border=\"0\"><\/td>\n<td><img loading=\"lazy\" decoding=\"async\" src=\"https:\/\/www.ufmg.br\/dti\/wp-content\/uploads\/imgs\/tudo_pixel.gif\" width=\"19\" height=\"1\" alt=\"\" border=\"0\"><\/td>\n<td><img loading=\"lazy\" decoding=\"async\" src=\"https:\/\/www.ufmg.br\/dti\/wp-content\/uploads\/imgs\/tudo_pixel.gif\" width=\"510\" height=\"1\" alt=\"\" border=\"0\"><\/td>\n<td><img loading=\"lazy\" decoding=\"async\" src=\"https:\/\/www.ufmg.br\/dti\/wp-content\/uploads\/imgs\/tudo_pixel.gif\" width=\"19\" height=\"1\" alt=\"\" border=\"0\"><\/td>\n<td><img loading=\"lazy\" decoding=\"async\" src=\"https:\/\/www.ufmg.br\/dti\/wp-content\/uploads\/imgs\/tudo_pixel.gif\" width=\"1\" height=\"1\" alt=\"\" border=\"0\"><\/td>\n<\/tr>\n<tr>\n<td class=\"vermelho\" colspan=\"5\"><img loading=\"lazy\" decoding=\"async\" src=\"https:\/\/www.ufmg.br\/dti\/wp-content\/uploads\/imgs\/tudo_pixel.gif\" width=\"1\" height=\"1\" alt=\"\" border=\"0\"><\/td>\n<\/tr>\n<tr>\n<td class=\"vermelho\"><img loading=\"lazy\" decoding=\"async\" src=\"https:\/\/www.ufmg.br\/dti\/wp-content\/uploads\/imgs\/tudo_pixel.gif\" width=\"1\" height=\"1\" alt=\"\" border=\"0\"><\/td>\n<td><img loading=\"lazy\" decoding=\"async\" src=\"https:\/\/www.ufmg.br\/dti\/wp-content\/uploads\/imgs\/tudo_pixel.gif\" width=\"1\" height=\"1\" alt=\"\" border=\"0\"><\/td>\n<td align=\"LEFT\" valign=\"TOP\"><!-- #BeginEditable \"ha 20 anos\" --><a name=\"ainformativo5\"><img loading=\"lazy\" decoding=\"async\" src=\"https:\/\/www.ufmg.br\/dti\/wp-content\/uploads\/imgs\/tudo_pixel.gif\" width=\"1\" height=\"8\" alt=\"\" border=\"0\"><br \/>    <span class=\"titulo\">H\u00e1 20 anos&#8230;<\/span><\/a> <span class=\"texto\">     <\/p>\n<p>O Sistem&aacute;tico Ano VII, no. 13, de 04\/04\/1983, publicou not&iacute;cia      sobre o treinamento para utiliza&ccedil;&atilde;o do equipamento Cobra,      com aulas pr&aacute;ticas e te&oacute;ricas, e os nomes dos participantes      dos m&oacute;dulos, 1a. Olimp&iacute;ada do CECOM e o cupom de preenchimento      por parte dos funcion&aacute;rios nas diversas modalidades oferecidas,      entrevista na se&ccedil;&atilde;o &#8220;<i>Um Pouco de N&oacute;s<\/i>&#8221;,      com Luiz Diniz Ferreira e uma charge sobre a <i>Sala Verde<\/i>, cujos      ocupantes (Laura, Regininha e Gilmar) trabalhavam entre v&aacute;rias      samambaias e outras plantas.<\/p>\n<\/p>\n<p>    <\/span><!-- #EndEditable --><br \/> <img loading=\"lazy\" decoding=\"async\" src=\"https:\/\/www.ufmg.br\/dti\/wp-content\/uploads\/imgs\/tudo_pixel.gif\" width=\"1\" height=\"8\" alt=\"\" border=\"0\"><\/td>\n<td><img loading=\"lazy\" decoding=\"async\" src=\"https:\/\/www.ufmg.br\/dti\/wp-content\/uploads\/imgs\/tudo_pixel.gif\" width=\"1\" height=\"1\" alt=\"\" border=\"0\"><\/td>\n<td class=\"vermelho\"><img loading=\"lazy\" decoding=\"async\" src=\"https:\/\/www.ufmg.br\/dti\/wp-content\/uploads\/imgs\/tudo_pixel.gif\" width=\"1\" height=\"1\" alt=\"\" border=\"0\"><\/td>\n<\/tr>\n<tr>\n<td class=\"vermelho\" colspan=\"5\"><img loading=\"lazy\" decoding=\"async\" src=\"https:\/\/www.ufmg.br\/dti\/wp-content\/uploads\/imgs\/tudo_pixel.gif\" width=\"1\" height=\"1\" alt=\"\" border=\"0\"><\/td>\n<\/tr>\n<\/table>\n<p> <!-- fim tabela ha 20 anos --><\/div>\n<p><a name='eventos'><\/a><\/p>\n<h4>Eventos<\/h4>\n<div class=\"centro-sistematico\">  <!-- noticias --> <\/p>\n<table border=\"0\" cellspacing=\"0\" cellpadding=\"0\">\n<tr>\n<td><\/td>\n<td><\/td>\n<\/tr>\n<p>  <!-- #BeginEditable \"materias\" -->   <\/p>\n<tr>\n<td align=\"LEFT\" valign=\"TOP\"><\/td>\n<td align=\"LEFT\" valign=\"TOP\"> <a name=\"aeventos1\"><span class=\"titulo\">SOCIAIS<\/span><\/a>     <span class=\"texto\">     <\/p>\n<p><b>ANIVERS&Aacute;RIOS:<\/b> <i>&#8220;O Sistem&aacute;tico&#8221; envia      os parab&eacute;ns para Elizabeth Gomes Oliveira Clementino, hoje, dia      03; Eug&ecirc;nio Pacelli Pereira de Souza, no dia 05; Denise Cristina      de Assis Moreira, no dia 08; e Nilson Jos&eacute; Marinho Vale, no dia      10. Envia, tamb&eacute;m, os parab&eacute;ns para os ex-ceconianos:      prof. Wilson de P&aacute;dua Paula Filho (DCC) e Werner Streitwieser,      no dia 05; Eduardo Jaime Quir&oacute;s Batres (UFV), no dia 07; e Nair      Vieira Sales, no dia 10.<\/i>    <\/p>\n<p><b>FORMATURA:<\/b> <i>A cola&ccedil;&atilde;o de grau dos formandos      em Engenharia El&eacute;trica da UFMG ser&aacute; realizada no dia 05      de abril, &agrave;s 10:00, no Col&eacute;gio Militar de Belo Horizonte.      Entre os formandos est&aacute; Daniel Borges de Figueiredo Santos, ex-estagi&aacute;rio      do CECOM, que citou os seus amigos do CECOM na dedicat&oacute;ria do      convite. O Sistem&aacute;tico, em nome de todos, agradece a lembran&ccedil;a      e envia os parab&eacute;ns para o Daniel.<\/i><\/p>\n<p align=\"center\"><img loading=\"lazy\" decoding=\"async\" src=\"https:\/\/www.ufmg.br\/dti\/wp-content\/uploads\/fotos\/DanielBFformatura.jpg\" width=\"216\" height=\"340\"><\/p>\n<p>    <\/span> <\/td>\n<\/tr>\n<p>  <!-- #EndEditable -->  <\/table>\n<p> <!-- fim noticias --><\/div>\n","protected":false},"excerpt":{"rendered":"<p>Not\u00edcias QUEDAS DE ENERGIA REFOR&Ccedil;AM IMPORT&Acirc;NCIA DO PLANT&Atilde;O SEMIN&Aacute;RIO NACIONAL DE EDUCA&Ccedil;&Atilde;O A DIST&Acirc;NCIA VAI SER NA UFMG DAC PARTICIPA DE CURSO DE QUICKPLACE CECOM CONDUZ VERIFICA&Ccedil;&Atilde;O DE C&Oacute;DIGOS DE USU&Aacute;RIOS SA&Iacute;DA DO CECOM CECOM CONTRATA NOVO ESTAGI&Aacute;RIO Informativo ESTAT&Iacute;STICAS DE SISTEMA ANTI-SPAM DE MAR&Ccedil;O DICAS DE SITES INTERESSANTES PLANT&Atilde;O INFO MEM&Oacute;RIA FOTOGR&Aacute;FICA DO CECOM &#8230; <a title=\"Sistem\u00e1tico: Edi\u00e7\u00e3o 1151 &#8211; 03\/04\/2003\" class=\"read-more\" href=\"https:\/\/www.ufmg.br\/dti\/2003\/04\/03\/sistematico-edicao-1151-03042003\/\" aria-label=\"Read more about Sistem\u00e1tico: Edi\u00e7\u00e3o 1151 &#8211; 03\/04\/2003\">Ler mais<\/a><\/p>\n","protected":false},"author":3,"featured_media":0,"comment_status":"open","ping_status":"open","sticky":false,"template":"","format":"standard","meta":{"inline_featured_image":false,"footnotes":""},"categories":[13],"tags":[],"coauthors":[79],"class_list":["post-3208","post","type-post","status-publish","format-standard","hentry","category-sistematico"],"_links":{"self":[{"href":"https:\/\/www.ufmg.br\/dti\/wp-json\/wp\/v2\/posts\/3208","targetHints":{"allow":["GET"]}}],"collection":[{"href":"https:\/\/www.ufmg.br\/dti\/wp-json\/wp\/v2\/posts"}],"about":[{"href":"https:\/\/www.ufmg.br\/dti\/wp-json\/wp\/v2\/types\/post"}],"author":[{"embeddable":true,"href":"https:\/\/www.ufmg.br\/dti\/wp-json\/wp\/v2\/users\/3"}],"replies":[{"embeddable":true,"href":"https:\/\/www.ufmg.br\/dti\/wp-json\/wp\/v2\/comments?post=3208"}],"version-history":[{"count":0,"href":"https:\/\/www.ufmg.br\/dti\/wp-json\/wp\/v2\/posts\/3208\/revisions"}],"wp:attachment":[{"href":"https:\/\/www.ufmg.br\/dti\/wp-json\/wp\/v2\/media?parent=3208"}],"wp:term":[{"taxonomy":"category","embeddable":true,"href":"https:\/\/www.ufmg.br\/dti\/wp-json\/wp\/v2\/categories?post=3208"},{"taxonomy":"post_tag","embeddable":true,"href":"https:\/\/www.ufmg.br\/dti\/wp-json\/wp\/v2\/tags?post=3208"},{"taxonomy":"author","embeddable":true,"href":"https:\/\/www.ufmg.br\/dti\/wp-json\/wp\/v2\/coauthors?post=3208"}],"curies":[{"name":"wp","href":"https:\/\/api.w.org\/{rel}","templated":true}]}}