{"id":3209,"date":"2003-03-27T08:00:00","date_gmt":"2003-03-27T08:00:00","guid":{"rendered":"https:\/\/www.ufmg.br\/dti\/cecom\/?p=1477"},"modified":"2003-03-27T08:00:00","modified_gmt":"2003-03-27T08:00:00","slug":"sistematico-edicao-1150-27032003","status":"publish","type":"post","link":"https:\/\/www.ufmg.br\/dti\/2003\/03\/27\/sistematico-edicao-1150-27032003\/","title":{"rendered":"Sistem\u00e1tico: Edi\u00e7\u00e3o 1150 &#8211; 27\/03\/2003"},"content":{"rendered":"<ul>\n<li><a href=\"\/dti\/#noticias\">Not\u00edcias<\/a>\n<div class='submenuSistematico'>\n<ul>\n<li><a href=\"\/dti\/#anoticias1\"><span class=\"titulo\">ATI IMPLANTA     SERVI&Ccedil;OS DE VIDEO-CONFER&Ecirc;NCIA<\/span><\/a><\/li>\n<li><a href=\"\/dti\/#anoticias2\"><span class=\"titulo\">DEFINIDO     CRONOGRAMA DO NOVO SISTEMA DA P&Oacute;S-GRADUA&Ccedil;&Atilde;O<\/span><\/a><\/li>\n<li><a href=\"\/dti\/#anoticias3\"><span class=\"titulo\">LCC APRESENTA     FERRAMENTA DE WORKFLOW DO NOTES<\/span><\/a><\/li>\n<li><a href=\"\/dti\/#anoticias4\"><span class=\"titulo\">ICB SUBSTITUI     SERVIDOR PRINCIPAL<\/span><\/a><\/li>\n<\/ul>\n<\/div>\n<\/li>\n<li><a href=\"\/dti\/#informativo\">Informativo<\/a>\n<div class='submenuSistematico'>\n<ul>\n<li><a href=\"\/dti\/#ainformativo1\"><span class=\"titulo\">PROGRAMA     DE ENSINO B&Aacute;SICO DA UFMG PARA 2003<\/span><br \/>    <\/a><\/li>\n<li><a href=\"\/dti\/#ainformativo2\"><span class=\"titulo\">DICAS DE     SITES INTERESSANTES<\/span><\/a><\/li>\n<li><a href=\"\/dti\/#ainformativo3\"><span class=\"titulo\">PLANT&Atilde;O     INFO<\/span><\/a><\/li>\n<li><a href=\"\/dti\/#ainformativo4\"><span class=\"titulo\">MICROSOFT     N&Atilde;O VAI PARTICIPAR DE GRUPO DE PADRONIZA&Ccedil;&Atilde;O DE SERVI&Ccedil;OS     WEB<\/span><\/a><\/li>\n<li><a href=\"\/dti\/#ainformativo5\"><span class=\"titulo\">MEM&Oacute;RIA     FOTOGR&Aacute;FICA DO CECOM<\/span><\/a><\/li>\n<li><a href=\"\/dti\/#ainformativo6\"><img loading=\"lazy\" decoding=\"async\" src=\"https:\/\/www.ufmg.br\/dti\/wp-content\/uploads\/imgs\/tudo_pixel.gif\" width=\"1\" height=\"8\" alt=\"\" border=\"0\"><br \/>    <span class=\"titulo\">H\u00e1 20 anos&#8230;<\/span><\/a><\/li>\n<\/ul>\n<\/div>\n<\/li>\n<li><a href=\"\/dti\/#eventos\">Eventos<\/a>\n<div class='submenuSistematico'>\n<ul>\n<li><a href=\"\/dti\/#aeventos1\"><span class=\"titulo\">SOCIAIS<\/span><\/a><\/li>\n<\/ul>\n<\/div>\n<\/li>\n<\/ul>\n<p> <a name='noticias'><\/a><\/p>\n<h4>Not\u00edcias<\/h4>\n<div class=\"centro-sistematico\">  <!-- noticias --> <\/p>\n<table border=\"0\" cellspacing=\"0\" cellpadding=\"0\">\n<tr>\n<td><\/td>\n<td><\/td>\n<\/tr>\n<p>  <!-- #BeginEditable \"materias\" -->   <\/p>\n<tr>\n<td align=\"LEFT\" valign=\"TOP\"><\/td>\n<td align=\"LEFT\" valign=\"TOP\"> <a name=\"anoticias1\"><span class=\"titulo\">ATI IMPLANTA     SERVI&Ccedil;OS DE VIDEO-CONFER&Ecirc;NCIA<\/span><\/a> <span class=\"texto\">     <\/p>\n<p>A video-confer&ecirc;ncia consiste em uma reuni&atilde;o entre dois      ou mais grupos de pessoas, reunidos em locais distintos, que se visualizam      atrav&eacute;s de c&acirc;meras e monitores de v&iacute;deo. Na UFMG,      a ATI disponibiliza pessoal e equipamento para a realiza&ccedil;&atilde;o      de video-confer&ecirc;ncias para professores e funcion&aacute;rios.      &Eacute; um equipamento m&oacute;vel, podendo ser instalado em qualquer      lugar que possua a infra-estrutura m&iacute;nima necess&aacute;ria e      entre as vantagens que oferece est&aacute; a economia de viagens para      confer&ecirc;ncias.<\/p>\n<p>O equipamento da ATI permite a realiza&ccedil;&atilde;o de video-confer&ecirc;ncia      atrav&eacute;s de dois m&eacute;todos de conex&atilde;o: rede IP (internet)      ou linha discada ISDN (RDSI). No primeiro caso, &eacute; necess&aacute;ria      uma infraestrutura m&iacute;nima de rede, dispon&iacute;vel em praticamente      todos os pr&eacute;dios da UFMG. Entretanto, a qualidade do equipamento,      neste caso, fica sujeita ao tr&aacute;fego na rede entre os dois pontos.      Por este motivo, &eacute; aconselh&aacute;vel que este tipo de evento      seja realizado apenas no Campus Pampulha e que sejam efetuados testes      para aferir a qualidade da transmiss&atilde;o entre as redes envolvidas.<\/p>\n<p>O segundo m&eacute;todo de conex&atilde;o dispon&iacute;vel utiliza      linhas ISDN. Cada linha ISDN conta com dois canais de 64 Kbps e som      e imagem, praticamente perfeitos, s&atilde;o obtidos com a utiliza&ccedil;&atilde;o      de tr&ecirc;s linhas simultaneamente, num total de 384 Kbps. Os seis      canais dispon&iacute;veis s&atilde;o tarifados individualmente, o que      significa que cada video-confer&ecirc;ncia via ISDN a 384 Kbps custa      o equivalente a seis liga&ccedil;&otilde;es telef&ocirc;nicas simult&acirc;neas      (locais, interurbanas ou internacionais) entre os dois pontos.<\/p>\n<p>No Campus Pampulha, o ICEx conta com o Audit&oacute;rio 3 j&aacute;      preparado para a realiza&ccedil;&atilde;o de video-confer&ecirc;ncias      via ISDN. Na FAFICH existe uma infra-estrutura preparada na Central      Telef&ocirc;nica, que ainda n&atilde;o foi distribu&iacute;da para os      audit&oacute;rios. Teoricamente, &eacute; poss&iacute;vel a montagem      de infraestrutura em quase todos os pr&eacute;dios do Campus Pampulha,      mas em alguns casos isto envolve a passagem de novos cabos telef&ocirc;nicos,      o que pode tornar o processo financeiramente invi&aacute;vel. <\/p>\n<p>O CECOM est&aacute; realizando, esta semana, testes com o sistema,      j&aacute; que at&eacute; o momento n&atilde;o foi poss&iacute;vel realizar      video-confer&ecirc;ncias ISDN com a UFMG recebendo as liga&ccedil;&otilde;es.      T&eacute;cnicos da Telemar, Telealpha e da DRC est&atilde;o envolvidos      no processo.<\/p>\n<p>Os interessados em utilizar este servi&ccedil;o ter&atilde;o &agrave;      disposi&ccedil;&atilde;o uma estrutura montada pela ATI, com a equipe      do LCC, respons&aacute;vel pelo fornecimento, instala&ccedil;&atilde;o      e testes do equipamento; do CECOM, com a instala&ccedil;&atilde;o da      parte de telefonia; e da CAC, na opera&ccedil;&atilde;o do equipamento.      Para utilizar o servi&ccedil;o, o contato deve ser feito com a ATI,      atrav&eacute;s do telefone 3499-4433, com Rosa Am&eacute;lia dos Santos,      ou e-mail rosa@ufmg.br.<\/p>\n<p>    <\/span> <\/td>\n<\/tr>\n<tr>\n<td align=\"LEFT\" valign=\"TOP\"><\/td>\n<td align=\"LEFT\" valign=\"TOP\"> <a name=\"anoticias2\"><span class=\"titulo\">DEFINIDO     CRONOGRAMA DO NOVO SISTEMA DA P&Oacute;S-GRADUA&Ccedil;&Atilde;O<\/span><\/a>     <span class=\"texto\">     <\/p>\n<p>Em reuni&atilde;o realizada nesta &uacute;ltima segunda-feira, dia      24\/03, entre o CECOM e a Comiss&atilde;o de Usu&aacute;rios do Novo      Sistema de Controle Acad&ecirc;mico da P&oacute;s-Gradua&ccedil;&atilde;o,      foi definido o cronograma para implementa&ccedil;&atilde;o da fase de      Constru&ccedil;&atilde;o da Vers&atilde;o 1 do Sistema.<\/p>\n<p>A discuss&atilde;o dos Planos de Libera&ccedil;&atilde;o de Vers&otilde;es      e de Itera&ccedil;&otilde;es teve in&iacute;cio em reuni&atilde;o no      dia 17\/03 e, no dia 24 &uacute;ltimo, o prof. Jaime Arturo Ramirez &#8211;      pr&oacute;-reitor adjunto da P&oacute;s-Gradua&ccedil;&atilde;o e presidente      da Comiss&atilde;o &#8211; aprovou o planejamento apresentado pelo CECOM.<\/p>\n<p>    <\/span>     <\/td>\n<\/tr>\n<tr>\n<td align=\"LEFT\" valign=\"TOP\"><\/td>\n<td align=\"LEFT\" valign=\"TOP\"> <a name=\"anoticias3\"><span class=\"titulo\">LCC APRESENTA     FERRAMENTA DE WORKFLOW DO NOTES<\/span><\/a> <span class=\"texto\">     <\/p>\n<p>Na sexta-feira da semana passada, dia 21, em palestra realizada no      audit&oacute;rio 4 do ICEx, o desenvolvedor Welter Luigi Silva, da equipe      t&eacute;cnica do LCC, apresentou para seus colegas sua experi&ecirc;ncia      no desenvolvimento de uma solu&ccedil;&atilde;o informatizada para o      fluxo interno de documentos, no LCC, relacionados com solicita&ccedil;&otilde;es      de compras. <\/p>\n<p>O objetivo da palestra, mais que a descri&ccedil;&atilde;o deste fluxo,      foi apresentar as caracter&iacute;sticas e ferramentas dispon&iacute;veis      na plataforma de software do Domino Workflow. Ele pode ser utilizado      para se organizar e implementar a informatiza&ccedil;&atilde;o de processos      que envolvem fluxo de documentos, permitindo total integra&ccedil;&atilde;o,      com outras ferramentas do Notes, que est&atilde;o dispon&iacute;veis      para os usu&aacute;rios do Grude, principalmente o servi&ccedil;o de      correio, que j&aacute; &eacute; utilizado por mais de 7 mil pessoas      na universidade.<\/p>\n<p>Estiveram presentes &agrave; apresenta&ccedil;&atilde;o diversas pessoas      da equipe t&eacute;cnica do LCC, dentre elas o diretor, Osvaldo S&eacute;rgio      Farhat de Carvalho e o coordenador executivo Jeroen Maria Antonius van      de Graaf. Pelo CECOM, compareceram M&aacute;rcia Regina Lemos, para      conhecer a organiza&ccedil;&atilde;o do fluxo de compras, e Carlos Alfeu      Furtado da Fonseca, Adyr Rodrigues Nascimento e Ant&ocirc;nio Eust&aacute;quio      Rodrigues. Estes tr&ecirc;s &uacute;ltimos foram com o interesse de      levantar aspectos t&eacute;cnicos da solu&ccedil;&atilde;o, j&aacute;      que a DAC estar&aacute; conduzindo nos pr&oacute;ximos meses um projeto      que visa migrar para a plataforma Notes o atual sistema de processos      da universidade, o AAP, ainda residente no mainframe. Al&eacute;m disso,      &eacute; poss&iacute;vel que a nova solu&ccedil;&atilde;o possa tamb&eacute;m      permitir uma evolu&ccedil;&atilde;o para os atuais usu&aacute;rios do      sistema SICCOR (Tramita&ccedil;&atilde;o de Documentos) e similares.      As perspectivas de ado&ccedil;&atilde;o do Domino Workflow para o tratamento      destas demandas s&atilde;o muito promissoras.<\/p>\n<p>    <\/span>     <\/td>\n<\/tr>\n<tr>\n<td align=\"LEFT\" valign=\"TOP\"><\/td>\n<td align=\"LEFT\" valign=\"TOP\"> <a name=\"anoticias4\"><span class=\"titulo\">ICB SUBSTITUI     SERVIDOR PRINCIPAL<\/span><\/a> <span class=\"texto\">     <\/p>\n<p>Nesta quinta-feira, dia 27, o Instituto de Ci&ecirc;ncias Biol&oacute;gicas      efetuou a substitui&ccedil;&atilde;o do equipamento que executa os servi&ccedil;os      de e-mail e www. <\/p>\n<p>O novo equipamento, fabricado pela Dell, conta com um dispositivo que      visa resguardar a integridade f&iacute;sica dos dados, atrav&eacute;s      de sua duplica&ccedil;&atilde;o em um sistema RAID-1. A migra&ccedil;&atilde;o      dos servi&ccedil;os foi realizada com o apoio da Divis&atilde;o de Redes      de Comunica&ccedil;&atilde;o do CECOM. O equipamento anterior, uma m&aacute;quina      SUN Ultra 10, estava constantemente apresentando problemas de espa&ccedil;o      em disco e de atualiza&ccedil;&atilde;o do sistema operacional.<\/p>\n<p>    <\/p>\n<p>    <\/span><\/td>\n<\/tr>\n<p>  <!-- #EndEditable -->  <\/table>\n<p> <!-- fim noticias --><\/div>\n<p><a name='informativo'><\/a><\/p>\n<h4>Informativo<\/h4>\n<div class=\"centro-sistematico\">  <!-- noticias --> <\/p>\n<table border=\"0\" cellspacing=\"0\" cellpadding=\"0\">\n<tr>\n<td><\/td>\n<td><\/td>\n<\/tr>\n<p>  <!-- #BeginEditable \"materias\" -->   <\/p>\n<tr>\n<td align=\"LEFT\" valign=\"TOP\"><\/td>\n<td align=\"LEFT\" valign=\"TOP\"><a name=\"ainformativo1\"><span class=\"titulo\">PROGRAMA     DE ENSINO B&Aacute;SICO DA UFMG PARA 2003<\/span><br \/>    <\/a> <span class=\"texto\">A Pr&oacute;-Reitoria de Recursos Humanos est&aacute;     organizando a oferta do curso de escolariza&ccedil;&atilde;o formal para     os servidores da UFMG neste ano, oferecendo o Ensino Fundamental &#8211; 2&ordm;     Segmento &#8211; (5&ordf; a 8&ordf; s&eacute;ries) no Projeto de Ensino Fundamental     de Jovens e Adultos da UFMG (PROEF-2). O curso oferecer&aacute; turmas     no hor&aacute;rio de 17:50 &agrave;s 21:00 e outras de 18:50 &agrave;s     22:00.     <\/p>\n<p>Os servidores dever&atilde;o preencher a ficha de inscri&ccedil;&atilde;o,      que dever&aacute; ser encaminhada pelo diretor da unidade\/&oacute;rg&atilde;o      e\/ou entregue na Se&ccedil;&atilde;o de Ensino da Faculdade de Educa&ccedil;&atilde;o,      de segunda a sexta-feira, no hor&aacute;rio de 09:00 &agrave;s 11:00      e de 14:00 &agrave;s 16:00, do dia 01\/04\/03 at&eacute; o dia 11\/04\/2003.<\/p>\n<p>Para melhor composi&ccedil;&atilde;o das turmas, os servidores candidatos      &agrave;s vagas far&atilde;o um teste diagn&oacute;stico no dia 23\/04\/2003,      &agrave;s 19:00, na Escola Fundamental do Centro Pedag&oacute;gico.<\/p>\n<p>    <\/span> <\/td>\n<\/tr>\n<tr>\n<td align=\"LEFT\" valign=\"TOP\"><\/td>\n<td align=\"LEFT\" valign=\"TOP\"><a name=\"ainformativo2\"><span class=\"titulo\">DICAS DE     SITES INTERESSANTES<\/span><\/a> <span class=\"texto\">     <\/p>\n<p>Adyrus, o ca&ccedil;ador de sites, enviou as seguintes dicas:<\/p>\n<p>&#8211; A maior rede de televis&atilde;o do Oriente M&eacute;dio, <i>Al-Jazeera<\/i>,      lan&ccedil;ou ontem, dia 26, uma vers&atilde;o em ingl&ecirc;s de sua      p&aacute;gina, no endere&ccedil;o <a href=\"http:\/english.aljazeera.net\">http:\/english.aljazeera.net<\/a>.      Esta p&aacute;gina &eacute; s&oacute; para a cobertura da guerra no      Iraque. Segundo o <i>The Wall Street Journal<\/i>, a id&eacute;ia &eacute;      mostrar a guerra sob uma perspectiva diferente. Quem entrar na p&aacute;gina,      s&oacute; vai ver not&iacute;cias a favor do ex&eacute;rcito iraquiano,      contando seus feitos, ou mostrando as baixas civis causadas pelos ataques      de tropas brit&acirc;nicas e americanas. Fotos de soldados inimigos      mortos e outras imagens chocantes tamb&eacute;m est&atilde;o l&aacute;.      Aten&ccedil;&atilde;o: Hoje, dia 27 de mar&ccedil;o de 2003, foram publicadas      not&iacute;cias na Web de que esta p&aacute;gina foi invadida por Hacker.      Se ela n&atilde;o estiver dispon&iacute;vel&#8230; Outra coisa: &eacute;      muito lenta por causa dos v&aacute;rios acessos.<\/p>\n<p>&#8211; Os Jogos Ol&iacute;mpicos ser&atilde;o realizados em Atenas, em 2004.      A p&aacute;gina <a href=\"http:\/\/www.atenas2004.com.br\">http:\/\/www.atenas2004.com.br<\/a>,      em Portugu&ecirc;s, traz v&aacute;rias informa&ccedil;&otilde;es sobre      o evento m&aacute;ximo do esporte. <\/p>\n<p>&#8211; Uma charge brasileira teve um destino muito curioso. Publicada pelo      jornal &#8220;Tribuna do Norte&#8221;, no Paran&aacute;, no dia 21 de      setembro de 2001, foi reproduzida no <i>Charge Online<\/i> (<a href=\"http:\/\/www.chargeonline.com.br\">www.chargeonline.com.br<\/a>).      Como tudo na Web vai em velocidade diferente dos jornais convencionais,      a charge chegou at&eacute; ao <i>Give it Back!<\/i> (<a href=\"http:\/\/www.giveitback.net\">http:\/\/www.giveitback.net<\/a>).      Agora o pessoal est&aacute; fazendo campanha para devolver a Est&aacute;tua      da Liberdade para a Fran&ccedil;a. (Site em Ingl&ecirc;s)<\/p>\n<p>&#8211; Uma p&aacute;gina cheia de joguinhos &eacute; a <a href=\"http:\/\/www.pulsounico.kit.net\">http:\/\/www.pulsounico.kit.net<\/a>.      Curiosidades, Dicas, Sites Interessantes, Programas e Jogos Diferentes,      Imagens Inusitadas e muito mais. Tudo isso com apenas um pulso &uacute;nico.<\/p>\n<p>&#8211; Se voc&ecirc; quiser fazer uma tatuagem com o seu nome ou escrever      em uma camiseta, use a criatividade. Aponte seu navagedor para a p&aacute;gina      Fique: <a href=\"http:\/\/www.nij.kit.net\">http:\/\/www.nij.kit.net<\/a> e      escreva o que quiser. &Eacute; muito legal. <\/p>\n<p>&#8211; A p&aacute;gina <i>Gravuras Online<\/i> (<a href=\"http:\/\/www.gravuraonline.com.br\">www.gravuraonline.com.br<\/a>),      que faz um apanhado das artes pl&aacute;sticas, mostra 200 imagens de      mais de 25 artistas brasileiros. Segundo a mensagem da p&aacute;gina,      ela estar&aacute; dispon&iacute;vel a partir do dia 27 de mar&ccedil;o.<\/p>\n<p>&#8211; Outra p&aacute;gina que entrou hoje no ar &eacute; a <i>Cidadania<\/i>,      <a href=\"http:\/\/www.cidadania.org.br\">http:\/\/www.cidadania.org.br<\/a>,      com not&iacute;cias sobre o terceiro setor. J&aacute; escutou falar,      mas n&atilde;o sabe o que &eacute;? Ent&atilde;o, est&aacute; no lugar      certo. Leia texto instrutivo e divertido, escrito por Rubem C&eacute;sar      Fernandes e Miguel Darcy Oliveira, com ilustra&ccedil;&otilde;es de      Miguel Paiva.<\/p>\n<p>&#8211; Uma dica super legal &eacute; o <i>Sa&uacute;de Animal<\/i> (<a href=\"http:\/\/www.saudeanimal.com.br\/\">http:\/\/www.saudeanimal.com.br\/<\/a>).      Criado em novembro de 1997, o <i>Sa&uacute;de Animal<\/i> &eacute; um      Portal de conte&uacute;do e servi&ccedil;os agregados na &aacute;rea      de sa&uacute;de, manejo, cria&ccedil;&atilde;o de animais dom&eacute;sticos      e selvagens. Hoje, temos todas as novidades da &aacute;rea e muitas      dicas para melhorar a qualidade de vida e o contato entre criadores      e animais. O Portal <i>Sa&uacute;de Animal<\/i> foi criado pensando em      auxiliar voc&ecirc; a cuidar melhor de seu animal de estima&ccedil;&atilde;o      e, fornecer um ve&iacute;culo que permitisse conseguir informa&ccedil;&otilde;es      e esclarecer d&uacute;vidas de uma maneira r&aacute;pida sobre os animais.      (Dica da Em&iacute;lia, filha do Le&atilde;o)<\/p>\n<p>&#8211; <i>Superkit<\/i> (<a href=\"http:\/\/www.superkit.com.br\">http:\/\/www.superkit.com.br<\/a>)      oferece ao consumidor as melhores estrat&eacute;gias de log&iacute;sticas      do e-commerce, tais como transa&ccedil;&otilde;es de dados protegidas      pela Verisign, pagamento online atrav&eacute;s de boleto on-line, cart&otilde;es      de cr&eacute;dito etc. Por estar baseada em uma estrutura f&iacute;sica      convencional tem estoque de produtos para pronta entrega. <\/p>\n<p>&#8211; Veja a capa do novo CD e DVD do Led Zeppelin. Jimmy Page negou que      esteja nos seus planos alguma esp&eacute;cie de revival do Led Zeppelin,      e disse que a &uacute;nica maneira dos f&atilde;s poderem v&ecirc;-lo      em a&ccedil;&atilde;o ao lado de Robert Plant e John Paul Jones ser&aacute;      atrav&eacute;s do DVD que vai sair em 27 de maio pr&oacute;ximo, cuja      produ&ccedil;&atilde;o passou pelo crivo do guitarrista, assim como      do CD triplo, intitulado &#8220;How The West Was Won&#8221;. Gostou da      not&iacute;cia? Ent&atilde;o, v&aacute; at&eacute; a p&aacute;gina <a href=\"http:\/\/www.whiplash.com.br\">http:\/\/www.whiplash.com.br<\/a>      e fique por dentro dessa e de outras not&iacute;cias que est&atilde;o      rolando no mundo da m&uacute;sica.<\/p>\n<p>&#8211; &Eacute; dif&iacute;cil determinar quando o termo <i>rock and roll<\/i>      surgiu. Mas de uma coisa podemos ter certeza: ele sempre esteve impregnado      de uma conota&ccedil;&atilde;o sexual. No <i>blues<\/i>, pode ser encontrado      em letras de m&uacute;sicas desde o in&iacute;cio do s&eacute;culo.      Rock Me Baby, um <i>blue<\/i> antigo gravado entre outros por B. B. King,      Joe Turner, Blue Cheer e Jefferson Airplane, traz em sua letra versos      como: &#8220;rock me baby, rock me all night long \/rock me baby, rock      me all night long \/cause when you rock and roll me, my back ain&#8217;t      got a bone? Rock dos anos 60 e 70 para curtir e voltar ao festival de      Woodstock. O endere&ccedil;o &eacute;: <a href=\"http:\/\/www.senhorf.com.br\">http:\/\/www.senhorf.com.br<\/a>.<\/p>\n<p>&#8211; Para que gosta de <i>heavy metal<\/i>, a p&aacute;gina <a href=\"http:\/\/www.hardradio.com\">http:\/\/www.hardradio.com<\/a>      tem tudo para agradar. Entrevistas com os l&iacute;deres das principais      bandas est&atilde;o disponibilizadas em MP3 para download. Na p&aacute;gina,      voc&ecirc; vai escutar m&uacute;sica durante 24 horas por dia. (Site      em Ingl&ecirc;s)<\/p>\n<p>&#8211; Os &uacute;ltimos lan&ccedil;amentos, entrevistas, hist&oacute;ria      e shows pelo mundo do <i>Rock in roll<\/i> est&aacute; em <a href=\"http:\/\/rockwave.virgula.terra.com.br\/\">http:\/\/rockwave.virgula.terra.com.br\/<\/a>.      Eddie Vedder, U2, Kiss, Metallica e outros regravam Ramones em disco      tributo. Exclusivo: ou&ccedil;a as m&uacute;sicas do novo disco do Matchbox      Twenty previsto para mar&ccedil;o. Isto &eacute; s&oacute; o come&ccedil;o!<\/p>\n<p>    <\/span> <\/td>\n<\/tr>\n<tr>\n<td align=\"LEFT\" valign=\"TOP\"><\/td>\n<td align=\"LEFT\" valign=\"TOP\"><a name=\"ainformativo3\"><span class=\"titulo\">PLANT&Atilde;O     INFO<\/span><\/a> <span class=\"texto\">     <\/p>\n<p>O<b> Plant&atilde;o Info<\/b> divulgou, nas &uacute;ltimas semanas,      as seguintes not&iacute;cias:<\/p>\n<p><b>Google: a marca do ano em 2002<\/b> (14 de mar&ccedil;o\/2003) &#8211; Que      marca causou mais impacto em sua vida em 2002? Exatas 1 315 pessoas      responderam &#8220;Google&#8221; a esta pergunta da Brandchannel, tornando      a ferramenta de busca mais influente que a onipresente Coca-Cola. <br \/>     O Google foi a marca mais importante para 15% dos entrevistados pela      segunda pesquisa mundial Marca do Ano na Escolha dos Leitores, comandada      pela Brandchannel. No ano passado, o portal de servi&ccedil;os ocupou      a quarta posi&ccedil;&atilde;o. Segundo o instituto, pode-se dizer que      o Google &eacute; a ferramenta do momento para quem busca uma utiliza&ccedil;&atilde;o      mais eficiente da internet, al&eacute;m de ser &#8220;f&aacute;cil de      usar, clara e com visual limpo&#8221;. Isso &eacute; que &eacute; prest&iacute;gio!      <br \/>     A marca virou at&eacute; verbo para conversas informais nos Estados      Unidos; &#8220;to google&#8221; alguma coisa. <br \/>     Atr&aacute;s do Google, e at&eacute; bem perto (com 14% dos votos),      aparece a Apple, campe&atilde; no ano passado; uma marca &#8220;amada      por um grupo pequeno de pessoas, mas capaz de fazer um grande barulho&#8221;,      nas palavras do Brandchannel. A j&aacute; citada Coca-Cola aparece em      terceiro lugar (12%), seguida pela rede de caf&eacute;s Starbucks (11%),      popular&iacute;s-sima nos Estados Unidos. <br \/>     Listas independentes feitas com internautas europeus e africanos incluem      ainda as marcas Nokia (19% dos votos locais, ou 1 290 votos), a designer      de m&oacute;veis escandinava Ikea (16%), e a BMW (12%). Na Am&eacute;rica      Central e do Sul, destaque para a cerveja Corona (31% dos votos), o      rum Bacardi (28%), e o Caf&eacute; de Colombia (17%), e a brasileira      Varig (10%).<\/p>\n<p><b>HP vira representante mundial da Red Hat<\/b> (19 de mar&ccedil;o\/2003)      &#8211; Depois da IBM, mais uma gigante da tecnologia abra&ccedil;a com mais      empenho a iniciativa de levar o Linux para as empresas: a HP, que assinou      hoje, 19\/03, um acordo de distribuidora preferencial da Red Hat para      o mercado corporativo. <br \/>     Pelo acordo, a HP passa a ser respons&aacute;vel n&atilde;o apenas pela      oferta de pacotes (hardware e software) Linux como tamb&eacute;m pela      presta&ccedil;&atilde;o dos servi&ccedil;os agregados (neste ponto,      como provedora de servi&ccedil;os e tamb&eacute;m no esquema de colabora&ccedil;&atilde;o,      quando for o caso). A parceria das duas empresas &eacute; global, ou      seja, vale para todas as regi&otilde;es onde a HP atua, incluindo Brasil.      <br \/>     Fazem parte do acordo as edi&ccedil;&otilde;es Enterprise Linux AS,      Enterprise Linux ES (lan&ccedil;ado na semana passada) e Enterprise      Linux WS (este, para esta&ccedil;&otilde;es de trabalho) do sistema      operacional da Red Hat, com suporte para as plataformas Intel de 32      bits e Itanium.<\/p>\n<p>    <\/span> <\/td>\n<\/tr>\n<tr>\n<td align=\"LEFT\" valign=\"TOP\"><\/td>\n<td align=\"LEFT\" valign=\"TOP\"><a name=\"ainformativo4\"><span class=\"titulo\">MICROSOFT     N&Atilde;O VAI PARTICIPAR DE GRUPO DE PADRONIZA&Ccedil;&Atilde;O DE SERVI&Ccedil;OS     WEB<\/span><\/a> <span class=\"texto\">     <\/p>\n<p>A Microsoft saiu nesta semana da for&ccedil;a-tarefa de servi&ccedil;os      da web para o World Wide Web Consortium (W3C), organiza&ccedil;&atilde;o      que define os padr&otilde;es para a web, logo depois de ter anunciado      sua participa&ccedil;&atilde;o. <br \/>     Segundo o VNUNet.com, a empresa disse que n&atilde;o vai participar      da iniciativa da W3C para definir os padr&otilde;es para servi&ccedil;os      da web. O objetivo do grupo &eacute; padronizar as conex&otilde;es e      padr&otilde;es de uso entre servi&ccedil;os web para oferecer mais transa&ccedil;&otilde;es      autom&aacute;ticas. <br \/>     Segundo o site, a Microsoft teria sa&iacute;do do grupo ao descobrir      que a linguagem de trabalho do grupo n&atilde;o coincidia com seus esfor&ccedil;os      independentes.<br \/>     (<i>Fonte: O Globo, 27\/03\/2003<\/i>)<\/p>\n<p>    <\/p>\n<p>    <\/span> <\/td>\n<\/tr>\n<tr>\n<td align=\"LEFT\" valign=\"TOP\"><\/td>\n<td align=\"LEFT\" valign=\"TOP\"><a name=\"ainformativo5\"><span class=\"titulo\">MEM&Oacute;RIA     FOTOGR&Aacute;FICA DO CECOM<\/span><\/a> <span class=\"texto\">     <\/p>\n<p>No per&iacute;odo de 10 a 14 de mar&ccedil;o, mais de 4100 calouros      fizeram seu registro acad&ecirc;mico na universidade, recepcionados      pela equipe do DRCA, no sagu&atilde;o do pr&eacute;dio da Reitoria.<\/p>\n<p>Conforme divulgado nas &uacute;ltimas edi&ccedil;&otilde;es de <i>O      Sistem&aacute;tico<\/i>, <i>&#8220;foi adotada, pela primeira vez, a unifica&ccedil;&atilde;o      dos procedimentos de registro acad&ecirc;mico e matr&iacute;cula em      disciplinas.&#8221;<\/i><\/p>\n<p>Ao serem encerrados os trabalhos na sexta-feira, dia 14, o DRCA reuniu      a sua equipe e a equipe de apoio do CECOM para um lanche de congra&ccedil;amento.<\/p>\n<p>Como <i>O Sistem&aacute;tico<\/i> estava registrando os trabalhos, n&atilde;o      podia deixar de lado o &uacute;ltimo dia e a alegria de todos que participaram      da matr&iacute;cula dos calouros de 2003 da UFMG.<\/p>\n<p>Da equipe do CECOM estavam presentes: Gilmar Lima Guimar&atilde;es,      Aleixina Maria Lopes Andal&eacute;cio, Luiz Eug&ecirc;nio de Almeida      Oliveira, Raimundo Natalino Chaves, M&aacute;rcio da Costa Viana, Vinicius      Bozzi Nonato, Luiz Carlos Atayde J&uacute;nior, Lucas Ant&ocirc;nio      de Melo Aleixo e Matheus Moreira dos Santos.<\/p>\n<p>As fotos s&atilde;o de autoria do Le&atilde;o e da Xina.<\/p>\n<p align=\"center\"><img loading=\"lazy\" decoding=\"async\" src=\"https:\/\/www.ufmg.br\/dti\/wp-content\/uploads\/fotos\/finalDRCA1.jpg\" width=\"352\" height=\"288\"><\/p>\n<p align=\"center\"><font face=\"1\"><i>O pen&uacute;ltimo calouro a fazer      o seu registro<\/i><\/font><\/p>\n<p align=\"center\"><img loading=\"lazy\" decoding=\"async\" src=\"https:\/\/www.ufmg.br\/dti\/wp-content\/uploads\/fotos\/finalDRCA3.jpg\" width=\"352\" height=\"288\"><\/p>\n<p align=\"center\"><img loading=\"lazy\" decoding=\"async\" src=\"https:\/\/www.ufmg.br\/dti\/wp-content\/uploads\/fotos\/finalDRCA6.jpg\" width=\"352\" height=\"288\"><\/p>\n<p align=\"center\"><font face=\"1\"><i>A &uacute;ltima caloura<\/i><\/font><\/p>\n<p align=\"center\"><img loading=\"lazy\" decoding=\"async\" src=\"https:\/\/www.ufmg.br\/dti\/wp-content\/uploads\/fotos\/finalDRCA7.jpg\" width=\"352\" height=\"288\"><\/p>\n<p align=\"center\"><font face=\"1\"><i>Ana L&uacute;cia, do DRCA, verificando      os pap&eacute;is da &uacute;ltima caloura<\/i><\/font><\/p>\n<p align=\"center\"><img loading=\"lazy\" decoding=\"async\" src=\"https:\/\/www.ufmg.br\/dti\/wp-content\/uploads\/fotos\/finalDRCA13.jpg\" width=\"352\" height=\"288\"><\/p>\n<p align=\"center\"><font face=\"1\"><i>A confirma&ccedil;&atilde;o do registro      acad&ecirc;mico<\/i><\/font><\/p>\n<p align=\"center\"><img loading=\"lazy\" decoding=\"async\" src=\"https:\/\/www.ufmg.br\/dti\/wp-content\/uploads\/fotos\/finalDRCA4.jpg\" width=\"352\" height=\"288\"><\/p>\n<p align=\"center\"><font face=\"1\"><i>A equipe da DRCA e a equipe de apoio      do CECOM<\/i><\/font><\/p>\n<p align=\"center\"><img loading=\"lazy\" decoding=\"async\" src=\"https:\/\/www.ufmg.br\/dti\/wp-content\/uploads\/fotos\/finalDRCA5.jpg\" width=\"352\" height=\"288\"><\/p>\n<p align=\"center\"><font face=\"1\"><i>Ana L&uacute;cia e Xina<\/i><\/font><\/p>\n<p align=\"center\"><img loading=\"lazy\" decoding=\"async\" src=\"https:\/\/www.ufmg.br\/dti\/wp-content\/uploads\/fotos\/finalDRCA8.jpg\" width=\"352\" height=\"288\"><\/p>\n<p align=\"center\"><font face=\"1\"><i>Os desenvolvedores da aplica&ccedil;&atilde;o:      Luiz Carlos, Lucas e Vinicius<\/i><\/font><\/p>\n<p align=\"center\"><img loading=\"lazy\" decoding=\"async\" src=\"https:\/\/www.ufmg.br\/dti\/wp-content\/uploads\/fotos\/finalDRCA9.jpg\" width=\"352\" height=\"288\"><\/p>\n<p align=\"center\"><font face=\"1\"><i>O lanche de encerramento, vendo-se      Gilmar perto da mesa e Raimundo ao fundo<\/i><\/font><\/p>\n<p align=\"center\"><img loading=\"lazy\" decoding=\"async\" src=\"https:\/\/www.ufmg.br\/dti\/wp-content\/uploads\/fotos\/finalDRCA10.jpg\" width=\"352\" height=\"288\"><\/p>\n<p align=\"center\"><font face=\"1\"><i>O lanche de encerramento<\/i><\/font><\/p>\n<p align=\"center\"><img loading=\"lazy\" decoding=\"async\" src=\"https:\/\/www.ufmg.br\/dti\/wp-content\/uploads\/fotos\/finalDRCA11.jpg\" width=\"352\" height=\"288\"><\/p>\n<p align=\"center\"><font face=\"1\"><i>Gilmar e o lanche<\/i><\/font><\/p>\n<p align=\"center\"><img loading=\"lazy\" decoding=\"async\" src=\"https:\/\/www.ufmg.br\/dti\/wp-content\/uploads\/fotos\/finalDRCA12.jpg\" width=\"352\" height=\"288\"><\/p>\n<p align=\"center\"><font face=\"1\"><i>A equipe do DRCA<\/i><\/font><\/p>\n<p>    <\/span> <\/td>\n<\/tr>\n<p>  <!-- #EndEditable -->  <\/table>\n<p> <!-- fim noticias --> <!-- tabela ha 20 anos --> <\/p>\n<table border=\"0\" cellspacing=\"0\" cellpadding=\"0\" class=\"cinza\">\n<tr>\n<td><img loading=\"lazy\" decoding=\"async\" src=\"https:\/\/www.ufmg.br\/dti\/wp-content\/uploads\/imgs\/tudo_pixel.gif\" width=\"1\" height=\"1\" alt=\"\" border=\"0\"><\/td>\n<td><img loading=\"lazy\" decoding=\"async\" src=\"https:\/\/www.ufmg.br\/dti\/wp-content\/uploads\/imgs\/tudo_pixel.gif\" width=\"19\" height=\"1\" alt=\"\" border=\"0\"><\/td>\n<td><img loading=\"lazy\" decoding=\"async\" src=\"https:\/\/www.ufmg.br\/dti\/wp-content\/uploads\/imgs\/tudo_pixel.gif\" width=\"510\" height=\"1\" alt=\"\" border=\"0\"><\/td>\n<td><img loading=\"lazy\" decoding=\"async\" src=\"https:\/\/www.ufmg.br\/dti\/wp-content\/uploads\/imgs\/tudo_pixel.gif\" width=\"19\" height=\"1\" alt=\"\" border=\"0\"><\/td>\n<td><img loading=\"lazy\" decoding=\"async\" src=\"https:\/\/www.ufmg.br\/dti\/wp-content\/uploads\/imgs\/tudo_pixel.gif\" width=\"1\" height=\"1\" alt=\"\" border=\"0\"><\/td>\n<\/tr>\n<tr>\n<td class=\"vermelho\" colspan=\"5\"><img loading=\"lazy\" decoding=\"async\" src=\"https:\/\/www.ufmg.br\/dti\/wp-content\/uploads\/imgs\/tudo_pixel.gif\" width=\"1\" height=\"1\" alt=\"\" border=\"0\"><\/td>\n<\/tr>\n<tr>\n<td class=\"vermelho\"><img loading=\"lazy\" decoding=\"async\" src=\"https:\/\/www.ufmg.br\/dti\/wp-content\/uploads\/imgs\/tudo_pixel.gif\" width=\"1\" height=\"1\" alt=\"\" border=\"0\"><\/td>\n<td><img loading=\"lazy\" decoding=\"async\" src=\"https:\/\/www.ufmg.br\/dti\/wp-content\/uploads\/imgs\/tudo_pixel.gif\" width=\"1\" height=\"1\" alt=\"\" border=\"0\"><\/td>\n<td align=\"LEFT\" valign=\"TOP\"><!-- #BeginEditable \"ha 20 anos\" --><a name=\"ainformativo6\"><img loading=\"lazy\" decoding=\"async\" src=\"https:\/\/www.ufmg.br\/dti\/wp-content\/uploads\/imgs\/tudo_pixel.gif\" width=\"1\" height=\"8\" alt=\"\" border=\"0\"><br \/>    <span class=\"titulo\">H\u00e1 20 anos&#8230;<\/span><\/a> <span class=\"texto\">     <\/p>\n<p>O Sistem&aacute;tico Ano VII, no. 12, de 24\/03\/1983, publicou not&iacute;cias      sobre paralisa&ccedil;&atilde;o do Sistema Burroughs 6700, treinamento      para utiliza&ccedil;&atilde;o do equipamento Cobra, curso de datilografia      para os Agentes Administrativos da UFMG, entre outras. As not&iacute;cias      que se destacaram foram:<\/p>\n<p><b>VERS&Atilde;O 3.2<\/b><br \/>     <font face=\"1\">Na quinta-feira passada, dia 17, entrou em opera&ccedil;&atilde;o,      em carater definitivo, a vers&atilde;o 3.2 do sistema operacional.<br \/>     Como se trata de uma nova vers&atilde;o, a Divis&atilde;o de Sistemas      de Computa&ccedil;&atilde;o lembra que &eacute; imprtante que o usu&aacute;rio      fique atento a poss&iacute;veis problemas. Quando isso ocorrer, o usu&aacute;rio      deve entrar em contato imediatamente com a Divis&atilde;o de Usu&aacute;rios.<\/font><\/p>\n<p><b>VISITAS AO CECOM<\/b><br \/>     <font face=\"1\">Teve in&iacute;cio na ter&ccedil;a-feira, dia 22, a visita      &agrave;s instala&ccedil;&otilde;es do Centro de Computa&ccedil;&atilde;o      pelos alunos da disciplina Programa&ccedil;&atilde;o de Computadores      do ICEx.<br \/>     At&eacute; ontem, 16 grupos de 12 alunos cada, conheceram os equipamentos      Burroughs e Facom, acompanhados por Fernando Frota Machado de Morais,      da Divis&atilde;o de Usu&aacute;rios.<br \/>     Hoje, pela manh&atilde;, mais 4 grupos estiveram no subsolo e &agrave;      tarde mais outros 4 grupos.<br \/>     As visitas v&atilde;o se encerrar no dia 29 de mar&ccedil;o.<\/font><\/p>\n<p>    <\/span><!-- #EndEditable --><br \/>     <img loading=\"lazy\" decoding=\"async\" src=\"https:\/\/www.ufmg.br\/dti\/wp-content\/uploads\/imgs\/tudo_pixel.gif\" width=\"1\" height=\"8\" alt=\"\" border=\"0\"><\/td>\n<td><img loading=\"lazy\" decoding=\"async\" src=\"https:\/\/www.ufmg.br\/dti\/wp-content\/uploads\/imgs\/tudo_pixel.gif\" width=\"1\" height=\"1\" alt=\"\" border=\"0\"><\/td>\n<td class=\"vermelho\"><img loading=\"lazy\" decoding=\"async\" src=\"https:\/\/www.ufmg.br\/dti\/wp-content\/uploads\/imgs\/tudo_pixel.gif\" width=\"1\" height=\"1\" alt=\"\" border=\"0\"><\/td>\n<\/tr>\n<tr>\n<td class=\"vermelho\" colspan=\"5\"><img loading=\"lazy\" decoding=\"async\" src=\"https:\/\/www.ufmg.br\/dti\/wp-content\/uploads\/imgs\/tudo_pixel.gif\" width=\"1\" height=\"1\" alt=\"\" border=\"0\"><\/td>\n<\/tr>\n<\/table>\n<p> <!-- fim tabela ha 20 anos --><\/div>\n<p><a name='eventos'><\/a><\/p>\n<h4>Eventos<\/h4>\n<div class=\"centro-sistematico\">  <!-- noticias --> <\/p>\n<table border=\"0\" cellspacing=\"0\" cellpadding=\"0\">\n<tr>\n<td><\/td>\n<td><\/td>\n<\/tr>\n<p>  <!-- #BeginEditable \"materias\" -->   <\/p>\n<tr>\n<td align=\"LEFT\" valign=\"TOP\"><\/td>\n<td align=\"LEFT\" valign=\"TOP\"> <a name=\"aeventos1\"><span class=\"titulo\">SOCIAIS<\/span><\/a>     <span class=\"texto\">     <\/p>\n<p><b>ANIVERS&Aacute;RIOS:<\/b> <i>&#8220;O Sistem&aacute;tico&#8221; envia      os parab&eacute;ns para os aniversariantes da semana: Augusto Pinho      Gomes, hoje, dia 27; Alda Batista, no dia 31; H&eacute;lio Teixeira      da Costa, no dia 1o. de abril; e Elizabeth Gomes Oliveira Clementino,      no dia 03.<br \/>     E envia os parab&eacute;ns para os ex-ceconianos: Anderson Borboleta      de Lima, hoje, dia 27; C&eacute;lio Casemiro de Sousa, no dia 30; Maria      Eug&ecirc;nia Melo da Cunha e Milton Pifano Soares Ferreira, no dia      31; e C&eacute;sar de Almeida Correia, no dia 1o. de abril.<\/i><\/p>\n<p><b>NOT&Iacute;CIAS DE GUARAPARI:<\/b> <i>William Andal&eacute;cio j&aacute;      est&aacute; em Guarapari, onde comprou um apartamento. Pediu para avisar      que tem um quarto de h&oacute;spedes &agrave; espera das visitas!<\/i><\/p>\n<p>    <\/span> <\/td>\n<\/tr>\n<p>  <!-- #EndEditable -->  <\/table>\n<p> <!-- fim noticias --><\/div>\n","protected":false},"excerpt":{"rendered":"<p>Not\u00edcias ATI IMPLANTA SERVI&Ccedil;OS DE VIDEO-CONFER&Ecirc;NCIA DEFINIDO CRONOGRAMA DO NOVO SISTEMA DA P&Oacute;S-GRADUA&Ccedil;&Atilde;O LCC APRESENTA FERRAMENTA DE WORKFLOW DO NOTES ICB SUBSTITUI SERVIDOR PRINCIPAL Informativo PROGRAMA DE ENSINO B&Aacute;SICO DA UFMG PARA 2003 DICAS DE SITES INTERESSANTES PLANT&Atilde;O INFO MICROSOFT N&Atilde;O VAI PARTICIPAR DE GRUPO DE PADRONIZA&Ccedil;&Atilde;O DE SERVI&Ccedil;OS WEB MEM&Oacute;RIA FOTOGR&Aacute;FICA DO CECOM H\u00e1 &#8230; <a title=\"Sistem\u00e1tico: Edi\u00e7\u00e3o 1150 &#8211; 27\/03\/2003\" class=\"read-more\" href=\"https:\/\/www.ufmg.br\/dti\/2003\/03\/27\/sistematico-edicao-1150-27032003\/\" aria-label=\"Read more about Sistem\u00e1tico: Edi\u00e7\u00e3o 1150 &#8211; 27\/03\/2003\">Ler mais<\/a><\/p>\n","protected":false},"author":3,"featured_media":0,"comment_status":"open","ping_status":"open","sticky":false,"template":"","format":"standard","meta":{"inline_featured_image":false,"footnotes":""},"categories":[13],"tags":[],"coauthors":[79],"class_list":["post-3209","post","type-post","status-publish","format-standard","hentry","category-sistematico"],"_links":{"self":[{"href":"https:\/\/www.ufmg.br\/dti\/wp-json\/wp\/v2\/posts\/3209","targetHints":{"allow":["GET"]}}],"collection":[{"href":"https:\/\/www.ufmg.br\/dti\/wp-json\/wp\/v2\/posts"}],"about":[{"href":"https:\/\/www.ufmg.br\/dti\/wp-json\/wp\/v2\/types\/post"}],"author":[{"embeddable":true,"href":"https:\/\/www.ufmg.br\/dti\/wp-json\/wp\/v2\/users\/3"}],"replies":[{"embeddable":true,"href":"https:\/\/www.ufmg.br\/dti\/wp-json\/wp\/v2\/comments?post=3209"}],"version-history":[{"count":0,"href":"https:\/\/www.ufmg.br\/dti\/wp-json\/wp\/v2\/posts\/3209\/revisions"}],"wp:attachment":[{"href":"https:\/\/www.ufmg.br\/dti\/wp-json\/wp\/v2\/media?parent=3209"}],"wp:term":[{"taxonomy":"category","embeddable":true,"href":"https:\/\/www.ufmg.br\/dti\/wp-json\/wp\/v2\/categories?post=3209"},{"taxonomy":"post_tag","embeddable":true,"href":"https:\/\/www.ufmg.br\/dti\/wp-json\/wp\/v2\/tags?post=3209"},{"taxonomy":"author","embeddable":true,"href":"https:\/\/www.ufmg.br\/dti\/wp-json\/wp\/v2\/coauthors?post=3209"}],"curies":[{"name":"wp","href":"https:\/\/api.w.org\/{rel}","templated":true}]}}