{"id":3216,"date":"2003-01-23T08:00:00","date_gmt":"2003-01-23T08:00:00","guid":{"rendered":"https:\/\/www.ufmg.br\/dti\/cecom\/?p=1485"},"modified":"2003-01-23T08:00:00","modified_gmt":"2003-01-23T08:00:00","slug":"sistematico-edicao-1142-23012003","status":"publish","type":"post","link":"https:\/\/www.ufmg.br\/dti\/2003\/01\/23\/sistematico-edicao-1142-23012003\/","title":{"rendered":"Sistem\u00e1tico: Edi\u00e7\u00e3o 1142 &#8211; 23\/01\/2003"},"content":{"rendered":"<ul>\n<li><a href=\"\/dti\/#noticias\">Not\u00edcias<\/a>\n<div class='submenuSistematico'>\n<ul>\n<li><a href=\"\/dti\/#anoticias1\"><span class=\"titulo\">SISTEMA     ACAD&Ecirc;MICO DA P&Oacute;S-GRADUA&Ccedil;&Atilde;O<\/span><\/a><\/li>\n<li><a href=\"\/dti\/#anoticias2\"><span class=\"titulo\">CONFIRMA&Ccedil;&Atilde;O     DE REGISTRO DE CALOURO COM MATR&Iacute;CULA AUTOM&Aacute;TICA<\/span><\/a><\/li>\n<li><a href=\"\/dti\/#anoticias3\"><span class=\"titulo\">INFRA-ESTRUTURA     PARA CORRE&Ccedil;&Atilde;O DO VESTIBULAR<\/span><\/a><\/li>\n<\/ul>\n<\/div>\n<\/li>\n<li><a href=\"\/dti\/#informativo\">Informativo<\/a>\n<div class='submenuSistematico'>\n<ul>\n<li><a href=\"\/dti\/#ainformativo1\"><span class=\"titulo\">INTERNET,      20 ANOS DA GRANDE REDE!<\/span><br \/>     <\/a><\/li>\n<li><a href=\"\/dti\/#ainformativo2\"><span class=\"titulo\">DICAS DE     SITES INTERESSANTES<\/span><\/a><\/li>\n<li><a href=\"\/dti\/#ainformativo3\"><span class=\"titulo\">MEM&Oacute;RIA     FOTOGR&Aacute;FICA DO CECOM<\/span><\/a><\/li>\n<li><a href=\"\/dti\/#ainformativo4\"><img loading=\"lazy\" decoding=\"async\" src=\"https:\/\/www.ufmg.br\/dti\/wp-content\/uploads\/imgs\/tudo_pixel.gif\" width=\"1\" height=\"8\" alt=\"\" border=\"0\"><br \/>    <span class=\"titulo\">H\u00e1 20 anos&#8230;<\/span><\/a><\/li>\n<\/ul>\n<\/div>\n<\/li>\n<li><a href=\"\/dti\/#eventos\">Eventos<\/a>\n<div class='submenuSistematico'>\n<ul>\n<li><a href=\"\/dti\/#aeventos1\"><span class=\"titulo\">SOCIAIS<\/span><\/a><\/li>\n<\/ul>\n<\/div>\n<\/li>\n<\/ul>\n<p> <a name='noticias'><\/a><\/p>\n<h4>Not\u00edcias<\/h4>\n<div class=\"centro-sistematico\">  <!-- noticias --> <\/p>\n<table border=\"0\" cellspacing=\"0\" cellpadding=\"0\">\n<tr>\n<td><\/td>\n<td><\/td>\n<\/tr>\n<p>  <!-- #BeginEditable \"materias\" -->   <\/p>\n<tr>\n<td align=\"LEFT\" valign=\"TOP\"><\/td>\n<td align=\"LEFT\" valign=\"TOP\"> <a name=\"anoticias1\"><span class=\"titulo\">SISTEMA     ACAD&Ecirc;MICO DA P&Oacute;S-GRADUA&Ccedil;&Atilde;O<\/span><\/a> <span class=\"texto\">     <\/p>\n<p>No final do ano passado, a Magn&iacute;fica Reitora, profa. Ana L&uacute;cia      Almeida Gazzolla, juntamente com o diretor da ATI, prof. M&aacute;rcio      Luiz Bunte de Carvalho, redefiniram o enfoque para o desenvolvimento      do novo Sistema Acad&ecirc;mico da Universidade.<\/p>\n<p>A Pr&oacute;-reitoria de Gradua&ccedil;&atilde;o passou a ter como      prioridade a elabora&ccedil;&atilde;o e aprova&ccedil;&atilde;o das      novas Normas Acad&ecirc;micas da Gradua&ccedil;&atilde;o, que dever&aacute;      contemplar, dentre outras novidades, a aplicabilidade dos preceitos      da Flexibiliza&ccedil;&atilde;o Curricular. Enquanto isso, o CECOM,      juntamente com a PRPG (Pr&oacute;-reitoria de P&oacute;s-Gradua&ccedil;&atilde;o),      o DRCA, e representantes de Programas de P&oacute;s-Gradua&ccedil;&atilde;o,      desenvolver&atilde;o um novo sistema acad&ecirc;mico para a p&oacute;s-gradua&ccedil;&atilde;o,      a fim de, n&atilde;o somente substituir a tecnologia do atual mas, sobretudo,      atender &agrave;s principais demandas advindas dos &oacute;rg&atilde;os      e programas envolvidos com a p&oacute;s-gradua&ccedil;&atilde;o. <\/p>\n<p>A expectativa inicial &eacute; que esse novo sistema, pelo menos no      que concerne &agrave;s suas principais funcionalidades, esteja dispon&iacute;vel      at&eacute; o final de agosto deste ano, quando tamb&eacute;m se espera      ter as novas Normas Acad&ecirc;micas da Gradua&ccedil;&atilde;o aprovadas.      A partir de ent&atilde;o, o CECOM dever&aacute; priorizar o desenvolvimento      do novo Sistema Acad&ecirc;mico da Gradua&ccedil;&atilde;o.<\/p>\n<p>Dentro desse novo direcionamento, foi realizada nesta &uacute;ltima      quarta-feira, dia 22\/01, na Pr&oacute;-reitoria de P&oacute;s-Gradua&ccedil;&atilde;o,      a primeira reuni&atilde;o a respeito do desenvolvimento do novo Sistema      Acad&ecirc;mico da P&oacute;s-Gradua&ccedil;&atilde;o. Estiveram presentes:      profa. Maria Sueli de Oliveira Pires, prof. Jaime Arturo Ramirez, Z&eacute;lia      Pires da Silveira e Maria Dolores Diniz, da PRPG; Ana L&uacute;cia Ribeiro      Diniz e S&iacute;lvia Aparecida Moreira, do DRCA; Gilmar Lima Guimar&atilde;es,      M&aacute;rio Magalh&atilde;es Lara e Raimundo Natalino Chaves, do CECOM;      e representantes dos Programas de P&oacute;s-Gradua&ccedil;&atilde;o:      Geralda Martins Moreira (Letras); Sandra Rocha (Matem&aacute;tica);      e Sumara Aparecida G. Ferreira (Parasitologia). A pr&oacute;xima reuni&atilde;o      foi agendada para o dia 24 de janeiro, no mesmo local e com os mesmos      participantes.<\/p>\n<p>    <\/span> <\/td>\n<\/tr>\n<tr>\n<td align=\"LEFT\" valign=\"TOP\"><\/td>\n<td align=\"LEFT\" valign=\"TOP\"> <a name=\"anoticias2\"><span class=\"titulo\">CONFIRMA&Ccedil;&Atilde;O     DE REGISTRO DE CALOURO COM MATR&Iacute;CULA AUTOM&Aacute;TICA<\/span><\/a>     <span class=\"texto\">     <\/p>\n<p>Foi realizada na &uacute;ltima ter&ccedil;a-feira, dia 21\/01, reuni&atilde;o      entre o CECOM e o DRCA para discuss&atilde;o a respeito do processo      de Confirma&ccedil;&atilde;o do Registro Inicial de Calouros, previsto      para ser realizado no per&iacute;odo de 10 a 14 de mar&ccedil;o pr&oacute;ximo.     <\/p>\n<p>No ano passado, o CECOM desenvolveu uma rotina computacional espec&iacute;fica      para automatizar esse processo e tamb&eacute;m montou uma estrutura      f&iacute;sica no sagu&atilde;o da Reitoria, composta de 20 microcomputadores      e 10 impressoras. <\/p>\n<p>Para o processo deste ano, al&eacute;m de algumas melhorias na rotina      do ano passado, o DRCA pretende efetivar a matr&iacute;cula autom&aacute;tica      do calouro, junto com a confirma&ccedil;&atilde;o de seu registro, num      procedimento &uacute;nico. Isso trar&aacute; um grande benef&iacute;cio      para os alunos pois evitar&aacute; que eles tenham que ir &agrave;s      unidades ofertantes das disciplinas do primeiro per&iacute;odo. A mudan&ccedil;a      trar&aacute; muito mais confiabilidade no procedimento de exclus&atilde;o      de calouro por falta de matr&iacute;cula.<\/p>\n<p>Na reuni&atilde;o, foi definida a necessidade de documentar o processo      atual e a proposta de mudan&ccedil;a, tarefa que ficou a cargo da diretoria      do DRCA. <\/p>\n<p>Participaram da reuni&atilde;o: Ana L&uacute;cia Ribeiro Diniz, pelo      DRCA; Aleixina Maria Lopes Andal&eacute;cio, Gilmar Lima Guimar&atilde;es,      M&aacute;rio Magalh&atilde;es Lara e Raimundo Natalino Chaves, pelo      CECOM.<\/p>\n<p>    <\/span>     <\/td>\n<\/tr>\n<tr>\n<td align=\"LEFT\" valign=\"TOP\"><\/td>\n<td align=\"LEFT\" valign=\"TOP\"> <a name=\"anoticias3\"><span class=\"titulo\">INFRA-ESTRUTURA     PARA CORRE&Ccedil;&Atilde;O DO VESTIBULAR<\/span><\/a> <span class=\"texto\">     <\/p>\n<p>A corre&ccedil;&atilde;o das provas da segunda etapa do Vestibular      2003 da UFMG est&aacute; sendo feita nas depend&ecirc;ncias do Col&eacute;gio      T&eacute;cnico da UFMG.<\/p>\n<p>Para apoio ao lan&ccedil;amento das notas, inicialmente, seriam montadas      duas salas nos laborat&oacute;rios de inform&aacute;tica, localizados      no 2o. andar daquela unidade.<\/p>\n<p>Como existe um n&uacute;mero expressivo de equipes de professores trabalhando      no 3o. andar, a Copeve optou por utilizar apenas um dos laborat&oacute;rios      do 2o. andar e instalar os demais equipamentos no outro andar. Devido      &agrave; extens&atilde;o do local, os equipamentos foram distribu&iacute;dos      em duas salas, uma em cada extremo do andar. No total, foram disponibilizados      30 equipamentos, sendo 14 no 2o. andar e 16 no 3o. (8 em cada sala).<\/p>\n<p>As duas primeiras salas foram montadas na segunda semana de janeiro      e a terceira apenas nesta segunda-feira, dia 20, uma vez que o local      estava sendo anteriormente utilizado para corre&ccedil;&atilde;o das      provas dos candidatos ao curso de Belas Artes.<\/p>\n<p>Os equipamentos instalados rodam aplicativos Cliente\/Servidor, desenvolvidos      pela DAS, e acessam bancos de dados Oracle, gerenciadores de bancos      de dados de &uacute;ltima gera&ccedil;&atilde;o.<\/p>\n<p>A montagem da infra-estrutura ficou a cargo de M&aacute;rcio da Costa      Viana, Renato Machado Righi, Wanderson Machado Horta, Esdras Viggiano      de Souza e Luiz Eug&ecirc;nio de Almeida Oliveira, sob a coordena&ccedil;&atilde;o      de Aleixina Maria Lopes Andal&eacute;cio, da DAC &#8211; Divis&atilde;o de      Atendimento e Consultoria.<\/p>\n<p>    <\/p>\n<p>    <\/span><\/td>\n<\/tr>\n<p>  <!-- #EndEditable -->  <\/table>\n<p> <!-- fim noticias --><\/div>\n<p><a name='informativo'><\/a><\/p>\n<h4>Informativo<\/h4>\n<div class=\"centro-sistematico\">  <!-- noticias --> <\/p>\n<table border=\"0\" cellspacing=\"0\" cellpadding=\"0\">\n<tr>\n<td><\/td>\n<td><\/td>\n<\/tr>\n<p>  <!-- #BeginEditable \"materias\" -->   <\/p>\n<tr>\n<td align=\"LEFT\" valign=\"TOP\"><\/td>\n<td align=\"LEFT\" valign=\"TOP\">\n<p align=\"left\"><a name=\"ainformativo1\"><span class=\"titulo\">INTERNET,      20 ANOS DA GRANDE REDE!<\/span><br \/>     <\/a> <img loading=\"lazy\" decoding=\"async\" src=\"https:\/\/www.ufmg.br\/dti\/wp-content\/uploads\/imgs\/tudo_pixel.gif\" width=\"1\" height=\"20\" alt=\"\" border=\"0\"><span class=\"texto\"><font face=\"1\"><i>*      Adyr Rodrigues Nascimento<\/i><\/font><\/span><\/p>\n<p><span class=\"texto\">Para alguns n&atilde;o &eacute; nenhuma surpresa      e talvez n&atilde;o fa&ccedil;a a menor diferen&ccedil;a, mas uma coisa      &eacute; certa: a cria&ccedil;&atilde;o da Internet, que completou 20      anos em 1o de janeiro deste ano, foi um feito maravilhoso e fez com      que as dist&acirc;ncias se encurtassem, al&eacute;m de trazer sonhos      e realidades, alegrias e decep&ccedil;&otilde;es para muitos que apostaram      e continuam apostando na grande rede.<\/span><\/p>\n<p><span class=\"texto\">J&aacute; &eacute; sabido que a Internet foi criada      a partir de uma necessidade norte-americana, surgida com o lan&ccedil;amento      de um foguete sovi&eacute;tico, que levou ao temor da perda da corrida      tecnol&oacute;gica e ao medo de um ataque nuclear.<\/span><\/p>\n<p><span class=\"texto\">Mas o in&iacute;cio da Internet ocorreu no centro      de pesquisa Arpa, na Universidade da California, Los Angeles (UCLA),      que criou uma rede de computadores que passou a se chamar <i>Arpanet<\/i>      (<i>Advanced Research Projects Agency Network<\/i>). Esta rede serviu      de base para as primeiras pesquisas sobre o assunto e funcionou como      uma unidade central para o desenvolvimento da Internet. Ela surgiu em      1969, como uma experi&ecirc;ncia do governo americano em rede de comuta&ccedil;&atilde;o      de pacotes.<\/span><\/p>\n<p><span class=\"texto\">No in&iacute;cio, os pesquisadores acessavam o      sistema central para que fossem compartilhados os programas, espa&ccedil;o      em disco, banco de dados e computadores.<\/span><\/p>\n<p><span class=\"texto\">J&aacute; naquela &eacute;poca, a AT&amp;T forneceu      linhas de 50 kpbs para as redes de dados, o que fez com que crescesse      o n&uacute;mero de computadores conectados, sendo que em 1971 j&aacute;      fossem 23 redes ligadas &agrave; Arpanet.<\/span><\/p>\n<p><span class=\"texto\">A primeira rede que utilizou ondas de r&aacute;dio      para comunica&ccedil;&atilde;o entre computadores foi desenvolvida por      Norman Abramson, da Universidade do Hawaii, e foi conectada &agrave;      Arpanet em 1972.<\/span><\/p>\n<p><span class=\"texto\">Neste mesmo ano, come&ccedil;ou a ser utilizado      o protocolo <i>NCP<\/i> (<i>Networking Control Protocol<\/i>). A&iacute;      come&ccedil;aram a aparecer as limita&ccedil;&otilde;es, como o n&uacute;mero      de computadores conectados, que no m&aacute;ximo poderiam ser mil.<\/span><\/p>\n<p><span class=\"texto\">Neste meio tempo, come&ccedil;ou a ser desenvolvido      o protocolo FTP, utilizado at&eacute; hoje para <i>upload<\/i> (envio)      e <i>download<\/i> (recebimento) de arquivos, ou seja, m&uacute;sicas,      jogos, programas etc. O FTP tinha como objetivo facilitar a troca de      documentos, como &eacute; hoje, entre os pesquisadores e integrantes      da Arpanet. Nesta &eacute;poca, ocorreu tamb&eacute;m o desenvolvimento      do <i>NVP<\/i> (<i>Network Voice Protocol<\/i>), que permitia confer&ecirc;ncia      de voz.<\/span><\/p>\n<p><span class=\"texto\">Em 1972, Ray Tomlinson modificou o sistema de e-mail      e come&ccedil;ou a ser utilizada a &#8220;@&#8221; para simbolizar um      endere&ccedil;o de correspond&ecirc;ncia eletr&ocirc;nica.<\/span><\/p>\n<p><span class=\"texto\">No ano de 1973, a Universidade de Londres (percebendo      a import&acirc;ncia da rede) se integra a Arpanet por meio da NORSAR      (<i>Centro de Estudos S&iacute;smicos da Noruega<\/i>), que j&aacute;      compartilhava os seus dados na rede criada pela Arpa.<\/span><\/p>\n<p><span class=\"texto\">As pesquisas cresciam e o entusiasmo era t&atilde;o      grande que logo foi testada a primeira rede <i>Ethernet Local Area Network<\/i>,      no <i>Xerox Palo Alto Research Center<\/i>.<\/span><\/p>\n<p><span class=\"texto\">Mas, em 1974, um outro salto foi dado nas comunica&ccedil;&otilde;es      entre redes, com os estudos para o desenvolvimento do TCP (<i>Transmission      Control Program<\/i>), que &eacute; o protocolo que usamos at&eacute;      hoje, com alguns aperfei&ccedil;oamentos. Na sequ&ecirc;ncia dos acontecimentos,      o <i>TCP<\/i> foi dividido em <i>TCP<\/i> e<i> IP<\/i> (<i>Internet Protoco<\/i>l),      para facilitar o endere&ccedil;amento das informa&ccedil;&otilde;es      e melhorar a organiza&ccedil;&atilde;o dos computadores.<\/span><\/p>\n<p><span class=\"texto\">Com toda esta euforia entre os pesquisadores e      as modifica&ccedil;&otilde;es necess&aacute;rias, &eacute; aberta a      TELENET, e a&iacute; come&ccedil;am verdadeiramente a funcionar os e-mails,      primeiramente utilizados pelos pesquisadores e estudantes que usufru&iacute;am      da rede para estreitar o contato e troca de informa&ccedil;&otilde;es.<\/span><\/p>\n<p><span class=\"texto\">O entusiasmo era t&atilde;o grande, e o e-mail      ficou t&atilde;o popular,que at&eacute; a rainha Elizabeth II enviou      um, no dia 26 de mar&ccedil;o de 1976.<\/span><\/p>\n<p><span class=\"texto\">No &iacute;nicio dos anos 80, a DAC (<i>Defense      Communications Agency<\/i>), hoje conhecida como DISA (<i>Defense Information      System Agency<\/i>), juntamente com a Arpa, estabeleceram o uso do TCP\/IP      como padr&atilde;o de comunica&ccedil;&atilde;o na Arpanet, sendo aos      poucos abandonado o NCP, por causa das suas limita&ccedil;&otilde;es.<\/span><\/p>\n<p><span class=\"texto\">Por algum tempo, os dois protocolos funcionaram      juntos, at&eacute; que todos os testes tivessem resultados satisfat&oacute;rios      e tudo funcionando como os seus idealizadores queriam. <\/span><\/p>\n<p><span class=\"texto\">Sendo assim, com a difus&atilde;o do TCP\/IP, a      Internet come&ccedil;ou a ser pensada e desenvolvida por v&aacute;rios      pesquisadores da &aacute;rea, apesar do nome j&aacute; ser utilizado      bem antes disso pelos pesquisadores para nomear uma rede de redes, como      &eacute; conhecida a Internet.<\/span><\/p>\n<p><span class=\"texto\">Com o progresso da rede, os usu&aacute;rios come&ccedil;aram      a trocar seus terminais por esta&ccedil;&otilde;es de trabalho baseadas      em Unix, desenvolvido na Universidade de Berkeley, California, que j&aacute;      inclu&iacute;a um programa de rede IP.<\/span><\/p>\n<p><span class=\"texto\">Segundo Bob Braden, um dos pioneiros e respons&aacute;vel      pela troca e substitui&ccedil;&atilde;o gradativa dos protocolos, &#8220;a      data de origem mais l&oacute;gica da cria&ccedil;&atilde;o da Internet      &eacute; 1o de janeiro de 1983, quando a Arpanet oficialmente migrou      do protocolo NCP para o atual TCP\/IP&#8221;.<\/span><\/p>\n<p><span class=\"texto\">Na lista de discuss&atilde;o <i>Internet Engineering      Task Force<\/i> (<i>IETF<\/i>), <i>http:\/\/www.ietf.org<\/i>, Bob Braden,      chama a aten&ccedil;&atilde;o para os 20 anos da mudan&ccedil;a e fala:      &#8220;Ainda deve haver algumas camisetas com a frase <i>&#8220;Eu sobrevivi      &agrave; transi&ccedil;&atilde;o do TCP\/IP&#8221;<\/i>.<\/span><\/p>\n<p><span class=\"texto\">Ele fala isto porque havia um temor, de que quando      se migrasse para o TCP\/IP, as coisas n&atilde;o acontecessem como era      previsto. Mas, na verdade, os &#8220;<i>geek<\/i>&#8221; (rapazes) da Arpanet      n&atilde;o se preocuparam com isso e dormiram sossegados, diz Braden.<\/span><\/p>\n<p><span class=\"texto\">J&aacute; em 1984, foi introduzido o <i>DNS<\/i>      (<i>Domain Name System<\/i>). O n&uacute;mero de servidores cresceu e      j&aacute; ultrapassava a 1000, sendo que, nos anos 90, o salto foi muito      maior.<\/span><\/p>\n<p><span class=\"texto\">Atualmente, o governo dos Estados Unidos pretende      criar algo parecido com a Arpanet. Preocupado com a seguran&ccedil;a      do ciberespa&ccedil;o, j&aacute; come&ccedil;ou a ganhar voz a id&eacute;ia      de criar uma <i>GOVNET<\/i>, uma vers&atilde;o da Internet segura, somente      para o governo federal.<\/span><\/p>\n<p><span class=\"texto\">No Brasil, a Funda&ccedil;&atilde;o de Amparo a      Pesquisa, de S&atilde;o Paulo, (<i>Fapesp<\/i>) conectou os seus computadores      ao Laborat&oacute;rio de F&iacute;sica de Altas Energias (<i>Fermilab<\/i>),      na Universidade de Chicago em 1989. Na &eacute;poca, a Fapesp se conectou      &agrave; rede Bitnet, que surgiu em 1981, para interligar mainframes,      computadores de grande porte, nas universidades dos Estados Unidos.<\/span><\/p>\n<p><span class=\"texto\">Mas, em 1989, o governo federal criou a Rede Nacional      de Pesquisas (<i>RNP<\/i>), para interligar as redes que estavam sendo      criadas em S&atilde;o Paulo, Rio de Janeiro e Rio Grande do Sul. Em      1991, a RNP come&ccedil;ou a funcionar com o objetivo de dar acesso      a Internet a todos os centros de pesquisas do pa&iacute;s.<\/span><\/p>\n<p><span class=\"texto\">No ano de 1995, o Minist&eacute;rio das Telecomunica&ccedil;&otilde;es      liberou comercialmente a Internet no Brasil. Come&ccedil;ou a&iacute;      o surgimento dos provedores, que hoje s&atilde;o v&aacute;rios, tais      como: Uol, Aaz e Ig.<\/span><\/p>\n<p><span class=\"texto\">Hoje, s&oacute; no Brasil, estima-se que existam      mais de 14 milh&otilde;es de internautas, sendo estimado o n&uacute;mero      de 529 milh&otilde;es para todo o mundo.<\/span><\/p>\n<p><span class=\"texto\">Para quem gosta da hist&oacute;ria da Internet,      uma dica interessante &eacute; a p&aacute;gina <a href=\"http:\/\/www.geog.ucl.ac.uk\/casa\/martin\/atlas\/historical.html\">http:\/\/www.geog.ucl.ac.uk\/casa\/martin\/atlas\/historical.html<\/a>,      onde podem ser encontrados v&aacute;rios esbo&ccedil;os de mapas, explica&ccedil;&otilde;es      e planejamentos de uma rede ARPA.<\/span><\/p>\n<p>    <span class=\"texto\">     <\/p>\n<p><i><font face=\"1\">(*) Programador da Divis&atilde;o de Atendimento      e Consultoria<\/font><\/i><\/p>\n<p>    <\/span> <\/td>\n<\/tr>\n<tr>\n<td align=\"LEFT\" valign=\"TOP\"><\/td>\n<td align=\"LEFT\" valign=\"TOP\"><a name=\"ainformativo2\"><span class=\"titulo\">DICAS DE     SITES INTERESSANTES<\/span><\/a> <span class=\"texto\">     <\/p>\n<p>Adyrus, o ca&ccedil;ador de sites, enviou as seguintes dicas:<\/p>\n<p>&#8211; Se voc&ecirc; tem d&uacute;vidas sobre as sopinhas de palavras usadas      na Web, tire as suas d&uacute;vidas sobre HTML, CSS, PHP, Photoshop,      Dreamweaver, Flash, ASP e FrontPage. O f&oacute;rum &eacute; muito interessante      e voc&ecirc; poder&aacute; trocar id&eacute;ias com pessoas e tirar      aquelas d&uacute;vidas. O endere&ccedil;o &eacute;: <a href=\"http:\/\/forum.plugmasters.com.br\/\">http:\/\/forum.plugmasters.com.br\/<\/a>.<\/p>\n<p>&#8211; Com tantas informa&ccedil;&otilde;es na Web, fica f&aacute;cil montar      uma rede e compartilhar os recursos. Uma &oacute;tima p&aacute;gina      para obter as dicas &eacute; a <a href=\"http:\/\/www.guiadohardware.net\/tutoriais\/\">http:\/\/www.guiadohardware.net\/tutoriais\/<\/a>.      Se voc&ecirc; tem dois computadores ou mais na sua casa ou escrit&oacute;rio      n&atilde;o perca tempo. O Guia do Hardware oferece um tutorial bastante      simples para voc&ecirc; montar uma rede.<\/p>\n<p>&#8211; Muitas vezes precisamos de &iacute;ndices econ&ocirc;micos, desde      a d&eacute;cada de 60, para poder receber ou pagar alguma conta. E na      maioria das vezes n&atilde;o temos onde recorrer. Bem, n&atilde;o t&iacute;nhamos!      Na p&aacute;gina <a href=\"http:\/\/www.debit.com.br\">http:\/\/www.debit.com.br<\/a>,      voc&ecirc; pode fazer c&aacute;lculos de corre&ccedil;&atilde;o monet&aacute;ria      com atualiza&ccedil;&atilde;o baseada em mais de 20 &iacute;ndices econ&ocirc;micos.      Apesar de alguns servi&ccedil;os serem pagos, a p&aacute;gina disp&otilde;e      de diversas consultas gratuitas, que incluem dados sobre poupan&ccedil;a      e d&oacute;lar desde 1980 at&eacute; hoje. Vale a pena conferir.<\/p>\n<p>&#8211; Voc&ecirc; j&aacute; viu algu&eacute;m entrar em um espelho? Se nunca      viu, aponte o seu navegador para a p&aacute;gina <a href=\"http:\/\/www.yonkis.ya.com\/flash\/quemecorro.htm\">http:\/\/www.yonkis.ya.com\/flash\/quemecorro.htm<\/a>      e veja que coisa mais maluca do mundo. &Eacute; uma verdadeira tortura!<\/p>\n<p>&#8211; Numa f&oacute;rmula que re&uacute;ne um mix de informa&ccedil;&otilde;es      que v&atilde;o de presta&ccedil;&atilde;o de servi&ccedil;o a cultura      e lazer, o <i>Guiaonde<\/i> chega ao mercado com o diferencial de oferecer      ao usu&aacute;rio, um conte&uacute;do abrangente, diversificado e din&acirc;mico,      de forma regionalizada, valorizando as peculiaridades de cada regi&atilde;o      da cidade de S&atilde;o Paulo. A proposta &eacute;, n&atilde;o s&oacute;      valorizar as tais caracter&iacute;sticas de cada regi&atilde;o, mas      sobretudo facilitar a vida de quem mora, vive ou passa pelo maior centro      de neg&oacute;cios da Am&eacute;rica Latina, tamb&eacute;m chamada de      capital internacional da gastronomia. Num &uacute;nico guia, o usu&aacute;rio      poder&aacute; encontrar informa&ccedil;&otilde;es que v&atilde;o ao      encontro de todas as suas necessidades. V&aacute; at&eacute; o endere&ccedil;o      <a href=\"http:\/\/www.guiaonde.com.br\/\">http:\/\/www.guiaonde.com.br\/<\/a>.<\/p>\n<p>&#8211; Esta p&aacute;gina d&aacute; um destaque especial aos temas relacionados      &agrave; F&iacute;sica. Como n&atilde;o restam d&uacute;vidas de que      as Feiras de Ci&ecirc;ncias constituem o mais completo processo de divulga&ccedil;&atilde;o      cient&iacute;fica, al&eacute;m de incentiv&aacute;-las, a p&aacute;gina      <a href=\"http:\/\/www.feiradeciencias.com.br\/\">http:\/\/www.feiradeciencias.com.br\/<\/a>      optou por esse caminho para transmitir cultura cient&iacute;fica. <\/p>\n<p>&#8211; <i>Quanto mais consci&ecirc;ncia voc&ecirc; tem do valor das palavras,      mais fica exigente no emprego delas.<\/i> Quem disse isso foi Carlos      Drumond de Andrade. Este e outros pensamentos, mensagens especiais,      otimismo, ora&ccedil;&otilde;es, parab&eacute;ns, reflex&otilde;es etc.,      voc&ecirc; encontra na p&aacute;gina <a href=\"http:\/\/sorria.cidadeinternet.com.br\/home.asp\">http:\/\/sorria.cidadeinternet.com.br\/home.asp<\/a>.      <i>Um sorriso sempre esquenta o cora&ccedil;&atilde;o. &Eacute; a maneira      mais f&aacute;cil de mostrarmos alegria. Sorria !!! voc&ecirc; tamb&eacute;m.<\/i><\/p>\n<p>&#8211; A <i>Dermatologia.Net<\/i> foi criada em 1996 pelo Dr. Roberto Barbosa      Lima, m&eacute;dico dermatologista e membro efetivo da Sociedade Brasileira      de Dermatologia. Inicialmente batizada como <i>Dermatologia Online<\/i>,      come&ccedil;ou com apenas uma p&aacute;gina, dando informa&ccedil;&otilde;es      sobre a preven&ccedil;&atilde;o do c&acirc;ncer da pele. Com a grande      receptividade ao servi&ccedil;o, foram acrescentados novos itens, como:      doen&ccedil;as da pele, a campanha <i>Sol e Sa&uacute;de<\/i>, preven&ccedil;&atilde;o      do c&acirc;ncer da pele, o atlas de imagens, o manual de ver&atilde;o,      a &aacute;rea de est&eacute;tica, verdades e muitos outros, sempre com      uma linguagem de f&aacute;cil compreens&atilde;o dedicada ao p&uacute;blico      em geral, pois seu objetivo sempre foi o de permitir o acesso desse      p&uacute;blico &agrave;s informa&ccedil;&otilde;es sobre a sa&uacute;de      da pele. O endere&ccedil;o &eacute;: <a href=\"http:\/\/www.dermatologia.net\/\">http:\/\/www.dermatologia.net\/<\/a>.<\/p>\n<p>&#8211; Um filme sobre Abraham Lincoln pode ser o pr&oacute;ximo projeto      de Spielberg; Kate Winslet inova no visual para Eternal Sunshine of      the Spotless Mind; veja novas fotos de Um Golpe &agrave; Italiana e      Against the Ropes; e confira ainda v&aacute;rias outras novidades! Globo      de Ouro: confira os vencedores e leia a cobertura e a an&aacute;lise      de Renato Silveira sobre a 60&ordf; edi&ccedil;&atilde;o da premia&ccedil;&atilde;o.      Quer saber mais? V&aacute; at&eacute; <a href=\"http:\/\/www.cinema.art.br\">http:\/\/www.cinema.art.br<\/a>.<\/p>\n<p>&#8211; Veja a p&aacute;gina <a href=\"http:\/\/www.memoriadofutebol.com.br\/\">http:\/\/www.memoriadofutebol.com.br\/<\/a>:      &#8220;Continuando com os nossos trabalhos, apresentaremos nos pr&oacute;ximos      meses fotos de atletas que vestiram a camisa e jogaram representando      a gloriosa Sele&ccedil;&atilde;o Brasileira. Nossas imagens pretendem      resgatar o longo per&iacute;odo entre os anos 1914 e 1997, com v&aacute;rias      fotos in&eacute;ditas e ap&oacute;s a apresenta&ccedil;&atilde;o de      todos os jogadores, informaremos seus nomes, detalhes e curiosidades      sobre os mesmos e sobre a nossa sele&ccedil;&atilde;o. Os amigos poder&atilde;o      testar os seus conhecimentos, podendo tamb&eacute;m deixar a sua opini&atilde;o.      Durante esses anos, muitos atletas entraram para a hist&oacute;ria como      craques eternos, grandes craques, craques, grandes e bons jogadores.      Ressaltamos que, apesar dos atributos acima, nem todos os jogadores      tiveram, em momentos decisivos, a sorte ao seu lado. J&aacute; outros      ficaram conhecidos com t&iacute;tulos tais como El Tigre, Maravilha      Negra, Diamante Negro, Divino, O Grande Heleno, Mestre Ziza, Queixada,      Pr&iacute;ncipe, Enciclop&eacute;dia, Rei, Imperador, Galinho, Doutores,      Baixinho, Animal etc. Em nossa mem&oacute;ria, e que fique como registro      no futebol mundial, para que justi&ccedil;a seja feita, s&oacute; houve      um g&ecirc;nio, Manoel Francisco dos Santos, conhecido por Man&eacute;,      Alegria do Povo, ou simplesmente e ingenuamente como era ele pr&oacute;prio      : Garrincha, o extraordin&aacute;rio fen&ocirc;meno do futebol brasileiro:      de pernas tortas e considerado inapto em psicotestes, desmontava defesas      advers&aacute;rias.&#8221;<\/p>\n<p>    <\/span> <\/td>\n<\/tr>\n<tr>\n<td align=\"LEFT\" valign=\"TOP\"><\/td>\n<td align=\"LEFT\" valign=\"TOP\"><a name=\"ainformativo3\"><span class=\"titulo\">MEM&Oacute;RIA     FOTOGR&Aacute;FICA DO CECOM<\/span><\/a> <span class=\"texto\">     <\/p>\n<p>O Sistem&aacute;tico d&aacute; continuidade &agrave; publica&ccedil;&atilde;o      das fotos da Festa de Natal do CECOM, ocorrida no dia 22 de dezembro      de 2002.<\/p>\n<p align=\"center\"><img loading=\"lazy\" decoding=\"async\" src=\"https:\/\/www.ufmg.br\/dti\/wp-content\/uploads\/fotos\/FestNat200213.jpg\" width=\"415\" height=\"303\"><\/p>\n<p align=\"center\"><font face=\"1\"><i>Jo&atilde;o Paulo, Matheus e Thiago<\/i><\/font><\/p>\n<p align=\"center\"><img loading=\"lazy\" decoding=\"async\" src=\"https:\/\/www.ufmg.br\/dti\/wp-content\/uploads\/fotos\/FestNat200214.jpg\" width=\"472\" height=\"324\"><\/p>\n<p align=\"center\"><font face=\"1\"><i>Raabe, Rosa, Davi, Le&atilde;o e Natasha<\/i><\/font><\/p>\n<p align=\"center\"><img loading=\"lazy\" decoding=\"async\" src=\"https:\/\/www.ufmg.br\/dti\/wp-content\/uploads\/fotos\/FestNat200215.jpg\" width=\"461\" height=\"362\"><\/p>\n<p align=\"center\"><font face=\"1\"><i>Le&atilde;o, Davi e Natasha. Xina,      ao fundo.<\/i><\/font><\/p>\n<p align=\"center\"><img loading=\"lazy\" decoding=\"async\" src=\"https:\/\/www.ufmg.br\/dti\/wp-content\/uploads\/fotos\/FestNat200216.jpg\" width=\"407\" height=\"328\"><\/p>\n<p align=\"center\"><font face=\"1\"><i>Alexandre, Matheus, Mar&iacute;lia      e Michele<\/i><\/font><\/p>\n<p align=\"center\"><img loading=\"lazy\" decoding=\"async\" src=\"https:\/\/www.ufmg.br\/dti\/wp-content\/uploads\/fotos\/FestNat200217.jpg\" width=\"433\" height=\"290\"><\/p>\n<p align=\"center\"><font face=\"1\"><i>B&aacute;rbara e os filhos Murillo,      J&uacute;lia e Marcella, junto com a Tina<\/i><\/font><\/p>\n<p align=\"center\"><img loading=\"lazy\" decoding=\"async\" src=\"https:\/\/www.ufmg.br\/dti\/wp-content\/uploads\/fotos\/FestNat200218.jpg\" width=\"433\" height=\"282\"><\/p>\n<p align=\"center\"><font face=\"1\"><i>Carlos Alfeu, Augusto, Leandro e Vicente<\/i><\/font><\/p>\n<p align=\"center\"><img loading=\"lazy\" decoding=\"async\" src=\"https:\/\/www.ufmg.br\/dti\/wp-content\/uploads\/fotos\/FestNat200219.jpg\" width=\"472\" height=\"270\"><\/p>\n<p align=\"center\"><font face=\"1\"><i>Beth, Tim&eacute;, Maria Helena e      Eliz&acirc;ngela tomando conta das crian&ccedil;as na piscina<\/i><\/font><\/p>\n<p>&nbsp;<\/p>\n<p>    <\/span> <\/td>\n<\/tr>\n<p>  <!-- #EndEditable -->  <\/table>\n<p> <!-- fim noticias --> <!-- tabela ha 20 anos --> <\/p>\n<table border=\"0\" cellspacing=\"0\" cellpadding=\"0\" class=\"cinza\">\n<tr>\n<td><img loading=\"lazy\" decoding=\"async\" src=\"https:\/\/www.ufmg.br\/dti\/wp-content\/uploads\/imgs\/tudo_pixel.gif\" width=\"1\" height=\"1\" alt=\"\" border=\"0\"><\/td>\n<td><img loading=\"lazy\" decoding=\"async\" src=\"https:\/\/www.ufmg.br\/dti\/wp-content\/uploads\/imgs\/tudo_pixel.gif\" width=\"19\" height=\"1\" alt=\"\" border=\"0\"><\/td>\n<td><img loading=\"lazy\" decoding=\"async\" src=\"https:\/\/www.ufmg.br\/dti\/wp-content\/uploads\/imgs\/tudo_pixel.gif\" width=\"510\" height=\"1\" alt=\"\" border=\"0\"><\/td>\n<td><img loading=\"lazy\" decoding=\"async\" src=\"https:\/\/www.ufmg.br\/dti\/wp-content\/uploads\/imgs\/tudo_pixel.gif\" width=\"19\" height=\"1\" alt=\"\" border=\"0\"><\/td>\n<td><img loading=\"lazy\" decoding=\"async\" src=\"https:\/\/www.ufmg.br\/dti\/wp-content\/uploads\/imgs\/tudo_pixel.gif\" width=\"1\" height=\"1\" alt=\"\" border=\"0\"><\/td>\n<\/tr>\n<tr>\n<td class=\"vermelho\" colspan=\"5\"><img loading=\"lazy\" decoding=\"async\" src=\"https:\/\/www.ufmg.br\/dti\/wp-content\/uploads\/imgs\/tudo_pixel.gif\" width=\"1\" height=\"1\" alt=\"\" border=\"0\"><\/td>\n<\/tr>\n<tr>\n<td class=\"vermelho\"><img loading=\"lazy\" decoding=\"async\" src=\"https:\/\/www.ufmg.br\/dti\/wp-content\/uploads\/imgs\/tudo_pixel.gif\" width=\"1\" height=\"1\" alt=\"\" border=\"0\"><\/td>\n<td><img loading=\"lazy\" decoding=\"async\" src=\"https:\/\/www.ufmg.br\/dti\/wp-content\/uploads\/imgs\/tudo_pixel.gif\" width=\"1\" height=\"1\" alt=\"\" border=\"0\"><\/td>\n<td align=\"LEFT\" valign=\"TOP\"><!-- #BeginEditable \"ha 20 anos\" --><a name=\"ainformativo4\"><img loading=\"lazy\" decoding=\"async\" src=\"https:\/\/www.ufmg.br\/dti\/wp-content\/uploads\/imgs\/tudo_pixel.gif\" width=\"1\" height=\"8\" alt=\"\" border=\"0\"><br \/>    <span class=\"titulo\">H\u00e1 20 anos&#8230;<\/span><\/a> <span class=\"texto\">     <\/p>\n<p>O Sistem&aacute;tico Ano VII, no. 3, de 20\/01\/1983, publicou not&iacute;cias      sobre a implanta&ccedil;&atilde;o do BMDP, pacote de aplica&ccedil;&atilde;o      largamente utilizado em estat&iacute;stica e ci&ecirc;ncias sociais,      2a. Reuni&atilde;o Regional da Sociedade Brasileira de Matem&aacute;tica      Aplicada e Computacional de Minas Gerais no Campus da Universidade Federal      de Vi&ccedil;osa, solicita&ccedil;&atilde;o do Almoxarifado do CECOM,      entre outras. As not&iacute;cias que se destacaram foram:<\/p>\n<p><b>VESTIBULAR DA UFMG<\/b><br \/>     <font face=\"1\">As provas da segunda etapa do Vestibular da UFMG v&atilde;o      chegar hoje para leitura no Facom e processamento no Burroughs 6700.<br \/>     As demais provas dever&atilde;o chegar nos pr&oacute;ximos dois dias      e o Centro de Computa&ccedil;&atilde;o espera encerrar os trabalhos      relativos &agrave; fase de apura&ccedil;&atilde;o do Vestibular at&eacute;      a pr&oacute;xima semana.<\/font><\/p>\n<p><b>EXPANS&Atilde;O DOS COBRA<\/b><br \/>     <font face=\"1\">O Centro de Computa&ccedil;&atilde;o recebeu, na semana      passada, duas unidades de disquetes para expans&atilde;o do Cobra 305.<br \/>     Al&eacute;m disso, foi adquirido, esta semana, um kit de transforma&ccedil;&atilde;o      de 1 TD 200 para Cobra 305.<br \/>     A instala&ccedil;&atilde;o dever&aacute; ser efetuada pela Cobra no      decorrer da semana.<\/font><\/p>\n<p>    <\/span><!-- #EndEditable --><br \/>     <img loading=\"lazy\" decoding=\"async\" src=\"https:\/\/www.ufmg.br\/dti\/wp-content\/uploads\/imgs\/tudo_pixel.gif\" width=\"1\" height=\"8\" alt=\"\" border=\"0\"><\/td>\n<td><img loading=\"lazy\" decoding=\"async\" src=\"https:\/\/www.ufmg.br\/dti\/wp-content\/uploads\/imgs\/tudo_pixel.gif\" width=\"1\" height=\"1\" alt=\"\" border=\"0\"><\/td>\n<td class=\"vermelho\"><img loading=\"lazy\" decoding=\"async\" src=\"https:\/\/www.ufmg.br\/dti\/wp-content\/uploads\/imgs\/tudo_pixel.gif\" width=\"1\" height=\"1\" alt=\"\" border=\"0\"><\/td>\n<\/tr>\n<tr>\n<td class=\"vermelho\" colspan=\"5\"><img loading=\"lazy\" decoding=\"async\" src=\"https:\/\/www.ufmg.br\/dti\/wp-content\/uploads\/imgs\/tudo_pixel.gif\" width=\"1\" height=\"1\" alt=\"\" border=\"0\"><\/td>\n<\/tr>\n<\/table>\n<p> <!-- fim tabela ha 20 anos --><\/div>\n<p><a name='eventos'><\/a><\/p>\n<h4>Eventos<\/h4>\n<div class=\"centro-sistematico\">  <!-- noticias --> <\/p>\n<table border=\"0\" cellspacing=\"0\" cellpadding=\"0\">\n<tr>\n<td><\/td>\n<td><\/td>\n<\/tr>\n<p>  <!-- #BeginEditable \"materias\" -->   <\/p>\n<tr>\n<td align=\"LEFT\" valign=\"TOP\"><\/td>\n<td align=\"LEFT\" valign=\"TOP\"> <a name=\"aeventos1\"><span class=\"titulo\">SOCIAIS<\/span><\/a>     <span class=\"texto\">     <\/p>\n<p><b>ANIVERS&Aacute;RIOS:<\/b> <i>&#8220;O Sistem&aacute;tico&#8221; envia      os parab&eacute;ns para Helv&eacute;cio Cossenzo Pinto, aniversariante      do dia 28. E os parab&eacute;ns para os ex-ceconianos: Izilda Costa      Chaves, no dia 26; Ism&ecirc;nia Carvalho Moreira e Margarida Maria      Santos, no dia 28; e Mari&acirc;ngela Fontes Figueiredo, no dia 30.<\/i><\/p>\n<p>    <\/span> <\/td>\n<\/tr>\n<p>  <!-- #EndEditable -->  <\/table>\n<p> <!-- fim noticias --><\/div>\n","protected":false},"excerpt":{"rendered":"<p>Not\u00edcias SISTEMA ACAD&Ecirc;MICO DA P&Oacute;S-GRADUA&Ccedil;&Atilde;O CONFIRMA&Ccedil;&Atilde;O DE REGISTRO DE CALOURO COM MATR&Iacute;CULA AUTOM&Aacute;TICA INFRA-ESTRUTURA PARA CORRE&Ccedil;&Atilde;O DO VESTIBULAR Informativo INTERNET, 20 ANOS DA GRANDE REDE! DICAS DE SITES INTERESSANTES MEM&Oacute;RIA FOTOGR&Aacute;FICA DO CECOM H\u00e1 20 anos&#8230; Eventos SOCIAIS Not\u00edcias SISTEMA ACAD&Ecirc;MICO DA P&Oacute;S-GRADUA&Ccedil;&Atilde;O No final do ano passado, a Magn&iacute;fica Reitora, profa. Ana L&uacute;cia Almeida &#8230; <a title=\"Sistem\u00e1tico: Edi\u00e7\u00e3o 1142 &#8211; 23\/01\/2003\" class=\"read-more\" href=\"https:\/\/www.ufmg.br\/dti\/2003\/01\/23\/sistematico-edicao-1142-23012003\/\" aria-label=\"Read more about Sistem\u00e1tico: Edi\u00e7\u00e3o 1142 &#8211; 23\/01\/2003\">Ler mais<\/a><\/p>\n","protected":false},"author":3,"featured_media":0,"comment_status":"open","ping_status":"open","sticky":false,"template":"","format":"standard","meta":{"inline_featured_image":false,"footnotes":""},"categories":[13],"tags":[],"coauthors":[79],"class_list":["post-3216","post","type-post","status-publish","format-standard","hentry","category-sistematico"],"_links":{"self":[{"href":"https:\/\/www.ufmg.br\/dti\/wp-json\/wp\/v2\/posts\/3216","targetHints":{"allow":["GET"]}}],"collection":[{"href":"https:\/\/www.ufmg.br\/dti\/wp-json\/wp\/v2\/posts"}],"about":[{"href":"https:\/\/www.ufmg.br\/dti\/wp-json\/wp\/v2\/types\/post"}],"author":[{"embeddable":true,"href":"https:\/\/www.ufmg.br\/dti\/wp-json\/wp\/v2\/users\/3"}],"replies":[{"embeddable":true,"href":"https:\/\/www.ufmg.br\/dti\/wp-json\/wp\/v2\/comments?post=3216"}],"version-history":[{"count":0,"href":"https:\/\/www.ufmg.br\/dti\/wp-json\/wp\/v2\/posts\/3216\/revisions"}],"wp:attachment":[{"href":"https:\/\/www.ufmg.br\/dti\/wp-json\/wp\/v2\/media?parent=3216"}],"wp:term":[{"taxonomy":"category","embeddable":true,"href":"https:\/\/www.ufmg.br\/dti\/wp-json\/wp\/v2\/categories?post=3216"},{"taxonomy":"post_tag","embeddable":true,"href":"https:\/\/www.ufmg.br\/dti\/wp-json\/wp\/v2\/tags?post=3216"},{"taxonomy":"author","embeddable":true,"href":"https:\/\/www.ufmg.br\/dti\/wp-json\/wp\/v2\/coauthors?post=3216"}],"curies":[{"name":"wp","href":"https:\/\/api.w.org\/{rel}","templated":true}]}}