{"id":3219,"date":"2002-12-19T08:00:00","date_gmt":"2002-12-19T08:00:00","guid":{"rendered":"https:\/\/www.ufmg.br\/dti\/cecom\/?p=1488"},"modified":"2002-12-19T08:00:00","modified_gmt":"2002-12-19T08:00:00","slug":"sistematico-edicao-1139-19122002","status":"publish","type":"post","link":"https:\/\/www.ufmg.br\/dti\/2002\/12\/19\/sistematico-edicao-1139-19122002\/","title":{"rendered":"Sistem\u00e1tico: Edi\u00e7\u00e3o 1139 &#8211; 19\/12\/2002"},"content":{"rendered":"<ul>\n<li><a href=\"\/dti\/#noticias\">Not\u00edcias<\/a>\n<div class='submenuSistematico'>\n<ul>\n<li><a href=\"\/dti\/#anoticias1\"><span class=\"titulo\">DIVULGADO     O RESULTADO DA PRIMEIRA ETAPA DO VESTIBULAR<\/span><\/a><\/li>\n<li><a href=\"\/dti\/#anoticias2\"><span class=\"titulo\">EMBRATEL     E INTELIG VENCEM PREG&Atilde;O DE DDD E DDI<\/span><\/a><\/li>\n<li><a href=\"\/dti\/#anoticias3\"><span class=\"titulo\">COME&Ccedil;A     A IMPLANTA&Ccedil;&Atilde;O DO SISTEMA DI&Aacute;RIO DE CLASSE<\/span><\/a><\/li>\n<li><a href=\"\/dti\/#anoticias4\"><span class=\"titulo\">VTLS TEM     DESEMPENHO MELHORADO<\/span><\/a><\/li>\n<li><a href=\"\/dti\/#anoticias5\"><span class=\"titulo\">BU AVALIA     SISTEMA VIRTUA<\/span><\/a><\/li>\n<li><a href=\"\/dti\/#anoticias6\"><span class=\"titulo\">SISTEMA     DE PATRIM&Ocirc;NIO SER&Aacute; DESENVOLVIDO EM 2003<\/span><\/a><\/li>\n<li><a href=\"\/dti\/#anoticias7\"><span class=\"titulo\">FORMUL&Aacute;RIOS     NOTES S&Atilde;O APRESENTADOS AOS USU&Aacute;RIOS<\/span><\/a><\/li>\n<li><a href=\"\/dti\/#anoticias8\"><span class=\"titulo\">ATIVIDADES     DO CECOM NESTA SEXTA-FEIRA<\/span><\/a><\/li>\n<\/ul>\n<\/div>\n<\/li>\n<li><a href=\"\/dti\/#informativo\">Informativo<\/a>\n<div class='submenuSistematico'>\n<ul>\n<li><a href=\"\/dti\/#ainformativo1\"><span class=\"titulo\">DICAS DE     SITES INTERESSANTES<\/span><br \/>    <\/a><\/li>\n<li><a href=\"\/dti\/#ainformativo2\"><span class=\"titulo\">PLANT&Atilde;O     INFO<\/span><\/a><\/li>\n<li><a href=\"\/dti\/#ainformativo3\"><span class=\"titulo\">MENSAGEM<\/span><\/a><\/li>\n<li><a href=\"\/dti\/#ainformativo4\"><span class=\"titulo\">MEM&Oacute;RIA     FOTOGR&Aacute;FICA DO CECOM<\/span><\/a><\/li>\n<li><a href=\"\/dti\/#ainformativo5\"><img loading=\"lazy\" decoding=\"async\" src=\"https:\/\/www.ufmg.br\/dti\/wp-content\/uploads\/imgs\/tudo_pixel.gif\" width=\"1\" height=\"8\" alt=\"\" border=\"0\"><br \/>    <span class=\"titulo\">H\u00e1 20 anos&#8230;<\/span><\/a><\/li>\n<\/ul>\n<\/div>\n<\/li>\n<li><a href=\"\/dti\/#eventos\">Eventos<\/a>\n<div class='submenuSistematico'>\n<ul>\n<li><a href=\"\/dti\/#aeventos1\"><span class=\"titulo\">FESTA DE     NATAL DO CECOM<\/span><\/a><\/li>\n<li><a href=\"\/dti\/#aeventos2\"><span class=\"titulo\">LAN&Ccedil;AMENTO     DE LIVRO DA EDITORA UFMG<\/span><\/a><\/li>\n<li><a href=\"\/dti\/#aeventos3\"><span class=\"titulo\">LEMBRANDO     MERCEDES<\/span><\/a><\/li>\n<li><a href=\"\/dti\/#aeventos4\"><span class=\"titulo\">SOCIAIS<\/span><\/a><\/li>\n<\/ul>\n<\/div>\n<\/li>\n<\/ul>\n<p> <a name='noticias'><\/a><\/p>\n<h4>Not\u00edcias<\/h4>\n<div class=\"centro-sistematico\">  <!-- noticias --> <\/p>\n<table border=\"0\" cellspacing=\"0\" cellpadding=\"0\">\n<tr>\n<td><\/td>\n<td><\/td>\n<\/tr>\n<p>  <!-- #BeginEditable \"materias\" -->   <\/p>\n<tr>\n<td align=\"LEFT\" valign=\"TOP\"><\/td>\n<td align=\"LEFT\" valign=\"TOP\"> <a name=\"anoticias1\"><span class=\"titulo\">DIVULGADO     O RESULTADO DA PRIMEIRA ETAPA DO VESTIBULAR<\/span><\/a> <span class=\"texto\">     <\/p>\n<p>Nesta quarta-feira, foi divulgado, pela COPEVE, o resultado da primeira      etapa do Vestibular 2003 da UFMG. A equipe da DAS respons&aacute;vel      pelo processamento deste servi&ccedil;o, composta por Jo&atilde;o Carlos      Lages, M&aacute;rio Magalh&atilde;es Lara e Raimundo Natalino Chaves,      encerrou antecipadamente suas atividades, gerando o resultado para a      COPEVE em diversas m&iacute;dias, tais como, relat&oacute;rios impressos,      CDs e arquivos via e-mail.<\/p>\n<p>A publica&ccedil;&atilde;o do resultado na Internet ficou a cargo da      equipe da DAC, contando com a participa&ccedil;&atilde;o de Aleixina      Andal&eacute;cio, H&eacute;lio Teixeira da Costa e Luiz Eug&ecirc;nio      de Almeida Oliveira. Para que o acesso fosse realizado com sucesso,      pelos in&uacute;meros interessados que acessaram o site www.ufmg.br,      foi montada estrutura especial, que contou com tr&ecirc;s servidores      espec&iacute;ficos, que se alternavam no atendimento &agrave;s requisi&ccedil;&otilde;es      que chegavam pela rede. Na pr&oacute;xima edi&ccedil;&atilde;o de O      Sistem&aacute;tico ser&atilde;o divulgados dados estat&iacute;sticos      sobre este volume de acesso.<\/p>\n<p>    <\/span> <\/td>\n<\/tr>\n<tr>\n<td align=\"LEFT\" valign=\"TOP\"><\/td>\n<td align=\"LEFT\" valign=\"TOP\"> <a name=\"anoticias2\"><span class=\"titulo\">EMBRATEL     E INTELIG VENCEM PREG&Atilde;O DE DDD E DDI<\/span><\/a> <span class=\"texto\">     <\/p>\n<p>Em processo realizado pela equipe da DAA, no dia 05 de dezembro, e      que foi homologado pela Diretoria do CECOM na &uacute;ltima semana,      foram definidas as empresas vencedoras do preg&atilde;o realizado para      contrata&ccedil;&atilde;o dos servi&ccedil;os telef&ocirc;nicos de DDD      e DDI para o pr&oacute;ximo ano.<\/p>\n<p>A empresa Embratel foi a vencedora para o fornecimento de servi&ccedil;os      de DDD para todo o territ&oacute;rio nacional. J&aacute; o fornecimento      dos servi&ccedil;os de DDI estar&atilde;o sendo contratados da empresa      Intelig. Desta forma, a Telemar s&oacute; estar&aacute; fornecendo &agrave;      UFMG, durante o pr&oacute;ximo ano, servi&ccedil;os de telefonia fixa      local.<\/p>\n<p>As modifica&ccedil;&otilde;es necess&aacute;rias nas centrais telef&ocirc;nicas      da universidade, para automatizar o processo de discagem, ser&atilde;o      feitas pela DRC, t&atilde;o logo os contratos com as empresas estejam      assinados, o que deve ocorrer at&eacute; o final do ano.<\/p>\n<p>Estas modifica&ccedil;&otilde;es n&atilde;o trar&atilde;o impacto para      os usu&aacute;rios internos do servi&ccedil;o de telefonia. As orienta&ccedil;&otilde;es      operacionais administrativas estar&atilde;o tamb&eacute;m sendo passadas      pela DAA, em breve, a todas as unidades. As funcion&aacute;rias M&aacute;rcia      Regina Lemos e Alda Batista foram as respons&aacute;veis pela realiza&ccedil;&atilde;o      do Preg&atilde;o.<\/p>\n<p>    <\/span>     <\/td>\n<\/tr>\n<tr>\n<td align=\"LEFT\" valign=\"TOP\"><\/td>\n<td align=\"LEFT\" valign=\"TOP\"> <a name=\"anoticias3\"><span class=\"titulo\">COME&Ccedil;A     A IMPLANTA&Ccedil;&Atilde;O DO SISTEMA DI&Aacute;RIO DE CLASSE<\/span><\/a>     <span class=\"texto\">     <\/p>\n<p>Na &uacute;ltima quinta-feira, os analistas Carlos Alfeu Furtado da      Fonseca e Jo&atilde;o Carlos Lages treinaram a equipe da Escola de Engenharia      que cuidar&aacute; da implanta&ccedil;&atilde;o do sistema Di&aacute;rio      de Classe naquela Escola.<\/p>\n<p>Participaram deste treinamento os alunos Bernardo Barreto Cyrillo,      Hugo de Oliveira Carvalho, Rafael Cunha Discacciati e Lu&iacute;s Eduardo      Pereira Pinto Samico, que ser&atilde;o respons&aacute;veis pelo suporte      interno aos professores, as funcion&aacute;rias Vanessa Maria Atela      Barbosa e Val&eacute;ria Guimar&atilde;es Alencar, sendo todas da Se&ccedil;&atilde;o      de Ensino da Escola, e os estagi&aacute;rios Igor de Carvalho Ferreira      e Thiago Gabriel Diniz, do CECOM.<\/p>\n<p>Durante esta semana, a funcion&aacute;ria H&eacute;rika Sette de Almeida,      indicada pela diretoria da Escola de Engenharia como coordenadora do      processo de implanta&ccedil;&atilde;o, est&aacute; cuidando de detalhes      internos necess&aacute;rios para viabilizar a libera&ccedil;&atilde;o      do sistema. O principal deles &eacute; o encerramento do lan&ccedil;amento      dos encargos did&aacute;ticos dos docentes, no Sistema Acad&ecirc;mico,      que ainda se encontra pendente em alguns colegiados de curso.<\/p>\n<p>O lan&ccedil;amento dos encargos did&aacute;ticos est&aacute; se tornando      cada vez mais cr&iacute;tico. Os novos sistemas, tais como, o Acad&ecirc;mico,      o INA, a Avalia&ccedil;&atilde;o da Gradua&ccedil;&atilde;o e, a partir      de agora, tamb&eacute;m o Di&aacute;rio de Classe, para efetivamente      darem o retorno que deles se espera, precisam que os encargos estejam      lan&ccedil;ados pelos colegiados de curso com a maior brevidade poss&iacute;vel.      Em fun&ccedil;&atilde;o disso, a diretoria do DRCA, est&aacute; projetando      a adequa&ccedil;&atilde;o do calend&aacute;rio acad&ecirc;mico, para      acolher esta demanda, j&aacute; no primeiro semestre letivo de 2003.<\/p>\n<p>    <\/span>     <\/td>\n<\/tr>\n<tr>\n<td align=\"LEFT\" valign=\"TOP\"><\/td>\n<td align=\"LEFT\" valign=\"TOP\"> <a name=\"anoticias4\"><span class=\"titulo\">VTLS TEM     DESEMPENHO MELHORADO<\/span><\/a> <span class=\"texto\">     <\/p>\n<p>Ao longo dos &uacute;ltimos meses, o sistema VTLS, que atende ao sistema      de bibliotecas da UFMG, tem apresentado desempenho aqu&eacute;m do necess&aacute;rio      para o atendimento dos usu&aacute;rios.<\/p>\n<p>Ap&oacute;s an&aacute;lises realizadas, verificou-se que o principal      &#8220;vil&atilde;o&#8221;, causador desta sobrecarga do sistema, era      o servi&ccedil;o de acesso Web, utilizado para consulta por toda a comunidade.<\/p>\n<p>Em atividade desenvolvida pelo estagi&aacute;rio Leandro Souza Costa,      da DRC, com a orienta&ccedil;&atilde;o dos analistas H&eacute;lio Teixeira      da Costa e Fernando Frota Machado de Morais, foi implantada uma modifica&ccedil;&atilde;o      na forma de conex&atilde;o do Gateway Web do VTLS com a base de dados.      Esta modifica&ccedil;&atilde;o, dispon&iacute;vel a partir desta semana,      mas que ainda n&atilde;o est&aacute; implantada totalmente, j&aacute;      vem apresentando evolu&ccedil;&atilde;o significativa na qualidade do      tempo de resposta das consultas &agrave; base, o que est&aacute; permitindo      uma normaliza&ccedil;&atilde;o dos servi&ccedil;os de consulta.<\/p>\n<p>    <\/span>     <\/td>\n<\/tr>\n<tr>\n<td align=\"LEFT\" valign=\"TOP\"><\/td>\n<td align=\"LEFT\" valign=\"TOP\"> <a name=\"anoticias5\"><span class=\"titulo\">BU AVALIA     SISTEMA VIRTUA<\/span><\/a> <span class=\"texto\">     <\/p>\n<p>Buscando alternativas para evoluir o sistema informatizado das bibliotecas      da universidade, a Diretoria da Biblioteca Universit&aacute;ria est&aacute;      avaliando as alternativas existentes no mercado para a futura substitui&ccedil;&atilde;o      do sistema VTLS, que &eacute; o sistema atualmente em uso.<\/p>\n<p>Esta semana, com a participa&ccedil;&atilde;o de diversos bibliotec&aacute;rios      e bibliotec&aacute;rias da BU e bibliotecas setoriais das unidades,      foi apresentado e analisado o sistema Virtua. A apresenta&ccedil;&atilde;o      do sistema esteve a cargo de Paulo de G&oacute;es, representante da      empresa VTLS Americas. Pela ATI estiveram presentes ao evento o prof.      M&aacute;rcio Bunte de Carvalho e os analistas Carlos Alfeu Furtado      da Fonseca e H&eacute;lio Teixeira da Costa.<\/p>\n<p>    <\/span>     <\/td>\n<\/tr>\n<tr>\n<td align=\"LEFT\" valign=\"TOP\"><\/td>\n<td align=\"LEFT\" valign=\"TOP\"> <a name=\"anoticias6\"><span class=\"titulo\">SISTEMA     DE PATRIM&Ocirc;NIO SER&Aacute; DESENVOLVIDO EM 2003<\/span><\/a> <span class=\"texto\">     <\/p>\n<p>Ap&oacute;s reuni&atilde;o realizada no CECOM, com a participa&ccedil;&atilde;o      de Marcos Eust&aacute;quio de Oliveira Murta., da Auditoria, Edna L&uacute;cia      Gelmini e Gilberto Soalheiro Matos, do DSG, e Carlos Alfeu Furtado da      Fonseca e Regina Helena Moura Brandi, do Centro de Computa&ccedil;&atilde;o,      foram definidas as a&ccedil;&otilde;es estrat&eacute;gicas para o desenvolvimento      do novo sistema de Patrim&ocirc;nio da universidade, a ser implantado      em 2003.<\/p>\n<p>O novo sistema ser&aacute; desenvolvido a partir de pr&eacute;-projeto      montado durante o segundo semestre deste ano, pela empresa International      Syst, com a participa&ccedil;&atilde;o da Auditoria, DSG, DCF e CECOM.      O novo sistema se integrar&aacute; ao SICCA, e absorver&aacute; tamb&eacute;m      as demandas de controle patrimonial do acervo bibliogr&aacute;fico na      universidade. Ele substituir&aacute; o atual sistema ATM.<\/p>\n<p>    <\/span>     <\/td>\n<\/tr>\n<tr>\n<td align=\"LEFT\" valign=\"TOP\"><\/td>\n<td align=\"LEFT\" valign=\"TOP\"> <a name=\"anoticias7\"><span class=\"titulo\">FORMUL&Aacute;RIOS     NOTES S&Atilde;O APRESENTADOS AOS USU&Aacute;RIOS<\/span><\/a> <span class=\"texto\">     <\/p>\n<p>Em evento realizado nesta ter&ccedil;a-feira, no audit&oacute;rio 3      do ICB, e que contou com a participa&ccedil;&atilde;o de Aleixina Maria      Lopes Andal&eacute;cio, Ant&ocirc;nio Eust&aacute;quio Rodrigues, Carlos      Alfeu Furtado da Fonseca, Eug&ecirc;nio Pacelli Pereira de Souza, todos      do CECOM, e Jeroen Van de Graaf, do LCC, os atuais usu&aacute;rios do      sistema de correio eletr&ocirc;nico Hermes tiveram a oportunidade de      conhecer os novos formul&aacute;rios que est&atilde;o sendo implantados      no Notes e que substituir&atilde;o seus similares, ainda em uso no Hermes.<\/p>\n<p>Esta foi mais uma etapa cumprida no cronograma de desativa&ccedil;&atilde;o      do antigo correio eletr&ocirc;nico, que sair&aacute; de cena no pr&oacute;ximo      dia 30 de dezembro.<\/p>\n<p>Estiveram presentes ao evento 109 pessoas, de diversas unidades e &oacute;rg&atilde;os      da universidade.<\/p>\n<p>    <\/span>     <\/td>\n<\/tr>\n<tr>\n<td align=\"LEFT\" valign=\"TOP\"><\/td>\n<td align=\"LEFT\" valign=\"TOP\"> <a name=\"anoticias8\"><span class=\"titulo\">ATIVIDADES     DO CECOM NESTA SEXTA-FEIRA<\/span><\/a> <span class=\"texto\">     <\/p>\n<p>Devido &agrave; confraterniza&ccedil;&atilde;o de fim de ano do Centro      de Computa&ccedil;&atilde;o, o expediente neste centro, no dia 20\/12,      encerrar-se-&aacute; &agrave;s 12 horas.<\/p>\n<p>Todos os sistemas disponibilizados pelo CECOM continuar&atilde;o funcionando      normalmente ap&oacute;s o hor&aacute;rio acima. Caso, por algum motivo,      seja necess&aacute;rio contatar o servi&ccedil;o de atendimento telef&ocirc;nico      (3499-4009), as solicita&ccedil;&otilde;es ser&atilde;o registradas      pela secret&aacute;ria eletr&ocirc;nica e verificadas na manh&atilde;      do dia seguinte.<\/p>\n<p>    <\/span>     <\/td>\n<\/tr>\n<p>  <!-- #EndEditable -->  <\/table>\n<p> <!-- fim noticias --><\/div>\n<p><a name='informativo'><\/a><\/p>\n<h4>Informativo<\/h4>\n<div class=\"centro-sistematico\">  <!-- noticias --> <\/p>\n<table border=\"0\" cellspacing=\"0\" cellpadding=\"0\">\n<tr>\n<td><\/td>\n<td><\/td>\n<\/tr>\n<p>  <!-- #BeginEditable \"materias\" -->   <\/p>\n<tr>\n<td align=\"LEFT\" valign=\"TOP\"><\/td>\n<td align=\"LEFT\" valign=\"TOP\"><a name=\"ainformativo1\"><span class=\"titulo\">DICAS DE     SITES INTERESSANTES<\/span><br \/>    <\/a> <span class=\"texto\">Adyrus, o ca&ccedil;ador de sites, enviou as     seguintes dicas de sites:     <\/p>\n<p>&#8211; Amea&ccedil;adas de extin&ccedil;&atilde;o, as baleias jubarte, tamb&eacute;m      denominadas corcundas ou pretas, s&atilde;o conhecidas por seu temperamento      d&oacute;cil, pelas acrobacias que realizam e por um desenvolvido sistema      de vocaliza&ccedil;&atilde;o. Para estudar, monitorar e proteger as      baleias que utilizam a regi&atilde;o do Arquip&eacute;lago de Abrolhos,      no litoral sul da Bahia, como local de procria&ccedil;&atilde;o, foi      criado, em 1988, o Projeto Baleia Jubarte. A p&aacute;gina traz diversas      informa&ccedil;&otilde;es sobre as baleias e o trabalho da equipe que      participa do projeto. O endere&ccedil;o &eacute;: <a href=\"http:\/\/www.cria-ativa.com.br\/jubarte\/\">http:\/\/www.cria-ativa.com.br\/jubarte\/<\/a>.<\/p>\n<p>&#8211; Conhecida como a terra do Conde Dr&aacute;cula, a Rom&ecirc;nia criou      uma atra&ccedil;&atilde;o para quem visita o pa&iacute;s interessados      na hist&oacute;ria do famoso vampiro. Draculand &eacute; uma regi&atilde;o      do pa&iacute;s, que inclui a Transilv&acirc;nia, onde a lenda &eacute;      revivida e os turistas podem, inclusive, conhecer o Castelo de Dr&aacute;cula.      Visite a p&aacute;gina <a href=\"http:\/\/www.draculand.com\/\">http:\/\/www.draculand.com\/<\/a>      e conheca a Draculand e a origem da lenda do Conde Dr&aacute;cula, que,      na verdade, teria sido o pr&iacute;ncipe Vlad.<\/p>\n<p>&#8211; Nascido no Recife, em Pernambuco, em 1952, Antonio N&oacute;brega      &eacute; violinista desde crian&ccedil;a. No final dos anos 60 passou      a integrar, convidado por Ariano Suassuna, o Quinteto Armorial &#8211; o mais      importante grupo a criar uma m&uacute;sica de c&acirc;mara erudita brasileira      de ra&iacute;zes populares. Conhe&ccedil;a melhor a hist&oacute;ria      desse grande artista em sua p&aacute;gina oficial, <a href=\"http:\/\/www.antonionobrega.com.br\/\">http:\/\/www.antonionobrega.com.br\/<\/a>,onde      voc&ecirc; encontra informa&ccedil;&otilde;es sobre sua carreira e ainda      pode ouvir algumas de suas m&uacute;sicas. <\/p>\n<p>&#8211; &#8220;O Natal est&aacute; a&iacute; e apesar do ano dif&iacute;cil      estamos todos aguardando as festas e fazendo alguns presentinhos para      os amigos do peito. Mas este clima de &#8220;jingle Bells&#8221; n&atilde;o      combina com rancor e raiva (antigos ou novos) nem mesmo com aquela &#8220;raivinha&#8221;      mais escondida que a gente tenta ocultar no fundo do cora&ccedil;&atilde;o&#8230;&#8221;      Esta e outras mensagens de Natal voc&ecirc; encontrar&aacute; na p&aacute;gina      <a href=\"http:\/\/arvoredobem.ig.com.br\/hotsites\/presepio\">http:\/\/arvoredobem.ig.com.br\/hotsites\/presepio<\/a>.      Aproveite e monte o seu pres&eacute;pio.<\/p>\n<p>&#8211; Se voc&ecirc; &eacute; daqueles apaixonados por carros, especialmente      os antigos, Puma GTB &eacute; uma homenagem a esse autom&oacute;vel      cl&aacute;ssico. A p&aacute;gina <a href=\"http:\/\/www.pumagtb.com.br\/\">http:\/\/www.pumagtb.com.br\/<\/a>      traz uma galeria de fotos de v&aacute;rios modelos, estat&iacute;sticas      de produ&ccedil;&atilde;o do ve&iacute;culo e, para quem tem um desses      carros, at&eacute; material de apoio para usinagem de pe&ccedil;as dif&iacute;ceis      de serem encontradas. Bastante nost&aacute;lgico!<\/p>\n<p>&#8211; A p&aacute;gina Trigger Street foi criada pelo ator americano Kevin      Kline com o objetivo de ser um grande ponto de encontro virtual para      roteiristas iniciantes. Tornando-se um membro, o aspirante a cineasta      tem o direito de fazer o upload de seus roteiros e, como o site tem      o formato de um f&oacute;rum, ouvir opi-ni&otilde;es n&atilde;o s&oacute;      de amadores, como de especialistas no assunto. O site agora divulga      um concurso on-line de roteiros, e conta no j&uacute;ri com Mike Meyers      e Annette Bening. O endere&ccedil;o &eacute;: <a href=\"http:\/\/www.triggerstreet.com\">http:\/\/www.triggerstreet.com<\/a>.<\/p>\n<p>&#8211; Se voc&ecirc; quer acompanhar o Festival Internacional de Filmes      da Internet &eacute; s&oacute; apontar o seu navegador para <a href=\"http:\/\/www.netfestival.com.br\">http:\/\/www.netfestival.com.br<\/a>      e curtir os finalistas do Festival. <\/p>\n<p>&#8211; Capriche na ceia de Natal com as dicas da p&aacute;gina <a href=\"http:\/\/www.brchef.com.br\/html\/natal.htm\">http:\/\/www.brchef.com.br\/html\/natal.htm<\/a>l.      Natal com Of&eacute;lia, Natal Grandes Chefs, Oito passos para ceia      e Pratos regionais brasileiro. Tudo isso para comtribuir com a sua ceia      de Natal.<\/p>\n<p>    <\/span> <\/td>\n<\/tr>\n<tr>\n<td align=\"LEFT\" valign=\"TOP\"><\/td>\n<td align=\"LEFT\" valign=\"TOP\"><a name=\"ainformativo2\"><span class=\"titulo\">PLANT&Atilde;O     INFO<\/span><\/a> <span class=\"texto\">     <\/p>\n<p>O <b>Plant&atilde;o Info<\/b> divulgou, nas duas &uacute;ltimas semanas,      as seguintes not&iacute;cias:<\/p>\n<p><b>IBM compra a Rational por US$ 2,1 bilh&otilde;es &#8211;<\/b> A IBM anunciou,      no dia 06\/12, que fez uma oferta de 2,1 bilh&otilde;es de d&oacute;lares      para comprar a norte-americana Rational Software. <br \/>     A gigante de tecnologia quer adquirir a empresa para aumentar as suas      ofertas na &aacute;rea de desenvolvimentos de programas. <br \/>     A IBM afirmou em comunicado que deve pagar cerca de 10,50 d&oacute;lares      por a&ccedil;&atilde;o da Rational, o que significa um pr&ecirc;mio      de 28 por cento se comparado com o fechamento das a&ccedil;&otilde;es      da empresa no dia 05\/1 na bolsa que re&uacute;ne os pap&eacute;is de      tecnologia, a Nasdaq. <br \/>     A Rational Software &eacute; especializada em desenvolvimento e implanta&ccedil;&atilde;o      de programas e fechou o &uacute;ltimo ano fiscal com um faturamento      de 815 milh&otilde;es de d&oacute;lares. A empresa emprega mais de 3.500      funcion&aacute;rios em 65 pa&iacute;ses e atua em v&aacute;rias regi&otilde;es      do globo, inclusive no Brasil.<\/p>\n<p><b>Linuxistas est&atilde;o animados com crescente uso &#8211;<\/b> Quase dois      mil defensores do sistema operacional Linux encerraram uma confer&ecirc;ncia      de tr&ecirc;s dias na capital tecnol&oacute;gica da &Iacute;ndia esta      semana satisfeitos com o crescente uso corporativo do sistema e com      o forte apoio recebido de pesos pesados como a IBM. <br \/>     O Linux &eacute; um software de fonte aberta, que pode ser copiado,      usado e modificado livremente, diferente de programas padr&atilde;o      do setor tais como o Windows, da Microsoft, por exemplo. <br \/>     Um sistema operacional controla e coordena as fun&ccedil;&otilde;es      de um computador, e permite que o usu&aacute;rio empregue sua m&aacute;quina.      <br \/>     Os entusiastas dizem que uma visita do presidente do conselho da Microsoft,      Bill Gates, &agrave; &Iacute;ndia no m&ecirc;s passado atraiu aten&ccedil;&atilde;o      para o Linux, que vem desafiando o popular Windows. <br \/>     A Microsoft, que anunciou investimentos de 400 milh&otilde;es de d&oacute;lares      na &Iacute;ndia, disse que o Linux n&atilde;o se equipara ao Windows      em termos de seguran&ccedil;a e de conveni&ecirc;ncia para o usu&aacute;rio      final. Os defensores do Linux, um sistema sem propriet&aacute;rio, enfatizam      a flexibilidade e as vantagens de custo do software gratuito. <br \/>     &#8220;Ningu&eacute;m poderia ter propiciado mais publicidade ao movimento      do software fonte aberta e ressaltado mais sua import&acirc;ncia do      que Bill Gates ao visitar o pa&iacute;s e oferecer 400 milh&otilde;es      de d&oacute;lares para o combate ao Linux&#8221;, disse Atul Chitnis,      assessor do Bangalore Linux Users Group, cuja confer&ecirc;ncia se encerrou      no dia 05\/12. <br \/>     Bangalore &eacute; considerada um campo de batalha crucial na disputa      entre as duas plataformas, devido ao ex&eacute;rcito de programadores      de software existente na &Iacute;ndia, o qual segundo os analistas pode      ajudar a reduzir os custos e estimular a inova&ccedil;&atilde;o. <br \/>     O n&uacute;mero de profissionais de software na &Iacute;ndia deve crescer      para 1,3 milh&atilde;o em tr&ecirc;s anos, ante os 400 mil atuais. <br \/>     &#8220;Provavelmente o maior est&iacute;mulo que o software de fonte      aberta recebeu nos &uacute;ltimos tempos na &Iacute;ndia foi a visita      de Bill Gates&#8221;, disse Chitnis. <br \/>     A conven&ccedil;&atilde;o de usu&aacute;rios do Linux, classificada      como a maior reuni&atilde;o desse tipo j&aacute; realizada na &Iacute;ndia,      ofereceu cerca de 70 semin&aacute;rios t&eacute;cnicos sobre o uso do      sistema em computadores pessoais, dispositivos port&aacute;teis, rob&oacute;tica      e gen&eacute;tica.<\/p>\n<p><b>META prev&ecirc; que MS pode adotar o Linux &#8211;<\/b> Em uma virada      estrat&eacute;gica importante, a Microsoft lan&ccedil;ar&aacute; software      baseado no sistema operacional de c&oacute;digo aberto Linux em 2004      para servi&ccedil;os de web e servidores, previu na ter&ccedil;a-feira      o grupo de pesquisa de mercado META. <br \/>     A Microsoft, que negou ter quaisquer planos para desenvolver software      para o Linux, enfrenta crescente amea&ccedil;a do sistema operacional      livre, &agrave; medida que este ganha mercado no setor de servidores      corporativos, usados para administrar redes e dados. <br \/>     O META Group previu que o Linux ser&aacute; usado em quase metade dos      novos servidores, at&eacute; 2007, ante sua fatia atual de 15 a 20 por      cento, o que tornar&aacute; dif&iacute;cil para a Microsoft ignor&aacute;-lo      como plataforma para seu software de banco de dados, servi&ccedil;os      de Web e servidor de e-mail. <br \/>     &#8220;Acreditamos que, a partir do final de 2004, a Microsoft (e seus      parceiros) come&ccedil;ar&atilde;o a migrar alguns de seus aplicativos      (at&eacute; ent&atilde;o) exclusivos (por exemplo, componentes .Net)      para o ambiente Linux; isso gradualmente vir&aacute; a incluir os principais      produtos de apoio a corpora&ccedil;&otilde;es como o SQL Server, IIS      e Exchange&#8221;, de acordo com o META Group. <br \/>     O grupo prev&ecirc; igualmente que a Microsoft vai reformular a pol&iacute;tica      de pre&ccedil;os ou separar o Windows para servidores &#8220;de modo      que ele possa ser favoravelmente comparado ao Linux &#8216;gratuito&#8221;&#8217;.      <br \/>     &#8220;N&atilde;o estou ciente de quaisquer esfor&ccedil;os, no momento,      para migrar produtos para o Linux&#8221;, disse Peter Houston, diretor      s&ecirc;nior do grupo de servidores da Microsoft, acrescentando que      n&atilde;o havia planos para separar ou alterar os pre&ccedil;os do      Windows para servidores. <br \/>     &#8220;N&oacute;s apostamos no Windows e acreditamos que os consumidores      obter&atilde;o valor dessa nossa aposta&#8221;, disse Houston, acrescentando      que &#8220;continuaremos a fazer o que j&aacute; temos feito pelos nossos      clientes&#8221;. <br \/>     Os defensores do Linux argumentam que ele oferece melhor seguran&ccedil;a,      mais flexibilidade e mais inova&ccedil;&atilde;o, porque seu c&oacute;digo-fonte      de programa&ccedil;&atilde;o est&aacute; sempre aberto a avalia&ccedil;&otilde;es      e pesquisas por qualquer interessado. <br \/>     A Microsoft, que se tornou a maior produtora de software do mundo vendendo      software fechado que n&atilde;o pode ser copiado ou adaptado livremente,      disse que n&atilde;o se op&otilde;e ao software de fonte aberta e aponta      que o c&oacute;digo-fonte de seus produtos est&aacute; dispon&iacute;vel      para parceiros aprovados e institui&ccedil;&otilde;es educacionais,      em base limitada.<\/p>\n<p>    <\/span> <\/td>\n<\/tr>\n<tr>\n<td align=\"LEFT\" valign=\"TOP\"><\/td>\n<td align=\"LEFT\" valign=\"TOP\"><a name=\"ainformativo3\"><span class=\"titulo\">MENSAGEM<\/span><\/a>     <span class=\"texto\">     <\/p>\n<p><font face=\"3\">O Sistem&aacute;tico deseja um <b>FELIZ NATAL<\/b> e      um <b>ANO NOVO EXCELENTE<\/b> para todos. E espera contar, no pr&oacute;ximo      ano, com a mesma alegria e apoio sempre recebidos. Boas Festas para      todos!<\/font><\/p>\n<p>    <\/p>\n<p>    <\/span> <\/td>\n<\/tr>\n<tr>\n<td align=\"LEFT\" valign=\"TOP\"><\/td>\n<td align=\"LEFT\" valign=\"TOP\"><a name=\"ainformativo4\"><span class=\"titulo\">MEM&Oacute;RIA     FOTOGR&Aacute;FICA DO CECOM<\/span><\/a> <span class=\"texto\">     <\/p>\n<p>A Festa de Natal de 1996 dos funcion&aacute;rios do CECOM foi realizada      no dia 20 de dezembro, no s&iacute;tio da fam&iacute;lia do Fl&aacute;vio,      do DPFO, pr&oacute;ximo ao Col&eacute;gio Pit&aacute;goras da Pampulha.      O churrasco foi organizado pelo Fl&aacute;vio, que foi o churrasqueiro,      e por sua esposa, Marilda, que cuidou das guarni&ccedil;&otilde;es e      das mesas de frutas.<\/p>\n<p>Como sempre, o tempo estava inst&aacute;vel, mas as crian&ccedil;as      aproveitaram bastante a piscina e os adultos as quadras de v&ocirc;lei      e de futebol.<\/p>\n<p>As estagi&aacute;rias da DAA, na &eacute;poca, eram a Jana&iacute;na      e Ana Paula, que ajudaram na ornamenta&ccedil;&atilde;o do local, enchendo      os bal&otilde;es e depois ajudando o Papai Noel a entregar os brindes.<\/p>\n<p>Como sempre, Rubens se fantasiou de Papai Noel, para alegria de todos,      e distribuiu os brindes para os adultos e as crian&ccedil;as.<\/p>\n<p>A festa transcorreu sem chuva, que s&oacute; desabou quando todos estavam      saindo. A&iacute; sim, foi um corre-corre sem fim, com alguns carros      dando trabalho at&eacute; para empurrar.<br \/>     Coisas de festa!<\/p>\n<p align=\"center\"><img loading=\"lazy\" decoding=\"async\" src=\"https:\/\/www.ufmg.br\/dti\/wp-content\/uploads\/fotos\/festNat967.jpg\" width=\"472\" height=\"325\"><\/p>\n<p align=\"center\"> <i><font face=\"1\">Ana Paula e Jana&iacute;na enchendo      os bal&otilde;es<\/font><\/i><\/p>\n<p align=\"center\"><img loading=\"lazy\" decoding=\"async\" src=\"https:\/\/www.ufmg.br\/dti\/wp-content\/uploads\/fotos\/FestNat968.jpg\" width=\"369\" height=\"404\"><\/p>\n<p align=\"center\"><font face=\"1\"><i>A mesa de frutas<\/i><\/font><\/p>\n<p align=\"center\"><img loading=\"lazy\" decoding=\"async\" src=\"https:\/\/www.ufmg.br\/dti\/wp-content\/uploads\/fotos\/FestNat969.jpg\" width=\"433\" height=\"277\"><\/p>\n<p align=\"center\"><font face=\"1\"><i>Uma vis&atilde;o do local, vendo-se      Gilmar, Carlos Alfeu e V&iacute;tor, Rubens, Daniel, Ronaldo, Ana Paula      e Haroldo.<\/i><\/font><\/p>\n<p align=\"center\"><img loading=\"lazy\" decoding=\"async\" src=\"https:\/\/www.ufmg.br\/dti\/wp-content\/uploads\/fotos\/FestNat9610.jpg\" width=\"433\" height=\"322\"><\/p>\n<p align=\"center\"><font face=\"2\"><i><font face=\"1\">Papai Noel, Lel&eacute;      e Rosa, recebendo o seu brinde<\/font><\/i><\/font><\/p>\n<p align=\"center\"><img loading=\"lazy\" decoding=\"async\" src=\"https:\/\/www.ufmg.br\/dti\/wp-content\/uploads\/fotos\/FestNat9611.jpg\" width=\"433\" height=\"332\"><\/p>\n<p align=\"center\"><font face=\"1\"><i>Lurdinha recebendo seu brinde do Papai      Noel, que estava cercado pelas crian&ccedil;as<\/i><\/font><\/p>\n<p align=\"center\"><img loading=\"lazy\" decoding=\"async\" src=\"https:\/\/www.ufmg.br\/dti\/wp-content\/uploads\/fotos\/FestNat9612.jpg\" width=\"433\" height=\"279\"><\/p>\n<p align=\"center\"><font face=\"1\"><i>O futebol e o v&ocirc;lei<\/i><\/font><\/p>\n<p>    <\/p>\n<p>    <\/span> <\/td>\n<\/tr>\n<p>  <!-- #EndEditable -->  <\/table>\n<p> <!-- fim noticias --> <!-- tabela ha 20 anos --> <\/p>\n<table border=\"0\" cellspacing=\"0\" cellpadding=\"0\" class=\"cinza\">\n<tr>\n<td><img loading=\"lazy\" decoding=\"async\" src=\"https:\/\/www.ufmg.br\/dti\/wp-content\/uploads\/imgs\/tudo_pixel.gif\" width=\"1\" height=\"1\" alt=\"\" border=\"0\"><\/td>\n<td><img loading=\"lazy\" decoding=\"async\" src=\"https:\/\/www.ufmg.br\/dti\/wp-content\/uploads\/imgs\/tudo_pixel.gif\" width=\"19\" height=\"1\" alt=\"\" border=\"0\"><\/td>\n<td><img loading=\"lazy\" decoding=\"async\" src=\"https:\/\/www.ufmg.br\/dti\/wp-content\/uploads\/imgs\/tudo_pixel.gif\" width=\"510\" height=\"1\" alt=\"\" border=\"0\"><\/td>\n<td><img loading=\"lazy\" decoding=\"async\" src=\"https:\/\/www.ufmg.br\/dti\/wp-content\/uploads\/imgs\/tudo_pixel.gif\" width=\"19\" height=\"1\" alt=\"\" border=\"0\"><\/td>\n<td><img loading=\"lazy\" decoding=\"async\" src=\"https:\/\/www.ufmg.br\/dti\/wp-content\/uploads\/imgs\/tudo_pixel.gif\" width=\"1\" height=\"1\" alt=\"\" border=\"0\"><\/td>\n<\/tr>\n<tr>\n<td class=\"vermelho\" colspan=\"5\"><img loading=\"lazy\" decoding=\"async\" src=\"https:\/\/www.ufmg.br\/dti\/wp-content\/uploads\/imgs\/tudo_pixel.gif\" width=\"1\" height=\"1\" alt=\"\" border=\"0\"><\/td>\n<\/tr>\n<tr>\n<td class=\"vermelho\"><img loading=\"lazy\" decoding=\"async\" src=\"https:\/\/www.ufmg.br\/dti\/wp-content\/uploads\/imgs\/tudo_pixel.gif\" width=\"1\" height=\"1\" alt=\"\" border=\"0\"><\/td>\n<td><img loading=\"lazy\" decoding=\"async\" src=\"https:\/\/www.ufmg.br\/dti\/wp-content\/uploads\/imgs\/tudo_pixel.gif\" width=\"1\" height=\"1\" alt=\"\" border=\"0\"><\/td>\n<td align=\"LEFT\" valign=\"TOP\"><!-- #BeginEditable \"ha 20 anos\" --><a name=\"ainformativo5\"><img loading=\"lazy\" decoding=\"async\" src=\"https:\/\/www.ufmg.br\/dti\/wp-content\/uploads\/imgs\/tudo_pixel.gif\" width=\"1\" height=\"8\" alt=\"\" border=\"0\"><br \/>    <span class=\"titulo\">H\u00e1 20 anos&#8230;<\/span><\/a> <span class=\"texto\">     <\/p>\n<p>Nas duas &uacute;ltimas edi&ccedil;&otilde;es do ano de 1982 foram      publicadas not&iacute;cias sobre a sa&iacute;da de Haroldo Can&ccedil;ado      Rolhfs, levantamento das necessidades de treinamento para 1983, mensagens      recebidas, a entrevista de Marcelo Novaes Machado na se&ccedil;&atilde;o<i>      &#8220;Um Pouco de N&oacute;s&#8221;<\/i>, entre outras. As not&iacute;cias      que se destacaram foram:<\/p>\n<p><b>LEITORA DE MARCAS &Oacute;TICAS<\/b><br \/>     <font face=\"1\">O Centro de Computa&ccedil;&atilde;o recebeu hoje uma      unidade Leitora de Marcas &Oacute;ticas (OMR F6351D), que foi doada      pela FACOM do Brasil &agrave; UFMG.<br \/>     A nova unidade ser&aacute; ligada ao Sistema FACOM 230-15, provavelmente      na pr&oacute;xima semana.<br \/>     (Ano VI, no. 45 &#8211; 23\/12\/1982<\/font>)<\/p>\n<p><b>SISTEMAS FREQ&Uuml;&Ecirc;NCIA E BIBLIOTECA<\/b><br \/>     <font face=\"1\">O analista Benjamin Pinto Neto fez uma apresenta&ccedil;&atilde;o,      ontem, dia 29, do Sistema Freq&uuml;&ecirc;ncia para os analistas e      programadores do Centro de Computa&ccedil;&atilde;o. Hoje, pela manh&atilde;,      o analista Efig&ecirc;nio Vieira Ata&iacute;de apresentou o Sistema      Biblioteca para o mesmo grupo.<br \/>     (Ano VI, no. 46 &#8211; 30\/12\/1982)<\/font><\/p>\n<p>    <\/span><!-- #EndEditable --><br \/>     <img loading=\"lazy\" decoding=\"async\" src=\"https:\/\/www.ufmg.br\/dti\/wp-content\/uploads\/imgs\/tudo_pixel.gif\" width=\"1\" height=\"8\" alt=\"\" border=\"0\"><\/td>\n<td><img loading=\"lazy\" decoding=\"async\" src=\"https:\/\/www.ufmg.br\/dti\/wp-content\/uploads\/imgs\/tudo_pixel.gif\" width=\"1\" height=\"1\" alt=\"\" border=\"0\"><\/td>\n<td class=\"vermelho\"><img loading=\"lazy\" decoding=\"async\" src=\"https:\/\/www.ufmg.br\/dti\/wp-content\/uploads\/imgs\/tudo_pixel.gif\" width=\"1\" height=\"1\" alt=\"\" border=\"0\"><\/td>\n<\/tr>\n<tr>\n<td class=\"vermelho\" colspan=\"5\"><img loading=\"lazy\" decoding=\"async\" src=\"https:\/\/www.ufmg.br\/dti\/wp-content\/uploads\/imgs\/tudo_pixel.gif\" width=\"1\" height=\"1\" alt=\"\" border=\"0\"><\/td>\n<\/tr>\n<\/table>\n<p> <!-- fim tabela ha 20 anos --><\/div>\n<p><a name='eventos'><\/a><\/p>\n<h4>Eventos<\/h4>\n<div class=\"centro-sistematico\">  <!-- noticias --> <\/p>\n<table border=\"0\" cellspacing=\"0\" cellpadding=\"0\">\n<tr>\n<td><\/td>\n<td><\/td>\n<\/tr>\n<p>  <!-- #BeginEditable \"materias\" -->   <\/p>\n<tr>\n<td align=\"LEFT\" valign=\"TOP\"><\/td>\n<td align=\"LEFT\" valign=\"TOP\"> <a name=\"aeventos1\"><span class=\"titulo\">FESTA DE     NATAL DO CECOM<\/span><\/a> <span class=\"texto\">     <\/p>\n<p>A Festa de Natal do CECOM ser&aacute; realizada amanh&atilde;, dia      20 de dezembro, a partir das 12:00, com um churrasco de confraterniza&ccedil;&atilde;o.      O mapa para o local da festa ser&aacute; entregue ainda hoje, quinta-feira,      e a lista de ades&atilde;o continua sendo passada pela Vicentina, que      est&aacute; recebendo tamb&eacute;m as contribui&ccedil;&otilde;es dos      participantes.<\/p>\n<p>Como em todos os anos, a Comiss&atilde;o Organizadora espera contar      com a participa&ccedil;&atilde;o de todos os ceconianos e que fa&ccedil;a      bastante sol.<\/p>\n<p>    <\/span> <\/td>\n<\/tr>\n<tr>\n<td align=\"LEFT\" valign=\"TOP\"><\/td>\n<td align=\"LEFT\" valign=\"TOP\"><a name=\"aeventos2\"><span class=\"titulo\">LAN&Ccedil;AMENTO     DE LIVRO DA EDITORA UFMG<\/span><\/a> <span class=\"texto\">     <\/p>\n<p>Est&aacute; marcado para esta sexta-feira, dia 20, o lan&ccedil;amento      do livro <i>Itiner&aacute;rio Po&eacute;tico &#8211; poemas reunidos<\/i>,      de Em&iacute;lio Moura. O evento integra as comemora&ccedil;&otilde;es      do centen&aacute;rio de nascimento do poeta e professor da FACE, Em&iacute;lio      Moura, dos 75 anos da UFMG e dos 61 anos da FACE\/UFMG. Na oportunidade,      ser&aacute; inaugurada a exposi&ccedil;&atilde;o da obra de Em&iacute;lio      Moura.<\/p>\n<p>O lan&ccedil;amento ser&aacute; &agrave;s 10:00, na FACE, &agrave;      rua Curitiba, 832, 6o. andar.<\/p>\n<p>    <\/span>    <\/td>\n<\/tr>\n<tr>\n<td align=\"LEFT\" valign=\"TOP\"><\/td>\n<td align=\"LEFT\" valign=\"TOP\"><a name=\"aeventos3\"><span class=\"titulo\">LEMBRANDO     MERCEDES<\/span><\/a> <span class=\"texto\">     <\/p>\n<p>Sylvia Bernardi e o Grupo Alianza e Camerata Orfeo estar&atilde;o apresentando      no s&aacute;bado, dia 21 de dezembro, o show <i>&#8220;Lembrando Mercedes&#8221;<\/i>,      com a participa&ccedil;&atilde;o especial de Tat&aacute; Sympa, S&iacute;lvio      Nascimento e Grupo Babilak Bah, &agrave;s 20:00, no Teatro Dom Silv&eacute;rio.<\/p>\n<p>    <\/span>    <\/td>\n<\/tr>\n<tr>\n<td align=\"LEFT\" valign=\"TOP\"><\/td>\n<td align=\"LEFT\" valign=\"TOP\"><a name=\"aeventos4\"><span class=\"titulo\">SOCIAIS<\/span><\/a>     <span class=\"texto\">     <\/p>\n<p><b>ANIVERS&Aacute;RIOS:<\/b> <i>&#8220;O Sistem&aacute;tico&#8221; envia      os parab&eacute;ns para os aniversariantes do final do ano: Esdras Viggiano      de Souza, no dia 22; M&aacute;rcio Luiz Bunte de Carvalho, no dia 24      ; Raimundo Natalino Chaves, no dia 25; e Matheus Moreira dos Santos,      no dia 27. Os parab&eacute;ns para o primeiro aniversariante de 2003,      Ronaldo Ara&uacute;jo Costa, no dia 03 de janeiro. Os parab&eacute;ns      para os ex-ceconianos: Dimas Afonso de Souza, no dia 22; Sueli de Jesus      Ferreira, no dia 23;Lu&iacute;s Diniz Ferreira, no dia 26; Romildo Monte,      no dia 27; e Carlos Ferreira de Vasconcellos, no dia 30; prof. Jo&atilde;o      Carlos Pires Bauer (DCC), no dia 08 de janeiro.<\/i><\/p>\n<p><b>MENSAGENS DE BOAS FESTAS:<\/b> <i>O Centro de Computa&ccedil;&atilde;o      recebeu mensagens de Boas Festas de: Novell, D-Link do Brasil Ltda.,      MSA Infor Sistema e Automa&ccedil;&atilde;o Ltda. e Attachmate Brasil      Inform&aacute;tica Ltda.<\/i><\/p>\n<p>    <\/span>    <\/td>\n<\/tr>\n<p>  <!-- #EndEditable -->  <\/table>\n<p> <!-- fim noticias --><\/div>\n","protected":false},"excerpt":{"rendered":"<p>Not\u00edcias DIVULGADO O RESULTADO DA PRIMEIRA ETAPA DO VESTIBULAR EMBRATEL E INTELIG VENCEM PREG&Atilde;O DE DDD E DDI COME&Ccedil;A A IMPLANTA&Ccedil;&Atilde;O DO SISTEMA DI&Aacute;RIO DE CLASSE VTLS TEM DESEMPENHO MELHORADO BU AVALIA SISTEMA VIRTUA SISTEMA DE PATRIM&Ocirc;NIO SER&Aacute; DESENVOLVIDO EM 2003 FORMUL&Aacute;RIOS NOTES S&Atilde;O APRESENTADOS AOS USU&Aacute;RIOS ATIVIDADES DO CECOM NESTA SEXTA-FEIRA Informativo DICAS DE &#8230; <a title=\"Sistem\u00e1tico: Edi\u00e7\u00e3o 1139 &#8211; 19\/12\/2002\" class=\"read-more\" href=\"https:\/\/www.ufmg.br\/dti\/2002\/12\/19\/sistematico-edicao-1139-19122002\/\" aria-label=\"Read more about Sistem\u00e1tico: Edi\u00e7\u00e3o 1139 &#8211; 19\/12\/2002\">Ler mais<\/a><\/p>\n","protected":false},"author":3,"featured_media":0,"comment_status":"open","ping_status":"open","sticky":false,"template":"","format":"standard","meta":{"inline_featured_image":false,"footnotes":""},"categories":[13],"tags":[],"coauthors":[79],"class_list":["post-3219","post","type-post","status-publish","format-standard","hentry","category-sistematico"],"_links":{"self":[{"href":"https:\/\/www.ufmg.br\/dti\/wp-json\/wp\/v2\/posts\/3219","targetHints":{"allow":["GET"]}}],"collection":[{"href":"https:\/\/www.ufmg.br\/dti\/wp-json\/wp\/v2\/posts"}],"about":[{"href":"https:\/\/www.ufmg.br\/dti\/wp-json\/wp\/v2\/types\/post"}],"author":[{"embeddable":true,"href":"https:\/\/www.ufmg.br\/dti\/wp-json\/wp\/v2\/users\/3"}],"replies":[{"embeddable":true,"href":"https:\/\/www.ufmg.br\/dti\/wp-json\/wp\/v2\/comments?post=3219"}],"version-history":[{"count":0,"href":"https:\/\/www.ufmg.br\/dti\/wp-json\/wp\/v2\/posts\/3219\/revisions"}],"wp:attachment":[{"href":"https:\/\/www.ufmg.br\/dti\/wp-json\/wp\/v2\/media?parent=3219"}],"wp:term":[{"taxonomy":"category","embeddable":true,"href":"https:\/\/www.ufmg.br\/dti\/wp-json\/wp\/v2\/categories?post=3219"},{"taxonomy":"post_tag","embeddable":true,"href":"https:\/\/www.ufmg.br\/dti\/wp-json\/wp\/v2\/tags?post=3219"},{"taxonomy":"author","embeddable":true,"href":"https:\/\/www.ufmg.br\/dti\/wp-json\/wp\/v2\/coauthors?post=3219"}],"curies":[{"name":"wp","href":"https:\/\/api.w.org\/{rel}","templated":true}]}}