{"id":3226,"date":"2002-10-17T08:00:00","date_gmt":"2002-10-17T08:00:00","guid":{"rendered":"https:\/\/www.ufmg.br\/dti\/cecom\/?p=1497"},"modified":"2002-10-17T08:00:00","modified_gmt":"2002-10-17T08:00:00","slug":"sistematico-edicao-1130-17102002","status":"publish","type":"post","link":"https:\/\/www.ufmg.br\/dti\/2002\/10\/17\/sistematico-edicao-1130-17102002\/","title":{"rendered":"Sistem\u00e1tico: Edi\u00e7\u00e3o 1130 &#8211; 17\/10\/2002"},"content":{"rendered":"<ul>\n<li><a href=\"\/dti\/#noticias\">Not\u00edcias<\/a>\n<div class='submenuSistematico'>\n<ul>\n<li><a href=\"\/dti\/#anoticias1\"><span class=\"titulo\">VAGAS ESGOTADAS     NO TREINAMENTO SOBRE INA E OPUS<\/span><\/a><\/li>\n<li><a href=\"\/dti\/#anoticias2\"><span class=\"titulo\">CECOM AUMENTA     SEGURAN&Ccedil;A DE BANCOS DE DADOS<\/span><\/a><\/li>\n<li><a href=\"\/dti\/#anoticias3\"><span class=\"titulo\">CONSULTA     A DADOS ACAD&Ecirc;MICOS &Eacute; RESTRINGIDA<\/span><\/a><\/li>\n<li><a href=\"\/dti\/#anoticias4\"><span class=\"titulo\">PROBLEMAS     DA CONEX&Atilde;O COM O SERPRO<\/span><\/a><\/li>\n<\/ul>\n<\/div>\n<\/li>\n<li><a href=\"\/dti\/#informativo\">Informativo<\/a>\n<div class='submenuSistematico'>\n<ul>\n<li><a href=\"\/dti\/#ainformativo1\"><span class=\"titulo\">DICAS DE     SITES INTERESSANTES<\/span><br \/>    <\/a><\/li>\n<li><a href=\"\/dti\/#ainformativo2\"><span class=\"titulo\">PLANT&Atilde;O     INFO<\/span><\/a><\/li>\n<li><a href=\"\/dti\/#ainformativo3\"><img loading=\"lazy\" decoding=\"async\" src=\"https:\/\/www.ufmg.br\/dti\/wp-content\/uploads\/imgs\/tudo_pixel.gif\" width=\"1\" height=\"8\" alt=\"\" border=\"0\"><br \/>    <span class=\"titulo\">H\u00e1 20 anos&#8230;<\/span><\/a><\/li>\n<\/ul>\n<\/div>\n<\/li>\n<li><a href=\"\/dti\/#eventos\">Eventos<\/a>\n<div class='submenuSistematico'>\n<ul>\n<li><a href=\"\/dti\/#aeventos1\"><span class=\"titulo\">TEM IN&Iacute;CIO     MAIS DUAS TURMAS DE TREINAMENTO DE INFORM&Aacute;TICA INSTRUMENTAL<\/span><\/a><\/li>\n<li><a href=\"\/dti\/#aeventos2\"><span class=\"titulo\">SOCIAIS<\/span><\/a><\/li>\n<\/ul>\n<\/div>\n<\/li>\n<\/ul>\n<p> <a name='noticias'><\/a><\/p>\n<h4>Not\u00edcias<\/h4>\n<div class=\"centro-sistematico\">  <!-- noticias --> <\/p>\n<table border=\"0\" cellspacing=\"0\" cellpadding=\"0\">\n<tr>\n<td><\/td>\n<td><\/td>\n<\/tr>\n<p>  <!-- #BeginEditable \"materias\" -->   <\/p>\n<tr>\n<td align=\"LEFT\" valign=\"TOP\"><\/td>\n<td align=\"LEFT\" valign=\"TOP\"> <a name=\"anoticias1\"><span class=\"titulo\">VAGAS ESGOTADAS     NO TREINAMENTO SOBRE INA E OPUS<\/span><\/a> <span class=\"texto\">     <\/p>\n<p>As inscri&ccedil;&otilde;es para o programa especial de treinamento,      organizado pela ATI, relativo ao processo de implanta&ccedil;&atilde;o      dos sistemas INA v2.0 e Opus foram abertas na &uacute;ltima segunda-feira,      07 de outubro, na home-page do CECOM, e estiveram dispon&iacute;veis      at&eacute; as 12:00 do dia 15 de outubro.<\/p>\n<p>Rapidamente as vagas nos m&oacute;dulos foram sendo ocupadas. Os m&oacute;dulos      I e II tiveram suas vagas esgotadas. O m&oacute;dulo III teve uma turma      cancelada, mas est&aacute; com pouqu&iacute;ssimas vagas dispon&iacute;veis      nas demais turmas oferecidas. Estas vagas est&atilde;o sendo utilizadas      para atender inscri&ccedil;&otilde;es de &uacute;ltima hora e alguns      remanejamentos solicitados pelos inscritos. No total dos tr&ecirc;s      m&oacute;dulos foram ocupadas, at&eacute; o final da tarde de ontem,      384 vagas.<\/p>\n<p>Devido &agrave; grande procura e &agrave; import&acirc;ncia estrat&eacute;gica      destes sistemas para a universidade, a ATI e a ProRH, parceiras na aplica&ccedil;&atilde;o      dos m&oacute;dulos de treinamento, estar&atilde;o avaliando a possibilidade      de repeti&ccedil;&atilde;o do programa nos pr&oacute;ximos meses.<\/p>\n<p>Os tr&ecirc;s m&oacute;dulos que est&atilde;o sendo oferecidos s&atilde;o:<\/p>\n<p>    <\/span> <\/p>\n<div align=\"center\">\n<table width=\"75%\" border=\"1\">\n<tr bgcolor=\"#99FFFF\">\n<td width=\"15%\">\n<div align=\"center\"><b><font face=\"2\">M&oacute;dulo<\/font><\/b><\/div>\n<\/td>\n<td width=\"85%\">\n<div align=\"center\"><b><font face=\"2\">Conte&uacute;do<\/font><\/b><\/div>\n<\/td>\n<\/tr>\n<tr bgcolor=\"#99FFFF\">\n<td width=\"15%\">\n<div align=\"center\"><font face=\"2\">I<\/font><\/div>\n<\/td>\n<td width=\"85%\">\n<blockquote>\n<p><font face=\"2\">Opus (Produ&ccedil;&atilde;o)<\/font><\/p>\n<\/blockquote>\n<\/td>\n<\/tr>\n<tr bgcolor=\"#99FFFF\">\n<td width=\"15%\">\n<div align=\"center\"><font face=\"2\">II<\/font><\/div>\n<\/td>\n<td width=\"85%\">\n<blockquote>\n<p><font face=\"2\">P&aacute;gina INA, Encargos Did&aacute;ticos,           Encargos Administrativos e Dados Pessoais<\/font><\/p>\n<\/blockquote>\n<\/td>\n<\/tr>\n<tr bgcolor=\"#99FFFF\">\n<td width=\"15%\">\n<div align=\"center\"><font face=\"2\">III<\/font><\/div>\n<\/td>\n<td width=\"85%\">\n<blockquote>\n<p><font face=\"2\">Bancas, orienta&ccedil;&atilde;o, agrupamento,           projeto e curso<\/font><\/p>\n<\/blockquote>\n<\/td>\n<\/tr>\n<\/table><\/div>\n<p align=\"center\">&nbsp;<\/p>\n<p>    <span class=\"texto\"><\/span><span class=\"texto\">     <\/p>\n<p>O m&oacute;dulo I est&aacute; sendo dado nas instala&ccedil;&otilde;es      do LCC, no 1o piso do pr&eacute;dio do ICEx. J&aacute; os m&oacute;dulos      II e III est&atilde;o sendo dados no subsolo da Reitoria, nas instala&ccedil;&otilde;es      do CECOM. O programa de treinamento, que se iniciou nesta quarta-feira,      dia 16 de outubro, ir&aacute; at&eacute; a pr&oacute;xima segunda-feira,      21 de outubro.<\/p>\n<p>A novidade do programa de treinamento est&aacute; sendo a coopera&ccedil;&atilde;o      entre os &oacute;rg&atilde;os envolvidos em sua aplica&ccedil;&atilde;o.      Est&atilde;o trabalhando como instrutores do m&oacute;dulo I, Fabiana      Costa Pereira Peixoto e Luiz Ant&ocirc;nio Pinheiro Martins, da equipe      do LCC. Como instrutores dos m&oacute;dulos II e III est&atilde;o atuando      Carlos Roberto Alves Rodrigues e Maximiliano Luiz Souza Guimar&atilde;es,      da equipe do CECOM. Oito monitores est&atilde;o auxiliando o programa,      com atividades distribu&iacute;das entre os tr&ecirc;s m&oacute;dulos,      s&atilde;o eles: Eliana Camilo Alves e Ilma Bicalho de Souza, da Pr&oacute;-reitoria      de Pesquisa; Jo&atilde;o Batista Guglielmelli e Z&eacute;lia Pires da      Silveira, da Pr&oacute;-reitoria de P&oacute;s-gradua&ccedil;&atilde;o;      Geraldo Fernandes T. Bonfim, Mirtes Terezinha Campos, Regina Soares      Teixeira e Veraci Silveira Teixeira, da CPPD.<\/p>\n<p>    <\/span> <\/td>\n<\/tr>\n<tr>\n<td align=\"LEFT\" valign=\"TOP\"><\/td>\n<td align=\"LEFT\" valign=\"TOP\"> <a name=\"anoticias2\"><span class=\"titulo\">CECOM AUMENTA     SEGURAN&Ccedil;A DE BANCOS DE DADOS<\/span><\/a> <span class=\"texto\">     <\/p>\n<p>O CECOM administra, entre outros equipamentos, tr&ecirc;s servidores      com sistema operacional Linux e gerenciador de banco de dados Oracle.<\/p>\n<p>Em um deles, foi instalado um disco extra de 18 Gb, para o qual s&atilde;o      feitas, automaticamente, as salvas de seguran&ccedil;a de todos os tr&ecirc;s      servidores, de acordo com o seguinte esquema:<br \/>     &#8211; &agrave;s segundas, ter&ccedil;as, quintas e sextas-feiras &#8211; &eacute;      feita a salva dos archives (arquivos de logs do oracle).<br \/>     &#8211; &agrave;s quartas-feiras &#8211; &eacute; feita a salva das bases de dados.<\/p>\n<p>Neste servidor, foi tamb&eacute;m instalada uma unidade de fita DAT,      para fazer uma salva manual, disparada pelo operador, toda quinta-feira,      copiando para fita todos os arquivos (bases e archives) da semana. Esta      fita &eacute; enviada para outro pr&eacute;dio, junto com as outras      fitas de backup da instala&ccedil;&atilde;o, aumentando a seguran&ccedil;a      dos dados armazenados nos bancos. Para esta finalidade, foram alocadas      cinco fitas, que ser&atilde;o usadas em esquema de rod&iacute;zio, possibilitando      a manuten&ccedil;&atilde;o dos arquivos relativos &agrave;s &uacute;ltimas      cinco semanas.<\/p>\n<p>Este processo foi implementado pelo analista H&eacute;lio Teixeira      da Costa, da DAC, e repassado para a Divis&atilde;o de Controle do Processamento,      DCP, que ficar&aacute; respons&aacute;vel pela execu&ccedil;&atilde;o      do mesmo.<\/p>\n<p>    <\/span>     <\/td>\n<\/tr>\n<tr>\n<td align=\"LEFT\" valign=\"TOP\"><\/td>\n<td align=\"LEFT\" valign=\"TOP\"> <a name=\"anoticias3\"><span class=\"titulo\">CONSULTA     A DADOS ACAD&Ecirc;MICOS &Eacute; RESTRINGIDA<\/span><\/a> <span class=\"texto\">     <\/p>\n<p>O grande volume de Consultas via Web ao Sistema Acad&ecirc;mico, executadas      pelos alunos da gradua&ccedil;&atilde;o no Servidor Unisys-LX, tem prejudicado      o servi&ccedil;o de matr&iacute;culas atualmente em curso, bem como      os demais servi&ccedil;os residentes naquele servidor.<\/p>\n<p>Em comum acordo com o DRCA, o CECOM montou mecanismo para desativa&ccedil;&atilde;o      do acesso WEB nos hor&aacute;rios de maior congestionamento, procedimento      que j&aacute; foi adotado nos dois &uacute;ltimos per&iacute;odos de      matr&iacute;cula em 2001 e 2002.<\/p>\n<p>Portanto, at&eacute; sexta-feira, dia 25 de outubro, as consultas ao      Sistema Acad&ecirc;mico, via Web, estar&atilde;o dispon&iacute;veis,      nos dias &uacute;teis, apenas no per&iacute;odo de 19 horas &agrave;s      8 horas do dia seguinte. Nos fins-de-semana, a disponibilidade ser&aacute;      em per&iacute;odo integral.<\/p>\n<p>    <\/span>     <\/td>\n<\/tr>\n<tr>\n<td align=\"LEFT\" valign=\"TOP\"><\/td>\n<td align=\"LEFT\" valign=\"TOP\"> <a name=\"anoticias4\"><span class=\"titulo\">PROBLEMAS     DA CONEX&Atilde;O COM O SERPRO<\/span><\/a> <span class=\"texto\">     <\/p>\n<p>Nos dias 15 e 16\/10, v&aacute;rios usu&aacute;rios do SIAFI n&atilde;o      conseguiram fazer conex&atilde;o com o Serpro. Diante disso, o Depto.      de Contabilidade e Finan&ccedil;as entrou em contato com o Serpro, que      informou que j&aacute; havia tomado provid&ecirc;ncias para solu&ccedil;&atilde;o      do problema.<\/p>\n<p>O DCF solicita aos usu&aacute;rios do SIAFI que, quando conseguirem      acessar o sistema, respondam &agrave; pesquisa de <i>&#8220;Satisfa&ccedil;&atilde;o      do Usu&aacute;rio&#8221;<\/i>, para melhoria da conex&atilde;o em todo      o Brasil.<\/p>\n<p>    <\/span>     <\/td>\n<\/tr>\n<p>  <!-- #EndEditable -->  <\/table>\n<p> <!-- fim noticias --><\/div>\n<p><a name='informativo'><\/a><\/p>\n<h4>Informativo<\/h4>\n<div class=\"centro-sistematico\">  <!-- noticias --> <\/p>\n<table border=\"0\" cellspacing=\"0\" cellpadding=\"0\">\n<tr>\n<td><\/td>\n<td><\/td>\n<\/tr>\n<p>  <!-- #BeginEditable \"materias\" -->   <\/p>\n<tr>\n<td align=\"LEFT\" valign=\"TOP\"><\/td>\n<td align=\"LEFT\" valign=\"TOP\"><a name=\"ainformativo1\"><span class=\"titulo\">DICAS DE     SITES INTERESSANTES<\/span><br \/>    <\/a> <img loading=\"lazy\" decoding=\"async\" src=\"https:\/\/www.ufmg.br\/dti\/wp-content\/uploads\/imgs\/tudo_pixel.gif\" width=\"1\" height=\"20\" alt=\"\" border=\"0\"><span class=\"texto\">Adyrus,     o ca&ccedil;ador de sites, enviou as seguintes dicas:     <\/p>\n<p>&#8211; Voc&ecirc; j&aacute; perguntou se a Pantera Cor de Rosa &eacute;      macho ou f&ecirc;mea? E por que a pantera n&atilde;o fala? Se ficou      curioso pelas respostas desta Pantera, que &eacute; muito engra&ccedil;ada,      &eacute; s&oacute; apontar o seu navegador para a p&aacute;gina Pink      Panther,<b> <\/b><a href=\"http:\/\/www.pinkpanther.com\/gateway.html\">http:\/\/www.pinkpanther.com\/gateway.html<\/a>,      onde voc&ecirc; tamb&eacute;m vai encontrar uma entrevista com David      DePatie, um de seus criadores, al&eacute;m de cart&otilde;es virtuais,      pap&eacute;is de parede, links diversos e uma cronologia da personagem.      (Site em Ingl&ecirc;s)<\/p>\n<p>&#8211; Uma id&eacute;ia muito legal e que explora a interatividade da rede      para realizar produ&ccedil;&otilde;es junto com o usu&aacute;rio, utilizando      sons e imagens, por meio de webcams &eacute; do Macromedia Flash. Para      poder participar das cibernovelas, envie roteiros ou se inscreva na      p&aacute;gina para atuar em novas produ&ccedil;&otilde;es. Escolha seu      tipo preferido de conto e fa&ccedil;a parte desse mundo virtual. As      vers&otilde;es s&atilde;o: Portugu&ecirc;s, Espanhol, Italiano e Ingl&ecirc;s.      Comece a sua carreia pela Web no endere&ccedil;o: <a href=\"http:\/\/www.novelaweb.com.br\">http:\/\/www.novelaweb.com.br<\/a>.<\/p>\n<p>&#8211; Com o encerramento do primeiro turno, voc&ecirc; pode conferir o      resultado detalhado das elei&ccedil;&otilde;es 2002.A p&aacute;gina      DivNet, <a href=\"http:\/\/www.tse.embratel.net.br\/divnet2002\/index.htm\">http:\/\/www.tse.embratel.net.br\/divnet2002\/index.htm<\/a>,      &eacute; uma p&aacute;gina dedicada &agrave; divulga&ccedil;&atilde;o      dos resultados oficiais pela Web oferecido pelo Tribunal Superior Eleitoral.      Veja a quantidade de votos do seu candidato.<\/p>\n<p>&#8211; Eu n&atilde;o sabia, mas todo boneco que tem uma articula&ccedil;&atilde;o      pode ser chamado de Action Figure, mesmo aqueles que s&oacute; mexem      uma parte do corpo, &agrave;s vezes s&oacute; a cabe&ccedil;a ou os      bra&ccedil;os. Esses brinquedos, que n&atilde;o s&atilde;o poucos no      mercado, n&atilde;o fazem parte apenas do mundo infantil, mas tamb&eacute;m      de colecionadores. A p&aacute;gina Action Figure, <a href=\"http:\/\/www.actionfigure.com.br\/\">http:\/\/www.actionfigure.com.br\/<\/a>,      traz uma galeria dessas figuras. Confira tamb&eacute;m a linha do tempo      que mostra quando surgiram inven&ccedil;&otilde;es como Banco Imobili&aacute;rio,      Autorama, Playmobil e ioi&ocirc;. &Eacute; uma p&aacute;gina muito interessante      e voc&ecirc; pode avaliar quanto vale o seu brinquedo usado. Ah! Voc&ecirc;      sabe quando foi inventado o ioi&ocirc;? E o domin&oacute;? Huuummmmm&#8230;      aposto que voc&ecirc; n&atilde;o sabe quando foi inventado a febre do      momento que &eacute; o v&iacute;deo game.<\/p>\n<p>&#8211; <i>&#8220;Lendo seu causo lembrei-me daquela moda sertaneja que fala      dos Inhambus e fiquei com saudades de minha terra onde tamb&eacute;m      pesc&aacute;vamos &agrave; noitinha umas belas trairas. Em Ibirarema\/SP,      terra onde nasci, t&iacute;nhamos um belo a&ccedil;ude onde pesc&aacute;vamos      e meus tios comentavam que l&aacute; tinha tra&iacute;ra t&atilde;o      velha que tinham at&eacute; p&ecirc;lo na costa. Grande abra&ccedil;o      do &#8220;Pescador l&aacute; do Bixiga&#8221;<\/i>. Se voc&ecirc; gosta      de pescaria e quer saber tudo, aponte o seu navegador para a p&aacute;gina      <a href=\"http:\/\/www.webpesca.com.br\/\">http:\/\/www.webpesca.com.br\/<\/a>      e fique por dentro de tudo. &Aacute;lbum de hist&oacute;rias, neg&oacute;cios,      pesca legal, culin&aacute;ria, materiais e t&eacute;cnicas, quando e      onde ir e o que n&atilde;o poderia faltar &eacute; peixes. Boa pescaria!<\/p>\n<p>&#8211; A <i>Esta&ccedil;&atilde;o Ci&ecirc;ncia<\/i> &eacute; um centro de      difus&atilde;o cient&iacute;fica, tecnol&oacute;gica e cultural da Pr&oacute;-reitoria      de Cultura e Extens&atilde;o Universit&aacute;ria da Universidade de      S&atilde;o Paulo. Tem como objetivo oferecer &agrave; popula&ccedil;&atilde;o,      principalmente por meio de exposi&ccedil;&otilde;es, oportunidades de      conhecer e analisar fen&ocirc;menos, teorias e pesquisas cient&iacute;ficas.      O p&uacute;blico, em torno de 25.000 visitantes por m&ecirc;s, &eacute;      formado por pessoas de todas as faixas et&aacute;rias, in&uacute;meros      interesses, motiva&ccedil;&otilde;es e graus de conhecimento dos assuntos      abordados nas exposi&ccedil;&otilde;es. O endere&ccedil;o &eacute;:      <a href=\"http:\/\/www.eciencia.usp.br\">http:\/\/www.eciencia.usp.br<\/a>\/.<\/p>\n<p>&#8211; O ANGU nasceu de um projeto experimental desenvolvido durante o ano      2000 no curso de Comunica&ccedil;&atilde;o Social da UFMG, com o objetivo      de fornecer um conte&uacute;do cultural e educativo de qualidade. No      site voc&ecirc; encontra um acervo em &aacute;udio de programas educativos,      entrevistas, hist&oacute;rias, poesias e m&uacute;sicas. O endere&ccedil;o      &eacute;: <a href=\"http:\/\/www.angu.net\/\">http:\/\/www.angu.net\/<\/a>.<\/p>\n<p>    <\/span> <\/td>\n<\/tr>\n<tr>\n<td align=\"LEFT\" valign=\"TOP\"><\/td>\n<td align=\"LEFT\" valign=\"TOP\"><a name=\"ainformativo2\"><span class=\"titulo\">PLANT&Atilde;O     INFO<\/span><\/a> <span class=\"texto\">     <\/p>\n<p>O <b>Plant&atilde;o Info<\/b> divulgou, na semana passada, as seguintes      not&iacute;cias:<\/p>\n<p><b>MS n&atilde;o pensa em pre&ccedil;o para derrotar Linux &#8211;<\/b> A      Microsoft n&atilde;o vai reduzir o pre&ccedil;o de seu sistema operacional      Windows para combater um computador pessoal de 199 d&oacute;lares acionado      por um sistema rival, anunciou no dia 09\/10, o presidente-executivo      da maior produtora de software do mundo. <br \/>     O Walmart.com, site de varejo online operado pela maior cadeia de supermercados      dos Estados Unidos, Wal-Mart, est&aacute; vendendo um computador de      199 d&oacute;lares, sem monitor e sem modem, acionado pelo sistema operacional      Lindows. <br \/>     O LindowsOS, da Lindows.com, uma empresa de San Diego, na Calif&oacute;rnia,      &eacute; baseado no sistema operacional Linux e &eacute; capaz de executar      programas feitos para funcionar com o Windows. <br \/>     O computador &eacute; fabricado pela Microtel Computer Systems e opera      com um microprocessador da VIA Technologies, de Taiwan. <br \/>     &#8220;Algu&eacute;m est&aacute; subutilizando aquele hardware. Algu&eacute;m      est&aacute; perdendo &#8211; as pessoas sabem quanto custa a energia e os      processadores&#8217;&#8217;, disse Steve Ballmer, presidente-executivo      da Microsoft em uma confer&ecirc;ncia sobre tecnologia promovida pela      empresa de an&aacute;lise de mercado Gartner Group. <br \/>     O pre&ccedil;o de 199 d&oacute;lares &eacute; menos de metade do cobrado      pelos mais baratos computadores equipados com o Windows oferecidos por      fabricantes como Dell Computer ou Gateway, que vendem computadores por      entre 500 e 600 d&oacute;lares. Ele fica abaixo, igualmente, dos 399      d&oacute;lares cobrados pelo modelo mais barato da eMachines. <br \/>     A demanda por computadores pessoais est&aacute; fraca h&aacute; quase      dois anos, j&aacute; que tanto empresas quanto consumidores est&atilde;o      retendo seus gastos. <br \/>     O Gartner Group disse no come&ccedil;o da semana que um retorno a uma      demanda mais elevada por computadores pessoais pode demorar, j&aacute;      que os consumidores optar&atilde;o por aproveitar as m&aacute;quinas      que j&aacute; t&ecirc;m. <br \/>     Os sistemas operacionais Windows da Microsoft para computadores pessoais      baratos custam cerca de 50 d&oacute;lares, e Ballmer diz que esse pre&ccedil;o      n&atilde;o &eacute; alterado h&aacute; pelo menos sete anos. <br \/>     Cortar esse pre&ccedil;o em 20 d&oacute;lares, por exemplo, n&atilde;o      venderia mais m&aacute;quinas, disse o executivo. <br \/>     &#8220;Isso vai realmente gerar muita demanda? N&atilde;o. Vai acabar      com nossa capacidade em fazer trabalhos inovadores como o Windows XP?      Isso vai sim&#8221;, afirmou Ballmer.<\/p>\n<p><b>Combate ao spam vira bom neg&oacute;cio &#8211;<\/b> Eles nem sempre se      dedicaram muito a essa quest&atilde;o. Mas &agrave; medida que o volume      de e-mail comercial n&atilde;o solicitado (spam) atinge propor&ccedil;&atilde;o      epid&ecirc;micas &#8211; para n&atilde;o mencionar um n&iacute;vel in&eacute;dito      de grosseria -, os produtores de software de seguran&ccedil;a para a      internet come&ccedil;am a prestar aten&ccedil;&atilde;o no problema.      <br \/>     E os consumidores, depois de muito tempo lamentando a falta de recursos      para bloquear a propaganda eletr&ocirc;nica de diversos servi&ccedil;os      e produtos n&atilde;o solicitados, de hipotecas pr&eacute;-aprovadas      a Viagra vendido sem receita, enfim t&ecirc;m em m&atilde;os algumas      ferramentas que podem pelo menos aliviar o problema. <br \/>     &#8220;Existem solu&ccedil;&otilde;es no mercado que est&atilde;o ajudando      as pessoas, e n&atilde;o acredito que muita gente as conhe&ccedil;a      at&eacute; agora&#8221;, disse Ray Everett Church, diretor de quest&otilde;es      de privacidade no EPrivacy Group e co-autor do livro Internet Privacy      for Dummies. <br \/>     &#8220;Como resultado, elas agora est&atilde;o tendo que usar a tecla      de apagar duas a tr&ecirc;s vezes mais do que no ano passado&#8221;,      disse. <br \/>     Al&eacute;m de uma multid&atilde;o de pequenas empresas que oferecem      produtos espec&iacute;ficos de combate ao spam, grupos de software de      maior porte como a McAfee e a Symantec come&ccedil;aram a dedicar mais      esfor&ccedil;os a esse segmento. <br \/>     No come&ccedil;o do ano, a McAfee adquiriu o SpamKiller de uma empresa      de software norueguesa e o incorporou ao seu pacote de produtos de seguran&ccedil;a.      Como muitos dos novos filtros de combate a spam que est&atilde;o chegando      ao mercado, a solu&ccedil;&atilde;o da McAfee vai al&eacute;m do simples      bloqueio de palavras suspeitas. <br \/>     A ferramenta tenta estudar o contexto geral da mensagem, para que possa,      por exemplo, distinguir se uma mensagem com a palavra &#8220;peito&#8221;      trata-se de uma receita, um site de sa&uacute;de ou um site pornogr&aacute;fico.      <br \/>     &#8220;Foi em janeiro, em uma s&eacute;rie de reuni&otilde;es de planejamento,      que decidimos que o mercado de combate a spam dispararia&#8221;, disse      Bryson Gordon, gerente de produtos na McAfee. &#8220;&Eacute; bem semelhante      &agrave; maneira pela qual o mercado de antiv&iacute;rus come&ccedil;ou,      no in&iacute;cio dos anos 80. O spam est&aacute; evoluindo de simples      irrita&ccedil;&atilde;o para amea&ccedil;a de seguran&ccedil;a&#8221;.      <br \/>     O qu&atilde;o grave a amea&ccedil;a do spam se tornou? <br \/>     Algumas companhias afirmam que o choque de internautas comuns e roubar      a inoc&ecirc;ncia de jovens n&atilde;o s&atilde;o os &uacute;nicos perigos      representados pelo spam. <br \/>     Um n&uacute;mero crescente de roubos online de mais de 500 mil identidades      e cart&otilde;es de cr&eacute;dito por ano, est&aacute; sendo consumado      por meio do spam, afirmam especialistas. <br \/>     O t&iacute;pico m&eacute;todo &eacute; enviar uma oferta de produto      por e-mail a um internauta com instru&ccedil;&otilde;es para ele clicar      em link da mensagem. Isso o leva para um site onde s&atilde;o pedidas      informa&ccedil;&otilde;es como nome, endere&ccedil;o e o n&uacute;mero      do cart&atilde;o de cr&eacute;dito. <br \/>     &#8220;Antes da epidemia do spam, as pessoas tinham que revirar o lixo      das v&iacute;timas para conseguir este tipo de informa&ccedil;&atilde;o&#8221;,      afirmou Gordon. &#8220;Agora elas somente enviam 30 milh&otilde;es de      e-mails para tentar enganar algu&eacute;m&#8221;, afirmou o gerente de      produtos na McAfee. <br \/>     Novas ferramentas contra o spam s&atilde;o capazes de filtrar entre      70 a 90 por cento das mensagens indesej&aacute;veis, mas a elimina&ccedil;&atilde;o      completa da amea&ccedil;a pode precisar de mais que tecnologia. <br \/>     &#8216;&#8217;No final, vai ser preciso mais que um apoio t&eacute;cnico.      Voc&ecirc; precisa barrar os spammers na fonte e isso vai precisar de      mudan&ccedil;as de fiscaliza&ccedil;&atilde;o e novas leis&#8217;&#8217;,      afirmou Church, do EPrivacy Group.<\/p>\n<p>    <\/span> <\/td>\n<\/tr>\n<p>  <!-- #EndEditable -->  <\/table>\n<p> <!-- fim noticias --> <!-- tabela ha 20 anos --> <\/p>\n<table border=\"0\" cellspacing=\"0\" cellpadding=\"0\" class=\"cinza\">\n<tr>\n<td><img loading=\"lazy\" decoding=\"async\" src=\"https:\/\/www.ufmg.br\/dti\/wp-content\/uploads\/imgs\/tudo_pixel.gif\" width=\"1\" height=\"1\" alt=\"\" border=\"0\"><\/td>\n<td><img loading=\"lazy\" decoding=\"async\" src=\"https:\/\/www.ufmg.br\/dti\/wp-content\/uploads\/imgs\/tudo_pixel.gif\" width=\"19\" height=\"1\" alt=\"\" border=\"0\"><\/td>\n<td><img loading=\"lazy\" decoding=\"async\" src=\"https:\/\/www.ufmg.br\/dti\/wp-content\/uploads\/imgs\/tudo_pixel.gif\" width=\"510\" height=\"1\" alt=\"\" border=\"0\"><\/td>\n<td><img loading=\"lazy\" decoding=\"async\" src=\"https:\/\/www.ufmg.br\/dti\/wp-content\/uploads\/imgs\/tudo_pixel.gif\" width=\"19\" height=\"1\" alt=\"\" border=\"0\"><\/td>\n<td><img loading=\"lazy\" decoding=\"async\" src=\"https:\/\/www.ufmg.br\/dti\/wp-content\/uploads\/imgs\/tudo_pixel.gif\" width=\"1\" height=\"1\" alt=\"\" border=\"0\"><\/td>\n<\/tr>\n<tr>\n<td class=\"vermelho\" colspan=\"5\"><img loading=\"lazy\" decoding=\"async\" src=\"https:\/\/www.ufmg.br\/dti\/wp-content\/uploads\/imgs\/tudo_pixel.gif\" width=\"1\" height=\"1\" alt=\"\" border=\"0\"><\/td>\n<\/tr>\n<tr>\n<td class=\"vermelho\"><img loading=\"lazy\" decoding=\"async\" src=\"https:\/\/www.ufmg.br\/dti\/wp-content\/uploads\/imgs\/tudo_pixel.gif\" width=\"1\" height=\"1\" alt=\"\" border=\"0\"><\/td>\n<td><img loading=\"lazy\" decoding=\"async\" src=\"https:\/\/www.ufmg.br\/dti\/wp-content\/uploads\/imgs\/tudo_pixel.gif\" width=\"1\" height=\"1\" alt=\"\" border=\"0\"><\/td>\n<td align=\"LEFT\" valign=\"TOP\"><!-- #BeginEditable \"ha 20 anos\" --><a name=\"ainformativo3\"><img loading=\"lazy\" decoding=\"async\" src=\"https:\/\/www.ufmg.br\/dti\/wp-content\/uploads\/imgs\/tudo_pixel.gif\" width=\"1\" height=\"8\" alt=\"\" border=\"0\"><br \/>    <span class=\"titulo\">H\u00e1 20 anos&#8230;<\/span><\/a> <span class=\"texto\">     <\/p>\n<p>O Sistem&aacute;tico Ano VI, no. 40, de 21\/10\/1982, publicou not&iacute;cias      sobre inscri&ccedil;&otilde;es para concurso p&uacute;blico na UFMG,      sele&ccedil;&atilde;o de bolsistas, participa&ccedil;&atilde;o de Luiz      Carlos Campos em curso da Burroughs, em Porto Alegre\/RS, sa&iacute;da      de S&ocirc;nia Nair Ferreira Guerra, entre outras. A not&iacute;cia      que se destacou foi:<\/p>\n<p><b>XV CONGRESSO NACIONAL DE INFORM&Aacute;TICA<\/b><br \/>     <font face=\"1\">Est&aacute; sendo realizado no Rio de Janeiro o XV Congresso      Nacional de Inform&aacute;tica e a II Feira Internacional de Inform&aacute;tica,      numa promo&ccedil;&atilde;o da Sucesu\/Nacional.<br \/>     Representando o Centro de Computa&ccedil;&atilde;o, est&atilde;o presentes,      desde o in&iacute;cio da semana, Maria Miriam Arruda Salvador e o prof.      Jo&atilde;o Carlos Pires Bauer. Ainda do CECOM, viajaram ontem para      participarem do congresso: Solange Guimar&atilde;es, Gino Ottoni Durante,      Marcelo Novais Machado, Maria Manuela Martins Tavares Reyes, Mauro Siqueira      Lopes, Evandro de Paula Gdoy, Jo&atilde;o Carlos Lages, Maria de Lourdes      Moreira Braga, Jos&eacute; Diz Ramos, Haroldo Can&ccedil;ado Rolhfs      e Regina Helena Moura Brandi. Jos&eacute; Eduardo Valle Santos estar&aacute;      viajando hoje para o XV CNI.<\/font><\/p>\n<p>    <\/span><!-- #EndEditable --><br \/>     <img loading=\"lazy\" decoding=\"async\" src=\"https:\/\/www.ufmg.br\/dti\/wp-content\/uploads\/imgs\/tudo_pixel.gif\" width=\"1\" height=\"8\" alt=\"\" border=\"0\"><\/td>\n<td><img loading=\"lazy\" decoding=\"async\" src=\"https:\/\/www.ufmg.br\/dti\/wp-content\/uploads\/imgs\/tudo_pixel.gif\" width=\"1\" height=\"1\" alt=\"\" border=\"0\"><\/td>\n<td class=\"vermelho\"><img loading=\"lazy\" decoding=\"async\" src=\"https:\/\/www.ufmg.br\/dti\/wp-content\/uploads\/imgs\/tudo_pixel.gif\" width=\"1\" height=\"1\" alt=\"\" border=\"0\"><\/td>\n<\/tr>\n<tr>\n<td class=\"vermelho\" colspan=\"5\"><img loading=\"lazy\" decoding=\"async\" src=\"https:\/\/www.ufmg.br\/dti\/wp-content\/uploads\/imgs\/tudo_pixel.gif\" width=\"1\" height=\"1\" alt=\"\" border=\"0\"><\/td>\n<\/tr>\n<\/table>\n<p> <!-- fim tabela ha 20 anos --><\/div>\n<p><a name='eventos'><\/a><\/p>\n<h4>Eventos<\/h4>\n<div class=\"centro-sistematico\">  <!-- noticias --> <\/p>\n<table border=\"0\" cellspacing=\"0\" cellpadding=\"0\">\n<tr>\n<td><\/td>\n<td><\/td>\n<\/tr>\n<p>  <!-- #BeginEditable \"materias\" -->   <\/p>\n<tr>\n<td align=\"LEFT\" valign=\"TOP\"><\/td>\n<td align=\"LEFT\" valign=\"TOP\"> <a name=\"aeventos1\"><span class=\"titulo\">TEM IN&Iacute;CIO     MAIS DUAS TURMAS DE TREINAMENTO DE INFORM&Aacute;TICA INSTRUMENTAL<\/span><\/a>     <span class=\"texto\">     <\/p>\n<p>O CECOM, juntamente com o DRH\/ProRH, est&aacute; oferecendo mais duas      turmas de treinamento de Inform&aacute;tica Instrumental &#8211; Word &#8211; para      funcion&aacute;rios da Universidade. As aulas tiveram in&iacute;cio      ontem, dia 16, e est&atilde;o sendo realizadas na sala do DRH, na Imprensa      Universit&aacute;ria, com t&eacute;rmino no dia 05 de novembro. As turmas      e os participantes s&atilde;o:<\/p>\n<p><b>Inform&aacute;tica Instrumental &#8211; Word &#8211; Turma 13<\/b> &#8211; hor&aacute;rio:      de 8:30 &agrave;s 11:30: Angelo Miguel de Carvalho (Coltec), C&iacute;ntia      Eduarda Nogueira (Farm&aacute;cia), Darcy Concei&ccedil;&atilde;o (Fundep),      Edrine Soares da Cruz (Fundep), Hudson Gotardo Costa (Engenharia), Lucilene      Rodrigues Ferreira (Gabinete), Maria da Concei&ccedil;&atilde;o Martins      (Belas Artes), Rivamar Concei&ccedil;&atilde;o de Souza (Sast) e William      Alves da Silva (Engenharia). Instrutor: Alfredo Ventura dos Anjos.    <\/p>\n<p><b>Inform&aacute;tica Instrumental &#8211; Word &#8211; Turma 14 &#8211;<\/b> hor&aacute;rio:      13:30 &agrave;s 16:30: Abigail Maria Gangana, Ana Ge&iacute;sa Vieira,      Maria da Gra&ccedil;as Paiva, Maria de F&aacute;tima Filardi Oliveira,      Maria In&ecirc;s Moreira Sep&uacute;lveda, M&eacute;rcia In&ecirc;s      Pereira do Nascimento, Nice Aparecida Ferreira de Souza, Tatiane Zelina,      Val&eacute;ria Cristina C&acirc;mara e Vera Regina Santos Pereira. Instrutor:      Ant&ocirc;nio Eust&aacute;quio Rodrigues.<\/p>\n<p>    <\/span> <\/td>\n<\/tr>\n<tr>\n<td align=\"LEFT\" valign=\"TOP\"><\/td>\n<td align=\"LEFT\" valign=\"TOP\"><a name=\"aeventos2\"><span class=\"titulo\">SOCIAIS<\/span><\/a>     <span class=\"texto\">     <\/p>\n<p><b>ANIVERS&Aacute;RIOS:<\/b> <i>&#8220;O Sistem&aacute;tico&#8221; envia      os parab&eacute;ns para os aniversariantes da semana: Wanderson Machado      Horta, no dia 18 e Maria Helena Caldeira dos Reis, no dia 19. E os parab&eacute;ns      para os ex-ceconianos: Jos&eacute; Diz Ramos e Patr&iacute;cia Lage,      no dia 20; Clayton Ricardo Santos e Jos&eacute; Marcos Silva Nogueira      (DCC), no dia 22; Alexandre Castor de Oliveira Pires, no dia 23; e Carlos      Rafael Quevedo Aguilar, no dia 24.<\/i><\/p>\n<p>    <\/span>    <\/td>\n<\/tr>\n<p>  <!-- #EndEditable -->  <\/table>\n<p> <!-- fim noticias --><\/div>\n","protected":false},"excerpt":{"rendered":"<p>Not\u00edcias VAGAS ESGOTADAS NO TREINAMENTO SOBRE INA E OPUS CECOM AUMENTA SEGURAN&Ccedil;A DE BANCOS DE DADOS CONSULTA A DADOS ACAD&Ecirc;MICOS &Eacute; RESTRINGIDA PROBLEMAS DA CONEX&Atilde;O COM O SERPRO Informativo DICAS DE SITES INTERESSANTES PLANT&Atilde;O INFO H\u00e1 20 anos&#8230; Eventos TEM IN&Iacute;CIO MAIS DUAS TURMAS DE TREINAMENTO DE INFORM&Aacute;TICA INSTRUMENTAL SOCIAIS Not\u00edcias VAGAS ESGOTADAS NO TREINAMENTO &#8230; <a title=\"Sistem\u00e1tico: Edi\u00e7\u00e3o 1130 &#8211; 17\/10\/2002\" class=\"read-more\" href=\"https:\/\/www.ufmg.br\/dti\/2002\/10\/17\/sistematico-edicao-1130-17102002\/\" aria-label=\"Read more about Sistem\u00e1tico: Edi\u00e7\u00e3o 1130 &#8211; 17\/10\/2002\">Ler mais<\/a><\/p>\n","protected":false},"author":3,"featured_media":0,"comment_status":"open","ping_status":"open","sticky":false,"template":"","format":"standard","meta":{"inline_featured_image":false,"footnotes":""},"categories":[13],"tags":[],"coauthors":[79],"class_list":["post-3226","post","type-post","status-publish","format-standard","hentry","category-sistematico"],"_links":{"self":[{"href":"https:\/\/www.ufmg.br\/dti\/wp-json\/wp\/v2\/posts\/3226","targetHints":{"allow":["GET"]}}],"collection":[{"href":"https:\/\/www.ufmg.br\/dti\/wp-json\/wp\/v2\/posts"}],"about":[{"href":"https:\/\/www.ufmg.br\/dti\/wp-json\/wp\/v2\/types\/post"}],"author":[{"embeddable":true,"href":"https:\/\/www.ufmg.br\/dti\/wp-json\/wp\/v2\/users\/3"}],"replies":[{"embeddable":true,"href":"https:\/\/www.ufmg.br\/dti\/wp-json\/wp\/v2\/comments?post=3226"}],"version-history":[{"count":0,"href":"https:\/\/www.ufmg.br\/dti\/wp-json\/wp\/v2\/posts\/3226\/revisions"}],"wp:attachment":[{"href":"https:\/\/www.ufmg.br\/dti\/wp-json\/wp\/v2\/media?parent=3226"}],"wp:term":[{"taxonomy":"category","embeddable":true,"href":"https:\/\/www.ufmg.br\/dti\/wp-json\/wp\/v2\/categories?post=3226"},{"taxonomy":"post_tag","embeddable":true,"href":"https:\/\/www.ufmg.br\/dti\/wp-json\/wp\/v2\/tags?post=3226"},{"taxonomy":"author","embeddable":true,"href":"https:\/\/www.ufmg.br\/dti\/wp-json\/wp\/v2\/coauthors?post=3226"}],"curies":[{"name":"wp","href":"https:\/\/api.w.org\/{rel}","templated":true}]}}