{"id":3234,"date":"2002-07-25T08:00:00","date_gmt":"2002-07-25T08:00:00","guid":{"rendered":"https:\/\/www.ufmg.br\/dti\/cecom\/?p=1508"},"modified":"2002-07-25T08:00:00","modified_gmt":"2002-07-25T08:00:00","slug":"sistematico-edicao-1119-25072002","status":"publish","type":"post","link":"https:\/\/www.ufmg.br\/dti\/2002\/07\/25\/sistematico-edicao-1119-25072002\/","title":{"rendered":"Sistem\u00e1tico: Edi\u00e7\u00e3o 1119 &#8211; 25\/07\/2002"},"content":{"rendered":"<ul>\n<li><a href=\"\/dti\/#noticias\">Not\u00edcias<\/a>\n<div class='submenuSistematico'>\n<ul>\n<li><a href=\"\/dti\/#anoticias1\"><span class=\"titulo\">ATUALIZA&Ccedil;&Atilde;O     DE SERVIDORES DE REDES ADMINISTRATIVAS<\/span><\/a><\/li>\n<li><a href=\"\/dti\/#anoticias2\"><span class=\"titulo\">SICCA E     SISTEMA DE PATRIM&Ocirc;NIO<\/span><\/a><\/li>\n<li><a href=\"\/dti\/#anoticias3\"><span class=\"titulo\">NOVO PADR&Atilde;O     PARA AMBIENTE DE MICROS DA REDE ADMINISTRATIVA<\/span><\/a><\/li>\n<li><a href=\"\/dti\/#anoticias4\"><span class=\"titulo\">AMBIENTE     F&Iacute;SICO PARA O DESENVOLVIMENTO DO NOVO SISTEMA ACAD&Ecirc;MICO<\/span><\/a><\/li>\n<\/ul>\n<\/div>\n<\/li>\n<li><a href=\"\/dti\/#informativo\">Informativo<\/a>\n<div class='submenuSistematico'>\n<ul>\n<li><a href=\"\/dti\/#ainformativo1\"><span class=\"titulo\">Genteware<\/span><br \/>    <\/a><\/li>\n<li><a href=\"\/dti\/#ainformativo2\"><span class=\"titulo\">DICAS DE     SITES INTERESSANTES<\/span><\/a><\/li>\n<li><a href=\"\/dti\/#ainformativo3\"><span class=\"titulo\">MEM&Oacute;RIA     FOTOGR&Aacute;FICA DO CECOM<\/span><\/a><\/li>\n<li><a href=\"\/dti\/#ainformativo4\"><img loading=\"lazy\" decoding=\"async\" src=\"https:\/\/www.ufmg.br\/dti\/wp-content\/uploads\/imgs\/tudo_pixel.gif\" width=\"1\" height=\"8\" alt=\"\" border=\"0\"><br \/>    <span class=\"titulo\">H\u00e1 20 anos&#8230;<\/span><\/a><\/li>\n<\/ul>\n<\/div>\n<\/li>\n<li><a href=\"\/dti\/#eventos\">Eventos<\/a>\n<div class='submenuSistematico'>\n<ul>\n<li><a href=\"\/dti\/#aeventos1\"><span class=\"titulo\">CURSO DE     FOTOGRAFIA<\/span><\/a><\/li>\n<li><a href=\"\/dti\/#aeventos2\"><span class=\"titulo\">SOCIAIS<\/span><\/a><\/li>\n<\/ul>\n<\/div>\n<\/li>\n<\/ul>\n<p> <a name='noticias'><\/a><\/p>\n<h4>Not\u00edcias<\/h4>\n<div class=\"centro-sistematico\">  <!-- noticias --> <\/p>\n<table border=\"0\" cellspacing=\"0\" cellpadding=\"0\">\n<tr>\n<td><\/td>\n<td><\/td>\n<\/tr>\n<p>  <!-- #BeginEditable \"materias\" -->   <\/p>\n<tr>\n<td align=\"LEFT\" valign=\"TOP\"><\/td>\n<td align=\"LEFT\" valign=\"TOP\"> <a name=\"anoticias1\"><span class=\"titulo\">ATUALIZA&Ccedil;&Atilde;O     DE SERVIDORES DE REDES ADMINISTRATIVAS<\/span><\/a> <span class=\"texto\">     <\/p>\n<p>O CECOM adquiriu licen&ccedil;as do sistema operacional de redes Netware      6 para atualiza&ccedil;&atilde;o de todos os servidores da Rede Administrativa,      cuja ger&ecirc;ncia &eacute; centralizada pelo Centro.<\/p>\n<p>O Netware 6 &eacute; uma evolu&ccedil;&atilde;o do sistema hoje usado      nestas redes, tendo caracter&iacute;sticas voltadas para o uso e administra&ccedil;&atilde;o      da Internet.<\/p>\n<p>Devido aos requisitos de hardware recomend&aacute;veis para implanta&ccedil;&atilde;o      desta vers&atilde;o (Pentium III ou superior, 512 M de mem&oacute;ria      e 5 Gb dispon&iacute;veis para o sistema operacional), a Imprensa Universit&aacute;ria      adquiriu um novo equipamento para ser o servidor de arquivos daquela      unidade e o CECOM est&aacute; disparando processo de compra de um servidor      para atender &agrave; sua pr&oacute;pria rede.<\/p>\n<p>    <\/span> <\/td>\n<\/tr>\n<tr>\n<td align=\"LEFT\" valign=\"TOP\"><\/td>\n<td align=\"LEFT\" valign=\"TOP\"> <a name=\"anoticias2\"><span class=\"titulo\">SICCA E     SISTEMA DE PATRIM&Ocirc;NIO<\/span><\/a> <span class=\"texto\">     <\/p>\n<p>Foi realizada na &uacute;ltima sexta-feira, dia 19, entre o Centro      de Computa&ccedil;&atilde;o e o Depto. de Servi&ccedil;os Gerais (DSG),      reuni&atilde;o para discuss&atilde;o da estrat&eacute;gia de implanta&ccedil;&atilde;o      dos m&oacute;dulos de Compras e Contabilidade do Projeto SICCA (Sistema      Integrado de Compras, Contabilidade e Almoxarifado) e tamb&eacute;m      para melhor defini&ccedil;&atilde;o da intera&ccedil;&atilde;o deste      projeto com rela&ccedil;&atilde;o ao desenvolvimento do novo Sistema      de Patrim&ocirc;nio. Do projeto SICCA original, apenas o m&oacute;dulo      correspondente ao Almoxarifado foi realmente implantado na Universidade.      Os outros dois m&oacute;dulos, Compras e Contabilidade, apesar de j&aacute;      terem sido desenvolvidos, ainda n&atilde;o foram totalmente consolidados      e implantados. Estiveram presentes &agrave; reuni&atilde;o: Regina Helena      Moura Brandi, do CECOM, como a nova respons&aacute;vel pelo Projeto      SICCA, e Edna L&uacute;cia Gelmini, diretora do DSG.<\/p>\n<p>    <\/p>\n<p>    <\/span><\/td>\n<\/tr>\n<tr>\n<td align=\"LEFT\" valign=\"TOP\"><\/td>\n<td align=\"LEFT\" valign=\"TOP\"> <a name=\"anoticias3\"><span class=\"titulo\">NOVO PADR&Atilde;O     PARA AMBIENTE DE MICROS DA REDE ADMINISTRATIVA<\/span><\/a> <span class=\"texto\">     <\/p>\n<p>Com a ado&ccedil;&atilde;o do sistema operacional Windows 2000 Professional      como padr&atilde;o para os microcomputadores dos &oacute;rg&atilde;os      da Administra&ccedil;&atilde;o Central, v&aacute;rias mudan&ccedil;as      foram implementadas, visando uma maior padroniza&ccedil;&atilde;o e,      principalmente, a garantia da legaliza&ccedil;&atilde;o do ambiente      de software dessas m&aacute;quinas.<\/p>\n<p>O sistema operacional anterior, Windows 98, por n&atilde;o ser voltado      para ambientes corporativos, permitia a seus usu&aacute;rios total controle      de suas fun&ccedil;&otilde;es e sistemas. Os usu&aacute;rios podiam,      por exemplo, mudar as configura&ccedil;&otilde;es de rede e de perif&eacute;ricos,      alterar o fundo de tela, acrescentar e remover softwares, alterar a      disposi&ccedil;&atilde;o e formato dos &iacute;cones apresentados na      &aacute;rea de trabalho etc. Embora tais privil&eacute;gios possam ser      considerados, por alguns usu&aacute;rios, &#8220;essenciais&#8221; para      um melhor desenvolvimento de suas tarefas di&aacute;rias, na grande      maioria das vezes causam problemas para os respons&aacute;veis pela      manuten&ccedil;&atilde;o dos equipamentos, no caso o CECOM, al&eacute;m      de retardar e irritar outros usu&aacute;rios que, porventura, venham      trabalhar nesse ambiente personalizado. <\/p>\n<p>Muitos usu&aacute;rios ignoram que, ao modificarem os &iacute;cones,      por exemplo, para &iacute;cones animados, e modificarem o fundo de tela      para uma imagem qualquer, geralmente retirada de algum site da Internet,      est&atilde;o afetando, em alguns casos drasticamente, o desempenho de      seus equipamentos, uma vez que grandes imagens demoram mais tempo para      serem processadas e &iacute;cones animados s&atilde;o programas que      ficam residentes na mem&oacute;ria em tempo integral. Outra possibilidade      que o Windows 98 d&aacute; a seus usu&aacute;rios &eacute; a instala&ccedil;&atilde;o      e remo&ccedil;&atilde;o de qualquer software no equipamento, o que vai      contra a necessidade de se ter um ambiente legalizado, uma vez que muitos      dos programas instalados s&atilde;o c&oacute;pias de demonstra&ccedil;&atilde;o,      que deveriam ser retiradas ap&oacute;s um prazo determinado.<\/p>\n<p>Com a ado&ccedil;&atilde;o do Windows 2000 Professional, esses privil&eacute;gios      passaram a ser controlados pela administra&ccedil;&atilde;o da rede.      Foi definido um ambiente de usu&aacute;rio padronizado, incluindo &aacute;rea      de trabalho tendo como fundo de tela o s&iacute;mbolo da UFMG e &iacute;cones      com formato e disposi&ccedil;&atilde;o pr&eacute;-estabelecidos, bem      como a impossibilidade de qualquer altera&ccedil;&atilde;o do ambiente      de software previamente instalado e de qualquer modifica&ccedil;&atilde;o      do sistema, evitando travamentos causados por altera&ccedil;&otilde;es      indevidas na configura&ccedil;&atilde;o. Al&eacute;m disso, por ser      Windows 2000 um sistema operacional mais est&aacute;vel que o seu antecessor,      o CECOM acredita ter conseguido fornecer aos usu&aacute;rios da Administra&ccedil;&atilde;o      Central um ambiente mais profissional e condizente com as necessidades      da institui&ccedil;&atilde;o.    <\/p>\n<p>    <\/span>     <\/td>\n<\/tr>\n<tr>\n<td align=\"LEFT\" valign=\"TOP\"><\/td>\n<td align=\"LEFT\" valign=\"TOP\"> <a name=\"anoticias4\"><span class=\"titulo\">AMBIENTE     F&Iacute;SICO PARA O DESENVOLVIMENTO DO NOVO SISTEMA ACAD&Ecirc;MICO<\/span><\/a>     <span class=\"texto\">     <\/p>\n<p>J&aacute; est&aacute; quase pronto o novo ambiente f&iacute;sico que      o CECOM est&aacute; montando para dar continuidade ao desenvolvimento      do projeto do Novo Sistema de Controle Acad&ecirc;mico. O mobili&aacute;rio      da sala de programa&ccedil;&atilde;o j&aacute; foi montado faltando      apenas o conjunto de trabalho (mesa em L e cadeira) que ser&aacute;      montado na sala de desenvolvimento.<\/p>\n<p>Com rela&ccedil;&atilde;o aos equipamentos, todos j&aacute; chegaram      e est&atilde;o sendo testados, instalados e configurados pela DAC, que      tamb&eacute;m est&aacute; providenciando a disponibiliza&ccedil;&atilde;o      dos novos pontos de rede com os respectivos endere&ccedil;os IP. A previs&atilde;o      &eacute; que no dia 1o. de agosto pr&oacute;ximo, todo o ambiente f&iacute;sico      esteja pronto.<\/p>\n<p>    <\/span>     <\/td>\n<\/tr>\n<p>  <!-- #EndEditable -->  <\/table>\n<p> <!-- fim noticias --><\/div>\n<p><a name='informativo'><\/a><\/p>\n<h4>Informativo<\/h4>\n<div class=\"centro-sistematico\">  <!-- noticias --> <\/p>\n<table border=\"0\" cellspacing=\"0\" cellpadding=\"0\">\n<tr>\n<td><\/td>\n<td><\/td>\n<\/tr>\n<p>  <!-- #BeginEditable \"materias\" -->   <\/p>\n<tr>\n<td align=\"LEFT\" valign=\"TOP\"><\/td>\n<td align=\"LEFT\" valign=\"TOP\"><a name=\"ainformativo1\"><span class=\"titulo\">Genteware<\/span><br \/>    <\/a> <img loading=\"lazy\" decoding=\"async\" src=\"https:\/\/www.ufmg.br\/dti\/wp-content\/uploads\/imgs\/tudo_pixel.gif\" width=\"1\" height=\"20\" alt=\"\" border=\"0\"><br \/>     <span class=\"texto\"> <img loading=\"lazy\" decoding=\"async\" src=\"https:\/\/www.ufmg.br\/dti\/wp-content\/uploads\/fotos\/michele.jpg\" width=\"241\" height=\"236\" alt=\"\" border=\"0\" hspace=\"0\" vspace=\"0\" align=\"left\"><img loading=\"lazy\" decoding=\"async\" src=\"https:\/\/www.ufmg.br\/dti\/wp-content\/uploads\/imgs\/tudo_pixel.gif\" width=\"20\" height=\"235\" alt=\"\" border=\"0\" hspace=\"0\" vspace=\"0\" align=\"left\">H&aacute;     pouco mais de um m&ecirc;s, ela passou a pertencer ao quadro do CECOM,     a partir do Conv&ecirc;nio UFMG\/Cruz Vermelha. &Eacute; uma menina de     um sorriso muito bonito, simp&aacute;tica, que ri &agrave; toa. Muito     educada, est&aacute; lotada na Diretoria do CECOM. Ela &eacute; Michele     Marie Ribeiro Perp&eacute;tuo que ficou muito feliz por ter sido convidada     para a entrevista.     <\/p>\n<p><b>SIST:<\/b> Como voc&ecirc; ficou sabendo do Conv&ecirc;nio UFMG\/Cruz      Vermelha?<br \/>     <b>MICHELE:<\/b> Sempre tive muita vontade de trabalhar e achei que,      j&aacute; tendo completado 16 anos, fazer um est&aacute;gio seria perfeito.      Comecei ent&atilde;o a buscar oportunidades nos lugares em que meus      familiares trabalhavam, mas n&atilde;o deu certo. Eu n&atilde;o desisti      ! Foi a&iacute; que um tio meu me falou sobre as inscri&ccedil;&otilde;es      na Cruz Vermelha. Ele me explicou que eu n&atilde;o precisava ter a      experi&ecirc;ncia que todos os outros empregos me exigiam. Fiz minha      inscri&ccedil;&atilde;o no come&ccedil;o deste ano, logo que fiz anivers&aacute;rio,      em mar&ccedil;o. Fiquei assustada com o n&uacute;mero de jovens que      buscavam um emprego. A fila era gigantesca! A partir da&iacute; foram      dois meses de espera. No final do m&ecirc;s de maio, fui chamada para      fazer uma entrevista de sele&ccedil;&atilde;o com mais oito meninas,      se n&atilde;o me falha a mem&oacute;ria. Duas semanas depois, fui convocada      para a primeira entrevista, no Centro Pedag&oacute;gico e, antes que      se passasse uma semana, o CECOM me convocou para a segunda entrevista.<\/p>\n<p><b>SIST:<\/b>Como foi a sua entrevista no CECOM? Achava que seria chamada?<br \/>     <b>MICHELE:<\/b> Foi incr&iacute;vel! A M&aacute;rcia e a Lel&eacute;      me deixaram t&atilde;o a vontade que, quando dei por mim, o meu nervosismo      j&aacute; quase n&atilde;o existia. &Eacute; claro que a ansiedade de      saber o que estavam achando de mim fez com que parte desse meu nervosismo      persistisse. A entrevista tamb&eacute;m foi bastante parecida com as      duas primeiras. Talvez isso tamb&eacute;m tenha ajudado um pouco. Recebi      a resposta no mesmo dia, mas a expectativa daqueles cinco minutinhos      antes da confirma&ccedil;&atilde;o&#8230; N&atilde;o acreditava que pudesse      ser a escolhida<\/p>\n<p><b>SIST:<\/b> Foi o seu primeiro emprego?<br \/>     <b>MICHELE:<\/b> Eu j&aacute; havia trabalhado na equipe de promo&ccedil;&atilde;o      da r&aacute;dio Transam&eacute;rica, em sua antiga dire&ccedil;&atilde;o.      Fazia o que eles chamam de <i>&#8220;peruinha Transam&eacute;rica&#8221;<\/i>      e participava de feiras de m&uacute;sica. Contudo, n&atilde;o tinha      nenhum tipo de garantia ou hor&aacute;rio certo.<\/p>\n<p><b>SIST:<\/b> Como est&aacute; sendo o seu trabalho no CECOM?<br \/>     <b>MICHELE:<\/b> Tenho certeza de que meu anjo da guarda anda fazendo      muito bem o seu trabalho. Ele me guiou para o melhor lugar da UFMG.      Iniciei meu trabalho no CECOM no dia 12 de junho\/2002. Fui muito bem      recebida por todos e a Mar&iacute;lia teve muita paci&ecirc;ncia comigo      durante o treinamento. Ela foi uma excelente professora! No come&ccedil;o,      fiquei totalmente perdida, mas minha <i>&#8220;professora&#8221;<\/i> me      tranquilizou, dizendo que aos poucos eu assimilaria todas as informa&ccedil;&otilde;es.      De fato, &eacute; isso o que est&aacute; acontecendo. Sei que ainda      tenho muito o que aprender e me sinto muito segura sabendo que ser&atilde;o      voc&ecirc;s os meus professores. Todos aqui me ensinam muito! Procuro      fazer o meu trabalho da melhor maneira poss&iacute;vel, mas &agrave;s      vezes trope&ccedil;o na falta de experi&ecirc;ncia. E tenho consci&ecirc;ncia      da minha responsabilidade.<\/p>\n<p><b>SIST:<\/b> Voc&ecirc; est&aacute; preferindo almo&ccedil;ar no CECOM?      J&aacute; se acostumou com a turma do almo&ccedil;o?<br \/>     <b>MICHELE:<\/b> Com certeza prefiro almo&ccedil;ar aqui no CECOM. Al&eacute;m      de muito mais animado, (principalmente quando n&atilde;o tem metade      do CECOM de f&eacute;rias), &eacute; muito mais confort&aacute;vel para      mim n&atilde;o ter que gastar tempo e dinheiro com almo&ccedil;o. J&aacute;      me acostumei tanto com o pessoal que sinto falta da Beth, da Maria Helena      e da Mar&iacute;lia almo&ccedil;ando conosco. Pena que a Mar&iacute;lia      tenha mudado de hor&aacute;rio! Ainda bem que a Eliz&acirc;ngela voltou!<\/p>\n<p><b>SIST:<\/b> O que espera deste servi&ccedil;o no CECOM?<br \/>     <b>MICHELE:<\/b> Acredito que esse trabalho ser&aacute; a base de todo      o meu futuro no mercado profissional. A partir daqui &eacute; que tem      in&iacute;cio a minha experi&ecirc;ncia com p&uacute;blico e com o pr&oacute;prio      ambiente de trabalho. Enfim, tudo o que eu aprender aqui ser&aacute;      muito bem aproveitado. <\/p>\n<p><b>SIST:<\/b> Conta um pouco sobre voc&ecirc; e sua fam&iacute;lia.<br \/>     <b>MICHELE:<\/b> Somos cinco pessoas na minha fam&iacute;lia: minha m&atilde;e      Maria, meu pai Francisco, minha irm&atilde; Anna Paula, minha av&oacute;      D. Zorandyr e eu. Moramos num apartamento no Bairro Serrano. Meu pai      trabalha como vendedor de bombas de &aacute;gua e motores em uma firma      aqui na Pampulha. &Eacute; um pai daqueles bem coruja, sabe?! J&aacute;      minha m&atilde;e &eacute; um pouco mais liberal. &Eacute; m&atilde;e!      Minha irm&atilde; acabou de passar no vestibular da Newton de Paiva.      Tamb&eacute;m tenho um tio que trabalha no Centro Audiovisual da UFMG,      o Geg&ecirc; (como todos o chamam e conhecem). Ali&aacute;s, foi ele      o tio que me falou sobre as incri&ccedil;&otilde;es na Cruz Vermelha.<\/p>\n<p><b>SIST:<\/b> E os estudos?<br \/>     <b>MICHELE:<\/b> Estou no segundo ano do segundo grau e estudo atualmente      no Dom Orione. Digo atualmente porque minha vida mudou muito de uns      meses para c&aacute;. Eu morava em Santa Efig&ecirc;nia e estudava no      Instituto de Educa&ccedil;&atilde;o, mas mudei para o Serrano no come&ccedil;o      do ano. Coincidiu com a minha vinda para o CECOM e da&iacute; tive que      mudar de escola tamb&eacute;m, porque o Instituto ficou muito longe      para mim. Foi dif&iacute;cil ter que me adaptar a tantas mudan&ccedil;as      num per&iacute;odo t&atilde;o curto, ainda mais tendo estudado a minha      vida inteira no Instituto. Mas at&eacute; que eu me acostumei r&aacute;pido!<\/p>\n<p><b>SIST:<\/b> No seu tempo livre, o que gosta de fazer?<br \/>     <b>MICHELE:<\/b> N&atilde;o posso ver meus amigos durante a semana e      quase n&atilde;o vejo minha fam&iacute;lia, pois os hor&aacute;rios      n&atilde;o coincidem muito.Por isso prefiro passar meu tempo livre com      eles. &Agrave;s vezes, saio com meus amigos e, &agrave;s vezes, fico      em casa com a minha fam&iacute;lia.<\/p>\n<p><b>SIST:<\/b> Conta sobre seus sonhos.<br \/>     <b>MICHELE:<\/b> Pretendo me formar em Publicidade como minha irm&atilde;,      ou Turismo. Mas como o futuro a Deus pertence, ainda posso mudar de      id&eacute;ia. N&atilde;o sonho muito&#8230; Quero me formar e ter um emprego      seguro que possa trazer tranquilidade para mim e a meus pais. Se &eacute;      que isso &eacute; sonho! Prefiro dizer que s&atilde;o planos para o      futuro.<\/p>\n<p><b>SIST:<\/b> Quer dizer alguma coisa para o pessoal do CECOM?<br \/>     <b>MICHELE:<\/b> Como j&aacute; disse, ter vindo para c&aacute; foi um      presente de Deus! As pessoas s&atilde;o maravilhosas e com certeza eu      vou aprender muito mais com voc&ecirc;s. Agrade&ccedil;o as oportunidades      que est&atilde;o me oferecendo aqui e a paci&ecirc;ncia que est&atilde;o      tendo comigo. Espero corresponder &agrave;s expectativas de todos.Tenham      a certeza de que eu me esfor&ccedil;o para isso!<\/p>\n<p>Foi muito bom conversar com a Michele, que disse que tem uma hist&oacute;ria      ceconiana t&atilde;o pequenina quanto ela. Mas que esperava poder compartilh&aacute;-la      com todos. Esperamos corresponder tamb&eacute;m &agrave;s suas expectativas      e ajud&aacute;-la bastante neste in&iacute;cio de vida profissional.      E agradecemos a ela por estar entre n&oacute;s, com sua alegria e disposi&ccedil;&atilde;o      de aprender.<\/p>\n<p>    <\/span> <\/td>\n<\/tr>\n<tr>\n<td align=\"LEFT\" valign=\"TOP\"><\/td>\n<td align=\"LEFT\" valign=\"TOP\"><a name=\"ainformativo2\"><span class=\"titulo\">DICAS DE     SITES INTERESSANTES<\/span><\/a> <span class=\"texto\">     <\/p>\n<p>Adyrus, o ca&ccedil;ador de sites, enviou as seguintes dicas de sites:<\/p>\n<p>&#8211; Enquanto o MP3 continua pela Internet e com muita pol&ecirc;mica,      o REM vai em sua p&aacute;gina o &aacute;lbum r.e.m.IX. Como sugere      o nome, vem com diversas vers&otilde;es remixadas de m&uacute;sicas      da banda. Al&eacute;m das 10 m&uacute;sicas em MP3, voc&ecirc; pode      baixar at&eacute; os arquivos em PDF para imprimir e fazer a capa do      seu CD. O endere&ccedil;o &eacute;: <b>http:\/\/www.remhq.com\/flash\/index.html<\/b>.<\/p>\n<p>&#8211; Para quem gosta de m&uacute;sica e quer conhecer o ex-integrante      da banda Tit&atilde;s, Arnaldo Antunes, &eacute; s&oacute; apontar o      seu navegador para a p&aacute;gina oficial. A trajet&oacute;ria do m&uacute;sico      e tudo sobre sua carreira al&eacute;m de incluir a discografia completa      com livros, reportagens, agenda de shows e projetos paralelos, tem novidades,      fotos e at&eacute; um chat. Vale a pena conferir no endere&ccedil;o      <b>http:\/\/www.arnaldoantunes.com\/<\/b>.<\/p>\n<p>&#8211; Como &eacute; dif&iacute;cil imaginar nossa vida sem a luz! Mas foi      somente em 1879 que Thomas Edison finalmente conseguiu desenvolver a      l&acirc;mpada incandescente para uso pr&aacute;tico, ap&oacute;s centenas      de experi&ecirc;ncias. A p&aacute;gina Light traz a biografia desse      grande cientista, al&eacute;m de informa&ccedil;&otilde;es sobre a ci&ecirc;ncia,      a tecnologia, a hist&oacute;ria e a matem&aacute;tica da luz. A p&aacute;gina      explica a diferen&ccedil;a entre l&acirc;mpadas incandescentes, fluorescentes      e HID (comumente usadas nos postes) e mostra algumas experi&ecirc;ncias      simples e interessantes, incluindo a constru&ccedil;&atilde;o de uma      c&acirc;mera fotogr&aacute;fica rudimentar. Tem &aacute;rea de estudante      e professor. O endere&ccedil;o &eacute;: <b>http:\/\/www.gelighting.com\/na\/home\/gela\/index.htm<\/b>.      (Site em Ingl&ecirc;s)<\/p>\n<p>&#8211; Voc&ecirc; sabia que, em 1188, Frederico Barba-Roxa, imperador alem&atilde;o,      Filipe Augusto, rei da Fran&ccedil;a, e Ricardo Cora&ccedil;&atilde;o      de Le&atilde;o, rei da Inglaterra, organizaram uma Cruzada a pedido      do papa Greg&oacute;rio VIII? N&atilde;o? Nem eu. S&oacute; a partir      da leitura dessa p&aacute;gina &eacute; que descobri esta informa&ccedil;&atilde;o.      Voc&ecirc; encontrar&aacute; essas e outras informa&ccedil;&otilde;es      na p&aacute;gina de 1096 a 1270, que traz uma cronologia de fatos ocorridos      desde a Expans&atilde;o &Aacute;rabe at&eacute; o fim dos Estados Latinos      no Oriente, passando por todas as 8 cruzadas. Para quem gosta de hist&oacute;ria      &eacute; uma &oacute;tima dica. Visite <b>http:\/\/www.arqnet.pt\/portal\/universal\/cruzadas\/index.html<\/b>.<\/p>\n<p>&#8211; Sabe aquele material sobre inform&aacute;tica que voc&ecirc; precisa      e n&atilde;o acha na Web? Pois &eacute;. A p&aacute;gina http:\/\/www.agatetepe.com.br\/      re&uacute;ne uma excelente cole&ccedil;&atilde;o de tutoriais, dicas      e diversos tipos de documenta&ccedil;&atilde;o sobre inform&aacute;tica      divididos em categorias como utilit&aacute;rios, desenvolvimento, sistemas      operacionais, multim&iacute;dia, gr&aacute;ficos, cabeamento, redes,      linux etc. O endere&ccedil;o &eacute;: <b>http:\/\/www.agatetepe.com.br\/<\/b>.<\/p>\n<p>&#8211; O que n&atilde;o falta s&atilde;o lendas e mitos na hist&oacute;ria.      Para quem se interessa pelo assunto, a p&aacute;gina Bulfinch&acute;s      Mithology traz hist&oacute;rias e curiosidades sobre a Era da F&aacute;bula      (deuses e her&oacute;is, da Gr&eacute;cia e Roma antigas, como Prometeu,      Pandora, Minerva, Cupido, Pegasus, Perseus), a Era da Cavalaria (as      lendas do Rei Arthur e seus cavaleiros) e as Lendas de Carlos Magno      (romances da Idade M&eacute;dia). &#8220;Agora Merlin, de quem n&oacute;s      ouvimos falar tanto e ouviremos mais, era filho de nenhum pai mortal&#8230;&#8221;      Esta e outras est&oacute;rias ou hist&oacute;rias voc&ecirc; encontrar&aacute;      na p&aacute;gina <b>http:\/\/www.bulfinch.org\/<\/b>. (Site em Ingl&ecirc;s)<\/p>\n<p>&#8211; Desenvolvido em Flash, na p&aacute;gina <i>Papel Legal<\/i> voc&ecirc;      vai encontrar dezenas de &iacute;cones, cursores, temas, pap&eacute;is      de parede e protetores de tela, al&eacute;m de diversos utilit&aacute;rios      para download, incluindo um software que exibe um papel de parede diferente      (sorteado entre 15 de sua escolha) cada vez que voc&ecirc; liga o computador.      Para quem gosta de enfeitar o Windows &eacute; uma &oacute;tima dica.      Ah! tem mais: papel de parede com a raposa (Cruzeiro), coelho (Am&eacute;rica),      galo (Atl&eacute;tico) e como n&atilde;o poderia faltar o urubu (Flamengo),      filmes, natureza, animais, cartoons, personalidades etc. O endere&ccedil;o      &eacute;: <b>http:\/\/www.papelegal.com\/<\/b>.<\/p>\n<p>&#8211; Quando o Windows trava &eacute; aquele sufoco. Mensagens de erro      estranhas ou se o o drive de disquetes continua a ler um disco que n&atilde;o      est&aacute; no leitor? A p&aacute;gina <i>Ajuda Certa<\/i> ajuda a resolver      alguns problemas comuns dos computadores e oferece downloads, apostilas,      e dicas sobre ICQ, Flash, Linux e Windows. O endere&ccedil;o &eacute;:      <b>http:\/\/www.ajudacerta.com.br\/<\/b>.<\/p>\n<p>&#8211; O Linux vem ganhando mercado e algumas pessoas, que n&atilde;o trabalham      com inform&aacute;tica, n&atilde;o est&atilde;o sabendo disso. Mas para      quem administra sistemas, vale conferir a p&aacute;gina <i>UnderLinux<\/i>.      Artigos sobre diversos assuntos, informa&ccedil;&otilde;es sobre programa&ccedil;&atilde;o,      hardware, bancos de dados, proxy, sendmail, firewall, seguran&ccedil;a,      redes, protocolos, Apache, Linux e Free BSD, al&eacute;m de f&oacute;runs,      entrevistas e links interessantes para quem atua na &aacute;rea. O ender&ccedil;o      &eacute;: <b>http:\/\/www.underlinux.com.br\/<\/b>.<\/p>\n<p>&#8211; Apesar da p&aacute;gina ser em Ingl&ecirc;s, com fotos e informa&ccedil;&otilde;es      completas e variadas sobre diversos pontos tur&iacute;sticos e personagens      hist&oacute;ricos em 5 regi&otilde;es do planeta, <i>Geographia<\/i>      tem todas as informa&ccedil;&otilde;es para quem vai viajar. Em &#8220;Destinations&#8221;,      voc&ecirc; escolhe a op&ccedil;&atilde;o para conhecer a &Aacute;frica,      &Aacute;sia, Caribe, Europa ou Am&eacute;rica Latina. N&atilde;o deixe      de conferir a p&aacute;gina <b>http:\/\/www.interknowledge.com<\/b>\/.<\/p>\n<p>&#8211; Todo dia &eacute; dia de alguma coisa. Voc&ecirc; sabe o que se comemora      no dia 24\/07\/2002? N&atilde;o? Bem , 24 de julho, oito dias, tr&ecirc;s      horas e 18 minutos depois de ser lan&ccedil;ada ao espa&ccedil;o no      bico de um gigantesco Saturno 5, o maior foguete j&aacute; constru&iacute;do,      a pequena c&aacute;psula de comando da Apollo 11 mergulhou nas &aacute;guas      do Pac&iacute;fico Sul, na altura da Polin&eacute;sia. Uma das mais      antigas fantasias do homem, ir &agrave; Lua e voltar s&atilde;o e salvo,      tinha enfim se tornado realidade. Agora voc&ecirc; sabe n&eacute;. Fique      por dentro das comemora&ccedil;&otilde;es navegando na p&aacute;gina      <b>http:\/\/www.quediaehoje.net<\/b>. Voc&ecirc; pode fazer pesquisa por      data e navegar pelos canais.<\/p>\n<p>&#8211; A frase &eacute; proibido proibir vista de v&aacute;rias maneiras      com placas de todo o mundo. Muito legal. O endere&ccedil;o &eacute;:      <b>http:\/\/www.donotenter.com<\/b>. (Site em Ingl&ecirc;s)<\/p>\n<p>Para mudar um pouco as dicas de p&aacute;ginas pela Web, Adyr est&aacute;      incluindo, nesta edi&ccedil;&atilde;o, uma pequena mudan&ccedil;a para      que os leitores possam ficar por dentro de quase tudo que rola na Web.      S&atilde;o alguns artigos tirados de jornais que s&atilde;o publicados      na Web para maior conforto dos fi&eacute;is leitores do Sistem&aacute;tico.     <\/p>\n<p><b>China quer criar seu Windows &#8211;<\/b> O governo chin&ecirc;s anunciou      que deseja criar um sistema operacional semelhante ao Windows 98, segundo      o jornal local People&#8217;s Daily. O programa estar&aacute; pronto      em um ano e ser&aacute; compat&iacute;vel com o Office2000 e o editor      de texto Word. <br \/>     As faculdades chinesas j&aacute; est&atilde;o, gradualmente, recebendo      a primeira vers&atilde;o de um sistema operacional local, chamado de      Yangfan 1.0. <\/p>\n<p><b>Gr&atilde; Bretanha anuncia pol&iacute;tica para uso de programas      open source &#8211;<\/b> O governo brit&acirc;nico revelou ontem, seus planos      para a implementa&ccedil;&atilde;o de softwares de c&oacute;digo aberto      nas institui&ccedil;&otilde;es estatais. Segundo o Douglas Alexander,      ministro do Interior, &#8220;o objetivo &eacute; evitar solu&ccedil;&otilde;es      que prendam o estado a servi&ccedil;os e produtos propriet&aacute;rios&#8221;.      <br \/>     O texto da Open Source Software Policy Document afirma que o estado      usar&aacute; apenas programas que garantam interoperabilidade e que      usem padr&otilde;es e especifica&ccedil;&otilde;es abertas e estudar&aacute;      a possibilidade futura de adotar exclusivamente programas de c&oacute;digo      aberto. <br \/>     (Open Source Software Policy Document) <\/p>\n<p><b>Homem compra mais pela web que mulher <\/b>&#8211; As mulheres, que sempre      levaram fama de compradoras compulsivas, foram desbancadas pelo homens,      quando se trata de compras pela Internet. Uma pesquisa realizada pelo      site e-bit, mostrou que os homens gastaram cerca de 30% a mais do que      as mulheres em compras de com&eacute;rcio eletr&ocirc;nico no Brasil,      no primeiro semestre deste ano. <br \/>     Al&eacute;m de gastarem mais, os homens foram respons&aacute;veis por      60% das transa&ccedil;&otilde;es realizadas no pa&iacute;s no mesmo      per&iacute;odo. Os dados da pesquisa revelaram ainda que as mulheres      s&atilde;o mais cautelosas que os homens na hora da comprar na Internet,      pois preferem usar como forma de pagamento o boleto banc&aacute;rio.      (<i>Jornal do Brasil, 23\/07\/2002<\/i>)<\/p>\n<p>    <\/span> <\/td>\n<\/tr>\n<tr>\n<td align=\"LEFT\" valign=\"TOP\"><\/td>\n<td align=\"LEFT\" valign=\"TOP\"><a name=\"ainformativo3\"><span class=\"titulo\">MEM&Oacute;RIA     FOTOGR&Aacute;FICA DO CECOM<\/span><\/a> <span class=\"texto\">     <\/p>\n<p>A Festa de Natal do CECOM de 1995 foi realizada no Gr&ecirc;mio Espanhol,      no Bairro Xangril&aacute;, no dia 15 de dezembro. O churrasco contou      com a participa&ccedil;&atilde;o de ceconianos e seus familiares, al&eacute;m      de convidados. Verificando as fotografias deu para relembrar que, dias      antes, Ana L&uacute;cia, ent&atilde;o diretora da DAS, havia sofrido      um acidente na rampa da Reitoria, trincando o osso do tornozelo. Mas      nem por isso deixou de comparecer. Houve, tamb&eacute;m, o Parab&eacute;ns      pr&aacute; voc&ecirc; para Lu&iacute;sa, filha do M&aacute;rio e da      Gila, com direito a bolo e velas. Durante o churrasco, os loucos por      truco formaram duplas e jogaram a tarde toda. <\/p>\n<p>As fotos foram tiradas por Lel&eacute;.<\/p>\n<p align=\"center\"><img loading=\"lazy\" decoding=\"async\" src=\"https:\/\/www.ufmg.br\/dti\/wp-content\/uploads\/fotos\/FestNat951.jpg\" width=\"394\" height=\"272\"><\/p>\n<p align=\"center\"><font face=\"1\"><i>Uma vis&atilde;o da piscina e do clube<\/i><\/font><\/p>\n<p align=\"center\"><img loading=\"lazy\" decoding=\"async\" src=\"https:\/\/www.ufmg.br\/dti\/wp-content\/uploads\/fotos\/FestNat952.jpg\" width=\"431\" height=\"315\"><\/p>\n<p align=\"center\"><font face=\"1\"><i>Concei&ccedil;&atilde;o, Adyr, Rubens,      Regina e Helv&eacute;cio<\/i><\/font><\/p>\n<p align=\"center\"><img loading=\"lazy\" decoding=\"async\" src=\"https:\/\/www.ufmg.br\/dti\/wp-content\/uploads\/fotos\/FestNat953.jpg\" width=\"472\" height=\"325\"><\/p>\n<p align=\"center\"><font face=\"1\"><i>Ana L&uacute;cia, Raimundo, Gilmar,      Norberto, Helinho e Rog&eacute;rio. &Agrave; esquerda, ao fundo: Lobinho      e Nilson<\/i><\/font><\/p>\n<p align=\"center\"><img loading=\"lazy\" decoding=\"async\" src=\"https:\/\/www.ufmg.br\/dti\/wp-content\/uploads\/fotos\/FestNat954.jpg\" width=\"411\" height=\"253\"><\/p>\n<p align=\"center\"><font face=\"1\"><i>Dilma e Dojai<\/i><\/font><\/p>\n<p align=\"center\"><img loading=\"lazy\" decoding=\"async\" src=\"https:\/\/www.ufmg.br\/dti\/wp-content\/uploads\/fotos\/FestNat955.jpg\" width=\"210\" height=\"459\"><\/p>\n<p align=\"center\"><font face=\"1\"><i>Helinho e Luciene<\/i><\/font><\/p>\n<p align=\"center\"><img loading=\"lazy\" decoding=\"async\" src=\"https:\/\/www.ufmg.br\/dti\/wp-content\/uploads\/fotos\/FestNat956.jpg\" width=\"472\" height=\"222\"><\/p>\n<p align=\"center\"><font face=\"1\"><i>Ronaldo, Alri, Ana L&uacute;cia, L&iacute;sia,      Carlos Roberto e Le&atilde;o<\/i><\/font><\/p>\n<p align=\"center\"><img loading=\"lazy\" decoding=\"async\" src=\"https:\/\/www.ufmg.br\/dti\/wp-content\/uploads\/fotos\/FestNat957.jpg\" width=\"285\" height=\"394\"><\/p>\n<p align=\"center\"><font face=\"1\"><i>Matheus e Henrique, Bessa, Jader Batista      e Gerson. Mari&acirc;ngela ao fundo<\/i><\/font><\/p>\n<p align=\"center\"><img loading=\"lazy\" decoding=\"async\" src=\"https:\/\/www.ufmg.br\/dti\/wp-content\/uploads\/fotos\/FestNat958.jpg\" width=\"433\" height=\"270\"><\/p>\n<p align=\"center\"> <i><font face=\"1\">Jana&iacute;na, B&aacute;rbara, Murillo,      Marcelo, Ronaldo e Haroldo<\/font><\/i><\/p>\n<p align=\"center\"><img loading=\"lazy\" decoding=\"async\" src=\"https:\/\/www.ufmg.br\/dti\/wp-content\/uploads\/fotos\/FestNat959.jpg\" width=\"472\" height=\"235\"><\/p>\n<p align=\"center\"><font face=\"1\"><i>Lurdinha, Renato, Alda e Carlinhos.      Ao fundo:Luciene, Beth e B&aacute;rbara<\/i><\/font><\/p>\n<p>    <\/p>\n<p>    <\/span> <\/td>\n<\/tr>\n<p>  <!-- #EndEditable -->  <\/table>\n<p> <!-- fim noticias --> <!-- tabela ha 20 anos --> <\/p>\n<table border=\"0\" cellspacing=\"0\" cellpadding=\"0\" class=\"cinza\">\n<tr>\n<td><img loading=\"lazy\" decoding=\"async\" src=\"https:\/\/www.ufmg.br\/dti\/wp-content\/uploads\/imgs\/tudo_pixel.gif\" width=\"1\" height=\"1\" alt=\"\" border=\"0\"><\/td>\n<td><img loading=\"lazy\" decoding=\"async\" src=\"https:\/\/www.ufmg.br\/dti\/wp-content\/uploads\/imgs\/tudo_pixel.gif\" width=\"19\" height=\"1\" alt=\"\" border=\"0\"><\/td>\n<td><img loading=\"lazy\" decoding=\"async\" src=\"https:\/\/www.ufmg.br\/dti\/wp-content\/uploads\/imgs\/tudo_pixel.gif\" width=\"510\" height=\"1\" alt=\"\" border=\"0\"><\/td>\n<td><img loading=\"lazy\" decoding=\"async\" src=\"https:\/\/www.ufmg.br\/dti\/wp-content\/uploads\/imgs\/tudo_pixel.gif\" width=\"19\" height=\"1\" alt=\"\" border=\"0\"><\/td>\n<td><img loading=\"lazy\" decoding=\"async\" src=\"https:\/\/www.ufmg.br\/dti\/wp-content\/uploads\/imgs\/tudo_pixel.gif\" width=\"1\" height=\"1\" alt=\"\" border=\"0\"><\/td>\n<\/tr>\n<tr>\n<td class=\"vermelho\" colspan=\"5\"><img loading=\"lazy\" decoding=\"async\" src=\"https:\/\/www.ufmg.br\/dti\/wp-content\/uploads\/imgs\/tudo_pixel.gif\" width=\"1\" height=\"1\" alt=\"\" border=\"0\"><\/td>\n<\/tr>\n<tr>\n<td class=\"vermelho\"><img loading=\"lazy\" decoding=\"async\" src=\"https:\/\/www.ufmg.br\/dti\/wp-content\/uploads\/imgs\/tudo_pixel.gif\" width=\"1\" height=\"1\" alt=\"\" border=\"0\"><\/td>\n<td><img loading=\"lazy\" decoding=\"async\" src=\"https:\/\/www.ufmg.br\/dti\/wp-content\/uploads\/imgs\/tudo_pixel.gif\" width=\"1\" height=\"1\" alt=\"\" border=\"0\"><\/td>\n<td align=\"LEFT\" valign=\"TOP\"><!-- #BeginEditable \"ha 20 anos\" --><a name=\"ainformativo4\"><img loading=\"lazy\" decoding=\"async\" src=\"https:\/\/www.ufmg.br\/dti\/wp-content\/uploads\/imgs\/tudo_pixel.gif\" width=\"1\" height=\"8\" alt=\"\" border=\"0\"><br \/>    <span class=\"titulo\">H\u00e1 20 anos&#8230;<\/span><\/a> <span class=\"texto\">     <\/p>\n<p>O Sistem&aacute;tico Ano VI, no. 28, de 22\/07\/1982, publicou not&iacute;cias      sobre a Semana de Atualiza&ccedil;&atilde;o do Dirigente e Executivo      de Inform&aacute;tica, Concurso Agente de Portaria, viagem do prof.      Jo&atilde;o Carlos Pires Bauer, ao Rio de Janeiro, para reuni&atilde;o      com dirigentes da Finep, funcionamento do Sistema Burroughs 6700, entre      outras. A not&iacute;cia que se destacou foi:<\/p>\n<p><b>PALESTRA NA EMBRATEL<\/b><br \/>     <font face=\"1\">O prof. Jo&atilde;o Carlos Pires Bauer e Romildo Monte      participaram, na &uacute;ltima quinta-feira, dia 15, de uma palestra      no audit&oacute;rio da Embratel, em Belo Horizonte, sobre a rede de      comuta&ccedil;&atilde;o de pacotes que ser&aacute; implantada no Brasil      atrav&eacute;s de transfer&ecirc;ncia de tecnologia da rede Transpac      francesa.<br \/>     A mesma palestra foi apresentada por Romildo Monte para o Setor de Suporte,      na segunda-feira, dia 19<\/font>.<\/p>\n<p>    <\/span><!-- #EndEditable --><br \/>     <img loading=\"lazy\" decoding=\"async\" src=\"https:\/\/www.ufmg.br\/dti\/wp-content\/uploads\/imgs\/tudo_pixel.gif\" width=\"1\" height=\"8\" alt=\"\" border=\"0\"><\/td>\n<td><img loading=\"lazy\" decoding=\"async\" src=\"https:\/\/www.ufmg.br\/dti\/wp-content\/uploads\/imgs\/tudo_pixel.gif\" width=\"1\" height=\"1\" alt=\"\" border=\"0\"><\/td>\n<td class=\"vermelho\"><img loading=\"lazy\" decoding=\"async\" src=\"https:\/\/www.ufmg.br\/dti\/wp-content\/uploads\/imgs\/tudo_pixel.gif\" width=\"1\" height=\"1\" alt=\"\" border=\"0\"><\/td>\n<\/tr>\n<tr>\n<td class=\"vermelho\" colspan=\"5\"><img loading=\"lazy\" decoding=\"async\" src=\"https:\/\/www.ufmg.br\/dti\/wp-content\/uploads\/imgs\/tudo_pixel.gif\" width=\"1\" height=\"1\" alt=\"\" border=\"0\"><\/td>\n<\/tr>\n<\/table>\n<p> <!-- fim tabela ha 20 anos --><\/div>\n<p><a name='eventos'><\/a><\/p>\n<h4>Eventos<\/h4>\n<div class=\"centro-sistematico\">  <!-- noticias --> <\/p>\n<table border=\"0\" cellspacing=\"0\" cellpadding=\"0\">\n<tr>\n<td><\/td>\n<td><\/td>\n<\/tr>\n<p>  <!-- #BeginEditable \"materias\" -->   <\/p>\n<tr>\n<td align=\"LEFT\" valign=\"TOP\"><\/td>\n<td align=\"LEFT\" valign=\"TOP\"> <a name=\"aeventos1\"><span class=\"titulo\">CURSO DE     FOTOGRAFIA<\/span><\/a> <span class=\"texto\">     <\/p>\n<p>In&iacute;cio: 1a. quinzena de agosto. Aulas: 2a. e 4a., de 19:15 &agrave;s      21:00. Dura&ccedil;&atilde;o: 4 semanas. Contato: 3261-2712\/9984-0584,      com Cristina.<\/p>\n<p>    <\/span> <\/td>\n<\/tr>\n<tr>\n<td align=\"LEFT\" valign=\"TOP\"><\/td>\n<td align=\"LEFT\" valign=\"TOP\"><a name=\"aeventos2\"><span class=\"titulo\">SOCIAIS<\/span><\/a>     <span class=\"texto\">     <\/p>\n<p><b>ANIVERS&Aacute;RIOS:<\/b> &#8220;O Sistem&aacute;tico&#8221; envia      os parab&eacute;ns para Jo&atilde;o Paulo Rodrigues da Costa, aniversariante      de hoje, dia 25; e Haroldo Alves, no dia 27. E os parab&eacute;ns, tamb&eacute;m,      para Eliane Pawlowiski, no dia 31, e Clarindo Isa&iacute;as Pereira      da Silva e P&aacute;dua (DCC), no dia 1o. de agosto.<\/p>\n<p>    <\/span>    <\/td>\n<\/tr>\n<p>  <!-- #EndEditable -->  <\/table>\n<p> <!-- fim noticias --><\/div>\n","protected":false},"excerpt":{"rendered":"<p>Not\u00edcias ATUALIZA&Ccedil;&Atilde;O DE SERVIDORES DE REDES ADMINISTRATIVAS SICCA E SISTEMA DE PATRIM&Ocirc;NIO NOVO PADR&Atilde;O PARA AMBIENTE DE MICROS DA REDE ADMINISTRATIVA AMBIENTE F&Iacute;SICO PARA O DESENVOLVIMENTO DO NOVO SISTEMA ACAD&Ecirc;MICO Informativo Genteware DICAS DE SITES INTERESSANTES MEM&Oacute;RIA FOTOGR&Aacute;FICA DO CECOM H\u00e1 20 anos&#8230; Eventos CURSO DE FOTOGRAFIA SOCIAIS Not\u00edcias ATUALIZA&Ccedil;&Atilde;O DE SERVIDORES DE REDES ADMINISTRATIVAS &#8230; <a title=\"Sistem\u00e1tico: Edi\u00e7\u00e3o 1119 &#8211; 25\/07\/2002\" class=\"read-more\" href=\"https:\/\/www.ufmg.br\/dti\/2002\/07\/25\/sistematico-edicao-1119-25072002\/\" aria-label=\"Read more about Sistem\u00e1tico: Edi\u00e7\u00e3o 1119 &#8211; 25\/07\/2002\">Ler mais<\/a><\/p>\n","protected":false},"author":3,"featured_media":0,"comment_status":"open","ping_status":"open","sticky":false,"template":"","format":"standard","meta":{"inline_featured_image":false,"footnotes":""},"categories":[13],"tags":[],"coauthors":[79],"class_list":["post-3234","post","type-post","status-publish","format-standard","hentry","category-sistematico"],"_links":{"self":[{"href":"https:\/\/www.ufmg.br\/dti\/wp-json\/wp\/v2\/posts\/3234","targetHints":{"allow":["GET"]}}],"collection":[{"href":"https:\/\/www.ufmg.br\/dti\/wp-json\/wp\/v2\/posts"}],"about":[{"href":"https:\/\/www.ufmg.br\/dti\/wp-json\/wp\/v2\/types\/post"}],"author":[{"embeddable":true,"href":"https:\/\/www.ufmg.br\/dti\/wp-json\/wp\/v2\/users\/3"}],"replies":[{"embeddable":true,"href":"https:\/\/www.ufmg.br\/dti\/wp-json\/wp\/v2\/comments?post=3234"}],"version-history":[{"count":0,"href":"https:\/\/www.ufmg.br\/dti\/wp-json\/wp\/v2\/posts\/3234\/revisions"}],"wp:attachment":[{"href":"https:\/\/www.ufmg.br\/dti\/wp-json\/wp\/v2\/media?parent=3234"}],"wp:term":[{"taxonomy":"category","embeddable":true,"href":"https:\/\/www.ufmg.br\/dti\/wp-json\/wp\/v2\/categories?post=3234"},{"taxonomy":"post_tag","embeddable":true,"href":"https:\/\/www.ufmg.br\/dti\/wp-json\/wp\/v2\/tags?post=3234"},{"taxonomy":"author","embeddable":true,"href":"https:\/\/www.ufmg.br\/dti\/wp-json\/wp\/v2\/coauthors?post=3234"}],"curies":[{"name":"wp","href":"https:\/\/api.w.org\/{rel}","templated":true}]}}